{"id":33524,"date":"2023-04-02T19:43:00","date_gmt":"2023-04-02T22:43:00","guid":{"rendered":"https:\/\/newsinfoco.com.br\/inicio\/?p=33524"},"modified":"2023-04-02T19:43:00","modified_gmt":"2023-04-02T22:43:00","slug":"na-proxima-segunda-feira-03-comecam-as-inscricoes-para-membros-do-conselho-tutelar-quadrienio-2024-2027","status":"publish","type":"post","link":"https:\/\/newsinfoco.com.br\/inicio\/na-proxima-segunda-feira-03-comecam-as-inscricoes-para-membros-do-conselho-tutelar-quadrienio-2024-2027\/","title":{"rendered":"Na pr\u00f3xima segunda-feira (03) come\u00e7am as inscri\u00e7\u00f5es para membros do Conselho Tutelar (quadri\u00eanio 2024-2027)"},"content":{"rendered":"<p>A partir de segunda-feira, 03 de abril, estar\u00e3o abertas as inscri\u00e7\u00f5es para candidaturas a Conselheiros Tutelares do munic\u00edpio, para o quadri\u00eanio 2024-2027. Foi publicado no Di\u00e1rio Oficial desta sexta-feira (31), o Edital N\u00ba 001\/2023 que rege o processo eleitoral. O documento foi devidamente aprovado pelo Conselho Municipal dos Direitos da Crian\u00e7a e do Adolescente, que tamb\u00e9m designou a Comiss\u00e3o Organizadora, formada por representantes da sociedade civil e do Governo. A mesma contar\u00e1 com o apoio t\u00e9cnico, administrativo, log\u00edstico e jur\u00eddico da Secretaria Municipal de Assist\u00eancia Social (SEMAS).<\/p>\n<p>As inscri\u00e7\u00f5es para conselheiros tutelares ficar\u00e3o abertas no per\u00edodo de 8h do dia 03\/04\/2023 \u00e0s 23h59min do dia 24\/04\/2023. Os candidatos dever\u00e3o preencher o formul\u00e1rio dispon\u00edvel no seguinte endere\u00e7o eletr\u00f4nico:\u00a0<a href=\"https:\/\/www.alagoinhas.ba.gov.br\/eleicaoct\">www.alagoinhas.ba.gov.br\/eleicaoct<\/a><\/p>\n<p>O Conselho Tutelar \u00e9 um \u00f3rg\u00e3o permanente, aut\u00f4nomo, n\u00e3o jurisdicional, integrante da administra\u00e7\u00e3o municipal, encarregado de zelar pelo cumprimento dos direitos da crian\u00e7a e do adolescente, de acordo ao estabelecido pela Lei Federal 8.069\/90 \u2013 Estatuto da Crian\u00e7a e do Adolescente. Ser\u00e3o eleitos 10 Conselheiros Tutelares titulares, sendo 05 vagas destinadas a cada colegiado. O Conselheiro Tutelar ter\u00e1 remunera\u00e7\u00e3o mensal de R$ 3.300,00.<\/p>\n<p>O cidad\u00e3o que queira candidatar-se \u00e0 fun\u00e7\u00e3o dever\u00e1 ser pessoa de reconhecida idoneidade moral comprovada por folhas e certid\u00f5es de antecedentes c\u00edveis e criminais expedidas pelas Justi\u00e7as Estadual, Federal e Militar; ter idade superior a vinte e um anos, comprovada por meio da apresenta\u00e7\u00e3o do documento de identidade ou por outro documento oficial de identifica\u00e7\u00e3o; residir no munic\u00edpio h\u00e1, pelo menos, 2 (dois) anos; ter conclu\u00eddo o ensino m\u00e9dio para participar do processo de escolha em 2023; estar no gozo de seus direitos pol\u00edticos; apresentar quita\u00e7\u00e3o com as obriga\u00e7\u00f5es militares, se do sexo masculino; n\u00e3o ter sido penalizado com a destitui\u00e7\u00e3o da fun\u00e7\u00e3o de conselheiro tutelar nos \u00faltimos cinco anos; submeter-se \u00e0 prova de conhecimento sobre o direito da crian\u00e7a e do adolescente, de car\u00e1ter eliminat\u00f3rio; e submeter-se \u00e0 avalia\u00e7\u00e3o psicol\u00f3gica, tamb\u00e9m em car\u00e1ter eliminat\u00f3rio.<\/p>\n<p>Todo o processo de escolha dos conselheiros tutelares ser\u00e1 realizado sob a fiscaliza\u00e7\u00e3o do Minist\u00e9rio P\u00fablico, composto por 04 etapas:<\/p>\n<p>I. Inscri\u00e7\u00e3o dos candidatos;<\/p>\n<p>II. Prova de aferi\u00e7\u00e3o de conhecimento gerais e espec\u00edficos;<\/p>\n<p>III. Avalia\u00e7\u00e3o psicol\u00f3gica;<\/p>\n<p>IV. Elei\u00e7\u00e3o dos candidatos por meio de sufr\u00e1gio universal e direto, pelo voto facultativo e secreto dos eleitores cadastrados no Munic\u00edpio perante a Justi\u00e7a Eleitoral .<\/p>\n<p>A campanha eleitoral ter\u00e1 in\u00edcio ap\u00f3s a publica\u00e7\u00e3o da edi\u00e7\u00e3o do Di\u00e1rio Oficial do Munic\u00edpio do dia 07 de julho de 2023 e a reuni\u00e3o que ser\u00e1 realizada no dia 05 de julho, na qual a Comiss\u00e3o Organizadora dever\u00e1 dar conhecimento formal das regras do processo eleitoral aos candidatos habilitados.<\/p>\n<p>Integram a Comiss\u00e3o Organizadora para o processo de escolha dos membros do Conselho Tutelar do Munic\u00edpio de Alagoinhas\/BA, os seguintes conselheiros:<\/p>\n<p>I \u2013 B\u00e1rbara de Carvalho Lima \u2013 Representante da Sociedade Civil;<\/p>\n<p>II \u2013 Ana Carolina Azi Silva Reis \u2013 Representante da Sociedade Civil;<\/p>\n<p>III \u2013 Edlam de Souza Santos \u2013 Representante governamental;<\/p>\n<p>IV \u2013 Laize Maria Santos Costa \u2013 Representante governamental.<\/p>\n<p>Para mais detalhes, acesso o edital\u00a0<a href=\"https:\/\/www.alagoinhas.ba.gov.br\/wp-content\/uploads\/2023\/03\/EDITAL-CMDCA-001-23-PROCESSO-SELETIVO-CONSELHO-TUTELAR-2024-2027.pdf\">AQUI<\/a><\/p>\n<div class='share-to-whatsapp-wrapper'><div class='share-on-whsp'>Share on: <\/div><a data-text='Na pr\u00f3xima segunda-feira (03) come\u00e7am as inscri\u00e7\u00f5es para membros do Conselho Tutelar (quadri\u00eanio 2024-2027)' data-link='https:\/\/newsinfoco.com.br\/inicio\/na-proxima-segunda-feira-03-comecam-as-inscricoes-para-membros-do-conselho-tutelar-quadrienio-2024-2027\/' class='whatsapp-button whatsapp-share'>WhatsApp<\/a><div class='clear '><\/div><\/div>","protected":false},"excerpt":{"rendered":"<p>A partir de segunda-feira, 03 de abril, estar\u00e3o abertas as inscri\u00e7\u00f5es para candidaturas a Conselheiros Tutelares do munic\u00edpio, para o quadri\u00eanio 2024-2027. Foi publicado no Di\u00e1rio Oficial desta sexta-feira (31), o Edital N\u00ba 001\/2023 que rege o processo eleitoral. O documento foi devidamente aprovado pelo Conselho Municipal dos Direitos da Crian\u00e7a e do Adolescente, que [&hellip;]<\/p>\n","protected":false},"author":1,"featured_media":19752,"comment_status":"closed","ping_status":"closed","sticky":false,"template":"","format":"standard","meta":{"om_disable_all_campaigns":false,"rop_custom_images_group":[],"rop_custom_messages_group":[],"rop_publish_now":"initial","rop_publish_now_accounts":[],"rop_publish_now_history":[],"rop_publish_now_status":"pending","_exactmetrics_skip_tracking":false,"footnotes":""},"categories":[38,167],"tags":[],"class_list":["post-33524","post","type-post","status-publish","format-standard","has-post-thumbnail","hentry","category-alagoinhas-e-regiao","category-exclusivas"],"aioseo_notices":[],"aioseo_head":"\n\t\t<!-- All in One SEO 4.9.10 - aioseo.com -->\n\t<meta name=\"description\" content=\"A partir de segunda-feira, 03 de abril, estar\u00e3o abertas as inscri\u00e7\u00f5es para candidaturas a Conselheiros Tutelares do munic\u00edpio, para o quadri\u00eanio 2024-2027. Foi publicado no Di\u00e1rio Oficial desta sexta-feira (31), o Edital N\u00ba 001\/2023 que rege o processo eleitoral. O documento foi devidamente aprovado pelo Conselho Municipal dos Direitos da Crian\u00e7a e do Adolescente, que\" \/>\n\t<meta name=\"robots\" content=\"max-image-preview:large\" \/>\n\t<meta name=\"author\" content=\"administrador\"\/>\n\t<link rel=\"canonical\" href=\"https:\/\/newsinfoco.com.br\/inicio\/na-proxima-segunda-feira-03-comecam-as-inscricoes-para-membros-do-conselho-tutelar-quadrienio-2024-2027\/\" \/>\n\t<meta name=\"generator\" content=\"All in One SEO (AIOSEO) 4.9.10\" \/>\n\t\t<meta property=\"og:locale\" content=\"pt_BR\" \/>\n\t\t<meta property=\"og:site_name\" content=\"News In Foco - Editado por Caio Pimenta - O principal site de noticias de Alagoinhas e regi\u00e3o\" \/>\n\t\t<meta property=\"og:type\" content=\"article\" \/>\n\t\t<meta property=\"og:title\" content=\"Na pr\u00f3xima segunda-feira (03) come\u00e7am as inscri\u00e7\u00f5es para membros do Conselho Tutelar (quadri\u00eanio 2024-2027) - News In Foco - Editado por Caio Pimenta\" \/>\n\t\t<meta property=\"og:description\" content=\"A partir de segunda-feira, 03 de abril, estar\u00e3o abertas as inscri\u00e7\u00f5es para candidaturas a Conselheiros Tutelares do munic\u00edpio, para o quadri\u00eanio 2024-2027. Foi publicado no Di\u00e1rio Oficial desta sexta-feira (31), o Edital N\u00ba 001\/2023 que rege o processo eleitoral. O documento foi devidamente aprovado pelo Conselho Municipal dos Direitos da Crian\u00e7a e do Adolescente, que\" \/>\n\t\t<meta property=\"og:url\" content=\"https:\/\/newsinfoco.com.br\/inicio\/na-proxima-segunda-feira-03-comecam-as-inscricoes-para-membros-do-conselho-tutelar-quadrienio-2024-2027\/\" \/>\n\t\t<meta property=\"article:published_time\" content=\"2023-04-02T22:43:00+00:00\" \/>\n\t\t<meta property=\"article:modified_time\" content=\"2023-04-02T22:43:00+00:00\" \/>\n\t\t<meta name=\"twitter:card\" content=\"summary_large_image\" \/>\n\t\t<meta name=\"twitter:title\" content=\"Na pr\u00f3xima segunda-feira (03) come\u00e7am as inscri\u00e7\u00f5es para membros do Conselho Tutelar (quadri\u00eanio 2024-2027) - News In Foco - Editado por Caio Pimenta\" \/>\n\t\t<meta name=\"twitter:description\" content=\"A partir de segunda-feira, 03 de abril, estar\u00e3o abertas as inscri\u00e7\u00f5es para candidaturas a Conselheiros Tutelares do munic\u00edpio, para o quadri\u00eanio 2024-2027. Foi publicado no Di\u00e1rio Oficial desta sexta-feira (31), o Edital N\u00ba 001\/2023 que rege o processo eleitoral. O documento foi devidamente aprovado pelo Conselho Municipal dos Direitos da Crian\u00e7a e do Adolescente, que\" \/>\n\t\t<script type=\"application\/ld+json\" class=\"aioseo-schema\">\n\t\t\t{\"@context\":\"https:\\\/\\\/schema.org\",\"@graph\":[{\"@type\":\"BlogPosting\",\"@id\":\"https:\\\/\\\/newsinfoco.com.br\\\/inicio\\\/na-proxima-segunda-feira-03-comecam-as-inscricoes-para-membros-do-conselho-tutelar-quadrienio-2024-2027\\\/#blogposting\",\"name\":\"Na pr\\u00f3xima segunda-feira (03) come\\u00e7am as inscri\\u00e7\\u00f5es para membros do Conselho Tutelar (quadri\\u00eanio 2024-2027) - News In Foco - Editado por Caio Pimenta\",\"headline\":\"Na pr\\u00f3xima segunda-feira (03) come\\u00e7am as inscri\\u00e7\\u00f5es para membros do Conselho Tutelar (quadri\\u00eanio 2024-2027)\",\"author\":{\"@id\":\"https:\\\/\\\/newsinfoco.com.br\\\/inicio\\\/author\\\/administrador\\\/#author\"},\"publisher\":{\"@id\":\"https:\\\/\\\/newsinfoco.com.br\\\/inicio\\\/#organization\"},\"image\":{\"@type\":\"ImageObject\",\"url\":\"https:\\\/\\\/newsinfoco.com.br\\\/inicio\\\/wp-content\\\/uploads\\\/2020\\\/01\\\/conselho-tutelar2-901x1024-1.jpeg\",\"width\":901,\"height\":1024},\"datePublished\":\"2023-04-02T19:43:00-03:00\",\"dateModified\":\"2023-04-02T19:43:00-03:00\",\"inLanguage\":\"pt-BR\",\"mainEntityOfPage\":{\"@id\":\"https:\\\/\\\/newsinfoco.com.br\\\/inicio\\\/na-proxima-segunda-feira-03-comecam-as-inscricoes-para-membros-do-conselho-tutelar-quadrienio-2024-2027\\\/#webpage\"},\"isPartOf\":{\"@id\":\"https:\\\/\\\/newsinfoco.com.br\\\/inicio\\\/na-proxima-segunda-feira-03-comecam-as-inscricoes-para-membros-do-conselho-tutelar-quadrienio-2024-2027\\\/#webpage\"},\"articleSection\":\"Alagoinhas e Regi\\u00e3o, Manchete\"},{\"@type\":\"BreadcrumbList\",\"@id\":\"https:\\\/\\\/newsinfoco.com.br\\\/inicio\\\/na-proxima-segunda-feira-03-comecam-as-inscricoes-para-membros-do-conselho-tutelar-quadrienio-2024-2027\\\/#breadcrumblist\",\"itemListElement\":[{\"@type\":\"ListItem\",\"@id\":\"https:\\\/\\\/newsinfoco.com.br\\\/inicio#listItem\",\"position\":1,\"name\":\"In\\u00edcio\",\"item\":\"https:\\\/\\\/newsinfoco.com.br\\\/inicio\",\"nextItem\":{\"@type\":\"ListItem\",\"@id\":\"https:\\\/\\\/newsinfoco.com.br\\\/inicio\\\/category\\\/alagoinhas-e-regiao\\\/#listItem\",\"name\":\"Alagoinhas e Regi\\u00e3o\"}},{\"@type\":\"ListItem\",\"@id\":\"https:\\\/\\\/newsinfoco.com.br\\\/inicio\\\/category\\\/alagoinhas-e-regiao\\\/#listItem\",\"position\":2,\"name\":\"Alagoinhas e Regi\\u00e3o\",\"item\":\"https:\\\/\\\/newsinfoco.com.br\\\/inicio\\\/category\\\/alagoinhas-e-regiao\\\/\",\"nextItem\":{\"@type\":\"ListItem\",\"@id\":\"https:\\\/\\\/newsinfoco.com.br\\\/inicio\\\/na-proxima-segunda-feira-03-comecam-as-inscricoes-para-membros-do-conselho-tutelar-quadrienio-2024-2027\\\/#listItem\",\"name\":\"Na pr\\u00f3xima segunda-feira (03) come\\u00e7am as inscri\\u00e7\\u00f5es para membros do Conselho Tutelar (quadri\\u00eanio 2024-2027)\"},\"previousItem\":{\"@type\":\"ListItem\",\"@id\":\"https:\\\/\\\/newsinfoco.com.br\\\/inicio#listItem\",\"name\":\"In\\u00edcio\"}},{\"@type\":\"ListItem\",\"@id\":\"https:\\\/\\\/newsinfoco.com.br\\\/inicio\\\/na-proxima-segunda-feira-03-comecam-as-inscricoes-para-membros-do-conselho-tutelar-quadrienio-2024-2027\\\/#listItem\",\"position\":3,\"name\":\"Na pr\\u00f3xima segunda-feira (03) come\\u00e7am as inscri\\u00e7\\u00f5es para membros do Conselho Tutelar (quadri\\u00eanio 2024-2027)\",\"previousItem\":{\"@type\":\"ListItem\",\"@id\":\"https:\\\/\\\/newsinfoco.com.br\\\/inicio\\\/category\\\/alagoinhas-e-regiao\\\/#listItem\",\"name\":\"Alagoinhas e Regi\\u00e3o\"}}]},{\"@type\":\"Organization\",\"@id\":\"https:\\\/\\\/newsinfoco.com.br\\\/inicio\\\/#organization\",\"name\":\"News In Foco - Editado por Caio Pimenta\",\"description\":\"O principal site de noticias de Alagoinhas e regi\\u00e3o\",\"url\":\"https:\\\/\\\/newsinfoco.com.br\\\/inicio\\\/\"},{\"@type\":\"Person\",\"@id\":\"https:\\\/\\\/newsinfoco.com.br\\\/inicio\\\/author\\\/administrador\\\/#author\",\"url\":\"https:\\\/\\\/newsinfoco.com.br\\\/inicio\\\/author\\\/administrador\\\/\",\"name\":\"administrador\",\"image\":{\"@type\":\"ImageObject\",\"@id\":\"https:\\\/\\\/newsinfoco.com.br\\\/inicio\\\/na-proxima-segunda-feira-03-comecam-as-inscricoes-para-membros-do-conselho-tutelar-quadrienio-2024-2027\\\/#authorImage\",\"url\":\"https:\\\/\\\/secure.gravatar.com\\\/avatar\\\/c17a617433de8c1dc9584bb79aab7563b46f5bb7e1728c9b17d9cc3ce6a08e49?s=96&d=mm&r=g\",\"width\":96,\"height\":96,\"caption\":\"administrador\"}},{\"@type\":\"WebPage\",\"@id\":\"https:\\\/\\\/newsinfoco.com.br\\\/inicio\\\/na-proxima-segunda-feira-03-comecam-as-inscricoes-para-membros-do-conselho-tutelar-quadrienio-2024-2027\\\/#webpage\",\"url\":\"https:\\\/\\\/newsinfoco.com.br\\\/inicio\\\/na-proxima-segunda-feira-03-comecam-as-inscricoes-para-membros-do-conselho-tutelar-quadrienio-2024-2027\\\/\",\"name\":\"Na pr\\u00f3xima segunda-feira (03) come\\u00e7am as inscri\\u00e7\\u00f5es para membros do Conselho Tutelar (quadri\\u00eanio 2024-2027) - News In Foco - Editado por Caio Pimenta\",\"description\":\"A partir de segunda-feira, 03 de abril, estar\\u00e3o abertas as inscri\\u00e7\\u00f5es para candidaturas a Conselheiros Tutelares do munic\\u00edpio, para o quadri\\u00eanio 2024-2027. Foi publicado no Di\\u00e1rio Oficial desta sexta-feira (31), o Edital N\\u00ba 001\\\/2023 que rege o processo eleitoral. O documento foi devidamente aprovado pelo Conselho Municipal dos Direitos da Crian\\u00e7a e do Adolescente, que\",\"inLanguage\":\"pt-BR\",\"isPartOf\":{\"@id\":\"https:\\\/\\\/newsinfoco.com.br\\\/inicio\\\/#website\"},\"breadcrumb\":{\"@id\":\"https:\\\/\\\/newsinfoco.com.br\\\/inicio\\\/na-proxima-segunda-feira-03-comecam-as-inscricoes-para-membros-do-conselho-tutelar-quadrienio-2024-2027\\\/#breadcrumblist\"},\"author\":{\"@id\":\"https:\\\/\\\/newsinfoco.com.br\\\/inicio\\\/author\\\/administrador\\\/#author\"},\"creator\":{\"@id\":\"https:\\\/\\\/newsinfoco.com.br\\\/inicio\\\/author\\\/administrador\\\/#author\"},\"image\":{\"@type\":\"ImageObject\",\"url\":\"https:\\\/\\\/newsinfoco.com.br\\\/inicio\\\/wp-content\\\/uploads\\\/2020\\\/01\\\/conselho-tutelar2-901x1024-1.jpeg\",\"@id\":\"https:\\\/\\\/newsinfoco.com.br\\\/inicio\\\/na-proxima-segunda-feira-03-comecam-as-inscricoes-para-membros-do-conselho-tutelar-quadrienio-2024-2027\\\/#mainImage\",\"width\":901,\"height\":1024},\"primaryImageOfPage\":{\"@id\":\"https:\\\/\\\/newsinfoco.com.br\\\/inicio\\\/na-proxima-segunda-feira-03-comecam-as-inscricoes-para-membros-do-conselho-tutelar-quadrienio-2024-2027\\\/#mainImage\"},\"datePublished\":\"2023-04-02T19:43:00-03:00\",\"dateModified\":\"2023-04-02T19:43:00-03:00\"},{\"@type\":\"WebSite\",\"@id\":\"https:\\\/\\\/newsinfoco.com.br\\\/inicio\\\/#website\",\"url\":\"https:\\\/\\\/newsinfoco.com.br\\\/inicio\\\/\",\"name\":\"News In Foco - Editado por Caio Pimenta\",\"description\":\"O principal site de noticias de Alagoinhas e regi\\u00e3o\",\"inLanguage\":\"pt-BR\",\"publisher\":{\"@id\":\"https:\\\/\\\/newsinfoco.com.br\\\/inicio\\\/#organization\"}}]}\n\t\t<\/script>\n\t\t<!-- All in One SEO -->\n\n","aioseo_head_json":{"title":"Na pr\u00f3xima segunda-feira (03) come\u00e7am as inscri\u00e7\u00f5es para membros do Conselho Tutelar (quadri\u00eanio 2024-2027) - News In Foco - Editado por Caio Pimenta","description":"A partir de segunda-feira, 03 de abril, estar\u00e3o abertas as inscri\u00e7\u00f5es para candidaturas a Conselheiros Tutelares do munic\u00edpio, para o quadri\u00eanio 2024-2027. Foi publicado no Di\u00e1rio Oficial desta sexta-feira (31), o Edital N\u00ba 001\/2023 que rege o processo eleitoral. O documento foi devidamente aprovado pelo Conselho Municipal dos Direitos da Crian\u00e7a e do Adolescente, que","canonical_url":"https:\/\/newsinfoco.com.br\/inicio\/na-proxima-segunda-feira-03-comecam-as-inscricoes-para-membros-do-conselho-tutelar-quadrienio-2024-2027\/","robots":"max-image-preview:large","keywords":"","webmasterTools":{"miscellaneous":""},"schema":{"@context":"https:\/\/schema.org","@graph":[{"@type":"BlogPosting","@id":"https:\/\/newsinfoco.com.br\/inicio\/na-proxima-segunda-feira-03-comecam-as-inscricoes-para-membros-do-conselho-tutelar-quadrienio-2024-2027\/#blogposting","name":"Na pr\u00f3xima segunda-feira (03) come\u00e7am as inscri\u00e7\u00f5es para membros do Conselho Tutelar (quadri\u00eanio 2024-2027) - News In Foco - Editado por Caio Pimenta","headline":"Na pr\u00f3xima segunda-feira (03) come\u00e7am as inscri\u00e7\u00f5es para membros do Conselho Tutelar (quadri\u00eanio 2024-2027)","author":{"@id":"https:\/\/newsinfoco.com.br\/inicio\/author\/administrador\/#author"},"publisher":{"@id":"https:\/\/newsinfoco.com.br\/inicio\/#organization"},"image":{"@type":"ImageObject","url":"https:\/\/newsinfoco.com.br\/inicio\/wp-content\/uploads\/2020\/01\/conselho-tutelar2-901x1024-1.jpeg","width":901,"height":1024},"datePublished":"2023-04-02T19:43:00-03:00","dateModified":"2023-04-02T19:43:00-03:00","inLanguage":"pt-BR","mainEntityOfPage":{"@id":"https:\/\/newsinfoco.com.br\/inicio\/na-proxima-segunda-feira-03-comecam-as-inscricoes-para-membros-do-conselho-tutelar-quadrienio-2024-2027\/#webpage"},"isPartOf":{"@id":"https:\/\/newsinfoco.com.br\/inicio\/na-proxima-segunda-feira-03-comecam-as-inscricoes-para-membros-do-conselho-tutelar-quadrienio-2024-2027\/#webpage"},"articleSection":"Alagoinhas e Regi\u00e3o, Manchete"},{"@type":"BreadcrumbList","@id":"https:\/\/newsinfoco.com.br\/inicio\/na-proxima-segunda-feira-03-comecam-as-inscricoes-para-membros-do-conselho-tutelar-quadrienio-2024-2027\/#breadcrumblist","itemListElement":[{"@type":"ListItem","@id":"https:\/\/newsinfoco.com.br\/inicio#listItem","position":1,"name":"In\u00edcio","item":"https:\/\/newsinfoco.com.br\/inicio","nextItem":{"@type":"ListItem","@id":"https:\/\/newsinfoco.com.br\/inicio\/category\/alagoinhas-e-regiao\/#listItem","name":"Alagoinhas e Regi\u00e3o"}},{"@type":"ListItem","@id":"https:\/\/newsinfoco.com.br\/inicio\/category\/alagoinhas-e-regiao\/#listItem","position":2,"name":"Alagoinhas e Regi\u00e3o","item":"https:\/\/newsinfoco.com.br\/inicio\/category\/alagoinhas-e-regiao\/","nextItem":{"@type":"ListItem","@id":"https:\/\/newsinfoco.com.br\/inicio\/na-proxima-segunda-feira-03-comecam-as-inscricoes-para-membros-do-conselho-tutelar-quadrienio-2024-2027\/#listItem","name":"Na pr\u00f3xima segunda-feira (03) come\u00e7am as inscri\u00e7\u00f5es para membros do Conselho Tutelar (quadri\u00eanio 2024-2027)"},"previousItem":{"@type":"ListItem","@id":"https:\/\/newsinfoco.com.br\/inicio#listItem","name":"In\u00edcio"}},{"@type":"ListItem","@id":"https:\/\/newsinfoco.com.br\/inicio\/na-proxima-segunda-feira-03-comecam-as-inscricoes-para-membros-do-conselho-tutelar-quadrienio-2024-2027\/#listItem","position":3,"name":"Na pr\u00f3xima segunda-feira (03) come\u00e7am as inscri\u00e7\u00f5es para membros do Conselho Tutelar (quadri\u00eanio 2024-2027)","previousItem":{"@type":"ListItem","@id":"https:\/\/newsinfoco.com.br\/inicio\/category\/alagoinhas-e-regiao\/#listItem","name":"Alagoinhas e Regi\u00e3o"}}]},{"@type":"Organization","@id":"https:\/\/newsinfoco.com.br\/inicio\/#organization","name":"News In Foco - Editado por Caio Pimenta","description":"O principal site de noticias de Alagoinhas e regi\u00e3o","url":"https:\/\/newsinfoco.com.br\/inicio\/"},{"@type":"Person","@id":"https:\/\/newsinfoco.com.br\/inicio\/author\/administrador\/#author","url":"https:\/\/newsinfoco.com.br\/inicio\/author\/administrador\/","name":"administrador","image":{"@type":"ImageObject","@id":"https:\/\/newsinfoco.com.br\/inicio\/na-proxima-segunda-feira-03-comecam-as-inscricoes-para-membros-do-conselho-tutelar-quadrienio-2024-2027\/#authorImage","url":"https:\/\/secure.gravatar.com\/avatar\/c17a617433de8c1dc9584bb79aab7563b46f5bb7e1728c9b17d9cc3ce6a08e49?s=96&d=mm&r=g","width":96,"height":96,"caption":"administrador"}},{"@type":"WebPage","@id":"https:\/\/newsinfoco.com.br\/inicio\/na-proxima-segunda-feira-03-comecam-as-inscricoes-para-membros-do-conselho-tutelar-quadrienio-2024-2027\/#webpage","url":"https:\/\/newsinfoco.com.br\/inicio\/na-proxima-segunda-feira-03-comecam-as-inscricoes-para-membros-do-conselho-tutelar-quadrienio-2024-2027\/","name":"Na pr\u00f3xima segunda-feira (03) come\u00e7am as inscri\u00e7\u00f5es para membros do Conselho Tutelar (quadri\u00eanio 2024-2027) - News In Foco - Editado por Caio Pimenta","description":"A partir de segunda-feira, 03 de abril, estar\u00e3o abertas as inscri\u00e7\u00f5es para candidaturas a Conselheiros Tutelares do munic\u00edpio, para o quadri\u00eanio 2024-2027. Foi publicado no Di\u00e1rio Oficial desta sexta-feira (31), o Edital N\u00ba 001\/2023 que rege o processo eleitoral. O documento foi devidamente aprovado pelo Conselho Municipal dos Direitos da Crian\u00e7a e do Adolescente, que","inLanguage":"pt-BR","isPartOf":{"@id":"https:\/\/newsinfoco.com.br\/inicio\/#website"},"breadcrumb":{"@id":"https:\/\/newsinfoco.com.br\/inicio\/na-proxima-segunda-feira-03-comecam-as-inscricoes-para-membros-do-conselho-tutelar-quadrienio-2024-2027\/#breadcrumblist"},"author":{"@id":"https:\/\/newsinfoco.com.br\/inicio\/author\/administrador\/#author"},"creator":{"@id":"https:\/\/newsinfoco.com.br\/inicio\/author\/administrador\/#author"},"image":{"@type":"ImageObject","url":"https:\/\/newsinfoco.com.br\/inicio\/wp-content\/uploads\/2020\/01\/conselho-tutelar2-901x1024-1.jpeg","@id":"https:\/\/newsinfoco.com.br\/inicio\/na-proxima-segunda-feira-03-comecam-as-inscricoes-para-membros-do-conselho-tutelar-quadrienio-2024-2027\/#mainImage","width":901,"height":1024},"primaryImageOfPage":{"@id":"https:\/\/newsinfoco.com.br\/inicio\/na-proxima-segunda-feira-03-comecam-as-inscricoes-para-membros-do-conselho-tutelar-quadrienio-2024-2027\/#mainImage"},"datePublished":"2023-04-02T19:43:00-03:00","dateModified":"2023-04-02T19:43:00-03:00"},{"@type":"WebSite","@id":"https:\/\/newsinfoco.com.br\/inicio\/#website","url":"https:\/\/newsinfoco.com.br\/inicio\/","name":"News In Foco - Editado por Caio Pimenta","description":"O principal site de noticias de Alagoinhas e regi\u00e3o","inLanguage":"pt-BR","publisher":{"@id":"https:\/\/newsinfoco.com.br\/inicio\/#organization"}}]},"og:locale":"pt_BR","og:site_name":"News In Foco - Editado por Caio Pimenta - O principal site de noticias de Alagoinhas e regi\u00e3o","og:type":"article","og:title":"Na pr\u00f3xima segunda-feira (03) come\u00e7am as inscri\u00e7\u00f5es para membros do Conselho Tutelar (quadri\u00eanio 2024-2027) - News In Foco - Editado por Caio Pimenta","og:description":"A partir de segunda-feira, 03 de abril, estar\u00e3o abertas as inscri\u00e7\u00f5es para candidaturas a Conselheiros Tutelares do munic\u00edpio, para o quadri\u00eanio 2024-2027. Foi publicado no Di\u00e1rio Oficial desta sexta-feira (31), o Edital N\u00ba 001\/2023 que rege o processo eleitoral. O documento foi devidamente aprovado pelo Conselho Municipal dos Direitos da Crian\u00e7a e do Adolescente, que","og:url":"https:\/\/newsinfoco.com.br\/inicio\/na-proxima-segunda-feira-03-comecam-as-inscricoes-para-membros-do-conselho-tutelar-quadrienio-2024-2027\/","article:published_time":"2023-04-02T22:43:00+00:00","article:modified_time":"2023-04-02T22:43:00+00:00","twitter:card":"summary_large_image","twitter:title":"Na pr\u00f3xima segunda-feira (03) come\u00e7am as inscri\u00e7\u00f5es para membros do Conselho Tutelar (quadri\u00eanio 2024-2027) - News In Foco - Editado por Caio Pimenta","twitter:description":"A partir de segunda-feira, 03 de abril, estar\u00e3o abertas as inscri\u00e7\u00f5es para candidaturas a Conselheiros Tutelares do munic\u00edpio, para o quadri\u00eanio 2024-2027. Foi publicado no Di\u00e1rio Oficial desta sexta-feira (31), o Edital N\u00ba 001\/2023 que rege o processo eleitoral. O documento foi devidamente aprovado pelo Conselho Municipal dos Direitos da Crian\u00e7a e do Adolescente, que"},"aioseo_meta_data":{"post_id":"33524","title":null,"description":null,"keywords":null,"keyphrases":null,"primary_term":null,"canonical_url":null,"og_title":null,"og_description":null,"og_object_type":"default","og_image_type":"default","og_image_url":null,"og_image_width":null,"og_image_height":null,"og_image_custom_url":null,"og_image_custom_fields":null,"og_video":null,"og_custom_url":null,"og_article_section":null,"og_article_tags":null,"twitter_use_og":false,"twitter_card":"default","twitter_image_type":"default","twitter_image_url":null,"twitter_image_custom_url":null,"twitter_image_custom_fields":null,"twitter_title":null,"twitter_description":null,"schema":{"blockGraphs":[],"customGraphs":[],"default":{"data":{"Article":[],"Course":[],"Dataset":[],"FAQPage":[],"Movie":[],"Person":[],"Product":[],"ProductReview":[],"Car":[],"Recipe":[],"Service":[],"SoftwareApplication":[],"WebPage":[]},"graphName":"","isEnabled":true},"graphs":[]},"schema_type":"default","schema_type_options":null,"pillar_content":false,"robots_default":true,"robots_noindex":false,"robots_noarchive":false,"robots_nosnippet":false,"robots_nofollow":false,"robots_noimageindex":false,"robots_noodp":false,"robots_notranslate":false,"robots_max_snippet":null,"robots_max_videopreview":null,"robots_max_imagepreview":"large","priority":null,"frequency":null,"local_seo":null,"breadcrumb_settings":null,"limit_modified_date":false,"ai":null,"created":"2023-06-12 23:11:43","updated":"2025-07-11 09:28:33","seo_analyzer_scan_date":null},"aioseo_breadcrumb":"<div class=\"aioseo-breadcrumbs\"><span class=\"aioseo-breadcrumb\">\n\t\t\t<a href=\"https:\/\/newsinfoco.com.br\/inicio\" title=\"In\u00edcio\">In\u00edcio<\/a>\n\t\t<\/span><span class=\"aioseo-breadcrumb-separator\">&raquo;<\/span><span class=\"aioseo-breadcrumb\">\n\t\t\t<a href=\"https:\/\/newsinfoco.com.br\/inicio\/category\/alagoinhas-e-regiao\/\" title=\"Alagoinhas e Regi\u00e3o\">Alagoinhas e Regi\u00e3o<\/a>\n\t\t<\/span><span class=\"aioseo-breadcrumb-separator\">&raquo;<\/span><span class=\"aioseo-breadcrumb\">\n\t\t\tNa pr\u00f3xima segunda-feira (03) come\u00e7am as inscri\u00e7\u00f5es para membros do Conselho Tutelar (quadri\u00eanio 2024-2027)\n\t\t<\/span><\/div>","aioseo_breadcrumb_json":[{"label":"In\u00edcio","link":"https:\/\/newsinfoco.com.br\/inicio"},{"label":"Alagoinhas e Regi\u00e3o","link":"https:\/\/newsinfoco.com.br\/inicio\/category\/alagoinhas-e-regiao\/"},{"label":"Na pr\u00f3xima segunda-feira (03) come\u00e7am as inscri\u00e7\u00f5es para membros do Conselho Tutelar (quadri\u00eanio 2024-2027)","link":"https:\/\/newsinfoco.com.br\/inicio\/na-proxima-segunda-feira-03-comecam-as-inscricoes-para-membros-do-conselho-tutelar-quadrienio-2024-2027\/"}],"_links":{"self":[{"href":"https:\/\/newsinfoco.com.br\/inicio\/wp-json\/wp\/v2\/posts\/33524","targetHints":{"allow":["GET"]}}],"collection":[{"href":"https:\/\/newsinfoco.com.br\/inicio\/wp-json\/wp\/v2\/posts"}],"about":[{"href":"https:\/\/newsinfoco.com.br\/inicio\/wp-json\/wp\/v2\/types\/post"}],"author":[{"embeddable":true,"href":"https:\/\/newsinfoco.com.br\/inicio\/wp-json\/wp\/v2\/users\/1"}],"replies":[{"embeddable":true,"href":"https:\/\/newsinfoco.com.br\/inicio\/wp-json\/wp\/v2\/comments?post=33524"}],"version-history":[{"count":1,"href":"https:\/\/newsinfoco.com.br\/inicio\/wp-json\/wp\/v2\/posts\/33524\/revisions"}],"predecessor-version":[{"id":33525,"href":"https:\/\/newsinfoco.com.br\/inicio\/wp-json\/wp\/v2\/posts\/33524\/revisions\/33525"}],"wp:featuredmedia":[{"embeddable":true,"href":"https:\/\/newsinfoco.com.br\/inicio\/wp-json\/wp\/v2\/media\/19752"}],"wp:attachment":[{"href":"https:\/\/newsinfoco.com.br\/inicio\/wp-json\/wp\/v2\/media?parent=33524"}],"wp:term":[{"taxonomy":"category","embeddable":true,"href":"https:\/\/newsinfoco.com.br\/inicio\/wp-json\/wp\/v2\/categories?post=33524"},{"taxonomy":"post_tag","embeddable":true,"href":"https:\/\/newsinfoco.com.br\/inicio\/wp-json\/wp\/v2\/tags?post=33524"}],"curies":[{"name":"wp","href":"https:\/\/api.w.org\/{rel}","templated":true}]}}