{"id":33526,"date":"2023-04-04T10:55:15","date_gmt":"2023-04-04T13:55:15","guid":{"rendered":"https:\/\/newsinfoco.com.br\/inicio\/?p=33526"},"modified":"2023-04-04T10:56:58","modified_gmt":"2023-04-04T13:56:58","slug":"prefeito-joaquim-neto-da-posse-a-30-novos-servidores-municipais","status":"publish","type":"post","link":"https:\/\/newsinfoco.com.br\/inicio\/prefeito-joaquim-neto-da-posse-a-30-novos-servidores-municipais\/","title":{"rendered":"Prefeito Joaquim Neto d\u00e1 posse a 30 novos servidores municipais"},"content":{"rendered":"<p>Nesta segunda-feira, 03 de abril, a Prefeitura Municipal de Alagoinhas, por meio da Secretaria de Administra\u00e7\u00e3o (SEMAD), deu posse a 30 novos servidores municipais, aprovados no concurso p\u00fablico \u00a002\/2019. Os profissionais ir\u00e3o atuar na Secretaria da Educa\u00e7\u00e3o (SEDUC), nos cargos de Auxiliar de Classe e Profissional de Apoio de Alunos com Defici\u00eancia; e na Secretaria de Assist\u00eancia Social (SEMAS), na fun\u00e7\u00e3o de motorista categoria D.<\/p>\n<p>Parte dos novos concursados j\u00e1 trabalhava na gest\u00e3o, em regime tempor\u00e1rio, e agora realizam o sonho de serem servidores efetivos. O prefeito Joaquim Neto destacou a capacidade t\u00e9cnica dos rec\u00e9m-empossados \u00a0e desejou boa sorte na nova miss\u00e3o. \u201c\u00c9 sempre uma alegria presenciar um momento t\u00e3o significado para a vida de cada um que sonhou, estudou e conseguiu a aprova\u00e7\u00e3o. Que cheguem para somar e bem servir a comunidade!\u201d<\/p>\n<p>O Chefe do Executivo estava acompanhado dos secret\u00e1rios Lula Prata (Administra\u00e7\u00e3o), Gustavo Carmo (Educa\u00e7\u00e3o), Jo\u00e3o Rabelo (Governo), Rui Costa Brito (Assist\u00eancia Social) e do Chefe de Gabinete Raimundo Queiroz.<\/p>\n<p>Aos 28 anos de idade, Renata Maria Vieira dos Anjos sempre quis seguir a carreira p\u00fablica. Ela assumiu o cargo de Auxiliar de Classe e ainda deseja atingir, daqui h\u00e1 uns anos, \u00a0maiores alturas. \u201cO pr\u00f3ximo passo \u00e9 ser aprovada como coordenadora pedag\u00f3gica\u201d. Marco Batista tamb\u00e9m tomou posso como Auxiliar de Classe e foi ao evento de posse acompanhado da noiva, \u201cagora, sim, j\u00e1 podemos nos casar, com a seguran\u00e7a que o servi\u00e7o p\u00fablico garante. Estamos muito felizes!\u201d.<\/p>\n<p>&nbsp;<\/p>\n<p>Fotos: Roberto Fonseca<\/p>\n<p><a class=\"group1 cboxElement\" href=\"https:\/\/www.alagoinhas.ba.gov.br\/wp-content\/uploads\/2023\/04\/WhatsApp-Image-2023-04-03-at-10.03.52.jpeg\"><img loading=\"lazy\" decoding=\"async\" class=\"aligncenter size-large wp-image-64593\" src=\"https:\/\/www.alagoinhas.ba.gov.br\/wp-content\/uploads\/2023\/04\/WhatsApp-Image-2023-04-03-at-10.03.52-1024x682.jpeg\" sizes=\"auto, (max-width: 800px) 100vw, 800px\" srcset=\"https:\/\/www.alagoinhas.ba.gov.br\/wp-content\/uploads\/2023\/04\/WhatsApp-Image-2023-04-03-at-10.03.52-1024x682.jpeg 1024w, https:\/\/www.alagoinhas.ba.gov.br\/wp-content\/uploads\/2023\/04\/WhatsApp-Image-2023-04-03-at-10.03.52-300x200.jpeg 300w, https:\/\/www.alagoinhas.ba.gov.br\/wp-content\/uploads\/2023\/04\/WhatsApp-Image-2023-04-03-at-10.03.52-768x512.jpeg 768w, https:\/\/www.alagoinhas.ba.gov.br\/wp-content\/uploads\/2023\/04\/WhatsApp-Image-2023-04-03-at-10.03.52-105x70.jpeg 105w, https:\/\/www.alagoinhas.ba.gov.br\/wp-content\/uploads\/2023\/04\/WhatsApp-Image-2023-04-03-at-10.03.52.jpeg 1600w\" alt=\"\" width=\"800\" height=\"533\" \/><\/a><a class=\"group1 cboxElement\" href=\"https:\/\/www.alagoinhas.ba.gov.br\/wp-content\/uploads\/2023\/04\/WhatsApp-Image-2023-04-03-at-10.05.14.jpeg\"><img loading=\"lazy\" decoding=\"async\" class=\"aligncenter size-large wp-image-64597\" src=\"https:\/\/www.alagoinhas.ba.gov.br\/wp-content\/uploads\/2023\/04\/WhatsApp-Image-2023-04-03-at-10.05.14-1024x682.jpeg\" sizes=\"auto, (max-width: 800px) 100vw, 800px\" srcset=\"https:\/\/www.alagoinhas.ba.gov.br\/wp-content\/uploads\/2023\/04\/WhatsApp-Image-2023-04-03-at-10.05.14-1024x682.jpeg 1024w, https:\/\/www.alagoinhas.ba.gov.br\/wp-content\/uploads\/2023\/04\/WhatsApp-Image-2023-04-03-at-10.05.14-300x200.jpeg 300w, https:\/\/www.alagoinhas.ba.gov.br\/wp-content\/uploads\/2023\/04\/WhatsApp-Image-2023-04-03-at-10.05.14-768x512.jpeg 768w, https:\/\/www.alagoinhas.ba.gov.br\/wp-content\/uploads\/2023\/04\/WhatsApp-Image-2023-04-03-at-10.05.14-105x70.jpeg 105w, https:\/\/www.alagoinhas.ba.gov.br\/wp-content\/uploads\/2023\/04\/WhatsApp-Image-2023-04-03-at-10.05.14.jpeg 1600w\" alt=\"\" width=\"800\" height=\"533\" \/><\/a><a class=\"group1 cboxElement\" href=\"https:\/\/www.alagoinhas.ba.gov.br\/wp-content\/uploads\/2023\/04\/WhatsApp-Image-2023-04-03-at-10.05.12.jpeg\"><img loading=\"lazy\" decoding=\"async\" class=\"aligncenter size-large wp-image-64595\" src=\"https:\/\/www.alagoinhas.ba.gov.br\/wp-content\/uploads\/2023\/04\/WhatsApp-Image-2023-04-03-at-10.05.12-1024x682.jpeg\" sizes=\"auto, (max-width: 800px) 100vw, 800px\" srcset=\"https:\/\/www.alagoinhas.ba.gov.br\/wp-content\/uploads\/2023\/04\/WhatsApp-Image-2023-04-03-at-10.05.12-1024x682.jpeg 1024w, https:\/\/www.alagoinhas.ba.gov.br\/wp-content\/uploads\/2023\/04\/WhatsApp-Image-2023-04-03-at-10.05.12-300x200.jpeg 300w, https:\/\/www.alagoinhas.ba.gov.br\/wp-content\/uploads\/2023\/04\/WhatsApp-Image-2023-04-03-at-10.05.12-768x512.jpeg 768w, https:\/\/www.alagoinhas.ba.gov.br\/wp-content\/uploads\/2023\/04\/WhatsApp-Image-2023-04-03-at-10.05.12-105x70.jpeg 105w, https:\/\/www.alagoinhas.ba.gov.br\/wp-content\/uploads\/2023\/04\/WhatsApp-Image-2023-04-03-at-10.05.12.jpeg 1600w\" alt=\"\" width=\"800\" height=\"533\" \/><\/a><a class=\"group1 cboxElement\" href=\"https:\/\/www.alagoinhas.ba.gov.br\/wp-content\/uploads\/2023\/04\/WhatsApp-Image-2023-04-03-at-10.05.15.jpeg\"><img loading=\"lazy\" decoding=\"async\" class=\"aligncenter size-large wp-image-64598\" src=\"https:\/\/www.alagoinhas.ba.gov.br\/wp-content\/uploads\/2023\/04\/WhatsApp-Image-2023-04-03-at-10.05.15-1024x682.jpeg\" sizes=\"auto, (max-width: 800px) 100vw, 800px\" srcset=\"https:\/\/www.alagoinhas.ba.gov.br\/wp-content\/uploads\/2023\/04\/WhatsApp-Image-2023-04-03-at-10.05.15-1024x682.jpeg 1024w, https:\/\/www.alagoinhas.ba.gov.br\/wp-content\/uploads\/2023\/04\/WhatsApp-Image-2023-04-03-at-10.05.15-300x200.jpeg 300w, https:\/\/www.alagoinhas.ba.gov.br\/wp-content\/uploads\/2023\/04\/WhatsApp-Image-2023-04-03-at-10.05.15-768x512.jpeg 768w, https:\/\/www.alagoinhas.ba.gov.br\/wp-content\/uploads\/2023\/04\/WhatsApp-Image-2023-04-03-at-10.05.15-105x70.jpeg 105w, https:\/\/www.alagoinhas.ba.gov.br\/wp-content\/uploads\/2023\/04\/WhatsApp-Image-2023-04-03-at-10.05.15.jpeg 1600w\" alt=\"\" width=\"800\" height=\"533\" \/><\/a><a class=\"group1 cboxElement\" href=\"https:\/\/www.alagoinhas.ba.gov.br\/wp-content\/uploads\/2023\/04\/WhatsApp-Image-2023-04-03-at-10.06.46.jpeg\"><img loading=\"lazy\" decoding=\"async\" class=\"aligncenter size-large wp-image-64599\" src=\"https:\/\/www.alagoinhas.ba.gov.br\/wp-content\/uploads\/2023\/04\/WhatsApp-Image-2023-04-03-at-10.06.46-1024x682.jpeg\" sizes=\"auto, (max-width: 800px) 100vw, 800px\" srcset=\"https:\/\/www.alagoinhas.ba.gov.br\/wp-content\/uploads\/2023\/04\/WhatsApp-Image-2023-04-03-at-10.06.46-1024x682.jpeg 1024w, https:\/\/www.alagoinhas.ba.gov.br\/wp-content\/uploads\/2023\/04\/WhatsApp-Image-2023-04-03-at-10.06.46-300x200.jpeg 300w, https:\/\/www.alagoinhas.ba.gov.br\/wp-content\/uploads\/2023\/04\/WhatsApp-Image-2023-04-03-at-10.06.46-768x512.jpeg 768w, https:\/\/www.alagoinhas.ba.gov.br\/wp-content\/uploads\/2023\/04\/WhatsApp-Image-2023-04-03-at-10.06.46-105x70.jpeg 105w, https:\/\/www.alagoinhas.ba.gov.br\/wp-content\/uploads\/2023\/04\/WhatsApp-Image-2023-04-03-at-10.06.46.jpeg 1600w\" alt=\"\" width=\"800\" height=\"533\" \/><\/a><a class=\"group1 cboxElement\" href=\"https:\/\/www.alagoinhas.ba.gov.br\/wp-content\/uploads\/2023\/04\/WhatsApp-Image-2023-04-03-at-10.06.48.jpeg\"><img loading=\"lazy\" decoding=\"async\" class=\"aligncenter size-large wp-image-64600\" src=\"https:\/\/www.alagoinhas.ba.gov.br\/wp-content\/uploads\/2023\/04\/WhatsApp-Image-2023-04-03-at-10.06.48-1024x682.jpeg\" sizes=\"auto, (max-width: 800px) 100vw, 800px\" srcset=\"https:\/\/www.alagoinhas.ba.gov.br\/wp-content\/uploads\/2023\/04\/WhatsApp-Image-2023-04-03-at-10.06.48-1024x682.jpeg 1024w, https:\/\/www.alagoinhas.ba.gov.br\/wp-content\/uploads\/2023\/04\/WhatsApp-Image-2023-04-03-at-10.06.48-300x200.jpeg 300w, https:\/\/www.alagoinhas.ba.gov.br\/wp-content\/uploads\/2023\/04\/WhatsApp-Image-2023-04-03-at-10.06.48-768x512.jpeg 768w, https:\/\/www.alagoinhas.ba.gov.br\/wp-content\/uploads\/2023\/04\/WhatsApp-Image-2023-04-03-at-10.06.48-105x70.jpeg 105w, https:\/\/www.alagoinhas.ba.gov.br\/wp-content\/uploads\/2023\/04\/WhatsApp-Image-2023-04-03-at-10.06.48.jpeg 1600w\" alt=\"\" width=\"800\" height=\"533\" \/><\/a><a class=\"group1 cboxElement\" href=\"https:\/\/www.alagoinhas.ba.gov.br\/wp-content\/uploads\/2023\/04\/WhatsApp-Image-2023-04-03-at-10.10.17.jpeg\"><img loading=\"lazy\" decoding=\"async\" class=\"aligncenter size-large wp-image-64601\" src=\"https:\/\/www.alagoinhas.ba.gov.br\/wp-content\/uploads\/2023\/04\/WhatsApp-Image-2023-04-03-at-10.10.17-1024x682.jpeg\" sizes=\"auto, (max-width: 800px) 100vw, 800px\" srcset=\"https:\/\/www.alagoinhas.ba.gov.br\/wp-content\/uploads\/2023\/04\/WhatsApp-Image-2023-04-03-at-10.10.17-1024x682.jpeg 1024w, https:\/\/www.alagoinhas.ba.gov.br\/wp-content\/uploads\/2023\/04\/WhatsApp-Image-2023-04-03-at-10.10.17-300x200.jpeg 300w, https:\/\/www.alagoinhas.ba.gov.br\/wp-content\/uploads\/2023\/04\/WhatsApp-Image-2023-04-03-at-10.10.17-768x512.jpeg 768w, https:\/\/www.alagoinhas.ba.gov.br\/wp-content\/uploads\/2023\/04\/WhatsApp-Image-2023-04-03-at-10.10.17-105x70.jpeg 105w, https:\/\/www.alagoinhas.ba.gov.br\/wp-content\/uploads\/2023\/04\/WhatsApp-Image-2023-04-03-at-10.10.17.jpeg 1600w\" alt=\"\" width=\"800\" height=\"533\" \/><\/a><a class=\"group1 cboxElement\" href=\"https:\/\/www.alagoinhas.ba.gov.br\/wp-content\/uploads\/2023\/04\/WhatsApp-Image-2023-04-03-at-10.10.18-1.jpeg\"><img loading=\"lazy\" decoding=\"async\" class=\"aligncenter size-large wp-image-64602\" src=\"https:\/\/www.alagoinhas.ba.gov.br\/wp-content\/uploads\/2023\/04\/WhatsApp-Image-2023-04-03-at-10.10.18-1-1024x682.jpeg\" sizes=\"auto, (max-width: 800px) 100vw, 800px\" srcset=\"https:\/\/www.alagoinhas.ba.gov.br\/wp-content\/uploads\/2023\/04\/WhatsApp-Image-2023-04-03-at-10.10.18-1-1024x682.jpeg 1024w, https:\/\/www.alagoinhas.ba.gov.br\/wp-content\/uploads\/2023\/04\/WhatsApp-Image-2023-04-03-at-10.10.18-1-300x200.jpeg 300w, https:\/\/www.alagoinhas.ba.gov.br\/wp-content\/uploads\/2023\/04\/WhatsApp-Image-2023-04-03-at-10.10.18-1-768x512.jpeg 768w, https:\/\/www.alagoinhas.ba.gov.br\/wp-content\/uploads\/2023\/04\/WhatsApp-Image-2023-04-03-at-10.10.18-1-105x70.jpeg 105w, https:\/\/www.alagoinhas.ba.gov.br\/wp-content\/uploads\/2023\/04\/WhatsApp-Image-2023-04-03-at-10.10.18-1.jpeg 1600w\" alt=\"\" width=\"800\" height=\"533\" \/><\/a><\/p>\n<div align=\"right\">\n<p>&nbsp;<\/p>\n<\/div>\n<div class='share-to-whatsapp-wrapper'><div class='share-on-whsp'>Share on: <\/div><a data-text='Prefeito Joaquim Neto d\u00e1 posse a 30 novos servidores municipais' data-link='https:\/\/newsinfoco.com.br\/inicio\/prefeito-joaquim-neto-da-posse-a-30-novos-servidores-municipais\/' class='whatsapp-button whatsapp-share'>WhatsApp<\/a><div class='clear '><\/div><\/div>","protected":false},"excerpt":{"rendered":"<p>Nesta segunda-feira, 03 de abril, a Prefeitura Municipal de Alagoinhas, por meio da Secretaria de Administra\u00e7\u00e3o (SEMAD), deu posse a 30 novos servidores municipais, aprovados no concurso p\u00fablico \u00a002\/2019. Os profissionais ir\u00e3o atuar na Secretaria da Educa\u00e7\u00e3o (SEDUC), nos cargos de Auxiliar de Classe e Profissional de Apoio de Alunos com Defici\u00eancia; e na Secretaria [&hellip;]<\/p>\n","protected":false},"author":1,"featured_media":33527,"comment_status":"closed","ping_status":"closed","sticky":false,"template":"","format":"standard","meta":{"om_disable_all_campaigns":false,"rop_custom_images_group":[],"rop_custom_messages_group":[],"rop_publish_now":"initial","rop_publish_now_accounts":[],"rop_publish_now_history":[],"rop_publish_now_status":"pending","_exactmetrics_skip_tracking":false,"footnotes":""},"categories":[38,167],"tags":[],"class_list":["post-33526","post","type-post","status-publish","format-standard","has-post-thumbnail","hentry","category-alagoinhas-e-regiao","category-exclusivas"],"aioseo_notices":[],"aioseo_head":"\n\t\t<!-- All in One SEO 4.9.10 - aioseo.com -->\n\t<meta name=\"description\" content=\"Nesta segunda-feira, 03 de abril, a Prefeitura Municipal de Alagoinhas, por meio da Secretaria de Administra\u00e7\u00e3o (SEMAD), deu posse a 30 novos servidores municipais, aprovados no concurso p\u00fablico 02\/2019. Os profissionais ir\u00e3o atuar na Secretaria da Educa\u00e7\u00e3o (SEDUC), nos cargos de Auxiliar de Classe e Profissional de Apoio de Alunos com Defici\u00eancia; e na Secretaria\" \/>\n\t<meta name=\"robots\" content=\"max-image-preview:large\" \/>\n\t<meta name=\"author\" content=\"administrador\"\/>\n\t<link rel=\"canonical\" href=\"https:\/\/newsinfoco.com.br\/inicio\/prefeito-joaquim-neto-da-posse-a-30-novos-servidores-municipais\/\" \/>\n\t<meta name=\"generator\" content=\"All in One SEO (AIOSEO) 4.9.10\" \/>\n\t\t<meta property=\"og:locale\" content=\"pt_BR\" \/>\n\t\t<meta property=\"og:site_name\" content=\"News In Foco - Editado por Caio Pimenta - O principal site de noticias de Alagoinhas e regi\u00e3o\" \/>\n\t\t<meta property=\"og:type\" content=\"article\" \/>\n\t\t<meta property=\"og:title\" content=\"Prefeito Joaquim Neto d\u00e1 posse a 30 novos servidores municipais - News In Foco - Editado por Caio Pimenta\" \/>\n\t\t<meta property=\"og:description\" content=\"Nesta segunda-feira, 03 de abril, a Prefeitura Municipal de Alagoinhas, por meio da Secretaria de Administra\u00e7\u00e3o (SEMAD), deu posse a 30 novos servidores municipais, aprovados no concurso p\u00fablico 02\/2019. Os profissionais ir\u00e3o atuar na Secretaria da Educa\u00e7\u00e3o (SEDUC), nos cargos de Auxiliar de Classe e Profissional de Apoio de Alunos com Defici\u00eancia; e na Secretaria\" \/>\n\t\t<meta property=\"og:url\" content=\"https:\/\/newsinfoco.com.br\/inicio\/prefeito-joaquim-neto-da-posse-a-30-novos-servidores-municipais\/\" \/>\n\t\t<meta property=\"article:published_time\" content=\"2023-04-04T13:55:15+00:00\" \/>\n\t\t<meta property=\"article:modified_time\" content=\"2023-04-04T13:56:58+00:00\" \/>\n\t\t<meta name=\"twitter:card\" content=\"summary_large_image\" \/>\n\t\t<meta name=\"twitter:title\" content=\"Prefeito Joaquim Neto d\u00e1 posse a 30 novos servidores municipais - News In Foco - Editado por Caio Pimenta\" \/>\n\t\t<meta name=\"twitter:description\" content=\"Nesta segunda-feira, 03 de abril, a Prefeitura Municipal de Alagoinhas, por meio da Secretaria de Administra\u00e7\u00e3o (SEMAD), deu posse a 30 novos servidores municipais, aprovados no concurso p\u00fablico 02\/2019. Os profissionais ir\u00e3o atuar na Secretaria da Educa\u00e7\u00e3o (SEDUC), nos cargos de Auxiliar de Classe e Profissional de Apoio de Alunos com Defici\u00eancia; e na Secretaria\" \/>\n\t\t<script type=\"application\/ld+json\" class=\"aioseo-schema\">\n\t\t\t{\"@context\":\"https:\\\/\\\/schema.org\",\"@graph\":[{\"@type\":\"BlogPosting\",\"@id\":\"https:\\\/\\\/newsinfoco.com.br\\\/inicio\\\/prefeito-joaquim-neto-da-posse-a-30-novos-servidores-municipais\\\/#blogposting\",\"name\":\"Prefeito Joaquim Neto d\\u00e1 posse a 30 novos servidores municipais - News In Foco - Editado por Caio Pimenta\",\"headline\":\"Prefeito Joaquim Neto d\\u00e1 posse a 30 novos servidores municipais\",\"author\":{\"@id\":\"https:\\\/\\\/newsinfoco.com.br\\\/inicio\\\/author\\\/administrador\\\/#author\"},\"publisher\":{\"@id\":\"https:\\\/\\\/newsinfoco.com.br\\\/inicio\\\/#organization\"},\"image\":{\"@type\":\"ImageObject\",\"url\":\"https:\\\/\\\/newsinfoco.com.br\\\/inicio\\\/wp-content\\\/uploads\\\/2023\\\/04\\\/WhatsApp-Image-2023-04-03-at-10.11.04-550x368-1.jpeg\",\"width\":550,\"height\":368},\"datePublished\":\"2023-04-04T10:55:15-03:00\",\"dateModified\":\"2023-04-04T10:56:58-03:00\",\"inLanguage\":\"pt-BR\",\"mainEntityOfPage\":{\"@id\":\"https:\\\/\\\/newsinfoco.com.br\\\/inicio\\\/prefeito-joaquim-neto-da-posse-a-30-novos-servidores-municipais\\\/#webpage\"},\"isPartOf\":{\"@id\":\"https:\\\/\\\/newsinfoco.com.br\\\/inicio\\\/prefeito-joaquim-neto-da-posse-a-30-novos-servidores-municipais\\\/#webpage\"},\"articleSection\":\"Alagoinhas e Regi\\u00e3o, Manchete\"},{\"@type\":\"BreadcrumbList\",\"@id\":\"https:\\\/\\\/newsinfoco.com.br\\\/inicio\\\/prefeito-joaquim-neto-da-posse-a-30-novos-servidores-municipais\\\/#breadcrumblist\",\"itemListElement\":[{\"@type\":\"ListItem\",\"@id\":\"https:\\\/\\\/newsinfoco.com.br\\\/inicio#listItem\",\"position\":1,\"name\":\"In\\u00edcio\",\"item\":\"https:\\\/\\\/newsinfoco.com.br\\\/inicio\",\"nextItem\":{\"@type\":\"ListItem\",\"@id\":\"https:\\\/\\\/newsinfoco.com.br\\\/inicio\\\/category\\\/alagoinhas-e-regiao\\\/#listItem\",\"name\":\"Alagoinhas e Regi\\u00e3o\"}},{\"@type\":\"ListItem\",\"@id\":\"https:\\\/\\\/newsinfoco.com.br\\\/inicio\\\/category\\\/alagoinhas-e-regiao\\\/#listItem\",\"position\":2,\"name\":\"Alagoinhas e Regi\\u00e3o\",\"item\":\"https:\\\/\\\/newsinfoco.com.br\\\/inicio\\\/category\\\/alagoinhas-e-regiao\\\/\",\"nextItem\":{\"@type\":\"ListItem\",\"@id\":\"https:\\\/\\\/newsinfoco.com.br\\\/inicio\\\/prefeito-joaquim-neto-da-posse-a-30-novos-servidores-municipais\\\/#listItem\",\"name\":\"Prefeito Joaquim Neto d\\u00e1 posse a 30 novos servidores municipais\"},\"previousItem\":{\"@type\":\"ListItem\",\"@id\":\"https:\\\/\\\/newsinfoco.com.br\\\/inicio#listItem\",\"name\":\"In\\u00edcio\"}},{\"@type\":\"ListItem\",\"@id\":\"https:\\\/\\\/newsinfoco.com.br\\\/inicio\\\/prefeito-joaquim-neto-da-posse-a-30-novos-servidores-municipais\\\/#listItem\",\"position\":3,\"name\":\"Prefeito Joaquim Neto d\\u00e1 posse a 30 novos servidores municipais\",\"previousItem\":{\"@type\":\"ListItem\",\"@id\":\"https:\\\/\\\/newsinfoco.com.br\\\/inicio\\\/category\\\/alagoinhas-e-regiao\\\/#listItem\",\"name\":\"Alagoinhas e Regi\\u00e3o\"}}]},{\"@type\":\"Organization\",\"@id\":\"https:\\\/\\\/newsinfoco.com.br\\\/inicio\\\/#organization\",\"name\":\"News In Foco - Editado por Caio Pimenta\",\"description\":\"O principal site de noticias de Alagoinhas e regi\\u00e3o\",\"url\":\"https:\\\/\\\/newsinfoco.com.br\\\/inicio\\\/\"},{\"@type\":\"Person\",\"@id\":\"https:\\\/\\\/newsinfoco.com.br\\\/inicio\\\/author\\\/administrador\\\/#author\",\"url\":\"https:\\\/\\\/newsinfoco.com.br\\\/inicio\\\/author\\\/administrador\\\/\",\"name\":\"administrador\",\"image\":{\"@type\":\"ImageObject\",\"@id\":\"https:\\\/\\\/newsinfoco.com.br\\\/inicio\\\/prefeito-joaquim-neto-da-posse-a-30-novos-servidores-municipais\\\/#authorImage\",\"url\":\"https:\\\/\\\/secure.gravatar.com\\\/avatar\\\/c17a617433de8c1dc9584bb79aab7563b46f5bb7e1728c9b17d9cc3ce6a08e49?s=96&d=mm&r=g\",\"width\":96,\"height\":96,\"caption\":\"administrador\"}},{\"@type\":\"WebPage\",\"@id\":\"https:\\\/\\\/newsinfoco.com.br\\\/inicio\\\/prefeito-joaquim-neto-da-posse-a-30-novos-servidores-municipais\\\/#webpage\",\"url\":\"https:\\\/\\\/newsinfoco.com.br\\\/inicio\\\/prefeito-joaquim-neto-da-posse-a-30-novos-servidores-municipais\\\/\",\"name\":\"Prefeito Joaquim Neto d\\u00e1 posse a 30 novos servidores municipais - News In Foco - Editado por Caio Pimenta\",\"description\":\"Nesta segunda-feira, 03 de abril, a Prefeitura Municipal de Alagoinhas, por meio da Secretaria de Administra\\u00e7\\u00e3o (SEMAD), deu posse a 30 novos servidores municipais, aprovados no concurso p\\u00fablico 02\\\/2019. Os profissionais ir\\u00e3o atuar na Secretaria da Educa\\u00e7\\u00e3o (SEDUC), nos cargos de Auxiliar de Classe e Profissional de Apoio de Alunos com Defici\\u00eancia; e na Secretaria\",\"inLanguage\":\"pt-BR\",\"isPartOf\":{\"@id\":\"https:\\\/\\\/newsinfoco.com.br\\\/inicio\\\/#website\"},\"breadcrumb\":{\"@id\":\"https:\\\/\\\/newsinfoco.com.br\\\/inicio\\\/prefeito-joaquim-neto-da-posse-a-30-novos-servidores-municipais\\\/#breadcrumblist\"},\"author\":{\"@id\":\"https:\\\/\\\/newsinfoco.com.br\\\/inicio\\\/author\\\/administrador\\\/#author\"},\"creator\":{\"@id\":\"https:\\\/\\\/newsinfoco.com.br\\\/inicio\\\/author\\\/administrador\\\/#author\"},\"image\":{\"@type\":\"ImageObject\",\"url\":\"https:\\\/\\\/newsinfoco.com.br\\\/inicio\\\/wp-content\\\/uploads\\\/2023\\\/04\\\/WhatsApp-Image-2023-04-03-at-10.11.04-550x368-1.jpeg\",\"@id\":\"https:\\\/\\\/newsinfoco.com.br\\\/inicio\\\/prefeito-joaquim-neto-da-posse-a-30-novos-servidores-municipais\\\/#mainImage\",\"width\":550,\"height\":368},\"primaryImageOfPage\":{\"@id\":\"https:\\\/\\\/newsinfoco.com.br\\\/inicio\\\/prefeito-joaquim-neto-da-posse-a-30-novos-servidores-municipais\\\/#mainImage\"},\"datePublished\":\"2023-04-04T10:55:15-03:00\",\"dateModified\":\"2023-04-04T10:56:58-03:00\"},{\"@type\":\"WebSite\",\"@id\":\"https:\\\/\\\/newsinfoco.com.br\\\/inicio\\\/#website\",\"url\":\"https:\\\/\\\/newsinfoco.com.br\\\/inicio\\\/\",\"name\":\"News In Foco - Editado por Caio Pimenta\",\"description\":\"O principal site de noticias de Alagoinhas e regi\\u00e3o\",\"inLanguage\":\"pt-BR\",\"publisher\":{\"@id\":\"https:\\\/\\\/newsinfoco.com.br\\\/inicio\\\/#organization\"}}]}\n\t\t<\/script>\n\t\t<!-- All in One SEO -->\n\n","aioseo_head_json":{"title":"Prefeito Joaquim Neto d\u00e1 posse a 30 novos servidores municipais - News In Foco - Editado por Caio Pimenta","description":"Nesta segunda-feira, 03 de abril, a Prefeitura Municipal de Alagoinhas, por meio da Secretaria de Administra\u00e7\u00e3o (SEMAD), deu posse a 30 novos servidores municipais, aprovados no concurso p\u00fablico 02\/2019. Os profissionais ir\u00e3o atuar na Secretaria da Educa\u00e7\u00e3o (SEDUC), nos cargos de Auxiliar de Classe e Profissional de Apoio de Alunos com Defici\u00eancia; e na Secretaria","canonical_url":"https:\/\/newsinfoco.com.br\/inicio\/prefeito-joaquim-neto-da-posse-a-30-novos-servidores-municipais\/","robots":"max-image-preview:large","keywords":"","webmasterTools":{"miscellaneous":""},"schema":{"@context":"https:\/\/schema.org","@graph":[{"@type":"BlogPosting","@id":"https:\/\/newsinfoco.com.br\/inicio\/prefeito-joaquim-neto-da-posse-a-30-novos-servidores-municipais\/#blogposting","name":"Prefeito Joaquim Neto d\u00e1 posse a 30 novos servidores municipais - News In Foco - Editado por Caio Pimenta","headline":"Prefeito Joaquim Neto d\u00e1 posse a 30 novos servidores municipais","author":{"@id":"https:\/\/newsinfoco.com.br\/inicio\/author\/administrador\/#author"},"publisher":{"@id":"https:\/\/newsinfoco.com.br\/inicio\/#organization"},"image":{"@type":"ImageObject","url":"https:\/\/newsinfoco.com.br\/inicio\/wp-content\/uploads\/2023\/04\/WhatsApp-Image-2023-04-03-at-10.11.04-550x368-1.jpeg","width":550,"height":368},"datePublished":"2023-04-04T10:55:15-03:00","dateModified":"2023-04-04T10:56:58-03:00","inLanguage":"pt-BR","mainEntityOfPage":{"@id":"https:\/\/newsinfoco.com.br\/inicio\/prefeito-joaquim-neto-da-posse-a-30-novos-servidores-municipais\/#webpage"},"isPartOf":{"@id":"https:\/\/newsinfoco.com.br\/inicio\/prefeito-joaquim-neto-da-posse-a-30-novos-servidores-municipais\/#webpage"},"articleSection":"Alagoinhas e Regi\u00e3o, Manchete"},{"@type":"BreadcrumbList","@id":"https:\/\/newsinfoco.com.br\/inicio\/prefeito-joaquim-neto-da-posse-a-30-novos-servidores-municipais\/#breadcrumblist","itemListElement":[{"@type":"ListItem","@id":"https:\/\/newsinfoco.com.br\/inicio#listItem","position":1,"name":"In\u00edcio","item":"https:\/\/newsinfoco.com.br\/inicio","nextItem":{"@type":"ListItem","@id":"https:\/\/newsinfoco.com.br\/inicio\/category\/alagoinhas-e-regiao\/#listItem","name":"Alagoinhas e Regi\u00e3o"}},{"@type":"ListItem","@id":"https:\/\/newsinfoco.com.br\/inicio\/category\/alagoinhas-e-regiao\/#listItem","position":2,"name":"Alagoinhas e Regi\u00e3o","item":"https:\/\/newsinfoco.com.br\/inicio\/category\/alagoinhas-e-regiao\/","nextItem":{"@type":"ListItem","@id":"https:\/\/newsinfoco.com.br\/inicio\/prefeito-joaquim-neto-da-posse-a-30-novos-servidores-municipais\/#listItem","name":"Prefeito Joaquim Neto d\u00e1 posse a 30 novos servidores municipais"},"previousItem":{"@type":"ListItem","@id":"https:\/\/newsinfoco.com.br\/inicio#listItem","name":"In\u00edcio"}},{"@type":"ListItem","@id":"https:\/\/newsinfoco.com.br\/inicio\/prefeito-joaquim-neto-da-posse-a-30-novos-servidores-municipais\/#listItem","position":3,"name":"Prefeito Joaquim Neto d\u00e1 posse a 30 novos servidores municipais","previousItem":{"@type":"ListItem","@id":"https:\/\/newsinfoco.com.br\/inicio\/category\/alagoinhas-e-regiao\/#listItem","name":"Alagoinhas e Regi\u00e3o"}}]},{"@type":"Organization","@id":"https:\/\/newsinfoco.com.br\/inicio\/#organization","name":"News In Foco - Editado por Caio Pimenta","description":"O principal site de noticias de Alagoinhas e regi\u00e3o","url":"https:\/\/newsinfoco.com.br\/inicio\/"},{"@type":"Person","@id":"https:\/\/newsinfoco.com.br\/inicio\/author\/administrador\/#author","url":"https:\/\/newsinfoco.com.br\/inicio\/author\/administrador\/","name":"administrador","image":{"@type":"ImageObject","@id":"https:\/\/newsinfoco.com.br\/inicio\/prefeito-joaquim-neto-da-posse-a-30-novos-servidores-municipais\/#authorImage","url":"https:\/\/secure.gravatar.com\/avatar\/c17a617433de8c1dc9584bb79aab7563b46f5bb7e1728c9b17d9cc3ce6a08e49?s=96&d=mm&r=g","width":96,"height":96,"caption":"administrador"}},{"@type":"WebPage","@id":"https:\/\/newsinfoco.com.br\/inicio\/prefeito-joaquim-neto-da-posse-a-30-novos-servidores-municipais\/#webpage","url":"https:\/\/newsinfoco.com.br\/inicio\/prefeito-joaquim-neto-da-posse-a-30-novos-servidores-municipais\/","name":"Prefeito Joaquim Neto d\u00e1 posse a 30 novos servidores municipais - News In Foco - Editado por Caio Pimenta","description":"Nesta segunda-feira, 03 de abril, a Prefeitura Municipal de Alagoinhas, por meio da Secretaria de Administra\u00e7\u00e3o (SEMAD), deu posse a 30 novos servidores municipais, aprovados no concurso p\u00fablico 02\/2019. Os profissionais ir\u00e3o atuar na Secretaria da Educa\u00e7\u00e3o (SEDUC), nos cargos de Auxiliar de Classe e Profissional de Apoio de Alunos com Defici\u00eancia; e na Secretaria","inLanguage":"pt-BR","isPartOf":{"@id":"https:\/\/newsinfoco.com.br\/inicio\/#website"},"breadcrumb":{"@id":"https:\/\/newsinfoco.com.br\/inicio\/prefeito-joaquim-neto-da-posse-a-30-novos-servidores-municipais\/#breadcrumblist"},"author":{"@id":"https:\/\/newsinfoco.com.br\/inicio\/author\/administrador\/#author"},"creator":{"@id":"https:\/\/newsinfoco.com.br\/inicio\/author\/administrador\/#author"},"image":{"@type":"ImageObject","url":"https:\/\/newsinfoco.com.br\/inicio\/wp-content\/uploads\/2023\/04\/WhatsApp-Image-2023-04-03-at-10.11.04-550x368-1.jpeg","@id":"https:\/\/newsinfoco.com.br\/inicio\/prefeito-joaquim-neto-da-posse-a-30-novos-servidores-municipais\/#mainImage","width":550,"height":368},"primaryImageOfPage":{"@id":"https:\/\/newsinfoco.com.br\/inicio\/prefeito-joaquim-neto-da-posse-a-30-novos-servidores-municipais\/#mainImage"},"datePublished":"2023-04-04T10:55:15-03:00","dateModified":"2023-04-04T10:56:58-03:00"},{"@type":"WebSite","@id":"https:\/\/newsinfoco.com.br\/inicio\/#website","url":"https:\/\/newsinfoco.com.br\/inicio\/","name":"News In Foco - Editado por Caio Pimenta","description":"O principal site de noticias de Alagoinhas e regi\u00e3o","inLanguage":"pt-BR","publisher":{"@id":"https:\/\/newsinfoco.com.br\/inicio\/#organization"}}]},"og:locale":"pt_BR","og:site_name":"News In Foco - Editado por Caio Pimenta - O principal site de noticias de Alagoinhas e regi\u00e3o","og:type":"article","og:title":"Prefeito Joaquim Neto d\u00e1 posse a 30 novos servidores municipais - News In Foco - Editado por Caio Pimenta","og:description":"Nesta segunda-feira, 03 de abril, a Prefeitura Municipal de Alagoinhas, por meio da Secretaria de Administra\u00e7\u00e3o (SEMAD), deu posse a 30 novos servidores municipais, aprovados no concurso p\u00fablico 02\/2019. Os profissionais ir\u00e3o atuar na Secretaria da Educa\u00e7\u00e3o (SEDUC), nos cargos de Auxiliar de Classe e Profissional de Apoio de Alunos com Defici\u00eancia; e na Secretaria","og:url":"https:\/\/newsinfoco.com.br\/inicio\/prefeito-joaquim-neto-da-posse-a-30-novos-servidores-municipais\/","article:published_time":"2023-04-04T13:55:15+00:00","article:modified_time":"2023-04-04T13:56:58+00:00","twitter:card":"summary_large_image","twitter:title":"Prefeito Joaquim Neto d\u00e1 posse a 30 novos servidores municipais - News In Foco - Editado por Caio Pimenta","twitter:description":"Nesta segunda-feira, 03 de abril, a Prefeitura Municipal de Alagoinhas, por meio da Secretaria de Administra\u00e7\u00e3o (SEMAD), deu posse a 30 novos servidores municipais, aprovados no concurso p\u00fablico 02\/2019. Os profissionais ir\u00e3o atuar na Secretaria da Educa\u00e7\u00e3o (SEDUC), nos cargos de Auxiliar de Classe e Profissional de Apoio de Alunos com Defici\u00eancia; e na Secretaria"},"aioseo_meta_data":{"post_id":"33526","title":null,"description":null,"keywords":null,"keyphrases":null,"primary_term":null,"canonical_url":null,"og_title":null,"og_description":null,"og_object_type":"default","og_image_type":"default","og_image_url":null,"og_image_width":null,"og_image_height":null,"og_image_custom_url":null,"og_image_custom_fields":null,"og_video":null,"og_custom_url":null,"og_article_section":null,"og_article_tags":null,"twitter_use_og":false,"twitter_card":"default","twitter_image_type":"default","twitter_image_url":null,"twitter_image_custom_url":null,"twitter_image_custom_fields":null,"twitter_title":null,"twitter_description":null,"schema":{"blockGraphs":[],"customGraphs":[],"default":{"data":{"Article":[],"Course":[],"Dataset":[],"FAQPage":[],"Movie":[],"Person":[],"Product":[],"ProductReview":[],"Car":[],"Recipe":[],"Service":[],"SoftwareApplication":[],"WebPage":[]},"graphName":"","isEnabled":true},"graphs":[]},"schema_type":"default","schema_type_options":null,"pillar_content":false,"robots_default":true,"robots_noindex":false,"robots_noarchive":false,"robots_nosnippet":false,"robots_nofollow":false,"robots_noimageindex":false,"robots_noodp":false,"robots_notranslate":false,"robots_max_snippet":null,"robots_max_videopreview":null,"robots_max_imagepreview":"large","priority":null,"frequency":null,"local_seo":null,"breadcrumb_settings":null,"limit_modified_date":false,"ai":null,"created":"2023-06-12 23:11:43","updated":"2025-07-11 09:28:33","seo_analyzer_scan_date":null},"aioseo_breadcrumb":"<div class=\"aioseo-breadcrumbs\"><span class=\"aioseo-breadcrumb\">\n\t\t\t<a href=\"https:\/\/newsinfoco.com.br\/inicio\" title=\"In\u00edcio\">In\u00edcio<\/a>\n\t\t<\/span><span class=\"aioseo-breadcrumb-separator\">&raquo;<\/span><span class=\"aioseo-breadcrumb\">\n\t\t\t<a href=\"https:\/\/newsinfoco.com.br\/inicio\/category\/alagoinhas-e-regiao\/\" title=\"Alagoinhas e Regi\u00e3o\">Alagoinhas e Regi\u00e3o<\/a>\n\t\t<\/span><span class=\"aioseo-breadcrumb-separator\">&raquo;<\/span><span class=\"aioseo-breadcrumb\">\n\t\t\tPrefeito Joaquim Neto d\u00e1 posse a 30 novos servidores municipais\n\t\t<\/span><\/div>","aioseo_breadcrumb_json":[{"label":"In\u00edcio","link":"https:\/\/newsinfoco.com.br\/inicio"},{"label":"Alagoinhas e Regi\u00e3o","link":"https:\/\/newsinfoco.com.br\/inicio\/category\/alagoinhas-e-regiao\/"},{"label":"Prefeito Joaquim Neto d\u00e1 posse a 30 novos servidores municipais","link":"https:\/\/newsinfoco.com.br\/inicio\/prefeito-joaquim-neto-da-posse-a-30-novos-servidores-municipais\/"}],"_links":{"self":[{"href":"https:\/\/newsinfoco.com.br\/inicio\/wp-json\/wp\/v2\/posts\/33526","targetHints":{"allow":["GET"]}}],"collection":[{"href":"https:\/\/newsinfoco.com.br\/inicio\/wp-json\/wp\/v2\/posts"}],"about":[{"href":"https:\/\/newsinfoco.com.br\/inicio\/wp-json\/wp\/v2\/types\/post"}],"author":[{"embeddable":true,"href":"https:\/\/newsinfoco.com.br\/inicio\/wp-json\/wp\/v2\/users\/1"}],"replies":[{"embeddable":true,"href":"https:\/\/newsinfoco.com.br\/inicio\/wp-json\/wp\/v2\/comments?post=33526"}],"version-history":[{"count":2,"href":"https:\/\/newsinfoco.com.br\/inicio\/wp-json\/wp\/v2\/posts\/33526\/revisions"}],"predecessor-version":[{"id":33529,"href":"https:\/\/newsinfoco.com.br\/inicio\/wp-json\/wp\/v2\/posts\/33526\/revisions\/33529"}],"wp:featuredmedia":[{"embeddable":true,"href":"https:\/\/newsinfoco.com.br\/inicio\/wp-json\/wp\/v2\/media\/33527"}],"wp:attachment":[{"href":"https:\/\/newsinfoco.com.br\/inicio\/wp-json\/wp\/v2\/media?parent=33526"}],"wp:term":[{"taxonomy":"category","embeddable":true,"href":"https:\/\/newsinfoco.com.br\/inicio\/wp-json\/wp\/v2\/categories?post=33526"},{"taxonomy":"post_tag","embeddable":true,"href":"https:\/\/newsinfoco.com.br\/inicio\/wp-json\/wp\/v2\/tags?post=33526"}],"curies":[{"name":"wp","href":"https:\/\/api.w.org\/{rel}","templated":true}]}}