{"id":33556,"date":"2023-04-09T16:56:24","date_gmt":"2023-04-09T19:56:24","guid":{"rendered":"https:\/\/newsinfoco.com.br\/inicio\/?p=33556"},"modified":"2023-04-09T16:56:24","modified_gmt":"2023-04-09T19:56:24","slug":"abril-laranja-prefeitura-de-alagoinhas-realiza-campanha-contra-a-crueldade-animal","status":"publish","type":"post","link":"https:\/\/newsinfoco.com.br\/inicio\/abril-laranja-prefeitura-de-alagoinhas-realiza-campanha-contra-a-crueldade-animal\/","title":{"rendered":"Abril Laranja \u2013 Prefeitura de Alagoinhas realiza campanha contra a crueldade animal"},"content":{"rendered":"<p>Embora\u00a0muitas pessoas ainda n\u00e3o saibam, existe um m\u00eas dedicado especialmente \u00e0 preven\u00e7\u00e3o e combate \u00e0 crueldade com os animais; \u00e9 o\u00a0<strong>Abril Laranja<\/strong>. A Prefeitura Municipal, por meio da Secretaria de Desenvolvimento Econ\u00f4mico e Meio Ambiente (SEDEA), trouxe a campanha para a cidade de Alagoinhas, com o objetivo de informar e sensibilizar a popula\u00e7\u00e3o a esta causa, gerando uma mudan\u00e7a de comportamento.<\/p>\n<p>Haver\u00e1 palestras educativas, pontos para ado\u00e7\u00e3o respons\u00e1vel e para doa\u00e7\u00e3o de itens para animais em situa\u00e7\u00e3o de acolhimento, campanha de vacina\u00e7\u00e3o e exposi\u00e7\u00e3o de grupos protetores de animais. A iniciativa conta com o importante apoio da vereadora Luma Menezes, que destinou emenda de R$20.000 para a realiza\u00e7\u00e3o da campanha.<\/p>\n<p>Bruno Fagundes, titular da SEDEA, explica que o problema de abandono e maus-tratos\u00a0traz problemas de cunho sanit\u00e1rio, para a sa\u00fade dos animais e tamb\u00e9m dos seres humanos, al\u00e9m de superlotar as institui\u00e7\u00f5es de\u00a0abrigo\u00a0de animais. \u201cO corpo de fiscais e de engenheiros ambientais da SEDEA percebeu o aumento nas den\u00fancias de maus-tratos e abandono de animais. Isso nos motivou a come\u00e7ar esse movimento, para garantir o bem-estar e sa\u00fade humana e animal, al\u00e9m de reduzir custos da administra\u00e7\u00e3o p\u00fablica com a diminui\u00e7\u00e3o do n\u00famero de animais em abrigos, que recebem subs\u00eddios da prefeitura municipal\u201d, acrescenta Fagundes.<\/p>\n<p>A campanha quer mostrar que os seres humanos s\u00e3o respons\u00e1veis por oferecer aos animais cuidado e carinho; e isso n\u00e3o se refere apenas a cachorros e gatos, mas a todas as esp\u00e9cies \u2013 dom\u00e9sticos, silvestres, nativos ou ex\u00f3ticos. Mesmo aquelas pessoas que n\u00e3o tenham afinidade com bichinhos de estima\u00e7\u00e3o, por exemplo, precisam ter empatia e respeitar os animais ao seu redor, sem submet\u00ea-los a atos de crueldade.<\/p>\n<h4>Crime<\/h4>\n<p>O Abril Laranja \u00e9 embasado em leis que protegem os animais e que consideram crime a\u00e7\u00f5es de crueldade e maus-tratos. Tanto a\u00a0<a href=\"http:\/\/www.planalto.gov.br\/ccivil_03\/leis\/l9605.htm\">Lei Federal de Crimes Ambientais<\/a>\u00a0(9.605\/1998) quanto a\u00a0<a href=\"https:\/\/leismunicipais.com.br\/a\/ba\/a\/alagoinhas\/lei-ordinaria\/2019\/247\/2463\/lei-ordinaria-n-2463-2019-dispoe-sobre-normas-para-coibir-aqueles-que-em-lugar-publico-ou-privado-apliquem-maus-tratos-aos-animais-impoe-penalidades-e-da-outras-providencias\">Lei Municipal 2.463\/2019<\/a>\u00a0descrevem as pr\u00e1ticas que configuram maus-tratos aos animais e imp\u00f5em penalidades aos que os praticam. As penas podem ser de multas, reclus\u00e3o por at\u00e9 cinco anos, e proibi\u00e7\u00e3o de guarda.<\/p>\n<p>\u00c9 importante salientar que os maus-tratos\u00a0contra animais n\u00e3o se configuram apenas como agress\u00e3o f\u00edsica. De acordo com a legisla\u00e7\u00e3o, qualquer a\u00e7\u00e3o que coloque em risco a integridade f\u00edsica e\/ou emocional do animal \u00e9 considerada como maus-tratos.<\/p>\n<p>Veja abaixo algumas formas de\u00a0crueldade previstas em lei:<\/p>\n<ul>\n<li>Abandonar o animal.<\/li>\n<li>Ferir, mutilar, envenenar, castigar.<\/li>\n<li>Manter em locais pequenos sem possibilidade de circula\u00e7\u00e3o e sem higiene.<\/li>\n<li>N\u00e3o abrigar do sol, chuva ou frio.<\/li>\n<li>N\u00e3o alimentar, n\u00e3o dar \u00e1gua, negar assist\u00eancia veterin\u00e1ria se preciso.<\/li>\n<li>N\u00e3o atender aos cuidados m\u00ednimos necess\u00e1rios com os animais.<\/li>\n<\/ul>\n<h4>Programa\u00e7\u00e3o<\/h4>\n<p>As a\u00e7\u00f5es\u00a0da campanha Abril Laranja em Alagoinhas acontecer\u00e3o no dias 13, 14 e 15. Confira a seguir:<\/p>\n<p><strong>13\/04 \u2013 15h \u2013\u00a0 C\u00e2mara de Vereadores<\/strong><\/p>\n<p>Abertura da campanha com entrega de medalha Maria Sinforosa de Oliveira<\/p>\n<p><strong>14 e 15\/04 \u2013 De 8h \u00e0s 12h \u2013\u00a0 Estacionamento da Prefeitura<\/strong><\/p>\n<p>Exposi\u00e7\u00e3o de animais para ado\u00e7\u00e3o com a oferta de brindes.<br \/>\nVacina\u00e7\u00e3o antirr\u00e1bica (SESAU-VISA).<br \/>\nStand para recebimento de doa\u00e7\u00f5es de mantimentos e itens de higiene para os animais em situa\u00e7\u00e3o de acolhimento.<br \/>\nExposi\u00e7\u00e3o dos grupos de protetores de animais \u2013 ANJOS DE QUATRO PATAS, CASTRA 10 e CUIDA BEM DE MIM.<br \/>\nExposi\u00e7\u00e3o de apoiadores (patrocinadores do ramo pet).<\/p>\n<p>Palestras para estudantes (Dia 14):<br \/>\n9h: Cuidado com os animais \u2013 M\u00e9dico Veterin\u00e1rio \u2013 Sal\u00e3o Verde<br \/>\n9h: Cuidado com os animais \u2013 Bi\u00f3logo Eng\u00b0 Ambiental \u2013 Sal\u00e3o Verde<\/p>\n<p>&nbsp;<\/p>\n<div class='share-to-whatsapp-wrapper'><div class='share-on-whsp'>Share on: <\/div><a data-text='Abril Laranja \u2013 Prefeitura de Alagoinhas realiza campanha contra a crueldade animal' data-link='https:\/\/newsinfoco.com.br\/inicio\/abril-laranja-prefeitura-de-alagoinhas-realiza-campanha-contra-a-crueldade-animal\/' class='whatsapp-button whatsapp-share'>WhatsApp<\/a><div class='clear '><\/div><\/div>","protected":false},"excerpt":{"rendered":"<p>Embora\u00a0muitas pessoas ainda n\u00e3o saibam, existe um m\u00eas dedicado especialmente \u00e0 preven\u00e7\u00e3o e combate \u00e0 crueldade com os animais; \u00e9 o\u00a0Abril Laranja. A Prefeitura Municipal, por meio da Secretaria de Desenvolvimento Econ\u00f4mico e Meio Ambiente (SEDEA), trouxe a campanha para a cidade de Alagoinhas, com o objetivo de informar e sensibilizar a popula\u00e7\u00e3o a esta [&hellip;]<\/p>\n","protected":false},"author":1,"featured_media":33557,"comment_status":"closed","ping_status":"closed","sticky":false,"template":"","format":"standard","meta":{"om_disable_all_campaigns":false,"rop_custom_images_group":[],"rop_custom_messages_group":[],"rop_publish_now":"initial","rop_publish_now_accounts":[],"rop_publish_now_history":[],"rop_publish_now_status":"pending","_exactmetrics_skip_tracking":false,"footnotes":""},"categories":[38,167],"tags":[],"class_list":["post-33556","post","type-post","status-publish","format-standard","has-post-thumbnail","hentry","category-alagoinhas-e-regiao","category-exclusivas"],"aioseo_notices":[],"aioseo_head":"\n\t\t<!-- All in One SEO 4.9.10 - aioseo.com -->\n\t<meta name=\"description\" content=\"Embora muitas pessoas ainda n\u00e3o saibam, existe um m\u00eas dedicado especialmente \u00e0 preven\u00e7\u00e3o e combate \u00e0 crueldade com os animais; \u00e9 o Abril Laranja. A Prefeitura Municipal, por meio da Secretaria de Desenvolvimento Econ\u00f4mico e Meio Ambiente (SEDEA), trouxe a campanha para a cidade de Alagoinhas, com o objetivo de informar e sensibilizar a popula\u00e7\u00e3o a esta\" \/>\n\t<meta name=\"robots\" content=\"max-image-preview:large\" \/>\n\t<meta name=\"author\" content=\"administrador\"\/>\n\t<link rel=\"canonical\" href=\"https:\/\/newsinfoco.com.br\/inicio\/abril-laranja-prefeitura-de-alagoinhas-realiza-campanha-contra-a-crueldade-animal\/\" \/>\n\t<meta name=\"generator\" content=\"All in One SEO (AIOSEO) 4.9.10\" \/>\n\t\t<meta property=\"og:locale\" content=\"pt_BR\" \/>\n\t\t<meta property=\"og:site_name\" content=\"News In Foco - Editado por Caio Pimenta - O principal site de noticias de Alagoinhas e regi\u00e3o\" \/>\n\t\t<meta property=\"og:type\" content=\"article\" \/>\n\t\t<meta property=\"og:title\" content=\"Abril Laranja \u2013 Prefeitura de Alagoinhas realiza campanha contra a crueldade animal - News In Foco - Editado por Caio Pimenta\" \/>\n\t\t<meta property=\"og:description\" content=\"Embora muitas pessoas ainda n\u00e3o saibam, existe um m\u00eas dedicado especialmente \u00e0 preven\u00e7\u00e3o e combate \u00e0 crueldade com os animais; \u00e9 o Abril Laranja. A Prefeitura Municipal, por meio da Secretaria de Desenvolvimento Econ\u00f4mico e Meio Ambiente (SEDEA), trouxe a campanha para a cidade de Alagoinhas, com o objetivo de informar e sensibilizar a popula\u00e7\u00e3o a esta\" \/>\n\t\t<meta property=\"og:url\" content=\"https:\/\/newsinfoco.com.br\/inicio\/abril-laranja-prefeitura-de-alagoinhas-realiza-campanha-contra-a-crueldade-animal\/\" \/>\n\t\t<meta property=\"article:published_time\" content=\"2023-04-09T19:56:24+00:00\" \/>\n\t\t<meta property=\"article:modified_time\" content=\"2023-04-09T19:56:24+00:00\" \/>\n\t\t<meta name=\"twitter:card\" content=\"summary_large_image\" \/>\n\t\t<meta name=\"twitter:title\" content=\"Abril Laranja \u2013 Prefeitura de Alagoinhas realiza campanha contra a crueldade animal - News In Foco - Editado por Caio Pimenta\" \/>\n\t\t<meta name=\"twitter:description\" content=\"Embora muitas pessoas ainda n\u00e3o saibam, existe um m\u00eas dedicado especialmente \u00e0 preven\u00e7\u00e3o e combate \u00e0 crueldade com os animais; \u00e9 o Abril Laranja. A Prefeitura Municipal, por meio da Secretaria de Desenvolvimento Econ\u00f4mico e Meio Ambiente (SEDEA), trouxe a campanha para a cidade de Alagoinhas, com o objetivo de informar e sensibilizar a popula\u00e7\u00e3o a esta\" \/>\n\t\t<script type=\"application\/ld+json\" class=\"aioseo-schema\">\n\t\t\t{\"@context\":\"https:\\\/\\\/schema.org\",\"@graph\":[{\"@type\":\"BlogPosting\",\"@id\":\"https:\\\/\\\/newsinfoco.com.br\\\/inicio\\\/abril-laranja-prefeitura-de-alagoinhas-realiza-campanha-contra-a-crueldade-animal\\\/#blogposting\",\"name\":\"Abril Laranja \\u2013 Prefeitura de Alagoinhas realiza campanha contra a crueldade animal - News In Foco - Editado por Caio Pimenta\",\"headline\":\"Abril Laranja \\u2013 Prefeitura de Alagoinhas realiza campanha contra a crueldade animal\",\"author\":{\"@id\":\"https:\\\/\\\/newsinfoco.com.br\\\/inicio\\\/author\\\/administrador\\\/#author\"},\"publisher\":{\"@id\":\"https:\\\/\\\/newsinfoco.com.br\\\/inicio\\\/#organization\"},\"image\":{\"@type\":\"ImageObject\",\"url\":\"https:\\\/\\\/newsinfoco.com.br\\\/inicio\\\/wp-content\\\/uploads\\\/2023\\\/04\\\/WhatsApp-Image-2023-04-05-at-08.53.56-768x768-1.jpeg\",\"width\":768,\"height\":768},\"datePublished\":\"2023-04-09T16:56:24-03:00\",\"dateModified\":\"2023-04-09T16:56:24-03:00\",\"inLanguage\":\"pt-BR\",\"mainEntityOfPage\":{\"@id\":\"https:\\\/\\\/newsinfoco.com.br\\\/inicio\\\/abril-laranja-prefeitura-de-alagoinhas-realiza-campanha-contra-a-crueldade-animal\\\/#webpage\"},\"isPartOf\":{\"@id\":\"https:\\\/\\\/newsinfoco.com.br\\\/inicio\\\/abril-laranja-prefeitura-de-alagoinhas-realiza-campanha-contra-a-crueldade-animal\\\/#webpage\"},\"articleSection\":\"Alagoinhas e Regi\\u00e3o, Manchete\"},{\"@type\":\"BreadcrumbList\",\"@id\":\"https:\\\/\\\/newsinfoco.com.br\\\/inicio\\\/abril-laranja-prefeitura-de-alagoinhas-realiza-campanha-contra-a-crueldade-animal\\\/#breadcrumblist\",\"itemListElement\":[{\"@type\":\"ListItem\",\"@id\":\"https:\\\/\\\/newsinfoco.com.br\\\/inicio#listItem\",\"position\":1,\"name\":\"In\\u00edcio\",\"item\":\"https:\\\/\\\/newsinfoco.com.br\\\/inicio\",\"nextItem\":{\"@type\":\"ListItem\",\"@id\":\"https:\\\/\\\/newsinfoco.com.br\\\/inicio\\\/category\\\/alagoinhas-e-regiao\\\/#listItem\",\"name\":\"Alagoinhas e Regi\\u00e3o\"}},{\"@type\":\"ListItem\",\"@id\":\"https:\\\/\\\/newsinfoco.com.br\\\/inicio\\\/category\\\/alagoinhas-e-regiao\\\/#listItem\",\"position\":2,\"name\":\"Alagoinhas e Regi\\u00e3o\",\"item\":\"https:\\\/\\\/newsinfoco.com.br\\\/inicio\\\/category\\\/alagoinhas-e-regiao\\\/\",\"nextItem\":{\"@type\":\"ListItem\",\"@id\":\"https:\\\/\\\/newsinfoco.com.br\\\/inicio\\\/abril-laranja-prefeitura-de-alagoinhas-realiza-campanha-contra-a-crueldade-animal\\\/#listItem\",\"name\":\"Abril Laranja \\u2013 Prefeitura de Alagoinhas realiza campanha contra a crueldade animal\"},\"previousItem\":{\"@type\":\"ListItem\",\"@id\":\"https:\\\/\\\/newsinfoco.com.br\\\/inicio#listItem\",\"name\":\"In\\u00edcio\"}},{\"@type\":\"ListItem\",\"@id\":\"https:\\\/\\\/newsinfoco.com.br\\\/inicio\\\/abril-laranja-prefeitura-de-alagoinhas-realiza-campanha-contra-a-crueldade-animal\\\/#listItem\",\"position\":3,\"name\":\"Abril Laranja \\u2013 Prefeitura de Alagoinhas realiza campanha contra a crueldade animal\",\"previousItem\":{\"@type\":\"ListItem\",\"@id\":\"https:\\\/\\\/newsinfoco.com.br\\\/inicio\\\/category\\\/alagoinhas-e-regiao\\\/#listItem\",\"name\":\"Alagoinhas e Regi\\u00e3o\"}}]},{\"@type\":\"Organization\",\"@id\":\"https:\\\/\\\/newsinfoco.com.br\\\/inicio\\\/#organization\",\"name\":\"News In Foco - Editado por Caio Pimenta\",\"description\":\"O principal site de noticias de Alagoinhas e regi\\u00e3o\",\"url\":\"https:\\\/\\\/newsinfoco.com.br\\\/inicio\\\/\"},{\"@type\":\"Person\",\"@id\":\"https:\\\/\\\/newsinfoco.com.br\\\/inicio\\\/author\\\/administrador\\\/#author\",\"url\":\"https:\\\/\\\/newsinfoco.com.br\\\/inicio\\\/author\\\/administrador\\\/\",\"name\":\"administrador\",\"image\":{\"@type\":\"ImageObject\",\"@id\":\"https:\\\/\\\/newsinfoco.com.br\\\/inicio\\\/abril-laranja-prefeitura-de-alagoinhas-realiza-campanha-contra-a-crueldade-animal\\\/#authorImage\",\"url\":\"https:\\\/\\\/secure.gravatar.com\\\/avatar\\\/c17a617433de8c1dc9584bb79aab7563b46f5bb7e1728c9b17d9cc3ce6a08e49?s=96&d=mm&r=g\",\"width\":96,\"height\":96,\"caption\":\"administrador\"}},{\"@type\":\"WebPage\",\"@id\":\"https:\\\/\\\/newsinfoco.com.br\\\/inicio\\\/abril-laranja-prefeitura-de-alagoinhas-realiza-campanha-contra-a-crueldade-animal\\\/#webpage\",\"url\":\"https:\\\/\\\/newsinfoco.com.br\\\/inicio\\\/abril-laranja-prefeitura-de-alagoinhas-realiza-campanha-contra-a-crueldade-animal\\\/\",\"name\":\"Abril Laranja \\u2013 Prefeitura de Alagoinhas realiza campanha contra a crueldade animal - News In Foco - Editado por Caio Pimenta\",\"description\":\"Embora muitas pessoas ainda n\\u00e3o saibam, existe um m\\u00eas dedicado especialmente \\u00e0 preven\\u00e7\\u00e3o e combate \\u00e0 crueldade com os animais; \\u00e9 o Abril Laranja. A Prefeitura Municipal, por meio da Secretaria de Desenvolvimento Econ\\u00f4mico e Meio Ambiente (SEDEA), trouxe a campanha para a cidade de Alagoinhas, com o objetivo de informar e sensibilizar a popula\\u00e7\\u00e3o a esta\",\"inLanguage\":\"pt-BR\",\"isPartOf\":{\"@id\":\"https:\\\/\\\/newsinfoco.com.br\\\/inicio\\\/#website\"},\"breadcrumb\":{\"@id\":\"https:\\\/\\\/newsinfoco.com.br\\\/inicio\\\/abril-laranja-prefeitura-de-alagoinhas-realiza-campanha-contra-a-crueldade-animal\\\/#breadcrumblist\"},\"author\":{\"@id\":\"https:\\\/\\\/newsinfoco.com.br\\\/inicio\\\/author\\\/administrador\\\/#author\"},\"creator\":{\"@id\":\"https:\\\/\\\/newsinfoco.com.br\\\/inicio\\\/author\\\/administrador\\\/#author\"},\"image\":{\"@type\":\"ImageObject\",\"url\":\"https:\\\/\\\/newsinfoco.com.br\\\/inicio\\\/wp-content\\\/uploads\\\/2023\\\/04\\\/WhatsApp-Image-2023-04-05-at-08.53.56-768x768-1.jpeg\",\"@id\":\"https:\\\/\\\/newsinfoco.com.br\\\/inicio\\\/abril-laranja-prefeitura-de-alagoinhas-realiza-campanha-contra-a-crueldade-animal\\\/#mainImage\",\"width\":768,\"height\":768},\"primaryImageOfPage\":{\"@id\":\"https:\\\/\\\/newsinfoco.com.br\\\/inicio\\\/abril-laranja-prefeitura-de-alagoinhas-realiza-campanha-contra-a-crueldade-animal\\\/#mainImage\"},\"datePublished\":\"2023-04-09T16:56:24-03:00\",\"dateModified\":\"2023-04-09T16:56:24-03:00\"},{\"@type\":\"WebSite\",\"@id\":\"https:\\\/\\\/newsinfoco.com.br\\\/inicio\\\/#website\",\"url\":\"https:\\\/\\\/newsinfoco.com.br\\\/inicio\\\/\",\"name\":\"News In Foco - Editado por Caio Pimenta\",\"description\":\"O principal site de noticias de Alagoinhas e regi\\u00e3o\",\"inLanguage\":\"pt-BR\",\"publisher\":{\"@id\":\"https:\\\/\\\/newsinfoco.com.br\\\/inicio\\\/#organization\"}}]}\n\t\t<\/script>\n\t\t<!-- All in One SEO -->\n\n","aioseo_head_json":{"title":"Abril Laranja \u2013 Prefeitura de Alagoinhas realiza campanha contra a crueldade animal - News In Foco - Editado por Caio Pimenta","description":"Embora muitas pessoas ainda n\u00e3o saibam, existe um m\u00eas dedicado especialmente \u00e0 preven\u00e7\u00e3o e combate \u00e0 crueldade com os animais; \u00e9 o Abril Laranja. A Prefeitura Municipal, por meio da Secretaria de Desenvolvimento Econ\u00f4mico e Meio Ambiente (SEDEA), trouxe a campanha para a cidade de Alagoinhas, com o objetivo de informar e sensibilizar a popula\u00e7\u00e3o a esta","canonical_url":"https:\/\/newsinfoco.com.br\/inicio\/abril-laranja-prefeitura-de-alagoinhas-realiza-campanha-contra-a-crueldade-animal\/","robots":"max-image-preview:large","keywords":"","webmasterTools":{"miscellaneous":""},"schema":{"@context":"https:\/\/schema.org","@graph":[{"@type":"BlogPosting","@id":"https:\/\/newsinfoco.com.br\/inicio\/abril-laranja-prefeitura-de-alagoinhas-realiza-campanha-contra-a-crueldade-animal\/#blogposting","name":"Abril Laranja \u2013 Prefeitura de Alagoinhas realiza campanha contra a crueldade animal - News In Foco - Editado por Caio Pimenta","headline":"Abril Laranja \u2013 Prefeitura de Alagoinhas realiza campanha contra a crueldade animal","author":{"@id":"https:\/\/newsinfoco.com.br\/inicio\/author\/administrador\/#author"},"publisher":{"@id":"https:\/\/newsinfoco.com.br\/inicio\/#organization"},"image":{"@type":"ImageObject","url":"https:\/\/newsinfoco.com.br\/inicio\/wp-content\/uploads\/2023\/04\/WhatsApp-Image-2023-04-05-at-08.53.56-768x768-1.jpeg","width":768,"height":768},"datePublished":"2023-04-09T16:56:24-03:00","dateModified":"2023-04-09T16:56:24-03:00","inLanguage":"pt-BR","mainEntityOfPage":{"@id":"https:\/\/newsinfoco.com.br\/inicio\/abril-laranja-prefeitura-de-alagoinhas-realiza-campanha-contra-a-crueldade-animal\/#webpage"},"isPartOf":{"@id":"https:\/\/newsinfoco.com.br\/inicio\/abril-laranja-prefeitura-de-alagoinhas-realiza-campanha-contra-a-crueldade-animal\/#webpage"},"articleSection":"Alagoinhas e Regi\u00e3o, Manchete"},{"@type":"BreadcrumbList","@id":"https:\/\/newsinfoco.com.br\/inicio\/abril-laranja-prefeitura-de-alagoinhas-realiza-campanha-contra-a-crueldade-animal\/#breadcrumblist","itemListElement":[{"@type":"ListItem","@id":"https:\/\/newsinfoco.com.br\/inicio#listItem","position":1,"name":"In\u00edcio","item":"https:\/\/newsinfoco.com.br\/inicio","nextItem":{"@type":"ListItem","@id":"https:\/\/newsinfoco.com.br\/inicio\/category\/alagoinhas-e-regiao\/#listItem","name":"Alagoinhas e Regi\u00e3o"}},{"@type":"ListItem","@id":"https:\/\/newsinfoco.com.br\/inicio\/category\/alagoinhas-e-regiao\/#listItem","position":2,"name":"Alagoinhas e Regi\u00e3o","item":"https:\/\/newsinfoco.com.br\/inicio\/category\/alagoinhas-e-regiao\/","nextItem":{"@type":"ListItem","@id":"https:\/\/newsinfoco.com.br\/inicio\/abril-laranja-prefeitura-de-alagoinhas-realiza-campanha-contra-a-crueldade-animal\/#listItem","name":"Abril Laranja \u2013 Prefeitura de Alagoinhas realiza campanha contra a crueldade animal"},"previousItem":{"@type":"ListItem","@id":"https:\/\/newsinfoco.com.br\/inicio#listItem","name":"In\u00edcio"}},{"@type":"ListItem","@id":"https:\/\/newsinfoco.com.br\/inicio\/abril-laranja-prefeitura-de-alagoinhas-realiza-campanha-contra-a-crueldade-animal\/#listItem","position":3,"name":"Abril Laranja \u2013 Prefeitura de Alagoinhas realiza campanha contra a crueldade animal","previousItem":{"@type":"ListItem","@id":"https:\/\/newsinfoco.com.br\/inicio\/category\/alagoinhas-e-regiao\/#listItem","name":"Alagoinhas e Regi\u00e3o"}}]},{"@type":"Organization","@id":"https:\/\/newsinfoco.com.br\/inicio\/#organization","name":"News In Foco - Editado por Caio Pimenta","description":"O principal site de noticias de Alagoinhas e regi\u00e3o","url":"https:\/\/newsinfoco.com.br\/inicio\/"},{"@type":"Person","@id":"https:\/\/newsinfoco.com.br\/inicio\/author\/administrador\/#author","url":"https:\/\/newsinfoco.com.br\/inicio\/author\/administrador\/","name":"administrador","image":{"@type":"ImageObject","@id":"https:\/\/newsinfoco.com.br\/inicio\/abril-laranja-prefeitura-de-alagoinhas-realiza-campanha-contra-a-crueldade-animal\/#authorImage","url":"https:\/\/secure.gravatar.com\/avatar\/c17a617433de8c1dc9584bb79aab7563b46f5bb7e1728c9b17d9cc3ce6a08e49?s=96&d=mm&r=g","width":96,"height":96,"caption":"administrador"}},{"@type":"WebPage","@id":"https:\/\/newsinfoco.com.br\/inicio\/abril-laranja-prefeitura-de-alagoinhas-realiza-campanha-contra-a-crueldade-animal\/#webpage","url":"https:\/\/newsinfoco.com.br\/inicio\/abril-laranja-prefeitura-de-alagoinhas-realiza-campanha-contra-a-crueldade-animal\/","name":"Abril Laranja \u2013 Prefeitura de Alagoinhas realiza campanha contra a crueldade animal - News In Foco - Editado por Caio Pimenta","description":"Embora muitas pessoas ainda n\u00e3o saibam, existe um m\u00eas dedicado especialmente \u00e0 preven\u00e7\u00e3o e combate \u00e0 crueldade com os animais; \u00e9 o Abril Laranja. A Prefeitura Municipal, por meio da Secretaria de Desenvolvimento Econ\u00f4mico e Meio Ambiente (SEDEA), trouxe a campanha para a cidade de Alagoinhas, com o objetivo de informar e sensibilizar a popula\u00e7\u00e3o a esta","inLanguage":"pt-BR","isPartOf":{"@id":"https:\/\/newsinfoco.com.br\/inicio\/#website"},"breadcrumb":{"@id":"https:\/\/newsinfoco.com.br\/inicio\/abril-laranja-prefeitura-de-alagoinhas-realiza-campanha-contra-a-crueldade-animal\/#breadcrumblist"},"author":{"@id":"https:\/\/newsinfoco.com.br\/inicio\/author\/administrador\/#author"},"creator":{"@id":"https:\/\/newsinfoco.com.br\/inicio\/author\/administrador\/#author"},"image":{"@type":"ImageObject","url":"https:\/\/newsinfoco.com.br\/inicio\/wp-content\/uploads\/2023\/04\/WhatsApp-Image-2023-04-05-at-08.53.56-768x768-1.jpeg","@id":"https:\/\/newsinfoco.com.br\/inicio\/abril-laranja-prefeitura-de-alagoinhas-realiza-campanha-contra-a-crueldade-animal\/#mainImage","width":768,"height":768},"primaryImageOfPage":{"@id":"https:\/\/newsinfoco.com.br\/inicio\/abril-laranja-prefeitura-de-alagoinhas-realiza-campanha-contra-a-crueldade-animal\/#mainImage"},"datePublished":"2023-04-09T16:56:24-03:00","dateModified":"2023-04-09T16:56:24-03:00"},{"@type":"WebSite","@id":"https:\/\/newsinfoco.com.br\/inicio\/#website","url":"https:\/\/newsinfoco.com.br\/inicio\/","name":"News In Foco - Editado por Caio Pimenta","description":"O principal site de noticias de Alagoinhas e regi\u00e3o","inLanguage":"pt-BR","publisher":{"@id":"https:\/\/newsinfoco.com.br\/inicio\/#organization"}}]},"og:locale":"pt_BR","og:site_name":"News In Foco - Editado por Caio Pimenta - O principal site de noticias de Alagoinhas e regi\u00e3o","og:type":"article","og:title":"Abril Laranja \u2013 Prefeitura de Alagoinhas realiza campanha contra a crueldade animal - News In Foco - Editado por Caio Pimenta","og:description":"Embora muitas pessoas ainda n\u00e3o saibam, existe um m\u00eas dedicado especialmente \u00e0 preven\u00e7\u00e3o e combate \u00e0 crueldade com os animais; \u00e9 o Abril Laranja. A Prefeitura Municipal, por meio da Secretaria de Desenvolvimento Econ\u00f4mico e Meio Ambiente (SEDEA), trouxe a campanha para a cidade de Alagoinhas, com o objetivo de informar e sensibilizar a popula\u00e7\u00e3o a esta","og:url":"https:\/\/newsinfoco.com.br\/inicio\/abril-laranja-prefeitura-de-alagoinhas-realiza-campanha-contra-a-crueldade-animal\/","article:published_time":"2023-04-09T19:56:24+00:00","article:modified_time":"2023-04-09T19:56:24+00:00","twitter:card":"summary_large_image","twitter:title":"Abril Laranja \u2013 Prefeitura de Alagoinhas realiza campanha contra a crueldade animal - News In Foco - Editado por Caio Pimenta","twitter:description":"Embora muitas pessoas ainda n\u00e3o saibam, existe um m\u00eas dedicado especialmente \u00e0 preven\u00e7\u00e3o e combate \u00e0 crueldade com os animais; \u00e9 o Abril Laranja. A Prefeitura Municipal, por meio da Secretaria de Desenvolvimento Econ\u00f4mico e Meio Ambiente (SEDEA), trouxe a campanha para a cidade de Alagoinhas, com o objetivo de informar e sensibilizar a popula\u00e7\u00e3o a esta"},"aioseo_meta_data":{"post_id":"33556","title":null,"description":null,"keywords":null,"keyphrases":null,"primary_term":null,"canonical_url":null,"og_title":null,"og_description":null,"og_object_type":"default","og_image_type":"default","og_image_url":null,"og_image_width":null,"og_image_height":null,"og_image_custom_url":null,"og_image_custom_fields":null,"og_video":null,"og_custom_url":null,"og_article_section":null,"og_article_tags":null,"twitter_use_og":false,"twitter_card":"default","twitter_image_type":"default","twitter_image_url":null,"twitter_image_custom_url":null,"twitter_image_custom_fields":null,"twitter_title":null,"twitter_description":null,"schema":{"blockGraphs":[],"customGraphs":[],"default":{"data":{"Article":[],"Course":[],"Dataset":[],"FAQPage":[],"Movie":[],"Person":[],"Product":[],"ProductReview":[],"Car":[],"Recipe":[],"Service":[],"SoftwareApplication":[],"WebPage":[]},"graphName":"","isEnabled":true},"graphs":[]},"schema_type":"default","schema_type_options":null,"pillar_content":false,"robots_default":true,"robots_noindex":false,"robots_noarchive":false,"robots_nosnippet":false,"robots_nofollow":false,"robots_noimageindex":false,"robots_noodp":false,"robots_notranslate":false,"robots_max_snippet":null,"robots_max_videopreview":null,"robots_max_imagepreview":"large","priority":null,"frequency":null,"local_seo":null,"breadcrumb_settings":null,"limit_modified_date":false,"ai":null,"created":"2023-06-12 23:12:41","updated":"2025-07-11 09:30:04","seo_analyzer_scan_date":null},"aioseo_breadcrumb":"<div class=\"aioseo-breadcrumbs\"><span class=\"aioseo-breadcrumb\">\n\t\t\t<a href=\"https:\/\/newsinfoco.com.br\/inicio\" title=\"In\u00edcio\">In\u00edcio<\/a>\n\t\t<\/span><span class=\"aioseo-breadcrumb-separator\">&raquo;<\/span><span class=\"aioseo-breadcrumb\">\n\t\t\t<a href=\"https:\/\/newsinfoco.com.br\/inicio\/category\/alagoinhas-e-regiao\/\" title=\"Alagoinhas e Regi\u00e3o\">Alagoinhas e Regi\u00e3o<\/a>\n\t\t<\/span><span class=\"aioseo-breadcrumb-separator\">&raquo;<\/span><span class=\"aioseo-breadcrumb\">\n\t\t\tAbril Laranja \u2013 Prefeitura de Alagoinhas realiza campanha contra a crueldade animal\n\t\t<\/span><\/div>","aioseo_breadcrumb_json":[{"label":"In\u00edcio","link":"https:\/\/newsinfoco.com.br\/inicio"},{"label":"Alagoinhas e Regi\u00e3o","link":"https:\/\/newsinfoco.com.br\/inicio\/category\/alagoinhas-e-regiao\/"},{"label":"Abril Laranja \u2013 Prefeitura de Alagoinhas realiza campanha contra a crueldade animal","link":"https:\/\/newsinfoco.com.br\/inicio\/abril-laranja-prefeitura-de-alagoinhas-realiza-campanha-contra-a-crueldade-animal\/"}],"_links":{"self":[{"href":"https:\/\/newsinfoco.com.br\/inicio\/wp-json\/wp\/v2\/posts\/33556","targetHints":{"allow":["GET"]}}],"collection":[{"href":"https:\/\/newsinfoco.com.br\/inicio\/wp-json\/wp\/v2\/posts"}],"about":[{"href":"https:\/\/newsinfoco.com.br\/inicio\/wp-json\/wp\/v2\/types\/post"}],"author":[{"embeddable":true,"href":"https:\/\/newsinfoco.com.br\/inicio\/wp-json\/wp\/v2\/users\/1"}],"replies":[{"embeddable":true,"href":"https:\/\/newsinfoco.com.br\/inicio\/wp-json\/wp\/v2\/comments?post=33556"}],"version-history":[{"count":1,"href":"https:\/\/newsinfoco.com.br\/inicio\/wp-json\/wp\/v2\/posts\/33556\/revisions"}],"predecessor-version":[{"id":33558,"href":"https:\/\/newsinfoco.com.br\/inicio\/wp-json\/wp\/v2\/posts\/33556\/revisions\/33558"}],"wp:featuredmedia":[{"embeddable":true,"href":"https:\/\/newsinfoco.com.br\/inicio\/wp-json\/wp\/v2\/media\/33557"}],"wp:attachment":[{"href":"https:\/\/newsinfoco.com.br\/inicio\/wp-json\/wp\/v2\/media?parent=33556"}],"wp:term":[{"taxonomy":"category","embeddable":true,"href":"https:\/\/newsinfoco.com.br\/inicio\/wp-json\/wp\/v2\/categories?post=33556"},{"taxonomy":"post_tag","embeddable":true,"href":"https:\/\/newsinfoco.com.br\/inicio\/wp-json\/wp\/v2\/tags?post=33556"}],"curies":[{"name":"wp","href":"https:\/\/api.w.org\/{rel}","templated":true}]}}