{"id":33562,"date":"2023-04-09T17:11:00","date_gmt":"2023-04-09T20:11:00","guid":{"rendered":"https:\/\/newsinfoco.com.br\/inicio\/?p=33562"},"modified":"2023-04-09T17:11:00","modified_gmt":"2023-04-09T20:11:00","slug":"viagem-de-lula-a-china-deve-ter-balanco-de-novos-negocios-da-embraer-e-de-empresarios","status":"publish","type":"post","link":"https:\/\/newsinfoco.com.br\/inicio\/viagem-de-lula-a-china-deve-ter-balanco-de-novos-negocios-da-embraer-e-de-empresarios\/","title":{"rendered":"Viagem de Lula \u00e0 China deve ter balan\u00e7o de novos neg\u00f3cios da Embraer e de empres\u00e1rios"},"content":{"rendered":"<p>Remarcada para ter\u00e7a-feira (11), a viagem do presidente Luiz In\u00e1cio Lula da Silva (PT) \u00e0 China deve incluir o an\u00fancio de um balan\u00e7o de novos neg\u00f3cios entre os governos e as empresas dos dois pa\u00edses.<\/p>\n<p>As tratativas foram realizadas por representantes do governo brasileiro e empres\u00e1rios que estiveram no pa\u00eds asi\u00e1tico no final de mar\u00e7o. O petista n\u00e3o participou dessa primeira rodada de conversas devido a um quadro de pneumonia que o impediu de viajar.<\/p>\n<p>Entre os neg\u00f3cios avan\u00e7ados e que dever\u00e3o ser anunciados est\u00e3o a venda de 20 aeronaves da Embraer (a empresa brasileira de avia\u00e7\u00e3o est\u00e1 h\u00e1 cinco anos sem vender para a China), a assinatura de acordo entre Suzano e a empresa de navios chinesa Cosco para a constru\u00e7\u00e3o de 17 embarca\u00e7\u00f5es para transporte de celulose, a compra de 280 caminh\u00f5es el\u00e9tricos da empresa chinesa JAC pela Seara, entre outros.<\/p>\n<p>Eles n\u00e3o foram anunciados anteriormente devido \u00e0 aus\u00eancia de Lula na excurs\u00e3o.<\/p>\n<p>As rela\u00e7\u00f5es entre Brasil e China ficaram estremecidas durante a gest\u00e3o Jair Bolsonaro (PL), com ataques do ent\u00e3o presidente, seus filhos e ministros ao maior parceiro comercial do pa\u00eds.<\/p>\n<p>O restabelecimento dos elos diplom\u00e1ticos com a China tem sido apontado como prioridade por Lula e ministros como Carlos F\u00e1varo, da Agricultura, e Mauro Vieira, das Rela\u00e7\u00f5es Exteriores.<\/p>\n<p>&nbsp;<\/p>\n<p><span class=\"assinatura_exclusiva\">Guilherme Seto, Folhapress<\/span><\/p>\n<div class='share-to-whatsapp-wrapper'><div class='share-on-whsp'>Share on: <\/div><a data-text='Viagem de Lula \u00e0 China deve ter balan\u00e7o de novos neg\u00f3cios da Embraer e de empres\u00e1rios' data-link='https:\/\/newsinfoco.com.br\/inicio\/viagem-de-lula-a-china-deve-ter-balanco-de-novos-negocios-da-embraer-e-de-empresarios\/' class='whatsapp-button whatsapp-share'>WhatsApp<\/a><div class='clear '><\/div><\/div>","protected":false},"excerpt":{"rendered":"<p>Remarcada para ter\u00e7a-feira (11), a viagem do presidente Luiz In\u00e1cio Lula da Silva (PT) \u00e0 China deve incluir o an\u00fancio de um balan\u00e7o de novos neg\u00f3cios entre os governos e as empresas dos dois pa\u00edses. As tratativas foram realizadas por representantes do governo brasileiro e empres\u00e1rios que estiveram no pa\u00eds asi\u00e1tico no final de mar\u00e7o. [&hellip;]<\/p>\n","protected":false},"author":1,"featured_media":33563,"comment_status":"closed","ping_status":"closed","sticky":false,"template":"","format":"standard","meta":{"om_disable_all_campaigns":false,"rop_custom_images_group":[],"rop_custom_messages_group":[],"rop_publish_now":"initial","rop_publish_now_accounts":[],"rop_publish_now_history":[],"rop_publish_now_status":"pending","_exactmetrics_skip_tracking":false,"footnotes":""},"categories":[21],"tags":[],"class_list":["post-33562","post","type-post","status-publish","format-standard","has-post-thumbnail","hentry","category-brasil"],"aioseo_notices":[],"aioseo_head":"\n\t\t<!-- All in One SEO 4.9.10 - aioseo.com -->\n\t<meta name=\"description\" content=\"Remarcada para ter\u00e7a-feira (11), a viagem do presidente Luiz In\u00e1cio Lula da Silva (PT) \u00e0 China deve incluir o an\u00fancio de um balan\u00e7o de novos neg\u00f3cios entre os governos e as empresas dos dois pa\u00edses. As tratativas foram realizadas por representantes do governo brasileiro e empres\u00e1rios que estiveram no pa\u00eds asi\u00e1tico no final de mar\u00e7o.\" \/>\n\t<meta name=\"robots\" content=\"max-image-preview:large\" \/>\n\t<meta name=\"author\" content=\"administrador\"\/>\n\t<link rel=\"canonical\" href=\"https:\/\/newsinfoco.com.br\/inicio\/viagem-de-lula-a-china-deve-ter-balanco-de-novos-negocios-da-embraer-e-de-empresarios\/\" \/>\n\t<meta name=\"generator\" content=\"All in One SEO (AIOSEO) 4.9.10\" \/>\n\t\t<meta property=\"og:locale\" content=\"pt_BR\" \/>\n\t\t<meta property=\"og:site_name\" content=\"News In Foco - Editado por Caio Pimenta - O principal site de noticias de Alagoinhas e regi\u00e3o\" \/>\n\t\t<meta property=\"og:type\" content=\"article\" \/>\n\t\t<meta property=\"og:title\" content=\"Viagem de Lula \u00e0 China deve ter balan\u00e7o de novos neg\u00f3cios da Embraer e de empres\u00e1rios - News In Foco - Editado por Caio Pimenta\" \/>\n\t\t<meta property=\"og:description\" content=\"Remarcada para ter\u00e7a-feira (11), a viagem do presidente Luiz In\u00e1cio Lula da Silva (PT) \u00e0 China deve incluir o an\u00fancio de um balan\u00e7o de novos neg\u00f3cios entre os governos e as empresas dos dois pa\u00edses. As tratativas foram realizadas por representantes do governo brasileiro e empres\u00e1rios que estiveram no pa\u00eds asi\u00e1tico no final de mar\u00e7o.\" \/>\n\t\t<meta property=\"og:url\" content=\"https:\/\/newsinfoco.com.br\/inicio\/viagem-de-lula-a-china-deve-ter-balanco-de-novos-negocios-da-embraer-e-de-empresarios\/\" \/>\n\t\t<meta property=\"article:published_time\" content=\"2023-04-09T20:11:00+00:00\" \/>\n\t\t<meta property=\"article:modified_time\" content=\"2023-04-09T20:11:00+00:00\" \/>\n\t\t<meta name=\"twitter:card\" content=\"summary_large_image\" \/>\n\t\t<meta name=\"twitter:title\" content=\"Viagem de Lula \u00e0 China deve ter balan\u00e7o de novos neg\u00f3cios da Embraer e de empres\u00e1rios - News In Foco - Editado por Caio Pimenta\" \/>\n\t\t<meta name=\"twitter:description\" content=\"Remarcada para ter\u00e7a-feira (11), a viagem do presidente Luiz In\u00e1cio Lula da Silva (PT) \u00e0 China deve incluir o an\u00fancio de um balan\u00e7o de novos neg\u00f3cios entre os governos e as empresas dos dois pa\u00edses. As tratativas foram realizadas por representantes do governo brasileiro e empres\u00e1rios que estiveram no pa\u00eds asi\u00e1tico no final de mar\u00e7o.\" \/>\n\t\t<script type=\"application\/ld+json\" class=\"aioseo-schema\">\n\t\t\t{\"@context\":\"https:\\\/\\\/schema.org\",\"@graph\":[{\"@type\":\"BlogPosting\",\"@id\":\"https:\\\/\\\/newsinfoco.com.br\\\/inicio\\\/viagem-de-lula-a-china-deve-ter-balanco-de-novos-negocios-da-embraer-e-de-empresarios\\\/#blogposting\",\"name\":\"Viagem de Lula \\u00e0 China deve ter balan\\u00e7o de novos neg\\u00f3cios da Embraer e de empres\\u00e1rios - News In Foco - Editado por Caio Pimenta\",\"headline\":\"Viagem de Lula \\u00e0 China deve ter balan\\u00e7o de novos neg\\u00f3cios da Embraer e de empres\\u00e1rios\",\"author\":{\"@id\":\"https:\\\/\\\/newsinfoco.com.br\\\/inicio\\\/author\\\/administrador\\\/#author\"},\"publisher\":{\"@id\":\"https:\\\/\\\/newsinfoco.com.br\\\/inicio\\\/#organization\"},\"image\":{\"@type\":\"ImageObject\",\"url\":\"https:\\\/\\\/newsinfoco.com.br\\\/inicio\\\/wp-content\\\/uploads\\\/2023\\\/04\\\/naom_63e6db0a218e4.jpg\",\"width\":1920,\"height\":1080},\"datePublished\":\"2023-04-09T17:11:00-03:00\",\"dateModified\":\"2023-04-09T17:11:00-03:00\",\"inLanguage\":\"pt-BR\",\"mainEntityOfPage\":{\"@id\":\"https:\\\/\\\/newsinfoco.com.br\\\/inicio\\\/viagem-de-lula-a-china-deve-ter-balanco-de-novos-negocios-da-embraer-e-de-empresarios\\\/#webpage\"},\"isPartOf\":{\"@id\":\"https:\\\/\\\/newsinfoco.com.br\\\/inicio\\\/viagem-de-lula-a-china-deve-ter-balanco-de-novos-negocios-da-embraer-e-de-empresarios\\\/#webpage\"},\"articleSection\":\"Brasil\"},{\"@type\":\"BreadcrumbList\",\"@id\":\"https:\\\/\\\/newsinfoco.com.br\\\/inicio\\\/viagem-de-lula-a-china-deve-ter-balanco-de-novos-negocios-da-embraer-e-de-empresarios\\\/#breadcrumblist\",\"itemListElement\":[{\"@type\":\"ListItem\",\"@id\":\"https:\\\/\\\/newsinfoco.com.br\\\/inicio#listItem\",\"position\":1,\"name\":\"In\\u00edcio\",\"item\":\"https:\\\/\\\/newsinfoco.com.br\\\/inicio\",\"nextItem\":{\"@type\":\"ListItem\",\"@id\":\"https:\\\/\\\/newsinfoco.com.br\\\/inicio\\\/category\\\/brasil\\\/#listItem\",\"name\":\"Brasil\"}},{\"@type\":\"ListItem\",\"@id\":\"https:\\\/\\\/newsinfoco.com.br\\\/inicio\\\/category\\\/brasil\\\/#listItem\",\"position\":2,\"name\":\"Brasil\",\"item\":\"https:\\\/\\\/newsinfoco.com.br\\\/inicio\\\/category\\\/brasil\\\/\",\"nextItem\":{\"@type\":\"ListItem\",\"@id\":\"https:\\\/\\\/newsinfoco.com.br\\\/inicio\\\/viagem-de-lula-a-china-deve-ter-balanco-de-novos-negocios-da-embraer-e-de-empresarios\\\/#listItem\",\"name\":\"Viagem de Lula \\u00e0 China deve ter balan\\u00e7o de novos neg\\u00f3cios da Embraer e de empres\\u00e1rios\"},\"previousItem\":{\"@type\":\"ListItem\",\"@id\":\"https:\\\/\\\/newsinfoco.com.br\\\/inicio#listItem\",\"name\":\"In\\u00edcio\"}},{\"@type\":\"ListItem\",\"@id\":\"https:\\\/\\\/newsinfoco.com.br\\\/inicio\\\/viagem-de-lula-a-china-deve-ter-balanco-de-novos-negocios-da-embraer-e-de-empresarios\\\/#listItem\",\"position\":3,\"name\":\"Viagem de Lula \\u00e0 China deve ter balan\\u00e7o de novos neg\\u00f3cios da Embraer e de empres\\u00e1rios\",\"previousItem\":{\"@type\":\"ListItem\",\"@id\":\"https:\\\/\\\/newsinfoco.com.br\\\/inicio\\\/category\\\/brasil\\\/#listItem\",\"name\":\"Brasil\"}}]},{\"@type\":\"Organization\",\"@id\":\"https:\\\/\\\/newsinfoco.com.br\\\/inicio\\\/#organization\",\"name\":\"News In Foco - Editado por Caio Pimenta\",\"description\":\"O principal site de noticias de Alagoinhas e regi\\u00e3o\",\"url\":\"https:\\\/\\\/newsinfoco.com.br\\\/inicio\\\/\"},{\"@type\":\"Person\",\"@id\":\"https:\\\/\\\/newsinfoco.com.br\\\/inicio\\\/author\\\/administrador\\\/#author\",\"url\":\"https:\\\/\\\/newsinfoco.com.br\\\/inicio\\\/author\\\/administrador\\\/\",\"name\":\"administrador\",\"image\":{\"@type\":\"ImageObject\",\"@id\":\"https:\\\/\\\/newsinfoco.com.br\\\/inicio\\\/viagem-de-lula-a-china-deve-ter-balanco-de-novos-negocios-da-embraer-e-de-empresarios\\\/#authorImage\",\"url\":\"https:\\\/\\\/secure.gravatar.com\\\/avatar\\\/c17a617433de8c1dc9584bb79aab7563b46f5bb7e1728c9b17d9cc3ce6a08e49?s=96&d=mm&r=g\",\"width\":96,\"height\":96,\"caption\":\"administrador\"}},{\"@type\":\"WebPage\",\"@id\":\"https:\\\/\\\/newsinfoco.com.br\\\/inicio\\\/viagem-de-lula-a-china-deve-ter-balanco-de-novos-negocios-da-embraer-e-de-empresarios\\\/#webpage\",\"url\":\"https:\\\/\\\/newsinfoco.com.br\\\/inicio\\\/viagem-de-lula-a-china-deve-ter-balanco-de-novos-negocios-da-embraer-e-de-empresarios\\\/\",\"name\":\"Viagem de Lula \\u00e0 China deve ter balan\\u00e7o de novos neg\\u00f3cios da Embraer e de empres\\u00e1rios - News In Foco - Editado por Caio Pimenta\",\"description\":\"Remarcada para ter\\u00e7a-feira (11), a viagem do presidente Luiz In\\u00e1cio Lula da Silva (PT) \\u00e0 China deve incluir o an\\u00fancio de um balan\\u00e7o de novos neg\\u00f3cios entre os governos e as empresas dos dois pa\\u00edses. As tratativas foram realizadas por representantes do governo brasileiro e empres\\u00e1rios que estiveram no pa\\u00eds asi\\u00e1tico no final de mar\\u00e7o.\",\"inLanguage\":\"pt-BR\",\"isPartOf\":{\"@id\":\"https:\\\/\\\/newsinfoco.com.br\\\/inicio\\\/#website\"},\"breadcrumb\":{\"@id\":\"https:\\\/\\\/newsinfoco.com.br\\\/inicio\\\/viagem-de-lula-a-china-deve-ter-balanco-de-novos-negocios-da-embraer-e-de-empresarios\\\/#breadcrumblist\"},\"author\":{\"@id\":\"https:\\\/\\\/newsinfoco.com.br\\\/inicio\\\/author\\\/administrador\\\/#author\"},\"creator\":{\"@id\":\"https:\\\/\\\/newsinfoco.com.br\\\/inicio\\\/author\\\/administrador\\\/#author\"},\"image\":{\"@type\":\"ImageObject\",\"url\":\"https:\\\/\\\/newsinfoco.com.br\\\/inicio\\\/wp-content\\\/uploads\\\/2023\\\/04\\\/naom_63e6db0a218e4.jpg\",\"@id\":\"https:\\\/\\\/newsinfoco.com.br\\\/inicio\\\/viagem-de-lula-a-china-deve-ter-balanco-de-novos-negocios-da-embraer-e-de-empresarios\\\/#mainImage\",\"width\":1920,\"height\":1080},\"primaryImageOfPage\":{\"@id\":\"https:\\\/\\\/newsinfoco.com.br\\\/inicio\\\/viagem-de-lula-a-china-deve-ter-balanco-de-novos-negocios-da-embraer-e-de-empresarios\\\/#mainImage\"},\"datePublished\":\"2023-04-09T17:11:00-03:00\",\"dateModified\":\"2023-04-09T17:11:00-03:00\"},{\"@type\":\"WebSite\",\"@id\":\"https:\\\/\\\/newsinfoco.com.br\\\/inicio\\\/#website\",\"url\":\"https:\\\/\\\/newsinfoco.com.br\\\/inicio\\\/\",\"name\":\"News In Foco - Editado por Caio Pimenta\",\"description\":\"O principal site de noticias de Alagoinhas e regi\\u00e3o\",\"inLanguage\":\"pt-BR\",\"publisher\":{\"@id\":\"https:\\\/\\\/newsinfoco.com.br\\\/inicio\\\/#organization\"}}]}\n\t\t<\/script>\n\t\t<!-- All in One SEO -->\n\n","aioseo_head_json":{"title":"Viagem de Lula \u00e0 China deve ter balan\u00e7o de novos neg\u00f3cios da Embraer e de empres\u00e1rios - News In Foco - Editado por Caio Pimenta","description":"Remarcada para ter\u00e7a-feira (11), a viagem do presidente Luiz In\u00e1cio Lula da Silva (PT) \u00e0 China deve incluir o an\u00fancio de um balan\u00e7o de novos neg\u00f3cios entre os governos e as empresas dos dois pa\u00edses. As tratativas foram realizadas por representantes do governo brasileiro e empres\u00e1rios que estiveram no pa\u00eds asi\u00e1tico no final de mar\u00e7o.","canonical_url":"https:\/\/newsinfoco.com.br\/inicio\/viagem-de-lula-a-china-deve-ter-balanco-de-novos-negocios-da-embraer-e-de-empresarios\/","robots":"max-image-preview:large","keywords":"","webmasterTools":{"miscellaneous":""},"schema":{"@context":"https:\/\/schema.org","@graph":[{"@type":"BlogPosting","@id":"https:\/\/newsinfoco.com.br\/inicio\/viagem-de-lula-a-china-deve-ter-balanco-de-novos-negocios-da-embraer-e-de-empresarios\/#blogposting","name":"Viagem de Lula \u00e0 China deve ter balan\u00e7o de novos neg\u00f3cios da Embraer e de empres\u00e1rios - News In Foco - Editado por Caio Pimenta","headline":"Viagem de Lula \u00e0 China deve ter balan\u00e7o de novos neg\u00f3cios da Embraer e de empres\u00e1rios","author":{"@id":"https:\/\/newsinfoco.com.br\/inicio\/author\/administrador\/#author"},"publisher":{"@id":"https:\/\/newsinfoco.com.br\/inicio\/#organization"},"image":{"@type":"ImageObject","url":"https:\/\/newsinfoco.com.br\/inicio\/wp-content\/uploads\/2023\/04\/naom_63e6db0a218e4.jpg","width":1920,"height":1080},"datePublished":"2023-04-09T17:11:00-03:00","dateModified":"2023-04-09T17:11:00-03:00","inLanguage":"pt-BR","mainEntityOfPage":{"@id":"https:\/\/newsinfoco.com.br\/inicio\/viagem-de-lula-a-china-deve-ter-balanco-de-novos-negocios-da-embraer-e-de-empresarios\/#webpage"},"isPartOf":{"@id":"https:\/\/newsinfoco.com.br\/inicio\/viagem-de-lula-a-china-deve-ter-balanco-de-novos-negocios-da-embraer-e-de-empresarios\/#webpage"},"articleSection":"Brasil"},{"@type":"BreadcrumbList","@id":"https:\/\/newsinfoco.com.br\/inicio\/viagem-de-lula-a-china-deve-ter-balanco-de-novos-negocios-da-embraer-e-de-empresarios\/#breadcrumblist","itemListElement":[{"@type":"ListItem","@id":"https:\/\/newsinfoco.com.br\/inicio#listItem","position":1,"name":"In\u00edcio","item":"https:\/\/newsinfoco.com.br\/inicio","nextItem":{"@type":"ListItem","@id":"https:\/\/newsinfoco.com.br\/inicio\/category\/brasil\/#listItem","name":"Brasil"}},{"@type":"ListItem","@id":"https:\/\/newsinfoco.com.br\/inicio\/category\/brasil\/#listItem","position":2,"name":"Brasil","item":"https:\/\/newsinfoco.com.br\/inicio\/category\/brasil\/","nextItem":{"@type":"ListItem","@id":"https:\/\/newsinfoco.com.br\/inicio\/viagem-de-lula-a-china-deve-ter-balanco-de-novos-negocios-da-embraer-e-de-empresarios\/#listItem","name":"Viagem de Lula \u00e0 China deve ter balan\u00e7o de novos neg\u00f3cios da Embraer e de empres\u00e1rios"},"previousItem":{"@type":"ListItem","@id":"https:\/\/newsinfoco.com.br\/inicio#listItem","name":"In\u00edcio"}},{"@type":"ListItem","@id":"https:\/\/newsinfoco.com.br\/inicio\/viagem-de-lula-a-china-deve-ter-balanco-de-novos-negocios-da-embraer-e-de-empresarios\/#listItem","position":3,"name":"Viagem de Lula \u00e0 China deve ter balan\u00e7o de novos neg\u00f3cios da Embraer e de empres\u00e1rios","previousItem":{"@type":"ListItem","@id":"https:\/\/newsinfoco.com.br\/inicio\/category\/brasil\/#listItem","name":"Brasil"}}]},{"@type":"Organization","@id":"https:\/\/newsinfoco.com.br\/inicio\/#organization","name":"News In Foco - Editado por Caio Pimenta","description":"O principal site de noticias de Alagoinhas e regi\u00e3o","url":"https:\/\/newsinfoco.com.br\/inicio\/"},{"@type":"Person","@id":"https:\/\/newsinfoco.com.br\/inicio\/author\/administrador\/#author","url":"https:\/\/newsinfoco.com.br\/inicio\/author\/administrador\/","name":"administrador","image":{"@type":"ImageObject","@id":"https:\/\/newsinfoco.com.br\/inicio\/viagem-de-lula-a-china-deve-ter-balanco-de-novos-negocios-da-embraer-e-de-empresarios\/#authorImage","url":"https:\/\/secure.gravatar.com\/avatar\/c17a617433de8c1dc9584bb79aab7563b46f5bb7e1728c9b17d9cc3ce6a08e49?s=96&d=mm&r=g","width":96,"height":96,"caption":"administrador"}},{"@type":"WebPage","@id":"https:\/\/newsinfoco.com.br\/inicio\/viagem-de-lula-a-china-deve-ter-balanco-de-novos-negocios-da-embraer-e-de-empresarios\/#webpage","url":"https:\/\/newsinfoco.com.br\/inicio\/viagem-de-lula-a-china-deve-ter-balanco-de-novos-negocios-da-embraer-e-de-empresarios\/","name":"Viagem de Lula \u00e0 China deve ter balan\u00e7o de novos neg\u00f3cios da Embraer e de empres\u00e1rios - News In Foco - Editado por Caio Pimenta","description":"Remarcada para ter\u00e7a-feira (11), a viagem do presidente Luiz In\u00e1cio Lula da Silva (PT) \u00e0 China deve incluir o an\u00fancio de um balan\u00e7o de novos neg\u00f3cios entre os governos e as empresas dos dois pa\u00edses. As tratativas foram realizadas por representantes do governo brasileiro e empres\u00e1rios que estiveram no pa\u00eds asi\u00e1tico no final de mar\u00e7o.","inLanguage":"pt-BR","isPartOf":{"@id":"https:\/\/newsinfoco.com.br\/inicio\/#website"},"breadcrumb":{"@id":"https:\/\/newsinfoco.com.br\/inicio\/viagem-de-lula-a-china-deve-ter-balanco-de-novos-negocios-da-embraer-e-de-empresarios\/#breadcrumblist"},"author":{"@id":"https:\/\/newsinfoco.com.br\/inicio\/author\/administrador\/#author"},"creator":{"@id":"https:\/\/newsinfoco.com.br\/inicio\/author\/administrador\/#author"},"image":{"@type":"ImageObject","url":"https:\/\/newsinfoco.com.br\/inicio\/wp-content\/uploads\/2023\/04\/naom_63e6db0a218e4.jpg","@id":"https:\/\/newsinfoco.com.br\/inicio\/viagem-de-lula-a-china-deve-ter-balanco-de-novos-negocios-da-embraer-e-de-empresarios\/#mainImage","width":1920,"height":1080},"primaryImageOfPage":{"@id":"https:\/\/newsinfoco.com.br\/inicio\/viagem-de-lula-a-china-deve-ter-balanco-de-novos-negocios-da-embraer-e-de-empresarios\/#mainImage"},"datePublished":"2023-04-09T17:11:00-03:00","dateModified":"2023-04-09T17:11:00-03:00"},{"@type":"WebSite","@id":"https:\/\/newsinfoco.com.br\/inicio\/#website","url":"https:\/\/newsinfoco.com.br\/inicio\/","name":"News In Foco - Editado por Caio Pimenta","description":"O principal site de noticias de Alagoinhas e regi\u00e3o","inLanguage":"pt-BR","publisher":{"@id":"https:\/\/newsinfoco.com.br\/inicio\/#organization"}}]},"og:locale":"pt_BR","og:site_name":"News In Foco - Editado por Caio Pimenta - O principal site de noticias de Alagoinhas e regi\u00e3o","og:type":"article","og:title":"Viagem de Lula \u00e0 China deve ter balan\u00e7o de novos neg\u00f3cios da Embraer e de empres\u00e1rios - News In Foco - Editado por Caio Pimenta","og:description":"Remarcada para ter\u00e7a-feira (11), a viagem do presidente Luiz In\u00e1cio Lula da Silva (PT) \u00e0 China deve incluir o an\u00fancio de um balan\u00e7o de novos neg\u00f3cios entre os governos e as empresas dos dois pa\u00edses. As tratativas foram realizadas por representantes do governo brasileiro e empres\u00e1rios que estiveram no pa\u00eds asi\u00e1tico no final de mar\u00e7o.","og:url":"https:\/\/newsinfoco.com.br\/inicio\/viagem-de-lula-a-china-deve-ter-balanco-de-novos-negocios-da-embraer-e-de-empresarios\/","article:published_time":"2023-04-09T20:11:00+00:00","article:modified_time":"2023-04-09T20:11:00+00:00","twitter:card":"summary_large_image","twitter:title":"Viagem de Lula \u00e0 China deve ter balan\u00e7o de novos neg\u00f3cios da Embraer e de empres\u00e1rios - News In Foco - Editado por Caio Pimenta","twitter:description":"Remarcada para ter\u00e7a-feira (11), a viagem do presidente Luiz In\u00e1cio Lula da Silva (PT) \u00e0 China deve incluir o an\u00fancio de um balan\u00e7o de novos neg\u00f3cios entre os governos e as empresas dos dois pa\u00edses. As tratativas foram realizadas por representantes do governo brasileiro e empres\u00e1rios que estiveram no pa\u00eds asi\u00e1tico no final de mar\u00e7o."},"aioseo_meta_data":{"post_id":"33562","title":null,"description":null,"keywords":null,"keyphrases":null,"primary_term":null,"canonical_url":null,"og_title":null,"og_description":null,"og_object_type":"default","og_image_type":"default","og_image_url":null,"og_image_width":null,"og_image_height":null,"og_image_custom_url":null,"og_image_custom_fields":null,"og_video":null,"og_custom_url":null,"og_article_section":null,"og_article_tags":null,"twitter_use_og":false,"twitter_card":"default","twitter_image_type":"default","twitter_image_url":null,"twitter_image_custom_url":null,"twitter_image_custom_fields":null,"twitter_title":null,"twitter_description":null,"schema":{"blockGraphs":[],"customGraphs":[],"default":{"data":{"Article":[],"Course":[],"Dataset":[],"FAQPage":[],"Movie":[],"Person":[],"Product":[],"ProductReview":[],"Car":[],"Recipe":[],"Service":[],"SoftwareApplication":[],"WebPage":[]},"graphName":"","isEnabled":true},"graphs":[]},"schema_type":"default","schema_type_options":null,"pillar_content":false,"robots_default":true,"robots_noindex":false,"robots_noarchive":false,"robots_nosnippet":false,"robots_nofollow":false,"robots_noimageindex":false,"robots_noodp":false,"robots_notranslate":false,"robots_max_snippet":null,"robots_max_videopreview":null,"robots_max_imagepreview":"large","priority":null,"frequency":null,"local_seo":null,"breadcrumb_settings":null,"limit_modified_date":false,"ai":null,"created":"2023-06-12 23:12:41","updated":"2025-07-11 09:30:04","seo_analyzer_scan_date":null},"aioseo_breadcrumb":"<div class=\"aioseo-breadcrumbs\"><span class=\"aioseo-breadcrumb\">\n\t\t\t<a href=\"https:\/\/newsinfoco.com.br\/inicio\" title=\"In\u00edcio\">In\u00edcio<\/a>\n\t\t<\/span><span class=\"aioseo-breadcrumb-separator\">&raquo;<\/span><span class=\"aioseo-breadcrumb\">\n\t\t\t<a href=\"https:\/\/newsinfoco.com.br\/inicio\/category\/brasil\/\" title=\"Brasil\">Brasil<\/a>\n\t\t<\/span><span class=\"aioseo-breadcrumb-separator\">&raquo;<\/span><span class=\"aioseo-breadcrumb\">\n\t\t\tViagem de Lula \u00e0 China deve ter balan\u00e7o de novos neg\u00f3cios da Embraer e de empres\u00e1rios\n\t\t<\/span><\/div>","aioseo_breadcrumb_json":[{"label":"In\u00edcio","link":"https:\/\/newsinfoco.com.br\/inicio"},{"label":"Brasil","link":"https:\/\/newsinfoco.com.br\/inicio\/category\/brasil\/"},{"label":"Viagem de Lula \u00e0 China deve ter balan\u00e7o de novos neg\u00f3cios da Embraer e de empres\u00e1rios","link":"https:\/\/newsinfoco.com.br\/inicio\/viagem-de-lula-a-china-deve-ter-balanco-de-novos-negocios-da-embraer-e-de-empresarios\/"}],"_links":{"self":[{"href":"https:\/\/newsinfoco.com.br\/inicio\/wp-json\/wp\/v2\/posts\/33562","targetHints":{"allow":["GET"]}}],"collection":[{"href":"https:\/\/newsinfoco.com.br\/inicio\/wp-json\/wp\/v2\/posts"}],"about":[{"href":"https:\/\/newsinfoco.com.br\/inicio\/wp-json\/wp\/v2\/types\/post"}],"author":[{"embeddable":true,"href":"https:\/\/newsinfoco.com.br\/inicio\/wp-json\/wp\/v2\/users\/1"}],"replies":[{"embeddable":true,"href":"https:\/\/newsinfoco.com.br\/inicio\/wp-json\/wp\/v2\/comments?post=33562"}],"version-history":[{"count":1,"href":"https:\/\/newsinfoco.com.br\/inicio\/wp-json\/wp\/v2\/posts\/33562\/revisions"}],"predecessor-version":[{"id":33564,"href":"https:\/\/newsinfoco.com.br\/inicio\/wp-json\/wp\/v2\/posts\/33562\/revisions\/33564"}],"wp:featuredmedia":[{"embeddable":true,"href":"https:\/\/newsinfoco.com.br\/inicio\/wp-json\/wp\/v2\/media\/33563"}],"wp:attachment":[{"href":"https:\/\/newsinfoco.com.br\/inicio\/wp-json\/wp\/v2\/media?parent=33562"}],"wp:term":[{"taxonomy":"category","embeddable":true,"href":"https:\/\/newsinfoco.com.br\/inicio\/wp-json\/wp\/v2\/categories?post=33562"},{"taxonomy":"post_tag","embeddable":true,"href":"https:\/\/newsinfoco.com.br\/inicio\/wp-json\/wp\/v2\/tags?post=33562"}],"curies":[{"name":"wp","href":"https:\/\/api.w.org\/{rel}","templated":true}]}}