{"id":33573,"date":"2023-04-09T17:20:59","date_gmt":"2023-04-09T20:20:59","guid":{"rendered":"https:\/\/newsinfoco.com.br\/inicio\/?p=33573"},"modified":"2023-04-09T17:20:59","modified_gmt":"2023-04-09T20:20:59","slug":"valmir-assuncao-critica-cpis-contra-o-mst-e-anuncia-que-acoes-do-movimento-em-abril-envolvem-ocupacao-de-predios-publicos","status":"publish","type":"post","link":"https:\/\/newsinfoco.com.br\/inicio\/valmir-assuncao-critica-cpis-contra-o-mst-e-anuncia-que-acoes-do-movimento-em-abril-envolvem-ocupacao-de-predios-publicos\/","title":{"rendered":"Valmir Assun\u00e7\u00e3o critica CPIs contra o MST e anuncia que a\u00e7\u00f5es do movimento em abril envolvem ocupa\u00e7\u00e3o de pr\u00e9dios p\u00fablicos"},"content":{"rendered":"<p>Uma das principais lideran\u00e7as do MST no pa\u00eds, o deputado federal baiano Valmir Assun\u00e7\u00e3o (PT) criticou a cria\u00e7\u00e3o de CPIs para investigar as a\u00e7\u00f5es do movimento, que se intensificam no m\u00eas de abril. Al\u00e9m da cria\u00e7\u00e3o da comiss\u00e3o na Assembleia Legislativa da Bahia, proposta pelo deputado estadual bolsonarista Leandro de Jesus (PL), h\u00e1 iniciativas iguais em S\u00e3o Paulo e na C\u00e2mara Federal, onde se aguarda apenas a instala\u00e7\u00e3o dos colegiados.<\/p>\n<p>\u201cEssas CPIs n\u00e3o t\u00eam fato determinado, por isso, em minha opini\u00e3o, n\u00e3o deveriam ser instaladas. \u00c9 um instrumento da oposi\u00e7\u00e3o, e n\u00e3o \u00e9 a primeira vez que acontece, tendo o MST como alvo. Estamos acostumados a esse tipo de atitude, que \u00e9 in\u00f3cua. Vamos enfrentar esse debate no Legislativo, nas ruas e em todo lugar. Nosso debate \u00e9 a reforma agr\u00e1ria\u201d, declarou Assun\u00e7\u00e3o.<\/p>\n<p>O deputado disse que o MST tamb\u00e9m far\u00e1 na Bahia o Abril Vermelho, para lembrar os 21 sem-terra assassinados em Eldorado dos Caraj\u00e1s, em 1996. \u201cClaro que neste m\u00eas o movimento intensifica as a\u00e7\u00f5es, como \u00e9 de praxe. Isso significa a realiza\u00e7\u00e3o de caminhadas, ocupa\u00e7\u00f5es de \u00f3rg\u00e3os p\u00fablicos, de terras. O que as pessoas precisam entender \u00e9 que todas as terras improdutivas s\u00e3o pass\u00edveis de desapropria\u00e7\u00e3o, \u00e9 o que diz a lei. J\u00e1 as terras produtivas s\u00e3o protegidas pela legisla\u00e7\u00e3o\u201d.<\/p>\n<p>Valmir Assun\u00e7\u00e3o ressaltou que a invas\u00e3o do MST a terras produtivas da Suzano no Extremo-Sul do estado, em mar\u00e7o, foi um fato isolado e que n\u00e3o tinha rela\u00e7\u00e3o com reforma agr\u00e1ria. \u201cEm mar\u00e7o tivemos muitas ocupa\u00e7\u00f5es tamb\u00e9m por ser o m\u00eas da mulher. No caso das terras produtivas da Suzano a pauta n\u00e3o era reforma agr\u00e1ria, e sim o cumprimento de um acordo feito com a empresa para o assentamento de 650 fam\u00edlias. Esperamos que seja cumprido\u201d.<\/p>\n<p>O parlamentar tamb\u00e9m criticou o \u201cestado de abandono\u201d da superintend\u00eancia do Instituto Nacional de Coloniza\u00e7\u00e3o e Reforma Agr\u00e1ria (Incra) na Bahia. Coube a ele, ao PT e ao MST a indica\u00e7\u00e3o do ex-vereador de Cruz das Almas e servidor do \u00f3rg\u00e3o Carlos Borges para a superintend\u00eancia.<\/p>\n<p>&nbsp;<\/p>\n<p><span class=\"assinatura_exclusiva\">Pol\u00edtica Livre<\/span><\/p>\n<div class='share-to-whatsapp-wrapper'><div class='share-on-whsp'>Share on: <\/div><a data-text='Valmir Assun\u00e7\u00e3o critica CPIs contra o MST e anuncia que a\u00e7\u00f5es do movimento em abril envolvem ocupa\u00e7\u00e3o de pr\u00e9dios p\u00fablicos' data-link='https:\/\/newsinfoco.com.br\/inicio\/valmir-assuncao-critica-cpis-contra-o-mst-e-anuncia-que-acoes-do-movimento-em-abril-envolvem-ocupacao-de-predios-publicos\/' class='whatsapp-button whatsapp-share'>WhatsApp<\/a><div class='clear '><\/div><\/div>","protected":false},"excerpt":{"rendered":"<p>Uma das principais lideran\u00e7as do MST no pa\u00eds, o deputado federal baiano Valmir Assun\u00e7\u00e3o (PT) criticou a cria\u00e7\u00e3o de CPIs para investigar as a\u00e7\u00f5es do movimento, que se intensificam no m\u00eas de abril. Al\u00e9m da cria\u00e7\u00e3o da comiss\u00e3o na Assembleia Legislativa da Bahia, proposta pelo deputado estadual bolsonarista Leandro de Jesus (PL), h\u00e1 iniciativas iguais [&hellip;]<\/p>\n","protected":false},"author":1,"featured_media":33574,"comment_status":"closed","ping_status":"closed","sticky":false,"template":"","format":"standard","meta":{"om_disable_all_campaigns":false,"rop_custom_images_group":[],"rop_custom_messages_group":[],"rop_publish_now":"initial","rop_publish_now_accounts":[],"rop_publish_now_history":[],"rop_publish_now_status":"pending","_exactmetrics_skip_tracking":false,"footnotes":""},"categories":[40],"tags":[],"class_list":["post-33573","post","type-post","status-publish","format-standard","has-post-thumbnail","hentry","category-politica"],"aioseo_notices":[],"aioseo_head":"\n\t\t<!-- All in One SEO 4.9.10 - aioseo.com -->\n\t<meta name=\"description\" content=\"Uma das principais lideran\u00e7as do MST no pa\u00eds, o deputado federal baiano Valmir Assun\u00e7\u00e3o (PT) criticou a cria\u00e7\u00e3o de CPIs para investigar as a\u00e7\u00f5es do movimento, que se intensificam no m\u00eas de abril. Al\u00e9m da cria\u00e7\u00e3o da comiss\u00e3o na Assembleia Legislativa da Bahia, proposta pelo deputado estadual bolsonarista Leandro de Jesus (PL), h\u00e1 iniciativas iguais\" \/>\n\t<meta name=\"robots\" content=\"max-image-preview:large\" \/>\n\t<meta name=\"author\" content=\"administrador\"\/>\n\t<link rel=\"canonical\" href=\"https:\/\/newsinfoco.com.br\/inicio\/valmir-assuncao-critica-cpis-contra-o-mst-e-anuncia-que-acoes-do-movimento-em-abril-envolvem-ocupacao-de-predios-publicos\/\" \/>\n\t<meta name=\"generator\" content=\"All in One SEO (AIOSEO) 4.9.10\" \/>\n\t\t<meta property=\"og:locale\" content=\"pt_BR\" \/>\n\t\t<meta property=\"og:site_name\" content=\"News In Foco - Editado por Caio Pimenta - O principal site de noticias de Alagoinhas e regi\u00e3o\" \/>\n\t\t<meta property=\"og:type\" content=\"article\" \/>\n\t\t<meta property=\"og:title\" content=\"Valmir Assun\u00e7\u00e3o critica CPIs contra o MST e anuncia que a\u00e7\u00f5es do movimento em abril envolvem ocupa\u00e7\u00e3o de pr\u00e9dios p\u00fablicos - News In Foco - Editado por Caio Pimenta\" \/>\n\t\t<meta property=\"og:description\" content=\"Uma das principais lideran\u00e7as do MST no pa\u00eds, o deputado federal baiano Valmir Assun\u00e7\u00e3o (PT) criticou a cria\u00e7\u00e3o de CPIs para investigar as a\u00e7\u00f5es do movimento, que se intensificam no m\u00eas de abril. Al\u00e9m da cria\u00e7\u00e3o da comiss\u00e3o na Assembleia Legislativa da Bahia, proposta pelo deputado estadual bolsonarista Leandro de Jesus (PL), h\u00e1 iniciativas iguais\" \/>\n\t\t<meta property=\"og:url\" content=\"https:\/\/newsinfoco.com.br\/inicio\/valmir-assuncao-critica-cpis-contra-o-mst-e-anuncia-que-acoes-do-movimento-em-abril-envolvem-ocupacao-de-predios-publicos\/\" \/>\n\t\t<meta property=\"article:published_time\" content=\"2023-04-09T20:20:59+00:00\" \/>\n\t\t<meta property=\"article:modified_time\" content=\"2023-04-09T20:20:59+00:00\" \/>\n\t\t<meta name=\"twitter:card\" content=\"summary_large_image\" \/>\n\t\t<meta name=\"twitter:title\" content=\"Valmir Assun\u00e7\u00e3o critica CPIs contra o MST e anuncia que a\u00e7\u00f5es do movimento em abril envolvem ocupa\u00e7\u00e3o de pr\u00e9dios p\u00fablicos - News In Foco - Editado por Caio Pimenta\" \/>\n\t\t<meta name=\"twitter:description\" content=\"Uma das principais lideran\u00e7as do MST no pa\u00eds, o deputado federal baiano Valmir Assun\u00e7\u00e3o (PT) criticou a cria\u00e7\u00e3o de CPIs para investigar as a\u00e7\u00f5es do movimento, que se intensificam no m\u00eas de abril. Al\u00e9m da cria\u00e7\u00e3o da comiss\u00e3o na Assembleia Legislativa da Bahia, proposta pelo deputado estadual bolsonarista Leandro de Jesus (PL), h\u00e1 iniciativas iguais\" \/>\n\t\t<script type=\"application\/ld+json\" class=\"aioseo-schema\">\n\t\t\t{\"@context\":\"https:\\\/\\\/schema.org\",\"@graph\":[{\"@type\":\"BlogPosting\",\"@id\":\"https:\\\/\\\/newsinfoco.com.br\\\/inicio\\\/valmir-assuncao-critica-cpis-contra-o-mst-e-anuncia-que-acoes-do-movimento-em-abril-envolvem-ocupacao-de-predios-publicos\\\/#blogposting\",\"name\":\"Valmir Assun\\u00e7\\u00e3o critica CPIs contra o MST e anuncia que a\\u00e7\\u00f5es do movimento em abril envolvem ocupa\\u00e7\\u00e3o de pr\\u00e9dios p\\u00fablicos - News In Foco - Editado por Caio Pimenta\",\"headline\":\"Valmir Assun\\u00e7\\u00e3o critica CPIs contra o MST e anuncia que a\\u00e7\\u00f5es do movimento em abril envolvem ocupa\\u00e7\\u00e3o de pr\\u00e9dios p\\u00fablicos\",\"author\":{\"@id\":\"https:\\\/\\\/newsinfoco.com.br\\\/inicio\\\/author\\\/administrador\\\/#author\"},\"publisher\":{\"@id\":\"https:\\\/\\\/newsinfoco.com.br\\\/inicio\\\/#organization\"},\"image\":{\"@type\":\"ImageObject\",\"url\":\"https:\\\/\\\/newsinfoco.com.br\\\/inicio\\\/wp-content\\\/uploads\\\/2023\\\/04\\\/Deputado-federal-Valmir-Assuncao-PT-BA-20200430.webp\",\"width\":2400,\"height\":1600},\"datePublished\":\"2023-04-09T17:20:59-03:00\",\"dateModified\":\"2023-04-09T17:20:59-03:00\",\"inLanguage\":\"pt-BR\",\"mainEntityOfPage\":{\"@id\":\"https:\\\/\\\/newsinfoco.com.br\\\/inicio\\\/valmir-assuncao-critica-cpis-contra-o-mst-e-anuncia-que-acoes-do-movimento-em-abril-envolvem-ocupacao-de-predios-publicos\\\/#webpage\"},\"isPartOf\":{\"@id\":\"https:\\\/\\\/newsinfoco.com.br\\\/inicio\\\/valmir-assuncao-critica-cpis-contra-o-mst-e-anuncia-que-acoes-do-movimento-em-abril-envolvem-ocupacao-de-predios-publicos\\\/#webpage\"},\"articleSection\":\"Pol\\u00edtica\"},{\"@type\":\"BreadcrumbList\",\"@id\":\"https:\\\/\\\/newsinfoco.com.br\\\/inicio\\\/valmir-assuncao-critica-cpis-contra-o-mst-e-anuncia-que-acoes-do-movimento-em-abril-envolvem-ocupacao-de-predios-publicos\\\/#breadcrumblist\",\"itemListElement\":[{\"@type\":\"ListItem\",\"@id\":\"https:\\\/\\\/newsinfoco.com.br\\\/inicio#listItem\",\"position\":1,\"name\":\"In\\u00edcio\",\"item\":\"https:\\\/\\\/newsinfoco.com.br\\\/inicio\",\"nextItem\":{\"@type\":\"ListItem\",\"@id\":\"https:\\\/\\\/newsinfoco.com.br\\\/inicio\\\/category\\\/politica\\\/#listItem\",\"name\":\"Pol\\u00edtica\"}},{\"@type\":\"ListItem\",\"@id\":\"https:\\\/\\\/newsinfoco.com.br\\\/inicio\\\/category\\\/politica\\\/#listItem\",\"position\":2,\"name\":\"Pol\\u00edtica\",\"item\":\"https:\\\/\\\/newsinfoco.com.br\\\/inicio\\\/category\\\/politica\\\/\",\"nextItem\":{\"@type\":\"ListItem\",\"@id\":\"https:\\\/\\\/newsinfoco.com.br\\\/inicio\\\/valmir-assuncao-critica-cpis-contra-o-mst-e-anuncia-que-acoes-do-movimento-em-abril-envolvem-ocupacao-de-predios-publicos\\\/#listItem\",\"name\":\"Valmir Assun\\u00e7\\u00e3o critica CPIs contra o MST e anuncia que a\\u00e7\\u00f5es do movimento em abril envolvem ocupa\\u00e7\\u00e3o de pr\\u00e9dios p\\u00fablicos\"},\"previousItem\":{\"@type\":\"ListItem\",\"@id\":\"https:\\\/\\\/newsinfoco.com.br\\\/inicio#listItem\",\"name\":\"In\\u00edcio\"}},{\"@type\":\"ListItem\",\"@id\":\"https:\\\/\\\/newsinfoco.com.br\\\/inicio\\\/valmir-assuncao-critica-cpis-contra-o-mst-e-anuncia-que-acoes-do-movimento-em-abril-envolvem-ocupacao-de-predios-publicos\\\/#listItem\",\"position\":3,\"name\":\"Valmir Assun\\u00e7\\u00e3o critica CPIs contra o MST e anuncia que a\\u00e7\\u00f5es do movimento em abril envolvem ocupa\\u00e7\\u00e3o de pr\\u00e9dios p\\u00fablicos\",\"previousItem\":{\"@type\":\"ListItem\",\"@id\":\"https:\\\/\\\/newsinfoco.com.br\\\/inicio\\\/category\\\/politica\\\/#listItem\",\"name\":\"Pol\\u00edtica\"}}]},{\"@type\":\"Organization\",\"@id\":\"https:\\\/\\\/newsinfoco.com.br\\\/inicio\\\/#organization\",\"name\":\"News In Foco - Editado por Caio Pimenta\",\"description\":\"O principal site de noticias de Alagoinhas e regi\\u00e3o\",\"url\":\"https:\\\/\\\/newsinfoco.com.br\\\/inicio\\\/\"},{\"@type\":\"Person\",\"@id\":\"https:\\\/\\\/newsinfoco.com.br\\\/inicio\\\/author\\\/administrador\\\/#author\",\"url\":\"https:\\\/\\\/newsinfoco.com.br\\\/inicio\\\/author\\\/administrador\\\/\",\"name\":\"administrador\",\"image\":{\"@type\":\"ImageObject\",\"@id\":\"https:\\\/\\\/newsinfoco.com.br\\\/inicio\\\/valmir-assuncao-critica-cpis-contra-o-mst-e-anuncia-que-acoes-do-movimento-em-abril-envolvem-ocupacao-de-predios-publicos\\\/#authorImage\",\"url\":\"https:\\\/\\\/secure.gravatar.com\\\/avatar\\\/c17a617433de8c1dc9584bb79aab7563b46f5bb7e1728c9b17d9cc3ce6a08e49?s=96&d=mm&r=g\",\"width\":96,\"height\":96,\"caption\":\"administrador\"}},{\"@type\":\"WebPage\",\"@id\":\"https:\\\/\\\/newsinfoco.com.br\\\/inicio\\\/valmir-assuncao-critica-cpis-contra-o-mst-e-anuncia-que-acoes-do-movimento-em-abril-envolvem-ocupacao-de-predios-publicos\\\/#webpage\",\"url\":\"https:\\\/\\\/newsinfoco.com.br\\\/inicio\\\/valmir-assuncao-critica-cpis-contra-o-mst-e-anuncia-que-acoes-do-movimento-em-abril-envolvem-ocupacao-de-predios-publicos\\\/\",\"name\":\"Valmir Assun\\u00e7\\u00e3o critica CPIs contra o MST e anuncia que a\\u00e7\\u00f5es do movimento em abril envolvem ocupa\\u00e7\\u00e3o de pr\\u00e9dios p\\u00fablicos - News In Foco - Editado por Caio Pimenta\",\"description\":\"Uma das principais lideran\\u00e7as do MST no pa\\u00eds, o deputado federal baiano Valmir Assun\\u00e7\\u00e3o (PT) criticou a cria\\u00e7\\u00e3o de CPIs para investigar as a\\u00e7\\u00f5es do movimento, que se intensificam no m\\u00eas de abril. Al\\u00e9m da cria\\u00e7\\u00e3o da comiss\\u00e3o na Assembleia Legislativa da Bahia, proposta pelo deputado estadual bolsonarista Leandro de Jesus (PL), h\\u00e1 iniciativas iguais\",\"inLanguage\":\"pt-BR\",\"isPartOf\":{\"@id\":\"https:\\\/\\\/newsinfoco.com.br\\\/inicio\\\/#website\"},\"breadcrumb\":{\"@id\":\"https:\\\/\\\/newsinfoco.com.br\\\/inicio\\\/valmir-assuncao-critica-cpis-contra-o-mst-e-anuncia-que-acoes-do-movimento-em-abril-envolvem-ocupacao-de-predios-publicos\\\/#breadcrumblist\"},\"author\":{\"@id\":\"https:\\\/\\\/newsinfoco.com.br\\\/inicio\\\/author\\\/administrador\\\/#author\"},\"creator\":{\"@id\":\"https:\\\/\\\/newsinfoco.com.br\\\/inicio\\\/author\\\/administrador\\\/#author\"},\"image\":{\"@type\":\"ImageObject\",\"url\":\"https:\\\/\\\/newsinfoco.com.br\\\/inicio\\\/wp-content\\\/uploads\\\/2023\\\/04\\\/Deputado-federal-Valmir-Assuncao-PT-BA-20200430.webp\",\"@id\":\"https:\\\/\\\/newsinfoco.com.br\\\/inicio\\\/valmir-assuncao-critica-cpis-contra-o-mst-e-anuncia-que-acoes-do-movimento-em-abril-envolvem-ocupacao-de-predios-publicos\\\/#mainImage\",\"width\":2400,\"height\":1600},\"primaryImageOfPage\":{\"@id\":\"https:\\\/\\\/newsinfoco.com.br\\\/inicio\\\/valmir-assuncao-critica-cpis-contra-o-mst-e-anuncia-que-acoes-do-movimento-em-abril-envolvem-ocupacao-de-predios-publicos\\\/#mainImage\"},\"datePublished\":\"2023-04-09T17:20:59-03:00\",\"dateModified\":\"2023-04-09T17:20:59-03:00\"},{\"@type\":\"WebSite\",\"@id\":\"https:\\\/\\\/newsinfoco.com.br\\\/inicio\\\/#website\",\"url\":\"https:\\\/\\\/newsinfoco.com.br\\\/inicio\\\/\",\"name\":\"News In Foco - Editado por Caio Pimenta\",\"description\":\"O principal site de noticias de Alagoinhas e regi\\u00e3o\",\"inLanguage\":\"pt-BR\",\"publisher\":{\"@id\":\"https:\\\/\\\/newsinfoco.com.br\\\/inicio\\\/#organization\"}}]}\n\t\t<\/script>\n\t\t<!-- All in One SEO -->\n\n","aioseo_head_json":{"title":"Valmir Assun\u00e7\u00e3o critica CPIs contra o MST e anuncia que a\u00e7\u00f5es do movimento em abril envolvem ocupa\u00e7\u00e3o de pr\u00e9dios p\u00fablicos - News In Foco - Editado por Caio Pimenta","description":"Uma das principais lideran\u00e7as do MST no pa\u00eds, o deputado federal baiano Valmir Assun\u00e7\u00e3o (PT) criticou a cria\u00e7\u00e3o de CPIs para investigar as a\u00e7\u00f5es do movimento, que se intensificam no m\u00eas de abril. Al\u00e9m da cria\u00e7\u00e3o da comiss\u00e3o na Assembleia Legislativa da Bahia, proposta pelo deputado estadual bolsonarista Leandro de Jesus (PL), h\u00e1 iniciativas iguais","canonical_url":"https:\/\/newsinfoco.com.br\/inicio\/valmir-assuncao-critica-cpis-contra-o-mst-e-anuncia-que-acoes-do-movimento-em-abril-envolvem-ocupacao-de-predios-publicos\/","robots":"max-image-preview:large","keywords":"","webmasterTools":{"miscellaneous":""},"schema":{"@context":"https:\/\/schema.org","@graph":[{"@type":"BlogPosting","@id":"https:\/\/newsinfoco.com.br\/inicio\/valmir-assuncao-critica-cpis-contra-o-mst-e-anuncia-que-acoes-do-movimento-em-abril-envolvem-ocupacao-de-predios-publicos\/#blogposting","name":"Valmir Assun\u00e7\u00e3o critica CPIs contra o MST e anuncia que a\u00e7\u00f5es do movimento em abril envolvem ocupa\u00e7\u00e3o de pr\u00e9dios p\u00fablicos - News In Foco - Editado por Caio Pimenta","headline":"Valmir Assun\u00e7\u00e3o critica CPIs contra o MST e anuncia que a\u00e7\u00f5es do movimento em abril envolvem ocupa\u00e7\u00e3o de pr\u00e9dios p\u00fablicos","author":{"@id":"https:\/\/newsinfoco.com.br\/inicio\/author\/administrador\/#author"},"publisher":{"@id":"https:\/\/newsinfoco.com.br\/inicio\/#organization"},"image":{"@type":"ImageObject","url":"https:\/\/newsinfoco.com.br\/inicio\/wp-content\/uploads\/2023\/04\/Deputado-federal-Valmir-Assuncao-PT-BA-20200430.webp","width":2400,"height":1600},"datePublished":"2023-04-09T17:20:59-03:00","dateModified":"2023-04-09T17:20:59-03:00","inLanguage":"pt-BR","mainEntityOfPage":{"@id":"https:\/\/newsinfoco.com.br\/inicio\/valmir-assuncao-critica-cpis-contra-o-mst-e-anuncia-que-acoes-do-movimento-em-abril-envolvem-ocupacao-de-predios-publicos\/#webpage"},"isPartOf":{"@id":"https:\/\/newsinfoco.com.br\/inicio\/valmir-assuncao-critica-cpis-contra-o-mst-e-anuncia-que-acoes-do-movimento-em-abril-envolvem-ocupacao-de-predios-publicos\/#webpage"},"articleSection":"Pol\u00edtica"},{"@type":"BreadcrumbList","@id":"https:\/\/newsinfoco.com.br\/inicio\/valmir-assuncao-critica-cpis-contra-o-mst-e-anuncia-que-acoes-do-movimento-em-abril-envolvem-ocupacao-de-predios-publicos\/#breadcrumblist","itemListElement":[{"@type":"ListItem","@id":"https:\/\/newsinfoco.com.br\/inicio#listItem","position":1,"name":"In\u00edcio","item":"https:\/\/newsinfoco.com.br\/inicio","nextItem":{"@type":"ListItem","@id":"https:\/\/newsinfoco.com.br\/inicio\/category\/politica\/#listItem","name":"Pol\u00edtica"}},{"@type":"ListItem","@id":"https:\/\/newsinfoco.com.br\/inicio\/category\/politica\/#listItem","position":2,"name":"Pol\u00edtica","item":"https:\/\/newsinfoco.com.br\/inicio\/category\/politica\/","nextItem":{"@type":"ListItem","@id":"https:\/\/newsinfoco.com.br\/inicio\/valmir-assuncao-critica-cpis-contra-o-mst-e-anuncia-que-acoes-do-movimento-em-abril-envolvem-ocupacao-de-predios-publicos\/#listItem","name":"Valmir Assun\u00e7\u00e3o critica CPIs contra o MST e anuncia que a\u00e7\u00f5es do movimento em abril envolvem ocupa\u00e7\u00e3o de pr\u00e9dios p\u00fablicos"},"previousItem":{"@type":"ListItem","@id":"https:\/\/newsinfoco.com.br\/inicio#listItem","name":"In\u00edcio"}},{"@type":"ListItem","@id":"https:\/\/newsinfoco.com.br\/inicio\/valmir-assuncao-critica-cpis-contra-o-mst-e-anuncia-que-acoes-do-movimento-em-abril-envolvem-ocupacao-de-predios-publicos\/#listItem","position":3,"name":"Valmir Assun\u00e7\u00e3o critica CPIs contra o MST e anuncia que a\u00e7\u00f5es do movimento em abril envolvem ocupa\u00e7\u00e3o de pr\u00e9dios p\u00fablicos","previousItem":{"@type":"ListItem","@id":"https:\/\/newsinfoco.com.br\/inicio\/category\/politica\/#listItem","name":"Pol\u00edtica"}}]},{"@type":"Organization","@id":"https:\/\/newsinfoco.com.br\/inicio\/#organization","name":"News In Foco - Editado por Caio Pimenta","description":"O principal site de noticias de Alagoinhas e regi\u00e3o","url":"https:\/\/newsinfoco.com.br\/inicio\/"},{"@type":"Person","@id":"https:\/\/newsinfoco.com.br\/inicio\/author\/administrador\/#author","url":"https:\/\/newsinfoco.com.br\/inicio\/author\/administrador\/","name":"administrador","image":{"@type":"ImageObject","@id":"https:\/\/newsinfoco.com.br\/inicio\/valmir-assuncao-critica-cpis-contra-o-mst-e-anuncia-que-acoes-do-movimento-em-abril-envolvem-ocupacao-de-predios-publicos\/#authorImage","url":"https:\/\/secure.gravatar.com\/avatar\/c17a617433de8c1dc9584bb79aab7563b46f5bb7e1728c9b17d9cc3ce6a08e49?s=96&d=mm&r=g","width":96,"height":96,"caption":"administrador"}},{"@type":"WebPage","@id":"https:\/\/newsinfoco.com.br\/inicio\/valmir-assuncao-critica-cpis-contra-o-mst-e-anuncia-que-acoes-do-movimento-em-abril-envolvem-ocupacao-de-predios-publicos\/#webpage","url":"https:\/\/newsinfoco.com.br\/inicio\/valmir-assuncao-critica-cpis-contra-o-mst-e-anuncia-que-acoes-do-movimento-em-abril-envolvem-ocupacao-de-predios-publicos\/","name":"Valmir Assun\u00e7\u00e3o critica CPIs contra o MST e anuncia que a\u00e7\u00f5es do movimento em abril envolvem ocupa\u00e7\u00e3o de pr\u00e9dios p\u00fablicos - News In Foco - Editado por Caio Pimenta","description":"Uma das principais lideran\u00e7as do MST no pa\u00eds, o deputado federal baiano Valmir Assun\u00e7\u00e3o (PT) criticou a cria\u00e7\u00e3o de CPIs para investigar as a\u00e7\u00f5es do movimento, que se intensificam no m\u00eas de abril. Al\u00e9m da cria\u00e7\u00e3o da comiss\u00e3o na Assembleia Legislativa da Bahia, proposta pelo deputado estadual bolsonarista Leandro de Jesus (PL), h\u00e1 iniciativas iguais","inLanguage":"pt-BR","isPartOf":{"@id":"https:\/\/newsinfoco.com.br\/inicio\/#website"},"breadcrumb":{"@id":"https:\/\/newsinfoco.com.br\/inicio\/valmir-assuncao-critica-cpis-contra-o-mst-e-anuncia-que-acoes-do-movimento-em-abril-envolvem-ocupacao-de-predios-publicos\/#breadcrumblist"},"author":{"@id":"https:\/\/newsinfoco.com.br\/inicio\/author\/administrador\/#author"},"creator":{"@id":"https:\/\/newsinfoco.com.br\/inicio\/author\/administrador\/#author"},"image":{"@type":"ImageObject","url":"https:\/\/newsinfoco.com.br\/inicio\/wp-content\/uploads\/2023\/04\/Deputado-federal-Valmir-Assuncao-PT-BA-20200430.webp","@id":"https:\/\/newsinfoco.com.br\/inicio\/valmir-assuncao-critica-cpis-contra-o-mst-e-anuncia-que-acoes-do-movimento-em-abril-envolvem-ocupacao-de-predios-publicos\/#mainImage","width":2400,"height":1600},"primaryImageOfPage":{"@id":"https:\/\/newsinfoco.com.br\/inicio\/valmir-assuncao-critica-cpis-contra-o-mst-e-anuncia-que-acoes-do-movimento-em-abril-envolvem-ocupacao-de-predios-publicos\/#mainImage"},"datePublished":"2023-04-09T17:20:59-03:00","dateModified":"2023-04-09T17:20:59-03:00"},{"@type":"WebSite","@id":"https:\/\/newsinfoco.com.br\/inicio\/#website","url":"https:\/\/newsinfoco.com.br\/inicio\/","name":"News In Foco - Editado por Caio Pimenta","description":"O principal site de noticias de Alagoinhas e regi\u00e3o","inLanguage":"pt-BR","publisher":{"@id":"https:\/\/newsinfoco.com.br\/inicio\/#organization"}}]},"og:locale":"pt_BR","og:site_name":"News In Foco - Editado por Caio Pimenta - O principal site de noticias de Alagoinhas e regi\u00e3o","og:type":"article","og:title":"Valmir Assun\u00e7\u00e3o critica CPIs contra o MST e anuncia que a\u00e7\u00f5es do movimento em abril envolvem ocupa\u00e7\u00e3o de pr\u00e9dios p\u00fablicos - News In Foco - Editado por Caio Pimenta","og:description":"Uma das principais lideran\u00e7as do MST no pa\u00eds, o deputado federal baiano Valmir Assun\u00e7\u00e3o (PT) criticou a cria\u00e7\u00e3o de CPIs para investigar as a\u00e7\u00f5es do movimento, que se intensificam no m\u00eas de abril. Al\u00e9m da cria\u00e7\u00e3o da comiss\u00e3o na Assembleia Legislativa da Bahia, proposta pelo deputado estadual bolsonarista Leandro de Jesus (PL), h\u00e1 iniciativas iguais","og:url":"https:\/\/newsinfoco.com.br\/inicio\/valmir-assuncao-critica-cpis-contra-o-mst-e-anuncia-que-acoes-do-movimento-em-abril-envolvem-ocupacao-de-predios-publicos\/","article:published_time":"2023-04-09T20:20:59+00:00","article:modified_time":"2023-04-09T20:20:59+00:00","twitter:card":"summary_large_image","twitter:title":"Valmir Assun\u00e7\u00e3o critica CPIs contra o MST e anuncia que a\u00e7\u00f5es do movimento em abril envolvem ocupa\u00e7\u00e3o de pr\u00e9dios p\u00fablicos - News In Foco - Editado por Caio Pimenta","twitter:description":"Uma das principais lideran\u00e7as do MST no pa\u00eds, o deputado federal baiano Valmir Assun\u00e7\u00e3o (PT) criticou a cria\u00e7\u00e3o de CPIs para investigar as a\u00e7\u00f5es do movimento, que se intensificam no m\u00eas de abril. Al\u00e9m da cria\u00e7\u00e3o da comiss\u00e3o na Assembleia Legislativa da Bahia, proposta pelo deputado estadual bolsonarista Leandro de Jesus (PL), h\u00e1 iniciativas iguais"},"aioseo_meta_data":{"post_id":"33573","title":null,"description":null,"keywords":null,"keyphrases":null,"primary_term":null,"canonical_url":null,"og_title":null,"og_description":null,"og_object_type":"default","og_image_type":"default","og_image_url":null,"og_image_width":null,"og_image_height":null,"og_image_custom_url":null,"og_image_custom_fields":null,"og_video":null,"og_custom_url":null,"og_article_section":null,"og_article_tags":null,"twitter_use_og":false,"twitter_card":"default","twitter_image_type":"default","twitter_image_url":null,"twitter_image_custom_url":null,"twitter_image_custom_fields":null,"twitter_title":null,"twitter_description":null,"schema":{"blockGraphs":[],"customGraphs":[],"default":{"data":{"Article":[],"Course":[],"Dataset":[],"FAQPage":[],"Movie":[],"Person":[],"Product":[],"ProductReview":[],"Car":[],"Recipe":[],"Service":[],"SoftwareApplication":[],"WebPage":[]},"graphName":"","isEnabled":true},"graphs":[]},"schema_type":"default","schema_type_options":null,"pillar_content":false,"robots_default":true,"robots_noindex":false,"robots_noarchive":false,"robots_nosnippet":false,"robots_nofollow":false,"robots_noimageindex":false,"robots_noodp":false,"robots_notranslate":false,"robots_max_snippet":null,"robots_max_videopreview":null,"robots_max_imagepreview":"large","priority":null,"frequency":null,"local_seo":null,"breadcrumb_settings":null,"limit_modified_date":false,"ai":null,"created":"2023-06-12 23:12:41","updated":"2025-07-11 09:30:04","seo_analyzer_scan_date":null},"aioseo_breadcrumb":"<div class=\"aioseo-breadcrumbs\"><span class=\"aioseo-breadcrumb\">\n\t\t\t<a href=\"https:\/\/newsinfoco.com.br\/inicio\" title=\"In\u00edcio\">In\u00edcio<\/a>\n\t\t<\/span><span class=\"aioseo-breadcrumb-separator\">&raquo;<\/span><span class=\"aioseo-breadcrumb\">\n\t\t\t<a href=\"https:\/\/newsinfoco.com.br\/inicio\/category\/politica\/\" title=\"Pol\u00edtica\">Pol\u00edtica<\/a>\n\t\t<\/span><span class=\"aioseo-breadcrumb-separator\">&raquo;<\/span><span class=\"aioseo-breadcrumb\">\n\t\t\tValmir Assun\u00e7\u00e3o critica CPIs contra o MST e anuncia que a\u00e7\u00f5es do movimento em abril envolvem ocupa\u00e7\u00e3o de pr\u00e9dios p\u00fablicos\n\t\t<\/span><\/div>","aioseo_breadcrumb_json":[{"label":"In\u00edcio","link":"https:\/\/newsinfoco.com.br\/inicio"},{"label":"Pol\u00edtica","link":"https:\/\/newsinfoco.com.br\/inicio\/category\/politica\/"},{"label":"Valmir Assun\u00e7\u00e3o critica CPIs contra o MST e anuncia que a\u00e7\u00f5es do movimento em abril envolvem ocupa\u00e7\u00e3o de pr\u00e9dios p\u00fablicos","link":"https:\/\/newsinfoco.com.br\/inicio\/valmir-assuncao-critica-cpis-contra-o-mst-e-anuncia-que-acoes-do-movimento-em-abril-envolvem-ocupacao-de-predios-publicos\/"}],"_links":{"self":[{"href":"https:\/\/newsinfoco.com.br\/inicio\/wp-json\/wp\/v2\/posts\/33573","targetHints":{"allow":["GET"]}}],"collection":[{"href":"https:\/\/newsinfoco.com.br\/inicio\/wp-json\/wp\/v2\/posts"}],"about":[{"href":"https:\/\/newsinfoco.com.br\/inicio\/wp-json\/wp\/v2\/types\/post"}],"author":[{"embeddable":true,"href":"https:\/\/newsinfoco.com.br\/inicio\/wp-json\/wp\/v2\/users\/1"}],"replies":[{"embeddable":true,"href":"https:\/\/newsinfoco.com.br\/inicio\/wp-json\/wp\/v2\/comments?post=33573"}],"version-history":[{"count":1,"href":"https:\/\/newsinfoco.com.br\/inicio\/wp-json\/wp\/v2\/posts\/33573\/revisions"}],"predecessor-version":[{"id":33575,"href":"https:\/\/newsinfoco.com.br\/inicio\/wp-json\/wp\/v2\/posts\/33573\/revisions\/33575"}],"wp:featuredmedia":[{"embeddable":true,"href":"https:\/\/newsinfoco.com.br\/inicio\/wp-json\/wp\/v2\/media\/33574"}],"wp:attachment":[{"href":"https:\/\/newsinfoco.com.br\/inicio\/wp-json\/wp\/v2\/media?parent=33573"}],"wp:term":[{"taxonomy":"category","embeddable":true,"href":"https:\/\/newsinfoco.com.br\/inicio\/wp-json\/wp\/v2\/categories?post=33573"},{"taxonomy":"post_tag","embeddable":true,"href":"https:\/\/newsinfoco.com.br\/inicio\/wp-json\/wp\/v2\/tags?post=33573"}],"curies":[{"name":"wp","href":"https:\/\/api.w.org\/{rel}","templated":true}]}}