{"id":33583,"date":"2023-04-09T17:30:34","date_gmt":"2023-04-09T20:30:34","guid":{"rendered":"https:\/\/newsinfoco.com.br\/inicio\/?p=33583"},"modified":"2023-04-09T17:30:34","modified_gmt":"2023-04-09T20:30:34","slug":"otto-alencar-filho-defende-que-partidos-da-base-de-jeronimo-lancem-neste-momento-pre-candidatos-em-salvador","status":"publish","type":"post","link":"https:\/\/newsinfoco.com.br\/inicio\/otto-alencar-filho-defende-que-partidos-da-base-de-jeronimo-lancem-neste-momento-pre-candidatos-em-salvador\/","title":{"rendered":"Otto Alencar Filho defende que partidos da base de Jer\u00f4nimo lancem, neste momento, pr\u00e9-candidatos em Salvador"},"content":{"rendered":"<p>O deputado federal Otto Alencar Filho (PSD) considera natural que, neste momento, todos os partidos da base do governador Jer\u00f4nimo Rodrigues (PT) lancem nomes para a corrida visando a Prefeitura de Salvador em 2024. Nesta semana, o diret\u00f3rio municipal petista na capital apresentou tr\u00eas quadros para a disputa e ressaltou que o\u00a0partido defende a tese da candidatura pr\u00f3pria, o que motivou\u00a0cr\u00edticas do ex-ministro Geddel Vieira Lima, cacique do MDB.<\/p>\n<p>\u201cEu acho vi\u00e1vel que neste primeiro momento todos os partidos da base lancem suas candidaturas para que todos trabalhem e, l\u00e1 na frente, a gente avalia quem est\u00e1 melhor, quem tem mais condi\u00e7\u00f5es de ganhar. O fato de se ter uma pr\u00e9-candidatura n\u00e3o quer dizer que isso v\u00e1 at\u00e9 o final\u201d, afirmou Otto Alencar Filho.<\/p>\n<p>\u201cAcho louv\u00e1vel que PSD, PT, PV, PCdoB apresentem seus nomes, lancem seus candidatos. L\u00e1 na frente vamos parar e analisar quem tem mais condi\u00e7\u00f5es de unir o grupo em torno do nosso projeto e tamb\u00e9m de vencer a elei\u00e7\u00e3o\u201d, acrescentou o parlamentar.<\/p>\n<p>O PSD trabalha com o nome do deputado federal Antonio Brito como pr\u00e9-candidato \u00e0 Prefeitura da capital. Entretanto, o nome que melhor pontuou no recente levantamento sobre a sucess\u00e3o em Salvador do Instituto Paran\u00e1 Pesquisas foi a deputada federal L\u00eddice da Mata (PSB), que ficou atr\u00e1s apenas do prefeito Bruno Reis (Uni\u00e3o). \u201cN\u00e3o me preocupo com pesquisa feita agora. Tem mais de um ano para a elei\u00e7\u00e3o\u201d, ponderou Otto.<\/p>\n<p>O deputado disse ainda que o PSD n\u00e3o est\u00e1 preocupado apenas como Salvador, mas tamb\u00e9m com o interior. O partido \u00e9 o que tem o maior n\u00famero de prefeitos na Bahia. Ele afirmou, inclusive, que a legenda est\u00e1 aberta a receber gestores municipais de mandato antes do pleito eleitoral. \u201cNo interior a gente avalia caso a caso, porque existem muitas nuances\u201d, concluiu.<\/p>\n<p>&nbsp;<\/p>\n<p><span class=\"assinatura_exclusiva\">Pol\u00edtica Livre<\/span><\/p>\n<div class='share-to-whatsapp-wrapper'><div class='share-on-whsp'>Share on: <\/div><a data-text='Otto Alencar Filho defende que partidos da base de Jer\u00f4nimo lancem, neste momento, pr\u00e9-candidatos em Salvador' data-link='https:\/\/newsinfoco.com.br\/inicio\/otto-alencar-filho-defende-que-partidos-da-base-de-jeronimo-lancem-neste-momento-pre-candidatos-em-salvador\/' class='whatsapp-button whatsapp-share'>WhatsApp<\/a><div class='clear '><\/div><\/div>","protected":false},"excerpt":{"rendered":"<p>O deputado federal Otto Alencar Filho (PSD) considera natural que, neste momento, todos os partidos da base do governador Jer\u00f4nimo Rodrigues (PT) lancem nomes para a corrida visando a Prefeitura de Salvador em 2024. Nesta semana, o diret\u00f3rio municipal petista na capital apresentou tr\u00eas quadros para a disputa e ressaltou que o\u00a0partido defende a tese [&hellip;]<\/p>\n","protected":false},"author":1,"featured_media":18394,"comment_status":"closed","ping_status":"closed","sticky":false,"template":"","format":"standard","meta":{"om_disable_all_campaigns":false,"rop_custom_images_group":[],"rop_custom_messages_group":[],"rop_publish_now":"initial","rop_publish_now_accounts":[],"rop_publish_now_history":[],"rop_publish_now_status":"pending","_exactmetrics_skip_tracking":false,"footnotes":""},"categories":[40],"tags":[],"class_list":["post-33583","post","type-post","status-publish","format-standard","has-post-thumbnail","hentry","category-politica"],"aioseo_notices":[],"aioseo_head":"\n\t\t<!-- All in One SEO 4.9.10 - aioseo.com -->\n\t<meta name=\"description\" content=\"O deputado federal Otto Alencar Filho (PSD) considera natural que, neste momento, todos os partidos da base do governador Jer\u00f4nimo Rodrigues (PT) lancem nomes para a corrida visando a Prefeitura de Salvador em 2024. Nesta semana, o diret\u00f3rio municipal petista na capital apresentou tr\u00eas quadros para a disputa e ressaltou que o partido defende a tese\" \/>\n\t<meta name=\"robots\" content=\"max-image-preview:large\" \/>\n\t<meta name=\"author\" content=\"administrador\"\/>\n\t<link rel=\"canonical\" href=\"https:\/\/newsinfoco.com.br\/inicio\/otto-alencar-filho-defende-que-partidos-da-base-de-jeronimo-lancem-neste-momento-pre-candidatos-em-salvador\/\" \/>\n\t<meta name=\"generator\" content=\"All in One SEO (AIOSEO) 4.9.10\" \/>\n\t\t<meta property=\"og:locale\" content=\"pt_BR\" \/>\n\t\t<meta property=\"og:site_name\" content=\"News In Foco - Editado por Caio Pimenta - O principal site de noticias de Alagoinhas e regi\u00e3o\" \/>\n\t\t<meta property=\"og:type\" content=\"article\" \/>\n\t\t<meta property=\"og:title\" content=\"Otto Alencar Filho defende que partidos da base de Jer\u00f4nimo lancem, neste momento, pr\u00e9-candidatos em Salvador - News In Foco - Editado por Caio Pimenta\" \/>\n\t\t<meta property=\"og:description\" content=\"O deputado federal Otto Alencar Filho (PSD) considera natural que, neste momento, todos os partidos da base do governador Jer\u00f4nimo Rodrigues (PT) lancem nomes para a corrida visando a Prefeitura de Salvador em 2024. Nesta semana, o diret\u00f3rio municipal petista na capital apresentou tr\u00eas quadros para a disputa e ressaltou que o partido defende a tese\" \/>\n\t\t<meta property=\"og:url\" content=\"https:\/\/newsinfoco.com.br\/inicio\/otto-alencar-filho-defende-que-partidos-da-base-de-jeronimo-lancem-neste-momento-pre-candidatos-em-salvador\/\" \/>\n\t\t<meta property=\"article:published_time\" content=\"2023-04-09T20:30:34+00:00\" \/>\n\t\t<meta property=\"article:modified_time\" content=\"2023-04-09T20:30:34+00:00\" \/>\n\t\t<meta name=\"twitter:card\" content=\"summary_large_image\" \/>\n\t\t<meta name=\"twitter:title\" content=\"Otto Alencar Filho defende que partidos da base de Jer\u00f4nimo lancem, neste momento, pr\u00e9-candidatos em Salvador - News In Foco - Editado por Caio Pimenta\" \/>\n\t\t<meta name=\"twitter:description\" content=\"O deputado federal Otto Alencar Filho (PSD) considera natural que, neste momento, todos os partidos da base do governador Jer\u00f4nimo Rodrigues (PT) lancem nomes para a corrida visando a Prefeitura de Salvador em 2024. Nesta semana, o diret\u00f3rio municipal petista na capital apresentou tr\u00eas quadros para a disputa e ressaltou que o partido defende a tese\" \/>\n\t\t<script type=\"application\/ld+json\" class=\"aioseo-schema\">\n\t\t\t{\"@context\":\"https:\\\/\\\/schema.org\",\"@graph\":[{\"@type\":\"BlogPosting\",\"@id\":\"https:\\\/\\\/newsinfoco.com.br\\\/inicio\\\/otto-alencar-filho-defende-que-partidos-da-base-de-jeronimo-lancem-neste-momento-pre-candidatos-em-salvador\\\/#blogposting\",\"name\":\"Otto Alencar Filho defende que partidos da base de Jer\\u00f4nimo lancem, neste momento, pr\\u00e9-candidatos em Salvador - News In Foco - Editado por Caio Pimenta\",\"headline\":\"Otto Alencar Filho defende que partidos da base de Jer\\u00f4nimo lancem, neste momento, pr\\u00e9-candidatos em Salvador\",\"author\":{\"@id\":\"https:\\\/\\\/newsinfoco.com.br\\\/inicio\\\/author\\\/administrador\\\/#author\"},\"publisher\":{\"@id\":\"https:\\\/\\\/newsinfoco.com.br\\\/inicio\\\/#organization\"},\"image\":{\"@type\":\"ImageObject\",\"url\":\"https:\\\/\\\/newsinfoco.com.br\\\/inicio\\\/wp-content\\\/uploads\\\/2019\\\/11\\\/21082017-otto-alencar-filho-11-foto-izis-moacyr-bahiaba.png\",\"width\":800,\"height\":450},\"datePublished\":\"2023-04-09T17:30:34-03:00\",\"dateModified\":\"2023-04-09T17:30:34-03:00\",\"inLanguage\":\"pt-BR\",\"mainEntityOfPage\":{\"@id\":\"https:\\\/\\\/newsinfoco.com.br\\\/inicio\\\/otto-alencar-filho-defende-que-partidos-da-base-de-jeronimo-lancem-neste-momento-pre-candidatos-em-salvador\\\/#webpage\"},\"isPartOf\":{\"@id\":\"https:\\\/\\\/newsinfoco.com.br\\\/inicio\\\/otto-alencar-filho-defende-que-partidos-da-base-de-jeronimo-lancem-neste-momento-pre-candidatos-em-salvador\\\/#webpage\"},\"articleSection\":\"Pol\\u00edtica\"},{\"@type\":\"BreadcrumbList\",\"@id\":\"https:\\\/\\\/newsinfoco.com.br\\\/inicio\\\/otto-alencar-filho-defende-que-partidos-da-base-de-jeronimo-lancem-neste-momento-pre-candidatos-em-salvador\\\/#breadcrumblist\",\"itemListElement\":[{\"@type\":\"ListItem\",\"@id\":\"https:\\\/\\\/newsinfoco.com.br\\\/inicio#listItem\",\"position\":1,\"name\":\"In\\u00edcio\",\"item\":\"https:\\\/\\\/newsinfoco.com.br\\\/inicio\",\"nextItem\":{\"@type\":\"ListItem\",\"@id\":\"https:\\\/\\\/newsinfoco.com.br\\\/inicio\\\/category\\\/politica\\\/#listItem\",\"name\":\"Pol\\u00edtica\"}},{\"@type\":\"ListItem\",\"@id\":\"https:\\\/\\\/newsinfoco.com.br\\\/inicio\\\/category\\\/politica\\\/#listItem\",\"position\":2,\"name\":\"Pol\\u00edtica\",\"item\":\"https:\\\/\\\/newsinfoco.com.br\\\/inicio\\\/category\\\/politica\\\/\",\"nextItem\":{\"@type\":\"ListItem\",\"@id\":\"https:\\\/\\\/newsinfoco.com.br\\\/inicio\\\/otto-alencar-filho-defende-que-partidos-da-base-de-jeronimo-lancem-neste-momento-pre-candidatos-em-salvador\\\/#listItem\",\"name\":\"Otto Alencar Filho defende que partidos da base de Jer\\u00f4nimo lancem, neste momento, pr\\u00e9-candidatos em Salvador\"},\"previousItem\":{\"@type\":\"ListItem\",\"@id\":\"https:\\\/\\\/newsinfoco.com.br\\\/inicio#listItem\",\"name\":\"In\\u00edcio\"}},{\"@type\":\"ListItem\",\"@id\":\"https:\\\/\\\/newsinfoco.com.br\\\/inicio\\\/otto-alencar-filho-defende-que-partidos-da-base-de-jeronimo-lancem-neste-momento-pre-candidatos-em-salvador\\\/#listItem\",\"position\":3,\"name\":\"Otto Alencar Filho defende que partidos da base de Jer\\u00f4nimo lancem, neste momento, pr\\u00e9-candidatos em Salvador\",\"previousItem\":{\"@type\":\"ListItem\",\"@id\":\"https:\\\/\\\/newsinfoco.com.br\\\/inicio\\\/category\\\/politica\\\/#listItem\",\"name\":\"Pol\\u00edtica\"}}]},{\"@type\":\"Organization\",\"@id\":\"https:\\\/\\\/newsinfoco.com.br\\\/inicio\\\/#organization\",\"name\":\"News In Foco - Editado por Caio Pimenta\",\"description\":\"O principal site de noticias de Alagoinhas e regi\\u00e3o\",\"url\":\"https:\\\/\\\/newsinfoco.com.br\\\/inicio\\\/\"},{\"@type\":\"Person\",\"@id\":\"https:\\\/\\\/newsinfoco.com.br\\\/inicio\\\/author\\\/administrador\\\/#author\",\"url\":\"https:\\\/\\\/newsinfoco.com.br\\\/inicio\\\/author\\\/administrador\\\/\",\"name\":\"administrador\",\"image\":{\"@type\":\"ImageObject\",\"@id\":\"https:\\\/\\\/newsinfoco.com.br\\\/inicio\\\/otto-alencar-filho-defende-que-partidos-da-base-de-jeronimo-lancem-neste-momento-pre-candidatos-em-salvador\\\/#authorImage\",\"url\":\"https:\\\/\\\/secure.gravatar.com\\\/avatar\\\/c17a617433de8c1dc9584bb79aab7563b46f5bb7e1728c9b17d9cc3ce6a08e49?s=96&d=mm&r=g\",\"width\":96,\"height\":96,\"caption\":\"administrador\"}},{\"@type\":\"WebPage\",\"@id\":\"https:\\\/\\\/newsinfoco.com.br\\\/inicio\\\/otto-alencar-filho-defende-que-partidos-da-base-de-jeronimo-lancem-neste-momento-pre-candidatos-em-salvador\\\/#webpage\",\"url\":\"https:\\\/\\\/newsinfoco.com.br\\\/inicio\\\/otto-alencar-filho-defende-que-partidos-da-base-de-jeronimo-lancem-neste-momento-pre-candidatos-em-salvador\\\/\",\"name\":\"Otto Alencar Filho defende que partidos da base de Jer\\u00f4nimo lancem, neste momento, pr\\u00e9-candidatos em Salvador - News In Foco - Editado por Caio Pimenta\",\"description\":\"O deputado federal Otto Alencar Filho (PSD) considera natural que, neste momento, todos os partidos da base do governador Jer\\u00f4nimo Rodrigues (PT) lancem nomes para a corrida visando a Prefeitura de Salvador em 2024. Nesta semana, o diret\\u00f3rio municipal petista na capital apresentou tr\\u00eas quadros para a disputa e ressaltou que o partido defende a tese\",\"inLanguage\":\"pt-BR\",\"isPartOf\":{\"@id\":\"https:\\\/\\\/newsinfoco.com.br\\\/inicio\\\/#website\"},\"breadcrumb\":{\"@id\":\"https:\\\/\\\/newsinfoco.com.br\\\/inicio\\\/otto-alencar-filho-defende-que-partidos-da-base-de-jeronimo-lancem-neste-momento-pre-candidatos-em-salvador\\\/#breadcrumblist\"},\"author\":{\"@id\":\"https:\\\/\\\/newsinfoco.com.br\\\/inicio\\\/author\\\/administrador\\\/#author\"},\"creator\":{\"@id\":\"https:\\\/\\\/newsinfoco.com.br\\\/inicio\\\/author\\\/administrador\\\/#author\"},\"image\":{\"@type\":\"ImageObject\",\"url\":\"https:\\\/\\\/newsinfoco.com.br\\\/inicio\\\/wp-content\\\/uploads\\\/2019\\\/11\\\/21082017-otto-alencar-filho-11-foto-izis-moacyr-bahiaba.png\",\"@id\":\"https:\\\/\\\/newsinfoco.com.br\\\/inicio\\\/otto-alencar-filho-defende-que-partidos-da-base-de-jeronimo-lancem-neste-momento-pre-candidatos-em-salvador\\\/#mainImage\",\"width\":800,\"height\":450},\"primaryImageOfPage\":{\"@id\":\"https:\\\/\\\/newsinfoco.com.br\\\/inicio\\\/otto-alencar-filho-defende-que-partidos-da-base-de-jeronimo-lancem-neste-momento-pre-candidatos-em-salvador\\\/#mainImage\"},\"datePublished\":\"2023-04-09T17:30:34-03:00\",\"dateModified\":\"2023-04-09T17:30:34-03:00\"},{\"@type\":\"WebSite\",\"@id\":\"https:\\\/\\\/newsinfoco.com.br\\\/inicio\\\/#website\",\"url\":\"https:\\\/\\\/newsinfoco.com.br\\\/inicio\\\/\",\"name\":\"News In Foco - Editado por Caio Pimenta\",\"description\":\"O principal site de noticias de Alagoinhas e regi\\u00e3o\",\"inLanguage\":\"pt-BR\",\"publisher\":{\"@id\":\"https:\\\/\\\/newsinfoco.com.br\\\/inicio\\\/#organization\"}}]}\n\t\t<\/script>\n\t\t<!-- All in One SEO -->\n\n","aioseo_head_json":{"title":"Otto Alencar Filho defende que partidos da base de Jer\u00f4nimo lancem, neste momento, pr\u00e9-candidatos em Salvador - News In Foco - Editado por Caio Pimenta","description":"O deputado federal Otto Alencar Filho (PSD) considera natural que, neste momento, todos os partidos da base do governador Jer\u00f4nimo Rodrigues (PT) lancem nomes para a corrida visando a Prefeitura de Salvador em 2024. Nesta semana, o diret\u00f3rio municipal petista na capital apresentou tr\u00eas quadros para a disputa e ressaltou que o partido defende a tese","canonical_url":"https:\/\/newsinfoco.com.br\/inicio\/otto-alencar-filho-defende-que-partidos-da-base-de-jeronimo-lancem-neste-momento-pre-candidatos-em-salvador\/","robots":"max-image-preview:large","keywords":"","webmasterTools":{"miscellaneous":""},"schema":{"@context":"https:\/\/schema.org","@graph":[{"@type":"BlogPosting","@id":"https:\/\/newsinfoco.com.br\/inicio\/otto-alencar-filho-defende-que-partidos-da-base-de-jeronimo-lancem-neste-momento-pre-candidatos-em-salvador\/#blogposting","name":"Otto Alencar Filho defende que partidos da base de Jer\u00f4nimo lancem, neste momento, pr\u00e9-candidatos em Salvador - News In Foco - Editado por Caio Pimenta","headline":"Otto Alencar Filho defende que partidos da base de Jer\u00f4nimo lancem, neste momento, pr\u00e9-candidatos em Salvador","author":{"@id":"https:\/\/newsinfoco.com.br\/inicio\/author\/administrador\/#author"},"publisher":{"@id":"https:\/\/newsinfoco.com.br\/inicio\/#organization"},"image":{"@type":"ImageObject","url":"https:\/\/newsinfoco.com.br\/inicio\/wp-content\/uploads\/2019\/11\/21082017-otto-alencar-filho-11-foto-izis-moacyr-bahiaba.png","width":800,"height":450},"datePublished":"2023-04-09T17:30:34-03:00","dateModified":"2023-04-09T17:30:34-03:00","inLanguage":"pt-BR","mainEntityOfPage":{"@id":"https:\/\/newsinfoco.com.br\/inicio\/otto-alencar-filho-defende-que-partidos-da-base-de-jeronimo-lancem-neste-momento-pre-candidatos-em-salvador\/#webpage"},"isPartOf":{"@id":"https:\/\/newsinfoco.com.br\/inicio\/otto-alencar-filho-defende-que-partidos-da-base-de-jeronimo-lancem-neste-momento-pre-candidatos-em-salvador\/#webpage"},"articleSection":"Pol\u00edtica"},{"@type":"BreadcrumbList","@id":"https:\/\/newsinfoco.com.br\/inicio\/otto-alencar-filho-defende-que-partidos-da-base-de-jeronimo-lancem-neste-momento-pre-candidatos-em-salvador\/#breadcrumblist","itemListElement":[{"@type":"ListItem","@id":"https:\/\/newsinfoco.com.br\/inicio#listItem","position":1,"name":"In\u00edcio","item":"https:\/\/newsinfoco.com.br\/inicio","nextItem":{"@type":"ListItem","@id":"https:\/\/newsinfoco.com.br\/inicio\/category\/politica\/#listItem","name":"Pol\u00edtica"}},{"@type":"ListItem","@id":"https:\/\/newsinfoco.com.br\/inicio\/category\/politica\/#listItem","position":2,"name":"Pol\u00edtica","item":"https:\/\/newsinfoco.com.br\/inicio\/category\/politica\/","nextItem":{"@type":"ListItem","@id":"https:\/\/newsinfoco.com.br\/inicio\/otto-alencar-filho-defende-que-partidos-da-base-de-jeronimo-lancem-neste-momento-pre-candidatos-em-salvador\/#listItem","name":"Otto Alencar Filho defende que partidos da base de Jer\u00f4nimo lancem, neste momento, pr\u00e9-candidatos em Salvador"},"previousItem":{"@type":"ListItem","@id":"https:\/\/newsinfoco.com.br\/inicio#listItem","name":"In\u00edcio"}},{"@type":"ListItem","@id":"https:\/\/newsinfoco.com.br\/inicio\/otto-alencar-filho-defende-que-partidos-da-base-de-jeronimo-lancem-neste-momento-pre-candidatos-em-salvador\/#listItem","position":3,"name":"Otto Alencar Filho defende que partidos da base de Jer\u00f4nimo lancem, neste momento, pr\u00e9-candidatos em Salvador","previousItem":{"@type":"ListItem","@id":"https:\/\/newsinfoco.com.br\/inicio\/category\/politica\/#listItem","name":"Pol\u00edtica"}}]},{"@type":"Organization","@id":"https:\/\/newsinfoco.com.br\/inicio\/#organization","name":"News In Foco - Editado por Caio Pimenta","description":"O principal site de noticias de Alagoinhas e regi\u00e3o","url":"https:\/\/newsinfoco.com.br\/inicio\/"},{"@type":"Person","@id":"https:\/\/newsinfoco.com.br\/inicio\/author\/administrador\/#author","url":"https:\/\/newsinfoco.com.br\/inicio\/author\/administrador\/","name":"administrador","image":{"@type":"ImageObject","@id":"https:\/\/newsinfoco.com.br\/inicio\/otto-alencar-filho-defende-que-partidos-da-base-de-jeronimo-lancem-neste-momento-pre-candidatos-em-salvador\/#authorImage","url":"https:\/\/secure.gravatar.com\/avatar\/c17a617433de8c1dc9584bb79aab7563b46f5bb7e1728c9b17d9cc3ce6a08e49?s=96&d=mm&r=g","width":96,"height":96,"caption":"administrador"}},{"@type":"WebPage","@id":"https:\/\/newsinfoco.com.br\/inicio\/otto-alencar-filho-defende-que-partidos-da-base-de-jeronimo-lancem-neste-momento-pre-candidatos-em-salvador\/#webpage","url":"https:\/\/newsinfoco.com.br\/inicio\/otto-alencar-filho-defende-que-partidos-da-base-de-jeronimo-lancem-neste-momento-pre-candidatos-em-salvador\/","name":"Otto Alencar Filho defende que partidos da base de Jer\u00f4nimo lancem, neste momento, pr\u00e9-candidatos em Salvador - News In Foco - Editado por Caio Pimenta","description":"O deputado federal Otto Alencar Filho (PSD) considera natural que, neste momento, todos os partidos da base do governador Jer\u00f4nimo Rodrigues (PT) lancem nomes para a corrida visando a Prefeitura de Salvador em 2024. Nesta semana, o diret\u00f3rio municipal petista na capital apresentou tr\u00eas quadros para a disputa e ressaltou que o partido defende a tese","inLanguage":"pt-BR","isPartOf":{"@id":"https:\/\/newsinfoco.com.br\/inicio\/#website"},"breadcrumb":{"@id":"https:\/\/newsinfoco.com.br\/inicio\/otto-alencar-filho-defende-que-partidos-da-base-de-jeronimo-lancem-neste-momento-pre-candidatos-em-salvador\/#breadcrumblist"},"author":{"@id":"https:\/\/newsinfoco.com.br\/inicio\/author\/administrador\/#author"},"creator":{"@id":"https:\/\/newsinfoco.com.br\/inicio\/author\/administrador\/#author"},"image":{"@type":"ImageObject","url":"https:\/\/newsinfoco.com.br\/inicio\/wp-content\/uploads\/2019\/11\/21082017-otto-alencar-filho-11-foto-izis-moacyr-bahiaba.png","@id":"https:\/\/newsinfoco.com.br\/inicio\/otto-alencar-filho-defende-que-partidos-da-base-de-jeronimo-lancem-neste-momento-pre-candidatos-em-salvador\/#mainImage","width":800,"height":450},"primaryImageOfPage":{"@id":"https:\/\/newsinfoco.com.br\/inicio\/otto-alencar-filho-defende-que-partidos-da-base-de-jeronimo-lancem-neste-momento-pre-candidatos-em-salvador\/#mainImage"},"datePublished":"2023-04-09T17:30:34-03:00","dateModified":"2023-04-09T17:30:34-03:00"},{"@type":"WebSite","@id":"https:\/\/newsinfoco.com.br\/inicio\/#website","url":"https:\/\/newsinfoco.com.br\/inicio\/","name":"News In Foco - Editado por Caio Pimenta","description":"O principal site de noticias de Alagoinhas e regi\u00e3o","inLanguage":"pt-BR","publisher":{"@id":"https:\/\/newsinfoco.com.br\/inicio\/#organization"}}]},"og:locale":"pt_BR","og:site_name":"News In Foco - Editado por Caio Pimenta - O principal site de noticias de Alagoinhas e regi\u00e3o","og:type":"article","og:title":"Otto Alencar Filho defende que partidos da base de Jer\u00f4nimo lancem, neste momento, pr\u00e9-candidatos em Salvador - News In Foco - Editado por Caio Pimenta","og:description":"O deputado federal Otto Alencar Filho (PSD) considera natural que, neste momento, todos os partidos da base do governador Jer\u00f4nimo Rodrigues (PT) lancem nomes para a corrida visando a Prefeitura de Salvador em 2024. Nesta semana, o diret\u00f3rio municipal petista na capital apresentou tr\u00eas quadros para a disputa e ressaltou que o partido defende a tese","og:url":"https:\/\/newsinfoco.com.br\/inicio\/otto-alencar-filho-defende-que-partidos-da-base-de-jeronimo-lancem-neste-momento-pre-candidatos-em-salvador\/","article:published_time":"2023-04-09T20:30:34+00:00","article:modified_time":"2023-04-09T20:30:34+00:00","twitter:card":"summary_large_image","twitter:title":"Otto Alencar Filho defende que partidos da base de Jer\u00f4nimo lancem, neste momento, pr\u00e9-candidatos em Salvador - News In Foco - Editado por Caio Pimenta","twitter:description":"O deputado federal Otto Alencar Filho (PSD) considera natural que, neste momento, todos os partidos da base do governador Jer\u00f4nimo Rodrigues (PT) lancem nomes para a corrida visando a Prefeitura de Salvador em 2024. Nesta semana, o diret\u00f3rio municipal petista na capital apresentou tr\u00eas quadros para a disputa e ressaltou que o partido defende a tese"},"aioseo_meta_data":{"post_id":"33583","title":null,"description":null,"keywords":null,"keyphrases":null,"primary_term":null,"canonical_url":null,"og_title":null,"og_description":null,"og_object_type":"default","og_image_type":"default","og_image_url":null,"og_image_width":null,"og_image_height":null,"og_image_custom_url":null,"og_image_custom_fields":null,"og_video":null,"og_custom_url":null,"og_article_section":null,"og_article_tags":null,"twitter_use_og":false,"twitter_card":"default","twitter_image_type":"default","twitter_image_url":null,"twitter_image_custom_url":null,"twitter_image_custom_fields":null,"twitter_title":null,"twitter_description":null,"schema":{"blockGraphs":[],"customGraphs":[],"default":{"data":{"Article":[],"Course":[],"Dataset":[],"FAQPage":[],"Movie":[],"Person":[],"Product":[],"ProductReview":[],"Car":[],"Recipe":[],"Service":[],"SoftwareApplication":[],"WebPage":[]},"graphName":"","isEnabled":true},"graphs":[]},"schema_type":"default","schema_type_options":null,"pillar_content":false,"robots_default":true,"robots_noindex":false,"robots_noarchive":false,"robots_nosnippet":false,"robots_nofollow":false,"robots_noimageindex":false,"robots_noodp":false,"robots_notranslate":false,"robots_max_snippet":null,"robots_max_videopreview":null,"robots_max_imagepreview":"large","priority":null,"frequency":null,"local_seo":null,"breadcrumb_settings":null,"limit_modified_date":false,"ai":null,"created":"2023-06-12 23:13:47","updated":"2025-07-11 09:30:50","seo_analyzer_scan_date":null},"aioseo_breadcrumb":"<div class=\"aioseo-breadcrumbs\"><span class=\"aioseo-breadcrumb\">\n\t\t\t<a href=\"https:\/\/newsinfoco.com.br\/inicio\" title=\"In\u00edcio\">In\u00edcio<\/a>\n\t\t<\/span><span class=\"aioseo-breadcrumb-separator\">&raquo;<\/span><span class=\"aioseo-breadcrumb\">\n\t\t\t<a href=\"https:\/\/newsinfoco.com.br\/inicio\/category\/politica\/\" title=\"Pol\u00edtica\">Pol\u00edtica<\/a>\n\t\t<\/span><span class=\"aioseo-breadcrumb-separator\">&raquo;<\/span><span class=\"aioseo-breadcrumb\">\n\t\t\tOtto Alencar Filho defende que partidos da base de Jer\u00f4nimo lancem, neste momento, pr\u00e9-candidatos em Salvador\n\t\t<\/span><\/div>","aioseo_breadcrumb_json":[{"label":"In\u00edcio","link":"https:\/\/newsinfoco.com.br\/inicio"},{"label":"Pol\u00edtica","link":"https:\/\/newsinfoco.com.br\/inicio\/category\/politica\/"},{"label":"Otto Alencar Filho defende que partidos da base de Jer\u00f4nimo lancem, neste momento, pr\u00e9-candidatos em Salvador","link":"https:\/\/newsinfoco.com.br\/inicio\/otto-alencar-filho-defende-que-partidos-da-base-de-jeronimo-lancem-neste-momento-pre-candidatos-em-salvador\/"}],"_links":{"self":[{"href":"https:\/\/newsinfoco.com.br\/inicio\/wp-json\/wp\/v2\/posts\/33583","targetHints":{"allow":["GET"]}}],"collection":[{"href":"https:\/\/newsinfoco.com.br\/inicio\/wp-json\/wp\/v2\/posts"}],"about":[{"href":"https:\/\/newsinfoco.com.br\/inicio\/wp-json\/wp\/v2\/types\/post"}],"author":[{"embeddable":true,"href":"https:\/\/newsinfoco.com.br\/inicio\/wp-json\/wp\/v2\/users\/1"}],"replies":[{"embeddable":true,"href":"https:\/\/newsinfoco.com.br\/inicio\/wp-json\/wp\/v2\/comments?post=33583"}],"version-history":[{"count":1,"href":"https:\/\/newsinfoco.com.br\/inicio\/wp-json\/wp\/v2\/posts\/33583\/revisions"}],"predecessor-version":[{"id":33584,"href":"https:\/\/newsinfoco.com.br\/inicio\/wp-json\/wp\/v2\/posts\/33583\/revisions\/33584"}],"wp:featuredmedia":[{"embeddable":true,"href":"https:\/\/newsinfoco.com.br\/inicio\/wp-json\/wp\/v2\/media\/18394"}],"wp:attachment":[{"href":"https:\/\/newsinfoco.com.br\/inicio\/wp-json\/wp\/v2\/media?parent=33583"}],"wp:term":[{"taxonomy":"category","embeddable":true,"href":"https:\/\/newsinfoco.com.br\/inicio\/wp-json\/wp\/v2\/categories?post=33583"},{"taxonomy":"post_tag","embeddable":true,"href":"https:\/\/newsinfoco.com.br\/inicio\/wp-json\/wp\/v2\/tags?post=33583"}],"curies":[{"name":"wp","href":"https:\/\/api.w.org\/{rel}","templated":true}]}}