{"id":33681,"date":"2023-04-15T09:20:56","date_gmt":"2023-04-15T12:20:56","guid":{"rendered":"https:\/\/newsinfoco.com.br\/inicio\/?p=33681"},"modified":"2023-04-15T09:20:56","modified_gmt":"2023-04-15T12:20:56","slug":"bolsonaro-nao-se-rendera-e-tentara-reverter-inelegibilidade-no-tse-em-2026-dizem-aliados","status":"publish","type":"post","link":"https:\/\/newsinfoco.com.br\/inicio\/bolsonaro-nao-se-rendera-e-tentara-reverter-inelegibilidade-no-tse-em-2026-dizem-aliados\/","title":{"rendered":"Bolsonaro n\u00e3o se render\u00e1 e tentar\u00e1 reverter inelegibilidade no TSE em 2026, dizem aliados"},"content":{"rendered":"<p>A possibilidade de o Tribunal Superior Eleitoral (TSE) tornar Jair Bolsonaro (PL) ineleg\u00edvel neste ano n\u00e3o far\u00e1 o ex-presidente desistir de retornar ao comando do pa\u00eds \u2013nem o levar\u00e1 a indicar um sucessor pol\u00edtico.<\/p>\n<p>De acordo com um aliado frequente, ele \u201cn\u00e3o se render\u00e1\u201d. Seguir\u00e1 na milit\u00e2ncia pol\u00edtica e esperar\u00e1 o tempo passar para tentar reverter a inelegibilidade no pr\u00f3prio TSE, em 2026.<\/p><div class=\"newsi-conteudo_19\" id=\"newsi-1800541026\"><a href=\"https:\/\/www.instagram.com\/prefeituraalagoinhas?igsh=YzgzdDJ1bWR3aWI4\" aria-label=\"SAVE_20251006_221555\"><img loading=\"lazy\" decoding=\"async\" src=\"https:\/\/newsinfoco.com.br\/inicio\/wp-content\/uploads\/2025\/10\/SAVE_20251006_221555-rotated.jpg\" alt=\"\"  srcset=\"https:\/\/newsinfoco.com.br\/inicio\/wp-content\/uploads\/2025\/10\/SAVE_20251006_221555-rotated.jpg 1140w, https:\/\/newsinfoco.com.br\/inicio\/wp-content\/uploads\/2025\/10\/SAVE_20251006_221555-300x52.jpg 300w, https:\/\/newsinfoco.com.br\/inicio\/wp-content\/uploads\/2025\/10\/SAVE_20251006_221555-1024x177.jpg 1024w, https:\/\/newsinfoco.com.br\/inicio\/wp-content\/uploads\/2025\/10\/SAVE_20251006_221555-768x133.jpg 768w, https:\/\/newsinfoco.com.br\/inicio\/wp-content\/uploads\/2025\/10\/SAVE_20251006_221555-600x104.jpg 600w, https:\/\/newsinfoco.com.br\/inicio\/wp-content\/uploads\/2025\/10\/SAVE_20251006_221555-696x120.jpg 696w, https:\/\/newsinfoco.com.br\/inicio\/wp-content\/uploads\/2025\/10\/SAVE_20251006_221555-1068x185.jpg 1068w\" sizes=\"(max-width: 1140px) 100vw, 1140px\" width=\"1140\" height=\"197\"   \/><\/a><\/div>\n<p>Na an\u00e1lise do n\u00facleo central do bolsonarismo, no Brasil tudo \u00e9 poss\u00edvel, e reviravoltas pol\u00edticas e jur\u00eddicas s\u00e3o a regra. Basta ver o que aconteceu com Lula (PT), que estava preso e ineleg\u00edvel em 2018 \u2014e acabou voltando ao poder quatro anos depois.<\/p>\n<p>A aposta de Bolsonaro se concentraria nas consequ\u00eancias da passagem do tempo. A primeira delas: o ministro Alexandre de Moraes, que hoje preside o TSE, ter\u00e1 que deixar o tribunal em junho de 2024.<\/p>\n<p>Com a dan\u00e7a das cadeiras, o TSE ter\u00e1 entre seus integrantes tr\u00eas ministros do Supremo Tribunal Federal (STF): C\u00e1rmen L\u00facia, Kassio Nunes Marques e Andr\u00e9 Mendon\u00e7a. Os dois \u00faltimos foram indicados ao STF por Bolsonaro, e s\u00e3o considerados voto certo a favor do ex-presidente.<\/p>\n<p>C\u00e1rmen, por sua vez, ter\u00e1 que deixar a Corte eleitoral em agosto de 2026. No lugar dela deve entrar o ministro Dias Toffoli.<\/p>\n<p>A segunda consequ\u00eancia da passagem do tempo que poderia beneficiar Jair Bolsonaro: um inevit\u00e1vel desgaste de Lula no poder.<\/p>\n<p>Com isso, o contexto pol\u00edtico mudaria \u2013e cresceriam as chances de Bolsonaro recuperar o direito de se candidatar.<\/p>\n<p>De acordo com um aliado do ex-presidente, caso Lula consiga fazer um governo amplamente aprovado pela popula\u00e7\u00e3o, o quadro muda. Neste caso, nem adiantaria Bolsonaro se candidatar, pois seria certamente derrotado nas urnas.<\/p>\n<p>&nbsp;<\/p>\n<p><span class=\"assinatura_exclusiva\">M\u00f4nica Bergamo\/Folhapress<\/span><\/p>\n<div class='share-to-whatsapp-wrapper'><div class='share-on-whsp'>Share on: <\/div><a data-text='Bolsonaro n\u00e3o se render\u00e1 e tentar\u00e1 reverter inelegibilidade no TSE em 2026, dizem aliados' data-link='https:\/\/newsinfoco.com.br\/inicio\/bolsonaro-nao-se-rendera-e-tentara-reverter-inelegibilidade-no-tse-em-2026-dizem-aliados\/' class='whatsapp-button whatsapp-share'>WhatsApp<\/a><div class='clear '><\/div><\/div>","protected":false},"excerpt":{"rendered":"<p>A possibilidade de o Tribunal Superior Eleitoral (TSE) tornar Jair Bolsonaro (PL) ineleg\u00edvel neste ano n\u00e3o far\u00e1 o ex-presidente desistir de retornar ao comando do pa\u00eds \u2013nem o levar\u00e1 a indicar um sucessor pol\u00edtico. De acordo com um aliado frequente, ele \u201cn\u00e3o se render\u00e1\u201d. Seguir\u00e1 na milit\u00e2ncia pol\u00edtica e esperar\u00e1 o tempo passar para tentar [&hellip;]<\/p>\n","protected":false},"author":1,"featured_media":30661,"comment_status":"closed","ping_status":"closed","sticky":false,"template":"","format":"standard","meta":{"om_disable_all_campaigns":false,"_exactmetrics_skip_tracking":false,"_exactmetrics_sitenote_active":false,"_exactmetrics_sitenote_note":"","_exactmetrics_sitenote_category":0,"footnotes":""},"categories":[40],"tags":[],"class_list":["post-33681","post","type-post","status-publish","format-standard","has-post-thumbnail","hentry","category-politica"],"aioseo_notices":[],"_links":{"self":[{"href":"https:\/\/newsinfoco.com.br\/inicio\/wp-json\/wp\/v2\/posts\/33681","targetHints":{"allow":["GET"]}}],"collection":[{"href":"https:\/\/newsinfoco.com.br\/inicio\/wp-json\/wp\/v2\/posts"}],"about":[{"href":"https:\/\/newsinfoco.com.br\/inicio\/wp-json\/wp\/v2\/types\/post"}],"author":[{"embeddable":true,"href":"https:\/\/newsinfoco.com.br\/inicio\/wp-json\/wp\/v2\/users\/1"}],"replies":[{"embeddable":true,"href":"https:\/\/newsinfoco.com.br\/inicio\/wp-json\/wp\/v2\/comments?post=33681"}],"version-history":[{"count":1,"href":"https:\/\/newsinfoco.com.br\/inicio\/wp-json\/wp\/v2\/posts\/33681\/revisions"}],"predecessor-version":[{"id":33682,"href":"https:\/\/newsinfoco.com.br\/inicio\/wp-json\/wp\/v2\/posts\/33681\/revisions\/33682"}],"wp:featuredmedia":[{"embeddable":true,"href":"https:\/\/newsinfoco.com.br\/inicio\/wp-json\/wp\/v2\/media\/30661"}],"wp:attachment":[{"href":"https:\/\/newsinfoco.com.br\/inicio\/wp-json\/wp\/v2\/media?parent=33681"}],"wp:term":[{"taxonomy":"category","embeddable":true,"href":"https:\/\/newsinfoco.com.br\/inicio\/wp-json\/wp\/v2\/categories?post=33681"},{"taxonomy":"post_tag","embeddable":true,"href":"https:\/\/newsinfoco.com.br\/inicio\/wp-json\/wp\/v2\/tags?post=33681"}],"curies":[{"name":"wp","href":"https:\/\/api.w.org\/{rel}","templated":true}]}}