{"id":3388,"date":"2018-05-04T15:00:37","date_gmt":"2018-05-04T18:00:37","guid":{"rendered":"http:\/\/newsinfoco.com.br\/?p=3388"},"modified":"2018-05-04T15:00:37","modified_gmt":"2018-05-04T18:00:37","slug":"prefeitura-de-esplanada-aditiva-contrato-em-mais-de-9-milhoes-para-cooperativa-que-presta-servicos-de-saude-no-municipio","status":"publish","type":"post","link":"https:\/\/newsinfoco.com.br\/inicio\/prefeitura-de-esplanada-aditiva-contrato-em-mais-de-9-milhoes-para-cooperativa-que-presta-servicos-de-saude-no-municipio\/","title":{"rendered":"Prefeitura de Esplanada aditiva contrato em mais de 9 milh\u00f5es para cooperativa que presta servi\u00e7os de sa\u00fade no munic\u00edpio"},"content":{"rendered":"<h5 style=\"text-align: justify;\"><span style=\"color: #000000;\">No dia 25 de abril a prefeitura de Esplanada publicou no di\u00e1rio oficial o PRIMEIRO TERMO ADITIVO AO CONTRATO N\u00ba 072\/2017, dizendo que o Prefeito Municipal de Esplanada, no uso de suas atribui\u00e7\u00f5es, torna p\u00fablico o PRIMEIRO TERMO ADITIVO DE PRAZO DE VIG\u00caNCIA CONTRATUAL: Processo Administrativo n\u00ba 064\/2017. Objeto:\u00a0<strong><em>A PRESTA\u00c7\u00c3O DE SERVI\u00c7OS DE GERENCIAMENTO E EXECU\u00c7\u00c3O DE SERVI\u00c7OS T\u00c9CNICOS ESPECIALIZADOS OU N\u00c3O ESPECIALIZADOS EM DIVERSAS SECRETARIAS DA PREFEITURA MUNICIPAL DE ESPLANADA \u2013 BAHIA.<\/em><\/strong>\u00a0Vig\u00eancia: 09\/03\/2018 \u00e0 08\/03\/2019. Fornecedor:\u00a0<em><strong>COOPASAUD \u2013 COOPERATIVA DE ASSIST\u00caNCIA SOCIAL E SA\u00daDE DO ESTADO DA BAHIA LTDA<\/strong>\u00a0<\/em>inscrito no CNPJ N\u00ba. 20.971.571\/0001-80 Data: 09\/03\/2018. Valor:\u00a0<strong><em>R$ 9.876.933,36 (nove milh\u00f5es, oitocentos e setenta e seis mil, novecentos e trinta e tr\u00eas reais e trinta e seis centavos).<\/em><\/strong><\/span><\/h5>\n<p style=\"text-align: justify;\"><span style=\"color: #000000;\"><a style=\"color: #000000;\" href=\"http:\/\/esplanadagora.com.br\/wp-content\/uploads\/2018\/05\/ADITIVO.png\"><img loading=\"lazy\" decoding=\"async\" class=\"alignnone size-full wp-image-24138\" src=\"http:\/\/esplanadagora.com.br\/wp-content\/uploads\/2018\/05\/ADITIVO.png\" sizes=\"auto, (max-width: 872px) 100vw, 872px\" srcset=\"http:\/\/esplanadagora.com.br\/wp-content\/uploads\/2018\/05\/ADITIVO.png 872w, http:\/\/esplanadagora.com.br\/wp-content\/uploads\/2018\/05\/ADITIVO-300x194.png 300w, http:\/\/esplanadagora.com.br\/wp-content\/uploads\/2018\/05\/ADITIVO-768x497.png 768w\" alt=\"\" width=\"872\" height=\"564\" \/><\/a><\/span><\/p>\n<h5 style=\"text-align: justify;\"><span style=\"color: #000000;\">O que muitos Esplanadenses est\u00e3o se perguntando, \u00e9 para onde, e como est\u00e3o sendo empregados recursos como esses? Porque a sa\u00fade da cidade est\u00e1 um caos, profissionais sem receber, postos sem medicamentos e atendimento comprometido, estrutura f\u00edsica das unidades de sa\u00fade precisando de manuten\u00e7\u00e3o, ambul\u00e2ncias sucateadas e o centro de especialidades na UTI.<\/span><\/h5>\n<h5 style=\"text-align: justify;\"><span style=\"color: #000000;\">Esse aditivo segundo a publica\u00e7\u00e3o tem a validade de 12 meses, que compreende a 09\/03\/2018 a 08\/03\/2019.\u00a0<strong><em>R$ 9.876.933,36 (nove milh\u00f5es, oitocentos e setenta e seis mil, novecentos e trinta e tr\u00eas reais e trinta e seis centavos).<\/em><\/strong><\/span><\/h5>\n<h6 style=\"text-align: right;\">Fonte:Esplanadaagora<\/h6>\n<div class='share-to-whatsapp-wrapper'><div class='share-on-whsp'>Share on: <\/div><a data-text='Prefeitura de Esplanada aditiva contrato em mais de 9 milh\u00f5es para cooperativa que presta servi\u00e7os de sa\u00fade no munic\u00edpio' data-link='https:\/\/newsinfoco.com.br\/inicio\/prefeitura-de-esplanada-aditiva-contrato-em-mais-de-9-milhoes-para-cooperativa-que-presta-servicos-de-saude-no-municipio\/' class='whatsapp-button whatsapp-share'>WhatsApp<\/a><div class='clear '><\/div><\/div>","protected":false},"excerpt":{"rendered":"<p>No dia 25 de abril a prefeitura de Esplanada publicou no di\u00e1rio oficial o PRIMEIRO TERMO ADITIVO AO CONTRATO N\u00ba 072\/2017, dizendo que o Prefeito Municipal de Esplanada, no uso de suas atribui\u00e7\u00f5es, torna p\u00fablico o PRIMEIRO TERMO ADITIVO DE PRAZO DE VIG\u00caNCIA CONTRATUAL: Processo Administrativo n\u00ba 064\/2017. Objeto:\u00a0A PRESTA\u00c7\u00c3O DE SERVI\u00c7OS DE GERENCIAMENTO E [&hellip;]<\/p>\n","protected":false},"author":1,"featured_media":3389,"comment_status":"open","ping_status":"open","sticky":false,"template":"","format":"standard","meta":{"om_disable_all_campaigns":false,"_exactmetrics_skip_tracking":false,"_exactmetrics_sitenote_active":false,"_exactmetrics_sitenote_note":"","_exactmetrics_sitenote_category":0,"footnotes":""},"categories":[38],"tags":[],"class_list":["post-3388","post","type-post","status-publish","format-standard","has-post-thumbnail","hentry","category-alagoinhas-e-regiao"],"aioseo_notices":[],"_links":{"self":[{"href":"https:\/\/newsinfoco.com.br\/inicio\/wp-json\/wp\/v2\/posts\/3388","targetHints":{"allow":["GET"]}}],"collection":[{"href":"https:\/\/newsinfoco.com.br\/inicio\/wp-json\/wp\/v2\/posts"}],"about":[{"href":"https:\/\/newsinfoco.com.br\/inicio\/wp-json\/wp\/v2\/types\/post"}],"author":[{"embeddable":true,"href":"https:\/\/newsinfoco.com.br\/inicio\/wp-json\/wp\/v2\/users\/1"}],"replies":[{"embeddable":true,"href":"https:\/\/newsinfoco.com.br\/inicio\/wp-json\/wp\/v2\/comments?post=3388"}],"version-history":[{"count":0,"href":"https:\/\/newsinfoco.com.br\/inicio\/wp-json\/wp\/v2\/posts\/3388\/revisions"}],"wp:featuredmedia":[{"embeddable":true,"href":"https:\/\/newsinfoco.com.br\/inicio\/wp-json\/wp\/v2\/media\/3389"}],"wp:attachment":[{"href":"https:\/\/newsinfoco.com.br\/inicio\/wp-json\/wp\/v2\/media?parent=3388"}],"wp:term":[{"taxonomy":"category","embeddable":true,"href":"https:\/\/newsinfoco.com.br\/inicio\/wp-json\/wp\/v2\/categories?post=3388"},{"taxonomy":"post_tag","embeddable":true,"href":"https:\/\/newsinfoco.com.br\/inicio\/wp-json\/wp\/v2\/tags?post=3388"}],"curies":[{"name":"wp","href":"https:\/\/api.w.org\/{rel}","templated":true}]}}