{"id":33939,"date":"2023-05-12T10:53:19","date_gmt":"2023-05-12T13:53:19","guid":{"rendered":"https:\/\/newsinfoco.com.br\/inicio\/?p=33939"},"modified":"2023-05-12T10:54:54","modified_gmt":"2023-05-12T13:54:54","slug":"sicomercio-e-contra-mudanca-de-nome-de-avenida-para-homenagear-valnei-valverdevalneijos","status":"publish","type":"post","link":"https:\/\/newsinfoco.com.br\/inicio\/sicomercio-e-contra-mudanca-de-nome-de-avenida-para-homenagear-valnei-valverdevalneijos\/","title":{"rendered":"Sicom\u00e9rcio \u00e9 contra mudan\u00e7a de nome de avenida para homenagear Valnei Valverde(Valneij\u00f3s)"},"content":{"rendered":"<p>O Sindicato Patronal do Com\u00e9rcio de Alagoinhas(Sicom\u00e9rcio), liderado pelo presidente Benedito Vieira, tem levantado bandeira contra a pauta do Movimento Popular Avenida Valnei Valverde. O movimento iniciado m\u00eas passado alcan\u00e7ou, em pouco tempo, grande apoio da popula\u00e7\u00e3o alagoinhense ao reivindicar a retirada do nome Joseph Wagner de uma das principais avenidas da cidade para homenagear o criador do trio e banda Valneij\u00f3s, Valnei Valverde, falecido no final dos anos 2000.<\/p>\n<p>O sindicato patronal alega que a mudan\u00e7a de nome da avenida trar\u00e1 custos e dificuldades aos empres\u00e1rios do local. De acordo com Benedito Vieira, em conversa com este News Infoco, caso a troca de nomes ocorra, os empres\u00e1rios do local ter\u00e3o que arcar com os custos da altera\u00e7\u00e3o dos endere\u00e7os em seus CNPJs e demais registros. Tamb\u00e9m alega que o processo do Correios para atualiza\u00e7\u00e3o do nome da rua \u00e9 demorado e atrapalhar\u00e1 o envio e recebimento de encomendas destas empresas.<\/p>\n<p>A Associa\u00e7\u00e3o dos Contabilistas de Alagoinhas tamb\u00e9m segue o entendimento do Sicom\u00e9rcio e se coloca contra a mudan\u00e7a de nome na Avenida Joseph Wagner.<\/p>\n<p>&#8220;Somos contra a mudan\u00e7a de nome de ruas j\u00e1 nomeadas, porque trar\u00e1 dificuldades a quem possui com\u00e9rcio no local. A homenagem poderia ser feita colocando o nome de Valnei em uma pra\u00e7a, uma escola ou at\u00e9 uma rua que ainda n\u00e3o tenha sido batizada.&#8221;, opina o presidente do Sicom\u00e9rcio.<\/p>\n<p>O dirigente sindical tamb\u00e9m informou que j\u00e1 solicitou uma reuni\u00e3o com os vereadores da cidade para que o projeto, caso chegue \u00e0 Casa Legislativa, seja modificado ou simplesmente n\u00e3o seja levado adiante. Benedito Vieira tamb\u00e9m promete ter uma conversa com o prefeito Joaquim Neto para que ele tenha conhecimento dos efeitos econ\u00f4micos de tal medida.<\/p>\n<p>&nbsp;<\/p>\n<p>Por Caio Pimenta para o News Infoco<\/p>\n<p>&nbsp;<\/p>\n<div class='share-to-whatsapp-wrapper'><div class='share-on-whsp'>Share on: <\/div><a data-text='Sicom\u00e9rcio \u00e9 contra mudan\u00e7a de nome de avenida para homenagear Valnei Valverde(Valneij\u00f3s)' data-link='https:\/\/newsinfoco.com.br\/inicio\/sicomercio-e-contra-mudanca-de-nome-de-avenida-para-homenagear-valnei-valverdevalneijos\/' class='whatsapp-button whatsapp-share'>WhatsApp<\/a><div class='clear '><\/div><\/div>","protected":false},"excerpt":{"rendered":"<p>O Sindicato Patronal do Com\u00e9rcio de Alagoinhas(Sicom\u00e9rcio), liderado pelo presidente Benedito Vieira, tem levantado bandeira contra a pauta do Movimento Popular Avenida Valnei Valverde. O movimento iniciado m\u00eas passado alcan\u00e7ou, em pouco tempo, grande apoio da popula\u00e7\u00e3o alagoinhense ao reivindicar a retirada do nome Joseph Wagner de uma das principais avenidas da cidade para homenagear [&hellip;]<\/p>\n","protected":false},"author":1,"featured_media":20839,"comment_status":"closed","ping_status":"closed","sticky":false,"template":"","format":"standard","meta":{"om_disable_all_campaigns":false,"rop_custom_images_group":[],"rop_custom_messages_group":[],"rop_publish_now":"initial","rop_publish_now_accounts":[],"rop_publish_now_history":[],"rop_publish_now_status":"pending","_exactmetrics_skip_tracking":false,"footnotes":""},"categories":[38,167],"tags":[],"class_list":["post-33939","post","type-post","status-publish","format-standard","has-post-thumbnail","hentry","category-alagoinhas-e-regiao","category-exclusivas"],"aioseo_notices":[],"aioseo_head":"\n\t\t<!-- All in One SEO 4.9.10 - aioseo.com -->\n\t<meta name=\"description\" content=\"O Sindicato Patronal do Com\u00e9rcio de Alagoinhas(Sicom\u00e9rcio), liderado pelo presidente Benedito Vieira, tem levantado bandeira contra a pauta do Movimento Popular Avenida Valnei Valverde. O movimento iniciado m\u00eas passado alcan\u00e7ou, em pouco tempo, grande apoio da popula\u00e7\u00e3o alagoinhense ao reivindicar a retirada do nome Joseph Wagner de uma das principais avenidas da cidade para homenagear\" \/>\n\t<meta name=\"robots\" content=\"max-image-preview:large\" \/>\n\t<meta name=\"author\" content=\"administrador\"\/>\n\t<link rel=\"canonical\" href=\"https:\/\/newsinfoco.com.br\/inicio\/sicomercio-e-contra-mudanca-de-nome-de-avenida-para-homenagear-valnei-valverdevalneijos\/\" \/>\n\t<meta name=\"generator\" content=\"All in One SEO (AIOSEO) 4.9.10\" \/>\n\t\t<meta property=\"og:locale\" content=\"pt_BR\" \/>\n\t\t<meta property=\"og:site_name\" content=\"News In Foco - Editado por Caio Pimenta - O principal site de noticias de Alagoinhas e regi\u00e3o\" \/>\n\t\t<meta property=\"og:type\" content=\"article\" \/>\n\t\t<meta property=\"og:title\" content=\"Sicom\u00e9rcio \u00e9 contra mudan\u00e7a de nome de avenida para homenagear Valnei Valverde(Valneij\u00f3s) - News In Foco - Editado por Caio Pimenta\" \/>\n\t\t<meta property=\"og:description\" content=\"O Sindicato Patronal do Com\u00e9rcio de Alagoinhas(Sicom\u00e9rcio), liderado pelo presidente Benedito Vieira, tem levantado bandeira contra a pauta do Movimento Popular Avenida Valnei Valverde. O movimento iniciado m\u00eas passado alcan\u00e7ou, em pouco tempo, grande apoio da popula\u00e7\u00e3o alagoinhense ao reivindicar a retirada do nome Joseph Wagner de uma das principais avenidas da cidade para homenagear\" \/>\n\t\t<meta property=\"og:url\" content=\"https:\/\/newsinfoco.com.br\/inicio\/sicomercio-e-contra-mudanca-de-nome-de-avenida-para-homenagear-valnei-valverdevalneijos\/\" \/>\n\t\t<meta property=\"article:published_time\" content=\"2023-05-12T13:53:19+00:00\" \/>\n\t\t<meta property=\"article:modified_time\" content=\"2023-05-12T13:54:54+00:00\" \/>\n\t\t<meta name=\"twitter:card\" content=\"summary_large_image\" \/>\n\t\t<meta name=\"twitter:title\" content=\"Sicom\u00e9rcio \u00e9 contra mudan\u00e7a de nome de avenida para homenagear Valnei Valverde(Valneij\u00f3s) - News In Foco - Editado por Caio Pimenta\" \/>\n\t\t<meta name=\"twitter:description\" content=\"O Sindicato Patronal do Com\u00e9rcio de Alagoinhas(Sicom\u00e9rcio), liderado pelo presidente Benedito Vieira, tem levantado bandeira contra a pauta do Movimento Popular Avenida Valnei Valverde. O movimento iniciado m\u00eas passado alcan\u00e7ou, em pouco tempo, grande apoio da popula\u00e7\u00e3o alagoinhense ao reivindicar a retirada do nome Joseph Wagner de uma das principais avenidas da cidade para homenagear\" \/>\n\t\t<script type=\"application\/ld+json\" class=\"aioseo-schema\">\n\t\t\t{\"@context\":\"https:\\\/\\\/schema.org\",\"@graph\":[{\"@type\":\"BlogPosting\",\"@id\":\"https:\\\/\\\/newsinfoco.com.br\\\/inicio\\\/sicomercio-e-contra-mudanca-de-nome-de-avenida-para-homenagear-valnei-valverdevalneijos\\\/#blogposting\",\"name\":\"Sicom\\u00e9rcio \\u00e9 contra mudan\\u00e7a de nome de avenida para homenagear Valnei Valverde(Valneij\\u00f3s) - News In Foco - Editado por Caio Pimenta\",\"headline\":\"Sicom\\u00e9rcio \\u00e9 contra mudan\\u00e7a de nome de avenida para homenagear Valnei Valverde(Valneij\\u00f3s)\",\"author\":{\"@id\":\"https:\\\/\\\/newsinfoco.com.br\\\/inicio\\\/author\\\/administrador\\\/#author\"},\"publisher\":{\"@id\":\"https:\\\/\\\/newsinfoco.com.br\\\/inicio\\\/#organization\"},\"image\":{\"@type\":\"ImageObject\",\"url\":\"https:\\\/\\\/newsinfoco.com.br\\\/inicio\\\/wp-content\\\/uploads\\\/2020\\\/04\\\/BENEDITO.jpg\",\"width\":612,\"height\":431,\"caption\":\"Na foto, Benedito Vieira, presidente do Sicomercio Alagoinhas\"},\"datePublished\":\"2023-05-12T10:53:19-03:00\",\"dateModified\":\"2023-05-12T10:54:54-03:00\",\"inLanguage\":\"pt-BR\",\"mainEntityOfPage\":{\"@id\":\"https:\\\/\\\/newsinfoco.com.br\\\/inicio\\\/sicomercio-e-contra-mudanca-de-nome-de-avenida-para-homenagear-valnei-valverdevalneijos\\\/#webpage\"},\"isPartOf\":{\"@id\":\"https:\\\/\\\/newsinfoco.com.br\\\/inicio\\\/sicomercio-e-contra-mudanca-de-nome-de-avenida-para-homenagear-valnei-valverdevalneijos\\\/#webpage\"},\"articleSection\":\"Alagoinhas e Regi\\u00e3o, Manchete\"},{\"@type\":\"BreadcrumbList\",\"@id\":\"https:\\\/\\\/newsinfoco.com.br\\\/inicio\\\/sicomercio-e-contra-mudanca-de-nome-de-avenida-para-homenagear-valnei-valverdevalneijos\\\/#breadcrumblist\",\"itemListElement\":[{\"@type\":\"ListItem\",\"@id\":\"https:\\\/\\\/newsinfoco.com.br\\\/inicio#listItem\",\"position\":1,\"name\":\"In\\u00edcio\",\"item\":\"https:\\\/\\\/newsinfoco.com.br\\\/inicio\",\"nextItem\":{\"@type\":\"ListItem\",\"@id\":\"https:\\\/\\\/newsinfoco.com.br\\\/inicio\\\/category\\\/alagoinhas-e-regiao\\\/#listItem\",\"name\":\"Alagoinhas e Regi\\u00e3o\"}},{\"@type\":\"ListItem\",\"@id\":\"https:\\\/\\\/newsinfoco.com.br\\\/inicio\\\/category\\\/alagoinhas-e-regiao\\\/#listItem\",\"position\":2,\"name\":\"Alagoinhas e Regi\\u00e3o\",\"item\":\"https:\\\/\\\/newsinfoco.com.br\\\/inicio\\\/category\\\/alagoinhas-e-regiao\\\/\",\"nextItem\":{\"@type\":\"ListItem\",\"@id\":\"https:\\\/\\\/newsinfoco.com.br\\\/inicio\\\/sicomercio-e-contra-mudanca-de-nome-de-avenida-para-homenagear-valnei-valverdevalneijos\\\/#listItem\",\"name\":\"Sicom\\u00e9rcio \\u00e9 contra mudan\\u00e7a de nome de avenida para homenagear Valnei Valverde(Valneij\\u00f3s)\"},\"previousItem\":{\"@type\":\"ListItem\",\"@id\":\"https:\\\/\\\/newsinfoco.com.br\\\/inicio#listItem\",\"name\":\"In\\u00edcio\"}},{\"@type\":\"ListItem\",\"@id\":\"https:\\\/\\\/newsinfoco.com.br\\\/inicio\\\/sicomercio-e-contra-mudanca-de-nome-de-avenida-para-homenagear-valnei-valverdevalneijos\\\/#listItem\",\"position\":3,\"name\":\"Sicom\\u00e9rcio \\u00e9 contra mudan\\u00e7a de nome de avenida para homenagear Valnei Valverde(Valneij\\u00f3s)\",\"previousItem\":{\"@type\":\"ListItem\",\"@id\":\"https:\\\/\\\/newsinfoco.com.br\\\/inicio\\\/category\\\/alagoinhas-e-regiao\\\/#listItem\",\"name\":\"Alagoinhas e Regi\\u00e3o\"}}]},{\"@type\":\"Organization\",\"@id\":\"https:\\\/\\\/newsinfoco.com.br\\\/inicio\\\/#organization\",\"name\":\"News In Foco - Editado por Caio Pimenta\",\"description\":\"O principal site de noticias de Alagoinhas e regi\\u00e3o\",\"url\":\"https:\\\/\\\/newsinfoco.com.br\\\/inicio\\\/\"},{\"@type\":\"Person\",\"@id\":\"https:\\\/\\\/newsinfoco.com.br\\\/inicio\\\/author\\\/administrador\\\/#author\",\"url\":\"https:\\\/\\\/newsinfoco.com.br\\\/inicio\\\/author\\\/administrador\\\/\",\"name\":\"administrador\",\"image\":{\"@type\":\"ImageObject\",\"@id\":\"https:\\\/\\\/newsinfoco.com.br\\\/inicio\\\/sicomercio-e-contra-mudanca-de-nome-de-avenida-para-homenagear-valnei-valverdevalneijos\\\/#authorImage\",\"url\":\"https:\\\/\\\/secure.gravatar.com\\\/avatar\\\/c17a617433de8c1dc9584bb79aab7563b46f5bb7e1728c9b17d9cc3ce6a08e49?s=96&d=mm&r=g\",\"width\":96,\"height\":96,\"caption\":\"administrador\"}},{\"@type\":\"WebPage\",\"@id\":\"https:\\\/\\\/newsinfoco.com.br\\\/inicio\\\/sicomercio-e-contra-mudanca-de-nome-de-avenida-para-homenagear-valnei-valverdevalneijos\\\/#webpage\",\"url\":\"https:\\\/\\\/newsinfoco.com.br\\\/inicio\\\/sicomercio-e-contra-mudanca-de-nome-de-avenida-para-homenagear-valnei-valverdevalneijos\\\/\",\"name\":\"Sicom\\u00e9rcio \\u00e9 contra mudan\\u00e7a de nome de avenida para homenagear Valnei Valverde(Valneij\\u00f3s) - News In Foco - Editado por Caio Pimenta\",\"description\":\"O Sindicato Patronal do Com\\u00e9rcio de Alagoinhas(Sicom\\u00e9rcio), liderado pelo presidente Benedito Vieira, tem levantado bandeira contra a pauta do Movimento Popular Avenida Valnei Valverde. O movimento iniciado m\\u00eas passado alcan\\u00e7ou, em pouco tempo, grande apoio da popula\\u00e7\\u00e3o alagoinhense ao reivindicar a retirada do nome Joseph Wagner de uma das principais avenidas da cidade para homenagear\",\"inLanguage\":\"pt-BR\",\"isPartOf\":{\"@id\":\"https:\\\/\\\/newsinfoco.com.br\\\/inicio\\\/#website\"},\"breadcrumb\":{\"@id\":\"https:\\\/\\\/newsinfoco.com.br\\\/inicio\\\/sicomercio-e-contra-mudanca-de-nome-de-avenida-para-homenagear-valnei-valverdevalneijos\\\/#breadcrumblist\"},\"author\":{\"@id\":\"https:\\\/\\\/newsinfoco.com.br\\\/inicio\\\/author\\\/administrador\\\/#author\"},\"creator\":{\"@id\":\"https:\\\/\\\/newsinfoco.com.br\\\/inicio\\\/author\\\/administrador\\\/#author\"},\"image\":{\"@type\":\"ImageObject\",\"url\":\"https:\\\/\\\/newsinfoco.com.br\\\/inicio\\\/wp-content\\\/uploads\\\/2020\\\/04\\\/BENEDITO.jpg\",\"@id\":\"https:\\\/\\\/newsinfoco.com.br\\\/inicio\\\/sicomercio-e-contra-mudanca-de-nome-de-avenida-para-homenagear-valnei-valverdevalneijos\\\/#mainImage\",\"width\":612,\"height\":431,\"caption\":\"Na foto, Benedito Vieira, presidente do Sicomercio Alagoinhas\"},\"primaryImageOfPage\":{\"@id\":\"https:\\\/\\\/newsinfoco.com.br\\\/inicio\\\/sicomercio-e-contra-mudanca-de-nome-de-avenida-para-homenagear-valnei-valverdevalneijos\\\/#mainImage\"},\"datePublished\":\"2023-05-12T10:53:19-03:00\",\"dateModified\":\"2023-05-12T10:54:54-03:00\"},{\"@type\":\"WebSite\",\"@id\":\"https:\\\/\\\/newsinfoco.com.br\\\/inicio\\\/#website\",\"url\":\"https:\\\/\\\/newsinfoco.com.br\\\/inicio\\\/\",\"name\":\"News In Foco - Editado por Caio Pimenta\",\"description\":\"O principal site de noticias de Alagoinhas e regi\\u00e3o\",\"inLanguage\":\"pt-BR\",\"publisher\":{\"@id\":\"https:\\\/\\\/newsinfoco.com.br\\\/inicio\\\/#organization\"}}]}\n\t\t<\/script>\n\t\t<!-- All in One SEO -->\n\n","aioseo_head_json":{"title":"Sicom\u00e9rcio \u00e9 contra mudan\u00e7a de nome de avenida para homenagear Valnei Valverde(Valneij\u00f3s) - News In Foco - Editado por Caio Pimenta","description":"O Sindicato Patronal do Com\u00e9rcio de Alagoinhas(Sicom\u00e9rcio), liderado pelo presidente Benedito Vieira, tem levantado bandeira contra a pauta do Movimento Popular Avenida Valnei Valverde. O movimento iniciado m\u00eas passado alcan\u00e7ou, em pouco tempo, grande apoio da popula\u00e7\u00e3o alagoinhense ao reivindicar a retirada do nome Joseph Wagner de uma das principais avenidas da cidade para homenagear","canonical_url":"https:\/\/newsinfoco.com.br\/inicio\/sicomercio-e-contra-mudanca-de-nome-de-avenida-para-homenagear-valnei-valverdevalneijos\/","robots":"max-image-preview:large","keywords":"","webmasterTools":{"miscellaneous":""},"schema":{"@context":"https:\/\/schema.org","@graph":[{"@type":"BlogPosting","@id":"https:\/\/newsinfoco.com.br\/inicio\/sicomercio-e-contra-mudanca-de-nome-de-avenida-para-homenagear-valnei-valverdevalneijos\/#blogposting","name":"Sicom\u00e9rcio \u00e9 contra mudan\u00e7a de nome de avenida para homenagear Valnei Valverde(Valneij\u00f3s) - News In Foco - Editado por Caio Pimenta","headline":"Sicom\u00e9rcio \u00e9 contra mudan\u00e7a de nome de avenida para homenagear Valnei Valverde(Valneij\u00f3s)","author":{"@id":"https:\/\/newsinfoco.com.br\/inicio\/author\/administrador\/#author"},"publisher":{"@id":"https:\/\/newsinfoco.com.br\/inicio\/#organization"},"image":{"@type":"ImageObject","url":"https:\/\/newsinfoco.com.br\/inicio\/wp-content\/uploads\/2020\/04\/BENEDITO.jpg","width":612,"height":431,"caption":"Na foto, Benedito Vieira, presidente do Sicomercio Alagoinhas"},"datePublished":"2023-05-12T10:53:19-03:00","dateModified":"2023-05-12T10:54:54-03:00","inLanguage":"pt-BR","mainEntityOfPage":{"@id":"https:\/\/newsinfoco.com.br\/inicio\/sicomercio-e-contra-mudanca-de-nome-de-avenida-para-homenagear-valnei-valverdevalneijos\/#webpage"},"isPartOf":{"@id":"https:\/\/newsinfoco.com.br\/inicio\/sicomercio-e-contra-mudanca-de-nome-de-avenida-para-homenagear-valnei-valverdevalneijos\/#webpage"},"articleSection":"Alagoinhas e Regi\u00e3o, Manchete"},{"@type":"BreadcrumbList","@id":"https:\/\/newsinfoco.com.br\/inicio\/sicomercio-e-contra-mudanca-de-nome-de-avenida-para-homenagear-valnei-valverdevalneijos\/#breadcrumblist","itemListElement":[{"@type":"ListItem","@id":"https:\/\/newsinfoco.com.br\/inicio#listItem","position":1,"name":"In\u00edcio","item":"https:\/\/newsinfoco.com.br\/inicio","nextItem":{"@type":"ListItem","@id":"https:\/\/newsinfoco.com.br\/inicio\/category\/alagoinhas-e-regiao\/#listItem","name":"Alagoinhas e Regi\u00e3o"}},{"@type":"ListItem","@id":"https:\/\/newsinfoco.com.br\/inicio\/category\/alagoinhas-e-regiao\/#listItem","position":2,"name":"Alagoinhas e Regi\u00e3o","item":"https:\/\/newsinfoco.com.br\/inicio\/category\/alagoinhas-e-regiao\/","nextItem":{"@type":"ListItem","@id":"https:\/\/newsinfoco.com.br\/inicio\/sicomercio-e-contra-mudanca-de-nome-de-avenida-para-homenagear-valnei-valverdevalneijos\/#listItem","name":"Sicom\u00e9rcio \u00e9 contra mudan\u00e7a de nome de avenida para homenagear Valnei Valverde(Valneij\u00f3s)"},"previousItem":{"@type":"ListItem","@id":"https:\/\/newsinfoco.com.br\/inicio#listItem","name":"In\u00edcio"}},{"@type":"ListItem","@id":"https:\/\/newsinfoco.com.br\/inicio\/sicomercio-e-contra-mudanca-de-nome-de-avenida-para-homenagear-valnei-valverdevalneijos\/#listItem","position":3,"name":"Sicom\u00e9rcio \u00e9 contra mudan\u00e7a de nome de avenida para homenagear Valnei Valverde(Valneij\u00f3s)","previousItem":{"@type":"ListItem","@id":"https:\/\/newsinfoco.com.br\/inicio\/category\/alagoinhas-e-regiao\/#listItem","name":"Alagoinhas e Regi\u00e3o"}}]},{"@type":"Organization","@id":"https:\/\/newsinfoco.com.br\/inicio\/#organization","name":"News In Foco - Editado por Caio Pimenta","description":"O principal site de noticias de Alagoinhas e regi\u00e3o","url":"https:\/\/newsinfoco.com.br\/inicio\/"},{"@type":"Person","@id":"https:\/\/newsinfoco.com.br\/inicio\/author\/administrador\/#author","url":"https:\/\/newsinfoco.com.br\/inicio\/author\/administrador\/","name":"administrador","image":{"@type":"ImageObject","@id":"https:\/\/newsinfoco.com.br\/inicio\/sicomercio-e-contra-mudanca-de-nome-de-avenida-para-homenagear-valnei-valverdevalneijos\/#authorImage","url":"https:\/\/secure.gravatar.com\/avatar\/c17a617433de8c1dc9584bb79aab7563b46f5bb7e1728c9b17d9cc3ce6a08e49?s=96&d=mm&r=g","width":96,"height":96,"caption":"administrador"}},{"@type":"WebPage","@id":"https:\/\/newsinfoco.com.br\/inicio\/sicomercio-e-contra-mudanca-de-nome-de-avenida-para-homenagear-valnei-valverdevalneijos\/#webpage","url":"https:\/\/newsinfoco.com.br\/inicio\/sicomercio-e-contra-mudanca-de-nome-de-avenida-para-homenagear-valnei-valverdevalneijos\/","name":"Sicom\u00e9rcio \u00e9 contra mudan\u00e7a de nome de avenida para homenagear Valnei Valverde(Valneij\u00f3s) - News In Foco - Editado por Caio Pimenta","description":"O Sindicato Patronal do Com\u00e9rcio de Alagoinhas(Sicom\u00e9rcio), liderado pelo presidente Benedito Vieira, tem levantado bandeira contra a pauta do Movimento Popular Avenida Valnei Valverde. O movimento iniciado m\u00eas passado alcan\u00e7ou, em pouco tempo, grande apoio da popula\u00e7\u00e3o alagoinhense ao reivindicar a retirada do nome Joseph Wagner de uma das principais avenidas da cidade para homenagear","inLanguage":"pt-BR","isPartOf":{"@id":"https:\/\/newsinfoco.com.br\/inicio\/#website"},"breadcrumb":{"@id":"https:\/\/newsinfoco.com.br\/inicio\/sicomercio-e-contra-mudanca-de-nome-de-avenida-para-homenagear-valnei-valverdevalneijos\/#breadcrumblist"},"author":{"@id":"https:\/\/newsinfoco.com.br\/inicio\/author\/administrador\/#author"},"creator":{"@id":"https:\/\/newsinfoco.com.br\/inicio\/author\/administrador\/#author"},"image":{"@type":"ImageObject","url":"https:\/\/newsinfoco.com.br\/inicio\/wp-content\/uploads\/2020\/04\/BENEDITO.jpg","@id":"https:\/\/newsinfoco.com.br\/inicio\/sicomercio-e-contra-mudanca-de-nome-de-avenida-para-homenagear-valnei-valverdevalneijos\/#mainImage","width":612,"height":431,"caption":"Na foto, Benedito Vieira, presidente do Sicomercio Alagoinhas"},"primaryImageOfPage":{"@id":"https:\/\/newsinfoco.com.br\/inicio\/sicomercio-e-contra-mudanca-de-nome-de-avenida-para-homenagear-valnei-valverdevalneijos\/#mainImage"},"datePublished":"2023-05-12T10:53:19-03:00","dateModified":"2023-05-12T10:54:54-03:00"},{"@type":"WebSite","@id":"https:\/\/newsinfoco.com.br\/inicio\/#website","url":"https:\/\/newsinfoco.com.br\/inicio\/","name":"News In Foco - Editado por Caio Pimenta","description":"O principal site de noticias de Alagoinhas e regi\u00e3o","inLanguage":"pt-BR","publisher":{"@id":"https:\/\/newsinfoco.com.br\/inicio\/#organization"}}]},"og:locale":"pt_BR","og:site_name":"News In Foco - Editado por Caio Pimenta - O principal site de noticias de Alagoinhas e regi\u00e3o","og:type":"article","og:title":"Sicom\u00e9rcio \u00e9 contra mudan\u00e7a de nome de avenida para homenagear Valnei Valverde(Valneij\u00f3s) - News In Foco - Editado por Caio Pimenta","og:description":"O Sindicato Patronal do Com\u00e9rcio de Alagoinhas(Sicom\u00e9rcio), liderado pelo presidente Benedito Vieira, tem levantado bandeira contra a pauta do Movimento Popular Avenida Valnei Valverde. O movimento iniciado m\u00eas passado alcan\u00e7ou, em pouco tempo, grande apoio da popula\u00e7\u00e3o alagoinhense ao reivindicar a retirada do nome Joseph Wagner de uma das principais avenidas da cidade para homenagear","og:url":"https:\/\/newsinfoco.com.br\/inicio\/sicomercio-e-contra-mudanca-de-nome-de-avenida-para-homenagear-valnei-valverdevalneijos\/","article:published_time":"2023-05-12T13:53:19+00:00","article:modified_time":"2023-05-12T13:54:54+00:00","twitter:card":"summary_large_image","twitter:title":"Sicom\u00e9rcio \u00e9 contra mudan\u00e7a de nome de avenida para homenagear Valnei Valverde(Valneij\u00f3s) - News In Foco - Editado por Caio Pimenta","twitter:description":"O Sindicato Patronal do Com\u00e9rcio de Alagoinhas(Sicom\u00e9rcio), liderado pelo presidente Benedito Vieira, tem levantado bandeira contra a pauta do Movimento Popular Avenida Valnei Valverde. O movimento iniciado m\u00eas passado alcan\u00e7ou, em pouco tempo, grande apoio da popula\u00e7\u00e3o alagoinhense ao reivindicar a retirada do nome Joseph Wagner de uma das principais avenidas da cidade para homenagear"},"aioseo_meta_data":{"post_id":"33939","title":null,"description":null,"keywords":null,"keyphrases":null,"primary_term":null,"canonical_url":null,"og_title":null,"og_description":null,"og_object_type":"default","og_image_type":"default","og_image_url":null,"og_image_width":null,"og_image_height":null,"og_image_custom_url":null,"og_image_custom_fields":null,"og_video":null,"og_custom_url":null,"og_article_section":null,"og_article_tags":null,"twitter_use_og":false,"twitter_card":"default","twitter_image_type":"default","twitter_image_url":null,"twitter_image_custom_url":null,"twitter_image_custom_fields":null,"twitter_title":null,"twitter_description":null,"schema":{"blockGraphs":[],"customGraphs":[],"default":{"data":{"Article":[],"Course":[],"Dataset":[],"FAQPage":[],"Movie":[],"Person":[],"Product":[],"ProductReview":[],"Car":[],"Recipe":[],"Service":[],"SoftwareApplication":[],"WebPage":[]},"graphName":"","isEnabled":true},"graphs":[]},"schema_type":"default","schema_type_options":null,"pillar_content":false,"robots_default":true,"robots_noindex":false,"robots_noarchive":false,"robots_nosnippet":false,"robots_nofollow":false,"robots_noimageindex":false,"robots_noodp":false,"robots_notranslate":false,"robots_max_snippet":null,"robots_max_videopreview":null,"robots_max_imagepreview":"large","priority":null,"frequency":null,"local_seo":null,"breadcrumb_settings":null,"limit_modified_date":false,"ai":null,"created":"2023-06-12 23:24:48","updated":"2025-07-11 09:41:55","seo_analyzer_scan_date":null},"aioseo_breadcrumb":"<div class=\"aioseo-breadcrumbs\"><span class=\"aioseo-breadcrumb\">\n\t\t\t<a href=\"https:\/\/newsinfoco.com.br\/inicio\" title=\"In\u00edcio\">In\u00edcio<\/a>\n\t\t<\/span><span class=\"aioseo-breadcrumb-separator\">&raquo;<\/span><span class=\"aioseo-breadcrumb\">\n\t\t\t<a href=\"https:\/\/newsinfoco.com.br\/inicio\/category\/alagoinhas-e-regiao\/\" title=\"Alagoinhas e Regi\u00e3o\">Alagoinhas e Regi\u00e3o<\/a>\n\t\t<\/span><span class=\"aioseo-breadcrumb-separator\">&raquo;<\/span><span class=\"aioseo-breadcrumb\">\n\t\t\tSicom\u00e9rcio \u00e9 contra mudan\u00e7a de nome de avenida para homenagear Valnei Valverde(Valneij\u00f3s)\n\t\t<\/span><\/div>","aioseo_breadcrumb_json":[{"label":"In\u00edcio","link":"https:\/\/newsinfoco.com.br\/inicio"},{"label":"Alagoinhas e Regi\u00e3o","link":"https:\/\/newsinfoco.com.br\/inicio\/category\/alagoinhas-e-regiao\/"},{"label":"Sicom\u00e9rcio \u00e9 contra mudan\u00e7a de nome de avenida para homenagear Valnei Valverde(Valneij\u00f3s)","link":"https:\/\/newsinfoco.com.br\/inicio\/sicomercio-e-contra-mudanca-de-nome-de-avenida-para-homenagear-valnei-valverdevalneijos\/"}],"_links":{"self":[{"href":"https:\/\/newsinfoco.com.br\/inicio\/wp-json\/wp\/v2\/posts\/33939","targetHints":{"allow":["GET"]}}],"collection":[{"href":"https:\/\/newsinfoco.com.br\/inicio\/wp-json\/wp\/v2\/posts"}],"about":[{"href":"https:\/\/newsinfoco.com.br\/inicio\/wp-json\/wp\/v2\/types\/post"}],"author":[{"embeddable":true,"href":"https:\/\/newsinfoco.com.br\/inicio\/wp-json\/wp\/v2\/users\/1"}],"replies":[{"embeddable":true,"href":"https:\/\/newsinfoco.com.br\/inicio\/wp-json\/wp\/v2\/comments?post=33939"}],"version-history":[{"count":2,"href":"https:\/\/newsinfoco.com.br\/inicio\/wp-json\/wp\/v2\/posts\/33939\/revisions"}],"predecessor-version":[{"id":33941,"href":"https:\/\/newsinfoco.com.br\/inicio\/wp-json\/wp\/v2\/posts\/33939\/revisions\/33941"}],"wp:featuredmedia":[{"embeddable":true,"href":"https:\/\/newsinfoco.com.br\/inicio\/wp-json\/wp\/v2\/media\/20839"}],"wp:attachment":[{"href":"https:\/\/newsinfoco.com.br\/inicio\/wp-json\/wp\/v2\/media?parent=33939"}],"wp:term":[{"taxonomy":"category","embeddable":true,"href":"https:\/\/newsinfoco.com.br\/inicio\/wp-json\/wp\/v2\/categories?post=33939"},{"taxonomy":"post_tag","embeddable":true,"href":"https:\/\/newsinfoco.com.br\/inicio\/wp-json\/wp\/v2\/tags?post=33939"}],"curies":[{"name":"wp","href":"https:\/\/api.w.org\/{rel}","templated":true}]}}