{"id":33945,"date":"2023-05-15T17:30:20","date_gmt":"2023-05-15T20:30:20","guid":{"rendered":"https:\/\/newsinfoco.com.br\/inicio\/?p=33945"},"modified":"2023-05-15T17:30:20","modified_gmt":"2023-05-15T20:30:20","slug":"motoristas-de-aplicativos-como-uber-e-99-fazem-greve-em-todo-o-pais","status":"publish","type":"post","link":"https:\/\/newsinfoco.com.br\/inicio\/motoristas-de-aplicativos-como-uber-e-99-fazem-greve-em-todo-o-pais\/","title":{"rendered":"Motoristas de aplicativos, como Uber e 99, fazem greve em todo o pa\u00eds"},"content":{"rendered":"<p>Motoristas de aplicativos como Uber e 99 entraram em greve em todo o Brasil nesta segunda-feira (15). A categoria reivindica melhores condi\u00e7\u00f5es de trabalho e repasses mais altos nas tarifas das corridas.<\/p>\n<p>A paralisa\u00e7\u00e3o, estimada para durar 24 horas, \u00e9 de iniciativa da Federa\u00e7\u00e3o dos Motoristas Por Aplicativos do Brasil (Fembrapp) e da Associa\u00e7\u00e3o de Motoristas de Aplicativos de S\u00e3o Paulo (Amasp). As entidades calculam que 70% dos profissionais da categoria em todo o pa\u00eds devem aderir \u00e0 greve.<\/p>\n<p>O presidente da Amasp, Eduardo Lima de Souza, disse que a paralisa\u00e7\u00e3o \u00e9 porque o motorista de aplicativo est\u00e1 recebendo o mesmo desde 2016. \u201cAt\u00e9 hoje, o motorista mant\u00e9m o valor das corridas ganhando a mesma coisa. O setor automobil\u00edstico aumentou suas pe\u00e7as, o valor do ve\u00edculo, o petr\u00f3leo teve aumentos consecutivos, e as empresas n\u00e3o acompanharam esse aumento\u201d, explicou.<\/p>\n<p>Outra reivindica\u00e7\u00e3o da categoria \u00e9 com rela\u00e7\u00e3o ao sistema de cobran\u00e7a. \u201cDe 2019 para c\u00e1 as empresas mudaram o sistema de cobran\u00e7a. Antes, voc\u00ea sa\u00eda da sua casa para ir para o seu trabalho, por exemplo, voc\u00ea sabia que esse valor informado seria o mesmo que voc\u00ea pagaria. Atualmente n\u00e3o \u00e9 isso mais, e com isso a taxa cobrada dos motoristas tamb\u00e9m est\u00e1 sofrendo essa varia\u00e7\u00e3o. As empresas reajustaram os valores das tarifas para os passageiros, mas n\u00e3o repassaram para os motoristas, fazendo com que o valor de uma corrida chegue at\u00e9 60% de desconto de taxa. Com isso, os motoristas est\u00e3o trabalhando longas horas, chegando no final do dia com o lucro muito baixo, fazendo com que ele tenha que trabalhar todos os dias\u201d, lamentou.<\/p>\n<p>Em nota, a Associa\u00e7\u00e3o Brasileira de Mobilidade e Tecnologia (Amobitec) disse que \u201crespeita o direito de manifesta\u00e7\u00e3o e informa que as empresas associadas mant\u00eam abertos seus canais de comunica\u00e7\u00e3o com os motoristas parceiros, reafirmando a disposi\u00e7\u00e3o para o di\u00e1logo cont\u00ednuo, de forma a aprimorar a experi\u00eancia de todos nas plataformas\u201d.<\/p>\n<p>A plataforma 99 informou, por meio de nota, que tem conversado com os motoristas do aplicativo e que tem programas de apoio \u00e0 categoria. \u201cOuvindo e conversando com cerca de 2 mil motoristas todos os meses, a 99 adotou solu\u00e7\u00f5es permanentes para incrementar os ganhos no app: foi a primeira plataforma a oferecer a taxa garantida, que assegura aos condutores a taxa m\u00e1xima semanal de at\u00e9 19,99%\u201d.<\/p>\n<p>O aplicativo ainda informou que foi pioneiro em iniciativas com o Adicional Vari\u00e1vel de Combust\u00edvel, um aux\u00edlio no ganho que aumenta sempre que o combust\u00edvel sobe. \u201cAl\u00e9m disso, lan\u00e7ou outros programas como: kit g\u00e1s; cons\u00f3rcios com taxas mais baixas para a compra de ve\u00edculo; vantagens no aluguel de carros; o 99Loc, que amplia o acesso \u00e0 loca\u00e7\u00e3o de ve\u00edculos e o DriverLAB, um centro de inova\u00e7\u00e3o criado pela 99 para fortalecer o cuidado com o motorista e a redu\u00e7\u00e3o de seus custos operacionais.\u201d<\/p>\n<p>A reportagem entrou em contato com a Uber e aguarda a resposta da plataforma.<\/p>\n<p>&nbsp;<\/p>\n<p><span class=\"assinatura_exclusiva\">Ag\u00eancia Brasil<\/span><\/p>\n<div class='share-to-whatsapp-wrapper'><div class='share-on-whsp'>Share on: <\/div><a data-text='Motoristas de aplicativos, como Uber e 99, fazem greve em todo o pa\u00eds' data-link='https:\/\/newsinfoco.com.br\/inicio\/motoristas-de-aplicativos-como-uber-e-99-fazem-greve-em-todo-o-pais\/' class='whatsapp-button whatsapp-share'>WhatsApp<\/a><div class='clear '><\/div><\/div>","protected":false},"excerpt":{"rendered":"<p>Motoristas de aplicativos como Uber e 99 entraram em greve em todo o Brasil nesta segunda-feira (15). A categoria reivindica melhores condi\u00e7\u00f5es de trabalho e repasses mais altos nas tarifas das corridas. A paralisa\u00e7\u00e3o, estimada para durar 24 horas, \u00e9 de iniciativa da Federa\u00e7\u00e3o dos Motoristas Por Aplicativos do Brasil (Fembrapp) e da Associa\u00e7\u00e3o de [&hellip;]<\/p>\n","protected":false},"author":1,"featured_media":19461,"comment_status":"closed","ping_status":"closed","sticky":false,"template":"","format":"standard","meta":{"om_disable_all_campaigns":false,"rop_custom_images_group":[],"rop_custom_messages_group":[],"rop_publish_now":"initial","rop_publish_now_accounts":[],"rop_publish_now_history":[],"rop_publish_now_status":"pending","_exactmetrics_skip_tracking":false,"footnotes":""},"categories":[21],"tags":[],"class_list":["post-33945","post","type-post","status-publish","format-standard","has-post-thumbnail","hentry","category-brasil"],"aioseo_notices":[],"aioseo_head":"\n\t\t<!-- All in One SEO 4.9.10 - aioseo.com -->\n\t<meta name=\"description\" content=\"Motoristas de aplicativos como Uber e 99 entraram em greve em todo o Brasil nesta segunda-feira (15). A categoria reivindica melhores condi\u00e7\u00f5es de trabalho e repasses mais altos nas tarifas das corridas. A paralisa\u00e7\u00e3o, estimada para durar 24 horas, \u00e9 de iniciativa da Federa\u00e7\u00e3o dos Motoristas Por Aplicativos do Brasil (Fembrapp) e da Associa\u00e7\u00e3o de\" \/>\n\t<meta name=\"robots\" content=\"max-image-preview:large\" \/>\n\t<meta name=\"author\" content=\"administrador\"\/>\n\t<link rel=\"canonical\" href=\"https:\/\/newsinfoco.com.br\/inicio\/motoristas-de-aplicativos-como-uber-e-99-fazem-greve-em-todo-o-pais\/\" \/>\n\t<meta name=\"generator\" content=\"All in One SEO (AIOSEO) 4.9.10\" \/>\n\t\t<meta property=\"og:locale\" content=\"pt_BR\" \/>\n\t\t<meta property=\"og:site_name\" content=\"News In Foco - Editado por Caio Pimenta - O principal site de noticias de Alagoinhas e regi\u00e3o\" \/>\n\t\t<meta property=\"og:type\" content=\"article\" \/>\n\t\t<meta property=\"og:title\" content=\"Motoristas de aplicativos, como Uber e 99, fazem greve em todo o pa\u00eds - News In Foco - Editado por Caio Pimenta\" \/>\n\t\t<meta property=\"og:description\" content=\"Motoristas de aplicativos como Uber e 99 entraram em greve em todo o Brasil nesta segunda-feira (15). A categoria reivindica melhores condi\u00e7\u00f5es de trabalho e repasses mais altos nas tarifas das corridas. A paralisa\u00e7\u00e3o, estimada para durar 24 horas, \u00e9 de iniciativa da Federa\u00e7\u00e3o dos Motoristas Por Aplicativos do Brasil (Fembrapp) e da Associa\u00e7\u00e3o de\" \/>\n\t\t<meta property=\"og:url\" content=\"https:\/\/newsinfoco.com.br\/inicio\/motoristas-de-aplicativos-como-uber-e-99-fazem-greve-em-todo-o-pais\/\" \/>\n\t\t<meta property=\"article:published_time\" content=\"2023-05-15T20:30:20+00:00\" \/>\n\t\t<meta property=\"article:modified_time\" content=\"2023-05-15T20:30:20+00:00\" \/>\n\t\t<meta name=\"twitter:card\" content=\"summary_large_image\" \/>\n\t\t<meta name=\"twitter:title\" content=\"Motoristas de aplicativos, como Uber e 99, fazem greve em todo o pa\u00eds - News In Foco - Editado por Caio Pimenta\" \/>\n\t\t<meta name=\"twitter:description\" content=\"Motoristas de aplicativos como Uber e 99 entraram em greve em todo o Brasil nesta segunda-feira (15). A categoria reivindica melhores condi\u00e7\u00f5es de trabalho e repasses mais altos nas tarifas das corridas. A paralisa\u00e7\u00e3o, estimada para durar 24 horas, \u00e9 de iniciativa da Federa\u00e7\u00e3o dos Motoristas Por Aplicativos do Brasil (Fembrapp) e da Associa\u00e7\u00e3o de\" \/>\n\t\t<script type=\"application\/ld+json\" class=\"aioseo-schema\">\n\t\t\t{\"@context\":\"https:\\\/\\\/schema.org\",\"@graph\":[{\"@type\":\"BlogPosting\",\"@id\":\"https:\\\/\\\/newsinfoco.com.br\\\/inicio\\\/motoristas-de-aplicativos-como-uber-e-99-fazem-greve-em-todo-o-pais\\\/#blogposting\",\"name\":\"Motoristas de aplicativos, como Uber e 99, fazem greve em todo o pa\\u00eds - News In Foco - Editado por Caio Pimenta\",\"headline\":\"Motoristas de aplicativos, como Uber e 99, fazem greve em todo o pa\\u00eds\",\"author\":{\"@id\":\"https:\\\/\\\/newsinfoco.com.br\\\/inicio\\\/author\\\/administrador\\\/#author\"},\"publisher\":{\"@id\":\"https:\\\/\\\/newsinfoco.com.br\\\/inicio\\\/#organization\"},\"image\":{\"@type\":\"ImageObject\",\"url\":\"https:\\\/\\\/newsinfoco.com.br\\\/inicio\\\/wp-content\\\/uploads\\\/2019\\\/12\\\/uber-aplicativo.jpg\",\"width\":600,\"height\":420},\"datePublished\":\"2023-05-15T17:30:20-03:00\",\"dateModified\":\"2023-05-15T17:30:20-03:00\",\"inLanguage\":\"pt-BR\",\"mainEntityOfPage\":{\"@id\":\"https:\\\/\\\/newsinfoco.com.br\\\/inicio\\\/motoristas-de-aplicativos-como-uber-e-99-fazem-greve-em-todo-o-pais\\\/#webpage\"},\"isPartOf\":{\"@id\":\"https:\\\/\\\/newsinfoco.com.br\\\/inicio\\\/motoristas-de-aplicativos-como-uber-e-99-fazem-greve-em-todo-o-pais\\\/#webpage\"},\"articleSection\":\"Brasil\"},{\"@type\":\"BreadcrumbList\",\"@id\":\"https:\\\/\\\/newsinfoco.com.br\\\/inicio\\\/motoristas-de-aplicativos-como-uber-e-99-fazem-greve-em-todo-o-pais\\\/#breadcrumblist\",\"itemListElement\":[{\"@type\":\"ListItem\",\"@id\":\"https:\\\/\\\/newsinfoco.com.br\\\/inicio#listItem\",\"position\":1,\"name\":\"In\\u00edcio\",\"item\":\"https:\\\/\\\/newsinfoco.com.br\\\/inicio\",\"nextItem\":{\"@type\":\"ListItem\",\"@id\":\"https:\\\/\\\/newsinfoco.com.br\\\/inicio\\\/category\\\/brasil\\\/#listItem\",\"name\":\"Brasil\"}},{\"@type\":\"ListItem\",\"@id\":\"https:\\\/\\\/newsinfoco.com.br\\\/inicio\\\/category\\\/brasil\\\/#listItem\",\"position\":2,\"name\":\"Brasil\",\"item\":\"https:\\\/\\\/newsinfoco.com.br\\\/inicio\\\/category\\\/brasil\\\/\",\"nextItem\":{\"@type\":\"ListItem\",\"@id\":\"https:\\\/\\\/newsinfoco.com.br\\\/inicio\\\/motoristas-de-aplicativos-como-uber-e-99-fazem-greve-em-todo-o-pais\\\/#listItem\",\"name\":\"Motoristas de aplicativos, como Uber e 99, fazem greve em todo o pa\\u00eds\"},\"previousItem\":{\"@type\":\"ListItem\",\"@id\":\"https:\\\/\\\/newsinfoco.com.br\\\/inicio#listItem\",\"name\":\"In\\u00edcio\"}},{\"@type\":\"ListItem\",\"@id\":\"https:\\\/\\\/newsinfoco.com.br\\\/inicio\\\/motoristas-de-aplicativos-como-uber-e-99-fazem-greve-em-todo-o-pais\\\/#listItem\",\"position\":3,\"name\":\"Motoristas de aplicativos, como Uber e 99, fazem greve em todo o pa\\u00eds\",\"previousItem\":{\"@type\":\"ListItem\",\"@id\":\"https:\\\/\\\/newsinfoco.com.br\\\/inicio\\\/category\\\/brasil\\\/#listItem\",\"name\":\"Brasil\"}}]},{\"@type\":\"Organization\",\"@id\":\"https:\\\/\\\/newsinfoco.com.br\\\/inicio\\\/#organization\",\"name\":\"News In Foco - Editado por Caio Pimenta\",\"description\":\"O principal site de noticias de Alagoinhas e regi\\u00e3o\",\"url\":\"https:\\\/\\\/newsinfoco.com.br\\\/inicio\\\/\"},{\"@type\":\"Person\",\"@id\":\"https:\\\/\\\/newsinfoco.com.br\\\/inicio\\\/author\\\/administrador\\\/#author\",\"url\":\"https:\\\/\\\/newsinfoco.com.br\\\/inicio\\\/author\\\/administrador\\\/\",\"name\":\"administrador\",\"image\":{\"@type\":\"ImageObject\",\"@id\":\"https:\\\/\\\/newsinfoco.com.br\\\/inicio\\\/motoristas-de-aplicativos-como-uber-e-99-fazem-greve-em-todo-o-pais\\\/#authorImage\",\"url\":\"https:\\\/\\\/secure.gravatar.com\\\/avatar\\\/c17a617433de8c1dc9584bb79aab7563b46f5bb7e1728c9b17d9cc3ce6a08e49?s=96&d=mm&r=g\",\"width\":96,\"height\":96,\"caption\":\"administrador\"}},{\"@type\":\"WebPage\",\"@id\":\"https:\\\/\\\/newsinfoco.com.br\\\/inicio\\\/motoristas-de-aplicativos-como-uber-e-99-fazem-greve-em-todo-o-pais\\\/#webpage\",\"url\":\"https:\\\/\\\/newsinfoco.com.br\\\/inicio\\\/motoristas-de-aplicativos-como-uber-e-99-fazem-greve-em-todo-o-pais\\\/\",\"name\":\"Motoristas de aplicativos, como Uber e 99, fazem greve em todo o pa\\u00eds - News In Foco - Editado por Caio Pimenta\",\"description\":\"Motoristas de aplicativos como Uber e 99 entraram em greve em todo o Brasil nesta segunda-feira (15). A categoria reivindica melhores condi\\u00e7\\u00f5es de trabalho e repasses mais altos nas tarifas das corridas. A paralisa\\u00e7\\u00e3o, estimada para durar 24 horas, \\u00e9 de iniciativa da Federa\\u00e7\\u00e3o dos Motoristas Por Aplicativos do Brasil (Fembrapp) e da Associa\\u00e7\\u00e3o de\",\"inLanguage\":\"pt-BR\",\"isPartOf\":{\"@id\":\"https:\\\/\\\/newsinfoco.com.br\\\/inicio\\\/#website\"},\"breadcrumb\":{\"@id\":\"https:\\\/\\\/newsinfoco.com.br\\\/inicio\\\/motoristas-de-aplicativos-como-uber-e-99-fazem-greve-em-todo-o-pais\\\/#breadcrumblist\"},\"author\":{\"@id\":\"https:\\\/\\\/newsinfoco.com.br\\\/inicio\\\/author\\\/administrador\\\/#author\"},\"creator\":{\"@id\":\"https:\\\/\\\/newsinfoco.com.br\\\/inicio\\\/author\\\/administrador\\\/#author\"},\"image\":{\"@type\":\"ImageObject\",\"url\":\"https:\\\/\\\/newsinfoco.com.br\\\/inicio\\\/wp-content\\\/uploads\\\/2019\\\/12\\\/uber-aplicativo.jpg\",\"@id\":\"https:\\\/\\\/newsinfoco.com.br\\\/inicio\\\/motoristas-de-aplicativos-como-uber-e-99-fazem-greve-em-todo-o-pais\\\/#mainImage\",\"width\":600,\"height\":420},\"primaryImageOfPage\":{\"@id\":\"https:\\\/\\\/newsinfoco.com.br\\\/inicio\\\/motoristas-de-aplicativos-como-uber-e-99-fazem-greve-em-todo-o-pais\\\/#mainImage\"},\"datePublished\":\"2023-05-15T17:30:20-03:00\",\"dateModified\":\"2023-05-15T17:30:20-03:00\"},{\"@type\":\"WebSite\",\"@id\":\"https:\\\/\\\/newsinfoco.com.br\\\/inicio\\\/#website\",\"url\":\"https:\\\/\\\/newsinfoco.com.br\\\/inicio\\\/\",\"name\":\"News In Foco - Editado por Caio Pimenta\",\"description\":\"O principal site de noticias de Alagoinhas e regi\\u00e3o\",\"inLanguage\":\"pt-BR\",\"publisher\":{\"@id\":\"https:\\\/\\\/newsinfoco.com.br\\\/inicio\\\/#organization\"}}]}\n\t\t<\/script>\n\t\t<!-- All in One SEO -->\n\n","aioseo_head_json":{"title":"Motoristas de aplicativos, como Uber e 99, fazem greve em todo o pa\u00eds - News In Foco - Editado por Caio Pimenta","description":"Motoristas de aplicativos como Uber e 99 entraram em greve em todo o Brasil nesta segunda-feira (15). A categoria reivindica melhores condi\u00e7\u00f5es de trabalho e repasses mais altos nas tarifas das corridas. A paralisa\u00e7\u00e3o, estimada para durar 24 horas, \u00e9 de iniciativa da Federa\u00e7\u00e3o dos Motoristas Por Aplicativos do Brasil (Fembrapp) e da Associa\u00e7\u00e3o de","canonical_url":"https:\/\/newsinfoco.com.br\/inicio\/motoristas-de-aplicativos-como-uber-e-99-fazem-greve-em-todo-o-pais\/","robots":"max-image-preview:large","keywords":"","webmasterTools":{"miscellaneous":""},"schema":{"@context":"https:\/\/schema.org","@graph":[{"@type":"BlogPosting","@id":"https:\/\/newsinfoco.com.br\/inicio\/motoristas-de-aplicativos-como-uber-e-99-fazem-greve-em-todo-o-pais\/#blogposting","name":"Motoristas de aplicativos, como Uber e 99, fazem greve em todo o pa\u00eds - News In Foco - Editado por Caio Pimenta","headline":"Motoristas de aplicativos, como Uber e 99, fazem greve em todo o pa\u00eds","author":{"@id":"https:\/\/newsinfoco.com.br\/inicio\/author\/administrador\/#author"},"publisher":{"@id":"https:\/\/newsinfoco.com.br\/inicio\/#organization"},"image":{"@type":"ImageObject","url":"https:\/\/newsinfoco.com.br\/inicio\/wp-content\/uploads\/2019\/12\/uber-aplicativo.jpg","width":600,"height":420},"datePublished":"2023-05-15T17:30:20-03:00","dateModified":"2023-05-15T17:30:20-03:00","inLanguage":"pt-BR","mainEntityOfPage":{"@id":"https:\/\/newsinfoco.com.br\/inicio\/motoristas-de-aplicativos-como-uber-e-99-fazem-greve-em-todo-o-pais\/#webpage"},"isPartOf":{"@id":"https:\/\/newsinfoco.com.br\/inicio\/motoristas-de-aplicativos-como-uber-e-99-fazem-greve-em-todo-o-pais\/#webpage"},"articleSection":"Brasil"},{"@type":"BreadcrumbList","@id":"https:\/\/newsinfoco.com.br\/inicio\/motoristas-de-aplicativos-como-uber-e-99-fazem-greve-em-todo-o-pais\/#breadcrumblist","itemListElement":[{"@type":"ListItem","@id":"https:\/\/newsinfoco.com.br\/inicio#listItem","position":1,"name":"In\u00edcio","item":"https:\/\/newsinfoco.com.br\/inicio","nextItem":{"@type":"ListItem","@id":"https:\/\/newsinfoco.com.br\/inicio\/category\/brasil\/#listItem","name":"Brasil"}},{"@type":"ListItem","@id":"https:\/\/newsinfoco.com.br\/inicio\/category\/brasil\/#listItem","position":2,"name":"Brasil","item":"https:\/\/newsinfoco.com.br\/inicio\/category\/brasil\/","nextItem":{"@type":"ListItem","@id":"https:\/\/newsinfoco.com.br\/inicio\/motoristas-de-aplicativos-como-uber-e-99-fazem-greve-em-todo-o-pais\/#listItem","name":"Motoristas de aplicativos, como Uber e 99, fazem greve em todo o pa\u00eds"},"previousItem":{"@type":"ListItem","@id":"https:\/\/newsinfoco.com.br\/inicio#listItem","name":"In\u00edcio"}},{"@type":"ListItem","@id":"https:\/\/newsinfoco.com.br\/inicio\/motoristas-de-aplicativos-como-uber-e-99-fazem-greve-em-todo-o-pais\/#listItem","position":3,"name":"Motoristas de aplicativos, como Uber e 99, fazem greve em todo o pa\u00eds","previousItem":{"@type":"ListItem","@id":"https:\/\/newsinfoco.com.br\/inicio\/category\/brasil\/#listItem","name":"Brasil"}}]},{"@type":"Organization","@id":"https:\/\/newsinfoco.com.br\/inicio\/#organization","name":"News In Foco - Editado por Caio Pimenta","description":"O principal site de noticias de Alagoinhas e regi\u00e3o","url":"https:\/\/newsinfoco.com.br\/inicio\/"},{"@type":"Person","@id":"https:\/\/newsinfoco.com.br\/inicio\/author\/administrador\/#author","url":"https:\/\/newsinfoco.com.br\/inicio\/author\/administrador\/","name":"administrador","image":{"@type":"ImageObject","@id":"https:\/\/newsinfoco.com.br\/inicio\/motoristas-de-aplicativos-como-uber-e-99-fazem-greve-em-todo-o-pais\/#authorImage","url":"https:\/\/secure.gravatar.com\/avatar\/c17a617433de8c1dc9584bb79aab7563b46f5bb7e1728c9b17d9cc3ce6a08e49?s=96&d=mm&r=g","width":96,"height":96,"caption":"administrador"}},{"@type":"WebPage","@id":"https:\/\/newsinfoco.com.br\/inicio\/motoristas-de-aplicativos-como-uber-e-99-fazem-greve-em-todo-o-pais\/#webpage","url":"https:\/\/newsinfoco.com.br\/inicio\/motoristas-de-aplicativos-como-uber-e-99-fazem-greve-em-todo-o-pais\/","name":"Motoristas de aplicativos, como Uber e 99, fazem greve em todo o pa\u00eds - News In Foco - Editado por Caio Pimenta","description":"Motoristas de aplicativos como Uber e 99 entraram em greve em todo o Brasil nesta segunda-feira (15). A categoria reivindica melhores condi\u00e7\u00f5es de trabalho e repasses mais altos nas tarifas das corridas. A paralisa\u00e7\u00e3o, estimada para durar 24 horas, \u00e9 de iniciativa da Federa\u00e7\u00e3o dos Motoristas Por Aplicativos do Brasil (Fembrapp) e da Associa\u00e7\u00e3o de","inLanguage":"pt-BR","isPartOf":{"@id":"https:\/\/newsinfoco.com.br\/inicio\/#website"},"breadcrumb":{"@id":"https:\/\/newsinfoco.com.br\/inicio\/motoristas-de-aplicativos-como-uber-e-99-fazem-greve-em-todo-o-pais\/#breadcrumblist"},"author":{"@id":"https:\/\/newsinfoco.com.br\/inicio\/author\/administrador\/#author"},"creator":{"@id":"https:\/\/newsinfoco.com.br\/inicio\/author\/administrador\/#author"},"image":{"@type":"ImageObject","url":"https:\/\/newsinfoco.com.br\/inicio\/wp-content\/uploads\/2019\/12\/uber-aplicativo.jpg","@id":"https:\/\/newsinfoco.com.br\/inicio\/motoristas-de-aplicativos-como-uber-e-99-fazem-greve-em-todo-o-pais\/#mainImage","width":600,"height":420},"primaryImageOfPage":{"@id":"https:\/\/newsinfoco.com.br\/inicio\/motoristas-de-aplicativos-como-uber-e-99-fazem-greve-em-todo-o-pais\/#mainImage"},"datePublished":"2023-05-15T17:30:20-03:00","dateModified":"2023-05-15T17:30:20-03:00"},{"@type":"WebSite","@id":"https:\/\/newsinfoco.com.br\/inicio\/#website","url":"https:\/\/newsinfoco.com.br\/inicio\/","name":"News In Foco - Editado por Caio Pimenta","description":"O principal site de noticias de Alagoinhas e regi\u00e3o","inLanguage":"pt-BR","publisher":{"@id":"https:\/\/newsinfoco.com.br\/inicio\/#organization"}}]},"og:locale":"pt_BR","og:site_name":"News In Foco - Editado por Caio Pimenta - O principal site de noticias de Alagoinhas e regi\u00e3o","og:type":"article","og:title":"Motoristas de aplicativos, como Uber e 99, fazem greve em todo o pa\u00eds - News In Foco - Editado por Caio Pimenta","og:description":"Motoristas de aplicativos como Uber e 99 entraram em greve em todo o Brasil nesta segunda-feira (15). A categoria reivindica melhores condi\u00e7\u00f5es de trabalho e repasses mais altos nas tarifas das corridas. A paralisa\u00e7\u00e3o, estimada para durar 24 horas, \u00e9 de iniciativa da Federa\u00e7\u00e3o dos Motoristas Por Aplicativos do Brasil (Fembrapp) e da Associa\u00e7\u00e3o de","og:url":"https:\/\/newsinfoco.com.br\/inicio\/motoristas-de-aplicativos-como-uber-e-99-fazem-greve-em-todo-o-pais\/","article:published_time":"2023-05-15T20:30:20+00:00","article:modified_time":"2023-05-15T20:30:20+00:00","twitter:card":"summary_large_image","twitter:title":"Motoristas de aplicativos, como Uber e 99, fazem greve em todo o pa\u00eds - News In Foco - Editado por Caio Pimenta","twitter:description":"Motoristas de aplicativos como Uber e 99 entraram em greve em todo o Brasil nesta segunda-feira (15). A categoria reivindica melhores condi\u00e7\u00f5es de trabalho e repasses mais altos nas tarifas das corridas. A paralisa\u00e7\u00e3o, estimada para durar 24 horas, \u00e9 de iniciativa da Federa\u00e7\u00e3o dos Motoristas Por Aplicativos do Brasil (Fembrapp) e da Associa\u00e7\u00e3o de"},"aioseo_meta_data":{"post_id":"33945","title":null,"description":null,"keywords":null,"keyphrases":null,"primary_term":null,"canonical_url":null,"og_title":null,"og_description":null,"og_object_type":"default","og_image_type":"default","og_image_url":null,"og_image_width":null,"og_image_height":null,"og_image_custom_url":null,"og_image_custom_fields":null,"og_video":null,"og_custom_url":null,"og_article_section":null,"og_article_tags":null,"twitter_use_og":false,"twitter_card":"default","twitter_image_type":"default","twitter_image_url":null,"twitter_image_custom_url":null,"twitter_image_custom_fields":null,"twitter_title":null,"twitter_description":null,"schema":{"blockGraphs":[],"customGraphs":[],"default":{"data":{"Article":[],"Course":[],"Dataset":[],"FAQPage":[],"Movie":[],"Person":[],"Product":[],"ProductReview":[],"Car":[],"Recipe":[],"Service":[],"SoftwareApplication":[],"WebPage":[]},"graphName":"","isEnabled":true},"graphs":[]},"schema_type":"default","schema_type_options":null,"pillar_content":false,"robots_default":true,"robots_noindex":false,"robots_noarchive":false,"robots_nosnippet":false,"robots_nofollow":false,"robots_noimageindex":false,"robots_noodp":false,"robots_notranslate":false,"robots_max_snippet":null,"robots_max_videopreview":null,"robots_max_imagepreview":"large","priority":null,"frequency":null,"local_seo":null,"breadcrumb_settings":null,"limit_modified_date":false,"ai":null,"created":"2023-06-12 23:24:48","updated":"2025-07-11 09:41:55","seo_analyzer_scan_date":null},"aioseo_breadcrumb":"<div class=\"aioseo-breadcrumbs\"><span class=\"aioseo-breadcrumb\">\n\t\t\t<a href=\"https:\/\/newsinfoco.com.br\/inicio\" title=\"In\u00edcio\">In\u00edcio<\/a>\n\t\t<\/span><span class=\"aioseo-breadcrumb-separator\">&raquo;<\/span><span class=\"aioseo-breadcrumb\">\n\t\t\t<a href=\"https:\/\/newsinfoco.com.br\/inicio\/category\/brasil\/\" title=\"Brasil\">Brasil<\/a>\n\t\t<\/span><span class=\"aioseo-breadcrumb-separator\">&raquo;<\/span><span class=\"aioseo-breadcrumb\">\n\t\t\tMotoristas de aplicativos, como Uber e 99, fazem greve em todo o pa\u00eds\n\t\t<\/span><\/div>","aioseo_breadcrumb_json":[{"label":"In\u00edcio","link":"https:\/\/newsinfoco.com.br\/inicio"},{"label":"Brasil","link":"https:\/\/newsinfoco.com.br\/inicio\/category\/brasil\/"},{"label":"Motoristas de aplicativos, como Uber e 99, fazem greve em todo o pa\u00eds","link":"https:\/\/newsinfoco.com.br\/inicio\/motoristas-de-aplicativos-como-uber-e-99-fazem-greve-em-todo-o-pais\/"}],"_links":{"self":[{"href":"https:\/\/newsinfoco.com.br\/inicio\/wp-json\/wp\/v2\/posts\/33945","targetHints":{"allow":["GET"]}}],"collection":[{"href":"https:\/\/newsinfoco.com.br\/inicio\/wp-json\/wp\/v2\/posts"}],"about":[{"href":"https:\/\/newsinfoco.com.br\/inicio\/wp-json\/wp\/v2\/types\/post"}],"author":[{"embeddable":true,"href":"https:\/\/newsinfoco.com.br\/inicio\/wp-json\/wp\/v2\/users\/1"}],"replies":[{"embeddable":true,"href":"https:\/\/newsinfoco.com.br\/inicio\/wp-json\/wp\/v2\/comments?post=33945"}],"version-history":[{"count":1,"href":"https:\/\/newsinfoco.com.br\/inicio\/wp-json\/wp\/v2\/posts\/33945\/revisions"}],"predecessor-version":[{"id":33946,"href":"https:\/\/newsinfoco.com.br\/inicio\/wp-json\/wp\/v2\/posts\/33945\/revisions\/33946"}],"wp:featuredmedia":[{"embeddable":true,"href":"https:\/\/newsinfoco.com.br\/inicio\/wp-json\/wp\/v2\/media\/19461"}],"wp:attachment":[{"href":"https:\/\/newsinfoco.com.br\/inicio\/wp-json\/wp\/v2\/media?parent=33945"}],"wp:term":[{"taxonomy":"category","embeddable":true,"href":"https:\/\/newsinfoco.com.br\/inicio\/wp-json\/wp\/v2\/categories?post=33945"},{"taxonomy":"post_tag","embeddable":true,"href":"https:\/\/newsinfoco.com.br\/inicio\/wp-json\/wp\/v2\/tags?post=33945"}],"curies":[{"name":"wp","href":"https:\/\/api.w.org\/{rel}","templated":true}]}}