{"id":33966,"date":"2023-05-15T18:26:21","date_gmt":"2023-05-15T21:26:21","guid":{"rendered":"https:\/\/newsinfoco.com.br\/inicio\/?p=33966"},"modified":"2023-05-15T18:26:21","modified_gmt":"2023-05-15T21:26:21","slug":"campanha-faca-bonito-combate-o-abuso-e-a-exploracao-sexual-de-criancas-e-adolescentes","status":"publish","type":"post","link":"https:\/\/newsinfoco.com.br\/inicio\/campanha-faca-bonito-combate-o-abuso-e-a-exploracao-sexual-de-criancas-e-adolescentes\/","title":{"rendered":"Campanha Fa\u00e7a Bonito combate o Abuso e a Explora\u00e7\u00e3o Sexual de Crian\u00e7as e Adolescentes"},"content":{"rendered":"<p class=\"western\">Entre os dias 15 e 18 de Maio, a Prefeitura de Alagoinhas, por meio da Secretaria Municipal de Assist\u00eancia Social (SEMAS), realiza a campanha Fa\u00e7a Bonito. A finalidade \u00e9 chamar a aten\u00e7\u00e3o da sociedade para assumir a responsabilidade de prevenir e combater o problema do abuso e da explora\u00e7\u00e3o sexual contra crian\u00e7as e adolescentes .<\/p>\n<p>O marco da campanha anual \u00e9 18 de Maio \u2013 \u201cDia Nacional de Combate ao Abuso e \u00e0 Explora\u00e7\u00e3o Sexual de Crian\u00e7as e Adolescentes\u201d, institu\u00eddo por lei federal. A data \u00e9 alusiva ao caso de Araceli Sanches, sequestrada aos oito anos de idade, em 18 de maio de 1973. A garota foi drogada, espancada, estuprada e morta na cidade de Vit\u00f3ria (ES).\u00a0<span id=\"more-65550\"><\/span>O crime est\u00e1 impune at\u00e9 hoje.<\/p>\n<p>Na abertura da Campanha Fa\u00e7a Bonito de Alagoinhas ser\u00e3o realizadas a\u00e7\u00f5es simult\u00e2neas. Pela manh\u00e3, rodas de conversa na Policl\u00ednica Municipal e na Maternidade; e pela tarde, na Escola Municipal Oscar Cordeiro, no Col\u00e9gio Municipal de Alagoinhas e no Col\u00e9gio Municipal dos Rodovi\u00e1rios.<\/p>\n<p><strong><b>Confira a programa\u00e7\u00e3o completa:<\/b><\/strong><\/p>\n<p><a class=\"group1 cboxElement\" href=\"https:\/\/www.alagoinhas.ba.gov.br\/wp-content\/uploads\/2023\/05\/IMG-20230512-WA0103.jpg\"><img loading=\"lazy\" decoding=\"async\" class=\"aligncenter size-full wp-image-65615\" src=\"https:\/\/www.alagoinhas.ba.gov.br\/wp-content\/uploads\/2023\/05\/IMG-20230512-WA0103.jpg\" sizes=\"auto, (max-width: 720px) 100vw, 720px\" srcset=\"https:\/\/www.alagoinhas.ba.gov.br\/wp-content\/uploads\/2023\/05\/IMG-20230512-WA0103.jpg 720w, https:\/\/www.alagoinhas.ba.gov.br\/wp-content\/uploads\/2023\/05\/IMG-20230512-WA0103-169x300.jpg 169w, https:\/\/www.alagoinhas.ba.gov.br\/wp-content\/uploads\/2023\/05\/IMG-20230512-WA0103-576x1024.jpg 576w, https:\/\/www.alagoinhas.ba.gov.br\/wp-content\/uploads\/2023\/05\/IMG-20230512-WA0103-39x70.jpg 39w\" alt=\"\" width=\"720\" height=\"1280\" \/><\/a><\/p>\n<p><a class=\"group1 cboxElement\" href=\"https:\/\/www.alagoinhas.ba.gov.br\/wp-content\/uploads\/2023\/05\/WhatsApp-Image-2023-05-12-at-11.50.411.jpeg\"><img loading=\"lazy\" decoding=\"async\" class=\"aligncenter wp-image-65569 size-full\" src=\"https:\/\/www.alagoinhas.ba.gov.br\/wp-content\/uploads\/2023\/05\/WhatsApp-Image-2023-05-12-at-11.50.411.jpeg\" sizes=\"auto, (max-width: 720px) 100vw, 720px\" srcset=\"https:\/\/www.alagoinhas.ba.gov.br\/wp-content\/uploads\/2023\/05\/WhatsApp-Image-2023-05-12-at-11.50.411.jpeg 720w, https:\/\/www.alagoinhas.ba.gov.br\/wp-content\/uploads\/2023\/05\/WhatsApp-Image-2023-05-12-at-11.50.411-169x300.jpeg 169w, https:\/\/www.alagoinhas.ba.gov.br\/wp-content\/uploads\/2023\/05\/WhatsApp-Image-2023-05-12-at-11.50.411-576x1024.jpeg 576w, https:\/\/www.alagoinhas.ba.gov.br\/wp-content\/uploads\/2023\/05\/WhatsApp-Image-2023-05-12-at-11.50.411-39x70.jpeg 39w\" alt=\"\" width=\"720\" height=\"1280\" \/><\/a><a class=\"group1 cboxElement\" href=\"https:\/\/www.alagoinhas.ba.gov.br\/wp-content\/uploads\/2023\/05\/WhatsApp-Image-2023-05-12-at-11.50.412.jpeg\"><img loading=\"lazy\" decoding=\"async\" class=\"aligncenter wp-image-65570 size-full\" src=\"https:\/\/www.alagoinhas.ba.gov.br\/wp-content\/uploads\/2023\/05\/WhatsApp-Image-2023-05-12-at-11.50.412.jpeg\" sizes=\"auto, (max-width: 720px) 100vw, 720px\" srcset=\"https:\/\/www.alagoinhas.ba.gov.br\/wp-content\/uploads\/2023\/05\/WhatsApp-Image-2023-05-12-at-11.50.412.jpeg 720w, https:\/\/www.alagoinhas.ba.gov.br\/wp-content\/uploads\/2023\/05\/WhatsApp-Image-2023-05-12-at-11.50.412-169x300.jpeg 169w, https:\/\/www.alagoinhas.ba.gov.br\/wp-content\/uploads\/2023\/05\/WhatsApp-Image-2023-05-12-at-11.50.412-576x1024.jpeg 576w, https:\/\/www.alagoinhas.ba.gov.br\/wp-content\/uploads\/2023\/05\/WhatsApp-Image-2023-05-12-at-11.50.412-39x70.jpeg 39w\" alt=\"\" width=\"720\" height=\"1280\" \/><\/a><a class=\"group1 cboxElement\" href=\"https:\/\/www.alagoinhas.ba.gov.br\/wp-content\/uploads\/2023\/05\/WhatsApp-Image-2023-05-12-at-11.50.413.jpeg\"><img loading=\"lazy\" decoding=\"async\" class=\"aligncenter wp-image-65571 size-full\" src=\"https:\/\/www.alagoinhas.ba.gov.br\/wp-content\/uploads\/2023\/05\/WhatsApp-Image-2023-05-12-at-11.50.413.jpeg\" sizes=\"auto, (max-width: 720px) 100vw, 720px\" srcset=\"https:\/\/www.alagoinhas.ba.gov.br\/wp-content\/uploads\/2023\/05\/WhatsApp-Image-2023-05-12-at-11.50.413.jpeg 720w, https:\/\/www.alagoinhas.ba.gov.br\/wp-content\/uploads\/2023\/05\/WhatsApp-Image-2023-05-12-at-11.50.413-169x300.jpeg 169w, https:\/\/www.alagoinhas.ba.gov.br\/wp-content\/uploads\/2023\/05\/WhatsApp-Image-2023-05-12-at-11.50.413-576x1024.jpeg 576w, https:\/\/www.alagoinhas.ba.gov.br\/wp-content\/uploads\/2023\/05\/WhatsApp-Image-2023-05-12-at-11.50.413-39x70.jpeg 39w\" alt=\"\" width=\"720\" height=\"1280\" \/><\/a><a class=\"group1 cboxElement\" href=\"https:\/\/www.alagoinhas.ba.gov.br\/wp-content\/uploads\/2023\/05\/WhatsApp-Image-2023-05-12-at-11.50.414.jpeg\"><img loading=\"lazy\" decoding=\"async\" class=\"aligncenter wp-image-65572 size-full\" src=\"https:\/\/www.alagoinhas.ba.gov.br\/wp-content\/uploads\/2023\/05\/WhatsApp-Image-2023-05-12-at-11.50.414.jpeg\" sizes=\"auto, (max-width: 720px) 100vw, 720px\" srcset=\"https:\/\/www.alagoinhas.ba.gov.br\/wp-content\/uploads\/2023\/05\/WhatsApp-Image-2023-05-12-at-11.50.414.jpeg 720w, https:\/\/www.alagoinhas.ba.gov.br\/wp-content\/uploads\/2023\/05\/WhatsApp-Image-2023-05-12-at-11.50.414-169x300.jpeg 169w, https:\/\/www.alagoinhas.ba.gov.br\/wp-content\/uploads\/2023\/05\/WhatsApp-Image-2023-05-12-at-11.50.414-576x1024.jpeg 576w, https:\/\/www.alagoinhas.ba.gov.br\/wp-content\/uploads\/2023\/05\/WhatsApp-Image-2023-05-12-at-11.50.414-39x70.jpeg 39w\" alt=\"\" width=\"720\" height=\"1280\" \/><\/a><\/p>\n<div align=\"right\">\n<p>&nbsp;<\/p>\n<p>&nbsp;<\/p>\n<\/div>\n<div class='share-to-whatsapp-wrapper'><div class='share-on-whsp'>Share on: <\/div><a data-text='Campanha Fa\u00e7a Bonito combate o Abuso e a Explora\u00e7\u00e3o Sexual de Crian\u00e7as e Adolescentes' data-link='https:\/\/newsinfoco.com.br\/inicio\/campanha-faca-bonito-combate-o-abuso-e-a-exploracao-sexual-de-criancas-e-adolescentes\/' class='whatsapp-button whatsapp-share'>WhatsApp<\/a><div class='clear '><\/div><\/div>","protected":false},"excerpt":{"rendered":"<p>Entre os dias 15 e 18 de Maio, a Prefeitura de Alagoinhas, por meio da Secretaria Municipal de Assist\u00eancia Social (SEMAS), realiza a campanha Fa\u00e7a Bonito. A finalidade \u00e9 chamar a aten\u00e7\u00e3o da sociedade para assumir a responsabilidade de prevenir e combater o problema do abuso e da explora\u00e7\u00e3o sexual contra crian\u00e7as e adolescentes . [&hellip;]<\/p>\n","protected":false},"author":1,"featured_media":33967,"comment_status":"closed","ping_status":"closed","sticky":false,"template":"","format":"standard","meta":{"om_disable_all_campaigns":false,"rop_custom_images_group":[],"rop_custom_messages_group":[],"rop_publish_now":"initial","rop_publish_now_accounts":[],"rop_publish_now_history":[],"rop_publish_now_status":"pending","_exactmetrics_skip_tracking":false,"footnotes":""},"categories":[38,167],"tags":[],"class_list":["post-33966","post","type-post","status-publish","format-standard","has-post-thumbnail","hentry","category-alagoinhas-e-regiao","category-exclusivas"],"aioseo_notices":[],"aioseo_head":"\n\t\t<!-- All in One SEO 4.9.10 - aioseo.com -->\n\t<meta name=\"description\" content=\"Entre os dias 15 e 18 de Maio, a Prefeitura de Alagoinhas, por meio da Secretaria Municipal de Assist\u00eancia Social (SEMAS), realiza a campanha Fa\u00e7a Bonito. A finalidade \u00e9 chamar a aten\u00e7\u00e3o da sociedade para assumir a responsabilidade de prevenir e combater o problema do abuso e da explora\u00e7\u00e3o sexual contra crian\u00e7as e adolescentes .\" \/>\n\t<meta name=\"robots\" content=\"max-image-preview:large\" \/>\n\t<meta name=\"author\" content=\"administrador\"\/>\n\t<link rel=\"canonical\" href=\"https:\/\/newsinfoco.com.br\/inicio\/campanha-faca-bonito-combate-o-abuso-e-a-exploracao-sexual-de-criancas-e-adolescentes\/\" \/>\n\t<meta name=\"generator\" content=\"All in One SEO (AIOSEO) 4.9.10\" \/>\n\t\t<meta property=\"og:locale\" content=\"pt_BR\" \/>\n\t\t<meta property=\"og:site_name\" content=\"News In Foco - Editado por Caio Pimenta - O principal site de noticias de Alagoinhas e regi\u00e3o\" \/>\n\t\t<meta property=\"og:type\" content=\"article\" \/>\n\t\t<meta property=\"og:title\" content=\"Campanha Fa\u00e7a Bonito combate o Abuso e a Explora\u00e7\u00e3o Sexual de Crian\u00e7as e Adolescentes - News In Foco - Editado por Caio Pimenta\" \/>\n\t\t<meta property=\"og:description\" content=\"Entre os dias 15 e 18 de Maio, a Prefeitura de Alagoinhas, por meio da Secretaria Municipal de Assist\u00eancia Social (SEMAS), realiza a campanha Fa\u00e7a Bonito. A finalidade \u00e9 chamar a aten\u00e7\u00e3o da sociedade para assumir a responsabilidade de prevenir e combater o problema do abuso e da explora\u00e7\u00e3o sexual contra crian\u00e7as e adolescentes .\" \/>\n\t\t<meta property=\"og:url\" content=\"https:\/\/newsinfoco.com.br\/inicio\/campanha-faca-bonito-combate-o-abuso-e-a-exploracao-sexual-de-criancas-e-adolescentes\/\" \/>\n\t\t<meta property=\"article:published_time\" content=\"2023-05-15T21:26:21+00:00\" \/>\n\t\t<meta property=\"article:modified_time\" content=\"2023-05-15T21:26:21+00:00\" \/>\n\t\t<meta name=\"twitter:card\" content=\"summary_large_image\" \/>\n\t\t<meta name=\"twitter:title\" content=\"Campanha Fa\u00e7a Bonito combate o Abuso e a Explora\u00e7\u00e3o Sexual de Crian\u00e7as e Adolescentes - News In Foco - Editado por Caio Pimenta\" \/>\n\t\t<meta name=\"twitter:description\" content=\"Entre os dias 15 e 18 de Maio, a Prefeitura de Alagoinhas, por meio da Secretaria Municipal de Assist\u00eancia Social (SEMAS), realiza a campanha Fa\u00e7a Bonito. A finalidade \u00e9 chamar a aten\u00e7\u00e3o da sociedade para assumir a responsabilidade de prevenir e combater o problema do abuso e da explora\u00e7\u00e3o sexual contra crian\u00e7as e adolescentes .\" \/>\n\t\t<script type=\"application\/ld+json\" class=\"aioseo-schema\">\n\t\t\t{\"@context\":\"https:\\\/\\\/schema.org\",\"@graph\":[{\"@type\":\"BlogPosting\",\"@id\":\"https:\\\/\\\/newsinfoco.com.br\\\/inicio\\\/campanha-faca-bonito-combate-o-abuso-e-a-exploracao-sexual-de-criancas-e-adolescentes\\\/#blogposting\",\"name\":\"Campanha Fa\\u00e7a Bonito combate o Abuso e a Explora\\u00e7\\u00e3o Sexual de Crian\\u00e7as e Adolescentes - News In Foco - Editado por Caio Pimenta\",\"headline\":\"Campanha Fa\\u00e7a Bonito combate o Abuso e a Explora\\u00e7\\u00e3o Sexual de Crian\\u00e7as e Adolescentes\",\"author\":{\"@id\":\"https:\\\/\\\/newsinfoco.com.br\\\/inicio\\\/author\\\/administrador\\\/#author\"},\"publisher\":{\"@id\":\"https:\\\/\\\/newsinfoco.com.br\\\/inicio\\\/#organization\"},\"image\":{\"@type\":\"ImageObject\",\"url\":\"https:\\\/\\\/newsinfoco.com.br\\\/inicio\\\/wp-content\\\/uploads\\\/2023\\\/05\\\/essa.png\",\"width\":714,\"height\":487},\"datePublished\":\"2023-05-15T18:26:21-03:00\",\"dateModified\":\"2023-05-15T18:26:21-03:00\",\"inLanguage\":\"pt-BR\",\"mainEntityOfPage\":{\"@id\":\"https:\\\/\\\/newsinfoco.com.br\\\/inicio\\\/campanha-faca-bonito-combate-o-abuso-e-a-exploracao-sexual-de-criancas-e-adolescentes\\\/#webpage\"},\"isPartOf\":{\"@id\":\"https:\\\/\\\/newsinfoco.com.br\\\/inicio\\\/campanha-faca-bonito-combate-o-abuso-e-a-exploracao-sexual-de-criancas-e-adolescentes\\\/#webpage\"},\"articleSection\":\"Alagoinhas e Regi\\u00e3o, Manchete\"},{\"@type\":\"BreadcrumbList\",\"@id\":\"https:\\\/\\\/newsinfoco.com.br\\\/inicio\\\/campanha-faca-bonito-combate-o-abuso-e-a-exploracao-sexual-de-criancas-e-adolescentes\\\/#breadcrumblist\",\"itemListElement\":[{\"@type\":\"ListItem\",\"@id\":\"https:\\\/\\\/newsinfoco.com.br\\\/inicio#listItem\",\"position\":1,\"name\":\"In\\u00edcio\",\"item\":\"https:\\\/\\\/newsinfoco.com.br\\\/inicio\",\"nextItem\":{\"@type\":\"ListItem\",\"@id\":\"https:\\\/\\\/newsinfoco.com.br\\\/inicio\\\/category\\\/alagoinhas-e-regiao\\\/#listItem\",\"name\":\"Alagoinhas e Regi\\u00e3o\"}},{\"@type\":\"ListItem\",\"@id\":\"https:\\\/\\\/newsinfoco.com.br\\\/inicio\\\/category\\\/alagoinhas-e-regiao\\\/#listItem\",\"position\":2,\"name\":\"Alagoinhas e Regi\\u00e3o\",\"item\":\"https:\\\/\\\/newsinfoco.com.br\\\/inicio\\\/category\\\/alagoinhas-e-regiao\\\/\",\"nextItem\":{\"@type\":\"ListItem\",\"@id\":\"https:\\\/\\\/newsinfoco.com.br\\\/inicio\\\/campanha-faca-bonito-combate-o-abuso-e-a-exploracao-sexual-de-criancas-e-adolescentes\\\/#listItem\",\"name\":\"Campanha Fa\\u00e7a Bonito combate o Abuso e a Explora\\u00e7\\u00e3o Sexual de Crian\\u00e7as e Adolescentes\"},\"previousItem\":{\"@type\":\"ListItem\",\"@id\":\"https:\\\/\\\/newsinfoco.com.br\\\/inicio#listItem\",\"name\":\"In\\u00edcio\"}},{\"@type\":\"ListItem\",\"@id\":\"https:\\\/\\\/newsinfoco.com.br\\\/inicio\\\/campanha-faca-bonito-combate-o-abuso-e-a-exploracao-sexual-de-criancas-e-adolescentes\\\/#listItem\",\"position\":3,\"name\":\"Campanha Fa\\u00e7a Bonito combate o Abuso e a Explora\\u00e7\\u00e3o Sexual de Crian\\u00e7as e Adolescentes\",\"previousItem\":{\"@type\":\"ListItem\",\"@id\":\"https:\\\/\\\/newsinfoco.com.br\\\/inicio\\\/category\\\/alagoinhas-e-regiao\\\/#listItem\",\"name\":\"Alagoinhas e Regi\\u00e3o\"}}]},{\"@type\":\"Organization\",\"@id\":\"https:\\\/\\\/newsinfoco.com.br\\\/inicio\\\/#organization\",\"name\":\"News In Foco - Editado por Caio Pimenta\",\"description\":\"O principal site de noticias de Alagoinhas e regi\\u00e3o\",\"url\":\"https:\\\/\\\/newsinfoco.com.br\\\/inicio\\\/\"},{\"@type\":\"Person\",\"@id\":\"https:\\\/\\\/newsinfoco.com.br\\\/inicio\\\/author\\\/administrador\\\/#author\",\"url\":\"https:\\\/\\\/newsinfoco.com.br\\\/inicio\\\/author\\\/administrador\\\/\",\"name\":\"administrador\",\"image\":{\"@type\":\"ImageObject\",\"@id\":\"https:\\\/\\\/newsinfoco.com.br\\\/inicio\\\/campanha-faca-bonito-combate-o-abuso-e-a-exploracao-sexual-de-criancas-e-adolescentes\\\/#authorImage\",\"url\":\"https:\\\/\\\/secure.gravatar.com\\\/avatar\\\/c17a617433de8c1dc9584bb79aab7563b46f5bb7e1728c9b17d9cc3ce6a08e49?s=96&d=mm&r=g\",\"width\":96,\"height\":96,\"caption\":\"administrador\"}},{\"@type\":\"WebPage\",\"@id\":\"https:\\\/\\\/newsinfoco.com.br\\\/inicio\\\/campanha-faca-bonito-combate-o-abuso-e-a-exploracao-sexual-de-criancas-e-adolescentes\\\/#webpage\",\"url\":\"https:\\\/\\\/newsinfoco.com.br\\\/inicio\\\/campanha-faca-bonito-combate-o-abuso-e-a-exploracao-sexual-de-criancas-e-adolescentes\\\/\",\"name\":\"Campanha Fa\\u00e7a Bonito combate o Abuso e a Explora\\u00e7\\u00e3o Sexual de Crian\\u00e7as e Adolescentes - News In Foco - Editado por Caio Pimenta\",\"description\":\"Entre os dias 15 e 18 de Maio, a Prefeitura de Alagoinhas, por meio da Secretaria Municipal de Assist\\u00eancia Social (SEMAS), realiza a campanha Fa\\u00e7a Bonito. A finalidade \\u00e9 chamar a aten\\u00e7\\u00e3o da sociedade para assumir a responsabilidade de prevenir e combater o problema do abuso e da explora\\u00e7\\u00e3o sexual contra crian\\u00e7as e adolescentes .\",\"inLanguage\":\"pt-BR\",\"isPartOf\":{\"@id\":\"https:\\\/\\\/newsinfoco.com.br\\\/inicio\\\/#website\"},\"breadcrumb\":{\"@id\":\"https:\\\/\\\/newsinfoco.com.br\\\/inicio\\\/campanha-faca-bonito-combate-o-abuso-e-a-exploracao-sexual-de-criancas-e-adolescentes\\\/#breadcrumblist\"},\"author\":{\"@id\":\"https:\\\/\\\/newsinfoco.com.br\\\/inicio\\\/author\\\/administrador\\\/#author\"},\"creator\":{\"@id\":\"https:\\\/\\\/newsinfoco.com.br\\\/inicio\\\/author\\\/administrador\\\/#author\"},\"image\":{\"@type\":\"ImageObject\",\"url\":\"https:\\\/\\\/newsinfoco.com.br\\\/inicio\\\/wp-content\\\/uploads\\\/2023\\\/05\\\/essa.png\",\"@id\":\"https:\\\/\\\/newsinfoco.com.br\\\/inicio\\\/campanha-faca-bonito-combate-o-abuso-e-a-exploracao-sexual-de-criancas-e-adolescentes\\\/#mainImage\",\"width\":714,\"height\":487},\"primaryImageOfPage\":{\"@id\":\"https:\\\/\\\/newsinfoco.com.br\\\/inicio\\\/campanha-faca-bonito-combate-o-abuso-e-a-exploracao-sexual-de-criancas-e-adolescentes\\\/#mainImage\"},\"datePublished\":\"2023-05-15T18:26:21-03:00\",\"dateModified\":\"2023-05-15T18:26:21-03:00\"},{\"@type\":\"WebSite\",\"@id\":\"https:\\\/\\\/newsinfoco.com.br\\\/inicio\\\/#website\",\"url\":\"https:\\\/\\\/newsinfoco.com.br\\\/inicio\\\/\",\"name\":\"News In Foco - Editado por Caio Pimenta\",\"description\":\"O principal site de noticias de Alagoinhas e regi\\u00e3o\",\"inLanguage\":\"pt-BR\",\"publisher\":{\"@id\":\"https:\\\/\\\/newsinfoco.com.br\\\/inicio\\\/#organization\"}}]}\n\t\t<\/script>\n\t\t<!-- All in One SEO -->\n\n","aioseo_head_json":{"title":"Campanha Fa\u00e7a Bonito combate o Abuso e a Explora\u00e7\u00e3o Sexual de Crian\u00e7as e Adolescentes - News In Foco - Editado por Caio Pimenta","description":"Entre os dias 15 e 18 de Maio, a Prefeitura de Alagoinhas, por meio da Secretaria Municipal de Assist\u00eancia Social (SEMAS), realiza a campanha Fa\u00e7a Bonito. A finalidade \u00e9 chamar a aten\u00e7\u00e3o da sociedade para assumir a responsabilidade de prevenir e combater o problema do abuso e da explora\u00e7\u00e3o sexual contra crian\u00e7as e adolescentes .","canonical_url":"https:\/\/newsinfoco.com.br\/inicio\/campanha-faca-bonito-combate-o-abuso-e-a-exploracao-sexual-de-criancas-e-adolescentes\/","robots":"max-image-preview:large","keywords":"","webmasterTools":{"miscellaneous":""},"schema":{"@context":"https:\/\/schema.org","@graph":[{"@type":"BlogPosting","@id":"https:\/\/newsinfoco.com.br\/inicio\/campanha-faca-bonito-combate-o-abuso-e-a-exploracao-sexual-de-criancas-e-adolescentes\/#blogposting","name":"Campanha Fa\u00e7a Bonito combate o Abuso e a Explora\u00e7\u00e3o Sexual de Crian\u00e7as e Adolescentes - News In Foco - Editado por Caio Pimenta","headline":"Campanha Fa\u00e7a Bonito combate o Abuso e a Explora\u00e7\u00e3o Sexual de Crian\u00e7as e Adolescentes","author":{"@id":"https:\/\/newsinfoco.com.br\/inicio\/author\/administrador\/#author"},"publisher":{"@id":"https:\/\/newsinfoco.com.br\/inicio\/#organization"},"image":{"@type":"ImageObject","url":"https:\/\/newsinfoco.com.br\/inicio\/wp-content\/uploads\/2023\/05\/essa.png","width":714,"height":487},"datePublished":"2023-05-15T18:26:21-03:00","dateModified":"2023-05-15T18:26:21-03:00","inLanguage":"pt-BR","mainEntityOfPage":{"@id":"https:\/\/newsinfoco.com.br\/inicio\/campanha-faca-bonito-combate-o-abuso-e-a-exploracao-sexual-de-criancas-e-adolescentes\/#webpage"},"isPartOf":{"@id":"https:\/\/newsinfoco.com.br\/inicio\/campanha-faca-bonito-combate-o-abuso-e-a-exploracao-sexual-de-criancas-e-adolescentes\/#webpage"},"articleSection":"Alagoinhas e Regi\u00e3o, Manchete"},{"@type":"BreadcrumbList","@id":"https:\/\/newsinfoco.com.br\/inicio\/campanha-faca-bonito-combate-o-abuso-e-a-exploracao-sexual-de-criancas-e-adolescentes\/#breadcrumblist","itemListElement":[{"@type":"ListItem","@id":"https:\/\/newsinfoco.com.br\/inicio#listItem","position":1,"name":"In\u00edcio","item":"https:\/\/newsinfoco.com.br\/inicio","nextItem":{"@type":"ListItem","@id":"https:\/\/newsinfoco.com.br\/inicio\/category\/alagoinhas-e-regiao\/#listItem","name":"Alagoinhas e Regi\u00e3o"}},{"@type":"ListItem","@id":"https:\/\/newsinfoco.com.br\/inicio\/category\/alagoinhas-e-regiao\/#listItem","position":2,"name":"Alagoinhas e Regi\u00e3o","item":"https:\/\/newsinfoco.com.br\/inicio\/category\/alagoinhas-e-regiao\/","nextItem":{"@type":"ListItem","@id":"https:\/\/newsinfoco.com.br\/inicio\/campanha-faca-bonito-combate-o-abuso-e-a-exploracao-sexual-de-criancas-e-adolescentes\/#listItem","name":"Campanha Fa\u00e7a Bonito combate o Abuso e a Explora\u00e7\u00e3o Sexual de Crian\u00e7as e Adolescentes"},"previousItem":{"@type":"ListItem","@id":"https:\/\/newsinfoco.com.br\/inicio#listItem","name":"In\u00edcio"}},{"@type":"ListItem","@id":"https:\/\/newsinfoco.com.br\/inicio\/campanha-faca-bonito-combate-o-abuso-e-a-exploracao-sexual-de-criancas-e-adolescentes\/#listItem","position":3,"name":"Campanha Fa\u00e7a Bonito combate o Abuso e a Explora\u00e7\u00e3o Sexual de Crian\u00e7as e Adolescentes","previousItem":{"@type":"ListItem","@id":"https:\/\/newsinfoco.com.br\/inicio\/category\/alagoinhas-e-regiao\/#listItem","name":"Alagoinhas e Regi\u00e3o"}}]},{"@type":"Organization","@id":"https:\/\/newsinfoco.com.br\/inicio\/#organization","name":"News In Foco - Editado por Caio Pimenta","description":"O principal site de noticias de Alagoinhas e regi\u00e3o","url":"https:\/\/newsinfoco.com.br\/inicio\/"},{"@type":"Person","@id":"https:\/\/newsinfoco.com.br\/inicio\/author\/administrador\/#author","url":"https:\/\/newsinfoco.com.br\/inicio\/author\/administrador\/","name":"administrador","image":{"@type":"ImageObject","@id":"https:\/\/newsinfoco.com.br\/inicio\/campanha-faca-bonito-combate-o-abuso-e-a-exploracao-sexual-de-criancas-e-adolescentes\/#authorImage","url":"https:\/\/secure.gravatar.com\/avatar\/c17a617433de8c1dc9584bb79aab7563b46f5bb7e1728c9b17d9cc3ce6a08e49?s=96&d=mm&r=g","width":96,"height":96,"caption":"administrador"}},{"@type":"WebPage","@id":"https:\/\/newsinfoco.com.br\/inicio\/campanha-faca-bonito-combate-o-abuso-e-a-exploracao-sexual-de-criancas-e-adolescentes\/#webpage","url":"https:\/\/newsinfoco.com.br\/inicio\/campanha-faca-bonito-combate-o-abuso-e-a-exploracao-sexual-de-criancas-e-adolescentes\/","name":"Campanha Fa\u00e7a Bonito combate o Abuso e a Explora\u00e7\u00e3o Sexual de Crian\u00e7as e Adolescentes - News In Foco - Editado por Caio Pimenta","description":"Entre os dias 15 e 18 de Maio, a Prefeitura de Alagoinhas, por meio da Secretaria Municipal de Assist\u00eancia Social (SEMAS), realiza a campanha Fa\u00e7a Bonito. A finalidade \u00e9 chamar a aten\u00e7\u00e3o da sociedade para assumir a responsabilidade de prevenir e combater o problema do abuso e da explora\u00e7\u00e3o sexual contra crian\u00e7as e adolescentes .","inLanguage":"pt-BR","isPartOf":{"@id":"https:\/\/newsinfoco.com.br\/inicio\/#website"},"breadcrumb":{"@id":"https:\/\/newsinfoco.com.br\/inicio\/campanha-faca-bonito-combate-o-abuso-e-a-exploracao-sexual-de-criancas-e-adolescentes\/#breadcrumblist"},"author":{"@id":"https:\/\/newsinfoco.com.br\/inicio\/author\/administrador\/#author"},"creator":{"@id":"https:\/\/newsinfoco.com.br\/inicio\/author\/administrador\/#author"},"image":{"@type":"ImageObject","url":"https:\/\/newsinfoco.com.br\/inicio\/wp-content\/uploads\/2023\/05\/essa.png","@id":"https:\/\/newsinfoco.com.br\/inicio\/campanha-faca-bonito-combate-o-abuso-e-a-exploracao-sexual-de-criancas-e-adolescentes\/#mainImage","width":714,"height":487},"primaryImageOfPage":{"@id":"https:\/\/newsinfoco.com.br\/inicio\/campanha-faca-bonito-combate-o-abuso-e-a-exploracao-sexual-de-criancas-e-adolescentes\/#mainImage"},"datePublished":"2023-05-15T18:26:21-03:00","dateModified":"2023-05-15T18:26:21-03:00"},{"@type":"WebSite","@id":"https:\/\/newsinfoco.com.br\/inicio\/#website","url":"https:\/\/newsinfoco.com.br\/inicio\/","name":"News In Foco - Editado por Caio Pimenta","description":"O principal site de noticias de Alagoinhas e regi\u00e3o","inLanguage":"pt-BR","publisher":{"@id":"https:\/\/newsinfoco.com.br\/inicio\/#organization"}}]},"og:locale":"pt_BR","og:site_name":"News In Foco - Editado por Caio Pimenta - O principal site de noticias de Alagoinhas e regi\u00e3o","og:type":"article","og:title":"Campanha Fa\u00e7a Bonito combate o Abuso e a Explora\u00e7\u00e3o Sexual de Crian\u00e7as e Adolescentes - News In Foco - Editado por Caio Pimenta","og:description":"Entre os dias 15 e 18 de Maio, a Prefeitura de Alagoinhas, por meio da Secretaria Municipal de Assist\u00eancia Social (SEMAS), realiza a campanha Fa\u00e7a Bonito. A finalidade \u00e9 chamar a aten\u00e7\u00e3o da sociedade para assumir a responsabilidade de prevenir e combater o problema do abuso e da explora\u00e7\u00e3o sexual contra crian\u00e7as e adolescentes .","og:url":"https:\/\/newsinfoco.com.br\/inicio\/campanha-faca-bonito-combate-o-abuso-e-a-exploracao-sexual-de-criancas-e-adolescentes\/","article:published_time":"2023-05-15T21:26:21+00:00","article:modified_time":"2023-05-15T21:26:21+00:00","twitter:card":"summary_large_image","twitter:title":"Campanha Fa\u00e7a Bonito combate o Abuso e a Explora\u00e7\u00e3o Sexual de Crian\u00e7as e Adolescentes - News In Foco - Editado por Caio Pimenta","twitter:description":"Entre os dias 15 e 18 de Maio, a Prefeitura de Alagoinhas, por meio da Secretaria Municipal de Assist\u00eancia Social (SEMAS), realiza a campanha Fa\u00e7a Bonito. A finalidade \u00e9 chamar a aten\u00e7\u00e3o da sociedade para assumir a responsabilidade de prevenir e combater o problema do abuso e da explora\u00e7\u00e3o sexual contra crian\u00e7as e adolescentes ."},"aioseo_meta_data":{"post_id":"33966","title":null,"description":null,"keywords":null,"keyphrases":null,"primary_term":null,"canonical_url":null,"og_title":null,"og_description":null,"og_object_type":"default","og_image_type":"default","og_image_url":null,"og_image_width":null,"og_image_height":null,"og_image_custom_url":null,"og_image_custom_fields":null,"og_video":null,"og_custom_url":null,"og_article_section":null,"og_article_tags":null,"twitter_use_og":false,"twitter_card":"default","twitter_image_type":"default","twitter_image_url":null,"twitter_image_custom_url":null,"twitter_image_custom_fields":null,"twitter_title":null,"twitter_description":null,"schema":{"blockGraphs":[],"customGraphs":[],"default":{"data":{"Article":[],"Course":[],"Dataset":[],"FAQPage":[],"Movie":[],"Person":[],"Product":[],"ProductReview":[],"Car":[],"Recipe":[],"Service":[],"SoftwareApplication":[],"WebPage":[]},"graphName":"","isEnabled":true},"graphs":[]},"schema_type":"default","schema_type_options":null,"pillar_content":false,"robots_default":true,"robots_noindex":false,"robots_noarchive":false,"robots_nosnippet":false,"robots_nofollow":false,"robots_noimageindex":false,"robots_noodp":false,"robots_notranslate":false,"robots_max_snippet":null,"robots_max_videopreview":null,"robots_max_imagepreview":"large","priority":null,"frequency":null,"local_seo":null,"breadcrumb_settings":null,"limit_modified_date":false,"ai":null,"created":"2023-06-12 23:25:46","updated":"2025-07-11 09:42:46","seo_analyzer_scan_date":null},"aioseo_breadcrumb":"<div class=\"aioseo-breadcrumbs\"><span class=\"aioseo-breadcrumb\">\n\t\t\t<a href=\"https:\/\/newsinfoco.com.br\/inicio\" title=\"In\u00edcio\">In\u00edcio<\/a>\n\t\t<\/span><span class=\"aioseo-breadcrumb-separator\">&raquo;<\/span><span class=\"aioseo-breadcrumb\">\n\t\t\t<a href=\"https:\/\/newsinfoco.com.br\/inicio\/category\/alagoinhas-e-regiao\/\" title=\"Alagoinhas e Regi\u00e3o\">Alagoinhas e Regi\u00e3o<\/a>\n\t\t<\/span><span class=\"aioseo-breadcrumb-separator\">&raquo;<\/span><span class=\"aioseo-breadcrumb\">\n\t\t\tCampanha Fa\u00e7a Bonito combate o Abuso e a Explora\u00e7\u00e3o Sexual de Crian\u00e7as e Adolescentes\n\t\t<\/span><\/div>","aioseo_breadcrumb_json":[{"label":"In\u00edcio","link":"https:\/\/newsinfoco.com.br\/inicio"},{"label":"Alagoinhas e Regi\u00e3o","link":"https:\/\/newsinfoco.com.br\/inicio\/category\/alagoinhas-e-regiao\/"},{"label":"Campanha Fa\u00e7a Bonito combate o Abuso e a Explora\u00e7\u00e3o Sexual de Crian\u00e7as e Adolescentes","link":"https:\/\/newsinfoco.com.br\/inicio\/campanha-faca-bonito-combate-o-abuso-e-a-exploracao-sexual-de-criancas-e-adolescentes\/"}],"_links":{"self":[{"href":"https:\/\/newsinfoco.com.br\/inicio\/wp-json\/wp\/v2\/posts\/33966","targetHints":{"allow":["GET"]}}],"collection":[{"href":"https:\/\/newsinfoco.com.br\/inicio\/wp-json\/wp\/v2\/posts"}],"about":[{"href":"https:\/\/newsinfoco.com.br\/inicio\/wp-json\/wp\/v2\/types\/post"}],"author":[{"embeddable":true,"href":"https:\/\/newsinfoco.com.br\/inicio\/wp-json\/wp\/v2\/users\/1"}],"replies":[{"embeddable":true,"href":"https:\/\/newsinfoco.com.br\/inicio\/wp-json\/wp\/v2\/comments?post=33966"}],"version-history":[{"count":1,"href":"https:\/\/newsinfoco.com.br\/inicio\/wp-json\/wp\/v2\/posts\/33966\/revisions"}],"predecessor-version":[{"id":33968,"href":"https:\/\/newsinfoco.com.br\/inicio\/wp-json\/wp\/v2\/posts\/33966\/revisions\/33968"}],"wp:featuredmedia":[{"embeddable":true,"href":"https:\/\/newsinfoco.com.br\/inicio\/wp-json\/wp\/v2\/media\/33967"}],"wp:attachment":[{"href":"https:\/\/newsinfoco.com.br\/inicio\/wp-json\/wp\/v2\/media?parent=33966"}],"wp:term":[{"taxonomy":"category","embeddable":true,"href":"https:\/\/newsinfoco.com.br\/inicio\/wp-json\/wp\/v2\/categories?post=33966"},{"taxonomy":"post_tag","embeddable":true,"href":"https:\/\/newsinfoco.com.br\/inicio\/wp-json\/wp\/v2\/tags?post=33966"}],"curies":[{"name":"wp","href":"https:\/\/api.w.org\/{rel}","templated":true}]}}