{"id":33972,"date":"2023-05-15T18:32:35","date_gmt":"2023-05-15T21:32:35","guid":{"rendered":"https:\/\/newsinfoco.com.br\/inicio\/?p=33972"},"modified":"2023-05-15T18:32:35","modified_gmt":"2023-05-15T21:32:35","slug":"sao-joao-de-alagoinhas-confira-a-programacao-e-as-atracoes-da-festa-de-2023","status":"publish","type":"post","link":"https:\/\/newsinfoco.com.br\/inicio\/sao-joao-de-alagoinhas-confira-a-programacao-e-as-atracoes-da-festa-de-2023\/","title":{"rendered":"S\u00e3o Jo\u00e3o de Alagoinhas: confira a programa\u00e7\u00e3o e as atra\u00e7\u00f5es da festa de 2023"},"content":{"rendered":"<p>Com a aproxima\u00e7\u00e3o do per\u00edodo junino, cresce a expectativa dos moradores de Alagoinhas e dos turistas que planejam visitar a cidade na \u00e9poca mais festiva do ano. A Prefeitura Municipal, por meio da Secretaria de Cultura, Esporte e Turismo (SECET), empenhada em promover uma grande festa, que atenda a v\u00e1rios gostos e valorize as tradi\u00e7\u00f5es nordestinas, apresenta a programa\u00e7\u00e3o do S\u00e3o Jo\u00e3o de Alagoinhas 2023.<\/p>\n<h4>Circuito Oficial<\/h4>\n<p>O Circuito\u00a0Oficial, que tradicionalmente acontece na avenida Joseph Wagner, incluir\u00e1 grandes nomes do cen\u00e1rio art\u00edstico nacional e tamb\u00e9m bandas e artistas regionais e locais. Contando com uma megaestrutura para receber as apresenta\u00e7\u00f5es, o Circuito Oficial ocorrer\u00e1 nos dias 23, 24 e 25 de junho. Entre as atra\u00e7\u00f5es confirmadas est\u00e3o Matheus e Kauan, M\u00e1rcia Felipe, Caviar com Rapadura, Toquedez e Unha Pintada. O evento contar\u00e1 ainda com shows de Cida Pitaya, Xotemania, Marcinho Sensa\u00e7\u00e3o, Z\u00e9 Ribeiro, Orquestra Sanf\u00f4nica, Paroara do Acordeon, Deni Junior (Xinelo Baiano) e Aline Fernandes (Can\u00e1rios do Reino).<\/p>\n<h4>Outras Atra\u00e7\u00f5es<\/h4>\n<p>Indo al\u00e9m da festa no Circuito Oficial, os festejos juninos come\u00e7am no dia 12 de junho, com o Trem do Forr\u00f3, que sair\u00e1 da Esta\u00e7\u00e3o S\u00e3o Francisco a partir das 9h, com muita anima\u00e7\u00e3o e arrasta-p\u00e9, se estendendo at\u00e9 o dia 14. Esta edi\u00e7\u00e3o do Trem do Forr\u00f3 tem um significado ainda maior, pois tamb\u00e9m celebra o anivers\u00e1rio de 160 anos da ferrovia do munic\u00edpio. Essa iniciativa ganhou destaque, em S\u00e3o Paulo, por parte do Governo da Bahia durante o\u00a0Experi\u00eancia Brasil, evento organizado pela Secretaria de Turismo da Bahia para promover S\u00e3o Jo\u00e3o baiano fora do estado. Na ocasi\u00e3o, o Trem do Forr\u00f3 foi reconhecido como uma louva\u00e7\u00e3o \u00e0 hist\u00f3ria, \u00e0 gente e \u00e0 cultura de Alagoinhas e regi\u00e3o.<\/p>\n<p>No dia 13, a programa\u00e7\u00e3o segue com o encerramento\u00a0da Trezena de Santo Ant\u00f4nio,\u00a0com a tradicional prociss\u00e3o.\u00a0Entre os dias 16 e 20 de junho, na pra\u00e7a da Bandeira, acontece a Vila de Santo Ant\u00f4nio da Lagoinha, com apresenta\u00e7\u00f5es de bandas locais e regionais, a partir das 19h, em frente ao Mercado do Artes\u00e3o.<\/p>\n<p>O\u00a0S\u00e3o Jo\u00e3o nos distritos de Boa Uni\u00e3o e Riacho da Guia tamb\u00e9m j\u00e1 tem data marcada para acontecer. Nos dias 23 e 24 as comunidades da zona rural poder\u00e3o curtir shows diversos, com toda seguran\u00e7a e comodidade. O povoado de Estev\u00e3o tamb\u00e9m receber\u00e1 as atra\u00e7\u00f5es da SECET. J\u00e1 nos dias 21 e 22, ser\u00e1 a vez de quem curte outros estilos musicais usufru\u00edrem do S\u00e3o Jo\u00e3o Alternativo, no Mercado do Artes\u00e3o, com bandas de rock, reggae e rap.\u00a0O Casamento Matuto, as Quadrilhas, as Alvoradas e o Forr\u00f3 P\u00e9 de Serra estar\u00e3o espalhados por toda a zona urbana e zona rural de Alagoinhas.<\/p>\n<p>Mas\u00a0os festejos juninos de\u00a02023 n\u00e3o acabam por a\u00ed! A celebra\u00e7\u00e3o se estende at\u00e9 o dia de S\u00e3o Pedro, 30 de junho, em Boa Uni\u00e3o, no Riacho da Guia e no povoado da Calu, que tem este Santo como Padroeiro.<\/p>\n<h4>Programa\u00e7\u00e3o<\/h4>\n<p>Confira as datas de cada atra\u00e7\u00e3o no Circuito Oficial:<\/p>\n<p><strong>Dia 23\/06<\/strong><\/p>\n<p>Cida Pitaya<br \/>\nXotemania<br \/>\nMarcinho Sensa\u00e7\u00e3o<br \/>\nUnha Pintada<\/p>\n<p><strong>Dia 24\/06<\/strong><\/p>\n<p>Z\u00e9 Ribeiro<br \/>\nOrquestra Sanf\u00f4nica<br \/>\nCaviar com Rapadura<br \/>\nParoara do Acordeon<br \/>\nMatheus e Kauan<\/p>\n<p><strong>Dia 25\/06<\/strong><\/p>\n<p>Deni Junior (Xinelo Baiano)<br \/>\nAline Fernandes (Can\u00e1rios do Reino)<br \/>\nToquedez<br \/>\nMarcia Felipe<\/p>\n<div class='share-to-whatsapp-wrapper'><div class='share-on-whsp'>Share on: <\/div><a data-text='S\u00e3o Jo\u00e3o de Alagoinhas: confira a programa\u00e7\u00e3o e as atra\u00e7\u00f5es da festa de 2023' data-link='https:\/\/newsinfoco.com.br\/inicio\/sao-joao-de-alagoinhas-confira-a-programacao-e-as-atracoes-da-festa-de-2023\/' class='whatsapp-button whatsapp-share'>WhatsApp<\/a><div class='clear '><\/div><\/div>","protected":false},"excerpt":{"rendered":"<p>Com a aproxima\u00e7\u00e3o do per\u00edodo junino, cresce a expectativa dos moradores de Alagoinhas e dos turistas que planejam visitar a cidade na \u00e9poca mais festiva do ano. A Prefeitura Municipal, por meio da Secretaria de Cultura, Esporte e Turismo (SECET), empenhada em promover uma grande festa, que atenda a v\u00e1rios gostos e valorize as tradi\u00e7\u00f5es [&hellip;]<\/p>\n","protected":false},"author":1,"featured_media":33973,"comment_status":"closed","ping_status":"closed","sticky":false,"template":"","format":"standard","meta":{"om_disable_all_campaigns":false,"rop_custom_images_group":[],"rop_custom_messages_group":[],"rop_publish_now":"initial","rop_publish_now_accounts":[],"rop_publish_now_history":[],"rop_publish_now_status":"pending","_exactmetrics_skip_tracking":false,"footnotes":""},"categories":[38,167],"tags":[],"class_list":["post-33972","post","type-post","status-publish","format-standard","has-post-thumbnail","hentry","category-alagoinhas-e-regiao","category-exclusivas"],"aioseo_notices":[],"aioseo_head":"\n\t\t<!-- All in One SEO 4.9.10 - aioseo.com -->\n\t<meta name=\"description\" content=\"Com a aproxima\u00e7\u00e3o do per\u00edodo junino, cresce a expectativa dos moradores de Alagoinhas e dos turistas que planejam visitar a cidade na \u00e9poca mais festiva do ano. A Prefeitura Municipal, por meio da Secretaria de Cultura, Esporte e Turismo (SECET), empenhada em promover uma grande festa, que atenda a v\u00e1rios gostos e valorize as tradi\u00e7\u00f5es\" \/>\n\t<meta name=\"robots\" content=\"max-image-preview:large\" \/>\n\t<meta name=\"author\" content=\"administrador\"\/>\n\t<link rel=\"canonical\" href=\"https:\/\/newsinfoco.com.br\/inicio\/sao-joao-de-alagoinhas-confira-a-programacao-e-as-atracoes-da-festa-de-2023\/\" \/>\n\t<meta name=\"generator\" content=\"All in One SEO (AIOSEO) 4.9.10\" \/>\n\t\t<meta property=\"og:locale\" content=\"pt_BR\" \/>\n\t\t<meta property=\"og:site_name\" content=\"News In Foco - Editado por Caio Pimenta - O principal site de noticias de Alagoinhas e regi\u00e3o\" \/>\n\t\t<meta property=\"og:type\" content=\"article\" \/>\n\t\t<meta property=\"og:title\" content=\"S\u00e3o Jo\u00e3o de Alagoinhas: confira a programa\u00e7\u00e3o e as atra\u00e7\u00f5es da festa de 2023 - News In Foco - Editado por Caio Pimenta\" \/>\n\t\t<meta property=\"og:description\" content=\"Com a aproxima\u00e7\u00e3o do per\u00edodo junino, cresce a expectativa dos moradores de Alagoinhas e dos turistas que planejam visitar a cidade na \u00e9poca mais festiva do ano. A Prefeitura Municipal, por meio da Secretaria de Cultura, Esporte e Turismo (SECET), empenhada em promover uma grande festa, que atenda a v\u00e1rios gostos e valorize as tradi\u00e7\u00f5es\" \/>\n\t\t<meta property=\"og:url\" content=\"https:\/\/newsinfoco.com.br\/inicio\/sao-joao-de-alagoinhas-confira-a-programacao-e-as-atracoes-da-festa-de-2023\/\" \/>\n\t\t<meta property=\"article:published_time\" content=\"2023-05-15T21:32:35+00:00\" \/>\n\t\t<meta property=\"article:modified_time\" content=\"2023-05-15T21:32:35+00:00\" \/>\n\t\t<meta name=\"twitter:card\" content=\"summary_large_image\" \/>\n\t\t<meta name=\"twitter:title\" content=\"S\u00e3o Jo\u00e3o de Alagoinhas: confira a programa\u00e7\u00e3o e as atra\u00e7\u00f5es da festa de 2023 - News In Foco - Editado por Caio Pimenta\" \/>\n\t\t<meta name=\"twitter:description\" content=\"Com a aproxima\u00e7\u00e3o do per\u00edodo junino, cresce a expectativa dos moradores de Alagoinhas e dos turistas que planejam visitar a cidade na \u00e9poca mais festiva do ano. A Prefeitura Municipal, por meio da Secretaria de Cultura, Esporte e Turismo (SECET), empenhada em promover uma grande festa, que atenda a v\u00e1rios gostos e valorize as tradi\u00e7\u00f5es\" \/>\n\t\t<script type=\"application\/ld+json\" class=\"aioseo-schema\">\n\t\t\t{\"@context\":\"https:\\\/\\\/schema.org\",\"@graph\":[{\"@type\":\"BlogPosting\",\"@id\":\"https:\\\/\\\/newsinfoco.com.br\\\/inicio\\\/sao-joao-de-alagoinhas-confira-a-programacao-e-as-atracoes-da-festa-de-2023\\\/#blogposting\",\"name\":\"S\\u00e3o Jo\\u00e3o de Alagoinhas: confira a programa\\u00e7\\u00e3o e as atra\\u00e7\\u00f5es da festa de 2023 - News In Foco - Editado por Caio Pimenta\",\"headline\":\"S\\u00e3o Jo\\u00e3o de Alagoinhas: confira a programa\\u00e7\\u00e3o e as atra\\u00e7\\u00f5es da festa de 2023\",\"author\":{\"@id\":\"https:\\\/\\\/newsinfoco.com.br\\\/inicio\\\/author\\\/administrador\\\/#author\"},\"publisher\":{\"@id\":\"https:\\\/\\\/newsinfoco.com.br\\\/inicio\\\/#organization\"},\"image\":{\"@type\":\"ImageObject\",\"url\":\"https:\\\/\\\/newsinfoco.com.br\\\/inicio\\\/wp-content\\\/uploads\\\/2023\\\/05\\\/WhatsApp-Image-2023-05-15-at-07.06.11.jpeg\",\"width\":520,\"height\":360},\"datePublished\":\"2023-05-15T18:32:35-03:00\",\"dateModified\":\"2023-05-15T18:32:35-03:00\",\"inLanguage\":\"pt-BR\",\"mainEntityOfPage\":{\"@id\":\"https:\\\/\\\/newsinfoco.com.br\\\/inicio\\\/sao-joao-de-alagoinhas-confira-a-programacao-e-as-atracoes-da-festa-de-2023\\\/#webpage\"},\"isPartOf\":{\"@id\":\"https:\\\/\\\/newsinfoco.com.br\\\/inicio\\\/sao-joao-de-alagoinhas-confira-a-programacao-e-as-atracoes-da-festa-de-2023\\\/#webpage\"},\"articleSection\":\"Alagoinhas e Regi\\u00e3o, Manchete\"},{\"@type\":\"BreadcrumbList\",\"@id\":\"https:\\\/\\\/newsinfoco.com.br\\\/inicio\\\/sao-joao-de-alagoinhas-confira-a-programacao-e-as-atracoes-da-festa-de-2023\\\/#breadcrumblist\",\"itemListElement\":[{\"@type\":\"ListItem\",\"@id\":\"https:\\\/\\\/newsinfoco.com.br\\\/inicio#listItem\",\"position\":1,\"name\":\"In\\u00edcio\",\"item\":\"https:\\\/\\\/newsinfoco.com.br\\\/inicio\",\"nextItem\":{\"@type\":\"ListItem\",\"@id\":\"https:\\\/\\\/newsinfoco.com.br\\\/inicio\\\/category\\\/alagoinhas-e-regiao\\\/#listItem\",\"name\":\"Alagoinhas e Regi\\u00e3o\"}},{\"@type\":\"ListItem\",\"@id\":\"https:\\\/\\\/newsinfoco.com.br\\\/inicio\\\/category\\\/alagoinhas-e-regiao\\\/#listItem\",\"position\":2,\"name\":\"Alagoinhas e Regi\\u00e3o\",\"item\":\"https:\\\/\\\/newsinfoco.com.br\\\/inicio\\\/category\\\/alagoinhas-e-regiao\\\/\",\"nextItem\":{\"@type\":\"ListItem\",\"@id\":\"https:\\\/\\\/newsinfoco.com.br\\\/inicio\\\/sao-joao-de-alagoinhas-confira-a-programacao-e-as-atracoes-da-festa-de-2023\\\/#listItem\",\"name\":\"S\\u00e3o Jo\\u00e3o de Alagoinhas: confira a programa\\u00e7\\u00e3o e as atra\\u00e7\\u00f5es da festa de 2023\"},\"previousItem\":{\"@type\":\"ListItem\",\"@id\":\"https:\\\/\\\/newsinfoco.com.br\\\/inicio#listItem\",\"name\":\"In\\u00edcio\"}},{\"@type\":\"ListItem\",\"@id\":\"https:\\\/\\\/newsinfoco.com.br\\\/inicio\\\/sao-joao-de-alagoinhas-confira-a-programacao-e-as-atracoes-da-festa-de-2023\\\/#listItem\",\"position\":3,\"name\":\"S\\u00e3o Jo\\u00e3o de Alagoinhas: confira a programa\\u00e7\\u00e3o e as atra\\u00e7\\u00f5es da festa de 2023\",\"previousItem\":{\"@type\":\"ListItem\",\"@id\":\"https:\\\/\\\/newsinfoco.com.br\\\/inicio\\\/category\\\/alagoinhas-e-regiao\\\/#listItem\",\"name\":\"Alagoinhas e Regi\\u00e3o\"}}]},{\"@type\":\"Organization\",\"@id\":\"https:\\\/\\\/newsinfoco.com.br\\\/inicio\\\/#organization\",\"name\":\"News In Foco - Editado por Caio Pimenta\",\"description\":\"O principal site de noticias de Alagoinhas e regi\\u00e3o\",\"url\":\"https:\\\/\\\/newsinfoco.com.br\\\/inicio\\\/\"},{\"@type\":\"Person\",\"@id\":\"https:\\\/\\\/newsinfoco.com.br\\\/inicio\\\/author\\\/administrador\\\/#author\",\"url\":\"https:\\\/\\\/newsinfoco.com.br\\\/inicio\\\/author\\\/administrador\\\/\",\"name\":\"administrador\",\"image\":{\"@type\":\"ImageObject\",\"@id\":\"https:\\\/\\\/newsinfoco.com.br\\\/inicio\\\/sao-joao-de-alagoinhas-confira-a-programacao-e-as-atracoes-da-festa-de-2023\\\/#authorImage\",\"url\":\"https:\\\/\\\/secure.gravatar.com\\\/avatar\\\/c17a617433de8c1dc9584bb79aab7563b46f5bb7e1728c9b17d9cc3ce6a08e49?s=96&d=mm&r=g\",\"width\":96,\"height\":96,\"caption\":\"administrador\"}},{\"@type\":\"WebPage\",\"@id\":\"https:\\\/\\\/newsinfoco.com.br\\\/inicio\\\/sao-joao-de-alagoinhas-confira-a-programacao-e-as-atracoes-da-festa-de-2023\\\/#webpage\",\"url\":\"https:\\\/\\\/newsinfoco.com.br\\\/inicio\\\/sao-joao-de-alagoinhas-confira-a-programacao-e-as-atracoes-da-festa-de-2023\\\/\",\"name\":\"S\\u00e3o Jo\\u00e3o de Alagoinhas: confira a programa\\u00e7\\u00e3o e as atra\\u00e7\\u00f5es da festa de 2023 - News In Foco - Editado por Caio Pimenta\",\"description\":\"Com a aproxima\\u00e7\\u00e3o do per\\u00edodo junino, cresce a expectativa dos moradores de Alagoinhas e dos turistas que planejam visitar a cidade na \\u00e9poca mais festiva do ano. A Prefeitura Municipal, por meio da Secretaria de Cultura, Esporte e Turismo (SECET), empenhada em promover uma grande festa, que atenda a v\\u00e1rios gostos e valorize as tradi\\u00e7\\u00f5es\",\"inLanguage\":\"pt-BR\",\"isPartOf\":{\"@id\":\"https:\\\/\\\/newsinfoco.com.br\\\/inicio\\\/#website\"},\"breadcrumb\":{\"@id\":\"https:\\\/\\\/newsinfoco.com.br\\\/inicio\\\/sao-joao-de-alagoinhas-confira-a-programacao-e-as-atracoes-da-festa-de-2023\\\/#breadcrumblist\"},\"author\":{\"@id\":\"https:\\\/\\\/newsinfoco.com.br\\\/inicio\\\/author\\\/administrador\\\/#author\"},\"creator\":{\"@id\":\"https:\\\/\\\/newsinfoco.com.br\\\/inicio\\\/author\\\/administrador\\\/#author\"},\"image\":{\"@type\":\"ImageObject\",\"url\":\"https:\\\/\\\/newsinfoco.com.br\\\/inicio\\\/wp-content\\\/uploads\\\/2023\\\/05\\\/WhatsApp-Image-2023-05-15-at-07.06.11.jpeg\",\"@id\":\"https:\\\/\\\/newsinfoco.com.br\\\/inicio\\\/sao-joao-de-alagoinhas-confira-a-programacao-e-as-atracoes-da-festa-de-2023\\\/#mainImage\",\"width\":520,\"height\":360},\"primaryImageOfPage\":{\"@id\":\"https:\\\/\\\/newsinfoco.com.br\\\/inicio\\\/sao-joao-de-alagoinhas-confira-a-programacao-e-as-atracoes-da-festa-de-2023\\\/#mainImage\"},\"datePublished\":\"2023-05-15T18:32:35-03:00\",\"dateModified\":\"2023-05-15T18:32:35-03:00\"},{\"@type\":\"WebSite\",\"@id\":\"https:\\\/\\\/newsinfoco.com.br\\\/inicio\\\/#website\",\"url\":\"https:\\\/\\\/newsinfoco.com.br\\\/inicio\\\/\",\"name\":\"News In Foco - Editado por Caio Pimenta\",\"description\":\"O principal site de noticias de Alagoinhas e regi\\u00e3o\",\"inLanguage\":\"pt-BR\",\"publisher\":{\"@id\":\"https:\\\/\\\/newsinfoco.com.br\\\/inicio\\\/#organization\"}}]}\n\t\t<\/script>\n\t\t<!-- All in One SEO -->\n\n","aioseo_head_json":{"title":"S\u00e3o Jo\u00e3o de Alagoinhas: confira a programa\u00e7\u00e3o e as atra\u00e7\u00f5es da festa de 2023 - News In Foco - Editado por Caio Pimenta","description":"Com a aproxima\u00e7\u00e3o do per\u00edodo junino, cresce a expectativa dos moradores de Alagoinhas e dos turistas que planejam visitar a cidade na \u00e9poca mais festiva do ano. A Prefeitura Municipal, por meio da Secretaria de Cultura, Esporte e Turismo (SECET), empenhada em promover uma grande festa, que atenda a v\u00e1rios gostos e valorize as tradi\u00e7\u00f5es","canonical_url":"https:\/\/newsinfoco.com.br\/inicio\/sao-joao-de-alagoinhas-confira-a-programacao-e-as-atracoes-da-festa-de-2023\/","robots":"max-image-preview:large","keywords":"","webmasterTools":{"miscellaneous":""},"schema":{"@context":"https:\/\/schema.org","@graph":[{"@type":"BlogPosting","@id":"https:\/\/newsinfoco.com.br\/inicio\/sao-joao-de-alagoinhas-confira-a-programacao-e-as-atracoes-da-festa-de-2023\/#blogposting","name":"S\u00e3o Jo\u00e3o de Alagoinhas: confira a programa\u00e7\u00e3o e as atra\u00e7\u00f5es da festa de 2023 - News In Foco - Editado por Caio Pimenta","headline":"S\u00e3o Jo\u00e3o de Alagoinhas: confira a programa\u00e7\u00e3o e as atra\u00e7\u00f5es da festa de 2023","author":{"@id":"https:\/\/newsinfoco.com.br\/inicio\/author\/administrador\/#author"},"publisher":{"@id":"https:\/\/newsinfoco.com.br\/inicio\/#organization"},"image":{"@type":"ImageObject","url":"https:\/\/newsinfoco.com.br\/inicio\/wp-content\/uploads\/2023\/05\/WhatsApp-Image-2023-05-15-at-07.06.11.jpeg","width":520,"height":360},"datePublished":"2023-05-15T18:32:35-03:00","dateModified":"2023-05-15T18:32:35-03:00","inLanguage":"pt-BR","mainEntityOfPage":{"@id":"https:\/\/newsinfoco.com.br\/inicio\/sao-joao-de-alagoinhas-confira-a-programacao-e-as-atracoes-da-festa-de-2023\/#webpage"},"isPartOf":{"@id":"https:\/\/newsinfoco.com.br\/inicio\/sao-joao-de-alagoinhas-confira-a-programacao-e-as-atracoes-da-festa-de-2023\/#webpage"},"articleSection":"Alagoinhas e Regi\u00e3o, Manchete"},{"@type":"BreadcrumbList","@id":"https:\/\/newsinfoco.com.br\/inicio\/sao-joao-de-alagoinhas-confira-a-programacao-e-as-atracoes-da-festa-de-2023\/#breadcrumblist","itemListElement":[{"@type":"ListItem","@id":"https:\/\/newsinfoco.com.br\/inicio#listItem","position":1,"name":"In\u00edcio","item":"https:\/\/newsinfoco.com.br\/inicio","nextItem":{"@type":"ListItem","@id":"https:\/\/newsinfoco.com.br\/inicio\/category\/alagoinhas-e-regiao\/#listItem","name":"Alagoinhas e Regi\u00e3o"}},{"@type":"ListItem","@id":"https:\/\/newsinfoco.com.br\/inicio\/category\/alagoinhas-e-regiao\/#listItem","position":2,"name":"Alagoinhas e Regi\u00e3o","item":"https:\/\/newsinfoco.com.br\/inicio\/category\/alagoinhas-e-regiao\/","nextItem":{"@type":"ListItem","@id":"https:\/\/newsinfoco.com.br\/inicio\/sao-joao-de-alagoinhas-confira-a-programacao-e-as-atracoes-da-festa-de-2023\/#listItem","name":"S\u00e3o Jo\u00e3o de Alagoinhas: confira a programa\u00e7\u00e3o e as atra\u00e7\u00f5es da festa de 2023"},"previousItem":{"@type":"ListItem","@id":"https:\/\/newsinfoco.com.br\/inicio#listItem","name":"In\u00edcio"}},{"@type":"ListItem","@id":"https:\/\/newsinfoco.com.br\/inicio\/sao-joao-de-alagoinhas-confira-a-programacao-e-as-atracoes-da-festa-de-2023\/#listItem","position":3,"name":"S\u00e3o Jo\u00e3o de Alagoinhas: confira a programa\u00e7\u00e3o e as atra\u00e7\u00f5es da festa de 2023","previousItem":{"@type":"ListItem","@id":"https:\/\/newsinfoco.com.br\/inicio\/category\/alagoinhas-e-regiao\/#listItem","name":"Alagoinhas e Regi\u00e3o"}}]},{"@type":"Organization","@id":"https:\/\/newsinfoco.com.br\/inicio\/#organization","name":"News In Foco - Editado por Caio Pimenta","description":"O principal site de noticias de Alagoinhas e regi\u00e3o","url":"https:\/\/newsinfoco.com.br\/inicio\/"},{"@type":"Person","@id":"https:\/\/newsinfoco.com.br\/inicio\/author\/administrador\/#author","url":"https:\/\/newsinfoco.com.br\/inicio\/author\/administrador\/","name":"administrador","image":{"@type":"ImageObject","@id":"https:\/\/newsinfoco.com.br\/inicio\/sao-joao-de-alagoinhas-confira-a-programacao-e-as-atracoes-da-festa-de-2023\/#authorImage","url":"https:\/\/secure.gravatar.com\/avatar\/c17a617433de8c1dc9584bb79aab7563b46f5bb7e1728c9b17d9cc3ce6a08e49?s=96&d=mm&r=g","width":96,"height":96,"caption":"administrador"}},{"@type":"WebPage","@id":"https:\/\/newsinfoco.com.br\/inicio\/sao-joao-de-alagoinhas-confira-a-programacao-e-as-atracoes-da-festa-de-2023\/#webpage","url":"https:\/\/newsinfoco.com.br\/inicio\/sao-joao-de-alagoinhas-confira-a-programacao-e-as-atracoes-da-festa-de-2023\/","name":"S\u00e3o Jo\u00e3o de Alagoinhas: confira a programa\u00e7\u00e3o e as atra\u00e7\u00f5es da festa de 2023 - News In Foco - Editado por Caio Pimenta","description":"Com a aproxima\u00e7\u00e3o do per\u00edodo junino, cresce a expectativa dos moradores de Alagoinhas e dos turistas que planejam visitar a cidade na \u00e9poca mais festiva do ano. A Prefeitura Municipal, por meio da Secretaria de Cultura, Esporte e Turismo (SECET), empenhada em promover uma grande festa, que atenda a v\u00e1rios gostos e valorize as tradi\u00e7\u00f5es","inLanguage":"pt-BR","isPartOf":{"@id":"https:\/\/newsinfoco.com.br\/inicio\/#website"},"breadcrumb":{"@id":"https:\/\/newsinfoco.com.br\/inicio\/sao-joao-de-alagoinhas-confira-a-programacao-e-as-atracoes-da-festa-de-2023\/#breadcrumblist"},"author":{"@id":"https:\/\/newsinfoco.com.br\/inicio\/author\/administrador\/#author"},"creator":{"@id":"https:\/\/newsinfoco.com.br\/inicio\/author\/administrador\/#author"},"image":{"@type":"ImageObject","url":"https:\/\/newsinfoco.com.br\/inicio\/wp-content\/uploads\/2023\/05\/WhatsApp-Image-2023-05-15-at-07.06.11.jpeg","@id":"https:\/\/newsinfoco.com.br\/inicio\/sao-joao-de-alagoinhas-confira-a-programacao-e-as-atracoes-da-festa-de-2023\/#mainImage","width":520,"height":360},"primaryImageOfPage":{"@id":"https:\/\/newsinfoco.com.br\/inicio\/sao-joao-de-alagoinhas-confira-a-programacao-e-as-atracoes-da-festa-de-2023\/#mainImage"},"datePublished":"2023-05-15T18:32:35-03:00","dateModified":"2023-05-15T18:32:35-03:00"},{"@type":"WebSite","@id":"https:\/\/newsinfoco.com.br\/inicio\/#website","url":"https:\/\/newsinfoco.com.br\/inicio\/","name":"News In Foco - Editado por Caio Pimenta","description":"O principal site de noticias de Alagoinhas e regi\u00e3o","inLanguage":"pt-BR","publisher":{"@id":"https:\/\/newsinfoco.com.br\/inicio\/#organization"}}]},"og:locale":"pt_BR","og:site_name":"News In Foco - Editado por Caio Pimenta - O principal site de noticias de Alagoinhas e regi\u00e3o","og:type":"article","og:title":"S\u00e3o Jo\u00e3o de Alagoinhas: confira a programa\u00e7\u00e3o e as atra\u00e7\u00f5es da festa de 2023 - News In Foco - Editado por Caio Pimenta","og:description":"Com a aproxima\u00e7\u00e3o do per\u00edodo junino, cresce a expectativa dos moradores de Alagoinhas e dos turistas que planejam visitar a cidade na \u00e9poca mais festiva do ano. A Prefeitura Municipal, por meio da Secretaria de Cultura, Esporte e Turismo (SECET), empenhada em promover uma grande festa, que atenda a v\u00e1rios gostos e valorize as tradi\u00e7\u00f5es","og:url":"https:\/\/newsinfoco.com.br\/inicio\/sao-joao-de-alagoinhas-confira-a-programacao-e-as-atracoes-da-festa-de-2023\/","article:published_time":"2023-05-15T21:32:35+00:00","article:modified_time":"2023-05-15T21:32:35+00:00","twitter:card":"summary_large_image","twitter:title":"S\u00e3o Jo\u00e3o de Alagoinhas: confira a programa\u00e7\u00e3o e as atra\u00e7\u00f5es da festa de 2023 - News In Foco - Editado por Caio Pimenta","twitter:description":"Com a aproxima\u00e7\u00e3o do per\u00edodo junino, cresce a expectativa dos moradores de Alagoinhas e dos turistas que planejam visitar a cidade na \u00e9poca mais festiva do ano. A Prefeitura Municipal, por meio da Secretaria de Cultura, Esporte e Turismo (SECET), empenhada em promover uma grande festa, que atenda a v\u00e1rios gostos e valorize as tradi\u00e7\u00f5es"},"aioseo_meta_data":{"post_id":"33972","title":null,"description":null,"keywords":null,"keyphrases":null,"primary_term":null,"canonical_url":null,"og_title":null,"og_description":null,"og_object_type":"default","og_image_type":"default","og_image_url":null,"og_image_width":null,"og_image_height":null,"og_image_custom_url":null,"og_image_custom_fields":null,"og_video":null,"og_custom_url":null,"og_article_section":null,"og_article_tags":null,"twitter_use_og":false,"twitter_card":"default","twitter_image_type":"default","twitter_image_url":null,"twitter_image_custom_url":null,"twitter_image_custom_fields":null,"twitter_title":null,"twitter_description":null,"schema":{"blockGraphs":[],"customGraphs":[],"default":{"data":{"Article":[],"Course":[],"Dataset":[],"FAQPage":[],"Movie":[],"Person":[],"Product":[],"ProductReview":[],"Car":[],"Recipe":[],"Service":[],"SoftwareApplication":[],"WebPage":[]},"graphName":"","isEnabled":true},"graphs":[]},"schema_type":"default","schema_type_options":null,"pillar_content":false,"robots_default":true,"robots_noindex":false,"robots_noarchive":false,"robots_nosnippet":false,"robots_nofollow":false,"robots_noimageindex":false,"robots_noodp":false,"robots_notranslate":false,"robots_max_snippet":null,"robots_max_videopreview":null,"robots_max_imagepreview":"large","priority":null,"frequency":null,"local_seo":null,"breadcrumb_settings":null,"limit_modified_date":false,"ai":null,"created":"2023-06-12 23:25:46","updated":"2025-07-11 09:42:46","seo_analyzer_scan_date":null},"aioseo_breadcrumb":"<div class=\"aioseo-breadcrumbs\"><span class=\"aioseo-breadcrumb\">\n\t\t\t<a href=\"https:\/\/newsinfoco.com.br\/inicio\" title=\"In\u00edcio\">In\u00edcio<\/a>\n\t\t<\/span><span class=\"aioseo-breadcrumb-separator\">&raquo;<\/span><span class=\"aioseo-breadcrumb\">\n\t\t\t<a href=\"https:\/\/newsinfoco.com.br\/inicio\/category\/alagoinhas-e-regiao\/\" title=\"Alagoinhas e Regi\u00e3o\">Alagoinhas e Regi\u00e3o<\/a>\n\t\t<\/span><span class=\"aioseo-breadcrumb-separator\">&raquo;<\/span><span class=\"aioseo-breadcrumb\">\n\t\t\tS\u00e3o Jo\u00e3o de Alagoinhas: confira a programa\u00e7\u00e3o e as atra\u00e7\u00f5es da festa de 2023\n\t\t<\/span><\/div>","aioseo_breadcrumb_json":[{"label":"In\u00edcio","link":"https:\/\/newsinfoco.com.br\/inicio"},{"label":"Alagoinhas e Regi\u00e3o","link":"https:\/\/newsinfoco.com.br\/inicio\/category\/alagoinhas-e-regiao\/"},{"label":"S\u00e3o Jo\u00e3o de Alagoinhas: confira a programa\u00e7\u00e3o e as atra\u00e7\u00f5es da festa de 2023","link":"https:\/\/newsinfoco.com.br\/inicio\/sao-joao-de-alagoinhas-confira-a-programacao-e-as-atracoes-da-festa-de-2023\/"}],"_links":{"self":[{"href":"https:\/\/newsinfoco.com.br\/inicio\/wp-json\/wp\/v2\/posts\/33972","targetHints":{"allow":["GET"]}}],"collection":[{"href":"https:\/\/newsinfoco.com.br\/inicio\/wp-json\/wp\/v2\/posts"}],"about":[{"href":"https:\/\/newsinfoco.com.br\/inicio\/wp-json\/wp\/v2\/types\/post"}],"author":[{"embeddable":true,"href":"https:\/\/newsinfoco.com.br\/inicio\/wp-json\/wp\/v2\/users\/1"}],"replies":[{"embeddable":true,"href":"https:\/\/newsinfoco.com.br\/inicio\/wp-json\/wp\/v2\/comments?post=33972"}],"version-history":[{"count":1,"href":"https:\/\/newsinfoco.com.br\/inicio\/wp-json\/wp\/v2\/posts\/33972\/revisions"}],"predecessor-version":[{"id":33974,"href":"https:\/\/newsinfoco.com.br\/inicio\/wp-json\/wp\/v2\/posts\/33972\/revisions\/33974"}],"wp:featuredmedia":[{"embeddable":true,"href":"https:\/\/newsinfoco.com.br\/inicio\/wp-json\/wp\/v2\/media\/33973"}],"wp:attachment":[{"href":"https:\/\/newsinfoco.com.br\/inicio\/wp-json\/wp\/v2\/media?parent=33972"}],"wp:term":[{"taxonomy":"category","embeddable":true,"href":"https:\/\/newsinfoco.com.br\/inicio\/wp-json\/wp\/v2\/categories?post=33972"},{"taxonomy":"post_tag","embeddable":true,"href":"https:\/\/newsinfoco.com.br\/inicio\/wp-json\/wp\/v2\/tags?post=33972"}],"curies":[{"name":"wp","href":"https:\/\/api.w.org\/{rel}","templated":true}]}}