{"id":3399,"date":"2018-05-04T16:32:06","date_gmt":"2018-05-04T19:32:06","guid":{"rendered":"http:\/\/newsinfoco.com.br\/?p=3399"},"modified":"2018-05-04T17:14:36","modified_gmt":"2018-05-04T20:14:36","slug":"saae-da-continuidade-a-treinamento-da-cipa","status":"publish","type":"post","link":"https:\/\/newsinfoco.com.br\/inicio\/saae-da-continuidade-a-treinamento-da-cipa\/","title":{"rendered":"SAAE d\u00e1 continuidade a treinamento da CIPA"},"content":{"rendered":"<p style=\"text-align: justify;\"><span style=\"color: #000000;\">O Servi\u00e7o Aut\u00f4nomo de \u00c1gua e Esgoto (SAAE) Alagoinhas realizou, na manh\u00e3 desta sexta-feira (04), mais um dia de treinamento da Comiss\u00e3o Interna de Preven\u00e7\u00e3o de Acidentes (CIPA).<\/span><\/p>\n<p style=\"text-align: justify;\"><span style=\"color: #000000;\">A ocasi\u00e3o, realizada no Hotel Plaza, contou com a presen\u00e7a de Thais Carvalho, enfermeira do Servi\u00e7o de Atendimento M\u00f3vel de Urg\u00eancia (SAMU), que passou ensinamentos b\u00e1sicos de primeiros socorros aos integrantes da CIPA. Segundo a enfermeira, \u201ca ideia \u00e9 que todos possam, em caso de necessidade, aplicar o conhecimento do tema\u201d.<\/span><\/p><div class=\"newsi-conteudo_19\" id=\"newsi-591401766\"><a href=\"https:\/\/www.instagram.com\/prefeituraalagoinhas?igsh=YzgzdDJ1bWR3aWI4\" aria-label=\"SAVE_20251006_221555\"><img loading=\"lazy\" decoding=\"async\" src=\"https:\/\/newsinfoco.com.br\/inicio\/wp-content\/uploads\/2025\/10\/SAVE_20251006_221555-rotated.jpg\" alt=\"\"  srcset=\"https:\/\/newsinfoco.com.br\/inicio\/wp-content\/uploads\/2025\/10\/SAVE_20251006_221555-rotated.jpg 1140w, https:\/\/newsinfoco.com.br\/inicio\/wp-content\/uploads\/2025\/10\/SAVE_20251006_221555-300x52.jpg 300w, https:\/\/newsinfoco.com.br\/inicio\/wp-content\/uploads\/2025\/10\/SAVE_20251006_221555-1024x177.jpg 1024w, https:\/\/newsinfoco.com.br\/inicio\/wp-content\/uploads\/2025\/10\/SAVE_20251006_221555-768x133.jpg 768w, https:\/\/newsinfoco.com.br\/inicio\/wp-content\/uploads\/2025\/10\/SAVE_20251006_221555-600x104.jpg 600w, https:\/\/newsinfoco.com.br\/inicio\/wp-content\/uploads\/2025\/10\/SAVE_20251006_221555-696x120.jpg 696w, https:\/\/newsinfoco.com.br\/inicio\/wp-content\/uploads\/2025\/10\/SAVE_20251006_221555-1068x185.jpg 1068w\" sizes=\"(max-width: 1140px) 100vw, 1140px\" width=\"1140\" height=\"197\"   \/><\/a><\/div>\n<p style=\"text-align: justify;\"><span style=\"color: #000000;\">Cosme Cristo, tecn\u00f3logo em seguran\u00e7a do SAAE, avaliou a manh\u00e3 como produtiva, uma vez que \u201cas no\u00e7\u00f5es b\u00e1sicas de primeiros socorros, parte do cronograma exigido pela legisla\u00e7\u00e3o para os membros da comiss\u00e3o, foram transmitidas com muita compet\u00eancia e propriedade pela representante do SAMU\u201d.<\/span><\/p>\n<p style=\"text-align: justify;\"><span style=\"color: #000000;\">Segundo Adriano Almeida da Silva, um dos representantes dos funcion\u00e1rios na comiss\u00e3o e laboratorista do SAAE, \u201co treinamento tem sido uma parte importante na instaura\u00e7\u00e3o da CIPA, um marco na hist\u00f3ria do SAAE do qual fiz quest\u00e3o de participar e colaborar\u201d.<\/span><\/p>\n<p style=\"text-align: justify;\"><span style=\"color: #000000;\">Vale lembrar que a CIPA tem como objetivo evitar, atrav\u00e9s de informa\u00e7\u00f5es e treinamentos, acidentes e doen\u00e7as decorrentes do ambiente de trabalho, bem como garantir que exista um fio condutor entre o adequado funcionamento das habilidades dos funcion\u00e1rios e a preserva\u00e7\u00e3o de suas vidas.<\/span><\/p>\n<p style=\"text-align: justify;\"><span style=\"color: #000000;\">O SAAE, sob a dire\u00e7\u00e3o de Maria das Gra\u00e7as Reis, tem orgulho de buscar, por meio de a\u00e7\u00f5es pr\u00e1ticas, promover o bem-estar daqueles que s\u00e3o respons\u00e1veis pela presta\u00e7\u00e3o de servi\u00e7os de \u00e1gua e de esgoto numa cidade de tamanho porte como Alagoinhas.<\/span><\/p>\n<p style=\"text-align: justify;\"><span style=\"color: #000000;\">O treinamento, com carga hor\u00e1ria total de 20 horas, ter\u00e1 mais dois dias de atividades, segunda-feira (07) e ter\u00e7a-feira (08), finalizando assim o vasto conte\u00fado program\u00e1tico, que inclui os seguintes t\u00f3picos:<\/span><\/p>\n<p style=\"text-align: justify;\"><span style=\"color: #000000;\">\u2022 Estudo do ambiente e das condi\u00e7\u00f5es de trabalho, Riscos originados do processo produtivo;<\/span><br \/>\n<span style=\"color: #000000;\">\u2022 EPI e EPC;<\/span><br \/>\n<span style=\"color: #000000;\">\u2022 Como prevenir acidentes;<\/span><br \/>\n<span style=\"color: #000000;\">\u2022 Comunica\u00e7\u00e3o de Acidentes;<\/span><br \/>\n<span style=\"color: #000000;\">\u2022 Metodologia de investiga\u00e7\u00e3o e an\u00e1lise de acidentes e doen\u00e7as do trabalho;<\/span><br \/>\n<span style=\"color: #000000;\">\u2022 No\u00e7\u00f5es sobre acidentes e doen\u00e7as do trabalho decorrentes de exposi\u00e7\u00e3o aos riscos existentes na empresa;<\/span><br \/>\n<span style=\"color: #000000;\">\u2022 No\u00e7\u00f5es sobre DST\/AIDS, e medidas de preven\u00e7\u00e3o;<\/span><br \/>\n<span style=\"color: #000000;\">\u2022 No\u00e7\u00f5es sobre a legisla\u00e7\u00e3o trabalhista e previdenci\u00e1ria relativas \u00e0 seguran\u00e7a e sa\u00fade no trabalho;<\/span><br \/>\n<span style=\"color: #000000;\">\u2022 Princ\u00edpios gerais de higiene do trabalho e de medidas de controle dos riscos;<\/span><br \/>\n<span style=\"color: #000000;\">\u2022 Organiza\u00e7\u00e3o da CIPA e atribui\u00e7\u00f5es da Comiss\u00e3o;<\/span><br \/>\n<span style=\"color: #000000;\">\u2022 No\u00e7\u00f5es de Combate a Inc\u00eandio;<\/span><br \/>\n<span style=\"color: #000000;\">\u2022 No\u00e7\u00f5es de Primeiros Socorros.<\/span><\/p>\n<p style=\"text-align: justify;\"><span style=\"color: #000000;\">\u00c9 a partir do registro das demandas nos canais de atendimento que as coordena\u00e7\u00f5es t\u00e9cnicas s\u00e3o acionadas e direcionadas para os casos de suas respectivas compet\u00eancias. Desse modo, \u00e9 de suma import\u00e2ncia que os usu\u00e1rios sempre recorram aos meios oficiais do SAAE para fazer suas solicita\u00e7\u00f5es.<\/span><\/p>\n<p style=\"text-align: justify;\"><span style=\"color: #000000;\">Pensando nisso, a autarquia disponibiliza, al\u00e9m do atendimento presencial no Posto de Atendimento (Rua Moreira Rego,9977, Centro ), outras duas maneiras de contato: WhatsApp e Call Center. Pelo aplicativo, basta enviar uma mensagem (75) 981804500; o retorno sempre \u00e9 instant\u00e2neo. Pelo Call Center, \u00e9 s\u00f3 ligar gratuitamente para 0800 702 7065.<\/span><\/p>\n<p style=\"text-align: justify;\"><span style=\"color: #000000;\">ASCOM<\/span><br \/>\n<span style=\"color: #000000;\">Servi\u00e7o Aut\u00f4nomo de \u00c1gua e Esgoto \u2013 SAAE Alagoinhas<\/span><br \/>\n<span style=\"color: #000000;\">E-mail: ascom.saae@alagoinhas.ba.gov.br<\/span><br \/>\n<span style=\"color: #000000;\">Telefone: (75) 31826031<\/span><\/p>\n<p style=\"text-align: justify;\"><span style=\"color: #000000;\">Redes Sociais<\/span><br \/>\n<span style=\"color: #000000;\">Facebook: www.facebook.com\/saaedealagoinhas<\/span><br \/>\n<span style=\"color: #000000;\">Instagram: www.instagram.com\/saaealagoinhas<\/span><br \/>\n<span style=\"color: #000000;\">Site: www.saae.alagoinhas.ba.gov.br<\/span><\/p>\n<h6 style=\"text-align: right;\"><span style=\"color: #999999;\">Fonte: SAAE SECOM\u00a0<\/span><\/h6>\n<h6 style=\"text-align: justify;\" align=\"right\"><span style=\"color: #999999;\">\u00a0<\/span><\/h6>\n<div class='share-to-whatsapp-wrapper'><div class='share-on-whsp'>Share on: <\/div><a data-text='SAAE d\u00e1 continuidade a treinamento da CIPA' data-link='https:\/\/newsinfoco.com.br\/inicio\/saae-da-continuidade-a-treinamento-da-cipa\/' class='whatsapp-button whatsapp-share'>WhatsApp<\/a><div class='clear '><\/div><\/div>","protected":false},"excerpt":{"rendered":"<p>O Servi\u00e7o Aut\u00f4nomo de \u00c1gua e Esgoto (SAAE) Alagoinhas realizou, na manh\u00e3 desta sexta-feira (04), mais um dia de treinamento da Comiss\u00e3o Interna de Preven\u00e7\u00e3o de Acidentes (CIPA). A ocasi\u00e3o, realizada no Hotel Plaza, contou com a presen\u00e7a de Thais Carvalho, enfermeira do Servi\u00e7o de Atendimento M\u00f3vel de Urg\u00eancia (SAMU), que passou ensinamentos b\u00e1sicos de [&hellip;]<\/p>\n","protected":false},"author":1,"featured_media":203,"comment_status":"open","ping_status":"open","sticky":false,"template":"","format":"standard","meta":{"om_disable_all_campaigns":false,"_exactmetrics_skip_tracking":false,"_exactmetrics_sitenote_active":false,"_exactmetrics_sitenote_note":"","_exactmetrics_sitenote_category":0,"footnotes":""},"categories":[38,30],"tags":[53,54,55],"class_list":["post-3399","post","type-post","status-publish","format-standard","has-post-thumbnail","hentry","category-alagoinhas-e-regiao","category-destaque","tag-alagoinhas","tag-prefeitura","tag-saae"],"aioseo_notices":[],"_links":{"self":[{"href":"https:\/\/newsinfoco.com.br\/inicio\/wp-json\/wp\/v2\/posts\/3399","targetHints":{"allow":["GET"]}}],"collection":[{"href":"https:\/\/newsinfoco.com.br\/inicio\/wp-json\/wp\/v2\/posts"}],"about":[{"href":"https:\/\/newsinfoco.com.br\/inicio\/wp-json\/wp\/v2\/types\/post"}],"author":[{"embeddable":true,"href":"https:\/\/newsinfoco.com.br\/inicio\/wp-json\/wp\/v2\/users\/1"}],"replies":[{"embeddable":true,"href":"https:\/\/newsinfoco.com.br\/inicio\/wp-json\/wp\/v2\/comments?post=3399"}],"version-history":[{"count":0,"href":"https:\/\/newsinfoco.com.br\/inicio\/wp-json\/wp\/v2\/posts\/3399\/revisions"}],"wp:featuredmedia":[{"embeddable":true,"href":"https:\/\/newsinfoco.com.br\/inicio\/wp-json\/wp\/v2\/media\/203"}],"wp:attachment":[{"href":"https:\/\/newsinfoco.com.br\/inicio\/wp-json\/wp\/v2\/media?parent=3399"}],"wp:term":[{"taxonomy":"category","embeddable":true,"href":"https:\/\/newsinfoco.com.br\/inicio\/wp-json\/wp\/v2\/categories?post=3399"},{"taxonomy":"post_tag","embeddable":true,"href":"https:\/\/newsinfoco.com.br\/inicio\/wp-json\/wp\/v2\/tags?post=3399"}],"curies":[{"name":"wp","href":"https:\/\/api.w.org\/{rel}","templated":true}]}}