{"id":3406,"date":"2018-05-04T17:31:59","date_gmt":"2018-05-04T20:31:59","guid":{"rendered":"http:\/\/newsinfoco.com.br\/?p=3406"},"modified":"2018-05-04T17:32:55","modified_gmt":"2018-05-04T20:32:55","slug":"titulo-da-copa-rural-antonio-pena-sera-decidido-neste-sabado05-no-carneirao","status":"publish","type":"post","link":"https:\/\/newsinfoco.com.br\/inicio\/titulo-da-copa-rural-antonio-pena-sera-decidido-neste-sabado05-no-carneirao\/","title":{"rendered":"Titulo da Copa Rural Antonio Pena ser\u00e1 decidido neste s\u00e1bado(05) no Carneir\u00e3o"},"content":{"rendered":"<p dir=\"auto\" style=\"text-align: justify;\">No dia 17 de dezembro de 2017 teve inicio na zona rural de Alagoinhas, a primeira Copa Rural Antonio Pena. A competi\u00e7\u00e3o homenageia um dos maiores desportista do futebol baiano, respons\u00e1vel pela revela\u00e7\u00e3o de v\u00e1rios jogadores para o futebol Brasileiro a exemplo de Bobo, Luiz Henrique, Sandro, Naldinho dentre outros.<\/p>\n<p dir=\"auto\" style=\"text-align: justify;\">A competi\u00e7\u00e3o, segundo o seu organizador Xaxa Barret\u00e3o, foi um sucesso que acabou movimentando a zona Rural da cidade.<\/p><div class=\"newsi-conteudo_19\" id=\"newsi-1962853886\"><a href=\"https:\/\/www.instagram.com\/prefeituraalagoinhas?igsh=YzgzdDJ1bWR3aWI4\" aria-label=\"SAVE_20251006_221555\"><img loading=\"lazy\" decoding=\"async\" src=\"https:\/\/newsinfoco.com.br\/inicio\/wp-content\/uploads\/2025\/10\/SAVE_20251006_221555-rotated.jpg\" alt=\"\"  srcset=\"https:\/\/newsinfoco.com.br\/inicio\/wp-content\/uploads\/2025\/10\/SAVE_20251006_221555-rotated.jpg 1140w, https:\/\/newsinfoco.com.br\/inicio\/wp-content\/uploads\/2025\/10\/SAVE_20251006_221555-300x52.jpg 300w, https:\/\/newsinfoco.com.br\/inicio\/wp-content\/uploads\/2025\/10\/SAVE_20251006_221555-1024x177.jpg 1024w, https:\/\/newsinfoco.com.br\/inicio\/wp-content\/uploads\/2025\/10\/SAVE_20251006_221555-768x133.jpg 768w, https:\/\/newsinfoco.com.br\/inicio\/wp-content\/uploads\/2025\/10\/SAVE_20251006_221555-600x104.jpg 600w, https:\/\/newsinfoco.com.br\/inicio\/wp-content\/uploads\/2025\/10\/SAVE_20251006_221555-696x120.jpg 696w, https:\/\/newsinfoco.com.br\/inicio\/wp-content\/uploads\/2025\/10\/SAVE_20251006_221555-1068x185.jpg 1068w\" sizes=\"(max-width: 1140px) 100vw, 1140px\" width=\"1140\" height=\"197\"   \/><\/a><\/div>\n<p dir=\"auto\" style=\"text-align: justify;\">Ao todo16 equipes participaram da competi\u00e7\u00e3o: Guabiraba, Pedra de Cima, Sauipe, Espuma, Baixa da Areia, Calu, Buri, Catuzinho, Estev\u00e3o, Narandiba, KM 12, Quiric\u00f3, Riacho da Guia, Serra do Ouro, Rio Branco e Capoeira.<\/p>\n<p dir=\"auto\" style=\"text-align: justify;\">O campe\u00e3o do torneio vai embolsar R$4.500,00 o vice campe\u00e3o R$2.500, o terceiro colocado R$1.000,00 e o melhor arbitro tamb\u00e9m ser\u00e1 premiado, receber\u00e1 R$400,00.<\/p>\n<p dir=\"auto\" style=\"text-align: justify;\">A grande final acontece neste s\u00e1bado(05) no est\u00e1dio Carneir\u00e3o a partir das 15 horas. Confira os jogos e hor\u00e1rios:<\/p>\n<p dir=\"auto\" style=\"text-align: justify;\">\u00a0<strong>As 15 horas (Disputa do terceiro lugar)<\/strong><\/p>\n<p dir=\"auto\" style=\"text-align: justify;\">Narandiba X Sauipe<\/p>\n<p dir=\"auto\" style=\"text-align: justify;\"><strong>As 17 Horas (jogo da grande Final)<\/strong><\/p>\n<p dir=\"auto\" style=\"text-align: justify;\">Baixa da Areia X Calu<\/p>\n<h6 dir=\"auto\" style=\"text-align: right;\"><span style=\"color: #999999;\">Por Andr\u00e9 Luiz para o News Infoco<\/span><\/h6>\n<div class='share-to-whatsapp-wrapper'><div class='share-on-whsp'>Share on: <\/div><a data-text='Titulo da Copa Rural Antonio Pena ser\u00e1 decidido neste s\u00e1bado(05) no Carneir\u00e3o' data-link='https:\/\/newsinfoco.com.br\/inicio\/titulo-da-copa-rural-antonio-pena-sera-decidido-neste-sabado05-no-carneirao\/' class='whatsapp-button whatsapp-share'>WhatsApp<\/a><div class='clear '><\/div><\/div>","protected":false},"excerpt":{"rendered":"<p>No dia 17 de dezembro de 2017 teve inicio na zona rural de Alagoinhas, a primeira Copa Rural Antonio Pena. A competi\u00e7\u00e3o homenageia um dos maiores desportista do futebol baiano, respons\u00e1vel pela revela\u00e7\u00e3o de v\u00e1rios jogadores para o futebol Brasileiro a exemplo de Bobo, Luiz Henrique, Sandro, Naldinho dentre outros. A competi\u00e7\u00e3o, segundo o seu [&hellip;]<\/p>\n","protected":false},"author":1,"featured_media":3407,"comment_status":"open","ping_status":"open","sticky":false,"template":"","format":"standard","meta":{"om_disable_all_campaigns":false,"_exactmetrics_skip_tracking":false,"_exactmetrics_sitenote_active":false,"_exactmetrics_sitenote_note":"","_exactmetrics_sitenote_category":0,"footnotes":""},"categories":[30,36],"tags":[],"class_list":["post-3406","post","type-post","status-publish","format-standard","has-post-thumbnail","hentry","category-destaque","category-esporte"],"aioseo_notices":[],"_links":{"self":[{"href":"https:\/\/newsinfoco.com.br\/inicio\/wp-json\/wp\/v2\/posts\/3406","targetHints":{"allow":["GET"]}}],"collection":[{"href":"https:\/\/newsinfoco.com.br\/inicio\/wp-json\/wp\/v2\/posts"}],"about":[{"href":"https:\/\/newsinfoco.com.br\/inicio\/wp-json\/wp\/v2\/types\/post"}],"author":[{"embeddable":true,"href":"https:\/\/newsinfoco.com.br\/inicio\/wp-json\/wp\/v2\/users\/1"}],"replies":[{"embeddable":true,"href":"https:\/\/newsinfoco.com.br\/inicio\/wp-json\/wp\/v2\/comments?post=3406"}],"version-history":[{"count":0,"href":"https:\/\/newsinfoco.com.br\/inicio\/wp-json\/wp\/v2\/posts\/3406\/revisions"}],"wp:featuredmedia":[{"embeddable":true,"href":"https:\/\/newsinfoco.com.br\/inicio\/wp-json\/wp\/v2\/media\/3407"}],"wp:attachment":[{"href":"https:\/\/newsinfoco.com.br\/inicio\/wp-json\/wp\/v2\/media?parent=3406"}],"wp:term":[{"taxonomy":"category","embeddable":true,"href":"https:\/\/newsinfoco.com.br\/inicio\/wp-json\/wp\/v2\/categories?post=3406"},{"taxonomy":"post_tag","embeddable":true,"href":"https:\/\/newsinfoco.com.br\/inicio\/wp-json\/wp\/v2\/tags?post=3406"}],"curies":[{"name":"wp","href":"https:\/\/api.w.org\/{rel}","templated":true}]}}