{"id":34149,"date":"2023-05-30T17:15:38","date_gmt":"2023-05-30T20:15:38","guid":{"rendered":"https:\/\/newsinfoco.com.br\/inicio\/?p=34149"},"modified":"2023-05-30T17:15:38","modified_gmt":"2023-05-30T20:15:38","slug":"governador-segue-medida-nacional-e-assina-decreto-que-vai-elevar-preco-da-gasolina-e-do-etanol-em-junho-na-bahia","status":"publish","type":"post","link":"https:\/\/newsinfoco.com.br\/inicio\/governador-segue-medida-nacional-e-assina-decreto-que-vai-elevar-preco-da-gasolina-e-do-etanol-em-junho-na-bahia\/","title":{"rendered":"Governador segue medida nacional e assina decreto que vai elevar pre\u00e7o da gasolina e do etanol em junho na Bahia"},"content":{"rendered":"<p>O governador Jer\u00f4nimo Rodrigues (PT) publicou nesta ter\u00e7a-feira (30), no Di\u00e1rio Oficial do Estado, o decreto que altera a cobran\u00e7a do ICMS sobre a gasolina e o etanol a partir de junho. A principal mudan\u00e7a \u00e9 a volta dos tributos federais, autorizada pelo governo do presidente Luiz In\u00e1cio Lula da Silva (PT).<\/p>\n<p>Com a nova regra, o imposto passa a ser monof\u00e1sico \u2013 cobrado em uma \u00fanica etapa da cadeia \u2013 e contar\u00e1 com uma al\u00edquota uniforme e fixa por litro (R$1,22). Hoje, a al\u00edquota \u00e9 um percentual por litro, que varia de 17% a 23%, a depender da unidade federativa.<\/p>\n<p>A alta nos pre\u00e7os \u00e9 calculada em R$0,16 por litro, correspondendo a uma alta de 22%. Considerando-se o valor da gasolina em 16 de maio, 20 estados devem ter aumento no pre\u00e7o do combust\u00edvel nos postos, incluindo a Bahia.<\/p>\n<p>No come\u00e7o de julho, o governo federal deve retomar a tributa\u00e7\u00e3o com al\u00edquota cheia do Programa de Integra\u00e7\u00e3o Social (PIS) e da Contribui\u00e7\u00e3o para o Financiamento da Seguridade Social (Cofins) sobre gasolina e etanol. De acordo com os c\u00e1lculos do governo, o pre\u00e7o dos dois combust\u00edveis deve subir novamente cerca de R$ 0,22 por litro.<\/p>\n<p>A Petrobras mudou sua estrat\u00e9gia de pre\u00e7os para os combust\u00edveis em 16 de maio. A estatal anunciou a redu\u00e7\u00e3o de R$ 0,40 por litro para a gasolina na venda \u00e0s distribuidoras \u2013uma queda de 12,6%. O corte entrou em vig\u00eancia nas refinarias em 17 de maio, mas o seu repasse integral \u00e0s bombas depende das distribuidoras e dos postos de gasolina.<\/p>\n<p>&nbsp;<\/p>\n<p><span class=\"assinatura_exclusiva\">Pol\u00edtica Livre<\/span><\/p>\n<div class='share-to-whatsapp-wrapper'><div class='share-on-whsp'>Share on: <\/div><a data-text='Governador segue medida nacional e assina decreto que vai elevar pre\u00e7o da gasolina e do etanol em junho na Bahia' data-link='https:\/\/newsinfoco.com.br\/inicio\/governador-segue-medida-nacional-e-assina-decreto-que-vai-elevar-preco-da-gasolina-e-do-etanol-em-junho-na-bahia\/' class='whatsapp-button whatsapp-share'>WhatsApp<\/a><div class='clear '><\/div><\/div>","protected":false},"excerpt":{"rendered":"<p>O governador Jer\u00f4nimo Rodrigues (PT) publicou nesta ter\u00e7a-feira (30), no Di\u00e1rio Oficial do Estado, o decreto que altera a cobran\u00e7a do ICMS sobre a gasolina e o etanol a partir de junho. A principal mudan\u00e7a \u00e9 a volta dos tributos federais, autorizada pelo governo do presidente Luiz In\u00e1cio Lula da Silva (PT). Com a nova [&hellip;]<\/p>\n","protected":false},"author":1,"featured_media":34150,"comment_status":"closed","ping_status":"closed","sticky":false,"template":"","format":"standard","meta":{"om_disable_all_campaigns":false,"rop_custom_images_group":[],"rop_custom_messages_group":[],"rop_publish_now":"initial","rop_publish_now_accounts":[],"rop_publish_now_history":[],"rop_publish_now_status":"pending","_exactmetrics_skip_tracking":false,"footnotes":""},"categories":[19],"tags":[],"class_list":["post-34149","post","type-post","status-publish","format-standard","has-post-thumbnail","hentry","category-bahia"],"aioseo_notices":[],"aioseo_head":"\n\t\t<!-- All in One SEO 4.9.10 - aioseo.com -->\n\t<meta name=\"description\" content=\"O governador Jer\u00f4nimo Rodrigues (PT) publicou nesta ter\u00e7a-feira (30), no Di\u00e1rio Oficial do Estado, o decreto que altera a cobran\u00e7a do ICMS sobre a gasolina e o etanol a partir de junho. A principal mudan\u00e7a \u00e9 a volta dos tributos federais, autorizada pelo governo do presidente Luiz In\u00e1cio Lula da Silva (PT). Com a nova\" \/>\n\t<meta name=\"robots\" content=\"max-image-preview:large\" \/>\n\t<meta name=\"author\" content=\"administrador\"\/>\n\t<link rel=\"canonical\" href=\"https:\/\/newsinfoco.com.br\/inicio\/governador-segue-medida-nacional-e-assina-decreto-que-vai-elevar-preco-da-gasolina-e-do-etanol-em-junho-na-bahia\/\" \/>\n\t<meta name=\"generator\" content=\"All in One SEO (AIOSEO) 4.9.10\" \/>\n\t\t<meta property=\"og:locale\" content=\"pt_BR\" \/>\n\t\t<meta property=\"og:site_name\" content=\"News In Foco - Editado por Caio Pimenta - O principal site de noticias de Alagoinhas e regi\u00e3o\" \/>\n\t\t<meta property=\"og:type\" content=\"article\" \/>\n\t\t<meta property=\"og:title\" content=\"Governador segue medida nacional e assina decreto que vai elevar pre\u00e7o da gasolina e do etanol em junho na Bahia - News In Foco - Editado por Caio Pimenta\" \/>\n\t\t<meta property=\"og:description\" content=\"O governador Jer\u00f4nimo Rodrigues (PT) publicou nesta ter\u00e7a-feira (30), no Di\u00e1rio Oficial do Estado, o decreto que altera a cobran\u00e7a do ICMS sobre a gasolina e o etanol a partir de junho. A principal mudan\u00e7a \u00e9 a volta dos tributos federais, autorizada pelo governo do presidente Luiz In\u00e1cio Lula da Silva (PT). Com a nova\" \/>\n\t\t<meta property=\"og:url\" content=\"https:\/\/newsinfoco.com.br\/inicio\/governador-segue-medida-nacional-e-assina-decreto-que-vai-elevar-preco-da-gasolina-e-do-etanol-em-junho-na-bahia\/\" \/>\n\t\t<meta property=\"article:published_time\" content=\"2023-05-30T20:15:38+00:00\" \/>\n\t\t<meta property=\"article:modified_time\" content=\"2023-05-30T20:15:38+00:00\" \/>\n\t\t<meta name=\"twitter:card\" content=\"summary_large_image\" \/>\n\t\t<meta name=\"twitter:title\" content=\"Governador segue medida nacional e assina decreto que vai elevar pre\u00e7o da gasolina e do etanol em junho na Bahia - News In Foco - Editado por Caio Pimenta\" \/>\n\t\t<meta name=\"twitter:description\" content=\"O governador Jer\u00f4nimo Rodrigues (PT) publicou nesta ter\u00e7a-feira (30), no Di\u00e1rio Oficial do Estado, o decreto que altera a cobran\u00e7a do ICMS sobre a gasolina e o etanol a partir de junho. A principal mudan\u00e7a \u00e9 a volta dos tributos federais, autorizada pelo governo do presidente Luiz In\u00e1cio Lula da Silva (PT). Com a nova\" \/>\n\t\t<script type=\"application\/ld+json\" class=\"aioseo-schema\">\n\t\t\t{\"@context\":\"https:\\\/\\\/schema.org\",\"@graph\":[{\"@type\":\"BlogPosting\",\"@id\":\"https:\\\/\\\/newsinfoco.com.br\\\/inicio\\\/governador-segue-medida-nacional-e-assina-decreto-que-vai-elevar-preco-da-gasolina-e-do-etanol-em-junho-na-bahia\\\/#blogposting\",\"name\":\"Governador segue medida nacional e assina decreto que vai elevar pre\\u00e7o da gasolina e do etanol em junho na Bahia - News In Foco - Editado por Caio Pimenta\",\"headline\":\"Governador segue medida nacional e assina decreto que vai elevar pre\\u00e7o da gasolina e do etanol em junho na Bahia\",\"author\":{\"@id\":\"https:\\\/\\\/newsinfoco.com.br\\\/inicio\\\/author\\\/administrador\\\/#author\"},\"publisher\":{\"@id\":\"https:\\\/\\\/newsinfoco.com.br\\\/inicio\\\/#organization\"},\"image\":{\"@type\":\"ImageObject\",\"url\":\"https:\\\/\\\/newsinfoco.com.br\\\/inicio\\\/wp-content\\\/uploads\\\/2023\\\/05\\\/16657849096349dc4da4fb8_1665784909_3x2_md.jpg\",\"width\":768,\"height\":512},\"datePublished\":\"2023-05-30T17:15:38-03:00\",\"dateModified\":\"2023-05-30T17:15:38-03:00\",\"inLanguage\":\"pt-BR\",\"mainEntityOfPage\":{\"@id\":\"https:\\\/\\\/newsinfoco.com.br\\\/inicio\\\/governador-segue-medida-nacional-e-assina-decreto-que-vai-elevar-preco-da-gasolina-e-do-etanol-em-junho-na-bahia\\\/#webpage\"},\"isPartOf\":{\"@id\":\"https:\\\/\\\/newsinfoco.com.br\\\/inicio\\\/governador-segue-medida-nacional-e-assina-decreto-que-vai-elevar-preco-da-gasolina-e-do-etanol-em-junho-na-bahia\\\/#webpage\"},\"articleSection\":\"Bahia\"},{\"@type\":\"BreadcrumbList\",\"@id\":\"https:\\\/\\\/newsinfoco.com.br\\\/inicio\\\/governador-segue-medida-nacional-e-assina-decreto-que-vai-elevar-preco-da-gasolina-e-do-etanol-em-junho-na-bahia\\\/#breadcrumblist\",\"itemListElement\":[{\"@type\":\"ListItem\",\"@id\":\"https:\\\/\\\/newsinfoco.com.br\\\/inicio#listItem\",\"position\":1,\"name\":\"In\\u00edcio\",\"item\":\"https:\\\/\\\/newsinfoco.com.br\\\/inicio\",\"nextItem\":{\"@type\":\"ListItem\",\"@id\":\"https:\\\/\\\/newsinfoco.com.br\\\/inicio\\\/category\\\/bahia\\\/#listItem\",\"name\":\"Bahia\"}},{\"@type\":\"ListItem\",\"@id\":\"https:\\\/\\\/newsinfoco.com.br\\\/inicio\\\/category\\\/bahia\\\/#listItem\",\"position\":2,\"name\":\"Bahia\",\"item\":\"https:\\\/\\\/newsinfoco.com.br\\\/inicio\\\/category\\\/bahia\\\/\",\"nextItem\":{\"@type\":\"ListItem\",\"@id\":\"https:\\\/\\\/newsinfoco.com.br\\\/inicio\\\/governador-segue-medida-nacional-e-assina-decreto-que-vai-elevar-preco-da-gasolina-e-do-etanol-em-junho-na-bahia\\\/#listItem\",\"name\":\"Governador segue medida nacional e assina decreto que vai elevar pre\\u00e7o da gasolina e do etanol em junho na Bahia\"},\"previousItem\":{\"@type\":\"ListItem\",\"@id\":\"https:\\\/\\\/newsinfoco.com.br\\\/inicio#listItem\",\"name\":\"In\\u00edcio\"}},{\"@type\":\"ListItem\",\"@id\":\"https:\\\/\\\/newsinfoco.com.br\\\/inicio\\\/governador-segue-medida-nacional-e-assina-decreto-que-vai-elevar-preco-da-gasolina-e-do-etanol-em-junho-na-bahia\\\/#listItem\",\"position\":3,\"name\":\"Governador segue medida nacional e assina decreto que vai elevar pre\\u00e7o da gasolina e do etanol em junho na Bahia\",\"previousItem\":{\"@type\":\"ListItem\",\"@id\":\"https:\\\/\\\/newsinfoco.com.br\\\/inicio\\\/category\\\/bahia\\\/#listItem\",\"name\":\"Bahia\"}}]},{\"@type\":\"Organization\",\"@id\":\"https:\\\/\\\/newsinfoco.com.br\\\/inicio\\\/#organization\",\"name\":\"News In Foco - Editado por Caio Pimenta\",\"description\":\"O principal site de noticias de Alagoinhas e regi\\u00e3o\",\"url\":\"https:\\\/\\\/newsinfoco.com.br\\\/inicio\\\/\"},{\"@type\":\"Person\",\"@id\":\"https:\\\/\\\/newsinfoco.com.br\\\/inicio\\\/author\\\/administrador\\\/#author\",\"url\":\"https:\\\/\\\/newsinfoco.com.br\\\/inicio\\\/author\\\/administrador\\\/\",\"name\":\"administrador\",\"image\":{\"@type\":\"ImageObject\",\"@id\":\"https:\\\/\\\/newsinfoco.com.br\\\/inicio\\\/governador-segue-medida-nacional-e-assina-decreto-que-vai-elevar-preco-da-gasolina-e-do-etanol-em-junho-na-bahia\\\/#authorImage\",\"url\":\"https:\\\/\\\/secure.gravatar.com\\\/avatar\\\/c17a617433de8c1dc9584bb79aab7563b46f5bb7e1728c9b17d9cc3ce6a08e49?s=96&d=mm&r=g\",\"width\":96,\"height\":96,\"caption\":\"administrador\"}},{\"@type\":\"WebPage\",\"@id\":\"https:\\\/\\\/newsinfoco.com.br\\\/inicio\\\/governador-segue-medida-nacional-e-assina-decreto-que-vai-elevar-preco-da-gasolina-e-do-etanol-em-junho-na-bahia\\\/#webpage\",\"url\":\"https:\\\/\\\/newsinfoco.com.br\\\/inicio\\\/governador-segue-medida-nacional-e-assina-decreto-que-vai-elevar-preco-da-gasolina-e-do-etanol-em-junho-na-bahia\\\/\",\"name\":\"Governador segue medida nacional e assina decreto que vai elevar pre\\u00e7o da gasolina e do etanol em junho na Bahia - News In Foco - Editado por Caio Pimenta\",\"description\":\"O governador Jer\\u00f4nimo Rodrigues (PT) publicou nesta ter\\u00e7a-feira (30), no Di\\u00e1rio Oficial do Estado, o decreto que altera a cobran\\u00e7a do ICMS sobre a gasolina e o etanol a partir de junho. A principal mudan\\u00e7a \\u00e9 a volta dos tributos federais, autorizada pelo governo do presidente Luiz In\\u00e1cio Lula da Silva (PT). Com a nova\",\"inLanguage\":\"pt-BR\",\"isPartOf\":{\"@id\":\"https:\\\/\\\/newsinfoco.com.br\\\/inicio\\\/#website\"},\"breadcrumb\":{\"@id\":\"https:\\\/\\\/newsinfoco.com.br\\\/inicio\\\/governador-segue-medida-nacional-e-assina-decreto-que-vai-elevar-preco-da-gasolina-e-do-etanol-em-junho-na-bahia\\\/#breadcrumblist\"},\"author\":{\"@id\":\"https:\\\/\\\/newsinfoco.com.br\\\/inicio\\\/author\\\/administrador\\\/#author\"},\"creator\":{\"@id\":\"https:\\\/\\\/newsinfoco.com.br\\\/inicio\\\/author\\\/administrador\\\/#author\"},\"image\":{\"@type\":\"ImageObject\",\"url\":\"https:\\\/\\\/newsinfoco.com.br\\\/inicio\\\/wp-content\\\/uploads\\\/2023\\\/05\\\/16657849096349dc4da4fb8_1665784909_3x2_md.jpg\",\"@id\":\"https:\\\/\\\/newsinfoco.com.br\\\/inicio\\\/governador-segue-medida-nacional-e-assina-decreto-que-vai-elevar-preco-da-gasolina-e-do-etanol-em-junho-na-bahia\\\/#mainImage\",\"width\":768,\"height\":512},\"primaryImageOfPage\":{\"@id\":\"https:\\\/\\\/newsinfoco.com.br\\\/inicio\\\/governador-segue-medida-nacional-e-assina-decreto-que-vai-elevar-preco-da-gasolina-e-do-etanol-em-junho-na-bahia\\\/#mainImage\"},\"datePublished\":\"2023-05-30T17:15:38-03:00\",\"dateModified\":\"2023-05-30T17:15:38-03:00\"},{\"@type\":\"WebSite\",\"@id\":\"https:\\\/\\\/newsinfoco.com.br\\\/inicio\\\/#website\",\"url\":\"https:\\\/\\\/newsinfoco.com.br\\\/inicio\\\/\",\"name\":\"News In Foco - Editado por Caio Pimenta\",\"description\":\"O principal site de noticias de Alagoinhas e regi\\u00e3o\",\"inLanguage\":\"pt-BR\",\"publisher\":{\"@id\":\"https:\\\/\\\/newsinfoco.com.br\\\/inicio\\\/#organization\"}}]}\n\t\t<\/script>\n\t\t<!-- All in One SEO -->\n\n","aioseo_head_json":{"title":"Governador segue medida nacional e assina decreto que vai elevar pre\u00e7o da gasolina e do etanol em junho na Bahia - News In Foco - Editado por Caio Pimenta","description":"O governador Jer\u00f4nimo Rodrigues (PT) publicou nesta ter\u00e7a-feira (30), no Di\u00e1rio Oficial do Estado, o decreto que altera a cobran\u00e7a do ICMS sobre a gasolina e o etanol a partir de junho. A principal mudan\u00e7a \u00e9 a volta dos tributos federais, autorizada pelo governo do presidente Luiz In\u00e1cio Lula da Silva (PT). Com a nova","canonical_url":"https:\/\/newsinfoco.com.br\/inicio\/governador-segue-medida-nacional-e-assina-decreto-que-vai-elevar-preco-da-gasolina-e-do-etanol-em-junho-na-bahia\/","robots":"max-image-preview:large","keywords":"","webmasterTools":{"miscellaneous":""},"schema":{"@context":"https:\/\/schema.org","@graph":[{"@type":"BlogPosting","@id":"https:\/\/newsinfoco.com.br\/inicio\/governador-segue-medida-nacional-e-assina-decreto-que-vai-elevar-preco-da-gasolina-e-do-etanol-em-junho-na-bahia\/#blogposting","name":"Governador segue medida nacional e assina decreto que vai elevar pre\u00e7o da gasolina e do etanol em junho na Bahia - News In Foco - Editado por Caio Pimenta","headline":"Governador segue medida nacional e assina decreto que vai elevar pre\u00e7o da gasolina e do etanol em junho na Bahia","author":{"@id":"https:\/\/newsinfoco.com.br\/inicio\/author\/administrador\/#author"},"publisher":{"@id":"https:\/\/newsinfoco.com.br\/inicio\/#organization"},"image":{"@type":"ImageObject","url":"https:\/\/newsinfoco.com.br\/inicio\/wp-content\/uploads\/2023\/05\/16657849096349dc4da4fb8_1665784909_3x2_md.jpg","width":768,"height":512},"datePublished":"2023-05-30T17:15:38-03:00","dateModified":"2023-05-30T17:15:38-03:00","inLanguage":"pt-BR","mainEntityOfPage":{"@id":"https:\/\/newsinfoco.com.br\/inicio\/governador-segue-medida-nacional-e-assina-decreto-que-vai-elevar-preco-da-gasolina-e-do-etanol-em-junho-na-bahia\/#webpage"},"isPartOf":{"@id":"https:\/\/newsinfoco.com.br\/inicio\/governador-segue-medida-nacional-e-assina-decreto-que-vai-elevar-preco-da-gasolina-e-do-etanol-em-junho-na-bahia\/#webpage"},"articleSection":"Bahia"},{"@type":"BreadcrumbList","@id":"https:\/\/newsinfoco.com.br\/inicio\/governador-segue-medida-nacional-e-assina-decreto-que-vai-elevar-preco-da-gasolina-e-do-etanol-em-junho-na-bahia\/#breadcrumblist","itemListElement":[{"@type":"ListItem","@id":"https:\/\/newsinfoco.com.br\/inicio#listItem","position":1,"name":"In\u00edcio","item":"https:\/\/newsinfoco.com.br\/inicio","nextItem":{"@type":"ListItem","@id":"https:\/\/newsinfoco.com.br\/inicio\/category\/bahia\/#listItem","name":"Bahia"}},{"@type":"ListItem","@id":"https:\/\/newsinfoco.com.br\/inicio\/category\/bahia\/#listItem","position":2,"name":"Bahia","item":"https:\/\/newsinfoco.com.br\/inicio\/category\/bahia\/","nextItem":{"@type":"ListItem","@id":"https:\/\/newsinfoco.com.br\/inicio\/governador-segue-medida-nacional-e-assina-decreto-que-vai-elevar-preco-da-gasolina-e-do-etanol-em-junho-na-bahia\/#listItem","name":"Governador segue medida nacional e assina decreto que vai elevar pre\u00e7o da gasolina e do etanol em junho na Bahia"},"previousItem":{"@type":"ListItem","@id":"https:\/\/newsinfoco.com.br\/inicio#listItem","name":"In\u00edcio"}},{"@type":"ListItem","@id":"https:\/\/newsinfoco.com.br\/inicio\/governador-segue-medida-nacional-e-assina-decreto-que-vai-elevar-preco-da-gasolina-e-do-etanol-em-junho-na-bahia\/#listItem","position":3,"name":"Governador segue medida nacional e assina decreto que vai elevar pre\u00e7o da gasolina e do etanol em junho na Bahia","previousItem":{"@type":"ListItem","@id":"https:\/\/newsinfoco.com.br\/inicio\/category\/bahia\/#listItem","name":"Bahia"}}]},{"@type":"Organization","@id":"https:\/\/newsinfoco.com.br\/inicio\/#organization","name":"News In Foco - Editado por Caio Pimenta","description":"O principal site de noticias de Alagoinhas e regi\u00e3o","url":"https:\/\/newsinfoco.com.br\/inicio\/"},{"@type":"Person","@id":"https:\/\/newsinfoco.com.br\/inicio\/author\/administrador\/#author","url":"https:\/\/newsinfoco.com.br\/inicio\/author\/administrador\/","name":"administrador","image":{"@type":"ImageObject","@id":"https:\/\/newsinfoco.com.br\/inicio\/governador-segue-medida-nacional-e-assina-decreto-que-vai-elevar-preco-da-gasolina-e-do-etanol-em-junho-na-bahia\/#authorImage","url":"https:\/\/secure.gravatar.com\/avatar\/c17a617433de8c1dc9584bb79aab7563b46f5bb7e1728c9b17d9cc3ce6a08e49?s=96&d=mm&r=g","width":96,"height":96,"caption":"administrador"}},{"@type":"WebPage","@id":"https:\/\/newsinfoco.com.br\/inicio\/governador-segue-medida-nacional-e-assina-decreto-que-vai-elevar-preco-da-gasolina-e-do-etanol-em-junho-na-bahia\/#webpage","url":"https:\/\/newsinfoco.com.br\/inicio\/governador-segue-medida-nacional-e-assina-decreto-que-vai-elevar-preco-da-gasolina-e-do-etanol-em-junho-na-bahia\/","name":"Governador segue medida nacional e assina decreto que vai elevar pre\u00e7o da gasolina e do etanol em junho na Bahia - News In Foco - Editado por Caio Pimenta","description":"O governador Jer\u00f4nimo Rodrigues (PT) publicou nesta ter\u00e7a-feira (30), no Di\u00e1rio Oficial do Estado, o decreto que altera a cobran\u00e7a do ICMS sobre a gasolina e o etanol a partir de junho. A principal mudan\u00e7a \u00e9 a volta dos tributos federais, autorizada pelo governo do presidente Luiz In\u00e1cio Lula da Silva (PT). Com a nova","inLanguage":"pt-BR","isPartOf":{"@id":"https:\/\/newsinfoco.com.br\/inicio\/#website"},"breadcrumb":{"@id":"https:\/\/newsinfoco.com.br\/inicio\/governador-segue-medida-nacional-e-assina-decreto-que-vai-elevar-preco-da-gasolina-e-do-etanol-em-junho-na-bahia\/#breadcrumblist"},"author":{"@id":"https:\/\/newsinfoco.com.br\/inicio\/author\/administrador\/#author"},"creator":{"@id":"https:\/\/newsinfoco.com.br\/inicio\/author\/administrador\/#author"},"image":{"@type":"ImageObject","url":"https:\/\/newsinfoco.com.br\/inicio\/wp-content\/uploads\/2023\/05\/16657849096349dc4da4fb8_1665784909_3x2_md.jpg","@id":"https:\/\/newsinfoco.com.br\/inicio\/governador-segue-medida-nacional-e-assina-decreto-que-vai-elevar-preco-da-gasolina-e-do-etanol-em-junho-na-bahia\/#mainImage","width":768,"height":512},"primaryImageOfPage":{"@id":"https:\/\/newsinfoco.com.br\/inicio\/governador-segue-medida-nacional-e-assina-decreto-que-vai-elevar-preco-da-gasolina-e-do-etanol-em-junho-na-bahia\/#mainImage"},"datePublished":"2023-05-30T17:15:38-03:00","dateModified":"2023-05-30T17:15:38-03:00"},{"@type":"WebSite","@id":"https:\/\/newsinfoco.com.br\/inicio\/#website","url":"https:\/\/newsinfoco.com.br\/inicio\/","name":"News In Foco - Editado por Caio Pimenta","description":"O principal site de noticias de Alagoinhas e regi\u00e3o","inLanguage":"pt-BR","publisher":{"@id":"https:\/\/newsinfoco.com.br\/inicio\/#organization"}}]},"og:locale":"pt_BR","og:site_name":"News In Foco - Editado por Caio Pimenta - O principal site de noticias de Alagoinhas e regi\u00e3o","og:type":"article","og:title":"Governador segue medida nacional e assina decreto que vai elevar pre\u00e7o da gasolina e do etanol em junho na Bahia - News In Foco - Editado por Caio Pimenta","og:description":"O governador Jer\u00f4nimo Rodrigues (PT) publicou nesta ter\u00e7a-feira (30), no Di\u00e1rio Oficial do Estado, o decreto que altera a cobran\u00e7a do ICMS sobre a gasolina e o etanol a partir de junho. A principal mudan\u00e7a \u00e9 a volta dos tributos federais, autorizada pelo governo do presidente Luiz In\u00e1cio Lula da Silva (PT). Com a nova","og:url":"https:\/\/newsinfoco.com.br\/inicio\/governador-segue-medida-nacional-e-assina-decreto-que-vai-elevar-preco-da-gasolina-e-do-etanol-em-junho-na-bahia\/","article:published_time":"2023-05-30T20:15:38+00:00","article:modified_time":"2023-05-30T20:15:38+00:00","twitter:card":"summary_large_image","twitter:title":"Governador segue medida nacional e assina decreto que vai elevar pre\u00e7o da gasolina e do etanol em junho na Bahia - News In Foco - Editado por Caio Pimenta","twitter:description":"O governador Jer\u00f4nimo Rodrigues (PT) publicou nesta ter\u00e7a-feira (30), no Di\u00e1rio Oficial do Estado, o decreto que altera a cobran\u00e7a do ICMS sobre a gasolina e o etanol a partir de junho. A principal mudan\u00e7a \u00e9 a volta dos tributos federais, autorizada pelo governo do presidente Luiz In\u00e1cio Lula da Silva (PT). Com a nova"},"aioseo_meta_data":{"post_id":"34149","title":null,"description":null,"keywords":null,"keyphrases":null,"primary_term":null,"canonical_url":null,"og_title":null,"og_description":null,"og_object_type":"default","og_image_type":"default","og_image_url":null,"og_image_width":null,"og_image_height":null,"og_image_custom_url":null,"og_image_custom_fields":null,"og_video":null,"og_custom_url":null,"og_article_section":null,"og_article_tags":null,"twitter_use_og":false,"twitter_card":"default","twitter_image_type":"default","twitter_image_url":null,"twitter_image_custom_url":null,"twitter_image_custom_fields":null,"twitter_title":null,"twitter_description":null,"schema":{"blockGraphs":[],"customGraphs":[],"default":{"data":{"Article":[],"Course":[],"Dataset":[],"FAQPage":[],"Movie":[],"Person":[],"Product":[],"ProductReview":[],"Car":[],"Recipe":[],"Service":[],"SoftwareApplication":[],"WebPage":[]},"graphName":"","isEnabled":true},"graphs":[]},"schema_type":"default","schema_type_options":null,"pillar_content":false,"robots_default":true,"robots_noindex":false,"robots_noarchive":false,"robots_nosnippet":false,"robots_nofollow":false,"robots_noimageindex":false,"robots_noodp":false,"robots_notranslate":false,"robots_max_snippet":null,"robots_max_videopreview":null,"robots_max_imagepreview":"large","priority":null,"frequency":null,"local_seo":null,"breadcrumb_settings":null,"limit_modified_date":false,"ai":null,"created":"2023-06-12 23:34:00","updated":"2025-07-11 09:47:43","seo_analyzer_scan_date":null},"aioseo_breadcrumb":"<div class=\"aioseo-breadcrumbs\"><span class=\"aioseo-breadcrumb\">\n\t\t\t<a href=\"https:\/\/newsinfoco.com.br\/inicio\" title=\"In\u00edcio\">In\u00edcio<\/a>\n\t\t<\/span><span class=\"aioseo-breadcrumb-separator\">&raquo;<\/span><span class=\"aioseo-breadcrumb\">\n\t\t\t<a href=\"https:\/\/newsinfoco.com.br\/inicio\/category\/bahia\/\" title=\"Bahia\">Bahia<\/a>\n\t\t<\/span><span class=\"aioseo-breadcrumb-separator\">&raquo;<\/span><span class=\"aioseo-breadcrumb\">\n\t\t\tGovernador segue medida nacional e assina decreto que vai elevar pre\u00e7o da gasolina e do etanol em junho na Bahia\n\t\t<\/span><\/div>","aioseo_breadcrumb_json":[{"label":"In\u00edcio","link":"https:\/\/newsinfoco.com.br\/inicio"},{"label":"Bahia","link":"https:\/\/newsinfoco.com.br\/inicio\/category\/bahia\/"},{"label":"Governador segue medida nacional e assina decreto que vai elevar pre\u00e7o da gasolina e do etanol em junho na Bahia","link":"https:\/\/newsinfoco.com.br\/inicio\/governador-segue-medida-nacional-e-assina-decreto-que-vai-elevar-preco-da-gasolina-e-do-etanol-em-junho-na-bahia\/"}],"_links":{"self":[{"href":"https:\/\/newsinfoco.com.br\/inicio\/wp-json\/wp\/v2\/posts\/34149","targetHints":{"allow":["GET"]}}],"collection":[{"href":"https:\/\/newsinfoco.com.br\/inicio\/wp-json\/wp\/v2\/posts"}],"about":[{"href":"https:\/\/newsinfoco.com.br\/inicio\/wp-json\/wp\/v2\/types\/post"}],"author":[{"embeddable":true,"href":"https:\/\/newsinfoco.com.br\/inicio\/wp-json\/wp\/v2\/users\/1"}],"replies":[{"embeddable":true,"href":"https:\/\/newsinfoco.com.br\/inicio\/wp-json\/wp\/v2\/comments?post=34149"}],"version-history":[{"count":1,"href":"https:\/\/newsinfoco.com.br\/inicio\/wp-json\/wp\/v2\/posts\/34149\/revisions"}],"predecessor-version":[{"id":34151,"href":"https:\/\/newsinfoco.com.br\/inicio\/wp-json\/wp\/v2\/posts\/34149\/revisions\/34151"}],"wp:featuredmedia":[{"embeddable":true,"href":"https:\/\/newsinfoco.com.br\/inicio\/wp-json\/wp\/v2\/media\/34150"}],"wp:attachment":[{"href":"https:\/\/newsinfoco.com.br\/inicio\/wp-json\/wp\/v2\/media?parent=34149"}],"wp:term":[{"taxonomy":"category","embeddable":true,"href":"https:\/\/newsinfoco.com.br\/inicio\/wp-json\/wp\/v2\/categories?post=34149"},{"taxonomy":"post_tag","embeddable":true,"href":"https:\/\/newsinfoco.com.br\/inicio\/wp-json\/wp\/v2\/tags?post=34149"}],"curies":[{"name":"wp","href":"https:\/\/api.w.org\/{rel}","templated":true}]}}