{"id":34157,"date":"2023-05-30T18:16:48","date_gmt":"2023-05-30T21:16:48","guid":{"rendered":"https:\/\/newsinfoco.com.br\/inicio\/?p=34157"},"modified":"2023-05-30T18:16:48","modified_gmt":"2023-05-30T21:16:48","slug":"adolfo-menezes-promulga-alteracao-na-constituicao-baiana-que-eleva-valor-das-emendas-dos-deputados-estaduais","status":"publish","type":"post","link":"https:\/\/newsinfoco.com.br\/inicio\/adolfo-menezes-promulga-alteracao-na-constituicao-baiana-que-eleva-valor-das-emendas-dos-deputados-estaduais\/","title":{"rendered":"Adolfo Menezes promulga altera\u00e7\u00e3o na Constitui\u00e7\u00e3o baiana que eleva valor das emendas dos deputados estaduais"},"content":{"rendered":"<p>O presidente da Assembleia Legislativa, deputado Adolfo Menezes (PSD), promulgou nesta ter\u00e7a-feira (30) a mudan\u00e7a na Constitui\u00e7\u00e3o da Bahia que eleva o valor das emendas pagas todos os anos, via or\u00e7amento do governo, para os deputados estaduais. A proposta de altera\u00e7\u00e3o constitucional, de autoria do deputado Marquinho Viana (PV), foi aprovada no \u00faltimo dia 23, no plen\u00e1rio da Casa, por acordo entre as bancadas da maioria e da minoria.<\/p>\n<p>Dessa forma, o valor das emendas pagas aos 63 parlamentares da Assembleia, que correspondia a 0,33% da receita corrente l\u00edquida do Estado, sobe para 0,70% em 2024 e 1% em 2025. Ou seja, haver\u00e1 o salto de R$ 2,3 milh\u00f5es para quase R$ 7 milh\u00f5es, o que depende da evolu\u00e7\u00e3o da arrecada\u00e7\u00e3o do governo.<\/p>\n<p>A proposta foi aprovada na Assembleia em comum acordo com o governador Jer\u00f4nimo Rodrigues (PT), que se reuniu com parlamentares tanto do governo quanto da oposi\u00e7\u00e3o para tratar do assunto. Foi o chefe do Executivo estadual, com base em estudos da Secretaria da Fazenda, que pediu a eleva\u00e7\u00e3o do valor das emendas em duas etapas, e n\u00e3o diretamente de 0,33% para 1%, como era o projeto original de Marquinho Viana.<\/p>\n<p>A mudan\u00e7a na Constitui\u00e7\u00e3o tamb\u00e9m alterou o percentual de \u201cengessamento\u201d das emendas dos deputados estaduais. Antes, 50% dos recursos deveriam ser destinados para a\u00e7\u00f5es na \u00e1rea da sa\u00fade e 25% para a educa\u00e7\u00e3o, e s\u00f3 o restante (25%) para obras de infraestrutura, por exemplo. Agora, para a educa\u00e7\u00e3o o valor \u00e9 de 15%, ficando 35% livres.<\/p>\n<p>As emendas parlamentares passaram a ser impositivas, ou seja, com pagamento obrigat\u00f3rio, a partir do governo Rui Costa (PT), atual ministro da Casa Civil. Entretanto, isso nunca ocorreu na pr\u00e1tica, principalmente em rela\u00e7\u00e3o \u00e0 oposi\u00e7\u00e3o, uma vez que os deputados da base governista sempre foram priorizados. Jer\u00f4nimo prometeu pagar as emendas conforme a Constitui\u00e7\u00e3o e sem fazer distin\u00e7\u00e3o entre aliados e oposicionistas.<\/p>\n<p>Vale lembrar que as emendas s\u00e3o recursos destinados pelos deputados, via or\u00e7amento do Estado, para obras e a\u00e7\u00f5es de investimento e custeio nos munic\u00edpios da Bahia. Ou seja, se transformam em benef\u00edcios para a popula\u00e7\u00e3o de forma direta. A eleva\u00e7\u00e3o do percentual tamb\u00e9m foi aprovada em outros estados do pa\u00eds.<\/p>\n<p>&nbsp;<\/p>\n<p><span class=\"assinatura_exclusiva\">Pol\u00edtica Livre<\/span><\/p>\n<div class='share-to-whatsapp-wrapper'><div class='share-on-whsp'>Share on: <\/div><a data-text='Adolfo Menezes promulga altera\u00e7\u00e3o na Constitui\u00e7\u00e3o baiana que eleva valor das emendas dos deputados estaduais' data-link='https:\/\/newsinfoco.com.br\/inicio\/adolfo-menezes-promulga-alteracao-na-constituicao-baiana-que-eleva-valor-das-emendas-dos-deputados-estaduais\/' class='whatsapp-button whatsapp-share'>WhatsApp<\/a><div class='clear '><\/div><\/div>","protected":false},"excerpt":{"rendered":"<p>O presidente da Assembleia Legislativa, deputado Adolfo Menezes (PSD), promulgou nesta ter\u00e7a-feira (30) a mudan\u00e7a na Constitui\u00e7\u00e3o da Bahia que eleva o valor das emendas pagas todos os anos, via or\u00e7amento do governo, para os deputados estaduais. A proposta de altera\u00e7\u00e3o constitucional, de autoria do deputado Marquinho Viana (PV), foi aprovada no \u00faltimo dia 23, [&hellip;]<\/p>\n","protected":false},"author":1,"featured_media":34158,"comment_status":"closed","ping_status":"closed","sticky":false,"template":"","format":"standard","meta":{"om_disable_all_campaigns":false,"rop_custom_images_group":[],"rop_custom_messages_group":[],"rop_publish_now":"initial","rop_publish_now_accounts":[],"rop_publish_now_history":[],"rop_publish_now_status":"pending","_exactmetrics_skip_tracking":false,"footnotes":""},"categories":[19],"tags":[],"class_list":["post-34157","post","type-post","status-publish","format-standard","has-post-thumbnail","hentry","category-bahia"],"aioseo_notices":[],"aioseo_head":"\n\t\t<!-- All in One SEO 4.9.10 - aioseo.com -->\n\t<meta name=\"description\" content=\"O presidente da Assembleia Legislativa, deputado Adolfo Menezes (PSD), promulgou nesta ter\u00e7a-feira (30) a mudan\u00e7a na Constitui\u00e7\u00e3o da Bahia que eleva o valor das emendas pagas todos os anos, via or\u00e7amento do governo, para os deputados estaduais. A proposta de altera\u00e7\u00e3o constitucional, de autoria do deputado Marquinho Viana (PV), foi aprovada no \u00faltimo dia 23,\" \/>\n\t<meta name=\"robots\" content=\"max-image-preview:large\" \/>\n\t<meta name=\"author\" content=\"administrador\"\/>\n\t<link rel=\"canonical\" href=\"https:\/\/newsinfoco.com.br\/inicio\/adolfo-menezes-promulga-alteracao-na-constituicao-baiana-que-eleva-valor-das-emendas-dos-deputados-estaduais\/\" \/>\n\t<meta name=\"generator\" content=\"All in One SEO (AIOSEO) 4.9.10\" \/>\n\t\t<meta property=\"og:locale\" content=\"pt_BR\" \/>\n\t\t<meta property=\"og:site_name\" content=\"News In Foco - Editado por Caio Pimenta - O principal site de noticias de Alagoinhas e regi\u00e3o\" \/>\n\t\t<meta property=\"og:type\" content=\"article\" \/>\n\t\t<meta property=\"og:title\" content=\"Adolfo Menezes promulga altera\u00e7\u00e3o na Constitui\u00e7\u00e3o baiana que eleva valor das emendas dos deputados estaduais - News In Foco - Editado por Caio Pimenta\" \/>\n\t\t<meta property=\"og:description\" content=\"O presidente da Assembleia Legislativa, deputado Adolfo Menezes (PSD), promulgou nesta ter\u00e7a-feira (30) a mudan\u00e7a na Constitui\u00e7\u00e3o da Bahia que eleva o valor das emendas pagas todos os anos, via or\u00e7amento do governo, para os deputados estaduais. A proposta de altera\u00e7\u00e3o constitucional, de autoria do deputado Marquinho Viana (PV), foi aprovada no \u00faltimo dia 23,\" \/>\n\t\t<meta property=\"og:url\" content=\"https:\/\/newsinfoco.com.br\/inicio\/adolfo-menezes-promulga-alteracao-na-constituicao-baiana-que-eleva-valor-das-emendas-dos-deputados-estaduais\/\" \/>\n\t\t<meta property=\"article:published_time\" content=\"2023-05-30T21:16:48+00:00\" \/>\n\t\t<meta property=\"article:modified_time\" content=\"2023-05-30T21:16:48+00:00\" \/>\n\t\t<meta name=\"twitter:card\" content=\"summary_large_image\" \/>\n\t\t<meta name=\"twitter:title\" content=\"Adolfo Menezes promulga altera\u00e7\u00e3o na Constitui\u00e7\u00e3o baiana que eleva valor das emendas dos deputados estaduais - News In Foco - Editado por Caio Pimenta\" \/>\n\t\t<meta name=\"twitter:description\" content=\"O presidente da Assembleia Legislativa, deputado Adolfo Menezes (PSD), promulgou nesta ter\u00e7a-feira (30) a mudan\u00e7a na Constitui\u00e7\u00e3o da Bahia que eleva o valor das emendas pagas todos os anos, via or\u00e7amento do governo, para os deputados estaduais. A proposta de altera\u00e7\u00e3o constitucional, de autoria do deputado Marquinho Viana (PV), foi aprovada no \u00faltimo dia 23,\" \/>\n\t\t<script type=\"application\/ld+json\" class=\"aioseo-schema\">\n\t\t\t{\"@context\":\"https:\\\/\\\/schema.org\",\"@graph\":[{\"@type\":\"BlogPosting\",\"@id\":\"https:\\\/\\\/newsinfoco.com.br\\\/inicio\\\/adolfo-menezes-promulga-alteracao-na-constituicao-baiana-que-eleva-valor-das-emendas-dos-deputados-estaduais\\\/#blogposting\",\"name\":\"Adolfo Menezes promulga altera\\u00e7\\u00e3o na Constitui\\u00e7\\u00e3o baiana que eleva valor das emendas dos deputados estaduais - News In Foco - Editado por Caio Pimenta\",\"headline\":\"Adolfo Menezes promulga altera\\u00e7\\u00e3o na Constitui\\u00e7\\u00e3o baiana que eleva valor das emendas dos deputados estaduais\",\"author\":{\"@id\":\"https:\\\/\\\/newsinfoco.com.br\\\/inicio\\\/author\\\/administrador\\\/#author\"},\"publisher\":{\"@id\":\"https:\\\/\\\/newsinfoco.com.br\\\/inicio\\\/#organization\"},\"image\":{\"@type\":\"ImageObject\",\"url\":\"https:\\\/\\\/newsinfoco.com.br\\\/inicio\\\/wp-content\\\/uploads\\\/2023\\\/05\\\/54911-901467-2022-04-20-11-01-38.jpg\",\"width\":951,\"height\":535},\"datePublished\":\"2023-05-30T18:16:48-03:00\",\"dateModified\":\"2023-05-30T18:16:48-03:00\",\"inLanguage\":\"pt-BR\",\"mainEntityOfPage\":{\"@id\":\"https:\\\/\\\/newsinfoco.com.br\\\/inicio\\\/adolfo-menezes-promulga-alteracao-na-constituicao-baiana-que-eleva-valor-das-emendas-dos-deputados-estaduais\\\/#webpage\"},\"isPartOf\":{\"@id\":\"https:\\\/\\\/newsinfoco.com.br\\\/inicio\\\/adolfo-menezes-promulga-alteracao-na-constituicao-baiana-que-eleva-valor-das-emendas-dos-deputados-estaduais\\\/#webpage\"},\"articleSection\":\"Bahia\"},{\"@type\":\"BreadcrumbList\",\"@id\":\"https:\\\/\\\/newsinfoco.com.br\\\/inicio\\\/adolfo-menezes-promulga-alteracao-na-constituicao-baiana-que-eleva-valor-das-emendas-dos-deputados-estaduais\\\/#breadcrumblist\",\"itemListElement\":[{\"@type\":\"ListItem\",\"@id\":\"https:\\\/\\\/newsinfoco.com.br\\\/inicio#listItem\",\"position\":1,\"name\":\"In\\u00edcio\",\"item\":\"https:\\\/\\\/newsinfoco.com.br\\\/inicio\",\"nextItem\":{\"@type\":\"ListItem\",\"@id\":\"https:\\\/\\\/newsinfoco.com.br\\\/inicio\\\/category\\\/bahia\\\/#listItem\",\"name\":\"Bahia\"}},{\"@type\":\"ListItem\",\"@id\":\"https:\\\/\\\/newsinfoco.com.br\\\/inicio\\\/category\\\/bahia\\\/#listItem\",\"position\":2,\"name\":\"Bahia\",\"item\":\"https:\\\/\\\/newsinfoco.com.br\\\/inicio\\\/category\\\/bahia\\\/\",\"nextItem\":{\"@type\":\"ListItem\",\"@id\":\"https:\\\/\\\/newsinfoco.com.br\\\/inicio\\\/adolfo-menezes-promulga-alteracao-na-constituicao-baiana-que-eleva-valor-das-emendas-dos-deputados-estaduais\\\/#listItem\",\"name\":\"Adolfo Menezes promulga altera\\u00e7\\u00e3o na Constitui\\u00e7\\u00e3o baiana que eleva valor das emendas dos deputados estaduais\"},\"previousItem\":{\"@type\":\"ListItem\",\"@id\":\"https:\\\/\\\/newsinfoco.com.br\\\/inicio#listItem\",\"name\":\"In\\u00edcio\"}},{\"@type\":\"ListItem\",\"@id\":\"https:\\\/\\\/newsinfoco.com.br\\\/inicio\\\/adolfo-menezes-promulga-alteracao-na-constituicao-baiana-que-eleva-valor-das-emendas-dos-deputados-estaduais\\\/#listItem\",\"position\":3,\"name\":\"Adolfo Menezes promulga altera\\u00e7\\u00e3o na Constitui\\u00e7\\u00e3o baiana que eleva valor das emendas dos deputados estaduais\",\"previousItem\":{\"@type\":\"ListItem\",\"@id\":\"https:\\\/\\\/newsinfoco.com.br\\\/inicio\\\/category\\\/bahia\\\/#listItem\",\"name\":\"Bahia\"}}]},{\"@type\":\"Organization\",\"@id\":\"https:\\\/\\\/newsinfoco.com.br\\\/inicio\\\/#organization\",\"name\":\"News In Foco - Editado por Caio Pimenta\",\"description\":\"O principal site de noticias de Alagoinhas e regi\\u00e3o\",\"url\":\"https:\\\/\\\/newsinfoco.com.br\\\/inicio\\\/\"},{\"@type\":\"Person\",\"@id\":\"https:\\\/\\\/newsinfoco.com.br\\\/inicio\\\/author\\\/administrador\\\/#author\",\"url\":\"https:\\\/\\\/newsinfoco.com.br\\\/inicio\\\/author\\\/administrador\\\/\",\"name\":\"administrador\",\"image\":{\"@type\":\"ImageObject\",\"@id\":\"https:\\\/\\\/newsinfoco.com.br\\\/inicio\\\/adolfo-menezes-promulga-alteracao-na-constituicao-baiana-que-eleva-valor-das-emendas-dos-deputados-estaduais\\\/#authorImage\",\"url\":\"https:\\\/\\\/secure.gravatar.com\\\/avatar\\\/c17a617433de8c1dc9584bb79aab7563b46f5bb7e1728c9b17d9cc3ce6a08e49?s=96&d=mm&r=g\",\"width\":96,\"height\":96,\"caption\":\"administrador\"}},{\"@type\":\"WebPage\",\"@id\":\"https:\\\/\\\/newsinfoco.com.br\\\/inicio\\\/adolfo-menezes-promulga-alteracao-na-constituicao-baiana-que-eleva-valor-das-emendas-dos-deputados-estaduais\\\/#webpage\",\"url\":\"https:\\\/\\\/newsinfoco.com.br\\\/inicio\\\/adolfo-menezes-promulga-alteracao-na-constituicao-baiana-que-eleva-valor-das-emendas-dos-deputados-estaduais\\\/\",\"name\":\"Adolfo Menezes promulga altera\\u00e7\\u00e3o na Constitui\\u00e7\\u00e3o baiana que eleva valor das emendas dos deputados estaduais - News In Foco - Editado por Caio Pimenta\",\"description\":\"O presidente da Assembleia Legislativa, deputado Adolfo Menezes (PSD), promulgou nesta ter\\u00e7a-feira (30) a mudan\\u00e7a na Constitui\\u00e7\\u00e3o da Bahia que eleva o valor das emendas pagas todos os anos, via or\\u00e7amento do governo, para os deputados estaduais. A proposta de altera\\u00e7\\u00e3o constitucional, de autoria do deputado Marquinho Viana (PV), foi aprovada no \\u00faltimo dia 23,\",\"inLanguage\":\"pt-BR\",\"isPartOf\":{\"@id\":\"https:\\\/\\\/newsinfoco.com.br\\\/inicio\\\/#website\"},\"breadcrumb\":{\"@id\":\"https:\\\/\\\/newsinfoco.com.br\\\/inicio\\\/adolfo-menezes-promulga-alteracao-na-constituicao-baiana-que-eleva-valor-das-emendas-dos-deputados-estaduais\\\/#breadcrumblist\"},\"author\":{\"@id\":\"https:\\\/\\\/newsinfoco.com.br\\\/inicio\\\/author\\\/administrador\\\/#author\"},\"creator\":{\"@id\":\"https:\\\/\\\/newsinfoco.com.br\\\/inicio\\\/author\\\/administrador\\\/#author\"},\"image\":{\"@type\":\"ImageObject\",\"url\":\"https:\\\/\\\/newsinfoco.com.br\\\/inicio\\\/wp-content\\\/uploads\\\/2023\\\/05\\\/54911-901467-2022-04-20-11-01-38.jpg\",\"@id\":\"https:\\\/\\\/newsinfoco.com.br\\\/inicio\\\/adolfo-menezes-promulga-alteracao-na-constituicao-baiana-que-eleva-valor-das-emendas-dos-deputados-estaduais\\\/#mainImage\",\"width\":951,\"height\":535},\"primaryImageOfPage\":{\"@id\":\"https:\\\/\\\/newsinfoco.com.br\\\/inicio\\\/adolfo-menezes-promulga-alteracao-na-constituicao-baiana-que-eleva-valor-das-emendas-dos-deputados-estaduais\\\/#mainImage\"},\"datePublished\":\"2023-05-30T18:16:48-03:00\",\"dateModified\":\"2023-05-30T18:16:48-03:00\"},{\"@type\":\"WebSite\",\"@id\":\"https:\\\/\\\/newsinfoco.com.br\\\/inicio\\\/#website\",\"url\":\"https:\\\/\\\/newsinfoco.com.br\\\/inicio\\\/\",\"name\":\"News In Foco - Editado por Caio Pimenta\",\"description\":\"O principal site de noticias de Alagoinhas e regi\\u00e3o\",\"inLanguage\":\"pt-BR\",\"publisher\":{\"@id\":\"https:\\\/\\\/newsinfoco.com.br\\\/inicio\\\/#organization\"}}]}\n\t\t<\/script>\n\t\t<!-- All in One SEO -->\n\n","aioseo_head_json":{"title":"Adolfo Menezes promulga altera\u00e7\u00e3o na Constitui\u00e7\u00e3o baiana que eleva valor das emendas dos deputados estaduais - News In Foco - Editado por Caio Pimenta","description":"O presidente da Assembleia Legislativa, deputado Adolfo Menezes (PSD), promulgou nesta ter\u00e7a-feira (30) a mudan\u00e7a na Constitui\u00e7\u00e3o da Bahia que eleva o valor das emendas pagas todos os anos, via or\u00e7amento do governo, para os deputados estaduais. A proposta de altera\u00e7\u00e3o constitucional, de autoria do deputado Marquinho Viana (PV), foi aprovada no \u00faltimo dia 23,","canonical_url":"https:\/\/newsinfoco.com.br\/inicio\/adolfo-menezes-promulga-alteracao-na-constituicao-baiana-que-eleva-valor-das-emendas-dos-deputados-estaduais\/","robots":"max-image-preview:large","keywords":"","webmasterTools":{"miscellaneous":""},"schema":{"@context":"https:\/\/schema.org","@graph":[{"@type":"BlogPosting","@id":"https:\/\/newsinfoco.com.br\/inicio\/adolfo-menezes-promulga-alteracao-na-constituicao-baiana-que-eleva-valor-das-emendas-dos-deputados-estaduais\/#blogposting","name":"Adolfo Menezes promulga altera\u00e7\u00e3o na Constitui\u00e7\u00e3o baiana que eleva valor das emendas dos deputados estaduais - News In Foco - Editado por Caio Pimenta","headline":"Adolfo Menezes promulga altera\u00e7\u00e3o na Constitui\u00e7\u00e3o baiana que eleva valor das emendas dos deputados estaduais","author":{"@id":"https:\/\/newsinfoco.com.br\/inicio\/author\/administrador\/#author"},"publisher":{"@id":"https:\/\/newsinfoco.com.br\/inicio\/#organization"},"image":{"@type":"ImageObject","url":"https:\/\/newsinfoco.com.br\/inicio\/wp-content\/uploads\/2023\/05\/54911-901467-2022-04-20-11-01-38.jpg","width":951,"height":535},"datePublished":"2023-05-30T18:16:48-03:00","dateModified":"2023-05-30T18:16:48-03:00","inLanguage":"pt-BR","mainEntityOfPage":{"@id":"https:\/\/newsinfoco.com.br\/inicio\/adolfo-menezes-promulga-alteracao-na-constituicao-baiana-que-eleva-valor-das-emendas-dos-deputados-estaduais\/#webpage"},"isPartOf":{"@id":"https:\/\/newsinfoco.com.br\/inicio\/adolfo-menezes-promulga-alteracao-na-constituicao-baiana-que-eleva-valor-das-emendas-dos-deputados-estaduais\/#webpage"},"articleSection":"Bahia"},{"@type":"BreadcrumbList","@id":"https:\/\/newsinfoco.com.br\/inicio\/adolfo-menezes-promulga-alteracao-na-constituicao-baiana-que-eleva-valor-das-emendas-dos-deputados-estaduais\/#breadcrumblist","itemListElement":[{"@type":"ListItem","@id":"https:\/\/newsinfoco.com.br\/inicio#listItem","position":1,"name":"In\u00edcio","item":"https:\/\/newsinfoco.com.br\/inicio","nextItem":{"@type":"ListItem","@id":"https:\/\/newsinfoco.com.br\/inicio\/category\/bahia\/#listItem","name":"Bahia"}},{"@type":"ListItem","@id":"https:\/\/newsinfoco.com.br\/inicio\/category\/bahia\/#listItem","position":2,"name":"Bahia","item":"https:\/\/newsinfoco.com.br\/inicio\/category\/bahia\/","nextItem":{"@type":"ListItem","@id":"https:\/\/newsinfoco.com.br\/inicio\/adolfo-menezes-promulga-alteracao-na-constituicao-baiana-que-eleva-valor-das-emendas-dos-deputados-estaduais\/#listItem","name":"Adolfo Menezes promulga altera\u00e7\u00e3o na Constitui\u00e7\u00e3o baiana que eleva valor das emendas dos deputados estaduais"},"previousItem":{"@type":"ListItem","@id":"https:\/\/newsinfoco.com.br\/inicio#listItem","name":"In\u00edcio"}},{"@type":"ListItem","@id":"https:\/\/newsinfoco.com.br\/inicio\/adolfo-menezes-promulga-alteracao-na-constituicao-baiana-que-eleva-valor-das-emendas-dos-deputados-estaduais\/#listItem","position":3,"name":"Adolfo Menezes promulga altera\u00e7\u00e3o na Constitui\u00e7\u00e3o baiana que eleva valor das emendas dos deputados estaduais","previousItem":{"@type":"ListItem","@id":"https:\/\/newsinfoco.com.br\/inicio\/category\/bahia\/#listItem","name":"Bahia"}}]},{"@type":"Organization","@id":"https:\/\/newsinfoco.com.br\/inicio\/#organization","name":"News In Foco - Editado por Caio Pimenta","description":"O principal site de noticias de Alagoinhas e regi\u00e3o","url":"https:\/\/newsinfoco.com.br\/inicio\/"},{"@type":"Person","@id":"https:\/\/newsinfoco.com.br\/inicio\/author\/administrador\/#author","url":"https:\/\/newsinfoco.com.br\/inicio\/author\/administrador\/","name":"administrador","image":{"@type":"ImageObject","@id":"https:\/\/newsinfoco.com.br\/inicio\/adolfo-menezes-promulga-alteracao-na-constituicao-baiana-que-eleva-valor-das-emendas-dos-deputados-estaduais\/#authorImage","url":"https:\/\/secure.gravatar.com\/avatar\/c17a617433de8c1dc9584bb79aab7563b46f5bb7e1728c9b17d9cc3ce6a08e49?s=96&d=mm&r=g","width":96,"height":96,"caption":"administrador"}},{"@type":"WebPage","@id":"https:\/\/newsinfoco.com.br\/inicio\/adolfo-menezes-promulga-alteracao-na-constituicao-baiana-que-eleva-valor-das-emendas-dos-deputados-estaduais\/#webpage","url":"https:\/\/newsinfoco.com.br\/inicio\/adolfo-menezes-promulga-alteracao-na-constituicao-baiana-que-eleva-valor-das-emendas-dos-deputados-estaduais\/","name":"Adolfo Menezes promulga altera\u00e7\u00e3o na Constitui\u00e7\u00e3o baiana que eleva valor das emendas dos deputados estaduais - News In Foco - Editado por Caio Pimenta","description":"O presidente da Assembleia Legislativa, deputado Adolfo Menezes (PSD), promulgou nesta ter\u00e7a-feira (30) a mudan\u00e7a na Constitui\u00e7\u00e3o da Bahia que eleva o valor das emendas pagas todos os anos, via or\u00e7amento do governo, para os deputados estaduais. A proposta de altera\u00e7\u00e3o constitucional, de autoria do deputado Marquinho Viana (PV), foi aprovada no \u00faltimo dia 23,","inLanguage":"pt-BR","isPartOf":{"@id":"https:\/\/newsinfoco.com.br\/inicio\/#website"},"breadcrumb":{"@id":"https:\/\/newsinfoco.com.br\/inicio\/adolfo-menezes-promulga-alteracao-na-constituicao-baiana-que-eleva-valor-das-emendas-dos-deputados-estaduais\/#breadcrumblist"},"author":{"@id":"https:\/\/newsinfoco.com.br\/inicio\/author\/administrador\/#author"},"creator":{"@id":"https:\/\/newsinfoco.com.br\/inicio\/author\/administrador\/#author"},"image":{"@type":"ImageObject","url":"https:\/\/newsinfoco.com.br\/inicio\/wp-content\/uploads\/2023\/05\/54911-901467-2022-04-20-11-01-38.jpg","@id":"https:\/\/newsinfoco.com.br\/inicio\/adolfo-menezes-promulga-alteracao-na-constituicao-baiana-que-eleva-valor-das-emendas-dos-deputados-estaduais\/#mainImage","width":951,"height":535},"primaryImageOfPage":{"@id":"https:\/\/newsinfoco.com.br\/inicio\/adolfo-menezes-promulga-alteracao-na-constituicao-baiana-que-eleva-valor-das-emendas-dos-deputados-estaduais\/#mainImage"},"datePublished":"2023-05-30T18:16:48-03:00","dateModified":"2023-05-30T18:16:48-03:00"},{"@type":"WebSite","@id":"https:\/\/newsinfoco.com.br\/inicio\/#website","url":"https:\/\/newsinfoco.com.br\/inicio\/","name":"News In Foco - Editado por Caio Pimenta","description":"O principal site de noticias de Alagoinhas e regi\u00e3o","inLanguage":"pt-BR","publisher":{"@id":"https:\/\/newsinfoco.com.br\/inicio\/#organization"}}]},"og:locale":"pt_BR","og:site_name":"News In Foco - Editado por Caio Pimenta - O principal site de noticias de Alagoinhas e regi\u00e3o","og:type":"article","og:title":"Adolfo Menezes promulga altera\u00e7\u00e3o na Constitui\u00e7\u00e3o baiana que eleva valor das emendas dos deputados estaduais - News In Foco - Editado por Caio Pimenta","og:description":"O presidente da Assembleia Legislativa, deputado Adolfo Menezes (PSD), promulgou nesta ter\u00e7a-feira (30) a mudan\u00e7a na Constitui\u00e7\u00e3o da Bahia que eleva o valor das emendas pagas todos os anos, via or\u00e7amento do governo, para os deputados estaduais. A proposta de altera\u00e7\u00e3o constitucional, de autoria do deputado Marquinho Viana (PV), foi aprovada no \u00faltimo dia 23,","og:url":"https:\/\/newsinfoco.com.br\/inicio\/adolfo-menezes-promulga-alteracao-na-constituicao-baiana-que-eleva-valor-das-emendas-dos-deputados-estaduais\/","article:published_time":"2023-05-30T21:16:48+00:00","article:modified_time":"2023-05-30T21:16:48+00:00","twitter:card":"summary_large_image","twitter:title":"Adolfo Menezes promulga altera\u00e7\u00e3o na Constitui\u00e7\u00e3o baiana que eleva valor das emendas dos deputados estaduais - News In Foco - Editado por Caio Pimenta","twitter:description":"O presidente da Assembleia Legislativa, deputado Adolfo Menezes (PSD), promulgou nesta ter\u00e7a-feira (30) a mudan\u00e7a na Constitui\u00e7\u00e3o da Bahia que eleva o valor das emendas pagas todos os anos, via or\u00e7amento do governo, para os deputados estaduais. A proposta de altera\u00e7\u00e3o constitucional, de autoria do deputado Marquinho Viana (PV), foi aprovada no \u00faltimo dia 23,"},"aioseo_meta_data":{"post_id":"34157","title":null,"description":null,"keywords":null,"keyphrases":null,"primary_term":null,"canonical_url":null,"og_title":null,"og_description":null,"og_object_type":"default","og_image_type":"default","og_image_url":null,"og_image_width":null,"og_image_height":null,"og_image_custom_url":null,"og_image_custom_fields":null,"og_video":null,"og_custom_url":null,"og_article_section":null,"og_article_tags":null,"twitter_use_og":false,"twitter_card":"default","twitter_image_type":"default","twitter_image_url":null,"twitter_image_custom_url":null,"twitter_image_custom_fields":null,"twitter_title":null,"twitter_description":null,"schema":{"blockGraphs":[],"customGraphs":[],"default":{"data":{"Article":[],"Course":[],"Dataset":[],"FAQPage":[],"Movie":[],"Person":[],"Product":[],"ProductReview":[],"Car":[],"Recipe":[],"Service":[],"SoftwareApplication":[],"WebPage":[]},"graphName":"","isEnabled":true},"graphs":[]},"schema_type":"default","schema_type_options":null,"pillar_content":false,"robots_default":true,"robots_noindex":false,"robots_noarchive":false,"robots_nosnippet":false,"robots_nofollow":false,"robots_noimageindex":false,"robots_noodp":false,"robots_notranslate":false,"robots_max_snippet":null,"robots_max_videopreview":null,"robots_max_imagepreview":"large","priority":null,"frequency":null,"local_seo":null,"breadcrumb_settings":null,"limit_modified_date":false,"ai":null,"created":"2023-06-12 23:34:00","updated":"2025-07-11 09:49:05","seo_analyzer_scan_date":null},"aioseo_breadcrumb":"<div class=\"aioseo-breadcrumbs\"><span class=\"aioseo-breadcrumb\">\n\t\t\t<a href=\"https:\/\/newsinfoco.com.br\/inicio\" title=\"In\u00edcio\">In\u00edcio<\/a>\n\t\t<\/span><span class=\"aioseo-breadcrumb-separator\">&raquo;<\/span><span class=\"aioseo-breadcrumb\">\n\t\t\t<a href=\"https:\/\/newsinfoco.com.br\/inicio\/category\/bahia\/\" title=\"Bahia\">Bahia<\/a>\n\t\t<\/span><span class=\"aioseo-breadcrumb-separator\">&raquo;<\/span><span class=\"aioseo-breadcrumb\">\n\t\t\tAdolfo Menezes promulga altera\u00e7\u00e3o na Constitui\u00e7\u00e3o baiana que eleva valor das emendas dos deputados estaduais\n\t\t<\/span><\/div>","aioseo_breadcrumb_json":[{"label":"In\u00edcio","link":"https:\/\/newsinfoco.com.br\/inicio"},{"label":"Bahia","link":"https:\/\/newsinfoco.com.br\/inicio\/category\/bahia\/"},{"label":"Adolfo Menezes promulga altera\u00e7\u00e3o na Constitui\u00e7\u00e3o baiana que eleva valor das emendas dos deputados estaduais","link":"https:\/\/newsinfoco.com.br\/inicio\/adolfo-menezes-promulga-alteracao-na-constituicao-baiana-que-eleva-valor-das-emendas-dos-deputados-estaduais\/"}],"_links":{"self":[{"href":"https:\/\/newsinfoco.com.br\/inicio\/wp-json\/wp\/v2\/posts\/34157","targetHints":{"allow":["GET"]}}],"collection":[{"href":"https:\/\/newsinfoco.com.br\/inicio\/wp-json\/wp\/v2\/posts"}],"about":[{"href":"https:\/\/newsinfoco.com.br\/inicio\/wp-json\/wp\/v2\/types\/post"}],"author":[{"embeddable":true,"href":"https:\/\/newsinfoco.com.br\/inicio\/wp-json\/wp\/v2\/users\/1"}],"replies":[{"embeddable":true,"href":"https:\/\/newsinfoco.com.br\/inicio\/wp-json\/wp\/v2\/comments?post=34157"}],"version-history":[{"count":1,"href":"https:\/\/newsinfoco.com.br\/inicio\/wp-json\/wp\/v2\/posts\/34157\/revisions"}],"predecessor-version":[{"id":34159,"href":"https:\/\/newsinfoco.com.br\/inicio\/wp-json\/wp\/v2\/posts\/34157\/revisions\/34159"}],"wp:featuredmedia":[{"embeddable":true,"href":"https:\/\/newsinfoco.com.br\/inicio\/wp-json\/wp\/v2\/media\/34158"}],"wp:attachment":[{"href":"https:\/\/newsinfoco.com.br\/inicio\/wp-json\/wp\/v2\/media?parent=34157"}],"wp:term":[{"taxonomy":"category","embeddable":true,"href":"https:\/\/newsinfoco.com.br\/inicio\/wp-json\/wp\/v2\/categories?post=34157"},{"taxonomy":"post_tag","embeddable":true,"href":"https:\/\/newsinfoco.com.br\/inicio\/wp-json\/wp\/v2\/tags?post=34157"}],"curies":[{"name":"wp","href":"https:\/\/api.w.org\/{rel}","templated":true}]}}