{"id":3416,"date":"2018-05-05T11:55:51","date_gmt":"2018-05-05T14:55:51","guid":{"rendered":"http:\/\/newsinfoco.com.br\/?p=3416"},"modified":"2018-05-05T11:55:51","modified_gmt":"2018-05-05T14:55:51","slug":"toffoli-envia-a-primeira-instancia-acoes-relativas-a-sete-politicos","status":"publish","type":"post","link":"https:\/\/newsinfoco.com.br\/inicio\/toffoli-envia-a-primeira-instancia-acoes-relativas-a-sete-politicos\/","title":{"rendered":"Toffoli envia \u00e0 primeira inst\u00e2ncia a\u00e7\u00f5es relativas a sete pol\u00edticos"},"content":{"rendered":"<p class=\"  \" style=\"text-align: justify;\"><span style=\"color: #000000;\">O ministro Dias Toffoli, do Supremo Tribunal Federal (STF), enviou nesta sexta-feira (4) para inst\u00e2ncias inferiores seis a\u00e7\u00f5es penais e um inqu\u00e9rito envolvendo parlamentares no exerc\u00edcio do mandato. A decis\u00e3o ocorreu em menos de 24 horas ap\u00f3s o plen\u00e1rio da Corte ter restringido o foro privilegiado para deputados federais e senadores.<\/span><\/p>\n<p class=\" \" style=\"text-align: justify;\"><span style=\"color: #000000;\">Os despachos que determinaram a baixa dos processos, todos envolvendo deputados, s\u00e3o assinados com a data de quinta-feira (3), mesmo dia em que o\u00a0<a style=\"color: #000000;\" href=\"http:\/\/ultimosegundo.ig.com.br\/politica\/2018-05-03\/foro-privilegiado-stf.html\" target=\"_blank\" rel=\"noopener\"><strong>STF<\/strong>\u00a0aprovou a restri\u00e7\u00e3o do foro por prerrogativa de fun\u00e7\u00e3o para deputados e senadores<\/a>\u00a0.<\/span><\/p><div class=\"newsi-conteudo_19\" id=\"newsi-919222972\"><a href=\"https:\/\/www.instagram.com\/prefeituraalagoinhas?igsh=YzgzdDJ1bWR3aWI4\" aria-label=\"SAVE_20251006_221555\"><img loading=\"lazy\" decoding=\"async\" src=\"https:\/\/newsinfoco.com.br\/inicio\/wp-content\/uploads\/2025\/10\/SAVE_20251006_221555-rotated.jpg\" alt=\"\"  srcset=\"https:\/\/newsinfoco.com.br\/inicio\/wp-content\/uploads\/2025\/10\/SAVE_20251006_221555-rotated.jpg 1140w, https:\/\/newsinfoco.com.br\/inicio\/wp-content\/uploads\/2025\/10\/SAVE_20251006_221555-300x52.jpg 300w, https:\/\/newsinfoco.com.br\/inicio\/wp-content\/uploads\/2025\/10\/SAVE_20251006_221555-1024x177.jpg 1024w, https:\/\/newsinfoco.com.br\/inicio\/wp-content\/uploads\/2025\/10\/SAVE_20251006_221555-768x133.jpg 768w, https:\/\/newsinfoco.com.br\/inicio\/wp-content\/uploads\/2025\/10\/SAVE_20251006_221555-600x104.jpg 600w, https:\/\/newsinfoco.com.br\/inicio\/wp-content\/uploads\/2025\/10\/SAVE_20251006_221555-696x120.jpg 696w, https:\/\/newsinfoco.com.br\/inicio\/wp-content\/uploads\/2025\/10\/SAVE_20251006_221555-1068x185.jpg 1068w\" sizes=\"(max-width: 1140px) 100vw, 1140px\" width=\"1140\" height=\"197\"   \/><\/a><\/div>\n<p style=\"text-align: justify;\"><span style=\"color: #000000;\">Os ministros decidiram, por 7 votos a 4, que os parlamentares s\u00f3 podem responder a um processo na Corte se as infra\u00e7\u00f5es penais ocorreram em raz\u00e3o da fun\u00e7\u00e3o e cometidas durante o mandato.<\/span><\/p>\n<p style=\"text-align: justify;\"><span style=\"color: #000000;\">Em todas as decis\u00f5es, Toffoli ressaltou que cada crime supostamente praticado pelos parlamentares \u201cn\u00e3o foi praticado no exerc\u00edcio do mandato de deputado federal\u201d ou \u201cn\u00e3o guarda rela\u00e7\u00e3o com o exerc\u00edcio do mandato de deputado federal\u201d.<\/span><\/p>\n<p style=\"text-align: justify;\"><span style=\"color: #000000;\">O inqu\u00e9rito, que corre em segredo de Justi\u00e7a, envolve o deputado Wladimir Costa (SD-PA), processado por tr\u00e1fico de influ\u00eancia. Na semana passada,\u00a0o\u00a0<a style=\"color: #000000;\" href=\"http:\/\/ultimosegundo.ig.com.br\/politica\/2018-04-27\/wladimir-costa-agressao-video.html\" target=\"_blank\" rel=\"noopener\">parlamentar foi filmado dando um soco em um homem durante um com\u00edcio no Par\u00e1<\/a>\u00a0.<\/span><\/p>\n<h3 style=\"text-align: justify;\"><span style=\"color: #000000;\">Quais s\u00e3o e por quais crimes respondem os deputados?<\/span><\/h3>\n<p style=\"text-align: justify;\"><span style=\"color: #000000;\">Os processos em que os investigados j\u00e1 tiveram den\u00fancia aceita e se tornaram r\u00e9us, s\u00e3o:<\/span><\/p>\n<ul style=\"text-align: justify;\">\n<li><span style=\"color: #000000;\">Deputado Alberto Fraga (DEM-DF): j\u00e1 condenado pelo Tribunal de Justi\u00e7a do Distrito Federal e Territ\u00f3rios (TJDFT), por porte ilegal de arma. O recurso do parlamentar tramitava no Supremo, mas o crime ocorreu em 7 de outubro de 2011, antes de ele assumir o mandato. Toffoli remeteu o caso de volta ao TJDFT.\u00a0<\/span><\/li>\n<li><span style=\"color: #000000;\">Deputado Roberto G\u00f3es (PDT-AP): denunciado por irregularidades no pagamento de pessoal quando era prefeito de Macap\u00e1. O caso foi enviado para a 3\u00aa Vara Criminal da capital do Amap\u00e1.\u00a0<\/span><\/li>\n<li><span style=\"color: #000000;\">Deputado Marcos Re\u00e1tegui (PSD-AP): denunciado por corrup\u00e7\u00e3o e lavagem de dinheiro por supostamente ter favorecido uma empresa de propriedade de amigos quando era procurador do estado do Amap\u00e1, em 2006. O caso foi remetido para a 4\u00aa Vara Criminal de Macap\u00e1.\u00a0<\/span><\/li>\n<li><span style=\"color: #000000;\">Deputado C\u00edcero Almeida (PHS-AL): denunciado por irregularidades em licita\u00e7\u00e3o supostamente cometidas em 2005, quando era prefeito de Macei\u00f3. O caso foi enviado para o Tribunal de Justi\u00e7a de Alagoas.\u00a0<\/span><\/li>\n<li><span style=\"color: #000000;\">Helder Salom\u00e3o (PT-ES): denunciado por fraude na contrata\u00e7\u00e3o de servi\u00e7os de t\u00e1xi quando era prefeito de Cariacica (ES), entre 2011 e 2014. O processo foi enviado para a 1\u00aa Vara Criminal do munic\u00edpio capixaba.\u00a0<\/span><\/li>\n<li><span style=\"color: #000000;\">Deputado Hidekazu Takayama (PSC-PR): denunciado por 12 pr\u00e1ticas de peculato. Os crimes teriam ocorrido entre 1999 e 2003, quando ele ocupava o cargo de deputado estadual do Paran\u00e1. O processo foi enviado para uma das varas criminais de Curitiba (PR), a ser especificada pela Justi\u00e7a local.\u00a0<\/span><\/li>\n<\/ul>\n<h3 style=\"text-align: justify;\"><span style=\"color: #000000;\">Decis\u00e3o unanime<\/span><\/h3>\n<p style=\"text-align: justify;\"><span style=\"color: #000000;\">Todos os 11 ministros da corte concordaram\u00a0em limitar o alcance dessa prorrogativa, mas houve diverg\u00eancias sobre at\u00e9 que ponto iria a abrang\u00eancia do foro especial.\u00a0<\/span><\/p>\n<p style=\"text-align: justify;\"><span style=\"color: #000000;\">Prevaleceu, por maioria de votos, o entendimento de que o\u00a0foro privilegiado\u00a0se aplica\u00a0apenas aos crimes cometidos durante o exerc\u00edcio do mandato e em fun\u00e7\u00e3o dele, e que,\u00a0ap\u00f3s o final da instru\u00e7\u00e3o processual, a compet\u00eancia n\u00e3o ser\u00e1 afetada em raz\u00e3o de o agente vir a ocupar outro cargo. Essa\u00a0tese foi defendida pelo\u00a0relator, Lu\u00eds Roberto Barroso, que foi acompanhado pelos ministros Edson Fachin, Rosa Weber, Luiz Fux, Marco Aur\u00e9lio, Celso de Mello e C\u00e1rmen L\u00facia.<\/span><\/p>\n<p style=\"text-align: justify;\"><span style=\"color: #000000;\">J\u00e1 os ministros Alexandre de Moraes, Dias Toffoli, Ricardo Lewandowski e Gilmar Mendes defenderam uma restri\u00e7\u00e3o menor. A principal\u00a0tese desse grupo previa\u00a0que\u00a0deputados e senadores devem responder no\u00a0<strong>STF<\/strong>\u00a0mesmo se forem acusados por crimes que n\u00e3o tenham rela\u00e7\u00e3o com os cargos ocupados atualmente.<\/span><\/p>\n<h6 style=\"text-align: right;\"><strong>Fonte:ig<\/strong><\/h6>\n<div class='share-to-whatsapp-wrapper'><div class='share-on-whsp'>Share on: <\/div><a data-text='Toffoli envia \u00e0 primeira inst\u00e2ncia a\u00e7\u00f5es relativas a sete pol\u00edticos' data-link='https:\/\/newsinfoco.com.br\/inicio\/toffoli-envia-a-primeira-instancia-acoes-relativas-a-sete-politicos\/' class='whatsapp-button whatsapp-share'>WhatsApp<\/a><div class='clear '><\/div><\/div>","protected":false},"excerpt":{"rendered":"<p>O ministro Dias Toffoli, do Supremo Tribunal Federal (STF), enviou nesta sexta-feira (4) para inst\u00e2ncias inferiores seis a\u00e7\u00f5es penais e um inqu\u00e9rito envolvendo parlamentares no exerc\u00edcio do mandato. A decis\u00e3o ocorreu em menos de 24 horas ap\u00f3s o plen\u00e1rio da Corte ter restringido o foro privilegiado para deputados federais e senadores. Os despachos que determinaram [&hellip;]<\/p>\n","protected":false},"author":1,"featured_media":3418,"comment_status":"open","ping_status":"open","sticky":false,"template":"","format":"standard","meta":{"om_disable_all_campaigns":false,"_exactmetrics_skip_tracking":false,"_exactmetrics_sitenote_active":false,"_exactmetrics_sitenote_note":"","_exactmetrics_sitenote_category":0,"footnotes":""},"categories":[21],"tags":[],"class_list":["post-3416","post","type-post","status-publish","format-standard","has-post-thumbnail","hentry","category-brasil"],"aioseo_notices":[],"_links":{"self":[{"href":"https:\/\/newsinfoco.com.br\/inicio\/wp-json\/wp\/v2\/posts\/3416","targetHints":{"allow":["GET"]}}],"collection":[{"href":"https:\/\/newsinfoco.com.br\/inicio\/wp-json\/wp\/v2\/posts"}],"about":[{"href":"https:\/\/newsinfoco.com.br\/inicio\/wp-json\/wp\/v2\/types\/post"}],"author":[{"embeddable":true,"href":"https:\/\/newsinfoco.com.br\/inicio\/wp-json\/wp\/v2\/users\/1"}],"replies":[{"embeddable":true,"href":"https:\/\/newsinfoco.com.br\/inicio\/wp-json\/wp\/v2\/comments?post=3416"}],"version-history":[{"count":0,"href":"https:\/\/newsinfoco.com.br\/inicio\/wp-json\/wp\/v2\/posts\/3416\/revisions"}],"wp:featuredmedia":[{"embeddable":true,"href":"https:\/\/newsinfoco.com.br\/inicio\/wp-json\/wp\/v2\/media\/3418"}],"wp:attachment":[{"href":"https:\/\/newsinfoco.com.br\/inicio\/wp-json\/wp\/v2\/media?parent=3416"}],"wp:term":[{"taxonomy":"category","embeddable":true,"href":"https:\/\/newsinfoco.com.br\/inicio\/wp-json\/wp\/v2\/categories?post=3416"},{"taxonomy":"post_tag","embeddable":true,"href":"https:\/\/newsinfoco.com.br\/inicio\/wp-json\/wp\/v2\/tags?post=3416"}],"curies":[{"name":"wp","href":"https:\/\/api.w.org\/{rel}","templated":true}]}}