{"id":34163,"date":"2023-05-31T10:47:27","date_gmt":"2023-05-31T13:47:27","guid":{"rendered":"https:\/\/newsinfoco.com.br\/inicio\/?p=34163"},"modified":"2023-05-31T10:47:27","modified_gmt":"2023-05-31T13:47:27","slug":"jornalistas-brasileiros-sao-agredidos-por-segurancas-do-ditador-venezuelano-nicolas-maduro","status":"publish","type":"post","link":"https:\/\/newsinfoco.com.br\/inicio\/jornalistas-brasileiros-sao-agredidos-por-segurancas-do-ditador-venezuelano-nicolas-maduro\/","title":{"rendered":"Jornalistas brasileiros s\u00e3o agredidos por seguran\u00e7as do ditador venezuelano, Nicol\u00e1s Maduro"},"content":{"rendered":"<p>O encontro da Uni\u00e3o de Na\u00e7\u00f5es Sul-Americanas (Unasul) acabou na noite desta ter\u00e7a-feira, 30, com agress\u00f5es de jornalistas por parte de seguran\u00e7as do ditador venezuelano, Nicol\u00e1s Maduro, e de agentes do Gabinete de Seguran\u00e7a Institucional (GSI) da Presid\u00eancia da Rep\u00fablica. O Minist\u00e9rio das Rela\u00e7\u00f5es Exteriores (MRE) confirmou o epis\u00f3dio.<\/p>\n<p>Uma das jornalistas agredidas foi Delis Ortiz, da\u00a0Rede Globo\u00a0em Bras\u00edlia. De acordo com as informa\u00e7\u00f5es do portal\u00a0<em>G1<\/em>, que pertence ao Grupo Globo, um seguran\u00e7a do GSI desferiu um soco no peito da rep\u00f3rter.<\/p>\n<p>Ainda segundo o\u00a0<em>G1<\/em>, outros profissionais da imprensa sofreram agress\u00f5es em pleno Pal\u00e1cio Itamaraty \u2014 sede do MRE e onde ocorreu o encontro da Unasul, que reuniu o presidente Luiz In\u00e1cio Lula da Silva, Maduro e outros chefes de Estado dos pa\u00edses da Am\u00e9rica do Sul. Esses outros jornalistas, que n\u00e3o tiveram a identidade revelada at\u00e9 o momento, foram, de acordo com o ve\u00edculo do Grupo Globo, agredidos por seguran\u00e7as do ditador da Venezuela.<\/p>\n<p>\u201cA TV Globo afirmou que repudia o ato de viol\u00eancia contra os jornalistas, se solidariza com a rep\u00f3rter Delis Ortiz e aguarda as provid\u00eancias a serem tomadas pelo\u00a0Pal\u00e1cio do Planalto\u00a0para a puni\u00e7\u00e3o dos respons\u00e1veis e para evitar que epis\u00f3dios como este se repitam\u201d, afirma o\u00a0<em>G1<\/em>.<\/p>\n<p>A confus\u00e3o que culminou nas agress\u00f5es de jornalistas ocorreram ao fim do evento da Unasul, precisamente no momento em que o pol\u00edtico venezuelano concedia entrevista coletiva ao lado de Lula.<\/p>\n<figure class=\"wp-block-embed is-type-rich is-provider-twitter wp-block-embed-twitter\">\n<div class=\"wp-block-embed__wrapper\">\n<div class=\"twitter-tweet twitter-tweet-rendered\"><iframe id=\"twitter-widget-0\" class=\"\" title=\"Twitter Tweet\" src=\"https:\/\/platform.twitter.com\/embed\/Tweet.html?creatorScreenName=revistaoeste&amp;dnt=true&amp;embedId=twitter-widget-0&amp;features=eyJ0ZndfdGltZWxpbmVfbGlzdCI6eyJidWNrZXQiOltdLCJ2ZXJzaW9uIjpudWxsfSwidGZ3X2ZvbGxvd2VyX2NvdW50X3N1bnNldCI6eyJidWNrZXQiOnRydWUsInZlcnNpb24iOm51bGx9LCJ0ZndfdHdlZXRfZWRpdF9iYWNrZW5kIjp7ImJ1Y2tldCI6Im9uIiwidmVyc2lvbiI6bnVsbH0sInRmd19yZWZzcmNfc2Vzc2lvbiI6eyJidWNrZXQiOiJvbiIsInZlcnNpb24iOm51bGx9LCJ0ZndfZm9zbnJfc29mdF9pbnRlcnZlbnRpb25zX2VuYWJsZWQiOnsiYnVja2V0Ijoib24iLCJ2ZXJzaW9uIjpudWxsfSwidGZ3X21peGVkX21lZGlhXzE1ODk3Ijp7ImJ1Y2tldCI6InRyZWF0bWVudCIsInZlcnNpb24iOm51bGx9LCJ0ZndfZXhwZXJpbWVudHNfY29va2llX2V4cGlyYXRpb24iOnsiYnVja2V0IjoxMjA5NjAwLCJ2ZXJzaW9uIjpudWxsfSwidGZ3X3Nob3dfYmlyZHdhdGNoX3Bpdm90c19lbmFibGVkIjp7ImJ1Y2tldCI6Im9uIiwidmVyc2lvbiI6bnVsbH0sInRmd19kdXBsaWNhdGVfc2NyaWJlc190b19zZXR0aW5ncyI6eyJidWNrZXQiOiJvbiIsInZlcnNpb24iOm51bGx9LCJ0ZndfdXNlX3Byb2ZpbGVfaW1hZ2Vfc2hhcGVfZW5hYmxlZCI6eyJidWNrZXQiOiJvbiIsInZlcnNpb24iOm51bGx9LCJ0ZndfdmlkZW9faGxzX2R5bmFtaWNfbWFuaWZlc3RzXzE1MDgyIjp7ImJ1Y2tldCI6InRydWVfYml0cmF0ZSIsInZlcnNpb24iOm51bGx9LCJ0ZndfbGVnYWN5X3RpbWVsaW5lX3N1bnNldCI6eyJidWNrZXQiOnRydWUsInZlcnNpb24iOm51bGx9LCJ0ZndfdHdlZXRfZWRpdF9mcm9udGVuZCI6eyJidWNrZXQiOiJvbiIsInZlcnNpb24iOm51bGx9fQ%3D%3D&amp;frame=false&amp;hideCard=false&amp;hideThread=false&amp;id=1663688379043573760&amp;lang=pt&amp;origin=https%3A%2F%2Frevistaoeste.com%2Fimprensa%2Fjornalistas-sao-agredidos-por-segurancas-de-maduro%2F&amp;sessionId=3bfa1d9bf10f60c31f2d825575aaa361ec1ea97b&amp;siteScreenName=revistaoeste&amp;theme=light&amp;widgetsVersion=aaf4084522e3a%3A1674595607486&amp;width=500px\" frameborder=\"0\" scrolling=\"no\" allowfullscreen=\"allowfullscreen\" data-tweet-id=\"1663688379043573760\" data-mce-fragment=\"1\"><\/iframe><\/div>\n<\/div>\n<\/figure>\n<h2 id=\"h-itamaraty-confirma-agressoes-de-jornalistas-em-evento-com-maduro\" class=\"wp-block-heading\"><strong>Itamaraty confirma agress\u00f5es de jornalistas em evento com Maduro<\/strong><\/h2>\n<p>Em nota, o MRE confirmou que jornalistas sofreram agress\u00f5es f\u00edsicas em meio \u00e0 cobertura do encontro da\u00a0Unasul. O Itamaraty, contudo, n\u00e3o citou os respons\u00e1veis pelas agress\u00f5es.<\/p>\n<p>\u201cO Minist\u00e9rio das Rela\u00e7\u00f5es Exteriores lamenta o incidente no qual houve agress\u00e3o a profissionais de imprensa, ao final da Reuni\u00e3o de Presidentes da Am\u00e9rica do Sul\u201d, informa o MRE. \u201cProvid\u00eancias ser\u00e3o tomadas para apurar responsabilidades.\u201d<\/p>\n<p>&nbsp;<\/p>\n<p>Revista Oeste<\/p>\n<div class='share-to-whatsapp-wrapper'><div class='share-on-whsp'>Share on: <\/div><a data-text='Jornalistas brasileiros s\u00e3o agredidos por seguran\u00e7as do ditador venezuelano, Nicol\u00e1s Maduro' data-link='https:\/\/newsinfoco.com.br\/inicio\/jornalistas-brasileiros-sao-agredidos-por-segurancas-do-ditador-venezuelano-nicolas-maduro\/' class='whatsapp-button whatsapp-share'>WhatsApp<\/a><div class='clear '><\/div><\/div>","protected":false},"excerpt":{"rendered":"<p>O encontro da Uni\u00e3o de Na\u00e7\u00f5es Sul-Americanas (Unasul) acabou na noite desta ter\u00e7a-feira, 30, com agress\u00f5es de jornalistas por parte de seguran\u00e7as do ditador venezuelano, Nicol\u00e1s Maduro, e de agentes do Gabinete de Seguran\u00e7a Institucional (GSI) da Presid\u00eancia da Rep\u00fablica. O Minist\u00e9rio das Rela\u00e7\u00f5es Exteriores (MRE) confirmou o epis\u00f3dio. Uma das jornalistas agredidas foi Delis [&hellip;]<\/p>\n","protected":false},"author":1,"featured_media":34164,"comment_status":"closed","ping_status":"closed","sticky":false,"template":"","format":"standard","meta":{"om_disable_all_campaigns":false,"rop_custom_images_group":[],"rop_custom_messages_group":[],"rop_publish_now":"initial","rop_publish_now_accounts":[],"rop_publish_now_history":[],"rop_publish_now_status":"pending","_exactmetrics_skip_tracking":false,"footnotes":""},"categories":[21],"tags":[],"class_list":["post-34163","post","type-post","status-publish","format-standard","has-post-thumbnail","hentry","category-brasil"],"aioseo_notices":[],"aioseo_head":"\n\t\t<!-- All in One SEO 4.9.10 - aioseo.com -->\n\t<meta name=\"description\" content=\"O encontro da Uni\u00e3o de Na\u00e7\u00f5es Sul-Americanas (Unasul) acabou na noite desta ter\u00e7a-feira, 30, com agress\u00f5es de jornalistas por parte de seguran\u00e7as do ditador venezuelano, Nicol\u00e1s Maduro, e de agentes do Gabinete de Seguran\u00e7a Institucional (GSI) da Presid\u00eancia da Rep\u00fablica. O Minist\u00e9rio das Rela\u00e7\u00f5es Exteriores (MRE) confirmou o epis\u00f3dio. Uma das jornalistas agredidas foi Delis\" \/>\n\t<meta name=\"robots\" content=\"max-image-preview:large\" \/>\n\t<meta name=\"author\" content=\"administrador\"\/>\n\t<link rel=\"canonical\" href=\"https:\/\/newsinfoco.com.br\/inicio\/jornalistas-brasileiros-sao-agredidos-por-segurancas-do-ditador-venezuelano-nicolas-maduro\/\" \/>\n\t<meta name=\"generator\" content=\"All in One SEO (AIOSEO) 4.9.10\" \/>\n\t\t<meta property=\"og:locale\" content=\"pt_BR\" \/>\n\t\t<meta property=\"og:site_name\" content=\"News In Foco - Editado por Caio Pimenta - O principal site de noticias de Alagoinhas e regi\u00e3o\" \/>\n\t\t<meta property=\"og:type\" content=\"article\" \/>\n\t\t<meta property=\"og:title\" content=\"Jornalistas brasileiros s\u00e3o agredidos por seguran\u00e7as do ditador venezuelano, Nicol\u00e1s Maduro - News In Foco - Editado por Caio Pimenta\" \/>\n\t\t<meta property=\"og:description\" content=\"O encontro da Uni\u00e3o de Na\u00e7\u00f5es Sul-Americanas (Unasul) acabou na noite desta ter\u00e7a-feira, 30, com agress\u00f5es de jornalistas por parte de seguran\u00e7as do ditador venezuelano, Nicol\u00e1s Maduro, e de agentes do Gabinete de Seguran\u00e7a Institucional (GSI) da Presid\u00eancia da Rep\u00fablica. O Minist\u00e9rio das Rela\u00e7\u00f5es Exteriores (MRE) confirmou o epis\u00f3dio. Uma das jornalistas agredidas foi Delis\" \/>\n\t\t<meta property=\"og:url\" content=\"https:\/\/newsinfoco.com.br\/inicio\/jornalistas-brasileiros-sao-agredidos-por-segurancas-do-ditador-venezuelano-nicolas-maduro\/\" \/>\n\t\t<meta property=\"article:published_time\" content=\"2023-05-31T13:47:27+00:00\" \/>\n\t\t<meta property=\"article:modified_time\" content=\"2023-05-31T13:47:27+00:00\" \/>\n\t\t<meta name=\"twitter:card\" content=\"summary_large_image\" \/>\n\t\t<meta name=\"twitter:title\" content=\"Jornalistas brasileiros s\u00e3o agredidos por seguran\u00e7as do ditador venezuelano, Nicol\u00e1s Maduro - News In Foco - Editado por Caio Pimenta\" \/>\n\t\t<meta name=\"twitter:description\" content=\"O encontro da Uni\u00e3o de Na\u00e7\u00f5es Sul-Americanas (Unasul) acabou na noite desta ter\u00e7a-feira, 30, com agress\u00f5es de jornalistas por parte de seguran\u00e7as do ditador venezuelano, Nicol\u00e1s Maduro, e de agentes do Gabinete de Seguran\u00e7a Institucional (GSI) da Presid\u00eancia da Rep\u00fablica. O Minist\u00e9rio das Rela\u00e7\u00f5es Exteriores (MRE) confirmou o epis\u00f3dio. Uma das jornalistas agredidas foi Delis\" \/>\n\t\t<script type=\"application\/ld+json\" class=\"aioseo-schema\">\n\t\t\t{\"@context\":\"https:\\\/\\\/schema.org\",\"@graph\":[{\"@type\":\"BlogPosting\",\"@id\":\"https:\\\/\\\/newsinfoco.com.br\\\/inicio\\\/jornalistas-brasileiros-sao-agredidos-por-segurancas-do-ditador-venezuelano-nicolas-maduro\\\/#blogposting\",\"name\":\"Jornalistas brasileiros s\\u00e3o agredidos por seguran\\u00e7as do ditador venezuelano, Nicol\\u00e1s Maduro - News In Foco - Editado por Caio Pimenta\",\"headline\":\"Jornalistas brasileiros s\\u00e3o agredidos por seguran\\u00e7as do ditador venezuelano, Nicol\\u00e1s Maduro\",\"author\":{\"@id\":\"https:\\\/\\\/newsinfoco.com.br\\\/inicio\\\/author\\\/administrador\\\/#author\"},\"publisher\":{\"@id\":\"https:\\\/\\\/newsinfoco.com.br\\\/inicio\\\/#organization\"},\"image\":{\"@type\":\"ImageObject\",\"url\":\"https:\\\/\\\/newsinfoco.com.br\\\/inicio\\\/wp-content\\\/uploads\\\/2023\\\/05\\\/11660756_x720.jpg\",\"width\":1280,\"height\":720},\"datePublished\":\"2023-05-31T10:47:27-03:00\",\"dateModified\":\"2023-05-31T10:47:27-03:00\",\"inLanguage\":\"pt-BR\",\"mainEntityOfPage\":{\"@id\":\"https:\\\/\\\/newsinfoco.com.br\\\/inicio\\\/jornalistas-brasileiros-sao-agredidos-por-segurancas-do-ditador-venezuelano-nicolas-maduro\\\/#webpage\"},\"isPartOf\":{\"@id\":\"https:\\\/\\\/newsinfoco.com.br\\\/inicio\\\/jornalistas-brasileiros-sao-agredidos-por-segurancas-do-ditador-venezuelano-nicolas-maduro\\\/#webpage\"},\"articleSection\":\"Brasil\"},{\"@type\":\"BreadcrumbList\",\"@id\":\"https:\\\/\\\/newsinfoco.com.br\\\/inicio\\\/jornalistas-brasileiros-sao-agredidos-por-segurancas-do-ditador-venezuelano-nicolas-maduro\\\/#breadcrumblist\",\"itemListElement\":[{\"@type\":\"ListItem\",\"@id\":\"https:\\\/\\\/newsinfoco.com.br\\\/inicio#listItem\",\"position\":1,\"name\":\"In\\u00edcio\",\"item\":\"https:\\\/\\\/newsinfoco.com.br\\\/inicio\",\"nextItem\":{\"@type\":\"ListItem\",\"@id\":\"https:\\\/\\\/newsinfoco.com.br\\\/inicio\\\/category\\\/brasil\\\/#listItem\",\"name\":\"Brasil\"}},{\"@type\":\"ListItem\",\"@id\":\"https:\\\/\\\/newsinfoco.com.br\\\/inicio\\\/category\\\/brasil\\\/#listItem\",\"position\":2,\"name\":\"Brasil\",\"item\":\"https:\\\/\\\/newsinfoco.com.br\\\/inicio\\\/category\\\/brasil\\\/\",\"nextItem\":{\"@type\":\"ListItem\",\"@id\":\"https:\\\/\\\/newsinfoco.com.br\\\/inicio\\\/jornalistas-brasileiros-sao-agredidos-por-segurancas-do-ditador-venezuelano-nicolas-maduro\\\/#listItem\",\"name\":\"Jornalistas brasileiros s\\u00e3o agredidos por seguran\\u00e7as do ditador venezuelano, Nicol\\u00e1s Maduro\"},\"previousItem\":{\"@type\":\"ListItem\",\"@id\":\"https:\\\/\\\/newsinfoco.com.br\\\/inicio#listItem\",\"name\":\"In\\u00edcio\"}},{\"@type\":\"ListItem\",\"@id\":\"https:\\\/\\\/newsinfoco.com.br\\\/inicio\\\/jornalistas-brasileiros-sao-agredidos-por-segurancas-do-ditador-venezuelano-nicolas-maduro\\\/#listItem\",\"position\":3,\"name\":\"Jornalistas brasileiros s\\u00e3o agredidos por seguran\\u00e7as do ditador venezuelano, Nicol\\u00e1s Maduro\",\"previousItem\":{\"@type\":\"ListItem\",\"@id\":\"https:\\\/\\\/newsinfoco.com.br\\\/inicio\\\/category\\\/brasil\\\/#listItem\",\"name\":\"Brasil\"}}]},{\"@type\":\"Organization\",\"@id\":\"https:\\\/\\\/newsinfoco.com.br\\\/inicio\\\/#organization\",\"name\":\"News In Foco - Editado por Caio Pimenta\",\"description\":\"O principal site de noticias de Alagoinhas e regi\\u00e3o\",\"url\":\"https:\\\/\\\/newsinfoco.com.br\\\/inicio\\\/\"},{\"@type\":\"Person\",\"@id\":\"https:\\\/\\\/newsinfoco.com.br\\\/inicio\\\/author\\\/administrador\\\/#author\",\"url\":\"https:\\\/\\\/newsinfoco.com.br\\\/inicio\\\/author\\\/administrador\\\/\",\"name\":\"administrador\",\"image\":{\"@type\":\"ImageObject\",\"@id\":\"https:\\\/\\\/newsinfoco.com.br\\\/inicio\\\/jornalistas-brasileiros-sao-agredidos-por-segurancas-do-ditador-venezuelano-nicolas-maduro\\\/#authorImage\",\"url\":\"https:\\\/\\\/secure.gravatar.com\\\/avatar\\\/c17a617433de8c1dc9584bb79aab7563b46f5bb7e1728c9b17d9cc3ce6a08e49?s=96&d=mm&r=g\",\"width\":96,\"height\":96,\"caption\":\"administrador\"}},{\"@type\":\"WebPage\",\"@id\":\"https:\\\/\\\/newsinfoco.com.br\\\/inicio\\\/jornalistas-brasileiros-sao-agredidos-por-segurancas-do-ditador-venezuelano-nicolas-maduro\\\/#webpage\",\"url\":\"https:\\\/\\\/newsinfoco.com.br\\\/inicio\\\/jornalistas-brasileiros-sao-agredidos-por-segurancas-do-ditador-venezuelano-nicolas-maduro\\\/\",\"name\":\"Jornalistas brasileiros s\\u00e3o agredidos por seguran\\u00e7as do ditador venezuelano, Nicol\\u00e1s Maduro - News In Foco - Editado por Caio Pimenta\",\"description\":\"O encontro da Uni\\u00e3o de Na\\u00e7\\u00f5es Sul-Americanas (Unasul) acabou na noite desta ter\\u00e7a-feira, 30, com agress\\u00f5es de jornalistas por parte de seguran\\u00e7as do ditador venezuelano, Nicol\\u00e1s Maduro, e de agentes do Gabinete de Seguran\\u00e7a Institucional (GSI) da Presid\\u00eancia da Rep\\u00fablica. O Minist\\u00e9rio das Rela\\u00e7\\u00f5es Exteriores (MRE) confirmou o epis\\u00f3dio. Uma das jornalistas agredidas foi Delis\",\"inLanguage\":\"pt-BR\",\"isPartOf\":{\"@id\":\"https:\\\/\\\/newsinfoco.com.br\\\/inicio\\\/#website\"},\"breadcrumb\":{\"@id\":\"https:\\\/\\\/newsinfoco.com.br\\\/inicio\\\/jornalistas-brasileiros-sao-agredidos-por-segurancas-do-ditador-venezuelano-nicolas-maduro\\\/#breadcrumblist\"},\"author\":{\"@id\":\"https:\\\/\\\/newsinfoco.com.br\\\/inicio\\\/author\\\/administrador\\\/#author\"},\"creator\":{\"@id\":\"https:\\\/\\\/newsinfoco.com.br\\\/inicio\\\/author\\\/administrador\\\/#author\"},\"image\":{\"@type\":\"ImageObject\",\"url\":\"https:\\\/\\\/newsinfoco.com.br\\\/inicio\\\/wp-content\\\/uploads\\\/2023\\\/05\\\/11660756_x720.jpg\",\"@id\":\"https:\\\/\\\/newsinfoco.com.br\\\/inicio\\\/jornalistas-brasileiros-sao-agredidos-por-segurancas-do-ditador-venezuelano-nicolas-maduro\\\/#mainImage\",\"width\":1280,\"height\":720},\"primaryImageOfPage\":{\"@id\":\"https:\\\/\\\/newsinfoco.com.br\\\/inicio\\\/jornalistas-brasileiros-sao-agredidos-por-segurancas-do-ditador-venezuelano-nicolas-maduro\\\/#mainImage\"},\"datePublished\":\"2023-05-31T10:47:27-03:00\",\"dateModified\":\"2023-05-31T10:47:27-03:00\"},{\"@type\":\"WebSite\",\"@id\":\"https:\\\/\\\/newsinfoco.com.br\\\/inicio\\\/#website\",\"url\":\"https:\\\/\\\/newsinfoco.com.br\\\/inicio\\\/\",\"name\":\"News In Foco - Editado por Caio Pimenta\",\"description\":\"O principal site de noticias de Alagoinhas e regi\\u00e3o\",\"inLanguage\":\"pt-BR\",\"publisher\":{\"@id\":\"https:\\\/\\\/newsinfoco.com.br\\\/inicio\\\/#organization\"}}]}\n\t\t<\/script>\n\t\t<!-- All in One SEO -->\n\n","aioseo_head_json":{"title":"Jornalistas brasileiros s\u00e3o agredidos por seguran\u00e7as do ditador venezuelano, Nicol\u00e1s Maduro - News In Foco - Editado por Caio Pimenta","description":"O encontro da Uni\u00e3o de Na\u00e7\u00f5es Sul-Americanas (Unasul) acabou na noite desta ter\u00e7a-feira, 30, com agress\u00f5es de jornalistas por parte de seguran\u00e7as do ditador venezuelano, Nicol\u00e1s Maduro, e de agentes do Gabinete de Seguran\u00e7a Institucional (GSI) da Presid\u00eancia da Rep\u00fablica. O Minist\u00e9rio das Rela\u00e7\u00f5es Exteriores (MRE) confirmou o epis\u00f3dio. Uma das jornalistas agredidas foi Delis","canonical_url":"https:\/\/newsinfoco.com.br\/inicio\/jornalistas-brasileiros-sao-agredidos-por-segurancas-do-ditador-venezuelano-nicolas-maduro\/","robots":"max-image-preview:large","keywords":"","webmasterTools":{"miscellaneous":""},"schema":{"@context":"https:\/\/schema.org","@graph":[{"@type":"BlogPosting","@id":"https:\/\/newsinfoco.com.br\/inicio\/jornalistas-brasileiros-sao-agredidos-por-segurancas-do-ditador-venezuelano-nicolas-maduro\/#blogposting","name":"Jornalistas brasileiros s\u00e3o agredidos por seguran\u00e7as do ditador venezuelano, Nicol\u00e1s Maduro - News In Foco - Editado por Caio Pimenta","headline":"Jornalistas brasileiros s\u00e3o agredidos por seguran\u00e7as do ditador venezuelano, Nicol\u00e1s Maduro","author":{"@id":"https:\/\/newsinfoco.com.br\/inicio\/author\/administrador\/#author"},"publisher":{"@id":"https:\/\/newsinfoco.com.br\/inicio\/#organization"},"image":{"@type":"ImageObject","url":"https:\/\/newsinfoco.com.br\/inicio\/wp-content\/uploads\/2023\/05\/11660756_x720.jpg","width":1280,"height":720},"datePublished":"2023-05-31T10:47:27-03:00","dateModified":"2023-05-31T10:47:27-03:00","inLanguage":"pt-BR","mainEntityOfPage":{"@id":"https:\/\/newsinfoco.com.br\/inicio\/jornalistas-brasileiros-sao-agredidos-por-segurancas-do-ditador-venezuelano-nicolas-maduro\/#webpage"},"isPartOf":{"@id":"https:\/\/newsinfoco.com.br\/inicio\/jornalistas-brasileiros-sao-agredidos-por-segurancas-do-ditador-venezuelano-nicolas-maduro\/#webpage"},"articleSection":"Brasil"},{"@type":"BreadcrumbList","@id":"https:\/\/newsinfoco.com.br\/inicio\/jornalistas-brasileiros-sao-agredidos-por-segurancas-do-ditador-venezuelano-nicolas-maduro\/#breadcrumblist","itemListElement":[{"@type":"ListItem","@id":"https:\/\/newsinfoco.com.br\/inicio#listItem","position":1,"name":"In\u00edcio","item":"https:\/\/newsinfoco.com.br\/inicio","nextItem":{"@type":"ListItem","@id":"https:\/\/newsinfoco.com.br\/inicio\/category\/brasil\/#listItem","name":"Brasil"}},{"@type":"ListItem","@id":"https:\/\/newsinfoco.com.br\/inicio\/category\/brasil\/#listItem","position":2,"name":"Brasil","item":"https:\/\/newsinfoco.com.br\/inicio\/category\/brasil\/","nextItem":{"@type":"ListItem","@id":"https:\/\/newsinfoco.com.br\/inicio\/jornalistas-brasileiros-sao-agredidos-por-segurancas-do-ditador-venezuelano-nicolas-maduro\/#listItem","name":"Jornalistas brasileiros s\u00e3o agredidos por seguran\u00e7as do ditador venezuelano, Nicol\u00e1s Maduro"},"previousItem":{"@type":"ListItem","@id":"https:\/\/newsinfoco.com.br\/inicio#listItem","name":"In\u00edcio"}},{"@type":"ListItem","@id":"https:\/\/newsinfoco.com.br\/inicio\/jornalistas-brasileiros-sao-agredidos-por-segurancas-do-ditador-venezuelano-nicolas-maduro\/#listItem","position":3,"name":"Jornalistas brasileiros s\u00e3o agredidos por seguran\u00e7as do ditador venezuelano, Nicol\u00e1s Maduro","previousItem":{"@type":"ListItem","@id":"https:\/\/newsinfoco.com.br\/inicio\/category\/brasil\/#listItem","name":"Brasil"}}]},{"@type":"Organization","@id":"https:\/\/newsinfoco.com.br\/inicio\/#organization","name":"News In Foco - Editado por Caio Pimenta","description":"O principal site de noticias de Alagoinhas e regi\u00e3o","url":"https:\/\/newsinfoco.com.br\/inicio\/"},{"@type":"Person","@id":"https:\/\/newsinfoco.com.br\/inicio\/author\/administrador\/#author","url":"https:\/\/newsinfoco.com.br\/inicio\/author\/administrador\/","name":"administrador","image":{"@type":"ImageObject","@id":"https:\/\/newsinfoco.com.br\/inicio\/jornalistas-brasileiros-sao-agredidos-por-segurancas-do-ditador-venezuelano-nicolas-maduro\/#authorImage","url":"https:\/\/secure.gravatar.com\/avatar\/c17a617433de8c1dc9584bb79aab7563b46f5bb7e1728c9b17d9cc3ce6a08e49?s=96&d=mm&r=g","width":96,"height":96,"caption":"administrador"}},{"@type":"WebPage","@id":"https:\/\/newsinfoco.com.br\/inicio\/jornalistas-brasileiros-sao-agredidos-por-segurancas-do-ditador-venezuelano-nicolas-maduro\/#webpage","url":"https:\/\/newsinfoco.com.br\/inicio\/jornalistas-brasileiros-sao-agredidos-por-segurancas-do-ditador-venezuelano-nicolas-maduro\/","name":"Jornalistas brasileiros s\u00e3o agredidos por seguran\u00e7as do ditador venezuelano, Nicol\u00e1s Maduro - News In Foco - Editado por Caio Pimenta","description":"O encontro da Uni\u00e3o de Na\u00e7\u00f5es Sul-Americanas (Unasul) acabou na noite desta ter\u00e7a-feira, 30, com agress\u00f5es de jornalistas por parte de seguran\u00e7as do ditador venezuelano, Nicol\u00e1s Maduro, e de agentes do Gabinete de Seguran\u00e7a Institucional (GSI) da Presid\u00eancia da Rep\u00fablica. O Minist\u00e9rio das Rela\u00e7\u00f5es Exteriores (MRE) confirmou o epis\u00f3dio. Uma das jornalistas agredidas foi Delis","inLanguage":"pt-BR","isPartOf":{"@id":"https:\/\/newsinfoco.com.br\/inicio\/#website"},"breadcrumb":{"@id":"https:\/\/newsinfoco.com.br\/inicio\/jornalistas-brasileiros-sao-agredidos-por-segurancas-do-ditador-venezuelano-nicolas-maduro\/#breadcrumblist"},"author":{"@id":"https:\/\/newsinfoco.com.br\/inicio\/author\/administrador\/#author"},"creator":{"@id":"https:\/\/newsinfoco.com.br\/inicio\/author\/administrador\/#author"},"image":{"@type":"ImageObject","url":"https:\/\/newsinfoco.com.br\/inicio\/wp-content\/uploads\/2023\/05\/11660756_x720.jpg","@id":"https:\/\/newsinfoco.com.br\/inicio\/jornalistas-brasileiros-sao-agredidos-por-segurancas-do-ditador-venezuelano-nicolas-maduro\/#mainImage","width":1280,"height":720},"primaryImageOfPage":{"@id":"https:\/\/newsinfoco.com.br\/inicio\/jornalistas-brasileiros-sao-agredidos-por-segurancas-do-ditador-venezuelano-nicolas-maduro\/#mainImage"},"datePublished":"2023-05-31T10:47:27-03:00","dateModified":"2023-05-31T10:47:27-03:00"},{"@type":"WebSite","@id":"https:\/\/newsinfoco.com.br\/inicio\/#website","url":"https:\/\/newsinfoco.com.br\/inicio\/","name":"News In Foco - Editado por Caio Pimenta","description":"O principal site de noticias de Alagoinhas e regi\u00e3o","inLanguage":"pt-BR","publisher":{"@id":"https:\/\/newsinfoco.com.br\/inicio\/#organization"}}]},"og:locale":"pt_BR","og:site_name":"News In Foco - Editado por Caio Pimenta - O principal site de noticias de Alagoinhas e regi\u00e3o","og:type":"article","og:title":"Jornalistas brasileiros s\u00e3o agredidos por seguran\u00e7as do ditador venezuelano, Nicol\u00e1s Maduro - News In Foco - Editado por Caio Pimenta","og:description":"O encontro da Uni\u00e3o de Na\u00e7\u00f5es Sul-Americanas (Unasul) acabou na noite desta ter\u00e7a-feira, 30, com agress\u00f5es de jornalistas por parte de seguran\u00e7as do ditador venezuelano, Nicol\u00e1s Maduro, e de agentes do Gabinete de Seguran\u00e7a Institucional (GSI) da Presid\u00eancia da Rep\u00fablica. O Minist\u00e9rio das Rela\u00e7\u00f5es Exteriores (MRE) confirmou o epis\u00f3dio. Uma das jornalistas agredidas foi Delis","og:url":"https:\/\/newsinfoco.com.br\/inicio\/jornalistas-brasileiros-sao-agredidos-por-segurancas-do-ditador-venezuelano-nicolas-maduro\/","article:published_time":"2023-05-31T13:47:27+00:00","article:modified_time":"2023-05-31T13:47:27+00:00","twitter:card":"summary_large_image","twitter:title":"Jornalistas brasileiros s\u00e3o agredidos por seguran\u00e7as do ditador venezuelano, Nicol\u00e1s Maduro - News In Foco - Editado por Caio Pimenta","twitter:description":"O encontro da Uni\u00e3o de Na\u00e7\u00f5es Sul-Americanas (Unasul) acabou na noite desta ter\u00e7a-feira, 30, com agress\u00f5es de jornalistas por parte de seguran\u00e7as do ditador venezuelano, Nicol\u00e1s Maduro, e de agentes do Gabinete de Seguran\u00e7a Institucional (GSI) da Presid\u00eancia da Rep\u00fablica. O Minist\u00e9rio das Rela\u00e7\u00f5es Exteriores (MRE) confirmou o epis\u00f3dio. Uma das jornalistas agredidas foi Delis"},"aioseo_meta_data":{"post_id":"34163","title":null,"description":null,"keywords":null,"keyphrases":null,"primary_term":null,"canonical_url":null,"og_title":null,"og_description":null,"og_object_type":"default","og_image_type":"default","og_image_url":null,"og_image_width":null,"og_image_height":null,"og_image_custom_url":null,"og_image_custom_fields":null,"og_video":null,"og_custom_url":null,"og_article_section":null,"og_article_tags":null,"twitter_use_og":false,"twitter_card":"default","twitter_image_type":"default","twitter_image_url":null,"twitter_image_custom_url":null,"twitter_image_custom_fields":null,"twitter_title":null,"twitter_description":null,"schema":{"blockGraphs":[],"customGraphs":[],"default":{"data":{"Article":[],"Course":[],"Dataset":[],"FAQPage":[],"Movie":[],"Person":[],"Product":[],"ProductReview":[],"Car":[],"Recipe":[],"Service":[],"SoftwareApplication":[],"WebPage":[]},"graphName":"","isEnabled":true},"graphs":[]},"schema_type":"default","schema_type_options":null,"pillar_content":false,"robots_default":true,"robots_noindex":false,"robots_noarchive":false,"robots_nosnippet":false,"robots_nofollow":false,"robots_noimageindex":false,"robots_noodp":false,"robots_notranslate":false,"robots_max_snippet":null,"robots_max_videopreview":null,"robots_max_imagepreview":"large","priority":null,"frequency":null,"local_seo":null,"breadcrumb_settings":null,"limit_modified_date":false,"ai":null,"created":"2023-06-12 23:34:00","updated":"2025-07-11 09:49:05","seo_analyzer_scan_date":null},"aioseo_breadcrumb":"<div class=\"aioseo-breadcrumbs\"><span class=\"aioseo-breadcrumb\">\n\t\t\t<a href=\"https:\/\/newsinfoco.com.br\/inicio\" title=\"In\u00edcio\">In\u00edcio<\/a>\n\t\t<\/span><span class=\"aioseo-breadcrumb-separator\">&raquo;<\/span><span class=\"aioseo-breadcrumb\">\n\t\t\t<a href=\"https:\/\/newsinfoco.com.br\/inicio\/category\/brasil\/\" title=\"Brasil\">Brasil<\/a>\n\t\t<\/span><span class=\"aioseo-breadcrumb-separator\">&raquo;<\/span><span class=\"aioseo-breadcrumb\">\n\t\t\tJornalistas brasileiros s\u00e3o agredidos por seguran\u00e7as do ditador venezuelano, Nicol\u00e1s Maduro\n\t\t<\/span><\/div>","aioseo_breadcrumb_json":[{"label":"In\u00edcio","link":"https:\/\/newsinfoco.com.br\/inicio"},{"label":"Brasil","link":"https:\/\/newsinfoco.com.br\/inicio\/category\/brasil\/"},{"label":"Jornalistas brasileiros s\u00e3o agredidos por seguran\u00e7as do ditador venezuelano, Nicol\u00e1s Maduro","link":"https:\/\/newsinfoco.com.br\/inicio\/jornalistas-brasileiros-sao-agredidos-por-segurancas-do-ditador-venezuelano-nicolas-maduro\/"}],"_links":{"self":[{"href":"https:\/\/newsinfoco.com.br\/inicio\/wp-json\/wp\/v2\/posts\/34163","targetHints":{"allow":["GET"]}}],"collection":[{"href":"https:\/\/newsinfoco.com.br\/inicio\/wp-json\/wp\/v2\/posts"}],"about":[{"href":"https:\/\/newsinfoco.com.br\/inicio\/wp-json\/wp\/v2\/types\/post"}],"author":[{"embeddable":true,"href":"https:\/\/newsinfoco.com.br\/inicio\/wp-json\/wp\/v2\/users\/1"}],"replies":[{"embeddable":true,"href":"https:\/\/newsinfoco.com.br\/inicio\/wp-json\/wp\/v2\/comments?post=34163"}],"version-history":[{"count":1,"href":"https:\/\/newsinfoco.com.br\/inicio\/wp-json\/wp\/v2\/posts\/34163\/revisions"}],"predecessor-version":[{"id":34165,"href":"https:\/\/newsinfoco.com.br\/inicio\/wp-json\/wp\/v2\/posts\/34163\/revisions\/34165"}],"wp:featuredmedia":[{"embeddable":true,"href":"https:\/\/newsinfoco.com.br\/inicio\/wp-json\/wp\/v2\/media\/34164"}],"wp:attachment":[{"href":"https:\/\/newsinfoco.com.br\/inicio\/wp-json\/wp\/v2\/media?parent=34163"}],"wp:term":[{"taxonomy":"category","embeddable":true,"href":"https:\/\/newsinfoco.com.br\/inicio\/wp-json\/wp\/v2\/categories?post=34163"},{"taxonomy":"post_tag","embeddable":true,"href":"https:\/\/newsinfoco.com.br\/inicio\/wp-json\/wp\/v2\/tags?post=34163"}],"curies":[{"name":"wp","href":"https:\/\/api.w.org\/{rel}","templated":true}]}}