{"id":3417,"date":"2018-05-05T11:58:31","date_gmt":"2018-05-05T14:58:31","guid":{"rendered":"http:\/\/newsinfoco.com.br\/?p=3417"},"modified":"2018-05-05T12:16:29","modified_gmt":"2018-05-05T15:16:29","slug":"atletico-de-alagoinhas-joga-neste-domingo06-contra-o-colo-colo-treinador-arnaldo-lira-comenta-a-boa-fase-da-equipe","status":"publish","type":"post","link":"https:\/\/newsinfoco.com.br\/inicio\/atletico-de-alagoinhas-joga-neste-domingo06-contra-o-colo-colo-treinador-arnaldo-lira-comenta-a-boa-fase-da-equipe\/","title":{"rendered":"Atl\u00e9tico de Alagoinhas joga neste domingo(06) contra o Colo Colo; Treinador Arnaldo Lira comenta a boa fase da equipe"},"content":{"rendered":"<p style=\"text-align: justify;\">Faltando dois jogos para o fim da fase classificat\u00f3ria da segunda divis\u00e3o do Campeonato Baiano, o professor Arnaldo Lira, t\u00e9cnico do Atl\u00e9tico de Alagoinhas, conversou com o jornalista esportivo do News Infoco, Andr\u00e9 Luiz, sobre a boa fase da equipe na competi\u00e7\u00e3o. Lider isolado do torneio, o carcar\u00e1 est\u00e1 com um p\u00e9 e meio na final.<\/p>\n<p style=\"text-align: justify;\">Por\u00e9m o t\u00e9cnico \u00e9 exigente e diz que sempre h\u00e1 espa\u00e7o para melhora da equipe. \u201cO time est\u00e1 bem, mas pode melhorar mais. No dia a dia com os atletas tenho conversado bastante\u201d, diz Arnaldo, numa demonstra\u00e7\u00e3o de que o comodismo e o clima de j\u00e1 ganhou que contagia a torcida atleticana passa distante da equipe.<\/p><div class=\"newsi-conteudo_19\" id=\"newsi-3894122546\"><a href=\"https:\/\/www.instagram.com\/prefeituraalagoinhas?igsh=YzgzdDJ1bWR3aWI4\" aria-label=\"SAVE_20251006_221555\"><img loading=\"lazy\" decoding=\"async\" src=\"https:\/\/newsinfoco.com.br\/inicio\/wp-content\/uploads\/2025\/10\/SAVE_20251006_221555-rotated.jpg\" alt=\"\"  srcset=\"https:\/\/newsinfoco.com.br\/inicio\/wp-content\/uploads\/2025\/10\/SAVE_20251006_221555-rotated.jpg 1140w, https:\/\/newsinfoco.com.br\/inicio\/wp-content\/uploads\/2025\/10\/SAVE_20251006_221555-300x52.jpg 300w, https:\/\/newsinfoco.com.br\/inicio\/wp-content\/uploads\/2025\/10\/SAVE_20251006_221555-1024x177.jpg 1024w, https:\/\/newsinfoco.com.br\/inicio\/wp-content\/uploads\/2025\/10\/SAVE_20251006_221555-768x133.jpg 768w, https:\/\/newsinfoco.com.br\/inicio\/wp-content\/uploads\/2025\/10\/SAVE_20251006_221555-600x104.jpg 600w, https:\/\/newsinfoco.com.br\/inicio\/wp-content\/uploads\/2025\/10\/SAVE_20251006_221555-696x120.jpg 696w, https:\/\/newsinfoco.com.br\/inicio\/wp-content\/uploads\/2025\/10\/SAVE_20251006_221555-1068x185.jpg 1068w\" sizes=\"(max-width: 1140px) 100vw, 1140px\" width=\"1140\" height=\"197\"   \/><\/a><\/div>\n<p style=\"text-align: justify;\">O t\u00e9cnico n\u00e3o deixou de elogiar a uni\u00e3o da equipe. Assim como j\u00e1 havia analisado o comentarista esportivo do News Infoco, Andr\u00e9 Luiz <a href=\"http:\/\/newsinfoco.com.br\/2018\/05\/02\/uniao-do-grupo-e-receita-do-sucesso-do-atletico-de-alagoinhas-na-2o-divisao-do-campeonato-baiano-por-andre-luiz\/\">( veja aqui)<\/a>, o diferencial do time tem sido o comprometimento dos jogadores com o grupo. A dedica\u00e7\u00e3o nos treinos e a camaradagem, na opini\u00e3o de Lira, tem sido o diferencial do Atl\u00e9tico na competi\u00e7\u00e3o.<\/p>\n<p style=\"text-align: justify;\">Sobre o elenco, destaque para dois jogadores. O primeiro Jo\u00e3o Neto, atacante campe\u00e3o baiano pelo Bahia de Feira em 2012 que est\u00e1 contundido. De acordo com o t\u00e9cnico, a comiss\u00e3o t\u00e9cnica em conjunto com o departamento m\u00e9dico do clube trabalha para que o atacante se recupere o mais r\u00e1pido poss\u00edvel, sendo bastante prov\u00e1vel que participe do \u00faltimo jogo do Atl\u00e9tico nessa 1\u00aa fase, que ser\u00e1 contra o PFC Cajazeiras, dentro de casa. A inten\u00e7\u00e3o \u00e9 que Jo\u00e3o Neto fique pelo menos no banco de reserva e, se j\u00e1 tiver condi\u00e7\u00f5es, jogue alguns minutos.<\/p>\n<p style=\"text-align: justify;\">O outro jogado \u00e9 o Michael, jogador jovem advindo de Feira de Santana que caiu nas gra\u00e7as da torcida ap\u00f3s boas apresenta\u00e7\u00f5es nos jogos do Atl\u00e9tico. Por\u00e9m esse bom desempenho n\u00e3o veio por acaso. De acordo com o treinador, Michael \u00e9 bastante dedicado nos treinamentos, treina forte e isso tem refletido em suas apresenta\u00e7\u00f5es nos jogos do carcar\u00e1.<\/p>\n<p style=\"text-align: justify;\">A torcida Atleticana tamb\u00e9m n\u00e3o ficou de fora dos coment\u00e1rios de Arnaldo Lira. O t\u00e9cnico agradeceu bastante o apoio que a torcida tem dado nos jogos do time, n\u00e3o s\u00f3 dentro de casa como fora tamb\u00e9m. S\u00f3 para ter uma ideia do tamanho do apoio da torcida ao clube, o Atl\u00e9tico \u00e9 campe\u00e3o de renda e p\u00fablico do torneio.<\/p>\n<p style=\"text-align: justify;\">No mais, o Atl\u00e9tico de Alagoinhas joga domingo(06) contra o Colo Colo fora de casa as 15 horas. O time, segundo o treinador, \u00e9 o mesmo que enfrentou o Teixeira de Freitas aqui no Carneir\u00e3o semana passada: Jair; Gustavo, Paulo Paraiba, Alisson e Vicente; Hercules, Sobral e Jarbas; Helton, Deon e Michael.<\/p>\n<h6 style=\"text-align: right;\"><span style=\"color: #999999;\">Por Caio Pimenta com a colabora\u00e7\u00e3o de Andr\u00e9 Luiz para o News Infoco<\/span><\/h6>\n<p style=\"text-align: justify;\">\n<div class='share-to-whatsapp-wrapper'><div class='share-on-whsp'>Share on: <\/div><a data-text='Atl\u00e9tico de Alagoinhas joga neste domingo(06) contra o Colo Colo; Treinador Arnaldo Lira comenta a boa fase da equipe' data-link='https:\/\/newsinfoco.com.br\/inicio\/atletico-de-alagoinhas-joga-neste-domingo06-contra-o-colo-colo-treinador-arnaldo-lira-comenta-a-boa-fase-da-equipe\/' class='whatsapp-button whatsapp-share'>WhatsApp<\/a><div class='clear '><\/div><\/div>","protected":false},"excerpt":{"rendered":"<p>Faltando dois jogos para o fim da fase classificat\u00f3ria da segunda divis\u00e3o do Campeonato Baiano, o professor Arnaldo Lira, t\u00e9cnico do Atl\u00e9tico de Alagoinhas, conversou com o jornalista esportivo do News Infoco, Andr\u00e9 Luiz, sobre a boa fase da equipe na competi\u00e7\u00e3o. Lider isolado do torneio, o carcar\u00e1 est\u00e1 com um p\u00e9 e meio na [&hellip;]<\/p>\n","protected":false},"author":1,"featured_media":3422,"comment_status":"open","ping_status":"open","sticky":false,"template":"","format":"standard","meta":{"om_disable_all_campaigns":false,"_exactmetrics_skip_tracking":false,"_exactmetrics_sitenote_active":false,"_exactmetrics_sitenote_note":"","_exactmetrics_sitenote_category":0,"footnotes":""},"categories":[30,36],"tags":[],"class_list":["post-3417","post","type-post","status-publish","format-standard","has-post-thumbnail","hentry","category-destaque","category-esporte"],"aioseo_notices":[],"_links":{"self":[{"href":"https:\/\/newsinfoco.com.br\/inicio\/wp-json\/wp\/v2\/posts\/3417","targetHints":{"allow":["GET"]}}],"collection":[{"href":"https:\/\/newsinfoco.com.br\/inicio\/wp-json\/wp\/v2\/posts"}],"about":[{"href":"https:\/\/newsinfoco.com.br\/inicio\/wp-json\/wp\/v2\/types\/post"}],"author":[{"embeddable":true,"href":"https:\/\/newsinfoco.com.br\/inicio\/wp-json\/wp\/v2\/users\/1"}],"replies":[{"embeddable":true,"href":"https:\/\/newsinfoco.com.br\/inicio\/wp-json\/wp\/v2\/comments?post=3417"}],"version-history":[{"count":0,"href":"https:\/\/newsinfoco.com.br\/inicio\/wp-json\/wp\/v2\/posts\/3417\/revisions"}],"wp:featuredmedia":[{"embeddable":true,"href":"https:\/\/newsinfoco.com.br\/inicio\/wp-json\/wp\/v2\/media\/3422"}],"wp:attachment":[{"href":"https:\/\/newsinfoco.com.br\/inicio\/wp-json\/wp\/v2\/media?parent=3417"}],"wp:term":[{"taxonomy":"category","embeddable":true,"href":"https:\/\/newsinfoco.com.br\/inicio\/wp-json\/wp\/v2\/categories?post=3417"},{"taxonomy":"post_tag","embeddable":true,"href":"https:\/\/newsinfoco.com.br\/inicio\/wp-json\/wp\/v2\/tags?post=3417"}],"curies":[{"name":"wp","href":"https:\/\/api.w.org\/{rel}","templated":true}]}}