{"id":34173,"date":"2023-05-31T13:31:26","date_gmt":"2023-05-31T16:31:26","guid":{"rendered":"https:\/\/newsinfoco.com.br\/inicio\/?p=34173"},"modified":"2023-05-31T13:31:26","modified_gmt":"2023-05-31T16:31:26","slug":"sem-cargos-no-segundo-escalao-pv-emplaca-diretoria-do-inema-e-confirma-espacos-no-nucleo-central-do-governo-jeronimo","status":"publish","type":"post","link":"https:\/\/newsinfoco.com.br\/inicio\/sem-cargos-no-segundo-escalao-pv-emplaca-diretoria-do-inema-e-confirma-espacos-no-nucleo-central-do-governo-jeronimo\/","title":{"rendered":"Sem cargos no segundo escal\u00e3o, PV emplaca diretoria do Inema e confirma espa\u00e7os no n\u00facleo central do governo Jer\u00f4nimo"},"content":{"rendered":"<p>O PV emplacou a chefia da Diretoria de Recursos H\u00eddricos e Monitoramento Ambiental do Instituto do Meio Ambiente e Recursos H\u00eddricos (Inema), \u00f3rg\u00e3o ligado \u00e0 Secretaria de Meio Ambiente (Sema). Assumiu o cargo, conforme publica\u00e7\u00e3o no Di\u00e1rio Oficial do Estado, Antonio Martins de Oliveira Rocha, quadro t\u00e9cnico ligado aos \u201cverdes\u201d, principalmente ao presidente estadual da sigla, Ivanilson Gomes.<\/p>\n<p>Como antecipou com exclusividade pelo site, Jer\u00f4nimo havia oferecido ao PV uma diretoria do Inema e uma outra do Detran (clique\u00a0<a href=\"https:\/\/politicalivre.com.br\/2023\/05\/pv-deve-ficar-de-fora-do-segundo-escalao-e-emplacar-diretorias-no-detran-e-no-inema-oferta-sera-analisada-pelo-partido\/#gsc.tab=0\" target=\"_blank\" rel=\"noopener noreferrer\">aqui<\/a>\u00a0para ler). Para o comando da Coordena\u00e7\u00e3o de Articula\u00e7\u00e3o e Apoio \u00e0s Unidades Descentralizadas (Caad) do Detran, o deputado estadual Vitor Bonfim, filiado ao partido, indicou o irm\u00e3o j\u00e1 nomeado, Guilherme de Castro Lino Bonfim, que pretende disputar a prefeitura de Brumado e foi superintendente da Secretaria de Agricultura (Seagri) no governo passado.<\/p>\n<p>Outro irm\u00e3o de Vitor Bonfim, Bruno de Castro Lino Bonfim, permaneceu como auditor da Ag\u00eancia de Fomento do Estado da Bahia (Desenbahia) \u2013 todos s\u00e3o filhos do conselheiro do Tribunal de Contas do Estado (TCE) Jo\u00e3o Bonfim, ex-deputado estadual. Al\u00e9m disso, a dire\u00e7\u00e3o do PV conseguiu manter V\u00e2nia Carla Moraes Almeida, ligada \u00e0 c\u00fapula partid\u00e1ria, como superintendente de Inova\u00e7\u00e3o e Desenvolvimento Ambiental da Sema.<\/p>\n<p>Vale lembrar que o titular da Secretaria de Turismo (Setur), Maur\u00edcio Bacelar, \u00e9 filiado ao PV e foi indicado ao posto pelo deputado federal \u201cverde\u201d Bacelar. Al\u00e9m disso, o diretor-geral do Instituto Baiano de Metrologia e Qualidade (Ibametro), Thales Dourado Moitinho Pinho, \u00e9 genro do deputado estadual Roberto Carlos, tamb\u00e9m do PV.<\/p>\n<p>&nbsp;<\/p>\n<p><span class=\"assinatura_exclusiva\">Pol\u00edtica Livre<\/span><\/p>\n<div class='share-to-whatsapp-wrapper'><div class='share-on-whsp'>Share on: <\/div><a data-text='Sem cargos no segundo escal\u00e3o, PV emplaca diretoria do Inema e confirma espa\u00e7os no n\u00facleo central do governo Jer\u00f4nimo' data-link='https:\/\/newsinfoco.com.br\/inicio\/sem-cargos-no-segundo-escalao-pv-emplaca-diretoria-do-inema-e-confirma-espacos-no-nucleo-central-do-governo-jeronimo\/' class='whatsapp-button whatsapp-share'>WhatsApp<\/a><div class='clear '><\/div><\/div>","protected":false},"excerpt":{"rendered":"<p>O PV emplacou a chefia da Diretoria de Recursos H\u00eddricos e Monitoramento Ambiental do Instituto do Meio Ambiente e Recursos H\u00eddricos (Inema), \u00f3rg\u00e3o ligado \u00e0 Secretaria de Meio Ambiente (Sema). Assumiu o cargo, conforme publica\u00e7\u00e3o no Di\u00e1rio Oficial do Estado, Antonio Martins de Oliveira Rocha, quadro t\u00e9cnico ligado aos \u201cverdes\u201d, principalmente ao presidente estadual da [&hellip;]<\/p>\n","protected":false},"author":1,"featured_media":34174,"comment_status":"closed","ping_status":"closed","sticky":false,"template":"","format":"standard","meta":{"om_disable_all_campaigns":false,"rop_custom_images_group":[],"rop_custom_messages_group":[],"rop_publish_now":"initial","rop_publish_now_accounts":[],"rop_publish_now_history":[],"rop_publish_now_status":"pending","_exactmetrics_skip_tracking":false,"footnotes":""},"categories":[19],"tags":[],"class_list":["post-34173","post","type-post","status-publish","format-standard","has-post-thumbnail","hentry","category-bahia"],"aioseo_notices":[],"aioseo_head":"\n\t\t<!-- All in One SEO 4.9.10 - aioseo.com -->\n\t<meta name=\"description\" content=\"O PV emplacou a chefia da Diretoria de Recursos H\u00eddricos e Monitoramento Ambiental do Instituto do Meio Ambiente e Recursos H\u00eddricos (Inema), \u00f3rg\u00e3o ligado \u00e0 Secretaria de Meio Ambiente (Sema). Assumiu o cargo, conforme publica\u00e7\u00e3o no Di\u00e1rio Oficial do Estado, Antonio Martins de Oliveira Rocha, quadro t\u00e9cnico ligado aos \u201cverdes\u201d, principalmente ao presidente estadual da\" \/>\n\t<meta name=\"robots\" content=\"max-image-preview:large\" \/>\n\t<meta name=\"author\" content=\"administrador\"\/>\n\t<link rel=\"canonical\" href=\"https:\/\/newsinfoco.com.br\/inicio\/sem-cargos-no-segundo-escalao-pv-emplaca-diretoria-do-inema-e-confirma-espacos-no-nucleo-central-do-governo-jeronimo\/\" \/>\n\t<meta name=\"generator\" content=\"All in One SEO (AIOSEO) 4.9.10\" \/>\n\t\t<meta property=\"og:locale\" content=\"pt_BR\" \/>\n\t\t<meta property=\"og:site_name\" content=\"News In Foco - Editado por Caio Pimenta - O principal site de noticias de Alagoinhas e regi\u00e3o\" \/>\n\t\t<meta property=\"og:type\" content=\"article\" \/>\n\t\t<meta property=\"og:title\" content=\"Sem cargos no segundo escal\u00e3o, PV emplaca diretoria do Inema e confirma espa\u00e7os no n\u00facleo central do governo Jer\u00f4nimo - News In Foco - Editado por Caio Pimenta\" \/>\n\t\t<meta property=\"og:description\" content=\"O PV emplacou a chefia da Diretoria de Recursos H\u00eddricos e Monitoramento Ambiental do Instituto do Meio Ambiente e Recursos H\u00eddricos (Inema), \u00f3rg\u00e3o ligado \u00e0 Secretaria de Meio Ambiente (Sema). Assumiu o cargo, conforme publica\u00e7\u00e3o no Di\u00e1rio Oficial do Estado, Antonio Martins de Oliveira Rocha, quadro t\u00e9cnico ligado aos \u201cverdes\u201d, principalmente ao presidente estadual da\" \/>\n\t\t<meta property=\"og:url\" content=\"https:\/\/newsinfoco.com.br\/inicio\/sem-cargos-no-segundo-escalao-pv-emplaca-diretoria-do-inema-e-confirma-espacos-no-nucleo-central-do-governo-jeronimo\/\" \/>\n\t\t<meta property=\"article:published_time\" content=\"2023-05-31T16:31:26+00:00\" \/>\n\t\t<meta property=\"article:modified_time\" content=\"2023-05-31T16:31:26+00:00\" \/>\n\t\t<meta name=\"twitter:card\" content=\"summary_large_image\" \/>\n\t\t<meta name=\"twitter:title\" content=\"Sem cargos no segundo escal\u00e3o, PV emplaca diretoria do Inema e confirma espa\u00e7os no n\u00facleo central do governo Jer\u00f4nimo - News In Foco - Editado por Caio Pimenta\" \/>\n\t\t<meta name=\"twitter:description\" content=\"O PV emplacou a chefia da Diretoria de Recursos H\u00eddricos e Monitoramento Ambiental do Instituto do Meio Ambiente e Recursos H\u00eddricos (Inema), \u00f3rg\u00e3o ligado \u00e0 Secretaria de Meio Ambiente (Sema). Assumiu o cargo, conforme publica\u00e7\u00e3o no Di\u00e1rio Oficial do Estado, Antonio Martins de Oliveira Rocha, quadro t\u00e9cnico ligado aos \u201cverdes\u201d, principalmente ao presidente estadual da\" \/>\n\t\t<script type=\"application\/ld+json\" class=\"aioseo-schema\">\n\t\t\t{\"@context\":\"https:\\\/\\\/schema.org\",\"@graph\":[{\"@type\":\"BlogPosting\",\"@id\":\"https:\\\/\\\/newsinfoco.com.br\\\/inicio\\\/sem-cargos-no-segundo-escalao-pv-emplaca-diretoria-do-inema-e-confirma-espacos-no-nucleo-central-do-governo-jeronimo\\\/#blogposting\",\"name\":\"Sem cargos no segundo escal\\u00e3o, PV emplaca diretoria do Inema e confirma espa\\u00e7os no n\\u00facleo central do governo Jer\\u00f4nimo - News In Foco - Editado por Caio Pimenta\",\"headline\":\"Sem cargos no segundo escal\\u00e3o, PV emplaca diretoria do Inema e confirma espa\\u00e7os no n\\u00facleo central do governo Jer\\u00f4nimo\",\"author\":{\"@id\":\"https:\\\/\\\/newsinfoco.com.br\\\/inicio\\\/author\\\/administrador\\\/#author\"},\"publisher\":{\"@id\":\"https:\\\/\\\/newsinfoco.com.br\\\/inicio\\\/#organization\"},\"image\":{\"@type\":\"ImageObject\",\"url\":\"https:\\\/\\\/newsinfoco.com.br\\\/inicio\\\/wp-content\\\/uploads\\\/2023\\\/05\\\/pv.png\",\"width\":739,\"height\":522},\"datePublished\":\"2023-05-31T13:31:26-03:00\",\"dateModified\":\"2023-05-31T13:31:26-03:00\",\"inLanguage\":\"pt-BR\",\"mainEntityOfPage\":{\"@id\":\"https:\\\/\\\/newsinfoco.com.br\\\/inicio\\\/sem-cargos-no-segundo-escalao-pv-emplaca-diretoria-do-inema-e-confirma-espacos-no-nucleo-central-do-governo-jeronimo\\\/#webpage\"},\"isPartOf\":{\"@id\":\"https:\\\/\\\/newsinfoco.com.br\\\/inicio\\\/sem-cargos-no-segundo-escalao-pv-emplaca-diretoria-do-inema-e-confirma-espacos-no-nucleo-central-do-governo-jeronimo\\\/#webpage\"},\"articleSection\":\"Bahia\"},{\"@type\":\"BreadcrumbList\",\"@id\":\"https:\\\/\\\/newsinfoco.com.br\\\/inicio\\\/sem-cargos-no-segundo-escalao-pv-emplaca-diretoria-do-inema-e-confirma-espacos-no-nucleo-central-do-governo-jeronimo\\\/#breadcrumblist\",\"itemListElement\":[{\"@type\":\"ListItem\",\"@id\":\"https:\\\/\\\/newsinfoco.com.br\\\/inicio#listItem\",\"position\":1,\"name\":\"In\\u00edcio\",\"item\":\"https:\\\/\\\/newsinfoco.com.br\\\/inicio\",\"nextItem\":{\"@type\":\"ListItem\",\"@id\":\"https:\\\/\\\/newsinfoco.com.br\\\/inicio\\\/category\\\/bahia\\\/#listItem\",\"name\":\"Bahia\"}},{\"@type\":\"ListItem\",\"@id\":\"https:\\\/\\\/newsinfoco.com.br\\\/inicio\\\/category\\\/bahia\\\/#listItem\",\"position\":2,\"name\":\"Bahia\",\"item\":\"https:\\\/\\\/newsinfoco.com.br\\\/inicio\\\/category\\\/bahia\\\/\",\"nextItem\":{\"@type\":\"ListItem\",\"@id\":\"https:\\\/\\\/newsinfoco.com.br\\\/inicio\\\/sem-cargos-no-segundo-escalao-pv-emplaca-diretoria-do-inema-e-confirma-espacos-no-nucleo-central-do-governo-jeronimo\\\/#listItem\",\"name\":\"Sem cargos no segundo escal\\u00e3o, PV emplaca diretoria do Inema e confirma espa\\u00e7os no n\\u00facleo central do governo Jer\\u00f4nimo\"},\"previousItem\":{\"@type\":\"ListItem\",\"@id\":\"https:\\\/\\\/newsinfoco.com.br\\\/inicio#listItem\",\"name\":\"In\\u00edcio\"}},{\"@type\":\"ListItem\",\"@id\":\"https:\\\/\\\/newsinfoco.com.br\\\/inicio\\\/sem-cargos-no-segundo-escalao-pv-emplaca-diretoria-do-inema-e-confirma-espacos-no-nucleo-central-do-governo-jeronimo\\\/#listItem\",\"position\":3,\"name\":\"Sem cargos no segundo escal\\u00e3o, PV emplaca diretoria do Inema e confirma espa\\u00e7os no n\\u00facleo central do governo Jer\\u00f4nimo\",\"previousItem\":{\"@type\":\"ListItem\",\"@id\":\"https:\\\/\\\/newsinfoco.com.br\\\/inicio\\\/category\\\/bahia\\\/#listItem\",\"name\":\"Bahia\"}}]},{\"@type\":\"Organization\",\"@id\":\"https:\\\/\\\/newsinfoco.com.br\\\/inicio\\\/#organization\",\"name\":\"News In Foco - Editado por Caio Pimenta\",\"description\":\"O principal site de noticias de Alagoinhas e regi\\u00e3o\",\"url\":\"https:\\\/\\\/newsinfoco.com.br\\\/inicio\\\/\"},{\"@type\":\"Person\",\"@id\":\"https:\\\/\\\/newsinfoco.com.br\\\/inicio\\\/author\\\/administrador\\\/#author\",\"url\":\"https:\\\/\\\/newsinfoco.com.br\\\/inicio\\\/author\\\/administrador\\\/\",\"name\":\"administrador\",\"image\":{\"@type\":\"ImageObject\",\"@id\":\"https:\\\/\\\/newsinfoco.com.br\\\/inicio\\\/sem-cargos-no-segundo-escalao-pv-emplaca-diretoria-do-inema-e-confirma-espacos-no-nucleo-central-do-governo-jeronimo\\\/#authorImage\",\"url\":\"https:\\\/\\\/secure.gravatar.com\\\/avatar\\\/c17a617433de8c1dc9584bb79aab7563b46f5bb7e1728c9b17d9cc3ce6a08e49?s=96&d=mm&r=g\",\"width\":96,\"height\":96,\"caption\":\"administrador\"}},{\"@type\":\"WebPage\",\"@id\":\"https:\\\/\\\/newsinfoco.com.br\\\/inicio\\\/sem-cargos-no-segundo-escalao-pv-emplaca-diretoria-do-inema-e-confirma-espacos-no-nucleo-central-do-governo-jeronimo\\\/#webpage\",\"url\":\"https:\\\/\\\/newsinfoco.com.br\\\/inicio\\\/sem-cargos-no-segundo-escalao-pv-emplaca-diretoria-do-inema-e-confirma-espacos-no-nucleo-central-do-governo-jeronimo\\\/\",\"name\":\"Sem cargos no segundo escal\\u00e3o, PV emplaca diretoria do Inema e confirma espa\\u00e7os no n\\u00facleo central do governo Jer\\u00f4nimo - News In Foco - Editado por Caio Pimenta\",\"description\":\"O PV emplacou a chefia da Diretoria de Recursos H\\u00eddricos e Monitoramento Ambiental do Instituto do Meio Ambiente e Recursos H\\u00eddricos (Inema), \\u00f3rg\\u00e3o ligado \\u00e0 Secretaria de Meio Ambiente (Sema). Assumiu o cargo, conforme publica\\u00e7\\u00e3o no Di\\u00e1rio Oficial do Estado, Antonio Martins de Oliveira Rocha, quadro t\\u00e9cnico ligado aos \\u201cverdes\\u201d, principalmente ao presidente estadual da\",\"inLanguage\":\"pt-BR\",\"isPartOf\":{\"@id\":\"https:\\\/\\\/newsinfoco.com.br\\\/inicio\\\/#website\"},\"breadcrumb\":{\"@id\":\"https:\\\/\\\/newsinfoco.com.br\\\/inicio\\\/sem-cargos-no-segundo-escalao-pv-emplaca-diretoria-do-inema-e-confirma-espacos-no-nucleo-central-do-governo-jeronimo\\\/#breadcrumblist\"},\"author\":{\"@id\":\"https:\\\/\\\/newsinfoco.com.br\\\/inicio\\\/author\\\/administrador\\\/#author\"},\"creator\":{\"@id\":\"https:\\\/\\\/newsinfoco.com.br\\\/inicio\\\/author\\\/administrador\\\/#author\"},\"image\":{\"@type\":\"ImageObject\",\"url\":\"https:\\\/\\\/newsinfoco.com.br\\\/inicio\\\/wp-content\\\/uploads\\\/2023\\\/05\\\/pv.png\",\"@id\":\"https:\\\/\\\/newsinfoco.com.br\\\/inicio\\\/sem-cargos-no-segundo-escalao-pv-emplaca-diretoria-do-inema-e-confirma-espacos-no-nucleo-central-do-governo-jeronimo\\\/#mainImage\",\"width\":739,\"height\":522},\"primaryImageOfPage\":{\"@id\":\"https:\\\/\\\/newsinfoco.com.br\\\/inicio\\\/sem-cargos-no-segundo-escalao-pv-emplaca-diretoria-do-inema-e-confirma-espacos-no-nucleo-central-do-governo-jeronimo\\\/#mainImage\"},\"datePublished\":\"2023-05-31T13:31:26-03:00\",\"dateModified\":\"2023-05-31T13:31:26-03:00\"},{\"@type\":\"WebSite\",\"@id\":\"https:\\\/\\\/newsinfoco.com.br\\\/inicio\\\/#website\",\"url\":\"https:\\\/\\\/newsinfoco.com.br\\\/inicio\\\/\",\"name\":\"News In Foco - Editado por Caio Pimenta\",\"description\":\"O principal site de noticias de Alagoinhas e regi\\u00e3o\",\"inLanguage\":\"pt-BR\",\"publisher\":{\"@id\":\"https:\\\/\\\/newsinfoco.com.br\\\/inicio\\\/#organization\"}}]}\n\t\t<\/script>\n\t\t<!-- All in One SEO -->\n\n","aioseo_head_json":{"title":"Sem cargos no segundo escal\u00e3o, PV emplaca diretoria do Inema e confirma espa\u00e7os no n\u00facleo central do governo Jer\u00f4nimo - News In Foco - Editado por Caio Pimenta","description":"O PV emplacou a chefia da Diretoria de Recursos H\u00eddricos e Monitoramento Ambiental do Instituto do Meio Ambiente e Recursos H\u00eddricos (Inema), \u00f3rg\u00e3o ligado \u00e0 Secretaria de Meio Ambiente (Sema). Assumiu o cargo, conforme publica\u00e7\u00e3o no Di\u00e1rio Oficial do Estado, Antonio Martins de Oliveira Rocha, quadro t\u00e9cnico ligado aos \u201cverdes\u201d, principalmente ao presidente estadual da","canonical_url":"https:\/\/newsinfoco.com.br\/inicio\/sem-cargos-no-segundo-escalao-pv-emplaca-diretoria-do-inema-e-confirma-espacos-no-nucleo-central-do-governo-jeronimo\/","robots":"max-image-preview:large","keywords":"","webmasterTools":{"miscellaneous":""},"schema":{"@context":"https:\/\/schema.org","@graph":[{"@type":"BlogPosting","@id":"https:\/\/newsinfoco.com.br\/inicio\/sem-cargos-no-segundo-escalao-pv-emplaca-diretoria-do-inema-e-confirma-espacos-no-nucleo-central-do-governo-jeronimo\/#blogposting","name":"Sem cargos no segundo escal\u00e3o, PV emplaca diretoria do Inema e confirma espa\u00e7os no n\u00facleo central do governo Jer\u00f4nimo - News In Foco - Editado por Caio Pimenta","headline":"Sem cargos no segundo escal\u00e3o, PV emplaca diretoria do Inema e confirma espa\u00e7os no n\u00facleo central do governo Jer\u00f4nimo","author":{"@id":"https:\/\/newsinfoco.com.br\/inicio\/author\/administrador\/#author"},"publisher":{"@id":"https:\/\/newsinfoco.com.br\/inicio\/#organization"},"image":{"@type":"ImageObject","url":"https:\/\/newsinfoco.com.br\/inicio\/wp-content\/uploads\/2023\/05\/pv.png","width":739,"height":522},"datePublished":"2023-05-31T13:31:26-03:00","dateModified":"2023-05-31T13:31:26-03:00","inLanguage":"pt-BR","mainEntityOfPage":{"@id":"https:\/\/newsinfoco.com.br\/inicio\/sem-cargos-no-segundo-escalao-pv-emplaca-diretoria-do-inema-e-confirma-espacos-no-nucleo-central-do-governo-jeronimo\/#webpage"},"isPartOf":{"@id":"https:\/\/newsinfoco.com.br\/inicio\/sem-cargos-no-segundo-escalao-pv-emplaca-diretoria-do-inema-e-confirma-espacos-no-nucleo-central-do-governo-jeronimo\/#webpage"},"articleSection":"Bahia"},{"@type":"BreadcrumbList","@id":"https:\/\/newsinfoco.com.br\/inicio\/sem-cargos-no-segundo-escalao-pv-emplaca-diretoria-do-inema-e-confirma-espacos-no-nucleo-central-do-governo-jeronimo\/#breadcrumblist","itemListElement":[{"@type":"ListItem","@id":"https:\/\/newsinfoco.com.br\/inicio#listItem","position":1,"name":"In\u00edcio","item":"https:\/\/newsinfoco.com.br\/inicio","nextItem":{"@type":"ListItem","@id":"https:\/\/newsinfoco.com.br\/inicio\/category\/bahia\/#listItem","name":"Bahia"}},{"@type":"ListItem","@id":"https:\/\/newsinfoco.com.br\/inicio\/category\/bahia\/#listItem","position":2,"name":"Bahia","item":"https:\/\/newsinfoco.com.br\/inicio\/category\/bahia\/","nextItem":{"@type":"ListItem","@id":"https:\/\/newsinfoco.com.br\/inicio\/sem-cargos-no-segundo-escalao-pv-emplaca-diretoria-do-inema-e-confirma-espacos-no-nucleo-central-do-governo-jeronimo\/#listItem","name":"Sem cargos no segundo escal\u00e3o, PV emplaca diretoria do Inema e confirma espa\u00e7os no n\u00facleo central do governo Jer\u00f4nimo"},"previousItem":{"@type":"ListItem","@id":"https:\/\/newsinfoco.com.br\/inicio#listItem","name":"In\u00edcio"}},{"@type":"ListItem","@id":"https:\/\/newsinfoco.com.br\/inicio\/sem-cargos-no-segundo-escalao-pv-emplaca-diretoria-do-inema-e-confirma-espacos-no-nucleo-central-do-governo-jeronimo\/#listItem","position":3,"name":"Sem cargos no segundo escal\u00e3o, PV emplaca diretoria do Inema e confirma espa\u00e7os no n\u00facleo central do governo Jer\u00f4nimo","previousItem":{"@type":"ListItem","@id":"https:\/\/newsinfoco.com.br\/inicio\/category\/bahia\/#listItem","name":"Bahia"}}]},{"@type":"Organization","@id":"https:\/\/newsinfoco.com.br\/inicio\/#organization","name":"News In Foco - Editado por Caio Pimenta","description":"O principal site de noticias de Alagoinhas e regi\u00e3o","url":"https:\/\/newsinfoco.com.br\/inicio\/"},{"@type":"Person","@id":"https:\/\/newsinfoco.com.br\/inicio\/author\/administrador\/#author","url":"https:\/\/newsinfoco.com.br\/inicio\/author\/administrador\/","name":"administrador","image":{"@type":"ImageObject","@id":"https:\/\/newsinfoco.com.br\/inicio\/sem-cargos-no-segundo-escalao-pv-emplaca-diretoria-do-inema-e-confirma-espacos-no-nucleo-central-do-governo-jeronimo\/#authorImage","url":"https:\/\/secure.gravatar.com\/avatar\/c17a617433de8c1dc9584bb79aab7563b46f5bb7e1728c9b17d9cc3ce6a08e49?s=96&d=mm&r=g","width":96,"height":96,"caption":"administrador"}},{"@type":"WebPage","@id":"https:\/\/newsinfoco.com.br\/inicio\/sem-cargos-no-segundo-escalao-pv-emplaca-diretoria-do-inema-e-confirma-espacos-no-nucleo-central-do-governo-jeronimo\/#webpage","url":"https:\/\/newsinfoco.com.br\/inicio\/sem-cargos-no-segundo-escalao-pv-emplaca-diretoria-do-inema-e-confirma-espacos-no-nucleo-central-do-governo-jeronimo\/","name":"Sem cargos no segundo escal\u00e3o, PV emplaca diretoria do Inema e confirma espa\u00e7os no n\u00facleo central do governo Jer\u00f4nimo - News In Foco - Editado por Caio Pimenta","description":"O PV emplacou a chefia da Diretoria de Recursos H\u00eddricos e Monitoramento Ambiental do Instituto do Meio Ambiente e Recursos H\u00eddricos (Inema), \u00f3rg\u00e3o ligado \u00e0 Secretaria de Meio Ambiente (Sema). Assumiu o cargo, conforme publica\u00e7\u00e3o no Di\u00e1rio Oficial do Estado, Antonio Martins de Oliveira Rocha, quadro t\u00e9cnico ligado aos \u201cverdes\u201d, principalmente ao presidente estadual da","inLanguage":"pt-BR","isPartOf":{"@id":"https:\/\/newsinfoco.com.br\/inicio\/#website"},"breadcrumb":{"@id":"https:\/\/newsinfoco.com.br\/inicio\/sem-cargos-no-segundo-escalao-pv-emplaca-diretoria-do-inema-e-confirma-espacos-no-nucleo-central-do-governo-jeronimo\/#breadcrumblist"},"author":{"@id":"https:\/\/newsinfoco.com.br\/inicio\/author\/administrador\/#author"},"creator":{"@id":"https:\/\/newsinfoco.com.br\/inicio\/author\/administrador\/#author"},"image":{"@type":"ImageObject","url":"https:\/\/newsinfoco.com.br\/inicio\/wp-content\/uploads\/2023\/05\/pv.png","@id":"https:\/\/newsinfoco.com.br\/inicio\/sem-cargos-no-segundo-escalao-pv-emplaca-diretoria-do-inema-e-confirma-espacos-no-nucleo-central-do-governo-jeronimo\/#mainImage","width":739,"height":522},"primaryImageOfPage":{"@id":"https:\/\/newsinfoco.com.br\/inicio\/sem-cargos-no-segundo-escalao-pv-emplaca-diretoria-do-inema-e-confirma-espacos-no-nucleo-central-do-governo-jeronimo\/#mainImage"},"datePublished":"2023-05-31T13:31:26-03:00","dateModified":"2023-05-31T13:31:26-03:00"},{"@type":"WebSite","@id":"https:\/\/newsinfoco.com.br\/inicio\/#website","url":"https:\/\/newsinfoco.com.br\/inicio\/","name":"News In Foco - Editado por Caio Pimenta","description":"O principal site de noticias de Alagoinhas e regi\u00e3o","inLanguage":"pt-BR","publisher":{"@id":"https:\/\/newsinfoco.com.br\/inicio\/#organization"}}]},"og:locale":"pt_BR","og:site_name":"News In Foco - Editado por Caio Pimenta - O principal site de noticias de Alagoinhas e regi\u00e3o","og:type":"article","og:title":"Sem cargos no segundo escal\u00e3o, PV emplaca diretoria do Inema e confirma espa\u00e7os no n\u00facleo central do governo Jer\u00f4nimo - News In Foco - Editado por Caio Pimenta","og:description":"O PV emplacou a chefia da Diretoria de Recursos H\u00eddricos e Monitoramento Ambiental do Instituto do Meio Ambiente e Recursos H\u00eddricos (Inema), \u00f3rg\u00e3o ligado \u00e0 Secretaria de Meio Ambiente (Sema). Assumiu o cargo, conforme publica\u00e7\u00e3o no Di\u00e1rio Oficial do Estado, Antonio Martins de Oliveira Rocha, quadro t\u00e9cnico ligado aos \u201cverdes\u201d, principalmente ao presidente estadual da","og:url":"https:\/\/newsinfoco.com.br\/inicio\/sem-cargos-no-segundo-escalao-pv-emplaca-diretoria-do-inema-e-confirma-espacos-no-nucleo-central-do-governo-jeronimo\/","article:published_time":"2023-05-31T16:31:26+00:00","article:modified_time":"2023-05-31T16:31:26+00:00","twitter:card":"summary_large_image","twitter:title":"Sem cargos no segundo escal\u00e3o, PV emplaca diretoria do Inema e confirma espa\u00e7os no n\u00facleo central do governo Jer\u00f4nimo - News In Foco - Editado por Caio Pimenta","twitter:description":"O PV emplacou a chefia da Diretoria de Recursos H\u00eddricos e Monitoramento Ambiental do Instituto do Meio Ambiente e Recursos H\u00eddricos (Inema), \u00f3rg\u00e3o ligado \u00e0 Secretaria de Meio Ambiente (Sema). Assumiu o cargo, conforme publica\u00e7\u00e3o no Di\u00e1rio Oficial do Estado, Antonio Martins de Oliveira Rocha, quadro t\u00e9cnico ligado aos \u201cverdes\u201d, principalmente ao presidente estadual da"},"aioseo_meta_data":{"post_id":"34173","title":null,"description":null,"keywords":null,"keyphrases":null,"primary_term":null,"canonical_url":null,"og_title":null,"og_description":null,"og_object_type":"default","og_image_type":"default","og_image_url":null,"og_image_width":null,"og_image_height":null,"og_image_custom_url":null,"og_image_custom_fields":null,"og_video":null,"og_custom_url":null,"og_article_section":null,"og_article_tags":null,"twitter_use_og":false,"twitter_card":"default","twitter_image_type":"default","twitter_image_url":null,"twitter_image_custom_url":null,"twitter_image_custom_fields":null,"twitter_title":null,"twitter_description":null,"schema":{"blockGraphs":[],"customGraphs":[],"default":{"data":{"Article":[],"Course":[],"Dataset":[],"FAQPage":[],"Movie":[],"Person":[],"Product":[],"ProductReview":[],"Car":[],"Recipe":[],"Service":[],"SoftwareApplication":[],"WebPage":[]},"graphName":"","isEnabled":true},"graphs":[]},"schema_type":"default","schema_type_options":null,"pillar_content":false,"robots_default":true,"robots_noindex":false,"robots_noarchive":false,"robots_nosnippet":false,"robots_nofollow":false,"robots_noimageindex":false,"robots_noodp":false,"robots_notranslate":false,"robots_max_snippet":null,"robots_max_videopreview":null,"robots_max_imagepreview":"large","priority":null,"frequency":null,"local_seo":null,"breadcrumb_settings":null,"limit_modified_date":false,"ai":null,"created":"2023-06-12 23:34:00","updated":"2025-07-11 09:49:05","seo_analyzer_scan_date":null},"aioseo_breadcrumb":"<div class=\"aioseo-breadcrumbs\"><span class=\"aioseo-breadcrumb\">\n\t\t\t<a href=\"https:\/\/newsinfoco.com.br\/inicio\" title=\"In\u00edcio\">In\u00edcio<\/a>\n\t\t<\/span><span class=\"aioseo-breadcrumb-separator\">&raquo;<\/span><span class=\"aioseo-breadcrumb\">\n\t\t\t<a href=\"https:\/\/newsinfoco.com.br\/inicio\/category\/bahia\/\" title=\"Bahia\">Bahia<\/a>\n\t\t<\/span><span class=\"aioseo-breadcrumb-separator\">&raquo;<\/span><span class=\"aioseo-breadcrumb\">\n\t\t\tSem cargos no segundo escal\u00e3o, PV emplaca diretoria do Inema e confirma espa\u00e7os no n\u00facleo central do governo Jer\u00f4nimo\n\t\t<\/span><\/div>","aioseo_breadcrumb_json":[{"label":"In\u00edcio","link":"https:\/\/newsinfoco.com.br\/inicio"},{"label":"Bahia","link":"https:\/\/newsinfoco.com.br\/inicio\/category\/bahia\/"},{"label":"Sem cargos no segundo escal\u00e3o, PV emplaca diretoria do Inema e confirma espa\u00e7os no n\u00facleo central do governo Jer\u00f4nimo","link":"https:\/\/newsinfoco.com.br\/inicio\/sem-cargos-no-segundo-escalao-pv-emplaca-diretoria-do-inema-e-confirma-espacos-no-nucleo-central-do-governo-jeronimo\/"}],"_links":{"self":[{"href":"https:\/\/newsinfoco.com.br\/inicio\/wp-json\/wp\/v2\/posts\/34173","targetHints":{"allow":["GET"]}}],"collection":[{"href":"https:\/\/newsinfoco.com.br\/inicio\/wp-json\/wp\/v2\/posts"}],"about":[{"href":"https:\/\/newsinfoco.com.br\/inicio\/wp-json\/wp\/v2\/types\/post"}],"author":[{"embeddable":true,"href":"https:\/\/newsinfoco.com.br\/inicio\/wp-json\/wp\/v2\/users\/1"}],"replies":[{"embeddable":true,"href":"https:\/\/newsinfoco.com.br\/inicio\/wp-json\/wp\/v2\/comments?post=34173"}],"version-history":[{"count":1,"href":"https:\/\/newsinfoco.com.br\/inicio\/wp-json\/wp\/v2\/posts\/34173\/revisions"}],"predecessor-version":[{"id":34175,"href":"https:\/\/newsinfoco.com.br\/inicio\/wp-json\/wp\/v2\/posts\/34173\/revisions\/34175"}],"wp:featuredmedia":[{"embeddable":true,"href":"https:\/\/newsinfoco.com.br\/inicio\/wp-json\/wp\/v2\/media\/34174"}],"wp:attachment":[{"href":"https:\/\/newsinfoco.com.br\/inicio\/wp-json\/wp\/v2\/media?parent=34173"}],"wp:term":[{"taxonomy":"category","embeddable":true,"href":"https:\/\/newsinfoco.com.br\/inicio\/wp-json\/wp\/v2\/categories?post=34173"},{"taxonomy":"post_tag","embeddable":true,"href":"https:\/\/newsinfoco.com.br\/inicio\/wp-json\/wp\/v2\/tags?post=34173"}],"curies":[{"name":"wp","href":"https:\/\/api.w.org\/{rel}","templated":true}]}}