{"id":34183,"date":"2023-05-31T19:44:17","date_gmt":"2023-05-31T22:44:17","guid":{"rendered":"https:\/\/newsinfoco.com.br\/inicio\/?p=34183"},"modified":"2023-05-31T19:48:42","modified_gmt":"2023-05-31T22:48:42","slug":"paulo-cezar-reafirma-pre-candidatura-a-prefeitura-de-alagoinhas-e-fala-em-conversas-com-uniao-brasil-pt-raimundo-queiroz-e-pdt","status":"publish","type":"post","link":"https:\/\/newsinfoco.com.br\/inicio\/paulo-cezar-reafirma-pre-candidatura-a-prefeitura-de-alagoinhas-e-fala-em-conversas-com-uniao-brasil-pt-raimundo-queiroz-e-pdt\/","title":{"rendered":"Paulo Cezar reafirma pr\u00e9-candidatura \u00e0 prefeitura de Alagoinhas e fala em conversas com Uni\u00e3o Brasil, PT, Raimundo Queiroz e PDT"},"content":{"rendered":"<p>O ex-prefeito de Alagoinhas, Paulo Cezar Sim\u00f5es, pelo menos ao que depender de sua vontade, deve disputar novamente o cargo nas elei\u00e7\u00f5es do ano que vem. Em entrevista concedida ao Programa Papo da Hora, da r\u00e1dio 93 FM, na noite de hoje(31), ele reafirmou sua pr\u00e9-candidatura a prefeitura da cidade.<\/p>\n<p>Paulo Cezar disse estar mais experiente e que aprendeu muito com as derrotas eleitorais de 2016, 2018, 2020 e 2022. Ele, que atualmente est\u00e1 filiado ao Solidariedade revelou estar conversando muito com o deputado Paulo Azi em busca do apoio do seu grupo.<\/p>\n<p>Questionado pela bancada do programa, ele disse que continuar\u00e1 ao lado de ACM Neto, e mant\u00e9m conversas com o PDT, da vereadora Luma Menezes, que tamb\u00e9m faz parte do grupo ligado ao ex-prefeito de Salvador.<\/p>\n<p>Por\u00e9m, apesar de revelar as negocia\u00e7\u00f5es com o UB e o PDT, Paulo Cezar tamb\u00e9m declarou que mant\u00e9m conversas com o PT e tamb\u00e9m Raimundo Queiroz, chefe de gabinete da prefeitura e tido como homem de confian\u00e7a do seu maior desafeto politico, o atual prefeito da cidade, Joaquim Neto. &#8220;Na politica tudo \u00e9 poss\u00edvel&#8221;, declarou o ex-gestor.<\/p>\n<p>O aparente entusiasmo de Paulo Cezar contrasta com os seus problemas na Justi\u00e7a. O ex-prefeito responde a pelo menos 2 processos judiciais onde \u00e9 acusado de fraude em licita\u00e7\u00e3o e corrup\u00e7\u00e3o no per\u00edodo em que foi gestor do munic\u00edpio entre 2009 e 2016. No primeiro processo j\u00e1 foi condenado em 1\u00aa instancia a 2 anos e 6 meses de pris\u00e3o e apresentou recurso para n\u00e3o se tornar ineleg\u00edvel. O segundo processo est\u00e1 concluso para despacho e aguarda apenas a senten\u00e7a do juiz.<\/p>\n<p>Al\u00e9m disso, Paulo Cezar tem problemas com o TCU. Na elei\u00e7\u00e3o do ano passado, quando concorreu ao cargo de deputado estadual, chegou a ser alvo de um pedido de impugna\u00e7\u00e3o por parte do Minist\u00e9rio P\u00fablico Eleitoral por constar na lista de ex-gestores ineleg\u00edveis por condena\u00e7\u00e3o do \u00f3rg\u00e3o federal. Prestes a ter sua candidatura impugnada, Paulo Cezar conseguiu um efeito suspensivo da senten\u00e7a, mas o processo ainda corre.<\/p>\n<p>Se por um lado j\u00e1 se tornou habitual a presen\u00e7a de Paulo Cezar nas p\u00e1ginas policiais, por outro o seu carisma com os camadas mais populares da cidade parece n\u00e3o ter sofrido grande abalo. Ele ainda \u00e9 visto com frequ\u00eancia em bairros populares, conjuntos habitacionais e na Central de Abastecimento onde poss\u00edveis eleitores..<\/p>\n<p>&nbsp;<\/p>\n<p>Por Caio Pimenta para o News Infoco<\/p>\n<div class='share-to-whatsapp-wrapper'><div class='share-on-whsp'>Share on: <\/div><a data-text='Paulo Cezar reafirma pr\u00e9-candidatura \u00e0 prefeitura de Alagoinhas e fala em conversas com Uni\u00e3o Brasil, PT, Raimundo Queiroz e PDT' data-link='https:\/\/newsinfoco.com.br\/inicio\/paulo-cezar-reafirma-pre-candidatura-a-prefeitura-de-alagoinhas-e-fala-em-conversas-com-uniao-brasil-pt-raimundo-queiroz-e-pdt\/' class='whatsapp-button whatsapp-share'>WhatsApp<\/a><div class='clear '><\/div><\/div>","protected":false},"excerpt":{"rendered":"<p>O ex-prefeito de Alagoinhas, Paulo Cezar Sim\u00f5es, pelo menos ao que depender de sua vontade, deve disputar novamente o cargo nas elei\u00e7\u00f5es do ano que vem. Em entrevista concedida ao Programa Papo da Hora, da r\u00e1dio 93 FM, na noite de hoje(31), ele reafirmou sua pr\u00e9-candidatura a prefeitura da cidade. Paulo Cezar disse estar mais [&hellip;]<\/p>\n","protected":false},"author":1,"featured_media":34184,"comment_status":"closed","ping_status":"closed","sticky":false,"template":"","format":"standard","meta":{"om_disable_all_campaigns":false,"rop_custom_images_group":[],"rop_custom_messages_group":[],"rop_publish_now":"initial","rop_publish_now_accounts":[],"rop_publish_now_history":[],"rop_publish_now_status":"pending","_exactmetrics_skip_tracking":false,"footnotes":""},"categories":[38,167],"tags":[],"class_list":["post-34183","post","type-post","status-publish","format-standard","has-post-thumbnail","hentry","category-alagoinhas-e-regiao","category-exclusivas"],"aioseo_notices":[],"aioseo_head":"\n\t\t<!-- All in One SEO 4.9.10 - aioseo.com -->\n\t<meta name=\"description\" content=\"O ex-prefeito de Alagoinhas, Paulo Cezar Sim\u00f5es, pelo menos ao que depender de sua vontade, deve disputar novamente o cargo nas elei\u00e7\u00f5es do ano que vem. Em entrevista concedida ao Programa Papo da Hora, da r\u00e1dio 93 FM, na noite de hoje(31), ele reafirmou sua pr\u00e9-candidatura a prefeitura da cidade. Paulo Cezar disse estar mais\" \/>\n\t<meta name=\"robots\" content=\"max-image-preview:large\" \/>\n\t<meta name=\"author\" content=\"administrador\"\/>\n\t<link rel=\"canonical\" href=\"https:\/\/newsinfoco.com.br\/inicio\/paulo-cezar-reafirma-pre-candidatura-a-prefeitura-de-alagoinhas-e-fala-em-conversas-com-uniao-brasil-pt-raimundo-queiroz-e-pdt\/\" \/>\n\t<meta name=\"generator\" content=\"All in One SEO (AIOSEO) 4.9.10\" \/>\n\t\t<meta property=\"og:locale\" content=\"pt_BR\" \/>\n\t\t<meta property=\"og:site_name\" content=\"News In Foco - Editado por Caio Pimenta - O principal site de noticias de Alagoinhas e regi\u00e3o\" \/>\n\t\t<meta property=\"og:type\" content=\"article\" \/>\n\t\t<meta property=\"og:title\" content=\"Paulo Cezar reafirma pr\u00e9-candidatura \u00e0 prefeitura de Alagoinhas e fala em conversas com Uni\u00e3o Brasil, PT, Raimundo Queiroz e PDT - News In Foco - Editado por Caio Pimenta\" \/>\n\t\t<meta property=\"og:description\" content=\"O ex-prefeito de Alagoinhas, Paulo Cezar Sim\u00f5es, pelo menos ao que depender de sua vontade, deve disputar novamente o cargo nas elei\u00e7\u00f5es do ano que vem. Em entrevista concedida ao Programa Papo da Hora, da r\u00e1dio 93 FM, na noite de hoje(31), ele reafirmou sua pr\u00e9-candidatura a prefeitura da cidade. Paulo Cezar disse estar mais\" \/>\n\t\t<meta property=\"og:url\" content=\"https:\/\/newsinfoco.com.br\/inicio\/paulo-cezar-reafirma-pre-candidatura-a-prefeitura-de-alagoinhas-e-fala-em-conversas-com-uniao-brasil-pt-raimundo-queiroz-e-pdt\/\" \/>\n\t\t<meta property=\"article:published_time\" content=\"2023-05-31T22:44:17+00:00\" \/>\n\t\t<meta property=\"article:modified_time\" content=\"2023-05-31T22:48:42+00:00\" \/>\n\t\t<meta name=\"twitter:card\" content=\"summary_large_image\" \/>\n\t\t<meta name=\"twitter:title\" content=\"Paulo Cezar reafirma pr\u00e9-candidatura \u00e0 prefeitura de Alagoinhas e fala em conversas com Uni\u00e3o Brasil, PT, Raimundo Queiroz e PDT - News In Foco - Editado por Caio Pimenta\" \/>\n\t\t<meta name=\"twitter:description\" content=\"O ex-prefeito de Alagoinhas, Paulo Cezar Sim\u00f5es, pelo menos ao que depender de sua vontade, deve disputar novamente o cargo nas elei\u00e7\u00f5es do ano que vem. Em entrevista concedida ao Programa Papo da Hora, da r\u00e1dio 93 FM, na noite de hoje(31), ele reafirmou sua pr\u00e9-candidatura a prefeitura da cidade. Paulo Cezar disse estar mais\" \/>\n\t\t<script type=\"application\/ld+json\" class=\"aioseo-schema\">\n\t\t\t{\"@context\":\"https:\\\/\\\/schema.org\",\"@graph\":[{\"@type\":\"BlogPosting\",\"@id\":\"https:\\\/\\\/newsinfoco.com.br\\\/inicio\\\/paulo-cezar-reafirma-pre-candidatura-a-prefeitura-de-alagoinhas-e-fala-em-conversas-com-uniao-brasil-pt-raimundo-queiroz-e-pdt\\\/#blogposting\",\"name\":\"Paulo Cezar reafirma pr\\u00e9-candidatura \\u00e0 prefeitura de Alagoinhas e fala em conversas com Uni\\u00e3o Brasil, PT, Raimundo Queiroz e PDT - News In Foco - Editado por Caio Pimenta\",\"headline\":\"Paulo Cezar reafirma pr\\u00e9-candidatura \\u00e0 prefeitura de Alagoinhas e fala em conversas com Uni\\u00e3o Brasil, PT, Raimundo Queiroz e PDT\",\"author\":{\"@id\":\"https:\\\/\\\/newsinfoco.com.br\\\/inicio\\\/author\\\/administrador\\\/#author\"},\"publisher\":{\"@id\":\"https:\\\/\\\/newsinfoco.com.br\\\/inicio\\\/#organization\"},\"image\":{\"@type\":\"ImageObject\",\"url\":\"https:\\\/\\\/newsinfoco.com.br\\\/inicio\\\/wp-content\\\/uploads\\\/2023\\\/05\\\/hotel-ibis2.jpg\",\"width\":638,\"height\":449},\"datePublished\":\"2023-05-31T19:44:17-03:00\",\"dateModified\":\"2023-05-31T19:48:42-03:00\",\"inLanguage\":\"pt-BR\",\"mainEntityOfPage\":{\"@id\":\"https:\\\/\\\/newsinfoco.com.br\\\/inicio\\\/paulo-cezar-reafirma-pre-candidatura-a-prefeitura-de-alagoinhas-e-fala-em-conversas-com-uniao-brasil-pt-raimundo-queiroz-e-pdt\\\/#webpage\"},\"isPartOf\":{\"@id\":\"https:\\\/\\\/newsinfoco.com.br\\\/inicio\\\/paulo-cezar-reafirma-pre-candidatura-a-prefeitura-de-alagoinhas-e-fala-em-conversas-com-uniao-brasil-pt-raimundo-queiroz-e-pdt\\\/#webpage\"},\"articleSection\":\"Alagoinhas e Regi\\u00e3o, Manchete\"},{\"@type\":\"BreadcrumbList\",\"@id\":\"https:\\\/\\\/newsinfoco.com.br\\\/inicio\\\/paulo-cezar-reafirma-pre-candidatura-a-prefeitura-de-alagoinhas-e-fala-em-conversas-com-uniao-brasil-pt-raimundo-queiroz-e-pdt\\\/#breadcrumblist\",\"itemListElement\":[{\"@type\":\"ListItem\",\"@id\":\"https:\\\/\\\/newsinfoco.com.br\\\/inicio#listItem\",\"position\":1,\"name\":\"In\\u00edcio\",\"item\":\"https:\\\/\\\/newsinfoco.com.br\\\/inicio\",\"nextItem\":{\"@type\":\"ListItem\",\"@id\":\"https:\\\/\\\/newsinfoco.com.br\\\/inicio\\\/category\\\/alagoinhas-e-regiao\\\/#listItem\",\"name\":\"Alagoinhas e Regi\\u00e3o\"}},{\"@type\":\"ListItem\",\"@id\":\"https:\\\/\\\/newsinfoco.com.br\\\/inicio\\\/category\\\/alagoinhas-e-regiao\\\/#listItem\",\"position\":2,\"name\":\"Alagoinhas e Regi\\u00e3o\",\"item\":\"https:\\\/\\\/newsinfoco.com.br\\\/inicio\\\/category\\\/alagoinhas-e-regiao\\\/\",\"nextItem\":{\"@type\":\"ListItem\",\"@id\":\"https:\\\/\\\/newsinfoco.com.br\\\/inicio\\\/paulo-cezar-reafirma-pre-candidatura-a-prefeitura-de-alagoinhas-e-fala-em-conversas-com-uniao-brasil-pt-raimundo-queiroz-e-pdt\\\/#listItem\",\"name\":\"Paulo Cezar reafirma pr\\u00e9-candidatura \\u00e0 prefeitura de Alagoinhas e fala em conversas com Uni\\u00e3o Brasil, PT, Raimundo Queiroz e PDT\"},\"previousItem\":{\"@type\":\"ListItem\",\"@id\":\"https:\\\/\\\/newsinfoco.com.br\\\/inicio#listItem\",\"name\":\"In\\u00edcio\"}},{\"@type\":\"ListItem\",\"@id\":\"https:\\\/\\\/newsinfoco.com.br\\\/inicio\\\/paulo-cezar-reafirma-pre-candidatura-a-prefeitura-de-alagoinhas-e-fala-em-conversas-com-uniao-brasil-pt-raimundo-queiroz-e-pdt\\\/#listItem\",\"position\":3,\"name\":\"Paulo Cezar reafirma pr\\u00e9-candidatura \\u00e0 prefeitura de Alagoinhas e fala em conversas com Uni\\u00e3o Brasil, PT, Raimundo Queiroz e PDT\",\"previousItem\":{\"@type\":\"ListItem\",\"@id\":\"https:\\\/\\\/newsinfoco.com.br\\\/inicio\\\/category\\\/alagoinhas-e-regiao\\\/#listItem\",\"name\":\"Alagoinhas e Regi\\u00e3o\"}}]},{\"@type\":\"Organization\",\"@id\":\"https:\\\/\\\/newsinfoco.com.br\\\/inicio\\\/#organization\",\"name\":\"News In Foco - Editado por Caio Pimenta\",\"description\":\"O principal site de noticias de Alagoinhas e regi\\u00e3o\",\"url\":\"https:\\\/\\\/newsinfoco.com.br\\\/inicio\\\/\"},{\"@type\":\"Person\",\"@id\":\"https:\\\/\\\/newsinfoco.com.br\\\/inicio\\\/author\\\/administrador\\\/#author\",\"url\":\"https:\\\/\\\/newsinfoco.com.br\\\/inicio\\\/author\\\/administrador\\\/\",\"name\":\"administrador\",\"image\":{\"@type\":\"ImageObject\",\"@id\":\"https:\\\/\\\/newsinfoco.com.br\\\/inicio\\\/paulo-cezar-reafirma-pre-candidatura-a-prefeitura-de-alagoinhas-e-fala-em-conversas-com-uniao-brasil-pt-raimundo-queiroz-e-pdt\\\/#authorImage\",\"url\":\"https:\\\/\\\/secure.gravatar.com\\\/avatar\\\/c17a617433de8c1dc9584bb79aab7563b46f5bb7e1728c9b17d9cc3ce6a08e49?s=96&d=mm&r=g\",\"width\":96,\"height\":96,\"caption\":\"administrador\"}},{\"@type\":\"WebPage\",\"@id\":\"https:\\\/\\\/newsinfoco.com.br\\\/inicio\\\/paulo-cezar-reafirma-pre-candidatura-a-prefeitura-de-alagoinhas-e-fala-em-conversas-com-uniao-brasil-pt-raimundo-queiroz-e-pdt\\\/#webpage\",\"url\":\"https:\\\/\\\/newsinfoco.com.br\\\/inicio\\\/paulo-cezar-reafirma-pre-candidatura-a-prefeitura-de-alagoinhas-e-fala-em-conversas-com-uniao-brasil-pt-raimundo-queiroz-e-pdt\\\/\",\"name\":\"Paulo Cezar reafirma pr\\u00e9-candidatura \\u00e0 prefeitura de Alagoinhas e fala em conversas com Uni\\u00e3o Brasil, PT, Raimundo Queiroz e PDT - News In Foco - Editado por Caio Pimenta\",\"description\":\"O ex-prefeito de Alagoinhas, Paulo Cezar Sim\\u00f5es, pelo menos ao que depender de sua vontade, deve disputar novamente o cargo nas elei\\u00e7\\u00f5es do ano que vem. Em entrevista concedida ao Programa Papo da Hora, da r\\u00e1dio 93 FM, na noite de hoje(31), ele reafirmou sua pr\\u00e9-candidatura a prefeitura da cidade. Paulo Cezar disse estar mais\",\"inLanguage\":\"pt-BR\",\"isPartOf\":{\"@id\":\"https:\\\/\\\/newsinfoco.com.br\\\/inicio\\\/#website\"},\"breadcrumb\":{\"@id\":\"https:\\\/\\\/newsinfoco.com.br\\\/inicio\\\/paulo-cezar-reafirma-pre-candidatura-a-prefeitura-de-alagoinhas-e-fala-em-conversas-com-uniao-brasil-pt-raimundo-queiroz-e-pdt\\\/#breadcrumblist\"},\"author\":{\"@id\":\"https:\\\/\\\/newsinfoco.com.br\\\/inicio\\\/author\\\/administrador\\\/#author\"},\"creator\":{\"@id\":\"https:\\\/\\\/newsinfoco.com.br\\\/inicio\\\/author\\\/administrador\\\/#author\"},\"image\":{\"@type\":\"ImageObject\",\"url\":\"https:\\\/\\\/newsinfoco.com.br\\\/inicio\\\/wp-content\\\/uploads\\\/2023\\\/05\\\/hotel-ibis2.jpg\",\"@id\":\"https:\\\/\\\/newsinfoco.com.br\\\/inicio\\\/paulo-cezar-reafirma-pre-candidatura-a-prefeitura-de-alagoinhas-e-fala-em-conversas-com-uniao-brasil-pt-raimundo-queiroz-e-pdt\\\/#mainImage\",\"width\":638,\"height\":449},\"primaryImageOfPage\":{\"@id\":\"https:\\\/\\\/newsinfoco.com.br\\\/inicio\\\/paulo-cezar-reafirma-pre-candidatura-a-prefeitura-de-alagoinhas-e-fala-em-conversas-com-uniao-brasil-pt-raimundo-queiroz-e-pdt\\\/#mainImage\"},\"datePublished\":\"2023-05-31T19:44:17-03:00\",\"dateModified\":\"2023-05-31T19:48:42-03:00\"},{\"@type\":\"WebSite\",\"@id\":\"https:\\\/\\\/newsinfoco.com.br\\\/inicio\\\/#website\",\"url\":\"https:\\\/\\\/newsinfoco.com.br\\\/inicio\\\/\",\"name\":\"News In Foco - Editado por Caio Pimenta\",\"description\":\"O principal site de noticias de Alagoinhas e regi\\u00e3o\",\"inLanguage\":\"pt-BR\",\"publisher\":{\"@id\":\"https:\\\/\\\/newsinfoco.com.br\\\/inicio\\\/#organization\"}}]}\n\t\t<\/script>\n\t\t<!-- All in One SEO -->\n\n","aioseo_head_json":{"title":"Paulo Cezar reafirma pr\u00e9-candidatura \u00e0 prefeitura de Alagoinhas e fala em conversas com Uni\u00e3o Brasil, PT, Raimundo Queiroz e PDT - News In Foco - Editado por Caio Pimenta","description":"O ex-prefeito de Alagoinhas, Paulo Cezar Sim\u00f5es, pelo menos ao que depender de sua vontade, deve disputar novamente o cargo nas elei\u00e7\u00f5es do ano que vem. Em entrevista concedida ao Programa Papo da Hora, da r\u00e1dio 93 FM, na noite de hoje(31), ele reafirmou sua pr\u00e9-candidatura a prefeitura da cidade. Paulo Cezar disse estar mais","canonical_url":"https:\/\/newsinfoco.com.br\/inicio\/paulo-cezar-reafirma-pre-candidatura-a-prefeitura-de-alagoinhas-e-fala-em-conversas-com-uniao-brasil-pt-raimundo-queiroz-e-pdt\/","robots":"max-image-preview:large","keywords":"","webmasterTools":{"miscellaneous":""},"schema":{"@context":"https:\/\/schema.org","@graph":[{"@type":"BlogPosting","@id":"https:\/\/newsinfoco.com.br\/inicio\/paulo-cezar-reafirma-pre-candidatura-a-prefeitura-de-alagoinhas-e-fala-em-conversas-com-uniao-brasil-pt-raimundo-queiroz-e-pdt\/#blogposting","name":"Paulo Cezar reafirma pr\u00e9-candidatura \u00e0 prefeitura de Alagoinhas e fala em conversas com Uni\u00e3o Brasil, PT, Raimundo Queiroz e PDT - News In Foco - Editado por Caio Pimenta","headline":"Paulo Cezar reafirma pr\u00e9-candidatura \u00e0 prefeitura de Alagoinhas e fala em conversas com Uni\u00e3o Brasil, PT, Raimundo Queiroz e PDT","author":{"@id":"https:\/\/newsinfoco.com.br\/inicio\/author\/administrador\/#author"},"publisher":{"@id":"https:\/\/newsinfoco.com.br\/inicio\/#organization"},"image":{"@type":"ImageObject","url":"https:\/\/newsinfoco.com.br\/inicio\/wp-content\/uploads\/2023\/05\/hotel-ibis2.jpg","width":638,"height":449},"datePublished":"2023-05-31T19:44:17-03:00","dateModified":"2023-05-31T19:48:42-03:00","inLanguage":"pt-BR","mainEntityOfPage":{"@id":"https:\/\/newsinfoco.com.br\/inicio\/paulo-cezar-reafirma-pre-candidatura-a-prefeitura-de-alagoinhas-e-fala-em-conversas-com-uniao-brasil-pt-raimundo-queiroz-e-pdt\/#webpage"},"isPartOf":{"@id":"https:\/\/newsinfoco.com.br\/inicio\/paulo-cezar-reafirma-pre-candidatura-a-prefeitura-de-alagoinhas-e-fala-em-conversas-com-uniao-brasil-pt-raimundo-queiroz-e-pdt\/#webpage"},"articleSection":"Alagoinhas e Regi\u00e3o, Manchete"},{"@type":"BreadcrumbList","@id":"https:\/\/newsinfoco.com.br\/inicio\/paulo-cezar-reafirma-pre-candidatura-a-prefeitura-de-alagoinhas-e-fala-em-conversas-com-uniao-brasil-pt-raimundo-queiroz-e-pdt\/#breadcrumblist","itemListElement":[{"@type":"ListItem","@id":"https:\/\/newsinfoco.com.br\/inicio#listItem","position":1,"name":"In\u00edcio","item":"https:\/\/newsinfoco.com.br\/inicio","nextItem":{"@type":"ListItem","@id":"https:\/\/newsinfoco.com.br\/inicio\/category\/alagoinhas-e-regiao\/#listItem","name":"Alagoinhas e Regi\u00e3o"}},{"@type":"ListItem","@id":"https:\/\/newsinfoco.com.br\/inicio\/category\/alagoinhas-e-regiao\/#listItem","position":2,"name":"Alagoinhas e Regi\u00e3o","item":"https:\/\/newsinfoco.com.br\/inicio\/category\/alagoinhas-e-regiao\/","nextItem":{"@type":"ListItem","@id":"https:\/\/newsinfoco.com.br\/inicio\/paulo-cezar-reafirma-pre-candidatura-a-prefeitura-de-alagoinhas-e-fala-em-conversas-com-uniao-brasil-pt-raimundo-queiroz-e-pdt\/#listItem","name":"Paulo Cezar reafirma pr\u00e9-candidatura \u00e0 prefeitura de Alagoinhas e fala em conversas com Uni\u00e3o Brasil, PT, Raimundo Queiroz e PDT"},"previousItem":{"@type":"ListItem","@id":"https:\/\/newsinfoco.com.br\/inicio#listItem","name":"In\u00edcio"}},{"@type":"ListItem","@id":"https:\/\/newsinfoco.com.br\/inicio\/paulo-cezar-reafirma-pre-candidatura-a-prefeitura-de-alagoinhas-e-fala-em-conversas-com-uniao-brasil-pt-raimundo-queiroz-e-pdt\/#listItem","position":3,"name":"Paulo Cezar reafirma pr\u00e9-candidatura \u00e0 prefeitura de Alagoinhas e fala em conversas com Uni\u00e3o Brasil, PT, Raimundo Queiroz e PDT","previousItem":{"@type":"ListItem","@id":"https:\/\/newsinfoco.com.br\/inicio\/category\/alagoinhas-e-regiao\/#listItem","name":"Alagoinhas e Regi\u00e3o"}}]},{"@type":"Organization","@id":"https:\/\/newsinfoco.com.br\/inicio\/#organization","name":"News In Foco - Editado por Caio Pimenta","description":"O principal site de noticias de Alagoinhas e regi\u00e3o","url":"https:\/\/newsinfoco.com.br\/inicio\/"},{"@type":"Person","@id":"https:\/\/newsinfoco.com.br\/inicio\/author\/administrador\/#author","url":"https:\/\/newsinfoco.com.br\/inicio\/author\/administrador\/","name":"administrador","image":{"@type":"ImageObject","@id":"https:\/\/newsinfoco.com.br\/inicio\/paulo-cezar-reafirma-pre-candidatura-a-prefeitura-de-alagoinhas-e-fala-em-conversas-com-uniao-brasil-pt-raimundo-queiroz-e-pdt\/#authorImage","url":"https:\/\/secure.gravatar.com\/avatar\/c17a617433de8c1dc9584bb79aab7563b46f5bb7e1728c9b17d9cc3ce6a08e49?s=96&d=mm&r=g","width":96,"height":96,"caption":"administrador"}},{"@type":"WebPage","@id":"https:\/\/newsinfoco.com.br\/inicio\/paulo-cezar-reafirma-pre-candidatura-a-prefeitura-de-alagoinhas-e-fala-em-conversas-com-uniao-brasil-pt-raimundo-queiroz-e-pdt\/#webpage","url":"https:\/\/newsinfoco.com.br\/inicio\/paulo-cezar-reafirma-pre-candidatura-a-prefeitura-de-alagoinhas-e-fala-em-conversas-com-uniao-brasil-pt-raimundo-queiroz-e-pdt\/","name":"Paulo Cezar reafirma pr\u00e9-candidatura \u00e0 prefeitura de Alagoinhas e fala em conversas com Uni\u00e3o Brasil, PT, Raimundo Queiroz e PDT - News In Foco - Editado por Caio Pimenta","description":"O ex-prefeito de Alagoinhas, Paulo Cezar Sim\u00f5es, pelo menos ao que depender de sua vontade, deve disputar novamente o cargo nas elei\u00e7\u00f5es do ano que vem. Em entrevista concedida ao Programa Papo da Hora, da r\u00e1dio 93 FM, na noite de hoje(31), ele reafirmou sua pr\u00e9-candidatura a prefeitura da cidade. Paulo Cezar disse estar mais","inLanguage":"pt-BR","isPartOf":{"@id":"https:\/\/newsinfoco.com.br\/inicio\/#website"},"breadcrumb":{"@id":"https:\/\/newsinfoco.com.br\/inicio\/paulo-cezar-reafirma-pre-candidatura-a-prefeitura-de-alagoinhas-e-fala-em-conversas-com-uniao-brasil-pt-raimundo-queiroz-e-pdt\/#breadcrumblist"},"author":{"@id":"https:\/\/newsinfoco.com.br\/inicio\/author\/administrador\/#author"},"creator":{"@id":"https:\/\/newsinfoco.com.br\/inicio\/author\/administrador\/#author"},"image":{"@type":"ImageObject","url":"https:\/\/newsinfoco.com.br\/inicio\/wp-content\/uploads\/2023\/05\/hotel-ibis2.jpg","@id":"https:\/\/newsinfoco.com.br\/inicio\/paulo-cezar-reafirma-pre-candidatura-a-prefeitura-de-alagoinhas-e-fala-em-conversas-com-uniao-brasil-pt-raimundo-queiroz-e-pdt\/#mainImage","width":638,"height":449},"primaryImageOfPage":{"@id":"https:\/\/newsinfoco.com.br\/inicio\/paulo-cezar-reafirma-pre-candidatura-a-prefeitura-de-alagoinhas-e-fala-em-conversas-com-uniao-brasil-pt-raimundo-queiroz-e-pdt\/#mainImage"},"datePublished":"2023-05-31T19:44:17-03:00","dateModified":"2023-05-31T19:48:42-03:00"},{"@type":"WebSite","@id":"https:\/\/newsinfoco.com.br\/inicio\/#website","url":"https:\/\/newsinfoco.com.br\/inicio\/","name":"News In Foco - Editado por Caio Pimenta","description":"O principal site de noticias de Alagoinhas e regi\u00e3o","inLanguage":"pt-BR","publisher":{"@id":"https:\/\/newsinfoco.com.br\/inicio\/#organization"}}]},"og:locale":"pt_BR","og:site_name":"News In Foco - Editado por Caio Pimenta - O principal site de noticias de Alagoinhas e regi\u00e3o","og:type":"article","og:title":"Paulo Cezar reafirma pr\u00e9-candidatura \u00e0 prefeitura de Alagoinhas e fala em conversas com Uni\u00e3o Brasil, PT, Raimundo Queiroz e PDT - News In Foco - Editado por Caio Pimenta","og:description":"O ex-prefeito de Alagoinhas, Paulo Cezar Sim\u00f5es, pelo menos ao que depender de sua vontade, deve disputar novamente o cargo nas elei\u00e7\u00f5es do ano que vem. Em entrevista concedida ao Programa Papo da Hora, da r\u00e1dio 93 FM, na noite de hoje(31), ele reafirmou sua pr\u00e9-candidatura a prefeitura da cidade. Paulo Cezar disse estar mais","og:url":"https:\/\/newsinfoco.com.br\/inicio\/paulo-cezar-reafirma-pre-candidatura-a-prefeitura-de-alagoinhas-e-fala-em-conversas-com-uniao-brasil-pt-raimundo-queiroz-e-pdt\/","article:published_time":"2023-05-31T22:44:17+00:00","article:modified_time":"2023-05-31T22:48:42+00:00","twitter:card":"summary_large_image","twitter:title":"Paulo Cezar reafirma pr\u00e9-candidatura \u00e0 prefeitura de Alagoinhas e fala em conversas com Uni\u00e3o Brasil, PT, Raimundo Queiroz e PDT - News In Foco - Editado por Caio Pimenta","twitter:description":"O ex-prefeito de Alagoinhas, Paulo Cezar Sim\u00f5es, pelo menos ao que depender de sua vontade, deve disputar novamente o cargo nas elei\u00e7\u00f5es do ano que vem. Em entrevista concedida ao Programa Papo da Hora, da r\u00e1dio 93 FM, na noite de hoje(31), ele reafirmou sua pr\u00e9-candidatura a prefeitura da cidade. Paulo Cezar disse estar mais"},"aioseo_meta_data":{"post_id":"34183","title":null,"description":null,"keywords":null,"keyphrases":null,"primary_term":null,"canonical_url":null,"og_title":null,"og_description":null,"og_object_type":"default","og_image_type":"default","og_image_url":null,"og_image_width":null,"og_image_height":null,"og_image_custom_url":null,"og_image_custom_fields":null,"og_video":null,"og_custom_url":null,"og_article_section":null,"og_article_tags":null,"twitter_use_og":false,"twitter_card":"default","twitter_image_type":"default","twitter_image_url":null,"twitter_image_custom_url":null,"twitter_image_custom_fields":null,"twitter_title":null,"twitter_description":null,"schema":{"blockGraphs":[],"customGraphs":[],"default":{"data":{"Article":[],"Course":[],"Dataset":[],"FAQPage":[],"Movie":[],"Person":[],"Product":[],"ProductReview":[],"Car":[],"Recipe":[],"Service":[],"SoftwareApplication":[],"WebPage":[]},"graphName":"","isEnabled":true},"graphs":[]},"schema_type":"default","schema_type_options":null,"pillar_content":false,"robots_default":true,"robots_noindex":false,"robots_noarchive":false,"robots_nosnippet":false,"robots_nofollow":false,"robots_noimageindex":false,"robots_noodp":false,"robots_notranslate":false,"robots_max_snippet":null,"robots_max_videopreview":null,"robots_max_imagepreview":"large","priority":null,"frequency":null,"local_seo":null,"breadcrumb_settings":null,"limit_modified_date":false,"ai":null,"created":"2023-06-12 23:35:13","updated":"2025-07-11 09:49:05","seo_analyzer_scan_date":null},"aioseo_breadcrumb":"<div class=\"aioseo-breadcrumbs\"><span class=\"aioseo-breadcrumb\">\n\t\t\t<a href=\"https:\/\/newsinfoco.com.br\/inicio\" title=\"In\u00edcio\">In\u00edcio<\/a>\n\t\t<\/span><span class=\"aioseo-breadcrumb-separator\">&raquo;<\/span><span class=\"aioseo-breadcrumb\">\n\t\t\t<a href=\"https:\/\/newsinfoco.com.br\/inicio\/category\/alagoinhas-e-regiao\/\" title=\"Alagoinhas e Regi\u00e3o\">Alagoinhas e Regi\u00e3o<\/a>\n\t\t<\/span><span class=\"aioseo-breadcrumb-separator\">&raquo;<\/span><span class=\"aioseo-breadcrumb\">\n\t\t\tPaulo Cezar reafirma pr\u00e9-candidatura \u00e0 prefeitura de Alagoinhas e fala em conversas com Uni\u00e3o Brasil, PT, Raimundo Queiroz e PDT\n\t\t<\/span><\/div>","aioseo_breadcrumb_json":[{"label":"In\u00edcio","link":"https:\/\/newsinfoco.com.br\/inicio"},{"label":"Alagoinhas e Regi\u00e3o","link":"https:\/\/newsinfoco.com.br\/inicio\/category\/alagoinhas-e-regiao\/"},{"label":"Paulo Cezar reafirma pr\u00e9-candidatura \u00e0 prefeitura de Alagoinhas e fala em conversas com Uni\u00e3o Brasil, PT, Raimundo Queiroz e PDT","link":"https:\/\/newsinfoco.com.br\/inicio\/paulo-cezar-reafirma-pre-candidatura-a-prefeitura-de-alagoinhas-e-fala-em-conversas-com-uniao-brasil-pt-raimundo-queiroz-e-pdt\/"}],"_links":{"self":[{"href":"https:\/\/newsinfoco.com.br\/inicio\/wp-json\/wp\/v2\/posts\/34183","targetHints":{"allow":["GET"]}}],"collection":[{"href":"https:\/\/newsinfoco.com.br\/inicio\/wp-json\/wp\/v2\/posts"}],"about":[{"href":"https:\/\/newsinfoco.com.br\/inicio\/wp-json\/wp\/v2\/types\/post"}],"author":[{"embeddable":true,"href":"https:\/\/newsinfoco.com.br\/inicio\/wp-json\/wp\/v2\/users\/1"}],"replies":[{"embeddable":true,"href":"https:\/\/newsinfoco.com.br\/inicio\/wp-json\/wp\/v2\/comments?post=34183"}],"version-history":[{"count":3,"href":"https:\/\/newsinfoco.com.br\/inicio\/wp-json\/wp\/v2\/posts\/34183\/revisions"}],"predecessor-version":[{"id":34187,"href":"https:\/\/newsinfoco.com.br\/inicio\/wp-json\/wp\/v2\/posts\/34183\/revisions\/34187"}],"wp:featuredmedia":[{"embeddable":true,"href":"https:\/\/newsinfoco.com.br\/inicio\/wp-json\/wp\/v2\/media\/34184"}],"wp:attachment":[{"href":"https:\/\/newsinfoco.com.br\/inicio\/wp-json\/wp\/v2\/media?parent=34183"}],"wp:term":[{"taxonomy":"category","embeddable":true,"href":"https:\/\/newsinfoco.com.br\/inicio\/wp-json\/wp\/v2\/categories?post=34183"},{"taxonomy":"post_tag","embeddable":true,"href":"https:\/\/newsinfoco.com.br\/inicio\/wp-json\/wp\/v2\/tags?post=34183"}],"curies":[{"name":"wp","href":"https:\/\/api.w.org\/{rel}","templated":true}]}}