{"id":34349,"date":"2023-06-13T08:55:30","date_gmt":"2023-06-13T11:55:30","guid":{"rendered":"https:\/\/newsinfoco.com.br\/inicio\/?p=34349"},"modified":"2023-06-13T16:07:40","modified_gmt":"2023-06-13T19:07:40","slug":"prefeitura-amplia-horarios-para-atender-usuarios-do-transporte-publico-de-alagoinhas","status":"publish","type":"post","link":"https:\/\/newsinfoco.com.br\/inicio\/prefeitura-amplia-horarios-para-atender-usuarios-do-transporte-publico-de-alagoinhas\/","title":{"rendered":"Prefeitura amplia hor\u00e1rios para atender usu\u00e1rios do transporte p\u00fablico de Alagoinhas"},"content":{"rendered":"<p>A Prefeitura de Alagoinhas, por meio da Superintend\u00eancia Municipal de Transporte e Tr\u00e2nsito (SMTT), expandiu o hor\u00e1rio de quatro linhas do transporte coletivo, que passar\u00e3o a operar uma viagem \u00e0s 23h, com percurso circular, passando por mais de um bairro. Os novos hor\u00e1rio e trajeto ser\u00e3o praticados a partir de 14 de junho, pr\u00f3xima quarta-feira.<\/p>\n<p>As linhas que tiveram o hor\u00e1rio acrescentado foram: Mangal\u00f4\/Vila S\u00e3o Pedro, Urupiara, Alagoinhas IV\/Pra\u00e7a Kenndy e Troncal 001.<\/p>\n<p>A expans\u00e3o do hor\u00e1rio tem o objetivo de\u00a0proporcionar mais qualidade ao servi\u00e7o de transporte p\u00fablico na cidade, aumentando a cobertura oferecida pelas linhas j\u00e1 existentes e atendendo em hor\u00e1rio expandido, at\u00e9 \u00e0s 23h. Desse modo, espera-se suprir as necessidade dos usu\u00e1rios de maneira mais eficaz.<\/p>\n<h4>Roteiro circular da viagem de 23h<\/h4>\n<p>\u2013\u00a0<strong>Mangal\u00f4\/Vila S\u00e3o Pedro<\/strong>\u00a0\u2013 15 de Novembro, Vila S\u00e3o Pedro, Mangal\u00f4 (Fim de Linha).<\/p>\n<p>\u2013\u00a0<strong>Urupiara<\/strong>\u00a0\u2013 Rua do Catu, Urbis 3, Parque dos Eucaliptos, Parque S\u00e3o Francisco, Brisas, Urupiara.<\/p>\n<p>\u2013\u00a0<strong>Alagoinhas IV\/Pra\u00e7a Kennedy<\/strong>\u00a0\u2013 Dantas Bi\u00e3o, Shopping, INOCOOP 2, Alagoinhas IV, 8 de Dezembro, Atakarejo, Av. Paulo Afonso, Pra\u00e7a Kennedy, Com\u00e9rcio.<\/p>\n<p>\u2013\u00a0<strong>Troncal 001<\/strong>\u00a0\u2013 Corredor Ayrton Senna, Rodovi\u00e1ria, Linha Verde, Com\u00e9rcio.<\/p>\n<p>Al\u00e9m das linhas citadas acima, outras seis tamb\u00e9m ter\u00e3o hor\u00e1rio expandido, com uma viagem \u00e0s\u00a023h, mantendo o seu percurso habitual: 21 de setembro, Barreiro, Miguel Velho, UNEB, Santa Terezinha e Av. Silva.<\/p>\n<p><a class=\"group1 cboxElement\" href=\"https:\/\/www.alagoinhas.ba.gov.br\/wp-content\/uploads\/2023\/06\/WhatsApp-Image-2023-06-13-at-12.11.13.jpeg\"><img loading=\"lazy\" decoding=\"async\" class=\"aligncenter size-full wp-image-66504\" src=\"https:\/\/www.alagoinhas.ba.gov.br\/wp-content\/uploads\/2023\/06\/WhatsApp-Image-2023-06-13-at-12.11.13.jpeg\" sizes=\"auto, (max-width: 1279px) 100vw, 1279px\" srcset=\"https:\/\/www.alagoinhas.ba.gov.br\/wp-content\/uploads\/2023\/06\/WhatsApp-Image-2023-06-13-at-12.11.13.jpeg 1279w, https:\/\/www.alagoinhas.ba.gov.br\/wp-content\/uploads\/2023\/06\/WhatsApp-Image-2023-06-13-at-12.11.13-240x300.jpeg 240w, https:\/\/www.alagoinhas.ba.gov.br\/wp-content\/uploads\/2023\/06\/WhatsApp-Image-2023-06-13-at-12.11.13-768x961.jpeg 768w, https:\/\/www.alagoinhas.ba.gov.br\/wp-content\/uploads\/2023\/06\/WhatsApp-Image-2023-06-13-at-12.11.13-819x1024.jpeg 819w, https:\/\/www.alagoinhas.ba.gov.br\/wp-content\/uploads\/2023\/06\/WhatsApp-Image-2023-06-13-at-12.11.13-56x70.jpeg 56w\" alt=\"\" width=\"1279\" height=\"1600\" \/><\/a><\/p>\n<p>&nbsp;<\/p>\n<p>*ERRATA: A reda\u00e7\u00e3o errou ao noticiar que seriam criadas novas linhas circulares do transporte coletivo. Ser\u00e1 acrescentado um hor\u00e1rio a linhas que j\u00e1 existem, com percurso diferente. O erro foi corrigido na mat\u00e9ria e na imagem ilustrativa.<\/p>\n<p>&nbsp;<\/p>\n<p>&nbsp;<\/p>\n<p>&nbsp;<\/p>\n<p>&nbsp;<\/p>\n<p>&nbsp;<\/p>\n<p>&nbsp;<\/p>\n<div align=\"right\">\n<p>&nbsp;<\/p>\n<\/div>\n<div class='share-to-whatsapp-wrapper'><div class='share-on-whsp'>Share on: <\/div><a data-text='Prefeitura amplia hor\u00e1rios para atender usu\u00e1rios do transporte p\u00fablico de Alagoinhas' data-link='https:\/\/newsinfoco.com.br\/inicio\/prefeitura-amplia-horarios-para-atender-usuarios-do-transporte-publico-de-alagoinhas\/' class='whatsapp-button whatsapp-share'>WhatsApp<\/a><div class='clear '><\/div><\/div>","protected":false},"excerpt":{"rendered":"<p>A Prefeitura de Alagoinhas, por meio da Superintend\u00eancia Municipal de Transporte e Tr\u00e2nsito (SMTT), expandiu o hor\u00e1rio de quatro linhas do transporte coletivo, que passar\u00e3o a operar uma viagem \u00e0s 23h, com percurso circular, passando por mais de um bairro. Os novos hor\u00e1rio e trajeto ser\u00e3o praticados a partir de 14 de junho, pr\u00f3xima quarta-feira. [&hellip;]<\/p>\n","protected":false},"author":1,"featured_media":32334,"comment_status":"closed","ping_status":"closed","sticky":false,"template":"","format":"standard","meta":{"om_disable_all_campaigns":false,"rop_custom_images_group":[],"rop_custom_messages_group":[],"rop_publish_now":"initial","rop_publish_now_accounts":[],"rop_publish_now_history":[],"rop_publish_now_status":"pending","_exactmetrics_skip_tracking":false,"footnotes":""},"categories":[38,167],"tags":[],"class_list":["post-34349","post","type-post","status-publish","format-standard","has-post-thumbnail","hentry","category-alagoinhas-e-regiao","category-exclusivas"],"aioseo_notices":[],"aioseo_head":"\n\t\t<!-- All in One SEO 4.9.10 - aioseo.com -->\n\t<meta name=\"description\" content=\"A Prefeitura de Alagoinhas, por meio da Superintend\u00eancia Municipal de Transporte e Tr\u00e2nsito (SMTT), expandiu o hor\u00e1rio de quatro linhas do transporte coletivo, que passar\u00e3o a operar uma viagem \u00e0s 23h, com percurso circular, passando por mais de um bairro. Os novos hor\u00e1rio e trajeto ser\u00e3o praticados a partir de 14 de junho, pr\u00f3xima quarta-feira.\" \/>\n\t<meta name=\"robots\" content=\"max-image-preview:large\" \/>\n\t<meta name=\"author\" content=\"administrador\"\/>\n\t<link rel=\"canonical\" href=\"https:\/\/newsinfoco.com.br\/inicio\/prefeitura-amplia-horarios-para-atender-usuarios-do-transporte-publico-de-alagoinhas\/\" \/>\n\t<meta name=\"generator\" content=\"All in One SEO (AIOSEO) 4.9.10\" \/>\n\t\t<meta property=\"og:locale\" content=\"pt_BR\" \/>\n\t\t<meta property=\"og:site_name\" content=\"News In Foco - Editado por Caio Pimenta - O principal site de noticias de Alagoinhas e regi\u00e3o\" \/>\n\t\t<meta property=\"og:type\" content=\"article\" \/>\n\t\t<meta property=\"og:title\" content=\"Prefeitura amplia hor\u00e1rios para atender usu\u00e1rios do transporte p\u00fablico de Alagoinhas - News In Foco - Editado por Caio Pimenta\" \/>\n\t\t<meta property=\"og:description\" content=\"A Prefeitura de Alagoinhas, por meio da Superintend\u00eancia Municipal de Transporte e Tr\u00e2nsito (SMTT), expandiu o hor\u00e1rio de quatro linhas do transporte coletivo, que passar\u00e3o a operar uma viagem \u00e0s 23h, com percurso circular, passando por mais de um bairro. Os novos hor\u00e1rio e trajeto ser\u00e3o praticados a partir de 14 de junho, pr\u00f3xima quarta-feira.\" \/>\n\t\t<meta property=\"og:url\" content=\"https:\/\/newsinfoco.com.br\/inicio\/prefeitura-amplia-horarios-para-atender-usuarios-do-transporte-publico-de-alagoinhas\/\" \/>\n\t\t<meta property=\"article:published_time\" content=\"2023-06-13T11:55:30+00:00\" \/>\n\t\t<meta property=\"article:modified_time\" content=\"2023-06-13T19:07:40+00:00\" \/>\n\t\t<meta name=\"twitter:card\" content=\"summary_large_image\" \/>\n\t\t<meta name=\"twitter:title\" content=\"Prefeitura amplia hor\u00e1rios para atender usu\u00e1rios do transporte p\u00fablico de Alagoinhas - News In Foco - Editado por Caio Pimenta\" \/>\n\t\t<meta name=\"twitter:description\" content=\"A Prefeitura de Alagoinhas, por meio da Superintend\u00eancia Municipal de Transporte e Tr\u00e2nsito (SMTT), expandiu o hor\u00e1rio de quatro linhas do transporte coletivo, que passar\u00e3o a operar uma viagem \u00e0s 23h, com percurso circular, passando por mais de um bairro. Os novos hor\u00e1rio e trajeto ser\u00e3o praticados a partir de 14 de junho, pr\u00f3xima quarta-feira.\" \/>\n\t\t<script type=\"application\/ld+json\" class=\"aioseo-schema\">\n\t\t\t{\"@context\":\"https:\\\/\\\/schema.org\",\"@graph\":[{\"@type\":\"BlogPosting\",\"@id\":\"https:\\\/\\\/newsinfoco.com.br\\\/inicio\\\/prefeitura-amplia-horarios-para-atender-usuarios-do-transporte-publico-de-alagoinhas\\\/#blogposting\",\"name\":\"Prefeitura amplia hor\\u00e1rios para atender usu\\u00e1rios do transporte p\\u00fablico de Alagoinhas - News In Foco - Editado por Caio Pimenta\",\"headline\":\"Prefeitura amplia hor\\u00e1rios para atender usu\\u00e1rios do transporte p\\u00fablico de Alagoinhas\",\"author\":{\"@id\":\"https:\\\/\\\/newsinfoco.com.br\\\/inicio\\\/author\\\/administrador\\\/#author\"},\"publisher\":{\"@id\":\"https:\\\/\\\/newsinfoco.com.br\\\/inicio\\\/#organization\"},\"image\":{\"@type\":\"ImageObject\",\"url\":\"https:\\\/\\\/newsinfoco.com.br\\\/inicio\\\/wp-content\\\/uploads\\\/2023\\\/01\\\/terminal-coletivo.jpeg\",\"width\":1024,\"height\":682},\"datePublished\":\"2023-06-13T08:55:30-03:00\",\"dateModified\":\"2023-06-13T16:07:40-03:00\",\"inLanguage\":\"pt-BR\",\"mainEntityOfPage\":{\"@id\":\"https:\\\/\\\/newsinfoco.com.br\\\/inicio\\\/prefeitura-amplia-horarios-para-atender-usuarios-do-transporte-publico-de-alagoinhas\\\/#webpage\"},\"isPartOf\":{\"@id\":\"https:\\\/\\\/newsinfoco.com.br\\\/inicio\\\/prefeitura-amplia-horarios-para-atender-usuarios-do-transporte-publico-de-alagoinhas\\\/#webpage\"},\"articleSection\":\"Alagoinhas e Regi\\u00e3o, Manchete\"},{\"@type\":\"BreadcrumbList\",\"@id\":\"https:\\\/\\\/newsinfoco.com.br\\\/inicio\\\/prefeitura-amplia-horarios-para-atender-usuarios-do-transporte-publico-de-alagoinhas\\\/#breadcrumblist\",\"itemListElement\":[{\"@type\":\"ListItem\",\"@id\":\"https:\\\/\\\/newsinfoco.com.br\\\/inicio#listItem\",\"position\":1,\"name\":\"In\\u00edcio\",\"item\":\"https:\\\/\\\/newsinfoco.com.br\\\/inicio\",\"nextItem\":{\"@type\":\"ListItem\",\"@id\":\"https:\\\/\\\/newsinfoco.com.br\\\/inicio\\\/category\\\/alagoinhas-e-regiao\\\/#listItem\",\"name\":\"Alagoinhas e Regi\\u00e3o\"}},{\"@type\":\"ListItem\",\"@id\":\"https:\\\/\\\/newsinfoco.com.br\\\/inicio\\\/category\\\/alagoinhas-e-regiao\\\/#listItem\",\"position\":2,\"name\":\"Alagoinhas e Regi\\u00e3o\",\"item\":\"https:\\\/\\\/newsinfoco.com.br\\\/inicio\\\/category\\\/alagoinhas-e-regiao\\\/\",\"nextItem\":{\"@type\":\"ListItem\",\"@id\":\"https:\\\/\\\/newsinfoco.com.br\\\/inicio\\\/prefeitura-amplia-horarios-para-atender-usuarios-do-transporte-publico-de-alagoinhas\\\/#listItem\",\"name\":\"Prefeitura amplia hor\\u00e1rios para atender usu\\u00e1rios do transporte p\\u00fablico de Alagoinhas\"},\"previousItem\":{\"@type\":\"ListItem\",\"@id\":\"https:\\\/\\\/newsinfoco.com.br\\\/inicio#listItem\",\"name\":\"In\\u00edcio\"}},{\"@type\":\"ListItem\",\"@id\":\"https:\\\/\\\/newsinfoco.com.br\\\/inicio\\\/prefeitura-amplia-horarios-para-atender-usuarios-do-transporte-publico-de-alagoinhas\\\/#listItem\",\"position\":3,\"name\":\"Prefeitura amplia hor\\u00e1rios para atender usu\\u00e1rios do transporte p\\u00fablico de Alagoinhas\",\"previousItem\":{\"@type\":\"ListItem\",\"@id\":\"https:\\\/\\\/newsinfoco.com.br\\\/inicio\\\/category\\\/alagoinhas-e-regiao\\\/#listItem\",\"name\":\"Alagoinhas e Regi\\u00e3o\"}}]},{\"@type\":\"Organization\",\"@id\":\"https:\\\/\\\/newsinfoco.com.br\\\/inicio\\\/#organization\",\"name\":\"News In Foco - Editado por Caio Pimenta\",\"description\":\"O principal site de noticias de Alagoinhas e regi\\u00e3o\",\"url\":\"https:\\\/\\\/newsinfoco.com.br\\\/inicio\\\/\"},{\"@type\":\"Person\",\"@id\":\"https:\\\/\\\/newsinfoco.com.br\\\/inicio\\\/author\\\/administrador\\\/#author\",\"url\":\"https:\\\/\\\/newsinfoco.com.br\\\/inicio\\\/author\\\/administrador\\\/\",\"name\":\"administrador\",\"image\":{\"@type\":\"ImageObject\",\"@id\":\"https:\\\/\\\/newsinfoco.com.br\\\/inicio\\\/prefeitura-amplia-horarios-para-atender-usuarios-do-transporte-publico-de-alagoinhas\\\/#authorImage\",\"url\":\"https:\\\/\\\/secure.gravatar.com\\\/avatar\\\/c17a617433de8c1dc9584bb79aab7563b46f5bb7e1728c9b17d9cc3ce6a08e49?s=96&d=mm&r=g\",\"width\":96,\"height\":96,\"caption\":\"administrador\"}},{\"@type\":\"WebPage\",\"@id\":\"https:\\\/\\\/newsinfoco.com.br\\\/inicio\\\/prefeitura-amplia-horarios-para-atender-usuarios-do-transporte-publico-de-alagoinhas\\\/#webpage\",\"url\":\"https:\\\/\\\/newsinfoco.com.br\\\/inicio\\\/prefeitura-amplia-horarios-para-atender-usuarios-do-transporte-publico-de-alagoinhas\\\/\",\"name\":\"Prefeitura amplia hor\\u00e1rios para atender usu\\u00e1rios do transporte p\\u00fablico de Alagoinhas - News In Foco - Editado por Caio Pimenta\",\"description\":\"A Prefeitura de Alagoinhas, por meio da Superintend\\u00eancia Municipal de Transporte e Tr\\u00e2nsito (SMTT), expandiu o hor\\u00e1rio de quatro linhas do transporte coletivo, que passar\\u00e3o a operar uma viagem \\u00e0s 23h, com percurso circular, passando por mais de um bairro. Os novos hor\\u00e1rio e trajeto ser\\u00e3o praticados a partir de 14 de junho, pr\\u00f3xima quarta-feira.\",\"inLanguage\":\"pt-BR\",\"isPartOf\":{\"@id\":\"https:\\\/\\\/newsinfoco.com.br\\\/inicio\\\/#website\"},\"breadcrumb\":{\"@id\":\"https:\\\/\\\/newsinfoco.com.br\\\/inicio\\\/prefeitura-amplia-horarios-para-atender-usuarios-do-transporte-publico-de-alagoinhas\\\/#breadcrumblist\"},\"author\":{\"@id\":\"https:\\\/\\\/newsinfoco.com.br\\\/inicio\\\/author\\\/administrador\\\/#author\"},\"creator\":{\"@id\":\"https:\\\/\\\/newsinfoco.com.br\\\/inicio\\\/author\\\/administrador\\\/#author\"},\"image\":{\"@type\":\"ImageObject\",\"url\":\"https:\\\/\\\/newsinfoco.com.br\\\/inicio\\\/wp-content\\\/uploads\\\/2023\\\/01\\\/terminal-coletivo.jpeg\",\"@id\":\"https:\\\/\\\/newsinfoco.com.br\\\/inicio\\\/prefeitura-amplia-horarios-para-atender-usuarios-do-transporte-publico-de-alagoinhas\\\/#mainImage\",\"width\":1024,\"height\":682},\"primaryImageOfPage\":{\"@id\":\"https:\\\/\\\/newsinfoco.com.br\\\/inicio\\\/prefeitura-amplia-horarios-para-atender-usuarios-do-transporte-publico-de-alagoinhas\\\/#mainImage\"},\"datePublished\":\"2023-06-13T08:55:30-03:00\",\"dateModified\":\"2023-06-13T16:07:40-03:00\"},{\"@type\":\"WebSite\",\"@id\":\"https:\\\/\\\/newsinfoco.com.br\\\/inicio\\\/#website\",\"url\":\"https:\\\/\\\/newsinfoco.com.br\\\/inicio\\\/\",\"name\":\"News In Foco - Editado por Caio Pimenta\",\"description\":\"O principal site de noticias de Alagoinhas e regi\\u00e3o\",\"inLanguage\":\"pt-BR\",\"publisher\":{\"@id\":\"https:\\\/\\\/newsinfoco.com.br\\\/inicio\\\/#organization\"}}]}\n\t\t<\/script>\n\t\t<!-- All in One SEO -->\n\n","aioseo_head_json":{"title":"Prefeitura amplia hor\u00e1rios para atender usu\u00e1rios do transporte p\u00fablico de Alagoinhas - News In Foco - Editado por Caio Pimenta","description":"A Prefeitura de Alagoinhas, por meio da Superintend\u00eancia Municipal de Transporte e Tr\u00e2nsito (SMTT), expandiu o hor\u00e1rio de quatro linhas do transporte coletivo, que passar\u00e3o a operar uma viagem \u00e0s 23h, com percurso circular, passando por mais de um bairro. Os novos hor\u00e1rio e trajeto ser\u00e3o praticados a partir de 14 de junho, pr\u00f3xima quarta-feira.","canonical_url":"https:\/\/newsinfoco.com.br\/inicio\/prefeitura-amplia-horarios-para-atender-usuarios-do-transporte-publico-de-alagoinhas\/","robots":"max-image-preview:large","keywords":"","webmasterTools":{"miscellaneous":""},"schema":{"@context":"https:\/\/schema.org","@graph":[{"@type":"BlogPosting","@id":"https:\/\/newsinfoco.com.br\/inicio\/prefeitura-amplia-horarios-para-atender-usuarios-do-transporte-publico-de-alagoinhas\/#blogposting","name":"Prefeitura amplia hor\u00e1rios para atender usu\u00e1rios do transporte p\u00fablico de Alagoinhas - News In Foco - Editado por Caio Pimenta","headline":"Prefeitura amplia hor\u00e1rios para atender usu\u00e1rios do transporte p\u00fablico de Alagoinhas","author":{"@id":"https:\/\/newsinfoco.com.br\/inicio\/author\/administrador\/#author"},"publisher":{"@id":"https:\/\/newsinfoco.com.br\/inicio\/#organization"},"image":{"@type":"ImageObject","url":"https:\/\/newsinfoco.com.br\/inicio\/wp-content\/uploads\/2023\/01\/terminal-coletivo.jpeg","width":1024,"height":682},"datePublished":"2023-06-13T08:55:30-03:00","dateModified":"2023-06-13T16:07:40-03:00","inLanguage":"pt-BR","mainEntityOfPage":{"@id":"https:\/\/newsinfoco.com.br\/inicio\/prefeitura-amplia-horarios-para-atender-usuarios-do-transporte-publico-de-alagoinhas\/#webpage"},"isPartOf":{"@id":"https:\/\/newsinfoco.com.br\/inicio\/prefeitura-amplia-horarios-para-atender-usuarios-do-transporte-publico-de-alagoinhas\/#webpage"},"articleSection":"Alagoinhas e Regi\u00e3o, Manchete"},{"@type":"BreadcrumbList","@id":"https:\/\/newsinfoco.com.br\/inicio\/prefeitura-amplia-horarios-para-atender-usuarios-do-transporte-publico-de-alagoinhas\/#breadcrumblist","itemListElement":[{"@type":"ListItem","@id":"https:\/\/newsinfoco.com.br\/inicio#listItem","position":1,"name":"In\u00edcio","item":"https:\/\/newsinfoco.com.br\/inicio","nextItem":{"@type":"ListItem","@id":"https:\/\/newsinfoco.com.br\/inicio\/category\/alagoinhas-e-regiao\/#listItem","name":"Alagoinhas e Regi\u00e3o"}},{"@type":"ListItem","@id":"https:\/\/newsinfoco.com.br\/inicio\/category\/alagoinhas-e-regiao\/#listItem","position":2,"name":"Alagoinhas e Regi\u00e3o","item":"https:\/\/newsinfoco.com.br\/inicio\/category\/alagoinhas-e-regiao\/","nextItem":{"@type":"ListItem","@id":"https:\/\/newsinfoco.com.br\/inicio\/prefeitura-amplia-horarios-para-atender-usuarios-do-transporte-publico-de-alagoinhas\/#listItem","name":"Prefeitura amplia hor\u00e1rios para atender usu\u00e1rios do transporte p\u00fablico de Alagoinhas"},"previousItem":{"@type":"ListItem","@id":"https:\/\/newsinfoco.com.br\/inicio#listItem","name":"In\u00edcio"}},{"@type":"ListItem","@id":"https:\/\/newsinfoco.com.br\/inicio\/prefeitura-amplia-horarios-para-atender-usuarios-do-transporte-publico-de-alagoinhas\/#listItem","position":3,"name":"Prefeitura amplia hor\u00e1rios para atender usu\u00e1rios do transporte p\u00fablico de Alagoinhas","previousItem":{"@type":"ListItem","@id":"https:\/\/newsinfoco.com.br\/inicio\/category\/alagoinhas-e-regiao\/#listItem","name":"Alagoinhas e Regi\u00e3o"}}]},{"@type":"Organization","@id":"https:\/\/newsinfoco.com.br\/inicio\/#organization","name":"News In Foco - Editado por Caio Pimenta","description":"O principal site de noticias de Alagoinhas e regi\u00e3o","url":"https:\/\/newsinfoco.com.br\/inicio\/"},{"@type":"Person","@id":"https:\/\/newsinfoco.com.br\/inicio\/author\/administrador\/#author","url":"https:\/\/newsinfoco.com.br\/inicio\/author\/administrador\/","name":"administrador","image":{"@type":"ImageObject","@id":"https:\/\/newsinfoco.com.br\/inicio\/prefeitura-amplia-horarios-para-atender-usuarios-do-transporte-publico-de-alagoinhas\/#authorImage","url":"https:\/\/secure.gravatar.com\/avatar\/c17a617433de8c1dc9584bb79aab7563b46f5bb7e1728c9b17d9cc3ce6a08e49?s=96&d=mm&r=g","width":96,"height":96,"caption":"administrador"}},{"@type":"WebPage","@id":"https:\/\/newsinfoco.com.br\/inicio\/prefeitura-amplia-horarios-para-atender-usuarios-do-transporte-publico-de-alagoinhas\/#webpage","url":"https:\/\/newsinfoco.com.br\/inicio\/prefeitura-amplia-horarios-para-atender-usuarios-do-transporte-publico-de-alagoinhas\/","name":"Prefeitura amplia hor\u00e1rios para atender usu\u00e1rios do transporte p\u00fablico de Alagoinhas - News In Foco - Editado por Caio Pimenta","description":"A Prefeitura de Alagoinhas, por meio da Superintend\u00eancia Municipal de Transporte e Tr\u00e2nsito (SMTT), expandiu o hor\u00e1rio de quatro linhas do transporte coletivo, que passar\u00e3o a operar uma viagem \u00e0s 23h, com percurso circular, passando por mais de um bairro. Os novos hor\u00e1rio e trajeto ser\u00e3o praticados a partir de 14 de junho, pr\u00f3xima quarta-feira.","inLanguage":"pt-BR","isPartOf":{"@id":"https:\/\/newsinfoco.com.br\/inicio\/#website"},"breadcrumb":{"@id":"https:\/\/newsinfoco.com.br\/inicio\/prefeitura-amplia-horarios-para-atender-usuarios-do-transporte-publico-de-alagoinhas\/#breadcrumblist"},"author":{"@id":"https:\/\/newsinfoco.com.br\/inicio\/author\/administrador\/#author"},"creator":{"@id":"https:\/\/newsinfoco.com.br\/inicio\/author\/administrador\/#author"},"image":{"@type":"ImageObject","url":"https:\/\/newsinfoco.com.br\/inicio\/wp-content\/uploads\/2023\/01\/terminal-coletivo.jpeg","@id":"https:\/\/newsinfoco.com.br\/inicio\/prefeitura-amplia-horarios-para-atender-usuarios-do-transporte-publico-de-alagoinhas\/#mainImage","width":1024,"height":682},"primaryImageOfPage":{"@id":"https:\/\/newsinfoco.com.br\/inicio\/prefeitura-amplia-horarios-para-atender-usuarios-do-transporte-publico-de-alagoinhas\/#mainImage"},"datePublished":"2023-06-13T08:55:30-03:00","dateModified":"2023-06-13T16:07:40-03:00"},{"@type":"WebSite","@id":"https:\/\/newsinfoco.com.br\/inicio\/#website","url":"https:\/\/newsinfoco.com.br\/inicio\/","name":"News In Foco - Editado por Caio Pimenta","description":"O principal site de noticias de Alagoinhas e regi\u00e3o","inLanguage":"pt-BR","publisher":{"@id":"https:\/\/newsinfoco.com.br\/inicio\/#organization"}}]},"og:locale":"pt_BR","og:site_name":"News In Foco - Editado por Caio Pimenta - O principal site de noticias de Alagoinhas e regi\u00e3o","og:type":"article","og:title":"Prefeitura amplia hor\u00e1rios para atender usu\u00e1rios do transporte p\u00fablico de Alagoinhas - News In Foco - Editado por Caio Pimenta","og:description":"A Prefeitura de Alagoinhas, por meio da Superintend\u00eancia Municipal de Transporte e Tr\u00e2nsito (SMTT), expandiu o hor\u00e1rio de quatro linhas do transporte coletivo, que passar\u00e3o a operar uma viagem \u00e0s 23h, com percurso circular, passando por mais de um bairro. Os novos hor\u00e1rio e trajeto ser\u00e3o praticados a partir de 14 de junho, pr\u00f3xima quarta-feira.","og:url":"https:\/\/newsinfoco.com.br\/inicio\/prefeitura-amplia-horarios-para-atender-usuarios-do-transporte-publico-de-alagoinhas\/","article:published_time":"2023-06-13T11:55:30+00:00","article:modified_time":"2023-06-13T19:07:40+00:00","twitter:card":"summary_large_image","twitter:title":"Prefeitura amplia hor\u00e1rios para atender usu\u00e1rios do transporte p\u00fablico de Alagoinhas - News In Foco - Editado por Caio Pimenta","twitter:description":"A Prefeitura de Alagoinhas, por meio da Superintend\u00eancia Municipal de Transporte e Tr\u00e2nsito (SMTT), expandiu o hor\u00e1rio de quatro linhas do transporte coletivo, que passar\u00e3o a operar uma viagem \u00e0s 23h, com percurso circular, passando por mais de um bairro. Os novos hor\u00e1rio e trajeto ser\u00e3o praticados a partir de 14 de junho, pr\u00f3xima quarta-feira."},"aioseo_meta_data":{"post_id":"34349","title":null,"description":null,"keywords":[],"keyphrases":{"focus":{"keyphrase":"","score":0,"analysis":{"keyphraseInTitle":{"score":0,"maxScore":9,"error":1}}},"additional":[]},"primary_term":null,"canonical_url":null,"og_title":null,"og_description":null,"og_object_type":"default","og_image_type":"default","og_image_url":null,"og_image_width":null,"og_image_height":null,"og_image_custom_url":null,"og_image_custom_fields":null,"og_video":"","og_custom_url":null,"og_article_section":null,"og_article_tags":[],"twitter_use_og":false,"twitter_card":"default","twitter_image_type":"default","twitter_image_url":null,"twitter_image_custom_url":null,"twitter_image_custom_fields":null,"twitter_title":null,"twitter_description":null,"schema":{"blockGraphs":[],"customGraphs":[],"default":{"data":{"Article":[],"Course":[],"Dataset":[],"FAQPage":[],"Movie":[],"Person":[],"Product":[],"ProductReview":[],"Car":[],"Recipe":[],"Service":[],"SoftwareApplication":[],"WebPage":[]},"graphName":"","isEnabled":true},"graphs":[]},"schema_type":"default","schema_type_options":null,"pillar_content":false,"robots_default":true,"robots_noindex":false,"robots_noarchive":false,"robots_nosnippet":false,"robots_nofollow":false,"robots_noimageindex":false,"robots_noodp":false,"robots_notranslate":false,"robots_max_snippet":"-1","robots_max_videopreview":"-1","robots_max_imagepreview":"large","priority":0,"frequency":"default","local_seo":null,"breadcrumb_settings":null,"limit_modified_date":false,"ai":null,"created":"2023-06-13 11:55:30","updated":"2025-07-11 09:53:48","seo_analyzer_scan_date":null},"aioseo_breadcrumb":"<div class=\"aioseo-breadcrumbs\"><span class=\"aioseo-breadcrumb\">\n\t\t\t<a href=\"https:\/\/newsinfoco.com.br\/inicio\" title=\"In\u00edcio\">In\u00edcio<\/a>\n\t\t<\/span><span class=\"aioseo-breadcrumb-separator\">&raquo;<\/span><span class=\"aioseo-breadcrumb\">\n\t\t\t<a href=\"https:\/\/newsinfoco.com.br\/inicio\/category\/alagoinhas-e-regiao\/\" title=\"Alagoinhas e Regi\u00e3o\">Alagoinhas e Regi\u00e3o<\/a>\n\t\t<\/span><span class=\"aioseo-breadcrumb-separator\">&raquo;<\/span><span class=\"aioseo-breadcrumb\">\n\t\t\tPrefeitura amplia hor\u00e1rios para atender usu\u00e1rios do transporte p\u00fablico de Alagoinhas\n\t\t<\/span><\/div>","aioseo_breadcrumb_json":[{"label":"In\u00edcio","link":"https:\/\/newsinfoco.com.br\/inicio"},{"label":"Alagoinhas e Regi\u00e3o","link":"https:\/\/newsinfoco.com.br\/inicio\/category\/alagoinhas-e-regiao\/"},{"label":"Prefeitura amplia hor\u00e1rios para atender usu\u00e1rios do transporte p\u00fablico de Alagoinhas","link":"https:\/\/newsinfoco.com.br\/inicio\/prefeitura-amplia-horarios-para-atender-usuarios-do-transporte-publico-de-alagoinhas\/"}],"_links":{"self":[{"href":"https:\/\/newsinfoco.com.br\/inicio\/wp-json\/wp\/v2\/posts\/34349","targetHints":{"allow":["GET"]}}],"collection":[{"href":"https:\/\/newsinfoco.com.br\/inicio\/wp-json\/wp\/v2\/posts"}],"about":[{"href":"https:\/\/newsinfoco.com.br\/inicio\/wp-json\/wp\/v2\/types\/post"}],"author":[{"embeddable":true,"href":"https:\/\/newsinfoco.com.br\/inicio\/wp-json\/wp\/v2\/users\/1"}],"replies":[{"embeddable":true,"href":"https:\/\/newsinfoco.com.br\/inicio\/wp-json\/wp\/v2\/comments?post=34349"}],"version-history":[{"count":3,"href":"https:\/\/newsinfoco.com.br\/inicio\/wp-json\/wp\/v2\/posts\/34349\/revisions"}],"predecessor-version":[{"id":34355,"href":"https:\/\/newsinfoco.com.br\/inicio\/wp-json\/wp\/v2\/posts\/34349\/revisions\/34355"}],"wp:featuredmedia":[{"embeddable":true,"href":"https:\/\/newsinfoco.com.br\/inicio\/wp-json\/wp\/v2\/media\/32334"}],"wp:attachment":[{"href":"https:\/\/newsinfoco.com.br\/inicio\/wp-json\/wp\/v2\/media?parent=34349"}],"wp:term":[{"taxonomy":"category","embeddable":true,"href":"https:\/\/newsinfoco.com.br\/inicio\/wp-json\/wp\/v2\/categories?post=34349"},{"taxonomy":"post_tag","embeddable":true,"href":"https:\/\/newsinfoco.com.br\/inicio\/wp-json\/wp\/v2\/tags?post=34349"}],"curies":[{"name":"wp","href":"https:\/\/api.w.org\/{rel}","templated":true}]}}