{"id":34352,"date":"2023-06-13T09:32:58","date_gmt":"2023-06-13T12:32:58","guid":{"rendered":"https:\/\/newsinfoco.com.br\/inicio\/?p=34352"},"modified":"2023-06-13T09:32:58","modified_gmt":"2023-06-13T12:32:58","slug":"consumidor-pode-ter-dois-reajustes-do-plano-de-saude-no-mesmo-ano","status":"publish","type":"post","link":"https:\/\/newsinfoco.com.br\/inicio\/consumidor-pode-ter-dois-reajustes-do-plano-de-saude-no-mesmo-ano\/","title":{"rendered":"Consumidor pode ter dois reajustes do plano de sa\u00fade no mesmo ano"},"content":{"rendered":"<p>Clientes de planos de sa\u00fade individuais e familiares podem ter dois reajustes em 2023, caso seja o ano em que o conv\u00eanio m\u00e9dico esteja autorizado a aplicar o aumento por faixa et\u00e1ria. Nesta segunda-feira (12), a ANS (Ag\u00eancia Nacional de Sa\u00fade Suplementar) definiu em at\u00e9 9,63% o percentual de reajuste anual permitido para esses conv\u00eanios.<\/p>\n<p>O reajuste anual \u00e9 v\u00e1lido entre maio deste ano e abril de 2024 para os planos individuais e familiares contratados a partir de janeiro de 1999 ou adaptados \u00e0 lei n\u00ba 9.656\/98. A alta, que deve ser aplicada apenas no m\u00eas de anivers\u00e1rio, deve atingir 8 milh\u00f5es de contratos. O \u00edndice n\u00e3o \u00e9 v\u00e1lido planos coletivos empresariais ou por ades\u00e3o (contratados por meio de sindicatos ou associa\u00e7\u00f5es).<\/p>\n<p>Segundo Leonardo Camiza Machado, s\u00f3cio do Silveiro Advogados e membro da comiss\u00e3o especial do direito \u00e0 sa\u00fade da OAB\/RS (Ordem dos Advogados do Brasil do Rio Grande do Sul), o aumento do conv\u00eanio por mudan\u00e7a de faixa et\u00e1ria depende do tipo de contrato e de quando ele foi assinado.<\/p>\n<p>Para quem tem plano de sa\u00fade com contrato celebrado antes de janeiro de 1999, a faixa et\u00e1ria depende do que est\u00e1 no contrato. Para os assinados at\u00e9 dezembro de 2003, h\u00e1 sete faixas et\u00e1rias, que v\u00e3o de zero a 17 anos, 18 a 30 anos, 30 a 39, 40 a 49, 50 a 59, 60 a 69 e, por fim, 70 anos ou mais.<\/p>\n<p>Contratos assinados a partir de 2004 seguem as regras atuais da ANS, que considera dez faixas et\u00e1rias nas quais \u00e9 poss\u00edvel aplicar reajuste por idade, sendo que a \u00faltima \u00e9 aos 59 anos.<\/p>\n<p>Giselle Tapai, especialista em direito do consumidor com foco em sa\u00fade e s\u00f3cia do Tapai Advogados, afirma que, no ano em que houver a possibilidade de reajuste por faixa et\u00e1ria, o consumidor pode, sim, ter dois aumentos, mas h\u00e1 limita\u00e7\u00f5es, conforme normas da ANS.<\/p>\n<p>\u201cA ANS n\u00e3o interfere no \u00edndice do reajuste que a operadora do plano de sa\u00fade quer aplicar, desde que sejam respeitadas duas regras. A primeira \u00e9 que n\u00e3o pode haver uma varia\u00e7\u00e3o superior a seis vezes entre a primeira e a \u00faltima faixa et\u00e1ria\u201d, diz.<\/p>\n<p>A segunda regra a ser seguida pelos planos de sa\u00fade \u00e9 que o aumento acumulado entre a s\u00e9tima faixa, de 44 a 48 anos, e a \u00faltima (59 anos), n\u00e3o pode ser superior ao reajuste que foi dado entre a primeira e a s\u00e9tima faixa.<\/p>\n<p>\u201cO objetivo dessa regra \u00e9 impedir que a operadora de sa\u00fade concentre os \u00edndices mais altos do reajuste para as \u00faltimas faixas et\u00e1rias, pr\u00e1tica muito comum e que tem como objetivo tornar o pre\u00e7o da mensalidade invi\u00e1vel para o idoso, pois este representa um risco muito maior para as empresas privadas de planos de sa\u00fade\u201d, explica Giselle.<\/p>\n<p>A advogada Sandra Franco, especialista em direito m\u00e9dico e da sa\u00fade, diz que, al\u00e9m das normas determinadas pela ANS no reajuste por faixa et\u00e1ria, n\u00e3o h\u00e1 nenhuma outra forma de prote\u00e7\u00e3o ao consumidor do impacto que o reajuste duplo ter\u00e1 no or\u00e7amento familiar.<\/p>\n<p>No entanto, ela recomenda que, se o cliente julgar que seu reajuste \u00e9 abusivo, mesmo no ano em que \u00e9 permitido aplicar o aumento duplo, ele deve procurar a operadora antes de entrar com qualquer a\u00e7\u00e3o judicial. \u201cSempre \u00e9 poss\u00edvel buscar a via do Judici\u00e1rio, mas recomendo antes buscar explica\u00e7\u00f5es junto \u00e0 pr\u00f3pria operadora\u201d, diz.<\/p>\n<p>Segundo a ANS, se a operadora n\u00e3o esclarecer a quest\u00e3o, \u00e9 poss\u00edvel registrar reclama\u00e7\u00e3o na pr\u00f3pria ag\u00eancia, por meio do site (clique aqui para registrar sua queixa), e por telefone, no Disque ANS (0800-7019656) ou 0800-0212105, para deficientes auditivos, de segunda a sexta-feira, das 8h \u00e0s 20h, com exce\u00e7\u00e3o dos feriados.<\/p>\n<p>Tamb\u00e9m \u00e9 poss\u00edvel acionar os n\u00facleos da ANS existentes em 12 cidades do pa\u00eds, de 2\u00aa a 6\u00aa feira, das 8h30 \u00e0s 16h30, exceto nos feriados. Clique aqui para ver os endere\u00e7os. Quem for fazer a reclama\u00e7\u00e3o pela internet ter\u00e1 de informar o CPF e criar uma senha de acesso.<\/p>\n<p><strong>COMO FUNCIONA O REAJUSTE DOS PLANOS DE SA\u00daDE INDIVIDUAIS E FAMILIARES?<\/strong><\/p>\n<p>O percentual anual de reajuste dos planos de sa\u00fade individuais e familiares contratados a partir de janeiro de 1999 ou adaptados \u00e0 lei n\u00ba 9.656\/98 \u00e9 definido pela ANS geralmente entre os meses de maio e junho.<\/p>\n<p>O plano de sa\u00fade pode passar a aplicar o reajuste ap\u00f3s a publica\u00e7\u00e3o no Di\u00e1rio Oficial da Uni\u00e3o, limitando-o ao percentual definido pela ag\u00eancia, mas somente na data de anivers\u00e1rio do contrato do conv\u00eanio m\u00e9dico.<\/p>\n<p><strong>COMO \u00c9 FEITO C\u00c1LCULO DO REAJUSTE?<\/strong><\/p>\n<p>Desde 2019, a ANS\u202futiliza metodologia\u202fde\u202fc\u00e1lculo que\u202fcombina a varia\u00e7\u00e3o das\u202fdespesas assistenciais com a infla\u00e7\u00e3o medida pelo IPCA (\u00cdndice Nacional de Pre\u00e7os ao Consumidor Amplo), que \u00e9 a infla\u00e7\u00e3o oficial do pa\u00eds medida pelo IBGE (Instituto Brasileiro de Geografia e Estat\u00edstica). Para chegar ao c\u00e1lculo final, h\u00e1 ainda o desconto do subitem plano de sa\u00fade dentro do \u00edndice de infla\u00e7\u00e3o.<\/p>\n<p>O c\u00e1lculo tem como base a diferen\u00e7a entre as\u202fdespesas assistenciais por cliente deste tipo de plano entre um ano e outro. Dessa forma, o \u00edndice\u202fde\u202f2023 \u00e9 o resultado dos gastos dos planos em 2022 em compara\u00e7\u00e3o com 2021.<\/p>\n<p>Em 2022, o reajuste foi de 15,5%. Neste ano, ficou em 9,63%. Na avalia\u00e7\u00e3o da ag\u00eancia, o percentual menor indica que \u201ca situa\u00e7\u00e3o do setor est\u00e1 voltando aos patamares normais de utiliza\u00e7\u00e3o\u201d, prejudicada pela pandemia de coronav\u00edrus.<\/p>\n<p><strong>PODE HAVER COBRAN\u00c7A RETROATIVA?<\/strong><\/p>\n<p>Sim. O reajuste definido em junho \u00e9 v\u00e1lido de maio de 2023 a abril de 2024. Como neste ano o reajuste foi definido neste m\u00eas para os contratos que com anivers\u00e1rio entre maio e julho, a cobran\u00e7a dever\u00e1 ser iniciada, no m\u00e1ximo, at\u00e9 agosto, retroagindo at\u00e9 o m\u00eas em que ocorreu a assinatura do contrato.<\/p>\n<p>Para os demais, as operadoras dever\u00e3o iniciar a cobran\u00e7a em at\u00e9, no m\u00e1ximo, dois meses ap\u00f3s o anivers\u00e1rio do contrato, retroagindo at\u00e9 o m\u00eas de anivers\u00e1rio.<\/p>\n<p><strong>COMO SABER SE O VALOR COBRADO NA MINHA FATURA EST\u00c1 CORRETO?<\/strong><\/p>\n<p>Segundo a ANS, o boleto de pagamento enviado pela operadora deve informar o \u00edndice autorizado pela ag\u00eancia reguladora; o nome, o c\u00f3digo e o n\u00famero de registro do plano; o m\u00eas previsto para o pr\u00f3ximo reajuste, e o n\u00famero do of\u00edcio de autoriza\u00e7\u00e3o da ANS. Al\u00e9m disso, os valores precisam ser claros e estar discriminados.<\/p>\n<p><strong>VEJA UM EXEMPLO<\/strong>:<\/p>\n<ul>\n<li>Plano de sa\u00fade que custa R$ 100, com anivers\u00e1rio em maio. Reajuste autorizado pela ANS \u00e9 de 9,63%<\/li>\n<li>Mensalidade de maio\/23 R$ 100: sem reajuste<\/li>\n<li>Mensalidade de junho\/23: R$ 100: sem reajuste<\/li>\n<li>Mensalidade de julho\/23: R$ 109,63 (mensalidade reajustada) + R$ 9,63 (diferen\u00e7a do reajuste de maio). Valor total a ser pago em julho\/23: R$ 119,26<\/li>\n<li>Mensalidade de agosto\/23: R$ 109,63 (mensalidade reajustada) + R$ 9,63 (diferen\u00e7a do reajuste de junho). Valor total a ser pago em agosto\/23: R$ 119,63<\/li>\n<li>Mensalidade de setembro\/23: R$ 109,63<\/li>\n<\/ul>\n<p><strong>A OPERADORA PODE APLICAR REAJUSTE MAIOR?<\/strong><\/p>\n<p>N\u00e3o, o aumento anual est\u00e1 limitado ao percentual definido pela ANS para este tipo de contrato. H\u00e1, no entanto, a possibilidade de cobran\u00e7a por mudan\u00e7a de faixa et\u00e1ria, que \u00e9 um outro aumento a ser aplicado pelo plano por meio de contabilidade pr\u00f3pria. Neste caso, al\u00e9m de respeitar a faixa et\u00e1ria, \u00e9 preciso seguir outras regras definidas pela ANS que limitam cobran\u00e7as abusivas.<\/p>\n<p><strong>SE O PLANO DE SA\u00daDE QUISER APLICAR REAJUSTE MENOR, \u00c9 POSS\u00cdVEL?<\/strong><\/p>\n<p>Sim, \u00e9 poss\u00edvel aplicar reajuste menor, mas as operadoras n\u00e3o costumam aplicar esta pr\u00e1tica. O \u00edndice de 9,63% veio abaixo do esperado pelo setor. A Abramge (Associa\u00e7\u00e3o Brasileira de Planos de Sa\u00fade) projetava que o reajuste ficaria entre 10% e 12%.<\/p>\n<p>&nbsp;<\/p>\n<p><span class=\"assinatura_exclusiva\">Cristiane Gercina\/Folhapress<\/span><\/p>\n<div class='share-to-whatsapp-wrapper'><div class='share-on-whsp'>Share on: <\/div><a data-text='Consumidor pode ter dois reajustes do plano de sa\u00fade no mesmo ano' data-link='https:\/\/newsinfoco.com.br\/inicio\/consumidor-pode-ter-dois-reajustes-do-plano-de-saude-no-mesmo-ano\/' class='whatsapp-button whatsapp-share'>WhatsApp<\/a><div class='clear '><\/div><\/div>","protected":false},"excerpt":{"rendered":"<p>Clientes de planos de sa\u00fade individuais e familiares podem ter dois reajustes em 2023, caso seja o ano em que o conv\u00eanio m\u00e9dico esteja autorizado a aplicar o aumento por faixa et\u00e1ria. Nesta segunda-feira (12), a ANS (Ag\u00eancia Nacional de Sa\u00fade Suplementar) definiu em at\u00e9 9,63% o percentual de reajuste anual permitido para esses conv\u00eanios. [&hellip;]<\/p>\n","protected":false},"author":1,"featured_media":11246,"comment_status":"closed","ping_status":"closed","sticky":false,"template":"","format":"standard","meta":{"om_disable_all_campaigns":false,"rop_custom_images_group":[],"rop_custom_messages_group":[],"rop_publish_now":"initial","rop_publish_now_accounts":[],"rop_publish_now_history":[],"rop_publish_now_status":"pending","_exactmetrics_skip_tracking":false,"footnotes":""},"categories":[21],"tags":[],"class_list":["post-34352","post","type-post","status-publish","format-standard","has-post-thumbnail","hentry","category-brasil"],"aioseo_notices":[],"aioseo_head":"\n\t\t<!-- All in One SEO 4.9.10 - aioseo.com -->\n\t<meta name=\"description\" content=\"Clientes de planos de sa\u00fade individuais e familiares podem ter dois reajustes em 2023, caso seja o ano em que o conv\u00eanio m\u00e9dico esteja autorizado a aplicar o aumento por faixa et\u00e1ria. Nesta segunda-feira (12), a ANS (Ag\u00eancia Nacional de Sa\u00fade Suplementar) definiu em at\u00e9 9,63% o percentual de reajuste anual permitido para esses conv\u00eanios.\" \/>\n\t<meta name=\"robots\" content=\"max-image-preview:large\" \/>\n\t<meta name=\"author\" content=\"administrador\"\/>\n\t<link rel=\"canonical\" href=\"https:\/\/newsinfoco.com.br\/inicio\/consumidor-pode-ter-dois-reajustes-do-plano-de-saude-no-mesmo-ano\/\" \/>\n\t<meta name=\"generator\" content=\"All in One SEO (AIOSEO) 4.9.10\" \/>\n\t\t<meta property=\"og:locale\" content=\"pt_BR\" \/>\n\t\t<meta property=\"og:site_name\" content=\"News In Foco - Editado por Caio Pimenta - O principal site de noticias de Alagoinhas e regi\u00e3o\" \/>\n\t\t<meta property=\"og:type\" content=\"article\" \/>\n\t\t<meta property=\"og:title\" content=\"Consumidor pode ter dois reajustes do plano de sa\u00fade no mesmo ano - News In Foco - Editado por Caio Pimenta\" \/>\n\t\t<meta property=\"og:description\" content=\"Clientes de planos de sa\u00fade individuais e familiares podem ter dois reajustes em 2023, caso seja o ano em que o conv\u00eanio m\u00e9dico esteja autorizado a aplicar o aumento por faixa et\u00e1ria. Nesta segunda-feira (12), a ANS (Ag\u00eancia Nacional de Sa\u00fade Suplementar) definiu em at\u00e9 9,63% o percentual de reajuste anual permitido para esses conv\u00eanios.\" \/>\n\t\t<meta property=\"og:url\" content=\"https:\/\/newsinfoco.com.br\/inicio\/consumidor-pode-ter-dois-reajustes-do-plano-de-saude-no-mesmo-ano\/\" \/>\n\t\t<meta property=\"article:published_time\" content=\"2023-06-13T12:32:58+00:00\" \/>\n\t\t<meta property=\"article:modified_time\" content=\"2023-06-13T12:32:58+00:00\" \/>\n\t\t<meta name=\"twitter:card\" content=\"summary_large_image\" \/>\n\t\t<meta name=\"twitter:title\" content=\"Consumidor pode ter dois reajustes do plano de sa\u00fade no mesmo ano - News In Foco - Editado por Caio Pimenta\" \/>\n\t\t<meta name=\"twitter:description\" content=\"Clientes de planos de sa\u00fade individuais e familiares podem ter dois reajustes em 2023, caso seja o ano em que o conv\u00eanio m\u00e9dico esteja autorizado a aplicar o aumento por faixa et\u00e1ria. Nesta segunda-feira (12), a ANS (Ag\u00eancia Nacional de Sa\u00fade Suplementar) definiu em at\u00e9 9,63% o percentual de reajuste anual permitido para esses conv\u00eanios.\" \/>\n\t\t<script type=\"application\/ld+json\" class=\"aioseo-schema\">\n\t\t\t{\"@context\":\"https:\\\/\\\/schema.org\",\"@graph\":[{\"@type\":\"BlogPosting\",\"@id\":\"https:\\\/\\\/newsinfoco.com.br\\\/inicio\\\/consumidor-pode-ter-dois-reajustes-do-plano-de-saude-no-mesmo-ano\\\/#blogposting\",\"name\":\"Consumidor pode ter dois reajustes do plano de sa\\u00fade no mesmo ano - News In Foco - Editado por Caio Pimenta\",\"headline\":\"Consumidor pode ter dois reajustes do plano de sa\\u00fade no mesmo ano\",\"author\":{\"@id\":\"https:\\\/\\\/newsinfoco.com.br\\\/inicio\\\/author\\\/administrador\\\/#author\"},\"publisher\":{\"@id\":\"https:\\\/\\\/newsinfoco.com.br\\\/inicio\\\/#organization\"},\"image\":{\"@type\":\"ImageObject\",\"url\":\"https:\\\/\\\/newsinfoco.com.br\\\/inicio\\\/wp-content\\\/uploads\\\/2018\\\/11\\\/plano_de_saude_cartao.jpg\",\"width\":600,\"height\":420,\"caption\":\"Foto: Arquivo\\\/Ag\\u00eancia Brasil\"},\"datePublished\":\"2023-06-13T09:32:58-03:00\",\"dateModified\":\"2023-06-13T09:32:58-03:00\",\"inLanguage\":\"pt-BR\",\"mainEntityOfPage\":{\"@id\":\"https:\\\/\\\/newsinfoco.com.br\\\/inicio\\\/consumidor-pode-ter-dois-reajustes-do-plano-de-saude-no-mesmo-ano\\\/#webpage\"},\"isPartOf\":{\"@id\":\"https:\\\/\\\/newsinfoco.com.br\\\/inicio\\\/consumidor-pode-ter-dois-reajustes-do-plano-de-saude-no-mesmo-ano\\\/#webpage\"},\"articleSection\":\"Brasil\"},{\"@type\":\"BreadcrumbList\",\"@id\":\"https:\\\/\\\/newsinfoco.com.br\\\/inicio\\\/consumidor-pode-ter-dois-reajustes-do-plano-de-saude-no-mesmo-ano\\\/#breadcrumblist\",\"itemListElement\":[{\"@type\":\"ListItem\",\"@id\":\"https:\\\/\\\/newsinfoco.com.br\\\/inicio#listItem\",\"position\":1,\"name\":\"In\\u00edcio\",\"item\":\"https:\\\/\\\/newsinfoco.com.br\\\/inicio\",\"nextItem\":{\"@type\":\"ListItem\",\"@id\":\"https:\\\/\\\/newsinfoco.com.br\\\/inicio\\\/category\\\/brasil\\\/#listItem\",\"name\":\"Brasil\"}},{\"@type\":\"ListItem\",\"@id\":\"https:\\\/\\\/newsinfoco.com.br\\\/inicio\\\/category\\\/brasil\\\/#listItem\",\"position\":2,\"name\":\"Brasil\",\"item\":\"https:\\\/\\\/newsinfoco.com.br\\\/inicio\\\/category\\\/brasil\\\/\",\"nextItem\":{\"@type\":\"ListItem\",\"@id\":\"https:\\\/\\\/newsinfoco.com.br\\\/inicio\\\/consumidor-pode-ter-dois-reajustes-do-plano-de-saude-no-mesmo-ano\\\/#listItem\",\"name\":\"Consumidor pode ter dois reajustes do plano de sa\\u00fade no mesmo ano\"},\"previousItem\":{\"@type\":\"ListItem\",\"@id\":\"https:\\\/\\\/newsinfoco.com.br\\\/inicio#listItem\",\"name\":\"In\\u00edcio\"}},{\"@type\":\"ListItem\",\"@id\":\"https:\\\/\\\/newsinfoco.com.br\\\/inicio\\\/consumidor-pode-ter-dois-reajustes-do-plano-de-saude-no-mesmo-ano\\\/#listItem\",\"position\":3,\"name\":\"Consumidor pode ter dois reajustes do plano de sa\\u00fade no mesmo ano\",\"previousItem\":{\"@type\":\"ListItem\",\"@id\":\"https:\\\/\\\/newsinfoco.com.br\\\/inicio\\\/category\\\/brasil\\\/#listItem\",\"name\":\"Brasil\"}}]},{\"@type\":\"Organization\",\"@id\":\"https:\\\/\\\/newsinfoco.com.br\\\/inicio\\\/#organization\",\"name\":\"News In Foco - Editado por Caio Pimenta\",\"description\":\"O principal site de noticias de Alagoinhas e regi\\u00e3o\",\"url\":\"https:\\\/\\\/newsinfoco.com.br\\\/inicio\\\/\"},{\"@type\":\"Person\",\"@id\":\"https:\\\/\\\/newsinfoco.com.br\\\/inicio\\\/author\\\/administrador\\\/#author\",\"url\":\"https:\\\/\\\/newsinfoco.com.br\\\/inicio\\\/author\\\/administrador\\\/\",\"name\":\"administrador\",\"image\":{\"@type\":\"ImageObject\",\"@id\":\"https:\\\/\\\/newsinfoco.com.br\\\/inicio\\\/consumidor-pode-ter-dois-reajustes-do-plano-de-saude-no-mesmo-ano\\\/#authorImage\",\"url\":\"https:\\\/\\\/secure.gravatar.com\\\/avatar\\\/c17a617433de8c1dc9584bb79aab7563b46f5bb7e1728c9b17d9cc3ce6a08e49?s=96&d=mm&r=g\",\"width\":96,\"height\":96,\"caption\":\"administrador\"}},{\"@type\":\"WebPage\",\"@id\":\"https:\\\/\\\/newsinfoco.com.br\\\/inicio\\\/consumidor-pode-ter-dois-reajustes-do-plano-de-saude-no-mesmo-ano\\\/#webpage\",\"url\":\"https:\\\/\\\/newsinfoco.com.br\\\/inicio\\\/consumidor-pode-ter-dois-reajustes-do-plano-de-saude-no-mesmo-ano\\\/\",\"name\":\"Consumidor pode ter dois reajustes do plano de sa\\u00fade no mesmo ano - News In Foco - Editado por Caio Pimenta\",\"description\":\"Clientes de planos de sa\\u00fade individuais e familiares podem ter dois reajustes em 2023, caso seja o ano em que o conv\\u00eanio m\\u00e9dico esteja autorizado a aplicar o aumento por faixa et\\u00e1ria. Nesta segunda-feira (12), a ANS (Ag\\u00eancia Nacional de Sa\\u00fade Suplementar) definiu em at\\u00e9 9,63% o percentual de reajuste anual permitido para esses conv\\u00eanios.\",\"inLanguage\":\"pt-BR\",\"isPartOf\":{\"@id\":\"https:\\\/\\\/newsinfoco.com.br\\\/inicio\\\/#website\"},\"breadcrumb\":{\"@id\":\"https:\\\/\\\/newsinfoco.com.br\\\/inicio\\\/consumidor-pode-ter-dois-reajustes-do-plano-de-saude-no-mesmo-ano\\\/#breadcrumblist\"},\"author\":{\"@id\":\"https:\\\/\\\/newsinfoco.com.br\\\/inicio\\\/author\\\/administrador\\\/#author\"},\"creator\":{\"@id\":\"https:\\\/\\\/newsinfoco.com.br\\\/inicio\\\/author\\\/administrador\\\/#author\"},\"image\":{\"@type\":\"ImageObject\",\"url\":\"https:\\\/\\\/newsinfoco.com.br\\\/inicio\\\/wp-content\\\/uploads\\\/2018\\\/11\\\/plano_de_saude_cartao.jpg\",\"@id\":\"https:\\\/\\\/newsinfoco.com.br\\\/inicio\\\/consumidor-pode-ter-dois-reajustes-do-plano-de-saude-no-mesmo-ano\\\/#mainImage\",\"width\":600,\"height\":420,\"caption\":\"Foto: Arquivo\\\/Ag\\u00eancia Brasil\"},\"primaryImageOfPage\":{\"@id\":\"https:\\\/\\\/newsinfoco.com.br\\\/inicio\\\/consumidor-pode-ter-dois-reajustes-do-plano-de-saude-no-mesmo-ano\\\/#mainImage\"},\"datePublished\":\"2023-06-13T09:32:58-03:00\",\"dateModified\":\"2023-06-13T09:32:58-03:00\"},{\"@type\":\"WebSite\",\"@id\":\"https:\\\/\\\/newsinfoco.com.br\\\/inicio\\\/#website\",\"url\":\"https:\\\/\\\/newsinfoco.com.br\\\/inicio\\\/\",\"name\":\"News In Foco - Editado por Caio Pimenta\",\"description\":\"O principal site de noticias de Alagoinhas e regi\\u00e3o\",\"inLanguage\":\"pt-BR\",\"publisher\":{\"@id\":\"https:\\\/\\\/newsinfoco.com.br\\\/inicio\\\/#organization\"}}]}\n\t\t<\/script>\n\t\t<!-- All in One SEO -->\n\n","aioseo_head_json":{"title":"Consumidor pode ter dois reajustes do plano de sa\u00fade no mesmo ano - News In Foco - Editado por Caio Pimenta","description":"Clientes de planos de sa\u00fade individuais e familiares podem ter dois reajustes em 2023, caso seja o ano em que o conv\u00eanio m\u00e9dico esteja autorizado a aplicar o aumento por faixa et\u00e1ria. Nesta segunda-feira (12), a ANS (Ag\u00eancia Nacional de Sa\u00fade Suplementar) definiu em at\u00e9 9,63% o percentual de reajuste anual permitido para esses conv\u00eanios.","canonical_url":"https:\/\/newsinfoco.com.br\/inicio\/consumidor-pode-ter-dois-reajustes-do-plano-de-saude-no-mesmo-ano\/","robots":"max-image-preview:large","keywords":"","webmasterTools":{"miscellaneous":""},"schema":{"@context":"https:\/\/schema.org","@graph":[{"@type":"BlogPosting","@id":"https:\/\/newsinfoco.com.br\/inicio\/consumidor-pode-ter-dois-reajustes-do-plano-de-saude-no-mesmo-ano\/#blogposting","name":"Consumidor pode ter dois reajustes do plano de sa\u00fade no mesmo ano - News In Foco - Editado por Caio Pimenta","headline":"Consumidor pode ter dois reajustes do plano de sa\u00fade no mesmo ano","author":{"@id":"https:\/\/newsinfoco.com.br\/inicio\/author\/administrador\/#author"},"publisher":{"@id":"https:\/\/newsinfoco.com.br\/inicio\/#organization"},"image":{"@type":"ImageObject","url":"https:\/\/newsinfoco.com.br\/inicio\/wp-content\/uploads\/2018\/11\/plano_de_saude_cartao.jpg","width":600,"height":420,"caption":"Foto: Arquivo\/Ag\u00eancia Brasil"},"datePublished":"2023-06-13T09:32:58-03:00","dateModified":"2023-06-13T09:32:58-03:00","inLanguage":"pt-BR","mainEntityOfPage":{"@id":"https:\/\/newsinfoco.com.br\/inicio\/consumidor-pode-ter-dois-reajustes-do-plano-de-saude-no-mesmo-ano\/#webpage"},"isPartOf":{"@id":"https:\/\/newsinfoco.com.br\/inicio\/consumidor-pode-ter-dois-reajustes-do-plano-de-saude-no-mesmo-ano\/#webpage"},"articleSection":"Brasil"},{"@type":"BreadcrumbList","@id":"https:\/\/newsinfoco.com.br\/inicio\/consumidor-pode-ter-dois-reajustes-do-plano-de-saude-no-mesmo-ano\/#breadcrumblist","itemListElement":[{"@type":"ListItem","@id":"https:\/\/newsinfoco.com.br\/inicio#listItem","position":1,"name":"In\u00edcio","item":"https:\/\/newsinfoco.com.br\/inicio","nextItem":{"@type":"ListItem","@id":"https:\/\/newsinfoco.com.br\/inicio\/category\/brasil\/#listItem","name":"Brasil"}},{"@type":"ListItem","@id":"https:\/\/newsinfoco.com.br\/inicio\/category\/brasil\/#listItem","position":2,"name":"Brasil","item":"https:\/\/newsinfoco.com.br\/inicio\/category\/brasil\/","nextItem":{"@type":"ListItem","@id":"https:\/\/newsinfoco.com.br\/inicio\/consumidor-pode-ter-dois-reajustes-do-plano-de-saude-no-mesmo-ano\/#listItem","name":"Consumidor pode ter dois reajustes do plano de sa\u00fade no mesmo ano"},"previousItem":{"@type":"ListItem","@id":"https:\/\/newsinfoco.com.br\/inicio#listItem","name":"In\u00edcio"}},{"@type":"ListItem","@id":"https:\/\/newsinfoco.com.br\/inicio\/consumidor-pode-ter-dois-reajustes-do-plano-de-saude-no-mesmo-ano\/#listItem","position":3,"name":"Consumidor pode ter dois reajustes do plano de sa\u00fade no mesmo ano","previousItem":{"@type":"ListItem","@id":"https:\/\/newsinfoco.com.br\/inicio\/category\/brasil\/#listItem","name":"Brasil"}}]},{"@type":"Organization","@id":"https:\/\/newsinfoco.com.br\/inicio\/#organization","name":"News In Foco - Editado por Caio Pimenta","description":"O principal site de noticias de Alagoinhas e regi\u00e3o","url":"https:\/\/newsinfoco.com.br\/inicio\/"},{"@type":"Person","@id":"https:\/\/newsinfoco.com.br\/inicio\/author\/administrador\/#author","url":"https:\/\/newsinfoco.com.br\/inicio\/author\/administrador\/","name":"administrador","image":{"@type":"ImageObject","@id":"https:\/\/newsinfoco.com.br\/inicio\/consumidor-pode-ter-dois-reajustes-do-plano-de-saude-no-mesmo-ano\/#authorImage","url":"https:\/\/secure.gravatar.com\/avatar\/c17a617433de8c1dc9584bb79aab7563b46f5bb7e1728c9b17d9cc3ce6a08e49?s=96&d=mm&r=g","width":96,"height":96,"caption":"administrador"}},{"@type":"WebPage","@id":"https:\/\/newsinfoco.com.br\/inicio\/consumidor-pode-ter-dois-reajustes-do-plano-de-saude-no-mesmo-ano\/#webpage","url":"https:\/\/newsinfoco.com.br\/inicio\/consumidor-pode-ter-dois-reajustes-do-plano-de-saude-no-mesmo-ano\/","name":"Consumidor pode ter dois reajustes do plano de sa\u00fade no mesmo ano - News In Foco - Editado por Caio Pimenta","description":"Clientes de planos de sa\u00fade individuais e familiares podem ter dois reajustes em 2023, caso seja o ano em que o conv\u00eanio m\u00e9dico esteja autorizado a aplicar o aumento por faixa et\u00e1ria. Nesta segunda-feira (12), a ANS (Ag\u00eancia Nacional de Sa\u00fade Suplementar) definiu em at\u00e9 9,63% o percentual de reajuste anual permitido para esses conv\u00eanios.","inLanguage":"pt-BR","isPartOf":{"@id":"https:\/\/newsinfoco.com.br\/inicio\/#website"},"breadcrumb":{"@id":"https:\/\/newsinfoco.com.br\/inicio\/consumidor-pode-ter-dois-reajustes-do-plano-de-saude-no-mesmo-ano\/#breadcrumblist"},"author":{"@id":"https:\/\/newsinfoco.com.br\/inicio\/author\/administrador\/#author"},"creator":{"@id":"https:\/\/newsinfoco.com.br\/inicio\/author\/administrador\/#author"},"image":{"@type":"ImageObject","url":"https:\/\/newsinfoco.com.br\/inicio\/wp-content\/uploads\/2018\/11\/plano_de_saude_cartao.jpg","@id":"https:\/\/newsinfoco.com.br\/inicio\/consumidor-pode-ter-dois-reajustes-do-plano-de-saude-no-mesmo-ano\/#mainImage","width":600,"height":420,"caption":"Foto: Arquivo\/Ag\u00eancia Brasil"},"primaryImageOfPage":{"@id":"https:\/\/newsinfoco.com.br\/inicio\/consumidor-pode-ter-dois-reajustes-do-plano-de-saude-no-mesmo-ano\/#mainImage"},"datePublished":"2023-06-13T09:32:58-03:00","dateModified":"2023-06-13T09:32:58-03:00"},{"@type":"WebSite","@id":"https:\/\/newsinfoco.com.br\/inicio\/#website","url":"https:\/\/newsinfoco.com.br\/inicio\/","name":"News In Foco - Editado por Caio Pimenta","description":"O principal site de noticias de Alagoinhas e regi\u00e3o","inLanguage":"pt-BR","publisher":{"@id":"https:\/\/newsinfoco.com.br\/inicio\/#organization"}}]},"og:locale":"pt_BR","og:site_name":"News In Foco - Editado por Caio Pimenta - O principal site de noticias de Alagoinhas e regi\u00e3o","og:type":"article","og:title":"Consumidor pode ter dois reajustes do plano de sa\u00fade no mesmo ano - News In Foco - Editado por Caio Pimenta","og:description":"Clientes de planos de sa\u00fade individuais e familiares podem ter dois reajustes em 2023, caso seja o ano em que o conv\u00eanio m\u00e9dico esteja autorizado a aplicar o aumento por faixa et\u00e1ria. Nesta segunda-feira (12), a ANS (Ag\u00eancia Nacional de Sa\u00fade Suplementar) definiu em at\u00e9 9,63% o percentual de reajuste anual permitido para esses conv\u00eanios.","og:url":"https:\/\/newsinfoco.com.br\/inicio\/consumidor-pode-ter-dois-reajustes-do-plano-de-saude-no-mesmo-ano\/","article:published_time":"2023-06-13T12:32:58+00:00","article:modified_time":"2023-06-13T12:32:58+00:00","twitter:card":"summary_large_image","twitter:title":"Consumidor pode ter dois reajustes do plano de sa\u00fade no mesmo ano - News In Foco - Editado por Caio Pimenta","twitter:description":"Clientes de planos de sa\u00fade individuais e familiares podem ter dois reajustes em 2023, caso seja o ano em que o conv\u00eanio m\u00e9dico esteja autorizado a aplicar o aumento por faixa et\u00e1ria. Nesta segunda-feira (12), a ANS (Ag\u00eancia Nacional de Sa\u00fade Suplementar) definiu em at\u00e9 9,63% o percentual de reajuste anual permitido para esses conv\u00eanios."},"aioseo_meta_data":{"post_id":"34352","title":null,"description":null,"keywords":[],"keyphrases":{"focus":{"keyphrase":"","score":0,"analysis":{"keyphraseInTitle":{"score":0,"maxScore":9,"error":1}}},"additional":[]},"primary_term":null,"canonical_url":null,"og_title":null,"og_description":null,"og_object_type":"default","og_image_type":"default","og_image_url":null,"og_image_width":null,"og_image_height":null,"og_image_custom_url":null,"og_image_custom_fields":null,"og_video":"","og_custom_url":null,"og_article_section":null,"og_article_tags":[],"twitter_use_og":false,"twitter_card":"default","twitter_image_type":"default","twitter_image_url":null,"twitter_image_custom_url":null,"twitter_image_custom_fields":null,"twitter_title":null,"twitter_description":null,"schema":{"blockGraphs":[],"customGraphs":[],"default":{"data":{"Article":[],"Course":[],"Dataset":[],"FAQPage":[],"Movie":[],"Person":[],"Product":[],"ProductReview":[],"Car":[],"Recipe":[],"Service":[],"SoftwareApplication":[],"WebPage":[]},"graphName":"","isEnabled":true},"graphs":[]},"schema_type":"default","schema_type_options":null,"pillar_content":false,"robots_default":true,"robots_noindex":false,"robots_noarchive":false,"robots_nosnippet":false,"robots_nofollow":false,"robots_noimageindex":false,"robots_noodp":false,"robots_notranslate":false,"robots_max_snippet":"-1","robots_max_videopreview":"-1","robots_max_imagepreview":"large","priority":0,"frequency":"default","local_seo":null,"breadcrumb_settings":null,"limit_modified_date":false,"ai":null,"created":"2023-06-13 12:32:58","updated":"2025-07-11 09:53:48","seo_analyzer_scan_date":null},"aioseo_breadcrumb":"<div class=\"aioseo-breadcrumbs\"><span class=\"aioseo-breadcrumb\">\n\t\t\t<a href=\"https:\/\/newsinfoco.com.br\/inicio\" title=\"In\u00edcio\">In\u00edcio<\/a>\n\t\t<\/span><span class=\"aioseo-breadcrumb-separator\">&raquo;<\/span><span class=\"aioseo-breadcrumb\">\n\t\t\t<a href=\"https:\/\/newsinfoco.com.br\/inicio\/category\/brasil\/\" title=\"Brasil\">Brasil<\/a>\n\t\t<\/span><span class=\"aioseo-breadcrumb-separator\">&raquo;<\/span><span class=\"aioseo-breadcrumb\">\n\t\t\tConsumidor pode ter dois reajustes do plano de sa\u00fade no mesmo ano\n\t\t<\/span><\/div>","aioseo_breadcrumb_json":[{"label":"In\u00edcio","link":"https:\/\/newsinfoco.com.br\/inicio"},{"label":"Brasil","link":"https:\/\/newsinfoco.com.br\/inicio\/category\/brasil\/"},{"label":"Consumidor pode ter dois reajustes do plano de sa\u00fade no mesmo ano","link":"https:\/\/newsinfoco.com.br\/inicio\/consumidor-pode-ter-dois-reajustes-do-plano-de-saude-no-mesmo-ano\/"}],"_links":{"self":[{"href":"https:\/\/newsinfoco.com.br\/inicio\/wp-json\/wp\/v2\/posts\/34352","targetHints":{"allow":["GET"]}}],"collection":[{"href":"https:\/\/newsinfoco.com.br\/inicio\/wp-json\/wp\/v2\/posts"}],"about":[{"href":"https:\/\/newsinfoco.com.br\/inicio\/wp-json\/wp\/v2\/types\/post"}],"author":[{"embeddable":true,"href":"https:\/\/newsinfoco.com.br\/inicio\/wp-json\/wp\/v2\/users\/1"}],"replies":[{"embeddable":true,"href":"https:\/\/newsinfoco.com.br\/inicio\/wp-json\/wp\/v2\/comments?post=34352"}],"version-history":[{"count":1,"href":"https:\/\/newsinfoco.com.br\/inicio\/wp-json\/wp\/v2\/posts\/34352\/revisions"}],"predecessor-version":[{"id":34353,"href":"https:\/\/newsinfoco.com.br\/inicio\/wp-json\/wp\/v2\/posts\/34352\/revisions\/34353"}],"wp:featuredmedia":[{"embeddable":true,"href":"https:\/\/newsinfoco.com.br\/inicio\/wp-json\/wp\/v2\/media\/11246"}],"wp:attachment":[{"href":"https:\/\/newsinfoco.com.br\/inicio\/wp-json\/wp\/v2\/media?parent=34352"}],"wp:term":[{"taxonomy":"category","embeddable":true,"href":"https:\/\/newsinfoco.com.br\/inicio\/wp-json\/wp\/v2\/categories?post=34352"},{"taxonomy":"post_tag","embeddable":true,"href":"https:\/\/newsinfoco.com.br\/inicio\/wp-json\/wp\/v2\/tags?post=34352"}],"curies":[{"name":"wp","href":"https:\/\/api.w.org\/{rel}","templated":true}]}}