{"id":34399,"date":"2023-06-15T20:16:25","date_gmt":"2023-06-15T23:16:25","guid":{"rendered":"https:\/\/newsinfoco.com.br\/inicio\/?p=34399"},"modified":"2023-06-15T20:16:25","modified_gmt":"2023-06-15T23:16:25","slug":"servidores-estaduais-anunciam-protesto-no-2-de-julho-contra-a-ausencia-de-dialogo-do-governo-do-estado","status":"publish","type":"post","link":"https:\/\/newsinfoco.com.br\/inicio\/servidores-estaduais-anunciam-protesto-no-2-de-julho-contra-a-ausencia-de-dialogo-do-governo-do-estado\/","title":{"rendered":"Servidores estaduais anunciam protesto no 2 de Julho contra a \u201caus\u00eancia de di\u00e1logo\u201d do governo do Estado"},"content":{"rendered":"<p>Sindicatos que representam os servidores p\u00fablicos estaduais decidiram, durante reuni\u00e3o, que ir\u00e3o participar do tradicional cortejo do 2 de Julho com faixas e cartazes para protestar contra a aus\u00eancia de di\u00e1logo do governo do Estado que, segundo as entidades sindicais, resiste em agendar uma reuni\u00e3o para negociar as perdas salariais de 53,3% acumuladas ao longo dos \u00faltimos oito anos.<\/p>\n<p>Al\u00e9m da participa\u00e7\u00e3o no cortejo do 2 de Julho, os sindicatos aprovaram a realiza\u00e7\u00e3o de um Semin\u00e1rio Estadual dos Servidores P\u00fablicos, previsto para ocorrer em 28 e 29 de julho. As entidades pedem ao governador Jer\u00f4nimo Rodrigues que instale uma \u201cmesa de negocia\u00e7\u00e3o permanente\u201d, para dialogar sobre os pleitos reivindicados pelas diversas categorias do funcionalismo p\u00fablico estadual.<\/p>\n<p>&nbsp;<\/p>\n<p>Politicalivre<\/p>\n<div class='share-to-whatsapp-wrapper'><div class='share-on-whsp'>Share on: <\/div><a data-text='Servidores estaduais anunciam protesto no 2 de Julho contra a \u201caus\u00eancia de di\u00e1logo\u201d do governo do Estado' data-link='https:\/\/newsinfoco.com.br\/inicio\/servidores-estaduais-anunciam-protesto-no-2-de-julho-contra-a-ausencia-de-dialogo-do-governo-do-estado\/' class='whatsapp-button whatsapp-share'>WhatsApp<\/a><div class='clear '><\/div><\/div>","protected":false},"excerpt":{"rendered":"<p>Sindicatos que representam os servidores p\u00fablicos estaduais decidiram, durante reuni\u00e3o, que ir\u00e3o participar do tradicional cortejo do 2 de Julho com faixas e cartazes para protestar contra a aus\u00eancia de di\u00e1logo do governo do Estado que, segundo as entidades sindicais, resiste em agendar uma reuni\u00e3o para negociar as perdas salariais de 53,3% acumuladas ao longo [&hellip;]<\/p>\n","protected":false},"author":1,"featured_media":34400,"comment_status":"closed","ping_status":"closed","sticky":false,"template":"","format":"standard","meta":{"om_disable_all_campaigns":false,"rop_custom_images_group":[],"rop_custom_messages_group":[],"rop_publish_now":"initial","rop_publish_now_accounts":[],"rop_publish_now_history":[],"rop_publish_now_status":"pending","_exactmetrics_skip_tracking":false,"footnotes":""},"categories":[19],"tags":[],"class_list":["post-34399","post","type-post","status-publish","format-standard","has-post-thumbnail","hentry","category-bahia"],"aioseo_notices":[],"aioseo_head":"\n\t\t<!-- All in One SEO 4.9.10 - aioseo.com -->\n\t<meta name=\"description\" content=\"Sindicatos que representam os servidores p\u00fablicos estaduais decidiram, durante reuni\u00e3o, que ir\u00e3o participar do tradicional cortejo do 2 de Julho com faixas e cartazes para protestar contra a aus\u00eancia de di\u00e1logo do governo do Estado que, segundo as entidades sindicais, resiste em agendar uma reuni\u00e3o para negociar as perdas salariais de 53,3% acumuladas ao longo\" \/>\n\t<meta name=\"robots\" content=\"max-image-preview:large\" \/>\n\t<meta name=\"author\" content=\"administrador\"\/>\n\t<link rel=\"canonical\" href=\"https:\/\/newsinfoco.com.br\/inicio\/servidores-estaduais-anunciam-protesto-no-2-de-julho-contra-a-ausencia-de-dialogo-do-governo-do-estado\/\" \/>\n\t<meta name=\"generator\" content=\"All in One SEO (AIOSEO) 4.9.10\" \/>\n\t\t<meta property=\"og:locale\" content=\"pt_BR\" \/>\n\t\t<meta property=\"og:site_name\" content=\"News In Foco - Editado por Caio Pimenta - O principal site de noticias de Alagoinhas e regi\u00e3o\" \/>\n\t\t<meta property=\"og:type\" content=\"article\" \/>\n\t\t<meta property=\"og:title\" content=\"Servidores estaduais anunciam protesto no 2 de Julho contra a \u201caus\u00eancia de di\u00e1logo\u201d do governo do Estado - News In Foco - Editado por Caio Pimenta\" \/>\n\t\t<meta property=\"og:description\" content=\"Sindicatos que representam os servidores p\u00fablicos estaduais decidiram, durante reuni\u00e3o, que ir\u00e3o participar do tradicional cortejo do 2 de Julho com faixas e cartazes para protestar contra a aus\u00eancia de di\u00e1logo do governo do Estado que, segundo as entidades sindicais, resiste em agendar uma reuni\u00e3o para negociar as perdas salariais de 53,3% acumuladas ao longo\" \/>\n\t\t<meta property=\"og:url\" content=\"https:\/\/newsinfoco.com.br\/inicio\/servidores-estaduais-anunciam-protesto-no-2-de-julho-contra-a-ausencia-de-dialogo-do-governo-do-estado\/\" \/>\n\t\t<meta property=\"article:published_time\" content=\"2023-06-15T23:16:25+00:00\" \/>\n\t\t<meta property=\"article:modified_time\" content=\"2023-06-15T23:16:25+00:00\" \/>\n\t\t<meta name=\"twitter:card\" content=\"summary_large_image\" \/>\n\t\t<meta name=\"twitter:title\" content=\"Servidores estaduais anunciam protesto no 2 de Julho contra a \u201caus\u00eancia de di\u00e1logo\u201d do governo do Estado - News In Foco - Editado por Caio Pimenta\" \/>\n\t\t<meta name=\"twitter:description\" content=\"Sindicatos que representam os servidores p\u00fablicos estaduais decidiram, durante reuni\u00e3o, que ir\u00e3o participar do tradicional cortejo do 2 de Julho com faixas e cartazes para protestar contra a aus\u00eancia de di\u00e1logo do governo do Estado que, segundo as entidades sindicais, resiste em agendar uma reuni\u00e3o para negociar as perdas salariais de 53,3% acumuladas ao longo\" \/>\n\t\t<script type=\"application\/ld+json\" class=\"aioseo-schema\">\n\t\t\t{\"@context\":\"https:\\\/\\\/schema.org\",\"@graph\":[{\"@type\":\"BlogPosting\",\"@id\":\"https:\\\/\\\/newsinfoco.com.br\\\/inicio\\\/servidores-estaduais-anunciam-protesto-no-2-de-julho-contra-a-ausencia-de-dialogo-do-governo-do-estado\\\/#blogposting\",\"name\":\"Servidores estaduais anunciam protesto no 2 de Julho contra a \\u201caus\\u00eancia de di\\u00e1logo\\u201d do governo do Estado - News In Foco - Editado por Caio Pimenta\",\"headline\":\"Servidores estaduais anunciam protesto no 2 de Julho contra a \\u201caus\\u00eancia de di\\u00e1logo\\u201d do governo do Estado\",\"author\":{\"@id\":\"https:\\\/\\\/newsinfoco.com.br\\\/inicio\\\/author\\\/administrador\\\/#author\"},\"publisher\":{\"@id\":\"https:\\\/\\\/newsinfoco.com.br\\\/inicio\\\/#organization\"},\"image\":{\"@type\":\"ImageObject\",\"url\":\"https:\\\/\\\/newsinfoco.com.br\\\/inicio\\\/wp-content\\\/uploads\\\/2023\\\/06\\\/FADS.jpg\",\"width\":1565,\"height\":1200},\"datePublished\":\"2023-06-15T20:16:25-03:00\",\"dateModified\":\"2023-06-15T20:16:25-03:00\",\"inLanguage\":\"pt-BR\",\"mainEntityOfPage\":{\"@id\":\"https:\\\/\\\/newsinfoco.com.br\\\/inicio\\\/servidores-estaduais-anunciam-protesto-no-2-de-julho-contra-a-ausencia-de-dialogo-do-governo-do-estado\\\/#webpage\"},\"isPartOf\":{\"@id\":\"https:\\\/\\\/newsinfoco.com.br\\\/inicio\\\/servidores-estaduais-anunciam-protesto-no-2-de-julho-contra-a-ausencia-de-dialogo-do-governo-do-estado\\\/#webpage\"},\"articleSection\":\"Bahia\"},{\"@type\":\"BreadcrumbList\",\"@id\":\"https:\\\/\\\/newsinfoco.com.br\\\/inicio\\\/servidores-estaduais-anunciam-protesto-no-2-de-julho-contra-a-ausencia-de-dialogo-do-governo-do-estado\\\/#breadcrumblist\",\"itemListElement\":[{\"@type\":\"ListItem\",\"@id\":\"https:\\\/\\\/newsinfoco.com.br\\\/inicio#listItem\",\"position\":1,\"name\":\"In\\u00edcio\",\"item\":\"https:\\\/\\\/newsinfoco.com.br\\\/inicio\",\"nextItem\":{\"@type\":\"ListItem\",\"@id\":\"https:\\\/\\\/newsinfoco.com.br\\\/inicio\\\/category\\\/bahia\\\/#listItem\",\"name\":\"Bahia\"}},{\"@type\":\"ListItem\",\"@id\":\"https:\\\/\\\/newsinfoco.com.br\\\/inicio\\\/category\\\/bahia\\\/#listItem\",\"position\":2,\"name\":\"Bahia\",\"item\":\"https:\\\/\\\/newsinfoco.com.br\\\/inicio\\\/category\\\/bahia\\\/\",\"nextItem\":{\"@type\":\"ListItem\",\"@id\":\"https:\\\/\\\/newsinfoco.com.br\\\/inicio\\\/servidores-estaduais-anunciam-protesto-no-2-de-julho-contra-a-ausencia-de-dialogo-do-governo-do-estado\\\/#listItem\",\"name\":\"Servidores estaduais anunciam protesto no 2 de Julho contra a \\u201caus\\u00eancia de di\\u00e1logo\\u201d do governo do Estado\"},\"previousItem\":{\"@type\":\"ListItem\",\"@id\":\"https:\\\/\\\/newsinfoco.com.br\\\/inicio#listItem\",\"name\":\"In\\u00edcio\"}},{\"@type\":\"ListItem\",\"@id\":\"https:\\\/\\\/newsinfoco.com.br\\\/inicio\\\/servidores-estaduais-anunciam-protesto-no-2-de-julho-contra-a-ausencia-de-dialogo-do-governo-do-estado\\\/#listItem\",\"position\":3,\"name\":\"Servidores estaduais anunciam protesto no 2 de Julho contra a \\u201caus\\u00eancia de di\\u00e1logo\\u201d do governo do Estado\",\"previousItem\":{\"@type\":\"ListItem\",\"@id\":\"https:\\\/\\\/newsinfoco.com.br\\\/inicio\\\/category\\\/bahia\\\/#listItem\",\"name\":\"Bahia\"}}]},{\"@type\":\"Organization\",\"@id\":\"https:\\\/\\\/newsinfoco.com.br\\\/inicio\\\/#organization\",\"name\":\"News In Foco - Editado por Caio Pimenta\",\"description\":\"O principal site de noticias de Alagoinhas e regi\\u00e3o\",\"url\":\"https:\\\/\\\/newsinfoco.com.br\\\/inicio\\\/\"},{\"@type\":\"Person\",\"@id\":\"https:\\\/\\\/newsinfoco.com.br\\\/inicio\\\/author\\\/administrador\\\/#author\",\"url\":\"https:\\\/\\\/newsinfoco.com.br\\\/inicio\\\/author\\\/administrador\\\/\",\"name\":\"administrador\",\"image\":{\"@type\":\"ImageObject\",\"@id\":\"https:\\\/\\\/newsinfoco.com.br\\\/inicio\\\/servidores-estaduais-anunciam-protesto-no-2-de-julho-contra-a-ausencia-de-dialogo-do-governo-do-estado\\\/#authorImage\",\"url\":\"https:\\\/\\\/secure.gravatar.com\\\/avatar\\\/c17a617433de8c1dc9584bb79aab7563b46f5bb7e1728c9b17d9cc3ce6a08e49?s=96&d=mm&r=g\",\"width\":96,\"height\":96,\"caption\":\"administrador\"}},{\"@type\":\"WebPage\",\"@id\":\"https:\\\/\\\/newsinfoco.com.br\\\/inicio\\\/servidores-estaduais-anunciam-protesto-no-2-de-julho-contra-a-ausencia-de-dialogo-do-governo-do-estado\\\/#webpage\",\"url\":\"https:\\\/\\\/newsinfoco.com.br\\\/inicio\\\/servidores-estaduais-anunciam-protesto-no-2-de-julho-contra-a-ausencia-de-dialogo-do-governo-do-estado\\\/\",\"name\":\"Servidores estaduais anunciam protesto no 2 de Julho contra a \\u201caus\\u00eancia de di\\u00e1logo\\u201d do governo do Estado - News In Foco - Editado por Caio Pimenta\",\"description\":\"Sindicatos que representam os servidores p\\u00fablicos estaduais decidiram, durante reuni\\u00e3o, que ir\\u00e3o participar do tradicional cortejo do 2 de Julho com faixas e cartazes para protestar contra a aus\\u00eancia de di\\u00e1logo do governo do Estado que, segundo as entidades sindicais, resiste em agendar uma reuni\\u00e3o para negociar as perdas salariais de 53,3% acumuladas ao longo\",\"inLanguage\":\"pt-BR\",\"isPartOf\":{\"@id\":\"https:\\\/\\\/newsinfoco.com.br\\\/inicio\\\/#website\"},\"breadcrumb\":{\"@id\":\"https:\\\/\\\/newsinfoco.com.br\\\/inicio\\\/servidores-estaduais-anunciam-protesto-no-2-de-julho-contra-a-ausencia-de-dialogo-do-governo-do-estado\\\/#breadcrumblist\"},\"author\":{\"@id\":\"https:\\\/\\\/newsinfoco.com.br\\\/inicio\\\/author\\\/administrador\\\/#author\"},\"creator\":{\"@id\":\"https:\\\/\\\/newsinfoco.com.br\\\/inicio\\\/author\\\/administrador\\\/#author\"},\"image\":{\"@type\":\"ImageObject\",\"url\":\"https:\\\/\\\/newsinfoco.com.br\\\/inicio\\\/wp-content\\\/uploads\\\/2023\\\/06\\\/FADS.jpg\",\"@id\":\"https:\\\/\\\/newsinfoco.com.br\\\/inicio\\\/servidores-estaduais-anunciam-protesto-no-2-de-julho-contra-a-ausencia-de-dialogo-do-governo-do-estado\\\/#mainImage\",\"width\":1565,\"height\":1200},\"primaryImageOfPage\":{\"@id\":\"https:\\\/\\\/newsinfoco.com.br\\\/inicio\\\/servidores-estaduais-anunciam-protesto-no-2-de-julho-contra-a-ausencia-de-dialogo-do-governo-do-estado\\\/#mainImage\"},\"datePublished\":\"2023-06-15T20:16:25-03:00\",\"dateModified\":\"2023-06-15T20:16:25-03:00\"},{\"@type\":\"WebSite\",\"@id\":\"https:\\\/\\\/newsinfoco.com.br\\\/inicio\\\/#website\",\"url\":\"https:\\\/\\\/newsinfoco.com.br\\\/inicio\\\/\",\"name\":\"News In Foco - Editado por Caio Pimenta\",\"description\":\"O principal site de noticias de Alagoinhas e regi\\u00e3o\",\"inLanguage\":\"pt-BR\",\"publisher\":{\"@id\":\"https:\\\/\\\/newsinfoco.com.br\\\/inicio\\\/#organization\"}}]}\n\t\t<\/script>\n\t\t<!-- All in One SEO -->\n\n","aioseo_head_json":{"title":"Servidores estaduais anunciam protesto no 2 de Julho contra a \u201caus\u00eancia de di\u00e1logo\u201d do governo do Estado - News In Foco - Editado por Caio Pimenta","description":"Sindicatos que representam os servidores p\u00fablicos estaduais decidiram, durante reuni\u00e3o, que ir\u00e3o participar do tradicional cortejo do 2 de Julho com faixas e cartazes para protestar contra a aus\u00eancia de di\u00e1logo do governo do Estado que, segundo as entidades sindicais, resiste em agendar uma reuni\u00e3o para negociar as perdas salariais de 53,3% acumuladas ao longo","canonical_url":"https:\/\/newsinfoco.com.br\/inicio\/servidores-estaduais-anunciam-protesto-no-2-de-julho-contra-a-ausencia-de-dialogo-do-governo-do-estado\/","robots":"max-image-preview:large","keywords":"","webmasterTools":{"miscellaneous":""},"schema":{"@context":"https:\/\/schema.org","@graph":[{"@type":"BlogPosting","@id":"https:\/\/newsinfoco.com.br\/inicio\/servidores-estaduais-anunciam-protesto-no-2-de-julho-contra-a-ausencia-de-dialogo-do-governo-do-estado\/#blogposting","name":"Servidores estaduais anunciam protesto no 2 de Julho contra a \u201caus\u00eancia de di\u00e1logo\u201d do governo do Estado - News In Foco - Editado por Caio Pimenta","headline":"Servidores estaduais anunciam protesto no 2 de Julho contra a \u201caus\u00eancia de di\u00e1logo\u201d do governo do Estado","author":{"@id":"https:\/\/newsinfoco.com.br\/inicio\/author\/administrador\/#author"},"publisher":{"@id":"https:\/\/newsinfoco.com.br\/inicio\/#organization"},"image":{"@type":"ImageObject","url":"https:\/\/newsinfoco.com.br\/inicio\/wp-content\/uploads\/2023\/06\/FADS.jpg","width":1565,"height":1200},"datePublished":"2023-06-15T20:16:25-03:00","dateModified":"2023-06-15T20:16:25-03:00","inLanguage":"pt-BR","mainEntityOfPage":{"@id":"https:\/\/newsinfoco.com.br\/inicio\/servidores-estaduais-anunciam-protesto-no-2-de-julho-contra-a-ausencia-de-dialogo-do-governo-do-estado\/#webpage"},"isPartOf":{"@id":"https:\/\/newsinfoco.com.br\/inicio\/servidores-estaduais-anunciam-protesto-no-2-de-julho-contra-a-ausencia-de-dialogo-do-governo-do-estado\/#webpage"},"articleSection":"Bahia"},{"@type":"BreadcrumbList","@id":"https:\/\/newsinfoco.com.br\/inicio\/servidores-estaduais-anunciam-protesto-no-2-de-julho-contra-a-ausencia-de-dialogo-do-governo-do-estado\/#breadcrumblist","itemListElement":[{"@type":"ListItem","@id":"https:\/\/newsinfoco.com.br\/inicio#listItem","position":1,"name":"In\u00edcio","item":"https:\/\/newsinfoco.com.br\/inicio","nextItem":{"@type":"ListItem","@id":"https:\/\/newsinfoco.com.br\/inicio\/category\/bahia\/#listItem","name":"Bahia"}},{"@type":"ListItem","@id":"https:\/\/newsinfoco.com.br\/inicio\/category\/bahia\/#listItem","position":2,"name":"Bahia","item":"https:\/\/newsinfoco.com.br\/inicio\/category\/bahia\/","nextItem":{"@type":"ListItem","@id":"https:\/\/newsinfoco.com.br\/inicio\/servidores-estaduais-anunciam-protesto-no-2-de-julho-contra-a-ausencia-de-dialogo-do-governo-do-estado\/#listItem","name":"Servidores estaduais anunciam protesto no 2 de Julho contra a \u201caus\u00eancia de di\u00e1logo\u201d do governo do Estado"},"previousItem":{"@type":"ListItem","@id":"https:\/\/newsinfoco.com.br\/inicio#listItem","name":"In\u00edcio"}},{"@type":"ListItem","@id":"https:\/\/newsinfoco.com.br\/inicio\/servidores-estaduais-anunciam-protesto-no-2-de-julho-contra-a-ausencia-de-dialogo-do-governo-do-estado\/#listItem","position":3,"name":"Servidores estaduais anunciam protesto no 2 de Julho contra a \u201caus\u00eancia de di\u00e1logo\u201d do governo do Estado","previousItem":{"@type":"ListItem","@id":"https:\/\/newsinfoco.com.br\/inicio\/category\/bahia\/#listItem","name":"Bahia"}}]},{"@type":"Organization","@id":"https:\/\/newsinfoco.com.br\/inicio\/#organization","name":"News In Foco - Editado por Caio Pimenta","description":"O principal site de noticias de Alagoinhas e regi\u00e3o","url":"https:\/\/newsinfoco.com.br\/inicio\/"},{"@type":"Person","@id":"https:\/\/newsinfoco.com.br\/inicio\/author\/administrador\/#author","url":"https:\/\/newsinfoco.com.br\/inicio\/author\/administrador\/","name":"administrador","image":{"@type":"ImageObject","@id":"https:\/\/newsinfoco.com.br\/inicio\/servidores-estaduais-anunciam-protesto-no-2-de-julho-contra-a-ausencia-de-dialogo-do-governo-do-estado\/#authorImage","url":"https:\/\/secure.gravatar.com\/avatar\/c17a617433de8c1dc9584bb79aab7563b46f5bb7e1728c9b17d9cc3ce6a08e49?s=96&d=mm&r=g","width":96,"height":96,"caption":"administrador"}},{"@type":"WebPage","@id":"https:\/\/newsinfoco.com.br\/inicio\/servidores-estaduais-anunciam-protesto-no-2-de-julho-contra-a-ausencia-de-dialogo-do-governo-do-estado\/#webpage","url":"https:\/\/newsinfoco.com.br\/inicio\/servidores-estaduais-anunciam-protesto-no-2-de-julho-contra-a-ausencia-de-dialogo-do-governo-do-estado\/","name":"Servidores estaduais anunciam protesto no 2 de Julho contra a \u201caus\u00eancia de di\u00e1logo\u201d do governo do Estado - News In Foco - Editado por Caio Pimenta","description":"Sindicatos que representam os servidores p\u00fablicos estaduais decidiram, durante reuni\u00e3o, que ir\u00e3o participar do tradicional cortejo do 2 de Julho com faixas e cartazes para protestar contra a aus\u00eancia de di\u00e1logo do governo do Estado que, segundo as entidades sindicais, resiste em agendar uma reuni\u00e3o para negociar as perdas salariais de 53,3% acumuladas ao longo","inLanguage":"pt-BR","isPartOf":{"@id":"https:\/\/newsinfoco.com.br\/inicio\/#website"},"breadcrumb":{"@id":"https:\/\/newsinfoco.com.br\/inicio\/servidores-estaduais-anunciam-protesto-no-2-de-julho-contra-a-ausencia-de-dialogo-do-governo-do-estado\/#breadcrumblist"},"author":{"@id":"https:\/\/newsinfoco.com.br\/inicio\/author\/administrador\/#author"},"creator":{"@id":"https:\/\/newsinfoco.com.br\/inicio\/author\/administrador\/#author"},"image":{"@type":"ImageObject","url":"https:\/\/newsinfoco.com.br\/inicio\/wp-content\/uploads\/2023\/06\/FADS.jpg","@id":"https:\/\/newsinfoco.com.br\/inicio\/servidores-estaduais-anunciam-protesto-no-2-de-julho-contra-a-ausencia-de-dialogo-do-governo-do-estado\/#mainImage","width":1565,"height":1200},"primaryImageOfPage":{"@id":"https:\/\/newsinfoco.com.br\/inicio\/servidores-estaduais-anunciam-protesto-no-2-de-julho-contra-a-ausencia-de-dialogo-do-governo-do-estado\/#mainImage"},"datePublished":"2023-06-15T20:16:25-03:00","dateModified":"2023-06-15T20:16:25-03:00"},{"@type":"WebSite","@id":"https:\/\/newsinfoco.com.br\/inicio\/#website","url":"https:\/\/newsinfoco.com.br\/inicio\/","name":"News In Foco - Editado por Caio Pimenta","description":"O principal site de noticias de Alagoinhas e regi\u00e3o","inLanguage":"pt-BR","publisher":{"@id":"https:\/\/newsinfoco.com.br\/inicio\/#organization"}}]},"og:locale":"pt_BR","og:site_name":"News In Foco - Editado por Caio Pimenta - O principal site de noticias de Alagoinhas e regi\u00e3o","og:type":"article","og:title":"Servidores estaduais anunciam protesto no 2 de Julho contra a \u201caus\u00eancia de di\u00e1logo\u201d do governo do Estado - News In Foco - Editado por Caio Pimenta","og:description":"Sindicatos que representam os servidores p\u00fablicos estaduais decidiram, durante reuni\u00e3o, que ir\u00e3o participar do tradicional cortejo do 2 de Julho com faixas e cartazes para protestar contra a aus\u00eancia de di\u00e1logo do governo do Estado que, segundo as entidades sindicais, resiste em agendar uma reuni\u00e3o para negociar as perdas salariais de 53,3% acumuladas ao longo","og:url":"https:\/\/newsinfoco.com.br\/inicio\/servidores-estaduais-anunciam-protesto-no-2-de-julho-contra-a-ausencia-de-dialogo-do-governo-do-estado\/","article:published_time":"2023-06-15T23:16:25+00:00","article:modified_time":"2023-06-15T23:16:25+00:00","twitter:card":"summary_large_image","twitter:title":"Servidores estaduais anunciam protesto no 2 de Julho contra a \u201caus\u00eancia de di\u00e1logo\u201d do governo do Estado - News In Foco - Editado por Caio Pimenta","twitter:description":"Sindicatos que representam os servidores p\u00fablicos estaduais decidiram, durante reuni\u00e3o, que ir\u00e3o participar do tradicional cortejo do 2 de Julho com faixas e cartazes para protestar contra a aus\u00eancia de di\u00e1logo do governo do Estado que, segundo as entidades sindicais, resiste em agendar uma reuni\u00e3o para negociar as perdas salariais de 53,3% acumuladas ao longo"},"aioseo_meta_data":{"post_id":"34399","title":null,"description":null,"keywords":[],"keyphrases":{"focus":{"keyphrase":"","score":0,"analysis":{"keyphraseInTitle":{"score":0,"maxScore":9,"error":1}}},"additional":[]},"primary_term":null,"canonical_url":null,"og_title":null,"og_description":null,"og_object_type":"default","og_image_type":"default","og_image_url":null,"og_image_width":null,"og_image_height":null,"og_image_custom_url":null,"og_image_custom_fields":null,"og_video":"","og_custom_url":null,"og_article_section":null,"og_article_tags":[],"twitter_use_og":false,"twitter_card":"default","twitter_image_type":"default","twitter_image_url":null,"twitter_image_custom_url":null,"twitter_image_custom_fields":null,"twitter_title":null,"twitter_description":null,"schema":{"blockGraphs":[],"customGraphs":[],"default":{"data":{"Article":[],"Course":[],"Dataset":[],"FAQPage":[],"Movie":[],"Person":[],"Product":[],"ProductReview":[],"Car":[],"Recipe":[],"Service":[],"SoftwareApplication":[],"WebPage":[]},"graphName":"","isEnabled":true},"graphs":[]},"schema_type":"default","schema_type_options":null,"pillar_content":false,"robots_default":true,"robots_noindex":false,"robots_noarchive":false,"robots_nosnippet":false,"robots_nofollow":false,"robots_noimageindex":false,"robots_noodp":false,"robots_notranslate":false,"robots_max_snippet":"-1","robots_max_videopreview":"-1","robots_max_imagepreview":"large","priority":0,"frequency":"default","local_seo":null,"breadcrumb_settings":null,"limit_modified_date":false,"ai":null,"created":"2023-06-15 23:16:26","updated":"2025-07-11 09:56:00","seo_analyzer_scan_date":null},"aioseo_breadcrumb":"<div class=\"aioseo-breadcrumbs\"><span class=\"aioseo-breadcrumb\">\n\t\t\t<a href=\"https:\/\/newsinfoco.com.br\/inicio\" title=\"In\u00edcio\">In\u00edcio<\/a>\n\t\t<\/span><span class=\"aioseo-breadcrumb-separator\">&raquo;<\/span><span class=\"aioseo-breadcrumb\">\n\t\t\t<a href=\"https:\/\/newsinfoco.com.br\/inicio\/category\/bahia\/\" title=\"Bahia\">Bahia<\/a>\n\t\t<\/span><span class=\"aioseo-breadcrumb-separator\">&raquo;<\/span><span class=\"aioseo-breadcrumb\">\n\t\t\tServidores estaduais anunciam protesto no 2 de Julho contra a \u201caus\u00eancia de di\u00e1logo\u201d do governo do Estado\n\t\t<\/span><\/div>","aioseo_breadcrumb_json":[{"label":"In\u00edcio","link":"https:\/\/newsinfoco.com.br\/inicio"},{"label":"Bahia","link":"https:\/\/newsinfoco.com.br\/inicio\/category\/bahia\/"},{"label":"Servidores estaduais anunciam protesto no 2 de Julho contra a \u201caus\u00eancia de di\u00e1logo\u201d do governo do Estado","link":"https:\/\/newsinfoco.com.br\/inicio\/servidores-estaduais-anunciam-protesto-no-2-de-julho-contra-a-ausencia-de-dialogo-do-governo-do-estado\/"}],"_links":{"self":[{"href":"https:\/\/newsinfoco.com.br\/inicio\/wp-json\/wp\/v2\/posts\/34399","targetHints":{"allow":["GET"]}}],"collection":[{"href":"https:\/\/newsinfoco.com.br\/inicio\/wp-json\/wp\/v2\/posts"}],"about":[{"href":"https:\/\/newsinfoco.com.br\/inicio\/wp-json\/wp\/v2\/types\/post"}],"author":[{"embeddable":true,"href":"https:\/\/newsinfoco.com.br\/inicio\/wp-json\/wp\/v2\/users\/1"}],"replies":[{"embeddable":true,"href":"https:\/\/newsinfoco.com.br\/inicio\/wp-json\/wp\/v2\/comments?post=34399"}],"version-history":[{"count":1,"href":"https:\/\/newsinfoco.com.br\/inicio\/wp-json\/wp\/v2\/posts\/34399\/revisions"}],"predecessor-version":[{"id":34401,"href":"https:\/\/newsinfoco.com.br\/inicio\/wp-json\/wp\/v2\/posts\/34399\/revisions\/34401"}],"wp:featuredmedia":[{"embeddable":true,"href":"https:\/\/newsinfoco.com.br\/inicio\/wp-json\/wp\/v2\/media\/34400"}],"wp:attachment":[{"href":"https:\/\/newsinfoco.com.br\/inicio\/wp-json\/wp\/v2\/media?parent=34399"}],"wp:term":[{"taxonomy":"category","embeddable":true,"href":"https:\/\/newsinfoco.com.br\/inicio\/wp-json\/wp\/v2\/categories?post=34399"},{"taxonomy":"post_tag","embeddable":true,"href":"https:\/\/newsinfoco.com.br\/inicio\/wp-json\/wp\/v2\/tags?post=34399"}],"curies":[{"name":"wp","href":"https:\/\/api.w.org\/{rel}","templated":true}]}}