{"id":34414,"date":"2023-06-16T19:24:54","date_gmt":"2023-06-16T22:24:54","guid":{"rendered":"https:\/\/newsinfoco.com.br\/inicio\/?p=34414"},"modified":"2023-06-16T19:24:54","modified_gmt":"2023-06-16T22:24:54","slug":"audiencia-publica-discute-obesidade-infantil-e-adulta-na-camara-de-alagoinhas","status":"publish","type":"post","link":"https:\/\/newsinfoco.com.br\/inicio\/audiencia-publica-discute-obesidade-infantil-e-adulta-na-camara-de-alagoinhas\/","title":{"rendered":"Audi\u00eancia P\u00fablica discute obesidade infantil e adulta na C\u00e2mara de Alagoinhas"},"content":{"rendered":"<p>Em atendimento ao requerimento n\u00ba 019\/2023, de autoria do vereador Anderson Baqueiro, foi realizada no dia 14 de junho, na C\u00e2mara Municipal de Alagoinhas, audi\u00eancia que discutiu pol\u00edticas p\u00fablicas de combate \u00e0 obesidade infantil e adulta no munic\u00edpio.<\/p>\n<p>O presidente Cleto da Banana, ao abrir a audi\u00eancia, destacou: \u201cEsta Casa, mais uma vez, est\u00e1 na vanguarda do debate p\u00fablico e abre suas portas para a discuss\u00e3o s\u00e9ria e profunda de tema t\u00e3o relevante, que n\u00e3o pode ser secundarizado e muito menos ser objeto de qualquer tipo de preconceito\u201d.<\/p>\n<p>Compuseram a mesa, al\u00e9m do vereador Anderson Baqueiro, que conduziu a audi\u00eancia: Pedro Juli\u00e3o, fundador e presidente da ABRA\u00c7O (Associa\u00e7\u00e3o Brasileira de Combate \u00e0 Obesidade), Rafael Bastos, nutricionista da Policl\u00ednica Municipal de Alagoinhas (representando a secret\u00e1ria de Sa\u00fade, La\u00edna Passos), Paula Amorim, nutricionista e coordenadora de alimenta\u00e7\u00e3o escolar da Secretaria Municipal da Educa\u00e7\u00e3o (representando o secret\u00e1rio Gustavo Carmo), Jos\u00e9 Santana, presidente da Associa\u00e7\u00e3o dos Diab\u00e9ticos de Alagoinhas (Adia), Elis Rejane, nutricionista cl\u00ednica, professora e orientadora de est\u00e1gio nutri\u00e7\u00e3o do CETEP, e Renata Fortaleza, psic\u00f3loga. Pedro Juli\u00e3o, especialista em nutri\u00e7\u00e3o, fisiologia e metabologia do esporte pela USP, m\u00e9dico de fam\u00edlia e comunidade e emergencista do SAMU, discorreu sobre o tema \u201cobesidade \u00e9 doen\u00e7a cr\u00f4nica\u201d, palestra magna realizada na ocasi\u00e3o.<\/p>\n<p>O vereador Anderson Baqueiro ao final, ressaltou: \u201cEu propositadamente deixei para falar por \u00faltimo. A obesidade \u00e9 uma doen\u00e7a que atinge 20% da popula\u00e7\u00e3o. A OMS faz uma proje\u00e7\u00e3o de que at\u00e9 o ano de 2030 50% da popula\u00e7\u00e3o estar\u00e1 acima do peso, com sobrepeso ou obesa. Realmente \u00e9 uma estat\u00edstica que preocupa\u201d, complementando:<br \/>\n\u201cEstamos com um projeto de lei para ser lido criando a pol\u00edtica municipal de combate \u00e0 obesidade infantil e adulta em Alagoinhas, para que possamos primeiro firmar a pol\u00edtica como tema importante e central no debate e tamb\u00e9m no or\u00e7amento da Casa. Quando trazemos o debate ao parlamento precisamos firmar como pol\u00edtica p\u00fablica\u201d, ressaltou.<\/p>\n<p>Participaram institui\u00e7\u00f5es de ensino, entre elas a Faculdade Santo Ant\u00f4nio, Cetass, Faculdade Sant\u00edssimo e representa\u00e7\u00f5es da sociedade civil.<\/p>\n<p>Para assistir na \u00edntegra clique no link: https:\/\/www.youtube.com\/watch?v=go-A1-5DOUA<\/p>\n<p>Ascom \u2013 C\u00e2mara Municipal de Alagoinhas<br \/>\nFotos \u2013 Jh\u00f4 Paz<\/p>\n<div class='share-to-whatsapp-wrapper'><div class='share-on-whsp'>Share on: <\/div><a data-text='Audi\u00eancia P\u00fablica discute obesidade infantil e adulta na C\u00e2mara de Alagoinhas' data-link='https:\/\/newsinfoco.com.br\/inicio\/audiencia-publica-discute-obesidade-infantil-e-adulta-na-camara-de-alagoinhas\/' class='whatsapp-button whatsapp-share'>WhatsApp<\/a><div class='clear '><\/div><\/div>","protected":false},"excerpt":{"rendered":"<p>Em atendimento ao requerimento n\u00ba 019\/2023, de autoria do vereador Anderson Baqueiro, foi realizada no dia 14 de junho, na C\u00e2mara Municipal de Alagoinhas, audi\u00eancia que discutiu pol\u00edticas p\u00fablicas de combate \u00e0 obesidade infantil e adulta no munic\u00edpio. O presidente Cleto da Banana, ao abrir a audi\u00eancia, destacou: \u201cEsta Casa, mais uma vez, est\u00e1 na [&hellip;]<\/p>\n","protected":false},"author":1,"featured_media":34415,"comment_status":"closed","ping_status":"closed","sticky":false,"template":"","format":"standard","meta":{"om_disable_all_campaigns":false,"rop_custom_images_group":[],"rop_custom_messages_group":[],"rop_publish_now":"initial","rop_publish_now_accounts":[],"rop_publish_now_history":[],"rop_publish_now_status":"pending","_exactmetrics_skip_tracking":false,"footnotes":""},"categories":[38,167],"tags":[],"class_list":["post-34414","post","type-post","status-publish","format-standard","has-post-thumbnail","hentry","category-alagoinhas-e-regiao","category-exclusivas"],"aioseo_notices":[],"aioseo_head":"\n\t\t<!-- All in One SEO 4.9.10 - aioseo.com -->\n\t<meta name=\"description\" content=\"Em atendimento ao requerimento n\u00ba 019\/2023, de autoria do vereador Anderson Baqueiro, foi realizada no dia 14 de junho, na C\u00e2mara Municipal de Alagoinhas, audi\u00eancia que discutiu pol\u00edticas p\u00fablicas de combate \u00e0 obesidade infantil e adulta no munic\u00edpio. O presidente Cleto da Banana, ao abrir a audi\u00eancia, destacou: \u201cEsta Casa, mais uma vez, est\u00e1 na\" \/>\n\t<meta name=\"robots\" content=\"max-image-preview:large\" \/>\n\t<meta name=\"author\" content=\"administrador\"\/>\n\t<link rel=\"canonical\" href=\"https:\/\/newsinfoco.com.br\/inicio\/audiencia-publica-discute-obesidade-infantil-e-adulta-na-camara-de-alagoinhas\/\" \/>\n\t<meta name=\"generator\" content=\"All in One SEO (AIOSEO) 4.9.10\" \/>\n\t\t<meta property=\"og:locale\" content=\"pt_BR\" \/>\n\t\t<meta property=\"og:site_name\" content=\"News In Foco - Editado por Caio Pimenta - O principal site de noticias de Alagoinhas e regi\u00e3o\" \/>\n\t\t<meta property=\"og:type\" content=\"article\" \/>\n\t\t<meta property=\"og:title\" content=\"Audi\u00eancia P\u00fablica discute obesidade infantil e adulta na C\u00e2mara de Alagoinhas - News In Foco - Editado por Caio Pimenta\" \/>\n\t\t<meta property=\"og:description\" content=\"Em atendimento ao requerimento n\u00ba 019\/2023, de autoria do vereador Anderson Baqueiro, foi realizada no dia 14 de junho, na C\u00e2mara Municipal de Alagoinhas, audi\u00eancia que discutiu pol\u00edticas p\u00fablicas de combate \u00e0 obesidade infantil e adulta no munic\u00edpio. O presidente Cleto da Banana, ao abrir a audi\u00eancia, destacou: \u201cEsta Casa, mais uma vez, est\u00e1 na\" \/>\n\t\t<meta property=\"og:url\" content=\"https:\/\/newsinfoco.com.br\/inicio\/audiencia-publica-discute-obesidade-infantil-e-adulta-na-camara-de-alagoinhas\/\" \/>\n\t\t<meta property=\"article:published_time\" content=\"2023-06-16T22:24:54+00:00\" \/>\n\t\t<meta property=\"article:modified_time\" content=\"2023-06-16T22:24:54+00:00\" \/>\n\t\t<meta name=\"twitter:card\" content=\"summary_large_image\" \/>\n\t\t<meta name=\"twitter:title\" content=\"Audi\u00eancia P\u00fablica discute obesidade infantil e adulta na C\u00e2mara de Alagoinhas - News In Foco - Editado por Caio Pimenta\" \/>\n\t\t<meta name=\"twitter:description\" content=\"Em atendimento ao requerimento n\u00ba 019\/2023, de autoria do vereador Anderson Baqueiro, foi realizada no dia 14 de junho, na C\u00e2mara Municipal de Alagoinhas, audi\u00eancia que discutiu pol\u00edticas p\u00fablicas de combate \u00e0 obesidade infantil e adulta no munic\u00edpio. O presidente Cleto da Banana, ao abrir a audi\u00eancia, destacou: \u201cEsta Casa, mais uma vez, est\u00e1 na\" \/>\n\t\t<script type=\"application\/ld+json\" class=\"aioseo-schema\">\n\t\t\t{\"@context\":\"https:\\\/\\\/schema.org\",\"@graph\":[{\"@type\":\"BlogPosting\",\"@id\":\"https:\\\/\\\/newsinfoco.com.br\\\/inicio\\\/audiencia-publica-discute-obesidade-infantil-e-adulta-na-camara-de-alagoinhas\\\/#blogposting\",\"name\":\"Audi\\u00eancia P\\u00fablica discute obesidade infantil e adulta na C\\u00e2mara de Alagoinhas - News In Foco - Editado por Caio Pimenta\",\"headline\":\"Audi\\u00eancia P\\u00fablica discute obesidade infantil e adulta na C\\u00e2mara de Alagoinhas\",\"author\":{\"@id\":\"https:\\\/\\\/newsinfoco.com.br\\\/inicio\\\/author\\\/administrador\\\/#author\"},\"publisher\":{\"@id\":\"https:\\\/\\\/newsinfoco.com.br\\\/inicio\\\/#organization\"},\"image\":{\"@type\":\"ImageObject\",\"url\":\"https:\\\/\\\/newsinfoco.com.br\\\/inicio\\\/wp-content\\\/uploads\\\/2023\\\/06\\\/audiencia-publica-debate-obesidade-infantil-e-adulta-na-camara-de-alagoinhas.jpg\",\"width\":1500,\"height\":1000},\"datePublished\":\"2023-06-16T19:24:54-03:00\",\"dateModified\":\"2023-06-16T19:24:54-03:00\",\"inLanguage\":\"pt-BR\",\"mainEntityOfPage\":{\"@id\":\"https:\\\/\\\/newsinfoco.com.br\\\/inicio\\\/audiencia-publica-discute-obesidade-infantil-e-adulta-na-camara-de-alagoinhas\\\/#webpage\"},\"isPartOf\":{\"@id\":\"https:\\\/\\\/newsinfoco.com.br\\\/inicio\\\/audiencia-publica-discute-obesidade-infantil-e-adulta-na-camara-de-alagoinhas\\\/#webpage\"},\"articleSection\":\"Alagoinhas e Regi\\u00e3o, Manchete\"},{\"@type\":\"BreadcrumbList\",\"@id\":\"https:\\\/\\\/newsinfoco.com.br\\\/inicio\\\/audiencia-publica-discute-obesidade-infantil-e-adulta-na-camara-de-alagoinhas\\\/#breadcrumblist\",\"itemListElement\":[{\"@type\":\"ListItem\",\"@id\":\"https:\\\/\\\/newsinfoco.com.br\\\/inicio#listItem\",\"position\":1,\"name\":\"In\\u00edcio\",\"item\":\"https:\\\/\\\/newsinfoco.com.br\\\/inicio\",\"nextItem\":{\"@type\":\"ListItem\",\"@id\":\"https:\\\/\\\/newsinfoco.com.br\\\/inicio\\\/category\\\/alagoinhas-e-regiao\\\/#listItem\",\"name\":\"Alagoinhas e Regi\\u00e3o\"}},{\"@type\":\"ListItem\",\"@id\":\"https:\\\/\\\/newsinfoco.com.br\\\/inicio\\\/category\\\/alagoinhas-e-regiao\\\/#listItem\",\"position\":2,\"name\":\"Alagoinhas e Regi\\u00e3o\",\"item\":\"https:\\\/\\\/newsinfoco.com.br\\\/inicio\\\/category\\\/alagoinhas-e-regiao\\\/\",\"nextItem\":{\"@type\":\"ListItem\",\"@id\":\"https:\\\/\\\/newsinfoco.com.br\\\/inicio\\\/audiencia-publica-discute-obesidade-infantil-e-adulta-na-camara-de-alagoinhas\\\/#listItem\",\"name\":\"Audi\\u00eancia P\\u00fablica discute obesidade infantil e adulta na C\\u00e2mara de Alagoinhas\"},\"previousItem\":{\"@type\":\"ListItem\",\"@id\":\"https:\\\/\\\/newsinfoco.com.br\\\/inicio#listItem\",\"name\":\"In\\u00edcio\"}},{\"@type\":\"ListItem\",\"@id\":\"https:\\\/\\\/newsinfoco.com.br\\\/inicio\\\/audiencia-publica-discute-obesidade-infantil-e-adulta-na-camara-de-alagoinhas\\\/#listItem\",\"position\":3,\"name\":\"Audi\\u00eancia P\\u00fablica discute obesidade infantil e adulta na C\\u00e2mara de Alagoinhas\",\"previousItem\":{\"@type\":\"ListItem\",\"@id\":\"https:\\\/\\\/newsinfoco.com.br\\\/inicio\\\/category\\\/alagoinhas-e-regiao\\\/#listItem\",\"name\":\"Alagoinhas e Regi\\u00e3o\"}}]},{\"@type\":\"Organization\",\"@id\":\"https:\\\/\\\/newsinfoco.com.br\\\/inicio\\\/#organization\",\"name\":\"News In Foco - Editado por Caio Pimenta\",\"description\":\"O principal site de noticias de Alagoinhas e regi\\u00e3o\",\"url\":\"https:\\\/\\\/newsinfoco.com.br\\\/inicio\\\/\"},{\"@type\":\"Person\",\"@id\":\"https:\\\/\\\/newsinfoco.com.br\\\/inicio\\\/author\\\/administrador\\\/#author\",\"url\":\"https:\\\/\\\/newsinfoco.com.br\\\/inicio\\\/author\\\/administrador\\\/\",\"name\":\"administrador\",\"image\":{\"@type\":\"ImageObject\",\"@id\":\"https:\\\/\\\/newsinfoco.com.br\\\/inicio\\\/audiencia-publica-discute-obesidade-infantil-e-adulta-na-camara-de-alagoinhas\\\/#authorImage\",\"url\":\"https:\\\/\\\/secure.gravatar.com\\\/avatar\\\/c17a617433de8c1dc9584bb79aab7563b46f5bb7e1728c9b17d9cc3ce6a08e49?s=96&d=mm&r=g\",\"width\":96,\"height\":96,\"caption\":\"administrador\"}},{\"@type\":\"WebPage\",\"@id\":\"https:\\\/\\\/newsinfoco.com.br\\\/inicio\\\/audiencia-publica-discute-obesidade-infantil-e-adulta-na-camara-de-alagoinhas\\\/#webpage\",\"url\":\"https:\\\/\\\/newsinfoco.com.br\\\/inicio\\\/audiencia-publica-discute-obesidade-infantil-e-adulta-na-camara-de-alagoinhas\\\/\",\"name\":\"Audi\\u00eancia P\\u00fablica discute obesidade infantil e adulta na C\\u00e2mara de Alagoinhas - News In Foco - Editado por Caio Pimenta\",\"description\":\"Em atendimento ao requerimento n\\u00ba 019\\\/2023, de autoria do vereador Anderson Baqueiro, foi realizada no dia 14 de junho, na C\\u00e2mara Municipal de Alagoinhas, audi\\u00eancia que discutiu pol\\u00edticas p\\u00fablicas de combate \\u00e0 obesidade infantil e adulta no munic\\u00edpio. O presidente Cleto da Banana, ao abrir a audi\\u00eancia, destacou: \\u201cEsta Casa, mais uma vez, est\\u00e1 na\",\"inLanguage\":\"pt-BR\",\"isPartOf\":{\"@id\":\"https:\\\/\\\/newsinfoco.com.br\\\/inicio\\\/#website\"},\"breadcrumb\":{\"@id\":\"https:\\\/\\\/newsinfoco.com.br\\\/inicio\\\/audiencia-publica-discute-obesidade-infantil-e-adulta-na-camara-de-alagoinhas\\\/#breadcrumblist\"},\"author\":{\"@id\":\"https:\\\/\\\/newsinfoco.com.br\\\/inicio\\\/author\\\/administrador\\\/#author\"},\"creator\":{\"@id\":\"https:\\\/\\\/newsinfoco.com.br\\\/inicio\\\/author\\\/administrador\\\/#author\"},\"image\":{\"@type\":\"ImageObject\",\"url\":\"https:\\\/\\\/newsinfoco.com.br\\\/inicio\\\/wp-content\\\/uploads\\\/2023\\\/06\\\/audiencia-publica-debate-obesidade-infantil-e-adulta-na-camara-de-alagoinhas.jpg\",\"@id\":\"https:\\\/\\\/newsinfoco.com.br\\\/inicio\\\/audiencia-publica-discute-obesidade-infantil-e-adulta-na-camara-de-alagoinhas\\\/#mainImage\",\"width\":1500,\"height\":1000},\"primaryImageOfPage\":{\"@id\":\"https:\\\/\\\/newsinfoco.com.br\\\/inicio\\\/audiencia-publica-discute-obesidade-infantil-e-adulta-na-camara-de-alagoinhas\\\/#mainImage\"},\"datePublished\":\"2023-06-16T19:24:54-03:00\",\"dateModified\":\"2023-06-16T19:24:54-03:00\"},{\"@type\":\"WebSite\",\"@id\":\"https:\\\/\\\/newsinfoco.com.br\\\/inicio\\\/#website\",\"url\":\"https:\\\/\\\/newsinfoco.com.br\\\/inicio\\\/\",\"name\":\"News In Foco - Editado por Caio Pimenta\",\"description\":\"O principal site de noticias de Alagoinhas e regi\\u00e3o\",\"inLanguage\":\"pt-BR\",\"publisher\":{\"@id\":\"https:\\\/\\\/newsinfoco.com.br\\\/inicio\\\/#organization\"}}]}\n\t\t<\/script>\n\t\t<!-- All in One SEO -->\n\n","aioseo_head_json":{"title":"Audi\u00eancia P\u00fablica discute obesidade infantil e adulta na C\u00e2mara de Alagoinhas - News In Foco - Editado por Caio Pimenta","description":"Em atendimento ao requerimento n\u00ba 019\/2023, de autoria do vereador Anderson Baqueiro, foi realizada no dia 14 de junho, na C\u00e2mara Municipal de Alagoinhas, audi\u00eancia que discutiu pol\u00edticas p\u00fablicas de combate \u00e0 obesidade infantil e adulta no munic\u00edpio. O presidente Cleto da Banana, ao abrir a audi\u00eancia, destacou: \u201cEsta Casa, mais uma vez, est\u00e1 na","canonical_url":"https:\/\/newsinfoco.com.br\/inicio\/audiencia-publica-discute-obesidade-infantil-e-adulta-na-camara-de-alagoinhas\/","robots":"max-image-preview:large","keywords":"","webmasterTools":{"miscellaneous":""},"schema":{"@context":"https:\/\/schema.org","@graph":[{"@type":"BlogPosting","@id":"https:\/\/newsinfoco.com.br\/inicio\/audiencia-publica-discute-obesidade-infantil-e-adulta-na-camara-de-alagoinhas\/#blogposting","name":"Audi\u00eancia P\u00fablica discute obesidade infantil e adulta na C\u00e2mara de Alagoinhas - News In Foco - Editado por Caio Pimenta","headline":"Audi\u00eancia P\u00fablica discute obesidade infantil e adulta na C\u00e2mara de Alagoinhas","author":{"@id":"https:\/\/newsinfoco.com.br\/inicio\/author\/administrador\/#author"},"publisher":{"@id":"https:\/\/newsinfoco.com.br\/inicio\/#organization"},"image":{"@type":"ImageObject","url":"https:\/\/newsinfoco.com.br\/inicio\/wp-content\/uploads\/2023\/06\/audiencia-publica-debate-obesidade-infantil-e-adulta-na-camara-de-alagoinhas.jpg","width":1500,"height":1000},"datePublished":"2023-06-16T19:24:54-03:00","dateModified":"2023-06-16T19:24:54-03:00","inLanguage":"pt-BR","mainEntityOfPage":{"@id":"https:\/\/newsinfoco.com.br\/inicio\/audiencia-publica-discute-obesidade-infantil-e-adulta-na-camara-de-alagoinhas\/#webpage"},"isPartOf":{"@id":"https:\/\/newsinfoco.com.br\/inicio\/audiencia-publica-discute-obesidade-infantil-e-adulta-na-camara-de-alagoinhas\/#webpage"},"articleSection":"Alagoinhas e Regi\u00e3o, Manchete"},{"@type":"BreadcrumbList","@id":"https:\/\/newsinfoco.com.br\/inicio\/audiencia-publica-discute-obesidade-infantil-e-adulta-na-camara-de-alagoinhas\/#breadcrumblist","itemListElement":[{"@type":"ListItem","@id":"https:\/\/newsinfoco.com.br\/inicio#listItem","position":1,"name":"In\u00edcio","item":"https:\/\/newsinfoco.com.br\/inicio","nextItem":{"@type":"ListItem","@id":"https:\/\/newsinfoco.com.br\/inicio\/category\/alagoinhas-e-regiao\/#listItem","name":"Alagoinhas e Regi\u00e3o"}},{"@type":"ListItem","@id":"https:\/\/newsinfoco.com.br\/inicio\/category\/alagoinhas-e-regiao\/#listItem","position":2,"name":"Alagoinhas e Regi\u00e3o","item":"https:\/\/newsinfoco.com.br\/inicio\/category\/alagoinhas-e-regiao\/","nextItem":{"@type":"ListItem","@id":"https:\/\/newsinfoco.com.br\/inicio\/audiencia-publica-discute-obesidade-infantil-e-adulta-na-camara-de-alagoinhas\/#listItem","name":"Audi\u00eancia P\u00fablica discute obesidade infantil e adulta na C\u00e2mara de Alagoinhas"},"previousItem":{"@type":"ListItem","@id":"https:\/\/newsinfoco.com.br\/inicio#listItem","name":"In\u00edcio"}},{"@type":"ListItem","@id":"https:\/\/newsinfoco.com.br\/inicio\/audiencia-publica-discute-obesidade-infantil-e-adulta-na-camara-de-alagoinhas\/#listItem","position":3,"name":"Audi\u00eancia P\u00fablica discute obesidade infantil e adulta na C\u00e2mara de Alagoinhas","previousItem":{"@type":"ListItem","@id":"https:\/\/newsinfoco.com.br\/inicio\/category\/alagoinhas-e-regiao\/#listItem","name":"Alagoinhas e Regi\u00e3o"}}]},{"@type":"Organization","@id":"https:\/\/newsinfoco.com.br\/inicio\/#organization","name":"News In Foco - Editado por Caio Pimenta","description":"O principal site de noticias de Alagoinhas e regi\u00e3o","url":"https:\/\/newsinfoco.com.br\/inicio\/"},{"@type":"Person","@id":"https:\/\/newsinfoco.com.br\/inicio\/author\/administrador\/#author","url":"https:\/\/newsinfoco.com.br\/inicio\/author\/administrador\/","name":"administrador","image":{"@type":"ImageObject","@id":"https:\/\/newsinfoco.com.br\/inicio\/audiencia-publica-discute-obesidade-infantil-e-adulta-na-camara-de-alagoinhas\/#authorImage","url":"https:\/\/secure.gravatar.com\/avatar\/c17a617433de8c1dc9584bb79aab7563b46f5bb7e1728c9b17d9cc3ce6a08e49?s=96&d=mm&r=g","width":96,"height":96,"caption":"administrador"}},{"@type":"WebPage","@id":"https:\/\/newsinfoco.com.br\/inicio\/audiencia-publica-discute-obesidade-infantil-e-adulta-na-camara-de-alagoinhas\/#webpage","url":"https:\/\/newsinfoco.com.br\/inicio\/audiencia-publica-discute-obesidade-infantil-e-adulta-na-camara-de-alagoinhas\/","name":"Audi\u00eancia P\u00fablica discute obesidade infantil e adulta na C\u00e2mara de Alagoinhas - News In Foco - Editado por Caio Pimenta","description":"Em atendimento ao requerimento n\u00ba 019\/2023, de autoria do vereador Anderson Baqueiro, foi realizada no dia 14 de junho, na C\u00e2mara Municipal de Alagoinhas, audi\u00eancia que discutiu pol\u00edticas p\u00fablicas de combate \u00e0 obesidade infantil e adulta no munic\u00edpio. O presidente Cleto da Banana, ao abrir a audi\u00eancia, destacou: \u201cEsta Casa, mais uma vez, est\u00e1 na","inLanguage":"pt-BR","isPartOf":{"@id":"https:\/\/newsinfoco.com.br\/inicio\/#website"},"breadcrumb":{"@id":"https:\/\/newsinfoco.com.br\/inicio\/audiencia-publica-discute-obesidade-infantil-e-adulta-na-camara-de-alagoinhas\/#breadcrumblist"},"author":{"@id":"https:\/\/newsinfoco.com.br\/inicio\/author\/administrador\/#author"},"creator":{"@id":"https:\/\/newsinfoco.com.br\/inicio\/author\/administrador\/#author"},"image":{"@type":"ImageObject","url":"https:\/\/newsinfoco.com.br\/inicio\/wp-content\/uploads\/2023\/06\/audiencia-publica-debate-obesidade-infantil-e-adulta-na-camara-de-alagoinhas.jpg","@id":"https:\/\/newsinfoco.com.br\/inicio\/audiencia-publica-discute-obesidade-infantil-e-adulta-na-camara-de-alagoinhas\/#mainImage","width":1500,"height":1000},"primaryImageOfPage":{"@id":"https:\/\/newsinfoco.com.br\/inicio\/audiencia-publica-discute-obesidade-infantil-e-adulta-na-camara-de-alagoinhas\/#mainImage"},"datePublished":"2023-06-16T19:24:54-03:00","dateModified":"2023-06-16T19:24:54-03:00"},{"@type":"WebSite","@id":"https:\/\/newsinfoco.com.br\/inicio\/#website","url":"https:\/\/newsinfoco.com.br\/inicio\/","name":"News In Foco - Editado por Caio Pimenta","description":"O principal site de noticias de Alagoinhas e regi\u00e3o","inLanguage":"pt-BR","publisher":{"@id":"https:\/\/newsinfoco.com.br\/inicio\/#organization"}}]},"og:locale":"pt_BR","og:site_name":"News In Foco - Editado por Caio Pimenta - O principal site de noticias de Alagoinhas e regi\u00e3o","og:type":"article","og:title":"Audi\u00eancia P\u00fablica discute obesidade infantil e adulta na C\u00e2mara de Alagoinhas - News In Foco - Editado por Caio Pimenta","og:description":"Em atendimento ao requerimento n\u00ba 019\/2023, de autoria do vereador Anderson Baqueiro, foi realizada no dia 14 de junho, na C\u00e2mara Municipal de Alagoinhas, audi\u00eancia que discutiu pol\u00edticas p\u00fablicas de combate \u00e0 obesidade infantil e adulta no munic\u00edpio. O presidente Cleto da Banana, ao abrir a audi\u00eancia, destacou: \u201cEsta Casa, mais uma vez, est\u00e1 na","og:url":"https:\/\/newsinfoco.com.br\/inicio\/audiencia-publica-discute-obesidade-infantil-e-adulta-na-camara-de-alagoinhas\/","article:published_time":"2023-06-16T22:24:54+00:00","article:modified_time":"2023-06-16T22:24:54+00:00","twitter:card":"summary_large_image","twitter:title":"Audi\u00eancia P\u00fablica discute obesidade infantil e adulta na C\u00e2mara de Alagoinhas - News In Foco - Editado por Caio Pimenta","twitter:description":"Em atendimento ao requerimento n\u00ba 019\/2023, de autoria do vereador Anderson Baqueiro, foi realizada no dia 14 de junho, na C\u00e2mara Municipal de Alagoinhas, audi\u00eancia que discutiu pol\u00edticas p\u00fablicas de combate \u00e0 obesidade infantil e adulta no munic\u00edpio. O presidente Cleto da Banana, ao abrir a audi\u00eancia, destacou: \u201cEsta Casa, mais uma vez, est\u00e1 na"},"aioseo_meta_data":{"post_id":"34414","title":null,"description":null,"keywords":[],"keyphrases":{"focus":{"keyphrase":"","score":0,"analysis":{"keyphraseInTitle":{"score":0,"maxScore":9,"error":1}}},"additional":[]},"primary_term":null,"canonical_url":null,"og_title":null,"og_description":null,"og_object_type":"default","og_image_type":"default","og_image_url":null,"og_image_width":null,"og_image_height":null,"og_image_custom_url":null,"og_image_custom_fields":null,"og_video":"","og_custom_url":null,"og_article_section":null,"og_article_tags":[],"twitter_use_og":false,"twitter_card":"default","twitter_image_type":"default","twitter_image_url":null,"twitter_image_custom_url":null,"twitter_image_custom_fields":null,"twitter_title":null,"twitter_description":null,"schema":{"blockGraphs":[],"customGraphs":[],"default":{"data":{"Article":[],"Course":[],"Dataset":[],"FAQPage":[],"Movie":[],"Person":[],"Product":[],"ProductReview":[],"Car":[],"Recipe":[],"Service":[],"SoftwareApplication":[],"WebPage":[]},"graphName":"","isEnabled":true},"graphs":[]},"schema_type":"default","schema_type_options":null,"pillar_content":false,"robots_default":true,"robots_noindex":false,"robots_noarchive":false,"robots_nosnippet":false,"robots_nofollow":false,"robots_noimageindex":false,"robots_noodp":false,"robots_notranslate":false,"robots_max_snippet":"-1","robots_max_videopreview":"-1","robots_max_imagepreview":"large","priority":0,"frequency":"default","local_seo":null,"breadcrumb_settings":null,"limit_modified_date":false,"ai":null,"created":"2023-06-16 22:24:54","updated":"2025-07-11 09:56:00","seo_analyzer_scan_date":null},"aioseo_breadcrumb":"<div class=\"aioseo-breadcrumbs\"><span class=\"aioseo-breadcrumb\">\n\t\t\t<a href=\"https:\/\/newsinfoco.com.br\/inicio\" title=\"In\u00edcio\">In\u00edcio<\/a>\n\t\t<\/span><span class=\"aioseo-breadcrumb-separator\">&raquo;<\/span><span class=\"aioseo-breadcrumb\">\n\t\t\t<a href=\"https:\/\/newsinfoco.com.br\/inicio\/category\/alagoinhas-e-regiao\/\" title=\"Alagoinhas e Regi\u00e3o\">Alagoinhas e Regi\u00e3o<\/a>\n\t\t<\/span><span class=\"aioseo-breadcrumb-separator\">&raquo;<\/span><span class=\"aioseo-breadcrumb\">\n\t\t\tAudi\u00eancia P\u00fablica discute obesidade infantil e adulta na C\u00e2mara de Alagoinhas\n\t\t<\/span><\/div>","aioseo_breadcrumb_json":[{"label":"In\u00edcio","link":"https:\/\/newsinfoco.com.br\/inicio"},{"label":"Alagoinhas e Regi\u00e3o","link":"https:\/\/newsinfoco.com.br\/inicio\/category\/alagoinhas-e-regiao\/"},{"label":"Audi\u00eancia P\u00fablica discute obesidade infantil e adulta na C\u00e2mara de Alagoinhas","link":"https:\/\/newsinfoco.com.br\/inicio\/audiencia-publica-discute-obesidade-infantil-e-adulta-na-camara-de-alagoinhas\/"}],"_links":{"self":[{"href":"https:\/\/newsinfoco.com.br\/inicio\/wp-json\/wp\/v2\/posts\/34414","targetHints":{"allow":["GET"]}}],"collection":[{"href":"https:\/\/newsinfoco.com.br\/inicio\/wp-json\/wp\/v2\/posts"}],"about":[{"href":"https:\/\/newsinfoco.com.br\/inicio\/wp-json\/wp\/v2\/types\/post"}],"author":[{"embeddable":true,"href":"https:\/\/newsinfoco.com.br\/inicio\/wp-json\/wp\/v2\/users\/1"}],"replies":[{"embeddable":true,"href":"https:\/\/newsinfoco.com.br\/inicio\/wp-json\/wp\/v2\/comments?post=34414"}],"version-history":[{"count":1,"href":"https:\/\/newsinfoco.com.br\/inicio\/wp-json\/wp\/v2\/posts\/34414\/revisions"}],"predecessor-version":[{"id":34416,"href":"https:\/\/newsinfoco.com.br\/inicio\/wp-json\/wp\/v2\/posts\/34414\/revisions\/34416"}],"wp:featuredmedia":[{"embeddable":true,"href":"https:\/\/newsinfoco.com.br\/inicio\/wp-json\/wp\/v2\/media\/34415"}],"wp:attachment":[{"href":"https:\/\/newsinfoco.com.br\/inicio\/wp-json\/wp\/v2\/media?parent=34414"}],"wp:term":[{"taxonomy":"category","embeddable":true,"href":"https:\/\/newsinfoco.com.br\/inicio\/wp-json\/wp\/v2\/categories?post=34414"},{"taxonomy":"post_tag","embeddable":true,"href":"https:\/\/newsinfoco.com.br\/inicio\/wp-json\/wp\/v2\/tags?post=34414"}],"curies":[{"name":"wp","href":"https:\/\/api.w.org\/{rel}","templated":true}]}}