{"id":34423,"date":"2023-06-21T17:41:40","date_gmt":"2023-06-21T20:41:40","guid":{"rendered":"https:\/\/newsinfoco.com.br\/inicio\/?p=34423"},"modified":"2023-06-21T17:41:40","modified_gmt":"2023-06-21T20:41:40","slug":"deputados-estaduais-da-bahia-antecipam-recesso-e-terao-40-dias-de-ferias-no-meio-do-ano","status":"publish","type":"post","link":"https:\/\/newsinfoco.com.br\/inicio\/deputados-estaduais-da-bahia-antecipam-recesso-e-terao-40-dias-de-ferias-no-meio-do-ano\/","title":{"rendered":"Deputados estaduais da Bahia antecipam recesso e ter\u00e3o 40 dias de f\u00e9rias no meio do ano"},"content":{"rendered":"<p>Com a vota\u00e7\u00e3o, em segundo turno, da Lei de Diretrizes Or\u00e7ament\u00e1rias (LDO), nesta ter\u00e7a-feira (20), os deputados estaduais anteciparam em dez dias o recesso de meio de ano da Assembleia Legislativa, que come\u00e7a oficialmente apenas em 1 \u00ba de julho. Os parlamentares s\u00f3 retornam ao trabalho em 1\u00ba de agosto, ou seja, as f\u00e9rias antecipadas ser\u00e3o de 40 dias, come\u00e7ando antes mesmo do S\u00e3o Jo\u00e3o.<\/p>\n<p>O presidente da Assembleia, Adolfo Menezes (PSD), e os l\u00edderes do governo, Rosemberg Pinto (PT), e da oposi\u00e7\u00e3o Alan Sanches (Uni\u00e3o), confirmaram que as vota\u00e7\u00f5es s\u00f3 ser\u00e3o retomadas em agosto. Se houver sess\u00e3o na semana que vem ser\u00e1 por mera formalidade.<\/p>\n<p>Al\u00e9m da LDO, os deputados votaram ainda tr\u00eas projetos enviados pelo governador Jer\u00f4nimo Rodrigues (PT) ontem, todos aprovados por unanimidade. O primeiro ratifica o protocolo de inten\u00e7\u00f5es para a cria\u00e7\u00e3o do Cons\u00f3rcio Interestadual sobre o Clima \u2013 Cons\u00f3rcio Brasil Verde, uma autarquia interestadual que vai se dedicar \u00e0s quest\u00f5es ambientais.<\/p>\n<p>O segundo remaneja a quantidade de cargos em cada classe das carreiras de auditor fiscal e de agente de tributos, \u201creiterando o compromisso do governo em manter o funcionalismo p\u00fablico din\u00e2mico e efetivo, bem como proporcionando a valoriza\u00e7\u00e3o dos servidores\u201d.<\/p>\n<p>Por \u00faltimo, os parlamentares aprovaram a amplia\u00e7\u00e3o do Conselho Estadual de Seguran\u00e7a P\u00fablica e Defesa Social (Conesp). Segundo o governo, o objetivo da proposta \u00e9 ajustar a composi\u00e7\u00e3o do conselho com as exig\u00eancias da Lei Federal 13.675, de 11 de junho de 2018. A medida amplia a composi\u00e7\u00e3o do conselho e \u00e9 necess\u00e1ria para que o Estado possa receber os recursos do Fundo de Seguran\u00e7a P\u00fablica Nacional.<\/p>\n<p>Havia ainda projetos parlamentares de reconhecimento de utilidade p\u00fablica, de lei e de resolu\u00e7\u00e3o, envolvendo a entrega de t\u00edtulos de cidadania e medalhas. Por\u00e9m, n\u00e3o houve acordo de vota\u00e7\u00e3o e Adolfo Menezes informou que essa pauta ficou para o segundo semestre.<\/p>\n<p>Vale lembrar que os deputados t\u00eam direito ainda ao recesso de final de ano, enquanto o trabalhador comum costuma gozar de no m\u00e1ximo 30 dias de f\u00e9rias. Al\u00e9m do trabalho em plen\u00e1rio, os parlamentares tamb\u00e9m atendem pessoas nos gabinetes e costumam atender as bases em Salvador e em viagens ao interior.<\/p>\n<p>&nbsp;<\/p>\n<p><span class=\"assinatura_exclusiva\">Pol\u00edtica Livre<\/span><\/p>\n<div class='share-to-whatsapp-wrapper'><div class='share-on-whsp'>Share on: <\/div><a data-text='Deputados estaduais da Bahia antecipam recesso e ter\u00e3o 40 dias de f\u00e9rias no meio do ano' data-link='https:\/\/newsinfoco.com.br\/inicio\/deputados-estaduais-da-bahia-antecipam-recesso-e-terao-40-dias-de-ferias-no-meio-do-ano\/' class='whatsapp-button whatsapp-share'>WhatsApp<\/a><div class='clear '><\/div><\/div>","protected":false},"excerpt":{"rendered":"<p>Com a vota\u00e7\u00e3o, em segundo turno, da Lei de Diretrizes Or\u00e7ament\u00e1rias (LDO), nesta ter\u00e7a-feira (20), os deputados estaduais anteciparam em dez dias o recesso de meio de ano da Assembleia Legislativa, que come\u00e7a oficialmente apenas em 1 \u00ba de julho. Os parlamentares s\u00f3 retornam ao trabalho em 1\u00ba de agosto, ou seja, as f\u00e9rias antecipadas [&hellip;]<\/p>\n","protected":false},"author":1,"featured_media":13101,"comment_status":"closed","ping_status":"closed","sticky":false,"template":"","format":"standard","meta":{"om_disable_all_campaigns":false,"rop_custom_images_group":[],"rop_custom_messages_group":[],"rop_publish_now":"initial","rop_publish_now_accounts":[],"rop_publish_now_history":[],"rop_publish_now_status":"pending","_exactmetrics_skip_tracking":false,"footnotes":""},"categories":[19],"tags":[],"class_list":["post-34423","post","type-post","status-publish","format-standard","has-post-thumbnail","hentry","category-bahia"],"aioseo_notices":[],"aioseo_head":"\n\t\t<!-- All in One SEO 4.9.10 - aioseo.com -->\n\t<meta name=\"description\" content=\"Com a vota\u00e7\u00e3o, em segundo turno, da Lei de Diretrizes Or\u00e7ament\u00e1rias (LDO), nesta ter\u00e7a-feira (20), os deputados estaduais anteciparam em dez dias o recesso de meio de ano da Assembleia Legislativa, que come\u00e7a oficialmente apenas em 1 \u00ba de julho. Os parlamentares s\u00f3 retornam ao trabalho em 1\u00ba de agosto, ou seja, as f\u00e9rias antecipadas\" \/>\n\t<meta name=\"robots\" content=\"max-image-preview:large\" \/>\n\t<meta name=\"author\" content=\"administrador\"\/>\n\t<link rel=\"canonical\" href=\"https:\/\/newsinfoco.com.br\/inicio\/deputados-estaduais-da-bahia-antecipam-recesso-e-terao-40-dias-de-ferias-no-meio-do-ano\/\" \/>\n\t<meta name=\"generator\" content=\"All in One SEO (AIOSEO) 4.9.10\" \/>\n\t\t<meta property=\"og:locale\" content=\"pt_BR\" \/>\n\t\t<meta property=\"og:site_name\" content=\"News In Foco - Editado por Caio Pimenta - O principal site de noticias de Alagoinhas e regi\u00e3o\" \/>\n\t\t<meta property=\"og:type\" content=\"article\" \/>\n\t\t<meta property=\"og:title\" content=\"Deputados estaduais da Bahia antecipam recesso e ter\u00e3o 40 dias de f\u00e9rias no meio do ano - News In Foco - Editado por Caio Pimenta\" \/>\n\t\t<meta property=\"og:description\" content=\"Com a vota\u00e7\u00e3o, em segundo turno, da Lei de Diretrizes Or\u00e7ament\u00e1rias (LDO), nesta ter\u00e7a-feira (20), os deputados estaduais anteciparam em dez dias o recesso de meio de ano da Assembleia Legislativa, que come\u00e7a oficialmente apenas em 1 \u00ba de julho. Os parlamentares s\u00f3 retornam ao trabalho em 1\u00ba de agosto, ou seja, as f\u00e9rias antecipadas\" \/>\n\t\t<meta property=\"og:url\" content=\"https:\/\/newsinfoco.com.br\/inicio\/deputados-estaduais-da-bahia-antecipam-recesso-e-terao-40-dias-de-ferias-no-meio-do-ano\/\" \/>\n\t\t<meta property=\"article:published_time\" content=\"2023-06-21T20:41:40+00:00\" \/>\n\t\t<meta property=\"article:modified_time\" content=\"2023-06-21T20:41:40+00:00\" \/>\n\t\t<meta name=\"twitter:card\" content=\"summary_large_image\" \/>\n\t\t<meta name=\"twitter:title\" content=\"Deputados estaduais da Bahia antecipam recesso e ter\u00e3o 40 dias de f\u00e9rias no meio do ano - News In Foco - Editado por Caio Pimenta\" \/>\n\t\t<meta name=\"twitter:description\" content=\"Com a vota\u00e7\u00e3o, em segundo turno, da Lei de Diretrizes Or\u00e7ament\u00e1rias (LDO), nesta ter\u00e7a-feira (20), os deputados estaduais anteciparam em dez dias o recesso de meio de ano da Assembleia Legislativa, que come\u00e7a oficialmente apenas em 1 \u00ba de julho. Os parlamentares s\u00f3 retornam ao trabalho em 1\u00ba de agosto, ou seja, as f\u00e9rias antecipadas\" \/>\n\t\t<script type=\"application\/ld+json\" class=\"aioseo-schema\">\n\t\t\t{\"@context\":\"https:\\\/\\\/schema.org\",\"@graph\":[{\"@type\":\"BlogPosting\",\"@id\":\"https:\\\/\\\/newsinfoco.com.br\\\/inicio\\\/deputados-estaduais-da-bahia-antecipam-recesso-e-terao-40-dias-de-ferias-no-meio-do-ano\\\/#blogposting\",\"name\":\"Deputados estaduais da Bahia antecipam recesso e ter\\u00e3o 40 dias de f\\u00e9rias no meio do ano - News In Foco - Editado por Caio Pimenta\",\"headline\":\"Deputados estaduais da Bahia antecipam recesso e ter\\u00e3o 40 dias de f\\u00e9rias no meio do ano\",\"author\":{\"@id\":\"https:\\\/\\\/newsinfoco.com.br\\\/inicio\\\/author\\\/administrador\\\/#author\"},\"publisher\":{\"@id\":\"https:\\\/\\\/newsinfoco.com.br\\\/inicio\\\/#organization\"},\"image\":{\"@type\":\"ImageObject\",\"url\":\"https:\\\/\\\/newsinfoco.com.br\\\/inicio\\\/wp-content\\\/uploads\\\/2019\\\/02\\\/rosemberg-pinto-foto-matheus-morais-bahiaba.jpg\",\"width\":600,\"height\":420,\"caption\":\"Rosemberg Pinto\"},\"datePublished\":\"2023-06-21T17:41:40-03:00\",\"dateModified\":\"2023-06-21T17:41:40-03:00\",\"inLanguage\":\"pt-BR\",\"mainEntityOfPage\":{\"@id\":\"https:\\\/\\\/newsinfoco.com.br\\\/inicio\\\/deputados-estaduais-da-bahia-antecipam-recesso-e-terao-40-dias-de-ferias-no-meio-do-ano\\\/#webpage\"},\"isPartOf\":{\"@id\":\"https:\\\/\\\/newsinfoco.com.br\\\/inicio\\\/deputados-estaduais-da-bahia-antecipam-recesso-e-terao-40-dias-de-ferias-no-meio-do-ano\\\/#webpage\"},\"articleSection\":\"Bahia\"},{\"@type\":\"BreadcrumbList\",\"@id\":\"https:\\\/\\\/newsinfoco.com.br\\\/inicio\\\/deputados-estaduais-da-bahia-antecipam-recesso-e-terao-40-dias-de-ferias-no-meio-do-ano\\\/#breadcrumblist\",\"itemListElement\":[{\"@type\":\"ListItem\",\"@id\":\"https:\\\/\\\/newsinfoco.com.br\\\/inicio#listItem\",\"position\":1,\"name\":\"In\\u00edcio\",\"item\":\"https:\\\/\\\/newsinfoco.com.br\\\/inicio\",\"nextItem\":{\"@type\":\"ListItem\",\"@id\":\"https:\\\/\\\/newsinfoco.com.br\\\/inicio\\\/category\\\/bahia\\\/#listItem\",\"name\":\"Bahia\"}},{\"@type\":\"ListItem\",\"@id\":\"https:\\\/\\\/newsinfoco.com.br\\\/inicio\\\/category\\\/bahia\\\/#listItem\",\"position\":2,\"name\":\"Bahia\",\"item\":\"https:\\\/\\\/newsinfoco.com.br\\\/inicio\\\/category\\\/bahia\\\/\",\"nextItem\":{\"@type\":\"ListItem\",\"@id\":\"https:\\\/\\\/newsinfoco.com.br\\\/inicio\\\/deputados-estaduais-da-bahia-antecipam-recesso-e-terao-40-dias-de-ferias-no-meio-do-ano\\\/#listItem\",\"name\":\"Deputados estaduais da Bahia antecipam recesso e ter\\u00e3o 40 dias de f\\u00e9rias no meio do ano\"},\"previousItem\":{\"@type\":\"ListItem\",\"@id\":\"https:\\\/\\\/newsinfoco.com.br\\\/inicio#listItem\",\"name\":\"In\\u00edcio\"}},{\"@type\":\"ListItem\",\"@id\":\"https:\\\/\\\/newsinfoco.com.br\\\/inicio\\\/deputados-estaduais-da-bahia-antecipam-recesso-e-terao-40-dias-de-ferias-no-meio-do-ano\\\/#listItem\",\"position\":3,\"name\":\"Deputados estaduais da Bahia antecipam recesso e ter\\u00e3o 40 dias de f\\u00e9rias no meio do ano\",\"previousItem\":{\"@type\":\"ListItem\",\"@id\":\"https:\\\/\\\/newsinfoco.com.br\\\/inicio\\\/category\\\/bahia\\\/#listItem\",\"name\":\"Bahia\"}}]},{\"@type\":\"Organization\",\"@id\":\"https:\\\/\\\/newsinfoco.com.br\\\/inicio\\\/#organization\",\"name\":\"News In Foco - Editado por Caio Pimenta\",\"description\":\"O principal site de noticias de Alagoinhas e regi\\u00e3o\",\"url\":\"https:\\\/\\\/newsinfoco.com.br\\\/inicio\\\/\"},{\"@type\":\"Person\",\"@id\":\"https:\\\/\\\/newsinfoco.com.br\\\/inicio\\\/author\\\/administrador\\\/#author\",\"url\":\"https:\\\/\\\/newsinfoco.com.br\\\/inicio\\\/author\\\/administrador\\\/\",\"name\":\"administrador\",\"image\":{\"@type\":\"ImageObject\",\"@id\":\"https:\\\/\\\/newsinfoco.com.br\\\/inicio\\\/deputados-estaduais-da-bahia-antecipam-recesso-e-terao-40-dias-de-ferias-no-meio-do-ano\\\/#authorImage\",\"url\":\"https:\\\/\\\/secure.gravatar.com\\\/avatar\\\/c17a617433de8c1dc9584bb79aab7563b46f5bb7e1728c9b17d9cc3ce6a08e49?s=96&d=mm&r=g\",\"width\":96,\"height\":96,\"caption\":\"administrador\"}},{\"@type\":\"WebPage\",\"@id\":\"https:\\\/\\\/newsinfoco.com.br\\\/inicio\\\/deputados-estaduais-da-bahia-antecipam-recesso-e-terao-40-dias-de-ferias-no-meio-do-ano\\\/#webpage\",\"url\":\"https:\\\/\\\/newsinfoco.com.br\\\/inicio\\\/deputados-estaduais-da-bahia-antecipam-recesso-e-terao-40-dias-de-ferias-no-meio-do-ano\\\/\",\"name\":\"Deputados estaduais da Bahia antecipam recesso e ter\\u00e3o 40 dias de f\\u00e9rias no meio do ano - News In Foco - Editado por Caio Pimenta\",\"description\":\"Com a vota\\u00e7\\u00e3o, em segundo turno, da Lei de Diretrizes Or\\u00e7ament\\u00e1rias (LDO), nesta ter\\u00e7a-feira (20), os deputados estaduais anteciparam em dez dias o recesso de meio de ano da Assembleia Legislativa, que come\\u00e7a oficialmente apenas em 1 \\u00ba de julho. Os parlamentares s\\u00f3 retornam ao trabalho em 1\\u00ba de agosto, ou seja, as f\\u00e9rias antecipadas\",\"inLanguage\":\"pt-BR\",\"isPartOf\":{\"@id\":\"https:\\\/\\\/newsinfoco.com.br\\\/inicio\\\/#website\"},\"breadcrumb\":{\"@id\":\"https:\\\/\\\/newsinfoco.com.br\\\/inicio\\\/deputados-estaduais-da-bahia-antecipam-recesso-e-terao-40-dias-de-ferias-no-meio-do-ano\\\/#breadcrumblist\"},\"author\":{\"@id\":\"https:\\\/\\\/newsinfoco.com.br\\\/inicio\\\/author\\\/administrador\\\/#author\"},\"creator\":{\"@id\":\"https:\\\/\\\/newsinfoco.com.br\\\/inicio\\\/author\\\/administrador\\\/#author\"},\"image\":{\"@type\":\"ImageObject\",\"url\":\"https:\\\/\\\/newsinfoco.com.br\\\/inicio\\\/wp-content\\\/uploads\\\/2019\\\/02\\\/rosemberg-pinto-foto-matheus-morais-bahiaba.jpg\",\"@id\":\"https:\\\/\\\/newsinfoco.com.br\\\/inicio\\\/deputados-estaduais-da-bahia-antecipam-recesso-e-terao-40-dias-de-ferias-no-meio-do-ano\\\/#mainImage\",\"width\":600,\"height\":420,\"caption\":\"Rosemberg Pinto\"},\"primaryImageOfPage\":{\"@id\":\"https:\\\/\\\/newsinfoco.com.br\\\/inicio\\\/deputados-estaduais-da-bahia-antecipam-recesso-e-terao-40-dias-de-ferias-no-meio-do-ano\\\/#mainImage\"},\"datePublished\":\"2023-06-21T17:41:40-03:00\",\"dateModified\":\"2023-06-21T17:41:40-03:00\"},{\"@type\":\"WebSite\",\"@id\":\"https:\\\/\\\/newsinfoco.com.br\\\/inicio\\\/#website\",\"url\":\"https:\\\/\\\/newsinfoco.com.br\\\/inicio\\\/\",\"name\":\"News In Foco - Editado por Caio Pimenta\",\"description\":\"O principal site de noticias de Alagoinhas e regi\\u00e3o\",\"inLanguage\":\"pt-BR\",\"publisher\":{\"@id\":\"https:\\\/\\\/newsinfoco.com.br\\\/inicio\\\/#organization\"}}]}\n\t\t<\/script>\n\t\t<!-- All in One SEO -->\n\n","aioseo_head_json":{"title":"Deputados estaduais da Bahia antecipam recesso e ter\u00e3o 40 dias de f\u00e9rias no meio do ano - News In Foco - Editado por Caio Pimenta","description":"Com a vota\u00e7\u00e3o, em segundo turno, da Lei de Diretrizes Or\u00e7ament\u00e1rias (LDO), nesta ter\u00e7a-feira (20), os deputados estaduais anteciparam em dez dias o recesso de meio de ano da Assembleia Legislativa, que come\u00e7a oficialmente apenas em 1 \u00ba de julho. Os parlamentares s\u00f3 retornam ao trabalho em 1\u00ba de agosto, ou seja, as f\u00e9rias antecipadas","canonical_url":"https:\/\/newsinfoco.com.br\/inicio\/deputados-estaduais-da-bahia-antecipam-recesso-e-terao-40-dias-de-ferias-no-meio-do-ano\/","robots":"max-image-preview:large","keywords":"","webmasterTools":{"miscellaneous":""},"schema":{"@context":"https:\/\/schema.org","@graph":[{"@type":"BlogPosting","@id":"https:\/\/newsinfoco.com.br\/inicio\/deputados-estaduais-da-bahia-antecipam-recesso-e-terao-40-dias-de-ferias-no-meio-do-ano\/#blogposting","name":"Deputados estaduais da Bahia antecipam recesso e ter\u00e3o 40 dias de f\u00e9rias no meio do ano - News In Foco - Editado por Caio Pimenta","headline":"Deputados estaduais da Bahia antecipam recesso e ter\u00e3o 40 dias de f\u00e9rias no meio do ano","author":{"@id":"https:\/\/newsinfoco.com.br\/inicio\/author\/administrador\/#author"},"publisher":{"@id":"https:\/\/newsinfoco.com.br\/inicio\/#organization"},"image":{"@type":"ImageObject","url":"https:\/\/newsinfoco.com.br\/inicio\/wp-content\/uploads\/2019\/02\/rosemberg-pinto-foto-matheus-morais-bahiaba.jpg","width":600,"height":420,"caption":"Rosemberg Pinto"},"datePublished":"2023-06-21T17:41:40-03:00","dateModified":"2023-06-21T17:41:40-03:00","inLanguage":"pt-BR","mainEntityOfPage":{"@id":"https:\/\/newsinfoco.com.br\/inicio\/deputados-estaduais-da-bahia-antecipam-recesso-e-terao-40-dias-de-ferias-no-meio-do-ano\/#webpage"},"isPartOf":{"@id":"https:\/\/newsinfoco.com.br\/inicio\/deputados-estaduais-da-bahia-antecipam-recesso-e-terao-40-dias-de-ferias-no-meio-do-ano\/#webpage"},"articleSection":"Bahia"},{"@type":"BreadcrumbList","@id":"https:\/\/newsinfoco.com.br\/inicio\/deputados-estaduais-da-bahia-antecipam-recesso-e-terao-40-dias-de-ferias-no-meio-do-ano\/#breadcrumblist","itemListElement":[{"@type":"ListItem","@id":"https:\/\/newsinfoco.com.br\/inicio#listItem","position":1,"name":"In\u00edcio","item":"https:\/\/newsinfoco.com.br\/inicio","nextItem":{"@type":"ListItem","@id":"https:\/\/newsinfoco.com.br\/inicio\/category\/bahia\/#listItem","name":"Bahia"}},{"@type":"ListItem","@id":"https:\/\/newsinfoco.com.br\/inicio\/category\/bahia\/#listItem","position":2,"name":"Bahia","item":"https:\/\/newsinfoco.com.br\/inicio\/category\/bahia\/","nextItem":{"@type":"ListItem","@id":"https:\/\/newsinfoco.com.br\/inicio\/deputados-estaduais-da-bahia-antecipam-recesso-e-terao-40-dias-de-ferias-no-meio-do-ano\/#listItem","name":"Deputados estaduais da Bahia antecipam recesso e ter\u00e3o 40 dias de f\u00e9rias no meio do ano"},"previousItem":{"@type":"ListItem","@id":"https:\/\/newsinfoco.com.br\/inicio#listItem","name":"In\u00edcio"}},{"@type":"ListItem","@id":"https:\/\/newsinfoco.com.br\/inicio\/deputados-estaduais-da-bahia-antecipam-recesso-e-terao-40-dias-de-ferias-no-meio-do-ano\/#listItem","position":3,"name":"Deputados estaduais da Bahia antecipam recesso e ter\u00e3o 40 dias de f\u00e9rias no meio do ano","previousItem":{"@type":"ListItem","@id":"https:\/\/newsinfoco.com.br\/inicio\/category\/bahia\/#listItem","name":"Bahia"}}]},{"@type":"Organization","@id":"https:\/\/newsinfoco.com.br\/inicio\/#organization","name":"News In Foco - Editado por Caio Pimenta","description":"O principal site de noticias de Alagoinhas e regi\u00e3o","url":"https:\/\/newsinfoco.com.br\/inicio\/"},{"@type":"Person","@id":"https:\/\/newsinfoco.com.br\/inicio\/author\/administrador\/#author","url":"https:\/\/newsinfoco.com.br\/inicio\/author\/administrador\/","name":"administrador","image":{"@type":"ImageObject","@id":"https:\/\/newsinfoco.com.br\/inicio\/deputados-estaduais-da-bahia-antecipam-recesso-e-terao-40-dias-de-ferias-no-meio-do-ano\/#authorImage","url":"https:\/\/secure.gravatar.com\/avatar\/c17a617433de8c1dc9584bb79aab7563b46f5bb7e1728c9b17d9cc3ce6a08e49?s=96&d=mm&r=g","width":96,"height":96,"caption":"administrador"}},{"@type":"WebPage","@id":"https:\/\/newsinfoco.com.br\/inicio\/deputados-estaduais-da-bahia-antecipam-recesso-e-terao-40-dias-de-ferias-no-meio-do-ano\/#webpage","url":"https:\/\/newsinfoco.com.br\/inicio\/deputados-estaduais-da-bahia-antecipam-recesso-e-terao-40-dias-de-ferias-no-meio-do-ano\/","name":"Deputados estaduais da Bahia antecipam recesso e ter\u00e3o 40 dias de f\u00e9rias no meio do ano - News In Foco - Editado por Caio Pimenta","description":"Com a vota\u00e7\u00e3o, em segundo turno, da Lei de Diretrizes Or\u00e7ament\u00e1rias (LDO), nesta ter\u00e7a-feira (20), os deputados estaduais anteciparam em dez dias o recesso de meio de ano da Assembleia Legislativa, que come\u00e7a oficialmente apenas em 1 \u00ba de julho. Os parlamentares s\u00f3 retornam ao trabalho em 1\u00ba de agosto, ou seja, as f\u00e9rias antecipadas","inLanguage":"pt-BR","isPartOf":{"@id":"https:\/\/newsinfoco.com.br\/inicio\/#website"},"breadcrumb":{"@id":"https:\/\/newsinfoco.com.br\/inicio\/deputados-estaduais-da-bahia-antecipam-recesso-e-terao-40-dias-de-ferias-no-meio-do-ano\/#breadcrumblist"},"author":{"@id":"https:\/\/newsinfoco.com.br\/inicio\/author\/administrador\/#author"},"creator":{"@id":"https:\/\/newsinfoco.com.br\/inicio\/author\/administrador\/#author"},"image":{"@type":"ImageObject","url":"https:\/\/newsinfoco.com.br\/inicio\/wp-content\/uploads\/2019\/02\/rosemberg-pinto-foto-matheus-morais-bahiaba.jpg","@id":"https:\/\/newsinfoco.com.br\/inicio\/deputados-estaduais-da-bahia-antecipam-recesso-e-terao-40-dias-de-ferias-no-meio-do-ano\/#mainImage","width":600,"height":420,"caption":"Rosemberg Pinto"},"primaryImageOfPage":{"@id":"https:\/\/newsinfoco.com.br\/inicio\/deputados-estaduais-da-bahia-antecipam-recesso-e-terao-40-dias-de-ferias-no-meio-do-ano\/#mainImage"},"datePublished":"2023-06-21T17:41:40-03:00","dateModified":"2023-06-21T17:41:40-03:00"},{"@type":"WebSite","@id":"https:\/\/newsinfoco.com.br\/inicio\/#website","url":"https:\/\/newsinfoco.com.br\/inicio\/","name":"News In Foco - Editado por Caio Pimenta","description":"O principal site de noticias de Alagoinhas e regi\u00e3o","inLanguage":"pt-BR","publisher":{"@id":"https:\/\/newsinfoco.com.br\/inicio\/#organization"}}]},"og:locale":"pt_BR","og:site_name":"News In Foco - Editado por Caio Pimenta - O principal site de noticias de Alagoinhas e regi\u00e3o","og:type":"article","og:title":"Deputados estaduais da Bahia antecipam recesso e ter\u00e3o 40 dias de f\u00e9rias no meio do ano - News In Foco - Editado por Caio Pimenta","og:description":"Com a vota\u00e7\u00e3o, em segundo turno, da Lei de Diretrizes Or\u00e7ament\u00e1rias (LDO), nesta ter\u00e7a-feira (20), os deputados estaduais anteciparam em dez dias o recesso de meio de ano da Assembleia Legislativa, que come\u00e7a oficialmente apenas em 1 \u00ba de julho. Os parlamentares s\u00f3 retornam ao trabalho em 1\u00ba de agosto, ou seja, as f\u00e9rias antecipadas","og:url":"https:\/\/newsinfoco.com.br\/inicio\/deputados-estaduais-da-bahia-antecipam-recesso-e-terao-40-dias-de-ferias-no-meio-do-ano\/","article:published_time":"2023-06-21T20:41:40+00:00","article:modified_time":"2023-06-21T20:41:40+00:00","twitter:card":"summary_large_image","twitter:title":"Deputados estaduais da Bahia antecipam recesso e ter\u00e3o 40 dias de f\u00e9rias no meio do ano - News In Foco - Editado por Caio Pimenta","twitter:description":"Com a vota\u00e7\u00e3o, em segundo turno, da Lei de Diretrizes Or\u00e7ament\u00e1rias (LDO), nesta ter\u00e7a-feira (20), os deputados estaduais anteciparam em dez dias o recesso de meio de ano da Assembleia Legislativa, que come\u00e7a oficialmente apenas em 1 \u00ba de julho. Os parlamentares s\u00f3 retornam ao trabalho em 1\u00ba de agosto, ou seja, as f\u00e9rias antecipadas"},"aioseo_meta_data":{"post_id":"34423","title":null,"description":null,"keywords":[],"keyphrases":{"focus":{"keyphrase":"","score":0,"analysis":{"keyphraseInTitle":{"score":0,"maxScore":9,"error":1}}},"additional":[]},"primary_term":null,"canonical_url":null,"og_title":null,"og_description":null,"og_object_type":"default","og_image_type":"default","og_image_url":null,"og_image_width":null,"og_image_height":null,"og_image_custom_url":null,"og_image_custom_fields":null,"og_video":"","og_custom_url":null,"og_article_section":null,"og_article_tags":[],"twitter_use_og":false,"twitter_card":"default","twitter_image_type":"default","twitter_image_url":null,"twitter_image_custom_url":null,"twitter_image_custom_fields":null,"twitter_title":null,"twitter_description":null,"schema":{"blockGraphs":[],"customGraphs":[],"default":{"data":{"Article":[],"Course":[],"Dataset":[],"FAQPage":[],"Movie":[],"Person":[],"Product":[],"ProductReview":[],"Car":[],"Recipe":[],"Service":[],"SoftwareApplication":[],"WebPage":[]},"graphName":"","isEnabled":true},"graphs":[]},"schema_type":"default","schema_type_options":null,"pillar_content":false,"robots_default":true,"robots_noindex":false,"robots_noarchive":false,"robots_nosnippet":false,"robots_nofollow":false,"robots_noimageindex":false,"robots_noodp":false,"robots_notranslate":false,"robots_max_snippet":"-1","robots_max_videopreview":"-1","robots_max_imagepreview":"large","priority":0,"frequency":"default","local_seo":null,"breadcrumb_settings":null,"limit_modified_date":false,"ai":null,"created":"2023-06-21 20:41:40","updated":"2025-07-11 09:56:56","seo_analyzer_scan_date":null},"aioseo_breadcrumb":"<div class=\"aioseo-breadcrumbs\"><span class=\"aioseo-breadcrumb\">\n\t\t\t<a href=\"https:\/\/newsinfoco.com.br\/inicio\" title=\"In\u00edcio\">In\u00edcio<\/a>\n\t\t<\/span><span class=\"aioseo-breadcrumb-separator\">&raquo;<\/span><span class=\"aioseo-breadcrumb\">\n\t\t\t<a href=\"https:\/\/newsinfoco.com.br\/inicio\/category\/bahia\/\" title=\"Bahia\">Bahia<\/a>\n\t\t<\/span><span class=\"aioseo-breadcrumb-separator\">&raquo;<\/span><span class=\"aioseo-breadcrumb\">\n\t\t\tDeputados estaduais da Bahia antecipam recesso e ter\u00e3o 40 dias de f\u00e9rias no meio do ano\n\t\t<\/span><\/div>","aioseo_breadcrumb_json":[{"label":"In\u00edcio","link":"https:\/\/newsinfoco.com.br\/inicio"},{"label":"Bahia","link":"https:\/\/newsinfoco.com.br\/inicio\/category\/bahia\/"},{"label":"Deputados estaduais da Bahia antecipam recesso e ter\u00e3o 40 dias de f\u00e9rias no meio do ano","link":"https:\/\/newsinfoco.com.br\/inicio\/deputados-estaduais-da-bahia-antecipam-recesso-e-terao-40-dias-de-ferias-no-meio-do-ano\/"}],"_links":{"self":[{"href":"https:\/\/newsinfoco.com.br\/inicio\/wp-json\/wp\/v2\/posts\/34423","targetHints":{"allow":["GET"]}}],"collection":[{"href":"https:\/\/newsinfoco.com.br\/inicio\/wp-json\/wp\/v2\/posts"}],"about":[{"href":"https:\/\/newsinfoco.com.br\/inicio\/wp-json\/wp\/v2\/types\/post"}],"author":[{"embeddable":true,"href":"https:\/\/newsinfoco.com.br\/inicio\/wp-json\/wp\/v2\/users\/1"}],"replies":[{"embeddable":true,"href":"https:\/\/newsinfoco.com.br\/inicio\/wp-json\/wp\/v2\/comments?post=34423"}],"version-history":[{"count":1,"href":"https:\/\/newsinfoco.com.br\/inicio\/wp-json\/wp\/v2\/posts\/34423\/revisions"}],"predecessor-version":[{"id":34424,"href":"https:\/\/newsinfoco.com.br\/inicio\/wp-json\/wp\/v2\/posts\/34423\/revisions\/34424"}],"wp:featuredmedia":[{"embeddable":true,"href":"https:\/\/newsinfoco.com.br\/inicio\/wp-json\/wp\/v2\/media\/13101"}],"wp:attachment":[{"href":"https:\/\/newsinfoco.com.br\/inicio\/wp-json\/wp\/v2\/media?parent=34423"}],"wp:term":[{"taxonomy":"category","embeddable":true,"href":"https:\/\/newsinfoco.com.br\/inicio\/wp-json\/wp\/v2\/categories?post=34423"},{"taxonomy":"post_tag","embeddable":true,"href":"https:\/\/newsinfoco.com.br\/inicio\/wp-json\/wp\/v2\/tags?post=34423"}],"curies":[{"name":"wp","href":"https:\/\/api.w.org\/{rel}","templated":true}]}}