{"id":34431,"date":"2023-06-21T20:48:37","date_gmt":"2023-06-21T23:48:37","guid":{"rendered":"https:\/\/newsinfoco.com.br\/inicio\/?p=34431"},"modified":"2023-06-21T20:48:37","modified_gmt":"2023-06-21T23:48:37","slug":"vila-de-santo-antonio-d-alagoinha-conquista-o-publico-e-movimenta-a-economia-no-mercado-do-artesao","status":"publish","type":"post","link":"https:\/\/newsinfoco.com.br\/inicio\/vila-de-santo-antonio-d-alagoinha-conquista-o-publico-e-movimenta-a-economia-no-mercado-do-artesao\/","title":{"rendered":"Vila de Santo Ant\u00f4nio D\u2019 Alagoinha conquista o p\u00fablico e movimenta a economia no Mercado do Artes\u00e3o"},"content":{"rendered":"<p>A Vila de Santo Ant\u00f4nio D\u2019 Alagoinha, xod\u00f3 de quem ama o bom e velho forr\u00f3, chegou ao final. Os festejos na Pra\u00e7a da Bandeira, bem em frente ao Mercado do Artes\u00e3o, aconteceram da \u00faltima sexta-feira (16) at\u00e9 a noite de ter\u00e7a-feira (20), atraindo um p\u00fablico cativo. O Expresso Band esteve por l\u00e1 no pen\u00faltimo dia (19), produzindo v\u00eddeos especiais para a programa\u00e7\u00e3o da emissora.<\/p>\n<p>Al\u00e9m da valoriza\u00e7\u00e3o de artistas regionais, a programa\u00e7\u00e3o da Vila, promovida pela Prefeitura de Alagoinhas, por meio da Secretaria de Cultura, Esporte e Turismo (SECET), aqueceu as vendas de artesanato e gastronomia de vendedores ambulantes, como Tairine Souza, jovem de vinte e cinco anos. \u201cEstou vendendo muito mais do que esperava, tanto que sa\u00ed para pegar mais mercadoria, pois a que trouxe pra vender acabou muito cedo\u201d.<\/p>\n<p>A APAE Alagoinhas tamb\u00e9m aproveitou o movimento para vender mingaus e caldos quentes, como nas outras edi\u00e7\u00f5es. O prop\u00f3sito foi arrecadar fundos para a Semana da Pessoa com Defici\u00eancia, que acontecer\u00e1 em agosto. De acordo com a professora Zenilda Rocha, \u201cesse \u00e9 um projeto diferenciado para proporcionar momentos felizes para os atendidos pela nossa institui\u00e7\u00e3o\u201d.<\/p>\n<p>O projeto Menina Flor, coordenado por Lucivalda Albuquerque, tamb\u00e9m angariou fundos com a venda de empadas sem gl\u00faten e sem lactose, al\u00e9m de um ex\u00f3tico caf\u00e9 indiano. \u201cEsse \u00e9 um projeto socioeducativo que envolve meninas em situa\u00e7\u00e3o de vulnerabilidade e j\u00e1 vai fazer 15 anos de exist\u00eancia\u201d.<\/p>\n<p><strong>Sucesso de p\u00fablico<\/strong><\/p>\n<p>O S\u00e3o Jo\u00e3o faz parte da hist\u00f3ria de Mateus e Tiane, um casal que ama os festejos juninos. Os alagoinheses est\u00e3o juntos h\u00e1 nove anos e costumam participar das festas no Circuito Oficial. Pela primeira vez, vieram \u00e0 Vila de Santo Ant\u00f4nio D\u2019Alagoinha, trazendo a filha Cec\u00edlia, de 5 anos.\u201dEsse evento tem tudo a ver com a gente, que vem em fam\u00edlia. Como a festa come\u00e7a cedo, d\u00e1 para trazer as crian\u00e7as para se divertirem tamb\u00e9m.\u201d<\/p>\n<p>A promotora de vendas Joseane Souza tamb\u00e9m foi pela primeira vez \u00e0 Vila. Junto \u00e0s amigas, se disp\u00f4s a curtir a festa at\u00e9 o final. \u201cPara mim, o S\u00e3o Jo\u00e3o \u00e9 a melhor festa do ano. \u00c9 meu primeiro dia aqui e estou achando \u00f3timo. Vou curtir enquanto estiver rolando show!\u201d. J\u00e1 a turista Leide Santos conhecia a Vila e resolveu retornar este ano, aproveitando cada segundo dos festejos juninos. \u201cA anima\u00e7\u00e3o come\u00e7ou cedo e estou achando que essa edi\u00e7\u00e3o est\u00e1 bem mais animada do que a anterior\u201d.<\/p>\n<p><a class=\"group1 cboxElement\" href=\"https:\/\/www.alagoinhas.ba.gov.br\/wp-content\/uploads\/2023\/06\/WhatsApp-Image-2023-06-21-at-08.51.26.jpeg\"><img loading=\"lazy\" decoding=\"async\" class=\"aligncenter size-full wp-image-66856\" src=\"https:\/\/www.alagoinhas.ba.gov.br\/wp-content\/uploads\/2023\/06\/WhatsApp-Image-2023-06-21-at-08.51.26.jpeg\" sizes=\"auto, (max-width: 1600px) 100vw, 1600px\" srcset=\"https:\/\/www.alagoinhas.ba.gov.br\/wp-content\/uploads\/2023\/06\/WhatsApp-Image-2023-06-21-at-08.51.26.jpeg 1600w, https:\/\/www.alagoinhas.ba.gov.br\/wp-content\/uploads\/2023\/06\/WhatsApp-Image-2023-06-21-at-08.51.26-300x200.jpeg 300w, https:\/\/www.alagoinhas.ba.gov.br\/wp-content\/uploads\/2023\/06\/WhatsApp-Image-2023-06-21-at-08.51.26-768x512.jpeg 768w, https:\/\/www.alagoinhas.ba.gov.br\/wp-content\/uploads\/2023\/06\/WhatsApp-Image-2023-06-21-at-08.51.26-1024x682.jpeg 1024w, https:\/\/www.alagoinhas.ba.gov.br\/wp-content\/uploads\/2023\/06\/WhatsApp-Image-2023-06-21-at-08.51.26-105x70.jpeg 105w\" alt=\"\" width=\"1600\" height=\"1066\" \/><\/a><\/p>\n<p>O repert\u00f3rio da festa incluiu a reprodu\u00e7\u00e3o de cl\u00e1ssicos do forr\u00f3, como \u201cMassa de Mandioca\u201d, can\u00e7\u00f5es das bandas de \u201cforr\u00f3 das antigas\u201d, como \u201cMeu Vaqueiro, Meu Pe\u00e3o\u201d e hits sertanejos em ritmo de forr\u00f3. A Pol\u00edcia Militar e a Guarda Civil Municipal tamb\u00e9m participam de todos os cinco dias de arrasta-p\u00e9, garantindo a seguran\u00e7a.<\/p>\n<p>Segundo a secret\u00e1ria de Cultura, Esporte e Turismo Iraci Gama, a Vila foi pensada para alegrar as pessoas e movimentar o com\u00e9rcio no Mercado do Artes\u00e3o, em um clima familiar, e a edi\u00e7\u00e3o deste ano superou todas as expectativas. \u201cA Vila de Santo Ant\u00f4nio se desenvolveu no ritmo que a gente esperava. No ano passado, n\u00f3s tivemos o retorno depois da COVID, e as pessoas ainda estavam com medo de se aglomerar, ent\u00e3o a movimenta\u00e7\u00e3o n\u00e3o foi t\u00e3o grande. Nesse ano, principalmente depois do Trem do Forr\u00f3, que foi aquele movimento enorme, todo mundo ficou muito feliz e a divulga\u00e7\u00e3o contribuiu muito para que as pessoas tivessem disposi\u00e7\u00e3o de vir para a Vila. E desde o dia 16, a nossa Vila \u00e9 um sucesso total de p\u00fablico, de vendas, de aprova\u00e7\u00e3o e alegria, com participa\u00e7\u00e3o efetiva da comunidade.\u201d.<\/p>\n<p><strong>Artistas regionais<\/strong><\/p>\n<p>O cantor da Banda Forr\u00f3 Improvisado, conhecido como Kaba\u00e7\u00e3o, era s\u00f3 alegria na noite do segundo dia da Vila, 17 de junho. \u201cVamos somando, plantando sementes para que a gente possa colher depois de germinadas e \u00e9 o que est\u00e1 acontecendo aqui na Vila. S\u00f3 posso agradecer aos nossos governantes, em todos os sentidos. Esse show \u00e9 o est\u00edmulo que a gente precisava para prosseguir levando avante o dom que Deus nos deu\u201d.<\/p>\n<p><a class=\"group1 cboxElement\" href=\"https:\/\/www.alagoinhas.ba.gov.br\/wp-content\/uploads\/2023\/06\/WhatsApp-Image-2023-06-21-at-08.47.41.jpeg\"><img loading=\"lazy\" decoding=\"async\" class=\"aligncenter size-full wp-image-66854\" src=\"https:\/\/www.alagoinhas.ba.gov.br\/wp-content\/uploads\/2023\/06\/WhatsApp-Image-2023-06-21-at-08.47.41.jpeg\" sizes=\"auto, (max-width: 1600px) 100vw, 1600px\" srcset=\"https:\/\/www.alagoinhas.ba.gov.br\/wp-content\/uploads\/2023\/06\/WhatsApp-Image-2023-06-21-at-08.47.41.jpeg 1600w, https:\/\/www.alagoinhas.ba.gov.br\/wp-content\/uploads\/2023\/06\/WhatsApp-Image-2023-06-21-at-08.47.41-300x200.jpeg 300w, https:\/\/www.alagoinhas.ba.gov.br\/wp-content\/uploads\/2023\/06\/WhatsApp-Image-2023-06-21-at-08.47.41-768x512.jpeg 768w, https:\/\/www.alagoinhas.ba.gov.br\/wp-content\/uploads\/2023\/06\/WhatsApp-Image-2023-06-21-at-08.47.41-1024x682.jpeg 1024w, https:\/\/www.alagoinhas.ba.gov.br\/wp-content\/uploads\/2023\/06\/WhatsApp-Image-2023-06-21-at-08.47.41-105x70.jpeg 105w\" alt=\"\" width=\"1600\" height=\"1066\" \/><\/a><\/p>\n<p>Na \u00faltima noite, al\u00e9m dos shows de Herisson Estilizado, Marco Surya e Bir\u00e3o, a quadrilha \u201cA Junina beija-flor\u201d fez uma bela apresenta\u00e7\u00e3o, tirando o f\u00f4lego do p\u00fablico e repetindo o sucesso da quadrilha \u201cTia Dulce\u201d, que se apresentou na segunda-feira (19).<\/p>\n<p>Para o Chefe de Gabinete Raimundo Queiroz, \u201cessa \u00e9 uma forma de darmos \u00a0oportunidade aos artistas da terra para que pudessem apresentar esse bel\u00edssimo trabalho que voc\u00eas est\u00e3o vendo aqui. Mesmo com o tempo chuvoso , a Vila est\u00e1 lotada e isso faz com que a gente tenha tranquilidade em saber que o trabalho que vem sendo feito\u00a0 pela professora Iraci Gama, junto com o prefeito Joaquim Neto, est\u00e1 sendo importante, n\u00e3o s\u00f3 para Alagoinhas, mas para toda a regi\u00e3o\u201d.<\/p>\n<p>Fotos: Roberto Fonseca<\/p>\n<p><a class=\"group1 cboxElement\" href=\"https:\/\/www.alagoinhas.ba.gov.br\/wp-content\/uploads\/2023\/06\/WhatsApp-Image-2023-06-21-at-08.47.40-1.jpeg\"><img loading=\"lazy\" decoding=\"async\" class=\"aligncenter size-full wp-image-66851\" src=\"https:\/\/www.alagoinhas.ba.gov.br\/wp-content\/uploads\/2023\/06\/WhatsApp-Image-2023-06-21-at-08.47.40-1.jpeg\" sizes=\"auto, (max-width: 1600px) 100vw, 1600px\" srcset=\"https:\/\/www.alagoinhas.ba.gov.br\/wp-content\/uploads\/2023\/06\/WhatsApp-Image-2023-06-21-at-08.47.40-1.jpeg 1600w, https:\/\/www.alagoinhas.ba.gov.br\/wp-content\/uploads\/2023\/06\/WhatsApp-Image-2023-06-21-at-08.47.40-1-300x200.jpeg 300w, https:\/\/www.alagoinhas.ba.gov.br\/wp-content\/uploads\/2023\/06\/WhatsApp-Image-2023-06-21-at-08.47.40-1-768x512.jpeg 768w, https:\/\/www.alagoinhas.ba.gov.br\/wp-content\/uploads\/2023\/06\/WhatsApp-Image-2023-06-21-at-08.47.40-1-1024x682.jpeg 1024w, https:\/\/www.alagoinhas.ba.gov.br\/wp-content\/uploads\/2023\/06\/WhatsApp-Image-2023-06-21-at-08.47.40-1-105x70.jpeg 105w\" alt=\"\" width=\"1600\" height=\"1066\" \/><\/a><a class=\"group1 cboxElement\" href=\"https:\/\/www.alagoinhas.ba.gov.br\/wp-content\/uploads\/2023\/06\/WhatsApp-Image-2023-06-21-at-08.47.40.jpeg\"><img loading=\"lazy\" decoding=\"async\" class=\"aligncenter size-full wp-image-66852\" src=\"https:\/\/www.alagoinhas.ba.gov.br\/wp-content\/uploads\/2023\/06\/WhatsApp-Image-2023-06-21-at-08.47.40.jpeg\" sizes=\"auto, (max-width: 1600px) 100vw, 1600px\" srcset=\"https:\/\/www.alagoinhas.ba.gov.br\/wp-content\/uploads\/2023\/06\/WhatsApp-Image-2023-06-21-at-08.47.40.jpeg 1600w, https:\/\/www.alagoinhas.ba.gov.br\/wp-content\/uploads\/2023\/06\/WhatsApp-Image-2023-06-21-at-08.47.40-300x200.jpeg 300w, https:\/\/www.alagoinhas.ba.gov.br\/wp-content\/uploads\/2023\/06\/WhatsApp-Image-2023-06-21-at-08.47.40-768x512.jpeg 768w, https:\/\/www.alagoinhas.ba.gov.br\/wp-content\/uploads\/2023\/06\/WhatsApp-Image-2023-06-21-at-08.47.40-1024x682.jpeg 1024w, https:\/\/www.alagoinhas.ba.gov.br\/wp-content\/uploads\/2023\/06\/WhatsApp-Image-2023-06-21-at-08.47.40-105x70.jpeg 105w\" alt=\"\" width=\"1600\" height=\"1066\" \/><\/a><a class=\"group1 cboxElement\" href=\"https:\/\/www.alagoinhas.ba.gov.br\/wp-content\/uploads\/2023\/06\/WhatsApp-Image-2023-06-21-at-08.47.41-1.jpeg\"><img loading=\"lazy\" decoding=\"async\" class=\"aligncenter size-full wp-image-66853\" src=\"https:\/\/www.alagoinhas.ba.gov.br\/wp-content\/uploads\/2023\/06\/WhatsApp-Image-2023-06-21-at-08.47.41-1.jpeg\" sizes=\"auto, (max-width: 1600px) 100vw, 1600px\" srcset=\"https:\/\/www.alagoinhas.ba.gov.br\/wp-content\/uploads\/2023\/06\/WhatsApp-Image-2023-06-21-at-08.47.41-1.jpeg 1600w, https:\/\/www.alagoinhas.ba.gov.br\/wp-content\/uploads\/2023\/06\/WhatsApp-Image-2023-06-21-at-08.47.41-1-300x200.jpeg 300w, https:\/\/www.alagoinhas.ba.gov.br\/wp-content\/uploads\/2023\/06\/WhatsApp-Image-2023-06-21-at-08.47.41-1-768x512.jpeg 768w, https:\/\/www.alagoinhas.ba.gov.br\/wp-content\/uploads\/2023\/06\/WhatsApp-Image-2023-06-21-at-08.47.41-1-1024x682.jpeg 1024w, https:\/\/www.alagoinhas.ba.gov.br\/wp-content\/uploads\/2023\/06\/WhatsApp-Image-2023-06-21-at-08.47.41-1-105x70.jpeg 105w\" alt=\"\" width=\"1600\" height=\"1066\" \/><\/a><a class=\"group1 cboxElement\" href=\"https:\/\/www.alagoinhas.ba.gov.br\/wp-content\/uploads\/2023\/06\/WhatsApp-Image-2023-06-21-at-08.51.26-1.jpeg\"><img loading=\"lazy\" decoding=\"async\" class=\"aligncenter size-full wp-image-66855\" src=\"https:\/\/www.alagoinhas.ba.gov.br\/wp-content\/uploads\/2023\/06\/WhatsApp-Image-2023-06-21-at-08.51.26-1.jpeg\" sizes=\"auto, (max-width: 1600px) 100vw, 1600px\" srcset=\"https:\/\/www.alagoinhas.ba.gov.br\/wp-content\/uploads\/2023\/06\/WhatsApp-Image-2023-06-21-at-08.51.26-1.jpeg 1600w, https:\/\/www.alagoinhas.ba.gov.br\/wp-content\/uploads\/2023\/06\/WhatsApp-Image-2023-06-21-at-08.51.26-1-300x200.jpeg 300w, https:\/\/www.alagoinhas.ba.gov.br\/wp-content\/uploads\/2023\/06\/WhatsApp-Image-2023-06-21-at-08.51.26-1-768x512.jpeg 768w, https:\/\/www.alagoinhas.ba.gov.br\/wp-content\/uploads\/2023\/06\/WhatsApp-Image-2023-06-21-at-08.51.26-1-1024x682.jpeg 1024w, https:\/\/www.alagoinhas.ba.gov.br\/wp-content\/uploads\/2023\/06\/WhatsApp-Image-2023-06-21-at-08.51.26-1-105x70.jpeg 105w\" alt=\"\" width=\"1600\" height=\"1066\" \/><\/a><a class=\"group1 cboxElement\" href=\"https:\/\/www.alagoinhas.ba.gov.br\/wp-content\/uploads\/2023\/06\/WhatsApp-Image-2023-06-21-at-08.51.28-1.jpeg\"><img loading=\"lazy\" decoding=\"async\" class=\"aligncenter size-full wp-image-66857\" src=\"https:\/\/www.alagoinhas.ba.gov.br\/wp-content\/uploads\/2023\/06\/WhatsApp-Image-2023-06-21-at-08.51.28-1.jpeg\" sizes=\"auto, (max-width: 1600px) 100vw, 1600px\" srcset=\"https:\/\/www.alagoinhas.ba.gov.br\/wp-content\/uploads\/2023\/06\/WhatsApp-Image-2023-06-21-at-08.51.28-1.jpeg 1600w, https:\/\/www.alagoinhas.ba.gov.br\/wp-content\/uploads\/2023\/06\/WhatsApp-Image-2023-06-21-at-08.51.28-1-300x200.jpeg 300w, https:\/\/www.alagoinhas.ba.gov.br\/wp-content\/uploads\/2023\/06\/WhatsApp-Image-2023-06-21-at-08.51.28-1-768x512.jpeg 768w, https:\/\/www.alagoinhas.ba.gov.br\/wp-content\/uploads\/2023\/06\/WhatsApp-Image-2023-06-21-at-08.51.28-1-1024x682.jpeg 1024w, https:\/\/www.alagoinhas.ba.gov.br\/wp-content\/uploads\/2023\/06\/WhatsApp-Image-2023-06-21-at-08.51.28-1-105x70.jpeg 105w\" alt=\"\" width=\"1600\" height=\"1066\" \/><\/a><a class=\"group1 cboxElement\" href=\"https:\/\/www.alagoinhas.ba.gov.br\/wp-content\/uploads\/2023\/06\/WhatsApp-Image-2023-06-21-at-08.51.28-2.jpeg\"><img loading=\"lazy\" decoding=\"async\" class=\"aligncenter size-full wp-image-66858\" src=\"https:\/\/www.alagoinhas.ba.gov.br\/wp-content\/uploads\/2023\/06\/WhatsApp-Image-2023-06-21-at-08.51.28-2.jpeg\" sizes=\"auto, (max-width: 1600px) 100vw, 1600px\" srcset=\"https:\/\/www.alagoinhas.ba.gov.br\/wp-content\/uploads\/2023\/06\/WhatsApp-Image-2023-06-21-at-08.51.28-2.jpeg 1600w, https:\/\/www.alagoinhas.ba.gov.br\/wp-content\/uploads\/2023\/06\/WhatsApp-Image-2023-06-21-at-08.51.28-2-300x200.jpeg 300w, https:\/\/www.alagoinhas.ba.gov.br\/wp-content\/uploads\/2023\/06\/WhatsApp-Image-2023-06-21-at-08.51.28-2-768x512.jpeg 768w, https:\/\/www.alagoinhas.ba.gov.br\/wp-content\/uploads\/2023\/06\/WhatsApp-Image-2023-06-21-at-08.51.28-2-1024x682.jpeg 1024w, https:\/\/www.alagoinhas.ba.gov.br\/wp-content\/uploads\/2023\/06\/WhatsApp-Image-2023-06-21-at-08.51.28-2-105x70.jpeg 105w\" alt=\"\" width=\"1600\" height=\"1066\" \/><\/a><a class=\"group1 cboxElement\" href=\"https:\/\/www.alagoinhas.ba.gov.br\/wp-content\/uploads\/2023\/06\/WhatsApp-Image-2023-06-21-at-08.53.19.jpeg\"><img loading=\"lazy\" decoding=\"async\" class=\"aligncenter size-full wp-image-66860\" src=\"https:\/\/www.alagoinhas.ba.gov.br\/wp-content\/uploads\/2023\/06\/WhatsApp-Image-2023-06-21-at-08.53.19.jpeg\" sizes=\"auto, (max-width: 1600px) 100vw, 1600px\" srcset=\"https:\/\/www.alagoinhas.ba.gov.br\/wp-content\/uploads\/2023\/06\/WhatsApp-Image-2023-06-21-at-08.53.19.jpeg 1600w, https:\/\/www.alagoinhas.ba.gov.br\/wp-content\/uploads\/2023\/06\/WhatsApp-Image-2023-06-21-at-08.53.19-300x200.jpeg 300w, https:\/\/www.alagoinhas.ba.gov.br\/wp-content\/uploads\/2023\/06\/WhatsApp-Image-2023-06-21-at-08.53.19-768x512.jpeg 768w, https:\/\/www.alagoinhas.ba.gov.br\/wp-content\/uploads\/2023\/06\/WhatsApp-Image-2023-06-21-at-08.53.19-1024x682.jpeg 1024w, https:\/\/www.alagoinhas.ba.gov.br\/wp-content\/uploads\/2023\/06\/WhatsApp-Image-2023-06-21-at-08.53.19-105x70.jpeg 105w\" alt=\"\" width=\"1600\" height=\"1066\" \/><\/a><a class=\"group1 cboxElement\" href=\"https:\/\/www.alagoinhas.ba.gov.br\/wp-content\/uploads\/2023\/06\/WhatsApp-Image-2023-06-21-at-08.53.21-1.jpeg\"><img loading=\"lazy\" decoding=\"async\" class=\"aligncenter size-full wp-image-66861\" src=\"https:\/\/www.alagoinhas.ba.gov.br\/wp-content\/uploads\/2023\/06\/WhatsApp-Image-2023-06-21-at-08.53.21-1.jpeg\" sizes=\"auto, (max-width: 1600px) 100vw, 1600px\" srcset=\"https:\/\/www.alagoinhas.ba.gov.br\/wp-content\/uploads\/2023\/06\/WhatsApp-Image-2023-06-21-at-08.53.21-1.jpeg 1600w, https:\/\/www.alagoinhas.ba.gov.br\/wp-content\/uploads\/2023\/06\/WhatsApp-Image-2023-06-21-at-08.53.21-1-300x200.jpeg 300w, https:\/\/www.alagoinhas.ba.gov.br\/wp-content\/uploads\/2023\/06\/WhatsApp-Image-2023-06-21-at-08.53.21-1-768x512.jpeg 768w, https:\/\/www.alagoinhas.ba.gov.br\/wp-content\/uploads\/2023\/06\/WhatsApp-Image-2023-06-21-at-08.53.21-1-1024x682.jpeg 1024w, https:\/\/www.alagoinhas.ba.gov.br\/wp-content\/uploads\/2023\/06\/WhatsApp-Image-2023-06-21-at-08.53.21-1-105x70.jpeg 105w\" alt=\"\" width=\"1600\" height=\"1066\" \/><\/a><a class=\"group1 cboxElement\" href=\"https:\/\/www.alagoinhas.ba.gov.br\/wp-content\/uploads\/2023\/06\/WhatsApp-Image-2023-06-21-at-08.53.21.jpeg\"><img loading=\"lazy\" decoding=\"async\" class=\"aligncenter size-full wp-image-66862\" src=\"https:\/\/www.alagoinhas.ba.gov.br\/wp-content\/uploads\/2023\/06\/WhatsApp-Image-2023-06-21-at-08.53.21.jpeg\" sizes=\"auto, (max-width: 1600px) 100vw, 1600px\" srcset=\"https:\/\/www.alagoinhas.ba.gov.br\/wp-content\/uploads\/2023\/06\/WhatsApp-Image-2023-06-21-at-08.53.21.jpeg 1600w, https:\/\/www.alagoinhas.ba.gov.br\/wp-content\/uploads\/2023\/06\/WhatsApp-Image-2023-06-21-at-08.53.21-300x200.jpeg 300w, https:\/\/www.alagoinhas.ba.gov.br\/wp-content\/uploads\/2023\/06\/WhatsApp-Image-2023-06-21-at-08.53.21-768x512.jpeg 768w, https:\/\/www.alagoinhas.ba.gov.br\/wp-content\/uploads\/2023\/06\/WhatsApp-Image-2023-06-21-at-08.53.21-1024x682.jpeg 1024w, https:\/\/www.alagoinhas.ba.gov.br\/wp-content\/uploads\/2023\/06\/WhatsApp-Image-2023-06-21-at-08.53.21-105x70.jpeg 105w\" alt=\"\" width=\"1600\" height=\"1066\" \/><\/a><a class=\"group1 cboxElement\" href=\"https:\/\/www.alagoinhas.ba.gov.br\/wp-content\/uploads\/2023\/06\/WhatsApp-Image-2023-06-21-at-08.53.23.jpeg\"><img loading=\"lazy\" decoding=\"async\" class=\"aligncenter size-full wp-image-66863\" src=\"https:\/\/www.alagoinhas.ba.gov.br\/wp-content\/uploads\/2023\/06\/WhatsApp-Image-2023-06-21-at-08.53.23.jpeg\" sizes=\"auto, (max-width: 1600px) 100vw, 1600px\" srcset=\"https:\/\/www.alagoinhas.ba.gov.br\/wp-content\/uploads\/2023\/06\/WhatsApp-Image-2023-06-21-at-08.53.23.jpeg 1600w, https:\/\/www.alagoinhas.ba.gov.br\/wp-content\/uploads\/2023\/06\/WhatsApp-Image-2023-06-21-at-08.53.23-300x200.jpeg 300w, https:\/\/www.alagoinhas.ba.gov.br\/wp-content\/uploads\/2023\/06\/WhatsApp-Image-2023-06-21-at-08.53.23-768x512.jpeg 768w, https:\/\/www.alagoinhas.ba.gov.br\/wp-content\/uploads\/2023\/06\/WhatsApp-Image-2023-06-21-at-08.53.23-1024x682.jpeg 1024w, https:\/\/www.alagoinhas.ba.gov.br\/wp-content\/uploads\/2023\/06\/WhatsApp-Image-2023-06-21-at-08.53.23-105x70.jpeg 105w\" alt=\"\" width=\"1600\" height=\"1066\" \/><\/a><\/p>\n<p>&nbsp;<\/p>\n<div align=\"right\">\n<p>&nbsp;<\/p>\n<\/div>\n<div class='share-to-whatsapp-wrapper'><div class='share-on-whsp'>Share on: <\/div><a data-text='Vila de Santo Ant\u00f4nio D\u2019 Alagoinha conquista o p\u00fablico e movimenta a economia no Mercado do Artes\u00e3o' data-link='https:\/\/newsinfoco.com.br\/inicio\/vila-de-santo-antonio-d-alagoinha-conquista-o-publico-e-movimenta-a-economia-no-mercado-do-artesao\/' class='whatsapp-button whatsapp-share'>WhatsApp<\/a><div class='clear '><\/div><\/div>","protected":false},"excerpt":{"rendered":"<p>A Vila de Santo Ant\u00f4nio D\u2019 Alagoinha, xod\u00f3 de quem ama o bom e velho forr\u00f3, chegou ao final. Os festejos na Pra\u00e7a da Bandeira, bem em frente ao Mercado do Artes\u00e3o, aconteceram da \u00faltima sexta-feira (16) at\u00e9 a noite de ter\u00e7a-feira (20), atraindo um p\u00fablico cativo. O Expresso Band esteve por l\u00e1 no pen\u00faltimo [&hellip;]<\/p>\n","protected":false},"author":1,"featured_media":34432,"comment_status":"closed","ping_status":"closed","sticky":false,"template":"","format":"standard","meta":{"om_disable_all_campaigns":false,"rop_custom_images_group":[],"rop_custom_messages_group":[],"rop_publish_now":"initial","rop_publish_now_accounts":[],"rop_publish_now_history":[],"rop_publish_now_status":"pending","_exactmetrics_skip_tracking":false,"footnotes":""},"categories":[38,167],"tags":[],"class_list":["post-34431","post","type-post","status-publish","format-standard","has-post-thumbnail","hentry","category-alagoinhas-e-regiao","category-exclusivas"],"aioseo_notices":[],"aioseo_head":"\n\t\t<!-- All in One SEO 4.9.10 - aioseo.com -->\n\t<meta name=\"description\" content=\"A Vila de Santo Ant\u00f4nio D\u2019 Alagoinha, xod\u00f3 de quem ama o bom e velho forr\u00f3, chegou ao final. Os festejos na Pra\u00e7a da Bandeira, bem em frente ao Mercado do Artes\u00e3o, aconteceram da \u00faltima sexta-feira (16) at\u00e9 a noite de ter\u00e7a-feira (20), atraindo um p\u00fablico cativo. O Expresso Band esteve por l\u00e1 no pen\u00faltimo\" \/>\n\t<meta name=\"robots\" content=\"max-image-preview:large\" \/>\n\t<meta name=\"author\" content=\"administrador\"\/>\n\t<link rel=\"canonical\" href=\"https:\/\/newsinfoco.com.br\/inicio\/vila-de-santo-antonio-d-alagoinha-conquista-o-publico-e-movimenta-a-economia-no-mercado-do-artesao\/\" \/>\n\t<meta name=\"generator\" content=\"All in One SEO (AIOSEO) 4.9.10\" \/>\n\t\t<meta property=\"og:locale\" content=\"pt_BR\" \/>\n\t\t<meta property=\"og:site_name\" content=\"News In Foco - Editado por Caio Pimenta - O principal site de noticias de Alagoinhas e regi\u00e3o\" \/>\n\t\t<meta property=\"og:type\" content=\"article\" \/>\n\t\t<meta property=\"og:title\" content=\"Vila de Santo Ant\u00f4nio D\u2019 Alagoinha conquista o p\u00fablico e movimenta a economia no Mercado do Artes\u00e3o - News In Foco - Editado por Caio Pimenta\" \/>\n\t\t<meta property=\"og:description\" content=\"A Vila de Santo Ant\u00f4nio D\u2019 Alagoinha, xod\u00f3 de quem ama o bom e velho forr\u00f3, chegou ao final. Os festejos na Pra\u00e7a da Bandeira, bem em frente ao Mercado do Artes\u00e3o, aconteceram da \u00faltima sexta-feira (16) at\u00e9 a noite de ter\u00e7a-feira (20), atraindo um p\u00fablico cativo. O Expresso Band esteve por l\u00e1 no pen\u00faltimo\" \/>\n\t\t<meta property=\"og:url\" content=\"https:\/\/newsinfoco.com.br\/inicio\/vila-de-santo-antonio-d-alagoinha-conquista-o-publico-e-movimenta-a-economia-no-mercado-do-artesao\/\" \/>\n\t\t<meta property=\"article:published_time\" content=\"2023-06-21T23:48:37+00:00\" \/>\n\t\t<meta property=\"article:modified_time\" content=\"2023-06-21T23:48:37+00:00\" \/>\n\t\t<meta name=\"twitter:card\" content=\"summary_large_image\" \/>\n\t\t<meta name=\"twitter:title\" content=\"Vila de Santo Ant\u00f4nio D\u2019 Alagoinha conquista o p\u00fablico e movimenta a economia no Mercado do Artes\u00e3o - News In Foco - Editado por Caio Pimenta\" \/>\n\t\t<meta name=\"twitter:description\" content=\"A Vila de Santo Ant\u00f4nio D\u2019 Alagoinha, xod\u00f3 de quem ama o bom e velho forr\u00f3, chegou ao final. Os festejos na Pra\u00e7a da Bandeira, bem em frente ao Mercado do Artes\u00e3o, aconteceram da \u00faltima sexta-feira (16) at\u00e9 a noite de ter\u00e7a-feira (20), atraindo um p\u00fablico cativo. O Expresso Band esteve por l\u00e1 no pen\u00faltimo\" \/>\n\t\t<script type=\"application\/ld+json\" class=\"aioseo-schema\">\n\t\t\t{\"@context\":\"https:\\\/\\\/schema.org\",\"@graph\":[{\"@type\":\"BlogPosting\",\"@id\":\"https:\\\/\\\/newsinfoco.com.br\\\/inicio\\\/vila-de-santo-antonio-d-alagoinha-conquista-o-publico-e-movimenta-a-economia-no-mercado-do-artesao\\\/#blogposting\",\"name\":\"Vila de Santo Ant\\u00f4nio D\\u2019 Alagoinha conquista o p\\u00fablico e movimenta a economia no Mercado do Artes\\u00e3o - News In Foco - Editado por Caio Pimenta\",\"headline\":\"Vila de Santo Ant\\u00f4nio D\\u2019 Alagoinha conquista o p\\u00fablico e movimenta a economia no Mercado do Artes\\u00e3o\",\"author\":{\"@id\":\"https:\\\/\\\/newsinfoco.com.br\\\/inicio\\\/author\\\/administrador\\\/#author\"},\"publisher\":{\"@id\":\"https:\\\/\\\/newsinfoco.com.br\\\/inicio\\\/#organization\"},\"image\":{\"@type\":\"ImageObject\",\"url\":\"https:\\\/\\\/newsinfoco.com.br\\\/inicio\\\/wp-content\\\/uploads\\\/2023\\\/06\\\/WhatsApp-Image-2023-06-21-at-08.51.28.webp\",\"width\":1600,\"height\":1066},\"datePublished\":\"2023-06-21T20:48:37-03:00\",\"dateModified\":\"2023-06-21T20:48:37-03:00\",\"inLanguage\":\"pt-BR\",\"mainEntityOfPage\":{\"@id\":\"https:\\\/\\\/newsinfoco.com.br\\\/inicio\\\/vila-de-santo-antonio-d-alagoinha-conquista-o-publico-e-movimenta-a-economia-no-mercado-do-artesao\\\/#webpage\"},\"isPartOf\":{\"@id\":\"https:\\\/\\\/newsinfoco.com.br\\\/inicio\\\/vila-de-santo-antonio-d-alagoinha-conquista-o-publico-e-movimenta-a-economia-no-mercado-do-artesao\\\/#webpage\"},\"articleSection\":\"Alagoinhas e Regi\\u00e3o, Manchete\"},{\"@type\":\"BreadcrumbList\",\"@id\":\"https:\\\/\\\/newsinfoco.com.br\\\/inicio\\\/vila-de-santo-antonio-d-alagoinha-conquista-o-publico-e-movimenta-a-economia-no-mercado-do-artesao\\\/#breadcrumblist\",\"itemListElement\":[{\"@type\":\"ListItem\",\"@id\":\"https:\\\/\\\/newsinfoco.com.br\\\/inicio#listItem\",\"position\":1,\"name\":\"In\\u00edcio\",\"item\":\"https:\\\/\\\/newsinfoco.com.br\\\/inicio\",\"nextItem\":{\"@type\":\"ListItem\",\"@id\":\"https:\\\/\\\/newsinfoco.com.br\\\/inicio\\\/category\\\/alagoinhas-e-regiao\\\/#listItem\",\"name\":\"Alagoinhas e Regi\\u00e3o\"}},{\"@type\":\"ListItem\",\"@id\":\"https:\\\/\\\/newsinfoco.com.br\\\/inicio\\\/category\\\/alagoinhas-e-regiao\\\/#listItem\",\"position\":2,\"name\":\"Alagoinhas e Regi\\u00e3o\",\"item\":\"https:\\\/\\\/newsinfoco.com.br\\\/inicio\\\/category\\\/alagoinhas-e-regiao\\\/\",\"nextItem\":{\"@type\":\"ListItem\",\"@id\":\"https:\\\/\\\/newsinfoco.com.br\\\/inicio\\\/vila-de-santo-antonio-d-alagoinha-conquista-o-publico-e-movimenta-a-economia-no-mercado-do-artesao\\\/#listItem\",\"name\":\"Vila de Santo Ant\\u00f4nio D\\u2019 Alagoinha conquista o p\\u00fablico e movimenta a economia no Mercado do Artes\\u00e3o\"},\"previousItem\":{\"@type\":\"ListItem\",\"@id\":\"https:\\\/\\\/newsinfoco.com.br\\\/inicio#listItem\",\"name\":\"In\\u00edcio\"}},{\"@type\":\"ListItem\",\"@id\":\"https:\\\/\\\/newsinfoco.com.br\\\/inicio\\\/vila-de-santo-antonio-d-alagoinha-conquista-o-publico-e-movimenta-a-economia-no-mercado-do-artesao\\\/#listItem\",\"position\":3,\"name\":\"Vila de Santo Ant\\u00f4nio D\\u2019 Alagoinha conquista o p\\u00fablico e movimenta a economia no Mercado do Artes\\u00e3o\",\"previousItem\":{\"@type\":\"ListItem\",\"@id\":\"https:\\\/\\\/newsinfoco.com.br\\\/inicio\\\/category\\\/alagoinhas-e-regiao\\\/#listItem\",\"name\":\"Alagoinhas e Regi\\u00e3o\"}}]},{\"@type\":\"Organization\",\"@id\":\"https:\\\/\\\/newsinfoco.com.br\\\/inicio\\\/#organization\",\"name\":\"News In Foco - Editado por Caio Pimenta\",\"description\":\"O principal site de noticias de Alagoinhas e regi\\u00e3o\",\"url\":\"https:\\\/\\\/newsinfoco.com.br\\\/inicio\\\/\"},{\"@type\":\"Person\",\"@id\":\"https:\\\/\\\/newsinfoco.com.br\\\/inicio\\\/author\\\/administrador\\\/#author\",\"url\":\"https:\\\/\\\/newsinfoco.com.br\\\/inicio\\\/author\\\/administrador\\\/\",\"name\":\"administrador\",\"image\":{\"@type\":\"ImageObject\",\"@id\":\"https:\\\/\\\/newsinfoco.com.br\\\/inicio\\\/vila-de-santo-antonio-d-alagoinha-conquista-o-publico-e-movimenta-a-economia-no-mercado-do-artesao\\\/#authorImage\",\"url\":\"https:\\\/\\\/secure.gravatar.com\\\/avatar\\\/c17a617433de8c1dc9584bb79aab7563b46f5bb7e1728c9b17d9cc3ce6a08e49?s=96&d=mm&r=g\",\"width\":96,\"height\":96,\"caption\":\"administrador\"}},{\"@type\":\"WebPage\",\"@id\":\"https:\\\/\\\/newsinfoco.com.br\\\/inicio\\\/vila-de-santo-antonio-d-alagoinha-conquista-o-publico-e-movimenta-a-economia-no-mercado-do-artesao\\\/#webpage\",\"url\":\"https:\\\/\\\/newsinfoco.com.br\\\/inicio\\\/vila-de-santo-antonio-d-alagoinha-conquista-o-publico-e-movimenta-a-economia-no-mercado-do-artesao\\\/\",\"name\":\"Vila de Santo Ant\\u00f4nio D\\u2019 Alagoinha conquista o p\\u00fablico e movimenta a economia no Mercado do Artes\\u00e3o - News In Foco - Editado por Caio Pimenta\",\"description\":\"A Vila de Santo Ant\\u00f4nio D\\u2019 Alagoinha, xod\\u00f3 de quem ama o bom e velho forr\\u00f3, chegou ao final. Os festejos na Pra\\u00e7a da Bandeira, bem em frente ao Mercado do Artes\\u00e3o, aconteceram da \\u00faltima sexta-feira (16) at\\u00e9 a noite de ter\\u00e7a-feira (20), atraindo um p\\u00fablico cativo. O Expresso Band esteve por l\\u00e1 no pen\\u00faltimo\",\"inLanguage\":\"pt-BR\",\"isPartOf\":{\"@id\":\"https:\\\/\\\/newsinfoco.com.br\\\/inicio\\\/#website\"},\"breadcrumb\":{\"@id\":\"https:\\\/\\\/newsinfoco.com.br\\\/inicio\\\/vila-de-santo-antonio-d-alagoinha-conquista-o-publico-e-movimenta-a-economia-no-mercado-do-artesao\\\/#breadcrumblist\"},\"author\":{\"@id\":\"https:\\\/\\\/newsinfoco.com.br\\\/inicio\\\/author\\\/administrador\\\/#author\"},\"creator\":{\"@id\":\"https:\\\/\\\/newsinfoco.com.br\\\/inicio\\\/author\\\/administrador\\\/#author\"},\"image\":{\"@type\":\"ImageObject\",\"url\":\"https:\\\/\\\/newsinfoco.com.br\\\/inicio\\\/wp-content\\\/uploads\\\/2023\\\/06\\\/WhatsApp-Image-2023-06-21-at-08.51.28.webp\",\"@id\":\"https:\\\/\\\/newsinfoco.com.br\\\/inicio\\\/vila-de-santo-antonio-d-alagoinha-conquista-o-publico-e-movimenta-a-economia-no-mercado-do-artesao\\\/#mainImage\",\"width\":1600,\"height\":1066},\"primaryImageOfPage\":{\"@id\":\"https:\\\/\\\/newsinfoco.com.br\\\/inicio\\\/vila-de-santo-antonio-d-alagoinha-conquista-o-publico-e-movimenta-a-economia-no-mercado-do-artesao\\\/#mainImage\"},\"datePublished\":\"2023-06-21T20:48:37-03:00\",\"dateModified\":\"2023-06-21T20:48:37-03:00\"},{\"@type\":\"WebSite\",\"@id\":\"https:\\\/\\\/newsinfoco.com.br\\\/inicio\\\/#website\",\"url\":\"https:\\\/\\\/newsinfoco.com.br\\\/inicio\\\/\",\"name\":\"News In Foco - Editado por Caio Pimenta\",\"description\":\"O principal site de noticias de Alagoinhas e regi\\u00e3o\",\"inLanguage\":\"pt-BR\",\"publisher\":{\"@id\":\"https:\\\/\\\/newsinfoco.com.br\\\/inicio\\\/#organization\"}}]}\n\t\t<\/script>\n\t\t<!-- All in One SEO -->\n\n","aioseo_head_json":{"title":"Vila de Santo Ant\u00f4nio D\u2019 Alagoinha conquista o p\u00fablico e movimenta a economia no Mercado do Artes\u00e3o - News In Foco - Editado por Caio Pimenta","description":"A Vila de Santo Ant\u00f4nio D\u2019 Alagoinha, xod\u00f3 de quem ama o bom e velho forr\u00f3, chegou ao final. Os festejos na Pra\u00e7a da Bandeira, bem em frente ao Mercado do Artes\u00e3o, aconteceram da \u00faltima sexta-feira (16) at\u00e9 a noite de ter\u00e7a-feira (20), atraindo um p\u00fablico cativo. O Expresso Band esteve por l\u00e1 no pen\u00faltimo","canonical_url":"https:\/\/newsinfoco.com.br\/inicio\/vila-de-santo-antonio-d-alagoinha-conquista-o-publico-e-movimenta-a-economia-no-mercado-do-artesao\/","robots":"max-image-preview:large","keywords":"","webmasterTools":{"miscellaneous":""},"schema":{"@context":"https:\/\/schema.org","@graph":[{"@type":"BlogPosting","@id":"https:\/\/newsinfoco.com.br\/inicio\/vila-de-santo-antonio-d-alagoinha-conquista-o-publico-e-movimenta-a-economia-no-mercado-do-artesao\/#blogposting","name":"Vila de Santo Ant\u00f4nio D\u2019 Alagoinha conquista o p\u00fablico e movimenta a economia no Mercado do Artes\u00e3o - News In Foco - Editado por Caio Pimenta","headline":"Vila de Santo Ant\u00f4nio D\u2019 Alagoinha conquista o p\u00fablico e movimenta a economia no Mercado do Artes\u00e3o","author":{"@id":"https:\/\/newsinfoco.com.br\/inicio\/author\/administrador\/#author"},"publisher":{"@id":"https:\/\/newsinfoco.com.br\/inicio\/#organization"},"image":{"@type":"ImageObject","url":"https:\/\/newsinfoco.com.br\/inicio\/wp-content\/uploads\/2023\/06\/WhatsApp-Image-2023-06-21-at-08.51.28.webp","width":1600,"height":1066},"datePublished":"2023-06-21T20:48:37-03:00","dateModified":"2023-06-21T20:48:37-03:00","inLanguage":"pt-BR","mainEntityOfPage":{"@id":"https:\/\/newsinfoco.com.br\/inicio\/vila-de-santo-antonio-d-alagoinha-conquista-o-publico-e-movimenta-a-economia-no-mercado-do-artesao\/#webpage"},"isPartOf":{"@id":"https:\/\/newsinfoco.com.br\/inicio\/vila-de-santo-antonio-d-alagoinha-conquista-o-publico-e-movimenta-a-economia-no-mercado-do-artesao\/#webpage"},"articleSection":"Alagoinhas e Regi\u00e3o, Manchete"},{"@type":"BreadcrumbList","@id":"https:\/\/newsinfoco.com.br\/inicio\/vila-de-santo-antonio-d-alagoinha-conquista-o-publico-e-movimenta-a-economia-no-mercado-do-artesao\/#breadcrumblist","itemListElement":[{"@type":"ListItem","@id":"https:\/\/newsinfoco.com.br\/inicio#listItem","position":1,"name":"In\u00edcio","item":"https:\/\/newsinfoco.com.br\/inicio","nextItem":{"@type":"ListItem","@id":"https:\/\/newsinfoco.com.br\/inicio\/category\/alagoinhas-e-regiao\/#listItem","name":"Alagoinhas e Regi\u00e3o"}},{"@type":"ListItem","@id":"https:\/\/newsinfoco.com.br\/inicio\/category\/alagoinhas-e-regiao\/#listItem","position":2,"name":"Alagoinhas e Regi\u00e3o","item":"https:\/\/newsinfoco.com.br\/inicio\/category\/alagoinhas-e-regiao\/","nextItem":{"@type":"ListItem","@id":"https:\/\/newsinfoco.com.br\/inicio\/vila-de-santo-antonio-d-alagoinha-conquista-o-publico-e-movimenta-a-economia-no-mercado-do-artesao\/#listItem","name":"Vila de Santo Ant\u00f4nio D\u2019 Alagoinha conquista o p\u00fablico e movimenta a economia no Mercado do Artes\u00e3o"},"previousItem":{"@type":"ListItem","@id":"https:\/\/newsinfoco.com.br\/inicio#listItem","name":"In\u00edcio"}},{"@type":"ListItem","@id":"https:\/\/newsinfoco.com.br\/inicio\/vila-de-santo-antonio-d-alagoinha-conquista-o-publico-e-movimenta-a-economia-no-mercado-do-artesao\/#listItem","position":3,"name":"Vila de Santo Ant\u00f4nio D\u2019 Alagoinha conquista o p\u00fablico e movimenta a economia no Mercado do Artes\u00e3o","previousItem":{"@type":"ListItem","@id":"https:\/\/newsinfoco.com.br\/inicio\/category\/alagoinhas-e-regiao\/#listItem","name":"Alagoinhas e Regi\u00e3o"}}]},{"@type":"Organization","@id":"https:\/\/newsinfoco.com.br\/inicio\/#organization","name":"News In Foco - Editado por Caio Pimenta","description":"O principal site de noticias de Alagoinhas e regi\u00e3o","url":"https:\/\/newsinfoco.com.br\/inicio\/"},{"@type":"Person","@id":"https:\/\/newsinfoco.com.br\/inicio\/author\/administrador\/#author","url":"https:\/\/newsinfoco.com.br\/inicio\/author\/administrador\/","name":"administrador","image":{"@type":"ImageObject","@id":"https:\/\/newsinfoco.com.br\/inicio\/vila-de-santo-antonio-d-alagoinha-conquista-o-publico-e-movimenta-a-economia-no-mercado-do-artesao\/#authorImage","url":"https:\/\/secure.gravatar.com\/avatar\/c17a617433de8c1dc9584bb79aab7563b46f5bb7e1728c9b17d9cc3ce6a08e49?s=96&d=mm&r=g","width":96,"height":96,"caption":"administrador"}},{"@type":"WebPage","@id":"https:\/\/newsinfoco.com.br\/inicio\/vila-de-santo-antonio-d-alagoinha-conquista-o-publico-e-movimenta-a-economia-no-mercado-do-artesao\/#webpage","url":"https:\/\/newsinfoco.com.br\/inicio\/vila-de-santo-antonio-d-alagoinha-conquista-o-publico-e-movimenta-a-economia-no-mercado-do-artesao\/","name":"Vila de Santo Ant\u00f4nio D\u2019 Alagoinha conquista o p\u00fablico e movimenta a economia no Mercado do Artes\u00e3o - News In Foco - Editado por Caio Pimenta","description":"A Vila de Santo Ant\u00f4nio D\u2019 Alagoinha, xod\u00f3 de quem ama o bom e velho forr\u00f3, chegou ao final. Os festejos na Pra\u00e7a da Bandeira, bem em frente ao Mercado do Artes\u00e3o, aconteceram da \u00faltima sexta-feira (16) at\u00e9 a noite de ter\u00e7a-feira (20), atraindo um p\u00fablico cativo. O Expresso Band esteve por l\u00e1 no pen\u00faltimo","inLanguage":"pt-BR","isPartOf":{"@id":"https:\/\/newsinfoco.com.br\/inicio\/#website"},"breadcrumb":{"@id":"https:\/\/newsinfoco.com.br\/inicio\/vila-de-santo-antonio-d-alagoinha-conquista-o-publico-e-movimenta-a-economia-no-mercado-do-artesao\/#breadcrumblist"},"author":{"@id":"https:\/\/newsinfoco.com.br\/inicio\/author\/administrador\/#author"},"creator":{"@id":"https:\/\/newsinfoco.com.br\/inicio\/author\/administrador\/#author"},"image":{"@type":"ImageObject","url":"https:\/\/newsinfoco.com.br\/inicio\/wp-content\/uploads\/2023\/06\/WhatsApp-Image-2023-06-21-at-08.51.28.webp","@id":"https:\/\/newsinfoco.com.br\/inicio\/vila-de-santo-antonio-d-alagoinha-conquista-o-publico-e-movimenta-a-economia-no-mercado-do-artesao\/#mainImage","width":1600,"height":1066},"primaryImageOfPage":{"@id":"https:\/\/newsinfoco.com.br\/inicio\/vila-de-santo-antonio-d-alagoinha-conquista-o-publico-e-movimenta-a-economia-no-mercado-do-artesao\/#mainImage"},"datePublished":"2023-06-21T20:48:37-03:00","dateModified":"2023-06-21T20:48:37-03:00"},{"@type":"WebSite","@id":"https:\/\/newsinfoco.com.br\/inicio\/#website","url":"https:\/\/newsinfoco.com.br\/inicio\/","name":"News In Foco - Editado por Caio Pimenta","description":"O principal site de noticias de Alagoinhas e regi\u00e3o","inLanguage":"pt-BR","publisher":{"@id":"https:\/\/newsinfoco.com.br\/inicio\/#organization"}}]},"og:locale":"pt_BR","og:site_name":"News In Foco - Editado por Caio Pimenta - O principal site de noticias de Alagoinhas e regi\u00e3o","og:type":"article","og:title":"Vila de Santo Ant\u00f4nio D\u2019 Alagoinha conquista o p\u00fablico e movimenta a economia no Mercado do Artes\u00e3o - News In Foco - Editado por Caio Pimenta","og:description":"A Vila de Santo Ant\u00f4nio D\u2019 Alagoinha, xod\u00f3 de quem ama o bom e velho forr\u00f3, chegou ao final. Os festejos na Pra\u00e7a da Bandeira, bem em frente ao Mercado do Artes\u00e3o, aconteceram da \u00faltima sexta-feira (16) at\u00e9 a noite de ter\u00e7a-feira (20), atraindo um p\u00fablico cativo. O Expresso Band esteve por l\u00e1 no pen\u00faltimo","og:url":"https:\/\/newsinfoco.com.br\/inicio\/vila-de-santo-antonio-d-alagoinha-conquista-o-publico-e-movimenta-a-economia-no-mercado-do-artesao\/","article:published_time":"2023-06-21T23:48:37+00:00","article:modified_time":"2023-06-21T23:48:37+00:00","twitter:card":"summary_large_image","twitter:title":"Vila de Santo Ant\u00f4nio D\u2019 Alagoinha conquista o p\u00fablico e movimenta a economia no Mercado do Artes\u00e3o - News In Foco - Editado por Caio Pimenta","twitter:description":"A Vila de Santo Ant\u00f4nio D\u2019 Alagoinha, xod\u00f3 de quem ama o bom e velho forr\u00f3, chegou ao final. Os festejos na Pra\u00e7a da Bandeira, bem em frente ao Mercado do Artes\u00e3o, aconteceram da \u00faltima sexta-feira (16) at\u00e9 a noite de ter\u00e7a-feira (20), atraindo um p\u00fablico cativo. O Expresso Band esteve por l\u00e1 no pen\u00faltimo"},"aioseo_meta_data":{"post_id":"34431","title":null,"description":null,"keywords":[],"keyphrases":{"focus":{"keyphrase":"","score":0,"analysis":{"keyphraseInTitle":{"score":0,"maxScore":9,"error":1}}},"additional":[]},"primary_term":null,"canonical_url":null,"og_title":null,"og_description":null,"og_object_type":"default","og_image_type":"default","og_image_url":null,"og_image_width":null,"og_image_height":null,"og_image_custom_url":null,"og_image_custom_fields":null,"og_video":"","og_custom_url":null,"og_article_section":null,"og_article_tags":[],"twitter_use_og":false,"twitter_card":"default","twitter_image_type":"default","twitter_image_url":null,"twitter_image_custom_url":null,"twitter_image_custom_fields":null,"twitter_title":null,"twitter_description":null,"schema":{"blockGraphs":[],"customGraphs":[],"default":{"data":{"Article":[],"Course":[],"Dataset":[],"FAQPage":[],"Movie":[],"Person":[],"Product":[],"ProductReview":[],"Car":[],"Recipe":[],"Service":[],"SoftwareApplication":[],"WebPage":[]},"graphName":"","isEnabled":true},"graphs":[]},"schema_type":"default","schema_type_options":null,"pillar_content":false,"robots_default":true,"robots_noindex":false,"robots_noarchive":false,"robots_nosnippet":false,"robots_nofollow":false,"robots_noimageindex":false,"robots_noodp":false,"robots_notranslate":false,"robots_max_snippet":"-1","robots_max_videopreview":"-1","robots_max_imagepreview":"large","priority":0,"frequency":"default","local_seo":null,"breadcrumb_settings":null,"limit_modified_date":false,"ai":null,"created":"2023-06-21 23:48:37","updated":"2025-07-11 09:56:56","seo_analyzer_scan_date":null},"aioseo_breadcrumb":"<div class=\"aioseo-breadcrumbs\"><span class=\"aioseo-breadcrumb\">\n\t\t\t<a href=\"https:\/\/newsinfoco.com.br\/inicio\" title=\"In\u00edcio\">In\u00edcio<\/a>\n\t\t<\/span><span class=\"aioseo-breadcrumb-separator\">&raquo;<\/span><span class=\"aioseo-breadcrumb\">\n\t\t\t<a href=\"https:\/\/newsinfoco.com.br\/inicio\/category\/alagoinhas-e-regiao\/\" title=\"Alagoinhas e Regi\u00e3o\">Alagoinhas e Regi\u00e3o<\/a>\n\t\t<\/span><span class=\"aioseo-breadcrumb-separator\">&raquo;<\/span><span class=\"aioseo-breadcrumb\">\n\t\t\tVila de Santo Ant\u00f4nio D\u2019 Alagoinha conquista o p\u00fablico e movimenta a economia no Mercado do Artes\u00e3o\n\t\t<\/span><\/div>","aioseo_breadcrumb_json":[{"label":"In\u00edcio","link":"https:\/\/newsinfoco.com.br\/inicio"},{"label":"Alagoinhas e Regi\u00e3o","link":"https:\/\/newsinfoco.com.br\/inicio\/category\/alagoinhas-e-regiao\/"},{"label":"Vila de Santo Ant\u00f4nio D\u2019 Alagoinha conquista o p\u00fablico e movimenta a economia no Mercado do Artes\u00e3o","link":"https:\/\/newsinfoco.com.br\/inicio\/vila-de-santo-antonio-d-alagoinha-conquista-o-publico-e-movimenta-a-economia-no-mercado-do-artesao\/"}],"_links":{"self":[{"href":"https:\/\/newsinfoco.com.br\/inicio\/wp-json\/wp\/v2\/posts\/34431","targetHints":{"allow":["GET"]}}],"collection":[{"href":"https:\/\/newsinfoco.com.br\/inicio\/wp-json\/wp\/v2\/posts"}],"about":[{"href":"https:\/\/newsinfoco.com.br\/inicio\/wp-json\/wp\/v2\/types\/post"}],"author":[{"embeddable":true,"href":"https:\/\/newsinfoco.com.br\/inicio\/wp-json\/wp\/v2\/users\/1"}],"replies":[{"embeddable":true,"href":"https:\/\/newsinfoco.com.br\/inicio\/wp-json\/wp\/v2\/comments?post=34431"}],"version-history":[{"count":1,"href":"https:\/\/newsinfoco.com.br\/inicio\/wp-json\/wp\/v2\/posts\/34431\/revisions"}],"predecessor-version":[{"id":34433,"href":"https:\/\/newsinfoco.com.br\/inicio\/wp-json\/wp\/v2\/posts\/34431\/revisions\/34433"}],"wp:featuredmedia":[{"embeddable":true,"href":"https:\/\/newsinfoco.com.br\/inicio\/wp-json\/wp\/v2\/media\/34432"}],"wp:attachment":[{"href":"https:\/\/newsinfoco.com.br\/inicio\/wp-json\/wp\/v2\/media?parent=34431"}],"wp:term":[{"taxonomy":"category","embeddable":true,"href":"https:\/\/newsinfoco.com.br\/inicio\/wp-json\/wp\/v2\/categories?post=34431"},{"taxonomy":"post_tag","embeddable":true,"href":"https:\/\/newsinfoco.com.br\/inicio\/wp-json\/wp\/v2\/tags?post=34431"}],"curies":[{"name":"wp","href":"https:\/\/api.w.org\/{rel}","templated":true}]}}