{"id":34443,"date":"2023-06-22T17:28:38","date_gmt":"2023-06-22T20:28:38","guid":{"rendered":"https:\/\/newsinfoco.com.br\/inicio\/?p=34443"},"modified":"2023-06-22T17:28:38","modified_gmt":"2023-06-22T20:28:38","slug":"passageiros-do-submarino-morreram-em-catastrofica-implosao-diz-guarda-costeira-dos-eua","status":"publish","type":"post","link":"https:\/\/newsinfoco.com.br\/inicio\/passageiros-do-submarino-morreram-em-catastrofica-implosao-diz-guarda-costeira-dos-eua\/","title":{"rendered":"Passageiros do submarino morreram em \u2018catastr\u00f3fica implos\u00e3o\u2019, diz Guarda Costeira dos EUA"},"content":{"rendered":"<p>A Guarda Costeira dos EUA informou nesta quinta-feira (22) que os destro\u00e7os encontrados nas buscas pelo submers\u00edvel Titan s\u00e3o compat\u00edveis com uma perda de press\u00e3o do ve\u00edculo, o que provocou uma implos\u00e3o e levou \u00e0 morte os cinco passageiros que estavam a bordo.<\/p>\n<p>\u201cFoi uma catastr\u00f3fica implos\u00e3o\u201d, disse John Mauger, porta-voz da Guarda Costeira. Foram achadas cinco pe\u00e7as principais do submers\u00edvel \u2014a primeira delas foi a parte traseira do ve\u00edculo, localizada por um rob\u00f4.<\/p>\n<p>Os ru\u00eddos detectados na noite da ter\u00e7a-feira (20) e nesta quarta (21), que deram esperan\u00e7a de encontrar sobreviventes, n\u00e3o parecem ter conex\u00e3o com o caso, de acordo com an\u00e1lises da equipe de resgate.<\/p>\n<p>O submers\u00edvel perdeu contato com a superf\u00edcie no domingo (18), 1h45 ap\u00f3s o in\u00edcio do mergulho. Ainda \u00e9 cedo para falar se o acidente aconteceu nesse momento ou posteriormente, segundo o porta-voz, mas as equipes de resgate n\u00e3o detectaram implos\u00f5es nas 72 horas em que estiveram embaixo da \u00e1gua.<\/p>\n<p>Mais cedo, a empresa OceanGate Expeditions, respons\u00e1vel pelo submarino, havia divulgado nota na qual dizia acreditar que as cinco pessoas a bordo morreram. \u201cEsses homens eram verdadeiros exploradores que compartilhavam um esp\u00edrito de aventura e uma profunda paix\u00e3o por explorar e proteger os oceanos do mundo\u201d, diz trecho do comunicado, obtido pela CNN americana.<\/p>\n<p>\u201cNossos cora\u00e7\u00f5es est\u00e3o com essas cinco almas e todos os membros de suas fam\u00edlias durante esse per\u00edodo tr\u00e1gico. Lamentamos a perda de vidas e a alegria que eles trouxeram para todos que conheciam\u201d.<\/p>\n<p>Estavam no submarino Titan o empres\u00e1rio americano Stockton Rush, 61 (dono da OceanGate e piloto do ve\u00edculo), o bilion\u00e1rio brit\u00e2nico Hamish Harding, 58 (presidente-executivo da empresa Action Aviation), o empres\u00e1rio paquistan\u00eas Shahzada Dawood, 48 ( vice-presidente do conglomerado Engro) e seu filho Suleman, 19, e o franc\u00eas Paul-Henry Nargeolet, 77 (mergulhador especialista no naufr\u00e1gio).<\/p>\n<p>O mergulho na costa do Canad\u00e1 com cinco pessoas a bordo come\u00e7ou \u00e0s 8 horas no hor\u00e1rio local (9h em Bras\u00edlia) do \u00faltimo domingo (18), de acordo com a ag\u00eancia de not\u00edcias Reuters. A empresa OceanGate, que opera o Titan, diz que o submers\u00edvel tem reserva de oxig\u00eanio para at\u00e9 96 horas \u2014ou quatro dias.<\/p>\n<p>&nbsp;<\/p>\n<p><span class=\"assinatura_exclusiva\">Folhapress<\/span><\/p>\n<div class='share-to-whatsapp-wrapper'><div class='share-on-whsp'>Share on: <\/div><a data-text='Passageiros do submarino morreram em \u2018catastr\u00f3fica implos\u00e3o\u2019, diz Guarda Costeira dos EUA' data-link='https:\/\/newsinfoco.com.br\/inicio\/passageiros-do-submarino-morreram-em-catastrofica-implosao-diz-guarda-costeira-dos-eua\/' class='whatsapp-button whatsapp-share'>WhatsApp<\/a><div class='clear '><\/div><\/div>","protected":false},"excerpt":{"rendered":"<p>A Guarda Costeira dos EUA informou nesta quinta-feira (22) que os destro\u00e7os encontrados nas buscas pelo submers\u00edvel Titan s\u00e3o compat\u00edveis com uma perda de press\u00e3o do ve\u00edculo, o que provocou uma implos\u00e3o e levou \u00e0 morte os cinco passageiros que estavam a bordo. \u201cFoi uma catastr\u00f3fica implos\u00e3o\u201d, disse John Mauger, porta-voz da Guarda Costeira. Foram [&hellip;]<\/p>\n","protected":false},"author":1,"featured_media":34444,"comment_status":"closed","ping_status":"closed","sticky":false,"template":"","format":"standard","meta":{"om_disable_all_campaigns":false,"rop_custom_images_group":[],"rop_custom_messages_group":[],"rop_publish_now":"initial","rop_publish_now_accounts":[],"rop_publish_now_history":[],"rop_publish_now_status":"pending","_exactmetrics_skip_tracking":false,"footnotes":""},"categories":[21],"tags":[],"class_list":["post-34443","post","type-post","status-publish","format-standard","has-post-thumbnail","hentry","category-brasil"],"aioseo_notices":[],"aioseo_head":"\n\t\t<!-- All in One SEO 4.9.10 - aioseo.com -->\n\t<meta name=\"description\" content=\"A Guarda Costeira dos EUA informou nesta quinta-feira (22) que os destro\u00e7os encontrados nas buscas pelo submers\u00edvel Titan s\u00e3o compat\u00edveis com uma perda de press\u00e3o do ve\u00edculo, o que provocou uma implos\u00e3o e levou \u00e0 morte os cinco passageiros que estavam a bordo. \u201cFoi uma catastr\u00f3fica implos\u00e3o\u201d, disse John Mauger, porta-voz da Guarda Costeira. Foram\" \/>\n\t<meta name=\"robots\" content=\"max-image-preview:large\" \/>\n\t<meta name=\"author\" content=\"administrador\"\/>\n\t<link rel=\"canonical\" href=\"https:\/\/newsinfoco.com.br\/inicio\/passageiros-do-submarino-morreram-em-catastrofica-implosao-diz-guarda-costeira-dos-eua\/\" \/>\n\t<meta name=\"generator\" content=\"All in One SEO (AIOSEO) 4.9.10\" \/>\n\t\t<meta property=\"og:locale\" content=\"pt_BR\" \/>\n\t\t<meta property=\"og:site_name\" content=\"News In Foco - Editado por Caio Pimenta - O principal site de noticias de Alagoinhas e regi\u00e3o\" \/>\n\t\t<meta property=\"og:type\" content=\"article\" \/>\n\t\t<meta property=\"og:title\" content=\"Passageiros do submarino morreram em \u2018catastr\u00f3fica implos\u00e3o\u2019, diz Guarda Costeira dos EUA - News In Foco - Editado por Caio Pimenta\" \/>\n\t\t<meta property=\"og:description\" content=\"A Guarda Costeira dos EUA informou nesta quinta-feira (22) que os destro\u00e7os encontrados nas buscas pelo submers\u00edvel Titan s\u00e3o compat\u00edveis com uma perda de press\u00e3o do ve\u00edculo, o que provocou uma implos\u00e3o e levou \u00e0 morte os cinco passageiros que estavam a bordo. \u201cFoi uma catastr\u00f3fica implos\u00e3o\u201d, disse John Mauger, porta-voz da Guarda Costeira. Foram\" \/>\n\t\t<meta property=\"og:url\" content=\"https:\/\/newsinfoco.com.br\/inicio\/passageiros-do-submarino-morreram-em-catastrofica-implosao-diz-guarda-costeira-dos-eua\/\" \/>\n\t\t<meta property=\"article:published_time\" content=\"2023-06-22T20:28:38+00:00\" \/>\n\t\t<meta property=\"article:modified_time\" content=\"2023-06-22T20:28:38+00:00\" \/>\n\t\t<meta name=\"twitter:card\" content=\"summary_large_image\" \/>\n\t\t<meta name=\"twitter:title\" content=\"Passageiros do submarino morreram em \u2018catastr\u00f3fica implos\u00e3o\u2019, diz Guarda Costeira dos EUA - News In Foco - Editado por Caio Pimenta\" \/>\n\t\t<meta name=\"twitter:description\" content=\"A Guarda Costeira dos EUA informou nesta quinta-feira (22) que os destro\u00e7os encontrados nas buscas pelo submers\u00edvel Titan s\u00e3o compat\u00edveis com uma perda de press\u00e3o do ve\u00edculo, o que provocou uma implos\u00e3o e levou \u00e0 morte os cinco passageiros que estavam a bordo. \u201cFoi uma catastr\u00f3fica implos\u00e3o\u201d, disse John Mauger, porta-voz da Guarda Costeira. Foram\" \/>\n\t\t<script type=\"application\/ld+json\" class=\"aioseo-schema\">\n\t\t\t{\"@context\":\"https:\\\/\\\/schema.org\",\"@graph\":[{\"@type\":\"BlogPosting\",\"@id\":\"https:\\\/\\\/newsinfoco.com.br\\\/inicio\\\/passageiros-do-submarino-morreram-em-catastrofica-implosao-diz-guarda-costeira-dos-eua\\\/#blogposting\",\"name\":\"Passageiros do submarino morreram em \\u2018catastr\\u00f3fica implos\\u00e3o\\u2019, diz Guarda Costeira dos EUA - News In Foco - Editado por Caio Pimenta\",\"headline\":\"Passageiros do submarino morreram em \\u2018catastr\\u00f3fica implos\\u00e3o\\u2019, diz Guarda Costeira dos EUA\",\"author\":{\"@id\":\"https:\\\/\\\/newsinfoco.com.br\\\/inicio\\\/author\\\/administrador\\\/#author\"},\"publisher\":{\"@id\":\"https:\\\/\\\/newsinfoco.com.br\\\/inicio\\\/#organization\"},\"image\":{\"@type\":\"ImageObject\",\"url\":\"https:\\\/\\\/newsinfoco.com.br\\\/inicio\\\/wp-content\\\/uploads\\\/2023\\\/06\\\/1_000_33kj49d-28303206.jpg\",\"width\":675,\"height\":450},\"datePublished\":\"2023-06-22T17:28:38-03:00\",\"dateModified\":\"2023-06-22T17:28:38-03:00\",\"inLanguage\":\"pt-BR\",\"mainEntityOfPage\":{\"@id\":\"https:\\\/\\\/newsinfoco.com.br\\\/inicio\\\/passageiros-do-submarino-morreram-em-catastrofica-implosao-diz-guarda-costeira-dos-eua\\\/#webpage\"},\"isPartOf\":{\"@id\":\"https:\\\/\\\/newsinfoco.com.br\\\/inicio\\\/passageiros-do-submarino-morreram-em-catastrofica-implosao-diz-guarda-costeira-dos-eua\\\/#webpage\"},\"articleSection\":\"Brasil\"},{\"@type\":\"BreadcrumbList\",\"@id\":\"https:\\\/\\\/newsinfoco.com.br\\\/inicio\\\/passageiros-do-submarino-morreram-em-catastrofica-implosao-diz-guarda-costeira-dos-eua\\\/#breadcrumblist\",\"itemListElement\":[{\"@type\":\"ListItem\",\"@id\":\"https:\\\/\\\/newsinfoco.com.br\\\/inicio#listItem\",\"position\":1,\"name\":\"In\\u00edcio\",\"item\":\"https:\\\/\\\/newsinfoco.com.br\\\/inicio\",\"nextItem\":{\"@type\":\"ListItem\",\"@id\":\"https:\\\/\\\/newsinfoco.com.br\\\/inicio\\\/category\\\/brasil\\\/#listItem\",\"name\":\"Brasil\"}},{\"@type\":\"ListItem\",\"@id\":\"https:\\\/\\\/newsinfoco.com.br\\\/inicio\\\/category\\\/brasil\\\/#listItem\",\"position\":2,\"name\":\"Brasil\",\"item\":\"https:\\\/\\\/newsinfoco.com.br\\\/inicio\\\/category\\\/brasil\\\/\",\"nextItem\":{\"@type\":\"ListItem\",\"@id\":\"https:\\\/\\\/newsinfoco.com.br\\\/inicio\\\/passageiros-do-submarino-morreram-em-catastrofica-implosao-diz-guarda-costeira-dos-eua\\\/#listItem\",\"name\":\"Passageiros do submarino morreram em \\u2018catastr\\u00f3fica implos\\u00e3o\\u2019, diz Guarda Costeira dos EUA\"},\"previousItem\":{\"@type\":\"ListItem\",\"@id\":\"https:\\\/\\\/newsinfoco.com.br\\\/inicio#listItem\",\"name\":\"In\\u00edcio\"}},{\"@type\":\"ListItem\",\"@id\":\"https:\\\/\\\/newsinfoco.com.br\\\/inicio\\\/passageiros-do-submarino-morreram-em-catastrofica-implosao-diz-guarda-costeira-dos-eua\\\/#listItem\",\"position\":3,\"name\":\"Passageiros do submarino morreram em \\u2018catastr\\u00f3fica implos\\u00e3o\\u2019, diz Guarda Costeira dos EUA\",\"previousItem\":{\"@type\":\"ListItem\",\"@id\":\"https:\\\/\\\/newsinfoco.com.br\\\/inicio\\\/category\\\/brasil\\\/#listItem\",\"name\":\"Brasil\"}}]},{\"@type\":\"Organization\",\"@id\":\"https:\\\/\\\/newsinfoco.com.br\\\/inicio\\\/#organization\",\"name\":\"News In Foco - Editado por Caio Pimenta\",\"description\":\"O principal site de noticias de Alagoinhas e regi\\u00e3o\",\"url\":\"https:\\\/\\\/newsinfoco.com.br\\\/inicio\\\/\"},{\"@type\":\"Person\",\"@id\":\"https:\\\/\\\/newsinfoco.com.br\\\/inicio\\\/author\\\/administrador\\\/#author\",\"url\":\"https:\\\/\\\/newsinfoco.com.br\\\/inicio\\\/author\\\/administrador\\\/\",\"name\":\"administrador\",\"image\":{\"@type\":\"ImageObject\",\"@id\":\"https:\\\/\\\/newsinfoco.com.br\\\/inicio\\\/passageiros-do-submarino-morreram-em-catastrofica-implosao-diz-guarda-costeira-dos-eua\\\/#authorImage\",\"url\":\"https:\\\/\\\/secure.gravatar.com\\\/avatar\\\/c17a617433de8c1dc9584bb79aab7563b46f5bb7e1728c9b17d9cc3ce6a08e49?s=96&d=mm&r=g\",\"width\":96,\"height\":96,\"caption\":\"administrador\"}},{\"@type\":\"WebPage\",\"@id\":\"https:\\\/\\\/newsinfoco.com.br\\\/inicio\\\/passageiros-do-submarino-morreram-em-catastrofica-implosao-diz-guarda-costeira-dos-eua\\\/#webpage\",\"url\":\"https:\\\/\\\/newsinfoco.com.br\\\/inicio\\\/passageiros-do-submarino-morreram-em-catastrofica-implosao-diz-guarda-costeira-dos-eua\\\/\",\"name\":\"Passageiros do submarino morreram em \\u2018catastr\\u00f3fica implos\\u00e3o\\u2019, diz Guarda Costeira dos EUA - News In Foco - Editado por Caio Pimenta\",\"description\":\"A Guarda Costeira dos EUA informou nesta quinta-feira (22) que os destro\\u00e7os encontrados nas buscas pelo submers\\u00edvel Titan s\\u00e3o compat\\u00edveis com uma perda de press\\u00e3o do ve\\u00edculo, o que provocou uma implos\\u00e3o e levou \\u00e0 morte os cinco passageiros que estavam a bordo. \\u201cFoi uma catastr\\u00f3fica implos\\u00e3o\\u201d, disse John Mauger, porta-voz da Guarda Costeira. Foram\",\"inLanguage\":\"pt-BR\",\"isPartOf\":{\"@id\":\"https:\\\/\\\/newsinfoco.com.br\\\/inicio\\\/#website\"},\"breadcrumb\":{\"@id\":\"https:\\\/\\\/newsinfoco.com.br\\\/inicio\\\/passageiros-do-submarino-morreram-em-catastrofica-implosao-diz-guarda-costeira-dos-eua\\\/#breadcrumblist\"},\"author\":{\"@id\":\"https:\\\/\\\/newsinfoco.com.br\\\/inicio\\\/author\\\/administrador\\\/#author\"},\"creator\":{\"@id\":\"https:\\\/\\\/newsinfoco.com.br\\\/inicio\\\/author\\\/administrador\\\/#author\"},\"image\":{\"@type\":\"ImageObject\",\"url\":\"https:\\\/\\\/newsinfoco.com.br\\\/inicio\\\/wp-content\\\/uploads\\\/2023\\\/06\\\/1_000_33kj49d-28303206.jpg\",\"@id\":\"https:\\\/\\\/newsinfoco.com.br\\\/inicio\\\/passageiros-do-submarino-morreram-em-catastrofica-implosao-diz-guarda-costeira-dos-eua\\\/#mainImage\",\"width\":675,\"height\":450},\"primaryImageOfPage\":{\"@id\":\"https:\\\/\\\/newsinfoco.com.br\\\/inicio\\\/passageiros-do-submarino-morreram-em-catastrofica-implosao-diz-guarda-costeira-dos-eua\\\/#mainImage\"},\"datePublished\":\"2023-06-22T17:28:38-03:00\",\"dateModified\":\"2023-06-22T17:28:38-03:00\"},{\"@type\":\"WebSite\",\"@id\":\"https:\\\/\\\/newsinfoco.com.br\\\/inicio\\\/#website\",\"url\":\"https:\\\/\\\/newsinfoco.com.br\\\/inicio\\\/\",\"name\":\"News In Foco - Editado por Caio Pimenta\",\"description\":\"O principal site de noticias de Alagoinhas e regi\\u00e3o\",\"inLanguage\":\"pt-BR\",\"publisher\":{\"@id\":\"https:\\\/\\\/newsinfoco.com.br\\\/inicio\\\/#organization\"}}]}\n\t\t<\/script>\n\t\t<!-- All in One SEO -->\n\n","aioseo_head_json":{"title":"Passageiros do submarino morreram em \u2018catastr\u00f3fica implos\u00e3o\u2019, diz Guarda Costeira dos EUA - News In Foco - Editado por Caio Pimenta","description":"A Guarda Costeira dos EUA informou nesta quinta-feira (22) que os destro\u00e7os encontrados nas buscas pelo submers\u00edvel Titan s\u00e3o compat\u00edveis com uma perda de press\u00e3o do ve\u00edculo, o que provocou uma implos\u00e3o e levou \u00e0 morte os cinco passageiros que estavam a bordo. \u201cFoi uma catastr\u00f3fica implos\u00e3o\u201d, disse John Mauger, porta-voz da Guarda Costeira. Foram","canonical_url":"https:\/\/newsinfoco.com.br\/inicio\/passageiros-do-submarino-morreram-em-catastrofica-implosao-diz-guarda-costeira-dos-eua\/","robots":"max-image-preview:large","keywords":"","webmasterTools":{"miscellaneous":""},"schema":{"@context":"https:\/\/schema.org","@graph":[{"@type":"BlogPosting","@id":"https:\/\/newsinfoco.com.br\/inicio\/passageiros-do-submarino-morreram-em-catastrofica-implosao-diz-guarda-costeira-dos-eua\/#blogposting","name":"Passageiros do submarino morreram em \u2018catastr\u00f3fica implos\u00e3o\u2019, diz Guarda Costeira dos EUA - News In Foco - Editado por Caio Pimenta","headline":"Passageiros do submarino morreram em \u2018catastr\u00f3fica implos\u00e3o\u2019, diz Guarda Costeira dos EUA","author":{"@id":"https:\/\/newsinfoco.com.br\/inicio\/author\/administrador\/#author"},"publisher":{"@id":"https:\/\/newsinfoco.com.br\/inicio\/#organization"},"image":{"@type":"ImageObject","url":"https:\/\/newsinfoco.com.br\/inicio\/wp-content\/uploads\/2023\/06\/1_000_33kj49d-28303206.jpg","width":675,"height":450},"datePublished":"2023-06-22T17:28:38-03:00","dateModified":"2023-06-22T17:28:38-03:00","inLanguage":"pt-BR","mainEntityOfPage":{"@id":"https:\/\/newsinfoco.com.br\/inicio\/passageiros-do-submarino-morreram-em-catastrofica-implosao-diz-guarda-costeira-dos-eua\/#webpage"},"isPartOf":{"@id":"https:\/\/newsinfoco.com.br\/inicio\/passageiros-do-submarino-morreram-em-catastrofica-implosao-diz-guarda-costeira-dos-eua\/#webpage"},"articleSection":"Brasil"},{"@type":"BreadcrumbList","@id":"https:\/\/newsinfoco.com.br\/inicio\/passageiros-do-submarino-morreram-em-catastrofica-implosao-diz-guarda-costeira-dos-eua\/#breadcrumblist","itemListElement":[{"@type":"ListItem","@id":"https:\/\/newsinfoco.com.br\/inicio#listItem","position":1,"name":"In\u00edcio","item":"https:\/\/newsinfoco.com.br\/inicio","nextItem":{"@type":"ListItem","@id":"https:\/\/newsinfoco.com.br\/inicio\/category\/brasil\/#listItem","name":"Brasil"}},{"@type":"ListItem","@id":"https:\/\/newsinfoco.com.br\/inicio\/category\/brasil\/#listItem","position":2,"name":"Brasil","item":"https:\/\/newsinfoco.com.br\/inicio\/category\/brasil\/","nextItem":{"@type":"ListItem","@id":"https:\/\/newsinfoco.com.br\/inicio\/passageiros-do-submarino-morreram-em-catastrofica-implosao-diz-guarda-costeira-dos-eua\/#listItem","name":"Passageiros do submarino morreram em \u2018catastr\u00f3fica implos\u00e3o\u2019, diz Guarda Costeira dos EUA"},"previousItem":{"@type":"ListItem","@id":"https:\/\/newsinfoco.com.br\/inicio#listItem","name":"In\u00edcio"}},{"@type":"ListItem","@id":"https:\/\/newsinfoco.com.br\/inicio\/passageiros-do-submarino-morreram-em-catastrofica-implosao-diz-guarda-costeira-dos-eua\/#listItem","position":3,"name":"Passageiros do submarino morreram em \u2018catastr\u00f3fica implos\u00e3o\u2019, diz Guarda Costeira dos EUA","previousItem":{"@type":"ListItem","@id":"https:\/\/newsinfoco.com.br\/inicio\/category\/brasil\/#listItem","name":"Brasil"}}]},{"@type":"Organization","@id":"https:\/\/newsinfoco.com.br\/inicio\/#organization","name":"News In Foco - Editado por Caio Pimenta","description":"O principal site de noticias de Alagoinhas e regi\u00e3o","url":"https:\/\/newsinfoco.com.br\/inicio\/"},{"@type":"Person","@id":"https:\/\/newsinfoco.com.br\/inicio\/author\/administrador\/#author","url":"https:\/\/newsinfoco.com.br\/inicio\/author\/administrador\/","name":"administrador","image":{"@type":"ImageObject","@id":"https:\/\/newsinfoco.com.br\/inicio\/passageiros-do-submarino-morreram-em-catastrofica-implosao-diz-guarda-costeira-dos-eua\/#authorImage","url":"https:\/\/secure.gravatar.com\/avatar\/c17a617433de8c1dc9584bb79aab7563b46f5bb7e1728c9b17d9cc3ce6a08e49?s=96&d=mm&r=g","width":96,"height":96,"caption":"administrador"}},{"@type":"WebPage","@id":"https:\/\/newsinfoco.com.br\/inicio\/passageiros-do-submarino-morreram-em-catastrofica-implosao-diz-guarda-costeira-dos-eua\/#webpage","url":"https:\/\/newsinfoco.com.br\/inicio\/passageiros-do-submarino-morreram-em-catastrofica-implosao-diz-guarda-costeira-dos-eua\/","name":"Passageiros do submarino morreram em \u2018catastr\u00f3fica implos\u00e3o\u2019, diz Guarda Costeira dos EUA - News In Foco - Editado por Caio Pimenta","description":"A Guarda Costeira dos EUA informou nesta quinta-feira (22) que os destro\u00e7os encontrados nas buscas pelo submers\u00edvel Titan s\u00e3o compat\u00edveis com uma perda de press\u00e3o do ve\u00edculo, o que provocou uma implos\u00e3o e levou \u00e0 morte os cinco passageiros que estavam a bordo. \u201cFoi uma catastr\u00f3fica implos\u00e3o\u201d, disse John Mauger, porta-voz da Guarda Costeira. Foram","inLanguage":"pt-BR","isPartOf":{"@id":"https:\/\/newsinfoco.com.br\/inicio\/#website"},"breadcrumb":{"@id":"https:\/\/newsinfoco.com.br\/inicio\/passageiros-do-submarino-morreram-em-catastrofica-implosao-diz-guarda-costeira-dos-eua\/#breadcrumblist"},"author":{"@id":"https:\/\/newsinfoco.com.br\/inicio\/author\/administrador\/#author"},"creator":{"@id":"https:\/\/newsinfoco.com.br\/inicio\/author\/administrador\/#author"},"image":{"@type":"ImageObject","url":"https:\/\/newsinfoco.com.br\/inicio\/wp-content\/uploads\/2023\/06\/1_000_33kj49d-28303206.jpg","@id":"https:\/\/newsinfoco.com.br\/inicio\/passageiros-do-submarino-morreram-em-catastrofica-implosao-diz-guarda-costeira-dos-eua\/#mainImage","width":675,"height":450},"primaryImageOfPage":{"@id":"https:\/\/newsinfoco.com.br\/inicio\/passageiros-do-submarino-morreram-em-catastrofica-implosao-diz-guarda-costeira-dos-eua\/#mainImage"},"datePublished":"2023-06-22T17:28:38-03:00","dateModified":"2023-06-22T17:28:38-03:00"},{"@type":"WebSite","@id":"https:\/\/newsinfoco.com.br\/inicio\/#website","url":"https:\/\/newsinfoco.com.br\/inicio\/","name":"News In Foco - Editado por Caio Pimenta","description":"O principal site de noticias de Alagoinhas e regi\u00e3o","inLanguage":"pt-BR","publisher":{"@id":"https:\/\/newsinfoco.com.br\/inicio\/#organization"}}]},"og:locale":"pt_BR","og:site_name":"News In Foco - Editado por Caio Pimenta - O principal site de noticias de Alagoinhas e regi\u00e3o","og:type":"article","og:title":"Passageiros do submarino morreram em \u2018catastr\u00f3fica implos\u00e3o\u2019, diz Guarda Costeira dos EUA - News In Foco - Editado por Caio Pimenta","og:description":"A Guarda Costeira dos EUA informou nesta quinta-feira (22) que os destro\u00e7os encontrados nas buscas pelo submers\u00edvel Titan s\u00e3o compat\u00edveis com uma perda de press\u00e3o do ve\u00edculo, o que provocou uma implos\u00e3o e levou \u00e0 morte os cinco passageiros que estavam a bordo. \u201cFoi uma catastr\u00f3fica implos\u00e3o\u201d, disse John Mauger, porta-voz da Guarda Costeira. Foram","og:url":"https:\/\/newsinfoco.com.br\/inicio\/passageiros-do-submarino-morreram-em-catastrofica-implosao-diz-guarda-costeira-dos-eua\/","article:published_time":"2023-06-22T20:28:38+00:00","article:modified_time":"2023-06-22T20:28:38+00:00","twitter:card":"summary_large_image","twitter:title":"Passageiros do submarino morreram em \u2018catastr\u00f3fica implos\u00e3o\u2019, diz Guarda Costeira dos EUA - News In Foco - Editado por Caio Pimenta","twitter:description":"A Guarda Costeira dos EUA informou nesta quinta-feira (22) que os destro\u00e7os encontrados nas buscas pelo submers\u00edvel Titan s\u00e3o compat\u00edveis com uma perda de press\u00e3o do ve\u00edculo, o que provocou uma implos\u00e3o e levou \u00e0 morte os cinco passageiros que estavam a bordo. \u201cFoi uma catastr\u00f3fica implos\u00e3o\u201d, disse John Mauger, porta-voz da Guarda Costeira. Foram"},"aioseo_meta_data":{"post_id":"34443","title":null,"description":null,"keywords":[],"keyphrases":{"focus":{"keyphrase":"","score":0,"analysis":{"keyphraseInTitle":{"score":0,"maxScore":9,"error":1}}},"additional":[]},"primary_term":null,"canonical_url":null,"og_title":null,"og_description":null,"og_object_type":"default","og_image_type":"default","og_image_url":null,"og_image_width":null,"og_image_height":null,"og_image_custom_url":null,"og_image_custom_fields":null,"og_video":"","og_custom_url":null,"og_article_section":null,"og_article_tags":[],"twitter_use_og":false,"twitter_card":"default","twitter_image_type":"default","twitter_image_url":null,"twitter_image_custom_url":null,"twitter_image_custom_fields":null,"twitter_title":null,"twitter_description":null,"schema":{"blockGraphs":[],"customGraphs":[],"default":{"data":{"Article":[],"Course":[],"Dataset":[],"FAQPage":[],"Movie":[],"Person":[],"Product":[],"ProductReview":[],"Car":[],"Recipe":[],"Service":[],"SoftwareApplication":[],"WebPage":[]},"graphName":"","isEnabled":true},"graphs":[]},"schema_type":"default","schema_type_options":null,"pillar_content":false,"robots_default":true,"robots_noindex":false,"robots_noarchive":false,"robots_nosnippet":false,"robots_nofollow":false,"robots_noimageindex":false,"robots_noodp":false,"robots_notranslate":false,"robots_max_snippet":"-1","robots_max_videopreview":"-1","robots_max_imagepreview":"large","priority":0,"frequency":"default","local_seo":null,"breadcrumb_settings":null,"limit_modified_date":false,"ai":null,"created":"2023-06-22 20:28:39","updated":"2025-07-11 09:56:56","seo_analyzer_scan_date":null},"aioseo_breadcrumb":"<div class=\"aioseo-breadcrumbs\"><span class=\"aioseo-breadcrumb\">\n\t\t\t<a href=\"https:\/\/newsinfoco.com.br\/inicio\" title=\"In\u00edcio\">In\u00edcio<\/a>\n\t\t<\/span><span class=\"aioseo-breadcrumb-separator\">&raquo;<\/span><span class=\"aioseo-breadcrumb\">\n\t\t\t<a href=\"https:\/\/newsinfoco.com.br\/inicio\/category\/brasil\/\" title=\"Brasil\">Brasil<\/a>\n\t\t<\/span><span class=\"aioseo-breadcrumb-separator\">&raquo;<\/span><span class=\"aioseo-breadcrumb\">\n\t\t\tPassageiros do submarino morreram em \u2018catastr\u00f3fica implos\u00e3o\u2019, diz Guarda Costeira dos EUA\n\t\t<\/span><\/div>","aioseo_breadcrumb_json":[{"label":"In\u00edcio","link":"https:\/\/newsinfoco.com.br\/inicio"},{"label":"Brasil","link":"https:\/\/newsinfoco.com.br\/inicio\/category\/brasil\/"},{"label":"Passageiros do submarino morreram em \u2018catastr\u00f3fica implos\u00e3o\u2019, diz Guarda Costeira dos EUA","link":"https:\/\/newsinfoco.com.br\/inicio\/passageiros-do-submarino-morreram-em-catastrofica-implosao-diz-guarda-costeira-dos-eua\/"}],"_links":{"self":[{"href":"https:\/\/newsinfoco.com.br\/inicio\/wp-json\/wp\/v2\/posts\/34443","targetHints":{"allow":["GET"]}}],"collection":[{"href":"https:\/\/newsinfoco.com.br\/inicio\/wp-json\/wp\/v2\/posts"}],"about":[{"href":"https:\/\/newsinfoco.com.br\/inicio\/wp-json\/wp\/v2\/types\/post"}],"author":[{"embeddable":true,"href":"https:\/\/newsinfoco.com.br\/inicio\/wp-json\/wp\/v2\/users\/1"}],"replies":[{"embeddable":true,"href":"https:\/\/newsinfoco.com.br\/inicio\/wp-json\/wp\/v2\/comments?post=34443"}],"version-history":[{"count":1,"href":"https:\/\/newsinfoco.com.br\/inicio\/wp-json\/wp\/v2\/posts\/34443\/revisions"}],"predecessor-version":[{"id":34445,"href":"https:\/\/newsinfoco.com.br\/inicio\/wp-json\/wp\/v2\/posts\/34443\/revisions\/34445"}],"wp:featuredmedia":[{"embeddable":true,"href":"https:\/\/newsinfoco.com.br\/inicio\/wp-json\/wp\/v2\/media\/34444"}],"wp:attachment":[{"href":"https:\/\/newsinfoco.com.br\/inicio\/wp-json\/wp\/v2\/media?parent=34443"}],"wp:term":[{"taxonomy":"category","embeddable":true,"href":"https:\/\/newsinfoco.com.br\/inicio\/wp-json\/wp\/v2\/categories?post=34443"},{"taxonomy":"post_tag","embeddable":true,"href":"https:\/\/newsinfoco.com.br\/inicio\/wp-json\/wp\/v2\/tags?post=34443"}],"curies":[{"name":"wp","href":"https:\/\/api.w.org\/{rel}","templated":true}]}}