{"id":34460,"date":"2023-06-25T13:24:21","date_gmt":"2023-06-25T16:24:21","guid":{"rendered":"https:\/\/newsinfoco.com.br\/inicio\/?p=34460"},"modified":"2023-06-25T13:24:21","modified_gmt":"2023-06-25T16:24:21","slug":"segunda-noite-no-circulo-oficial-do-sao-joao-2023-da-prefeitura-de-alagoinhas-e-marcada-por-classicos-do-forro-e-hits-do-momento","status":"publish","type":"post","link":"https:\/\/newsinfoco.com.br\/inicio\/segunda-noite-no-circulo-oficial-do-sao-joao-2023-da-prefeitura-de-alagoinhas-e-marcada-por-classicos-do-forro-e-hits-do-momento\/","title":{"rendered":"Segunda noite no C\u00edrculo Oficial do S\u00e3o Jo\u00e3o 2023 da Prefeitura de Alagoinhas \u00e9 marcada por cl\u00e1ssicos do forr\u00f3 e hits do momento"},"content":{"rendered":"<p>O S\u00e3o Jo\u00e3o de Alagoinhas tem dado o que falar. O Circuito Oficial, iniciado no dia 23 de junho\u00a0 chega ao fim deste domingo (25), com transmiss\u00e3o ao vivo pelos canais oficiais da Prefeitura, promovendo um alcance ainda maior da festa, que acontece na Avenida Joseph Wagner. Confira:\u00a0https:\/\/www.youtube.com\/live\/IUA59S8XX_c?feature=sha<\/p>\n<p>Ap\u00f3s o sucesso do Trem do Forr\u00f3, o arrasta-p\u00e9 familiar na Vila de Santo Ant\u00f4nio D\u2019Agoinha e o Arrai\u00e1 Circuito Alternativo para os amantes de rock, reggae, MPB, trap, dentre outros ritmos, o Circuito Oficial continuou a mostrar o que tem de melhor no S\u00e3o Jo\u00e3o da Prefeitura de Alagoinhas, neste s\u00e1bado (24). O p\u00fablico lotou a segunda noite levando a energia a altas voltagens. O ponto alto da festa se deu com a apresenta\u00e7\u00e3o da dupla estourada Matheus e Kauan, com sucessos cantados, em un\u00edssono, com a plateia, que registrava dos celulares sacados ao alto, iluminando o espa\u00e7o prenhe de pessoas como vagalumes.<\/p>\n<p><a class=\"group1 cboxElement\" href=\"https:\/\/www.alagoinhas.ba.gov.br\/wp-content\/uploads\/2023\/06\/DSF2460.jpg\"><img loading=\"lazy\" decoding=\"async\" class=\"aligncenter size-full wp-image-67100\" src=\"https:\/\/www.alagoinhas.ba.gov.br\/wp-content\/uploads\/2023\/06\/DSF2460.jpg\" sizes=\"auto, (max-width: 6240px) 100vw, 6240px\" srcset=\"https:\/\/www.alagoinhas.ba.gov.br\/wp-content\/uploads\/2023\/06\/DSF2460.jpg 6240w, https:\/\/www.alagoinhas.ba.gov.br\/wp-content\/uploads\/2023\/06\/DSF2460-300x200.jpg 300w, https:\/\/www.alagoinhas.ba.gov.br\/wp-content\/uploads\/2023\/06\/DSF2460-768x512.jpg 768w, https:\/\/www.alagoinhas.ba.gov.br\/wp-content\/uploads\/2023\/06\/DSF2460-1024x683.jpg 1024w, https:\/\/www.alagoinhas.ba.gov.br\/wp-content\/uploads\/2023\/06\/DSF2460-105x70.jpg 105w\" alt=\"\" width=\"6240\" height=\"4160\" \/><\/a><\/p>\n<p>A Orquestra Sanf\u00f4nica entregou mais do que um show musical, mas um espet\u00e1culo com dan\u00e7a e refer\u00eancias art\u00edstico e culturais. Billie Jean, do \u00edcone Michael Jackson, surpreendeu os que puderam acompanhar a luxuosa apresenta\u00e7\u00e3o. Z\u00e9 Ribeiro trouxe cl\u00e1ssicos do forr\u00f3 e do bai\u00e3o, Aline Fernandes (Can\u00e1rios do Reino) cantou como passarinho e Paroara encantou pelo repert\u00f3rio diversificado, com roupagens inusitadas, a exemplo de \u201cUm dia de Domingo\u201d, sucesso na voz de Gal Costa e Tim Maia.<\/p>\n<p>Quem tamb\u00e9m aproveitou bem a festa foram os vendedores ambulantes, que lucraram com a imensid\u00e3o do p\u00fablico, tornando as vendas super aquecidas. Joana Silva comercializa \u201cchurrasquinhos de gato\u201d e acabou com o estoque \u201cem um instante! N\u00e3o teve mercadoria para quem quis, gra\u00e7as a Deus\u201d.<\/p>\n<p><a class=\"group1 cboxElement\" href=\"https:\/\/www.alagoinhas.ba.gov.br\/wp-content\/uploads\/2023\/06\/DSF2424.jpg\"><img loading=\"lazy\" decoding=\"async\" class=\"aligncenter size-full wp-image-67103\" src=\"https:\/\/www.alagoinhas.ba.gov.br\/wp-content\/uploads\/2023\/06\/DSF2424.jpg\" sizes=\"auto, (max-width: 6240px) 100vw, 6240px\" srcset=\"https:\/\/www.alagoinhas.ba.gov.br\/wp-content\/uploads\/2023\/06\/DSF2424.jpg 6240w, https:\/\/www.alagoinhas.ba.gov.br\/wp-content\/uploads\/2023\/06\/DSF2424-300x200.jpg 300w, https:\/\/www.alagoinhas.ba.gov.br\/wp-content\/uploads\/2023\/06\/DSF2424-768x512.jpg 768w, https:\/\/www.alagoinhas.ba.gov.br\/wp-content\/uploads\/2023\/06\/DSF2424-1024x683.jpg 1024w, https:\/\/www.alagoinhas.ba.gov.br\/wp-content\/uploads\/2023\/06\/DSF2424-105x70.jpg 105w\" alt=\"\" width=\"6240\" height=\"4160\" \/><\/a><\/p>\n<p>N\u00e3o foram registradas ocorr\u00eancias graves, tanto no posto de Sa\u00fade, quanto na Base de Seguran\u00e7a. \u201cEst\u00e1 realmente muito ameno o clima aqui. A sensa\u00e7\u00e3o de seguran\u00e7a \u00e9 real\u201d, declarou Jos\u00e9 da Costa, morador do Barreiro. \u201cAmanh\u00e3 pretendo estar acompanhado de minhas filhas\u201d, complementou.<\/p>\n<p>Neste domingo (25), a festa continua no Circuito Oficial, em clima de matin\u00ea. Os shows come\u00e7ar\u00e3o \u00e0s 15h. No povoado de Estev\u00e3o tamb\u00e9m ter\u00e1 arrasta-p\u00e9 promovido pela Secretaria de Cultura, Esporte e Turismo (SECET), mantendo viva a chama dos festejos juninos na zona rural.<\/p>\n<p>Fotos: SECOM<\/p>\n<div class='share-to-whatsapp-wrapper'><div class='share-on-whsp'>Share on: <\/div><a data-text='Segunda noite no C\u00edrculo Oficial do S\u00e3o Jo\u00e3o 2023 da Prefeitura de Alagoinhas \u00e9 marcada por cl\u00e1ssicos do forr\u00f3 e hits do momento' data-link='https:\/\/newsinfoco.com.br\/inicio\/segunda-noite-no-circulo-oficial-do-sao-joao-2023-da-prefeitura-de-alagoinhas-e-marcada-por-classicos-do-forro-e-hits-do-momento\/' class='whatsapp-button whatsapp-share'>WhatsApp<\/a><div class='clear '><\/div><\/div>","protected":false},"excerpt":{"rendered":"<p>O S\u00e3o Jo\u00e3o de Alagoinhas tem dado o que falar. O Circuito Oficial, iniciado no dia 23 de junho\u00a0 chega ao fim deste domingo (25), com transmiss\u00e3o ao vivo pelos canais oficiais da Prefeitura, promovendo um alcance ainda maior da festa, que acontece na Avenida Joseph Wagner. Confira:\u00a0https:\/\/www.youtube.com\/live\/IUA59S8XX_c?feature=sha Ap\u00f3s o sucesso do Trem do Forr\u00f3, [&hellip;]<\/p>\n","protected":false},"author":1,"featured_media":34461,"comment_status":"closed","ping_status":"closed","sticky":false,"template":"","format":"standard","meta":{"om_disable_all_campaigns":false,"rop_custom_images_group":[],"rop_custom_messages_group":[],"rop_publish_now":"initial","rop_publish_now_accounts":[],"rop_publish_now_history":[],"rop_publish_now_status":"pending","_exactmetrics_skip_tracking":false,"footnotes":""},"categories":[38,167],"tags":[],"class_list":["post-34460","post","type-post","status-publish","format-standard","has-post-thumbnail","hentry","category-alagoinhas-e-regiao","category-exclusivas"],"aioseo_notices":[],"aioseo_head":"\n\t\t<!-- All in One SEO 4.9.10 - aioseo.com -->\n\t<meta name=\"description\" content=\"O S\u00e3o Jo\u00e3o de Alagoinhas tem dado o que falar. O Circuito Oficial, iniciado no dia 23 de junho chega ao fim deste domingo (25), com transmiss\u00e3o ao vivo pelos canais oficiais da Prefeitura, promovendo um alcance ainda maior da festa, que acontece na Avenida Joseph Wagner. Confira: https:\/\/www.youtube.com\/live\/IUA59S8XX_c?feature=sha Ap\u00f3s o sucesso do Trem do Forr\u00f3,\" \/>\n\t<meta name=\"robots\" content=\"max-image-preview:large\" \/>\n\t<meta name=\"author\" content=\"administrador\"\/>\n\t<link rel=\"canonical\" href=\"https:\/\/newsinfoco.com.br\/inicio\/segunda-noite-no-circulo-oficial-do-sao-joao-2023-da-prefeitura-de-alagoinhas-e-marcada-por-classicos-do-forro-e-hits-do-momento\/\" \/>\n\t<meta name=\"generator\" content=\"All in One SEO (AIOSEO) 4.9.10\" \/>\n\t\t<meta property=\"og:locale\" content=\"pt_BR\" \/>\n\t\t<meta property=\"og:site_name\" content=\"News In Foco - Editado por Caio Pimenta - O principal site de noticias de Alagoinhas e regi\u00e3o\" \/>\n\t\t<meta property=\"og:type\" content=\"article\" \/>\n\t\t<meta property=\"og:title\" content=\"Segunda noite no C\u00edrculo Oficial do S\u00e3o Jo\u00e3o 2023 da Prefeitura de Alagoinhas \u00e9 marcada por cl\u00e1ssicos do forr\u00f3 e hits do momento - News In Foco - Editado por Caio Pimenta\" \/>\n\t\t<meta property=\"og:description\" content=\"O S\u00e3o Jo\u00e3o de Alagoinhas tem dado o que falar. O Circuito Oficial, iniciado no dia 23 de junho chega ao fim deste domingo (25), com transmiss\u00e3o ao vivo pelos canais oficiais da Prefeitura, promovendo um alcance ainda maior da festa, que acontece na Avenida Joseph Wagner. Confira: https:\/\/www.youtube.com\/live\/IUA59S8XX_c?feature=sha Ap\u00f3s o sucesso do Trem do Forr\u00f3,\" \/>\n\t\t<meta property=\"og:url\" content=\"https:\/\/newsinfoco.com.br\/inicio\/segunda-noite-no-circulo-oficial-do-sao-joao-2023-da-prefeitura-de-alagoinhas-e-marcada-por-classicos-do-forro-e-hits-do-momento\/\" \/>\n\t\t<meta property=\"article:published_time\" content=\"2023-06-25T16:24:21+00:00\" \/>\n\t\t<meta property=\"article:modified_time\" content=\"2023-06-25T16:24:21+00:00\" \/>\n\t\t<meta name=\"twitter:card\" content=\"summary_large_image\" \/>\n\t\t<meta name=\"twitter:title\" content=\"Segunda noite no C\u00edrculo Oficial do S\u00e3o Jo\u00e3o 2023 da Prefeitura de Alagoinhas \u00e9 marcada por cl\u00e1ssicos do forr\u00f3 e hits do momento - News In Foco - Editado por Caio Pimenta\" \/>\n\t\t<meta name=\"twitter:description\" content=\"O S\u00e3o Jo\u00e3o de Alagoinhas tem dado o que falar. O Circuito Oficial, iniciado no dia 23 de junho chega ao fim deste domingo (25), com transmiss\u00e3o ao vivo pelos canais oficiais da Prefeitura, promovendo um alcance ainda maior da festa, que acontece na Avenida Joseph Wagner. Confira: https:\/\/www.youtube.com\/live\/IUA59S8XX_c?feature=sha Ap\u00f3s o sucesso do Trem do Forr\u00f3,\" \/>\n\t\t<script type=\"application\/ld+json\" class=\"aioseo-schema\">\n\t\t\t{\"@context\":\"https:\\\/\\\/schema.org\",\"@graph\":[{\"@type\":\"BlogPosting\",\"@id\":\"https:\\\/\\\/newsinfoco.com.br\\\/inicio\\\/segunda-noite-no-circulo-oficial-do-sao-joao-2023-da-prefeitura-de-alagoinhas-e-marcada-por-classicos-do-forro-e-hits-do-momento\\\/#blogposting\",\"name\":\"Segunda noite no C\\u00edrculo Oficial do S\\u00e3o Jo\\u00e3o 2023 da Prefeitura de Alagoinhas \\u00e9 marcada por cl\\u00e1ssicos do forr\\u00f3 e hits do momento - News In Foco - Editado por Caio Pimenta\",\"headline\":\"Segunda noite no C\\u00edrculo Oficial do S\\u00e3o Jo\\u00e3o 2023 da Prefeitura de Alagoinhas \\u00e9 marcada por cl\\u00e1ssicos do forr\\u00f3 e hits do momento\",\"author\":{\"@id\":\"https:\\\/\\\/newsinfoco.com.br\\\/inicio\\\/author\\\/administrador\\\/#author\"},\"publisher\":{\"@id\":\"https:\\\/\\\/newsinfoco.com.br\\\/inicio\\\/#organization\"},\"image\":{\"@type\":\"ImageObject\",\"url\":\"https:\\\/\\\/newsinfoco.com.br\\\/inicio\\\/wp-content\\\/uploads\\\/2023\\\/06\\\/IMG-20230625-WA0058.webp\",\"width\":1600,\"height\":1200},\"datePublished\":\"2023-06-25T13:24:21-03:00\",\"dateModified\":\"2023-06-25T13:24:21-03:00\",\"inLanguage\":\"pt-BR\",\"mainEntityOfPage\":{\"@id\":\"https:\\\/\\\/newsinfoco.com.br\\\/inicio\\\/segunda-noite-no-circulo-oficial-do-sao-joao-2023-da-prefeitura-de-alagoinhas-e-marcada-por-classicos-do-forro-e-hits-do-momento\\\/#webpage\"},\"isPartOf\":{\"@id\":\"https:\\\/\\\/newsinfoco.com.br\\\/inicio\\\/segunda-noite-no-circulo-oficial-do-sao-joao-2023-da-prefeitura-de-alagoinhas-e-marcada-por-classicos-do-forro-e-hits-do-momento\\\/#webpage\"},\"articleSection\":\"Alagoinhas e Regi\\u00e3o, Manchete\"},{\"@type\":\"BreadcrumbList\",\"@id\":\"https:\\\/\\\/newsinfoco.com.br\\\/inicio\\\/segunda-noite-no-circulo-oficial-do-sao-joao-2023-da-prefeitura-de-alagoinhas-e-marcada-por-classicos-do-forro-e-hits-do-momento\\\/#breadcrumblist\",\"itemListElement\":[{\"@type\":\"ListItem\",\"@id\":\"https:\\\/\\\/newsinfoco.com.br\\\/inicio#listItem\",\"position\":1,\"name\":\"In\\u00edcio\",\"item\":\"https:\\\/\\\/newsinfoco.com.br\\\/inicio\",\"nextItem\":{\"@type\":\"ListItem\",\"@id\":\"https:\\\/\\\/newsinfoco.com.br\\\/inicio\\\/category\\\/alagoinhas-e-regiao\\\/#listItem\",\"name\":\"Alagoinhas e Regi\\u00e3o\"}},{\"@type\":\"ListItem\",\"@id\":\"https:\\\/\\\/newsinfoco.com.br\\\/inicio\\\/category\\\/alagoinhas-e-regiao\\\/#listItem\",\"position\":2,\"name\":\"Alagoinhas e Regi\\u00e3o\",\"item\":\"https:\\\/\\\/newsinfoco.com.br\\\/inicio\\\/category\\\/alagoinhas-e-regiao\\\/\",\"nextItem\":{\"@type\":\"ListItem\",\"@id\":\"https:\\\/\\\/newsinfoco.com.br\\\/inicio\\\/segunda-noite-no-circulo-oficial-do-sao-joao-2023-da-prefeitura-de-alagoinhas-e-marcada-por-classicos-do-forro-e-hits-do-momento\\\/#listItem\",\"name\":\"Segunda noite no C\\u00edrculo Oficial do S\\u00e3o Jo\\u00e3o 2023 da Prefeitura de Alagoinhas \\u00e9 marcada por cl\\u00e1ssicos do forr\\u00f3 e hits do momento\"},\"previousItem\":{\"@type\":\"ListItem\",\"@id\":\"https:\\\/\\\/newsinfoco.com.br\\\/inicio#listItem\",\"name\":\"In\\u00edcio\"}},{\"@type\":\"ListItem\",\"@id\":\"https:\\\/\\\/newsinfoco.com.br\\\/inicio\\\/segunda-noite-no-circulo-oficial-do-sao-joao-2023-da-prefeitura-de-alagoinhas-e-marcada-por-classicos-do-forro-e-hits-do-momento\\\/#listItem\",\"position\":3,\"name\":\"Segunda noite no C\\u00edrculo Oficial do S\\u00e3o Jo\\u00e3o 2023 da Prefeitura de Alagoinhas \\u00e9 marcada por cl\\u00e1ssicos do forr\\u00f3 e hits do momento\",\"previousItem\":{\"@type\":\"ListItem\",\"@id\":\"https:\\\/\\\/newsinfoco.com.br\\\/inicio\\\/category\\\/alagoinhas-e-regiao\\\/#listItem\",\"name\":\"Alagoinhas e Regi\\u00e3o\"}}]},{\"@type\":\"Organization\",\"@id\":\"https:\\\/\\\/newsinfoco.com.br\\\/inicio\\\/#organization\",\"name\":\"News In Foco - Editado por Caio Pimenta\",\"description\":\"O principal site de noticias de Alagoinhas e regi\\u00e3o\",\"url\":\"https:\\\/\\\/newsinfoco.com.br\\\/inicio\\\/\"},{\"@type\":\"Person\",\"@id\":\"https:\\\/\\\/newsinfoco.com.br\\\/inicio\\\/author\\\/administrador\\\/#author\",\"url\":\"https:\\\/\\\/newsinfoco.com.br\\\/inicio\\\/author\\\/administrador\\\/\",\"name\":\"administrador\",\"image\":{\"@type\":\"ImageObject\",\"@id\":\"https:\\\/\\\/newsinfoco.com.br\\\/inicio\\\/segunda-noite-no-circulo-oficial-do-sao-joao-2023-da-prefeitura-de-alagoinhas-e-marcada-por-classicos-do-forro-e-hits-do-momento\\\/#authorImage\",\"url\":\"https:\\\/\\\/secure.gravatar.com\\\/avatar\\\/c17a617433de8c1dc9584bb79aab7563b46f5bb7e1728c9b17d9cc3ce6a08e49?s=96&d=mm&r=g\",\"width\":96,\"height\":96,\"caption\":\"administrador\"}},{\"@type\":\"WebPage\",\"@id\":\"https:\\\/\\\/newsinfoco.com.br\\\/inicio\\\/segunda-noite-no-circulo-oficial-do-sao-joao-2023-da-prefeitura-de-alagoinhas-e-marcada-por-classicos-do-forro-e-hits-do-momento\\\/#webpage\",\"url\":\"https:\\\/\\\/newsinfoco.com.br\\\/inicio\\\/segunda-noite-no-circulo-oficial-do-sao-joao-2023-da-prefeitura-de-alagoinhas-e-marcada-por-classicos-do-forro-e-hits-do-momento\\\/\",\"name\":\"Segunda noite no C\\u00edrculo Oficial do S\\u00e3o Jo\\u00e3o 2023 da Prefeitura de Alagoinhas \\u00e9 marcada por cl\\u00e1ssicos do forr\\u00f3 e hits do momento - News In Foco - Editado por Caio Pimenta\",\"description\":\"O S\\u00e3o Jo\\u00e3o de Alagoinhas tem dado o que falar. O Circuito Oficial, iniciado no dia 23 de junho chega ao fim deste domingo (25), com transmiss\\u00e3o ao vivo pelos canais oficiais da Prefeitura, promovendo um alcance ainda maior da festa, que acontece na Avenida Joseph Wagner. Confira: https:\\\/\\\/www.youtube.com\\\/live\\\/IUA59S8XX_c?feature=sha Ap\\u00f3s o sucesso do Trem do Forr\\u00f3,\",\"inLanguage\":\"pt-BR\",\"isPartOf\":{\"@id\":\"https:\\\/\\\/newsinfoco.com.br\\\/inicio\\\/#website\"},\"breadcrumb\":{\"@id\":\"https:\\\/\\\/newsinfoco.com.br\\\/inicio\\\/segunda-noite-no-circulo-oficial-do-sao-joao-2023-da-prefeitura-de-alagoinhas-e-marcada-por-classicos-do-forro-e-hits-do-momento\\\/#breadcrumblist\"},\"author\":{\"@id\":\"https:\\\/\\\/newsinfoco.com.br\\\/inicio\\\/author\\\/administrador\\\/#author\"},\"creator\":{\"@id\":\"https:\\\/\\\/newsinfoco.com.br\\\/inicio\\\/author\\\/administrador\\\/#author\"},\"image\":{\"@type\":\"ImageObject\",\"url\":\"https:\\\/\\\/newsinfoco.com.br\\\/inicio\\\/wp-content\\\/uploads\\\/2023\\\/06\\\/IMG-20230625-WA0058.webp\",\"@id\":\"https:\\\/\\\/newsinfoco.com.br\\\/inicio\\\/segunda-noite-no-circulo-oficial-do-sao-joao-2023-da-prefeitura-de-alagoinhas-e-marcada-por-classicos-do-forro-e-hits-do-momento\\\/#mainImage\",\"width\":1600,\"height\":1200},\"primaryImageOfPage\":{\"@id\":\"https:\\\/\\\/newsinfoco.com.br\\\/inicio\\\/segunda-noite-no-circulo-oficial-do-sao-joao-2023-da-prefeitura-de-alagoinhas-e-marcada-por-classicos-do-forro-e-hits-do-momento\\\/#mainImage\"},\"datePublished\":\"2023-06-25T13:24:21-03:00\",\"dateModified\":\"2023-06-25T13:24:21-03:00\"},{\"@type\":\"WebSite\",\"@id\":\"https:\\\/\\\/newsinfoco.com.br\\\/inicio\\\/#website\",\"url\":\"https:\\\/\\\/newsinfoco.com.br\\\/inicio\\\/\",\"name\":\"News In Foco - Editado por Caio Pimenta\",\"description\":\"O principal site de noticias de Alagoinhas e regi\\u00e3o\",\"inLanguage\":\"pt-BR\",\"publisher\":{\"@id\":\"https:\\\/\\\/newsinfoco.com.br\\\/inicio\\\/#organization\"}}]}\n\t\t<\/script>\n\t\t<!-- All in One SEO -->\n\n","aioseo_head_json":{"title":"Segunda noite no C\u00edrculo Oficial do S\u00e3o Jo\u00e3o 2023 da Prefeitura de Alagoinhas \u00e9 marcada por cl\u00e1ssicos do forr\u00f3 e hits do momento - News In Foco - Editado por Caio Pimenta","description":"O S\u00e3o Jo\u00e3o de Alagoinhas tem dado o que falar. O Circuito Oficial, iniciado no dia 23 de junho chega ao fim deste domingo (25), com transmiss\u00e3o ao vivo pelos canais oficiais da Prefeitura, promovendo um alcance ainda maior da festa, que acontece na Avenida Joseph Wagner. Confira: https:\/\/www.youtube.com\/live\/IUA59S8XX_c?feature=sha Ap\u00f3s o sucesso do Trem do Forr\u00f3,","canonical_url":"https:\/\/newsinfoco.com.br\/inicio\/segunda-noite-no-circulo-oficial-do-sao-joao-2023-da-prefeitura-de-alagoinhas-e-marcada-por-classicos-do-forro-e-hits-do-momento\/","robots":"max-image-preview:large","keywords":"","webmasterTools":{"miscellaneous":""},"schema":{"@context":"https:\/\/schema.org","@graph":[{"@type":"BlogPosting","@id":"https:\/\/newsinfoco.com.br\/inicio\/segunda-noite-no-circulo-oficial-do-sao-joao-2023-da-prefeitura-de-alagoinhas-e-marcada-por-classicos-do-forro-e-hits-do-momento\/#blogposting","name":"Segunda noite no C\u00edrculo Oficial do S\u00e3o Jo\u00e3o 2023 da Prefeitura de Alagoinhas \u00e9 marcada por cl\u00e1ssicos do forr\u00f3 e hits do momento - News In Foco - Editado por Caio Pimenta","headline":"Segunda noite no C\u00edrculo Oficial do S\u00e3o Jo\u00e3o 2023 da Prefeitura de Alagoinhas \u00e9 marcada por cl\u00e1ssicos do forr\u00f3 e hits do momento","author":{"@id":"https:\/\/newsinfoco.com.br\/inicio\/author\/administrador\/#author"},"publisher":{"@id":"https:\/\/newsinfoco.com.br\/inicio\/#organization"},"image":{"@type":"ImageObject","url":"https:\/\/newsinfoco.com.br\/inicio\/wp-content\/uploads\/2023\/06\/IMG-20230625-WA0058.webp","width":1600,"height":1200},"datePublished":"2023-06-25T13:24:21-03:00","dateModified":"2023-06-25T13:24:21-03:00","inLanguage":"pt-BR","mainEntityOfPage":{"@id":"https:\/\/newsinfoco.com.br\/inicio\/segunda-noite-no-circulo-oficial-do-sao-joao-2023-da-prefeitura-de-alagoinhas-e-marcada-por-classicos-do-forro-e-hits-do-momento\/#webpage"},"isPartOf":{"@id":"https:\/\/newsinfoco.com.br\/inicio\/segunda-noite-no-circulo-oficial-do-sao-joao-2023-da-prefeitura-de-alagoinhas-e-marcada-por-classicos-do-forro-e-hits-do-momento\/#webpage"},"articleSection":"Alagoinhas e Regi\u00e3o, Manchete"},{"@type":"BreadcrumbList","@id":"https:\/\/newsinfoco.com.br\/inicio\/segunda-noite-no-circulo-oficial-do-sao-joao-2023-da-prefeitura-de-alagoinhas-e-marcada-por-classicos-do-forro-e-hits-do-momento\/#breadcrumblist","itemListElement":[{"@type":"ListItem","@id":"https:\/\/newsinfoco.com.br\/inicio#listItem","position":1,"name":"In\u00edcio","item":"https:\/\/newsinfoco.com.br\/inicio","nextItem":{"@type":"ListItem","@id":"https:\/\/newsinfoco.com.br\/inicio\/category\/alagoinhas-e-regiao\/#listItem","name":"Alagoinhas e Regi\u00e3o"}},{"@type":"ListItem","@id":"https:\/\/newsinfoco.com.br\/inicio\/category\/alagoinhas-e-regiao\/#listItem","position":2,"name":"Alagoinhas e Regi\u00e3o","item":"https:\/\/newsinfoco.com.br\/inicio\/category\/alagoinhas-e-regiao\/","nextItem":{"@type":"ListItem","@id":"https:\/\/newsinfoco.com.br\/inicio\/segunda-noite-no-circulo-oficial-do-sao-joao-2023-da-prefeitura-de-alagoinhas-e-marcada-por-classicos-do-forro-e-hits-do-momento\/#listItem","name":"Segunda noite no C\u00edrculo Oficial do S\u00e3o Jo\u00e3o 2023 da Prefeitura de Alagoinhas \u00e9 marcada por cl\u00e1ssicos do forr\u00f3 e hits do momento"},"previousItem":{"@type":"ListItem","@id":"https:\/\/newsinfoco.com.br\/inicio#listItem","name":"In\u00edcio"}},{"@type":"ListItem","@id":"https:\/\/newsinfoco.com.br\/inicio\/segunda-noite-no-circulo-oficial-do-sao-joao-2023-da-prefeitura-de-alagoinhas-e-marcada-por-classicos-do-forro-e-hits-do-momento\/#listItem","position":3,"name":"Segunda noite no C\u00edrculo Oficial do S\u00e3o Jo\u00e3o 2023 da Prefeitura de Alagoinhas \u00e9 marcada por cl\u00e1ssicos do forr\u00f3 e hits do momento","previousItem":{"@type":"ListItem","@id":"https:\/\/newsinfoco.com.br\/inicio\/category\/alagoinhas-e-regiao\/#listItem","name":"Alagoinhas e Regi\u00e3o"}}]},{"@type":"Organization","@id":"https:\/\/newsinfoco.com.br\/inicio\/#organization","name":"News In Foco - Editado por Caio Pimenta","description":"O principal site de noticias de Alagoinhas e regi\u00e3o","url":"https:\/\/newsinfoco.com.br\/inicio\/"},{"@type":"Person","@id":"https:\/\/newsinfoco.com.br\/inicio\/author\/administrador\/#author","url":"https:\/\/newsinfoco.com.br\/inicio\/author\/administrador\/","name":"administrador","image":{"@type":"ImageObject","@id":"https:\/\/newsinfoco.com.br\/inicio\/segunda-noite-no-circulo-oficial-do-sao-joao-2023-da-prefeitura-de-alagoinhas-e-marcada-por-classicos-do-forro-e-hits-do-momento\/#authorImage","url":"https:\/\/secure.gravatar.com\/avatar\/c17a617433de8c1dc9584bb79aab7563b46f5bb7e1728c9b17d9cc3ce6a08e49?s=96&d=mm&r=g","width":96,"height":96,"caption":"administrador"}},{"@type":"WebPage","@id":"https:\/\/newsinfoco.com.br\/inicio\/segunda-noite-no-circulo-oficial-do-sao-joao-2023-da-prefeitura-de-alagoinhas-e-marcada-por-classicos-do-forro-e-hits-do-momento\/#webpage","url":"https:\/\/newsinfoco.com.br\/inicio\/segunda-noite-no-circulo-oficial-do-sao-joao-2023-da-prefeitura-de-alagoinhas-e-marcada-por-classicos-do-forro-e-hits-do-momento\/","name":"Segunda noite no C\u00edrculo Oficial do S\u00e3o Jo\u00e3o 2023 da Prefeitura de Alagoinhas \u00e9 marcada por cl\u00e1ssicos do forr\u00f3 e hits do momento - News In Foco - Editado por Caio Pimenta","description":"O S\u00e3o Jo\u00e3o de Alagoinhas tem dado o que falar. O Circuito Oficial, iniciado no dia 23 de junho chega ao fim deste domingo (25), com transmiss\u00e3o ao vivo pelos canais oficiais da Prefeitura, promovendo um alcance ainda maior da festa, que acontece na Avenida Joseph Wagner. Confira: https:\/\/www.youtube.com\/live\/IUA59S8XX_c?feature=sha Ap\u00f3s o sucesso do Trem do Forr\u00f3,","inLanguage":"pt-BR","isPartOf":{"@id":"https:\/\/newsinfoco.com.br\/inicio\/#website"},"breadcrumb":{"@id":"https:\/\/newsinfoco.com.br\/inicio\/segunda-noite-no-circulo-oficial-do-sao-joao-2023-da-prefeitura-de-alagoinhas-e-marcada-por-classicos-do-forro-e-hits-do-momento\/#breadcrumblist"},"author":{"@id":"https:\/\/newsinfoco.com.br\/inicio\/author\/administrador\/#author"},"creator":{"@id":"https:\/\/newsinfoco.com.br\/inicio\/author\/administrador\/#author"},"image":{"@type":"ImageObject","url":"https:\/\/newsinfoco.com.br\/inicio\/wp-content\/uploads\/2023\/06\/IMG-20230625-WA0058.webp","@id":"https:\/\/newsinfoco.com.br\/inicio\/segunda-noite-no-circulo-oficial-do-sao-joao-2023-da-prefeitura-de-alagoinhas-e-marcada-por-classicos-do-forro-e-hits-do-momento\/#mainImage","width":1600,"height":1200},"primaryImageOfPage":{"@id":"https:\/\/newsinfoco.com.br\/inicio\/segunda-noite-no-circulo-oficial-do-sao-joao-2023-da-prefeitura-de-alagoinhas-e-marcada-por-classicos-do-forro-e-hits-do-momento\/#mainImage"},"datePublished":"2023-06-25T13:24:21-03:00","dateModified":"2023-06-25T13:24:21-03:00"},{"@type":"WebSite","@id":"https:\/\/newsinfoco.com.br\/inicio\/#website","url":"https:\/\/newsinfoco.com.br\/inicio\/","name":"News In Foco - Editado por Caio Pimenta","description":"O principal site de noticias de Alagoinhas e regi\u00e3o","inLanguage":"pt-BR","publisher":{"@id":"https:\/\/newsinfoco.com.br\/inicio\/#organization"}}]},"og:locale":"pt_BR","og:site_name":"News In Foco - Editado por Caio Pimenta - O principal site de noticias de Alagoinhas e regi\u00e3o","og:type":"article","og:title":"Segunda noite no C\u00edrculo Oficial do S\u00e3o Jo\u00e3o 2023 da Prefeitura de Alagoinhas \u00e9 marcada por cl\u00e1ssicos do forr\u00f3 e hits do momento - News In Foco - Editado por Caio Pimenta","og:description":"O S\u00e3o Jo\u00e3o de Alagoinhas tem dado o que falar. O Circuito Oficial, iniciado no dia 23 de junho chega ao fim deste domingo (25), com transmiss\u00e3o ao vivo pelos canais oficiais da Prefeitura, promovendo um alcance ainda maior da festa, que acontece na Avenida Joseph Wagner. Confira: https:\/\/www.youtube.com\/live\/IUA59S8XX_c?feature=sha Ap\u00f3s o sucesso do Trem do Forr\u00f3,","og:url":"https:\/\/newsinfoco.com.br\/inicio\/segunda-noite-no-circulo-oficial-do-sao-joao-2023-da-prefeitura-de-alagoinhas-e-marcada-por-classicos-do-forro-e-hits-do-momento\/","article:published_time":"2023-06-25T16:24:21+00:00","article:modified_time":"2023-06-25T16:24:21+00:00","twitter:card":"summary_large_image","twitter:title":"Segunda noite no C\u00edrculo Oficial do S\u00e3o Jo\u00e3o 2023 da Prefeitura de Alagoinhas \u00e9 marcada por cl\u00e1ssicos do forr\u00f3 e hits do momento - News In Foco - Editado por Caio Pimenta","twitter:description":"O S\u00e3o Jo\u00e3o de Alagoinhas tem dado o que falar. O Circuito Oficial, iniciado no dia 23 de junho chega ao fim deste domingo (25), com transmiss\u00e3o ao vivo pelos canais oficiais da Prefeitura, promovendo um alcance ainda maior da festa, que acontece na Avenida Joseph Wagner. Confira: https:\/\/www.youtube.com\/live\/IUA59S8XX_c?feature=sha Ap\u00f3s o sucesso do Trem do Forr\u00f3,"},"aioseo_meta_data":{"post_id":"34460","title":null,"description":null,"keywords":[],"keyphrases":{"focus":{"keyphrase":"","score":0,"analysis":{"keyphraseInTitle":{"score":0,"maxScore":9,"error":1}}},"additional":[]},"primary_term":null,"canonical_url":null,"og_title":null,"og_description":null,"og_object_type":"default","og_image_type":"default","og_image_url":null,"og_image_width":null,"og_image_height":null,"og_image_custom_url":null,"og_image_custom_fields":null,"og_video":"","og_custom_url":null,"og_article_section":null,"og_article_tags":[],"twitter_use_og":false,"twitter_card":"default","twitter_image_type":"default","twitter_image_url":null,"twitter_image_custom_url":null,"twitter_image_custom_fields":null,"twitter_title":null,"twitter_description":null,"schema":{"blockGraphs":[],"customGraphs":[],"default":{"data":{"Article":[],"Course":[],"Dataset":[],"FAQPage":[],"Movie":[],"Person":[],"Product":[],"ProductReview":[],"Car":[],"Recipe":[],"Service":[],"SoftwareApplication":[],"WebPage":[]},"graphName":"BlogPosting","isEnabled":true},"graphs":[]},"schema_type":"default","schema_type_options":null,"pillar_content":false,"robots_default":true,"robots_noindex":false,"robots_noarchive":false,"robots_nosnippet":false,"robots_nofollow":false,"robots_noimageindex":false,"robots_noodp":false,"robots_notranslate":false,"robots_max_snippet":"-1","robots_max_videopreview":"-1","robots_max_imagepreview":"large","priority":null,"frequency":"default","local_seo":null,"breadcrumb_settings":null,"limit_modified_date":false,"ai":null,"created":"2023-06-25 16:22:44","updated":"2025-07-11 09:56:56","seo_analyzer_scan_date":null},"aioseo_breadcrumb":"<div class=\"aioseo-breadcrumbs\"><span class=\"aioseo-breadcrumb\">\n\t\t\t<a href=\"https:\/\/newsinfoco.com.br\/inicio\" title=\"In\u00edcio\">In\u00edcio<\/a>\n\t\t<\/span><span class=\"aioseo-breadcrumb-separator\">&raquo;<\/span><span class=\"aioseo-breadcrumb\">\n\t\t\t<a href=\"https:\/\/newsinfoco.com.br\/inicio\/category\/alagoinhas-e-regiao\/\" title=\"Alagoinhas e Regi\u00e3o\">Alagoinhas e Regi\u00e3o<\/a>\n\t\t<\/span><span class=\"aioseo-breadcrumb-separator\">&raquo;<\/span><span class=\"aioseo-breadcrumb\">\n\t\t\tSegunda noite no C\u00edrculo Oficial do S\u00e3o Jo\u00e3o 2023 da Prefeitura de Alagoinhas \u00e9 marcada por cl\u00e1ssicos do forr\u00f3 e hits do momento\n\t\t<\/span><\/div>","aioseo_breadcrumb_json":[{"label":"In\u00edcio","link":"https:\/\/newsinfoco.com.br\/inicio"},{"label":"Alagoinhas e Regi\u00e3o","link":"https:\/\/newsinfoco.com.br\/inicio\/category\/alagoinhas-e-regiao\/"},{"label":"Segunda noite no C\u00edrculo Oficial do S\u00e3o Jo\u00e3o 2023 da Prefeitura de Alagoinhas \u00e9 marcada por cl\u00e1ssicos do forr\u00f3 e hits do momento","link":"https:\/\/newsinfoco.com.br\/inicio\/segunda-noite-no-circulo-oficial-do-sao-joao-2023-da-prefeitura-de-alagoinhas-e-marcada-por-classicos-do-forro-e-hits-do-momento\/"}],"_links":{"self":[{"href":"https:\/\/newsinfoco.com.br\/inicio\/wp-json\/wp\/v2\/posts\/34460","targetHints":{"allow":["GET"]}}],"collection":[{"href":"https:\/\/newsinfoco.com.br\/inicio\/wp-json\/wp\/v2\/posts"}],"about":[{"href":"https:\/\/newsinfoco.com.br\/inicio\/wp-json\/wp\/v2\/types\/post"}],"author":[{"embeddable":true,"href":"https:\/\/newsinfoco.com.br\/inicio\/wp-json\/wp\/v2\/users\/1"}],"replies":[{"embeddable":true,"href":"https:\/\/newsinfoco.com.br\/inicio\/wp-json\/wp\/v2\/comments?post=34460"}],"version-history":[{"count":1,"href":"https:\/\/newsinfoco.com.br\/inicio\/wp-json\/wp\/v2\/posts\/34460\/revisions"}],"predecessor-version":[{"id":34462,"href":"https:\/\/newsinfoco.com.br\/inicio\/wp-json\/wp\/v2\/posts\/34460\/revisions\/34462"}],"wp:featuredmedia":[{"embeddable":true,"href":"https:\/\/newsinfoco.com.br\/inicio\/wp-json\/wp\/v2\/media\/34461"}],"wp:attachment":[{"href":"https:\/\/newsinfoco.com.br\/inicio\/wp-json\/wp\/v2\/media?parent=34460"}],"wp:term":[{"taxonomy":"category","embeddable":true,"href":"https:\/\/newsinfoco.com.br\/inicio\/wp-json\/wp\/v2\/categories?post=34460"},{"taxonomy":"post_tag","embeddable":true,"href":"https:\/\/newsinfoco.com.br\/inicio\/wp-json\/wp\/v2\/tags?post=34460"}],"curies":[{"name":"wp","href":"https:\/\/api.w.org\/{rel}","templated":true}]}}