{"id":34489,"date":"2023-06-26T16:07:37","date_gmt":"2023-06-26T19:07:37","guid":{"rendered":"https:\/\/newsinfoco.com.br\/inicio\/?p=34489"},"modified":"2023-06-26T16:07:37","modified_gmt":"2023-06-26T19:07:37","slug":"com-tres-dias-de-festa-circuito-oficial-do-sao-joao-de-alagoinhas-e-sucesso-de-publico","status":"publish","type":"post","link":"https:\/\/newsinfoco.com.br\/inicio\/com-tres-dias-de-festa-circuito-oficial-do-sao-joao-de-alagoinhas-e-sucesso-de-publico\/","title":{"rendered":"Com tr\u00eas dias de festa, Circuito Oficial do S\u00e3o Jo\u00e3o de Alagoinhas \u00e9 sucesso de p\u00fablico"},"content":{"rendered":"<p>Depois do Trem do Forr\u00f3, da Vila de Santo Ant\u00f4nio d\u2019Alagoinha e da Rota Alternativa, as festividades juninas de Alagoinhas seguiram com o Circuito Oficial do S\u00e3o Jo\u00e3o, que ocorreu no \u00faltimo fim de semana, de 23 a 25\/06.<\/p>\n<p>Uma mega-estrutura montada na avenida Joseph Wagner foi o palco para apresenta\u00e7\u00f5es de artistas locais, regionais e tamb\u00e9m do cen\u00e1rio nacional, com a presen\u00e7a massiva do p\u00fablico, que lotou o espa\u00e7o dispon\u00edvel.<\/p>\n<p>Na sexta-feira (23), o show ficou por conta de Unha Pintada, Marcynho Sensa\u00e7\u00e3o, Cida Pitaya e Xotemania, com muito forr\u00f3 e sofr\u00eancia.<\/p>\n<p>No dia seguinte foi a vez do p\u00fablico curtir muito forr\u00f3, com um repert\u00f3rio que incluiu grandes cl\u00e1ssicos desse g\u00eanero musical cantados por Z\u00e9 Ribeiro, Paroara do Acordeon e Aline Fernandes, al\u00e9m do show da Orquestra Sanf\u00f4nica, que enalteceu um dos mais representativos instrumentos da cultura popular.<\/p>\n<p>O fim da noite de s\u00e1bado foi o momento de acompanhar um dos shows mais aguardados, o dos sertanejos Matheus e Kauan. O p\u00fablico animado cantou junto com a dupla todas os sucessos apresentados.<\/p>\n<p>No domingo a festa come\u00e7ou mais cedo e \u00e0s 16h j\u00e1 estava no palco o cantor Deni Junior, seguido pelos shows de Toque Dez e M\u00e1rcia Fellipe, que encerraram a festa do Circuito Oficial 2023.<\/p>\n<p><a class=\"group1 cboxElement\" href=\"https:\/\/www.alagoinhas.ba.gov.br\/wp-content\/uploads\/2023\/06\/SAVE_20230626_093836.jpg\"><img loading=\"lazy\" decoding=\"async\" class=\"aligncenter size-full wp-image-67133\" src=\"https:\/\/www.alagoinhas.ba.gov.br\/wp-content\/uploads\/2023\/06\/SAVE_20230626_093836.jpg\" sizes=\"auto, (max-width: 1776px) 100vw, 1776px\" srcset=\"https:\/\/www.alagoinhas.ba.gov.br\/wp-content\/uploads\/2023\/06\/SAVE_20230626_093836.jpg 1776w, https:\/\/www.alagoinhas.ba.gov.br\/wp-content\/uploads\/2023\/06\/SAVE_20230626_093836-300x200.jpg 300w, https:\/\/www.alagoinhas.ba.gov.br\/wp-content\/uploads\/2023\/06\/SAVE_20230626_093836-768x512.jpg 768w, https:\/\/www.alagoinhas.ba.gov.br\/wp-content\/uploads\/2023\/06\/SAVE_20230626_093836-1024x683.jpg 1024w, https:\/\/www.alagoinhas.ba.gov.br\/wp-content\/uploads\/2023\/06\/SAVE_20230626_093836-105x70.jpg 105w\" alt=\"\" width=\"1776\" height=\"1184\" \/><\/a><\/p>\n<p>Al\u00e9m da divers\u00e3o, a Prefeitura Municipal em proporcionar seguran\u00e7a e comodidade aos alagoienses e turistas que frequentaram a festa. Foi montado um posto m\u00e9dico no Circuito, com m\u00e9dicos, enfermeiros e t\u00e9cnicos de enfermagem prontos para atender as ocorr\u00eancias que surgissem. O Servi\u00e7o de Atendimento M\u00f3vel de Urg\u00eancia esteve de prontid\u00e3o, com uma rota de escape previamente definida. No local, havia tamb\u00e9m uma Unidade Integrada de Seguran\u00e7a, com a presen\u00e7a das pol\u00edcias Civil e Militar, do Corpo de Bombeiros e da Guarda Civil Municipal, al\u00e9m da atua\u00e7\u00e3o do Conselho Tutelar e da Superintend\u00eancia Municipal de Transporte e Tr\u00e2nsito (SMTT).<\/p>\n<p>Para comercializar bebidas e comidas no Circuito Oficial, foram cadastrados pela Secretaria Municipal de Servi\u00e7os P\u00fablicos (SESEP) 236 vendedores ambulantes, que foram devidamente preparados e orientados para estar no local.<\/p>\n<p><img loading=\"lazy\" decoding=\"async\" class=\"aligncenter size-full wp-image-67131\" src=\"https:\/\/www.alagoinhas.ba.gov.br\/wp-content\/uploads\/2023\/06\/SAVE_20230626_102456.jpg\" sizes=\"auto, (max-width: 1184px) 100vw, 1184px\" srcset=\"https:\/\/www.alagoinhas.ba.gov.br\/wp-content\/uploads\/2023\/06\/SAVE_20230626_102456.jpg 1184w, https:\/\/www.alagoinhas.ba.gov.br\/wp-content\/uploads\/2023\/06\/SAVE_20230626_102456-200x300.jpg 200w, https:\/\/www.alagoinhas.ba.gov.br\/wp-content\/uploads\/2023\/06\/SAVE_20230626_102456-768x1152.jpg 768w, https:\/\/www.alagoinhas.ba.gov.br\/wp-content\/uploads\/2023\/06\/SAVE_20230626_102456-683x1024.jpg 683w, https:\/\/www.alagoinhas.ba.gov.br\/wp-content\/uploads\/2023\/06\/SAVE_20230626_102456-47x70.jpg 47w\" alt=\"\" width=\"1184\" height=\"1776\" \/><\/p>\n<p>\u201cS\u00e3o Jo\u00e3o \u00e9 cultura, entretenimento, lazer, bem-estar e tamb\u00e9m fomento ao turismo e desenvolvimento econ\u00f4mico. Nesse per\u00edodo, as vendas do com\u00e9rcio de Alagoinhas aumentaram 15% em rela\u00e7\u00e3o ao ano passado. N\u00f3s estamos muito satisfeitos com festa linda que foi promovida esse ano, com a dedica\u00e7\u00e3o da equipe da Secretaria de Cultura, Esporte e Turismo, sob a lideran\u00e7a da prof\u00aa. Iraci Gama\u201d, avalia o prefeito Joaquim Neto.<\/p>\n<p>Todos os shows do Circuito Oficial foram transmitidos ao vivo nos perfis oficiais da Prefeitura no YouTube e no Instagram. O Circuito do Forr\u00f3 de Alagoinhas segue at\u00e9 o dia 30 de junho, com a comemora\u00e7\u00e3o do S\u00e3o Pedro no distrito de Boa Uni\u00e3o e no povoado da Calu.<\/p>\n<p><a class=\"group1 cboxElement\" href=\"https:\/\/www.alagoinhas.ba.gov.br\/wp-content\/uploads\/2023\/06\/IMG-20230625-WA0056.jpg\"><img loading=\"lazy\" decoding=\"async\" class=\"aligncenter size-full wp-image-67092\" src=\"https:\/\/www.alagoinhas.ba.gov.br\/wp-content\/uploads\/2023\/06\/IMG-20230625-WA0056.jpg\" sizes=\"auto, (max-width: 1600px) 100vw, 1600px\" srcset=\"https:\/\/www.alagoinhas.ba.gov.br\/wp-content\/uploads\/2023\/06\/IMG-20230625-WA0056.jpg 1600w, https:\/\/www.alagoinhas.ba.gov.br\/wp-content\/uploads\/2023\/06\/IMG-20230625-WA0056-300x200.jpg 300w, https:\/\/www.alagoinhas.ba.gov.br\/wp-content\/uploads\/2023\/06\/IMG-20230625-WA0056-768x512.jpg 768w, https:\/\/www.alagoinhas.ba.gov.br\/wp-content\/uploads\/2023\/06\/IMG-20230625-WA0056-1024x682.jpg 1024w, https:\/\/www.alagoinhas.ba.gov.br\/wp-content\/uploads\/2023\/06\/IMG-20230625-WA0056-105x70.jpg 105w\" alt=\"\" width=\"1600\" height=\"1066\" \/><\/a><\/p>\n<p><a class=\"group1 cboxElement\" href=\"https:\/\/www.alagoinhas.ba.gov.br\/wp-content\/uploads\/2023\/06\/DSF2419-1.jpg\"><img loading=\"lazy\" decoding=\"async\" class=\"aligncenter size-full wp-image-67105\" src=\"https:\/\/www.alagoinhas.ba.gov.br\/wp-content\/uploads\/2023\/06\/DSF2419-1.jpg\" sizes=\"auto, (max-width: 6240px) 100vw, 6240px\" srcset=\"https:\/\/www.alagoinhas.ba.gov.br\/wp-content\/uploads\/2023\/06\/DSF2419-1.jpg 6240w, https:\/\/www.alagoinhas.ba.gov.br\/wp-content\/uploads\/2023\/06\/DSF2419-1-300x200.jpg 300w, https:\/\/www.alagoinhas.ba.gov.br\/wp-content\/uploads\/2023\/06\/DSF2419-1-768x512.jpg 768w, https:\/\/www.alagoinhas.ba.gov.br\/wp-content\/uploads\/2023\/06\/DSF2419-1-1024x683.jpg 1024w, https:\/\/www.alagoinhas.ba.gov.br\/wp-content\/uploads\/2023\/06\/DSF2419-1-105x70.jpg 105w\" alt=\"\" width=\"6240\" height=\"4160\" \/><\/a><\/p>\n<p><a class=\"group1 cboxElement\" href=\"https:\/\/www.alagoinhas.ba.gov.br\/wp-content\/uploads\/2023\/06\/IMG-20230625-WA0050.jpg\"><img loading=\"lazy\" decoding=\"async\" class=\"aligncenter size-full wp-image-67095\" src=\"https:\/\/www.alagoinhas.ba.gov.br\/wp-content\/uploads\/2023\/06\/IMG-20230625-WA0050.jpg\" sizes=\"auto, (max-width: 1600px) 100vw, 1600px\" srcset=\"https:\/\/www.alagoinhas.ba.gov.br\/wp-content\/uploads\/2023\/06\/IMG-20230625-WA0050.jpg 1600w, https:\/\/www.alagoinhas.ba.gov.br\/wp-content\/uploads\/2023\/06\/IMG-20230625-WA0050-300x200.jpg 300w, https:\/\/www.alagoinhas.ba.gov.br\/wp-content\/uploads\/2023\/06\/IMG-20230625-WA0050-768x512.jpg 768w, https:\/\/www.alagoinhas.ba.gov.br\/wp-content\/uploads\/2023\/06\/IMG-20230625-WA0050-1024x682.jpg 1024w, https:\/\/www.alagoinhas.ba.gov.br\/wp-content\/uploads\/2023\/06\/IMG-20230625-WA0050-105x70.jpg 105w\" alt=\"\" width=\"1600\" height=\"1066\" \/><\/a><\/p>\n<p><a class=\"group1 cboxElement\" href=\"https:\/\/www.alagoinhas.ba.gov.br\/wp-content\/uploads\/2023\/06\/DSF2527.jpg\"><img loading=\"lazy\" decoding=\"async\" class=\"aligncenter size-full wp-image-67098\" src=\"https:\/\/www.alagoinhas.ba.gov.br\/wp-content\/uploads\/2023\/06\/DSF2527.jpg\" sizes=\"auto, (max-width: 6240px) 100vw, 6240px\" srcset=\"https:\/\/www.alagoinhas.ba.gov.br\/wp-content\/uploads\/2023\/06\/DSF2527.jpg 6240w, https:\/\/www.alagoinhas.ba.gov.br\/wp-content\/uploads\/2023\/06\/DSF2527-300x200.jpg 300w, https:\/\/www.alagoinhas.ba.gov.br\/wp-content\/uploads\/2023\/06\/DSF2527-768x512.jpg 768w, https:\/\/www.alagoinhas.ba.gov.br\/wp-content\/uploads\/2023\/06\/DSF2527-1024x683.jpg 1024w, https:\/\/www.alagoinhas.ba.gov.br\/wp-content\/uploads\/2023\/06\/DSF2527-105x70.jpg 105w\" alt=\"\" width=\"6240\" height=\"4160\" \/><\/a><\/p>\n<p><a class=\"group1 cboxElement\" href=\"https:\/\/www.alagoinhas.ba.gov.br\/wp-content\/uploads\/2023\/06\/05d53e0a-adef-416d-ae2a-bd1c11a11dea-2.jpeg\"><img loading=\"lazy\" decoding=\"async\" class=\"aligncenter size-full wp-image-67051\" src=\"https:\/\/www.alagoinhas.ba.gov.br\/wp-content\/uploads\/2023\/06\/05d53e0a-adef-416d-ae2a-bd1c11a11dea-2.jpeg\" sizes=\"auto, (max-width: 1560px) 100vw, 1560px\" srcset=\"https:\/\/www.alagoinhas.ba.gov.br\/wp-content\/uploads\/2023\/06\/05d53e0a-adef-416d-ae2a-bd1c11a11dea-2.jpeg 1560w, https:\/\/www.alagoinhas.ba.gov.br\/wp-content\/uploads\/2023\/06\/05d53e0a-adef-416d-ae2a-bd1c11a11dea-2-300x200.jpeg 300w, https:\/\/www.alagoinhas.ba.gov.br\/wp-content\/uploads\/2023\/06\/05d53e0a-adef-416d-ae2a-bd1c11a11dea-2-768x512.jpeg 768w, https:\/\/www.alagoinhas.ba.gov.br\/wp-content\/uploads\/2023\/06\/05d53e0a-adef-416d-ae2a-bd1c11a11dea-2-1024x683.jpeg 1024w, https:\/\/www.alagoinhas.ba.gov.br\/wp-content\/uploads\/2023\/06\/05d53e0a-adef-416d-ae2a-bd1c11a11dea-2-105x70.jpeg 105w\" alt=\"\" width=\"1560\" height=\"1040\" \/><\/a><\/p>\n<p><a class=\"group1 cboxElement\" href=\"https:\/\/www.alagoinhas.ba.gov.br\/wp-content\/uploads\/2023\/06\/e30a606c-fb8e-43be-a5b1-e4ac63cdfc8d-3.jpeg\"><img loading=\"lazy\" decoding=\"async\" class=\"aligncenter size-full wp-image-67086\" src=\"https:\/\/www.alagoinhas.ba.gov.br\/wp-content\/uploads\/2023\/06\/e30a606c-fb8e-43be-a5b1-e4ac63cdfc8d-3.jpeg\" sizes=\"auto, (max-width: 1600px) 100vw, 1600px\" srcset=\"https:\/\/www.alagoinhas.ba.gov.br\/wp-content\/uploads\/2023\/06\/e30a606c-fb8e-43be-a5b1-e4ac63cdfc8d-3.jpeg 1600w, https:\/\/www.alagoinhas.ba.gov.br\/wp-content\/uploads\/2023\/06\/e30a606c-fb8e-43be-a5b1-e4ac63cdfc8d-3-300x200.jpeg 300w, https:\/\/www.alagoinhas.ba.gov.br\/wp-content\/uploads\/2023\/06\/e30a606c-fb8e-43be-a5b1-e4ac63cdfc8d-3-768x512.jpeg 768w, https:\/\/www.alagoinhas.ba.gov.br\/wp-content\/uploads\/2023\/06\/e30a606c-fb8e-43be-a5b1-e4ac63cdfc8d-3-1024x682.jpeg 1024w, https:\/\/www.alagoinhas.ba.gov.br\/wp-content\/uploads\/2023\/06\/e30a606c-fb8e-43be-a5b1-e4ac63cdfc8d-3-105x70.jpeg 105w\" alt=\"\" width=\"1600\" height=\"1066\" \/><\/a><\/p>\n<div class='share-to-whatsapp-wrapper'><div class='share-on-whsp'>Share on: <\/div><a data-text='Com tr\u00eas dias de festa, Circuito Oficial do S\u00e3o Jo\u00e3o de Alagoinhas \u00e9 sucesso de p\u00fablico' data-link='https:\/\/newsinfoco.com.br\/inicio\/com-tres-dias-de-festa-circuito-oficial-do-sao-joao-de-alagoinhas-e-sucesso-de-publico\/' class='whatsapp-button whatsapp-share'>WhatsApp<\/a><div class='clear '><\/div><\/div>","protected":false},"excerpt":{"rendered":"<p>Depois do Trem do Forr\u00f3, da Vila de Santo Ant\u00f4nio d\u2019Alagoinha e da Rota Alternativa, as festividades juninas de Alagoinhas seguiram com o Circuito Oficial do S\u00e3o Jo\u00e3o, que ocorreu no \u00faltimo fim de semana, de 23 a 25\/06. Uma mega-estrutura montada na avenida Joseph Wagner foi o palco para apresenta\u00e7\u00f5es de artistas locais, regionais [&hellip;]<\/p>\n","protected":false},"author":1,"featured_media":34490,"comment_status":"closed","ping_status":"closed","sticky":false,"template":"","format":"standard","meta":{"om_disable_all_campaigns":false,"rop_custom_images_group":[],"rop_custom_messages_group":[],"rop_publish_now":"initial","rop_publish_now_accounts":[],"rop_publish_now_history":[],"rop_publish_now_status":"pending","_exactmetrics_skip_tracking":false,"footnotes":""},"categories":[38,167],"tags":[],"class_list":["post-34489","post","type-post","status-publish","format-standard","has-post-thumbnail","hentry","category-alagoinhas-e-regiao","category-exclusivas"],"aioseo_notices":[],"aioseo_head":"\n\t\t<!-- All in One SEO 4.9.10 - aioseo.com -->\n\t<meta name=\"description\" content=\"Depois do Trem do Forr\u00f3, da Vila de Santo Ant\u00f4nio d\u2019Alagoinha e da Rota Alternativa, as festividades juninas de Alagoinhas seguiram com o Circuito Oficial do S\u00e3o Jo\u00e3o, que ocorreu no \u00faltimo fim de semana, de 23 a 25\/06. Uma mega-estrutura montada na avenida Joseph Wagner foi o palco para apresenta\u00e7\u00f5es de artistas locais, regionais\" \/>\n\t<meta name=\"robots\" content=\"max-image-preview:large\" \/>\n\t<meta name=\"author\" content=\"administrador\"\/>\n\t<link rel=\"canonical\" href=\"https:\/\/newsinfoco.com.br\/inicio\/com-tres-dias-de-festa-circuito-oficial-do-sao-joao-de-alagoinhas-e-sucesso-de-publico\/\" \/>\n\t<meta name=\"generator\" content=\"All in One SEO (AIOSEO) 4.9.10\" \/>\n\t\t<meta property=\"og:locale\" content=\"pt_BR\" \/>\n\t\t<meta property=\"og:site_name\" content=\"News In Foco - Editado por Caio Pimenta - O principal site de noticias de Alagoinhas e regi\u00e3o\" \/>\n\t\t<meta property=\"og:type\" content=\"article\" \/>\n\t\t<meta property=\"og:title\" content=\"Com tr\u00eas dias de festa, Circuito Oficial do S\u00e3o Jo\u00e3o de Alagoinhas \u00e9 sucesso de p\u00fablico - News In Foco - Editado por Caio Pimenta\" \/>\n\t\t<meta property=\"og:description\" content=\"Depois do Trem do Forr\u00f3, da Vila de Santo Ant\u00f4nio d\u2019Alagoinha e da Rota Alternativa, as festividades juninas de Alagoinhas seguiram com o Circuito Oficial do S\u00e3o Jo\u00e3o, que ocorreu no \u00faltimo fim de semana, de 23 a 25\/06. Uma mega-estrutura montada na avenida Joseph Wagner foi o palco para apresenta\u00e7\u00f5es de artistas locais, regionais\" \/>\n\t\t<meta property=\"og:url\" content=\"https:\/\/newsinfoco.com.br\/inicio\/com-tres-dias-de-festa-circuito-oficial-do-sao-joao-de-alagoinhas-e-sucesso-de-publico\/\" \/>\n\t\t<meta property=\"article:published_time\" content=\"2023-06-26T19:07:37+00:00\" \/>\n\t\t<meta property=\"article:modified_time\" content=\"2023-06-26T19:07:37+00:00\" \/>\n\t\t<meta name=\"twitter:card\" content=\"summary_large_image\" \/>\n\t\t<meta name=\"twitter:title\" content=\"Com tr\u00eas dias de festa, Circuito Oficial do S\u00e3o Jo\u00e3o de Alagoinhas \u00e9 sucesso de p\u00fablico - News In Foco - Editado por Caio Pimenta\" \/>\n\t\t<meta name=\"twitter:description\" content=\"Depois do Trem do Forr\u00f3, da Vila de Santo Ant\u00f4nio d\u2019Alagoinha e da Rota Alternativa, as festividades juninas de Alagoinhas seguiram com o Circuito Oficial do S\u00e3o Jo\u00e3o, que ocorreu no \u00faltimo fim de semana, de 23 a 25\/06. Uma mega-estrutura montada na avenida Joseph Wagner foi o palco para apresenta\u00e7\u00f5es de artistas locais, regionais\" \/>\n\t\t<script type=\"application\/ld+json\" class=\"aioseo-schema\">\n\t\t\t{\"@context\":\"https:\\\/\\\/schema.org\",\"@graph\":[{\"@type\":\"BlogPosting\",\"@id\":\"https:\\\/\\\/newsinfoco.com.br\\\/inicio\\\/com-tres-dias-de-festa-circuito-oficial-do-sao-joao-de-alagoinhas-e-sucesso-de-publico\\\/#blogposting\",\"name\":\"Com tr\\u00eas dias de festa, Circuito Oficial do S\\u00e3o Jo\\u00e3o de Alagoinhas \\u00e9 sucesso de p\\u00fablico - News In Foco - Editado por Caio Pimenta\",\"headline\":\"Com tr\\u00eas dias de festa, Circuito Oficial do S\\u00e3o Jo\\u00e3o de Alagoinhas \\u00e9 sucesso de p\\u00fablico\",\"author\":{\"@id\":\"https:\\\/\\\/newsinfoco.com.br\\\/inicio\\\/author\\\/administrador\\\/#author\"},\"publisher\":{\"@id\":\"https:\\\/\\\/newsinfoco.com.br\\\/inicio\\\/#organization\"},\"image\":{\"@type\":\"ImageObject\",\"url\":\"https:\\\/\\\/newsinfoco.com.br\\\/inicio\\\/wp-content\\\/uploads\\\/2023\\\/06\\\/IMG-20230625-WA0024.webp\",\"width\":1600,\"height\":900},\"datePublished\":\"2023-06-26T16:07:37-03:00\",\"dateModified\":\"2023-06-26T16:07:37-03:00\",\"inLanguage\":\"pt-BR\",\"mainEntityOfPage\":{\"@id\":\"https:\\\/\\\/newsinfoco.com.br\\\/inicio\\\/com-tres-dias-de-festa-circuito-oficial-do-sao-joao-de-alagoinhas-e-sucesso-de-publico\\\/#webpage\"},\"isPartOf\":{\"@id\":\"https:\\\/\\\/newsinfoco.com.br\\\/inicio\\\/com-tres-dias-de-festa-circuito-oficial-do-sao-joao-de-alagoinhas-e-sucesso-de-publico\\\/#webpage\"},\"articleSection\":\"Alagoinhas e Regi\\u00e3o, Manchete\"},{\"@type\":\"BreadcrumbList\",\"@id\":\"https:\\\/\\\/newsinfoco.com.br\\\/inicio\\\/com-tres-dias-de-festa-circuito-oficial-do-sao-joao-de-alagoinhas-e-sucesso-de-publico\\\/#breadcrumblist\",\"itemListElement\":[{\"@type\":\"ListItem\",\"@id\":\"https:\\\/\\\/newsinfoco.com.br\\\/inicio#listItem\",\"position\":1,\"name\":\"In\\u00edcio\",\"item\":\"https:\\\/\\\/newsinfoco.com.br\\\/inicio\",\"nextItem\":{\"@type\":\"ListItem\",\"@id\":\"https:\\\/\\\/newsinfoco.com.br\\\/inicio\\\/category\\\/alagoinhas-e-regiao\\\/#listItem\",\"name\":\"Alagoinhas e Regi\\u00e3o\"}},{\"@type\":\"ListItem\",\"@id\":\"https:\\\/\\\/newsinfoco.com.br\\\/inicio\\\/category\\\/alagoinhas-e-regiao\\\/#listItem\",\"position\":2,\"name\":\"Alagoinhas e Regi\\u00e3o\",\"item\":\"https:\\\/\\\/newsinfoco.com.br\\\/inicio\\\/category\\\/alagoinhas-e-regiao\\\/\",\"nextItem\":{\"@type\":\"ListItem\",\"@id\":\"https:\\\/\\\/newsinfoco.com.br\\\/inicio\\\/com-tres-dias-de-festa-circuito-oficial-do-sao-joao-de-alagoinhas-e-sucesso-de-publico\\\/#listItem\",\"name\":\"Com tr\\u00eas dias de festa, Circuito Oficial do S\\u00e3o Jo\\u00e3o de Alagoinhas \\u00e9 sucesso de p\\u00fablico\"},\"previousItem\":{\"@type\":\"ListItem\",\"@id\":\"https:\\\/\\\/newsinfoco.com.br\\\/inicio#listItem\",\"name\":\"In\\u00edcio\"}},{\"@type\":\"ListItem\",\"@id\":\"https:\\\/\\\/newsinfoco.com.br\\\/inicio\\\/com-tres-dias-de-festa-circuito-oficial-do-sao-joao-de-alagoinhas-e-sucesso-de-publico\\\/#listItem\",\"position\":3,\"name\":\"Com tr\\u00eas dias de festa, Circuito Oficial do S\\u00e3o Jo\\u00e3o de Alagoinhas \\u00e9 sucesso de p\\u00fablico\",\"previousItem\":{\"@type\":\"ListItem\",\"@id\":\"https:\\\/\\\/newsinfoco.com.br\\\/inicio\\\/category\\\/alagoinhas-e-regiao\\\/#listItem\",\"name\":\"Alagoinhas e Regi\\u00e3o\"}}]},{\"@type\":\"Organization\",\"@id\":\"https:\\\/\\\/newsinfoco.com.br\\\/inicio\\\/#organization\",\"name\":\"News In Foco - Editado por Caio Pimenta\",\"description\":\"O principal site de noticias de Alagoinhas e regi\\u00e3o\",\"url\":\"https:\\\/\\\/newsinfoco.com.br\\\/inicio\\\/\"},{\"@type\":\"Person\",\"@id\":\"https:\\\/\\\/newsinfoco.com.br\\\/inicio\\\/author\\\/administrador\\\/#author\",\"url\":\"https:\\\/\\\/newsinfoco.com.br\\\/inicio\\\/author\\\/administrador\\\/\",\"name\":\"administrador\",\"image\":{\"@type\":\"ImageObject\",\"@id\":\"https:\\\/\\\/newsinfoco.com.br\\\/inicio\\\/com-tres-dias-de-festa-circuito-oficial-do-sao-joao-de-alagoinhas-e-sucesso-de-publico\\\/#authorImage\",\"url\":\"https:\\\/\\\/secure.gravatar.com\\\/avatar\\\/c17a617433de8c1dc9584bb79aab7563b46f5bb7e1728c9b17d9cc3ce6a08e49?s=96&d=mm&r=g\",\"width\":96,\"height\":96,\"caption\":\"administrador\"}},{\"@type\":\"WebPage\",\"@id\":\"https:\\\/\\\/newsinfoco.com.br\\\/inicio\\\/com-tres-dias-de-festa-circuito-oficial-do-sao-joao-de-alagoinhas-e-sucesso-de-publico\\\/#webpage\",\"url\":\"https:\\\/\\\/newsinfoco.com.br\\\/inicio\\\/com-tres-dias-de-festa-circuito-oficial-do-sao-joao-de-alagoinhas-e-sucesso-de-publico\\\/\",\"name\":\"Com tr\\u00eas dias de festa, Circuito Oficial do S\\u00e3o Jo\\u00e3o de Alagoinhas \\u00e9 sucesso de p\\u00fablico - News In Foco - Editado por Caio Pimenta\",\"description\":\"Depois do Trem do Forr\\u00f3, da Vila de Santo Ant\\u00f4nio d\\u2019Alagoinha e da Rota Alternativa, as festividades juninas de Alagoinhas seguiram com o Circuito Oficial do S\\u00e3o Jo\\u00e3o, que ocorreu no \\u00faltimo fim de semana, de 23 a 25\\\/06. Uma mega-estrutura montada na avenida Joseph Wagner foi o palco para apresenta\\u00e7\\u00f5es de artistas locais, regionais\",\"inLanguage\":\"pt-BR\",\"isPartOf\":{\"@id\":\"https:\\\/\\\/newsinfoco.com.br\\\/inicio\\\/#website\"},\"breadcrumb\":{\"@id\":\"https:\\\/\\\/newsinfoco.com.br\\\/inicio\\\/com-tres-dias-de-festa-circuito-oficial-do-sao-joao-de-alagoinhas-e-sucesso-de-publico\\\/#breadcrumblist\"},\"author\":{\"@id\":\"https:\\\/\\\/newsinfoco.com.br\\\/inicio\\\/author\\\/administrador\\\/#author\"},\"creator\":{\"@id\":\"https:\\\/\\\/newsinfoco.com.br\\\/inicio\\\/author\\\/administrador\\\/#author\"},\"image\":{\"@type\":\"ImageObject\",\"url\":\"https:\\\/\\\/newsinfoco.com.br\\\/inicio\\\/wp-content\\\/uploads\\\/2023\\\/06\\\/IMG-20230625-WA0024.webp\",\"@id\":\"https:\\\/\\\/newsinfoco.com.br\\\/inicio\\\/com-tres-dias-de-festa-circuito-oficial-do-sao-joao-de-alagoinhas-e-sucesso-de-publico\\\/#mainImage\",\"width\":1600,\"height\":900},\"primaryImageOfPage\":{\"@id\":\"https:\\\/\\\/newsinfoco.com.br\\\/inicio\\\/com-tres-dias-de-festa-circuito-oficial-do-sao-joao-de-alagoinhas-e-sucesso-de-publico\\\/#mainImage\"},\"datePublished\":\"2023-06-26T16:07:37-03:00\",\"dateModified\":\"2023-06-26T16:07:37-03:00\"},{\"@type\":\"WebSite\",\"@id\":\"https:\\\/\\\/newsinfoco.com.br\\\/inicio\\\/#website\",\"url\":\"https:\\\/\\\/newsinfoco.com.br\\\/inicio\\\/\",\"name\":\"News In Foco - Editado por Caio Pimenta\",\"description\":\"O principal site de noticias de Alagoinhas e regi\\u00e3o\",\"inLanguage\":\"pt-BR\",\"publisher\":{\"@id\":\"https:\\\/\\\/newsinfoco.com.br\\\/inicio\\\/#organization\"}}]}\n\t\t<\/script>\n\t\t<!-- All in One SEO -->\n\n","aioseo_head_json":{"title":"Com tr\u00eas dias de festa, Circuito Oficial do S\u00e3o Jo\u00e3o de Alagoinhas \u00e9 sucesso de p\u00fablico - News In Foco - Editado por Caio Pimenta","description":"Depois do Trem do Forr\u00f3, da Vila de Santo Ant\u00f4nio d\u2019Alagoinha e da Rota Alternativa, as festividades juninas de Alagoinhas seguiram com o Circuito Oficial do S\u00e3o Jo\u00e3o, que ocorreu no \u00faltimo fim de semana, de 23 a 25\/06. Uma mega-estrutura montada na avenida Joseph Wagner foi o palco para apresenta\u00e7\u00f5es de artistas locais, regionais","canonical_url":"https:\/\/newsinfoco.com.br\/inicio\/com-tres-dias-de-festa-circuito-oficial-do-sao-joao-de-alagoinhas-e-sucesso-de-publico\/","robots":"max-image-preview:large","keywords":"","webmasterTools":{"miscellaneous":""},"schema":{"@context":"https:\/\/schema.org","@graph":[{"@type":"BlogPosting","@id":"https:\/\/newsinfoco.com.br\/inicio\/com-tres-dias-de-festa-circuito-oficial-do-sao-joao-de-alagoinhas-e-sucesso-de-publico\/#blogposting","name":"Com tr\u00eas dias de festa, Circuito Oficial do S\u00e3o Jo\u00e3o de Alagoinhas \u00e9 sucesso de p\u00fablico - News In Foco - Editado por Caio Pimenta","headline":"Com tr\u00eas dias de festa, Circuito Oficial do S\u00e3o Jo\u00e3o de Alagoinhas \u00e9 sucesso de p\u00fablico","author":{"@id":"https:\/\/newsinfoco.com.br\/inicio\/author\/administrador\/#author"},"publisher":{"@id":"https:\/\/newsinfoco.com.br\/inicio\/#organization"},"image":{"@type":"ImageObject","url":"https:\/\/newsinfoco.com.br\/inicio\/wp-content\/uploads\/2023\/06\/IMG-20230625-WA0024.webp","width":1600,"height":900},"datePublished":"2023-06-26T16:07:37-03:00","dateModified":"2023-06-26T16:07:37-03:00","inLanguage":"pt-BR","mainEntityOfPage":{"@id":"https:\/\/newsinfoco.com.br\/inicio\/com-tres-dias-de-festa-circuito-oficial-do-sao-joao-de-alagoinhas-e-sucesso-de-publico\/#webpage"},"isPartOf":{"@id":"https:\/\/newsinfoco.com.br\/inicio\/com-tres-dias-de-festa-circuito-oficial-do-sao-joao-de-alagoinhas-e-sucesso-de-publico\/#webpage"},"articleSection":"Alagoinhas e Regi\u00e3o, Manchete"},{"@type":"BreadcrumbList","@id":"https:\/\/newsinfoco.com.br\/inicio\/com-tres-dias-de-festa-circuito-oficial-do-sao-joao-de-alagoinhas-e-sucesso-de-publico\/#breadcrumblist","itemListElement":[{"@type":"ListItem","@id":"https:\/\/newsinfoco.com.br\/inicio#listItem","position":1,"name":"In\u00edcio","item":"https:\/\/newsinfoco.com.br\/inicio","nextItem":{"@type":"ListItem","@id":"https:\/\/newsinfoco.com.br\/inicio\/category\/alagoinhas-e-regiao\/#listItem","name":"Alagoinhas e Regi\u00e3o"}},{"@type":"ListItem","@id":"https:\/\/newsinfoco.com.br\/inicio\/category\/alagoinhas-e-regiao\/#listItem","position":2,"name":"Alagoinhas e Regi\u00e3o","item":"https:\/\/newsinfoco.com.br\/inicio\/category\/alagoinhas-e-regiao\/","nextItem":{"@type":"ListItem","@id":"https:\/\/newsinfoco.com.br\/inicio\/com-tres-dias-de-festa-circuito-oficial-do-sao-joao-de-alagoinhas-e-sucesso-de-publico\/#listItem","name":"Com tr\u00eas dias de festa, Circuito Oficial do S\u00e3o Jo\u00e3o de Alagoinhas \u00e9 sucesso de p\u00fablico"},"previousItem":{"@type":"ListItem","@id":"https:\/\/newsinfoco.com.br\/inicio#listItem","name":"In\u00edcio"}},{"@type":"ListItem","@id":"https:\/\/newsinfoco.com.br\/inicio\/com-tres-dias-de-festa-circuito-oficial-do-sao-joao-de-alagoinhas-e-sucesso-de-publico\/#listItem","position":3,"name":"Com tr\u00eas dias de festa, Circuito Oficial do S\u00e3o Jo\u00e3o de Alagoinhas \u00e9 sucesso de p\u00fablico","previousItem":{"@type":"ListItem","@id":"https:\/\/newsinfoco.com.br\/inicio\/category\/alagoinhas-e-regiao\/#listItem","name":"Alagoinhas e Regi\u00e3o"}}]},{"@type":"Organization","@id":"https:\/\/newsinfoco.com.br\/inicio\/#organization","name":"News In Foco - Editado por Caio Pimenta","description":"O principal site de noticias de Alagoinhas e regi\u00e3o","url":"https:\/\/newsinfoco.com.br\/inicio\/"},{"@type":"Person","@id":"https:\/\/newsinfoco.com.br\/inicio\/author\/administrador\/#author","url":"https:\/\/newsinfoco.com.br\/inicio\/author\/administrador\/","name":"administrador","image":{"@type":"ImageObject","@id":"https:\/\/newsinfoco.com.br\/inicio\/com-tres-dias-de-festa-circuito-oficial-do-sao-joao-de-alagoinhas-e-sucesso-de-publico\/#authorImage","url":"https:\/\/secure.gravatar.com\/avatar\/c17a617433de8c1dc9584bb79aab7563b46f5bb7e1728c9b17d9cc3ce6a08e49?s=96&d=mm&r=g","width":96,"height":96,"caption":"administrador"}},{"@type":"WebPage","@id":"https:\/\/newsinfoco.com.br\/inicio\/com-tres-dias-de-festa-circuito-oficial-do-sao-joao-de-alagoinhas-e-sucesso-de-publico\/#webpage","url":"https:\/\/newsinfoco.com.br\/inicio\/com-tres-dias-de-festa-circuito-oficial-do-sao-joao-de-alagoinhas-e-sucesso-de-publico\/","name":"Com tr\u00eas dias de festa, Circuito Oficial do S\u00e3o Jo\u00e3o de Alagoinhas \u00e9 sucesso de p\u00fablico - News In Foco - Editado por Caio Pimenta","description":"Depois do Trem do Forr\u00f3, da Vila de Santo Ant\u00f4nio d\u2019Alagoinha e da Rota Alternativa, as festividades juninas de Alagoinhas seguiram com o Circuito Oficial do S\u00e3o Jo\u00e3o, que ocorreu no \u00faltimo fim de semana, de 23 a 25\/06. Uma mega-estrutura montada na avenida Joseph Wagner foi o palco para apresenta\u00e7\u00f5es de artistas locais, regionais","inLanguage":"pt-BR","isPartOf":{"@id":"https:\/\/newsinfoco.com.br\/inicio\/#website"},"breadcrumb":{"@id":"https:\/\/newsinfoco.com.br\/inicio\/com-tres-dias-de-festa-circuito-oficial-do-sao-joao-de-alagoinhas-e-sucesso-de-publico\/#breadcrumblist"},"author":{"@id":"https:\/\/newsinfoco.com.br\/inicio\/author\/administrador\/#author"},"creator":{"@id":"https:\/\/newsinfoco.com.br\/inicio\/author\/administrador\/#author"},"image":{"@type":"ImageObject","url":"https:\/\/newsinfoco.com.br\/inicio\/wp-content\/uploads\/2023\/06\/IMG-20230625-WA0024.webp","@id":"https:\/\/newsinfoco.com.br\/inicio\/com-tres-dias-de-festa-circuito-oficial-do-sao-joao-de-alagoinhas-e-sucesso-de-publico\/#mainImage","width":1600,"height":900},"primaryImageOfPage":{"@id":"https:\/\/newsinfoco.com.br\/inicio\/com-tres-dias-de-festa-circuito-oficial-do-sao-joao-de-alagoinhas-e-sucesso-de-publico\/#mainImage"},"datePublished":"2023-06-26T16:07:37-03:00","dateModified":"2023-06-26T16:07:37-03:00"},{"@type":"WebSite","@id":"https:\/\/newsinfoco.com.br\/inicio\/#website","url":"https:\/\/newsinfoco.com.br\/inicio\/","name":"News In Foco - Editado por Caio Pimenta","description":"O principal site de noticias de Alagoinhas e regi\u00e3o","inLanguage":"pt-BR","publisher":{"@id":"https:\/\/newsinfoco.com.br\/inicio\/#organization"}}]},"og:locale":"pt_BR","og:site_name":"News In Foco - Editado por Caio Pimenta - O principal site de noticias de Alagoinhas e regi\u00e3o","og:type":"article","og:title":"Com tr\u00eas dias de festa, Circuito Oficial do S\u00e3o Jo\u00e3o de Alagoinhas \u00e9 sucesso de p\u00fablico - News In Foco - Editado por Caio Pimenta","og:description":"Depois do Trem do Forr\u00f3, da Vila de Santo Ant\u00f4nio d\u2019Alagoinha e da Rota Alternativa, as festividades juninas de Alagoinhas seguiram com o Circuito Oficial do S\u00e3o Jo\u00e3o, que ocorreu no \u00faltimo fim de semana, de 23 a 25\/06. Uma mega-estrutura montada na avenida Joseph Wagner foi o palco para apresenta\u00e7\u00f5es de artistas locais, regionais","og:url":"https:\/\/newsinfoco.com.br\/inicio\/com-tres-dias-de-festa-circuito-oficial-do-sao-joao-de-alagoinhas-e-sucesso-de-publico\/","article:published_time":"2023-06-26T19:07:37+00:00","article:modified_time":"2023-06-26T19:07:37+00:00","twitter:card":"summary_large_image","twitter:title":"Com tr\u00eas dias de festa, Circuito Oficial do S\u00e3o Jo\u00e3o de Alagoinhas \u00e9 sucesso de p\u00fablico - News In Foco - Editado por Caio Pimenta","twitter:description":"Depois do Trem do Forr\u00f3, da Vila de Santo Ant\u00f4nio d\u2019Alagoinha e da Rota Alternativa, as festividades juninas de Alagoinhas seguiram com o Circuito Oficial do S\u00e3o Jo\u00e3o, que ocorreu no \u00faltimo fim de semana, de 23 a 25\/06. Uma mega-estrutura montada na avenida Joseph Wagner foi o palco para apresenta\u00e7\u00f5es de artistas locais, regionais"},"aioseo_meta_data":{"post_id":"34489","title":null,"description":null,"keywords":[],"keyphrases":{"focus":{"keyphrase":"","score":0,"analysis":{"keyphraseInTitle":{"score":0,"maxScore":9,"error":1}}},"additional":[]},"primary_term":null,"canonical_url":null,"og_title":null,"og_description":null,"og_object_type":"default","og_image_type":"default","og_image_url":null,"og_image_width":null,"og_image_height":null,"og_image_custom_url":null,"og_image_custom_fields":null,"og_video":"","og_custom_url":null,"og_article_section":null,"og_article_tags":[],"twitter_use_og":false,"twitter_card":"default","twitter_image_type":"default","twitter_image_url":null,"twitter_image_custom_url":null,"twitter_image_custom_fields":null,"twitter_title":null,"twitter_description":null,"schema":{"blockGraphs":[],"customGraphs":[],"default":{"data":{"Article":[],"Course":[],"Dataset":[],"FAQPage":[],"Movie":[],"Person":[],"Product":[],"ProductReview":[],"Car":[],"Recipe":[],"Service":[],"SoftwareApplication":[],"WebPage":[]},"graphName":"BlogPosting","isEnabled":true},"graphs":[]},"schema_type":"default","schema_type_options":null,"pillar_content":false,"robots_default":true,"robots_noindex":false,"robots_noarchive":false,"robots_nosnippet":false,"robots_nofollow":false,"robots_noimageindex":false,"robots_noodp":false,"robots_notranslate":false,"robots_max_snippet":"-1","robots_max_videopreview":"-1","robots_max_imagepreview":"large","priority":null,"frequency":"default","local_seo":null,"breadcrumb_settings":null,"limit_modified_date":false,"ai":null,"created":"2023-06-26 19:07:38","updated":"2025-07-11 09:57:52","seo_analyzer_scan_date":null},"aioseo_breadcrumb":"<div class=\"aioseo-breadcrumbs\"><span class=\"aioseo-breadcrumb\">\n\t\t\t<a href=\"https:\/\/newsinfoco.com.br\/inicio\" title=\"In\u00edcio\">In\u00edcio<\/a>\n\t\t<\/span><span class=\"aioseo-breadcrumb-separator\">&raquo;<\/span><span class=\"aioseo-breadcrumb\">\n\t\t\t<a href=\"https:\/\/newsinfoco.com.br\/inicio\/category\/alagoinhas-e-regiao\/\" title=\"Alagoinhas e Regi\u00e3o\">Alagoinhas e Regi\u00e3o<\/a>\n\t\t<\/span><span class=\"aioseo-breadcrumb-separator\">&raquo;<\/span><span class=\"aioseo-breadcrumb\">\n\t\t\tCom tr\u00eas dias de festa, Circuito Oficial do S\u00e3o Jo\u00e3o de Alagoinhas \u00e9 sucesso de p\u00fablico\n\t\t<\/span><\/div>","aioseo_breadcrumb_json":[{"label":"In\u00edcio","link":"https:\/\/newsinfoco.com.br\/inicio"},{"label":"Alagoinhas e Regi\u00e3o","link":"https:\/\/newsinfoco.com.br\/inicio\/category\/alagoinhas-e-regiao\/"},{"label":"Com tr\u00eas dias de festa, Circuito Oficial do S\u00e3o Jo\u00e3o de Alagoinhas \u00e9 sucesso de p\u00fablico","link":"https:\/\/newsinfoco.com.br\/inicio\/com-tres-dias-de-festa-circuito-oficial-do-sao-joao-de-alagoinhas-e-sucesso-de-publico\/"}],"_links":{"self":[{"href":"https:\/\/newsinfoco.com.br\/inicio\/wp-json\/wp\/v2\/posts\/34489","targetHints":{"allow":["GET"]}}],"collection":[{"href":"https:\/\/newsinfoco.com.br\/inicio\/wp-json\/wp\/v2\/posts"}],"about":[{"href":"https:\/\/newsinfoco.com.br\/inicio\/wp-json\/wp\/v2\/types\/post"}],"author":[{"embeddable":true,"href":"https:\/\/newsinfoco.com.br\/inicio\/wp-json\/wp\/v2\/users\/1"}],"replies":[{"embeddable":true,"href":"https:\/\/newsinfoco.com.br\/inicio\/wp-json\/wp\/v2\/comments?post=34489"}],"version-history":[{"count":1,"href":"https:\/\/newsinfoco.com.br\/inicio\/wp-json\/wp\/v2\/posts\/34489\/revisions"}],"predecessor-version":[{"id":34491,"href":"https:\/\/newsinfoco.com.br\/inicio\/wp-json\/wp\/v2\/posts\/34489\/revisions\/34491"}],"wp:featuredmedia":[{"embeddable":true,"href":"https:\/\/newsinfoco.com.br\/inicio\/wp-json\/wp\/v2\/media\/34490"}],"wp:attachment":[{"href":"https:\/\/newsinfoco.com.br\/inicio\/wp-json\/wp\/v2\/media?parent=34489"}],"wp:term":[{"taxonomy":"category","embeddable":true,"href":"https:\/\/newsinfoco.com.br\/inicio\/wp-json\/wp\/v2\/categories?post=34489"},{"taxonomy":"post_tag","embeddable":true,"href":"https:\/\/newsinfoco.com.br\/inicio\/wp-json\/wp\/v2\/tags?post=34489"}],"curies":[{"name":"wp","href":"https:\/\/api.w.org\/{rel}","templated":true}]}}