{"id":34492,"date":"2023-06-26T17:00:12","date_gmt":"2023-06-26T20:00:12","guid":{"rendered":"https:\/\/newsinfoco.com.br\/inicio\/?p=34492"},"modified":"2023-06-26T17:20:59","modified_gmt":"2023-06-26T20:20:59","slug":"camara-de-alagoinhas-aprova-lei-que-estabelece-corpus-christi-como-feriado-municipal-entidades-acusam-inconstitucionalidade-da-lei","status":"publish","type":"post","link":"https:\/\/newsinfoco.com.br\/inicio\/camara-de-alagoinhas-aprova-lei-que-estabelece-corpus-christi-como-feriado-municipal-entidades-acusam-inconstitucionalidade-da-lei\/","title":{"rendered":"C\u00e2mara de Alagoinhas aprova lei que estabelece Corpus Christi como feriado municipal; entidades acusam inconstitucionalidade da lei"},"content":{"rendered":"<p>A C\u00e2mara Municipal de Alagoinhas aprovou na \u00faltima quinta-feira(22) um projeto lei que estabelece 08 de junho como feriado municipal em alus\u00e3o ao dia de Corpus Christi. O PL segue agora para a san\u00e7\u00e3o do prefeito.<\/p>\n<p>O PL atende a press\u00f5es da igreja cat\u00f3lica. No \u00faltimo Corpus Christi, o bispo Dom Francisco Vidal fez cr\u00edticas p\u00fablicas \u00e0 classe comercial de Alagoinhas por n\u00e3o fecharem os seus estabelecimentos na ocasi\u00e3o. Segundo a legisla\u00e7\u00e3o brasileira, o dia de Corpus Christi n\u00e3o \u00e9 considerado feriado.<\/p>\n<p>Entre as cr\u00edticas do bispo e a aprova\u00e7\u00e3o do projeto de lei, s\u00e3o contabilizados exatos 14 dias. N\u00e3o houve audi\u00eancias p\u00fablicas para discuss\u00e3o do tema, t\u00e3o pouco divulga\u00e7\u00e3o dos tr\u00e2mites da mat\u00e9ria.<\/p>\n<p>Entidades ligadas \u00e0 classe comercial(ACIA, Sicom\u00e9rcio e CDL) acusam o projeto de lei de ser inconstitucional e amea\u00e7am judicializar a mat\u00e9ria. Eles se apegam a uma decis\u00e3o do Tribunal de Justi\u00e7a que considerou inconstitucional a lei aprovada no Governo Paulo Cezar que instituiu feriado municipal no dia da consci\u00eancia negra.<\/p>\n<p>Al\u00e9m disso, as entidades criticam a C\u00e2mara de Vereadores por n\u00e3o dimensionar os impactos econ\u00f4micos do novo feriado como perda de receita das empresas e a consequente perda de arrecada\u00e7\u00e3o da prefeitura com impostos que n\u00e3o ser\u00e3o gerados.<\/p>\n<p>De acordo com a legisla\u00e7\u00e3o brasileira, os munic\u00edpios podem criar at\u00e9 04 feriados municipais religiosos, contando a sexta-feira da paix\u00e3o. Em Alagoinhas s\u00e3o considerados feriados municipais, al\u00e9m da sexta-feira da paix\u00e3o, a emancipa\u00e7\u00e3o politica da cidade, Santo Ant\u00f4nio e S\u00e3o Jo\u00e3o.<\/p>\n<p>Para essas entidades, a emancipa\u00e7\u00e3o politica conta na cota dos feriados municipais, o que tornaria a lei aprovada pela C\u00e2mara como inconstitucional. Ainda de acordo com estas entidades, na pr\u00f3pria decis\u00e3o que considerou inconstitucional o feriado do dia da consci\u00eancia negra, o Tribunal de Justi\u00e7a cita este entendimento. O site News Infoco solicitou a decis\u00e3o do Tribunal de Justi\u00e7a, mas at\u00e9 o momento n\u00e3o obteve retorno.<\/p>\n<p>Para o vereador Anderson Baqueiro, propositor da mat\u00e9ria, a lei \u00e9 clara ao tratar de &#8220;feriados religiosos&#8221;, onde n\u00e3o se enquadraria a data de emancipa\u00e7\u00e3o politica da cidade, abrindo brecha para a cria\u00e7\u00e3o de mais um feriado municipal.<\/p>\n<p>Representantes da classe empresarial devem se reunir na pr\u00f3xima quinta-feira(29) com vereadores, representantes da igreja cat\u00f3lica, sindicato dos comerci\u00e1rios e a prefeitura para discutir a mat\u00e9ria.<\/p>\n<p>&nbsp;<\/p>\n<p>Por Caio Pimenta para o News Infoco<\/p>\n<p>&nbsp;<\/p>\n<p>&nbsp;<\/p>\n<div class='share-to-whatsapp-wrapper'><div class='share-on-whsp'>Share on: <\/div><a data-text='C\u00e2mara de Alagoinhas aprova lei que estabelece Corpus Christi como feriado municipal; entidades acusam inconstitucionalidade da lei' data-link='https:\/\/newsinfoco.com.br\/inicio\/camara-de-alagoinhas-aprova-lei-que-estabelece-corpus-christi-como-feriado-municipal-entidades-acusam-inconstitucionalidade-da-lei\/' class='whatsapp-button whatsapp-share'>WhatsApp<\/a><div class='clear '><\/div><\/div>","protected":false},"excerpt":{"rendered":"<p>A C\u00e2mara Municipal de Alagoinhas aprovou na \u00faltima quinta-feira(22) um projeto lei que estabelece 08 de junho como feriado municipal em alus\u00e3o ao dia de Corpus Christi. O PL segue agora para a san\u00e7\u00e3o do prefeito. O PL atende a press\u00f5es da igreja cat\u00f3lica. No \u00faltimo Corpus Christi, o bispo Dom Francisco Vidal fez cr\u00edticas [&hellip;]<\/p>\n","protected":false},"author":1,"featured_media":27433,"comment_status":"closed","ping_status":"closed","sticky":false,"template":"","format":"standard","meta":{"om_disable_all_campaigns":false,"rop_custom_images_group":[],"rop_custom_messages_group":[],"rop_publish_now":"initial","rop_publish_now_accounts":[],"rop_publish_now_history":[],"rop_publish_now_status":"pending","_exactmetrics_skip_tracking":false,"footnotes":""},"categories":[38,167],"tags":[],"class_list":["post-34492","post","type-post","status-publish","format-standard","has-post-thumbnail","hentry","category-alagoinhas-e-regiao","category-exclusivas"],"aioseo_notices":[],"aioseo_head":"\n\t\t<!-- All in One SEO 4.9.10 - aioseo.com -->\n\t<meta name=\"description\" content=\"A C\u00e2mara Municipal de Alagoinhas aprovou na \u00faltima quinta-feira(22) um projeto lei que estabelece 08 de junho como feriado municipal em alus\u00e3o ao dia de Corpus Christi. O PL segue agora para a san\u00e7\u00e3o do prefeito. O PL atende a press\u00f5es da igreja cat\u00f3lica. No \u00faltimo Corpus Christi, o bispo Dom Francisco Vidal fez cr\u00edticas\" \/>\n\t<meta name=\"robots\" content=\"max-image-preview:large\" \/>\n\t<meta name=\"author\" content=\"administrador\"\/>\n\t<link rel=\"canonical\" href=\"https:\/\/newsinfoco.com.br\/inicio\/camara-de-alagoinhas-aprova-lei-que-estabelece-corpus-christi-como-feriado-municipal-entidades-acusam-inconstitucionalidade-da-lei\/\" \/>\n\t<meta name=\"generator\" content=\"All in One SEO (AIOSEO) 4.9.10\" \/>\n\t\t<meta property=\"og:locale\" content=\"pt_BR\" \/>\n\t\t<meta property=\"og:site_name\" content=\"News In Foco - Editado por Caio Pimenta - O principal site de noticias de Alagoinhas e regi\u00e3o\" \/>\n\t\t<meta property=\"og:type\" content=\"article\" \/>\n\t\t<meta property=\"og:title\" content=\"C\u00e2mara de Alagoinhas aprova lei que estabelece Corpus Christi como feriado municipal; entidades acusam inconstitucionalidade da lei - News In Foco - Editado por Caio Pimenta\" \/>\n\t\t<meta property=\"og:description\" content=\"A C\u00e2mara Municipal de Alagoinhas aprovou na \u00faltima quinta-feira(22) um projeto lei que estabelece 08 de junho como feriado municipal em alus\u00e3o ao dia de Corpus Christi. O PL segue agora para a san\u00e7\u00e3o do prefeito. O PL atende a press\u00f5es da igreja cat\u00f3lica. No \u00faltimo Corpus Christi, o bispo Dom Francisco Vidal fez cr\u00edticas\" \/>\n\t\t<meta property=\"og:url\" content=\"https:\/\/newsinfoco.com.br\/inicio\/camara-de-alagoinhas-aprova-lei-que-estabelece-corpus-christi-como-feriado-municipal-entidades-acusam-inconstitucionalidade-da-lei\/\" \/>\n\t\t<meta property=\"article:published_time\" content=\"2023-06-26T20:00:12+00:00\" \/>\n\t\t<meta property=\"article:modified_time\" content=\"2023-06-26T20:20:59+00:00\" \/>\n\t\t<meta name=\"twitter:card\" content=\"summary_large_image\" \/>\n\t\t<meta name=\"twitter:title\" content=\"C\u00e2mara de Alagoinhas aprova lei que estabelece Corpus Christi como feriado municipal; entidades acusam inconstitucionalidade da lei - News In Foco - Editado por Caio Pimenta\" \/>\n\t\t<meta name=\"twitter:description\" content=\"A C\u00e2mara Municipal de Alagoinhas aprovou na \u00faltima quinta-feira(22) um projeto lei que estabelece 08 de junho como feriado municipal em alus\u00e3o ao dia de Corpus Christi. O PL segue agora para a san\u00e7\u00e3o do prefeito. O PL atende a press\u00f5es da igreja cat\u00f3lica. No \u00faltimo Corpus Christi, o bispo Dom Francisco Vidal fez cr\u00edticas\" \/>\n\t\t<script type=\"application\/ld+json\" class=\"aioseo-schema\">\n\t\t\t{\"@context\":\"https:\\\/\\\/schema.org\",\"@graph\":[{\"@type\":\"BlogPosting\",\"@id\":\"https:\\\/\\\/newsinfoco.com.br\\\/inicio\\\/camara-de-alagoinhas-aprova-lei-que-estabelece-corpus-christi-como-feriado-municipal-entidades-acusam-inconstitucionalidade-da-lei\\\/#blogposting\",\"name\":\"C\\u00e2mara de Alagoinhas aprova lei que estabelece Corpus Christi como feriado municipal; entidades acusam inconstitucionalidade da lei - News In Foco - Editado por Caio Pimenta\",\"headline\":\"C\\u00e2mara de Alagoinhas aprova lei que estabelece Corpus Christi como feriado municipal; entidades acusam inconstitucionalidade da lei\",\"author\":{\"@id\":\"https:\\\/\\\/newsinfoco.com.br\\\/inicio\\\/author\\\/administrador\\\/#author\"},\"publisher\":{\"@id\":\"https:\\\/\\\/newsinfoco.com.br\\\/inicio\\\/#organization\"},\"image\":{\"@type\":\"ImageObject\",\"url\":\"https:\\\/\\\/newsinfoco.com.br\\\/inicio\\\/wp-content\\\/uploads\\\/2021\\\/11\\\/Camara-Alagoinhas-projeto-emprestimo-1024x738-1.jpg\",\"width\":1024,\"height\":738},\"datePublished\":\"2023-06-26T17:00:12-03:00\",\"dateModified\":\"2023-06-26T17:20:59-03:00\",\"inLanguage\":\"pt-BR\",\"mainEntityOfPage\":{\"@id\":\"https:\\\/\\\/newsinfoco.com.br\\\/inicio\\\/camara-de-alagoinhas-aprova-lei-que-estabelece-corpus-christi-como-feriado-municipal-entidades-acusam-inconstitucionalidade-da-lei\\\/#webpage\"},\"isPartOf\":{\"@id\":\"https:\\\/\\\/newsinfoco.com.br\\\/inicio\\\/camara-de-alagoinhas-aprova-lei-que-estabelece-corpus-christi-como-feriado-municipal-entidades-acusam-inconstitucionalidade-da-lei\\\/#webpage\"},\"articleSection\":\"Alagoinhas e Regi\\u00e3o, Manchete\"},{\"@type\":\"BreadcrumbList\",\"@id\":\"https:\\\/\\\/newsinfoco.com.br\\\/inicio\\\/camara-de-alagoinhas-aprova-lei-que-estabelece-corpus-christi-como-feriado-municipal-entidades-acusam-inconstitucionalidade-da-lei\\\/#breadcrumblist\",\"itemListElement\":[{\"@type\":\"ListItem\",\"@id\":\"https:\\\/\\\/newsinfoco.com.br\\\/inicio#listItem\",\"position\":1,\"name\":\"In\\u00edcio\",\"item\":\"https:\\\/\\\/newsinfoco.com.br\\\/inicio\",\"nextItem\":{\"@type\":\"ListItem\",\"@id\":\"https:\\\/\\\/newsinfoco.com.br\\\/inicio\\\/category\\\/alagoinhas-e-regiao\\\/#listItem\",\"name\":\"Alagoinhas e Regi\\u00e3o\"}},{\"@type\":\"ListItem\",\"@id\":\"https:\\\/\\\/newsinfoco.com.br\\\/inicio\\\/category\\\/alagoinhas-e-regiao\\\/#listItem\",\"position\":2,\"name\":\"Alagoinhas e Regi\\u00e3o\",\"item\":\"https:\\\/\\\/newsinfoco.com.br\\\/inicio\\\/category\\\/alagoinhas-e-regiao\\\/\",\"nextItem\":{\"@type\":\"ListItem\",\"@id\":\"https:\\\/\\\/newsinfoco.com.br\\\/inicio\\\/camara-de-alagoinhas-aprova-lei-que-estabelece-corpus-christi-como-feriado-municipal-entidades-acusam-inconstitucionalidade-da-lei\\\/#listItem\",\"name\":\"C\\u00e2mara de Alagoinhas aprova lei que estabelece Corpus Christi como feriado municipal; entidades acusam inconstitucionalidade da lei\"},\"previousItem\":{\"@type\":\"ListItem\",\"@id\":\"https:\\\/\\\/newsinfoco.com.br\\\/inicio#listItem\",\"name\":\"In\\u00edcio\"}},{\"@type\":\"ListItem\",\"@id\":\"https:\\\/\\\/newsinfoco.com.br\\\/inicio\\\/camara-de-alagoinhas-aprova-lei-que-estabelece-corpus-christi-como-feriado-municipal-entidades-acusam-inconstitucionalidade-da-lei\\\/#listItem\",\"position\":3,\"name\":\"C\\u00e2mara de Alagoinhas aprova lei que estabelece Corpus Christi como feriado municipal; entidades acusam inconstitucionalidade da lei\",\"previousItem\":{\"@type\":\"ListItem\",\"@id\":\"https:\\\/\\\/newsinfoco.com.br\\\/inicio\\\/category\\\/alagoinhas-e-regiao\\\/#listItem\",\"name\":\"Alagoinhas e Regi\\u00e3o\"}}]},{\"@type\":\"Organization\",\"@id\":\"https:\\\/\\\/newsinfoco.com.br\\\/inicio\\\/#organization\",\"name\":\"News In Foco - Editado por Caio Pimenta\",\"description\":\"O principal site de noticias de Alagoinhas e regi\\u00e3o\",\"url\":\"https:\\\/\\\/newsinfoco.com.br\\\/inicio\\\/\"},{\"@type\":\"Person\",\"@id\":\"https:\\\/\\\/newsinfoco.com.br\\\/inicio\\\/author\\\/administrador\\\/#author\",\"url\":\"https:\\\/\\\/newsinfoco.com.br\\\/inicio\\\/author\\\/administrador\\\/\",\"name\":\"administrador\",\"image\":{\"@type\":\"ImageObject\",\"@id\":\"https:\\\/\\\/newsinfoco.com.br\\\/inicio\\\/camara-de-alagoinhas-aprova-lei-que-estabelece-corpus-christi-como-feriado-municipal-entidades-acusam-inconstitucionalidade-da-lei\\\/#authorImage\",\"url\":\"https:\\\/\\\/secure.gravatar.com\\\/avatar\\\/c17a617433de8c1dc9584bb79aab7563b46f5bb7e1728c9b17d9cc3ce6a08e49?s=96&d=mm&r=g\",\"width\":96,\"height\":96,\"caption\":\"administrador\"}},{\"@type\":\"WebPage\",\"@id\":\"https:\\\/\\\/newsinfoco.com.br\\\/inicio\\\/camara-de-alagoinhas-aprova-lei-que-estabelece-corpus-christi-como-feriado-municipal-entidades-acusam-inconstitucionalidade-da-lei\\\/#webpage\",\"url\":\"https:\\\/\\\/newsinfoco.com.br\\\/inicio\\\/camara-de-alagoinhas-aprova-lei-que-estabelece-corpus-christi-como-feriado-municipal-entidades-acusam-inconstitucionalidade-da-lei\\\/\",\"name\":\"C\\u00e2mara de Alagoinhas aprova lei que estabelece Corpus Christi como feriado municipal; entidades acusam inconstitucionalidade da lei - News In Foco - Editado por Caio Pimenta\",\"description\":\"A C\\u00e2mara Municipal de Alagoinhas aprovou na \\u00faltima quinta-feira(22) um projeto lei que estabelece 08 de junho como feriado municipal em alus\\u00e3o ao dia de Corpus Christi. O PL segue agora para a san\\u00e7\\u00e3o do prefeito. O PL atende a press\\u00f5es da igreja cat\\u00f3lica. No \\u00faltimo Corpus Christi, o bispo Dom Francisco Vidal fez cr\\u00edticas\",\"inLanguage\":\"pt-BR\",\"isPartOf\":{\"@id\":\"https:\\\/\\\/newsinfoco.com.br\\\/inicio\\\/#website\"},\"breadcrumb\":{\"@id\":\"https:\\\/\\\/newsinfoco.com.br\\\/inicio\\\/camara-de-alagoinhas-aprova-lei-que-estabelece-corpus-christi-como-feriado-municipal-entidades-acusam-inconstitucionalidade-da-lei\\\/#breadcrumblist\"},\"author\":{\"@id\":\"https:\\\/\\\/newsinfoco.com.br\\\/inicio\\\/author\\\/administrador\\\/#author\"},\"creator\":{\"@id\":\"https:\\\/\\\/newsinfoco.com.br\\\/inicio\\\/author\\\/administrador\\\/#author\"},\"image\":{\"@type\":\"ImageObject\",\"url\":\"https:\\\/\\\/newsinfoco.com.br\\\/inicio\\\/wp-content\\\/uploads\\\/2021\\\/11\\\/Camara-Alagoinhas-projeto-emprestimo-1024x738-1.jpg\",\"@id\":\"https:\\\/\\\/newsinfoco.com.br\\\/inicio\\\/camara-de-alagoinhas-aprova-lei-que-estabelece-corpus-christi-como-feriado-municipal-entidades-acusam-inconstitucionalidade-da-lei\\\/#mainImage\",\"width\":1024,\"height\":738},\"primaryImageOfPage\":{\"@id\":\"https:\\\/\\\/newsinfoco.com.br\\\/inicio\\\/camara-de-alagoinhas-aprova-lei-que-estabelece-corpus-christi-como-feriado-municipal-entidades-acusam-inconstitucionalidade-da-lei\\\/#mainImage\"},\"datePublished\":\"2023-06-26T17:00:12-03:00\",\"dateModified\":\"2023-06-26T17:20:59-03:00\"},{\"@type\":\"WebSite\",\"@id\":\"https:\\\/\\\/newsinfoco.com.br\\\/inicio\\\/#website\",\"url\":\"https:\\\/\\\/newsinfoco.com.br\\\/inicio\\\/\",\"name\":\"News In Foco - Editado por Caio Pimenta\",\"description\":\"O principal site de noticias de Alagoinhas e regi\\u00e3o\",\"inLanguage\":\"pt-BR\",\"publisher\":{\"@id\":\"https:\\\/\\\/newsinfoco.com.br\\\/inicio\\\/#organization\"}}]}\n\t\t<\/script>\n\t\t<!-- All in One SEO -->\n\n","aioseo_head_json":{"title":"C\u00e2mara de Alagoinhas aprova lei que estabelece Corpus Christi como feriado municipal; entidades acusam inconstitucionalidade da lei - News In Foco - Editado por Caio Pimenta","description":"A C\u00e2mara Municipal de Alagoinhas aprovou na \u00faltima quinta-feira(22) um projeto lei que estabelece 08 de junho como feriado municipal em alus\u00e3o ao dia de Corpus Christi. O PL segue agora para a san\u00e7\u00e3o do prefeito. O PL atende a press\u00f5es da igreja cat\u00f3lica. No \u00faltimo Corpus Christi, o bispo Dom Francisco Vidal fez cr\u00edticas","canonical_url":"https:\/\/newsinfoco.com.br\/inicio\/camara-de-alagoinhas-aprova-lei-que-estabelece-corpus-christi-como-feriado-municipal-entidades-acusam-inconstitucionalidade-da-lei\/","robots":"max-image-preview:large","keywords":"","webmasterTools":{"miscellaneous":""},"schema":{"@context":"https:\/\/schema.org","@graph":[{"@type":"BlogPosting","@id":"https:\/\/newsinfoco.com.br\/inicio\/camara-de-alagoinhas-aprova-lei-que-estabelece-corpus-christi-como-feriado-municipal-entidades-acusam-inconstitucionalidade-da-lei\/#blogposting","name":"C\u00e2mara de Alagoinhas aprova lei que estabelece Corpus Christi como feriado municipal; entidades acusam inconstitucionalidade da lei - News In Foco - Editado por Caio Pimenta","headline":"C\u00e2mara de Alagoinhas aprova lei que estabelece Corpus Christi como feriado municipal; entidades acusam inconstitucionalidade da lei","author":{"@id":"https:\/\/newsinfoco.com.br\/inicio\/author\/administrador\/#author"},"publisher":{"@id":"https:\/\/newsinfoco.com.br\/inicio\/#organization"},"image":{"@type":"ImageObject","url":"https:\/\/newsinfoco.com.br\/inicio\/wp-content\/uploads\/2021\/11\/Camara-Alagoinhas-projeto-emprestimo-1024x738-1.jpg","width":1024,"height":738},"datePublished":"2023-06-26T17:00:12-03:00","dateModified":"2023-06-26T17:20:59-03:00","inLanguage":"pt-BR","mainEntityOfPage":{"@id":"https:\/\/newsinfoco.com.br\/inicio\/camara-de-alagoinhas-aprova-lei-que-estabelece-corpus-christi-como-feriado-municipal-entidades-acusam-inconstitucionalidade-da-lei\/#webpage"},"isPartOf":{"@id":"https:\/\/newsinfoco.com.br\/inicio\/camara-de-alagoinhas-aprova-lei-que-estabelece-corpus-christi-como-feriado-municipal-entidades-acusam-inconstitucionalidade-da-lei\/#webpage"},"articleSection":"Alagoinhas e Regi\u00e3o, Manchete"},{"@type":"BreadcrumbList","@id":"https:\/\/newsinfoco.com.br\/inicio\/camara-de-alagoinhas-aprova-lei-que-estabelece-corpus-christi-como-feriado-municipal-entidades-acusam-inconstitucionalidade-da-lei\/#breadcrumblist","itemListElement":[{"@type":"ListItem","@id":"https:\/\/newsinfoco.com.br\/inicio#listItem","position":1,"name":"In\u00edcio","item":"https:\/\/newsinfoco.com.br\/inicio","nextItem":{"@type":"ListItem","@id":"https:\/\/newsinfoco.com.br\/inicio\/category\/alagoinhas-e-regiao\/#listItem","name":"Alagoinhas e Regi\u00e3o"}},{"@type":"ListItem","@id":"https:\/\/newsinfoco.com.br\/inicio\/category\/alagoinhas-e-regiao\/#listItem","position":2,"name":"Alagoinhas e Regi\u00e3o","item":"https:\/\/newsinfoco.com.br\/inicio\/category\/alagoinhas-e-regiao\/","nextItem":{"@type":"ListItem","@id":"https:\/\/newsinfoco.com.br\/inicio\/camara-de-alagoinhas-aprova-lei-que-estabelece-corpus-christi-como-feriado-municipal-entidades-acusam-inconstitucionalidade-da-lei\/#listItem","name":"C\u00e2mara de Alagoinhas aprova lei que estabelece Corpus Christi como feriado municipal; entidades acusam inconstitucionalidade da lei"},"previousItem":{"@type":"ListItem","@id":"https:\/\/newsinfoco.com.br\/inicio#listItem","name":"In\u00edcio"}},{"@type":"ListItem","@id":"https:\/\/newsinfoco.com.br\/inicio\/camara-de-alagoinhas-aprova-lei-que-estabelece-corpus-christi-como-feriado-municipal-entidades-acusam-inconstitucionalidade-da-lei\/#listItem","position":3,"name":"C\u00e2mara de Alagoinhas aprova lei que estabelece Corpus Christi como feriado municipal; entidades acusam inconstitucionalidade da lei","previousItem":{"@type":"ListItem","@id":"https:\/\/newsinfoco.com.br\/inicio\/category\/alagoinhas-e-regiao\/#listItem","name":"Alagoinhas e Regi\u00e3o"}}]},{"@type":"Organization","@id":"https:\/\/newsinfoco.com.br\/inicio\/#organization","name":"News In Foco - Editado por Caio Pimenta","description":"O principal site de noticias de Alagoinhas e regi\u00e3o","url":"https:\/\/newsinfoco.com.br\/inicio\/"},{"@type":"Person","@id":"https:\/\/newsinfoco.com.br\/inicio\/author\/administrador\/#author","url":"https:\/\/newsinfoco.com.br\/inicio\/author\/administrador\/","name":"administrador","image":{"@type":"ImageObject","@id":"https:\/\/newsinfoco.com.br\/inicio\/camara-de-alagoinhas-aprova-lei-que-estabelece-corpus-christi-como-feriado-municipal-entidades-acusam-inconstitucionalidade-da-lei\/#authorImage","url":"https:\/\/secure.gravatar.com\/avatar\/c17a617433de8c1dc9584bb79aab7563b46f5bb7e1728c9b17d9cc3ce6a08e49?s=96&d=mm&r=g","width":96,"height":96,"caption":"administrador"}},{"@type":"WebPage","@id":"https:\/\/newsinfoco.com.br\/inicio\/camara-de-alagoinhas-aprova-lei-que-estabelece-corpus-christi-como-feriado-municipal-entidades-acusam-inconstitucionalidade-da-lei\/#webpage","url":"https:\/\/newsinfoco.com.br\/inicio\/camara-de-alagoinhas-aprova-lei-que-estabelece-corpus-christi-como-feriado-municipal-entidades-acusam-inconstitucionalidade-da-lei\/","name":"C\u00e2mara de Alagoinhas aprova lei que estabelece Corpus Christi como feriado municipal; entidades acusam inconstitucionalidade da lei - News In Foco - Editado por Caio Pimenta","description":"A C\u00e2mara Municipal de Alagoinhas aprovou na \u00faltima quinta-feira(22) um projeto lei que estabelece 08 de junho como feriado municipal em alus\u00e3o ao dia de Corpus Christi. O PL segue agora para a san\u00e7\u00e3o do prefeito. O PL atende a press\u00f5es da igreja cat\u00f3lica. No \u00faltimo Corpus Christi, o bispo Dom Francisco Vidal fez cr\u00edticas","inLanguage":"pt-BR","isPartOf":{"@id":"https:\/\/newsinfoco.com.br\/inicio\/#website"},"breadcrumb":{"@id":"https:\/\/newsinfoco.com.br\/inicio\/camara-de-alagoinhas-aprova-lei-que-estabelece-corpus-christi-como-feriado-municipal-entidades-acusam-inconstitucionalidade-da-lei\/#breadcrumblist"},"author":{"@id":"https:\/\/newsinfoco.com.br\/inicio\/author\/administrador\/#author"},"creator":{"@id":"https:\/\/newsinfoco.com.br\/inicio\/author\/administrador\/#author"},"image":{"@type":"ImageObject","url":"https:\/\/newsinfoco.com.br\/inicio\/wp-content\/uploads\/2021\/11\/Camara-Alagoinhas-projeto-emprestimo-1024x738-1.jpg","@id":"https:\/\/newsinfoco.com.br\/inicio\/camara-de-alagoinhas-aprova-lei-que-estabelece-corpus-christi-como-feriado-municipal-entidades-acusam-inconstitucionalidade-da-lei\/#mainImage","width":1024,"height":738},"primaryImageOfPage":{"@id":"https:\/\/newsinfoco.com.br\/inicio\/camara-de-alagoinhas-aprova-lei-que-estabelece-corpus-christi-como-feriado-municipal-entidades-acusam-inconstitucionalidade-da-lei\/#mainImage"},"datePublished":"2023-06-26T17:00:12-03:00","dateModified":"2023-06-26T17:20:59-03:00"},{"@type":"WebSite","@id":"https:\/\/newsinfoco.com.br\/inicio\/#website","url":"https:\/\/newsinfoco.com.br\/inicio\/","name":"News In Foco - Editado por Caio Pimenta","description":"O principal site de noticias de Alagoinhas e regi\u00e3o","inLanguage":"pt-BR","publisher":{"@id":"https:\/\/newsinfoco.com.br\/inicio\/#organization"}}]},"og:locale":"pt_BR","og:site_name":"News In Foco - Editado por Caio Pimenta - O principal site de noticias de Alagoinhas e regi\u00e3o","og:type":"article","og:title":"C\u00e2mara de Alagoinhas aprova lei que estabelece Corpus Christi como feriado municipal; entidades acusam inconstitucionalidade da lei - News In Foco - Editado por Caio Pimenta","og:description":"A C\u00e2mara Municipal de Alagoinhas aprovou na \u00faltima quinta-feira(22) um projeto lei que estabelece 08 de junho como feriado municipal em alus\u00e3o ao dia de Corpus Christi. O PL segue agora para a san\u00e7\u00e3o do prefeito. O PL atende a press\u00f5es da igreja cat\u00f3lica. No \u00faltimo Corpus Christi, o bispo Dom Francisco Vidal fez cr\u00edticas","og:url":"https:\/\/newsinfoco.com.br\/inicio\/camara-de-alagoinhas-aprova-lei-que-estabelece-corpus-christi-como-feriado-municipal-entidades-acusam-inconstitucionalidade-da-lei\/","article:published_time":"2023-06-26T20:00:12+00:00","article:modified_time":"2023-06-26T20:20:59+00:00","twitter:card":"summary_large_image","twitter:title":"C\u00e2mara de Alagoinhas aprova lei que estabelece Corpus Christi como feriado municipal; entidades acusam inconstitucionalidade da lei - News In Foco - Editado por Caio Pimenta","twitter:description":"A C\u00e2mara Municipal de Alagoinhas aprovou na \u00faltima quinta-feira(22) um projeto lei que estabelece 08 de junho como feriado municipal em alus\u00e3o ao dia de Corpus Christi. O PL segue agora para a san\u00e7\u00e3o do prefeito. O PL atende a press\u00f5es da igreja cat\u00f3lica. No \u00faltimo Corpus Christi, o bispo Dom Francisco Vidal fez cr\u00edticas"},"aioseo_meta_data":{"post_id":"34492","title":null,"description":null,"keywords":[],"keyphrases":{"focus":{"keyphrase":"","score":0,"analysis":{"keyphraseInTitle":{"score":0,"maxScore":9,"error":1}}},"additional":[]},"primary_term":null,"canonical_url":null,"og_title":null,"og_description":null,"og_object_type":"default","og_image_type":"default","og_image_url":null,"og_image_width":null,"og_image_height":null,"og_image_custom_url":null,"og_image_custom_fields":null,"og_video":"","og_custom_url":null,"og_article_section":null,"og_article_tags":[],"twitter_use_og":false,"twitter_card":"default","twitter_image_type":"default","twitter_image_url":null,"twitter_image_custom_url":null,"twitter_image_custom_fields":null,"twitter_title":null,"twitter_description":null,"schema":{"blockGraphs":[],"customGraphs":[],"default":{"data":{"Article":[],"Course":[],"Dataset":[],"FAQPage":[],"Movie":[],"Person":[],"Product":[],"ProductReview":[],"Car":[],"Recipe":[],"Service":[],"SoftwareApplication":[],"WebPage":[]},"graphName":"BlogPosting","isEnabled":true},"graphs":[]},"schema_type":"default","schema_type_options":null,"pillar_content":false,"robots_default":true,"robots_noindex":false,"robots_noarchive":false,"robots_nosnippet":false,"robots_nofollow":false,"robots_noimageindex":false,"robots_noodp":false,"robots_notranslate":false,"robots_max_snippet":"-1","robots_max_videopreview":"-1","robots_max_imagepreview":"large","priority":null,"frequency":"default","local_seo":null,"breadcrumb_settings":null,"limit_modified_date":false,"ai":null,"created":"2023-06-26 19:52:23","updated":"2025-07-11 09:57:52","seo_analyzer_scan_date":null},"aioseo_breadcrumb":"<div class=\"aioseo-breadcrumbs\"><span class=\"aioseo-breadcrumb\">\n\t\t\t<a href=\"https:\/\/newsinfoco.com.br\/inicio\" title=\"In\u00edcio\">In\u00edcio<\/a>\n\t\t<\/span><span class=\"aioseo-breadcrumb-separator\">&raquo;<\/span><span class=\"aioseo-breadcrumb\">\n\t\t\t<a href=\"https:\/\/newsinfoco.com.br\/inicio\/category\/alagoinhas-e-regiao\/\" title=\"Alagoinhas e Regi\u00e3o\">Alagoinhas e Regi\u00e3o<\/a>\n\t\t<\/span><span class=\"aioseo-breadcrumb-separator\">&raquo;<\/span><span class=\"aioseo-breadcrumb\">\n\t\t\tC\u00e2mara de Alagoinhas aprova lei que estabelece Corpus Christi como feriado municipal; entidades acusam inconstitucionalidade da lei\n\t\t<\/span><\/div>","aioseo_breadcrumb_json":[{"label":"In\u00edcio","link":"https:\/\/newsinfoco.com.br\/inicio"},{"label":"Alagoinhas e Regi\u00e3o","link":"https:\/\/newsinfoco.com.br\/inicio\/category\/alagoinhas-e-regiao\/"},{"label":"C\u00e2mara de Alagoinhas aprova lei que estabelece Corpus Christi como feriado municipal; entidades acusam inconstitucionalidade da lei","link":"https:\/\/newsinfoco.com.br\/inicio\/camara-de-alagoinhas-aprova-lei-que-estabelece-corpus-christi-como-feriado-municipal-entidades-acusam-inconstitucionalidade-da-lei\/"}],"_links":{"self":[{"href":"https:\/\/newsinfoco.com.br\/inicio\/wp-json\/wp\/v2\/posts\/34492","targetHints":{"allow":["GET"]}}],"collection":[{"href":"https:\/\/newsinfoco.com.br\/inicio\/wp-json\/wp\/v2\/posts"}],"about":[{"href":"https:\/\/newsinfoco.com.br\/inicio\/wp-json\/wp\/v2\/types\/post"}],"author":[{"embeddable":true,"href":"https:\/\/newsinfoco.com.br\/inicio\/wp-json\/wp\/v2\/users\/1"}],"replies":[{"embeddable":true,"href":"https:\/\/newsinfoco.com.br\/inicio\/wp-json\/wp\/v2\/comments?post=34492"}],"version-history":[{"count":5,"href":"https:\/\/newsinfoco.com.br\/inicio\/wp-json\/wp\/v2\/posts\/34492\/revisions"}],"predecessor-version":[{"id":34495,"href":"https:\/\/newsinfoco.com.br\/inicio\/wp-json\/wp\/v2\/posts\/34492\/revisions\/34495"}],"wp:featuredmedia":[{"embeddable":true,"href":"https:\/\/newsinfoco.com.br\/inicio\/wp-json\/wp\/v2\/media\/27433"}],"wp:attachment":[{"href":"https:\/\/newsinfoco.com.br\/inicio\/wp-json\/wp\/v2\/media?parent=34492"}],"wp:term":[{"taxonomy":"category","embeddable":true,"href":"https:\/\/newsinfoco.com.br\/inicio\/wp-json\/wp\/v2\/categories?post=34492"},{"taxonomy":"post_tag","embeddable":true,"href":"https:\/\/newsinfoco.com.br\/inicio\/wp-json\/wp\/v2\/tags?post=34492"}],"curies":[{"name":"wp","href":"https:\/\/api.w.org\/{rel}","templated":true}]}}