{"id":34512,"date":"2023-06-29T17:13:00","date_gmt":"2023-06-29T20:13:00","guid":{"rendered":"https:\/\/newsinfoco.com.br\/inicio\/?p=34512"},"modified":"2023-06-29T17:13:00","modified_gmt":"2023-06-29T20:13:00","slug":"em-meio-a-especulacoes-sobre-disputa-de-vaga-na-camara-de-alagoinhas-ano-que-vem-juscelio-carmo-anuncia-saida-do-pdt-outros-filiados-devem-sair-da-sigla-para-segui-lo","status":"publish","type":"post","link":"https:\/\/newsinfoco.com.br\/inicio\/em-meio-a-especulacoes-sobre-disputa-de-vaga-na-camara-de-alagoinhas-ano-que-vem-juscelio-carmo-anuncia-saida-do-pdt-outros-filiados-devem-sair-da-sigla-para-segui-lo\/","title":{"rendered":"Em meio a especula\u00e7\u00f5es sobre disputa de vaga na C\u00e2mara de Alagoinhas ano que vem, Jusc\u00e9lio Carmo anuncia sa\u00edda do PDT; outros filiados devem sair da sigla para segui-lo"},"content":{"rendered":"<p>Cotado para concorrer a uma vaga na C\u00e2mara de Vereadores de Alagoinhas no ano que vem, o empres\u00e1rio e radialista Jusc\u00e9lio Carmo anunciou que ir\u00e1 se desfilar do PDT. A informa\u00e7\u00e3o foi confirmada pelo pr\u00f3prio Jusc\u00e9lio na tarde de hoje(29) a este site News Infoco.<\/p>\n<p>Na elei\u00e7\u00e3o municipal de 2020, Jusc\u00e9lio chegou a lan\u00e7ar sua candidatura a prefeitura de Alagoinhas pela sigla, substituindo o ent\u00e3o pr\u00e9-candidato, Antonio Barreto, popularmente conhecido como Tonho Rato. Por\u00e9m, no decorrer do processo eleitoral, houve um desentendimento entre Carmo e integrantes do diret\u00f3rio municipal, a quem ele acusa de trai\u00e7\u00e3o. O radialista desde ent\u00e3o se afastou das atividades do partido, mas manteve-se filiado.<\/p>\n<p>Agora, cotado para disputar uma vaga na C\u00e2mara Municipal, Jusc\u00e9lio, que diz n\u00e3o ter mais confian\u00e7a no PDT, negocia sua filia\u00e7\u00e3o com outros partidos. A este site News Infoco ele afirmou que desde que a possibilidade de se candidatar na pr\u00f3xima elei\u00e7\u00e3o se tornou p\u00fablica, v\u00e1rios outros partidos passaram a lhe procurar. Ele diz que o momento \u00e9 de conversas e di\u00e1logo.<\/p>\n<p>Jusc\u00e9lio n\u00e3o dever\u00e1 sair s\u00f3. Outros filiados, simpatizantes de sua postula\u00e7\u00e3o \u00e0 C\u00e2mara Municipal, devem tamb\u00e9m se desfiliar do PDT, hoje presidido no munic\u00edpio pela vereadora Luma Menezes.<\/p>\n<p>&nbsp;<\/p>\n<p>Por Caio Pimenta para o News Infoco<\/p>\n<p>&nbsp;<\/p>\n<div class='share-to-whatsapp-wrapper'><div class='share-on-whsp'>Share on: <\/div><a data-text='Em meio a especula\u00e7\u00f5es sobre disputa de vaga na C\u00e2mara de Alagoinhas ano que vem, Jusc\u00e9lio Carmo anuncia sa\u00edda do PDT; outros filiados devem sair da sigla para segui-lo' data-link='https:\/\/newsinfoco.com.br\/inicio\/em-meio-a-especulacoes-sobre-disputa-de-vaga-na-camara-de-alagoinhas-ano-que-vem-juscelio-carmo-anuncia-saida-do-pdt-outros-filiados-devem-sair-da-sigla-para-segui-lo\/' class='whatsapp-button whatsapp-share'>WhatsApp<\/a><div class='clear '><\/div><\/div>","protected":false},"excerpt":{"rendered":"<p>Cotado para concorrer a uma vaga na C\u00e2mara de Vereadores de Alagoinhas no ano que vem, o empres\u00e1rio e radialista Jusc\u00e9lio Carmo anunciou que ir\u00e1 se desfilar do PDT. A informa\u00e7\u00e3o foi confirmada pelo pr\u00f3prio Jusc\u00e9lio na tarde de hoje(29) a este site News Infoco. Na elei\u00e7\u00e3o municipal de 2020, Jusc\u00e9lio chegou a lan\u00e7ar sua [&hellip;]<\/p>\n","protected":false},"author":1,"featured_media":14854,"comment_status":"closed","ping_status":"closed","sticky":false,"template":"","format":"standard","meta":{"om_disable_all_campaigns":false,"rop_custom_images_group":[],"rop_custom_messages_group":[],"rop_publish_now":"initial","rop_publish_now_accounts":[],"rop_publish_now_history":[],"rop_publish_now_status":"pending","_exactmetrics_skip_tracking":false,"footnotes":""},"categories":[38,167],"tags":[],"class_list":["post-34512","post","type-post","status-publish","format-standard","has-post-thumbnail","hentry","category-alagoinhas-e-regiao","category-exclusivas"],"aioseo_notices":[],"aioseo_head":"\n\t\t<!-- All in One SEO 4.9.10 - aioseo.com -->\n\t<meta name=\"description\" content=\"Cotado para concorrer a uma vaga na C\u00e2mara de Vereadores de Alagoinhas no ano que vem, o empres\u00e1rio e radialista Jusc\u00e9lio Carmo anunciou que ir\u00e1 se desfilar do PDT. A informa\u00e7\u00e3o foi confirmada pelo pr\u00f3prio Jusc\u00e9lio na tarde de hoje(29) a este site News Infoco. Na elei\u00e7\u00e3o municipal de 2020, Jusc\u00e9lio chegou a lan\u00e7ar sua\" \/>\n\t<meta name=\"robots\" content=\"max-image-preview:large\" \/>\n\t<meta name=\"author\" content=\"administrador\"\/>\n\t<link rel=\"canonical\" href=\"https:\/\/newsinfoco.com.br\/inicio\/em-meio-a-especulacoes-sobre-disputa-de-vaga-na-camara-de-alagoinhas-ano-que-vem-juscelio-carmo-anuncia-saida-do-pdt-outros-filiados-devem-sair-da-sigla-para-segui-lo\/\" \/>\n\t<meta name=\"generator\" content=\"All in One SEO (AIOSEO) 4.9.10\" \/>\n\t\t<meta property=\"og:locale\" content=\"pt_BR\" \/>\n\t\t<meta property=\"og:site_name\" content=\"News In Foco - Editado por Caio Pimenta - O principal site de noticias de Alagoinhas e regi\u00e3o\" \/>\n\t\t<meta property=\"og:type\" content=\"article\" \/>\n\t\t<meta property=\"og:title\" content=\"Em meio a especula\u00e7\u00f5es sobre disputa de vaga na C\u00e2mara de Alagoinhas ano que vem, Jusc\u00e9lio Carmo anuncia sa\u00edda do PDT; outros filiados devem sair da sigla para segui-lo - News In Foco - Editado por Caio Pimenta\" \/>\n\t\t<meta property=\"og:description\" content=\"Cotado para concorrer a uma vaga na C\u00e2mara de Vereadores de Alagoinhas no ano que vem, o empres\u00e1rio e radialista Jusc\u00e9lio Carmo anunciou que ir\u00e1 se desfilar do PDT. A informa\u00e7\u00e3o foi confirmada pelo pr\u00f3prio Jusc\u00e9lio na tarde de hoje(29) a este site News Infoco. Na elei\u00e7\u00e3o municipal de 2020, Jusc\u00e9lio chegou a lan\u00e7ar sua\" \/>\n\t\t<meta property=\"og:url\" content=\"https:\/\/newsinfoco.com.br\/inicio\/em-meio-a-especulacoes-sobre-disputa-de-vaga-na-camara-de-alagoinhas-ano-que-vem-juscelio-carmo-anuncia-saida-do-pdt-outros-filiados-devem-sair-da-sigla-para-segui-lo\/\" \/>\n\t\t<meta property=\"article:published_time\" content=\"2023-06-29T20:13:00+00:00\" \/>\n\t\t<meta property=\"article:modified_time\" content=\"2023-06-29T20:13:00+00:00\" \/>\n\t\t<meta name=\"twitter:card\" content=\"summary_large_image\" \/>\n\t\t<meta name=\"twitter:title\" content=\"Em meio a especula\u00e7\u00f5es sobre disputa de vaga na C\u00e2mara de Alagoinhas ano que vem, Jusc\u00e9lio Carmo anuncia sa\u00edda do PDT; outros filiados devem sair da sigla para segui-lo - News In Foco - Editado por Caio Pimenta\" \/>\n\t\t<meta name=\"twitter:description\" content=\"Cotado para concorrer a uma vaga na C\u00e2mara de Vereadores de Alagoinhas no ano que vem, o empres\u00e1rio e radialista Jusc\u00e9lio Carmo anunciou que ir\u00e1 se desfilar do PDT. A informa\u00e7\u00e3o foi confirmada pelo pr\u00f3prio Jusc\u00e9lio na tarde de hoje(29) a este site News Infoco. Na elei\u00e7\u00e3o municipal de 2020, Jusc\u00e9lio chegou a lan\u00e7ar sua\" \/>\n\t\t<script type=\"application\/ld+json\" class=\"aioseo-schema\">\n\t\t\t{\"@context\":\"https:\\\/\\\/schema.org\",\"@graph\":[{\"@type\":\"BlogPosting\",\"@id\":\"https:\\\/\\\/newsinfoco.com.br\\\/inicio\\\/em-meio-a-especulacoes-sobre-disputa-de-vaga-na-camara-de-alagoinhas-ano-que-vem-juscelio-carmo-anuncia-saida-do-pdt-outros-filiados-devem-sair-da-sigla-para-segui-lo\\\/#blogposting\",\"name\":\"Em meio a especula\\u00e7\\u00f5es sobre disputa de vaga na C\\u00e2mara de Alagoinhas ano que vem, Jusc\\u00e9lio Carmo anuncia sa\\u00edda do PDT; outros filiados devem sair da sigla para segui-lo - News In Foco - Editado por Caio Pimenta\",\"headline\":\"Em meio a especula\\u00e7\\u00f5es sobre disputa de vaga na C\\u00e2mara de Alagoinhas ano que vem, Jusc\\u00e9lio Carmo anuncia sa\\u00edda do PDT; outros filiados devem sair da sigla para segui-lo\",\"author\":{\"@id\":\"https:\\\/\\\/newsinfoco.com.br\\\/inicio\\\/author\\\/administrador\\\/#author\"},\"publisher\":{\"@id\":\"https:\\\/\\\/newsinfoco.com.br\\\/inicio\\\/#organization\"},\"image\":{\"@type\":\"ImageObject\",\"url\":\"https:\\\/\\\/newsinfoco.com.br\\\/inicio\\\/wp-content\\\/uploads\\\/2019\\\/04\\\/11751740_521736374642742_7030402979076500686_n.jpg\",\"width\":612,\"height\":431,\"caption\":\"Jusc\\u00e9lio Carmo\"},\"datePublished\":\"2023-06-29T17:13:00-03:00\",\"dateModified\":\"2023-06-29T17:13:00-03:00\",\"inLanguage\":\"pt-BR\",\"mainEntityOfPage\":{\"@id\":\"https:\\\/\\\/newsinfoco.com.br\\\/inicio\\\/em-meio-a-especulacoes-sobre-disputa-de-vaga-na-camara-de-alagoinhas-ano-que-vem-juscelio-carmo-anuncia-saida-do-pdt-outros-filiados-devem-sair-da-sigla-para-segui-lo\\\/#webpage\"},\"isPartOf\":{\"@id\":\"https:\\\/\\\/newsinfoco.com.br\\\/inicio\\\/em-meio-a-especulacoes-sobre-disputa-de-vaga-na-camara-de-alagoinhas-ano-que-vem-juscelio-carmo-anuncia-saida-do-pdt-outros-filiados-devem-sair-da-sigla-para-segui-lo\\\/#webpage\"},\"articleSection\":\"Alagoinhas e Regi\\u00e3o, Manchete\"},{\"@type\":\"BreadcrumbList\",\"@id\":\"https:\\\/\\\/newsinfoco.com.br\\\/inicio\\\/em-meio-a-especulacoes-sobre-disputa-de-vaga-na-camara-de-alagoinhas-ano-que-vem-juscelio-carmo-anuncia-saida-do-pdt-outros-filiados-devem-sair-da-sigla-para-segui-lo\\\/#breadcrumblist\",\"itemListElement\":[{\"@type\":\"ListItem\",\"@id\":\"https:\\\/\\\/newsinfoco.com.br\\\/inicio#listItem\",\"position\":1,\"name\":\"In\\u00edcio\",\"item\":\"https:\\\/\\\/newsinfoco.com.br\\\/inicio\",\"nextItem\":{\"@type\":\"ListItem\",\"@id\":\"https:\\\/\\\/newsinfoco.com.br\\\/inicio\\\/category\\\/alagoinhas-e-regiao\\\/#listItem\",\"name\":\"Alagoinhas e Regi\\u00e3o\"}},{\"@type\":\"ListItem\",\"@id\":\"https:\\\/\\\/newsinfoco.com.br\\\/inicio\\\/category\\\/alagoinhas-e-regiao\\\/#listItem\",\"position\":2,\"name\":\"Alagoinhas e Regi\\u00e3o\",\"item\":\"https:\\\/\\\/newsinfoco.com.br\\\/inicio\\\/category\\\/alagoinhas-e-regiao\\\/\",\"nextItem\":{\"@type\":\"ListItem\",\"@id\":\"https:\\\/\\\/newsinfoco.com.br\\\/inicio\\\/em-meio-a-especulacoes-sobre-disputa-de-vaga-na-camara-de-alagoinhas-ano-que-vem-juscelio-carmo-anuncia-saida-do-pdt-outros-filiados-devem-sair-da-sigla-para-segui-lo\\\/#listItem\",\"name\":\"Em meio a especula\\u00e7\\u00f5es sobre disputa de vaga na C\\u00e2mara de Alagoinhas ano que vem, Jusc\\u00e9lio Carmo anuncia sa\\u00edda do PDT; outros filiados devem sair da sigla para segui-lo\"},\"previousItem\":{\"@type\":\"ListItem\",\"@id\":\"https:\\\/\\\/newsinfoco.com.br\\\/inicio#listItem\",\"name\":\"In\\u00edcio\"}},{\"@type\":\"ListItem\",\"@id\":\"https:\\\/\\\/newsinfoco.com.br\\\/inicio\\\/em-meio-a-especulacoes-sobre-disputa-de-vaga-na-camara-de-alagoinhas-ano-que-vem-juscelio-carmo-anuncia-saida-do-pdt-outros-filiados-devem-sair-da-sigla-para-segui-lo\\\/#listItem\",\"position\":3,\"name\":\"Em meio a especula\\u00e7\\u00f5es sobre disputa de vaga na C\\u00e2mara de Alagoinhas ano que vem, Jusc\\u00e9lio Carmo anuncia sa\\u00edda do PDT; outros filiados devem sair da sigla para segui-lo\",\"previousItem\":{\"@type\":\"ListItem\",\"@id\":\"https:\\\/\\\/newsinfoco.com.br\\\/inicio\\\/category\\\/alagoinhas-e-regiao\\\/#listItem\",\"name\":\"Alagoinhas e Regi\\u00e3o\"}}]},{\"@type\":\"Organization\",\"@id\":\"https:\\\/\\\/newsinfoco.com.br\\\/inicio\\\/#organization\",\"name\":\"News In Foco - Editado por Caio Pimenta\",\"description\":\"O principal site de noticias de Alagoinhas e regi\\u00e3o\",\"url\":\"https:\\\/\\\/newsinfoco.com.br\\\/inicio\\\/\"},{\"@type\":\"Person\",\"@id\":\"https:\\\/\\\/newsinfoco.com.br\\\/inicio\\\/author\\\/administrador\\\/#author\",\"url\":\"https:\\\/\\\/newsinfoco.com.br\\\/inicio\\\/author\\\/administrador\\\/\",\"name\":\"administrador\",\"image\":{\"@type\":\"ImageObject\",\"@id\":\"https:\\\/\\\/newsinfoco.com.br\\\/inicio\\\/em-meio-a-especulacoes-sobre-disputa-de-vaga-na-camara-de-alagoinhas-ano-que-vem-juscelio-carmo-anuncia-saida-do-pdt-outros-filiados-devem-sair-da-sigla-para-segui-lo\\\/#authorImage\",\"url\":\"https:\\\/\\\/secure.gravatar.com\\\/avatar\\\/c17a617433de8c1dc9584bb79aab7563b46f5bb7e1728c9b17d9cc3ce6a08e49?s=96&d=mm&r=g\",\"width\":96,\"height\":96,\"caption\":\"administrador\"}},{\"@type\":\"WebPage\",\"@id\":\"https:\\\/\\\/newsinfoco.com.br\\\/inicio\\\/em-meio-a-especulacoes-sobre-disputa-de-vaga-na-camara-de-alagoinhas-ano-que-vem-juscelio-carmo-anuncia-saida-do-pdt-outros-filiados-devem-sair-da-sigla-para-segui-lo\\\/#webpage\",\"url\":\"https:\\\/\\\/newsinfoco.com.br\\\/inicio\\\/em-meio-a-especulacoes-sobre-disputa-de-vaga-na-camara-de-alagoinhas-ano-que-vem-juscelio-carmo-anuncia-saida-do-pdt-outros-filiados-devem-sair-da-sigla-para-segui-lo\\\/\",\"name\":\"Em meio a especula\\u00e7\\u00f5es sobre disputa de vaga na C\\u00e2mara de Alagoinhas ano que vem, Jusc\\u00e9lio Carmo anuncia sa\\u00edda do PDT; outros filiados devem sair da sigla para segui-lo - News In Foco - Editado por Caio Pimenta\",\"description\":\"Cotado para concorrer a uma vaga na C\\u00e2mara de Vereadores de Alagoinhas no ano que vem, o empres\\u00e1rio e radialista Jusc\\u00e9lio Carmo anunciou que ir\\u00e1 se desfilar do PDT. A informa\\u00e7\\u00e3o foi confirmada pelo pr\\u00f3prio Jusc\\u00e9lio na tarde de hoje(29) a este site News Infoco. Na elei\\u00e7\\u00e3o municipal de 2020, Jusc\\u00e9lio chegou a lan\\u00e7ar sua\",\"inLanguage\":\"pt-BR\",\"isPartOf\":{\"@id\":\"https:\\\/\\\/newsinfoco.com.br\\\/inicio\\\/#website\"},\"breadcrumb\":{\"@id\":\"https:\\\/\\\/newsinfoco.com.br\\\/inicio\\\/em-meio-a-especulacoes-sobre-disputa-de-vaga-na-camara-de-alagoinhas-ano-que-vem-juscelio-carmo-anuncia-saida-do-pdt-outros-filiados-devem-sair-da-sigla-para-segui-lo\\\/#breadcrumblist\"},\"author\":{\"@id\":\"https:\\\/\\\/newsinfoco.com.br\\\/inicio\\\/author\\\/administrador\\\/#author\"},\"creator\":{\"@id\":\"https:\\\/\\\/newsinfoco.com.br\\\/inicio\\\/author\\\/administrador\\\/#author\"},\"image\":{\"@type\":\"ImageObject\",\"url\":\"https:\\\/\\\/newsinfoco.com.br\\\/inicio\\\/wp-content\\\/uploads\\\/2019\\\/04\\\/11751740_521736374642742_7030402979076500686_n.jpg\",\"@id\":\"https:\\\/\\\/newsinfoco.com.br\\\/inicio\\\/em-meio-a-especulacoes-sobre-disputa-de-vaga-na-camara-de-alagoinhas-ano-que-vem-juscelio-carmo-anuncia-saida-do-pdt-outros-filiados-devem-sair-da-sigla-para-segui-lo\\\/#mainImage\",\"width\":612,\"height\":431,\"caption\":\"Jusc\\u00e9lio Carmo\"},\"primaryImageOfPage\":{\"@id\":\"https:\\\/\\\/newsinfoco.com.br\\\/inicio\\\/em-meio-a-especulacoes-sobre-disputa-de-vaga-na-camara-de-alagoinhas-ano-que-vem-juscelio-carmo-anuncia-saida-do-pdt-outros-filiados-devem-sair-da-sigla-para-segui-lo\\\/#mainImage\"},\"datePublished\":\"2023-06-29T17:13:00-03:00\",\"dateModified\":\"2023-06-29T17:13:00-03:00\"},{\"@type\":\"WebSite\",\"@id\":\"https:\\\/\\\/newsinfoco.com.br\\\/inicio\\\/#website\",\"url\":\"https:\\\/\\\/newsinfoco.com.br\\\/inicio\\\/\",\"name\":\"News In Foco - Editado por Caio Pimenta\",\"description\":\"O principal site de noticias de Alagoinhas e regi\\u00e3o\",\"inLanguage\":\"pt-BR\",\"publisher\":{\"@id\":\"https:\\\/\\\/newsinfoco.com.br\\\/inicio\\\/#organization\"}}]}\n\t\t<\/script>\n\t\t<!-- All in One SEO -->\n\n","aioseo_head_json":{"title":"Em meio a especula\u00e7\u00f5es sobre disputa de vaga na C\u00e2mara de Alagoinhas ano que vem, Jusc\u00e9lio Carmo anuncia sa\u00edda do PDT; outros filiados devem sair da sigla para segui-lo - News In Foco - Editado por Caio Pimenta","description":"Cotado para concorrer a uma vaga na C\u00e2mara de Vereadores de Alagoinhas no ano que vem, o empres\u00e1rio e radialista Jusc\u00e9lio Carmo anunciou que ir\u00e1 se desfilar do PDT. A informa\u00e7\u00e3o foi confirmada pelo pr\u00f3prio Jusc\u00e9lio na tarde de hoje(29) a este site News Infoco. Na elei\u00e7\u00e3o municipal de 2020, Jusc\u00e9lio chegou a lan\u00e7ar sua","canonical_url":"https:\/\/newsinfoco.com.br\/inicio\/em-meio-a-especulacoes-sobre-disputa-de-vaga-na-camara-de-alagoinhas-ano-que-vem-juscelio-carmo-anuncia-saida-do-pdt-outros-filiados-devem-sair-da-sigla-para-segui-lo\/","robots":"max-image-preview:large","keywords":"","webmasterTools":{"miscellaneous":""},"schema":{"@context":"https:\/\/schema.org","@graph":[{"@type":"BlogPosting","@id":"https:\/\/newsinfoco.com.br\/inicio\/em-meio-a-especulacoes-sobre-disputa-de-vaga-na-camara-de-alagoinhas-ano-que-vem-juscelio-carmo-anuncia-saida-do-pdt-outros-filiados-devem-sair-da-sigla-para-segui-lo\/#blogposting","name":"Em meio a especula\u00e7\u00f5es sobre disputa de vaga na C\u00e2mara de Alagoinhas ano que vem, Jusc\u00e9lio Carmo anuncia sa\u00edda do PDT; outros filiados devem sair da sigla para segui-lo - News In Foco - Editado por Caio Pimenta","headline":"Em meio a especula\u00e7\u00f5es sobre disputa de vaga na C\u00e2mara de Alagoinhas ano que vem, Jusc\u00e9lio Carmo anuncia sa\u00edda do PDT; outros filiados devem sair da sigla para segui-lo","author":{"@id":"https:\/\/newsinfoco.com.br\/inicio\/author\/administrador\/#author"},"publisher":{"@id":"https:\/\/newsinfoco.com.br\/inicio\/#organization"},"image":{"@type":"ImageObject","url":"https:\/\/newsinfoco.com.br\/inicio\/wp-content\/uploads\/2019\/04\/11751740_521736374642742_7030402979076500686_n.jpg","width":612,"height":431,"caption":"Jusc\u00e9lio Carmo"},"datePublished":"2023-06-29T17:13:00-03:00","dateModified":"2023-06-29T17:13:00-03:00","inLanguage":"pt-BR","mainEntityOfPage":{"@id":"https:\/\/newsinfoco.com.br\/inicio\/em-meio-a-especulacoes-sobre-disputa-de-vaga-na-camara-de-alagoinhas-ano-que-vem-juscelio-carmo-anuncia-saida-do-pdt-outros-filiados-devem-sair-da-sigla-para-segui-lo\/#webpage"},"isPartOf":{"@id":"https:\/\/newsinfoco.com.br\/inicio\/em-meio-a-especulacoes-sobre-disputa-de-vaga-na-camara-de-alagoinhas-ano-que-vem-juscelio-carmo-anuncia-saida-do-pdt-outros-filiados-devem-sair-da-sigla-para-segui-lo\/#webpage"},"articleSection":"Alagoinhas e Regi\u00e3o, Manchete"},{"@type":"BreadcrumbList","@id":"https:\/\/newsinfoco.com.br\/inicio\/em-meio-a-especulacoes-sobre-disputa-de-vaga-na-camara-de-alagoinhas-ano-que-vem-juscelio-carmo-anuncia-saida-do-pdt-outros-filiados-devem-sair-da-sigla-para-segui-lo\/#breadcrumblist","itemListElement":[{"@type":"ListItem","@id":"https:\/\/newsinfoco.com.br\/inicio#listItem","position":1,"name":"In\u00edcio","item":"https:\/\/newsinfoco.com.br\/inicio","nextItem":{"@type":"ListItem","@id":"https:\/\/newsinfoco.com.br\/inicio\/category\/alagoinhas-e-regiao\/#listItem","name":"Alagoinhas e Regi\u00e3o"}},{"@type":"ListItem","@id":"https:\/\/newsinfoco.com.br\/inicio\/category\/alagoinhas-e-regiao\/#listItem","position":2,"name":"Alagoinhas e Regi\u00e3o","item":"https:\/\/newsinfoco.com.br\/inicio\/category\/alagoinhas-e-regiao\/","nextItem":{"@type":"ListItem","@id":"https:\/\/newsinfoco.com.br\/inicio\/em-meio-a-especulacoes-sobre-disputa-de-vaga-na-camara-de-alagoinhas-ano-que-vem-juscelio-carmo-anuncia-saida-do-pdt-outros-filiados-devem-sair-da-sigla-para-segui-lo\/#listItem","name":"Em meio a especula\u00e7\u00f5es sobre disputa de vaga na C\u00e2mara de Alagoinhas ano que vem, Jusc\u00e9lio Carmo anuncia sa\u00edda do PDT; outros filiados devem sair da sigla para segui-lo"},"previousItem":{"@type":"ListItem","@id":"https:\/\/newsinfoco.com.br\/inicio#listItem","name":"In\u00edcio"}},{"@type":"ListItem","@id":"https:\/\/newsinfoco.com.br\/inicio\/em-meio-a-especulacoes-sobre-disputa-de-vaga-na-camara-de-alagoinhas-ano-que-vem-juscelio-carmo-anuncia-saida-do-pdt-outros-filiados-devem-sair-da-sigla-para-segui-lo\/#listItem","position":3,"name":"Em meio a especula\u00e7\u00f5es sobre disputa de vaga na C\u00e2mara de Alagoinhas ano que vem, Jusc\u00e9lio Carmo anuncia sa\u00edda do PDT; outros filiados devem sair da sigla para segui-lo","previousItem":{"@type":"ListItem","@id":"https:\/\/newsinfoco.com.br\/inicio\/category\/alagoinhas-e-regiao\/#listItem","name":"Alagoinhas e Regi\u00e3o"}}]},{"@type":"Organization","@id":"https:\/\/newsinfoco.com.br\/inicio\/#organization","name":"News In Foco - Editado por Caio Pimenta","description":"O principal site de noticias de Alagoinhas e regi\u00e3o","url":"https:\/\/newsinfoco.com.br\/inicio\/"},{"@type":"Person","@id":"https:\/\/newsinfoco.com.br\/inicio\/author\/administrador\/#author","url":"https:\/\/newsinfoco.com.br\/inicio\/author\/administrador\/","name":"administrador","image":{"@type":"ImageObject","@id":"https:\/\/newsinfoco.com.br\/inicio\/em-meio-a-especulacoes-sobre-disputa-de-vaga-na-camara-de-alagoinhas-ano-que-vem-juscelio-carmo-anuncia-saida-do-pdt-outros-filiados-devem-sair-da-sigla-para-segui-lo\/#authorImage","url":"https:\/\/secure.gravatar.com\/avatar\/c17a617433de8c1dc9584bb79aab7563b46f5bb7e1728c9b17d9cc3ce6a08e49?s=96&d=mm&r=g","width":96,"height":96,"caption":"administrador"}},{"@type":"WebPage","@id":"https:\/\/newsinfoco.com.br\/inicio\/em-meio-a-especulacoes-sobre-disputa-de-vaga-na-camara-de-alagoinhas-ano-que-vem-juscelio-carmo-anuncia-saida-do-pdt-outros-filiados-devem-sair-da-sigla-para-segui-lo\/#webpage","url":"https:\/\/newsinfoco.com.br\/inicio\/em-meio-a-especulacoes-sobre-disputa-de-vaga-na-camara-de-alagoinhas-ano-que-vem-juscelio-carmo-anuncia-saida-do-pdt-outros-filiados-devem-sair-da-sigla-para-segui-lo\/","name":"Em meio a especula\u00e7\u00f5es sobre disputa de vaga na C\u00e2mara de Alagoinhas ano que vem, Jusc\u00e9lio Carmo anuncia sa\u00edda do PDT; outros filiados devem sair da sigla para segui-lo - News In Foco - Editado por Caio Pimenta","description":"Cotado para concorrer a uma vaga na C\u00e2mara de Vereadores de Alagoinhas no ano que vem, o empres\u00e1rio e radialista Jusc\u00e9lio Carmo anunciou que ir\u00e1 se desfilar do PDT. A informa\u00e7\u00e3o foi confirmada pelo pr\u00f3prio Jusc\u00e9lio na tarde de hoje(29) a este site News Infoco. Na elei\u00e7\u00e3o municipal de 2020, Jusc\u00e9lio chegou a lan\u00e7ar sua","inLanguage":"pt-BR","isPartOf":{"@id":"https:\/\/newsinfoco.com.br\/inicio\/#website"},"breadcrumb":{"@id":"https:\/\/newsinfoco.com.br\/inicio\/em-meio-a-especulacoes-sobre-disputa-de-vaga-na-camara-de-alagoinhas-ano-que-vem-juscelio-carmo-anuncia-saida-do-pdt-outros-filiados-devem-sair-da-sigla-para-segui-lo\/#breadcrumblist"},"author":{"@id":"https:\/\/newsinfoco.com.br\/inicio\/author\/administrador\/#author"},"creator":{"@id":"https:\/\/newsinfoco.com.br\/inicio\/author\/administrador\/#author"},"image":{"@type":"ImageObject","url":"https:\/\/newsinfoco.com.br\/inicio\/wp-content\/uploads\/2019\/04\/11751740_521736374642742_7030402979076500686_n.jpg","@id":"https:\/\/newsinfoco.com.br\/inicio\/em-meio-a-especulacoes-sobre-disputa-de-vaga-na-camara-de-alagoinhas-ano-que-vem-juscelio-carmo-anuncia-saida-do-pdt-outros-filiados-devem-sair-da-sigla-para-segui-lo\/#mainImage","width":612,"height":431,"caption":"Jusc\u00e9lio Carmo"},"primaryImageOfPage":{"@id":"https:\/\/newsinfoco.com.br\/inicio\/em-meio-a-especulacoes-sobre-disputa-de-vaga-na-camara-de-alagoinhas-ano-que-vem-juscelio-carmo-anuncia-saida-do-pdt-outros-filiados-devem-sair-da-sigla-para-segui-lo\/#mainImage"},"datePublished":"2023-06-29T17:13:00-03:00","dateModified":"2023-06-29T17:13:00-03:00"},{"@type":"WebSite","@id":"https:\/\/newsinfoco.com.br\/inicio\/#website","url":"https:\/\/newsinfoco.com.br\/inicio\/","name":"News In Foco - Editado por Caio Pimenta","description":"O principal site de noticias de Alagoinhas e regi\u00e3o","inLanguage":"pt-BR","publisher":{"@id":"https:\/\/newsinfoco.com.br\/inicio\/#organization"}}]},"og:locale":"pt_BR","og:site_name":"News In Foco - Editado por Caio Pimenta - O principal site de noticias de Alagoinhas e regi\u00e3o","og:type":"article","og:title":"Em meio a especula\u00e7\u00f5es sobre disputa de vaga na C\u00e2mara de Alagoinhas ano que vem, Jusc\u00e9lio Carmo anuncia sa\u00edda do PDT; outros filiados devem sair da sigla para segui-lo - News In Foco - Editado por Caio Pimenta","og:description":"Cotado para concorrer a uma vaga na C\u00e2mara de Vereadores de Alagoinhas no ano que vem, o empres\u00e1rio e radialista Jusc\u00e9lio Carmo anunciou que ir\u00e1 se desfilar do PDT. A informa\u00e7\u00e3o foi confirmada pelo pr\u00f3prio Jusc\u00e9lio na tarde de hoje(29) a este site News Infoco. Na elei\u00e7\u00e3o municipal de 2020, Jusc\u00e9lio chegou a lan\u00e7ar sua","og:url":"https:\/\/newsinfoco.com.br\/inicio\/em-meio-a-especulacoes-sobre-disputa-de-vaga-na-camara-de-alagoinhas-ano-que-vem-juscelio-carmo-anuncia-saida-do-pdt-outros-filiados-devem-sair-da-sigla-para-segui-lo\/","article:published_time":"2023-06-29T20:13:00+00:00","article:modified_time":"2023-06-29T20:13:00+00:00","twitter:card":"summary_large_image","twitter:title":"Em meio a especula\u00e7\u00f5es sobre disputa de vaga na C\u00e2mara de Alagoinhas ano que vem, Jusc\u00e9lio Carmo anuncia sa\u00edda do PDT; outros filiados devem sair da sigla para segui-lo - News In Foco - Editado por Caio Pimenta","twitter:description":"Cotado para concorrer a uma vaga na C\u00e2mara de Vereadores de Alagoinhas no ano que vem, o empres\u00e1rio e radialista Jusc\u00e9lio Carmo anunciou que ir\u00e1 se desfilar do PDT. A informa\u00e7\u00e3o foi confirmada pelo pr\u00f3prio Jusc\u00e9lio na tarde de hoje(29) a este site News Infoco. Na elei\u00e7\u00e3o municipal de 2020, Jusc\u00e9lio chegou a lan\u00e7ar sua"},"aioseo_meta_data":{"post_id":"34512","title":null,"description":null,"keywords":[],"keyphrases":{"focus":{"keyphrase":"","score":0,"analysis":{"keyphraseInTitle":{"score":0,"maxScore":9,"error":1}}},"additional":[]},"primary_term":null,"canonical_url":null,"og_title":null,"og_description":null,"og_object_type":"default","og_image_type":"default","og_image_url":null,"og_image_width":null,"og_image_height":null,"og_image_custom_url":null,"og_image_custom_fields":null,"og_video":"","og_custom_url":null,"og_article_section":null,"og_article_tags":[],"twitter_use_og":false,"twitter_card":"default","twitter_image_type":"default","twitter_image_url":null,"twitter_image_custom_url":null,"twitter_image_custom_fields":null,"twitter_title":null,"twitter_description":null,"schema":{"blockGraphs":[],"customGraphs":[],"default":{"data":{"Article":[],"Course":[],"Dataset":[],"FAQPage":[],"Movie":[],"Person":[],"Product":[],"ProductReview":[],"Car":[],"Recipe":[],"Service":[],"SoftwareApplication":[],"WebPage":[]},"graphName":"BlogPosting","isEnabled":true},"graphs":[]},"schema_type":"default","schema_type_options":null,"pillar_content":false,"robots_default":true,"robots_noindex":false,"robots_noarchive":false,"robots_nosnippet":false,"robots_nofollow":false,"robots_noimageindex":false,"robots_noodp":false,"robots_notranslate":false,"robots_max_snippet":"-1","robots_max_videopreview":"-1","robots_max_imagepreview":"large","priority":null,"frequency":"default","local_seo":null,"breadcrumb_settings":null,"limit_modified_date":false,"ai":null,"created":"2023-06-29 20:13:00","updated":"2025-07-11 09:58:43","seo_analyzer_scan_date":null},"aioseo_breadcrumb":"<div class=\"aioseo-breadcrumbs\"><span class=\"aioseo-breadcrumb\">\n\t\t\t<a href=\"https:\/\/newsinfoco.com.br\/inicio\" title=\"In\u00edcio\">In\u00edcio<\/a>\n\t\t<\/span><span class=\"aioseo-breadcrumb-separator\">&raquo;<\/span><span class=\"aioseo-breadcrumb\">\n\t\t\t<a href=\"https:\/\/newsinfoco.com.br\/inicio\/category\/alagoinhas-e-regiao\/\" title=\"Alagoinhas e Regi\u00e3o\">Alagoinhas e Regi\u00e3o<\/a>\n\t\t<\/span><span class=\"aioseo-breadcrumb-separator\">&raquo;<\/span><span class=\"aioseo-breadcrumb\">\n\t\t\tEm meio a especula\u00e7\u00f5es sobre disputa de vaga na C\u00e2mara de Alagoinhas ano que vem, Jusc\u00e9lio Carmo anuncia sa\u00edda do PDT; outros filiados devem sair da sigla para segui-lo\n\t\t<\/span><\/div>","aioseo_breadcrumb_json":[{"label":"In\u00edcio","link":"https:\/\/newsinfoco.com.br\/inicio"},{"label":"Alagoinhas e Regi\u00e3o","link":"https:\/\/newsinfoco.com.br\/inicio\/category\/alagoinhas-e-regiao\/"},{"label":"Em meio a especula\u00e7\u00f5es sobre disputa de vaga na C\u00e2mara de Alagoinhas ano que vem, Jusc\u00e9lio Carmo anuncia sa\u00edda do PDT; outros filiados devem sair da sigla para segui-lo","link":"https:\/\/newsinfoco.com.br\/inicio\/em-meio-a-especulacoes-sobre-disputa-de-vaga-na-camara-de-alagoinhas-ano-que-vem-juscelio-carmo-anuncia-saida-do-pdt-outros-filiados-devem-sair-da-sigla-para-segui-lo\/"}],"_links":{"self":[{"href":"https:\/\/newsinfoco.com.br\/inicio\/wp-json\/wp\/v2\/posts\/34512","targetHints":{"allow":["GET"]}}],"collection":[{"href":"https:\/\/newsinfoco.com.br\/inicio\/wp-json\/wp\/v2\/posts"}],"about":[{"href":"https:\/\/newsinfoco.com.br\/inicio\/wp-json\/wp\/v2\/types\/post"}],"author":[{"embeddable":true,"href":"https:\/\/newsinfoco.com.br\/inicio\/wp-json\/wp\/v2\/users\/1"}],"replies":[{"embeddable":true,"href":"https:\/\/newsinfoco.com.br\/inicio\/wp-json\/wp\/v2\/comments?post=34512"}],"version-history":[{"count":1,"href":"https:\/\/newsinfoco.com.br\/inicio\/wp-json\/wp\/v2\/posts\/34512\/revisions"}],"predecessor-version":[{"id":34513,"href":"https:\/\/newsinfoco.com.br\/inicio\/wp-json\/wp\/v2\/posts\/34512\/revisions\/34513"}],"wp:featuredmedia":[{"embeddable":true,"href":"https:\/\/newsinfoco.com.br\/inicio\/wp-json\/wp\/v2\/media\/14854"}],"wp:attachment":[{"href":"https:\/\/newsinfoco.com.br\/inicio\/wp-json\/wp\/v2\/media?parent=34512"}],"wp:term":[{"taxonomy":"category","embeddable":true,"href":"https:\/\/newsinfoco.com.br\/inicio\/wp-json\/wp\/v2\/categories?post=34512"},{"taxonomy":"post_tag","embeddable":true,"href":"https:\/\/newsinfoco.com.br\/inicio\/wp-json\/wp\/v2\/tags?post=34512"}],"curies":[{"name":"wp","href":"https:\/\/api.w.org\/{rel}","templated":true}]}}