{"id":34603,"date":"2023-07-12T18:54:56","date_gmt":"2023-07-12T21:54:56","guid":{"rendered":"https:\/\/newsinfoco.com.br\/inicio\/?p=34603"},"modified":"2023-07-12T18:54:56","modified_gmt":"2023-07-12T21:54:56","slug":"professores-da-rede-estadual-de-ensino-vao-a-serin-cobrar-pagamento-da-segunda-parcela-dos-precatorios-do-fundef","status":"publish","type":"post","link":"https:\/\/newsinfoco.com.br\/inicio\/professores-da-rede-estadual-de-ensino-vao-a-serin-cobrar-pagamento-da-segunda-parcela-dos-precatorios-do-fundef\/","title":{"rendered":"Professores da rede estadual de ensino v\u00e3o \u00e0 Serin cobrar pagamento da segunda parcela dos precat\u00f3rios do Fundef"},"content":{"rendered":"<p>Uma comiss\u00e3o de professores da rede estadual de ensino da Associa\u00e7\u00e3o Classista da Educa\u00e7\u00e3o e Esporte (ACEB) se reuniu, na ter\u00e7a-feira (11), com o setor de Articula\u00e7\u00e3o Social, da Secretaria de Rela\u00e7\u00f5es Institucionais (Serin), para cobrar o pagamento da segunda parcela dos precat\u00f3rios do Fundo de Manuten\u00e7\u00e3o e Desenvolvimento do Ensino Fundamental e de Valoriza\u00e7\u00e3o do Magist\u00e9rio (FUNDEF), com juros e mora. Na ocasi\u00e3o, os docentes destacaram tamb\u00e9m a import\u00e2ncia da implementa\u00e7\u00e3o do piso nacional do magist\u00e9rio para valoriza\u00e7\u00e3o da categoria.<\/p>\n<p>Na oportunidade, a presidente da ACEB, Marinalva Nunes, destacou que os professores da entidade est\u00e3o \u201cconfiantes\u201d na Comiss\u00e3o de Educa\u00e7\u00e3o da Assembleia Legislativa da Bahia (ALBA) e pontuou que a Procuradoria Geral do Estado (PGE) precisa se posicionar diante do fato de a Bahia ter sido o \u00fanico Estado que pagou a primeira parcela dos precat\u00f3rios sem a corre\u00e7\u00e3o de juros e mora.<\/p>\n<p>A sindicalista ressaltou que os professores do munic\u00edpio de Feira de Santana est\u00e3o organizando uma mobiliza\u00e7\u00e3o que vai envolver toda a regi\u00e3o do sert\u00e3o, para reivindicar ao governador Jer\u00f4nimo Rodrigues celeridade no pagamento dos precat\u00f3rios e a corre\u00e7\u00e3o de juros e mora, conforme estabelecido no artigo 5\u00b0 da Emenda Constitucional 114.<\/p>\n<p>\u201cOs professores est\u00e3o pressionando os parlamentares em recesso e est\u00e3o reclamando dessa situa\u00e7\u00e3o, pois a Bahia foi o \u00fanico estado que n\u00e3o pagou corretamente os precat\u00f3rios no ano passado. Ent\u00e3o, est\u00e1 uma press\u00e3o boa. Haver\u00e1 uma manifesta\u00e7\u00e3o dos professores da regi\u00e3o do sert\u00e3o, uma mobiliza\u00e7\u00e3o na porta da TV Suba\u00e9, de Feira Santana. Os professores do interior est\u00e3o bastante mobilizados\u201d, disse Marinalva Nunes, ao pontuar que a ACEB realizar\u00e1 live especial, nesta quarta-feira (12), \u00e0s 19h, sobre o \u201cPlanejamento de Aposentadoria e Precat\u00f3rios do Fundef Herdeiros\u201d e, na quinta-feira (13), \u00e0s 19h, a entidade vai promover live \u201cA ACEB de Olho no PL dos Precat\u00f3rios do Fundef Integrais\u201d.<\/p>\n<p>&nbsp;<\/p>\n<p>Politica Livre<\/p>\n<div class='share-to-whatsapp-wrapper'><div class='share-on-whsp'>Share on: <\/div><a data-text='Professores da rede estadual de ensino v\u00e3o \u00e0 Serin cobrar pagamento da segunda parcela dos precat\u00f3rios do Fundef' data-link='https:\/\/newsinfoco.com.br\/inicio\/professores-da-rede-estadual-de-ensino-vao-a-serin-cobrar-pagamento-da-segunda-parcela-dos-precatorios-do-fundef\/' class='whatsapp-button whatsapp-share'>WhatsApp<\/a><div class='clear '><\/div><\/div>","protected":false},"excerpt":{"rendered":"<p>Uma comiss\u00e3o de professores da rede estadual de ensino da Associa\u00e7\u00e3o Classista da Educa\u00e7\u00e3o e Esporte (ACEB) se reuniu, na ter\u00e7a-feira (11), com o setor de Articula\u00e7\u00e3o Social, da Secretaria de Rela\u00e7\u00f5es Institucionais (Serin), para cobrar o pagamento da segunda parcela dos precat\u00f3rios do Fundo de Manuten\u00e7\u00e3o e Desenvolvimento do Ensino Fundamental e de Valoriza\u00e7\u00e3o [&hellip;]<\/p>\n","protected":false},"author":1,"featured_media":34604,"comment_status":"closed","ping_status":"closed","sticky":false,"template":"","format":"standard","meta":{"om_disable_all_campaigns":false,"rop_custom_images_group":[],"rop_custom_messages_group":[],"rop_publish_now":"initial","rop_publish_now_accounts":[],"rop_publish_now_history":[],"rop_publish_now_status":"pending","_exactmetrics_skip_tracking":false,"footnotes":""},"categories":[19],"tags":[],"class_list":["post-34603","post","type-post","status-publish","format-standard","has-post-thumbnail","hentry","category-bahia"],"aioseo_notices":[],"aioseo_head":"\n\t\t<!-- All in One SEO 4.9.10 - aioseo.com -->\n\t<meta name=\"description\" content=\"Uma comiss\u00e3o de professores da rede estadual de ensino da Associa\u00e7\u00e3o Classista da Educa\u00e7\u00e3o e Esporte (ACEB) se reuniu, na ter\u00e7a-feira (11), com o setor de Articula\u00e7\u00e3o Social, da Secretaria de Rela\u00e7\u00f5es Institucionais (Serin), para cobrar o pagamento da segunda parcela dos precat\u00f3rios do Fundo de Manuten\u00e7\u00e3o e Desenvolvimento do Ensino Fundamental e de Valoriza\u00e7\u00e3o\" \/>\n\t<meta name=\"robots\" content=\"max-image-preview:large\" \/>\n\t<meta name=\"author\" content=\"administrador\"\/>\n\t<link rel=\"canonical\" href=\"https:\/\/newsinfoco.com.br\/inicio\/professores-da-rede-estadual-de-ensino-vao-a-serin-cobrar-pagamento-da-segunda-parcela-dos-precatorios-do-fundef\/\" \/>\n\t<meta name=\"generator\" content=\"All in One SEO (AIOSEO) 4.9.10\" \/>\n\t\t<meta property=\"og:locale\" content=\"pt_BR\" \/>\n\t\t<meta property=\"og:site_name\" content=\"News In Foco - Editado por Caio Pimenta - O principal site de noticias de Alagoinhas e regi\u00e3o\" \/>\n\t\t<meta property=\"og:type\" content=\"article\" \/>\n\t\t<meta property=\"og:title\" content=\"Professores da rede estadual de ensino v\u00e3o \u00e0 Serin cobrar pagamento da segunda parcela dos precat\u00f3rios do Fundef - News In Foco - Editado por Caio Pimenta\" \/>\n\t\t<meta property=\"og:description\" content=\"Uma comiss\u00e3o de professores da rede estadual de ensino da Associa\u00e7\u00e3o Classista da Educa\u00e7\u00e3o e Esporte (ACEB) se reuniu, na ter\u00e7a-feira (11), com o setor de Articula\u00e7\u00e3o Social, da Secretaria de Rela\u00e7\u00f5es Institucionais (Serin), para cobrar o pagamento da segunda parcela dos precat\u00f3rios do Fundo de Manuten\u00e7\u00e3o e Desenvolvimento do Ensino Fundamental e de Valoriza\u00e7\u00e3o\" \/>\n\t\t<meta property=\"og:url\" content=\"https:\/\/newsinfoco.com.br\/inicio\/professores-da-rede-estadual-de-ensino-vao-a-serin-cobrar-pagamento-da-segunda-parcela-dos-precatorios-do-fundef\/\" \/>\n\t\t<meta property=\"article:published_time\" content=\"2023-07-12T21:54:56+00:00\" \/>\n\t\t<meta property=\"article:modified_time\" content=\"2023-07-12T21:54:56+00:00\" \/>\n\t\t<meta name=\"twitter:card\" content=\"summary_large_image\" \/>\n\t\t<meta name=\"twitter:title\" content=\"Professores da rede estadual de ensino v\u00e3o \u00e0 Serin cobrar pagamento da segunda parcela dos precat\u00f3rios do Fundef - News In Foco - Editado por Caio Pimenta\" \/>\n\t\t<meta name=\"twitter:description\" content=\"Uma comiss\u00e3o de professores da rede estadual de ensino da Associa\u00e7\u00e3o Classista da Educa\u00e7\u00e3o e Esporte (ACEB) se reuniu, na ter\u00e7a-feira (11), com o setor de Articula\u00e7\u00e3o Social, da Secretaria de Rela\u00e7\u00f5es Institucionais (Serin), para cobrar o pagamento da segunda parcela dos precat\u00f3rios do Fundo de Manuten\u00e7\u00e3o e Desenvolvimento do Ensino Fundamental e de Valoriza\u00e7\u00e3o\" \/>\n\t\t<script type=\"application\/ld+json\" class=\"aioseo-schema\">\n\t\t\t{\"@context\":\"https:\\\/\\\/schema.org\",\"@graph\":[{\"@type\":\"BlogPosting\",\"@id\":\"https:\\\/\\\/newsinfoco.com.br\\\/inicio\\\/professores-da-rede-estadual-de-ensino-vao-a-serin-cobrar-pagamento-da-segunda-parcela-dos-precatorios-do-fundef\\\/#blogposting\",\"name\":\"Professores da rede estadual de ensino v\\u00e3o \\u00e0 Serin cobrar pagamento da segunda parcela dos precat\\u00f3rios do Fundef - News In Foco - Editado por Caio Pimenta\",\"headline\":\"Professores da rede estadual de ensino v\\u00e3o \\u00e0 Serin cobrar pagamento da segunda parcela dos precat\\u00f3rios do Fundef\",\"author\":{\"@id\":\"https:\\\/\\\/newsinfoco.com.br\\\/inicio\\\/author\\\/administrador\\\/#author\"},\"publisher\":{\"@id\":\"https:\\\/\\\/newsinfoco.com.br\\\/inicio\\\/#organization\"},\"image\":{\"@type\":\"ImageObject\",\"url\":\"https:\\\/\\\/newsinfoco.com.br\\\/inicio\\\/wp-content\\\/uploads\\\/2023\\\/07\\\/WhatsApp-Image-2023-07-12-at-10.00.45.webp\",\"width\":1600,\"height\":900},\"datePublished\":\"2023-07-12T18:54:56-03:00\",\"dateModified\":\"2023-07-12T18:54:56-03:00\",\"inLanguage\":\"pt-BR\",\"mainEntityOfPage\":{\"@id\":\"https:\\\/\\\/newsinfoco.com.br\\\/inicio\\\/professores-da-rede-estadual-de-ensino-vao-a-serin-cobrar-pagamento-da-segunda-parcela-dos-precatorios-do-fundef\\\/#webpage\"},\"isPartOf\":{\"@id\":\"https:\\\/\\\/newsinfoco.com.br\\\/inicio\\\/professores-da-rede-estadual-de-ensino-vao-a-serin-cobrar-pagamento-da-segunda-parcela-dos-precatorios-do-fundef\\\/#webpage\"},\"articleSection\":\"Bahia\"},{\"@type\":\"BreadcrumbList\",\"@id\":\"https:\\\/\\\/newsinfoco.com.br\\\/inicio\\\/professores-da-rede-estadual-de-ensino-vao-a-serin-cobrar-pagamento-da-segunda-parcela-dos-precatorios-do-fundef\\\/#breadcrumblist\",\"itemListElement\":[{\"@type\":\"ListItem\",\"@id\":\"https:\\\/\\\/newsinfoco.com.br\\\/inicio#listItem\",\"position\":1,\"name\":\"In\\u00edcio\",\"item\":\"https:\\\/\\\/newsinfoco.com.br\\\/inicio\",\"nextItem\":{\"@type\":\"ListItem\",\"@id\":\"https:\\\/\\\/newsinfoco.com.br\\\/inicio\\\/category\\\/bahia\\\/#listItem\",\"name\":\"Bahia\"}},{\"@type\":\"ListItem\",\"@id\":\"https:\\\/\\\/newsinfoco.com.br\\\/inicio\\\/category\\\/bahia\\\/#listItem\",\"position\":2,\"name\":\"Bahia\",\"item\":\"https:\\\/\\\/newsinfoco.com.br\\\/inicio\\\/category\\\/bahia\\\/\",\"nextItem\":{\"@type\":\"ListItem\",\"@id\":\"https:\\\/\\\/newsinfoco.com.br\\\/inicio\\\/professores-da-rede-estadual-de-ensino-vao-a-serin-cobrar-pagamento-da-segunda-parcela-dos-precatorios-do-fundef\\\/#listItem\",\"name\":\"Professores da rede estadual de ensino v\\u00e3o \\u00e0 Serin cobrar pagamento da segunda parcela dos precat\\u00f3rios do Fundef\"},\"previousItem\":{\"@type\":\"ListItem\",\"@id\":\"https:\\\/\\\/newsinfoco.com.br\\\/inicio#listItem\",\"name\":\"In\\u00edcio\"}},{\"@type\":\"ListItem\",\"@id\":\"https:\\\/\\\/newsinfoco.com.br\\\/inicio\\\/professores-da-rede-estadual-de-ensino-vao-a-serin-cobrar-pagamento-da-segunda-parcela-dos-precatorios-do-fundef\\\/#listItem\",\"position\":3,\"name\":\"Professores da rede estadual de ensino v\\u00e3o \\u00e0 Serin cobrar pagamento da segunda parcela dos precat\\u00f3rios do Fundef\",\"previousItem\":{\"@type\":\"ListItem\",\"@id\":\"https:\\\/\\\/newsinfoco.com.br\\\/inicio\\\/category\\\/bahia\\\/#listItem\",\"name\":\"Bahia\"}}]},{\"@type\":\"Organization\",\"@id\":\"https:\\\/\\\/newsinfoco.com.br\\\/inicio\\\/#organization\",\"name\":\"News In Foco - Editado por Caio Pimenta\",\"description\":\"O principal site de noticias de Alagoinhas e regi\\u00e3o\",\"url\":\"https:\\\/\\\/newsinfoco.com.br\\\/inicio\\\/\"},{\"@type\":\"Person\",\"@id\":\"https:\\\/\\\/newsinfoco.com.br\\\/inicio\\\/author\\\/administrador\\\/#author\",\"url\":\"https:\\\/\\\/newsinfoco.com.br\\\/inicio\\\/author\\\/administrador\\\/\",\"name\":\"administrador\",\"image\":{\"@type\":\"ImageObject\",\"@id\":\"https:\\\/\\\/newsinfoco.com.br\\\/inicio\\\/professores-da-rede-estadual-de-ensino-vao-a-serin-cobrar-pagamento-da-segunda-parcela-dos-precatorios-do-fundef\\\/#authorImage\",\"url\":\"https:\\\/\\\/secure.gravatar.com\\\/avatar\\\/c17a617433de8c1dc9584bb79aab7563b46f5bb7e1728c9b17d9cc3ce6a08e49?s=96&d=mm&r=g\",\"width\":96,\"height\":96,\"caption\":\"administrador\"}},{\"@type\":\"WebPage\",\"@id\":\"https:\\\/\\\/newsinfoco.com.br\\\/inicio\\\/professores-da-rede-estadual-de-ensino-vao-a-serin-cobrar-pagamento-da-segunda-parcela-dos-precatorios-do-fundef\\\/#webpage\",\"url\":\"https:\\\/\\\/newsinfoco.com.br\\\/inicio\\\/professores-da-rede-estadual-de-ensino-vao-a-serin-cobrar-pagamento-da-segunda-parcela-dos-precatorios-do-fundef\\\/\",\"name\":\"Professores da rede estadual de ensino v\\u00e3o \\u00e0 Serin cobrar pagamento da segunda parcela dos precat\\u00f3rios do Fundef - News In Foco - Editado por Caio Pimenta\",\"description\":\"Uma comiss\\u00e3o de professores da rede estadual de ensino da Associa\\u00e7\\u00e3o Classista da Educa\\u00e7\\u00e3o e Esporte (ACEB) se reuniu, na ter\\u00e7a-feira (11), com o setor de Articula\\u00e7\\u00e3o Social, da Secretaria de Rela\\u00e7\\u00f5es Institucionais (Serin), para cobrar o pagamento da segunda parcela dos precat\\u00f3rios do Fundo de Manuten\\u00e7\\u00e3o e Desenvolvimento do Ensino Fundamental e de Valoriza\\u00e7\\u00e3o\",\"inLanguage\":\"pt-BR\",\"isPartOf\":{\"@id\":\"https:\\\/\\\/newsinfoco.com.br\\\/inicio\\\/#website\"},\"breadcrumb\":{\"@id\":\"https:\\\/\\\/newsinfoco.com.br\\\/inicio\\\/professores-da-rede-estadual-de-ensino-vao-a-serin-cobrar-pagamento-da-segunda-parcela-dos-precatorios-do-fundef\\\/#breadcrumblist\"},\"author\":{\"@id\":\"https:\\\/\\\/newsinfoco.com.br\\\/inicio\\\/author\\\/administrador\\\/#author\"},\"creator\":{\"@id\":\"https:\\\/\\\/newsinfoco.com.br\\\/inicio\\\/author\\\/administrador\\\/#author\"},\"image\":{\"@type\":\"ImageObject\",\"url\":\"https:\\\/\\\/newsinfoco.com.br\\\/inicio\\\/wp-content\\\/uploads\\\/2023\\\/07\\\/WhatsApp-Image-2023-07-12-at-10.00.45.webp\",\"@id\":\"https:\\\/\\\/newsinfoco.com.br\\\/inicio\\\/professores-da-rede-estadual-de-ensino-vao-a-serin-cobrar-pagamento-da-segunda-parcela-dos-precatorios-do-fundef\\\/#mainImage\",\"width\":1600,\"height\":900},\"primaryImageOfPage\":{\"@id\":\"https:\\\/\\\/newsinfoco.com.br\\\/inicio\\\/professores-da-rede-estadual-de-ensino-vao-a-serin-cobrar-pagamento-da-segunda-parcela-dos-precatorios-do-fundef\\\/#mainImage\"},\"datePublished\":\"2023-07-12T18:54:56-03:00\",\"dateModified\":\"2023-07-12T18:54:56-03:00\"},{\"@type\":\"WebSite\",\"@id\":\"https:\\\/\\\/newsinfoco.com.br\\\/inicio\\\/#website\",\"url\":\"https:\\\/\\\/newsinfoco.com.br\\\/inicio\\\/\",\"name\":\"News In Foco - Editado por Caio Pimenta\",\"description\":\"O principal site de noticias de Alagoinhas e regi\\u00e3o\",\"inLanguage\":\"pt-BR\",\"publisher\":{\"@id\":\"https:\\\/\\\/newsinfoco.com.br\\\/inicio\\\/#organization\"}}]}\n\t\t<\/script>\n\t\t<!-- All in One SEO -->\n\n","aioseo_head_json":{"title":"Professores da rede estadual de ensino v\u00e3o \u00e0 Serin cobrar pagamento da segunda parcela dos precat\u00f3rios do Fundef - News In Foco - Editado por Caio Pimenta","description":"Uma comiss\u00e3o de professores da rede estadual de ensino da Associa\u00e7\u00e3o Classista da Educa\u00e7\u00e3o e Esporte (ACEB) se reuniu, na ter\u00e7a-feira (11), com o setor de Articula\u00e7\u00e3o Social, da Secretaria de Rela\u00e7\u00f5es Institucionais (Serin), para cobrar o pagamento da segunda parcela dos precat\u00f3rios do Fundo de Manuten\u00e7\u00e3o e Desenvolvimento do Ensino Fundamental e de Valoriza\u00e7\u00e3o","canonical_url":"https:\/\/newsinfoco.com.br\/inicio\/professores-da-rede-estadual-de-ensino-vao-a-serin-cobrar-pagamento-da-segunda-parcela-dos-precatorios-do-fundef\/","robots":"max-image-preview:large","keywords":"","webmasterTools":{"miscellaneous":""},"schema":{"@context":"https:\/\/schema.org","@graph":[{"@type":"BlogPosting","@id":"https:\/\/newsinfoco.com.br\/inicio\/professores-da-rede-estadual-de-ensino-vao-a-serin-cobrar-pagamento-da-segunda-parcela-dos-precatorios-do-fundef\/#blogposting","name":"Professores da rede estadual de ensino v\u00e3o \u00e0 Serin cobrar pagamento da segunda parcela dos precat\u00f3rios do Fundef - News In Foco - Editado por Caio Pimenta","headline":"Professores da rede estadual de ensino v\u00e3o \u00e0 Serin cobrar pagamento da segunda parcela dos precat\u00f3rios do Fundef","author":{"@id":"https:\/\/newsinfoco.com.br\/inicio\/author\/administrador\/#author"},"publisher":{"@id":"https:\/\/newsinfoco.com.br\/inicio\/#organization"},"image":{"@type":"ImageObject","url":"https:\/\/newsinfoco.com.br\/inicio\/wp-content\/uploads\/2023\/07\/WhatsApp-Image-2023-07-12-at-10.00.45.webp","width":1600,"height":900},"datePublished":"2023-07-12T18:54:56-03:00","dateModified":"2023-07-12T18:54:56-03:00","inLanguage":"pt-BR","mainEntityOfPage":{"@id":"https:\/\/newsinfoco.com.br\/inicio\/professores-da-rede-estadual-de-ensino-vao-a-serin-cobrar-pagamento-da-segunda-parcela-dos-precatorios-do-fundef\/#webpage"},"isPartOf":{"@id":"https:\/\/newsinfoco.com.br\/inicio\/professores-da-rede-estadual-de-ensino-vao-a-serin-cobrar-pagamento-da-segunda-parcela-dos-precatorios-do-fundef\/#webpage"},"articleSection":"Bahia"},{"@type":"BreadcrumbList","@id":"https:\/\/newsinfoco.com.br\/inicio\/professores-da-rede-estadual-de-ensino-vao-a-serin-cobrar-pagamento-da-segunda-parcela-dos-precatorios-do-fundef\/#breadcrumblist","itemListElement":[{"@type":"ListItem","@id":"https:\/\/newsinfoco.com.br\/inicio#listItem","position":1,"name":"In\u00edcio","item":"https:\/\/newsinfoco.com.br\/inicio","nextItem":{"@type":"ListItem","@id":"https:\/\/newsinfoco.com.br\/inicio\/category\/bahia\/#listItem","name":"Bahia"}},{"@type":"ListItem","@id":"https:\/\/newsinfoco.com.br\/inicio\/category\/bahia\/#listItem","position":2,"name":"Bahia","item":"https:\/\/newsinfoco.com.br\/inicio\/category\/bahia\/","nextItem":{"@type":"ListItem","@id":"https:\/\/newsinfoco.com.br\/inicio\/professores-da-rede-estadual-de-ensino-vao-a-serin-cobrar-pagamento-da-segunda-parcela-dos-precatorios-do-fundef\/#listItem","name":"Professores da rede estadual de ensino v\u00e3o \u00e0 Serin cobrar pagamento da segunda parcela dos precat\u00f3rios do Fundef"},"previousItem":{"@type":"ListItem","@id":"https:\/\/newsinfoco.com.br\/inicio#listItem","name":"In\u00edcio"}},{"@type":"ListItem","@id":"https:\/\/newsinfoco.com.br\/inicio\/professores-da-rede-estadual-de-ensino-vao-a-serin-cobrar-pagamento-da-segunda-parcela-dos-precatorios-do-fundef\/#listItem","position":3,"name":"Professores da rede estadual de ensino v\u00e3o \u00e0 Serin cobrar pagamento da segunda parcela dos precat\u00f3rios do Fundef","previousItem":{"@type":"ListItem","@id":"https:\/\/newsinfoco.com.br\/inicio\/category\/bahia\/#listItem","name":"Bahia"}}]},{"@type":"Organization","@id":"https:\/\/newsinfoco.com.br\/inicio\/#organization","name":"News In Foco - Editado por Caio Pimenta","description":"O principal site de noticias de Alagoinhas e regi\u00e3o","url":"https:\/\/newsinfoco.com.br\/inicio\/"},{"@type":"Person","@id":"https:\/\/newsinfoco.com.br\/inicio\/author\/administrador\/#author","url":"https:\/\/newsinfoco.com.br\/inicio\/author\/administrador\/","name":"administrador","image":{"@type":"ImageObject","@id":"https:\/\/newsinfoco.com.br\/inicio\/professores-da-rede-estadual-de-ensino-vao-a-serin-cobrar-pagamento-da-segunda-parcela-dos-precatorios-do-fundef\/#authorImage","url":"https:\/\/secure.gravatar.com\/avatar\/c17a617433de8c1dc9584bb79aab7563b46f5bb7e1728c9b17d9cc3ce6a08e49?s=96&d=mm&r=g","width":96,"height":96,"caption":"administrador"}},{"@type":"WebPage","@id":"https:\/\/newsinfoco.com.br\/inicio\/professores-da-rede-estadual-de-ensino-vao-a-serin-cobrar-pagamento-da-segunda-parcela-dos-precatorios-do-fundef\/#webpage","url":"https:\/\/newsinfoco.com.br\/inicio\/professores-da-rede-estadual-de-ensino-vao-a-serin-cobrar-pagamento-da-segunda-parcela-dos-precatorios-do-fundef\/","name":"Professores da rede estadual de ensino v\u00e3o \u00e0 Serin cobrar pagamento da segunda parcela dos precat\u00f3rios do Fundef - News In Foco - Editado por Caio Pimenta","description":"Uma comiss\u00e3o de professores da rede estadual de ensino da Associa\u00e7\u00e3o Classista da Educa\u00e7\u00e3o e Esporte (ACEB) se reuniu, na ter\u00e7a-feira (11), com o setor de Articula\u00e7\u00e3o Social, da Secretaria de Rela\u00e7\u00f5es Institucionais (Serin), para cobrar o pagamento da segunda parcela dos precat\u00f3rios do Fundo de Manuten\u00e7\u00e3o e Desenvolvimento do Ensino Fundamental e de Valoriza\u00e7\u00e3o","inLanguage":"pt-BR","isPartOf":{"@id":"https:\/\/newsinfoco.com.br\/inicio\/#website"},"breadcrumb":{"@id":"https:\/\/newsinfoco.com.br\/inicio\/professores-da-rede-estadual-de-ensino-vao-a-serin-cobrar-pagamento-da-segunda-parcela-dos-precatorios-do-fundef\/#breadcrumblist"},"author":{"@id":"https:\/\/newsinfoco.com.br\/inicio\/author\/administrador\/#author"},"creator":{"@id":"https:\/\/newsinfoco.com.br\/inicio\/author\/administrador\/#author"},"image":{"@type":"ImageObject","url":"https:\/\/newsinfoco.com.br\/inicio\/wp-content\/uploads\/2023\/07\/WhatsApp-Image-2023-07-12-at-10.00.45.webp","@id":"https:\/\/newsinfoco.com.br\/inicio\/professores-da-rede-estadual-de-ensino-vao-a-serin-cobrar-pagamento-da-segunda-parcela-dos-precatorios-do-fundef\/#mainImage","width":1600,"height":900},"primaryImageOfPage":{"@id":"https:\/\/newsinfoco.com.br\/inicio\/professores-da-rede-estadual-de-ensino-vao-a-serin-cobrar-pagamento-da-segunda-parcela-dos-precatorios-do-fundef\/#mainImage"},"datePublished":"2023-07-12T18:54:56-03:00","dateModified":"2023-07-12T18:54:56-03:00"},{"@type":"WebSite","@id":"https:\/\/newsinfoco.com.br\/inicio\/#website","url":"https:\/\/newsinfoco.com.br\/inicio\/","name":"News In Foco - Editado por Caio Pimenta","description":"O principal site de noticias de Alagoinhas e regi\u00e3o","inLanguage":"pt-BR","publisher":{"@id":"https:\/\/newsinfoco.com.br\/inicio\/#organization"}}]},"og:locale":"pt_BR","og:site_name":"News In Foco - Editado por Caio Pimenta - O principal site de noticias de Alagoinhas e regi\u00e3o","og:type":"article","og:title":"Professores da rede estadual de ensino v\u00e3o \u00e0 Serin cobrar pagamento da segunda parcela dos precat\u00f3rios do Fundef - News In Foco - Editado por Caio Pimenta","og:description":"Uma comiss\u00e3o de professores da rede estadual de ensino da Associa\u00e7\u00e3o Classista da Educa\u00e7\u00e3o e Esporte (ACEB) se reuniu, na ter\u00e7a-feira (11), com o setor de Articula\u00e7\u00e3o Social, da Secretaria de Rela\u00e7\u00f5es Institucionais (Serin), para cobrar o pagamento da segunda parcela dos precat\u00f3rios do Fundo de Manuten\u00e7\u00e3o e Desenvolvimento do Ensino Fundamental e de Valoriza\u00e7\u00e3o","og:url":"https:\/\/newsinfoco.com.br\/inicio\/professores-da-rede-estadual-de-ensino-vao-a-serin-cobrar-pagamento-da-segunda-parcela-dos-precatorios-do-fundef\/","article:published_time":"2023-07-12T21:54:56+00:00","article:modified_time":"2023-07-12T21:54:56+00:00","twitter:card":"summary_large_image","twitter:title":"Professores da rede estadual de ensino v\u00e3o \u00e0 Serin cobrar pagamento da segunda parcela dos precat\u00f3rios do Fundef - News In Foco - Editado por Caio Pimenta","twitter:description":"Uma comiss\u00e3o de professores da rede estadual de ensino da Associa\u00e7\u00e3o Classista da Educa\u00e7\u00e3o e Esporte (ACEB) se reuniu, na ter\u00e7a-feira (11), com o setor de Articula\u00e7\u00e3o Social, da Secretaria de Rela\u00e7\u00f5es Institucionais (Serin), para cobrar o pagamento da segunda parcela dos precat\u00f3rios do Fundo de Manuten\u00e7\u00e3o e Desenvolvimento do Ensino Fundamental e de Valoriza\u00e7\u00e3o"},"aioseo_meta_data":{"post_id":"34603","title":null,"description":null,"keywords":[],"keyphrases":{"focus":{"keyphrase":"","score":0,"analysis":{"keyphraseInTitle":{"score":0,"maxScore":9,"error":1}}},"additional":[]},"primary_term":null,"canonical_url":null,"og_title":null,"og_description":null,"og_object_type":"default","og_image_type":"default","og_image_url":null,"og_image_width":null,"og_image_height":null,"og_image_custom_url":null,"og_image_custom_fields":null,"og_video":"","og_custom_url":null,"og_article_section":null,"og_article_tags":[],"twitter_use_og":false,"twitter_card":"default","twitter_image_type":"default","twitter_image_url":null,"twitter_image_custom_url":null,"twitter_image_custom_fields":null,"twitter_title":null,"twitter_description":null,"schema":{"blockGraphs":[],"customGraphs":[],"default":{"data":{"Article":[],"Course":[],"Dataset":[],"FAQPage":[],"Movie":[],"Person":[],"Product":[],"ProductReview":[],"Car":[],"Recipe":[],"Service":[],"SoftwareApplication":[],"WebPage":[]},"graphName":"BlogPosting","isEnabled":true},"graphs":[]},"schema_type":"default","schema_type_options":null,"pillar_content":false,"robots_default":true,"robots_noindex":false,"robots_noarchive":false,"robots_nosnippet":false,"robots_nofollow":false,"robots_noimageindex":false,"robots_noodp":false,"robots_notranslate":false,"robots_max_snippet":"-1","robots_max_videopreview":"-1","robots_max_imagepreview":"large","priority":null,"frequency":"default","local_seo":null,"breadcrumb_settings":null,"limit_modified_date":false,"ai":null,"created":"2023-07-12 21:54:56","updated":"2025-07-11 10:00:52","seo_analyzer_scan_date":null},"aioseo_breadcrumb":"<div class=\"aioseo-breadcrumbs\"><span class=\"aioseo-breadcrumb\">\n\t\t\t<a href=\"https:\/\/newsinfoco.com.br\/inicio\" title=\"In\u00edcio\">In\u00edcio<\/a>\n\t\t<\/span><span class=\"aioseo-breadcrumb-separator\">&raquo;<\/span><span class=\"aioseo-breadcrumb\">\n\t\t\t<a href=\"https:\/\/newsinfoco.com.br\/inicio\/category\/bahia\/\" title=\"Bahia\">Bahia<\/a>\n\t\t<\/span><span class=\"aioseo-breadcrumb-separator\">&raquo;<\/span><span class=\"aioseo-breadcrumb\">\n\t\t\tProfessores da rede estadual de ensino v\u00e3o \u00e0 Serin cobrar pagamento da segunda parcela dos precat\u00f3rios do Fundef\n\t\t<\/span><\/div>","aioseo_breadcrumb_json":[{"label":"In\u00edcio","link":"https:\/\/newsinfoco.com.br\/inicio"},{"label":"Bahia","link":"https:\/\/newsinfoco.com.br\/inicio\/category\/bahia\/"},{"label":"Professores da rede estadual de ensino v\u00e3o \u00e0 Serin cobrar pagamento da segunda parcela dos precat\u00f3rios do Fundef","link":"https:\/\/newsinfoco.com.br\/inicio\/professores-da-rede-estadual-de-ensino-vao-a-serin-cobrar-pagamento-da-segunda-parcela-dos-precatorios-do-fundef\/"}],"_links":{"self":[{"href":"https:\/\/newsinfoco.com.br\/inicio\/wp-json\/wp\/v2\/posts\/34603","targetHints":{"allow":["GET"]}}],"collection":[{"href":"https:\/\/newsinfoco.com.br\/inicio\/wp-json\/wp\/v2\/posts"}],"about":[{"href":"https:\/\/newsinfoco.com.br\/inicio\/wp-json\/wp\/v2\/types\/post"}],"author":[{"embeddable":true,"href":"https:\/\/newsinfoco.com.br\/inicio\/wp-json\/wp\/v2\/users\/1"}],"replies":[{"embeddable":true,"href":"https:\/\/newsinfoco.com.br\/inicio\/wp-json\/wp\/v2\/comments?post=34603"}],"version-history":[{"count":1,"href":"https:\/\/newsinfoco.com.br\/inicio\/wp-json\/wp\/v2\/posts\/34603\/revisions"}],"predecessor-version":[{"id":34605,"href":"https:\/\/newsinfoco.com.br\/inicio\/wp-json\/wp\/v2\/posts\/34603\/revisions\/34605"}],"wp:featuredmedia":[{"embeddable":true,"href":"https:\/\/newsinfoco.com.br\/inicio\/wp-json\/wp\/v2\/media\/34604"}],"wp:attachment":[{"href":"https:\/\/newsinfoco.com.br\/inicio\/wp-json\/wp\/v2\/media?parent=34603"}],"wp:term":[{"taxonomy":"category","embeddable":true,"href":"https:\/\/newsinfoco.com.br\/inicio\/wp-json\/wp\/v2\/categories?post=34603"},{"taxonomy":"post_tag","embeddable":true,"href":"https:\/\/newsinfoco.com.br\/inicio\/wp-json\/wp\/v2\/tags?post=34603"}],"curies":[{"name":"wp","href":"https:\/\/api.w.org\/{rel}","templated":true}]}}