{"id":34610,"date":"2023-07-16T10:22:04","date_gmt":"2023-07-16T13:22:04","guid":{"rendered":"https:\/\/newsinfoco.com.br\/inicio\/?p=34610"},"modified":"2023-07-16T10:22:04","modified_gmt":"2023-07-16T13:22:04","slug":"ministro-alexandre-de-moraes-e-hostilizado-por-brasileiros-em-aeroporto-na-italia","status":"publish","type":"post","link":"https:\/\/newsinfoco.com.br\/inicio\/ministro-alexandre-de-moraes-e-hostilizado-por-brasileiros-em-aeroporto-na-italia\/","title":{"rendered":"Ministro Alexandre de Moraes \u00e9 hostilizado por brasileiros em aeroporto na It\u00e1lia"},"content":{"rendered":"<div id=\"chunk-1s2ji\">\n<div class=\"mc-column content-text active-extra-styles \" data-block-type=\"unstyled\" data-block-weight=\"52\" data-block-id=\"3\">\n<p class=\"content-text__container \" data-track-category=\"Link no Texto\">O ministro do Supremo\u00a0Alexandre de Moraes\u00a0foi hostilizado e teve o filho agredido, no aeroporto de\u00a0Roma, na noite da \u00faltima sexta-feira (14). A Pol\u00edcia federal identificou os tr\u00eas agressores &#8211; todos brasileiros &#8211; e j\u00e1 abriu inqu\u00e9rito para investigar o caso.<\/p>\n<\/div>\n<\/div>\n<div class=\"wall protected-content\">\n<div id=\"chunk-4qbul\">\n<div class=\"mc-column content-text active-extra-styles \" data-block-type=\"unstyled\" data-block-weight=\"50\" data-block-id=\"4\">\n<p class=\"content-text__container \" data-track-category=\"Link no Texto\">O ministro Alexandre de Moraes estava na\u00a0It\u00e1lia\u00a0para fazer uma palestra na Universidade de Siena. Na noite de sexta, quando estava no aeroporto de Roma, foi v\u00edtima de agress\u00f5es. O filho de Alexandre de Moraes, que o acompanhava na viagem, chegou a ser agredido por um dos envolvidos.<\/p>\n<div class=\"mc-column content-text active-extra-styles \" data-block-type=\"unstyled\" data-block-weight=\"22\" data-block-id=\"6\">\n<p class=\"content-text__container \" data-track-category=\"Link no Texto\" data-track-links=\"\">A TV Globo teve acesso as fotos feitas ainda no aeroporto de Roma e no aeroporto de Guarulhos, onde os agressores desembarcaram.<\/p>\n<\/div>\n<div class=\"mc-column content-text active-extra-styles \" data-block-type=\"unstyled\" data-block-weight=\"9\" data-block-id=\"7\">\n<p class=\"content-text__container \" data-track-category=\"Link no Texto\" data-track-links=\"\">A Pol\u00edcia Federal identificou que os agressores s\u00e3o:<\/p>\n<\/div>\n<div class=\"mc-column content-text active-extra-styles\" data-block-type=\"raw\" data-block-weight=\"19\" data-block-id=\"8\">\n<p class=\"content-text__container\">\n<ul class=\"content-unordered-list\">\n<li>uma mulher\u00a0<strong>Andr\u00e9ia Mantovani<\/strong>;<\/li>\n<li>dois homens: o empres\u00e1rio do interior de S\u00e3o Paulo\u00a0<strong>Roberto Mantovani Filho<\/strong>\u00a0e\u00a0<strong>Alex Zanatta<\/strong>.<\/li>\n<\/ul>\n<p>&nbsp;<\/p>\n<\/div>\n<div class=\"mc-column content-text active-extra-styles \" data-block-type=\"unstyled\" data-block-weight=\"29\" data-block-id=\"9\">\n<p class=\"content-text__container \" data-track-category=\"Link no Texto\" data-track-links=\"\">A a\u00e7\u00e3o come\u00e7ou quando Andr\u00e9ia Mantovani chamou Moraes de \u201cbandido, comunista e comprado\u201d. Logo depois, o marido dela, Roberto Mantovani Filho, gritou e agrediu fisicamente o filho do ministro.<\/p>\n<\/div>\n<div class=\"mc-column content-text active-extra-styles \" data-block-type=\"unstyled\" data-block-weight=\"22\" data-block-id=\"10\">\n<p class=\"content-text__container \" data-track-category=\"Link no Texto\" data-track-links=\"\">Mantovani Filho chegou a acertar o rosto do rapaz. Com o impacto, os \u00f3culos do filho do ministro ca\u00edram no ch\u00e3o.<\/p>\n<\/div>\n<div class=\"mc-column content-text active-extra-styles \" data-block-type=\"unstyled\" data-block-weight=\"12\" data-block-id=\"11\">\n<p class=\"content-text__container \" data-track-category=\"Link no Texto\" data-track-links=\"\">Ap\u00f3s a agress\u00e3o, Roberto, Andr\u00e9ia e Alex Zanatta prosseguiram com os xingamentos.<\/p>\n<\/div>\n<div class=\"mc-column content-text active-extra-styles \" data-block-type=\"unstyled\" data-block-weight=\"20\" data-block-id=\"12\">\n<p class=\"content-text__container \" data-track-category=\"Link no Texto\" data-track-links=\"\">Os envolvidos na a\u00e7\u00e3o foram abordados pela Pol\u00edcia Federal ao desembarcarem no Brasil depois de identificados por reconhecimento facial.<\/p>\n<\/div>\n<div class=\"mc-column content-text active-extra-styles \" data-block-type=\"unstyled\" data-block-weight=\"39\" data-block-id=\"13\">\n<p class=\"content-text__container \" data-track-category=\"Link no Texto\" data-track-links=\"\">Neste s\u00e1bado, o adido da Pol\u00edcia Federal em Roma pediu \u00e0 policia italiana ajuda para conseguir mais informa\u00e7\u00f5es sobre o caso. Um acordo de coopera\u00e7\u00e3o internacional permite \u00e0 PF solicitar, inclusive, as imagens das c\u00e2meras do aeroporto.<\/p>\n<\/div>\n<div class=\"mc-column content-text active-extra-styles \" data-block-type=\"unstyled\" data-block-weight=\"19\" data-block-id=\"14\">\n<p class=\"content-text__container \" data-track-category=\"Link no Texto\" data-track-links=\"\">Segundo o c\u00f3digo penal, os crimes praticados por brasileiros, embora cometidos no estrangeiro, ficam sujeitos \u00e0 lei brasileira.<\/p>\n<\/div>\n<div id=\"chunk-a162p\">\n<div class=\"mc-column content-text active-extra-styles \" data-block-type=\"unstyled\" data-block-weight=\"23\" data-block-id=\"15\">\n<p class=\"content-text__container \" data-track-category=\"Link no Texto\">Na noite deste s\u00e1bado, a PF instaurou inqu\u00e9rito para apurar o caso. Os envolvidos podem responder por agress\u00e3o, amea\u00e7a, inj\u00faria e difama\u00e7\u00e3o.<\/p>\n<\/div>\n<\/div>\n<\/div>\n<p data-track-category=\"Link no Texto\" data-track-links=\"\">G1<\/p>\n<\/div>\n<\/div>\n<div class='share-to-whatsapp-wrapper'><div class='share-on-whsp'>Share on: <\/div><a data-text='Ministro Alexandre de Moraes \u00e9 hostilizado por brasileiros em aeroporto na It\u00e1lia' data-link='https:\/\/newsinfoco.com.br\/inicio\/ministro-alexandre-de-moraes-e-hostilizado-por-brasileiros-em-aeroporto-na-italia\/' class='whatsapp-button whatsapp-share'>WhatsApp<\/a><div class='clear '><\/div><\/div>","protected":false},"excerpt":{"rendered":"<p>O ministro do Supremo\u00a0Alexandre de Moraes\u00a0foi hostilizado e teve o filho agredido, no aeroporto de\u00a0Roma, na noite da \u00faltima sexta-feira (14). A Pol\u00edcia federal identificou os tr\u00eas agressores &#8211; todos brasileiros &#8211; e j\u00e1 abriu inqu\u00e9rito para investigar o caso. O ministro Alexandre de Moraes estava na\u00a0It\u00e1lia\u00a0para fazer uma palestra na Universidade de Siena. Na [&hellip;]<\/p>\n","protected":false},"author":1,"featured_media":32183,"comment_status":"closed","ping_status":"closed","sticky":false,"template":"","format":"standard","meta":{"om_disable_all_campaigns":false,"rop_custom_images_group":[],"rop_custom_messages_group":[],"rop_publish_now":"initial","rop_publish_now_accounts":[],"rop_publish_now_history":[],"rop_publish_now_status":"pending","_exactmetrics_skip_tracking":false,"footnotes":""},"categories":[21],"tags":[],"class_list":["post-34610","post","type-post","status-publish","format-standard","has-post-thumbnail","hentry","category-brasil"],"aioseo_notices":[],"aioseo_head":"\n\t\t<!-- All in One SEO 4.9.10 - aioseo.com -->\n\t<meta name=\"description\" content=\"O ministro do Supremo Alexandre de Moraes foi hostilizado e teve o filho agredido, no aeroporto de Roma, na noite da \u00faltima sexta-feira (14). A Pol\u00edcia federal identificou os tr\u00eas agressores - todos brasileiros - e j\u00e1 abriu inqu\u00e9rito para investigar o caso. O ministro Alexandre de Moraes estava na It\u00e1lia para fazer uma palestra na Universidade de Siena. Na\" \/>\n\t<meta name=\"robots\" content=\"max-image-preview:large\" \/>\n\t<meta name=\"author\" content=\"administrador\"\/>\n\t<link rel=\"canonical\" href=\"https:\/\/newsinfoco.com.br\/inicio\/ministro-alexandre-de-moraes-e-hostilizado-por-brasileiros-em-aeroporto-na-italia\/\" \/>\n\t<meta name=\"generator\" content=\"All in One SEO (AIOSEO) 4.9.10\" \/>\n\t\t<meta property=\"og:locale\" content=\"pt_BR\" \/>\n\t\t<meta property=\"og:site_name\" content=\"News In Foco - Editado por Caio Pimenta - O principal site de noticias de Alagoinhas e regi\u00e3o\" \/>\n\t\t<meta property=\"og:type\" content=\"article\" \/>\n\t\t<meta property=\"og:title\" content=\"Ministro Alexandre de Moraes \u00e9 hostilizado por brasileiros em aeroporto na It\u00e1lia - News In Foco - Editado por Caio Pimenta\" \/>\n\t\t<meta property=\"og:description\" content=\"O ministro do Supremo Alexandre de Moraes foi hostilizado e teve o filho agredido, no aeroporto de Roma, na noite da \u00faltima sexta-feira (14). A Pol\u00edcia federal identificou os tr\u00eas agressores - todos brasileiros - e j\u00e1 abriu inqu\u00e9rito para investigar o caso. O ministro Alexandre de Moraes estava na It\u00e1lia para fazer uma palestra na Universidade de Siena. Na\" \/>\n\t\t<meta property=\"og:url\" content=\"https:\/\/newsinfoco.com.br\/inicio\/ministro-alexandre-de-moraes-e-hostilizado-por-brasileiros-em-aeroporto-na-italia\/\" \/>\n\t\t<meta property=\"article:published_time\" content=\"2023-07-16T13:22:04+00:00\" \/>\n\t\t<meta property=\"article:modified_time\" content=\"2023-07-16T13:22:04+00:00\" \/>\n\t\t<meta name=\"twitter:card\" content=\"summary_large_image\" \/>\n\t\t<meta name=\"twitter:title\" content=\"Ministro Alexandre de Moraes \u00e9 hostilizado por brasileiros em aeroporto na It\u00e1lia - News In Foco - Editado por Caio Pimenta\" \/>\n\t\t<meta name=\"twitter:description\" content=\"O ministro do Supremo Alexandre de Moraes foi hostilizado e teve o filho agredido, no aeroporto de Roma, na noite da \u00faltima sexta-feira (14). A Pol\u00edcia federal identificou os tr\u00eas agressores - todos brasileiros - e j\u00e1 abriu inqu\u00e9rito para investigar o caso. O ministro Alexandre de Moraes estava na It\u00e1lia para fazer uma palestra na Universidade de Siena. Na\" \/>\n\t\t<script type=\"application\/ld+json\" class=\"aioseo-schema\">\n\t\t\t{\"@context\":\"https:\\\/\\\/schema.org\",\"@graph\":[{\"@type\":\"BlogPosting\",\"@id\":\"https:\\\/\\\/newsinfoco.com.br\\\/inicio\\\/ministro-alexandre-de-moraes-e-hostilizado-por-brasileiros-em-aeroporto-na-italia\\\/#blogposting\",\"name\":\"Ministro Alexandre de Moraes \\u00e9 hostilizado por brasileiros em aeroporto na It\\u00e1lia - News In Foco - Editado por Caio Pimenta\",\"headline\":\"Ministro Alexandre de Moraes \\u00e9 hostilizado por brasileiros em aeroporto na It\\u00e1lia\",\"author\":{\"@id\":\"https:\\\/\\\/newsinfoco.com.br\\\/inicio\\\/author\\\/administrador\\\/#author\"},\"publisher\":{\"@id\":\"https:\\\/\\\/newsinfoco.com.br\\\/inicio\\\/#organization\"},\"image\":{\"@type\":\"ImageObject\",\"url\":\"https:\\\/\\\/newsinfoco.com.br\\\/inicio\\\/wp-content\\\/uploads\\\/2022\\\/12\\\/moraes-768x459-1.jpg\",\"width\":768,\"height\":459},\"datePublished\":\"2023-07-16T10:22:04-03:00\",\"dateModified\":\"2023-07-16T10:22:04-03:00\",\"inLanguage\":\"pt-BR\",\"mainEntityOfPage\":{\"@id\":\"https:\\\/\\\/newsinfoco.com.br\\\/inicio\\\/ministro-alexandre-de-moraes-e-hostilizado-por-brasileiros-em-aeroporto-na-italia\\\/#webpage\"},\"isPartOf\":{\"@id\":\"https:\\\/\\\/newsinfoco.com.br\\\/inicio\\\/ministro-alexandre-de-moraes-e-hostilizado-por-brasileiros-em-aeroporto-na-italia\\\/#webpage\"},\"articleSection\":\"Brasil\"},{\"@type\":\"BreadcrumbList\",\"@id\":\"https:\\\/\\\/newsinfoco.com.br\\\/inicio\\\/ministro-alexandre-de-moraes-e-hostilizado-por-brasileiros-em-aeroporto-na-italia\\\/#breadcrumblist\",\"itemListElement\":[{\"@type\":\"ListItem\",\"@id\":\"https:\\\/\\\/newsinfoco.com.br\\\/inicio#listItem\",\"position\":1,\"name\":\"In\\u00edcio\",\"item\":\"https:\\\/\\\/newsinfoco.com.br\\\/inicio\",\"nextItem\":{\"@type\":\"ListItem\",\"@id\":\"https:\\\/\\\/newsinfoco.com.br\\\/inicio\\\/category\\\/brasil\\\/#listItem\",\"name\":\"Brasil\"}},{\"@type\":\"ListItem\",\"@id\":\"https:\\\/\\\/newsinfoco.com.br\\\/inicio\\\/category\\\/brasil\\\/#listItem\",\"position\":2,\"name\":\"Brasil\",\"item\":\"https:\\\/\\\/newsinfoco.com.br\\\/inicio\\\/category\\\/brasil\\\/\",\"nextItem\":{\"@type\":\"ListItem\",\"@id\":\"https:\\\/\\\/newsinfoco.com.br\\\/inicio\\\/ministro-alexandre-de-moraes-e-hostilizado-por-brasileiros-em-aeroporto-na-italia\\\/#listItem\",\"name\":\"Ministro Alexandre de Moraes \\u00e9 hostilizado por brasileiros em aeroporto na It\\u00e1lia\"},\"previousItem\":{\"@type\":\"ListItem\",\"@id\":\"https:\\\/\\\/newsinfoco.com.br\\\/inicio#listItem\",\"name\":\"In\\u00edcio\"}},{\"@type\":\"ListItem\",\"@id\":\"https:\\\/\\\/newsinfoco.com.br\\\/inicio\\\/ministro-alexandre-de-moraes-e-hostilizado-por-brasileiros-em-aeroporto-na-italia\\\/#listItem\",\"position\":3,\"name\":\"Ministro Alexandre de Moraes \\u00e9 hostilizado por brasileiros em aeroporto na It\\u00e1lia\",\"previousItem\":{\"@type\":\"ListItem\",\"@id\":\"https:\\\/\\\/newsinfoco.com.br\\\/inicio\\\/category\\\/brasil\\\/#listItem\",\"name\":\"Brasil\"}}]},{\"@type\":\"Organization\",\"@id\":\"https:\\\/\\\/newsinfoco.com.br\\\/inicio\\\/#organization\",\"name\":\"News In Foco - Editado por Caio Pimenta\",\"description\":\"O principal site de noticias de Alagoinhas e regi\\u00e3o\",\"url\":\"https:\\\/\\\/newsinfoco.com.br\\\/inicio\\\/\"},{\"@type\":\"Person\",\"@id\":\"https:\\\/\\\/newsinfoco.com.br\\\/inicio\\\/author\\\/administrador\\\/#author\",\"url\":\"https:\\\/\\\/newsinfoco.com.br\\\/inicio\\\/author\\\/administrador\\\/\",\"name\":\"administrador\",\"image\":{\"@type\":\"ImageObject\",\"@id\":\"https:\\\/\\\/newsinfoco.com.br\\\/inicio\\\/ministro-alexandre-de-moraes-e-hostilizado-por-brasileiros-em-aeroporto-na-italia\\\/#authorImage\",\"url\":\"https:\\\/\\\/secure.gravatar.com\\\/avatar\\\/c17a617433de8c1dc9584bb79aab7563b46f5bb7e1728c9b17d9cc3ce6a08e49?s=96&d=mm&r=g\",\"width\":96,\"height\":96,\"caption\":\"administrador\"}},{\"@type\":\"WebPage\",\"@id\":\"https:\\\/\\\/newsinfoco.com.br\\\/inicio\\\/ministro-alexandre-de-moraes-e-hostilizado-por-brasileiros-em-aeroporto-na-italia\\\/#webpage\",\"url\":\"https:\\\/\\\/newsinfoco.com.br\\\/inicio\\\/ministro-alexandre-de-moraes-e-hostilizado-por-brasileiros-em-aeroporto-na-italia\\\/\",\"name\":\"Ministro Alexandre de Moraes \\u00e9 hostilizado por brasileiros em aeroporto na It\\u00e1lia - News In Foco - Editado por Caio Pimenta\",\"description\":\"O ministro do Supremo Alexandre de Moraes foi hostilizado e teve o filho agredido, no aeroporto de Roma, na noite da \\u00faltima sexta-feira (14). A Pol\\u00edcia federal identificou os tr\\u00eas agressores - todos brasileiros - e j\\u00e1 abriu inqu\\u00e9rito para investigar o caso. O ministro Alexandre de Moraes estava na It\\u00e1lia para fazer uma palestra na Universidade de Siena. Na\",\"inLanguage\":\"pt-BR\",\"isPartOf\":{\"@id\":\"https:\\\/\\\/newsinfoco.com.br\\\/inicio\\\/#website\"},\"breadcrumb\":{\"@id\":\"https:\\\/\\\/newsinfoco.com.br\\\/inicio\\\/ministro-alexandre-de-moraes-e-hostilizado-por-brasileiros-em-aeroporto-na-italia\\\/#breadcrumblist\"},\"author\":{\"@id\":\"https:\\\/\\\/newsinfoco.com.br\\\/inicio\\\/author\\\/administrador\\\/#author\"},\"creator\":{\"@id\":\"https:\\\/\\\/newsinfoco.com.br\\\/inicio\\\/author\\\/administrador\\\/#author\"},\"image\":{\"@type\":\"ImageObject\",\"url\":\"https:\\\/\\\/newsinfoco.com.br\\\/inicio\\\/wp-content\\\/uploads\\\/2022\\\/12\\\/moraes-768x459-1.jpg\",\"@id\":\"https:\\\/\\\/newsinfoco.com.br\\\/inicio\\\/ministro-alexandre-de-moraes-e-hostilizado-por-brasileiros-em-aeroporto-na-italia\\\/#mainImage\",\"width\":768,\"height\":459},\"primaryImageOfPage\":{\"@id\":\"https:\\\/\\\/newsinfoco.com.br\\\/inicio\\\/ministro-alexandre-de-moraes-e-hostilizado-por-brasileiros-em-aeroporto-na-italia\\\/#mainImage\"},\"datePublished\":\"2023-07-16T10:22:04-03:00\",\"dateModified\":\"2023-07-16T10:22:04-03:00\"},{\"@type\":\"WebSite\",\"@id\":\"https:\\\/\\\/newsinfoco.com.br\\\/inicio\\\/#website\",\"url\":\"https:\\\/\\\/newsinfoco.com.br\\\/inicio\\\/\",\"name\":\"News In Foco - Editado por Caio Pimenta\",\"description\":\"O principal site de noticias de Alagoinhas e regi\\u00e3o\",\"inLanguage\":\"pt-BR\",\"publisher\":{\"@id\":\"https:\\\/\\\/newsinfoco.com.br\\\/inicio\\\/#organization\"}}]}\n\t\t<\/script>\n\t\t<!-- All in One SEO -->\n\n","aioseo_head_json":{"title":"Ministro Alexandre de Moraes \u00e9 hostilizado por brasileiros em aeroporto na It\u00e1lia - News In Foco - Editado por Caio Pimenta","description":"O ministro do Supremo Alexandre de Moraes foi hostilizado e teve o filho agredido, no aeroporto de Roma, na noite da \u00faltima sexta-feira (14). A Pol\u00edcia federal identificou os tr\u00eas agressores - todos brasileiros - e j\u00e1 abriu inqu\u00e9rito para investigar o caso. O ministro Alexandre de Moraes estava na It\u00e1lia para fazer uma palestra na Universidade de Siena. Na","canonical_url":"https:\/\/newsinfoco.com.br\/inicio\/ministro-alexandre-de-moraes-e-hostilizado-por-brasileiros-em-aeroporto-na-italia\/","robots":"max-image-preview:large","keywords":"","webmasterTools":{"miscellaneous":""},"schema":{"@context":"https:\/\/schema.org","@graph":[{"@type":"BlogPosting","@id":"https:\/\/newsinfoco.com.br\/inicio\/ministro-alexandre-de-moraes-e-hostilizado-por-brasileiros-em-aeroporto-na-italia\/#blogposting","name":"Ministro Alexandre de Moraes \u00e9 hostilizado por brasileiros em aeroporto na It\u00e1lia - News In Foco - Editado por Caio Pimenta","headline":"Ministro Alexandre de Moraes \u00e9 hostilizado por brasileiros em aeroporto na It\u00e1lia","author":{"@id":"https:\/\/newsinfoco.com.br\/inicio\/author\/administrador\/#author"},"publisher":{"@id":"https:\/\/newsinfoco.com.br\/inicio\/#organization"},"image":{"@type":"ImageObject","url":"https:\/\/newsinfoco.com.br\/inicio\/wp-content\/uploads\/2022\/12\/moraes-768x459-1.jpg","width":768,"height":459},"datePublished":"2023-07-16T10:22:04-03:00","dateModified":"2023-07-16T10:22:04-03:00","inLanguage":"pt-BR","mainEntityOfPage":{"@id":"https:\/\/newsinfoco.com.br\/inicio\/ministro-alexandre-de-moraes-e-hostilizado-por-brasileiros-em-aeroporto-na-italia\/#webpage"},"isPartOf":{"@id":"https:\/\/newsinfoco.com.br\/inicio\/ministro-alexandre-de-moraes-e-hostilizado-por-brasileiros-em-aeroporto-na-italia\/#webpage"},"articleSection":"Brasil"},{"@type":"BreadcrumbList","@id":"https:\/\/newsinfoco.com.br\/inicio\/ministro-alexandre-de-moraes-e-hostilizado-por-brasileiros-em-aeroporto-na-italia\/#breadcrumblist","itemListElement":[{"@type":"ListItem","@id":"https:\/\/newsinfoco.com.br\/inicio#listItem","position":1,"name":"In\u00edcio","item":"https:\/\/newsinfoco.com.br\/inicio","nextItem":{"@type":"ListItem","@id":"https:\/\/newsinfoco.com.br\/inicio\/category\/brasil\/#listItem","name":"Brasil"}},{"@type":"ListItem","@id":"https:\/\/newsinfoco.com.br\/inicio\/category\/brasil\/#listItem","position":2,"name":"Brasil","item":"https:\/\/newsinfoco.com.br\/inicio\/category\/brasil\/","nextItem":{"@type":"ListItem","@id":"https:\/\/newsinfoco.com.br\/inicio\/ministro-alexandre-de-moraes-e-hostilizado-por-brasileiros-em-aeroporto-na-italia\/#listItem","name":"Ministro Alexandre de Moraes \u00e9 hostilizado por brasileiros em aeroporto na It\u00e1lia"},"previousItem":{"@type":"ListItem","@id":"https:\/\/newsinfoco.com.br\/inicio#listItem","name":"In\u00edcio"}},{"@type":"ListItem","@id":"https:\/\/newsinfoco.com.br\/inicio\/ministro-alexandre-de-moraes-e-hostilizado-por-brasileiros-em-aeroporto-na-italia\/#listItem","position":3,"name":"Ministro Alexandre de Moraes \u00e9 hostilizado por brasileiros em aeroporto na It\u00e1lia","previousItem":{"@type":"ListItem","@id":"https:\/\/newsinfoco.com.br\/inicio\/category\/brasil\/#listItem","name":"Brasil"}}]},{"@type":"Organization","@id":"https:\/\/newsinfoco.com.br\/inicio\/#organization","name":"News In Foco - Editado por Caio Pimenta","description":"O principal site de noticias de Alagoinhas e regi\u00e3o","url":"https:\/\/newsinfoco.com.br\/inicio\/"},{"@type":"Person","@id":"https:\/\/newsinfoco.com.br\/inicio\/author\/administrador\/#author","url":"https:\/\/newsinfoco.com.br\/inicio\/author\/administrador\/","name":"administrador","image":{"@type":"ImageObject","@id":"https:\/\/newsinfoco.com.br\/inicio\/ministro-alexandre-de-moraes-e-hostilizado-por-brasileiros-em-aeroporto-na-italia\/#authorImage","url":"https:\/\/secure.gravatar.com\/avatar\/c17a617433de8c1dc9584bb79aab7563b46f5bb7e1728c9b17d9cc3ce6a08e49?s=96&d=mm&r=g","width":96,"height":96,"caption":"administrador"}},{"@type":"WebPage","@id":"https:\/\/newsinfoco.com.br\/inicio\/ministro-alexandre-de-moraes-e-hostilizado-por-brasileiros-em-aeroporto-na-italia\/#webpage","url":"https:\/\/newsinfoco.com.br\/inicio\/ministro-alexandre-de-moraes-e-hostilizado-por-brasileiros-em-aeroporto-na-italia\/","name":"Ministro Alexandre de Moraes \u00e9 hostilizado por brasileiros em aeroporto na It\u00e1lia - News In Foco - Editado por Caio Pimenta","description":"O ministro do Supremo Alexandre de Moraes foi hostilizado e teve o filho agredido, no aeroporto de Roma, na noite da \u00faltima sexta-feira (14). A Pol\u00edcia federal identificou os tr\u00eas agressores - todos brasileiros - e j\u00e1 abriu inqu\u00e9rito para investigar o caso. O ministro Alexandre de Moraes estava na It\u00e1lia para fazer uma palestra na Universidade de Siena. Na","inLanguage":"pt-BR","isPartOf":{"@id":"https:\/\/newsinfoco.com.br\/inicio\/#website"},"breadcrumb":{"@id":"https:\/\/newsinfoco.com.br\/inicio\/ministro-alexandre-de-moraes-e-hostilizado-por-brasileiros-em-aeroporto-na-italia\/#breadcrumblist"},"author":{"@id":"https:\/\/newsinfoco.com.br\/inicio\/author\/administrador\/#author"},"creator":{"@id":"https:\/\/newsinfoco.com.br\/inicio\/author\/administrador\/#author"},"image":{"@type":"ImageObject","url":"https:\/\/newsinfoco.com.br\/inicio\/wp-content\/uploads\/2022\/12\/moraes-768x459-1.jpg","@id":"https:\/\/newsinfoco.com.br\/inicio\/ministro-alexandre-de-moraes-e-hostilizado-por-brasileiros-em-aeroporto-na-italia\/#mainImage","width":768,"height":459},"primaryImageOfPage":{"@id":"https:\/\/newsinfoco.com.br\/inicio\/ministro-alexandre-de-moraes-e-hostilizado-por-brasileiros-em-aeroporto-na-italia\/#mainImage"},"datePublished":"2023-07-16T10:22:04-03:00","dateModified":"2023-07-16T10:22:04-03:00"},{"@type":"WebSite","@id":"https:\/\/newsinfoco.com.br\/inicio\/#website","url":"https:\/\/newsinfoco.com.br\/inicio\/","name":"News In Foco - Editado por Caio Pimenta","description":"O principal site de noticias de Alagoinhas e regi\u00e3o","inLanguage":"pt-BR","publisher":{"@id":"https:\/\/newsinfoco.com.br\/inicio\/#organization"}}]},"og:locale":"pt_BR","og:site_name":"News In Foco - Editado por Caio Pimenta - O principal site de noticias de Alagoinhas e regi\u00e3o","og:type":"article","og:title":"Ministro Alexandre de Moraes \u00e9 hostilizado por brasileiros em aeroporto na It\u00e1lia - News In Foco - Editado por Caio Pimenta","og:description":"O ministro do Supremo Alexandre de Moraes foi hostilizado e teve o filho agredido, no aeroporto de Roma, na noite da \u00faltima sexta-feira (14). A Pol\u00edcia federal identificou os tr\u00eas agressores - todos brasileiros - e j\u00e1 abriu inqu\u00e9rito para investigar o caso. O ministro Alexandre de Moraes estava na It\u00e1lia para fazer uma palestra na Universidade de Siena. Na","og:url":"https:\/\/newsinfoco.com.br\/inicio\/ministro-alexandre-de-moraes-e-hostilizado-por-brasileiros-em-aeroporto-na-italia\/","article:published_time":"2023-07-16T13:22:04+00:00","article:modified_time":"2023-07-16T13:22:04+00:00","twitter:card":"summary_large_image","twitter:title":"Ministro Alexandre de Moraes \u00e9 hostilizado por brasileiros em aeroporto na It\u00e1lia - News In Foco - Editado por Caio Pimenta","twitter:description":"O ministro do Supremo Alexandre de Moraes foi hostilizado e teve o filho agredido, no aeroporto de Roma, na noite da \u00faltima sexta-feira (14). A Pol\u00edcia federal identificou os tr\u00eas agressores - todos brasileiros - e j\u00e1 abriu inqu\u00e9rito para investigar o caso. O ministro Alexandre de Moraes estava na It\u00e1lia para fazer uma palestra na Universidade de Siena. Na"},"aioseo_meta_data":{"post_id":"34610","title":null,"description":null,"keywords":[],"keyphrases":{"focus":{"keyphrase":"","score":0,"analysis":{"keyphraseInTitle":{"score":0,"maxScore":9,"error":1}}},"additional":[]},"primary_term":null,"canonical_url":null,"og_title":null,"og_description":null,"og_object_type":"default","og_image_type":"default","og_image_url":null,"og_image_width":null,"og_image_height":null,"og_image_custom_url":null,"og_image_custom_fields":null,"og_video":"","og_custom_url":null,"og_article_section":null,"og_article_tags":[],"twitter_use_og":false,"twitter_card":"default","twitter_image_type":"default","twitter_image_url":null,"twitter_image_custom_url":null,"twitter_image_custom_fields":null,"twitter_title":null,"twitter_description":null,"schema":{"blockGraphs":[],"customGraphs":[],"default":{"data":{"Article":[],"Course":[],"Dataset":[],"FAQPage":[],"Movie":[],"Person":[],"Product":[],"ProductReview":[],"Car":[],"Recipe":[],"Service":[],"SoftwareApplication":[],"WebPage":[]},"graphName":"BlogPosting","isEnabled":true},"graphs":[]},"schema_type":"default","schema_type_options":null,"pillar_content":false,"robots_default":true,"robots_noindex":false,"robots_noarchive":false,"robots_nosnippet":false,"robots_nofollow":false,"robots_noimageindex":false,"robots_noodp":false,"robots_notranslate":false,"robots_max_snippet":"-1","robots_max_videopreview":"-1","robots_max_imagepreview":"large","priority":null,"frequency":"default","local_seo":null,"breadcrumb_settings":null,"limit_modified_date":false,"ai":null,"created":"2023-07-16 13:22:04","updated":"2025-07-11 10:01:46","seo_analyzer_scan_date":null},"aioseo_breadcrumb":"<div class=\"aioseo-breadcrumbs\"><span class=\"aioseo-breadcrumb\">\n\t\t\t<a href=\"https:\/\/newsinfoco.com.br\/inicio\" title=\"In\u00edcio\">In\u00edcio<\/a>\n\t\t<\/span><span class=\"aioseo-breadcrumb-separator\">&raquo;<\/span><span class=\"aioseo-breadcrumb\">\n\t\t\t<a href=\"https:\/\/newsinfoco.com.br\/inicio\/category\/brasil\/\" title=\"Brasil\">Brasil<\/a>\n\t\t<\/span><span class=\"aioseo-breadcrumb-separator\">&raquo;<\/span><span class=\"aioseo-breadcrumb\">\n\t\t\tMinistro Alexandre de Moraes \u00e9 hostilizado por brasileiros em aeroporto na It\u00e1lia\n\t\t<\/span><\/div>","aioseo_breadcrumb_json":[{"label":"In\u00edcio","link":"https:\/\/newsinfoco.com.br\/inicio"},{"label":"Brasil","link":"https:\/\/newsinfoco.com.br\/inicio\/category\/brasil\/"},{"label":"Ministro Alexandre de Moraes \u00e9 hostilizado por brasileiros em aeroporto na It\u00e1lia","link":"https:\/\/newsinfoco.com.br\/inicio\/ministro-alexandre-de-moraes-e-hostilizado-por-brasileiros-em-aeroporto-na-italia\/"}],"_links":{"self":[{"href":"https:\/\/newsinfoco.com.br\/inicio\/wp-json\/wp\/v2\/posts\/34610","targetHints":{"allow":["GET"]}}],"collection":[{"href":"https:\/\/newsinfoco.com.br\/inicio\/wp-json\/wp\/v2\/posts"}],"about":[{"href":"https:\/\/newsinfoco.com.br\/inicio\/wp-json\/wp\/v2\/types\/post"}],"author":[{"embeddable":true,"href":"https:\/\/newsinfoco.com.br\/inicio\/wp-json\/wp\/v2\/users\/1"}],"replies":[{"embeddable":true,"href":"https:\/\/newsinfoco.com.br\/inicio\/wp-json\/wp\/v2\/comments?post=34610"}],"version-history":[{"count":1,"href":"https:\/\/newsinfoco.com.br\/inicio\/wp-json\/wp\/v2\/posts\/34610\/revisions"}],"predecessor-version":[{"id":34611,"href":"https:\/\/newsinfoco.com.br\/inicio\/wp-json\/wp\/v2\/posts\/34610\/revisions\/34611"}],"wp:featuredmedia":[{"embeddable":true,"href":"https:\/\/newsinfoco.com.br\/inicio\/wp-json\/wp\/v2\/media\/32183"}],"wp:attachment":[{"href":"https:\/\/newsinfoco.com.br\/inicio\/wp-json\/wp\/v2\/media?parent=34610"}],"wp:term":[{"taxonomy":"category","embeddable":true,"href":"https:\/\/newsinfoco.com.br\/inicio\/wp-json\/wp\/v2\/categories?post=34610"},{"taxonomy":"post_tag","embeddable":true,"href":"https:\/\/newsinfoco.com.br\/inicio\/wp-json\/wp\/v2\/tags?post=34610"}],"curies":[{"name":"wp","href":"https:\/\/api.w.org\/{rel}","templated":true}]}}