{"id":34661,"date":"2023-07-22T16:57:07","date_gmt":"2023-07-22T19:57:07","guid":{"rendered":"https:\/\/newsinfoco.com.br\/inicio\/?p=34661"},"modified":"2023-07-22T16:58:10","modified_gmt":"2023-07-22T19:58:10","slug":"ato-de-filiacao-coletiva-e-discussao-politica-do-processo-eleitoral-2024-do-pv-em-alagoinhas-e-adiado","status":"publish","type":"post","link":"https:\/\/newsinfoco.com.br\/inicio\/ato-de-filiacao-coletiva-e-discussao-politica-do-processo-eleitoral-2024-do-pv-em-alagoinhas-e-adiado\/","title":{"rendered":"Ato de filia\u00e7\u00e3o coletiva e discuss\u00e3o politica do processo eleitoral 2024 do PV em Alagoinhas \u00e9 adiado"},"content":{"rendered":"<p>O ato de filia\u00e7\u00e3o coletiva e discuss\u00e3o politica do processo eleitoral 2024 do PV, que ocorreria hoje(22), em Alagoinhas, foi adiada. De acordo com Adri\u00e3o Barbosa, um dos organizadores do encontro, houve um choque na agenda de algumas lideran\u00e7as indispens\u00e1veis para o evento e uma nova data ser\u00e1 anunciada em breve.<\/p>\n<p>O evento que ocorreria as 15h, no audit\u00f3rio do Hotel Plaza, reuniria lideran\u00e7as do Partido Verde e da Central Sindical UGT, onde seria oficializada a entrada de diversos filiados para o fortalecimento do partido para as pr\u00f3ximas elei\u00e7\u00f5es.<\/p>\n<p>O PV comp\u00f5e a Federa\u00e7\u00e3o Brasil da Esperan\u00e7a com o PT e o PC do B e em Alagoinhas det\u00e9m indica\u00e7\u00f5es no Governo Joaquim Neto.<\/p>\n<p>&nbsp;<\/p>\n<p>Por Caio Pimenta para o News Infoco<\/p>\n<div class='share-to-whatsapp-wrapper'><div class='share-on-whsp'>Share on: <\/div><a data-text='Ato de filia\u00e7\u00e3o coletiva e discuss\u00e3o politica do processo eleitoral 2024 do PV em Alagoinhas \u00e9 adiado' data-link='https:\/\/newsinfoco.com.br\/inicio\/ato-de-filiacao-coletiva-e-discussao-politica-do-processo-eleitoral-2024-do-pv-em-alagoinhas-e-adiado\/' class='whatsapp-button whatsapp-share'>WhatsApp<\/a><div class='clear '><\/div><\/div>","protected":false},"excerpt":{"rendered":"<p>O ato de filia\u00e7\u00e3o coletiva e discuss\u00e3o politica do processo eleitoral 2024 do PV, que ocorreria hoje(22), em Alagoinhas, foi adiada. De acordo com Adri\u00e3o Barbosa, um dos organizadores do encontro, houve um choque na agenda de algumas lideran\u00e7as indispens\u00e1veis para o evento e uma nova data ser\u00e1 anunciada em breve. O evento que ocorreria [&hellip;]<\/p>\n","protected":false},"author":1,"featured_media":20802,"comment_status":"closed","ping_status":"closed","sticky":false,"template":"","format":"standard","meta":{"om_disable_all_campaigns":false,"rop_custom_images_group":[],"rop_custom_messages_group":[],"rop_publish_now":"initial","rop_publish_now_accounts":[],"rop_publish_now_history":[],"rop_publish_now_status":"pending","_exactmetrics_skip_tracking":false,"footnotes":""},"categories":[38,167],"tags":[],"class_list":["post-34661","post","type-post","status-publish","format-standard","has-post-thumbnail","hentry","category-alagoinhas-e-regiao","category-exclusivas"],"aioseo_notices":[],"aioseo_head":"\n\t\t<!-- All in One SEO 4.9.10 - aioseo.com -->\n\t<meta name=\"description\" content=\"O ato de filia\u00e7\u00e3o coletiva e discuss\u00e3o politica do processo eleitoral 2024 do PV, que ocorreria hoje(22), em Alagoinhas, foi adiada. De acordo com Adri\u00e3o Barbosa, um dos organizadores do encontro, houve um choque na agenda de algumas lideran\u00e7as indispens\u00e1veis para o evento e uma nova data ser\u00e1 anunciada em breve. O evento que ocorreria\" \/>\n\t<meta name=\"robots\" content=\"max-image-preview:large\" \/>\n\t<meta name=\"author\" content=\"administrador\"\/>\n\t<link rel=\"canonical\" href=\"https:\/\/newsinfoco.com.br\/inicio\/ato-de-filiacao-coletiva-e-discussao-politica-do-processo-eleitoral-2024-do-pv-em-alagoinhas-e-adiado\/\" \/>\n\t<meta name=\"generator\" content=\"All in One SEO (AIOSEO) 4.9.10\" \/>\n\t\t<meta property=\"og:locale\" content=\"pt_BR\" \/>\n\t\t<meta property=\"og:site_name\" content=\"News In Foco - Editado por Caio Pimenta - O principal site de noticias de Alagoinhas e regi\u00e3o\" \/>\n\t\t<meta property=\"og:type\" content=\"article\" \/>\n\t\t<meta property=\"og:title\" content=\"Ato de filia\u00e7\u00e3o coletiva e discuss\u00e3o politica do processo eleitoral 2024 do PV em Alagoinhas \u00e9 adiado - News In Foco - Editado por Caio Pimenta\" \/>\n\t\t<meta property=\"og:description\" content=\"O ato de filia\u00e7\u00e3o coletiva e discuss\u00e3o politica do processo eleitoral 2024 do PV, que ocorreria hoje(22), em Alagoinhas, foi adiada. De acordo com Adri\u00e3o Barbosa, um dos organizadores do encontro, houve um choque na agenda de algumas lideran\u00e7as indispens\u00e1veis para o evento e uma nova data ser\u00e1 anunciada em breve. O evento que ocorreria\" \/>\n\t\t<meta property=\"og:url\" content=\"https:\/\/newsinfoco.com.br\/inicio\/ato-de-filiacao-coletiva-e-discussao-politica-do-processo-eleitoral-2024-do-pv-em-alagoinhas-e-adiado\/\" \/>\n\t\t<meta property=\"article:published_time\" content=\"2023-07-22T19:57:07+00:00\" \/>\n\t\t<meta property=\"article:modified_time\" content=\"2023-07-22T19:58:10+00:00\" \/>\n\t\t<meta name=\"twitter:card\" content=\"summary_large_image\" \/>\n\t\t<meta name=\"twitter:title\" content=\"Ato de filia\u00e7\u00e3o coletiva e discuss\u00e3o politica do processo eleitoral 2024 do PV em Alagoinhas \u00e9 adiado - News In Foco - Editado por Caio Pimenta\" \/>\n\t\t<meta name=\"twitter:description\" content=\"O ato de filia\u00e7\u00e3o coletiva e discuss\u00e3o politica do processo eleitoral 2024 do PV, que ocorreria hoje(22), em Alagoinhas, foi adiada. De acordo com Adri\u00e3o Barbosa, um dos organizadores do encontro, houve um choque na agenda de algumas lideran\u00e7as indispens\u00e1veis para o evento e uma nova data ser\u00e1 anunciada em breve. O evento que ocorreria\" \/>\n\t\t<script type=\"application\/ld+json\" class=\"aioseo-schema\">\n\t\t\t{\"@context\":\"https:\\\/\\\/schema.org\",\"@graph\":[{\"@type\":\"BlogPosting\",\"@id\":\"https:\\\/\\\/newsinfoco.com.br\\\/inicio\\\/ato-de-filiacao-coletiva-e-discussao-politica-do-processo-eleitoral-2024-do-pv-em-alagoinhas-e-adiado\\\/#blogposting\",\"name\":\"Ato de filia\\u00e7\\u00e3o coletiva e discuss\\u00e3o politica do processo eleitoral 2024 do PV em Alagoinhas \\u00e9 adiado - News In Foco - Editado por Caio Pimenta\",\"headline\":\"Ato de filia\\u00e7\\u00e3o coletiva e discuss\\u00e3o politica do processo eleitoral 2024 do PV em Alagoinhas \\u00e9 adiado\",\"author\":{\"@id\":\"https:\\\/\\\/newsinfoco.com.br\\\/inicio\\\/author\\\/administrador\\\/#author\"},\"publisher\":{\"@id\":\"https:\\\/\\\/newsinfoco.com.br\\\/inicio\\\/#organization\"},\"image\":{\"@type\":\"ImageObject\",\"url\":\"https:\\\/\\\/newsinfoco.com.br\\\/inicio\\\/wp-content\\\/uploads\\\/2020\\\/04\\\/pv-logo-1.jpg\",\"width\":600,\"height\":400},\"datePublished\":\"2023-07-22T16:57:07-03:00\",\"dateModified\":\"2023-07-22T16:58:10-03:00\",\"inLanguage\":\"pt-BR\",\"mainEntityOfPage\":{\"@id\":\"https:\\\/\\\/newsinfoco.com.br\\\/inicio\\\/ato-de-filiacao-coletiva-e-discussao-politica-do-processo-eleitoral-2024-do-pv-em-alagoinhas-e-adiado\\\/#webpage\"},\"isPartOf\":{\"@id\":\"https:\\\/\\\/newsinfoco.com.br\\\/inicio\\\/ato-de-filiacao-coletiva-e-discussao-politica-do-processo-eleitoral-2024-do-pv-em-alagoinhas-e-adiado\\\/#webpage\"},\"articleSection\":\"Alagoinhas e Regi\\u00e3o, Manchete\"},{\"@type\":\"BreadcrumbList\",\"@id\":\"https:\\\/\\\/newsinfoco.com.br\\\/inicio\\\/ato-de-filiacao-coletiva-e-discussao-politica-do-processo-eleitoral-2024-do-pv-em-alagoinhas-e-adiado\\\/#breadcrumblist\",\"itemListElement\":[{\"@type\":\"ListItem\",\"@id\":\"https:\\\/\\\/newsinfoco.com.br\\\/inicio#listItem\",\"position\":1,\"name\":\"In\\u00edcio\",\"item\":\"https:\\\/\\\/newsinfoco.com.br\\\/inicio\",\"nextItem\":{\"@type\":\"ListItem\",\"@id\":\"https:\\\/\\\/newsinfoco.com.br\\\/inicio\\\/category\\\/alagoinhas-e-regiao\\\/#listItem\",\"name\":\"Alagoinhas e Regi\\u00e3o\"}},{\"@type\":\"ListItem\",\"@id\":\"https:\\\/\\\/newsinfoco.com.br\\\/inicio\\\/category\\\/alagoinhas-e-regiao\\\/#listItem\",\"position\":2,\"name\":\"Alagoinhas e Regi\\u00e3o\",\"item\":\"https:\\\/\\\/newsinfoco.com.br\\\/inicio\\\/category\\\/alagoinhas-e-regiao\\\/\",\"nextItem\":{\"@type\":\"ListItem\",\"@id\":\"https:\\\/\\\/newsinfoco.com.br\\\/inicio\\\/ato-de-filiacao-coletiva-e-discussao-politica-do-processo-eleitoral-2024-do-pv-em-alagoinhas-e-adiado\\\/#listItem\",\"name\":\"Ato de filia\\u00e7\\u00e3o coletiva e discuss\\u00e3o politica do processo eleitoral 2024 do PV em Alagoinhas \\u00e9 adiado\"},\"previousItem\":{\"@type\":\"ListItem\",\"@id\":\"https:\\\/\\\/newsinfoco.com.br\\\/inicio#listItem\",\"name\":\"In\\u00edcio\"}},{\"@type\":\"ListItem\",\"@id\":\"https:\\\/\\\/newsinfoco.com.br\\\/inicio\\\/ato-de-filiacao-coletiva-e-discussao-politica-do-processo-eleitoral-2024-do-pv-em-alagoinhas-e-adiado\\\/#listItem\",\"position\":3,\"name\":\"Ato de filia\\u00e7\\u00e3o coletiva e discuss\\u00e3o politica do processo eleitoral 2024 do PV em Alagoinhas \\u00e9 adiado\",\"previousItem\":{\"@type\":\"ListItem\",\"@id\":\"https:\\\/\\\/newsinfoco.com.br\\\/inicio\\\/category\\\/alagoinhas-e-regiao\\\/#listItem\",\"name\":\"Alagoinhas e Regi\\u00e3o\"}}]},{\"@type\":\"Organization\",\"@id\":\"https:\\\/\\\/newsinfoco.com.br\\\/inicio\\\/#organization\",\"name\":\"News In Foco - Editado por Caio Pimenta\",\"description\":\"O principal site de noticias de Alagoinhas e regi\\u00e3o\",\"url\":\"https:\\\/\\\/newsinfoco.com.br\\\/inicio\\\/\"},{\"@type\":\"Person\",\"@id\":\"https:\\\/\\\/newsinfoco.com.br\\\/inicio\\\/author\\\/administrador\\\/#author\",\"url\":\"https:\\\/\\\/newsinfoco.com.br\\\/inicio\\\/author\\\/administrador\\\/\",\"name\":\"administrador\",\"image\":{\"@type\":\"ImageObject\",\"@id\":\"https:\\\/\\\/newsinfoco.com.br\\\/inicio\\\/ato-de-filiacao-coletiva-e-discussao-politica-do-processo-eleitoral-2024-do-pv-em-alagoinhas-e-adiado\\\/#authorImage\",\"url\":\"https:\\\/\\\/secure.gravatar.com\\\/avatar\\\/c17a617433de8c1dc9584bb79aab7563b46f5bb7e1728c9b17d9cc3ce6a08e49?s=96&d=mm&r=g\",\"width\":96,\"height\":96,\"caption\":\"administrador\"}},{\"@type\":\"WebPage\",\"@id\":\"https:\\\/\\\/newsinfoco.com.br\\\/inicio\\\/ato-de-filiacao-coletiva-e-discussao-politica-do-processo-eleitoral-2024-do-pv-em-alagoinhas-e-adiado\\\/#webpage\",\"url\":\"https:\\\/\\\/newsinfoco.com.br\\\/inicio\\\/ato-de-filiacao-coletiva-e-discussao-politica-do-processo-eleitoral-2024-do-pv-em-alagoinhas-e-adiado\\\/\",\"name\":\"Ato de filia\\u00e7\\u00e3o coletiva e discuss\\u00e3o politica do processo eleitoral 2024 do PV em Alagoinhas \\u00e9 adiado - News In Foco - Editado por Caio Pimenta\",\"description\":\"O ato de filia\\u00e7\\u00e3o coletiva e discuss\\u00e3o politica do processo eleitoral 2024 do PV, que ocorreria hoje(22), em Alagoinhas, foi adiada. De acordo com Adri\\u00e3o Barbosa, um dos organizadores do encontro, houve um choque na agenda de algumas lideran\\u00e7as indispens\\u00e1veis para o evento e uma nova data ser\\u00e1 anunciada em breve. O evento que ocorreria\",\"inLanguage\":\"pt-BR\",\"isPartOf\":{\"@id\":\"https:\\\/\\\/newsinfoco.com.br\\\/inicio\\\/#website\"},\"breadcrumb\":{\"@id\":\"https:\\\/\\\/newsinfoco.com.br\\\/inicio\\\/ato-de-filiacao-coletiva-e-discussao-politica-do-processo-eleitoral-2024-do-pv-em-alagoinhas-e-adiado\\\/#breadcrumblist\"},\"author\":{\"@id\":\"https:\\\/\\\/newsinfoco.com.br\\\/inicio\\\/author\\\/administrador\\\/#author\"},\"creator\":{\"@id\":\"https:\\\/\\\/newsinfoco.com.br\\\/inicio\\\/author\\\/administrador\\\/#author\"},\"image\":{\"@type\":\"ImageObject\",\"url\":\"https:\\\/\\\/newsinfoco.com.br\\\/inicio\\\/wp-content\\\/uploads\\\/2020\\\/04\\\/pv-logo-1.jpg\",\"@id\":\"https:\\\/\\\/newsinfoco.com.br\\\/inicio\\\/ato-de-filiacao-coletiva-e-discussao-politica-do-processo-eleitoral-2024-do-pv-em-alagoinhas-e-adiado\\\/#mainImage\",\"width\":600,\"height\":400},\"primaryImageOfPage\":{\"@id\":\"https:\\\/\\\/newsinfoco.com.br\\\/inicio\\\/ato-de-filiacao-coletiva-e-discussao-politica-do-processo-eleitoral-2024-do-pv-em-alagoinhas-e-adiado\\\/#mainImage\"},\"datePublished\":\"2023-07-22T16:57:07-03:00\",\"dateModified\":\"2023-07-22T16:58:10-03:00\"},{\"@type\":\"WebSite\",\"@id\":\"https:\\\/\\\/newsinfoco.com.br\\\/inicio\\\/#website\",\"url\":\"https:\\\/\\\/newsinfoco.com.br\\\/inicio\\\/\",\"name\":\"News In Foco - Editado por Caio Pimenta\",\"description\":\"O principal site de noticias de Alagoinhas e regi\\u00e3o\",\"inLanguage\":\"pt-BR\",\"publisher\":{\"@id\":\"https:\\\/\\\/newsinfoco.com.br\\\/inicio\\\/#organization\"}}]}\n\t\t<\/script>\n\t\t<!-- All in One SEO -->\n\n","aioseo_head_json":{"title":"Ato de filia\u00e7\u00e3o coletiva e discuss\u00e3o politica do processo eleitoral 2024 do PV em Alagoinhas \u00e9 adiado - News In Foco - Editado por Caio Pimenta","description":"O ato de filia\u00e7\u00e3o coletiva e discuss\u00e3o politica do processo eleitoral 2024 do PV, que ocorreria hoje(22), em Alagoinhas, foi adiada. De acordo com Adri\u00e3o Barbosa, um dos organizadores do encontro, houve um choque na agenda de algumas lideran\u00e7as indispens\u00e1veis para o evento e uma nova data ser\u00e1 anunciada em breve. O evento que ocorreria","canonical_url":"https:\/\/newsinfoco.com.br\/inicio\/ato-de-filiacao-coletiva-e-discussao-politica-do-processo-eleitoral-2024-do-pv-em-alagoinhas-e-adiado\/","robots":"max-image-preview:large","keywords":"","webmasterTools":{"miscellaneous":""},"schema":{"@context":"https:\/\/schema.org","@graph":[{"@type":"BlogPosting","@id":"https:\/\/newsinfoco.com.br\/inicio\/ato-de-filiacao-coletiva-e-discussao-politica-do-processo-eleitoral-2024-do-pv-em-alagoinhas-e-adiado\/#blogposting","name":"Ato de filia\u00e7\u00e3o coletiva e discuss\u00e3o politica do processo eleitoral 2024 do PV em Alagoinhas \u00e9 adiado - News In Foco - Editado por Caio Pimenta","headline":"Ato de filia\u00e7\u00e3o coletiva e discuss\u00e3o politica do processo eleitoral 2024 do PV em Alagoinhas \u00e9 adiado","author":{"@id":"https:\/\/newsinfoco.com.br\/inicio\/author\/administrador\/#author"},"publisher":{"@id":"https:\/\/newsinfoco.com.br\/inicio\/#organization"},"image":{"@type":"ImageObject","url":"https:\/\/newsinfoco.com.br\/inicio\/wp-content\/uploads\/2020\/04\/pv-logo-1.jpg","width":600,"height":400},"datePublished":"2023-07-22T16:57:07-03:00","dateModified":"2023-07-22T16:58:10-03:00","inLanguage":"pt-BR","mainEntityOfPage":{"@id":"https:\/\/newsinfoco.com.br\/inicio\/ato-de-filiacao-coletiva-e-discussao-politica-do-processo-eleitoral-2024-do-pv-em-alagoinhas-e-adiado\/#webpage"},"isPartOf":{"@id":"https:\/\/newsinfoco.com.br\/inicio\/ato-de-filiacao-coletiva-e-discussao-politica-do-processo-eleitoral-2024-do-pv-em-alagoinhas-e-adiado\/#webpage"},"articleSection":"Alagoinhas e Regi\u00e3o, Manchete"},{"@type":"BreadcrumbList","@id":"https:\/\/newsinfoco.com.br\/inicio\/ato-de-filiacao-coletiva-e-discussao-politica-do-processo-eleitoral-2024-do-pv-em-alagoinhas-e-adiado\/#breadcrumblist","itemListElement":[{"@type":"ListItem","@id":"https:\/\/newsinfoco.com.br\/inicio#listItem","position":1,"name":"In\u00edcio","item":"https:\/\/newsinfoco.com.br\/inicio","nextItem":{"@type":"ListItem","@id":"https:\/\/newsinfoco.com.br\/inicio\/category\/alagoinhas-e-regiao\/#listItem","name":"Alagoinhas e Regi\u00e3o"}},{"@type":"ListItem","@id":"https:\/\/newsinfoco.com.br\/inicio\/category\/alagoinhas-e-regiao\/#listItem","position":2,"name":"Alagoinhas e Regi\u00e3o","item":"https:\/\/newsinfoco.com.br\/inicio\/category\/alagoinhas-e-regiao\/","nextItem":{"@type":"ListItem","@id":"https:\/\/newsinfoco.com.br\/inicio\/ato-de-filiacao-coletiva-e-discussao-politica-do-processo-eleitoral-2024-do-pv-em-alagoinhas-e-adiado\/#listItem","name":"Ato de filia\u00e7\u00e3o coletiva e discuss\u00e3o politica do processo eleitoral 2024 do PV em Alagoinhas \u00e9 adiado"},"previousItem":{"@type":"ListItem","@id":"https:\/\/newsinfoco.com.br\/inicio#listItem","name":"In\u00edcio"}},{"@type":"ListItem","@id":"https:\/\/newsinfoco.com.br\/inicio\/ato-de-filiacao-coletiva-e-discussao-politica-do-processo-eleitoral-2024-do-pv-em-alagoinhas-e-adiado\/#listItem","position":3,"name":"Ato de filia\u00e7\u00e3o coletiva e discuss\u00e3o politica do processo eleitoral 2024 do PV em Alagoinhas \u00e9 adiado","previousItem":{"@type":"ListItem","@id":"https:\/\/newsinfoco.com.br\/inicio\/category\/alagoinhas-e-regiao\/#listItem","name":"Alagoinhas e Regi\u00e3o"}}]},{"@type":"Organization","@id":"https:\/\/newsinfoco.com.br\/inicio\/#organization","name":"News In Foco - Editado por Caio Pimenta","description":"O principal site de noticias de Alagoinhas e regi\u00e3o","url":"https:\/\/newsinfoco.com.br\/inicio\/"},{"@type":"Person","@id":"https:\/\/newsinfoco.com.br\/inicio\/author\/administrador\/#author","url":"https:\/\/newsinfoco.com.br\/inicio\/author\/administrador\/","name":"administrador","image":{"@type":"ImageObject","@id":"https:\/\/newsinfoco.com.br\/inicio\/ato-de-filiacao-coletiva-e-discussao-politica-do-processo-eleitoral-2024-do-pv-em-alagoinhas-e-adiado\/#authorImage","url":"https:\/\/secure.gravatar.com\/avatar\/c17a617433de8c1dc9584bb79aab7563b46f5bb7e1728c9b17d9cc3ce6a08e49?s=96&d=mm&r=g","width":96,"height":96,"caption":"administrador"}},{"@type":"WebPage","@id":"https:\/\/newsinfoco.com.br\/inicio\/ato-de-filiacao-coletiva-e-discussao-politica-do-processo-eleitoral-2024-do-pv-em-alagoinhas-e-adiado\/#webpage","url":"https:\/\/newsinfoco.com.br\/inicio\/ato-de-filiacao-coletiva-e-discussao-politica-do-processo-eleitoral-2024-do-pv-em-alagoinhas-e-adiado\/","name":"Ato de filia\u00e7\u00e3o coletiva e discuss\u00e3o politica do processo eleitoral 2024 do PV em Alagoinhas \u00e9 adiado - News In Foco - Editado por Caio Pimenta","description":"O ato de filia\u00e7\u00e3o coletiva e discuss\u00e3o politica do processo eleitoral 2024 do PV, que ocorreria hoje(22), em Alagoinhas, foi adiada. De acordo com Adri\u00e3o Barbosa, um dos organizadores do encontro, houve um choque na agenda de algumas lideran\u00e7as indispens\u00e1veis para o evento e uma nova data ser\u00e1 anunciada em breve. O evento que ocorreria","inLanguage":"pt-BR","isPartOf":{"@id":"https:\/\/newsinfoco.com.br\/inicio\/#website"},"breadcrumb":{"@id":"https:\/\/newsinfoco.com.br\/inicio\/ato-de-filiacao-coletiva-e-discussao-politica-do-processo-eleitoral-2024-do-pv-em-alagoinhas-e-adiado\/#breadcrumblist"},"author":{"@id":"https:\/\/newsinfoco.com.br\/inicio\/author\/administrador\/#author"},"creator":{"@id":"https:\/\/newsinfoco.com.br\/inicio\/author\/administrador\/#author"},"image":{"@type":"ImageObject","url":"https:\/\/newsinfoco.com.br\/inicio\/wp-content\/uploads\/2020\/04\/pv-logo-1.jpg","@id":"https:\/\/newsinfoco.com.br\/inicio\/ato-de-filiacao-coletiva-e-discussao-politica-do-processo-eleitoral-2024-do-pv-em-alagoinhas-e-adiado\/#mainImage","width":600,"height":400},"primaryImageOfPage":{"@id":"https:\/\/newsinfoco.com.br\/inicio\/ato-de-filiacao-coletiva-e-discussao-politica-do-processo-eleitoral-2024-do-pv-em-alagoinhas-e-adiado\/#mainImage"},"datePublished":"2023-07-22T16:57:07-03:00","dateModified":"2023-07-22T16:58:10-03:00"},{"@type":"WebSite","@id":"https:\/\/newsinfoco.com.br\/inicio\/#website","url":"https:\/\/newsinfoco.com.br\/inicio\/","name":"News In Foco - Editado por Caio Pimenta","description":"O principal site de noticias de Alagoinhas e regi\u00e3o","inLanguage":"pt-BR","publisher":{"@id":"https:\/\/newsinfoco.com.br\/inicio\/#organization"}}]},"og:locale":"pt_BR","og:site_name":"News In Foco - Editado por Caio Pimenta - O principal site de noticias de Alagoinhas e regi\u00e3o","og:type":"article","og:title":"Ato de filia\u00e7\u00e3o coletiva e discuss\u00e3o politica do processo eleitoral 2024 do PV em Alagoinhas \u00e9 adiado - News In Foco - Editado por Caio Pimenta","og:description":"O ato de filia\u00e7\u00e3o coletiva e discuss\u00e3o politica do processo eleitoral 2024 do PV, que ocorreria hoje(22), em Alagoinhas, foi adiada. De acordo com Adri\u00e3o Barbosa, um dos organizadores do encontro, houve um choque na agenda de algumas lideran\u00e7as indispens\u00e1veis para o evento e uma nova data ser\u00e1 anunciada em breve. O evento que ocorreria","og:url":"https:\/\/newsinfoco.com.br\/inicio\/ato-de-filiacao-coletiva-e-discussao-politica-do-processo-eleitoral-2024-do-pv-em-alagoinhas-e-adiado\/","article:published_time":"2023-07-22T19:57:07+00:00","article:modified_time":"2023-07-22T19:58:10+00:00","twitter:card":"summary_large_image","twitter:title":"Ato de filia\u00e7\u00e3o coletiva e discuss\u00e3o politica do processo eleitoral 2024 do PV em Alagoinhas \u00e9 adiado - News In Foco - Editado por Caio Pimenta","twitter:description":"O ato de filia\u00e7\u00e3o coletiva e discuss\u00e3o politica do processo eleitoral 2024 do PV, que ocorreria hoje(22), em Alagoinhas, foi adiada. De acordo com Adri\u00e3o Barbosa, um dos organizadores do encontro, houve um choque na agenda de algumas lideran\u00e7as indispens\u00e1veis para o evento e uma nova data ser\u00e1 anunciada em breve. O evento que ocorreria"},"aioseo_meta_data":{"post_id":"34661","title":null,"description":null,"keywords":[],"keyphrases":{"focus":{"keyphrase":"","score":0,"analysis":{"keyphraseInTitle":{"score":0,"maxScore":9,"error":1}}},"additional":[]},"primary_term":null,"canonical_url":null,"og_title":null,"og_description":null,"og_object_type":"default","og_image_type":"default","og_image_url":null,"og_image_width":null,"og_image_height":null,"og_image_custom_url":null,"og_image_custom_fields":null,"og_video":"","og_custom_url":null,"og_article_section":null,"og_article_tags":[],"twitter_use_og":false,"twitter_card":"default","twitter_image_type":"default","twitter_image_url":null,"twitter_image_custom_url":null,"twitter_image_custom_fields":null,"twitter_title":null,"twitter_description":null,"schema":{"blockGraphs":[],"customGraphs":[],"default":{"data":{"Article":[],"Course":[],"Dataset":[],"FAQPage":[],"Movie":[],"Person":[],"Product":[],"ProductReview":[],"Car":[],"Recipe":[],"Service":[],"SoftwareApplication":[],"WebPage":[]},"graphName":"BlogPosting","isEnabled":true},"graphs":[]},"schema_type":"default","schema_type_options":null,"pillar_content":false,"robots_default":true,"robots_noindex":false,"robots_noarchive":false,"robots_nosnippet":false,"robots_nofollow":false,"robots_noimageindex":false,"robots_noodp":false,"robots_notranslate":false,"robots_max_snippet":"-1","robots_max_videopreview":"-1","robots_max_imagepreview":"large","priority":null,"frequency":"default","local_seo":null,"breadcrumb_settings":null,"limit_modified_date":false,"ai":null,"created":"2023-07-22 19:57:07","updated":"2025-07-11 10:02:43","seo_analyzer_scan_date":null},"aioseo_breadcrumb":"<div class=\"aioseo-breadcrumbs\"><span class=\"aioseo-breadcrumb\">\n\t\t\t<a href=\"https:\/\/newsinfoco.com.br\/inicio\" title=\"In\u00edcio\">In\u00edcio<\/a>\n\t\t<\/span><span class=\"aioseo-breadcrumb-separator\">&raquo;<\/span><span class=\"aioseo-breadcrumb\">\n\t\t\t<a href=\"https:\/\/newsinfoco.com.br\/inicio\/category\/alagoinhas-e-regiao\/\" title=\"Alagoinhas e Regi\u00e3o\">Alagoinhas e Regi\u00e3o<\/a>\n\t\t<\/span><span class=\"aioseo-breadcrumb-separator\">&raquo;<\/span><span class=\"aioseo-breadcrumb\">\n\t\t\tAto de filia\u00e7\u00e3o coletiva e discuss\u00e3o politica do processo eleitoral 2024 do PV em Alagoinhas \u00e9 adiado\n\t\t<\/span><\/div>","aioseo_breadcrumb_json":[{"label":"In\u00edcio","link":"https:\/\/newsinfoco.com.br\/inicio"},{"label":"Alagoinhas e Regi\u00e3o","link":"https:\/\/newsinfoco.com.br\/inicio\/category\/alagoinhas-e-regiao\/"},{"label":"Ato de filia\u00e7\u00e3o coletiva e discuss\u00e3o politica do processo eleitoral 2024 do PV em Alagoinhas \u00e9 adiado","link":"https:\/\/newsinfoco.com.br\/inicio\/ato-de-filiacao-coletiva-e-discussao-politica-do-processo-eleitoral-2024-do-pv-em-alagoinhas-e-adiado\/"}],"_links":{"self":[{"href":"https:\/\/newsinfoco.com.br\/inicio\/wp-json\/wp\/v2\/posts\/34661","targetHints":{"allow":["GET"]}}],"collection":[{"href":"https:\/\/newsinfoco.com.br\/inicio\/wp-json\/wp\/v2\/posts"}],"about":[{"href":"https:\/\/newsinfoco.com.br\/inicio\/wp-json\/wp\/v2\/types\/post"}],"author":[{"embeddable":true,"href":"https:\/\/newsinfoco.com.br\/inicio\/wp-json\/wp\/v2\/users\/1"}],"replies":[{"embeddable":true,"href":"https:\/\/newsinfoco.com.br\/inicio\/wp-json\/wp\/v2\/comments?post=34661"}],"version-history":[{"count":2,"href":"https:\/\/newsinfoco.com.br\/inicio\/wp-json\/wp\/v2\/posts\/34661\/revisions"}],"predecessor-version":[{"id":34663,"href":"https:\/\/newsinfoco.com.br\/inicio\/wp-json\/wp\/v2\/posts\/34661\/revisions\/34663"}],"wp:featuredmedia":[{"embeddable":true,"href":"https:\/\/newsinfoco.com.br\/inicio\/wp-json\/wp\/v2\/media\/20802"}],"wp:attachment":[{"href":"https:\/\/newsinfoco.com.br\/inicio\/wp-json\/wp\/v2\/media?parent=34661"}],"wp:term":[{"taxonomy":"category","embeddable":true,"href":"https:\/\/newsinfoco.com.br\/inicio\/wp-json\/wp\/v2\/categories?post=34661"},{"taxonomy":"post_tag","embeddable":true,"href":"https:\/\/newsinfoco.com.br\/inicio\/wp-json\/wp\/v2\/tags?post=34661"}],"curies":[{"name":"wp","href":"https:\/\/api.w.org\/{rel}","templated":true}]}}