{"id":34664,"date":"2023-07-23T18:13:07","date_gmt":"2023-07-23T21:13:07","guid":{"rendered":"https:\/\/newsinfoco.com.br\/inicio\/?p=34664"},"modified":"2023-07-23T18:13:07","modified_gmt":"2023-07-23T21:13:07","slug":"presidente-da-uama-denuncia-falta-de-plotagem-nos-carros-oficiais-da-camara-municipal-de-alagoinhas-estao-descumprindo-a-lei","status":"publish","type":"post","link":"https:\/\/newsinfoco.com.br\/inicio\/presidente-da-uama-denuncia-falta-de-plotagem-nos-carros-oficiais-da-camara-municipal-de-alagoinhas-estao-descumprindo-a-lei\/","title":{"rendered":"Presidente da UAMA denuncia falta de plotagem nos carros oficiais da C\u00e2mara Municipal de Alagoinhas &#8220;Est\u00e3o descumprindo a lei&#8221;"},"content":{"rendered":"<p>O presidente a Uni\u00e3o das Associa\u00e7\u00f5es de Moradores de Alagoinhas(UAMA), Jos\u00e9 Santana, denunciou na \u00faltima sexta-feira, durante entrevista concedida ao programa Primeira M\u00e3o, da r\u00e1dio Ouro Negro 100,5 FM, a falta de plotagem nos carros oficiais da C\u00e2mara Municipal de Alagoinhas.<\/p>\n<p>A plotagem dos carros oficiais \u00e9 extremamente importante para a fiscaliza\u00e7\u00e3o do uso devido dos ve\u00edculos. A legisla\u00e7\u00e3o brasileira veda o uso de ve\u00edculos oficiais para fins pessoais, familiares, de recrea\u00e7\u00e3o ou atividades que n\u00e3o estejam ligadas a presta\u00e7\u00e3o do servi\u00e7o p\u00fablico. Sem a identifica\u00e7\u00e3o, esta fiscaliza\u00e7\u00e3o fica comprometida.<\/p>\n<p>De acordo com o Jos\u00e9 Santana, o Minist\u00e9rio P\u00fablico, baseado na Lei Federal 1081\/50, determinou que a C\u00e2mara Municipal de Alagoinhas plotasse todos os carros oficiais que estariam \u00e0 disposi\u00e7\u00e3o dos vereadores.<\/p>\n<p>Ainda de acordo com o l\u00edder comunit\u00e1rio, inicialmente a C\u00e2mara cumpriu o que fora determinado, mas logo ap\u00f3s houve uma mudan\u00e7a na frota de carros utilizados pelos parlamentares e a determina\u00e7\u00e3o foi ignorada.<\/p>\n<p>&#8220;Est\u00e3o descumprindo a lei federal e a determina\u00e7\u00e3o do Minist\u00e9rio P\u00fablico&#8221;, criticou Santana.<\/p>\n<p>O site News Infoco tentou contato com a C\u00e2mara Municipal para prestar esclarecimentos, mas at\u00e9 o fechamento da mat\u00e9ria n\u00e3o obteve \u00eaxito. Assim que tivermos a resposta, ela ser\u00e1 publicada.<\/p>\n<p>&nbsp;<\/p>\n<p>Por Caio Pimenta para o News Infoco<\/p>\n<div class='share-to-whatsapp-wrapper'><div class='share-on-whsp'>Share on: <\/div><a data-text='Presidente da UAMA denuncia falta de plotagem nos carros oficiais da C\u00e2mara Municipal de Alagoinhas \"Est\u00e3o descumprindo a lei\"' data-link='https:\/\/newsinfoco.com.br\/inicio\/presidente-da-uama-denuncia-falta-de-plotagem-nos-carros-oficiais-da-camara-municipal-de-alagoinhas-estao-descumprindo-a-lei\/' class='whatsapp-button whatsapp-share'>WhatsApp<\/a><div class='clear '><\/div><\/div>","protected":false},"excerpt":{"rendered":"<p>O presidente a Uni\u00e3o das Associa\u00e7\u00f5es de Moradores de Alagoinhas(UAMA), Jos\u00e9 Santana, denunciou na \u00faltima sexta-feira, durante entrevista concedida ao programa Primeira M\u00e3o, da r\u00e1dio Ouro Negro 100,5 FM, a falta de plotagem nos carros oficiais da C\u00e2mara Municipal de Alagoinhas. A plotagem dos carros oficiais \u00e9 extremamente importante para a fiscaliza\u00e7\u00e3o do uso devido [&hellip;]<\/p>\n","protected":false},"author":1,"featured_media":34665,"comment_status":"closed","ping_status":"closed","sticky":false,"template":"","format":"standard","meta":{"om_disable_all_campaigns":false,"rop_custom_images_group":[],"rop_custom_messages_group":[],"rop_publish_now":"initial","rop_publish_now_accounts":[],"rop_publish_now_history":[],"rop_publish_now_status":"pending","_exactmetrics_skip_tracking":false,"footnotes":""},"categories":[38,167],"tags":[],"class_list":["post-34664","post","type-post","status-publish","format-standard","has-post-thumbnail","hentry","category-alagoinhas-e-regiao","category-exclusivas"],"aioseo_notices":[],"aioseo_head":"\n\t\t<!-- All in One SEO 4.9.10 - aioseo.com -->\n\t<meta name=\"description\" content=\"O presidente a Uni\u00e3o das Associa\u00e7\u00f5es de Moradores de Alagoinhas(UAMA), Jos\u00e9 Santana, denunciou na \u00faltima sexta-feira, durante entrevista concedida ao programa Primeira M\u00e3o, da r\u00e1dio Ouro Negro 100,5 FM, a falta de plotagem nos carros oficiais da C\u00e2mara Municipal de Alagoinhas. A plotagem dos carros oficiais \u00e9 extremamente importante para a fiscaliza\u00e7\u00e3o do uso devido\" \/>\n\t<meta name=\"robots\" content=\"max-image-preview:large\" \/>\n\t<meta name=\"author\" content=\"administrador\"\/>\n\t<link rel=\"canonical\" href=\"https:\/\/newsinfoco.com.br\/inicio\/presidente-da-uama-denuncia-falta-de-plotagem-nos-carros-oficiais-da-camara-municipal-de-alagoinhas-estao-descumprindo-a-lei\/\" \/>\n\t<meta name=\"generator\" content=\"All in One SEO (AIOSEO) 4.9.10\" \/>\n\t\t<meta property=\"og:locale\" content=\"pt_BR\" \/>\n\t\t<meta property=\"og:site_name\" content=\"News In Foco - Editado por Caio Pimenta - O principal site de noticias de Alagoinhas e regi\u00e3o\" \/>\n\t\t<meta property=\"og:type\" content=\"article\" \/>\n\t\t<meta property=\"og:title\" content=\"Presidente da UAMA denuncia falta de plotagem nos carros oficiais da C\u00e2mara Municipal de Alagoinhas \u201cEst\u00e3o descumprindo a lei\u201d - News In Foco - Editado por Caio Pimenta\" \/>\n\t\t<meta property=\"og:description\" content=\"O presidente a Uni\u00e3o das Associa\u00e7\u00f5es de Moradores de Alagoinhas(UAMA), Jos\u00e9 Santana, denunciou na \u00faltima sexta-feira, durante entrevista concedida ao programa Primeira M\u00e3o, da r\u00e1dio Ouro Negro 100,5 FM, a falta de plotagem nos carros oficiais da C\u00e2mara Municipal de Alagoinhas. A plotagem dos carros oficiais \u00e9 extremamente importante para a fiscaliza\u00e7\u00e3o do uso devido\" \/>\n\t\t<meta property=\"og:url\" content=\"https:\/\/newsinfoco.com.br\/inicio\/presidente-da-uama-denuncia-falta-de-plotagem-nos-carros-oficiais-da-camara-municipal-de-alagoinhas-estao-descumprindo-a-lei\/\" \/>\n\t\t<meta property=\"article:published_time\" content=\"2023-07-23T21:13:07+00:00\" \/>\n\t\t<meta property=\"article:modified_time\" content=\"2023-07-23T21:13:07+00:00\" \/>\n\t\t<meta name=\"twitter:card\" content=\"summary_large_image\" \/>\n\t\t<meta name=\"twitter:title\" content=\"Presidente da UAMA denuncia falta de plotagem nos carros oficiais da C\u00e2mara Municipal de Alagoinhas \u201cEst\u00e3o descumprindo a lei\u201d - News In Foco - Editado por Caio Pimenta\" \/>\n\t\t<meta name=\"twitter:description\" content=\"O presidente a Uni\u00e3o das Associa\u00e7\u00f5es de Moradores de Alagoinhas(UAMA), Jos\u00e9 Santana, denunciou na \u00faltima sexta-feira, durante entrevista concedida ao programa Primeira M\u00e3o, da r\u00e1dio Ouro Negro 100,5 FM, a falta de plotagem nos carros oficiais da C\u00e2mara Municipal de Alagoinhas. A plotagem dos carros oficiais \u00e9 extremamente importante para a fiscaliza\u00e7\u00e3o do uso devido\" \/>\n\t\t<script type=\"application\/ld+json\" class=\"aioseo-schema\">\n\t\t\t{\"@context\":\"https:\\\/\\\/schema.org\",\"@graph\":[{\"@type\":\"BlogPosting\",\"@id\":\"https:\\\/\\\/newsinfoco.com.br\\\/inicio\\\/presidente-da-uama-denuncia-falta-de-plotagem-nos-carros-oficiais-da-camara-municipal-de-alagoinhas-estao-descumprindo-a-lei\\\/#blogposting\",\"name\":\"Presidente da UAMA denuncia falta de plotagem nos carros oficiais da C\\u00e2mara Municipal de Alagoinhas \\u201cEst\\u00e3o descumprindo a lei\\u201d - News In Foco - Editado por Caio Pimenta\",\"headline\":\"Presidente da UAMA denuncia falta de plotagem nos carros oficiais da C\\u00e2mara Municipal de Alagoinhas &#8220;Est\\u00e3o descumprindo a lei&#8221;\",\"author\":{\"@id\":\"https:\\\/\\\/newsinfoco.com.br\\\/inicio\\\/author\\\/administrador\\\/#author\"},\"publisher\":{\"@id\":\"https:\\\/\\\/newsinfoco.com.br\\\/inicio\\\/#organization\"},\"image\":{\"@type\":\"ImageObject\",\"url\":\"https:\\\/\\\/newsinfoco.com.br\\\/inicio\\\/wp-content\\\/uploads\\\/2023\\\/07\\\/santana.jpg\",\"width\":800,\"height\":600},\"datePublished\":\"2023-07-23T18:13:07-03:00\",\"dateModified\":\"2023-07-23T18:13:07-03:00\",\"inLanguage\":\"pt-BR\",\"mainEntityOfPage\":{\"@id\":\"https:\\\/\\\/newsinfoco.com.br\\\/inicio\\\/presidente-da-uama-denuncia-falta-de-plotagem-nos-carros-oficiais-da-camara-municipal-de-alagoinhas-estao-descumprindo-a-lei\\\/#webpage\"},\"isPartOf\":{\"@id\":\"https:\\\/\\\/newsinfoco.com.br\\\/inicio\\\/presidente-da-uama-denuncia-falta-de-plotagem-nos-carros-oficiais-da-camara-municipal-de-alagoinhas-estao-descumprindo-a-lei\\\/#webpage\"},\"articleSection\":\"Alagoinhas e Regi\\u00e3o, Manchete\"},{\"@type\":\"BreadcrumbList\",\"@id\":\"https:\\\/\\\/newsinfoco.com.br\\\/inicio\\\/presidente-da-uama-denuncia-falta-de-plotagem-nos-carros-oficiais-da-camara-municipal-de-alagoinhas-estao-descumprindo-a-lei\\\/#breadcrumblist\",\"itemListElement\":[{\"@type\":\"ListItem\",\"@id\":\"https:\\\/\\\/newsinfoco.com.br\\\/inicio#listItem\",\"position\":1,\"name\":\"In\\u00edcio\",\"item\":\"https:\\\/\\\/newsinfoco.com.br\\\/inicio\",\"nextItem\":{\"@type\":\"ListItem\",\"@id\":\"https:\\\/\\\/newsinfoco.com.br\\\/inicio\\\/category\\\/alagoinhas-e-regiao\\\/#listItem\",\"name\":\"Alagoinhas e Regi\\u00e3o\"}},{\"@type\":\"ListItem\",\"@id\":\"https:\\\/\\\/newsinfoco.com.br\\\/inicio\\\/category\\\/alagoinhas-e-regiao\\\/#listItem\",\"position\":2,\"name\":\"Alagoinhas e Regi\\u00e3o\",\"item\":\"https:\\\/\\\/newsinfoco.com.br\\\/inicio\\\/category\\\/alagoinhas-e-regiao\\\/\",\"nextItem\":{\"@type\":\"ListItem\",\"@id\":\"https:\\\/\\\/newsinfoco.com.br\\\/inicio\\\/presidente-da-uama-denuncia-falta-de-plotagem-nos-carros-oficiais-da-camara-municipal-de-alagoinhas-estao-descumprindo-a-lei\\\/#listItem\",\"name\":\"Presidente da UAMA denuncia falta de plotagem nos carros oficiais da C\\u00e2mara Municipal de Alagoinhas &#8220;Est\\u00e3o descumprindo a lei&#8221;\"},\"previousItem\":{\"@type\":\"ListItem\",\"@id\":\"https:\\\/\\\/newsinfoco.com.br\\\/inicio#listItem\",\"name\":\"In\\u00edcio\"}},{\"@type\":\"ListItem\",\"@id\":\"https:\\\/\\\/newsinfoco.com.br\\\/inicio\\\/presidente-da-uama-denuncia-falta-de-plotagem-nos-carros-oficiais-da-camara-municipal-de-alagoinhas-estao-descumprindo-a-lei\\\/#listItem\",\"position\":3,\"name\":\"Presidente da UAMA denuncia falta de plotagem nos carros oficiais da C\\u00e2mara Municipal de Alagoinhas &#8220;Est\\u00e3o descumprindo a lei&#8221;\",\"previousItem\":{\"@type\":\"ListItem\",\"@id\":\"https:\\\/\\\/newsinfoco.com.br\\\/inicio\\\/category\\\/alagoinhas-e-regiao\\\/#listItem\",\"name\":\"Alagoinhas e Regi\\u00e3o\"}}]},{\"@type\":\"Organization\",\"@id\":\"https:\\\/\\\/newsinfoco.com.br\\\/inicio\\\/#organization\",\"name\":\"News In Foco - Editado por Caio Pimenta\",\"description\":\"O principal site de noticias de Alagoinhas e regi\\u00e3o\",\"url\":\"https:\\\/\\\/newsinfoco.com.br\\\/inicio\\\/\"},{\"@type\":\"Person\",\"@id\":\"https:\\\/\\\/newsinfoco.com.br\\\/inicio\\\/author\\\/administrador\\\/#author\",\"url\":\"https:\\\/\\\/newsinfoco.com.br\\\/inicio\\\/author\\\/administrador\\\/\",\"name\":\"administrador\",\"image\":{\"@type\":\"ImageObject\",\"@id\":\"https:\\\/\\\/newsinfoco.com.br\\\/inicio\\\/presidente-da-uama-denuncia-falta-de-plotagem-nos-carros-oficiais-da-camara-municipal-de-alagoinhas-estao-descumprindo-a-lei\\\/#authorImage\",\"url\":\"https:\\\/\\\/secure.gravatar.com\\\/avatar\\\/c17a617433de8c1dc9584bb79aab7563b46f5bb7e1728c9b17d9cc3ce6a08e49?s=96&d=mm&r=g\",\"width\":96,\"height\":96,\"caption\":\"administrador\"}},{\"@type\":\"WebPage\",\"@id\":\"https:\\\/\\\/newsinfoco.com.br\\\/inicio\\\/presidente-da-uama-denuncia-falta-de-plotagem-nos-carros-oficiais-da-camara-municipal-de-alagoinhas-estao-descumprindo-a-lei\\\/#webpage\",\"url\":\"https:\\\/\\\/newsinfoco.com.br\\\/inicio\\\/presidente-da-uama-denuncia-falta-de-plotagem-nos-carros-oficiais-da-camara-municipal-de-alagoinhas-estao-descumprindo-a-lei\\\/\",\"name\":\"Presidente da UAMA denuncia falta de plotagem nos carros oficiais da C\\u00e2mara Municipal de Alagoinhas \\u201cEst\\u00e3o descumprindo a lei\\u201d - News In Foco - Editado por Caio Pimenta\",\"description\":\"O presidente a Uni\\u00e3o das Associa\\u00e7\\u00f5es de Moradores de Alagoinhas(UAMA), Jos\\u00e9 Santana, denunciou na \\u00faltima sexta-feira, durante entrevista concedida ao programa Primeira M\\u00e3o, da r\\u00e1dio Ouro Negro 100,5 FM, a falta de plotagem nos carros oficiais da C\\u00e2mara Municipal de Alagoinhas. A plotagem dos carros oficiais \\u00e9 extremamente importante para a fiscaliza\\u00e7\\u00e3o do uso devido\",\"inLanguage\":\"pt-BR\",\"isPartOf\":{\"@id\":\"https:\\\/\\\/newsinfoco.com.br\\\/inicio\\\/#website\"},\"breadcrumb\":{\"@id\":\"https:\\\/\\\/newsinfoco.com.br\\\/inicio\\\/presidente-da-uama-denuncia-falta-de-plotagem-nos-carros-oficiais-da-camara-municipal-de-alagoinhas-estao-descumprindo-a-lei\\\/#breadcrumblist\"},\"author\":{\"@id\":\"https:\\\/\\\/newsinfoco.com.br\\\/inicio\\\/author\\\/administrador\\\/#author\"},\"creator\":{\"@id\":\"https:\\\/\\\/newsinfoco.com.br\\\/inicio\\\/author\\\/administrador\\\/#author\"},\"image\":{\"@type\":\"ImageObject\",\"url\":\"https:\\\/\\\/newsinfoco.com.br\\\/inicio\\\/wp-content\\\/uploads\\\/2023\\\/07\\\/santana.jpg\",\"@id\":\"https:\\\/\\\/newsinfoco.com.br\\\/inicio\\\/presidente-da-uama-denuncia-falta-de-plotagem-nos-carros-oficiais-da-camara-municipal-de-alagoinhas-estao-descumprindo-a-lei\\\/#mainImage\",\"width\":800,\"height\":600},\"primaryImageOfPage\":{\"@id\":\"https:\\\/\\\/newsinfoco.com.br\\\/inicio\\\/presidente-da-uama-denuncia-falta-de-plotagem-nos-carros-oficiais-da-camara-municipal-de-alagoinhas-estao-descumprindo-a-lei\\\/#mainImage\"},\"datePublished\":\"2023-07-23T18:13:07-03:00\",\"dateModified\":\"2023-07-23T18:13:07-03:00\"},{\"@type\":\"WebSite\",\"@id\":\"https:\\\/\\\/newsinfoco.com.br\\\/inicio\\\/#website\",\"url\":\"https:\\\/\\\/newsinfoco.com.br\\\/inicio\\\/\",\"name\":\"News In Foco - Editado por Caio Pimenta\",\"description\":\"O principal site de noticias de Alagoinhas e regi\\u00e3o\",\"inLanguage\":\"pt-BR\",\"publisher\":{\"@id\":\"https:\\\/\\\/newsinfoco.com.br\\\/inicio\\\/#organization\"}}]}\n\t\t<\/script>\n\t\t<!-- All in One SEO -->\n\n","aioseo_head_json":{"title":"Presidente da UAMA denuncia falta de plotagem nos carros oficiais da C\u00e2mara Municipal de Alagoinhas \u201cEst\u00e3o descumprindo a lei\u201d - News In Foco - Editado por Caio Pimenta","description":"O presidente a Uni\u00e3o das Associa\u00e7\u00f5es de Moradores de Alagoinhas(UAMA), Jos\u00e9 Santana, denunciou na \u00faltima sexta-feira, durante entrevista concedida ao programa Primeira M\u00e3o, da r\u00e1dio Ouro Negro 100,5 FM, a falta de plotagem nos carros oficiais da C\u00e2mara Municipal de Alagoinhas. A plotagem dos carros oficiais \u00e9 extremamente importante para a fiscaliza\u00e7\u00e3o do uso devido","canonical_url":"https:\/\/newsinfoco.com.br\/inicio\/presidente-da-uama-denuncia-falta-de-plotagem-nos-carros-oficiais-da-camara-municipal-de-alagoinhas-estao-descumprindo-a-lei\/","robots":"max-image-preview:large","keywords":"","webmasterTools":{"miscellaneous":""},"schema":{"@context":"https:\/\/schema.org","@graph":[{"@type":"BlogPosting","@id":"https:\/\/newsinfoco.com.br\/inicio\/presidente-da-uama-denuncia-falta-de-plotagem-nos-carros-oficiais-da-camara-municipal-de-alagoinhas-estao-descumprindo-a-lei\/#blogposting","name":"Presidente da UAMA denuncia falta de plotagem nos carros oficiais da C\u00e2mara Municipal de Alagoinhas \u201cEst\u00e3o descumprindo a lei\u201d - News In Foco - Editado por Caio Pimenta","headline":"Presidente da UAMA denuncia falta de plotagem nos carros oficiais da C\u00e2mara Municipal de Alagoinhas &#8220;Est\u00e3o descumprindo a lei&#8221;","author":{"@id":"https:\/\/newsinfoco.com.br\/inicio\/author\/administrador\/#author"},"publisher":{"@id":"https:\/\/newsinfoco.com.br\/inicio\/#organization"},"image":{"@type":"ImageObject","url":"https:\/\/newsinfoco.com.br\/inicio\/wp-content\/uploads\/2023\/07\/santana.jpg","width":800,"height":600},"datePublished":"2023-07-23T18:13:07-03:00","dateModified":"2023-07-23T18:13:07-03:00","inLanguage":"pt-BR","mainEntityOfPage":{"@id":"https:\/\/newsinfoco.com.br\/inicio\/presidente-da-uama-denuncia-falta-de-plotagem-nos-carros-oficiais-da-camara-municipal-de-alagoinhas-estao-descumprindo-a-lei\/#webpage"},"isPartOf":{"@id":"https:\/\/newsinfoco.com.br\/inicio\/presidente-da-uama-denuncia-falta-de-plotagem-nos-carros-oficiais-da-camara-municipal-de-alagoinhas-estao-descumprindo-a-lei\/#webpage"},"articleSection":"Alagoinhas e Regi\u00e3o, Manchete"},{"@type":"BreadcrumbList","@id":"https:\/\/newsinfoco.com.br\/inicio\/presidente-da-uama-denuncia-falta-de-plotagem-nos-carros-oficiais-da-camara-municipal-de-alagoinhas-estao-descumprindo-a-lei\/#breadcrumblist","itemListElement":[{"@type":"ListItem","@id":"https:\/\/newsinfoco.com.br\/inicio#listItem","position":1,"name":"In\u00edcio","item":"https:\/\/newsinfoco.com.br\/inicio","nextItem":{"@type":"ListItem","@id":"https:\/\/newsinfoco.com.br\/inicio\/category\/alagoinhas-e-regiao\/#listItem","name":"Alagoinhas e Regi\u00e3o"}},{"@type":"ListItem","@id":"https:\/\/newsinfoco.com.br\/inicio\/category\/alagoinhas-e-regiao\/#listItem","position":2,"name":"Alagoinhas e Regi\u00e3o","item":"https:\/\/newsinfoco.com.br\/inicio\/category\/alagoinhas-e-regiao\/","nextItem":{"@type":"ListItem","@id":"https:\/\/newsinfoco.com.br\/inicio\/presidente-da-uama-denuncia-falta-de-plotagem-nos-carros-oficiais-da-camara-municipal-de-alagoinhas-estao-descumprindo-a-lei\/#listItem","name":"Presidente da UAMA denuncia falta de plotagem nos carros oficiais da C\u00e2mara Municipal de Alagoinhas &#8220;Est\u00e3o descumprindo a lei&#8221;"},"previousItem":{"@type":"ListItem","@id":"https:\/\/newsinfoco.com.br\/inicio#listItem","name":"In\u00edcio"}},{"@type":"ListItem","@id":"https:\/\/newsinfoco.com.br\/inicio\/presidente-da-uama-denuncia-falta-de-plotagem-nos-carros-oficiais-da-camara-municipal-de-alagoinhas-estao-descumprindo-a-lei\/#listItem","position":3,"name":"Presidente da UAMA denuncia falta de plotagem nos carros oficiais da C\u00e2mara Municipal de Alagoinhas &#8220;Est\u00e3o descumprindo a lei&#8221;","previousItem":{"@type":"ListItem","@id":"https:\/\/newsinfoco.com.br\/inicio\/category\/alagoinhas-e-regiao\/#listItem","name":"Alagoinhas e Regi\u00e3o"}}]},{"@type":"Organization","@id":"https:\/\/newsinfoco.com.br\/inicio\/#organization","name":"News In Foco - Editado por Caio Pimenta","description":"O principal site de noticias de Alagoinhas e regi\u00e3o","url":"https:\/\/newsinfoco.com.br\/inicio\/"},{"@type":"Person","@id":"https:\/\/newsinfoco.com.br\/inicio\/author\/administrador\/#author","url":"https:\/\/newsinfoco.com.br\/inicio\/author\/administrador\/","name":"administrador","image":{"@type":"ImageObject","@id":"https:\/\/newsinfoco.com.br\/inicio\/presidente-da-uama-denuncia-falta-de-plotagem-nos-carros-oficiais-da-camara-municipal-de-alagoinhas-estao-descumprindo-a-lei\/#authorImage","url":"https:\/\/secure.gravatar.com\/avatar\/c17a617433de8c1dc9584bb79aab7563b46f5bb7e1728c9b17d9cc3ce6a08e49?s=96&d=mm&r=g","width":96,"height":96,"caption":"administrador"}},{"@type":"WebPage","@id":"https:\/\/newsinfoco.com.br\/inicio\/presidente-da-uama-denuncia-falta-de-plotagem-nos-carros-oficiais-da-camara-municipal-de-alagoinhas-estao-descumprindo-a-lei\/#webpage","url":"https:\/\/newsinfoco.com.br\/inicio\/presidente-da-uama-denuncia-falta-de-plotagem-nos-carros-oficiais-da-camara-municipal-de-alagoinhas-estao-descumprindo-a-lei\/","name":"Presidente da UAMA denuncia falta de plotagem nos carros oficiais da C\u00e2mara Municipal de Alagoinhas \u201cEst\u00e3o descumprindo a lei\u201d - News In Foco - Editado por Caio Pimenta","description":"O presidente a Uni\u00e3o das Associa\u00e7\u00f5es de Moradores de Alagoinhas(UAMA), Jos\u00e9 Santana, denunciou na \u00faltima sexta-feira, durante entrevista concedida ao programa Primeira M\u00e3o, da r\u00e1dio Ouro Negro 100,5 FM, a falta de plotagem nos carros oficiais da C\u00e2mara Municipal de Alagoinhas. A plotagem dos carros oficiais \u00e9 extremamente importante para a fiscaliza\u00e7\u00e3o do uso devido","inLanguage":"pt-BR","isPartOf":{"@id":"https:\/\/newsinfoco.com.br\/inicio\/#website"},"breadcrumb":{"@id":"https:\/\/newsinfoco.com.br\/inicio\/presidente-da-uama-denuncia-falta-de-plotagem-nos-carros-oficiais-da-camara-municipal-de-alagoinhas-estao-descumprindo-a-lei\/#breadcrumblist"},"author":{"@id":"https:\/\/newsinfoco.com.br\/inicio\/author\/administrador\/#author"},"creator":{"@id":"https:\/\/newsinfoco.com.br\/inicio\/author\/administrador\/#author"},"image":{"@type":"ImageObject","url":"https:\/\/newsinfoco.com.br\/inicio\/wp-content\/uploads\/2023\/07\/santana.jpg","@id":"https:\/\/newsinfoco.com.br\/inicio\/presidente-da-uama-denuncia-falta-de-plotagem-nos-carros-oficiais-da-camara-municipal-de-alagoinhas-estao-descumprindo-a-lei\/#mainImage","width":800,"height":600},"primaryImageOfPage":{"@id":"https:\/\/newsinfoco.com.br\/inicio\/presidente-da-uama-denuncia-falta-de-plotagem-nos-carros-oficiais-da-camara-municipal-de-alagoinhas-estao-descumprindo-a-lei\/#mainImage"},"datePublished":"2023-07-23T18:13:07-03:00","dateModified":"2023-07-23T18:13:07-03:00"},{"@type":"WebSite","@id":"https:\/\/newsinfoco.com.br\/inicio\/#website","url":"https:\/\/newsinfoco.com.br\/inicio\/","name":"News In Foco - Editado por Caio Pimenta","description":"O principal site de noticias de Alagoinhas e regi\u00e3o","inLanguage":"pt-BR","publisher":{"@id":"https:\/\/newsinfoco.com.br\/inicio\/#organization"}}]},"og:locale":"pt_BR","og:site_name":"News In Foco - Editado por Caio Pimenta - O principal site de noticias de Alagoinhas e regi\u00e3o","og:type":"article","og:title":"Presidente da UAMA denuncia falta de plotagem nos carros oficiais da C\u00e2mara Municipal de Alagoinhas \u201cEst\u00e3o descumprindo a lei\u201d - News In Foco - Editado por Caio Pimenta","og:description":"O presidente a Uni\u00e3o das Associa\u00e7\u00f5es de Moradores de Alagoinhas(UAMA), Jos\u00e9 Santana, denunciou na \u00faltima sexta-feira, durante entrevista concedida ao programa Primeira M\u00e3o, da r\u00e1dio Ouro Negro 100,5 FM, a falta de plotagem nos carros oficiais da C\u00e2mara Municipal de Alagoinhas. A plotagem dos carros oficiais \u00e9 extremamente importante para a fiscaliza\u00e7\u00e3o do uso devido","og:url":"https:\/\/newsinfoco.com.br\/inicio\/presidente-da-uama-denuncia-falta-de-plotagem-nos-carros-oficiais-da-camara-municipal-de-alagoinhas-estao-descumprindo-a-lei\/","article:published_time":"2023-07-23T21:13:07+00:00","article:modified_time":"2023-07-23T21:13:07+00:00","twitter:card":"summary_large_image","twitter:title":"Presidente da UAMA denuncia falta de plotagem nos carros oficiais da C\u00e2mara Municipal de Alagoinhas \u201cEst\u00e3o descumprindo a lei\u201d - News In Foco - Editado por Caio Pimenta","twitter:description":"O presidente a Uni\u00e3o das Associa\u00e7\u00f5es de Moradores de Alagoinhas(UAMA), Jos\u00e9 Santana, denunciou na \u00faltima sexta-feira, durante entrevista concedida ao programa Primeira M\u00e3o, da r\u00e1dio Ouro Negro 100,5 FM, a falta de plotagem nos carros oficiais da C\u00e2mara Municipal de Alagoinhas. A plotagem dos carros oficiais \u00e9 extremamente importante para a fiscaliza\u00e7\u00e3o do uso devido"},"aioseo_meta_data":{"post_id":"34664","title":null,"description":null,"keywords":[],"keyphrases":{"focus":{"keyphrase":"","score":0,"analysis":{"keyphraseInTitle":{"score":0,"maxScore":9,"error":1}}},"additional":[]},"primary_term":null,"canonical_url":null,"og_title":null,"og_description":null,"og_object_type":"default","og_image_type":"default","og_image_url":null,"og_image_width":null,"og_image_height":null,"og_image_custom_url":null,"og_image_custom_fields":null,"og_video":"","og_custom_url":null,"og_article_section":null,"og_article_tags":[],"twitter_use_og":false,"twitter_card":"default","twitter_image_type":"default","twitter_image_url":null,"twitter_image_custom_url":null,"twitter_image_custom_fields":null,"twitter_title":null,"twitter_description":null,"schema":{"blockGraphs":[],"customGraphs":[],"default":{"data":{"Article":[],"Course":[],"Dataset":[],"FAQPage":[],"Movie":[],"Person":[],"Product":[],"ProductReview":[],"Car":[],"Recipe":[],"Service":[],"SoftwareApplication":[],"WebPage":[]},"graphName":"BlogPosting","isEnabled":true},"graphs":[]},"schema_type":"default","schema_type_options":null,"pillar_content":false,"robots_default":true,"robots_noindex":false,"robots_noarchive":false,"robots_nosnippet":false,"robots_nofollow":false,"robots_noimageindex":false,"robots_noodp":false,"robots_notranslate":false,"robots_max_snippet":"-1","robots_max_videopreview":"-1","robots_max_imagepreview":"large","priority":null,"frequency":"default","local_seo":null,"breadcrumb_settings":null,"limit_modified_date":false,"ai":null,"created":"2023-07-23 21:13:08","updated":"2025-07-11 10:02:43","seo_analyzer_scan_date":null},"aioseo_breadcrumb":"<div class=\"aioseo-breadcrumbs\"><span class=\"aioseo-breadcrumb\">\n\t\t\t<a href=\"https:\/\/newsinfoco.com.br\/inicio\" title=\"In\u00edcio\">In\u00edcio<\/a>\n\t\t<\/span><span class=\"aioseo-breadcrumb-separator\">&raquo;<\/span><span class=\"aioseo-breadcrumb\">\n\t\t\t<a href=\"https:\/\/newsinfoco.com.br\/inicio\/category\/alagoinhas-e-regiao\/\" title=\"Alagoinhas e Regi\u00e3o\">Alagoinhas e Regi\u00e3o<\/a>\n\t\t<\/span><span class=\"aioseo-breadcrumb-separator\">&raquo;<\/span><span class=\"aioseo-breadcrumb\">\n\t\t\tPresidente da UAMA denuncia falta de plotagem nos carros oficiais da C\u00e2mara Municipal de Alagoinhas \u201cEst\u00e3o descumprindo a lei\u201d\n\t\t<\/span><\/div>","aioseo_breadcrumb_json":[{"label":"In\u00edcio","link":"https:\/\/newsinfoco.com.br\/inicio"},{"label":"Alagoinhas e Regi\u00e3o","link":"https:\/\/newsinfoco.com.br\/inicio\/category\/alagoinhas-e-regiao\/"},{"label":"Presidente da UAMA denuncia falta de plotagem nos carros oficiais da C\u00e2mara Municipal de Alagoinhas &#8220;Est\u00e3o descumprindo a lei&#8221;","link":"https:\/\/newsinfoco.com.br\/inicio\/presidente-da-uama-denuncia-falta-de-plotagem-nos-carros-oficiais-da-camara-municipal-de-alagoinhas-estao-descumprindo-a-lei\/"}],"_links":{"self":[{"href":"https:\/\/newsinfoco.com.br\/inicio\/wp-json\/wp\/v2\/posts\/34664","targetHints":{"allow":["GET"]}}],"collection":[{"href":"https:\/\/newsinfoco.com.br\/inicio\/wp-json\/wp\/v2\/posts"}],"about":[{"href":"https:\/\/newsinfoco.com.br\/inicio\/wp-json\/wp\/v2\/types\/post"}],"author":[{"embeddable":true,"href":"https:\/\/newsinfoco.com.br\/inicio\/wp-json\/wp\/v2\/users\/1"}],"replies":[{"embeddable":true,"href":"https:\/\/newsinfoco.com.br\/inicio\/wp-json\/wp\/v2\/comments?post=34664"}],"version-history":[{"count":1,"href":"https:\/\/newsinfoco.com.br\/inicio\/wp-json\/wp\/v2\/posts\/34664\/revisions"}],"predecessor-version":[{"id":34666,"href":"https:\/\/newsinfoco.com.br\/inicio\/wp-json\/wp\/v2\/posts\/34664\/revisions\/34666"}],"wp:featuredmedia":[{"embeddable":true,"href":"https:\/\/newsinfoco.com.br\/inicio\/wp-json\/wp\/v2\/media\/34665"}],"wp:attachment":[{"href":"https:\/\/newsinfoco.com.br\/inicio\/wp-json\/wp\/v2\/media?parent=34664"}],"wp:term":[{"taxonomy":"category","embeddable":true,"href":"https:\/\/newsinfoco.com.br\/inicio\/wp-json\/wp\/v2\/categories?post=34664"},{"taxonomy":"post_tag","embeddable":true,"href":"https:\/\/newsinfoco.com.br\/inicio\/wp-json\/wp\/v2\/tags?post=34664"}],"curies":[{"name":"wp","href":"https:\/\/api.w.org\/{rel}","templated":true}]}}