{"id":34677,"date":"2023-07-24T18:35:29","date_gmt":"2023-07-24T21:35:29","guid":{"rendered":"https:\/\/newsinfoco.com.br\/inicio\/?p=34677"},"modified":"2023-07-24T18:39:20","modified_gmt":"2023-07-24T21:39:20","slug":"apos-fala-de-joao-leao-acm-neto-volta-a-virar-meme-nas-redes-sociais","status":"publish","type":"post","link":"https:\/\/newsinfoco.com.br\/inicio\/apos-fala-de-joao-leao-acm-neto-volta-a-virar-meme-nas-redes-sociais\/","title":{"rendered":"Ap\u00f3s fala de Jo\u00e3o Le\u00e3o, ACM Neto volta a virar meme nas redes sociais"},"content":{"rendered":"<p>O ex-prefeito de Salvador, ACM Neto (UB), virou meme nas redes sociais, ap\u00f3s ser citado em uma entrevista recente pelo seu aliado, o ex-vice-governador, Jo\u00e3o Le\u00e3o (PP).<\/p>\n<p>Em sua fala Le\u00e3o expressou um desejo de que Neto fosse\u00a0candidato \u00e0 prefeitura de Cama\u00e7ari, nas elei\u00e7\u00f5es do ano que vem e, logo em seguida, montagens surgiram mostrando uma poss\u00edvel entrada do pol\u00edtico no pleito, recebendo o apoio do atual gestor da cidade, Elinaldo Ara\u00fajo.<\/p>\n<p>Outra imagem relembra a pol\u00eamica de quando Neto se declarou pardo durante o pleito do ano passado, para o governo da Bahia.<\/p>\n<p>Essa \u00e9 a segunda vez que o ex-gestor vira meme. A primeira foi em 2021, quando as redes sociais do PT-BA criticaram Neto por fazer campanha antecipada. (<a href=\"https:\/\/politicaaovivo.com\/pt-provoca-acm-neto-com-meme-no-instagram-pode-deixar-fazer-campanha-antecipada\/\">relembre aqui<\/a>).<\/p>\n<p>Veja as imagens a seguir:<\/p>\n<p><img loading=\"lazy\" decoding=\"async\" class=\"wp-image-153900 alignleft entered litespeed-loaded\" src=\"https:\/\/politicaaovivo.com\/wp-content\/uploads\/2023\/07\/WhatsApp-Image-2023-07-24-at-08.52.02.jpeg\" sizes=\"auto, (max-width: 376px) 100vw, 376px\" srcset=\"https:\/\/politicaaovivo.com\/wp-content\/uploads\/2023\/07\/WhatsApp-Image-2023-07-24-at-08.52.02.jpeg 1180w, https:\/\/politicaaovivo.com\/wp-content\/uploads\/2023\/07\/WhatsApp-Image-2023-07-24-at-08.52.02-241x300.jpeg 241w\" alt=\"\" width=\"376\" height=\"468\" data-lazyloaded=\"1\" data-src=\"https:\/\/politicaaovivo.com\/wp-content\/uploads\/2023\/07\/WhatsApp-Image-2023-07-24-at-08.52.02.jpeg\" data-srcset=\"https:\/\/politicaaovivo.com\/wp-content\/uploads\/2023\/07\/WhatsApp-Image-2023-07-24-at-08.52.02.jpeg 1180w, https:\/\/politicaaovivo.com\/wp-content\/uploads\/2023\/07\/WhatsApp-Image-2023-07-24-at-08.52.02-241x300.jpeg 241w\" data-sizes=\"(max-width: 376px) 100vw, 376px\" data-ll-status=\"loaded\" \/><\/p>\n<p><img loading=\"lazy\" decoding=\"async\" class=\"wp-image-153901 alignleft entered litespeed-loaded\" src=\"https:\/\/politicaaovivo.com\/wp-content\/uploads\/2023\/07\/WhatsApp-Image-2023-07-24-at-08.52.01.jpeg\" sizes=\"auto, (max-width: 357px) 100vw, 357px\" srcset=\"https:\/\/politicaaovivo.com\/wp-content\/uploads\/2023\/07\/WhatsApp-Image-2023-07-24-at-08.52.01.jpeg 1180w, https:\/\/politicaaovivo.com\/wp-content\/uploads\/2023\/07\/WhatsApp-Image-2023-07-24-at-08.52.01-235x300.jpeg 235w\" alt=\"\" width=\"357\" height=\"455\" data-lazyloaded=\"1\" data-src=\"https:\/\/politicaaovivo.com\/wp-content\/uploads\/2023\/07\/WhatsApp-Image-2023-07-24-at-08.52.01.jpeg\" data-srcset=\"https:\/\/politicaaovivo.com\/wp-content\/uploads\/2023\/07\/WhatsApp-Image-2023-07-24-at-08.52.01.jpeg 1180w, https:\/\/politicaaovivo.com\/wp-content\/uploads\/2023\/07\/WhatsApp-Image-2023-07-24-at-08.52.01-235x300.jpeg 235w\" data-sizes=\"(max-width: 357px) 100vw, 357px\" data-ll-status=\"loaded\" \/><\/p>\n<p>&nbsp;<\/p>\n<p>&nbsp;<\/p>\n<p>&nbsp;<\/p>\n<p>&nbsp;<\/p>\n<p>&nbsp;<\/p>\n<p>&nbsp;<\/p>\n<p>&nbsp;<\/p>\n<p>&nbsp;<\/p>\n<p>&nbsp;<\/p>\n<p>&nbsp;<\/p>\n<p>&nbsp;<\/p>\n<p>&nbsp;<\/p>\n<p>&nbsp;<\/p>\n<div id=\"aswift_2_host\" tabindex=\"0\" title=\"Advertisement\" aria-label=\"Advertisement\"><\/div>\n<div tabindex=\"0\" title=\"Advertisement\" aria-label=\"Advertisement\"><\/div>\n<div tabindex=\"0\" title=\"Advertisement\" aria-label=\"Advertisement\"><\/div>\n<div tabindex=\"0\" title=\"Advertisement\" aria-label=\"Advertisement\"><\/div>\n<div tabindex=\"0\" title=\"Advertisement\" aria-label=\"Advertisement\"><\/div>\n<div tabindex=\"0\" title=\"Advertisement\" aria-label=\"Advertisement\"><\/div>\n<div tabindex=\"0\" title=\"Advertisement\" aria-label=\"Advertisement\"><\/div>\n<div tabindex=\"0\" title=\"Advertisement\" aria-label=\"Advertisement\"><\/div>\n<div tabindex=\"0\" title=\"Advertisement\" aria-label=\"Advertisement\"><\/div>\n<div tabindex=\"0\" title=\"Advertisement\" aria-label=\"Advertisement\"><\/div>\n<div tabindex=\"0\" title=\"Advertisement\" aria-label=\"Advertisement\"><\/div>\n<div tabindex=\"0\" title=\"Advertisement\" aria-label=\"Advertisement\"><\/div>\n<div tabindex=\"0\" title=\"Advertisement\" aria-label=\"Advertisement\">Politicaaovivo<\/div>\n<div class='share-to-whatsapp-wrapper'><div class='share-on-whsp'>Share on: <\/div><a data-text='Ap\u00f3s fala de Jo\u00e3o Le\u00e3o, ACM Neto volta a virar meme nas redes sociais' data-link='https:\/\/newsinfoco.com.br\/inicio\/apos-fala-de-joao-leao-acm-neto-volta-a-virar-meme-nas-redes-sociais\/' class='whatsapp-button whatsapp-share'>WhatsApp<\/a><div class='clear '><\/div><\/div>","protected":false},"excerpt":{"rendered":"<p>O ex-prefeito de Salvador, ACM Neto (UB), virou meme nas redes sociais, ap\u00f3s ser citado em uma entrevista recente pelo seu aliado, o ex-vice-governador, Jo\u00e3o Le\u00e3o (PP). Em sua fala Le\u00e3o expressou um desejo de que Neto fosse\u00a0candidato \u00e0 prefeitura de Cama\u00e7ari, nas elei\u00e7\u00f5es do ano que vem e, logo em seguida, montagens surgiram mostrando [&hellip;]<\/p>\n","protected":false},"author":1,"featured_media":34678,"comment_status":"closed","ping_status":"closed","sticky":false,"template":"","format":"standard","meta":{"om_disable_all_campaigns":false,"rop_custom_images_group":[],"rop_custom_messages_group":[],"rop_publish_now":"initial","rop_publish_now_accounts":[],"rop_publish_now_history":[],"rop_publish_now_status":"pending","_exactmetrics_skip_tracking":false,"footnotes":""},"categories":[19],"tags":[],"class_list":["post-34677","post","type-post","status-publish","format-standard","has-post-thumbnail","hentry","category-bahia"],"aioseo_notices":[],"aioseo_head":"\n\t\t<!-- All in One SEO 4.9.10 - aioseo.com -->\n\t<meta name=\"description\" content=\"O ex-prefeito de Salvador, ACM Neto (UB), virou meme nas redes sociais, ap\u00f3s ser citado em uma entrevista recente pelo seu aliado, o ex-vice-governador, Jo\u00e3o Le\u00e3o (PP). Em sua fala Le\u00e3o expressou um desejo de que Neto fosse candidato \u00e0 prefeitura de Cama\u00e7ari, nas elei\u00e7\u00f5es do ano que vem e, logo em seguida, montagens surgiram mostrando\" \/>\n\t<meta name=\"robots\" content=\"max-image-preview:large\" \/>\n\t<meta name=\"author\" content=\"administrador\"\/>\n\t<link rel=\"canonical\" href=\"https:\/\/newsinfoco.com.br\/inicio\/apos-fala-de-joao-leao-acm-neto-volta-a-virar-meme-nas-redes-sociais\/\" \/>\n\t<meta name=\"generator\" content=\"All in One SEO (AIOSEO) 4.9.10\" \/>\n\t\t<meta property=\"og:locale\" content=\"pt_BR\" \/>\n\t\t<meta property=\"og:site_name\" content=\"News In Foco - Editado por Caio Pimenta - O principal site de noticias de Alagoinhas e regi\u00e3o\" \/>\n\t\t<meta property=\"og:type\" content=\"article\" \/>\n\t\t<meta property=\"og:title\" content=\"Ap\u00f3s fala de Jo\u00e3o Le\u00e3o, ACM Neto volta a virar meme nas redes sociais - News In Foco - Editado por Caio Pimenta\" \/>\n\t\t<meta property=\"og:description\" content=\"O ex-prefeito de Salvador, ACM Neto (UB), virou meme nas redes sociais, ap\u00f3s ser citado em uma entrevista recente pelo seu aliado, o ex-vice-governador, Jo\u00e3o Le\u00e3o (PP). Em sua fala Le\u00e3o expressou um desejo de que Neto fosse candidato \u00e0 prefeitura de Cama\u00e7ari, nas elei\u00e7\u00f5es do ano que vem e, logo em seguida, montagens surgiram mostrando\" \/>\n\t\t<meta property=\"og:url\" content=\"https:\/\/newsinfoco.com.br\/inicio\/apos-fala-de-joao-leao-acm-neto-volta-a-virar-meme-nas-redes-sociais\/\" \/>\n\t\t<meta property=\"article:published_time\" content=\"2023-07-24T21:35:29+00:00\" \/>\n\t\t<meta property=\"article:modified_time\" content=\"2023-07-24T21:39:20+00:00\" \/>\n\t\t<meta name=\"twitter:card\" content=\"summary_large_image\" \/>\n\t\t<meta name=\"twitter:title\" content=\"Ap\u00f3s fala de Jo\u00e3o Le\u00e3o, ACM Neto volta a virar meme nas redes sociais - News In Foco - Editado por Caio Pimenta\" \/>\n\t\t<meta name=\"twitter:description\" content=\"O ex-prefeito de Salvador, ACM Neto (UB), virou meme nas redes sociais, ap\u00f3s ser citado em uma entrevista recente pelo seu aliado, o ex-vice-governador, Jo\u00e3o Le\u00e3o (PP). Em sua fala Le\u00e3o expressou um desejo de que Neto fosse candidato \u00e0 prefeitura de Cama\u00e7ari, nas elei\u00e7\u00f5es do ano que vem e, logo em seguida, montagens surgiram mostrando\" \/>\n\t\t<script type=\"application\/ld+json\" class=\"aioseo-schema\">\n\t\t\t{\"@context\":\"https:\\\/\\\/schema.org\",\"@graph\":[{\"@type\":\"BlogPosting\",\"@id\":\"https:\\\/\\\/newsinfoco.com.br\\\/inicio\\\/apos-fala-de-joao-leao-acm-neto-volta-a-virar-meme-nas-redes-sociais\\\/#blogposting\",\"name\":\"Ap\\u00f3s fala de Jo\\u00e3o Le\\u00e3o, ACM Neto volta a virar meme nas redes sociais - News In Foco - Editado por Caio Pimenta\",\"headline\":\"Ap\\u00f3s fala de Jo\\u00e3o Le\\u00e3o, ACM Neto volta a virar meme nas redes sociais\",\"author\":{\"@id\":\"https:\\\/\\\/newsinfoco.com.br\\\/inicio\\\/author\\\/administrador\\\/#author\"},\"publisher\":{\"@id\":\"https:\\\/\\\/newsinfoco.com.br\\\/inicio\\\/#organization\"},\"image\":{\"@type\":\"ImageObject\",\"url\":\"https:\\\/\\\/newsinfoco.com.br\\\/inicio\\\/wp-content\\\/uploads\\\/2023\\\/07\\\/WhatsApp-Image-2023-07-24-at-10.48.01.jpeg\",\"width\":1179,\"height\":1112},\"datePublished\":\"2023-07-24T18:35:29-03:00\",\"dateModified\":\"2023-07-24T18:39:20-03:00\",\"inLanguage\":\"pt-BR\",\"mainEntityOfPage\":{\"@id\":\"https:\\\/\\\/newsinfoco.com.br\\\/inicio\\\/apos-fala-de-joao-leao-acm-neto-volta-a-virar-meme-nas-redes-sociais\\\/#webpage\"},\"isPartOf\":{\"@id\":\"https:\\\/\\\/newsinfoco.com.br\\\/inicio\\\/apos-fala-de-joao-leao-acm-neto-volta-a-virar-meme-nas-redes-sociais\\\/#webpage\"},\"articleSection\":\"Bahia\"},{\"@type\":\"BreadcrumbList\",\"@id\":\"https:\\\/\\\/newsinfoco.com.br\\\/inicio\\\/apos-fala-de-joao-leao-acm-neto-volta-a-virar-meme-nas-redes-sociais\\\/#breadcrumblist\",\"itemListElement\":[{\"@type\":\"ListItem\",\"@id\":\"https:\\\/\\\/newsinfoco.com.br\\\/inicio#listItem\",\"position\":1,\"name\":\"In\\u00edcio\",\"item\":\"https:\\\/\\\/newsinfoco.com.br\\\/inicio\",\"nextItem\":{\"@type\":\"ListItem\",\"@id\":\"https:\\\/\\\/newsinfoco.com.br\\\/inicio\\\/category\\\/bahia\\\/#listItem\",\"name\":\"Bahia\"}},{\"@type\":\"ListItem\",\"@id\":\"https:\\\/\\\/newsinfoco.com.br\\\/inicio\\\/category\\\/bahia\\\/#listItem\",\"position\":2,\"name\":\"Bahia\",\"item\":\"https:\\\/\\\/newsinfoco.com.br\\\/inicio\\\/category\\\/bahia\\\/\",\"nextItem\":{\"@type\":\"ListItem\",\"@id\":\"https:\\\/\\\/newsinfoco.com.br\\\/inicio\\\/apos-fala-de-joao-leao-acm-neto-volta-a-virar-meme-nas-redes-sociais\\\/#listItem\",\"name\":\"Ap\\u00f3s fala de Jo\\u00e3o Le\\u00e3o, ACM Neto volta a virar meme nas redes sociais\"},\"previousItem\":{\"@type\":\"ListItem\",\"@id\":\"https:\\\/\\\/newsinfoco.com.br\\\/inicio#listItem\",\"name\":\"In\\u00edcio\"}},{\"@type\":\"ListItem\",\"@id\":\"https:\\\/\\\/newsinfoco.com.br\\\/inicio\\\/apos-fala-de-joao-leao-acm-neto-volta-a-virar-meme-nas-redes-sociais\\\/#listItem\",\"position\":3,\"name\":\"Ap\\u00f3s fala de Jo\\u00e3o Le\\u00e3o, ACM Neto volta a virar meme nas redes sociais\",\"previousItem\":{\"@type\":\"ListItem\",\"@id\":\"https:\\\/\\\/newsinfoco.com.br\\\/inicio\\\/category\\\/bahia\\\/#listItem\",\"name\":\"Bahia\"}}]},{\"@type\":\"Organization\",\"@id\":\"https:\\\/\\\/newsinfoco.com.br\\\/inicio\\\/#organization\",\"name\":\"News In Foco - Editado por Caio Pimenta\",\"description\":\"O principal site de noticias de Alagoinhas e regi\\u00e3o\",\"url\":\"https:\\\/\\\/newsinfoco.com.br\\\/inicio\\\/\"},{\"@type\":\"Person\",\"@id\":\"https:\\\/\\\/newsinfoco.com.br\\\/inicio\\\/author\\\/administrador\\\/#author\",\"url\":\"https:\\\/\\\/newsinfoco.com.br\\\/inicio\\\/author\\\/administrador\\\/\",\"name\":\"administrador\",\"image\":{\"@type\":\"ImageObject\",\"@id\":\"https:\\\/\\\/newsinfoco.com.br\\\/inicio\\\/apos-fala-de-joao-leao-acm-neto-volta-a-virar-meme-nas-redes-sociais\\\/#authorImage\",\"url\":\"https:\\\/\\\/secure.gravatar.com\\\/avatar\\\/c17a617433de8c1dc9584bb79aab7563b46f5bb7e1728c9b17d9cc3ce6a08e49?s=96&d=mm&r=g\",\"width\":96,\"height\":96,\"caption\":\"administrador\"}},{\"@type\":\"WebPage\",\"@id\":\"https:\\\/\\\/newsinfoco.com.br\\\/inicio\\\/apos-fala-de-joao-leao-acm-neto-volta-a-virar-meme-nas-redes-sociais\\\/#webpage\",\"url\":\"https:\\\/\\\/newsinfoco.com.br\\\/inicio\\\/apos-fala-de-joao-leao-acm-neto-volta-a-virar-meme-nas-redes-sociais\\\/\",\"name\":\"Ap\\u00f3s fala de Jo\\u00e3o Le\\u00e3o, ACM Neto volta a virar meme nas redes sociais - News In Foco - Editado por Caio Pimenta\",\"description\":\"O ex-prefeito de Salvador, ACM Neto (UB), virou meme nas redes sociais, ap\\u00f3s ser citado em uma entrevista recente pelo seu aliado, o ex-vice-governador, Jo\\u00e3o Le\\u00e3o (PP). Em sua fala Le\\u00e3o expressou um desejo de que Neto fosse candidato \\u00e0 prefeitura de Cama\\u00e7ari, nas elei\\u00e7\\u00f5es do ano que vem e, logo em seguida, montagens surgiram mostrando\",\"inLanguage\":\"pt-BR\",\"isPartOf\":{\"@id\":\"https:\\\/\\\/newsinfoco.com.br\\\/inicio\\\/#website\"},\"breadcrumb\":{\"@id\":\"https:\\\/\\\/newsinfoco.com.br\\\/inicio\\\/apos-fala-de-joao-leao-acm-neto-volta-a-virar-meme-nas-redes-sociais\\\/#breadcrumblist\"},\"author\":{\"@id\":\"https:\\\/\\\/newsinfoco.com.br\\\/inicio\\\/author\\\/administrador\\\/#author\"},\"creator\":{\"@id\":\"https:\\\/\\\/newsinfoco.com.br\\\/inicio\\\/author\\\/administrador\\\/#author\"},\"image\":{\"@type\":\"ImageObject\",\"url\":\"https:\\\/\\\/newsinfoco.com.br\\\/inicio\\\/wp-content\\\/uploads\\\/2023\\\/07\\\/WhatsApp-Image-2023-07-24-at-10.48.01.jpeg\",\"@id\":\"https:\\\/\\\/newsinfoco.com.br\\\/inicio\\\/apos-fala-de-joao-leao-acm-neto-volta-a-virar-meme-nas-redes-sociais\\\/#mainImage\",\"width\":1179,\"height\":1112},\"primaryImageOfPage\":{\"@id\":\"https:\\\/\\\/newsinfoco.com.br\\\/inicio\\\/apos-fala-de-joao-leao-acm-neto-volta-a-virar-meme-nas-redes-sociais\\\/#mainImage\"},\"datePublished\":\"2023-07-24T18:35:29-03:00\",\"dateModified\":\"2023-07-24T18:39:20-03:00\"},{\"@type\":\"WebSite\",\"@id\":\"https:\\\/\\\/newsinfoco.com.br\\\/inicio\\\/#website\",\"url\":\"https:\\\/\\\/newsinfoco.com.br\\\/inicio\\\/\",\"name\":\"News In Foco - Editado por Caio Pimenta\",\"description\":\"O principal site de noticias de Alagoinhas e regi\\u00e3o\",\"inLanguage\":\"pt-BR\",\"publisher\":{\"@id\":\"https:\\\/\\\/newsinfoco.com.br\\\/inicio\\\/#organization\"}}]}\n\t\t<\/script>\n\t\t<!-- All in One SEO -->\n\n","aioseo_head_json":{"title":"Ap\u00f3s fala de Jo\u00e3o Le\u00e3o, ACM Neto volta a virar meme nas redes sociais - News In Foco - Editado por Caio Pimenta","description":"O ex-prefeito de Salvador, ACM Neto (UB), virou meme nas redes sociais, ap\u00f3s ser citado em uma entrevista recente pelo seu aliado, o ex-vice-governador, Jo\u00e3o Le\u00e3o (PP). Em sua fala Le\u00e3o expressou um desejo de que Neto fosse candidato \u00e0 prefeitura de Cama\u00e7ari, nas elei\u00e7\u00f5es do ano que vem e, logo em seguida, montagens surgiram mostrando","canonical_url":"https:\/\/newsinfoco.com.br\/inicio\/apos-fala-de-joao-leao-acm-neto-volta-a-virar-meme-nas-redes-sociais\/","robots":"max-image-preview:large","keywords":"","webmasterTools":{"miscellaneous":""},"schema":{"@context":"https:\/\/schema.org","@graph":[{"@type":"BlogPosting","@id":"https:\/\/newsinfoco.com.br\/inicio\/apos-fala-de-joao-leao-acm-neto-volta-a-virar-meme-nas-redes-sociais\/#blogposting","name":"Ap\u00f3s fala de Jo\u00e3o Le\u00e3o, ACM Neto volta a virar meme nas redes sociais - News In Foco - Editado por Caio Pimenta","headline":"Ap\u00f3s fala de Jo\u00e3o Le\u00e3o, ACM Neto volta a virar meme nas redes sociais","author":{"@id":"https:\/\/newsinfoco.com.br\/inicio\/author\/administrador\/#author"},"publisher":{"@id":"https:\/\/newsinfoco.com.br\/inicio\/#organization"},"image":{"@type":"ImageObject","url":"https:\/\/newsinfoco.com.br\/inicio\/wp-content\/uploads\/2023\/07\/WhatsApp-Image-2023-07-24-at-10.48.01.jpeg","width":1179,"height":1112},"datePublished":"2023-07-24T18:35:29-03:00","dateModified":"2023-07-24T18:39:20-03:00","inLanguage":"pt-BR","mainEntityOfPage":{"@id":"https:\/\/newsinfoco.com.br\/inicio\/apos-fala-de-joao-leao-acm-neto-volta-a-virar-meme-nas-redes-sociais\/#webpage"},"isPartOf":{"@id":"https:\/\/newsinfoco.com.br\/inicio\/apos-fala-de-joao-leao-acm-neto-volta-a-virar-meme-nas-redes-sociais\/#webpage"},"articleSection":"Bahia"},{"@type":"BreadcrumbList","@id":"https:\/\/newsinfoco.com.br\/inicio\/apos-fala-de-joao-leao-acm-neto-volta-a-virar-meme-nas-redes-sociais\/#breadcrumblist","itemListElement":[{"@type":"ListItem","@id":"https:\/\/newsinfoco.com.br\/inicio#listItem","position":1,"name":"In\u00edcio","item":"https:\/\/newsinfoco.com.br\/inicio","nextItem":{"@type":"ListItem","@id":"https:\/\/newsinfoco.com.br\/inicio\/category\/bahia\/#listItem","name":"Bahia"}},{"@type":"ListItem","@id":"https:\/\/newsinfoco.com.br\/inicio\/category\/bahia\/#listItem","position":2,"name":"Bahia","item":"https:\/\/newsinfoco.com.br\/inicio\/category\/bahia\/","nextItem":{"@type":"ListItem","@id":"https:\/\/newsinfoco.com.br\/inicio\/apos-fala-de-joao-leao-acm-neto-volta-a-virar-meme-nas-redes-sociais\/#listItem","name":"Ap\u00f3s fala de Jo\u00e3o Le\u00e3o, ACM Neto volta a virar meme nas redes sociais"},"previousItem":{"@type":"ListItem","@id":"https:\/\/newsinfoco.com.br\/inicio#listItem","name":"In\u00edcio"}},{"@type":"ListItem","@id":"https:\/\/newsinfoco.com.br\/inicio\/apos-fala-de-joao-leao-acm-neto-volta-a-virar-meme-nas-redes-sociais\/#listItem","position":3,"name":"Ap\u00f3s fala de Jo\u00e3o Le\u00e3o, ACM Neto volta a virar meme nas redes sociais","previousItem":{"@type":"ListItem","@id":"https:\/\/newsinfoco.com.br\/inicio\/category\/bahia\/#listItem","name":"Bahia"}}]},{"@type":"Organization","@id":"https:\/\/newsinfoco.com.br\/inicio\/#organization","name":"News In Foco - Editado por Caio Pimenta","description":"O principal site de noticias de Alagoinhas e regi\u00e3o","url":"https:\/\/newsinfoco.com.br\/inicio\/"},{"@type":"Person","@id":"https:\/\/newsinfoco.com.br\/inicio\/author\/administrador\/#author","url":"https:\/\/newsinfoco.com.br\/inicio\/author\/administrador\/","name":"administrador","image":{"@type":"ImageObject","@id":"https:\/\/newsinfoco.com.br\/inicio\/apos-fala-de-joao-leao-acm-neto-volta-a-virar-meme-nas-redes-sociais\/#authorImage","url":"https:\/\/secure.gravatar.com\/avatar\/c17a617433de8c1dc9584bb79aab7563b46f5bb7e1728c9b17d9cc3ce6a08e49?s=96&d=mm&r=g","width":96,"height":96,"caption":"administrador"}},{"@type":"WebPage","@id":"https:\/\/newsinfoco.com.br\/inicio\/apos-fala-de-joao-leao-acm-neto-volta-a-virar-meme-nas-redes-sociais\/#webpage","url":"https:\/\/newsinfoco.com.br\/inicio\/apos-fala-de-joao-leao-acm-neto-volta-a-virar-meme-nas-redes-sociais\/","name":"Ap\u00f3s fala de Jo\u00e3o Le\u00e3o, ACM Neto volta a virar meme nas redes sociais - News In Foco - Editado por Caio Pimenta","description":"O ex-prefeito de Salvador, ACM Neto (UB), virou meme nas redes sociais, ap\u00f3s ser citado em uma entrevista recente pelo seu aliado, o ex-vice-governador, Jo\u00e3o Le\u00e3o (PP). Em sua fala Le\u00e3o expressou um desejo de que Neto fosse candidato \u00e0 prefeitura de Cama\u00e7ari, nas elei\u00e7\u00f5es do ano que vem e, logo em seguida, montagens surgiram mostrando","inLanguage":"pt-BR","isPartOf":{"@id":"https:\/\/newsinfoco.com.br\/inicio\/#website"},"breadcrumb":{"@id":"https:\/\/newsinfoco.com.br\/inicio\/apos-fala-de-joao-leao-acm-neto-volta-a-virar-meme-nas-redes-sociais\/#breadcrumblist"},"author":{"@id":"https:\/\/newsinfoco.com.br\/inicio\/author\/administrador\/#author"},"creator":{"@id":"https:\/\/newsinfoco.com.br\/inicio\/author\/administrador\/#author"},"image":{"@type":"ImageObject","url":"https:\/\/newsinfoco.com.br\/inicio\/wp-content\/uploads\/2023\/07\/WhatsApp-Image-2023-07-24-at-10.48.01.jpeg","@id":"https:\/\/newsinfoco.com.br\/inicio\/apos-fala-de-joao-leao-acm-neto-volta-a-virar-meme-nas-redes-sociais\/#mainImage","width":1179,"height":1112},"primaryImageOfPage":{"@id":"https:\/\/newsinfoco.com.br\/inicio\/apos-fala-de-joao-leao-acm-neto-volta-a-virar-meme-nas-redes-sociais\/#mainImage"},"datePublished":"2023-07-24T18:35:29-03:00","dateModified":"2023-07-24T18:39:20-03:00"},{"@type":"WebSite","@id":"https:\/\/newsinfoco.com.br\/inicio\/#website","url":"https:\/\/newsinfoco.com.br\/inicio\/","name":"News In Foco - Editado por Caio Pimenta","description":"O principal site de noticias de Alagoinhas e regi\u00e3o","inLanguage":"pt-BR","publisher":{"@id":"https:\/\/newsinfoco.com.br\/inicio\/#organization"}}]},"og:locale":"pt_BR","og:site_name":"News In Foco - Editado por Caio Pimenta - O principal site de noticias de Alagoinhas e regi\u00e3o","og:type":"article","og:title":"Ap\u00f3s fala de Jo\u00e3o Le\u00e3o, ACM Neto volta a virar meme nas redes sociais - News In Foco - Editado por Caio Pimenta","og:description":"O ex-prefeito de Salvador, ACM Neto (UB), virou meme nas redes sociais, ap\u00f3s ser citado em uma entrevista recente pelo seu aliado, o ex-vice-governador, Jo\u00e3o Le\u00e3o (PP). Em sua fala Le\u00e3o expressou um desejo de que Neto fosse candidato \u00e0 prefeitura de Cama\u00e7ari, nas elei\u00e7\u00f5es do ano que vem e, logo em seguida, montagens surgiram mostrando","og:url":"https:\/\/newsinfoco.com.br\/inicio\/apos-fala-de-joao-leao-acm-neto-volta-a-virar-meme-nas-redes-sociais\/","article:published_time":"2023-07-24T21:35:29+00:00","article:modified_time":"2023-07-24T21:39:20+00:00","twitter:card":"summary_large_image","twitter:title":"Ap\u00f3s fala de Jo\u00e3o Le\u00e3o, ACM Neto volta a virar meme nas redes sociais - News In Foco - Editado por Caio Pimenta","twitter:description":"O ex-prefeito de Salvador, ACM Neto (UB), virou meme nas redes sociais, ap\u00f3s ser citado em uma entrevista recente pelo seu aliado, o ex-vice-governador, Jo\u00e3o Le\u00e3o (PP). Em sua fala Le\u00e3o expressou um desejo de que Neto fosse candidato \u00e0 prefeitura de Cama\u00e7ari, nas elei\u00e7\u00f5es do ano que vem e, logo em seguida, montagens surgiram mostrando"},"aioseo_meta_data":{"post_id":"34677","title":null,"description":null,"keywords":[],"keyphrases":{"focus":{"keyphrase":"","score":0,"analysis":{"keyphraseInTitle":{"score":0,"maxScore":9,"error":1}}},"additional":[]},"primary_term":null,"canonical_url":null,"og_title":null,"og_description":null,"og_object_type":"default","og_image_type":"default","og_image_url":null,"og_image_width":null,"og_image_height":null,"og_image_custom_url":null,"og_image_custom_fields":null,"og_video":"","og_custom_url":null,"og_article_section":null,"og_article_tags":[],"twitter_use_og":false,"twitter_card":"default","twitter_image_type":"default","twitter_image_url":null,"twitter_image_custom_url":null,"twitter_image_custom_fields":null,"twitter_title":null,"twitter_description":null,"schema":{"blockGraphs":[],"customGraphs":[],"default":{"data":{"Article":[],"Course":[],"Dataset":[],"FAQPage":[],"Movie":[],"Person":[],"Product":[],"ProductReview":[],"Car":[],"Recipe":[],"Service":[],"SoftwareApplication":[],"WebPage":[]},"graphName":"BlogPosting","isEnabled":true},"graphs":[]},"schema_type":"default","schema_type_options":null,"pillar_content":false,"robots_default":true,"robots_noindex":false,"robots_noarchive":false,"robots_nosnippet":false,"robots_nofollow":false,"robots_noimageindex":false,"robots_noodp":false,"robots_notranslate":false,"robots_max_snippet":"-1","robots_max_videopreview":"-1","robots_max_imagepreview":"large","priority":null,"frequency":"default","local_seo":null,"breadcrumb_settings":null,"limit_modified_date":false,"ai":null,"created":"2023-07-24 21:35:30","updated":"2025-07-11 10:04:06","seo_analyzer_scan_date":null},"aioseo_breadcrumb":"<div class=\"aioseo-breadcrumbs\"><span class=\"aioseo-breadcrumb\">\n\t\t\t<a href=\"https:\/\/newsinfoco.com.br\/inicio\" title=\"In\u00edcio\">In\u00edcio<\/a>\n\t\t<\/span><span class=\"aioseo-breadcrumb-separator\">&raquo;<\/span><span class=\"aioseo-breadcrumb\">\n\t\t\t<a href=\"https:\/\/newsinfoco.com.br\/inicio\/category\/bahia\/\" title=\"Bahia\">Bahia<\/a>\n\t\t<\/span><span class=\"aioseo-breadcrumb-separator\">&raquo;<\/span><span class=\"aioseo-breadcrumb\">\n\t\t\tAp\u00f3s fala de Jo\u00e3o Le\u00e3o, ACM Neto volta a virar meme nas redes sociais\n\t\t<\/span><\/div>","aioseo_breadcrumb_json":[{"label":"In\u00edcio","link":"https:\/\/newsinfoco.com.br\/inicio"},{"label":"Bahia","link":"https:\/\/newsinfoco.com.br\/inicio\/category\/bahia\/"},{"label":"Ap\u00f3s fala de Jo\u00e3o Le\u00e3o, ACM Neto volta a virar meme nas redes sociais","link":"https:\/\/newsinfoco.com.br\/inicio\/apos-fala-de-joao-leao-acm-neto-volta-a-virar-meme-nas-redes-sociais\/"}],"_links":{"self":[{"href":"https:\/\/newsinfoco.com.br\/inicio\/wp-json\/wp\/v2\/posts\/34677","targetHints":{"allow":["GET"]}}],"collection":[{"href":"https:\/\/newsinfoco.com.br\/inicio\/wp-json\/wp\/v2\/posts"}],"about":[{"href":"https:\/\/newsinfoco.com.br\/inicio\/wp-json\/wp\/v2\/types\/post"}],"author":[{"embeddable":true,"href":"https:\/\/newsinfoco.com.br\/inicio\/wp-json\/wp\/v2\/users\/1"}],"replies":[{"embeddable":true,"href":"https:\/\/newsinfoco.com.br\/inicio\/wp-json\/wp\/v2\/comments?post=34677"}],"version-history":[{"count":2,"href":"https:\/\/newsinfoco.com.br\/inicio\/wp-json\/wp\/v2\/posts\/34677\/revisions"}],"predecessor-version":[{"id":34680,"href":"https:\/\/newsinfoco.com.br\/inicio\/wp-json\/wp\/v2\/posts\/34677\/revisions\/34680"}],"wp:featuredmedia":[{"embeddable":true,"href":"https:\/\/newsinfoco.com.br\/inicio\/wp-json\/wp\/v2\/media\/34678"}],"wp:attachment":[{"href":"https:\/\/newsinfoco.com.br\/inicio\/wp-json\/wp\/v2\/media?parent=34677"}],"wp:term":[{"taxonomy":"category","embeddable":true,"href":"https:\/\/newsinfoco.com.br\/inicio\/wp-json\/wp\/v2\/categories?post=34677"},{"taxonomy":"post_tag","embeddable":true,"href":"https:\/\/newsinfoco.com.br\/inicio\/wp-json\/wp\/v2\/tags?post=34677"}],"curies":[{"name":"wp","href":"https:\/\/api.w.org\/{rel}","templated":true}]}}