{"id":34682,"date":"2023-07-24T19:03:07","date_gmt":"2023-07-24T22:03:07","guid":{"rendered":"https:\/\/newsinfoco.com.br\/inicio\/?p=34682"},"modified":"2023-07-24T19:04:10","modified_gmt":"2023-07-24T22:04:10","slug":"rodoviarios-de-empresas-da-regiao-metropolitana-de-salvador-decretaram-greve-nesta-segunda24-mais-de-250-mil-pessoas-sao-afetadas","status":"publish","type":"post","link":"https:\/\/newsinfoco.com.br\/inicio\/rodoviarios-de-empresas-da-regiao-metropolitana-de-salvador-decretaram-greve-nesta-segunda24-mais-de-250-mil-pessoas-sao-afetadas\/","title":{"rendered":"Rodovi\u00e1rios de empresas da Regi\u00e3o Metropolitana de Salvador decretaram greve nesta segunda(24); Mais de 250 mil pessoas s\u00e3o afetadas"},"content":{"rendered":"<div id=\"chunk-4p024\">\n<div class=\"mc-column content-text active-extra-styles \" data-block-type=\"unstyled\" data-block-weight=\"56\" data-block-id=\"3\">\n<p class=\"content-text__container \" data-track-category=\"Link no Texto\" data-track-links=\"\">Rodovi\u00e1rios que trabalham no transporte metropolitano nas cidades vizinhas de Salvador (RMS) decretaram greve, por tempo indeterminado, na manh\u00e3 desta segunda-feira (24). A categoria afirma que a medida foi tomada por falta de repasse da PEC das empresas, processo que inclui o pagamento da rescis\u00e3o de duas empresas de transportes que atuavam na RMS e fecharam.<\/p>\n<\/div>\n<\/div>\n<div class=\"wall protected-content\">\n<div id=\"chunk-5km39\">\n<div class=\"mc-column content-text active-extra-styles \" data-block-type=\"unstyled\" data-block-weight=\"25\" data-block-id=\"4\">\n<p class=\"content-text__container \" data-track-category=\"Link no Texto\" data-track-links=\"\">Por causa da greve, os \u00f4nibus do sistema metropolitano n\u00e3o sa\u00edram das garagens e os pontos da regi\u00e3o ficaram lotados nas primeiras horas do dia.<\/p>\n<div id=\"chunk-1s38b\">\n<div class=\"mc-column content-text active-extra-styles \" data-block-type=\"unstyled\" data-block-weight=\"55\" data-block-id=\"7\">\n<p class=\"content-text__container \" data-track-category=\"Link no Texto\" data-track-links=\"\">Cerca 250 mil de passageiros s\u00e3o transportados diariamente por \u00f4nibus de cinco empresas, que circulam pelos munic\u00edpios de\u00a0Lauro de Freitas,\u00a0Sim\u00f5es Filho,\u00a0Candeias,\u00a0Cama\u00e7ari,\u00a0S\u00e3o Francisco do Conde,\u00a0Madre de Deus, e outros como\u00a0Rio Real, o distrito de Subauma, em\u00a0Entre Rios,\u00a0Santo Amaro\u00a0e outras cidades da regi\u00e3o da Linha Verde.<\/p>\n<\/div>\n<\/div>\n<div id=\"chunk-dsr5o\">\n<div class=\"mc-column content-text active-extra-styles \" data-block-type=\"unstyled\" data-block-weight=\"36\" data-block-id=\"8\">\n<p class=\"content-text__container \" data-track-category=\"Link no Texto\" data-track-links=\"\">Segundo o presidente do Sindicato das Empresas de \u00d4nibus do Transporte Metropolitano de Salvador, M\u00e1rio Cl\u00e9ber Costa, a categoria foi surpreendida pelo n\u00e3o pagamento do acordo feito em junho, das delibera\u00e7\u00f5es da PEC das empresas.<\/p>\n<\/div>\n<\/div>\n<div id=\"chunk-e95m0\">\n<div class=\"mc-column content-text active-extra-styles \" data-block-type=\"unstyled\" data-block-weight=\"79\" data-block-id=\"9\">\n<p class=\"content-text__container \" data-track-category=\"Link no Texto\" data-track-links=\"\">M\u00e1rio Cl\u00e9ber Costa ainda afirmou que R$ 20 milh\u00f5es do valor de R$ 36 milh\u00f5es depositado nas contas do Governo da Bahia em outubro do ano passado, teria sido repassado para as empresas. O dirigente ainda acusa o Governo do Estado de querer destinar R$ 16 milh\u00f5es que seriam para pagamentos das decis\u00f5es dos trabalhadores das empresas falidas, para pagar d\u00edvidas com o metr\u00f4.<span class=\"highlight highlighted\">\u00a0O g1 entrou em contato com Governo do Estado, e aguarda respostas sobre as acusa\u00e7\u00f5es.<\/span><\/p>\n<\/div>\n<\/div>\n<div id=\"chunk-76mtf\">\n<div class=\"mc-column content-text active-extra-styles \" data-block-type=\"unstyled\" data-block-weight=\"46\" data-block-id=\"10\">\n<p class=\"content-text__container \" data-track-category=\"Link no Texto\" data-track-links=\"\">&#8220;Isso \u00e9 inconceb\u00edvel. O metr\u00f4 n\u00e3o usa \u00f3leo diesel, n\u00e3o est\u00e1 na PEC e \u00e9 um desafio para a categoria e tamb\u00e9m para as empresas. J\u00e1 destinaram R$ 20 milh\u00f5es para as empresas e precisam destinar os outros R$ 16 milh\u00f5es para pagamento dos trabalhadores&#8221;, afirmou.<\/p>\n<div id=\"chunk-7vb5u\">\n<div class=\"mc-column content-text active-extra-styles \" data-block-type=\"unstyled\" data-block-weight=\"38\" data-block-id=\"14\">\n<p class=\"content-text__container \" data-track-category=\"Link no Texto\" data-track-links=\"\">Em fevereiro deste ano, os\u00a0rodovi\u00e1rios fizeram uma paralisa\u00e7\u00e3o de 24 horas na Regi\u00e3o Metropolitana de Salvador\u00a0por causa da situa\u00e7\u00e3o. Na \u00e9poca, um acordo foi feito para que o dinheiro fosse liberado no dia 20 de julho.<\/p>\n<\/div>\n<\/div>\n<div id=\"chunk-1a6ku\">\n<div class=\"mc-column content-text active-extra-styles \" data-block-type=\"unstyled\" data-block-weight=\"23\" data-block-id=\"15\">\n<p class=\"content-text__container \" data-track-category=\"Link no Texto\" data-track-links=\"\">Na quarta-feira (20), de acordo com o sindicato, o acordo n\u00e3o foi cumprido. Uma assembleia foi realizada e a categoria decidiu pela greve.<\/p>\n<\/div>\n<\/div>\n<div id=\"chunk-5tl3i\">\n<div class=\"mc-column content-text active-extra-styles \" data-block-type=\"unstyled\" data-block-weight=\"16\" data-block-id=\"16\">\n<p class=\"content-text__container \" data-track-category=\"Link no Texto\" data-track-links=\"\">&#8220;Isso afrontou os trabalhadores, que por conta pr\u00f3pria, deliberaram pela greve&#8221;, disse o presidente do sindicato.<\/p>\n<h2><strong>Esquema especial<\/strong><\/h2>\n<div id=\"chunk-aj5oa\">\n<div class=\"mc-column content-text active-extra-styles \" data-block-type=\"unstyled\" data-block-weight=\"38\" data-block-id=\"20\">\n<p class=\"content-text__container \" data-track-category=\"Link no Texto\" data-track-links=\"\">Para atender a demanda de usu\u00e1rios que utilizam linhas do sistema de transporte metropolitano que circula em Salvador, a Secretaria Municipal de Mobilidade de Salvador (Semob) preparou uma opera\u00e7\u00e3o de transporte emergencial durante a paralisa\u00e7\u00e3o desta segunda-feira.<\/p>\n<\/div>\n<\/div>\n<div id=\"chunk-f2vtm\">\n<div class=\"mc-column content-text active-extra-styles \" data-block-type=\"unstyled\" data-block-weight=\"20\" data-block-id=\"21\">\n<p class=\"content-text__container \" data-track-category=\"Link no Texto\" data-track-links=\"\">Ao todo, sete linhas do sistema municipal foram refor\u00e7adas para garantir o deslocamento dos usu\u00e1rios durante a interrup\u00e7\u00e3o do servi\u00e7o.<\/p>\n<\/div>\n<\/div>\n<div id=\"chunk-f0fi6\">\n<div class=\"mc-column content-text active-extra-styles \" data-block-type=\"unstyled\" data-block-weight=\"57\" data-block-id=\"22\">\n<p class=\"content-text__container \" data-track-category=\"Link no Texto\" data-track-links=\"\">As linhas 0125 &#8211; Barroquinha x Parque S\u00e3o Crist\u00f3v\u00e3o, 0310 &#8211; Barroquinha x Aeroporto, 1001 &#8211; Aeroporto x Pra\u00e7a da S\u00e9, 1035 &#8211; Aeroporto x Pra\u00e7a da S\u00e9 (via Garibaldi), 1007 &#8211; Lapa x Jd. Das Margaridas, 1625 &#8211; Paripe x Aeroporto (via Cajazeiras) e 1653 &#8211; Paripe x Aeroporto (via Pau da Lima) foram refor\u00e7adas.<\/p>\n<\/div>\n<\/div>\n<div id=\"chunk-cajqs\">\n<div class=\"mc-column content-text active-extra-styles \" data-block-type=\"unstyled\" data-block-weight=\"36\" data-block-id=\"23\">\n<p class=\"content-text__container \" data-track-category=\"Link no Texto\" data-track-links=\"\">As linhas foram escolhidas por dar acesso \u00e0s regi\u00f5es que t\u00eam atendimento das linhas operadas pelos metropolitanos, como a orla e a regi\u00e3o central da cidade. Ao todo, 42 \u00f4nibus foram remanejados para atender a opera\u00e7\u00e3o.<\/p>\n<\/div>\n<\/div>\n<div id=\"chunk-eeo9\">\n<div class=\"mc-column content-text active-extra-styles \" data-block-type=\"unstyled\" data-block-weight=\"14\" data-block-id=\"24\">\n<p class=\"content-text__container \" data-track-category=\"Link no Texto\" data-track-links=\"\">Agentes da Semob est\u00e3o em locais estrat\u00e9gicos para orientar os usu\u00e1rios sobre a opera\u00e7\u00e3o.<\/p>\n<\/div>\n<\/div>\n<div id=\"chunk-8fp0b\">\n<div class=\"mc-column content-text active-extra-styles \" data-block-type=\"unstyled\" data-block-weight=\"66\" data-block-id=\"25\">\n<p class=\"content-text__container \" data-track-category=\"Link no Texto\" data-track-links=\"\">A Prefeitura de Lauro de Freitas tamb\u00e9m divulgou um esquema especial para atender a popula\u00e7\u00e3o. De acordo com a Secretaria Municipal de Tr\u00e2nsito, Transporte e Ordem P\u00fablica (SETTOP), foram colocados nas ruas do munic\u00edpio da Regi\u00e3o Metropolitana de Salvador, todos os \u00f4nibus do Transporte Complementar de Lauro de Freitas (Translauf), inclusive os reservas, e o transporte escolar tamb\u00e9m foi autorizado a fazer o transporte de passageiros.<\/p>\n<\/div>\n<p data-track-category=\"Link no Texto\" data-track-links=\"\">G1<\/p>\n<\/div>\n<\/div>\n<\/div>\n<\/div>\n<\/div>\n<\/div>\n<\/div>\n<\/div>\n<div class='share-to-whatsapp-wrapper'><div class='share-on-whsp'>Share on: <\/div><a data-text='Rodovi\u00e1rios de empresas da Regi\u00e3o Metropolitana de Salvador decretaram greve nesta segunda(24); Mais de 250 mil pessoas s\u00e3o afetadas' data-link='https:\/\/newsinfoco.com.br\/inicio\/rodoviarios-de-empresas-da-regiao-metropolitana-de-salvador-decretaram-greve-nesta-segunda24-mais-de-250-mil-pessoas-sao-afetadas\/' class='whatsapp-button whatsapp-share'>WhatsApp<\/a><div class='clear '><\/div><\/div>","protected":false},"excerpt":{"rendered":"<p>Rodovi\u00e1rios que trabalham no transporte metropolitano nas cidades vizinhas de Salvador (RMS) decretaram greve, por tempo indeterminado, na manh\u00e3 desta segunda-feira (24). A categoria afirma que a medida foi tomada por falta de repasse da PEC das empresas, processo que inclui o pagamento da rescis\u00e3o de duas empresas de transportes que atuavam na RMS e [&hellip;]<\/p>\n","protected":false},"author":1,"featured_media":34683,"comment_status":"closed","ping_status":"closed","sticky":false,"template":"","format":"standard","meta":{"om_disable_all_campaigns":false,"rop_custom_images_group":[],"rop_custom_messages_group":[],"rop_publish_now":"initial","rop_publish_now_accounts":[],"rop_publish_now_history":[],"rop_publish_now_status":"pending","_exactmetrics_skip_tracking":false,"footnotes":""},"categories":[19],"tags":[],"class_list":["post-34682","post","type-post","status-publish","format-standard","has-post-thumbnail","hentry","category-bahia"],"aioseo_notices":[],"aioseo_head":"\n\t\t<!-- All in One SEO 4.9.10 - aioseo.com -->\n\t<meta name=\"description\" content=\"Rodovi\u00e1rios que trabalham no transporte metropolitano nas cidades vizinhas de Salvador (RMS) decretaram greve, por tempo indeterminado, na manh\u00e3 desta segunda-feira (24). A categoria afirma que a medida foi tomada por falta de repasse da PEC das empresas, processo que inclui o pagamento da rescis\u00e3o de duas empresas de transportes que atuavam na RMS e\" \/>\n\t<meta name=\"robots\" content=\"max-image-preview:large\" \/>\n\t<meta name=\"author\" content=\"administrador\"\/>\n\t<link rel=\"canonical\" href=\"https:\/\/newsinfoco.com.br\/inicio\/rodoviarios-de-empresas-da-regiao-metropolitana-de-salvador-decretaram-greve-nesta-segunda24-mais-de-250-mil-pessoas-sao-afetadas\/\" \/>\n\t<meta name=\"generator\" content=\"All in One SEO (AIOSEO) 4.9.10\" \/>\n\t\t<meta property=\"og:locale\" content=\"pt_BR\" \/>\n\t\t<meta property=\"og:site_name\" content=\"News In Foco - Editado por Caio Pimenta - O principal site de noticias de Alagoinhas e regi\u00e3o\" \/>\n\t\t<meta property=\"og:type\" content=\"article\" \/>\n\t\t<meta property=\"og:title\" content=\"Rodovi\u00e1rios de empresas da Regi\u00e3o Metropolitana de Salvador decretaram greve nesta segunda(24); Mais de 250 mil pessoas s\u00e3o afetadas - News In Foco - Editado por Caio Pimenta\" \/>\n\t\t<meta property=\"og:description\" content=\"Rodovi\u00e1rios que trabalham no transporte metropolitano nas cidades vizinhas de Salvador (RMS) decretaram greve, por tempo indeterminado, na manh\u00e3 desta segunda-feira (24). A categoria afirma que a medida foi tomada por falta de repasse da PEC das empresas, processo que inclui o pagamento da rescis\u00e3o de duas empresas de transportes que atuavam na RMS e\" \/>\n\t\t<meta property=\"og:url\" content=\"https:\/\/newsinfoco.com.br\/inicio\/rodoviarios-de-empresas-da-regiao-metropolitana-de-salvador-decretaram-greve-nesta-segunda24-mais-de-250-mil-pessoas-sao-afetadas\/\" \/>\n\t\t<meta property=\"article:published_time\" content=\"2023-07-24T22:03:07+00:00\" \/>\n\t\t<meta property=\"article:modified_time\" content=\"2023-07-24T22:04:10+00:00\" \/>\n\t\t<meta name=\"twitter:card\" content=\"summary_large_image\" \/>\n\t\t<meta name=\"twitter:title\" content=\"Rodovi\u00e1rios de empresas da Regi\u00e3o Metropolitana de Salvador decretaram greve nesta segunda(24); Mais de 250 mil pessoas s\u00e3o afetadas - News In Foco - Editado por Caio Pimenta\" \/>\n\t\t<meta name=\"twitter:description\" content=\"Rodovi\u00e1rios que trabalham no transporte metropolitano nas cidades vizinhas de Salvador (RMS) decretaram greve, por tempo indeterminado, na manh\u00e3 desta segunda-feira (24). A categoria afirma que a medida foi tomada por falta de repasse da PEC das empresas, processo que inclui o pagamento da rescis\u00e3o de duas empresas de transportes que atuavam na RMS e\" \/>\n\t\t<script type=\"application\/ld+json\" class=\"aioseo-schema\">\n\t\t\t{\"@context\":\"https:\\\/\\\/schema.org\",\"@graph\":[{\"@type\":\"BlogPosting\",\"@id\":\"https:\\\/\\\/newsinfoco.com.br\\\/inicio\\\/rodoviarios-de-empresas-da-regiao-metropolitana-de-salvador-decretaram-greve-nesta-segunda24-mais-de-250-mil-pessoas-sao-afetadas\\\/#blogposting\",\"name\":\"Rodovi\\u00e1rios de empresas da Regi\\u00e3o Metropolitana de Salvador decretaram greve nesta segunda(24); Mais de 250 mil pessoas s\\u00e3o afetadas - News In Foco - Editado por Caio Pimenta\",\"headline\":\"Rodovi\\u00e1rios de empresas da Regi\\u00e3o Metropolitana de Salvador decretaram greve nesta segunda(24); Mais de 250 mil pessoas s\\u00e3o afetadas\",\"author\":{\"@id\":\"https:\\\/\\\/newsinfoco.com.br\\\/inicio\\\/author\\\/administrador\\\/#author\"},\"publisher\":{\"@id\":\"https:\\\/\\\/newsinfoco.com.br\\\/inicio\\\/#organization\"},\"image\":{\"@type\":\"ImageObject\",\"url\":\"https:\\\/\\\/newsinfoco.com.br\\\/inicio\\\/wp-content\\\/uploads\\\/2023\\\/07\\\/whatsapp-image-2023-07-24-at-06.32.10.webp\",\"width\":984,\"height\":587},\"datePublished\":\"2023-07-24T19:03:07-03:00\",\"dateModified\":\"2023-07-24T19:04:10-03:00\",\"inLanguage\":\"pt-BR\",\"mainEntityOfPage\":{\"@id\":\"https:\\\/\\\/newsinfoco.com.br\\\/inicio\\\/rodoviarios-de-empresas-da-regiao-metropolitana-de-salvador-decretaram-greve-nesta-segunda24-mais-de-250-mil-pessoas-sao-afetadas\\\/#webpage\"},\"isPartOf\":{\"@id\":\"https:\\\/\\\/newsinfoco.com.br\\\/inicio\\\/rodoviarios-de-empresas-da-regiao-metropolitana-de-salvador-decretaram-greve-nesta-segunda24-mais-de-250-mil-pessoas-sao-afetadas\\\/#webpage\"},\"articleSection\":\"Bahia\"},{\"@type\":\"BreadcrumbList\",\"@id\":\"https:\\\/\\\/newsinfoco.com.br\\\/inicio\\\/rodoviarios-de-empresas-da-regiao-metropolitana-de-salvador-decretaram-greve-nesta-segunda24-mais-de-250-mil-pessoas-sao-afetadas\\\/#breadcrumblist\",\"itemListElement\":[{\"@type\":\"ListItem\",\"@id\":\"https:\\\/\\\/newsinfoco.com.br\\\/inicio#listItem\",\"position\":1,\"name\":\"In\\u00edcio\",\"item\":\"https:\\\/\\\/newsinfoco.com.br\\\/inicio\",\"nextItem\":{\"@type\":\"ListItem\",\"@id\":\"https:\\\/\\\/newsinfoco.com.br\\\/inicio\\\/category\\\/bahia\\\/#listItem\",\"name\":\"Bahia\"}},{\"@type\":\"ListItem\",\"@id\":\"https:\\\/\\\/newsinfoco.com.br\\\/inicio\\\/category\\\/bahia\\\/#listItem\",\"position\":2,\"name\":\"Bahia\",\"item\":\"https:\\\/\\\/newsinfoco.com.br\\\/inicio\\\/category\\\/bahia\\\/\",\"nextItem\":{\"@type\":\"ListItem\",\"@id\":\"https:\\\/\\\/newsinfoco.com.br\\\/inicio\\\/rodoviarios-de-empresas-da-regiao-metropolitana-de-salvador-decretaram-greve-nesta-segunda24-mais-de-250-mil-pessoas-sao-afetadas\\\/#listItem\",\"name\":\"Rodovi\\u00e1rios de empresas da Regi\\u00e3o Metropolitana de Salvador decretaram greve nesta segunda(24); Mais de 250 mil pessoas s\\u00e3o afetadas\"},\"previousItem\":{\"@type\":\"ListItem\",\"@id\":\"https:\\\/\\\/newsinfoco.com.br\\\/inicio#listItem\",\"name\":\"In\\u00edcio\"}},{\"@type\":\"ListItem\",\"@id\":\"https:\\\/\\\/newsinfoco.com.br\\\/inicio\\\/rodoviarios-de-empresas-da-regiao-metropolitana-de-salvador-decretaram-greve-nesta-segunda24-mais-de-250-mil-pessoas-sao-afetadas\\\/#listItem\",\"position\":3,\"name\":\"Rodovi\\u00e1rios de empresas da Regi\\u00e3o Metropolitana de Salvador decretaram greve nesta segunda(24); Mais de 250 mil pessoas s\\u00e3o afetadas\",\"previousItem\":{\"@type\":\"ListItem\",\"@id\":\"https:\\\/\\\/newsinfoco.com.br\\\/inicio\\\/category\\\/bahia\\\/#listItem\",\"name\":\"Bahia\"}}]},{\"@type\":\"Organization\",\"@id\":\"https:\\\/\\\/newsinfoco.com.br\\\/inicio\\\/#organization\",\"name\":\"News In Foco - Editado por Caio Pimenta\",\"description\":\"O principal site de noticias de Alagoinhas e regi\\u00e3o\",\"url\":\"https:\\\/\\\/newsinfoco.com.br\\\/inicio\\\/\"},{\"@type\":\"Person\",\"@id\":\"https:\\\/\\\/newsinfoco.com.br\\\/inicio\\\/author\\\/administrador\\\/#author\",\"url\":\"https:\\\/\\\/newsinfoco.com.br\\\/inicio\\\/author\\\/administrador\\\/\",\"name\":\"administrador\",\"image\":{\"@type\":\"ImageObject\",\"@id\":\"https:\\\/\\\/newsinfoco.com.br\\\/inicio\\\/rodoviarios-de-empresas-da-regiao-metropolitana-de-salvador-decretaram-greve-nesta-segunda24-mais-de-250-mil-pessoas-sao-afetadas\\\/#authorImage\",\"url\":\"https:\\\/\\\/secure.gravatar.com\\\/avatar\\\/c17a617433de8c1dc9584bb79aab7563b46f5bb7e1728c9b17d9cc3ce6a08e49?s=96&d=mm&r=g\",\"width\":96,\"height\":96,\"caption\":\"administrador\"}},{\"@type\":\"WebPage\",\"@id\":\"https:\\\/\\\/newsinfoco.com.br\\\/inicio\\\/rodoviarios-de-empresas-da-regiao-metropolitana-de-salvador-decretaram-greve-nesta-segunda24-mais-de-250-mil-pessoas-sao-afetadas\\\/#webpage\",\"url\":\"https:\\\/\\\/newsinfoco.com.br\\\/inicio\\\/rodoviarios-de-empresas-da-regiao-metropolitana-de-salvador-decretaram-greve-nesta-segunda24-mais-de-250-mil-pessoas-sao-afetadas\\\/\",\"name\":\"Rodovi\\u00e1rios de empresas da Regi\\u00e3o Metropolitana de Salvador decretaram greve nesta segunda(24); Mais de 250 mil pessoas s\\u00e3o afetadas - News In Foco - Editado por Caio Pimenta\",\"description\":\"Rodovi\\u00e1rios que trabalham no transporte metropolitano nas cidades vizinhas de Salvador (RMS) decretaram greve, por tempo indeterminado, na manh\\u00e3 desta segunda-feira (24). A categoria afirma que a medida foi tomada por falta de repasse da PEC das empresas, processo que inclui o pagamento da rescis\\u00e3o de duas empresas de transportes que atuavam na RMS e\",\"inLanguage\":\"pt-BR\",\"isPartOf\":{\"@id\":\"https:\\\/\\\/newsinfoco.com.br\\\/inicio\\\/#website\"},\"breadcrumb\":{\"@id\":\"https:\\\/\\\/newsinfoco.com.br\\\/inicio\\\/rodoviarios-de-empresas-da-regiao-metropolitana-de-salvador-decretaram-greve-nesta-segunda24-mais-de-250-mil-pessoas-sao-afetadas\\\/#breadcrumblist\"},\"author\":{\"@id\":\"https:\\\/\\\/newsinfoco.com.br\\\/inicio\\\/author\\\/administrador\\\/#author\"},\"creator\":{\"@id\":\"https:\\\/\\\/newsinfoco.com.br\\\/inicio\\\/author\\\/administrador\\\/#author\"},\"image\":{\"@type\":\"ImageObject\",\"url\":\"https:\\\/\\\/newsinfoco.com.br\\\/inicio\\\/wp-content\\\/uploads\\\/2023\\\/07\\\/whatsapp-image-2023-07-24-at-06.32.10.webp\",\"@id\":\"https:\\\/\\\/newsinfoco.com.br\\\/inicio\\\/rodoviarios-de-empresas-da-regiao-metropolitana-de-salvador-decretaram-greve-nesta-segunda24-mais-de-250-mil-pessoas-sao-afetadas\\\/#mainImage\",\"width\":984,\"height\":587},\"primaryImageOfPage\":{\"@id\":\"https:\\\/\\\/newsinfoco.com.br\\\/inicio\\\/rodoviarios-de-empresas-da-regiao-metropolitana-de-salvador-decretaram-greve-nesta-segunda24-mais-de-250-mil-pessoas-sao-afetadas\\\/#mainImage\"},\"datePublished\":\"2023-07-24T19:03:07-03:00\",\"dateModified\":\"2023-07-24T19:04:10-03:00\"},{\"@type\":\"WebSite\",\"@id\":\"https:\\\/\\\/newsinfoco.com.br\\\/inicio\\\/#website\",\"url\":\"https:\\\/\\\/newsinfoco.com.br\\\/inicio\\\/\",\"name\":\"News In Foco - Editado por Caio Pimenta\",\"description\":\"O principal site de noticias de Alagoinhas e regi\\u00e3o\",\"inLanguage\":\"pt-BR\",\"publisher\":{\"@id\":\"https:\\\/\\\/newsinfoco.com.br\\\/inicio\\\/#organization\"}}]}\n\t\t<\/script>\n\t\t<!-- All in One SEO -->\n\n","aioseo_head_json":{"title":"Rodovi\u00e1rios de empresas da Regi\u00e3o Metropolitana de Salvador decretaram greve nesta segunda(24); Mais de 250 mil pessoas s\u00e3o afetadas - News In Foco - Editado por Caio Pimenta","description":"Rodovi\u00e1rios que trabalham no transporte metropolitano nas cidades vizinhas de Salvador (RMS) decretaram greve, por tempo indeterminado, na manh\u00e3 desta segunda-feira (24). A categoria afirma que a medida foi tomada por falta de repasse da PEC das empresas, processo que inclui o pagamento da rescis\u00e3o de duas empresas de transportes que atuavam na RMS e","canonical_url":"https:\/\/newsinfoco.com.br\/inicio\/rodoviarios-de-empresas-da-regiao-metropolitana-de-salvador-decretaram-greve-nesta-segunda24-mais-de-250-mil-pessoas-sao-afetadas\/","robots":"max-image-preview:large","keywords":"","webmasterTools":{"miscellaneous":""},"schema":{"@context":"https:\/\/schema.org","@graph":[{"@type":"BlogPosting","@id":"https:\/\/newsinfoco.com.br\/inicio\/rodoviarios-de-empresas-da-regiao-metropolitana-de-salvador-decretaram-greve-nesta-segunda24-mais-de-250-mil-pessoas-sao-afetadas\/#blogposting","name":"Rodovi\u00e1rios de empresas da Regi\u00e3o Metropolitana de Salvador decretaram greve nesta segunda(24); Mais de 250 mil pessoas s\u00e3o afetadas - News In Foco - Editado por Caio Pimenta","headline":"Rodovi\u00e1rios de empresas da Regi\u00e3o Metropolitana de Salvador decretaram greve nesta segunda(24); Mais de 250 mil pessoas s\u00e3o afetadas","author":{"@id":"https:\/\/newsinfoco.com.br\/inicio\/author\/administrador\/#author"},"publisher":{"@id":"https:\/\/newsinfoco.com.br\/inicio\/#organization"},"image":{"@type":"ImageObject","url":"https:\/\/newsinfoco.com.br\/inicio\/wp-content\/uploads\/2023\/07\/whatsapp-image-2023-07-24-at-06.32.10.webp","width":984,"height":587},"datePublished":"2023-07-24T19:03:07-03:00","dateModified":"2023-07-24T19:04:10-03:00","inLanguage":"pt-BR","mainEntityOfPage":{"@id":"https:\/\/newsinfoco.com.br\/inicio\/rodoviarios-de-empresas-da-regiao-metropolitana-de-salvador-decretaram-greve-nesta-segunda24-mais-de-250-mil-pessoas-sao-afetadas\/#webpage"},"isPartOf":{"@id":"https:\/\/newsinfoco.com.br\/inicio\/rodoviarios-de-empresas-da-regiao-metropolitana-de-salvador-decretaram-greve-nesta-segunda24-mais-de-250-mil-pessoas-sao-afetadas\/#webpage"},"articleSection":"Bahia"},{"@type":"BreadcrumbList","@id":"https:\/\/newsinfoco.com.br\/inicio\/rodoviarios-de-empresas-da-regiao-metropolitana-de-salvador-decretaram-greve-nesta-segunda24-mais-de-250-mil-pessoas-sao-afetadas\/#breadcrumblist","itemListElement":[{"@type":"ListItem","@id":"https:\/\/newsinfoco.com.br\/inicio#listItem","position":1,"name":"In\u00edcio","item":"https:\/\/newsinfoco.com.br\/inicio","nextItem":{"@type":"ListItem","@id":"https:\/\/newsinfoco.com.br\/inicio\/category\/bahia\/#listItem","name":"Bahia"}},{"@type":"ListItem","@id":"https:\/\/newsinfoco.com.br\/inicio\/category\/bahia\/#listItem","position":2,"name":"Bahia","item":"https:\/\/newsinfoco.com.br\/inicio\/category\/bahia\/","nextItem":{"@type":"ListItem","@id":"https:\/\/newsinfoco.com.br\/inicio\/rodoviarios-de-empresas-da-regiao-metropolitana-de-salvador-decretaram-greve-nesta-segunda24-mais-de-250-mil-pessoas-sao-afetadas\/#listItem","name":"Rodovi\u00e1rios de empresas da Regi\u00e3o Metropolitana de Salvador decretaram greve nesta segunda(24); Mais de 250 mil pessoas s\u00e3o afetadas"},"previousItem":{"@type":"ListItem","@id":"https:\/\/newsinfoco.com.br\/inicio#listItem","name":"In\u00edcio"}},{"@type":"ListItem","@id":"https:\/\/newsinfoco.com.br\/inicio\/rodoviarios-de-empresas-da-regiao-metropolitana-de-salvador-decretaram-greve-nesta-segunda24-mais-de-250-mil-pessoas-sao-afetadas\/#listItem","position":3,"name":"Rodovi\u00e1rios de empresas da Regi\u00e3o Metropolitana de Salvador decretaram greve nesta segunda(24); Mais de 250 mil pessoas s\u00e3o afetadas","previousItem":{"@type":"ListItem","@id":"https:\/\/newsinfoco.com.br\/inicio\/category\/bahia\/#listItem","name":"Bahia"}}]},{"@type":"Organization","@id":"https:\/\/newsinfoco.com.br\/inicio\/#organization","name":"News In Foco - Editado por Caio Pimenta","description":"O principal site de noticias de Alagoinhas e regi\u00e3o","url":"https:\/\/newsinfoco.com.br\/inicio\/"},{"@type":"Person","@id":"https:\/\/newsinfoco.com.br\/inicio\/author\/administrador\/#author","url":"https:\/\/newsinfoco.com.br\/inicio\/author\/administrador\/","name":"administrador","image":{"@type":"ImageObject","@id":"https:\/\/newsinfoco.com.br\/inicio\/rodoviarios-de-empresas-da-regiao-metropolitana-de-salvador-decretaram-greve-nesta-segunda24-mais-de-250-mil-pessoas-sao-afetadas\/#authorImage","url":"https:\/\/secure.gravatar.com\/avatar\/c17a617433de8c1dc9584bb79aab7563b46f5bb7e1728c9b17d9cc3ce6a08e49?s=96&d=mm&r=g","width":96,"height":96,"caption":"administrador"}},{"@type":"WebPage","@id":"https:\/\/newsinfoco.com.br\/inicio\/rodoviarios-de-empresas-da-regiao-metropolitana-de-salvador-decretaram-greve-nesta-segunda24-mais-de-250-mil-pessoas-sao-afetadas\/#webpage","url":"https:\/\/newsinfoco.com.br\/inicio\/rodoviarios-de-empresas-da-regiao-metropolitana-de-salvador-decretaram-greve-nesta-segunda24-mais-de-250-mil-pessoas-sao-afetadas\/","name":"Rodovi\u00e1rios de empresas da Regi\u00e3o Metropolitana de Salvador decretaram greve nesta segunda(24); Mais de 250 mil pessoas s\u00e3o afetadas - News In Foco - Editado por Caio Pimenta","description":"Rodovi\u00e1rios que trabalham no transporte metropolitano nas cidades vizinhas de Salvador (RMS) decretaram greve, por tempo indeterminado, na manh\u00e3 desta segunda-feira (24). A categoria afirma que a medida foi tomada por falta de repasse da PEC das empresas, processo que inclui o pagamento da rescis\u00e3o de duas empresas de transportes que atuavam na RMS e","inLanguage":"pt-BR","isPartOf":{"@id":"https:\/\/newsinfoco.com.br\/inicio\/#website"},"breadcrumb":{"@id":"https:\/\/newsinfoco.com.br\/inicio\/rodoviarios-de-empresas-da-regiao-metropolitana-de-salvador-decretaram-greve-nesta-segunda24-mais-de-250-mil-pessoas-sao-afetadas\/#breadcrumblist"},"author":{"@id":"https:\/\/newsinfoco.com.br\/inicio\/author\/administrador\/#author"},"creator":{"@id":"https:\/\/newsinfoco.com.br\/inicio\/author\/administrador\/#author"},"image":{"@type":"ImageObject","url":"https:\/\/newsinfoco.com.br\/inicio\/wp-content\/uploads\/2023\/07\/whatsapp-image-2023-07-24-at-06.32.10.webp","@id":"https:\/\/newsinfoco.com.br\/inicio\/rodoviarios-de-empresas-da-regiao-metropolitana-de-salvador-decretaram-greve-nesta-segunda24-mais-de-250-mil-pessoas-sao-afetadas\/#mainImage","width":984,"height":587},"primaryImageOfPage":{"@id":"https:\/\/newsinfoco.com.br\/inicio\/rodoviarios-de-empresas-da-regiao-metropolitana-de-salvador-decretaram-greve-nesta-segunda24-mais-de-250-mil-pessoas-sao-afetadas\/#mainImage"},"datePublished":"2023-07-24T19:03:07-03:00","dateModified":"2023-07-24T19:04:10-03:00"},{"@type":"WebSite","@id":"https:\/\/newsinfoco.com.br\/inicio\/#website","url":"https:\/\/newsinfoco.com.br\/inicio\/","name":"News In Foco - Editado por Caio Pimenta","description":"O principal site de noticias de Alagoinhas e regi\u00e3o","inLanguage":"pt-BR","publisher":{"@id":"https:\/\/newsinfoco.com.br\/inicio\/#organization"}}]},"og:locale":"pt_BR","og:site_name":"News In Foco - Editado por Caio Pimenta - O principal site de noticias de Alagoinhas e regi\u00e3o","og:type":"article","og:title":"Rodovi\u00e1rios de empresas da Regi\u00e3o Metropolitana de Salvador decretaram greve nesta segunda(24); Mais de 250 mil pessoas s\u00e3o afetadas - News In Foco - Editado por Caio Pimenta","og:description":"Rodovi\u00e1rios que trabalham no transporte metropolitano nas cidades vizinhas de Salvador (RMS) decretaram greve, por tempo indeterminado, na manh\u00e3 desta segunda-feira (24). A categoria afirma que a medida foi tomada por falta de repasse da PEC das empresas, processo que inclui o pagamento da rescis\u00e3o de duas empresas de transportes que atuavam na RMS e","og:url":"https:\/\/newsinfoco.com.br\/inicio\/rodoviarios-de-empresas-da-regiao-metropolitana-de-salvador-decretaram-greve-nesta-segunda24-mais-de-250-mil-pessoas-sao-afetadas\/","article:published_time":"2023-07-24T22:03:07+00:00","article:modified_time":"2023-07-24T22:04:10+00:00","twitter:card":"summary_large_image","twitter:title":"Rodovi\u00e1rios de empresas da Regi\u00e3o Metropolitana de Salvador decretaram greve nesta segunda(24); Mais de 250 mil pessoas s\u00e3o afetadas - News In Foco - Editado por Caio Pimenta","twitter:description":"Rodovi\u00e1rios que trabalham no transporte metropolitano nas cidades vizinhas de Salvador (RMS) decretaram greve, por tempo indeterminado, na manh\u00e3 desta segunda-feira (24). A categoria afirma que a medida foi tomada por falta de repasse da PEC das empresas, processo que inclui o pagamento da rescis\u00e3o de duas empresas de transportes que atuavam na RMS e"},"aioseo_meta_data":{"post_id":"34682","title":null,"description":null,"keywords":[],"keyphrases":{"focus":{"keyphrase":"","score":0,"analysis":{"keyphraseInTitle":{"score":0,"maxScore":9,"error":1}}},"additional":[]},"primary_term":null,"canonical_url":null,"og_title":null,"og_description":null,"og_object_type":"default","og_image_type":"default","og_image_url":null,"og_image_width":null,"og_image_height":null,"og_image_custom_url":null,"og_image_custom_fields":null,"og_video":"","og_custom_url":null,"og_article_section":null,"og_article_tags":[],"twitter_use_og":false,"twitter_card":"default","twitter_image_type":"default","twitter_image_url":null,"twitter_image_custom_url":null,"twitter_image_custom_fields":null,"twitter_title":null,"twitter_description":null,"schema":{"blockGraphs":[],"customGraphs":[],"default":{"data":{"Article":[],"Course":[],"Dataset":[],"FAQPage":[],"Movie":[],"Person":[],"Product":[],"ProductReview":[],"Car":[],"Recipe":[],"Service":[],"SoftwareApplication":[],"WebPage":[]},"graphName":"BlogPosting","isEnabled":true},"graphs":[]},"schema_type":"default","schema_type_options":null,"pillar_content":false,"robots_default":true,"robots_noindex":false,"robots_noarchive":false,"robots_nosnippet":false,"robots_nofollow":false,"robots_noimageindex":false,"robots_noodp":false,"robots_notranslate":false,"robots_max_snippet":"-1","robots_max_videopreview":"-1","robots_max_imagepreview":"large","priority":null,"frequency":"default","local_seo":null,"breadcrumb_settings":null,"limit_modified_date":false,"ai":null,"created":"2023-07-24 22:03:07","updated":"2025-07-11 10:04:06","seo_analyzer_scan_date":null},"aioseo_breadcrumb":"<div class=\"aioseo-breadcrumbs\"><span class=\"aioseo-breadcrumb\">\n\t\t\t<a href=\"https:\/\/newsinfoco.com.br\/inicio\" title=\"In\u00edcio\">In\u00edcio<\/a>\n\t\t<\/span><span class=\"aioseo-breadcrumb-separator\">&raquo;<\/span><span class=\"aioseo-breadcrumb\">\n\t\t\t<a href=\"https:\/\/newsinfoco.com.br\/inicio\/category\/bahia\/\" title=\"Bahia\">Bahia<\/a>\n\t\t<\/span><span class=\"aioseo-breadcrumb-separator\">&raquo;<\/span><span class=\"aioseo-breadcrumb\">\n\t\t\tRodovi\u00e1rios de empresas da Regi\u00e3o Metropolitana de Salvador decretaram greve nesta segunda(24); Mais de 250 mil pessoas s\u00e3o afetadas\n\t\t<\/span><\/div>","aioseo_breadcrumb_json":[{"label":"In\u00edcio","link":"https:\/\/newsinfoco.com.br\/inicio"},{"label":"Bahia","link":"https:\/\/newsinfoco.com.br\/inicio\/category\/bahia\/"},{"label":"Rodovi\u00e1rios de empresas da Regi\u00e3o Metropolitana de Salvador decretaram greve nesta segunda(24); Mais de 250 mil pessoas s\u00e3o afetadas","link":"https:\/\/newsinfoco.com.br\/inicio\/rodoviarios-de-empresas-da-regiao-metropolitana-de-salvador-decretaram-greve-nesta-segunda24-mais-de-250-mil-pessoas-sao-afetadas\/"}],"_links":{"self":[{"href":"https:\/\/newsinfoco.com.br\/inicio\/wp-json\/wp\/v2\/posts\/34682","targetHints":{"allow":["GET"]}}],"collection":[{"href":"https:\/\/newsinfoco.com.br\/inicio\/wp-json\/wp\/v2\/posts"}],"about":[{"href":"https:\/\/newsinfoco.com.br\/inicio\/wp-json\/wp\/v2\/types\/post"}],"author":[{"embeddable":true,"href":"https:\/\/newsinfoco.com.br\/inicio\/wp-json\/wp\/v2\/users\/1"}],"replies":[{"embeddable":true,"href":"https:\/\/newsinfoco.com.br\/inicio\/wp-json\/wp\/v2\/comments?post=34682"}],"version-history":[{"count":2,"href":"https:\/\/newsinfoco.com.br\/inicio\/wp-json\/wp\/v2\/posts\/34682\/revisions"}],"predecessor-version":[{"id":34685,"href":"https:\/\/newsinfoco.com.br\/inicio\/wp-json\/wp\/v2\/posts\/34682\/revisions\/34685"}],"wp:featuredmedia":[{"embeddable":true,"href":"https:\/\/newsinfoco.com.br\/inicio\/wp-json\/wp\/v2\/media\/34683"}],"wp:attachment":[{"href":"https:\/\/newsinfoco.com.br\/inicio\/wp-json\/wp\/v2\/media?parent=34682"}],"wp:term":[{"taxonomy":"category","embeddable":true,"href":"https:\/\/newsinfoco.com.br\/inicio\/wp-json\/wp\/v2\/categories?post=34682"},{"taxonomy":"post_tag","embeddable":true,"href":"https:\/\/newsinfoco.com.br\/inicio\/wp-json\/wp\/v2\/tags?post=34682"}],"curies":[{"name":"wp","href":"https:\/\/api.w.org\/{rel}","templated":true}]}}