{"id":34696,"date":"2023-07-25T18:40:15","date_gmt":"2023-07-25T21:40:15","guid":{"rendered":"https:\/\/newsinfoco.com.br\/inicio\/?p=34696"},"modified":"2023-07-25T18:40:15","modified_gmt":"2023-07-25T21:40:15","slug":"preco-do-pedagio-e-reajustado-nas-brs-324-e-116","status":"publish","type":"post","link":"https:\/\/newsinfoco.com.br\/inicio\/preco-do-pedagio-e-reajustado-nas-brs-324-e-116\/","title":{"rendered":"Pre\u00e7o do ped\u00e1gio \u00e9 reajustado nas BRs 324 e 116"},"content":{"rendered":"<p>As tarifas do ped\u00e1gio nas BRs 324 e 116 ser\u00e3o reajustadas a partir de 00h desta quarta-feira (26) na Bahia. De acordo com a ViaBahia, concession\u00e1ria que administra as rodovias do estado, a cobran\u00e7a para autom\u00f3veis passa de R$ 5,50 para R$ 5,90, na BR 116, e de 3,20 para R$ 3,30, na BR 324.<\/p>\n<p>O aumento acontece ap\u00f3s decis\u00e3o da Ag\u00eancia Nacional de Transportes Terrestres (ANTT), publicada no Di\u00e1rio Oficial da Uni\u00e3o desta ter\u00e7a-feira (25) e passa valer nos trechos administrados pela Via Bahia da BR-324 \u2013 Rodovia Eng\u00b0 Vasco Filho \u2013 e da BR-116 \u2013 Rodovia Santos Dumont.<\/p>\n<p>Segundo a Via Bahia, a aplica\u00e7\u00e3o dos novos valores, j\u00e1 deveria ter ocorrido desde de dezembro de 2022, por conta da varia\u00e7\u00e3o do \u00cdndice Nacional de Pre\u00e7os ao Consumidor Amplo (IPCA) no per\u00edodo, conforme aponta o Contrato de Concess\u00e3o. Confira os novos valores:<\/p>\n<p><img loading=\"lazy\" decoding=\"async\" class=\"alignnone size-medium wp-image-1036532\" src=\"https:\/\/politicalivre.com.br\/wp-content\/uploads\/2023\/07\/tabela-tarifa-pedagio_divulgacao-225x230.jpg\" sizes=\"auto, (max-width: 984px) 100vw, 984px\" srcset=\"https:\/\/politicalivre.com.br\/wp-content\/uploads\/2023\/07\/tabela-tarifa-pedagio_divulgacao-225x230.jpg 225w, https:\/\/politicalivre.com.br\/wp-content\/uploads\/2023\/07\/tabela-tarifa-pedagio_divulgacao-570x584.jpg 570w, https:\/\/politicalivre.com.br\/wp-content\/uploads\/2023\/07\/tabela-tarifa-pedagio_divulgacao-768x787.jpg 768w, https:\/\/politicalivre.com.br\/wp-content\/uploads\/2023\/07\/tabela-tarifa-pedagio_divulgacao.jpg 984w\" alt=\"\" width=\"984\" height=\"1008\" \/><\/p>\n<p>&nbsp;<\/p>\n<p><span class=\"assinatura_exclusiva\">G1\/Bahia<\/span><\/p>\n<div class='share-to-whatsapp-wrapper'><div class='share-on-whsp'>Share on: <\/div><a data-text='Pre\u00e7o do ped\u00e1gio \u00e9 reajustado nas BRs 324 e 116' data-link='https:\/\/newsinfoco.com.br\/inicio\/preco-do-pedagio-e-reajustado-nas-brs-324-e-116\/' class='whatsapp-button whatsapp-share'>WhatsApp<\/a><div class='clear '><\/div><\/div>","protected":false},"excerpt":{"rendered":"<p>As tarifas do ped\u00e1gio nas BRs 324 e 116 ser\u00e3o reajustadas a partir de 00h desta quarta-feira (26) na Bahia. De acordo com a ViaBahia, concession\u00e1ria que administra as rodovias do estado, a cobran\u00e7a para autom\u00f3veis passa de R$ 5,50 para R$ 5,90, na BR 116, e de 3,20 para R$ 3,30, na BR 324. [&hellip;]<\/p>\n","protected":false},"author":1,"featured_media":26080,"comment_status":"closed","ping_status":"closed","sticky":false,"template":"","format":"standard","meta":{"om_disable_all_campaigns":false,"rop_custom_images_group":[],"rop_custom_messages_group":[],"rop_publish_now":"initial","rop_publish_now_accounts":[],"rop_publish_now_history":[],"rop_publish_now_status":"pending","_exactmetrics_skip_tracking":false,"footnotes":""},"categories":[19],"tags":[],"class_list":["post-34696","post","type-post","status-publish","format-standard","has-post-thumbnail","hentry","category-bahia"],"aioseo_notices":[],"aioseo_head":"\n\t\t<!-- All in One SEO 4.9.10 - aioseo.com -->\n\t<meta name=\"description\" content=\"As tarifas do ped\u00e1gio nas BRs 324 e 116 ser\u00e3o reajustadas a partir de 00h desta quarta-feira (26) na Bahia. De acordo com a ViaBahia, concession\u00e1ria que administra as rodovias do estado, a cobran\u00e7a para autom\u00f3veis passa de R$ 5,50 para R$ 5,90, na BR 116, e de 3,20 para R$ 3,30, na BR 324.\" \/>\n\t<meta name=\"robots\" content=\"max-image-preview:large\" \/>\n\t<meta name=\"author\" content=\"administrador\"\/>\n\t<link rel=\"canonical\" href=\"https:\/\/newsinfoco.com.br\/inicio\/preco-do-pedagio-e-reajustado-nas-brs-324-e-116\/\" \/>\n\t<meta name=\"generator\" content=\"All in One SEO (AIOSEO) 4.9.10\" \/>\n\t\t<meta property=\"og:locale\" content=\"pt_BR\" \/>\n\t\t<meta property=\"og:site_name\" content=\"News In Foco - Editado por Caio Pimenta - O principal site de noticias de Alagoinhas e regi\u00e3o\" \/>\n\t\t<meta property=\"og:type\" content=\"article\" \/>\n\t\t<meta property=\"og:title\" content=\"Pre\u00e7o do ped\u00e1gio \u00e9 reajustado nas BRs 324 e 116 - News In Foco - Editado por Caio Pimenta\" \/>\n\t\t<meta property=\"og:description\" content=\"As tarifas do ped\u00e1gio nas BRs 324 e 116 ser\u00e3o reajustadas a partir de 00h desta quarta-feira (26) na Bahia. De acordo com a ViaBahia, concession\u00e1ria que administra as rodovias do estado, a cobran\u00e7a para autom\u00f3veis passa de R$ 5,50 para R$ 5,90, na BR 116, e de 3,20 para R$ 3,30, na BR 324.\" \/>\n\t\t<meta property=\"og:url\" content=\"https:\/\/newsinfoco.com.br\/inicio\/preco-do-pedagio-e-reajustado-nas-brs-324-e-116\/\" \/>\n\t\t<meta property=\"article:published_time\" content=\"2023-07-25T21:40:15+00:00\" \/>\n\t\t<meta property=\"article:modified_time\" content=\"2023-07-25T21:40:15+00:00\" \/>\n\t\t<meta name=\"twitter:card\" content=\"summary_large_image\" \/>\n\t\t<meta name=\"twitter:title\" content=\"Pre\u00e7o do ped\u00e1gio \u00e9 reajustado nas BRs 324 e 116 - News In Foco - Editado por Caio Pimenta\" \/>\n\t\t<meta name=\"twitter:description\" content=\"As tarifas do ped\u00e1gio nas BRs 324 e 116 ser\u00e3o reajustadas a partir de 00h desta quarta-feira (26) na Bahia. De acordo com a ViaBahia, concession\u00e1ria que administra as rodovias do estado, a cobran\u00e7a para autom\u00f3veis passa de R$ 5,50 para R$ 5,90, na BR 116, e de 3,20 para R$ 3,30, na BR 324.\" \/>\n\t\t<script type=\"application\/ld+json\" class=\"aioseo-schema\">\n\t\t\t{\"@context\":\"https:\\\/\\\/schema.org\",\"@graph\":[{\"@type\":\"BlogPosting\",\"@id\":\"https:\\\/\\\/newsinfoco.com.br\\\/inicio\\\/preco-do-pedagio-e-reajustado-nas-brs-324-e-116\\\/#blogposting\",\"name\":\"Pre\\u00e7o do ped\\u00e1gio \\u00e9 reajustado nas BRs 324 e 116 - News In Foco - Editado por Caio Pimenta\",\"headline\":\"Pre\\u00e7o do ped\\u00e1gio \\u00e9 reajustado nas BRs 324 e 116\",\"author\":{\"@id\":\"https:\\\/\\\/newsinfoco.com.br\\\/inicio\\\/author\\\/administrador\\\/#author\"},\"publisher\":{\"@id\":\"https:\\\/\\\/newsinfoco.com.br\\\/inicio\\\/#organization\"},\"image\":{\"@type\":\"ImageObject\",\"url\":\"https:\\\/\\\/newsinfoco.com.br\\\/inicio\\\/wp-content\\\/uploads\\\/2021\\\/08\\\/Via_Bahia.jpg\",\"width\":540,\"height\":405},\"datePublished\":\"2023-07-25T18:40:15-03:00\",\"dateModified\":\"2023-07-25T18:40:15-03:00\",\"inLanguage\":\"pt-BR\",\"mainEntityOfPage\":{\"@id\":\"https:\\\/\\\/newsinfoco.com.br\\\/inicio\\\/preco-do-pedagio-e-reajustado-nas-brs-324-e-116\\\/#webpage\"},\"isPartOf\":{\"@id\":\"https:\\\/\\\/newsinfoco.com.br\\\/inicio\\\/preco-do-pedagio-e-reajustado-nas-brs-324-e-116\\\/#webpage\"},\"articleSection\":\"Bahia\"},{\"@type\":\"BreadcrumbList\",\"@id\":\"https:\\\/\\\/newsinfoco.com.br\\\/inicio\\\/preco-do-pedagio-e-reajustado-nas-brs-324-e-116\\\/#breadcrumblist\",\"itemListElement\":[{\"@type\":\"ListItem\",\"@id\":\"https:\\\/\\\/newsinfoco.com.br\\\/inicio#listItem\",\"position\":1,\"name\":\"In\\u00edcio\",\"item\":\"https:\\\/\\\/newsinfoco.com.br\\\/inicio\",\"nextItem\":{\"@type\":\"ListItem\",\"@id\":\"https:\\\/\\\/newsinfoco.com.br\\\/inicio\\\/category\\\/bahia\\\/#listItem\",\"name\":\"Bahia\"}},{\"@type\":\"ListItem\",\"@id\":\"https:\\\/\\\/newsinfoco.com.br\\\/inicio\\\/category\\\/bahia\\\/#listItem\",\"position\":2,\"name\":\"Bahia\",\"item\":\"https:\\\/\\\/newsinfoco.com.br\\\/inicio\\\/category\\\/bahia\\\/\",\"nextItem\":{\"@type\":\"ListItem\",\"@id\":\"https:\\\/\\\/newsinfoco.com.br\\\/inicio\\\/preco-do-pedagio-e-reajustado-nas-brs-324-e-116\\\/#listItem\",\"name\":\"Pre\\u00e7o do ped\\u00e1gio \\u00e9 reajustado nas BRs 324 e 116\"},\"previousItem\":{\"@type\":\"ListItem\",\"@id\":\"https:\\\/\\\/newsinfoco.com.br\\\/inicio#listItem\",\"name\":\"In\\u00edcio\"}},{\"@type\":\"ListItem\",\"@id\":\"https:\\\/\\\/newsinfoco.com.br\\\/inicio\\\/preco-do-pedagio-e-reajustado-nas-brs-324-e-116\\\/#listItem\",\"position\":3,\"name\":\"Pre\\u00e7o do ped\\u00e1gio \\u00e9 reajustado nas BRs 324 e 116\",\"previousItem\":{\"@type\":\"ListItem\",\"@id\":\"https:\\\/\\\/newsinfoco.com.br\\\/inicio\\\/category\\\/bahia\\\/#listItem\",\"name\":\"Bahia\"}}]},{\"@type\":\"Organization\",\"@id\":\"https:\\\/\\\/newsinfoco.com.br\\\/inicio\\\/#organization\",\"name\":\"News In Foco - Editado por Caio Pimenta\",\"description\":\"O principal site de noticias de Alagoinhas e regi\\u00e3o\",\"url\":\"https:\\\/\\\/newsinfoco.com.br\\\/inicio\\\/\"},{\"@type\":\"Person\",\"@id\":\"https:\\\/\\\/newsinfoco.com.br\\\/inicio\\\/author\\\/administrador\\\/#author\",\"url\":\"https:\\\/\\\/newsinfoco.com.br\\\/inicio\\\/author\\\/administrador\\\/\",\"name\":\"administrador\",\"image\":{\"@type\":\"ImageObject\",\"@id\":\"https:\\\/\\\/newsinfoco.com.br\\\/inicio\\\/preco-do-pedagio-e-reajustado-nas-brs-324-e-116\\\/#authorImage\",\"url\":\"https:\\\/\\\/secure.gravatar.com\\\/avatar\\\/c17a617433de8c1dc9584bb79aab7563b46f5bb7e1728c9b17d9cc3ce6a08e49?s=96&d=mm&r=g\",\"width\":96,\"height\":96,\"caption\":\"administrador\"}},{\"@type\":\"WebPage\",\"@id\":\"https:\\\/\\\/newsinfoco.com.br\\\/inicio\\\/preco-do-pedagio-e-reajustado-nas-brs-324-e-116\\\/#webpage\",\"url\":\"https:\\\/\\\/newsinfoco.com.br\\\/inicio\\\/preco-do-pedagio-e-reajustado-nas-brs-324-e-116\\\/\",\"name\":\"Pre\\u00e7o do ped\\u00e1gio \\u00e9 reajustado nas BRs 324 e 116 - News In Foco - Editado por Caio Pimenta\",\"description\":\"As tarifas do ped\\u00e1gio nas BRs 324 e 116 ser\\u00e3o reajustadas a partir de 00h desta quarta-feira (26) na Bahia. De acordo com a ViaBahia, concession\\u00e1ria que administra as rodovias do estado, a cobran\\u00e7a para autom\\u00f3veis passa de R$ 5,50 para R$ 5,90, na BR 116, e de 3,20 para R$ 3,30, na BR 324.\",\"inLanguage\":\"pt-BR\",\"isPartOf\":{\"@id\":\"https:\\\/\\\/newsinfoco.com.br\\\/inicio\\\/#website\"},\"breadcrumb\":{\"@id\":\"https:\\\/\\\/newsinfoco.com.br\\\/inicio\\\/preco-do-pedagio-e-reajustado-nas-brs-324-e-116\\\/#breadcrumblist\"},\"author\":{\"@id\":\"https:\\\/\\\/newsinfoco.com.br\\\/inicio\\\/author\\\/administrador\\\/#author\"},\"creator\":{\"@id\":\"https:\\\/\\\/newsinfoco.com.br\\\/inicio\\\/author\\\/administrador\\\/#author\"},\"image\":{\"@type\":\"ImageObject\",\"url\":\"https:\\\/\\\/newsinfoco.com.br\\\/inicio\\\/wp-content\\\/uploads\\\/2021\\\/08\\\/Via_Bahia.jpg\",\"@id\":\"https:\\\/\\\/newsinfoco.com.br\\\/inicio\\\/preco-do-pedagio-e-reajustado-nas-brs-324-e-116\\\/#mainImage\",\"width\":540,\"height\":405},\"primaryImageOfPage\":{\"@id\":\"https:\\\/\\\/newsinfoco.com.br\\\/inicio\\\/preco-do-pedagio-e-reajustado-nas-brs-324-e-116\\\/#mainImage\"},\"datePublished\":\"2023-07-25T18:40:15-03:00\",\"dateModified\":\"2023-07-25T18:40:15-03:00\"},{\"@type\":\"WebSite\",\"@id\":\"https:\\\/\\\/newsinfoco.com.br\\\/inicio\\\/#website\",\"url\":\"https:\\\/\\\/newsinfoco.com.br\\\/inicio\\\/\",\"name\":\"News In Foco - Editado por Caio Pimenta\",\"description\":\"O principal site de noticias de Alagoinhas e regi\\u00e3o\",\"inLanguage\":\"pt-BR\",\"publisher\":{\"@id\":\"https:\\\/\\\/newsinfoco.com.br\\\/inicio\\\/#organization\"}}]}\n\t\t<\/script>\n\t\t<!-- All in One SEO -->\n\n","aioseo_head_json":{"title":"Pre\u00e7o do ped\u00e1gio \u00e9 reajustado nas BRs 324 e 116 - News In Foco - Editado por Caio Pimenta","description":"As tarifas do ped\u00e1gio nas BRs 324 e 116 ser\u00e3o reajustadas a partir de 00h desta quarta-feira (26) na Bahia. De acordo com a ViaBahia, concession\u00e1ria que administra as rodovias do estado, a cobran\u00e7a para autom\u00f3veis passa de R$ 5,50 para R$ 5,90, na BR 116, e de 3,20 para R$ 3,30, na BR 324.","canonical_url":"https:\/\/newsinfoco.com.br\/inicio\/preco-do-pedagio-e-reajustado-nas-brs-324-e-116\/","robots":"max-image-preview:large","keywords":"","webmasterTools":{"miscellaneous":""},"schema":{"@context":"https:\/\/schema.org","@graph":[{"@type":"BlogPosting","@id":"https:\/\/newsinfoco.com.br\/inicio\/preco-do-pedagio-e-reajustado-nas-brs-324-e-116\/#blogposting","name":"Pre\u00e7o do ped\u00e1gio \u00e9 reajustado nas BRs 324 e 116 - News In Foco - Editado por Caio Pimenta","headline":"Pre\u00e7o do ped\u00e1gio \u00e9 reajustado nas BRs 324 e 116","author":{"@id":"https:\/\/newsinfoco.com.br\/inicio\/author\/administrador\/#author"},"publisher":{"@id":"https:\/\/newsinfoco.com.br\/inicio\/#organization"},"image":{"@type":"ImageObject","url":"https:\/\/newsinfoco.com.br\/inicio\/wp-content\/uploads\/2021\/08\/Via_Bahia.jpg","width":540,"height":405},"datePublished":"2023-07-25T18:40:15-03:00","dateModified":"2023-07-25T18:40:15-03:00","inLanguage":"pt-BR","mainEntityOfPage":{"@id":"https:\/\/newsinfoco.com.br\/inicio\/preco-do-pedagio-e-reajustado-nas-brs-324-e-116\/#webpage"},"isPartOf":{"@id":"https:\/\/newsinfoco.com.br\/inicio\/preco-do-pedagio-e-reajustado-nas-brs-324-e-116\/#webpage"},"articleSection":"Bahia"},{"@type":"BreadcrumbList","@id":"https:\/\/newsinfoco.com.br\/inicio\/preco-do-pedagio-e-reajustado-nas-brs-324-e-116\/#breadcrumblist","itemListElement":[{"@type":"ListItem","@id":"https:\/\/newsinfoco.com.br\/inicio#listItem","position":1,"name":"In\u00edcio","item":"https:\/\/newsinfoco.com.br\/inicio","nextItem":{"@type":"ListItem","@id":"https:\/\/newsinfoco.com.br\/inicio\/category\/bahia\/#listItem","name":"Bahia"}},{"@type":"ListItem","@id":"https:\/\/newsinfoco.com.br\/inicio\/category\/bahia\/#listItem","position":2,"name":"Bahia","item":"https:\/\/newsinfoco.com.br\/inicio\/category\/bahia\/","nextItem":{"@type":"ListItem","@id":"https:\/\/newsinfoco.com.br\/inicio\/preco-do-pedagio-e-reajustado-nas-brs-324-e-116\/#listItem","name":"Pre\u00e7o do ped\u00e1gio \u00e9 reajustado nas BRs 324 e 116"},"previousItem":{"@type":"ListItem","@id":"https:\/\/newsinfoco.com.br\/inicio#listItem","name":"In\u00edcio"}},{"@type":"ListItem","@id":"https:\/\/newsinfoco.com.br\/inicio\/preco-do-pedagio-e-reajustado-nas-brs-324-e-116\/#listItem","position":3,"name":"Pre\u00e7o do ped\u00e1gio \u00e9 reajustado nas BRs 324 e 116","previousItem":{"@type":"ListItem","@id":"https:\/\/newsinfoco.com.br\/inicio\/category\/bahia\/#listItem","name":"Bahia"}}]},{"@type":"Organization","@id":"https:\/\/newsinfoco.com.br\/inicio\/#organization","name":"News In Foco - Editado por Caio Pimenta","description":"O principal site de noticias de Alagoinhas e regi\u00e3o","url":"https:\/\/newsinfoco.com.br\/inicio\/"},{"@type":"Person","@id":"https:\/\/newsinfoco.com.br\/inicio\/author\/administrador\/#author","url":"https:\/\/newsinfoco.com.br\/inicio\/author\/administrador\/","name":"administrador","image":{"@type":"ImageObject","@id":"https:\/\/newsinfoco.com.br\/inicio\/preco-do-pedagio-e-reajustado-nas-brs-324-e-116\/#authorImage","url":"https:\/\/secure.gravatar.com\/avatar\/c17a617433de8c1dc9584bb79aab7563b46f5bb7e1728c9b17d9cc3ce6a08e49?s=96&d=mm&r=g","width":96,"height":96,"caption":"administrador"}},{"@type":"WebPage","@id":"https:\/\/newsinfoco.com.br\/inicio\/preco-do-pedagio-e-reajustado-nas-brs-324-e-116\/#webpage","url":"https:\/\/newsinfoco.com.br\/inicio\/preco-do-pedagio-e-reajustado-nas-brs-324-e-116\/","name":"Pre\u00e7o do ped\u00e1gio \u00e9 reajustado nas BRs 324 e 116 - News In Foco - Editado por Caio Pimenta","description":"As tarifas do ped\u00e1gio nas BRs 324 e 116 ser\u00e3o reajustadas a partir de 00h desta quarta-feira (26) na Bahia. De acordo com a ViaBahia, concession\u00e1ria que administra as rodovias do estado, a cobran\u00e7a para autom\u00f3veis passa de R$ 5,50 para R$ 5,90, na BR 116, e de 3,20 para R$ 3,30, na BR 324.","inLanguage":"pt-BR","isPartOf":{"@id":"https:\/\/newsinfoco.com.br\/inicio\/#website"},"breadcrumb":{"@id":"https:\/\/newsinfoco.com.br\/inicio\/preco-do-pedagio-e-reajustado-nas-brs-324-e-116\/#breadcrumblist"},"author":{"@id":"https:\/\/newsinfoco.com.br\/inicio\/author\/administrador\/#author"},"creator":{"@id":"https:\/\/newsinfoco.com.br\/inicio\/author\/administrador\/#author"},"image":{"@type":"ImageObject","url":"https:\/\/newsinfoco.com.br\/inicio\/wp-content\/uploads\/2021\/08\/Via_Bahia.jpg","@id":"https:\/\/newsinfoco.com.br\/inicio\/preco-do-pedagio-e-reajustado-nas-brs-324-e-116\/#mainImage","width":540,"height":405},"primaryImageOfPage":{"@id":"https:\/\/newsinfoco.com.br\/inicio\/preco-do-pedagio-e-reajustado-nas-brs-324-e-116\/#mainImage"},"datePublished":"2023-07-25T18:40:15-03:00","dateModified":"2023-07-25T18:40:15-03:00"},{"@type":"WebSite","@id":"https:\/\/newsinfoco.com.br\/inicio\/#website","url":"https:\/\/newsinfoco.com.br\/inicio\/","name":"News In Foco - Editado por Caio Pimenta","description":"O principal site de noticias de Alagoinhas e regi\u00e3o","inLanguage":"pt-BR","publisher":{"@id":"https:\/\/newsinfoco.com.br\/inicio\/#organization"}}]},"og:locale":"pt_BR","og:site_name":"News In Foco - Editado por Caio Pimenta - O principal site de noticias de Alagoinhas e regi\u00e3o","og:type":"article","og:title":"Pre\u00e7o do ped\u00e1gio \u00e9 reajustado nas BRs 324 e 116 - News In Foco - Editado por Caio Pimenta","og:description":"As tarifas do ped\u00e1gio nas BRs 324 e 116 ser\u00e3o reajustadas a partir de 00h desta quarta-feira (26) na Bahia. De acordo com a ViaBahia, concession\u00e1ria que administra as rodovias do estado, a cobran\u00e7a para autom\u00f3veis passa de R$ 5,50 para R$ 5,90, na BR 116, e de 3,20 para R$ 3,30, na BR 324.","og:url":"https:\/\/newsinfoco.com.br\/inicio\/preco-do-pedagio-e-reajustado-nas-brs-324-e-116\/","article:published_time":"2023-07-25T21:40:15+00:00","article:modified_time":"2023-07-25T21:40:15+00:00","twitter:card":"summary_large_image","twitter:title":"Pre\u00e7o do ped\u00e1gio \u00e9 reajustado nas BRs 324 e 116 - News In Foco - Editado por Caio Pimenta","twitter:description":"As tarifas do ped\u00e1gio nas BRs 324 e 116 ser\u00e3o reajustadas a partir de 00h desta quarta-feira (26) na Bahia. De acordo com a ViaBahia, concession\u00e1ria que administra as rodovias do estado, a cobran\u00e7a para autom\u00f3veis passa de R$ 5,50 para R$ 5,90, na BR 116, e de 3,20 para R$ 3,30, na BR 324."},"aioseo_meta_data":{"post_id":"34696","title":null,"description":null,"keywords":[],"keyphrases":{"focus":{"keyphrase":"","score":0,"analysis":{"keyphraseInTitle":{"score":0,"maxScore":9,"error":1}}},"additional":[]},"primary_term":null,"canonical_url":null,"og_title":null,"og_description":null,"og_object_type":"default","og_image_type":"default","og_image_url":null,"og_image_width":null,"og_image_height":null,"og_image_custom_url":null,"og_image_custom_fields":null,"og_video":"","og_custom_url":null,"og_article_section":null,"og_article_tags":[],"twitter_use_og":false,"twitter_card":"default","twitter_image_type":"default","twitter_image_url":null,"twitter_image_custom_url":null,"twitter_image_custom_fields":null,"twitter_title":null,"twitter_description":null,"schema":{"blockGraphs":[],"customGraphs":[],"default":{"data":{"Article":[],"Course":[],"Dataset":[],"FAQPage":[],"Movie":[],"Person":[],"Product":[],"ProductReview":[],"Car":[],"Recipe":[],"Service":[],"SoftwareApplication":[],"WebPage":[]},"graphName":"BlogPosting","isEnabled":true},"graphs":[]},"schema_type":"default","schema_type_options":null,"pillar_content":false,"robots_default":true,"robots_noindex":false,"robots_noarchive":false,"robots_nosnippet":false,"robots_nofollow":false,"robots_noimageindex":false,"robots_noodp":false,"robots_notranslate":false,"robots_max_snippet":"-1","robots_max_videopreview":"-1","robots_max_imagepreview":"large","priority":null,"frequency":"default","local_seo":null,"breadcrumb_settings":null,"limit_modified_date":false,"ai":null,"created":"2023-07-25 21:40:15","updated":"2025-07-11 10:04:06","seo_analyzer_scan_date":null},"aioseo_breadcrumb":"<div class=\"aioseo-breadcrumbs\"><span class=\"aioseo-breadcrumb\">\n\t\t\t<a href=\"https:\/\/newsinfoco.com.br\/inicio\" title=\"In\u00edcio\">In\u00edcio<\/a>\n\t\t<\/span><span class=\"aioseo-breadcrumb-separator\">&raquo;<\/span><span class=\"aioseo-breadcrumb\">\n\t\t\t<a href=\"https:\/\/newsinfoco.com.br\/inicio\/category\/bahia\/\" title=\"Bahia\">Bahia<\/a>\n\t\t<\/span><span class=\"aioseo-breadcrumb-separator\">&raquo;<\/span><span class=\"aioseo-breadcrumb\">\n\t\t\tPre\u00e7o do ped\u00e1gio \u00e9 reajustado nas BRs 324 e 116\n\t\t<\/span><\/div>","aioseo_breadcrumb_json":[{"label":"In\u00edcio","link":"https:\/\/newsinfoco.com.br\/inicio"},{"label":"Bahia","link":"https:\/\/newsinfoco.com.br\/inicio\/category\/bahia\/"},{"label":"Pre\u00e7o do ped\u00e1gio \u00e9 reajustado nas BRs 324 e 116","link":"https:\/\/newsinfoco.com.br\/inicio\/preco-do-pedagio-e-reajustado-nas-brs-324-e-116\/"}],"_links":{"self":[{"href":"https:\/\/newsinfoco.com.br\/inicio\/wp-json\/wp\/v2\/posts\/34696","targetHints":{"allow":["GET"]}}],"collection":[{"href":"https:\/\/newsinfoco.com.br\/inicio\/wp-json\/wp\/v2\/posts"}],"about":[{"href":"https:\/\/newsinfoco.com.br\/inicio\/wp-json\/wp\/v2\/types\/post"}],"author":[{"embeddable":true,"href":"https:\/\/newsinfoco.com.br\/inicio\/wp-json\/wp\/v2\/users\/1"}],"replies":[{"embeddable":true,"href":"https:\/\/newsinfoco.com.br\/inicio\/wp-json\/wp\/v2\/comments?post=34696"}],"version-history":[{"count":1,"href":"https:\/\/newsinfoco.com.br\/inicio\/wp-json\/wp\/v2\/posts\/34696\/revisions"}],"predecessor-version":[{"id":34697,"href":"https:\/\/newsinfoco.com.br\/inicio\/wp-json\/wp\/v2\/posts\/34696\/revisions\/34697"}],"wp:featuredmedia":[{"embeddable":true,"href":"https:\/\/newsinfoco.com.br\/inicio\/wp-json\/wp\/v2\/media\/26080"}],"wp:attachment":[{"href":"https:\/\/newsinfoco.com.br\/inicio\/wp-json\/wp\/v2\/media?parent=34696"}],"wp:term":[{"taxonomy":"category","embeddable":true,"href":"https:\/\/newsinfoco.com.br\/inicio\/wp-json\/wp\/v2\/categories?post=34696"},{"taxonomy":"post_tag","embeddable":true,"href":"https:\/\/newsinfoco.com.br\/inicio\/wp-json\/wp\/v2\/tags?post=34696"}],"curies":[{"name":"wp","href":"https:\/\/api.w.org\/{rel}","templated":true}]}}