{"id":34703,"date":"2023-07-26T16:54:05","date_gmt":"2023-07-26T19:54:05","guid":{"rendered":"https:\/\/newsinfoco.com.br\/inicio\/?p=34703"},"modified":"2023-07-26T16:54:05","modified_gmt":"2023-07-26T19:54:05","slug":"predio-de-ministerio-de-alckmin-e-esvaziado-apos-denuncia-de-bomba","status":"publish","type":"post","link":"https:\/\/newsinfoco.com.br\/inicio\/predio-de-ministerio-de-alckmin-e-esvaziado-apos-denuncia-de-bomba\/","title":{"rendered":"Pr\u00e9dio de minist\u00e9rio de Alckmin \u00e9 esvaziado ap\u00f3s denuncia de bomba"},"content":{"rendered":"<p>Os seguran\u00e7as do pr\u00e9dio que \u00e9 sede do Minist\u00e9rio do Desenvolvimento, Ind\u00fastria, Com\u00e9rcio e Servi\u00e7os acionaram, no final da manh\u00e3 desta quarta-feira (26), as for\u00e7as de seguran\u00e7a do Distrito Federal, ap\u00f3s a suspeita de bomba no local.<\/p>\n<p>A pasta entrou em contato com a Pol\u00edcia Militar do Distrito Federal por volta das 11h e, logo em seguida, junto com agentes da Pol\u00edcia Federal e do GSI, evacuaram e isolaram o edif\u00edcio por duas horas, at\u00e9 o final da varredura.<\/p>\n<p>Segundo a PMDF, eles foram chamados ap\u00f3s uma mala ser deixada pr\u00f3xima ao pr\u00e9dio com um exemplar da Constitui\u00e7\u00e3o e um bilhete escrito \u00e0 m\u00e3o \u201cAgradecendo a Deus\u201d mas, ap\u00f3s ser aberta, foram encontradas apenas roupas.<\/p>\n<p>Ministro e vice-presidente, Geraldo Alckmin (PSB), participava de uma reuni\u00e3o no Planalto e passar\u00e1 o resto do dia despachado do seu escrit\u00f3rio no local.<\/p>\n<p>&nbsp;<\/p>\n<p>Politicaaovivo<\/p>\n<div class='share-to-whatsapp-wrapper'><div class='share-on-whsp'>Share on: <\/div><a data-text='Pr\u00e9dio de minist\u00e9rio de Alckmin \u00e9 esvaziado ap\u00f3s denuncia de bomba' data-link='https:\/\/newsinfoco.com.br\/inicio\/predio-de-ministerio-de-alckmin-e-esvaziado-apos-denuncia-de-bomba\/' class='whatsapp-button whatsapp-share'>WhatsApp<\/a><div class='clear '><\/div><\/div>","protected":false},"excerpt":{"rendered":"<p>Os seguran\u00e7as do pr\u00e9dio que \u00e9 sede do Minist\u00e9rio do Desenvolvimento, Ind\u00fastria, Com\u00e9rcio e Servi\u00e7os acionaram, no final da manh\u00e3 desta quarta-feira (26), as for\u00e7as de seguran\u00e7a do Distrito Federal, ap\u00f3s a suspeita de bomba no local. A pasta entrou em contato com a Pol\u00edcia Militar do Distrito Federal por volta das 11h e, logo [&hellip;]<\/p>\n","protected":false},"author":1,"featured_media":10203,"comment_status":"closed","ping_status":"closed","sticky":false,"template":"","format":"standard","meta":{"om_disable_all_campaigns":false,"rop_custom_images_group":[],"rop_custom_messages_group":[],"rop_publish_now":"initial","rop_publish_now_accounts":[],"rop_publish_now_history":[],"rop_publish_now_status":"pending","_exactmetrics_skip_tracking":false,"footnotes":""},"categories":[21],"tags":[],"class_list":["post-34703","post","type-post","status-publish","format-standard","has-post-thumbnail","hentry","category-brasil"],"aioseo_notices":[],"aioseo_head":"\n\t\t<!-- All in One SEO 4.9.10 - aioseo.com -->\n\t<meta name=\"description\" content=\"Os seguran\u00e7as do pr\u00e9dio que \u00e9 sede do Minist\u00e9rio do Desenvolvimento, Ind\u00fastria, Com\u00e9rcio e Servi\u00e7os acionaram, no final da manh\u00e3 desta quarta-feira (26), as for\u00e7as de seguran\u00e7a do Distrito Federal, ap\u00f3s a suspeita de bomba no local. A pasta entrou em contato com a Pol\u00edcia Militar do Distrito Federal por volta das 11h e, logo\" \/>\n\t<meta name=\"robots\" content=\"max-image-preview:large\" \/>\n\t<meta name=\"author\" content=\"administrador\"\/>\n\t<link rel=\"canonical\" href=\"https:\/\/newsinfoco.com.br\/inicio\/predio-de-ministerio-de-alckmin-e-esvaziado-apos-denuncia-de-bomba\/\" \/>\n\t<meta name=\"generator\" content=\"All in One SEO (AIOSEO) 4.9.10\" \/>\n\t\t<meta property=\"og:locale\" content=\"pt_BR\" \/>\n\t\t<meta property=\"og:site_name\" content=\"News In Foco - Editado por Caio Pimenta - O principal site de noticias de Alagoinhas e regi\u00e3o\" \/>\n\t\t<meta property=\"og:type\" content=\"article\" \/>\n\t\t<meta property=\"og:title\" content=\"Pr\u00e9dio de minist\u00e9rio de Alckmin \u00e9 esvaziado ap\u00f3s denuncia de bomba - News In Foco - Editado por Caio Pimenta\" \/>\n\t\t<meta property=\"og:description\" content=\"Os seguran\u00e7as do pr\u00e9dio que \u00e9 sede do Minist\u00e9rio do Desenvolvimento, Ind\u00fastria, Com\u00e9rcio e Servi\u00e7os acionaram, no final da manh\u00e3 desta quarta-feira (26), as for\u00e7as de seguran\u00e7a do Distrito Federal, ap\u00f3s a suspeita de bomba no local. A pasta entrou em contato com a Pol\u00edcia Militar do Distrito Federal por volta das 11h e, logo\" \/>\n\t\t<meta property=\"og:url\" content=\"https:\/\/newsinfoco.com.br\/inicio\/predio-de-ministerio-de-alckmin-e-esvaziado-apos-denuncia-de-bomba\/\" \/>\n\t\t<meta property=\"article:published_time\" content=\"2023-07-26T19:54:05+00:00\" \/>\n\t\t<meta property=\"article:modified_time\" content=\"2023-07-26T19:54:05+00:00\" \/>\n\t\t<meta name=\"twitter:card\" content=\"summary_large_image\" \/>\n\t\t<meta name=\"twitter:title\" content=\"Pr\u00e9dio de minist\u00e9rio de Alckmin \u00e9 esvaziado ap\u00f3s denuncia de bomba - News In Foco - Editado por Caio Pimenta\" \/>\n\t\t<meta name=\"twitter:description\" content=\"Os seguran\u00e7as do pr\u00e9dio que \u00e9 sede do Minist\u00e9rio do Desenvolvimento, Ind\u00fastria, Com\u00e9rcio e Servi\u00e7os acionaram, no final da manh\u00e3 desta quarta-feira (26), as for\u00e7as de seguran\u00e7a do Distrito Federal, ap\u00f3s a suspeita de bomba no local. A pasta entrou em contato com a Pol\u00edcia Militar do Distrito Federal por volta das 11h e, logo\" \/>\n\t\t<script type=\"application\/ld+json\" class=\"aioseo-schema\">\n\t\t\t{\"@context\":\"https:\\\/\\\/schema.org\",\"@graph\":[{\"@type\":\"BlogPosting\",\"@id\":\"https:\\\/\\\/newsinfoco.com.br\\\/inicio\\\/predio-de-ministerio-de-alckmin-e-esvaziado-apos-denuncia-de-bomba\\\/#blogposting\",\"name\":\"Pr\\u00e9dio de minist\\u00e9rio de Alckmin \\u00e9 esvaziado ap\\u00f3s denuncia de bomba - News In Foco - Editado por Caio Pimenta\",\"headline\":\"Pr\\u00e9dio de minist\\u00e9rio de Alckmin \\u00e9 esvaziado ap\\u00f3s denuncia de bomba\",\"author\":{\"@id\":\"https:\\\/\\\/newsinfoco.com.br\\\/inicio\\\/author\\\/administrador\\\/#author\"},\"publisher\":{\"@id\":\"https:\\\/\\\/newsinfoco.com.br\\\/inicio\\\/#organization\"},\"image\":{\"@type\":\"ImageObject\",\"url\":\"https:\\\/\\\/newsinfoco.com.br\\\/inicio\\\/wp-content\\\/uploads\\\/2018\\\/10\\\/alckimin-1.jpg\",\"width\":590,\"height\":320},\"datePublished\":\"2023-07-26T16:54:05-03:00\",\"dateModified\":\"2023-07-26T16:54:05-03:00\",\"inLanguage\":\"pt-BR\",\"mainEntityOfPage\":{\"@id\":\"https:\\\/\\\/newsinfoco.com.br\\\/inicio\\\/predio-de-ministerio-de-alckmin-e-esvaziado-apos-denuncia-de-bomba\\\/#webpage\"},\"isPartOf\":{\"@id\":\"https:\\\/\\\/newsinfoco.com.br\\\/inicio\\\/predio-de-ministerio-de-alckmin-e-esvaziado-apos-denuncia-de-bomba\\\/#webpage\"},\"articleSection\":\"Brasil\"},{\"@type\":\"BreadcrumbList\",\"@id\":\"https:\\\/\\\/newsinfoco.com.br\\\/inicio\\\/predio-de-ministerio-de-alckmin-e-esvaziado-apos-denuncia-de-bomba\\\/#breadcrumblist\",\"itemListElement\":[{\"@type\":\"ListItem\",\"@id\":\"https:\\\/\\\/newsinfoco.com.br\\\/inicio#listItem\",\"position\":1,\"name\":\"In\\u00edcio\",\"item\":\"https:\\\/\\\/newsinfoco.com.br\\\/inicio\",\"nextItem\":{\"@type\":\"ListItem\",\"@id\":\"https:\\\/\\\/newsinfoco.com.br\\\/inicio\\\/category\\\/brasil\\\/#listItem\",\"name\":\"Brasil\"}},{\"@type\":\"ListItem\",\"@id\":\"https:\\\/\\\/newsinfoco.com.br\\\/inicio\\\/category\\\/brasil\\\/#listItem\",\"position\":2,\"name\":\"Brasil\",\"item\":\"https:\\\/\\\/newsinfoco.com.br\\\/inicio\\\/category\\\/brasil\\\/\",\"nextItem\":{\"@type\":\"ListItem\",\"@id\":\"https:\\\/\\\/newsinfoco.com.br\\\/inicio\\\/predio-de-ministerio-de-alckmin-e-esvaziado-apos-denuncia-de-bomba\\\/#listItem\",\"name\":\"Pr\\u00e9dio de minist\\u00e9rio de Alckmin \\u00e9 esvaziado ap\\u00f3s denuncia de bomba\"},\"previousItem\":{\"@type\":\"ListItem\",\"@id\":\"https:\\\/\\\/newsinfoco.com.br\\\/inicio#listItem\",\"name\":\"In\\u00edcio\"}},{\"@type\":\"ListItem\",\"@id\":\"https:\\\/\\\/newsinfoco.com.br\\\/inicio\\\/predio-de-ministerio-de-alckmin-e-esvaziado-apos-denuncia-de-bomba\\\/#listItem\",\"position\":3,\"name\":\"Pr\\u00e9dio de minist\\u00e9rio de Alckmin \\u00e9 esvaziado ap\\u00f3s denuncia de bomba\",\"previousItem\":{\"@type\":\"ListItem\",\"@id\":\"https:\\\/\\\/newsinfoco.com.br\\\/inicio\\\/category\\\/brasil\\\/#listItem\",\"name\":\"Brasil\"}}]},{\"@type\":\"Organization\",\"@id\":\"https:\\\/\\\/newsinfoco.com.br\\\/inicio\\\/#organization\",\"name\":\"News In Foco - Editado por Caio Pimenta\",\"description\":\"O principal site de noticias de Alagoinhas e regi\\u00e3o\",\"url\":\"https:\\\/\\\/newsinfoco.com.br\\\/inicio\\\/\"},{\"@type\":\"Person\",\"@id\":\"https:\\\/\\\/newsinfoco.com.br\\\/inicio\\\/author\\\/administrador\\\/#author\",\"url\":\"https:\\\/\\\/newsinfoco.com.br\\\/inicio\\\/author\\\/administrador\\\/\",\"name\":\"administrador\",\"image\":{\"@type\":\"ImageObject\",\"@id\":\"https:\\\/\\\/newsinfoco.com.br\\\/inicio\\\/predio-de-ministerio-de-alckmin-e-esvaziado-apos-denuncia-de-bomba\\\/#authorImage\",\"url\":\"https:\\\/\\\/secure.gravatar.com\\\/avatar\\\/c17a617433de8c1dc9584bb79aab7563b46f5bb7e1728c9b17d9cc3ce6a08e49?s=96&d=mm&r=g\",\"width\":96,\"height\":96,\"caption\":\"administrador\"}},{\"@type\":\"WebPage\",\"@id\":\"https:\\\/\\\/newsinfoco.com.br\\\/inicio\\\/predio-de-ministerio-de-alckmin-e-esvaziado-apos-denuncia-de-bomba\\\/#webpage\",\"url\":\"https:\\\/\\\/newsinfoco.com.br\\\/inicio\\\/predio-de-ministerio-de-alckmin-e-esvaziado-apos-denuncia-de-bomba\\\/\",\"name\":\"Pr\\u00e9dio de minist\\u00e9rio de Alckmin \\u00e9 esvaziado ap\\u00f3s denuncia de bomba - News In Foco - Editado por Caio Pimenta\",\"description\":\"Os seguran\\u00e7as do pr\\u00e9dio que \\u00e9 sede do Minist\\u00e9rio do Desenvolvimento, Ind\\u00fastria, Com\\u00e9rcio e Servi\\u00e7os acionaram, no final da manh\\u00e3 desta quarta-feira (26), as for\\u00e7as de seguran\\u00e7a do Distrito Federal, ap\\u00f3s a suspeita de bomba no local. A pasta entrou em contato com a Pol\\u00edcia Militar do Distrito Federal por volta das 11h e, logo\",\"inLanguage\":\"pt-BR\",\"isPartOf\":{\"@id\":\"https:\\\/\\\/newsinfoco.com.br\\\/inicio\\\/#website\"},\"breadcrumb\":{\"@id\":\"https:\\\/\\\/newsinfoco.com.br\\\/inicio\\\/predio-de-ministerio-de-alckmin-e-esvaziado-apos-denuncia-de-bomba\\\/#breadcrumblist\"},\"author\":{\"@id\":\"https:\\\/\\\/newsinfoco.com.br\\\/inicio\\\/author\\\/administrador\\\/#author\"},\"creator\":{\"@id\":\"https:\\\/\\\/newsinfoco.com.br\\\/inicio\\\/author\\\/administrador\\\/#author\"},\"image\":{\"@type\":\"ImageObject\",\"url\":\"https:\\\/\\\/newsinfoco.com.br\\\/inicio\\\/wp-content\\\/uploads\\\/2018\\\/10\\\/alckimin-1.jpg\",\"@id\":\"https:\\\/\\\/newsinfoco.com.br\\\/inicio\\\/predio-de-ministerio-de-alckmin-e-esvaziado-apos-denuncia-de-bomba\\\/#mainImage\",\"width\":590,\"height\":320},\"primaryImageOfPage\":{\"@id\":\"https:\\\/\\\/newsinfoco.com.br\\\/inicio\\\/predio-de-ministerio-de-alckmin-e-esvaziado-apos-denuncia-de-bomba\\\/#mainImage\"},\"datePublished\":\"2023-07-26T16:54:05-03:00\",\"dateModified\":\"2023-07-26T16:54:05-03:00\"},{\"@type\":\"WebSite\",\"@id\":\"https:\\\/\\\/newsinfoco.com.br\\\/inicio\\\/#website\",\"url\":\"https:\\\/\\\/newsinfoco.com.br\\\/inicio\\\/\",\"name\":\"News In Foco - Editado por Caio Pimenta\",\"description\":\"O principal site de noticias de Alagoinhas e regi\\u00e3o\",\"inLanguage\":\"pt-BR\",\"publisher\":{\"@id\":\"https:\\\/\\\/newsinfoco.com.br\\\/inicio\\\/#organization\"}}]}\n\t\t<\/script>\n\t\t<!-- All in One SEO -->\n\n","aioseo_head_json":{"title":"Pr\u00e9dio de minist\u00e9rio de Alckmin \u00e9 esvaziado ap\u00f3s denuncia de bomba - News In Foco - Editado por Caio Pimenta","description":"Os seguran\u00e7as do pr\u00e9dio que \u00e9 sede do Minist\u00e9rio do Desenvolvimento, Ind\u00fastria, Com\u00e9rcio e Servi\u00e7os acionaram, no final da manh\u00e3 desta quarta-feira (26), as for\u00e7as de seguran\u00e7a do Distrito Federal, ap\u00f3s a suspeita de bomba no local. A pasta entrou em contato com a Pol\u00edcia Militar do Distrito Federal por volta das 11h e, logo","canonical_url":"https:\/\/newsinfoco.com.br\/inicio\/predio-de-ministerio-de-alckmin-e-esvaziado-apos-denuncia-de-bomba\/","robots":"max-image-preview:large","keywords":"","webmasterTools":{"miscellaneous":""},"schema":{"@context":"https:\/\/schema.org","@graph":[{"@type":"BlogPosting","@id":"https:\/\/newsinfoco.com.br\/inicio\/predio-de-ministerio-de-alckmin-e-esvaziado-apos-denuncia-de-bomba\/#blogposting","name":"Pr\u00e9dio de minist\u00e9rio de Alckmin \u00e9 esvaziado ap\u00f3s denuncia de bomba - News In Foco - Editado por Caio Pimenta","headline":"Pr\u00e9dio de minist\u00e9rio de Alckmin \u00e9 esvaziado ap\u00f3s denuncia de bomba","author":{"@id":"https:\/\/newsinfoco.com.br\/inicio\/author\/administrador\/#author"},"publisher":{"@id":"https:\/\/newsinfoco.com.br\/inicio\/#organization"},"image":{"@type":"ImageObject","url":"https:\/\/newsinfoco.com.br\/inicio\/wp-content\/uploads\/2018\/10\/alckimin-1.jpg","width":590,"height":320},"datePublished":"2023-07-26T16:54:05-03:00","dateModified":"2023-07-26T16:54:05-03:00","inLanguage":"pt-BR","mainEntityOfPage":{"@id":"https:\/\/newsinfoco.com.br\/inicio\/predio-de-ministerio-de-alckmin-e-esvaziado-apos-denuncia-de-bomba\/#webpage"},"isPartOf":{"@id":"https:\/\/newsinfoco.com.br\/inicio\/predio-de-ministerio-de-alckmin-e-esvaziado-apos-denuncia-de-bomba\/#webpage"},"articleSection":"Brasil"},{"@type":"BreadcrumbList","@id":"https:\/\/newsinfoco.com.br\/inicio\/predio-de-ministerio-de-alckmin-e-esvaziado-apos-denuncia-de-bomba\/#breadcrumblist","itemListElement":[{"@type":"ListItem","@id":"https:\/\/newsinfoco.com.br\/inicio#listItem","position":1,"name":"In\u00edcio","item":"https:\/\/newsinfoco.com.br\/inicio","nextItem":{"@type":"ListItem","@id":"https:\/\/newsinfoco.com.br\/inicio\/category\/brasil\/#listItem","name":"Brasil"}},{"@type":"ListItem","@id":"https:\/\/newsinfoco.com.br\/inicio\/category\/brasil\/#listItem","position":2,"name":"Brasil","item":"https:\/\/newsinfoco.com.br\/inicio\/category\/brasil\/","nextItem":{"@type":"ListItem","@id":"https:\/\/newsinfoco.com.br\/inicio\/predio-de-ministerio-de-alckmin-e-esvaziado-apos-denuncia-de-bomba\/#listItem","name":"Pr\u00e9dio de minist\u00e9rio de Alckmin \u00e9 esvaziado ap\u00f3s denuncia de bomba"},"previousItem":{"@type":"ListItem","@id":"https:\/\/newsinfoco.com.br\/inicio#listItem","name":"In\u00edcio"}},{"@type":"ListItem","@id":"https:\/\/newsinfoco.com.br\/inicio\/predio-de-ministerio-de-alckmin-e-esvaziado-apos-denuncia-de-bomba\/#listItem","position":3,"name":"Pr\u00e9dio de minist\u00e9rio de Alckmin \u00e9 esvaziado ap\u00f3s denuncia de bomba","previousItem":{"@type":"ListItem","@id":"https:\/\/newsinfoco.com.br\/inicio\/category\/brasil\/#listItem","name":"Brasil"}}]},{"@type":"Organization","@id":"https:\/\/newsinfoco.com.br\/inicio\/#organization","name":"News In Foco - Editado por Caio Pimenta","description":"O principal site de noticias de Alagoinhas e regi\u00e3o","url":"https:\/\/newsinfoco.com.br\/inicio\/"},{"@type":"Person","@id":"https:\/\/newsinfoco.com.br\/inicio\/author\/administrador\/#author","url":"https:\/\/newsinfoco.com.br\/inicio\/author\/administrador\/","name":"administrador","image":{"@type":"ImageObject","@id":"https:\/\/newsinfoco.com.br\/inicio\/predio-de-ministerio-de-alckmin-e-esvaziado-apos-denuncia-de-bomba\/#authorImage","url":"https:\/\/secure.gravatar.com\/avatar\/c17a617433de8c1dc9584bb79aab7563b46f5bb7e1728c9b17d9cc3ce6a08e49?s=96&d=mm&r=g","width":96,"height":96,"caption":"administrador"}},{"@type":"WebPage","@id":"https:\/\/newsinfoco.com.br\/inicio\/predio-de-ministerio-de-alckmin-e-esvaziado-apos-denuncia-de-bomba\/#webpage","url":"https:\/\/newsinfoco.com.br\/inicio\/predio-de-ministerio-de-alckmin-e-esvaziado-apos-denuncia-de-bomba\/","name":"Pr\u00e9dio de minist\u00e9rio de Alckmin \u00e9 esvaziado ap\u00f3s denuncia de bomba - News In Foco - Editado por Caio Pimenta","description":"Os seguran\u00e7as do pr\u00e9dio que \u00e9 sede do Minist\u00e9rio do Desenvolvimento, Ind\u00fastria, Com\u00e9rcio e Servi\u00e7os acionaram, no final da manh\u00e3 desta quarta-feira (26), as for\u00e7as de seguran\u00e7a do Distrito Federal, ap\u00f3s a suspeita de bomba no local. A pasta entrou em contato com a Pol\u00edcia Militar do Distrito Federal por volta das 11h e, logo","inLanguage":"pt-BR","isPartOf":{"@id":"https:\/\/newsinfoco.com.br\/inicio\/#website"},"breadcrumb":{"@id":"https:\/\/newsinfoco.com.br\/inicio\/predio-de-ministerio-de-alckmin-e-esvaziado-apos-denuncia-de-bomba\/#breadcrumblist"},"author":{"@id":"https:\/\/newsinfoco.com.br\/inicio\/author\/administrador\/#author"},"creator":{"@id":"https:\/\/newsinfoco.com.br\/inicio\/author\/administrador\/#author"},"image":{"@type":"ImageObject","url":"https:\/\/newsinfoco.com.br\/inicio\/wp-content\/uploads\/2018\/10\/alckimin-1.jpg","@id":"https:\/\/newsinfoco.com.br\/inicio\/predio-de-ministerio-de-alckmin-e-esvaziado-apos-denuncia-de-bomba\/#mainImage","width":590,"height":320},"primaryImageOfPage":{"@id":"https:\/\/newsinfoco.com.br\/inicio\/predio-de-ministerio-de-alckmin-e-esvaziado-apos-denuncia-de-bomba\/#mainImage"},"datePublished":"2023-07-26T16:54:05-03:00","dateModified":"2023-07-26T16:54:05-03:00"},{"@type":"WebSite","@id":"https:\/\/newsinfoco.com.br\/inicio\/#website","url":"https:\/\/newsinfoco.com.br\/inicio\/","name":"News In Foco - Editado por Caio Pimenta","description":"O principal site de noticias de Alagoinhas e regi\u00e3o","inLanguage":"pt-BR","publisher":{"@id":"https:\/\/newsinfoco.com.br\/inicio\/#organization"}}]},"og:locale":"pt_BR","og:site_name":"News In Foco - Editado por Caio Pimenta - O principal site de noticias de Alagoinhas e regi\u00e3o","og:type":"article","og:title":"Pr\u00e9dio de minist\u00e9rio de Alckmin \u00e9 esvaziado ap\u00f3s denuncia de bomba - News In Foco - Editado por Caio Pimenta","og:description":"Os seguran\u00e7as do pr\u00e9dio que \u00e9 sede do Minist\u00e9rio do Desenvolvimento, Ind\u00fastria, Com\u00e9rcio e Servi\u00e7os acionaram, no final da manh\u00e3 desta quarta-feira (26), as for\u00e7as de seguran\u00e7a do Distrito Federal, ap\u00f3s a suspeita de bomba no local. A pasta entrou em contato com a Pol\u00edcia Militar do Distrito Federal por volta das 11h e, logo","og:url":"https:\/\/newsinfoco.com.br\/inicio\/predio-de-ministerio-de-alckmin-e-esvaziado-apos-denuncia-de-bomba\/","article:published_time":"2023-07-26T19:54:05+00:00","article:modified_time":"2023-07-26T19:54:05+00:00","twitter:card":"summary_large_image","twitter:title":"Pr\u00e9dio de minist\u00e9rio de Alckmin \u00e9 esvaziado ap\u00f3s denuncia de bomba - News In Foco - Editado por Caio Pimenta","twitter:description":"Os seguran\u00e7as do pr\u00e9dio que \u00e9 sede do Minist\u00e9rio do Desenvolvimento, Ind\u00fastria, Com\u00e9rcio e Servi\u00e7os acionaram, no final da manh\u00e3 desta quarta-feira (26), as for\u00e7as de seguran\u00e7a do Distrito Federal, ap\u00f3s a suspeita de bomba no local. A pasta entrou em contato com a Pol\u00edcia Militar do Distrito Federal por volta das 11h e, logo"},"aioseo_meta_data":{"post_id":"34703","title":null,"description":null,"keywords":[],"keyphrases":{"focus":{"keyphrase":"","score":0,"analysis":{"keyphraseInTitle":{"score":0,"maxScore":9,"error":1}}},"additional":[]},"primary_term":null,"canonical_url":null,"og_title":null,"og_description":null,"og_object_type":"default","og_image_type":"default","og_image_url":null,"og_image_width":null,"og_image_height":null,"og_image_custom_url":null,"og_image_custom_fields":null,"og_video":"","og_custom_url":null,"og_article_section":null,"og_article_tags":[],"twitter_use_og":false,"twitter_card":"default","twitter_image_type":"default","twitter_image_url":null,"twitter_image_custom_url":null,"twitter_image_custom_fields":null,"twitter_title":null,"twitter_description":null,"schema":{"blockGraphs":[],"customGraphs":[],"default":{"data":{"Article":[],"Course":[],"Dataset":[],"FAQPage":[],"Movie":[],"Person":[],"Product":[],"ProductReview":[],"Car":[],"Recipe":[],"Service":[],"SoftwareApplication":[],"WebPage":[]},"graphName":"BlogPosting","isEnabled":true},"graphs":[]},"schema_type":"default","schema_type_options":null,"pillar_content":false,"robots_default":true,"robots_noindex":false,"robots_noarchive":false,"robots_nosnippet":false,"robots_nofollow":false,"robots_noimageindex":false,"robots_noodp":false,"robots_notranslate":false,"robots_max_snippet":"-1","robots_max_videopreview":"-1","robots_max_imagepreview":"large","priority":null,"frequency":"default","local_seo":null,"breadcrumb_settings":null,"limit_modified_date":false,"ai":null,"created":"2023-07-26 19:54:05","updated":"2025-07-11 10:04:06","seo_analyzer_scan_date":null},"aioseo_breadcrumb":"<div class=\"aioseo-breadcrumbs\"><span class=\"aioseo-breadcrumb\">\n\t\t\t<a href=\"https:\/\/newsinfoco.com.br\/inicio\" title=\"In\u00edcio\">In\u00edcio<\/a>\n\t\t<\/span><span class=\"aioseo-breadcrumb-separator\">&raquo;<\/span><span class=\"aioseo-breadcrumb\">\n\t\t\t<a href=\"https:\/\/newsinfoco.com.br\/inicio\/category\/brasil\/\" title=\"Brasil\">Brasil<\/a>\n\t\t<\/span><span class=\"aioseo-breadcrumb-separator\">&raquo;<\/span><span class=\"aioseo-breadcrumb\">\n\t\t\tPr\u00e9dio de minist\u00e9rio de Alckmin \u00e9 esvaziado ap\u00f3s denuncia de bomba\n\t\t<\/span><\/div>","aioseo_breadcrumb_json":[{"label":"In\u00edcio","link":"https:\/\/newsinfoco.com.br\/inicio"},{"label":"Brasil","link":"https:\/\/newsinfoco.com.br\/inicio\/category\/brasil\/"},{"label":"Pr\u00e9dio de minist\u00e9rio de Alckmin \u00e9 esvaziado ap\u00f3s denuncia de bomba","link":"https:\/\/newsinfoco.com.br\/inicio\/predio-de-ministerio-de-alckmin-e-esvaziado-apos-denuncia-de-bomba\/"}],"_links":{"self":[{"href":"https:\/\/newsinfoco.com.br\/inicio\/wp-json\/wp\/v2\/posts\/34703","targetHints":{"allow":["GET"]}}],"collection":[{"href":"https:\/\/newsinfoco.com.br\/inicio\/wp-json\/wp\/v2\/posts"}],"about":[{"href":"https:\/\/newsinfoco.com.br\/inicio\/wp-json\/wp\/v2\/types\/post"}],"author":[{"embeddable":true,"href":"https:\/\/newsinfoco.com.br\/inicio\/wp-json\/wp\/v2\/users\/1"}],"replies":[{"embeddable":true,"href":"https:\/\/newsinfoco.com.br\/inicio\/wp-json\/wp\/v2\/comments?post=34703"}],"version-history":[{"count":1,"href":"https:\/\/newsinfoco.com.br\/inicio\/wp-json\/wp\/v2\/posts\/34703\/revisions"}],"predecessor-version":[{"id":34704,"href":"https:\/\/newsinfoco.com.br\/inicio\/wp-json\/wp\/v2\/posts\/34703\/revisions\/34704"}],"wp:featuredmedia":[{"embeddable":true,"href":"https:\/\/newsinfoco.com.br\/inicio\/wp-json\/wp\/v2\/media\/10203"}],"wp:attachment":[{"href":"https:\/\/newsinfoco.com.br\/inicio\/wp-json\/wp\/v2\/media?parent=34703"}],"wp:term":[{"taxonomy":"category","embeddable":true,"href":"https:\/\/newsinfoco.com.br\/inicio\/wp-json\/wp\/v2\/categories?post=34703"},{"taxonomy":"post_tag","embeddable":true,"href":"https:\/\/newsinfoco.com.br\/inicio\/wp-json\/wp\/v2\/tags?post=34703"}],"curies":[{"name":"wp","href":"https:\/\/api.w.org\/{rel}","templated":true}]}}