{"id":34705,"date":"2023-07-27T20:27:32","date_gmt":"2023-07-27T23:27:32","guid":{"rendered":"https:\/\/newsinfoco.com.br\/inicio\/?p=34705"},"modified":"2023-07-27T20:29:19","modified_gmt":"2023-07-27T23:29:19","slug":"na-tribuna-popular-da-camara-de-alagoinhas-dirigente-do-sinpa-critica-governo-municipal-e-afirma-que-greve-e-legitima","status":"publish","type":"post","link":"https:\/\/newsinfoco.com.br\/inicio\/na-tribuna-popular-da-camara-de-alagoinhas-dirigente-do-sinpa-critica-governo-municipal-e-afirma-que-greve-e-legitima\/","title":{"rendered":"Na tribuna popular da C\u00e2mara de Alagoinhas, dirigente do SINPA critica governo municipal e afirma que greve \u00e9 leg\u00edtima"},"content":{"rendered":"<p>Com o plen\u00e1rio da C\u00e2mara Municipal completamente lotado na tarde desta quinta-feira (27) por funcion\u00e1rios da Prefeitura de Alagoinhas, a sess\u00e3o ordin\u00e1ria do legislativo versou praticamente sobre a greve deflagrada ontem, a falta de di\u00e1logo do Executivo com o Sindicato dos Trabalhadores no Servi\u00e7o Municipal de Alagoinhas (SINPA) e as reivindica\u00e7\u00f5es da categoria.<\/p>\n<p>Na Tribuna Popular, Sandra Margareth, diretora do sindicato, afirmou \u201cque o motivo de nossa vinda a esta Casa \u00e9 para solicitar apoio \u00e0 nossa luta\u201d. A dirigente sindical disse que \u201ca pauta de reivindica\u00e7\u00e3o n\u00e3o \u00e9 estranha aos vereadores e as vereadoras, tendo em vista que o SINPA, ao construir esta pauta, fizemos contato com todos os vereadores\u201d. \u201cUma pauta que n\u00e3o tem nada de novidade e de extraordin\u00e1rio. Estamos buscando o direito \u00e0 dignidade e de colocar o p\u00e3o na mesa, pois estamos com uma perda inflacion\u00e1ria de 20%\u201d, assegurou Sandra Margareth.<\/p>\n<p>Ela tamb\u00e9m falou sobre o valor do vale alimenta\u00e7\u00e3o, muito menor se comparado com o recebido pelos funcion\u00e1rios do SAAE, embora o regime estatut\u00e1rio seja o mesmo para os trabalhadores da autarquia e da prefeitura. Uma das pautas do atual movimento grevista \u00e9 a equipara\u00e7\u00e3o do valor. \u201cO prefeito Joaquim Neto antes de tomar posse se reuniu com o SINPA e garantiu que iria fazer a equipara\u00e7\u00e3o do valor da administra\u00e7\u00e3o direta com aquele praticado no SAAE\u201d, lembrou a dirigente sindical, acrescentando \u201cque n\u00e3o estamos contra os companheiros do SAAE\u201d.<\/p>\n<p>Na sequ\u00eancia, Sandra afirmou que \u201cn\u00f3s queremos valoriza\u00e7\u00e3o e respeito, coisa que n\u00e3o estamos tendo por parte do prefeito Joaquim Neto\u201d. Ela acusou a administra\u00e7\u00e3o de fazer manobra para boicotar a greve. Segundo Sandra, o prefeito teria ordenado o corte do vale transporte e do vale alimenta\u00e7\u00e3o ainda este m\u00eas e a proposta \u00e9 cortar o sal\u00e1rio do pr\u00f3ximo m\u00eas.\u00a0 \u201cA greve \u00e9 leg\u00edtima, \u00e9 justa, n\u00f3s s\u00f3 vamos arredar o p\u00e9 desta greve quando tivermos \u00eaxito ou por for\u00e7a judicial\u201d, completou.<\/p>\n<p>A vereadora Juci Cardoso, primeira parlamentar a falar sobre a greve, colocou seu mandato \u00e0 disposi\u00e7\u00e3o do funcionalismo da prefeitura. \u201cN\u00e3o tem outro caminho, \u00e9 a luta, e voc\u00eas podem contar integralmente com o nosso mandato\u201d, pontuou.<\/p>\n<p>O vereador Luciano Almeida afirmou que os trabalhadores est\u00e3o brigando por causas justas. Ele criticou a administra\u00e7\u00e3o municipal por direcionar apenas em 2023 mais de R$2 milh\u00f5es em subs\u00eddio para a \u00fanica empresa de transporte coletivo de Alagoinhas. O parlamentar tamb\u00e9m citou o excesso de estagi\u00e1rios na prefeitura, principalmente na Secretaria de Educa\u00e7\u00e3o.<\/p>\n<p>O vereador Jorge da Farinha, da base do governo, afirmou que \u201cn\u00e3o concorda com o que est\u00e3o fazendo com os servidores. \u201cJoaquim, sou governo, mas j\u00e1 passou da hora prefeito de sentar com os servidores. Vamos chegar a um denominador comum, tem que respeitar o sindicato que representa os servidores\u201d, salientou.<\/p>\n<p>Os vereadores Raimundo Gode, Anselmo Bal e Thor de Ninha tamb\u00e9m se solidarizaram com os funcion\u00e1rios da Prefeitura de Alagoinhas e colocaram seus mandatos \u00e0 disposi\u00e7\u00e3o da categoria. Os tr\u00eas avaliam que o movimento grevista \u00e9 justo.<\/p>\n<p>&nbsp;<\/p>\n<p>Ascom Camara<\/p>\n<div class='share-to-whatsapp-wrapper'><div class='share-on-whsp'>Share on: <\/div><a data-text='Na tribuna popular da C\u00e2mara de Alagoinhas, dirigente do SINPA critica governo municipal e afirma que greve \u00e9 leg\u00edtima' data-link='https:\/\/newsinfoco.com.br\/inicio\/na-tribuna-popular-da-camara-de-alagoinhas-dirigente-do-sinpa-critica-governo-municipal-e-afirma-que-greve-e-legitima\/' class='whatsapp-button whatsapp-share'>WhatsApp<\/a><div class='clear '><\/div><\/div>","protected":false},"excerpt":{"rendered":"<p>Com o plen\u00e1rio da C\u00e2mara Municipal completamente lotado na tarde desta quinta-feira (27) por funcion\u00e1rios da Prefeitura de Alagoinhas, a sess\u00e3o ordin\u00e1ria do legislativo versou praticamente sobre a greve deflagrada ontem, a falta de di\u00e1logo do Executivo com o Sindicato dos Trabalhadores no Servi\u00e7o Municipal de Alagoinhas (SINPA) e as reivindica\u00e7\u00f5es da categoria. Na Tribuna [&hellip;]<\/p>\n","protected":false},"author":1,"featured_media":34706,"comment_status":"closed","ping_status":"closed","sticky":false,"template":"","format":"standard","meta":{"om_disable_all_campaigns":false,"rop_custom_images_group":[],"rop_custom_messages_group":[],"rop_publish_now":"initial","rop_publish_now_accounts":[],"rop_publish_now_history":[],"rop_publish_now_status":"pending","_exactmetrics_skip_tracking":false,"footnotes":""},"categories":[38,167],"tags":[],"class_list":["post-34705","post","type-post","status-publish","format-standard","has-post-thumbnail","hentry","category-alagoinhas-e-regiao","category-exclusivas"],"aioseo_notices":[],"aioseo_head":"\n\t\t<!-- All in One SEO 4.9.10 - aioseo.com -->\n\t<meta name=\"description\" content=\"Com o plen\u00e1rio da C\u00e2mara Municipal completamente lotado na tarde desta quinta-feira (27) por funcion\u00e1rios da Prefeitura de Alagoinhas, a sess\u00e3o ordin\u00e1ria do legislativo versou praticamente sobre a greve deflagrada ontem, a falta de di\u00e1logo do Executivo com o Sindicato dos Trabalhadores no Servi\u00e7o Municipal de Alagoinhas (SINPA) e as reivindica\u00e7\u00f5es da categoria. Na Tribuna\" \/>\n\t<meta name=\"robots\" content=\"max-image-preview:large\" \/>\n\t<meta name=\"author\" content=\"administrador\"\/>\n\t<link rel=\"canonical\" href=\"https:\/\/newsinfoco.com.br\/inicio\/na-tribuna-popular-da-camara-de-alagoinhas-dirigente-do-sinpa-critica-governo-municipal-e-afirma-que-greve-e-legitima\/\" \/>\n\t<meta name=\"generator\" content=\"All in One SEO (AIOSEO) 4.9.10\" \/>\n\t\t<meta property=\"og:locale\" content=\"pt_BR\" \/>\n\t\t<meta property=\"og:site_name\" content=\"News In Foco - Editado por Caio Pimenta - O principal site de noticias de Alagoinhas e regi\u00e3o\" \/>\n\t\t<meta property=\"og:type\" content=\"article\" \/>\n\t\t<meta property=\"og:title\" content=\"Na tribuna popular da C\u00e2mara de Alagoinhas, dirigente do SINPA critica governo municipal e afirma que greve \u00e9 leg\u00edtima - News In Foco - Editado por Caio Pimenta\" \/>\n\t\t<meta property=\"og:description\" content=\"Com o plen\u00e1rio da C\u00e2mara Municipal completamente lotado na tarde desta quinta-feira (27) por funcion\u00e1rios da Prefeitura de Alagoinhas, a sess\u00e3o ordin\u00e1ria do legislativo versou praticamente sobre a greve deflagrada ontem, a falta de di\u00e1logo do Executivo com o Sindicato dos Trabalhadores no Servi\u00e7o Municipal de Alagoinhas (SINPA) e as reivindica\u00e7\u00f5es da categoria. Na Tribuna\" \/>\n\t\t<meta property=\"og:url\" content=\"https:\/\/newsinfoco.com.br\/inicio\/na-tribuna-popular-da-camara-de-alagoinhas-dirigente-do-sinpa-critica-governo-municipal-e-afirma-que-greve-e-legitima\/\" \/>\n\t\t<meta property=\"article:published_time\" content=\"2023-07-27T23:27:32+00:00\" \/>\n\t\t<meta property=\"article:modified_time\" content=\"2023-07-27T23:29:19+00:00\" \/>\n\t\t<meta name=\"twitter:card\" content=\"summary_large_image\" \/>\n\t\t<meta name=\"twitter:title\" content=\"Na tribuna popular da C\u00e2mara de Alagoinhas, dirigente do SINPA critica governo municipal e afirma que greve \u00e9 leg\u00edtima - News In Foco - Editado por Caio Pimenta\" \/>\n\t\t<meta name=\"twitter:description\" content=\"Com o plen\u00e1rio da C\u00e2mara Municipal completamente lotado na tarde desta quinta-feira (27) por funcion\u00e1rios da Prefeitura de Alagoinhas, a sess\u00e3o ordin\u00e1ria do legislativo versou praticamente sobre a greve deflagrada ontem, a falta de di\u00e1logo do Executivo com o Sindicato dos Trabalhadores no Servi\u00e7o Municipal de Alagoinhas (SINPA) e as reivindica\u00e7\u00f5es da categoria. Na Tribuna\" \/>\n\t\t<script type=\"application\/ld+json\" class=\"aioseo-schema\">\n\t\t\t{\"@context\":\"https:\\\/\\\/schema.org\",\"@graph\":[{\"@type\":\"BlogPosting\",\"@id\":\"https:\\\/\\\/newsinfoco.com.br\\\/inicio\\\/na-tribuna-popular-da-camara-de-alagoinhas-dirigente-do-sinpa-critica-governo-municipal-e-afirma-que-greve-e-legitima\\\/#blogposting\",\"name\":\"Na tribuna popular da C\\u00e2mara de Alagoinhas, dirigente do SINPA critica governo municipal e afirma que greve \\u00e9 leg\\u00edtima - News In Foco - Editado por Caio Pimenta\",\"headline\":\"Na tribuna popular da C\\u00e2mara de Alagoinhas, dirigente do SINPA critica governo municipal e afirma que greve \\u00e9 leg\\u00edtima\",\"author\":{\"@id\":\"https:\\\/\\\/newsinfoco.com.br\\\/inicio\\\/author\\\/administrador\\\/#author\"},\"publisher\":{\"@id\":\"https:\\\/\\\/newsinfoco.com.br\\\/inicio\\\/#organization\"},\"image\":{\"@type\":\"ImageObject\",\"url\":\"https:\\\/\\\/newsinfoco.com.br\\\/inicio\\\/wp-content\\\/uploads\\\/2023\\\/07\\\/na-tribuna-popular-dirigente-do-sinpa-critica-governo-municipal-e-afirma-que-greve-e-legitima-303x251-1.jpg\",\"width\":303,\"height\":251},\"datePublished\":\"2023-07-27T20:27:32-03:00\",\"dateModified\":\"2023-07-27T20:29:19-03:00\",\"inLanguage\":\"pt-BR\",\"mainEntityOfPage\":{\"@id\":\"https:\\\/\\\/newsinfoco.com.br\\\/inicio\\\/na-tribuna-popular-da-camara-de-alagoinhas-dirigente-do-sinpa-critica-governo-municipal-e-afirma-que-greve-e-legitima\\\/#webpage\"},\"isPartOf\":{\"@id\":\"https:\\\/\\\/newsinfoco.com.br\\\/inicio\\\/na-tribuna-popular-da-camara-de-alagoinhas-dirigente-do-sinpa-critica-governo-municipal-e-afirma-que-greve-e-legitima\\\/#webpage\"},\"articleSection\":\"Alagoinhas e Regi\\u00e3o, Manchete\"},{\"@type\":\"BreadcrumbList\",\"@id\":\"https:\\\/\\\/newsinfoco.com.br\\\/inicio\\\/na-tribuna-popular-da-camara-de-alagoinhas-dirigente-do-sinpa-critica-governo-municipal-e-afirma-que-greve-e-legitima\\\/#breadcrumblist\",\"itemListElement\":[{\"@type\":\"ListItem\",\"@id\":\"https:\\\/\\\/newsinfoco.com.br\\\/inicio#listItem\",\"position\":1,\"name\":\"In\\u00edcio\",\"item\":\"https:\\\/\\\/newsinfoco.com.br\\\/inicio\",\"nextItem\":{\"@type\":\"ListItem\",\"@id\":\"https:\\\/\\\/newsinfoco.com.br\\\/inicio\\\/category\\\/alagoinhas-e-regiao\\\/#listItem\",\"name\":\"Alagoinhas e Regi\\u00e3o\"}},{\"@type\":\"ListItem\",\"@id\":\"https:\\\/\\\/newsinfoco.com.br\\\/inicio\\\/category\\\/alagoinhas-e-regiao\\\/#listItem\",\"position\":2,\"name\":\"Alagoinhas e Regi\\u00e3o\",\"item\":\"https:\\\/\\\/newsinfoco.com.br\\\/inicio\\\/category\\\/alagoinhas-e-regiao\\\/\",\"nextItem\":{\"@type\":\"ListItem\",\"@id\":\"https:\\\/\\\/newsinfoco.com.br\\\/inicio\\\/na-tribuna-popular-da-camara-de-alagoinhas-dirigente-do-sinpa-critica-governo-municipal-e-afirma-que-greve-e-legitima\\\/#listItem\",\"name\":\"Na tribuna popular da C\\u00e2mara de Alagoinhas, dirigente do SINPA critica governo municipal e afirma que greve \\u00e9 leg\\u00edtima\"},\"previousItem\":{\"@type\":\"ListItem\",\"@id\":\"https:\\\/\\\/newsinfoco.com.br\\\/inicio#listItem\",\"name\":\"In\\u00edcio\"}},{\"@type\":\"ListItem\",\"@id\":\"https:\\\/\\\/newsinfoco.com.br\\\/inicio\\\/na-tribuna-popular-da-camara-de-alagoinhas-dirigente-do-sinpa-critica-governo-municipal-e-afirma-que-greve-e-legitima\\\/#listItem\",\"position\":3,\"name\":\"Na tribuna popular da C\\u00e2mara de Alagoinhas, dirigente do SINPA critica governo municipal e afirma que greve \\u00e9 leg\\u00edtima\",\"previousItem\":{\"@type\":\"ListItem\",\"@id\":\"https:\\\/\\\/newsinfoco.com.br\\\/inicio\\\/category\\\/alagoinhas-e-regiao\\\/#listItem\",\"name\":\"Alagoinhas e Regi\\u00e3o\"}}]},{\"@type\":\"Organization\",\"@id\":\"https:\\\/\\\/newsinfoco.com.br\\\/inicio\\\/#organization\",\"name\":\"News In Foco - Editado por Caio Pimenta\",\"description\":\"O principal site de noticias de Alagoinhas e regi\\u00e3o\",\"url\":\"https:\\\/\\\/newsinfoco.com.br\\\/inicio\\\/\"},{\"@type\":\"Person\",\"@id\":\"https:\\\/\\\/newsinfoco.com.br\\\/inicio\\\/author\\\/administrador\\\/#author\",\"url\":\"https:\\\/\\\/newsinfoco.com.br\\\/inicio\\\/author\\\/administrador\\\/\",\"name\":\"administrador\",\"image\":{\"@type\":\"ImageObject\",\"@id\":\"https:\\\/\\\/newsinfoco.com.br\\\/inicio\\\/na-tribuna-popular-da-camara-de-alagoinhas-dirigente-do-sinpa-critica-governo-municipal-e-afirma-que-greve-e-legitima\\\/#authorImage\",\"url\":\"https:\\\/\\\/secure.gravatar.com\\\/avatar\\\/c17a617433de8c1dc9584bb79aab7563b46f5bb7e1728c9b17d9cc3ce6a08e49?s=96&d=mm&r=g\",\"width\":96,\"height\":96,\"caption\":\"administrador\"}},{\"@type\":\"WebPage\",\"@id\":\"https:\\\/\\\/newsinfoco.com.br\\\/inicio\\\/na-tribuna-popular-da-camara-de-alagoinhas-dirigente-do-sinpa-critica-governo-municipal-e-afirma-que-greve-e-legitima\\\/#webpage\",\"url\":\"https:\\\/\\\/newsinfoco.com.br\\\/inicio\\\/na-tribuna-popular-da-camara-de-alagoinhas-dirigente-do-sinpa-critica-governo-municipal-e-afirma-que-greve-e-legitima\\\/\",\"name\":\"Na tribuna popular da C\\u00e2mara de Alagoinhas, dirigente do SINPA critica governo municipal e afirma que greve \\u00e9 leg\\u00edtima - News In Foco - Editado por Caio Pimenta\",\"description\":\"Com o plen\\u00e1rio da C\\u00e2mara Municipal completamente lotado na tarde desta quinta-feira (27) por funcion\\u00e1rios da Prefeitura de Alagoinhas, a sess\\u00e3o ordin\\u00e1ria do legislativo versou praticamente sobre a greve deflagrada ontem, a falta de di\\u00e1logo do Executivo com o Sindicato dos Trabalhadores no Servi\\u00e7o Municipal de Alagoinhas (SINPA) e as reivindica\\u00e7\\u00f5es da categoria. Na Tribuna\",\"inLanguage\":\"pt-BR\",\"isPartOf\":{\"@id\":\"https:\\\/\\\/newsinfoco.com.br\\\/inicio\\\/#website\"},\"breadcrumb\":{\"@id\":\"https:\\\/\\\/newsinfoco.com.br\\\/inicio\\\/na-tribuna-popular-da-camara-de-alagoinhas-dirigente-do-sinpa-critica-governo-municipal-e-afirma-que-greve-e-legitima\\\/#breadcrumblist\"},\"author\":{\"@id\":\"https:\\\/\\\/newsinfoco.com.br\\\/inicio\\\/author\\\/administrador\\\/#author\"},\"creator\":{\"@id\":\"https:\\\/\\\/newsinfoco.com.br\\\/inicio\\\/author\\\/administrador\\\/#author\"},\"image\":{\"@type\":\"ImageObject\",\"url\":\"https:\\\/\\\/newsinfoco.com.br\\\/inicio\\\/wp-content\\\/uploads\\\/2023\\\/07\\\/na-tribuna-popular-dirigente-do-sinpa-critica-governo-municipal-e-afirma-que-greve-e-legitima-303x251-1.jpg\",\"@id\":\"https:\\\/\\\/newsinfoco.com.br\\\/inicio\\\/na-tribuna-popular-da-camara-de-alagoinhas-dirigente-do-sinpa-critica-governo-municipal-e-afirma-que-greve-e-legitima\\\/#mainImage\",\"width\":303,\"height\":251},\"primaryImageOfPage\":{\"@id\":\"https:\\\/\\\/newsinfoco.com.br\\\/inicio\\\/na-tribuna-popular-da-camara-de-alagoinhas-dirigente-do-sinpa-critica-governo-municipal-e-afirma-que-greve-e-legitima\\\/#mainImage\"},\"datePublished\":\"2023-07-27T20:27:32-03:00\",\"dateModified\":\"2023-07-27T20:29:19-03:00\"},{\"@type\":\"WebSite\",\"@id\":\"https:\\\/\\\/newsinfoco.com.br\\\/inicio\\\/#website\",\"url\":\"https:\\\/\\\/newsinfoco.com.br\\\/inicio\\\/\",\"name\":\"News In Foco - Editado por Caio Pimenta\",\"description\":\"O principal site de noticias de Alagoinhas e regi\\u00e3o\",\"inLanguage\":\"pt-BR\",\"publisher\":{\"@id\":\"https:\\\/\\\/newsinfoco.com.br\\\/inicio\\\/#organization\"}}]}\n\t\t<\/script>\n\t\t<!-- All in One SEO -->\n\n","aioseo_head_json":{"title":"Na tribuna popular da C\u00e2mara de Alagoinhas, dirigente do SINPA critica governo municipal e afirma que greve \u00e9 leg\u00edtima - News In Foco - Editado por Caio Pimenta","description":"Com o plen\u00e1rio da C\u00e2mara Municipal completamente lotado na tarde desta quinta-feira (27) por funcion\u00e1rios da Prefeitura de Alagoinhas, a sess\u00e3o ordin\u00e1ria do legislativo versou praticamente sobre a greve deflagrada ontem, a falta de di\u00e1logo do Executivo com o Sindicato dos Trabalhadores no Servi\u00e7o Municipal de Alagoinhas (SINPA) e as reivindica\u00e7\u00f5es da categoria. Na Tribuna","canonical_url":"https:\/\/newsinfoco.com.br\/inicio\/na-tribuna-popular-da-camara-de-alagoinhas-dirigente-do-sinpa-critica-governo-municipal-e-afirma-que-greve-e-legitima\/","robots":"max-image-preview:large","keywords":"","webmasterTools":{"miscellaneous":""},"schema":{"@context":"https:\/\/schema.org","@graph":[{"@type":"BlogPosting","@id":"https:\/\/newsinfoco.com.br\/inicio\/na-tribuna-popular-da-camara-de-alagoinhas-dirigente-do-sinpa-critica-governo-municipal-e-afirma-que-greve-e-legitima\/#blogposting","name":"Na tribuna popular da C\u00e2mara de Alagoinhas, dirigente do SINPA critica governo municipal e afirma que greve \u00e9 leg\u00edtima - News In Foco - Editado por Caio Pimenta","headline":"Na tribuna popular da C\u00e2mara de Alagoinhas, dirigente do SINPA critica governo municipal e afirma que greve \u00e9 leg\u00edtima","author":{"@id":"https:\/\/newsinfoco.com.br\/inicio\/author\/administrador\/#author"},"publisher":{"@id":"https:\/\/newsinfoco.com.br\/inicio\/#organization"},"image":{"@type":"ImageObject","url":"https:\/\/newsinfoco.com.br\/inicio\/wp-content\/uploads\/2023\/07\/na-tribuna-popular-dirigente-do-sinpa-critica-governo-municipal-e-afirma-que-greve-e-legitima-303x251-1.jpg","width":303,"height":251},"datePublished":"2023-07-27T20:27:32-03:00","dateModified":"2023-07-27T20:29:19-03:00","inLanguage":"pt-BR","mainEntityOfPage":{"@id":"https:\/\/newsinfoco.com.br\/inicio\/na-tribuna-popular-da-camara-de-alagoinhas-dirigente-do-sinpa-critica-governo-municipal-e-afirma-que-greve-e-legitima\/#webpage"},"isPartOf":{"@id":"https:\/\/newsinfoco.com.br\/inicio\/na-tribuna-popular-da-camara-de-alagoinhas-dirigente-do-sinpa-critica-governo-municipal-e-afirma-que-greve-e-legitima\/#webpage"},"articleSection":"Alagoinhas e Regi\u00e3o, Manchete"},{"@type":"BreadcrumbList","@id":"https:\/\/newsinfoco.com.br\/inicio\/na-tribuna-popular-da-camara-de-alagoinhas-dirigente-do-sinpa-critica-governo-municipal-e-afirma-que-greve-e-legitima\/#breadcrumblist","itemListElement":[{"@type":"ListItem","@id":"https:\/\/newsinfoco.com.br\/inicio#listItem","position":1,"name":"In\u00edcio","item":"https:\/\/newsinfoco.com.br\/inicio","nextItem":{"@type":"ListItem","@id":"https:\/\/newsinfoco.com.br\/inicio\/category\/alagoinhas-e-regiao\/#listItem","name":"Alagoinhas e Regi\u00e3o"}},{"@type":"ListItem","@id":"https:\/\/newsinfoco.com.br\/inicio\/category\/alagoinhas-e-regiao\/#listItem","position":2,"name":"Alagoinhas e Regi\u00e3o","item":"https:\/\/newsinfoco.com.br\/inicio\/category\/alagoinhas-e-regiao\/","nextItem":{"@type":"ListItem","@id":"https:\/\/newsinfoco.com.br\/inicio\/na-tribuna-popular-da-camara-de-alagoinhas-dirigente-do-sinpa-critica-governo-municipal-e-afirma-que-greve-e-legitima\/#listItem","name":"Na tribuna popular da C\u00e2mara de Alagoinhas, dirigente do SINPA critica governo municipal e afirma que greve \u00e9 leg\u00edtima"},"previousItem":{"@type":"ListItem","@id":"https:\/\/newsinfoco.com.br\/inicio#listItem","name":"In\u00edcio"}},{"@type":"ListItem","@id":"https:\/\/newsinfoco.com.br\/inicio\/na-tribuna-popular-da-camara-de-alagoinhas-dirigente-do-sinpa-critica-governo-municipal-e-afirma-que-greve-e-legitima\/#listItem","position":3,"name":"Na tribuna popular da C\u00e2mara de Alagoinhas, dirigente do SINPA critica governo municipal e afirma que greve \u00e9 leg\u00edtima","previousItem":{"@type":"ListItem","@id":"https:\/\/newsinfoco.com.br\/inicio\/category\/alagoinhas-e-regiao\/#listItem","name":"Alagoinhas e Regi\u00e3o"}}]},{"@type":"Organization","@id":"https:\/\/newsinfoco.com.br\/inicio\/#organization","name":"News In Foco - Editado por Caio Pimenta","description":"O principal site de noticias de Alagoinhas e regi\u00e3o","url":"https:\/\/newsinfoco.com.br\/inicio\/"},{"@type":"Person","@id":"https:\/\/newsinfoco.com.br\/inicio\/author\/administrador\/#author","url":"https:\/\/newsinfoco.com.br\/inicio\/author\/administrador\/","name":"administrador","image":{"@type":"ImageObject","@id":"https:\/\/newsinfoco.com.br\/inicio\/na-tribuna-popular-da-camara-de-alagoinhas-dirigente-do-sinpa-critica-governo-municipal-e-afirma-que-greve-e-legitima\/#authorImage","url":"https:\/\/secure.gravatar.com\/avatar\/c17a617433de8c1dc9584bb79aab7563b46f5bb7e1728c9b17d9cc3ce6a08e49?s=96&d=mm&r=g","width":96,"height":96,"caption":"administrador"}},{"@type":"WebPage","@id":"https:\/\/newsinfoco.com.br\/inicio\/na-tribuna-popular-da-camara-de-alagoinhas-dirigente-do-sinpa-critica-governo-municipal-e-afirma-que-greve-e-legitima\/#webpage","url":"https:\/\/newsinfoco.com.br\/inicio\/na-tribuna-popular-da-camara-de-alagoinhas-dirigente-do-sinpa-critica-governo-municipal-e-afirma-que-greve-e-legitima\/","name":"Na tribuna popular da C\u00e2mara de Alagoinhas, dirigente do SINPA critica governo municipal e afirma que greve \u00e9 leg\u00edtima - News In Foco - Editado por Caio Pimenta","description":"Com o plen\u00e1rio da C\u00e2mara Municipal completamente lotado na tarde desta quinta-feira (27) por funcion\u00e1rios da Prefeitura de Alagoinhas, a sess\u00e3o ordin\u00e1ria do legislativo versou praticamente sobre a greve deflagrada ontem, a falta de di\u00e1logo do Executivo com o Sindicato dos Trabalhadores no Servi\u00e7o Municipal de Alagoinhas (SINPA) e as reivindica\u00e7\u00f5es da categoria. Na Tribuna","inLanguage":"pt-BR","isPartOf":{"@id":"https:\/\/newsinfoco.com.br\/inicio\/#website"},"breadcrumb":{"@id":"https:\/\/newsinfoco.com.br\/inicio\/na-tribuna-popular-da-camara-de-alagoinhas-dirigente-do-sinpa-critica-governo-municipal-e-afirma-que-greve-e-legitima\/#breadcrumblist"},"author":{"@id":"https:\/\/newsinfoco.com.br\/inicio\/author\/administrador\/#author"},"creator":{"@id":"https:\/\/newsinfoco.com.br\/inicio\/author\/administrador\/#author"},"image":{"@type":"ImageObject","url":"https:\/\/newsinfoco.com.br\/inicio\/wp-content\/uploads\/2023\/07\/na-tribuna-popular-dirigente-do-sinpa-critica-governo-municipal-e-afirma-que-greve-e-legitima-303x251-1.jpg","@id":"https:\/\/newsinfoco.com.br\/inicio\/na-tribuna-popular-da-camara-de-alagoinhas-dirigente-do-sinpa-critica-governo-municipal-e-afirma-que-greve-e-legitima\/#mainImage","width":303,"height":251},"primaryImageOfPage":{"@id":"https:\/\/newsinfoco.com.br\/inicio\/na-tribuna-popular-da-camara-de-alagoinhas-dirigente-do-sinpa-critica-governo-municipal-e-afirma-que-greve-e-legitima\/#mainImage"},"datePublished":"2023-07-27T20:27:32-03:00","dateModified":"2023-07-27T20:29:19-03:00"},{"@type":"WebSite","@id":"https:\/\/newsinfoco.com.br\/inicio\/#website","url":"https:\/\/newsinfoco.com.br\/inicio\/","name":"News In Foco - Editado por Caio Pimenta","description":"O principal site de noticias de Alagoinhas e regi\u00e3o","inLanguage":"pt-BR","publisher":{"@id":"https:\/\/newsinfoco.com.br\/inicio\/#organization"}}]},"og:locale":"pt_BR","og:site_name":"News In Foco - Editado por Caio Pimenta - O principal site de noticias de Alagoinhas e regi\u00e3o","og:type":"article","og:title":"Na tribuna popular da C\u00e2mara de Alagoinhas, dirigente do SINPA critica governo municipal e afirma que greve \u00e9 leg\u00edtima - News In Foco - Editado por Caio Pimenta","og:description":"Com o plen\u00e1rio da C\u00e2mara Municipal completamente lotado na tarde desta quinta-feira (27) por funcion\u00e1rios da Prefeitura de Alagoinhas, a sess\u00e3o ordin\u00e1ria do legislativo versou praticamente sobre a greve deflagrada ontem, a falta de di\u00e1logo do Executivo com o Sindicato dos Trabalhadores no Servi\u00e7o Municipal de Alagoinhas (SINPA) e as reivindica\u00e7\u00f5es da categoria. Na Tribuna","og:url":"https:\/\/newsinfoco.com.br\/inicio\/na-tribuna-popular-da-camara-de-alagoinhas-dirigente-do-sinpa-critica-governo-municipal-e-afirma-que-greve-e-legitima\/","article:published_time":"2023-07-27T23:27:32+00:00","article:modified_time":"2023-07-27T23:29:19+00:00","twitter:card":"summary_large_image","twitter:title":"Na tribuna popular da C\u00e2mara de Alagoinhas, dirigente do SINPA critica governo municipal e afirma que greve \u00e9 leg\u00edtima - News In Foco - Editado por Caio Pimenta","twitter:description":"Com o plen\u00e1rio da C\u00e2mara Municipal completamente lotado na tarde desta quinta-feira (27) por funcion\u00e1rios da Prefeitura de Alagoinhas, a sess\u00e3o ordin\u00e1ria do legislativo versou praticamente sobre a greve deflagrada ontem, a falta de di\u00e1logo do Executivo com o Sindicato dos Trabalhadores no Servi\u00e7o Municipal de Alagoinhas (SINPA) e as reivindica\u00e7\u00f5es da categoria. Na Tribuna"},"aioseo_meta_data":{"post_id":"34705","title":null,"description":null,"keywords":[],"keyphrases":{"focus":{"keyphrase":"","score":0,"analysis":{"keyphraseInTitle":{"score":0,"maxScore":9,"error":1}}},"additional":[]},"primary_term":null,"canonical_url":null,"og_title":null,"og_description":null,"og_object_type":"default","og_image_type":"default","og_image_url":null,"og_image_width":null,"og_image_height":null,"og_image_custom_url":null,"og_image_custom_fields":null,"og_video":"","og_custom_url":null,"og_article_section":null,"og_article_tags":[],"twitter_use_og":false,"twitter_card":"default","twitter_image_type":"default","twitter_image_url":null,"twitter_image_custom_url":null,"twitter_image_custom_fields":null,"twitter_title":null,"twitter_description":null,"schema":{"blockGraphs":[],"customGraphs":[],"default":{"data":{"Article":[],"Course":[],"Dataset":[],"FAQPage":[],"Movie":[],"Person":[],"Product":[],"ProductReview":[],"Car":[],"Recipe":[],"Service":[],"SoftwareApplication":[],"WebPage":[]},"graphName":"BlogPosting","isEnabled":true},"graphs":[]},"schema_type":"default","schema_type_options":null,"pillar_content":false,"robots_default":true,"robots_noindex":false,"robots_noarchive":false,"robots_nosnippet":false,"robots_nofollow":false,"robots_noimageindex":false,"robots_noodp":false,"robots_notranslate":false,"robots_max_snippet":"-1","robots_max_videopreview":"-1","robots_max_imagepreview":"large","priority":null,"frequency":"default","local_seo":null,"breadcrumb_settings":null,"limit_modified_date":false,"ai":null,"created":"2023-07-27 23:27:32","updated":"2025-07-11 10:04:06","seo_analyzer_scan_date":null},"aioseo_breadcrumb":"<div class=\"aioseo-breadcrumbs\"><span class=\"aioseo-breadcrumb\">\n\t\t\t<a href=\"https:\/\/newsinfoco.com.br\/inicio\" title=\"In\u00edcio\">In\u00edcio<\/a>\n\t\t<\/span><span class=\"aioseo-breadcrumb-separator\">&raquo;<\/span><span class=\"aioseo-breadcrumb\">\n\t\t\t<a href=\"https:\/\/newsinfoco.com.br\/inicio\/category\/alagoinhas-e-regiao\/\" title=\"Alagoinhas e Regi\u00e3o\">Alagoinhas e Regi\u00e3o<\/a>\n\t\t<\/span><span class=\"aioseo-breadcrumb-separator\">&raquo;<\/span><span class=\"aioseo-breadcrumb\">\n\t\t\tNa tribuna popular da C\u00e2mara de Alagoinhas, dirigente do SINPA critica governo municipal e afirma que greve \u00e9 leg\u00edtima\n\t\t<\/span><\/div>","aioseo_breadcrumb_json":[{"label":"In\u00edcio","link":"https:\/\/newsinfoco.com.br\/inicio"},{"label":"Alagoinhas e Regi\u00e3o","link":"https:\/\/newsinfoco.com.br\/inicio\/category\/alagoinhas-e-regiao\/"},{"label":"Na tribuna popular da C\u00e2mara de Alagoinhas, dirigente do SINPA critica governo municipal e afirma que greve \u00e9 leg\u00edtima","link":"https:\/\/newsinfoco.com.br\/inicio\/na-tribuna-popular-da-camara-de-alagoinhas-dirigente-do-sinpa-critica-governo-municipal-e-afirma-que-greve-e-legitima\/"}],"_links":{"self":[{"href":"https:\/\/newsinfoco.com.br\/inicio\/wp-json\/wp\/v2\/posts\/34705","targetHints":{"allow":["GET"]}}],"collection":[{"href":"https:\/\/newsinfoco.com.br\/inicio\/wp-json\/wp\/v2\/posts"}],"about":[{"href":"https:\/\/newsinfoco.com.br\/inicio\/wp-json\/wp\/v2\/types\/post"}],"author":[{"embeddable":true,"href":"https:\/\/newsinfoco.com.br\/inicio\/wp-json\/wp\/v2\/users\/1"}],"replies":[{"embeddable":true,"href":"https:\/\/newsinfoco.com.br\/inicio\/wp-json\/wp\/v2\/comments?post=34705"}],"version-history":[{"count":2,"href":"https:\/\/newsinfoco.com.br\/inicio\/wp-json\/wp\/v2\/posts\/34705\/revisions"}],"predecessor-version":[{"id":34708,"href":"https:\/\/newsinfoco.com.br\/inicio\/wp-json\/wp\/v2\/posts\/34705\/revisions\/34708"}],"wp:featuredmedia":[{"embeddable":true,"href":"https:\/\/newsinfoco.com.br\/inicio\/wp-json\/wp\/v2\/media\/34706"}],"wp:attachment":[{"href":"https:\/\/newsinfoco.com.br\/inicio\/wp-json\/wp\/v2\/media?parent=34705"}],"wp:term":[{"taxonomy":"category","embeddable":true,"href":"https:\/\/newsinfoco.com.br\/inicio\/wp-json\/wp\/v2\/categories?post=34705"},{"taxonomy":"post_tag","embeddable":true,"href":"https:\/\/newsinfoco.com.br\/inicio\/wp-json\/wp\/v2\/tags?post=34705"}],"curies":[{"name":"wp","href":"https:\/\/api.w.org\/{rel}","templated":true}]}}