{"id":34722,"date":"2023-07-30T20:18:51","date_gmt":"2023-07-30T23:18:51","guid":{"rendered":"https:\/\/newsinfoco.com.br\/inicio\/?p=34722"},"modified":"2023-07-30T20:18:51","modified_gmt":"2023-07-30T23:18:51","slug":"stf-confirma-que-verbas-do-fundeb-nao-podem-ser-usadas-para-pagar-honorarios-advocaticios","status":"publish","type":"post","link":"https:\/\/newsinfoco.com.br\/inicio\/stf-confirma-que-verbas-do-fundeb-nao-podem-ser-usadas-para-pagar-honorarios-advocaticios\/","title":{"rendered":"STF confirma que verbas do Fundeb n\u00e3o podem ser usadas para pagar honor\u00e1rios advocat\u00edcios"},"content":{"rendered":"<p>O STF confirmou entendimento sobre a impossibilidade de pagar a advogados que atuaram em causas de cobran\u00e7a das diferen\u00e7as do Fundeb (antigo Fundef) com recursos do pr\u00f3prio fundo. Segundo a decis\u00e3o, apenas as verbas relativas a juros de mora, incidentes sobre o precat\u00f3rio devido pela Uni\u00e3o, podem ser utilizadas para esta finalidade. A discuss\u00e3o ocorreu no RE 1428399, com repercuss\u00e3o geral reconhecida, que teve o m\u00e9rito julgado no plen\u00e1rio virtual (Tema 1.256).<\/p>\n<p>O recurso foi apresentado pelo munic\u00edpio de Campo Alegre\/AL e por um escrit\u00f3rio de advocacia contra decis\u00e3o do TRF da 5\u00aa regi\u00e3o que rejeitou a libera\u00e7\u00e3o de recursos do Fundeb para pagamento de honor\u00e1rios, por\u00e9m liberou o pagamento dos recursos educacionais para o mun\u00edcipio. Eles alegavam que \u00e9 poss\u00edvel pagar honor\u00e1rios contratuais com precat\u00f3rios do Fundeb e que, sem a atua\u00e7\u00e3o do escrit\u00f3rio, a popula\u00e7\u00e3o municipal teria perdido valores destinados \u00e0 educa\u00e7\u00e3o.<\/p>\n<p>Em manifesta\u00e7\u00e3o no plen\u00e1rio virtual, a presidente do STF, ministra Rosa Weber (relatora), observou que a controv\u00e9rsia sobre o pagamento de honor\u00e1rios contratuais por meio da reten\u00e7\u00e3o do precat\u00f3rio para o Fundeb\/Fundef pode causar reflexos sist\u00eamicos sobre a gest\u00e3o dos recursos p\u00fablicos destinados \u00e0 educa\u00e7\u00e3o.<\/p>\n<p>A ministra salientou que o entendimento predominante no tribunal, a partir do julgamento da ADPF 528, \u00e9 o de que os recursos destinados ao Fundeb\/Fundef est\u00e3o vinculados, constitucionalmente, a investimentos em educa\u00e7\u00e3o, sendo destinados exclusivamente a a\u00e7\u00f5es de desenvolvimento e manuten\u00e7\u00e3o do ensino. No entanto, a vincula\u00e7\u00e3o n\u00e3o se aplica aos juros de mora, que t\u00eam natureza jur\u00eddica aut\u00f4noma e podem ser utilizados para pagamento de honor\u00e1rios.<\/p>\n<p>A tese de repercuss\u00e3o geral fixada foi a seguinte:<\/p>\n<p>1. \u00c9 inconstitucional o emprego de verbas do Fundef\/Fundeb para pagamento de honor\u00e1rios advocat\u00edcios contratuais.<\/p>\n<p>2. \u00c9 poss\u00edvel a utiliza\u00e7\u00e3o dos juros de mora inseridos na condena\u00e7\u00e3o relativa a repasses de verba do Fundef para pagamento dos honor\u00e1rios contratuais.<\/p>\n<p>&nbsp;<\/p>\n<p><span class=\"assinatura_exclusiva\">Com informa\u00e7\u00f5es do site Migalhas<\/span><\/p>\n<div class='share-to-whatsapp-wrapper'><div class='share-on-whsp'>Share on: <\/div><a data-text='STF confirma que verbas do Fundeb n\u00e3o podem ser usadas para pagar honor\u00e1rios advocat\u00edcios' data-link='https:\/\/newsinfoco.com.br\/inicio\/stf-confirma-que-verbas-do-fundeb-nao-podem-ser-usadas-para-pagar-honorarios-advocaticios\/' class='whatsapp-button whatsapp-share'>WhatsApp<\/a><div class='clear '><\/div><\/div>","protected":false},"excerpt":{"rendered":"<p>O STF confirmou entendimento sobre a impossibilidade de pagar a advogados que atuaram em causas de cobran\u00e7a das diferen\u00e7as do Fundeb (antigo Fundef) com recursos do pr\u00f3prio fundo. Segundo a decis\u00e3o, apenas as verbas relativas a juros de mora, incidentes sobre o precat\u00f3rio devido pela Uni\u00e3o, podem ser utilizadas para esta finalidade. A discuss\u00e3o ocorreu [&hellip;]<\/p>\n","protected":false},"author":1,"featured_media":10689,"comment_status":"closed","ping_status":"closed","sticky":false,"template":"","format":"standard","meta":{"om_disable_all_campaigns":false,"rop_custom_images_group":[],"rop_custom_messages_group":[],"rop_publish_now":"initial","rop_publish_now_accounts":[],"rop_publish_now_history":[],"rop_publish_now_status":"pending","_exactmetrics_skip_tracking":false,"footnotes":""},"categories":[21],"tags":[],"class_list":["post-34722","post","type-post","status-publish","format-standard","has-post-thumbnail","hentry","category-brasil"],"aioseo_notices":[],"aioseo_head":"\n\t\t<!-- All in One SEO 4.9.10 - aioseo.com -->\n\t<meta name=\"description\" content=\"O STF confirmou entendimento sobre a impossibilidade de pagar a advogados que atuaram em causas de cobran\u00e7a das diferen\u00e7as do Fundeb (antigo Fundef) com recursos do pr\u00f3prio fundo. Segundo a decis\u00e3o, apenas as verbas relativas a juros de mora, incidentes sobre o precat\u00f3rio devido pela Uni\u00e3o, podem ser utilizadas para esta finalidade. A discuss\u00e3o ocorreu\" \/>\n\t<meta name=\"robots\" content=\"max-image-preview:large\" \/>\n\t<meta name=\"author\" content=\"administrador\"\/>\n\t<link rel=\"canonical\" href=\"https:\/\/newsinfoco.com.br\/inicio\/stf-confirma-que-verbas-do-fundeb-nao-podem-ser-usadas-para-pagar-honorarios-advocaticios\/\" \/>\n\t<meta name=\"generator\" content=\"All in One SEO (AIOSEO) 4.9.10\" \/>\n\t\t<meta property=\"og:locale\" content=\"pt_BR\" \/>\n\t\t<meta property=\"og:site_name\" content=\"News In Foco - Editado por Caio Pimenta - O principal site de noticias de Alagoinhas e regi\u00e3o\" \/>\n\t\t<meta property=\"og:type\" content=\"article\" \/>\n\t\t<meta property=\"og:title\" content=\"STF confirma que verbas do Fundeb n\u00e3o podem ser usadas para pagar honor\u00e1rios advocat\u00edcios - News In Foco - Editado por Caio Pimenta\" \/>\n\t\t<meta property=\"og:description\" content=\"O STF confirmou entendimento sobre a impossibilidade de pagar a advogados que atuaram em causas de cobran\u00e7a das diferen\u00e7as do Fundeb (antigo Fundef) com recursos do pr\u00f3prio fundo. Segundo a decis\u00e3o, apenas as verbas relativas a juros de mora, incidentes sobre o precat\u00f3rio devido pela Uni\u00e3o, podem ser utilizadas para esta finalidade. A discuss\u00e3o ocorreu\" \/>\n\t\t<meta property=\"og:url\" content=\"https:\/\/newsinfoco.com.br\/inicio\/stf-confirma-que-verbas-do-fundeb-nao-podem-ser-usadas-para-pagar-honorarios-advocaticios\/\" \/>\n\t\t<meta property=\"article:published_time\" content=\"2023-07-30T23:18:51+00:00\" \/>\n\t\t<meta property=\"article:modified_time\" content=\"2023-07-30T23:18:51+00:00\" \/>\n\t\t<meta name=\"twitter:card\" content=\"summary_large_image\" \/>\n\t\t<meta name=\"twitter:title\" content=\"STF confirma que verbas do Fundeb n\u00e3o podem ser usadas para pagar honor\u00e1rios advocat\u00edcios - News In Foco - Editado por Caio Pimenta\" \/>\n\t\t<meta name=\"twitter:description\" content=\"O STF confirmou entendimento sobre a impossibilidade de pagar a advogados que atuaram em causas de cobran\u00e7a das diferen\u00e7as do Fundeb (antigo Fundef) com recursos do pr\u00f3prio fundo. Segundo a decis\u00e3o, apenas as verbas relativas a juros de mora, incidentes sobre o precat\u00f3rio devido pela Uni\u00e3o, podem ser utilizadas para esta finalidade. A discuss\u00e3o ocorreu\" \/>\n\t\t<script type=\"application\/ld+json\" class=\"aioseo-schema\">\n\t\t\t{\"@context\":\"https:\\\/\\\/schema.org\",\"@graph\":[{\"@type\":\"BlogPosting\",\"@id\":\"https:\\\/\\\/newsinfoco.com.br\\\/inicio\\\/stf-confirma-que-verbas-do-fundeb-nao-podem-ser-usadas-para-pagar-honorarios-advocaticios\\\/#blogposting\",\"name\":\"STF confirma que verbas do Fundeb n\\u00e3o podem ser usadas para pagar honor\\u00e1rios advocat\\u00edcios - News In Foco - Editado por Caio Pimenta\",\"headline\":\"STF confirma que verbas do Fundeb n\\u00e3o podem ser usadas para pagar honor\\u00e1rios advocat\\u00edcios\",\"author\":{\"@id\":\"https:\\\/\\\/newsinfoco.com.br\\\/inicio\\\/author\\\/administrador\\\/#author\"},\"publisher\":{\"@id\":\"https:\\\/\\\/newsinfoco.com.br\\\/inicio\\\/#organization\"},\"image\":{\"@type\":\"ImageObject\",\"url\":\"https:\\\/\\\/newsinfoco.com.br\\\/inicio\\\/wp-content\\\/uploads\\\/2018\\\/10\\\/stf.jpg\",\"width\":590,\"height\":320},\"datePublished\":\"2023-07-30T20:18:51-03:00\",\"dateModified\":\"2023-07-30T20:18:51-03:00\",\"inLanguage\":\"pt-BR\",\"mainEntityOfPage\":{\"@id\":\"https:\\\/\\\/newsinfoco.com.br\\\/inicio\\\/stf-confirma-que-verbas-do-fundeb-nao-podem-ser-usadas-para-pagar-honorarios-advocaticios\\\/#webpage\"},\"isPartOf\":{\"@id\":\"https:\\\/\\\/newsinfoco.com.br\\\/inicio\\\/stf-confirma-que-verbas-do-fundeb-nao-podem-ser-usadas-para-pagar-honorarios-advocaticios\\\/#webpage\"},\"articleSection\":\"Brasil\"},{\"@type\":\"BreadcrumbList\",\"@id\":\"https:\\\/\\\/newsinfoco.com.br\\\/inicio\\\/stf-confirma-que-verbas-do-fundeb-nao-podem-ser-usadas-para-pagar-honorarios-advocaticios\\\/#breadcrumblist\",\"itemListElement\":[{\"@type\":\"ListItem\",\"@id\":\"https:\\\/\\\/newsinfoco.com.br\\\/inicio#listItem\",\"position\":1,\"name\":\"In\\u00edcio\",\"item\":\"https:\\\/\\\/newsinfoco.com.br\\\/inicio\",\"nextItem\":{\"@type\":\"ListItem\",\"@id\":\"https:\\\/\\\/newsinfoco.com.br\\\/inicio\\\/category\\\/brasil\\\/#listItem\",\"name\":\"Brasil\"}},{\"@type\":\"ListItem\",\"@id\":\"https:\\\/\\\/newsinfoco.com.br\\\/inicio\\\/category\\\/brasil\\\/#listItem\",\"position\":2,\"name\":\"Brasil\",\"item\":\"https:\\\/\\\/newsinfoco.com.br\\\/inicio\\\/category\\\/brasil\\\/\",\"nextItem\":{\"@type\":\"ListItem\",\"@id\":\"https:\\\/\\\/newsinfoco.com.br\\\/inicio\\\/stf-confirma-que-verbas-do-fundeb-nao-podem-ser-usadas-para-pagar-honorarios-advocaticios\\\/#listItem\",\"name\":\"STF confirma que verbas do Fundeb n\\u00e3o podem ser usadas para pagar honor\\u00e1rios advocat\\u00edcios\"},\"previousItem\":{\"@type\":\"ListItem\",\"@id\":\"https:\\\/\\\/newsinfoco.com.br\\\/inicio#listItem\",\"name\":\"In\\u00edcio\"}},{\"@type\":\"ListItem\",\"@id\":\"https:\\\/\\\/newsinfoco.com.br\\\/inicio\\\/stf-confirma-que-verbas-do-fundeb-nao-podem-ser-usadas-para-pagar-honorarios-advocaticios\\\/#listItem\",\"position\":3,\"name\":\"STF confirma que verbas do Fundeb n\\u00e3o podem ser usadas para pagar honor\\u00e1rios advocat\\u00edcios\",\"previousItem\":{\"@type\":\"ListItem\",\"@id\":\"https:\\\/\\\/newsinfoco.com.br\\\/inicio\\\/category\\\/brasil\\\/#listItem\",\"name\":\"Brasil\"}}]},{\"@type\":\"Organization\",\"@id\":\"https:\\\/\\\/newsinfoco.com.br\\\/inicio\\\/#organization\",\"name\":\"News In Foco - Editado por Caio Pimenta\",\"description\":\"O principal site de noticias de Alagoinhas e regi\\u00e3o\",\"url\":\"https:\\\/\\\/newsinfoco.com.br\\\/inicio\\\/\"},{\"@type\":\"Person\",\"@id\":\"https:\\\/\\\/newsinfoco.com.br\\\/inicio\\\/author\\\/administrador\\\/#author\",\"url\":\"https:\\\/\\\/newsinfoco.com.br\\\/inicio\\\/author\\\/administrador\\\/\",\"name\":\"administrador\",\"image\":{\"@type\":\"ImageObject\",\"@id\":\"https:\\\/\\\/newsinfoco.com.br\\\/inicio\\\/stf-confirma-que-verbas-do-fundeb-nao-podem-ser-usadas-para-pagar-honorarios-advocaticios\\\/#authorImage\",\"url\":\"https:\\\/\\\/secure.gravatar.com\\\/avatar\\\/c17a617433de8c1dc9584bb79aab7563b46f5bb7e1728c9b17d9cc3ce6a08e49?s=96&d=mm&r=g\",\"width\":96,\"height\":96,\"caption\":\"administrador\"}},{\"@type\":\"WebPage\",\"@id\":\"https:\\\/\\\/newsinfoco.com.br\\\/inicio\\\/stf-confirma-que-verbas-do-fundeb-nao-podem-ser-usadas-para-pagar-honorarios-advocaticios\\\/#webpage\",\"url\":\"https:\\\/\\\/newsinfoco.com.br\\\/inicio\\\/stf-confirma-que-verbas-do-fundeb-nao-podem-ser-usadas-para-pagar-honorarios-advocaticios\\\/\",\"name\":\"STF confirma que verbas do Fundeb n\\u00e3o podem ser usadas para pagar honor\\u00e1rios advocat\\u00edcios - News In Foco - Editado por Caio Pimenta\",\"description\":\"O STF confirmou entendimento sobre a impossibilidade de pagar a advogados que atuaram em causas de cobran\\u00e7a das diferen\\u00e7as do Fundeb (antigo Fundef) com recursos do pr\\u00f3prio fundo. Segundo a decis\\u00e3o, apenas as verbas relativas a juros de mora, incidentes sobre o precat\\u00f3rio devido pela Uni\\u00e3o, podem ser utilizadas para esta finalidade. A discuss\\u00e3o ocorreu\",\"inLanguage\":\"pt-BR\",\"isPartOf\":{\"@id\":\"https:\\\/\\\/newsinfoco.com.br\\\/inicio\\\/#website\"},\"breadcrumb\":{\"@id\":\"https:\\\/\\\/newsinfoco.com.br\\\/inicio\\\/stf-confirma-que-verbas-do-fundeb-nao-podem-ser-usadas-para-pagar-honorarios-advocaticios\\\/#breadcrumblist\"},\"author\":{\"@id\":\"https:\\\/\\\/newsinfoco.com.br\\\/inicio\\\/author\\\/administrador\\\/#author\"},\"creator\":{\"@id\":\"https:\\\/\\\/newsinfoco.com.br\\\/inicio\\\/author\\\/administrador\\\/#author\"},\"image\":{\"@type\":\"ImageObject\",\"url\":\"https:\\\/\\\/newsinfoco.com.br\\\/inicio\\\/wp-content\\\/uploads\\\/2018\\\/10\\\/stf.jpg\",\"@id\":\"https:\\\/\\\/newsinfoco.com.br\\\/inicio\\\/stf-confirma-que-verbas-do-fundeb-nao-podem-ser-usadas-para-pagar-honorarios-advocaticios\\\/#mainImage\",\"width\":590,\"height\":320},\"primaryImageOfPage\":{\"@id\":\"https:\\\/\\\/newsinfoco.com.br\\\/inicio\\\/stf-confirma-que-verbas-do-fundeb-nao-podem-ser-usadas-para-pagar-honorarios-advocaticios\\\/#mainImage\"},\"datePublished\":\"2023-07-30T20:18:51-03:00\",\"dateModified\":\"2023-07-30T20:18:51-03:00\"},{\"@type\":\"WebSite\",\"@id\":\"https:\\\/\\\/newsinfoco.com.br\\\/inicio\\\/#website\",\"url\":\"https:\\\/\\\/newsinfoco.com.br\\\/inicio\\\/\",\"name\":\"News In Foco - Editado por Caio Pimenta\",\"description\":\"O principal site de noticias de Alagoinhas e regi\\u00e3o\",\"inLanguage\":\"pt-BR\",\"publisher\":{\"@id\":\"https:\\\/\\\/newsinfoco.com.br\\\/inicio\\\/#organization\"}}]}\n\t\t<\/script>\n\t\t<!-- All in One SEO -->\n\n","aioseo_head_json":{"title":"STF confirma que verbas do Fundeb n\u00e3o podem ser usadas para pagar honor\u00e1rios advocat\u00edcios - News In Foco - Editado por Caio Pimenta","description":"O STF confirmou entendimento sobre a impossibilidade de pagar a advogados que atuaram em causas de cobran\u00e7a das diferen\u00e7as do Fundeb (antigo Fundef) com recursos do pr\u00f3prio fundo. Segundo a decis\u00e3o, apenas as verbas relativas a juros de mora, incidentes sobre o precat\u00f3rio devido pela Uni\u00e3o, podem ser utilizadas para esta finalidade. A discuss\u00e3o ocorreu","canonical_url":"https:\/\/newsinfoco.com.br\/inicio\/stf-confirma-que-verbas-do-fundeb-nao-podem-ser-usadas-para-pagar-honorarios-advocaticios\/","robots":"max-image-preview:large","keywords":"","webmasterTools":{"miscellaneous":""},"schema":{"@context":"https:\/\/schema.org","@graph":[{"@type":"BlogPosting","@id":"https:\/\/newsinfoco.com.br\/inicio\/stf-confirma-que-verbas-do-fundeb-nao-podem-ser-usadas-para-pagar-honorarios-advocaticios\/#blogposting","name":"STF confirma que verbas do Fundeb n\u00e3o podem ser usadas para pagar honor\u00e1rios advocat\u00edcios - News In Foco - Editado por Caio Pimenta","headline":"STF confirma que verbas do Fundeb n\u00e3o podem ser usadas para pagar honor\u00e1rios advocat\u00edcios","author":{"@id":"https:\/\/newsinfoco.com.br\/inicio\/author\/administrador\/#author"},"publisher":{"@id":"https:\/\/newsinfoco.com.br\/inicio\/#organization"},"image":{"@type":"ImageObject","url":"https:\/\/newsinfoco.com.br\/inicio\/wp-content\/uploads\/2018\/10\/stf.jpg","width":590,"height":320},"datePublished":"2023-07-30T20:18:51-03:00","dateModified":"2023-07-30T20:18:51-03:00","inLanguage":"pt-BR","mainEntityOfPage":{"@id":"https:\/\/newsinfoco.com.br\/inicio\/stf-confirma-que-verbas-do-fundeb-nao-podem-ser-usadas-para-pagar-honorarios-advocaticios\/#webpage"},"isPartOf":{"@id":"https:\/\/newsinfoco.com.br\/inicio\/stf-confirma-que-verbas-do-fundeb-nao-podem-ser-usadas-para-pagar-honorarios-advocaticios\/#webpage"},"articleSection":"Brasil"},{"@type":"BreadcrumbList","@id":"https:\/\/newsinfoco.com.br\/inicio\/stf-confirma-que-verbas-do-fundeb-nao-podem-ser-usadas-para-pagar-honorarios-advocaticios\/#breadcrumblist","itemListElement":[{"@type":"ListItem","@id":"https:\/\/newsinfoco.com.br\/inicio#listItem","position":1,"name":"In\u00edcio","item":"https:\/\/newsinfoco.com.br\/inicio","nextItem":{"@type":"ListItem","@id":"https:\/\/newsinfoco.com.br\/inicio\/category\/brasil\/#listItem","name":"Brasil"}},{"@type":"ListItem","@id":"https:\/\/newsinfoco.com.br\/inicio\/category\/brasil\/#listItem","position":2,"name":"Brasil","item":"https:\/\/newsinfoco.com.br\/inicio\/category\/brasil\/","nextItem":{"@type":"ListItem","@id":"https:\/\/newsinfoco.com.br\/inicio\/stf-confirma-que-verbas-do-fundeb-nao-podem-ser-usadas-para-pagar-honorarios-advocaticios\/#listItem","name":"STF confirma que verbas do Fundeb n\u00e3o podem ser usadas para pagar honor\u00e1rios advocat\u00edcios"},"previousItem":{"@type":"ListItem","@id":"https:\/\/newsinfoco.com.br\/inicio#listItem","name":"In\u00edcio"}},{"@type":"ListItem","@id":"https:\/\/newsinfoco.com.br\/inicio\/stf-confirma-que-verbas-do-fundeb-nao-podem-ser-usadas-para-pagar-honorarios-advocaticios\/#listItem","position":3,"name":"STF confirma que verbas do Fundeb n\u00e3o podem ser usadas para pagar honor\u00e1rios advocat\u00edcios","previousItem":{"@type":"ListItem","@id":"https:\/\/newsinfoco.com.br\/inicio\/category\/brasil\/#listItem","name":"Brasil"}}]},{"@type":"Organization","@id":"https:\/\/newsinfoco.com.br\/inicio\/#organization","name":"News In Foco - Editado por Caio Pimenta","description":"O principal site de noticias de Alagoinhas e regi\u00e3o","url":"https:\/\/newsinfoco.com.br\/inicio\/"},{"@type":"Person","@id":"https:\/\/newsinfoco.com.br\/inicio\/author\/administrador\/#author","url":"https:\/\/newsinfoco.com.br\/inicio\/author\/administrador\/","name":"administrador","image":{"@type":"ImageObject","@id":"https:\/\/newsinfoco.com.br\/inicio\/stf-confirma-que-verbas-do-fundeb-nao-podem-ser-usadas-para-pagar-honorarios-advocaticios\/#authorImage","url":"https:\/\/secure.gravatar.com\/avatar\/c17a617433de8c1dc9584bb79aab7563b46f5bb7e1728c9b17d9cc3ce6a08e49?s=96&d=mm&r=g","width":96,"height":96,"caption":"administrador"}},{"@type":"WebPage","@id":"https:\/\/newsinfoco.com.br\/inicio\/stf-confirma-que-verbas-do-fundeb-nao-podem-ser-usadas-para-pagar-honorarios-advocaticios\/#webpage","url":"https:\/\/newsinfoco.com.br\/inicio\/stf-confirma-que-verbas-do-fundeb-nao-podem-ser-usadas-para-pagar-honorarios-advocaticios\/","name":"STF confirma que verbas do Fundeb n\u00e3o podem ser usadas para pagar honor\u00e1rios advocat\u00edcios - News In Foco - Editado por Caio Pimenta","description":"O STF confirmou entendimento sobre a impossibilidade de pagar a advogados que atuaram em causas de cobran\u00e7a das diferen\u00e7as do Fundeb (antigo Fundef) com recursos do pr\u00f3prio fundo. Segundo a decis\u00e3o, apenas as verbas relativas a juros de mora, incidentes sobre o precat\u00f3rio devido pela Uni\u00e3o, podem ser utilizadas para esta finalidade. A discuss\u00e3o ocorreu","inLanguage":"pt-BR","isPartOf":{"@id":"https:\/\/newsinfoco.com.br\/inicio\/#website"},"breadcrumb":{"@id":"https:\/\/newsinfoco.com.br\/inicio\/stf-confirma-que-verbas-do-fundeb-nao-podem-ser-usadas-para-pagar-honorarios-advocaticios\/#breadcrumblist"},"author":{"@id":"https:\/\/newsinfoco.com.br\/inicio\/author\/administrador\/#author"},"creator":{"@id":"https:\/\/newsinfoco.com.br\/inicio\/author\/administrador\/#author"},"image":{"@type":"ImageObject","url":"https:\/\/newsinfoco.com.br\/inicio\/wp-content\/uploads\/2018\/10\/stf.jpg","@id":"https:\/\/newsinfoco.com.br\/inicio\/stf-confirma-que-verbas-do-fundeb-nao-podem-ser-usadas-para-pagar-honorarios-advocaticios\/#mainImage","width":590,"height":320},"primaryImageOfPage":{"@id":"https:\/\/newsinfoco.com.br\/inicio\/stf-confirma-que-verbas-do-fundeb-nao-podem-ser-usadas-para-pagar-honorarios-advocaticios\/#mainImage"},"datePublished":"2023-07-30T20:18:51-03:00","dateModified":"2023-07-30T20:18:51-03:00"},{"@type":"WebSite","@id":"https:\/\/newsinfoco.com.br\/inicio\/#website","url":"https:\/\/newsinfoco.com.br\/inicio\/","name":"News In Foco - Editado por Caio Pimenta","description":"O principal site de noticias de Alagoinhas e regi\u00e3o","inLanguage":"pt-BR","publisher":{"@id":"https:\/\/newsinfoco.com.br\/inicio\/#organization"}}]},"og:locale":"pt_BR","og:site_name":"News In Foco - Editado por Caio Pimenta - O principal site de noticias de Alagoinhas e regi\u00e3o","og:type":"article","og:title":"STF confirma que verbas do Fundeb n\u00e3o podem ser usadas para pagar honor\u00e1rios advocat\u00edcios - News In Foco - Editado por Caio Pimenta","og:description":"O STF confirmou entendimento sobre a impossibilidade de pagar a advogados que atuaram em causas de cobran\u00e7a das diferen\u00e7as do Fundeb (antigo Fundef) com recursos do pr\u00f3prio fundo. Segundo a decis\u00e3o, apenas as verbas relativas a juros de mora, incidentes sobre o precat\u00f3rio devido pela Uni\u00e3o, podem ser utilizadas para esta finalidade. A discuss\u00e3o ocorreu","og:url":"https:\/\/newsinfoco.com.br\/inicio\/stf-confirma-que-verbas-do-fundeb-nao-podem-ser-usadas-para-pagar-honorarios-advocaticios\/","article:published_time":"2023-07-30T23:18:51+00:00","article:modified_time":"2023-07-30T23:18:51+00:00","twitter:card":"summary_large_image","twitter:title":"STF confirma que verbas do Fundeb n\u00e3o podem ser usadas para pagar honor\u00e1rios advocat\u00edcios - News In Foco - Editado por Caio Pimenta","twitter:description":"O STF confirmou entendimento sobre a impossibilidade de pagar a advogados que atuaram em causas de cobran\u00e7a das diferen\u00e7as do Fundeb (antigo Fundef) com recursos do pr\u00f3prio fundo. Segundo a decis\u00e3o, apenas as verbas relativas a juros de mora, incidentes sobre o precat\u00f3rio devido pela Uni\u00e3o, podem ser utilizadas para esta finalidade. A discuss\u00e3o ocorreu"},"aioseo_meta_data":{"post_id":"34722","title":null,"description":null,"keywords":[],"keyphrases":{"focus":{"keyphrase":"","score":0,"analysis":{"keyphraseInTitle":{"score":0,"maxScore":9,"error":1}}},"additional":[]},"primary_term":null,"canonical_url":null,"og_title":null,"og_description":null,"og_object_type":"default","og_image_type":"default","og_image_url":null,"og_image_width":null,"og_image_height":null,"og_image_custom_url":null,"og_image_custom_fields":null,"og_video":"","og_custom_url":null,"og_article_section":null,"og_article_tags":[],"twitter_use_og":false,"twitter_card":"default","twitter_image_type":"default","twitter_image_url":null,"twitter_image_custom_url":null,"twitter_image_custom_fields":null,"twitter_title":null,"twitter_description":null,"schema":{"blockGraphs":[],"customGraphs":[],"default":{"data":{"Article":[],"Course":[],"Dataset":[],"FAQPage":[],"Movie":[],"Person":[],"Product":[],"ProductReview":[],"Car":[],"Recipe":[],"Service":[],"SoftwareApplication":[],"WebPage":[]},"graphName":"BlogPosting","isEnabled":true},"graphs":[]},"schema_type":"default","schema_type_options":null,"pillar_content":false,"robots_default":true,"robots_noindex":false,"robots_noarchive":false,"robots_nosnippet":false,"robots_nofollow":false,"robots_noimageindex":false,"robots_noodp":false,"robots_notranslate":false,"robots_max_snippet":"-1","robots_max_videopreview":"-1","robots_max_imagepreview":"large","priority":null,"frequency":"default","local_seo":null,"breadcrumb_settings":null,"limit_modified_date":false,"ai":null,"created":"2023-07-30 23:18:51","updated":"2025-07-11 10:04:54","seo_analyzer_scan_date":null},"aioseo_breadcrumb":"<div class=\"aioseo-breadcrumbs\"><span class=\"aioseo-breadcrumb\">\n\t\t\t<a href=\"https:\/\/newsinfoco.com.br\/inicio\" title=\"In\u00edcio\">In\u00edcio<\/a>\n\t\t<\/span><span class=\"aioseo-breadcrumb-separator\">&raquo;<\/span><span class=\"aioseo-breadcrumb\">\n\t\t\t<a href=\"https:\/\/newsinfoco.com.br\/inicio\/category\/brasil\/\" title=\"Brasil\">Brasil<\/a>\n\t\t<\/span><span class=\"aioseo-breadcrumb-separator\">&raquo;<\/span><span class=\"aioseo-breadcrumb\">\n\t\t\tSTF confirma que verbas do Fundeb n\u00e3o podem ser usadas para pagar honor\u00e1rios advocat\u00edcios\n\t\t<\/span><\/div>","aioseo_breadcrumb_json":[{"label":"In\u00edcio","link":"https:\/\/newsinfoco.com.br\/inicio"},{"label":"Brasil","link":"https:\/\/newsinfoco.com.br\/inicio\/category\/brasil\/"},{"label":"STF confirma que verbas do Fundeb n\u00e3o podem ser usadas para pagar honor\u00e1rios advocat\u00edcios","link":"https:\/\/newsinfoco.com.br\/inicio\/stf-confirma-que-verbas-do-fundeb-nao-podem-ser-usadas-para-pagar-honorarios-advocaticios\/"}],"_links":{"self":[{"href":"https:\/\/newsinfoco.com.br\/inicio\/wp-json\/wp\/v2\/posts\/34722","targetHints":{"allow":["GET"]}}],"collection":[{"href":"https:\/\/newsinfoco.com.br\/inicio\/wp-json\/wp\/v2\/posts"}],"about":[{"href":"https:\/\/newsinfoco.com.br\/inicio\/wp-json\/wp\/v2\/types\/post"}],"author":[{"embeddable":true,"href":"https:\/\/newsinfoco.com.br\/inicio\/wp-json\/wp\/v2\/users\/1"}],"replies":[{"embeddable":true,"href":"https:\/\/newsinfoco.com.br\/inicio\/wp-json\/wp\/v2\/comments?post=34722"}],"version-history":[{"count":1,"href":"https:\/\/newsinfoco.com.br\/inicio\/wp-json\/wp\/v2\/posts\/34722\/revisions"}],"predecessor-version":[{"id":34723,"href":"https:\/\/newsinfoco.com.br\/inicio\/wp-json\/wp\/v2\/posts\/34722\/revisions\/34723"}],"wp:featuredmedia":[{"embeddable":true,"href":"https:\/\/newsinfoco.com.br\/inicio\/wp-json\/wp\/v2\/media\/10689"}],"wp:attachment":[{"href":"https:\/\/newsinfoco.com.br\/inicio\/wp-json\/wp\/v2\/media?parent=34722"}],"wp:term":[{"taxonomy":"category","embeddable":true,"href":"https:\/\/newsinfoco.com.br\/inicio\/wp-json\/wp\/v2\/categories?post=34722"},{"taxonomy":"post_tag","embeddable":true,"href":"https:\/\/newsinfoco.com.br\/inicio\/wp-json\/wp\/v2\/tags?post=34722"}],"curies":[{"name":"wp","href":"https:\/\/api.w.org\/{rel}","templated":true}]}}