{"id":34754,"date":"2023-08-02T16:23:24","date_gmt":"2023-08-02T19:23:24","guid":{"rendered":"https:\/\/newsinfoco.com.br\/inicio\/?p=34754"},"modified":"2023-08-02T16:23:24","modified_gmt":"2023-08-02T19:23:24","slug":"bnews-pt-encaminha-uniao-com-partido-que-foi-adversario-em-vitoria-da-conquista","status":"publish","type":"post","link":"https:\/\/newsinfoco.com.br\/inicio\/bnews-pt-encaminha-uniao-com-partido-que-foi-adversario-em-vitoria-da-conquista\/","title":{"rendered":"Bnews: PT encaminha uni\u00e3o com partido que foi advers\u00e1rio em Vit\u00f3ria da Conquista"},"content":{"rendered":"<p>Conforme o publicado pelo BNews, o Partido dos Trabalhadores j\u00e1 estaria com um acordo encaminhado para se juntar ao MDB e formar uma chapa visando a disputa pela prefeitura de Vit\u00f3ria da Conquista, em 2024, repetindo assim a alian\u00e7a que venceu o governo da Bahia.<\/p>\n<p>O texto coloca que, com o deputado federal Waldenor Pereira (PT) como l\u00edder da chapa, a sigla, que \u00e9 a casa do vice-governador Geraldo Jr, colocaria a vereadora L\u00facia Rocha (MDB) na vaga de vice.<\/p>\n<p>Vale lembrar que no \u00faltimo pleito o MDB de Herzem Gusm\u00e3o derrotou o PT, que teve como candidato Z\u00e9 Raimundo. Ap\u00f3s a morte do pol\u00edtico, em 2021, sua vice, Sheila Lemos (UB), assumiu a gest\u00e3o municipal.<\/p>\n<p>A busca s\u00f3 deve esbarrar na vontade expressa pelo presidente de honra do MDB, L\u00facio Vieira Lima, que\u00a0pensa na invers\u00e3o dos pap\u00e9is\u00a0e fala em ter o nome petista ocupando a vice.<\/p>\n<p>&nbsp;<\/p>\n<p>Politicaaovivo<\/p>\n<div class='share-to-whatsapp-wrapper'><div class='share-on-whsp'>Share on: <\/div><a data-text='Bnews: PT encaminha uni\u00e3o com partido que foi advers\u00e1rio em Vit\u00f3ria da Conquista' data-link='https:\/\/newsinfoco.com.br\/inicio\/bnews-pt-encaminha-uniao-com-partido-que-foi-adversario-em-vitoria-da-conquista\/' class='whatsapp-button whatsapp-share'>WhatsApp<\/a><div class='clear '><\/div><\/div>","protected":false},"excerpt":{"rendered":"<p>Conforme o publicado pelo BNews, o Partido dos Trabalhadores j\u00e1 estaria com um acordo encaminhado para se juntar ao MDB e formar uma chapa visando a disputa pela prefeitura de Vit\u00f3ria da Conquista, em 2024, repetindo assim a alian\u00e7a que venceu o governo da Bahia. O texto coloca que, com o deputado federal Waldenor Pereira [&hellip;]<\/p>\n","protected":false},"author":1,"featured_media":34110,"comment_status":"closed","ping_status":"closed","sticky":false,"template":"","format":"standard","meta":{"om_disable_all_campaigns":false,"rop_custom_images_group":[],"rop_custom_messages_group":[],"rop_publish_now":"initial","rop_publish_now_accounts":[],"rop_publish_now_history":[],"rop_publish_now_status":"pending","_exactmetrics_skip_tracking":false,"footnotes":""},"categories":[19],"tags":[],"class_list":["post-34754","post","type-post","status-publish","format-standard","has-post-thumbnail","hentry","category-bahia"],"aioseo_notices":[],"aioseo_head":"\n\t\t<!-- All in One SEO 4.9.10 - aioseo.com -->\n\t<meta name=\"description\" content=\"Conforme o publicado pelo BNews, o Partido dos Trabalhadores j\u00e1 estaria com um acordo encaminhado para se juntar ao MDB e formar uma chapa visando a disputa pela prefeitura de Vit\u00f3ria da Conquista, em 2024, repetindo assim a alian\u00e7a que venceu o governo da Bahia. O texto coloca que, com o deputado federal Waldenor Pereira\" \/>\n\t<meta name=\"robots\" content=\"max-image-preview:large\" \/>\n\t<meta name=\"author\" content=\"administrador\"\/>\n\t<link rel=\"canonical\" href=\"https:\/\/newsinfoco.com.br\/inicio\/bnews-pt-encaminha-uniao-com-partido-que-foi-adversario-em-vitoria-da-conquista\/\" \/>\n\t<meta name=\"generator\" content=\"All in One SEO (AIOSEO) 4.9.10\" \/>\n\t\t<meta property=\"og:locale\" content=\"pt_BR\" \/>\n\t\t<meta property=\"og:site_name\" content=\"News In Foco - Editado por Caio Pimenta - O principal site de noticias de Alagoinhas e regi\u00e3o\" \/>\n\t\t<meta property=\"og:type\" content=\"article\" \/>\n\t\t<meta property=\"og:title\" content=\"Bnews: PT encaminha uni\u00e3o com partido que foi advers\u00e1rio em Vit\u00f3ria da Conquista - News In Foco - Editado por Caio Pimenta\" \/>\n\t\t<meta property=\"og:description\" content=\"Conforme o publicado pelo BNews, o Partido dos Trabalhadores j\u00e1 estaria com um acordo encaminhado para se juntar ao MDB e formar uma chapa visando a disputa pela prefeitura de Vit\u00f3ria da Conquista, em 2024, repetindo assim a alian\u00e7a que venceu o governo da Bahia. O texto coloca que, com o deputado federal Waldenor Pereira\" \/>\n\t\t<meta property=\"og:url\" content=\"https:\/\/newsinfoco.com.br\/inicio\/bnews-pt-encaminha-uniao-com-partido-que-foi-adversario-em-vitoria-da-conquista\/\" \/>\n\t\t<meta property=\"article:published_time\" content=\"2023-08-02T19:23:24+00:00\" \/>\n\t\t<meta property=\"article:modified_time\" content=\"2023-08-02T19:23:24+00:00\" \/>\n\t\t<meta name=\"twitter:card\" content=\"summary_large_image\" \/>\n\t\t<meta name=\"twitter:title\" content=\"Bnews: PT encaminha uni\u00e3o com partido que foi advers\u00e1rio em Vit\u00f3ria da Conquista - News In Foco - Editado por Caio Pimenta\" \/>\n\t\t<meta name=\"twitter:description\" content=\"Conforme o publicado pelo BNews, o Partido dos Trabalhadores j\u00e1 estaria com um acordo encaminhado para se juntar ao MDB e formar uma chapa visando a disputa pela prefeitura de Vit\u00f3ria da Conquista, em 2024, repetindo assim a alian\u00e7a que venceu o governo da Bahia. O texto coloca que, com o deputado federal Waldenor Pereira\" \/>\n\t\t<script type=\"application\/ld+json\" class=\"aioseo-schema\">\n\t\t\t{\"@context\":\"https:\\\/\\\/schema.org\",\"@graph\":[{\"@type\":\"BlogPosting\",\"@id\":\"https:\\\/\\\/newsinfoco.com.br\\\/inicio\\\/bnews-pt-encaminha-uniao-com-partido-que-foi-adversario-em-vitoria-da-conquista\\\/#blogposting\",\"name\":\"Bnews: PT encaminha uni\\u00e3o com partido que foi advers\\u00e1rio em Vit\\u00f3ria da Conquista - News In Foco - Editado por Caio Pimenta\",\"headline\":\"Bnews: PT encaminha uni\\u00e3o com partido que foi advers\\u00e1rio em Vit\\u00f3ria da Conquista\",\"author\":{\"@id\":\"https:\\\/\\\/newsinfoco.com.br\\\/inicio\\\/author\\\/administrador\\\/#author\"},\"publisher\":{\"@id\":\"https:\\\/\\\/newsinfoco.com.br\\\/inicio\\\/#organization\"},\"image\":{\"@type\":\"ImageObject\",\"url\":\"https:\\\/\\\/newsinfoco.com.br\\\/inicio\\\/wp-content\\\/uploads\\\/2023\\\/05\\\/jeronimo2.jpg.webp\",\"width\":672,\"height\":465},\"datePublished\":\"2023-08-02T16:23:24-03:00\",\"dateModified\":\"2023-08-02T16:23:24-03:00\",\"inLanguage\":\"pt-BR\",\"mainEntityOfPage\":{\"@id\":\"https:\\\/\\\/newsinfoco.com.br\\\/inicio\\\/bnews-pt-encaminha-uniao-com-partido-que-foi-adversario-em-vitoria-da-conquista\\\/#webpage\"},\"isPartOf\":{\"@id\":\"https:\\\/\\\/newsinfoco.com.br\\\/inicio\\\/bnews-pt-encaminha-uniao-com-partido-que-foi-adversario-em-vitoria-da-conquista\\\/#webpage\"},\"articleSection\":\"Bahia\"},{\"@type\":\"BreadcrumbList\",\"@id\":\"https:\\\/\\\/newsinfoco.com.br\\\/inicio\\\/bnews-pt-encaminha-uniao-com-partido-que-foi-adversario-em-vitoria-da-conquista\\\/#breadcrumblist\",\"itemListElement\":[{\"@type\":\"ListItem\",\"@id\":\"https:\\\/\\\/newsinfoco.com.br\\\/inicio#listItem\",\"position\":1,\"name\":\"In\\u00edcio\",\"item\":\"https:\\\/\\\/newsinfoco.com.br\\\/inicio\",\"nextItem\":{\"@type\":\"ListItem\",\"@id\":\"https:\\\/\\\/newsinfoco.com.br\\\/inicio\\\/category\\\/bahia\\\/#listItem\",\"name\":\"Bahia\"}},{\"@type\":\"ListItem\",\"@id\":\"https:\\\/\\\/newsinfoco.com.br\\\/inicio\\\/category\\\/bahia\\\/#listItem\",\"position\":2,\"name\":\"Bahia\",\"item\":\"https:\\\/\\\/newsinfoco.com.br\\\/inicio\\\/category\\\/bahia\\\/\",\"nextItem\":{\"@type\":\"ListItem\",\"@id\":\"https:\\\/\\\/newsinfoco.com.br\\\/inicio\\\/bnews-pt-encaminha-uniao-com-partido-que-foi-adversario-em-vitoria-da-conquista\\\/#listItem\",\"name\":\"Bnews: PT encaminha uni\\u00e3o com partido que foi advers\\u00e1rio em Vit\\u00f3ria da Conquista\"},\"previousItem\":{\"@type\":\"ListItem\",\"@id\":\"https:\\\/\\\/newsinfoco.com.br\\\/inicio#listItem\",\"name\":\"In\\u00edcio\"}},{\"@type\":\"ListItem\",\"@id\":\"https:\\\/\\\/newsinfoco.com.br\\\/inicio\\\/bnews-pt-encaminha-uniao-com-partido-que-foi-adversario-em-vitoria-da-conquista\\\/#listItem\",\"position\":3,\"name\":\"Bnews: PT encaminha uni\\u00e3o com partido que foi advers\\u00e1rio em Vit\\u00f3ria da Conquista\",\"previousItem\":{\"@type\":\"ListItem\",\"@id\":\"https:\\\/\\\/newsinfoco.com.br\\\/inicio\\\/category\\\/bahia\\\/#listItem\",\"name\":\"Bahia\"}}]},{\"@type\":\"Organization\",\"@id\":\"https:\\\/\\\/newsinfoco.com.br\\\/inicio\\\/#organization\",\"name\":\"News In Foco - Editado por Caio Pimenta\",\"description\":\"O principal site de noticias de Alagoinhas e regi\\u00e3o\",\"url\":\"https:\\\/\\\/newsinfoco.com.br\\\/inicio\\\/\"},{\"@type\":\"Person\",\"@id\":\"https:\\\/\\\/newsinfoco.com.br\\\/inicio\\\/author\\\/administrador\\\/#author\",\"url\":\"https:\\\/\\\/newsinfoco.com.br\\\/inicio\\\/author\\\/administrador\\\/\",\"name\":\"administrador\",\"image\":{\"@type\":\"ImageObject\",\"@id\":\"https:\\\/\\\/newsinfoco.com.br\\\/inicio\\\/bnews-pt-encaminha-uniao-com-partido-que-foi-adversario-em-vitoria-da-conquista\\\/#authorImage\",\"url\":\"https:\\\/\\\/secure.gravatar.com\\\/avatar\\\/c17a617433de8c1dc9584bb79aab7563b46f5bb7e1728c9b17d9cc3ce6a08e49?s=96&d=mm&r=g\",\"width\":96,\"height\":96,\"caption\":\"administrador\"}},{\"@type\":\"WebPage\",\"@id\":\"https:\\\/\\\/newsinfoco.com.br\\\/inicio\\\/bnews-pt-encaminha-uniao-com-partido-que-foi-adversario-em-vitoria-da-conquista\\\/#webpage\",\"url\":\"https:\\\/\\\/newsinfoco.com.br\\\/inicio\\\/bnews-pt-encaminha-uniao-com-partido-que-foi-adversario-em-vitoria-da-conquista\\\/\",\"name\":\"Bnews: PT encaminha uni\\u00e3o com partido que foi advers\\u00e1rio em Vit\\u00f3ria da Conquista - News In Foco - Editado por Caio Pimenta\",\"description\":\"Conforme o publicado pelo BNews, o Partido dos Trabalhadores j\\u00e1 estaria com um acordo encaminhado para se juntar ao MDB e formar uma chapa visando a disputa pela prefeitura de Vit\\u00f3ria da Conquista, em 2024, repetindo assim a alian\\u00e7a que venceu o governo da Bahia. O texto coloca que, com o deputado federal Waldenor Pereira\",\"inLanguage\":\"pt-BR\",\"isPartOf\":{\"@id\":\"https:\\\/\\\/newsinfoco.com.br\\\/inicio\\\/#website\"},\"breadcrumb\":{\"@id\":\"https:\\\/\\\/newsinfoco.com.br\\\/inicio\\\/bnews-pt-encaminha-uniao-com-partido-que-foi-adversario-em-vitoria-da-conquista\\\/#breadcrumblist\"},\"author\":{\"@id\":\"https:\\\/\\\/newsinfoco.com.br\\\/inicio\\\/author\\\/administrador\\\/#author\"},\"creator\":{\"@id\":\"https:\\\/\\\/newsinfoco.com.br\\\/inicio\\\/author\\\/administrador\\\/#author\"},\"image\":{\"@type\":\"ImageObject\",\"url\":\"https:\\\/\\\/newsinfoco.com.br\\\/inicio\\\/wp-content\\\/uploads\\\/2023\\\/05\\\/jeronimo2.jpg.webp\",\"@id\":\"https:\\\/\\\/newsinfoco.com.br\\\/inicio\\\/bnews-pt-encaminha-uniao-com-partido-que-foi-adversario-em-vitoria-da-conquista\\\/#mainImage\",\"width\":672,\"height\":465},\"primaryImageOfPage\":{\"@id\":\"https:\\\/\\\/newsinfoco.com.br\\\/inicio\\\/bnews-pt-encaminha-uniao-com-partido-que-foi-adversario-em-vitoria-da-conquista\\\/#mainImage\"},\"datePublished\":\"2023-08-02T16:23:24-03:00\",\"dateModified\":\"2023-08-02T16:23:24-03:00\"},{\"@type\":\"WebSite\",\"@id\":\"https:\\\/\\\/newsinfoco.com.br\\\/inicio\\\/#website\",\"url\":\"https:\\\/\\\/newsinfoco.com.br\\\/inicio\\\/\",\"name\":\"News In Foco - Editado por Caio Pimenta\",\"description\":\"O principal site de noticias de Alagoinhas e regi\\u00e3o\",\"inLanguage\":\"pt-BR\",\"publisher\":{\"@id\":\"https:\\\/\\\/newsinfoco.com.br\\\/inicio\\\/#organization\"}}]}\n\t\t<\/script>\n\t\t<!-- All in One SEO -->\n\n","aioseo_head_json":{"title":"Bnews: PT encaminha uni\u00e3o com partido que foi advers\u00e1rio em Vit\u00f3ria da Conquista - News In Foco - Editado por Caio Pimenta","description":"Conforme o publicado pelo BNews, o Partido dos Trabalhadores j\u00e1 estaria com um acordo encaminhado para se juntar ao MDB e formar uma chapa visando a disputa pela prefeitura de Vit\u00f3ria da Conquista, em 2024, repetindo assim a alian\u00e7a que venceu o governo da Bahia. O texto coloca que, com o deputado federal Waldenor Pereira","canonical_url":"https:\/\/newsinfoco.com.br\/inicio\/bnews-pt-encaminha-uniao-com-partido-que-foi-adversario-em-vitoria-da-conquista\/","robots":"max-image-preview:large","keywords":"","webmasterTools":{"miscellaneous":""},"schema":{"@context":"https:\/\/schema.org","@graph":[{"@type":"BlogPosting","@id":"https:\/\/newsinfoco.com.br\/inicio\/bnews-pt-encaminha-uniao-com-partido-que-foi-adversario-em-vitoria-da-conquista\/#blogposting","name":"Bnews: PT encaminha uni\u00e3o com partido que foi advers\u00e1rio em Vit\u00f3ria da Conquista - News In Foco - Editado por Caio Pimenta","headline":"Bnews: PT encaminha uni\u00e3o com partido que foi advers\u00e1rio em Vit\u00f3ria da Conquista","author":{"@id":"https:\/\/newsinfoco.com.br\/inicio\/author\/administrador\/#author"},"publisher":{"@id":"https:\/\/newsinfoco.com.br\/inicio\/#organization"},"image":{"@type":"ImageObject","url":"https:\/\/newsinfoco.com.br\/inicio\/wp-content\/uploads\/2023\/05\/jeronimo2.jpg.webp","width":672,"height":465},"datePublished":"2023-08-02T16:23:24-03:00","dateModified":"2023-08-02T16:23:24-03:00","inLanguage":"pt-BR","mainEntityOfPage":{"@id":"https:\/\/newsinfoco.com.br\/inicio\/bnews-pt-encaminha-uniao-com-partido-que-foi-adversario-em-vitoria-da-conquista\/#webpage"},"isPartOf":{"@id":"https:\/\/newsinfoco.com.br\/inicio\/bnews-pt-encaminha-uniao-com-partido-que-foi-adversario-em-vitoria-da-conquista\/#webpage"},"articleSection":"Bahia"},{"@type":"BreadcrumbList","@id":"https:\/\/newsinfoco.com.br\/inicio\/bnews-pt-encaminha-uniao-com-partido-que-foi-adversario-em-vitoria-da-conquista\/#breadcrumblist","itemListElement":[{"@type":"ListItem","@id":"https:\/\/newsinfoco.com.br\/inicio#listItem","position":1,"name":"In\u00edcio","item":"https:\/\/newsinfoco.com.br\/inicio","nextItem":{"@type":"ListItem","@id":"https:\/\/newsinfoco.com.br\/inicio\/category\/bahia\/#listItem","name":"Bahia"}},{"@type":"ListItem","@id":"https:\/\/newsinfoco.com.br\/inicio\/category\/bahia\/#listItem","position":2,"name":"Bahia","item":"https:\/\/newsinfoco.com.br\/inicio\/category\/bahia\/","nextItem":{"@type":"ListItem","@id":"https:\/\/newsinfoco.com.br\/inicio\/bnews-pt-encaminha-uniao-com-partido-que-foi-adversario-em-vitoria-da-conquista\/#listItem","name":"Bnews: PT encaminha uni\u00e3o com partido que foi advers\u00e1rio em Vit\u00f3ria da Conquista"},"previousItem":{"@type":"ListItem","@id":"https:\/\/newsinfoco.com.br\/inicio#listItem","name":"In\u00edcio"}},{"@type":"ListItem","@id":"https:\/\/newsinfoco.com.br\/inicio\/bnews-pt-encaminha-uniao-com-partido-que-foi-adversario-em-vitoria-da-conquista\/#listItem","position":3,"name":"Bnews: PT encaminha uni\u00e3o com partido que foi advers\u00e1rio em Vit\u00f3ria da Conquista","previousItem":{"@type":"ListItem","@id":"https:\/\/newsinfoco.com.br\/inicio\/category\/bahia\/#listItem","name":"Bahia"}}]},{"@type":"Organization","@id":"https:\/\/newsinfoco.com.br\/inicio\/#organization","name":"News In Foco - Editado por Caio Pimenta","description":"O principal site de noticias de Alagoinhas e regi\u00e3o","url":"https:\/\/newsinfoco.com.br\/inicio\/"},{"@type":"Person","@id":"https:\/\/newsinfoco.com.br\/inicio\/author\/administrador\/#author","url":"https:\/\/newsinfoco.com.br\/inicio\/author\/administrador\/","name":"administrador","image":{"@type":"ImageObject","@id":"https:\/\/newsinfoco.com.br\/inicio\/bnews-pt-encaminha-uniao-com-partido-que-foi-adversario-em-vitoria-da-conquista\/#authorImage","url":"https:\/\/secure.gravatar.com\/avatar\/c17a617433de8c1dc9584bb79aab7563b46f5bb7e1728c9b17d9cc3ce6a08e49?s=96&d=mm&r=g","width":96,"height":96,"caption":"administrador"}},{"@type":"WebPage","@id":"https:\/\/newsinfoco.com.br\/inicio\/bnews-pt-encaminha-uniao-com-partido-que-foi-adversario-em-vitoria-da-conquista\/#webpage","url":"https:\/\/newsinfoco.com.br\/inicio\/bnews-pt-encaminha-uniao-com-partido-que-foi-adversario-em-vitoria-da-conquista\/","name":"Bnews: PT encaminha uni\u00e3o com partido que foi advers\u00e1rio em Vit\u00f3ria da Conquista - News In Foco - Editado por Caio Pimenta","description":"Conforme o publicado pelo BNews, o Partido dos Trabalhadores j\u00e1 estaria com um acordo encaminhado para se juntar ao MDB e formar uma chapa visando a disputa pela prefeitura de Vit\u00f3ria da Conquista, em 2024, repetindo assim a alian\u00e7a que venceu o governo da Bahia. O texto coloca que, com o deputado federal Waldenor Pereira","inLanguage":"pt-BR","isPartOf":{"@id":"https:\/\/newsinfoco.com.br\/inicio\/#website"},"breadcrumb":{"@id":"https:\/\/newsinfoco.com.br\/inicio\/bnews-pt-encaminha-uniao-com-partido-que-foi-adversario-em-vitoria-da-conquista\/#breadcrumblist"},"author":{"@id":"https:\/\/newsinfoco.com.br\/inicio\/author\/administrador\/#author"},"creator":{"@id":"https:\/\/newsinfoco.com.br\/inicio\/author\/administrador\/#author"},"image":{"@type":"ImageObject","url":"https:\/\/newsinfoco.com.br\/inicio\/wp-content\/uploads\/2023\/05\/jeronimo2.jpg.webp","@id":"https:\/\/newsinfoco.com.br\/inicio\/bnews-pt-encaminha-uniao-com-partido-que-foi-adversario-em-vitoria-da-conquista\/#mainImage","width":672,"height":465},"primaryImageOfPage":{"@id":"https:\/\/newsinfoco.com.br\/inicio\/bnews-pt-encaminha-uniao-com-partido-que-foi-adversario-em-vitoria-da-conquista\/#mainImage"},"datePublished":"2023-08-02T16:23:24-03:00","dateModified":"2023-08-02T16:23:24-03:00"},{"@type":"WebSite","@id":"https:\/\/newsinfoco.com.br\/inicio\/#website","url":"https:\/\/newsinfoco.com.br\/inicio\/","name":"News In Foco - Editado por Caio Pimenta","description":"O principal site de noticias de Alagoinhas e regi\u00e3o","inLanguage":"pt-BR","publisher":{"@id":"https:\/\/newsinfoco.com.br\/inicio\/#organization"}}]},"og:locale":"pt_BR","og:site_name":"News In Foco - Editado por Caio Pimenta - O principal site de noticias de Alagoinhas e regi\u00e3o","og:type":"article","og:title":"Bnews: PT encaminha uni\u00e3o com partido que foi advers\u00e1rio em Vit\u00f3ria da Conquista - News In Foco - Editado por Caio Pimenta","og:description":"Conforme o publicado pelo BNews, o Partido dos Trabalhadores j\u00e1 estaria com um acordo encaminhado para se juntar ao MDB e formar uma chapa visando a disputa pela prefeitura de Vit\u00f3ria da Conquista, em 2024, repetindo assim a alian\u00e7a que venceu o governo da Bahia. O texto coloca que, com o deputado federal Waldenor Pereira","og:url":"https:\/\/newsinfoco.com.br\/inicio\/bnews-pt-encaminha-uniao-com-partido-que-foi-adversario-em-vitoria-da-conquista\/","article:published_time":"2023-08-02T19:23:24+00:00","article:modified_time":"2023-08-02T19:23:24+00:00","twitter:card":"summary_large_image","twitter:title":"Bnews: PT encaminha uni\u00e3o com partido que foi advers\u00e1rio em Vit\u00f3ria da Conquista - News In Foco - Editado por Caio Pimenta","twitter:description":"Conforme o publicado pelo BNews, o Partido dos Trabalhadores j\u00e1 estaria com um acordo encaminhado para se juntar ao MDB e formar uma chapa visando a disputa pela prefeitura de Vit\u00f3ria da Conquista, em 2024, repetindo assim a alian\u00e7a que venceu o governo da Bahia. O texto coloca que, com o deputado federal Waldenor Pereira"},"aioseo_meta_data":{"post_id":"34754","title":null,"description":null,"keywords":[],"keyphrases":{"focus":{"keyphrase":"","score":0,"analysis":{"keyphraseInTitle":{"score":0,"maxScore":9,"error":1}}},"additional":[]},"primary_term":null,"canonical_url":null,"og_title":null,"og_description":null,"og_object_type":"default","og_image_type":"default","og_image_url":null,"og_image_width":null,"og_image_height":null,"og_image_custom_url":null,"og_image_custom_fields":null,"og_video":"","og_custom_url":null,"og_article_section":null,"og_article_tags":[],"twitter_use_og":false,"twitter_card":"default","twitter_image_type":"default","twitter_image_url":null,"twitter_image_custom_url":null,"twitter_image_custom_fields":null,"twitter_title":null,"twitter_description":null,"schema":{"blockGraphs":[],"customGraphs":[],"default":{"data":{"Article":[],"Course":[],"Dataset":[],"FAQPage":[],"Movie":[],"Person":[],"Product":[],"ProductReview":[],"Car":[],"Recipe":[],"Service":[],"SoftwareApplication":[],"WebPage":[]},"graphName":"BlogPosting","isEnabled":true},"graphs":[]},"schema_type":"default","schema_type_options":null,"pillar_content":false,"robots_default":true,"robots_noindex":false,"robots_noarchive":false,"robots_nosnippet":false,"robots_nofollow":false,"robots_noimageindex":false,"robots_noodp":false,"robots_notranslate":false,"robots_max_snippet":"-1","robots_max_videopreview":"-1","robots_max_imagepreview":"large","priority":null,"frequency":"default","local_seo":null,"breadcrumb_settings":null,"limit_modified_date":false,"ai":null,"created":"2023-08-02 19:23:24","updated":"2025-07-11 10:04:54","seo_analyzer_scan_date":null},"aioseo_breadcrumb":"<div class=\"aioseo-breadcrumbs\"><span class=\"aioseo-breadcrumb\">\n\t\t\t<a href=\"https:\/\/newsinfoco.com.br\/inicio\" title=\"In\u00edcio\">In\u00edcio<\/a>\n\t\t<\/span><span class=\"aioseo-breadcrumb-separator\">&raquo;<\/span><span class=\"aioseo-breadcrumb\">\n\t\t\t<a href=\"https:\/\/newsinfoco.com.br\/inicio\/category\/bahia\/\" title=\"Bahia\">Bahia<\/a>\n\t\t<\/span><span class=\"aioseo-breadcrumb-separator\">&raquo;<\/span><span class=\"aioseo-breadcrumb\">\n\t\t\tBnews: PT encaminha uni\u00e3o com partido que foi advers\u00e1rio em Vit\u00f3ria da Conquista\n\t\t<\/span><\/div>","aioseo_breadcrumb_json":[{"label":"In\u00edcio","link":"https:\/\/newsinfoco.com.br\/inicio"},{"label":"Bahia","link":"https:\/\/newsinfoco.com.br\/inicio\/category\/bahia\/"},{"label":"Bnews: PT encaminha uni\u00e3o com partido que foi advers\u00e1rio em Vit\u00f3ria da Conquista","link":"https:\/\/newsinfoco.com.br\/inicio\/bnews-pt-encaminha-uniao-com-partido-que-foi-adversario-em-vitoria-da-conquista\/"}],"_links":{"self":[{"href":"https:\/\/newsinfoco.com.br\/inicio\/wp-json\/wp\/v2\/posts\/34754","targetHints":{"allow":["GET"]}}],"collection":[{"href":"https:\/\/newsinfoco.com.br\/inicio\/wp-json\/wp\/v2\/posts"}],"about":[{"href":"https:\/\/newsinfoco.com.br\/inicio\/wp-json\/wp\/v2\/types\/post"}],"author":[{"embeddable":true,"href":"https:\/\/newsinfoco.com.br\/inicio\/wp-json\/wp\/v2\/users\/1"}],"replies":[{"embeddable":true,"href":"https:\/\/newsinfoco.com.br\/inicio\/wp-json\/wp\/v2\/comments?post=34754"}],"version-history":[{"count":1,"href":"https:\/\/newsinfoco.com.br\/inicio\/wp-json\/wp\/v2\/posts\/34754\/revisions"}],"predecessor-version":[{"id":34755,"href":"https:\/\/newsinfoco.com.br\/inicio\/wp-json\/wp\/v2\/posts\/34754\/revisions\/34755"}],"wp:featuredmedia":[{"embeddable":true,"href":"https:\/\/newsinfoco.com.br\/inicio\/wp-json\/wp\/v2\/media\/34110"}],"wp:attachment":[{"href":"https:\/\/newsinfoco.com.br\/inicio\/wp-json\/wp\/v2\/media?parent=34754"}],"wp:term":[{"taxonomy":"category","embeddable":true,"href":"https:\/\/newsinfoco.com.br\/inicio\/wp-json\/wp\/v2\/categories?post=34754"},{"taxonomy":"post_tag","embeddable":true,"href":"https:\/\/newsinfoco.com.br\/inicio\/wp-json\/wp\/v2\/tags?post=34754"}],"curies":[{"name":"wp","href":"https:\/\/api.w.org\/{rel}","templated":true}]}}