{"id":34756,"date":"2023-08-02T17:26:27","date_gmt":"2023-08-02T20:26:27","guid":{"rendered":"https:\/\/newsinfoco.com.br\/inicio\/?p=34756"},"modified":"2023-08-02T17:26:27","modified_gmt":"2023-08-02T20:26:27","slug":"alienacao-de-terrenos-municipais-e-tema-de-debate-em-sessao-ordinaria-na-camara-de-alagoinhas","status":"publish","type":"post","link":"https:\/\/newsinfoco.com.br\/inicio\/alienacao-de-terrenos-municipais-e-tema-de-debate-em-sessao-ordinaria-na-camara-de-alagoinhas\/","title":{"rendered":"Aliena\u00e7\u00e3o de terrenos municipais \u00e9 tema de debate em sess\u00e3o ordin\u00e1ria na C\u00e2mara de Alagoinhas"},"content":{"rendered":"<p>Na sess\u00e3o ordin\u00e1ria realizada nesta ter\u00e7a-feira (01), na C\u00e2mara Municipal de Alagoinhas, Walterlicia Almeida, filiada e Amarildo Tavares, presidente, ambos representantes da Associa\u00e7\u00e3o dos Moradores do Jardim Petrolar, utilizaram a tribuna popular para repudiar a atitude do prefeito em rela\u00e7\u00e3o \u00e0 mensagem n\u00b0 096\/2023, referente ao projeto n\u00b0 051\/2023, de autoria do poder executivo, que autoriza a aliena\u00e7\u00e3o de bens im\u00f3veis pertencentes ao patrim\u00f4nio p\u00fablico municipal.<\/p>\n<p>Durante os pronunciamentos a vereadora Juci Cardoso destacou: \u201cEu n\u00e3o negocio princ\u00edpios, ningu\u00e9m aqui tem d\u00favida que sou contra esse projeto\u201d.<\/p>\n<p>\u201cA ideia da tribuna popular \u00e9 trazer as dores da popula\u00e7\u00e3o em rela\u00e7\u00e3o aos assuntos de interesse p\u00fablico\u201d. \u201c\u00c9 inadmiss\u00edvel que tenhamos que sair de espa\u00e7os que s\u00e3o nossos.\u201d, destacou a vereadora Luma Menezes, se colocando contr\u00e1ria ao projeto.<\/p>\n<p>\u201cN\u00f3s, vereadores de oposi\u00e7\u00e3o, estamos fazendo algumas tratativas, ouviremos a sociedade que n\u00e3o foi ouvida sobre essa s\u00e9rie de terrenos p\u00fablicos sendo colocados \u00e0 venda\u201d, \u201cSomos contra a venda desses terrenos\u201d, ressaltou o vereador Luciano Almeida.<\/p>\n<p>Confira os pronunciamentos clicando no link:<a href=\"https:\/\/www.youtube.com\/live\/pJSg6dqOrus?feature=share\"> https:\/\/www.youtube.com\/live\/pJSg6dqOrus?feature=share<\/a><\/p>\n<p>&nbsp;<\/p>\n<p>Ascom \u2013 C\u00e2mara Municipal de Alagoinhas<br \/>\nFotos \u2013 Jh\u00f4 Paz<\/p>\n<div class='share-to-whatsapp-wrapper'><div class='share-on-whsp'>Share on: <\/div><a data-text='Aliena\u00e7\u00e3o de terrenos municipais \u00e9 tema de debate em sess\u00e3o ordin\u00e1ria na C\u00e2mara de Alagoinhas' data-link='https:\/\/newsinfoco.com.br\/inicio\/alienacao-de-terrenos-municipais-e-tema-de-debate-em-sessao-ordinaria-na-camara-de-alagoinhas\/' class='whatsapp-button whatsapp-share'>WhatsApp<\/a><div class='clear '><\/div><\/div>","protected":false},"excerpt":{"rendered":"<p>Na sess\u00e3o ordin\u00e1ria realizada nesta ter\u00e7a-feira (01), na C\u00e2mara Municipal de Alagoinhas, Walterlicia Almeida, filiada e Amarildo Tavares, presidente, ambos representantes da Associa\u00e7\u00e3o dos Moradores do Jardim Petrolar, utilizaram a tribuna popular para repudiar a atitude do prefeito em rela\u00e7\u00e3o \u00e0 mensagem n\u00b0 096\/2023, referente ao projeto n\u00b0 051\/2023, de autoria do poder executivo, que [&hellip;]<\/p>\n","protected":false},"author":1,"featured_media":34757,"comment_status":"closed","ping_status":"closed","sticky":false,"template":"","format":"standard","meta":{"om_disable_all_campaigns":false,"rop_custom_images_group":[],"rop_custom_messages_group":[],"rop_publish_now":"initial","rop_publish_now_accounts":[],"rop_publish_now_history":[],"rop_publish_now_status":"pending","_exactmetrics_skip_tracking":false,"footnotes":""},"categories":[38,167],"tags":[],"class_list":["post-34756","post","type-post","status-publish","format-standard","has-post-thumbnail","hentry","category-alagoinhas-e-regiao","category-exclusivas"],"aioseo_notices":[],"aioseo_head":"\n\t\t<!-- All in One SEO 4.9.10 - aioseo.com -->\n\t<meta name=\"description\" content=\"Na sess\u00e3o ordin\u00e1ria realizada nesta ter\u00e7a-feira (01), na C\u00e2mara Municipal de Alagoinhas, Walterlicia Almeida, filiada e Amarildo Tavares, presidente, ambos representantes da Associa\u00e7\u00e3o dos Moradores do Jardim Petrolar, utilizaram a tribuna popular para repudiar a atitude do prefeito em rela\u00e7\u00e3o \u00e0 mensagem n\u00b0 096\/2023, referente ao projeto n\u00b0 051\/2023, de autoria do poder executivo, que\" \/>\n\t<meta name=\"robots\" content=\"max-image-preview:large\" \/>\n\t<meta name=\"author\" content=\"administrador\"\/>\n\t<link rel=\"canonical\" href=\"https:\/\/newsinfoco.com.br\/inicio\/alienacao-de-terrenos-municipais-e-tema-de-debate-em-sessao-ordinaria-na-camara-de-alagoinhas\/\" \/>\n\t<meta name=\"generator\" content=\"All in One SEO (AIOSEO) 4.9.10\" \/>\n\t\t<meta property=\"og:locale\" content=\"pt_BR\" \/>\n\t\t<meta property=\"og:site_name\" content=\"News In Foco - Editado por Caio Pimenta - O principal site de noticias de Alagoinhas e regi\u00e3o\" \/>\n\t\t<meta property=\"og:type\" content=\"article\" \/>\n\t\t<meta property=\"og:title\" content=\"Aliena\u00e7\u00e3o de terrenos municipais \u00e9 tema de debate em sess\u00e3o ordin\u00e1ria na C\u00e2mara de Alagoinhas - News In Foco - Editado por Caio Pimenta\" \/>\n\t\t<meta property=\"og:description\" content=\"Na sess\u00e3o ordin\u00e1ria realizada nesta ter\u00e7a-feira (01), na C\u00e2mara Municipal de Alagoinhas, Walterlicia Almeida, filiada e Amarildo Tavares, presidente, ambos representantes da Associa\u00e7\u00e3o dos Moradores do Jardim Petrolar, utilizaram a tribuna popular para repudiar a atitude do prefeito em rela\u00e7\u00e3o \u00e0 mensagem n\u00b0 096\/2023, referente ao projeto n\u00b0 051\/2023, de autoria do poder executivo, que\" \/>\n\t\t<meta property=\"og:url\" content=\"https:\/\/newsinfoco.com.br\/inicio\/alienacao-de-terrenos-municipais-e-tema-de-debate-em-sessao-ordinaria-na-camara-de-alagoinhas\/\" \/>\n\t\t<meta property=\"article:published_time\" content=\"2023-08-02T20:26:27+00:00\" \/>\n\t\t<meta property=\"article:modified_time\" content=\"2023-08-02T20:26:27+00:00\" \/>\n\t\t<meta name=\"twitter:card\" content=\"summary_large_image\" \/>\n\t\t<meta name=\"twitter:title\" content=\"Aliena\u00e7\u00e3o de terrenos municipais \u00e9 tema de debate em sess\u00e3o ordin\u00e1ria na C\u00e2mara de Alagoinhas - News In Foco - Editado por Caio Pimenta\" \/>\n\t\t<meta name=\"twitter:description\" content=\"Na sess\u00e3o ordin\u00e1ria realizada nesta ter\u00e7a-feira (01), na C\u00e2mara Municipal de Alagoinhas, Walterlicia Almeida, filiada e Amarildo Tavares, presidente, ambos representantes da Associa\u00e7\u00e3o dos Moradores do Jardim Petrolar, utilizaram a tribuna popular para repudiar a atitude do prefeito em rela\u00e7\u00e3o \u00e0 mensagem n\u00b0 096\/2023, referente ao projeto n\u00b0 051\/2023, de autoria do poder executivo, que\" \/>\n\t\t<script type=\"application\/ld+json\" class=\"aioseo-schema\">\n\t\t\t{\"@context\":\"https:\\\/\\\/schema.org\",\"@graph\":[{\"@type\":\"BlogPosting\",\"@id\":\"https:\\\/\\\/newsinfoco.com.br\\\/inicio\\\/alienacao-de-terrenos-municipais-e-tema-de-debate-em-sessao-ordinaria-na-camara-de-alagoinhas\\\/#blogposting\",\"name\":\"Aliena\\u00e7\\u00e3o de terrenos municipais \\u00e9 tema de debate em sess\\u00e3o ordin\\u00e1ria na C\\u00e2mara de Alagoinhas - News In Foco - Editado por Caio Pimenta\",\"headline\":\"Aliena\\u00e7\\u00e3o de terrenos municipais \\u00e9 tema de debate em sess\\u00e3o ordin\\u00e1ria na C\\u00e2mara de Alagoinhas\",\"author\":{\"@id\":\"https:\\\/\\\/newsinfoco.com.br\\\/inicio\\\/author\\\/administrador\\\/#author\"},\"publisher\":{\"@id\":\"https:\\\/\\\/newsinfoco.com.br\\\/inicio\\\/#organization\"},\"image\":{\"@type\":\"ImageObject\",\"url\":\"https:\\\/\\\/newsinfoco.com.br\\\/inicio\\\/wp-content\\\/uploads\\\/2023\\\/08\\\/alienacao-de-terrenos-municipais-e-tema-de-debate-em-sessao-ordinaria-na-camara-de-alagoinhas.jpg\",\"width\":1045,\"height\":1280},\"datePublished\":\"2023-08-02T17:26:27-03:00\",\"dateModified\":\"2023-08-02T17:26:27-03:00\",\"inLanguage\":\"pt-BR\",\"mainEntityOfPage\":{\"@id\":\"https:\\\/\\\/newsinfoco.com.br\\\/inicio\\\/alienacao-de-terrenos-municipais-e-tema-de-debate-em-sessao-ordinaria-na-camara-de-alagoinhas\\\/#webpage\"},\"isPartOf\":{\"@id\":\"https:\\\/\\\/newsinfoco.com.br\\\/inicio\\\/alienacao-de-terrenos-municipais-e-tema-de-debate-em-sessao-ordinaria-na-camara-de-alagoinhas\\\/#webpage\"},\"articleSection\":\"Alagoinhas e Regi\\u00e3o, Manchete\"},{\"@type\":\"BreadcrumbList\",\"@id\":\"https:\\\/\\\/newsinfoco.com.br\\\/inicio\\\/alienacao-de-terrenos-municipais-e-tema-de-debate-em-sessao-ordinaria-na-camara-de-alagoinhas\\\/#breadcrumblist\",\"itemListElement\":[{\"@type\":\"ListItem\",\"@id\":\"https:\\\/\\\/newsinfoco.com.br\\\/inicio#listItem\",\"position\":1,\"name\":\"In\\u00edcio\",\"item\":\"https:\\\/\\\/newsinfoco.com.br\\\/inicio\",\"nextItem\":{\"@type\":\"ListItem\",\"@id\":\"https:\\\/\\\/newsinfoco.com.br\\\/inicio\\\/category\\\/alagoinhas-e-regiao\\\/#listItem\",\"name\":\"Alagoinhas e Regi\\u00e3o\"}},{\"@type\":\"ListItem\",\"@id\":\"https:\\\/\\\/newsinfoco.com.br\\\/inicio\\\/category\\\/alagoinhas-e-regiao\\\/#listItem\",\"position\":2,\"name\":\"Alagoinhas e Regi\\u00e3o\",\"item\":\"https:\\\/\\\/newsinfoco.com.br\\\/inicio\\\/category\\\/alagoinhas-e-regiao\\\/\",\"nextItem\":{\"@type\":\"ListItem\",\"@id\":\"https:\\\/\\\/newsinfoco.com.br\\\/inicio\\\/alienacao-de-terrenos-municipais-e-tema-de-debate-em-sessao-ordinaria-na-camara-de-alagoinhas\\\/#listItem\",\"name\":\"Aliena\\u00e7\\u00e3o de terrenos municipais \\u00e9 tema de debate em sess\\u00e3o ordin\\u00e1ria na C\\u00e2mara de Alagoinhas\"},\"previousItem\":{\"@type\":\"ListItem\",\"@id\":\"https:\\\/\\\/newsinfoco.com.br\\\/inicio#listItem\",\"name\":\"In\\u00edcio\"}},{\"@type\":\"ListItem\",\"@id\":\"https:\\\/\\\/newsinfoco.com.br\\\/inicio\\\/alienacao-de-terrenos-municipais-e-tema-de-debate-em-sessao-ordinaria-na-camara-de-alagoinhas\\\/#listItem\",\"position\":3,\"name\":\"Aliena\\u00e7\\u00e3o de terrenos municipais \\u00e9 tema de debate em sess\\u00e3o ordin\\u00e1ria na C\\u00e2mara de Alagoinhas\",\"previousItem\":{\"@type\":\"ListItem\",\"@id\":\"https:\\\/\\\/newsinfoco.com.br\\\/inicio\\\/category\\\/alagoinhas-e-regiao\\\/#listItem\",\"name\":\"Alagoinhas e Regi\\u00e3o\"}}]},{\"@type\":\"Organization\",\"@id\":\"https:\\\/\\\/newsinfoco.com.br\\\/inicio\\\/#organization\",\"name\":\"News In Foco - Editado por Caio Pimenta\",\"description\":\"O principal site de noticias de Alagoinhas e regi\\u00e3o\",\"url\":\"https:\\\/\\\/newsinfoco.com.br\\\/inicio\\\/\"},{\"@type\":\"Person\",\"@id\":\"https:\\\/\\\/newsinfoco.com.br\\\/inicio\\\/author\\\/administrador\\\/#author\",\"url\":\"https:\\\/\\\/newsinfoco.com.br\\\/inicio\\\/author\\\/administrador\\\/\",\"name\":\"administrador\",\"image\":{\"@type\":\"ImageObject\",\"@id\":\"https:\\\/\\\/newsinfoco.com.br\\\/inicio\\\/alienacao-de-terrenos-municipais-e-tema-de-debate-em-sessao-ordinaria-na-camara-de-alagoinhas\\\/#authorImage\",\"url\":\"https:\\\/\\\/secure.gravatar.com\\\/avatar\\\/c17a617433de8c1dc9584bb79aab7563b46f5bb7e1728c9b17d9cc3ce6a08e49?s=96&d=mm&r=g\",\"width\":96,\"height\":96,\"caption\":\"administrador\"}},{\"@type\":\"WebPage\",\"@id\":\"https:\\\/\\\/newsinfoco.com.br\\\/inicio\\\/alienacao-de-terrenos-municipais-e-tema-de-debate-em-sessao-ordinaria-na-camara-de-alagoinhas\\\/#webpage\",\"url\":\"https:\\\/\\\/newsinfoco.com.br\\\/inicio\\\/alienacao-de-terrenos-municipais-e-tema-de-debate-em-sessao-ordinaria-na-camara-de-alagoinhas\\\/\",\"name\":\"Aliena\\u00e7\\u00e3o de terrenos municipais \\u00e9 tema de debate em sess\\u00e3o ordin\\u00e1ria na C\\u00e2mara de Alagoinhas - News In Foco - Editado por Caio Pimenta\",\"description\":\"Na sess\\u00e3o ordin\\u00e1ria realizada nesta ter\\u00e7a-feira (01), na C\\u00e2mara Municipal de Alagoinhas, Walterlicia Almeida, filiada e Amarildo Tavares, presidente, ambos representantes da Associa\\u00e7\\u00e3o dos Moradores do Jardim Petrolar, utilizaram a tribuna popular para repudiar a atitude do prefeito em rela\\u00e7\\u00e3o \\u00e0 mensagem n\\u00b0 096\\\/2023, referente ao projeto n\\u00b0 051\\\/2023, de autoria do poder executivo, que\",\"inLanguage\":\"pt-BR\",\"isPartOf\":{\"@id\":\"https:\\\/\\\/newsinfoco.com.br\\\/inicio\\\/#website\"},\"breadcrumb\":{\"@id\":\"https:\\\/\\\/newsinfoco.com.br\\\/inicio\\\/alienacao-de-terrenos-municipais-e-tema-de-debate-em-sessao-ordinaria-na-camara-de-alagoinhas\\\/#breadcrumblist\"},\"author\":{\"@id\":\"https:\\\/\\\/newsinfoco.com.br\\\/inicio\\\/author\\\/administrador\\\/#author\"},\"creator\":{\"@id\":\"https:\\\/\\\/newsinfoco.com.br\\\/inicio\\\/author\\\/administrador\\\/#author\"},\"image\":{\"@type\":\"ImageObject\",\"url\":\"https:\\\/\\\/newsinfoco.com.br\\\/inicio\\\/wp-content\\\/uploads\\\/2023\\\/08\\\/alienacao-de-terrenos-municipais-e-tema-de-debate-em-sessao-ordinaria-na-camara-de-alagoinhas.jpg\",\"@id\":\"https:\\\/\\\/newsinfoco.com.br\\\/inicio\\\/alienacao-de-terrenos-municipais-e-tema-de-debate-em-sessao-ordinaria-na-camara-de-alagoinhas\\\/#mainImage\",\"width\":1045,\"height\":1280},\"primaryImageOfPage\":{\"@id\":\"https:\\\/\\\/newsinfoco.com.br\\\/inicio\\\/alienacao-de-terrenos-municipais-e-tema-de-debate-em-sessao-ordinaria-na-camara-de-alagoinhas\\\/#mainImage\"},\"datePublished\":\"2023-08-02T17:26:27-03:00\",\"dateModified\":\"2023-08-02T17:26:27-03:00\"},{\"@type\":\"WebSite\",\"@id\":\"https:\\\/\\\/newsinfoco.com.br\\\/inicio\\\/#website\",\"url\":\"https:\\\/\\\/newsinfoco.com.br\\\/inicio\\\/\",\"name\":\"News In Foco - Editado por Caio Pimenta\",\"description\":\"O principal site de noticias de Alagoinhas e regi\\u00e3o\",\"inLanguage\":\"pt-BR\",\"publisher\":{\"@id\":\"https:\\\/\\\/newsinfoco.com.br\\\/inicio\\\/#organization\"}}]}\n\t\t<\/script>\n\t\t<!-- All in One SEO -->\n\n","aioseo_head_json":{"title":"Aliena\u00e7\u00e3o de terrenos municipais \u00e9 tema de debate em sess\u00e3o ordin\u00e1ria na C\u00e2mara de Alagoinhas - News In Foco - Editado por Caio Pimenta","description":"Na sess\u00e3o ordin\u00e1ria realizada nesta ter\u00e7a-feira (01), na C\u00e2mara Municipal de Alagoinhas, Walterlicia Almeida, filiada e Amarildo Tavares, presidente, ambos representantes da Associa\u00e7\u00e3o dos Moradores do Jardim Petrolar, utilizaram a tribuna popular para repudiar a atitude do prefeito em rela\u00e7\u00e3o \u00e0 mensagem n\u00b0 096\/2023, referente ao projeto n\u00b0 051\/2023, de autoria do poder executivo, que","canonical_url":"https:\/\/newsinfoco.com.br\/inicio\/alienacao-de-terrenos-municipais-e-tema-de-debate-em-sessao-ordinaria-na-camara-de-alagoinhas\/","robots":"max-image-preview:large","keywords":"","webmasterTools":{"miscellaneous":""},"schema":{"@context":"https:\/\/schema.org","@graph":[{"@type":"BlogPosting","@id":"https:\/\/newsinfoco.com.br\/inicio\/alienacao-de-terrenos-municipais-e-tema-de-debate-em-sessao-ordinaria-na-camara-de-alagoinhas\/#blogposting","name":"Aliena\u00e7\u00e3o de terrenos municipais \u00e9 tema de debate em sess\u00e3o ordin\u00e1ria na C\u00e2mara de Alagoinhas - News In Foco - Editado por Caio Pimenta","headline":"Aliena\u00e7\u00e3o de terrenos municipais \u00e9 tema de debate em sess\u00e3o ordin\u00e1ria na C\u00e2mara de Alagoinhas","author":{"@id":"https:\/\/newsinfoco.com.br\/inicio\/author\/administrador\/#author"},"publisher":{"@id":"https:\/\/newsinfoco.com.br\/inicio\/#organization"},"image":{"@type":"ImageObject","url":"https:\/\/newsinfoco.com.br\/inicio\/wp-content\/uploads\/2023\/08\/alienacao-de-terrenos-municipais-e-tema-de-debate-em-sessao-ordinaria-na-camara-de-alagoinhas.jpg","width":1045,"height":1280},"datePublished":"2023-08-02T17:26:27-03:00","dateModified":"2023-08-02T17:26:27-03:00","inLanguage":"pt-BR","mainEntityOfPage":{"@id":"https:\/\/newsinfoco.com.br\/inicio\/alienacao-de-terrenos-municipais-e-tema-de-debate-em-sessao-ordinaria-na-camara-de-alagoinhas\/#webpage"},"isPartOf":{"@id":"https:\/\/newsinfoco.com.br\/inicio\/alienacao-de-terrenos-municipais-e-tema-de-debate-em-sessao-ordinaria-na-camara-de-alagoinhas\/#webpage"},"articleSection":"Alagoinhas e Regi\u00e3o, Manchete"},{"@type":"BreadcrumbList","@id":"https:\/\/newsinfoco.com.br\/inicio\/alienacao-de-terrenos-municipais-e-tema-de-debate-em-sessao-ordinaria-na-camara-de-alagoinhas\/#breadcrumblist","itemListElement":[{"@type":"ListItem","@id":"https:\/\/newsinfoco.com.br\/inicio#listItem","position":1,"name":"In\u00edcio","item":"https:\/\/newsinfoco.com.br\/inicio","nextItem":{"@type":"ListItem","@id":"https:\/\/newsinfoco.com.br\/inicio\/category\/alagoinhas-e-regiao\/#listItem","name":"Alagoinhas e Regi\u00e3o"}},{"@type":"ListItem","@id":"https:\/\/newsinfoco.com.br\/inicio\/category\/alagoinhas-e-regiao\/#listItem","position":2,"name":"Alagoinhas e Regi\u00e3o","item":"https:\/\/newsinfoco.com.br\/inicio\/category\/alagoinhas-e-regiao\/","nextItem":{"@type":"ListItem","@id":"https:\/\/newsinfoco.com.br\/inicio\/alienacao-de-terrenos-municipais-e-tema-de-debate-em-sessao-ordinaria-na-camara-de-alagoinhas\/#listItem","name":"Aliena\u00e7\u00e3o de terrenos municipais \u00e9 tema de debate em sess\u00e3o ordin\u00e1ria na C\u00e2mara de Alagoinhas"},"previousItem":{"@type":"ListItem","@id":"https:\/\/newsinfoco.com.br\/inicio#listItem","name":"In\u00edcio"}},{"@type":"ListItem","@id":"https:\/\/newsinfoco.com.br\/inicio\/alienacao-de-terrenos-municipais-e-tema-de-debate-em-sessao-ordinaria-na-camara-de-alagoinhas\/#listItem","position":3,"name":"Aliena\u00e7\u00e3o de terrenos municipais \u00e9 tema de debate em sess\u00e3o ordin\u00e1ria na C\u00e2mara de Alagoinhas","previousItem":{"@type":"ListItem","@id":"https:\/\/newsinfoco.com.br\/inicio\/category\/alagoinhas-e-regiao\/#listItem","name":"Alagoinhas e Regi\u00e3o"}}]},{"@type":"Organization","@id":"https:\/\/newsinfoco.com.br\/inicio\/#organization","name":"News In Foco - Editado por Caio Pimenta","description":"O principal site de noticias de Alagoinhas e regi\u00e3o","url":"https:\/\/newsinfoco.com.br\/inicio\/"},{"@type":"Person","@id":"https:\/\/newsinfoco.com.br\/inicio\/author\/administrador\/#author","url":"https:\/\/newsinfoco.com.br\/inicio\/author\/administrador\/","name":"administrador","image":{"@type":"ImageObject","@id":"https:\/\/newsinfoco.com.br\/inicio\/alienacao-de-terrenos-municipais-e-tema-de-debate-em-sessao-ordinaria-na-camara-de-alagoinhas\/#authorImage","url":"https:\/\/secure.gravatar.com\/avatar\/c17a617433de8c1dc9584bb79aab7563b46f5bb7e1728c9b17d9cc3ce6a08e49?s=96&d=mm&r=g","width":96,"height":96,"caption":"administrador"}},{"@type":"WebPage","@id":"https:\/\/newsinfoco.com.br\/inicio\/alienacao-de-terrenos-municipais-e-tema-de-debate-em-sessao-ordinaria-na-camara-de-alagoinhas\/#webpage","url":"https:\/\/newsinfoco.com.br\/inicio\/alienacao-de-terrenos-municipais-e-tema-de-debate-em-sessao-ordinaria-na-camara-de-alagoinhas\/","name":"Aliena\u00e7\u00e3o de terrenos municipais \u00e9 tema de debate em sess\u00e3o ordin\u00e1ria na C\u00e2mara de Alagoinhas - News In Foco - Editado por Caio Pimenta","description":"Na sess\u00e3o ordin\u00e1ria realizada nesta ter\u00e7a-feira (01), na C\u00e2mara Municipal de Alagoinhas, Walterlicia Almeida, filiada e Amarildo Tavares, presidente, ambos representantes da Associa\u00e7\u00e3o dos Moradores do Jardim Petrolar, utilizaram a tribuna popular para repudiar a atitude do prefeito em rela\u00e7\u00e3o \u00e0 mensagem n\u00b0 096\/2023, referente ao projeto n\u00b0 051\/2023, de autoria do poder executivo, que","inLanguage":"pt-BR","isPartOf":{"@id":"https:\/\/newsinfoco.com.br\/inicio\/#website"},"breadcrumb":{"@id":"https:\/\/newsinfoco.com.br\/inicio\/alienacao-de-terrenos-municipais-e-tema-de-debate-em-sessao-ordinaria-na-camara-de-alagoinhas\/#breadcrumblist"},"author":{"@id":"https:\/\/newsinfoco.com.br\/inicio\/author\/administrador\/#author"},"creator":{"@id":"https:\/\/newsinfoco.com.br\/inicio\/author\/administrador\/#author"},"image":{"@type":"ImageObject","url":"https:\/\/newsinfoco.com.br\/inicio\/wp-content\/uploads\/2023\/08\/alienacao-de-terrenos-municipais-e-tema-de-debate-em-sessao-ordinaria-na-camara-de-alagoinhas.jpg","@id":"https:\/\/newsinfoco.com.br\/inicio\/alienacao-de-terrenos-municipais-e-tema-de-debate-em-sessao-ordinaria-na-camara-de-alagoinhas\/#mainImage","width":1045,"height":1280},"primaryImageOfPage":{"@id":"https:\/\/newsinfoco.com.br\/inicio\/alienacao-de-terrenos-municipais-e-tema-de-debate-em-sessao-ordinaria-na-camara-de-alagoinhas\/#mainImage"},"datePublished":"2023-08-02T17:26:27-03:00","dateModified":"2023-08-02T17:26:27-03:00"},{"@type":"WebSite","@id":"https:\/\/newsinfoco.com.br\/inicio\/#website","url":"https:\/\/newsinfoco.com.br\/inicio\/","name":"News In Foco - Editado por Caio Pimenta","description":"O principal site de noticias de Alagoinhas e regi\u00e3o","inLanguage":"pt-BR","publisher":{"@id":"https:\/\/newsinfoco.com.br\/inicio\/#organization"}}]},"og:locale":"pt_BR","og:site_name":"News In Foco - Editado por Caio Pimenta - O principal site de noticias de Alagoinhas e regi\u00e3o","og:type":"article","og:title":"Aliena\u00e7\u00e3o de terrenos municipais \u00e9 tema de debate em sess\u00e3o ordin\u00e1ria na C\u00e2mara de Alagoinhas - News In Foco - Editado por Caio Pimenta","og:description":"Na sess\u00e3o ordin\u00e1ria realizada nesta ter\u00e7a-feira (01), na C\u00e2mara Municipal de Alagoinhas, Walterlicia Almeida, filiada e Amarildo Tavares, presidente, ambos representantes da Associa\u00e7\u00e3o dos Moradores do Jardim Petrolar, utilizaram a tribuna popular para repudiar a atitude do prefeito em rela\u00e7\u00e3o \u00e0 mensagem n\u00b0 096\/2023, referente ao projeto n\u00b0 051\/2023, de autoria do poder executivo, que","og:url":"https:\/\/newsinfoco.com.br\/inicio\/alienacao-de-terrenos-municipais-e-tema-de-debate-em-sessao-ordinaria-na-camara-de-alagoinhas\/","article:published_time":"2023-08-02T20:26:27+00:00","article:modified_time":"2023-08-02T20:26:27+00:00","twitter:card":"summary_large_image","twitter:title":"Aliena\u00e7\u00e3o de terrenos municipais \u00e9 tema de debate em sess\u00e3o ordin\u00e1ria na C\u00e2mara de Alagoinhas - News In Foco - Editado por Caio Pimenta","twitter:description":"Na sess\u00e3o ordin\u00e1ria realizada nesta ter\u00e7a-feira (01), na C\u00e2mara Municipal de Alagoinhas, Walterlicia Almeida, filiada e Amarildo Tavares, presidente, ambos representantes da Associa\u00e7\u00e3o dos Moradores do Jardim Petrolar, utilizaram a tribuna popular para repudiar a atitude do prefeito em rela\u00e7\u00e3o \u00e0 mensagem n\u00b0 096\/2023, referente ao projeto n\u00b0 051\/2023, de autoria do poder executivo, que"},"aioseo_meta_data":{"post_id":"34756","title":null,"description":null,"keywords":[],"keyphrases":{"focus":{"keyphrase":"","score":0,"analysis":{"keyphraseInTitle":{"score":0,"maxScore":9,"error":1}}},"additional":[]},"primary_term":null,"canonical_url":null,"og_title":null,"og_description":null,"og_object_type":"default","og_image_type":"default","og_image_url":null,"og_image_width":null,"og_image_height":null,"og_image_custom_url":null,"og_image_custom_fields":null,"og_video":"","og_custom_url":null,"og_article_section":null,"og_article_tags":[],"twitter_use_og":false,"twitter_card":"default","twitter_image_type":"default","twitter_image_url":null,"twitter_image_custom_url":null,"twitter_image_custom_fields":null,"twitter_title":null,"twitter_description":null,"schema":{"blockGraphs":[],"customGraphs":[],"default":{"data":{"Article":[],"Course":[],"Dataset":[],"FAQPage":[],"Movie":[],"Person":[],"Product":[],"ProductReview":[],"Car":[],"Recipe":[],"Service":[],"SoftwareApplication":[],"WebPage":[]},"graphName":"BlogPosting","isEnabled":true},"graphs":[]},"schema_type":"default","schema_type_options":null,"pillar_content":false,"robots_default":true,"robots_noindex":false,"robots_noarchive":false,"robots_nosnippet":false,"robots_nofollow":false,"robots_noimageindex":false,"robots_noodp":false,"robots_notranslate":false,"robots_max_snippet":"-1","robots_max_videopreview":"-1","robots_max_imagepreview":"large","priority":null,"frequency":"default","local_seo":null,"breadcrumb_settings":null,"limit_modified_date":false,"ai":null,"created":"2023-08-02 20:24:51","updated":"2025-07-11 10:06:00","seo_analyzer_scan_date":null},"aioseo_breadcrumb":"<div class=\"aioseo-breadcrumbs\"><span class=\"aioseo-breadcrumb\">\n\t\t\t<a href=\"https:\/\/newsinfoco.com.br\/inicio\" title=\"In\u00edcio\">In\u00edcio<\/a>\n\t\t<\/span><span class=\"aioseo-breadcrumb-separator\">&raquo;<\/span><span class=\"aioseo-breadcrumb\">\n\t\t\t<a href=\"https:\/\/newsinfoco.com.br\/inicio\/category\/alagoinhas-e-regiao\/\" title=\"Alagoinhas e Regi\u00e3o\">Alagoinhas e Regi\u00e3o<\/a>\n\t\t<\/span><span class=\"aioseo-breadcrumb-separator\">&raquo;<\/span><span class=\"aioseo-breadcrumb\">\n\t\t\tAliena\u00e7\u00e3o de terrenos municipais \u00e9 tema de debate em sess\u00e3o ordin\u00e1ria na C\u00e2mara de Alagoinhas\n\t\t<\/span><\/div>","aioseo_breadcrumb_json":[{"label":"In\u00edcio","link":"https:\/\/newsinfoco.com.br\/inicio"},{"label":"Alagoinhas e Regi\u00e3o","link":"https:\/\/newsinfoco.com.br\/inicio\/category\/alagoinhas-e-regiao\/"},{"label":"Aliena\u00e7\u00e3o de terrenos municipais \u00e9 tema de debate em sess\u00e3o ordin\u00e1ria na C\u00e2mara de Alagoinhas","link":"https:\/\/newsinfoco.com.br\/inicio\/alienacao-de-terrenos-municipais-e-tema-de-debate-em-sessao-ordinaria-na-camara-de-alagoinhas\/"}],"_links":{"self":[{"href":"https:\/\/newsinfoco.com.br\/inicio\/wp-json\/wp\/v2\/posts\/34756","targetHints":{"allow":["GET"]}}],"collection":[{"href":"https:\/\/newsinfoco.com.br\/inicio\/wp-json\/wp\/v2\/posts"}],"about":[{"href":"https:\/\/newsinfoco.com.br\/inicio\/wp-json\/wp\/v2\/types\/post"}],"author":[{"embeddable":true,"href":"https:\/\/newsinfoco.com.br\/inicio\/wp-json\/wp\/v2\/users\/1"}],"replies":[{"embeddable":true,"href":"https:\/\/newsinfoco.com.br\/inicio\/wp-json\/wp\/v2\/comments?post=34756"}],"version-history":[{"count":1,"href":"https:\/\/newsinfoco.com.br\/inicio\/wp-json\/wp\/v2\/posts\/34756\/revisions"}],"predecessor-version":[{"id":34758,"href":"https:\/\/newsinfoco.com.br\/inicio\/wp-json\/wp\/v2\/posts\/34756\/revisions\/34758"}],"wp:featuredmedia":[{"embeddable":true,"href":"https:\/\/newsinfoco.com.br\/inicio\/wp-json\/wp\/v2\/media\/34757"}],"wp:attachment":[{"href":"https:\/\/newsinfoco.com.br\/inicio\/wp-json\/wp\/v2\/media?parent=34756"}],"wp:term":[{"taxonomy":"category","embeddable":true,"href":"https:\/\/newsinfoco.com.br\/inicio\/wp-json\/wp\/v2\/categories?post=34756"},{"taxonomy":"post_tag","embeddable":true,"href":"https:\/\/newsinfoco.com.br\/inicio\/wp-json\/wp\/v2\/tags?post=34756"}],"curies":[{"name":"wp","href":"https:\/\/api.w.org\/{rel}","templated":true}]}}