{"id":34776,"date":"2023-08-03T19:33:51","date_gmt":"2023-08-03T22:33:51","guid":{"rendered":"https:\/\/newsinfoco.com.br\/inicio\/?p=34776"},"modified":"2023-08-03T19:49:42","modified_gmt":"2023-08-03T22:49:42","slug":"professor-genivaldo-cruz-critica-falta-de-preparo-de-vereadores-de-alagoinhas-para-discussao-dos-problemas-da-cidade-e-cobra-mudanca-de-postura","status":"publish","type":"post","link":"https:\/\/newsinfoco.com.br\/inicio\/professor-genivaldo-cruz-critica-falta-de-preparo-de-vereadores-de-alagoinhas-para-discussao-dos-problemas-da-cidade-e-cobra-mudanca-de-postura\/","title":{"rendered":"Professor Genivaldo Cruz critica falta de preparo de vereadores de Alagoinhas para discuss\u00e3o dos problemas da cidade e cobra mudan\u00e7a de postura"},"content":{"rendered":"<p>O professor do Ifbaiano, Genivaldo Cruz, criticou na manh\u00e3 de hoje(03), em entrevista concedida ao programa Primeira M\u00e3o, da r\u00e1dio Ouro Negro 100,5 FM, a falta de de preparo dos vereadores de Alagoinhas nas discuss\u00f5es das principais demandas da cidade.<\/p>\n<p>Para o educador, que j\u00e1 exerceu mandato parlamentar na cidade de Pedr\u00e3o e cita com orgulho o fato de ter participado na inelegibilidade de dois ex-prefeitos daquele munic\u00edpio por mal uso de recursos p\u00fablicos, falta no Legislativo Municipal alagoinhense uma atua\u00e7\u00e3o mais forte na elabora\u00e7\u00e3o de leis e na fiscaliza\u00e7\u00e3o do executivo.<\/p>\n<p>Ele afirmou que os principais problemas do munic\u00edpio derivam n\u00e3o s\u00f3 de uma falta de a\u00e7\u00e3o do executivo, mas tamb\u00e9m do Legislativo.<\/p>\n<p>A rela\u00e7\u00e3o de interdepend\u00eancia entre o mandato parlamentar e o poder executivo foi tamb\u00e9m duramente criticada por Genivaldo. O fato do vereador fazer indica\u00e7\u00f5es politicas para composi\u00e7\u00e3o de um Governo, compromete a sua independ\u00eancia na hora de exercer o seu papel fiscalizador. Ele defende que o vereador &#8220;\u00e9 vereador da cidade, n\u00e3o de governo ou da oposi\u00e7\u00e3o&#8221;.<\/p>\n<p>Entre os principais problemas enfrentados por Alagoinhas, Genivaldo elencou a falta de planejamento de cidade. A falta de um Plano Diretor de Desenvolvimento Urbano(PDDU) desatualizado, na sua vis\u00e3o, compromete as discuss\u00f5es acerca das outras pe\u00e7as de planejamento como o Plano Plurianual, a Lei de Diretrizes Or\u00e7ament\u00e1rias e a Lei Or\u00e7ament\u00e1ria Anual. Ele tamb\u00e9m criticou a falta de coleta e armazenamento de dados sociais e econ\u00f4micos por parte das secretarias municipais e \u00f3rg\u00e3os do Governo, o que na sua opini\u00e3o tamb\u00e9m atrapalha na elabora\u00e7\u00e3o planejada de a\u00e7\u00f5es. O resultado, segundo o educador, \u00e9 um crescimento desordenado da cidade e uma crescente demanda por servi\u00e7os p\u00fablicos que n\u00e3o s\u00e3o entregues \u00e0 popula\u00e7\u00e3o.<\/p>\n<p>Genivaldo Cruz cobrou do edis uma maior preocupa\u00e7\u00e3o em buscar conhecimento e especializa\u00e7\u00e3o para tratar dos temas municipais.<\/p>\n<p>A entrevista completa do professor Genivaldo Cruz no programa Primeira M\u00e3o voc\u00ea acompanha no link: <a href=\"https:\/\/www.youtube.com\/watch?v=Dvx7DFLU2ig\">PROGRAMA PRIMEIRA M\u00c3O &#8211; 03\/08\/2023 &#8211; STF ANULA PROVAS UTILIZADAS EM A\u00c7\u00d5ES CONTRA CABRAL E KASSAB &#8211; YouTube<\/a><\/p>\n<p>&nbsp;<\/p>\n<p>Por Caio Pimenta para o News Infoco<\/p>\n<p>&nbsp;<\/p>\n<p>&nbsp;<\/p>\n<p>&nbsp;<\/p>\n<div class='share-to-whatsapp-wrapper'><div class='share-on-whsp'>Share on: <\/div><a data-text='Professor Genivaldo Cruz critica falta de preparo de vereadores de Alagoinhas para discuss\u00e3o dos problemas da cidade e cobra mudan\u00e7a de postura' data-link='https:\/\/newsinfoco.com.br\/inicio\/professor-genivaldo-cruz-critica-falta-de-preparo-de-vereadores-de-alagoinhas-para-discussao-dos-problemas-da-cidade-e-cobra-mudanca-de-postura\/' class='whatsapp-button whatsapp-share'>WhatsApp<\/a><div class='clear '><\/div><\/div>","protected":false},"excerpt":{"rendered":"<p>O professor do Ifbaiano, Genivaldo Cruz, criticou na manh\u00e3 de hoje(03), em entrevista concedida ao programa Primeira M\u00e3o, da r\u00e1dio Ouro Negro 100,5 FM, a falta de de preparo dos vereadores de Alagoinhas nas discuss\u00f5es das principais demandas da cidade. Para o educador, que j\u00e1 exerceu mandato parlamentar na cidade de Pedr\u00e3o e cita com [&hellip;]<\/p>\n","protected":false},"author":1,"featured_media":34777,"comment_status":"closed","ping_status":"closed","sticky":false,"template":"","format":"standard","meta":{"om_disable_all_campaigns":false,"rop_custom_images_group":[],"rop_custom_messages_group":[],"rop_publish_now":"initial","rop_publish_now_accounts":[],"rop_publish_now_history":[],"rop_publish_now_status":"pending","_exactmetrics_skip_tracking":false,"footnotes":""},"categories":[38,167],"tags":[],"class_list":["post-34776","post","type-post","status-publish","format-standard","has-post-thumbnail","hentry","category-alagoinhas-e-regiao","category-exclusivas"],"aioseo_notices":[],"aioseo_head":"\n\t\t<!-- All in One SEO 4.9.10 - aioseo.com -->\n\t<meta name=\"description\" content=\"O professor do Ifbaiano, Genivaldo Cruz, criticou na manh\u00e3 de hoje(03), em entrevista concedida ao programa Primeira M\u00e3o, da r\u00e1dio Ouro Negro 100,5 FM, a falta de de preparo dos vereadores de Alagoinhas nas discuss\u00f5es das principais demandas da cidade. Para o educador, que j\u00e1 exerceu mandato parlamentar na cidade de Pedr\u00e3o e cita com\" \/>\n\t<meta name=\"robots\" content=\"max-image-preview:large\" \/>\n\t<meta name=\"author\" content=\"administrador\"\/>\n\t<link rel=\"canonical\" href=\"https:\/\/newsinfoco.com.br\/inicio\/professor-genivaldo-cruz-critica-falta-de-preparo-de-vereadores-de-alagoinhas-para-discussao-dos-problemas-da-cidade-e-cobra-mudanca-de-postura\/\" \/>\n\t<meta name=\"generator\" content=\"All in One SEO (AIOSEO) 4.9.10\" \/>\n\t\t<meta property=\"og:locale\" content=\"pt_BR\" \/>\n\t\t<meta property=\"og:site_name\" content=\"News In Foco - Editado por Caio Pimenta - O principal site de noticias de Alagoinhas e regi\u00e3o\" \/>\n\t\t<meta property=\"og:type\" content=\"article\" \/>\n\t\t<meta property=\"og:title\" content=\"Professor Genivaldo Cruz critica falta de preparo de vereadores de Alagoinhas para discuss\u00e3o dos problemas da cidade e cobra mudan\u00e7a de postura - News In Foco - Editado por Caio Pimenta\" \/>\n\t\t<meta property=\"og:description\" content=\"O professor do Ifbaiano, Genivaldo Cruz, criticou na manh\u00e3 de hoje(03), em entrevista concedida ao programa Primeira M\u00e3o, da r\u00e1dio Ouro Negro 100,5 FM, a falta de de preparo dos vereadores de Alagoinhas nas discuss\u00f5es das principais demandas da cidade. Para o educador, que j\u00e1 exerceu mandato parlamentar na cidade de Pedr\u00e3o e cita com\" \/>\n\t\t<meta property=\"og:url\" content=\"https:\/\/newsinfoco.com.br\/inicio\/professor-genivaldo-cruz-critica-falta-de-preparo-de-vereadores-de-alagoinhas-para-discussao-dos-problemas-da-cidade-e-cobra-mudanca-de-postura\/\" \/>\n\t\t<meta property=\"article:published_time\" content=\"2023-08-03T22:33:51+00:00\" \/>\n\t\t<meta property=\"article:modified_time\" content=\"2023-08-03T22:49:42+00:00\" \/>\n\t\t<meta name=\"twitter:card\" content=\"summary_large_image\" \/>\n\t\t<meta name=\"twitter:title\" content=\"Professor Genivaldo Cruz critica falta de preparo de vereadores de Alagoinhas para discuss\u00e3o dos problemas da cidade e cobra mudan\u00e7a de postura - News In Foco - Editado por Caio Pimenta\" \/>\n\t\t<meta name=\"twitter:description\" content=\"O professor do Ifbaiano, Genivaldo Cruz, criticou na manh\u00e3 de hoje(03), em entrevista concedida ao programa Primeira M\u00e3o, da r\u00e1dio Ouro Negro 100,5 FM, a falta de de preparo dos vereadores de Alagoinhas nas discuss\u00f5es das principais demandas da cidade. Para o educador, que j\u00e1 exerceu mandato parlamentar na cidade de Pedr\u00e3o e cita com\" \/>\n\t\t<script type=\"application\/ld+json\" class=\"aioseo-schema\">\n\t\t\t{\"@context\":\"https:\\\/\\\/schema.org\",\"@graph\":[{\"@type\":\"BlogPosting\",\"@id\":\"https:\\\/\\\/newsinfoco.com.br\\\/inicio\\\/professor-genivaldo-cruz-critica-falta-de-preparo-de-vereadores-de-alagoinhas-para-discussao-dos-problemas-da-cidade-e-cobra-mudanca-de-postura\\\/#blogposting\",\"name\":\"Professor Genivaldo Cruz critica falta de preparo de vereadores de Alagoinhas para discuss\\u00e3o dos problemas da cidade e cobra mudan\\u00e7a de postura - News In Foco - Editado por Caio Pimenta\",\"headline\":\"Professor Genivaldo Cruz critica falta de preparo de vereadores de Alagoinhas para discuss\\u00e3o dos problemas da cidade e cobra mudan\\u00e7a de postura\",\"author\":{\"@id\":\"https:\\\/\\\/newsinfoco.com.br\\\/inicio\\\/author\\\/administrador\\\/#author\"},\"publisher\":{\"@id\":\"https:\\\/\\\/newsinfoco.com.br\\\/inicio\\\/#organization\"},\"image\":{\"@type\":\"ImageObject\",\"url\":\"https:\\\/\\\/newsinfoco.com.br\\\/inicio\\\/wp-content\\\/uploads\\\/2023\\\/08\\\/genivaldo.jpg\",\"width\":800,\"height\":600},\"datePublished\":\"2023-08-03T19:33:51-03:00\",\"dateModified\":\"2023-08-03T19:49:42-03:00\",\"inLanguage\":\"pt-BR\",\"mainEntityOfPage\":{\"@id\":\"https:\\\/\\\/newsinfoco.com.br\\\/inicio\\\/professor-genivaldo-cruz-critica-falta-de-preparo-de-vereadores-de-alagoinhas-para-discussao-dos-problemas-da-cidade-e-cobra-mudanca-de-postura\\\/#webpage\"},\"isPartOf\":{\"@id\":\"https:\\\/\\\/newsinfoco.com.br\\\/inicio\\\/professor-genivaldo-cruz-critica-falta-de-preparo-de-vereadores-de-alagoinhas-para-discussao-dos-problemas-da-cidade-e-cobra-mudanca-de-postura\\\/#webpage\"},\"articleSection\":\"Alagoinhas e Regi\\u00e3o, Manchete\"},{\"@type\":\"BreadcrumbList\",\"@id\":\"https:\\\/\\\/newsinfoco.com.br\\\/inicio\\\/professor-genivaldo-cruz-critica-falta-de-preparo-de-vereadores-de-alagoinhas-para-discussao-dos-problemas-da-cidade-e-cobra-mudanca-de-postura\\\/#breadcrumblist\",\"itemListElement\":[{\"@type\":\"ListItem\",\"@id\":\"https:\\\/\\\/newsinfoco.com.br\\\/inicio#listItem\",\"position\":1,\"name\":\"In\\u00edcio\",\"item\":\"https:\\\/\\\/newsinfoco.com.br\\\/inicio\",\"nextItem\":{\"@type\":\"ListItem\",\"@id\":\"https:\\\/\\\/newsinfoco.com.br\\\/inicio\\\/category\\\/alagoinhas-e-regiao\\\/#listItem\",\"name\":\"Alagoinhas e Regi\\u00e3o\"}},{\"@type\":\"ListItem\",\"@id\":\"https:\\\/\\\/newsinfoco.com.br\\\/inicio\\\/category\\\/alagoinhas-e-regiao\\\/#listItem\",\"position\":2,\"name\":\"Alagoinhas e Regi\\u00e3o\",\"item\":\"https:\\\/\\\/newsinfoco.com.br\\\/inicio\\\/category\\\/alagoinhas-e-regiao\\\/\",\"nextItem\":{\"@type\":\"ListItem\",\"@id\":\"https:\\\/\\\/newsinfoco.com.br\\\/inicio\\\/professor-genivaldo-cruz-critica-falta-de-preparo-de-vereadores-de-alagoinhas-para-discussao-dos-problemas-da-cidade-e-cobra-mudanca-de-postura\\\/#listItem\",\"name\":\"Professor Genivaldo Cruz critica falta de preparo de vereadores de Alagoinhas para discuss\\u00e3o dos problemas da cidade e cobra mudan\\u00e7a de postura\"},\"previousItem\":{\"@type\":\"ListItem\",\"@id\":\"https:\\\/\\\/newsinfoco.com.br\\\/inicio#listItem\",\"name\":\"In\\u00edcio\"}},{\"@type\":\"ListItem\",\"@id\":\"https:\\\/\\\/newsinfoco.com.br\\\/inicio\\\/professor-genivaldo-cruz-critica-falta-de-preparo-de-vereadores-de-alagoinhas-para-discussao-dos-problemas-da-cidade-e-cobra-mudanca-de-postura\\\/#listItem\",\"position\":3,\"name\":\"Professor Genivaldo Cruz critica falta de preparo de vereadores de Alagoinhas para discuss\\u00e3o dos problemas da cidade e cobra mudan\\u00e7a de postura\",\"previousItem\":{\"@type\":\"ListItem\",\"@id\":\"https:\\\/\\\/newsinfoco.com.br\\\/inicio\\\/category\\\/alagoinhas-e-regiao\\\/#listItem\",\"name\":\"Alagoinhas e Regi\\u00e3o\"}}]},{\"@type\":\"Organization\",\"@id\":\"https:\\\/\\\/newsinfoco.com.br\\\/inicio\\\/#organization\",\"name\":\"News In Foco - Editado por Caio Pimenta\",\"description\":\"O principal site de noticias de Alagoinhas e regi\\u00e3o\",\"url\":\"https:\\\/\\\/newsinfoco.com.br\\\/inicio\\\/\"},{\"@type\":\"Person\",\"@id\":\"https:\\\/\\\/newsinfoco.com.br\\\/inicio\\\/author\\\/administrador\\\/#author\",\"url\":\"https:\\\/\\\/newsinfoco.com.br\\\/inicio\\\/author\\\/administrador\\\/\",\"name\":\"administrador\",\"image\":{\"@type\":\"ImageObject\",\"@id\":\"https:\\\/\\\/newsinfoco.com.br\\\/inicio\\\/professor-genivaldo-cruz-critica-falta-de-preparo-de-vereadores-de-alagoinhas-para-discussao-dos-problemas-da-cidade-e-cobra-mudanca-de-postura\\\/#authorImage\",\"url\":\"https:\\\/\\\/secure.gravatar.com\\\/avatar\\\/c17a617433de8c1dc9584bb79aab7563b46f5bb7e1728c9b17d9cc3ce6a08e49?s=96&d=mm&r=g\",\"width\":96,\"height\":96,\"caption\":\"administrador\"}},{\"@type\":\"WebPage\",\"@id\":\"https:\\\/\\\/newsinfoco.com.br\\\/inicio\\\/professor-genivaldo-cruz-critica-falta-de-preparo-de-vereadores-de-alagoinhas-para-discussao-dos-problemas-da-cidade-e-cobra-mudanca-de-postura\\\/#webpage\",\"url\":\"https:\\\/\\\/newsinfoco.com.br\\\/inicio\\\/professor-genivaldo-cruz-critica-falta-de-preparo-de-vereadores-de-alagoinhas-para-discussao-dos-problemas-da-cidade-e-cobra-mudanca-de-postura\\\/\",\"name\":\"Professor Genivaldo Cruz critica falta de preparo de vereadores de Alagoinhas para discuss\\u00e3o dos problemas da cidade e cobra mudan\\u00e7a de postura - News In Foco - Editado por Caio Pimenta\",\"description\":\"O professor do Ifbaiano, Genivaldo Cruz, criticou na manh\\u00e3 de hoje(03), em entrevista concedida ao programa Primeira M\\u00e3o, da r\\u00e1dio Ouro Negro 100,5 FM, a falta de de preparo dos vereadores de Alagoinhas nas discuss\\u00f5es das principais demandas da cidade. Para o educador, que j\\u00e1 exerceu mandato parlamentar na cidade de Pedr\\u00e3o e cita com\",\"inLanguage\":\"pt-BR\",\"isPartOf\":{\"@id\":\"https:\\\/\\\/newsinfoco.com.br\\\/inicio\\\/#website\"},\"breadcrumb\":{\"@id\":\"https:\\\/\\\/newsinfoco.com.br\\\/inicio\\\/professor-genivaldo-cruz-critica-falta-de-preparo-de-vereadores-de-alagoinhas-para-discussao-dos-problemas-da-cidade-e-cobra-mudanca-de-postura\\\/#breadcrumblist\"},\"author\":{\"@id\":\"https:\\\/\\\/newsinfoco.com.br\\\/inicio\\\/author\\\/administrador\\\/#author\"},\"creator\":{\"@id\":\"https:\\\/\\\/newsinfoco.com.br\\\/inicio\\\/author\\\/administrador\\\/#author\"},\"image\":{\"@type\":\"ImageObject\",\"url\":\"https:\\\/\\\/newsinfoco.com.br\\\/inicio\\\/wp-content\\\/uploads\\\/2023\\\/08\\\/genivaldo.jpg\",\"@id\":\"https:\\\/\\\/newsinfoco.com.br\\\/inicio\\\/professor-genivaldo-cruz-critica-falta-de-preparo-de-vereadores-de-alagoinhas-para-discussao-dos-problemas-da-cidade-e-cobra-mudanca-de-postura\\\/#mainImage\",\"width\":800,\"height\":600},\"primaryImageOfPage\":{\"@id\":\"https:\\\/\\\/newsinfoco.com.br\\\/inicio\\\/professor-genivaldo-cruz-critica-falta-de-preparo-de-vereadores-de-alagoinhas-para-discussao-dos-problemas-da-cidade-e-cobra-mudanca-de-postura\\\/#mainImage\"},\"datePublished\":\"2023-08-03T19:33:51-03:00\",\"dateModified\":\"2023-08-03T19:49:42-03:00\"},{\"@type\":\"WebSite\",\"@id\":\"https:\\\/\\\/newsinfoco.com.br\\\/inicio\\\/#website\",\"url\":\"https:\\\/\\\/newsinfoco.com.br\\\/inicio\\\/\",\"name\":\"News In Foco - Editado por Caio Pimenta\",\"description\":\"O principal site de noticias de Alagoinhas e regi\\u00e3o\",\"inLanguage\":\"pt-BR\",\"publisher\":{\"@id\":\"https:\\\/\\\/newsinfoco.com.br\\\/inicio\\\/#organization\"}}]}\n\t\t<\/script>\n\t\t<!-- All in One SEO -->\n\n","aioseo_head_json":{"title":"Professor Genivaldo Cruz critica falta de preparo de vereadores de Alagoinhas para discuss\u00e3o dos problemas da cidade e cobra mudan\u00e7a de postura - News In Foco - Editado por Caio Pimenta","description":"O professor do Ifbaiano, Genivaldo Cruz, criticou na manh\u00e3 de hoje(03), em entrevista concedida ao programa Primeira M\u00e3o, da r\u00e1dio Ouro Negro 100,5 FM, a falta de de preparo dos vereadores de Alagoinhas nas discuss\u00f5es das principais demandas da cidade. Para o educador, que j\u00e1 exerceu mandato parlamentar na cidade de Pedr\u00e3o e cita com","canonical_url":"https:\/\/newsinfoco.com.br\/inicio\/professor-genivaldo-cruz-critica-falta-de-preparo-de-vereadores-de-alagoinhas-para-discussao-dos-problemas-da-cidade-e-cobra-mudanca-de-postura\/","robots":"max-image-preview:large","keywords":"","webmasterTools":{"miscellaneous":""},"schema":{"@context":"https:\/\/schema.org","@graph":[{"@type":"BlogPosting","@id":"https:\/\/newsinfoco.com.br\/inicio\/professor-genivaldo-cruz-critica-falta-de-preparo-de-vereadores-de-alagoinhas-para-discussao-dos-problemas-da-cidade-e-cobra-mudanca-de-postura\/#blogposting","name":"Professor Genivaldo Cruz critica falta de preparo de vereadores de Alagoinhas para discuss\u00e3o dos problemas da cidade e cobra mudan\u00e7a de postura - News In Foco - Editado por Caio Pimenta","headline":"Professor Genivaldo Cruz critica falta de preparo de vereadores de Alagoinhas para discuss\u00e3o dos problemas da cidade e cobra mudan\u00e7a de postura","author":{"@id":"https:\/\/newsinfoco.com.br\/inicio\/author\/administrador\/#author"},"publisher":{"@id":"https:\/\/newsinfoco.com.br\/inicio\/#organization"},"image":{"@type":"ImageObject","url":"https:\/\/newsinfoco.com.br\/inicio\/wp-content\/uploads\/2023\/08\/genivaldo.jpg","width":800,"height":600},"datePublished":"2023-08-03T19:33:51-03:00","dateModified":"2023-08-03T19:49:42-03:00","inLanguage":"pt-BR","mainEntityOfPage":{"@id":"https:\/\/newsinfoco.com.br\/inicio\/professor-genivaldo-cruz-critica-falta-de-preparo-de-vereadores-de-alagoinhas-para-discussao-dos-problemas-da-cidade-e-cobra-mudanca-de-postura\/#webpage"},"isPartOf":{"@id":"https:\/\/newsinfoco.com.br\/inicio\/professor-genivaldo-cruz-critica-falta-de-preparo-de-vereadores-de-alagoinhas-para-discussao-dos-problemas-da-cidade-e-cobra-mudanca-de-postura\/#webpage"},"articleSection":"Alagoinhas e Regi\u00e3o, Manchete"},{"@type":"BreadcrumbList","@id":"https:\/\/newsinfoco.com.br\/inicio\/professor-genivaldo-cruz-critica-falta-de-preparo-de-vereadores-de-alagoinhas-para-discussao-dos-problemas-da-cidade-e-cobra-mudanca-de-postura\/#breadcrumblist","itemListElement":[{"@type":"ListItem","@id":"https:\/\/newsinfoco.com.br\/inicio#listItem","position":1,"name":"In\u00edcio","item":"https:\/\/newsinfoco.com.br\/inicio","nextItem":{"@type":"ListItem","@id":"https:\/\/newsinfoco.com.br\/inicio\/category\/alagoinhas-e-regiao\/#listItem","name":"Alagoinhas e Regi\u00e3o"}},{"@type":"ListItem","@id":"https:\/\/newsinfoco.com.br\/inicio\/category\/alagoinhas-e-regiao\/#listItem","position":2,"name":"Alagoinhas e Regi\u00e3o","item":"https:\/\/newsinfoco.com.br\/inicio\/category\/alagoinhas-e-regiao\/","nextItem":{"@type":"ListItem","@id":"https:\/\/newsinfoco.com.br\/inicio\/professor-genivaldo-cruz-critica-falta-de-preparo-de-vereadores-de-alagoinhas-para-discussao-dos-problemas-da-cidade-e-cobra-mudanca-de-postura\/#listItem","name":"Professor Genivaldo Cruz critica falta de preparo de vereadores de Alagoinhas para discuss\u00e3o dos problemas da cidade e cobra mudan\u00e7a de postura"},"previousItem":{"@type":"ListItem","@id":"https:\/\/newsinfoco.com.br\/inicio#listItem","name":"In\u00edcio"}},{"@type":"ListItem","@id":"https:\/\/newsinfoco.com.br\/inicio\/professor-genivaldo-cruz-critica-falta-de-preparo-de-vereadores-de-alagoinhas-para-discussao-dos-problemas-da-cidade-e-cobra-mudanca-de-postura\/#listItem","position":3,"name":"Professor Genivaldo Cruz critica falta de preparo de vereadores de Alagoinhas para discuss\u00e3o dos problemas da cidade e cobra mudan\u00e7a de postura","previousItem":{"@type":"ListItem","@id":"https:\/\/newsinfoco.com.br\/inicio\/category\/alagoinhas-e-regiao\/#listItem","name":"Alagoinhas e Regi\u00e3o"}}]},{"@type":"Organization","@id":"https:\/\/newsinfoco.com.br\/inicio\/#organization","name":"News In Foco - Editado por Caio Pimenta","description":"O principal site de noticias de Alagoinhas e regi\u00e3o","url":"https:\/\/newsinfoco.com.br\/inicio\/"},{"@type":"Person","@id":"https:\/\/newsinfoco.com.br\/inicio\/author\/administrador\/#author","url":"https:\/\/newsinfoco.com.br\/inicio\/author\/administrador\/","name":"administrador","image":{"@type":"ImageObject","@id":"https:\/\/newsinfoco.com.br\/inicio\/professor-genivaldo-cruz-critica-falta-de-preparo-de-vereadores-de-alagoinhas-para-discussao-dos-problemas-da-cidade-e-cobra-mudanca-de-postura\/#authorImage","url":"https:\/\/secure.gravatar.com\/avatar\/c17a617433de8c1dc9584bb79aab7563b46f5bb7e1728c9b17d9cc3ce6a08e49?s=96&d=mm&r=g","width":96,"height":96,"caption":"administrador"}},{"@type":"WebPage","@id":"https:\/\/newsinfoco.com.br\/inicio\/professor-genivaldo-cruz-critica-falta-de-preparo-de-vereadores-de-alagoinhas-para-discussao-dos-problemas-da-cidade-e-cobra-mudanca-de-postura\/#webpage","url":"https:\/\/newsinfoco.com.br\/inicio\/professor-genivaldo-cruz-critica-falta-de-preparo-de-vereadores-de-alagoinhas-para-discussao-dos-problemas-da-cidade-e-cobra-mudanca-de-postura\/","name":"Professor Genivaldo Cruz critica falta de preparo de vereadores de Alagoinhas para discuss\u00e3o dos problemas da cidade e cobra mudan\u00e7a de postura - News In Foco - Editado por Caio Pimenta","description":"O professor do Ifbaiano, Genivaldo Cruz, criticou na manh\u00e3 de hoje(03), em entrevista concedida ao programa Primeira M\u00e3o, da r\u00e1dio Ouro Negro 100,5 FM, a falta de de preparo dos vereadores de Alagoinhas nas discuss\u00f5es das principais demandas da cidade. Para o educador, que j\u00e1 exerceu mandato parlamentar na cidade de Pedr\u00e3o e cita com","inLanguage":"pt-BR","isPartOf":{"@id":"https:\/\/newsinfoco.com.br\/inicio\/#website"},"breadcrumb":{"@id":"https:\/\/newsinfoco.com.br\/inicio\/professor-genivaldo-cruz-critica-falta-de-preparo-de-vereadores-de-alagoinhas-para-discussao-dos-problemas-da-cidade-e-cobra-mudanca-de-postura\/#breadcrumblist"},"author":{"@id":"https:\/\/newsinfoco.com.br\/inicio\/author\/administrador\/#author"},"creator":{"@id":"https:\/\/newsinfoco.com.br\/inicio\/author\/administrador\/#author"},"image":{"@type":"ImageObject","url":"https:\/\/newsinfoco.com.br\/inicio\/wp-content\/uploads\/2023\/08\/genivaldo.jpg","@id":"https:\/\/newsinfoco.com.br\/inicio\/professor-genivaldo-cruz-critica-falta-de-preparo-de-vereadores-de-alagoinhas-para-discussao-dos-problemas-da-cidade-e-cobra-mudanca-de-postura\/#mainImage","width":800,"height":600},"primaryImageOfPage":{"@id":"https:\/\/newsinfoco.com.br\/inicio\/professor-genivaldo-cruz-critica-falta-de-preparo-de-vereadores-de-alagoinhas-para-discussao-dos-problemas-da-cidade-e-cobra-mudanca-de-postura\/#mainImage"},"datePublished":"2023-08-03T19:33:51-03:00","dateModified":"2023-08-03T19:49:42-03:00"},{"@type":"WebSite","@id":"https:\/\/newsinfoco.com.br\/inicio\/#website","url":"https:\/\/newsinfoco.com.br\/inicio\/","name":"News In Foco - Editado por Caio Pimenta","description":"O principal site de noticias de Alagoinhas e regi\u00e3o","inLanguage":"pt-BR","publisher":{"@id":"https:\/\/newsinfoco.com.br\/inicio\/#organization"}}]},"og:locale":"pt_BR","og:site_name":"News In Foco - Editado por Caio Pimenta - O principal site de noticias de Alagoinhas e regi\u00e3o","og:type":"article","og:title":"Professor Genivaldo Cruz critica falta de preparo de vereadores de Alagoinhas para discuss\u00e3o dos problemas da cidade e cobra mudan\u00e7a de postura - News In Foco - Editado por Caio Pimenta","og:description":"O professor do Ifbaiano, Genivaldo Cruz, criticou na manh\u00e3 de hoje(03), em entrevista concedida ao programa Primeira M\u00e3o, da r\u00e1dio Ouro Negro 100,5 FM, a falta de de preparo dos vereadores de Alagoinhas nas discuss\u00f5es das principais demandas da cidade. Para o educador, que j\u00e1 exerceu mandato parlamentar na cidade de Pedr\u00e3o e cita com","og:url":"https:\/\/newsinfoco.com.br\/inicio\/professor-genivaldo-cruz-critica-falta-de-preparo-de-vereadores-de-alagoinhas-para-discussao-dos-problemas-da-cidade-e-cobra-mudanca-de-postura\/","article:published_time":"2023-08-03T22:33:51+00:00","article:modified_time":"2023-08-03T22:49:42+00:00","twitter:card":"summary_large_image","twitter:title":"Professor Genivaldo Cruz critica falta de preparo de vereadores de Alagoinhas para discuss\u00e3o dos problemas da cidade e cobra mudan\u00e7a de postura - News In Foco - Editado por Caio Pimenta","twitter:description":"O professor do Ifbaiano, Genivaldo Cruz, criticou na manh\u00e3 de hoje(03), em entrevista concedida ao programa Primeira M\u00e3o, da r\u00e1dio Ouro Negro 100,5 FM, a falta de de preparo dos vereadores de Alagoinhas nas discuss\u00f5es das principais demandas da cidade. Para o educador, que j\u00e1 exerceu mandato parlamentar na cidade de Pedr\u00e3o e cita com"},"aioseo_meta_data":{"post_id":"34776","title":null,"description":null,"keywords":[],"keyphrases":{"focus":{"keyphrase":"","score":0,"analysis":{"keyphraseInTitle":{"score":0,"maxScore":9,"error":1}}},"additional":[]},"primary_term":null,"canonical_url":null,"og_title":null,"og_description":null,"og_object_type":"default","og_image_type":"default","og_image_url":null,"og_image_width":null,"og_image_height":null,"og_image_custom_url":null,"og_image_custom_fields":null,"og_video":"","og_custom_url":null,"og_article_section":null,"og_article_tags":[],"twitter_use_og":false,"twitter_card":"default","twitter_image_type":"default","twitter_image_url":null,"twitter_image_custom_url":null,"twitter_image_custom_fields":null,"twitter_title":null,"twitter_description":null,"schema":{"blockGraphs":[],"customGraphs":[],"default":{"data":{"Article":[],"Course":[],"Dataset":[],"FAQPage":[],"Movie":[],"Person":[],"Product":[],"ProductReview":[],"Car":[],"Recipe":[],"Service":[],"SoftwareApplication":[],"WebPage":[]},"graphName":"BlogPosting","isEnabled":true},"graphs":[]},"schema_type":"default","schema_type_options":null,"pillar_content":false,"robots_default":true,"robots_noindex":false,"robots_noarchive":false,"robots_nosnippet":false,"robots_nofollow":false,"robots_noimageindex":false,"robots_noodp":false,"robots_notranslate":false,"robots_max_snippet":"-1","robots_max_videopreview":"-1","robots_max_imagepreview":"large","priority":null,"frequency":"default","local_seo":null,"breadcrumb_settings":null,"limit_modified_date":false,"ai":null,"created":"2023-08-03 22:33:52","updated":"2025-07-11 10:06:00","seo_analyzer_scan_date":null},"aioseo_breadcrumb":"<div class=\"aioseo-breadcrumbs\"><span class=\"aioseo-breadcrumb\">\n\t\t\t<a href=\"https:\/\/newsinfoco.com.br\/inicio\" title=\"In\u00edcio\">In\u00edcio<\/a>\n\t\t<\/span><span class=\"aioseo-breadcrumb-separator\">&raquo;<\/span><span class=\"aioseo-breadcrumb\">\n\t\t\t<a href=\"https:\/\/newsinfoco.com.br\/inicio\/category\/alagoinhas-e-regiao\/\" title=\"Alagoinhas e Regi\u00e3o\">Alagoinhas e Regi\u00e3o<\/a>\n\t\t<\/span><span class=\"aioseo-breadcrumb-separator\">&raquo;<\/span><span class=\"aioseo-breadcrumb\">\n\t\t\tProfessor Genivaldo Cruz critica falta de preparo de vereadores de Alagoinhas para discuss\u00e3o dos problemas da cidade e cobra mudan\u00e7a de postura\n\t\t<\/span><\/div>","aioseo_breadcrumb_json":[{"label":"In\u00edcio","link":"https:\/\/newsinfoco.com.br\/inicio"},{"label":"Alagoinhas e Regi\u00e3o","link":"https:\/\/newsinfoco.com.br\/inicio\/category\/alagoinhas-e-regiao\/"},{"label":"Professor Genivaldo Cruz critica falta de preparo de vereadores de Alagoinhas para discuss\u00e3o dos problemas da cidade e cobra mudan\u00e7a de postura","link":"https:\/\/newsinfoco.com.br\/inicio\/professor-genivaldo-cruz-critica-falta-de-preparo-de-vereadores-de-alagoinhas-para-discussao-dos-problemas-da-cidade-e-cobra-mudanca-de-postura\/"}],"_links":{"self":[{"href":"https:\/\/newsinfoco.com.br\/inicio\/wp-json\/wp\/v2\/posts\/34776","targetHints":{"allow":["GET"]}}],"collection":[{"href":"https:\/\/newsinfoco.com.br\/inicio\/wp-json\/wp\/v2\/posts"}],"about":[{"href":"https:\/\/newsinfoco.com.br\/inicio\/wp-json\/wp\/v2\/types\/post"}],"author":[{"embeddable":true,"href":"https:\/\/newsinfoco.com.br\/inicio\/wp-json\/wp\/v2\/users\/1"}],"replies":[{"embeddable":true,"href":"https:\/\/newsinfoco.com.br\/inicio\/wp-json\/wp\/v2\/comments?post=34776"}],"version-history":[{"count":3,"href":"https:\/\/newsinfoco.com.br\/inicio\/wp-json\/wp\/v2\/posts\/34776\/revisions"}],"predecessor-version":[{"id":34780,"href":"https:\/\/newsinfoco.com.br\/inicio\/wp-json\/wp\/v2\/posts\/34776\/revisions\/34780"}],"wp:featuredmedia":[{"embeddable":true,"href":"https:\/\/newsinfoco.com.br\/inicio\/wp-json\/wp\/v2\/media\/34777"}],"wp:attachment":[{"href":"https:\/\/newsinfoco.com.br\/inicio\/wp-json\/wp\/v2\/media?parent=34776"}],"wp:term":[{"taxonomy":"category","embeddable":true,"href":"https:\/\/newsinfoco.com.br\/inicio\/wp-json\/wp\/v2\/categories?post=34776"},{"taxonomy":"post_tag","embeddable":true,"href":"https:\/\/newsinfoco.com.br\/inicio\/wp-json\/wp\/v2\/tags?post=34776"}],"curies":[{"name":"wp","href":"https:\/\/api.w.org\/{rel}","templated":true}]}}