{"id":3497,"date":"2018-05-07T20:29:38","date_gmt":"2018-05-07T23:29:38","guid":{"rendered":"http:\/\/newsinfoco.com.br\/?p=3497"},"modified":"2018-05-07T20:29:38","modified_gmt":"2018-05-07T23:29:38","slug":"prefeitura-de-alagoinhas-realiza-parceria-e-leva-projeto-de-psicologia-a-guarda-municipal","status":"publish","type":"post","link":"https:\/\/newsinfoco.com.br\/inicio\/prefeitura-de-alagoinhas-realiza-parceria-e-leva-projeto-de-psicologia-a-guarda-municipal\/","title":{"rendered":"Prefeitura de Alagoinhas realiza parceria e leva projeto de psicologia \u00e0 Guarda Municipal"},"content":{"rendered":"<p style=\"text-align: justify;\"><span style=\"color: #000000;\">A Prefeitura de Alagoinhas, atrav\u00e9s de parceria entre Secretaria de Sa\u00fade (SESAU), Faculdade Sant\u00edssimo Sacramento e Guarda Civil Municipal (GCM) formalizou hoje (7) a promo\u00e7\u00e3o de atividades que dever\u00e3o ser desenvolvidas por alunos do 9\u00ba semestre do curso de psicologia junto \u00e0 Guarda Municipal, com atendimentos individuais e din\u00e2micas em grupo oferecidos a todos os 155 profissionais da corpora\u00e7\u00e3o.<\/span><\/p>\n<p style=\"text-align: justify;\"><span style=\"color: #000000;\">De acordo com a guarda municipal Renata Fortaleza, o objetivo da parceria \u00e9 cuidar da sa\u00fade mental no acolhimento a esses profissionais. Para a psic\u00f3loga Edla Raiane, da Faculdade Sant\u00edssimo Sacramento, a inten\u00e7\u00e3o \u00e9 tamb\u00e9m acolher aos profissionais que se revezam em turnos de afazeres e responsabilidades para identificar de que forma o trabalho afeta a vida pessoal deles. \u201cTenho dito que \u00e9 importante que eles abracem essa oportunidade\u201d, pontuou Edla Raiane.<\/span><\/p><div class=\"newsi-conteudo_19\" id=\"newsi-3094455980\"><a href=\"https:\/\/www.instagram.com\/prefeituraalagoinhas?igsh=YzgzdDJ1bWR3aWI4\" aria-label=\"SAVE_20251006_221555\"><img loading=\"lazy\" decoding=\"async\" src=\"https:\/\/newsinfoco.com.br\/inicio\/wp-content\/uploads\/2025\/10\/SAVE_20251006_221555-rotated.jpg\" alt=\"\"  srcset=\"https:\/\/newsinfoco.com.br\/inicio\/wp-content\/uploads\/2025\/10\/SAVE_20251006_221555-rotated.jpg 1140w, https:\/\/newsinfoco.com.br\/inicio\/wp-content\/uploads\/2025\/10\/SAVE_20251006_221555-300x52.jpg 300w, https:\/\/newsinfoco.com.br\/inicio\/wp-content\/uploads\/2025\/10\/SAVE_20251006_221555-1024x177.jpg 1024w, https:\/\/newsinfoco.com.br\/inicio\/wp-content\/uploads\/2025\/10\/SAVE_20251006_221555-768x133.jpg 768w, https:\/\/newsinfoco.com.br\/inicio\/wp-content\/uploads\/2025\/10\/SAVE_20251006_221555-600x104.jpg 600w, https:\/\/newsinfoco.com.br\/inicio\/wp-content\/uploads\/2025\/10\/SAVE_20251006_221555-696x120.jpg 696w, https:\/\/newsinfoco.com.br\/inicio\/wp-content\/uploads\/2025\/10\/SAVE_20251006_221555-1068x185.jpg 1068w\" sizes=\"(max-width: 1140px) 100vw, 1140px\" width=\"1140\" height=\"197\"   \/><\/a><\/div>\n<p style=\"text-align: justify;\"><span style=\"color: #000000;\">A GCM informou que a iniciativa partiu do secret\u00e1rio de sa\u00fade, Moacir Lira, que enxergou na parceria entre inst\u00e2ncias municipais e alunos do curso de psicologia uma oportunidade de projeto com resultados efetivos para todos os envolvidos.<\/span><\/p>\n<p style=\"text-align: justify;\"><span style=\"color: #000000;\">Segundo a GCM, as din\u00e2micas em grupo ser\u00e3o obrigat\u00f3rias e dever\u00e3o ser realizadas apenas com o grupamento m\u00f3vel, enquanto os atendimentos individuais ser\u00e3o disponibilizados para todos os profissionais que manifestarem interesse em participar das sess\u00f5es.<\/span><\/p>\n<p style=\"text-align: justify;\"><span style=\"color: #000000;\">\u201cEssa ideia partiu da preocupa\u00e7\u00e3o com a sa\u00fade mental de nossos agentes, haja vista que, devido \u00e0 nossa profiss\u00e3o, estamos diariamente envolvidos em in\u00fameras ocorr\u00eancias. Como eu sempre falo, o principal ativo na GCM \u00e9 nosso capital humano\u201d, ressaltou o comandante da Guarda Municipal, Allan Matos.<\/span><\/p>\n<p style=\"text-align: justify;\"><span style=\"color: #000000;\">No total, 7 estudantes do 9\u00ba semestre e do curso de extens\u00e3o em Gestalt Terapia da Sant\u00edssimo Sacramento realizar\u00e3o os atendimentos com supervis\u00e3o da psic\u00f3loga Samai Alcira.<\/span><\/p>\n<p style=\"text-align: justify;\"><span style=\"color: #000000;\">Os alunos Matheus Santos, Edla Raiane, Edla Capinam, Drucila Carvalho, Daiane Game, Maria L\u00facia Ara\u00fajo e Priscila Lima devem compor o n\u00facleo de psicologia que far\u00e1 os atendimentos de segunda a quinta-feira, na sede da Guarda Municipal de Alagoinhas.<\/span><\/p>\n<p><img decoding=\"async\" src=\"https:\/\/www.alagoinhas.ba.gov.br\/wp-content\/uploads\/2018\/05\/GCM-1024x768.jpeg\" \/><\/p>\n<p><img decoding=\"async\" src=\"https:\/\/www.alagoinhas.ba.gov.br\/wp-content\/uploads\/2018\/05\/GCM1-1024x595.jpg\" \/><\/p>\n<h6 style=\"text-align: right;\"><span style=\"color: #999999;\">Fonte: SECOM SESAU Prefeitura<\/span><\/h6>\n<div class='share-to-whatsapp-wrapper'><div class='share-on-whsp'>Share on: <\/div><a data-text='Prefeitura de Alagoinhas realiza parceria e leva projeto de psicologia \u00e0 Guarda Municipal' data-link='https:\/\/newsinfoco.com.br\/inicio\/prefeitura-de-alagoinhas-realiza-parceria-e-leva-projeto-de-psicologia-a-guarda-municipal\/' class='whatsapp-button whatsapp-share'>WhatsApp<\/a><div class='clear '><\/div><\/div>","protected":false},"excerpt":{"rendered":"<p>A Prefeitura de Alagoinhas, atrav\u00e9s de parceria entre Secretaria de Sa\u00fade (SESAU), Faculdade Sant\u00edssimo Sacramento e Guarda Civil Municipal (GCM) formalizou hoje (7) a promo\u00e7\u00e3o de atividades que dever\u00e3o ser desenvolvidas por alunos do 9\u00ba semestre do curso de psicologia junto \u00e0 Guarda Municipal, com atendimentos individuais e din\u00e2micas em grupo oferecidos a todos os [&hellip;]<\/p>\n","protected":false},"author":1,"featured_media":3498,"comment_status":"open","ping_status":"open","sticky":false,"template":"","format":"standard","meta":{"om_disable_all_campaigns":false,"_exactmetrics_skip_tracking":false,"_exactmetrics_sitenote_active":false,"_exactmetrics_sitenote_note":"","_exactmetrics_sitenote_category":0,"footnotes":""},"categories":[38,30],"tags":[53,54,58],"class_list":["post-3497","post","type-post","status-publish","format-standard","has-post-thumbnail","hentry","category-alagoinhas-e-regiao","category-destaque","tag-alagoinhas","tag-prefeitura","tag-sesau"],"aioseo_notices":[],"_links":{"self":[{"href":"https:\/\/newsinfoco.com.br\/inicio\/wp-json\/wp\/v2\/posts\/3497","targetHints":{"allow":["GET"]}}],"collection":[{"href":"https:\/\/newsinfoco.com.br\/inicio\/wp-json\/wp\/v2\/posts"}],"about":[{"href":"https:\/\/newsinfoco.com.br\/inicio\/wp-json\/wp\/v2\/types\/post"}],"author":[{"embeddable":true,"href":"https:\/\/newsinfoco.com.br\/inicio\/wp-json\/wp\/v2\/users\/1"}],"replies":[{"embeddable":true,"href":"https:\/\/newsinfoco.com.br\/inicio\/wp-json\/wp\/v2\/comments?post=3497"}],"version-history":[{"count":0,"href":"https:\/\/newsinfoco.com.br\/inicio\/wp-json\/wp\/v2\/posts\/3497\/revisions"}],"wp:featuredmedia":[{"embeddable":true,"href":"https:\/\/newsinfoco.com.br\/inicio\/wp-json\/wp\/v2\/media\/3498"}],"wp:attachment":[{"href":"https:\/\/newsinfoco.com.br\/inicio\/wp-json\/wp\/v2\/media?parent=3497"}],"wp:term":[{"taxonomy":"category","embeddable":true,"href":"https:\/\/newsinfoco.com.br\/inicio\/wp-json\/wp\/v2\/categories?post=3497"},{"taxonomy":"post_tag","embeddable":true,"href":"https:\/\/newsinfoco.com.br\/inicio\/wp-json\/wp\/v2\/tags?post=3497"}],"curies":[{"name":"wp","href":"https:\/\/api.w.org\/{rel}","templated":true}]}}