{"id":35045,"date":"2023-09-17T16:48:56","date_gmt":"2023-09-17T19:48:56","guid":{"rendered":"https:\/\/newsinfoco.com.br\/inicio\/?p=35045"},"modified":"2023-09-17T16:48:56","modified_gmt":"2023-09-17T19:48:56","slug":"sesau-realiza-oficina-para-melhorar-o-atendimento-ao-publico-alagoinhense","status":"publish","type":"post","link":"https:\/\/newsinfoco.com.br\/inicio\/sesau-realiza-oficina-para-melhorar-o-atendimento-ao-publico-alagoinhense\/","title":{"rendered":"SESAU realiza oficina para melhorar o atendimento ao p\u00fablico alagoinhense"},"content":{"rendered":"<p>A Secretaria Municipal de Sa\u00fade (SESAU) realizou nesta sexta-feira (15), no audit\u00f3rio da Secretaria de Desenvolvimento Econ\u00f4mico e Meio Ambiente (SEDEA), uma oficina sobre acolhimento e \u00e9tica profissional no ambiente de trabalho recepcionistas e estagi\u00e1rios das unidades de sa\u00fade de Alagoinhas.<br \/>\n<a class=\"group1 cboxElement\" href=\"https:\/\/www.alagoinhas.ba.gov.br\/wp-content\/uploads\/2023\/09\/59cda75f-5fb6-4b54-a1ed-b8a4a8ec26f2.jpeg\"><img loading=\"lazy\" decoding=\"async\" class=\"aligncenter size-full wp-image-69163\" src=\"https:\/\/www.alagoinhas.ba.gov.br\/wp-content\/uploads\/2023\/09\/59cda75f-5fb6-4b54-a1ed-b8a4a8ec26f2.jpeg\" sizes=\"auto, (max-width: 1600px) 100vw, 1600px\" srcset=\"https:\/\/www.alagoinhas.ba.gov.br\/wp-content\/uploads\/2023\/09\/59cda75f-5fb6-4b54-a1ed-b8a4a8ec26f2.jpeg 1600w, https:\/\/www.alagoinhas.ba.gov.br\/wp-content\/uploads\/2023\/09\/59cda75f-5fb6-4b54-a1ed-b8a4a8ec26f2-300x200.jpeg 300w, https:\/\/www.alagoinhas.ba.gov.br\/wp-content\/uploads\/2023\/09\/59cda75f-5fb6-4b54-a1ed-b8a4a8ec26f2-768x512.jpeg 768w, https:\/\/www.alagoinhas.ba.gov.br\/wp-content\/uploads\/2023\/09\/59cda75f-5fb6-4b54-a1ed-b8a4a8ec26f2-1024x682.jpeg 1024w, https:\/\/www.alagoinhas.ba.gov.br\/wp-content\/uploads\/2023\/09\/59cda75f-5fb6-4b54-a1ed-b8a4a8ec26f2-24x16.jpeg 24w\" alt=\"\" width=\"1600\" height=\"1066\" \/><\/a><\/p>\n<p>&nbsp;<\/p>\n<p>\u201cEssa oficina vem com o intuito de melhorar o acolhimento nas Unidades de Sa\u00fade da Fam\u00edlia, por isso a import\u00e2ncia desse momento. \u00c9 dessa forma que os pacientes ter\u00e3o sua escuta mais qualificada, mais resolutividade, tudo isso com o processo de trabalho reorganizado\u201d, explicou a enfermeira e apoiadora institucional da DAB, Gabriela Carolina Furtado.<br \/>\n<a class=\"group1 cboxElement\" href=\"https:\/\/www.alagoinhas.ba.gov.br\/wp-content\/uploads\/2023\/09\/92996a98-cf7c-4c24-805c-75354441efbd.jpeg\"><img loading=\"lazy\" decoding=\"async\" class=\"aligncenter size-full wp-image-69162\" src=\"https:\/\/www.alagoinhas.ba.gov.br\/wp-content\/uploads\/2023\/09\/92996a98-cf7c-4c24-805c-75354441efbd.jpeg\" sizes=\"auto, (max-width: 1600px) 100vw, 1600px\" srcset=\"https:\/\/www.alagoinhas.ba.gov.br\/wp-content\/uploads\/2023\/09\/92996a98-cf7c-4c24-805c-75354441efbd.jpeg 1600w, https:\/\/www.alagoinhas.ba.gov.br\/wp-content\/uploads\/2023\/09\/92996a98-cf7c-4c24-805c-75354441efbd-300x200.jpeg 300w, https:\/\/www.alagoinhas.ba.gov.br\/wp-content\/uploads\/2023\/09\/92996a98-cf7c-4c24-805c-75354441efbd-768x512.jpeg 768w, https:\/\/www.alagoinhas.ba.gov.br\/wp-content\/uploads\/2023\/09\/92996a98-cf7c-4c24-805c-75354441efbd-1024x682.jpeg 1024w, https:\/\/www.alagoinhas.ba.gov.br\/wp-content\/uploads\/2023\/09\/92996a98-cf7c-4c24-805c-75354441efbd-24x16.jpeg 24w\" alt=\"\" width=\"1600\" height=\"1066\" \/><\/a><\/p>\n<p>&nbsp;<\/p>\n<p>A oficina foi ministrada pela assistente social Ana Cl\u00e1udia, com o foco no acolhimento e na organiza\u00e7\u00e3o das unidades. Durante a tarde houve treinamento para o sistema do prontu\u00e1rio eletr\u00f4nico, buscando aperfei\u00e7oar as habilidades dos trabalhadores da sa\u00fade. Cerca de 32 funcion\u00e1rias estiveram presentes.<\/p>\n<p>&nbsp;<\/p>\n<p>Foto: Roberto Fonseca \/ SECOM<\/p>\n<div class='share-to-whatsapp-wrapper'><div class='share-on-whsp'>Share on: <\/div><a data-text='SESAU realiza oficina para melhorar o atendimento ao p\u00fablico alagoinhense' data-link='https:\/\/newsinfoco.com.br\/inicio\/sesau-realiza-oficina-para-melhorar-o-atendimento-ao-publico-alagoinhense\/' class='whatsapp-button whatsapp-share'>WhatsApp<\/a><div class='clear '><\/div><\/div>","protected":false},"excerpt":{"rendered":"<p>A Secretaria Municipal de Sa\u00fade (SESAU) realizou nesta sexta-feira (15), no audit\u00f3rio da Secretaria de Desenvolvimento Econ\u00f4mico e Meio Ambiente (SEDEA), uma oficina sobre acolhimento e \u00e9tica profissional no ambiente de trabalho recepcionistas e estagi\u00e1rios das unidades de sa\u00fade de Alagoinhas. &nbsp; \u201cEssa oficina vem com o intuito de melhorar o acolhimento nas Unidades de [&hellip;]<\/p>\n","protected":false},"author":1,"featured_media":35047,"comment_status":"closed","ping_status":"closed","sticky":false,"template":"","format":"standard","meta":{"om_disable_all_campaigns":false,"rop_custom_images_group":[],"rop_custom_messages_group":[],"rop_publish_now":"initial","rop_publish_now_accounts":[],"rop_publish_now_history":[],"rop_publish_now_status":"pending","_exactmetrics_skip_tracking":false,"footnotes":""},"categories":[38,167],"tags":[],"class_list":["post-35045","post","type-post","status-publish","format-standard","has-post-thumbnail","hentry","category-alagoinhas-e-regiao","category-exclusivas"],"aioseo_notices":[],"aioseo_head":"\n\t\t<!-- All in One SEO 4.9.10 - aioseo.com -->\n\t<meta name=\"description\" content=\"A Secretaria Municipal de Sa\u00fade (SESAU) realizou nesta sexta-feira (15), no audit\u00f3rio da Secretaria de Desenvolvimento Econ\u00f4mico e Meio Ambiente (SEDEA), uma oficina sobre acolhimento e \u00e9tica profissional no ambiente de trabalho recepcionistas e estagi\u00e1rios das unidades de sa\u00fade de Alagoinhas. \u201cEssa oficina vem com o intuito de melhorar o acolhimento nas Unidades de\" \/>\n\t<meta name=\"robots\" content=\"max-image-preview:large\" \/>\n\t<meta name=\"author\" content=\"administrador\"\/>\n\t<link rel=\"canonical\" href=\"https:\/\/newsinfoco.com.br\/inicio\/sesau-realiza-oficina-para-melhorar-o-atendimento-ao-publico-alagoinhense\/\" \/>\n\t<meta name=\"generator\" content=\"All in One SEO (AIOSEO) 4.9.10\" \/>\n\t\t<meta property=\"og:locale\" content=\"pt_BR\" \/>\n\t\t<meta property=\"og:site_name\" content=\"News In Foco - Editado por Caio Pimenta - O principal site de noticias de Alagoinhas e regi\u00e3o\" \/>\n\t\t<meta property=\"og:type\" content=\"article\" \/>\n\t\t<meta property=\"og:title\" content=\"SESAU realiza oficina para melhorar o atendimento ao p\u00fablico alagoinhense - News In Foco - Editado por Caio Pimenta\" \/>\n\t\t<meta property=\"og:description\" content=\"A Secretaria Municipal de Sa\u00fade (SESAU) realizou nesta sexta-feira (15), no audit\u00f3rio da Secretaria de Desenvolvimento Econ\u00f4mico e Meio Ambiente (SEDEA), uma oficina sobre acolhimento e \u00e9tica profissional no ambiente de trabalho recepcionistas e estagi\u00e1rios das unidades de sa\u00fade de Alagoinhas. \u201cEssa oficina vem com o intuito de melhorar o acolhimento nas Unidades de\" \/>\n\t\t<meta property=\"og:url\" content=\"https:\/\/newsinfoco.com.br\/inicio\/sesau-realiza-oficina-para-melhorar-o-atendimento-ao-publico-alagoinhense\/\" \/>\n\t\t<meta property=\"article:published_time\" content=\"2023-09-17T19:48:56+00:00\" \/>\n\t\t<meta property=\"article:modified_time\" content=\"2023-09-17T19:48:56+00:00\" \/>\n\t\t<meta name=\"twitter:card\" content=\"summary_large_image\" \/>\n\t\t<meta name=\"twitter:title\" content=\"SESAU realiza oficina para melhorar o atendimento ao p\u00fablico alagoinhense - News In Foco - Editado por Caio Pimenta\" \/>\n\t\t<meta name=\"twitter:description\" content=\"A Secretaria Municipal de Sa\u00fade (SESAU) realizou nesta sexta-feira (15), no audit\u00f3rio da Secretaria de Desenvolvimento Econ\u00f4mico e Meio Ambiente (SEDEA), uma oficina sobre acolhimento e \u00e9tica profissional no ambiente de trabalho recepcionistas e estagi\u00e1rios das unidades de sa\u00fade de Alagoinhas. \u201cEssa oficina vem com o intuito de melhorar o acolhimento nas Unidades de\" \/>\n\t\t<script type=\"application\/ld+json\" class=\"aioseo-schema\">\n\t\t\t{\"@context\":\"https:\\\/\\\/schema.org\",\"@graph\":[{\"@type\":\"BlogPosting\",\"@id\":\"https:\\\/\\\/newsinfoco.com.br\\\/inicio\\\/sesau-realiza-oficina-para-melhorar-o-atendimento-ao-publico-alagoinhense\\\/#blogposting\",\"name\":\"SESAU realiza oficina para melhorar o atendimento ao p\\u00fablico alagoinhense - News In Foco - Editado por Caio Pimenta\",\"headline\":\"SESAU realiza oficina para melhorar o atendimento ao p\\u00fablico alagoinhense\",\"author\":{\"@id\":\"https:\\\/\\\/newsinfoco.com.br\\\/inicio\\\/author\\\/administrador\\\/#author\"},\"publisher\":{\"@id\":\"https:\\\/\\\/newsinfoco.com.br\\\/inicio\\\/#organization\"},\"image\":{\"@type\":\"ImageObject\",\"url\":\"https:\\\/\\\/newsinfoco.com.br\\\/inicio\\\/wp-content\\\/uploads\\\/2023\\\/09\\\/3659b604-658a-4efe-b33b-2aa863bcdcc2.jpeg\",\"width\":1600,\"height\":1200},\"datePublished\":\"2023-09-17T16:48:56-03:00\",\"dateModified\":\"2023-09-17T16:48:56-03:00\",\"inLanguage\":\"pt-BR\",\"mainEntityOfPage\":{\"@id\":\"https:\\\/\\\/newsinfoco.com.br\\\/inicio\\\/sesau-realiza-oficina-para-melhorar-o-atendimento-ao-publico-alagoinhense\\\/#webpage\"},\"isPartOf\":{\"@id\":\"https:\\\/\\\/newsinfoco.com.br\\\/inicio\\\/sesau-realiza-oficina-para-melhorar-o-atendimento-ao-publico-alagoinhense\\\/#webpage\"},\"articleSection\":\"Alagoinhas e Regi\\u00e3o, Manchete\"},{\"@type\":\"BreadcrumbList\",\"@id\":\"https:\\\/\\\/newsinfoco.com.br\\\/inicio\\\/sesau-realiza-oficina-para-melhorar-o-atendimento-ao-publico-alagoinhense\\\/#breadcrumblist\",\"itemListElement\":[{\"@type\":\"ListItem\",\"@id\":\"https:\\\/\\\/newsinfoco.com.br\\\/inicio#listItem\",\"position\":1,\"name\":\"In\\u00edcio\",\"item\":\"https:\\\/\\\/newsinfoco.com.br\\\/inicio\",\"nextItem\":{\"@type\":\"ListItem\",\"@id\":\"https:\\\/\\\/newsinfoco.com.br\\\/inicio\\\/category\\\/alagoinhas-e-regiao\\\/#listItem\",\"name\":\"Alagoinhas e Regi\\u00e3o\"}},{\"@type\":\"ListItem\",\"@id\":\"https:\\\/\\\/newsinfoco.com.br\\\/inicio\\\/category\\\/alagoinhas-e-regiao\\\/#listItem\",\"position\":2,\"name\":\"Alagoinhas e Regi\\u00e3o\",\"item\":\"https:\\\/\\\/newsinfoco.com.br\\\/inicio\\\/category\\\/alagoinhas-e-regiao\\\/\",\"nextItem\":{\"@type\":\"ListItem\",\"@id\":\"https:\\\/\\\/newsinfoco.com.br\\\/inicio\\\/sesau-realiza-oficina-para-melhorar-o-atendimento-ao-publico-alagoinhense\\\/#listItem\",\"name\":\"SESAU realiza oficina para melhorar o atendimento ao p\\u00fablico alagoinhense\"},\"previousItem\":{\"@type\":\"ListItem\",\"@id\":\"https:\\\/\\\/newsinfoco.com.br\\\/inicio#listItem\",\"name\":\"In\\u00edcio\"}},{\"@type\":\"ListItem\",\"@id\":\"https:\\\/\\\/newsinfoco.com.br\\\/inicio\\\/sesau-realiza-oficina-para-melhorar-o-atendimento-ao-publico-alagoinhense\\\/#listItem\",\"position\":3,\"name\":\"SESAU realiza oficina para melhorar o atendimento ao p\\u00fablico alagoinhense\",\"previousItem\":{\"@type\":\"ListItem\",\"@id\":\"https:\\\/\\\/newsinfoco.com.br\\\/inicio\\\/category\\\/alagoinhas-e-regiao\\\/#listItem\",\"name\":\"Alagoinhas e Regi\\u00e3o\"}}]},{\"@type\":\"Organization\",\"@id\":\"https:\\\/\\\/newsinfoco.com.br\\\/inicio\\\/#organization\",\"name\":\"News In Foco - Editado por Caio Pimenta\",\"description\":\"O principal site de noticias de Alagoinhas e regi\\u00e3o\",\"url\":\"https:\\\/\\\/newsinfoco.com.br\\\/inicio\\\/\"},{\"@type\":\"Person\",\"@id\":\"https:\\\/\\\/newsinfoco.com.br\\\/inicio\\\/author\\\/administrador\\\/#author\",\"url\":\"https:\\\/\\\/newsinfoco.com.br\\\/inicio\\\/author\\\/administrador\\\/\",\"name\":\"administrador\",\"image\":{\"@type\":\"ImageObject\",\"@id\":\"https:\\\/\\\/newsinfoco.com.br\\\/inicio\\\/sesau-realiza-oficina-para-melhorar-o-atendimento-ao-publico-alagoinhense\\\/#authorImage\",\"url\":\"https:\\\/\\\/secure.gravatar.com\\\/avatar\\\/c17a617433de8c1dc9584bb79aab7563b46f5bb7e1728c9b17d9cc3ce6a08e49?s=96&d=mm&r=g\",\"width\":96,\"height\":96,\"caption\":\"administrador\"}},{\"@type\":\"WebPage\",\"@id\":\"https:\\\/\\\/newsinfoco.com.br\\\/inicio\\\/sesau-realiza-oficina-para-melhorar-o-atendimento-ao-publico-alagoinhense\\\/#webpage\",\"url\":\"https:\\\/\\\/newsinfoco.com.br\\\/inicio\\\/sesau-realiza-oficina-para-melhorar-o-atendimento-ao-publico-alagoinhense\\\/\",\"name\":\"SESAU realiza oficina para melhorar o atendimento ao p\\u00fablico alagoinhense - News In Foco - Editado por Caio Pimenta\",\"description\":\"A Secretaria Municipal de Sa\\u00fade (SESAU) realizou nesta sexta-feira (15), no audit\\u00f3rio da Secretaria de Desenvolvimento Econ\\u00f4mico e Meio Ambiente (SEDEA), uma oficina sobre acolhimento e \\u00e9tica profissional no ambiente de trabalho recepcionistas e estagi\\u00e1rios das unidades de sa\\u00fade de Alagoinhas. \\u201cEssa oficina vem com o intuito de melhorar o acolhimento nas Unidades de\",\"inLanguage\":\"pt-BR\",\"isPartOf\":{\"@id\":\"https:\\\/\\\/newsinfoco.com.br\\\/inicio\\\/#website\"},\"breadcrumb\":{\"@id\":\"https:\\\/\\\/newsinfoco.com.br\\\/inicio\\\/sesau-realiza-oficina-para-melhorar-o-atendimento-ao-publico-alagoinhense\\\/#breadcrumblist\"},\"author\":{\"@id\":\"https:\\\/\\\/newsinfoco.com.br\\\/inicio\\\/author\\\/administrador\\\/#author\"},\"creator\":{\"@id\":\"https:\\\/\\\/newsinfoco.com.br\\\/inicio\\\/author\\\/administrador\\\/#author\"},\"image\":{\"@type\":\"ImageObject\",\"url\":\"https:\\\/\\\/newsinfoco.com.br\\\/inicio\\\/wp-content\\\/uploads\\\/2023\\\/09\\\/3659b604-658a-4efe-b33b-2aa863bcdcc2.jpeg\",\"@id\":\"https:\\\/\\\/newsinfoco.com.br\\\/inicio\\\/sesau-realiza-oficina-para-melhorar-o-atendimento-ao-publico-alagoinhense\\\/#mainImage\",\"width\":1600,\"height\":1200},\"primaryImageOfPage\":{\"@id\":\"https:\\\/\\\/newsinfoco.com.br\\\/inicio\\\/sesau-realiza-oficina-para-melhorar-o-atendimento-ao-publico-alagoinhense\\\/#mainImage\"},\"datePublished\":\"2023-09-17T16:48:56-03:00\",\"dateModified\":\"2023-09-17T16:48:56-03:00\"},{\"@type\":\"WebSite\",\"@id\":\"https:\\\/\\\/newsinfoco.com.br\\\/inicio\\\/#website\",\"url\":\"https:\\\/\\\/newsinfoco.com.br\\\/inicio\\\/\",\"name\":\"News In Foco - Editado por Caio Pimenta\",\"description\":\"O principal site de noticias de Alagoinhas e regi\\u00e3o\",\"inLanguage\":\"pt-BR\",\"publisher\":{\"@id\":\"https:\\\/\\\/newsinfoco.com.br\\\/inicio\\\/#organization\"}}]}\n\t\t<\/script>\n\t\t<!-- All in One SEO -->\n\n","aioseo_head_json":{"title":"SESAU realiza oficina para melhorar o atendimento ao p\u00fablico alagoinhense - News In Foco - Editado por Caio Pimenta","description":"A Secretaria Municipal de Sa\u00fade (SESAU) realizou nesta sexta-feira (15), no audit\u00f3rio da Secretaria de Desenvolvimento Econ\u00f4mico e Meio Ambiente (SEDEA), uma oficina sobre acolhimento e \u00e9tica profissional no ambiente de trabalho recepcionistas e estagi\u00e1rios das unidades de sa\u00fade de Alagoinhas. \u201cEssa oficina vem com o intuito de melhorar o acolhimento nas Unidades de","canonical_url":"https:\/\/newsinfoco.com.br\/inicio\/sesau-realiza-oficina-para-melhorar-o-atendimento-ao-publico-alagoinhense\/","robots":"max-image-preview:large","keywords":"","webmasterTools":{"miscellaneous":""},"schema":{"@context":"https:\/\/schema.org","@graph":[{"@type":"BlogPosting","@id":"https:\/\/newsinfoco.com.br\/inicio\/sesau-realiza-oficina-para-melhorar-o-atendimento-ao-publico-alagoinhense\/#blogposting","name":"SESAU realiza oficina para melhorar o atendimento ao p\u00fablico alagoinhense - News In Foco - Editado por Caio Pimenta","headline":"SESAU realiza oficina para melhorar o atendimento ao p\u00fablico alagoinhense","author":{"@id":"https:\/\/newsinfoco.com.br\/inicio\/author\/administrador\/#author"},"publisher":{"@id":"https:\/\/newsinfoco.com.br\/inicio\/#organization"},"image":{"@type":"ImageObject","url":"https:\/\/newsinfoco.com.br\/inicio\/wp-content\/uploads\/2023\/09\/3659b604-658a-4efe-b33b-2aa863bcdcc2.jpeg","width":1600,"height":1200},"datePublished":"2023-09-17T16:48:56-03:00","dateModified":"2023-09-17T16:48:56-03:00","inLanguage":"pt-BR","mainEntityOfPage":{"@id":"https:\/\/newsinfoco.com.br\/inicio\/sesau-realiza-oficina-para-melhorar-o-atendimento-ao-publico-alagoinhense\/#webpage"},"isPartOf":{"@id":"https:\/\/newsinfoco.com.br\/inicio\/sesau-realiza-oficina-para-melhorar-o-atendimento-ao-publico-alagoinhense\/#webpage"},"articleSection":"Alagoinhas e Regi\u00e3o, Manchete"},{"@type":"BreadcrumbList","@id":"https:\/\/newsinfoco.com.br\/inicio\/sesau-realiza-oficina-para-melhorar-o-atendimento-ao-publico-alagoinhense\/#breadcrumblist","itemListElement":[{"@type":"ListItem","@id":"https:\/\/newsinfoco.com.br\/inicio#listItem","position":1,"name":"In\u00edcio","item":"https:\/\/newsinfoco.com.br\/inicio","nextItem":{"@type":"ListItem","@id":"https:\/\/newsinfoco.com.br\/inicio\/category\/alagoinhas-e-regiao\/#listItem","name":"Alagoinhas e Regi\u00e3o"}},{"@type":"ListItem","@id":"https:\/\/newsinfoco.com.br\/inicio\/category\/alagoinhas-e-regiao\/#listItem","position":2,"name":"Alagoinhas e Regi\u00e3o","item":"https:\/\/newsinfoco.com.br\/inicio\/category\/alagoinhas-e-regiao\/","nextItem":{"@type":"ListItem","@id":"https:\/\/newsinfoco.com.br\/inicio\/sesau-realiza-oficina-para-melhorar-o-atendimento-ao-publico-alagoinhense\/#listItem","name":"SESAU realiza oficina para melhorar o atendimento ao p\u00fablico alagoinhense"},"previousItem":{"@type":"ListItem","@id":"https:\/\/newsinfoco.com.br\/inicio#listItem","name":"In\u00edcio"}},{"@type":"ListItem","@id":"https:\/\/newsinfoco.com.br\/inicio\/sesau-realiza-oficina-para-melhorar-o-atendimento-ao-publico-alagoinhense\/#listItem","position":3,"name":"SESAU realiza oficina para melhorar o atendimento ao p\u00fablico alagoinhense","previousItem":{"@type":"ListItem","@id":"https:\/\/newsinfoco.com.br\/inicio\/category\/alagoinhas-e-regiao\/#listItem","name":"Alagoinhas e Regi\u00e3o"}}]},{"@type":"Organization","@id":"https:\/\/newsinfoco.com.br\/inicio\/#organization","name":"News In Foco - Editado por Caio Pimenta","description":"O principal site de noticias de Alagoinhas e regi\u00e3o","url":"https:\/\/newsinfoco.com.br\/inicio\/"},{"@type":"Person","@id":"https:\/\/newsinfoco.com.br\/inicio\/author\/administrador\/#author","url":"https:\/\/newsinfoco.com.br\/inicio\/author\/administrador\/","name":"administrador","image":{"@type":"ImageObject","@id":"https:\/\/newsinfoco.com.br\/inicio\/sesau-realiza-oficina-para-melhorar-o-atendimento-ao-publico-alagoinhense\/#authorImage","url":"https:\/\/secure.gravatar.com\/avatar\/c17a617433de8c1dc9584bb79aab7563b46f5bb7e1728c9b17d9cc3ce6a08e49?s=96&d=mm&r=g","width":96,"height":96,"caption":"administrador"}},{"@type":"WebPage","@id":"https:\/\/newsinfoco.com.br\/inicio\/sesau-realiza-oficina-para-melhorar-o-atendimento-ao-publico-alagoinhense\/#webpage","url":"https:\/\/newsinfoco.com.br\/inicio\/sesau-realiza-oficina-para-melhorar-o-atendimento-ao-publico-alagoinhense\/","name":"SESAU realiza oficina para melhorar o atendimento ao p\u00fablico alagoinhense - News In Foco - Editado por Caio Pimenta","description":"A Secretaria Municipal de Sa\u00fade (SESAU) realizou nesta sexta-feira (15), no audit\u00f3rio da Secretaria de Desenvolvimento Econ\u00f4mico e Meio Ambiente (SEDEA), uma oficina sobre acolhimento e \u00e9tica profissional no ambiente de trabalho recepcionistas e estagi\u00e1rios das unidades de sa\u00fade de Alagoinhas. \u201cEssa oficina vem com o intuito de melhorar o acolhimento nas Unidades de","inLanguage":"pt-BR","isPartOf":{"@id":"https:\/\/newsinfoco.com.br\/inicio\/#website"},"breadcrumb":{"@id":"https:\/\/newsinfoco.com.br\/inicio\/sesau-realiza-oficina-para-melhorar-o-atendimento-ao-publico-alagoinhense\/#breadcrumblist"},"author":{"@id":"https:\/\/newsinfoco.com.br\/inicio\/author\/administrador\/#author"},"creator":{"@id":"https:\/\/newsinfoco.com.br\/inicio\/author\/administrador\/#author"},"image":{"@type":"ImageObject","url":"https:\/\/newsinfoco.com.br\/inicio\/wp-content\/uploads\/2023\/09\/3659b604-658a-4efe-b33b-2aa863bcdcc2.jpeg","@id":"https:\/\/newsinfoco.com.br\/inicio\/sesau-realiza-oficina-para-melhorar-o-atendimento-ao-publico-alagoinhense\/#mainImage","width":1600,"height":1200},"primaryImageOfPage":{"@id":"https:\/\/newsinfoco.com.br\/inicio\/sesau-realiza-oficina-para-melhorar-o-atendimento-ao-publico-alagoinhense\/#mainImage"},"datePublished":"2023-09-17T16:48:56-03:00","dateModified":"2023-09-17T16:48:56-03:00"},{"@type":"WebSite","@id":"https:\/\/newsinfoco.com.br\/inicio\/#website","url":"https:\/\/newsinfoco.com.br\/inicio\/","name":"News In Foco - Editado por Caio Pimenta","description":"O principal site de noticias de Alagoinhas e regi\u00e3o","inLanguage":"pt-BR","publisher":{"@id":"https:\/\/newsinfoco.com.br\/inicio\/#organization"}}]},"og:locale":"pt_BR","og:site_name":"News In Foco - Editado por Caio Pimenta - O principal site de noticias de Alagoinhas e regi\u00e3o","og:type":"article","og:title":"SESAU realiza oficina para melhorar o atendimento ao p\u00fablico alagoinhense - News In Foco - Editado por Caio Pimenta","og:description":"A Secretaria Municipal de Sa\u00fade (SESAU) realizou nesta sexta-feira (15), no audit\u00f3rio da Secretaria de Desenvolvimento Econ\u00f4mico e Meio Ambiente (SEDEA), uma oficina sobre acolhimento e \u00e9tica profissional no ambiente de trabalho recepcionistas e estagi\u00e1rios das unidades de sa\u00fade de Alagoinhas. \u201cEssa oficina vem com o intuito de melhorar o acolhimento nas Unidades de","og:url":"https:\/\/newsinfoco.com.br\/inicio\/sesau-realiza-oficina-para-melhorar-o-atendimento-ao-publico-alagoinhense\/","article:published_time":"2023-09-17T19:48:56+00:00","article:modified_time":"2023-09-17T19:48:56+00:00","twitter:card":"summary_large_image","twitter:title":"SESAU realiza oficina para melhorar o atendimento ao p\u00fablico alagoinhense - News In Foco - Editado por Caio Pimenta","twitter:description":"A Secretaria Municipal de Sa\u00fade (SESAU) realizou nesta sexta-feira (15), no audit\u00f3rio da Secretaria de Desenvolvimento Econ\u00f4mico e Meio Ambiente (SEDEA), uma oficina sobre acolhimento e \u00e9tica profissional no ambiente de trabalho recepcionistas e estagi\u00e1rios das unidades de sa\u00fade de Alagoinhas. \u201cEssa oficina vem com o intuito de melhorar o acolhimento nas Unidades de"},"aioseo_meta_data":{"post_id":"35045","title":null,"description":null,"keywords":[],"keyphrases":{"focus":{"keyphrase":"","score":0,"analysis":{"keyphraseInTitle":{"score":0,"maxScore":9,"error":1}}},"additional":[]},"primary_term":null,"canonical_url":null,"og_title":null,"og_description":null,"og_object_type":"default","og_image_type":"default","og_image_url":null,"og_image_width":null,"og_image_height":null,"og_image_custom_url":null,"og_image_custom_fields":null,"og_video":"","og_custom_url":null,"og_article_section":null,"og_article_tags":[],"twitter_use_og":false,"twitter_card":"default","twitter_image_type":"default","twitter_image_url":null,"twitter_image_custom_url":null,"twitter_image_custom_fields":null,"twitter_title":null,"twitter_description":null,"schema":{"blockGraphs":[],"customGraphs":[],"default":{"data":{"Article":[],"Course":[],"Dataset":[],"FAQPage":[],"Movie":[],"Person":[],"Product":[],"ProductReview":[],"Car":[],"Recipe":[],"Service":[],"SoftwareApplication":[],"WebPage":[]},"graphName":"BlogPosting","isEnabled":true},"graphs":[]},"schema_type":"default","schema_type_options":null,"pillar_content":false,"robots_default":true,"robots_noindex":false,"robots_noarchive":false,"robots_nosnippet":false,"robots_nofollow":false,"robots_noimageindex":false,"robots_noodp":false,"robots_notranslate":false,"robots_max_snippet":"-1","robots_max_videopreview":"-1","robots_max_imagepreview":"large","priority":null,"frequency":"default","local_seo":null,"breadcrumb_settings":null,"limit_modified_date":false,"ai":null,"created":"2023-09-17 19:48:57","updated":"2025-07-11 10:14:00","seo_analyzer_scan_date":null},"aioseo_breadcrumb":"<div class=\"aioseo-breadcrumbs\"><span class=\"aioseo-breadcrumb\">\n\t\t\t<a href=\"https:\/\/newsinfoco.com.br\/inicio\" title=\"In\u00edcio\">In\u00edcio<\/a>\n\t\t<\/span><span class=\"aioseo-breadcrumb-separator\">&raquo;<\/span><span class=\"aioseo-breadcrumb\">\n\t\t\t<a href=\"https:\/\/newsinfoco.com.br\/inicio\/category\/alagoinhas-e-regiao\/\" title=\"Alagoinhas e Regi\u00e3o\">Alagoinhas e Regi\u00e3o<\/a>\n\t\t<\/span><span class=\"aioseo-breadcrumb-separator\">&raquo;<\/span><span class=\"aioseo-breadcrumb\">\n\t\t\tSESAU realiza oficina para melhorar o atendimento ao p\u00fablico alagoinhense\n\t\t<\/span><\/div>","aioseo_breadcrumb_json":[{"label":"In\u00edcio","link":"https:\/\/newsinfoco.com.br\/inicio"},{"label":"Alagoinhas e Regi\u00e3o","link":"https:\/\/newsinfoco.com.br\/inicio\/category\/alagoinhas-e-regiao\/"},{"label":"SESAU realiza oficina para melhorar o atendimento ao p\u00fablico alagoinhense","link":"https:\/\/newsinfoco.com.br\/inicio\/sesau-realiza-oficina-para-melhorar-o-atendimento-ao-publico-alagoinhense\/"}],"_links":{"self":[{"href":"https:\/\/newsinfoco.com.br\/inicio\/wp-json\/wp\/v2\/posts\/35045","targetHints":{"allow":["GET"]}}],"collection":[{"href":"https:\/\/newsinfoco.com.br\/inicio\/wp-json\/wp\/v2\/posts"}],"about":[{"href":"https:\/\/newsinfoco.com.br\/inicio\/wp-json\/wp\/v2\/types\/post"}],"author":[{"embeddable":true,"href":"https:\/\/newsinfoco.com.br\/inicio\/wp-json\/wp\/v2\/users\/1"}],"replies":[{"embeddable":true,"href":"https:\/\/newsinfoco.com.br\/inicio\/wp-json\/wp\/v2\/comments?post=35045"}],"version-history":[{"count":1,"href":"https:\/\/newsinfoco.com.br\/inicio\/wp-json\/wp\/v2\/posts\/35045\/revisions"}],"predecessor-version":[{"id":35048,"href":"https:\/\/newsinfoco.com.br\/inicio\/wp-json\/wp\/v2\/posts\/35045\/revisions\/35048"}],"wp:featuredmedia":[{"embeddable":true,"href":"https:\/\/newsinfoco.com.br\/inicio\/wp-json\/wp\/v2\/media\/35047"}],"wp:attachment":[{"href":"https:\/\/newsinfoco.com.br\/inicio\/wp-json\/wp\/v2\/media?parent=35045"}],"wp:term":[{"taxonomy":"category","embeddable":true,"href":"https:\/\/newsinfoco.com.br\/inicio\/wp-json\/wp\/v2\/categories?post=35045"},{"taxonomy":"post_tag","embeddable":true,"href":"https:\/\/newsinfoco.com.br\/inicio\/wp-json\/wp\/v2\/tags?post=35045"}],"curies":[{"name":"wp","href":"https:\/\/api.w.org\/{rel}","templated":true}]}}