{"id":35060,"date":"2023-09-18T12:05:07","date_gmt":"2023-09-18T15:05:07","guid":{"rendered":"https:\/\/newsinfoco.com.br\/inicio\/?p=35060"},"modified":"2023-09-18T12:05:07","modified_gmt":"2023-09-18T15:05:07","slug":"salvador-lider-de-faccao-de-valeria-morre-em-confronto-com-a-policia-civil","status":"publish","type":"post","link":"https:\/\/newsinfoco.com.br\/inicio\/salvador-lider-de-faccao-de-valeria-morre-em-confronto-com-a-policia-civil\/","title":{"rendered":"Salvador: L\u00edder de fac\u00e7\u00e3o de Val\u00e9ria morre em confronto com a Pol\u00edcia Civil"},"content":{"rendered":"<p style=\"font-weight: 400;\">Morreu mais\u00a0um suspeito de participar do confronto, que resultou na morte de um policial federal, na \u00faltima sexta-feira (15).\u00a0Um l\u00edder da fac\u00e7\u00e3o denominada de \u201cKatiara\u201d, morreu na noite deste domingo (18), ap\u00f3s um confronto com a Pol\u00edcia Civil, no Alto do Galo, localidade Rio das Pedras, em Sim\u00f5es Filho. O confronto aconteceu quando agentes da Coordena\u00e7\u00e3o de Opera\u00e7\u00f5es e Recursos Especiais da Pol\u00edcia Civil foram recebidos a tiros.<\/p>\n<p style=\"font-weight: 400;\">O suspeito identificado como \u201c Mascote\u201d chegou a ser levado para o Hospital Menandro de Faria em Lauro de Freitas, mas n\u00e3o resistiu aos ferimentos. Segundo informa\u00e7\u00f5es de fontes da Pol\u00edcia Civil, ele seria um dos homens que estavam \u00e0 frente do tr\u00e1fico de drogas do bairro de Val\u00e9ria e regi\u00e3o, onde foi apontado como um dos suspeitos na participa\u00e7\u00e3o do ataque a Policiais Federais, na manh\u00e3 da \u00faltima sexta-feira (15). Na ocasi\u00e3o, tr\u00eas policiais foram baleados e um deles n\u00e3o resistiu aos ferimentos.<\/p>\n<p>&nbsp;<\/p>\n<p>Bahianoticias<\/p>\n<div class='share-to-whatsapp-wrapper'><div class='share-on-whsp'>Share on: <\/div><a data-text='Salvador: L\u00edder de fac\u00e7\u00e3o de Val\u00e9ria morre em confronto com a Pol\u00edcia Civil' data-link='https:\/\/newsinfoco.com.br\/inicio\/salvador-lider-de-faccao-de-valeria-morre-em-confronto-com-a-policia-civil\/' class='whatsapp-button whatsapp-share'>WhatsApp<\/a><div class='clear '><\/div><\/div>","protected":false},"excerpt":{"rendered":"<p>Morreu mais\u00a0um suspeito de participar do confronto, que resultou na morte de um policial federal, na \u00faltima sexta-feira (15).\u00a0Um l\u00edder da fac\u00e7\u00e3o denominada de \u201cKatiara\u201d, morreu na noite deste domingo (18), ap\u00f3s um confronto com a Pol\u00edcia Civil, no Alto do Galo, localidade Rio das Pedras, em Sim\u00f5es Filho. O confronto aconteceu quando agentes da [&hellip;]<\/p>\n","protected":false},"author":1,"featured_media":35061,"comment_status":"closed","ping_status":"closed","sticky":false,"template":"","format":"standard","meta":{"om_disable_all_campaigns":false,"rop_custom_images_group":[],"rop_custom_messages_group":[],"rop_publish_now":"initial","rop_publish_now_accounts":[],"rop_publish_now_history":[],"rop_publish_now_status":"pending","_exactmetrics_skip_tracking":false,"footnotes":""},"categories":[19],"tags":[],"class_list":["post-35060","post","type-post","status-publish","format-standard","has-post-thumbnail","hentry","category-bahia"],"aioseo_notices":[],"aioseo_head":"\n\t\t<!-- All in One SEO 4.9.10 - aioseo.com -->\n\t<meta name=\"description\" content=\"Morreu mais um suspeito de participar do confronto, que resultou na morte de um policial federal, na \u00faltima sexta-feira (15). Um l\u00edder da fac\u00e7\u00e3o denominada de \u201cKatiara\u201d, morreu na noite deste domingo (18), ap\u00f3s um confronto com a Pol\u00edcia Civil, no Alto do Galo, localidade Rio das Pedras, em Sim\u00f5es Filho. O confronto aconteceu quando agentes da\" \/>\n\t<meta name=\"robots\" content=\"max-image-preview:large\" \/>\n\t<meta name=\"author\" content=\"administrador\"\/>\n\t<link rel=\"canonical\" href=\"https:\/\/newsinfoco.com.br\/inicio\/salvador-lider-de-faccao-de-valeria-morre-em-confronto-com-a-policia-civil\/\" \/>\n\t<meta name=\"generator\" content=\"All in One SEO (AIOSEO) 4.9.10\" \/>\n\t\t<meta property=\"og:locale\" content=\"pt_BR\" \/>\n\t\t<meta property=\"og:site_name\" content=\"News In Foco - Editado por Caio Pimenta - O principal site de noticias de Alagoinhas e regi\u00e3o\" \/>\n\t\t<meta property=\"og:type\" content=\"article\" \/>\n\t\t<meta property=\"og:title\" content=\"Salvador: L\u00edder de fac\u00e7\u00e3o de Val\u00e9ria morre em confronto com a Pol\u00edcia Civil - News In Foco - Editado por Caio Pimenta\" \/>\n\t\t<meta property=\"og:description\" content=\"Morreu mais um suspeito de participar do confronto, que resultou na morte de um policial federal, na \u00faltima sexta-feira (15). Um l\u00edder da fac\u00e7\u00e3o denominada de \u201cKatiara\u201d, morreu na noite deste domingo (18), ap\u00f3s um confronto com a Pol\u00edcia Civil, no Alto do Galo, localidade Rio das Pedras, em Sim\u00f5es Filho. O confronto aconteceu quando agentes da\" \/>\n\t\t<meta property=\"og:url\" content=\"https:\/\/newsinfoco.com.br\/inicio\/salvador-lider-de-faccao-de-valeria-morre-em-confronto-com-a-policia-civil\/\" \/>\n\t\t<meta property=\"article:published_time\" content=\"2023-09-18T15:05:07+00:00\" \/>\n\t\t<meta property=\"article:modified_time\" content=\"2023-09-18T15:05:07+00:00\" \/>\n\t\t<meta name=\"twitter:card\" content=\"summary_large_image\" \/>\n\t\t<meta name=\"twitter:title\" content=\"Salvador: L\u00edder de fac\u00e7\u00e3o de Val\u00e9ria morre em confronto com a Pol\u00edcia Civil - News In Foco - Editado por Caio Pimenta\" \/>\n\t\t<meta name=\"twitter:description\" content=\"Morreu mais um suspeito de participar do confronto, que resultou na morte de um policial federal, na \u00faltima sexta-feira (15). Um l\u00edder da fac\u00e7\u00e3o denominada de \u201cKatiara\u201d, morreu na noite deste domingo (18), ap\u00f3s um confronto com a Pol\u00edcia Civil, no Alto do Galo, localidade Rio das Pedras, em Sim\u00f5es Filho. O confronto aconteceu quando agentes da\" \/>\n\t\t<script type=\"application\/ld+json\" class=\"aioseo-schema\">\n\t\t\t{\"@context\":\"https:\\\/\\\/schema.org\",\"@graph\":[{\"@type\":\"BlogPosting\",\"@id\":\"https:\\\/\\\/newsinfoco.com.br\\\/inicio\\\/salvador-lider-de-faccao-de-valeria-morre-em-confronto-com-a-policia-civil\\\/#blogposting\",\"name\":\"Salvador: L\\u00edder de fac\\u00e7\\u00e3o de Val\\u00e9ria morre em confronto com a Pol\\u00edcia Civil - News In Foco - Editado por Caio Pimenta\",\"headline\":\"Salvador: L\\u00edder de fac\\u00e7\\u00e3o de Val\\u00e9ria morre em confronto com a Pol\\u00edcia Civil\",\"author\":{\"@id\":\"https:\\\/\\\/newsinfoco.com.br\\\/inicio\\\/author\\\/administrador\\\/#author\"},\"publisher\":{\"@id\":\"https:\\\/\\\/newsinfoco.com.br\\\/inicio\\\/#organization\"},\"image\":{\"@type\":\"ImageObject\",\"url\":\"https:\\\/\\\/newsinfoco.com.br\\\/inicio\\\/wp-content\\\/uploads\\\/2023\\\/09\\\/IMAGEM_NOTICIA_5-3.webp\",\"width\":597,\"height\":380,\"caption\":\"Foto: Reprodu\\u00e7\\u00e3o Redes Sociais\"},\"datePublished\":\"2023-09-18T12:05:07-03:00\",\"dateModified\":\"2023-09-18T12:05:07-03:00\",\"inLanguage\":\"pt-BR\",\"mainEntityOfPage\":{\"@id\":\"https:\\\/\\\/newsinfoco.com.br\\\/inicio\\\/salvador-lider-de-faccao-de-valeria-morre-em-confronto-com-a-policia-civil\\\/#webpage\"},\"isPartOf\":{\"@id\":\"https:\\\/\\\/newsinfoco.com.br\\\/inicio\\\/salvador-lider-de-faccao-de-valeria-morre-em-confronto-com-a-policia-civil\\\/#webpage\"},\"articleSection\":\"Bahia\"},{\"@type\":\"BreadcrumbList\",\"@id\":\"https:\\\/\\\/newsinfoco.com.br\\\/inicio\\\/salvador-lider-de-faccao-de-valeria-morre-em-confronto-com-a-policia-civil\\\/#breadcrumblist\",\"itemListElement\":[{\"@type\":\"ListItem\",\"@id\":\"https:\\\/\\\/newsinfoco.com.br\\\/inicio#listItem\",\"position\":1,\"name\":\"In\\u00edcio\",\"item\":\"https:\\\/\\\/newsinfoco.com.br\\\/inicio\",\"nextItem\":{\"@type\":\"ListItem\",\"@id\":\"https:\\\/\\\/newsinfoco.com.br\\\/inicio\\\/category\\\/bahia\\\/#listItem\",\"name\":\"Bahia\"}},{\"@type\":\"ListItem\",\"@id\":\"https:\\\/\\\/newsinfoco.com.br\\\/inicio\\\/category\\\/bahia\\\/#listItem\",\"position\":2,\"name\":\"Bahia\",\"item\":\"https:\\\/\\\/newsinfoco.com.br\\\/inicio\\\/category\\\/bahia\\\/\",\"nextItem\":{\"@type\":\"ListItem\",\"@id\":\"https:\\\/\\\/newsinfoco.com.br\\\/inicio\\\/salvador-lider-de-faccao-de-valeria-morre-em-confronto-com-a-policia-civil\\\/#listItem\",\"name\":\"Salvador: L\\u00edder de fac\\u00e7\\u00e3o de Val\\u00e9ria morre em confronto com a Pol\\u00edcia Civil\"},\"previousItem\":{\"@type\":\"ListItem\",\"@id\":\"https:\\\/\\\/newsinfoco.com.br\\\/inicio#listItem\",\"name\":\"In\\u00edcio\"}},{\"@type\":\"ListItem\",\"@id\":\"https:\\\/\\\/newsinfoco.com.br\\\/inicio\\\/salvador-lider-de-faccao-de-valeria-morre-em-confronto-com-a-policia-civil\\\/#listItem\",\"position\":3,\"name\":\"Salvador: L\\u00edder de fac\\u00e7\\u00e3o de Val\\u00e9ria morre em confronto com a Pol\\u00edcia Civil\",\"previousItem\":{\"@type\":\"ListItem\",\"@id\":\"https:\\\/\\\/newsinfoco.com.br\\\/inicio\\\/category\\\/bahia\\\/#listItem\",\"name\":\"Bahia\"}}]},{\"@type\":\"Organization\",\"@id\":\"https:\\\/\\\/newsinfoco.com.br\\\/inicio\\\/#organization\",\"name\":\"News In Foco - Editado por Caio Pimenta\",\"description\":\"O principal site de noticias de Alagoinhas e regi\\u00e3o\",\"url\":\"https:\\\/\\\/newsinfoco.com.br\\\/inicio\\\/\"},{\"@type\":\"Person\",\"@id\":\"https:\\\/\\\/newsinfoco.com.br\\\/inicio\\\/author\\\/administrador\\\/#author\",\"url\":\"https:\\\/\\\/newsinfoco.com.br\\\/inicio\\\/author\\\/administrador\\\/\",\"name\":\"administrador\",\"image\":{\"@type\":\"ImageObject\",\"@id\":\"https:\\\/\\\/newsinfoco.com.br\\\/inicio\\\/salvador-lider-de-faccao-de-valeria-morre-em-confronto-com-a-policia-civil\\\/#authorImage\",\"url\":\"https:\\\/\\\/secure.gravatar.com\\\/avatar\\\/c17a617433de8c1dc9584bb79aab7563b46f5bb7e1728c9b17d9cc3ce6a08e49?s=96&d=mm&r=g\",\"width\":96,\"height\":96,\"caption\":\"administrador\"}},{\"@type\":\"WebPage\",\"@id\":\"https:\\\/\\\/newsinfoco.com.br\\\/inicio\\\/salvador-lider-de-faccao-de-valeria-morre-em-confronto-com-a-policia-civil\\\/#webpage\",\"url\":\"https:\\\/\\\/newsinfoco.com.br\\\/inicio\\\/salvador-lider-de-faccao-de-valeria-morre-em-confronto-com-a-policia-civil\\\/\",\"name\":\"Salvador: L\\u00edder de fac\\u00e7\\u00e3o de Val\\u00e9ria morre em confronto com a Pol\\u00edcia Civil - News In Foco - Editado por Caio Pimenta\",\"description\":\"Morreu mais um suspeito de participar do confronto, que resultou na morte de um policial federal, na \\u00faltima sexta-feira (15). Um l\\u00edder da fac\\u00e7\\u00e3o denominada de \\u201cKatiara\\u201d, morreu na noite deste domingo (18), ap\\u00f3s um confronto com a Pol\\u00edcia Civil, no Alto do Galo, localidade Rio das Pedras, em Sim\\u00f5es Filho. O confronto aconteceu quando agentes da\",\"inLanguage\":\"pt-BR\",\"isPartOf\":{\"@id\":\"https:\\\/\\\/newsinfoco.com.br\\\/inicio\\\/#website\"},\"breadcrumb\":{\"@id\":\"https:\\\/\\\/newsinfoco.com.br\\\/inicio\\\/salvador-lider-de-faccao-de-valeria-morre-em-confronto-com-a-policia-civil\\\/#breadcrumblist\"},\"author\":{\"@id\":\"https:\\\/\\\/newsinfoco.com.br\\\/inicio\\\/author\\\/administrador\\\/#author\"},\"creator\":{\"@id\":\"https:\\\/\\\/newsinfoco.com.br\\\/inicio\\\/author\\\/administrador\\\/#author\"},\"image\":{\"@type\":\"ImageObject\",\"url\":\"https:\\\/\\\/newsinfoco.com.br\\\/inicio\\\/wp-content\\\/uploads\\\/2023\\\/09\\\/IMAGEM_NOTICIA_5-3.webp\",\"@id\":\"https:\\\/\\\/newsinfoco.com.br\\\/inicio\\\/salvador-lider-de-faccao-de-valeria-morre-em-confronto-com-a-policia-civil\\\/#mainImage\",\"width\":597,\"height\":380,\"caption\":\"Foto: Reprodu\\u00e7\\u00e3o Redes Sociais\"},\"primaryImageOfPage\":{\"@id\":\"https:\\\/\\\/newsinfoco.com.br\\\/inicio\\\/salvador-lider-de-faccao-de-valeria-morre-em-confronto-com-a-policia-civil\\\/#mainImage\"},\"datePublished\":\"2023-09-18T12:05:07-03:00\",\"dateModified\":\"2023-09-18T12:05:07-03:00\"},{\"@type\":\"WebSite\",\"@id\":\"https:\\\/\\\/newsinfoco.com.br\\\/inicio\\\/#website\",\"url\":\"https:\\\/\\\/newsinfoco.com.br\\\/inicio\\\/\",\"name\":\"News In Foco - Editado por Caio Pimenta\",\"description\":\"O principal site de noticias de Alagoinhas e regi\\u00e3o\",\"inLanguage\":\"pt-BR\",\"publisher\":{\"@id\":\"https:\\\/\\\/newsinfoco.com.br\\\/inicio\\\/#organization\"}}]}\n\t\t<\/script>\n\t\t<!-- All in One SEO -->\n\n","aioseo_head_json":{"title":"Salvador: L\u00edder de fac\u00e7\u00e3o de Val\u00e9ria morre em confronto com a Pol\u00edcia Civil - News In Foco - Editado por Caio Pimenta","description":"Morreu mais um suspeito de participar do confronto, que resultou na morte de um policial federal, na \u00faltima sexta-feira (15). Um l\u00edder da fac\u00e7\u00e3o denominada de \u201cKatiara\u201d, morreu na noite deste domingo (18), ap\u00f3s um confronto com a Pol\u00edcia Civil, no Alto do Galo, localidade Rio das Pedras, em Sim\u00f5es Filho. O confronto aconteceu quando agentes da","canonical_url":"https:\/\/newsinfoco.com.br\/inicio\/salvador-lider-de-faccao-de-valeria-morre-em-confronto-com-a-policia-civil\/","robots":"max-image-preview:large","keywords":"","webmasterTools":{"miscellaneous":""},"schema":{"@context":"https:\/\/schema.org","@graph":[{"@type":"BlogPosting","@id":"https:\/\/newsinfoco.com.br\/inicio\/salvador-lider-de-faccao-de-valeria-morre-em-confronto-com-a-policia-civil\/#blogposting","name":"Salvador: L\u00edder de fac\u00e7\u00e3o de Val\u00e9ria morre em confronto com a Pol\u00edcia Civil - News In Foco - Editado por Caio Pimenta","headline":"Salvador: L\u00edder de fac\u00e7\u00e3o de Val\u00e9ria morre em confronto com a Pol\u00edcia Civil","author":{"@id":"https:\/\/newsinfoco.com.br\/inicio\/author\/administrador\/#author"},"publisher":{"@id":"https:\/\/newsinfoco.com.br\/inicio\/#organization"},"image":{"@type":"ImageObject","url":"https:\/\/newsinfoco.com.br\/inicio\/wp-content\/uploads\/2023\/09\/IMAGEM_NOTICIA_5-3.webp","width":597,"height":380,"caption":"Foto: Reprodu\u00e7\u00e3o Redes Sociais"},"datePublished":"2023-09-18T12:05:07-03:00","dateModified":"2023-09-18T12:05:07-03:00","inLanguage":"pt-BR","mainEntityOfPage":{"@id":"https:\/\/newsinfoco.com.br\/inicio\/salvador-lider-de-faccao-de-valeria-morre-em-confronto-com-a-policia-civil\/#webpage"},"isPartOf":{"@id":"https:\/\/newsinfoco.com.br\/inicio\/salvador-lider-de-faccao-de-valeria-morre-em-confronto-com-a-policia-civil\/#webpage"},"articleSection":"Bahia"},{"@type":"BreadcrumbList","@id":"https:\/\/newsinfoco.com.br\/inicio\/salvador-lider-de-faccao-de-valeria-morre-em-confronto-com-a-policia-civil\/#breadcrumblist","itemListElement":[{"@type":"ListItem","@id":"https:\/\/newsinfoco.com.br\/inicio#listItem","position":1,"name":"In\u00edcio","item":"https:\/\/newsinfoco.com.br\/inicio","nextItem":{"@type":"ListItem","@id":"https:\/\/newsinfoco.com.br\/inicio\/category\/bahia\/#listItem","name":"Bahia"}},{"@type":"ListItem","@id":"https:\/\/newsinfoco.com.br\/inicio\/category\/bahia\/#listItem","position":2,"name":"Bahia","item":"https:\/\/newsinfoco.com.br\/inicio\/category\/bahia\/","nextItem":{"@type":"ListItem","@id":"https:\/\/newsinfoco.com.br\/inicio\/salvador-lider-de-faccao-de-valeria-morre-em-confronto-com-a-policia-civil\/#listItem","name":"Salvador: L\u00edder de fac\u00e7\u00e3o de Val\u00e9ria morre em confronto com a Pol\u00edcia Civil"},"previousItem":{"@type":"ListItem","@id":"https:\/\/newsinfoco.com.br\/inicio#listItem","name":"In\u00edcio"}},{"@type":"ListItem","@id":"https:\/\/newsinfoco.com.br\/inicio\/salvador-lider-de-faccao-de-valeria-morre-em-confronto-com-a-policia-civil\/#listItem","position":3,"name":"Salvador: L\u00edder de fac\u00e7\u00e3o de Val\u00e9ria morre em confronto com a Pol\u00edcia Civil","previousItem":{"@type":"ListItem","@id":"https:\/\/newsinfoco.com.br\/inicio\/category\/bahia\/#listItem","name":"Bahia"}}]},{"@type":"Organization","@id":"https:\/\/newsinfoco.com.br\/inicio\/#organization","name":"News In Foco - Editado por Caio Pimenta","description":"O principal site de noticias de Alagoinhas e regi\u00e3o","url":"https:\/\/newsinfoco.com.br\/inicio\/"},{"@type":"Person","@id":"https:\/\/newsinfoco.com.br\/inicio\/author\/administrador\/#author","url":"https:\/\/newsinfoco.com.br\/inicio\/author\/administrador\/","name":"administrador","image":{"@type":"ImageObject","@id":"https:\/\/newsinfoco.com.br\/inicio\/salvador-lider-de-faccao-de-valeria-morre-em-confronto-com-a-policia-civil\/#authorImage","url":"https:\/\/secure.gravatar.com\/avatar\/c17a617433de8c1dc9584bb79aab7563b46f5bb7e1728c9b17d9cc3ce6a08e49?s=96&d=mm&r=g","width":96,"height":96,"caption":"administrador"}},{"@type":"WebPage","@id":"https:\/\/newsinfoco.com.br\/inicio\/salvador-lider-de-faccao-de-valeria-morre-em-confronto-com-a-policia-civil\/#webpage","url":"https:\/\/newsinfoco.com.br\/inicio\/salvador-lider-de-faccao-de-valeria-morre-em-confronto-com-a-policia-civil\/","name":"Salvador: L\u00edder de fac\u00e7\u00e3o de Val\u00e9ria morre em confronto com a Pol\u00edcia Civil - News In Foco - Editado por Caio Pimenta","description":"Morreu mais um suspeito de participar do confronto, que resultou na morte de um policial federal, na \u00faltima sexta-feira (15). Um l\u00edder da fac\u00e7\u00e3o denominada de \u201cKatiara\u201d, morreu na noite deste domingo (18), ap\u00f3s um confronto com a Pol\u00edcia Civil, no Alto do Galo, localidade Rio das Pedras, em Sim\u00f5es Filho. O confronto aconteceu quando agentes da","inLanguage":"pt-BR","isPartOf":{"@id":"https:\/\/newsinfoco.com.br\/inicio\/#website"},"breadcrumb":{"@id":"https:\/\/newsinfoco.com.br\/inicio\/salvador-lider-de-faccao-de-valeria-morre-em-confronto-com-a-policia-civil\/#breadcrumblist"},"author":{"@id":"https:\/\/newsinfoco.com.br\/inicio\/author\/administrador\/#author"},"creator":{"@id":"https:\/\/newsinfoco.com.br\/inicio\/author\/administrador\/#author"},"image":{"@type":"ImageObject","url":"https:\/\/newsinfoco.com.br\/inicio\/wp-content\/uploads\/2023\/09\/IMAGEM_NOTICIA_5-3.webp","@id":"https:\/\/newsinfoco.com.br\/inicio\/salvador-lider-de-faccao-de-valeria-morre-em-confronto-com-a-policia-civil\/#mainImage","width":597,"height":380,"caption":"Foto: Reprodu\u00e7\u00e3o Redes Sociais"},"primaryImageOfPage":{"@id":"https:\/\/newsinfoco.com.br\/inicio\/salvador-lider-de-faccao-de-valeria-morre-em-confronto-com-a-policia-civil\/#mainImage"},"datePublished":"2023-09-18T12:05:07-03:00","dateModified":"2023-09-18T12:05:07-03:00"},{"@type":"WebSite","@id":"https:\/\/newsinfoco.com.br\/inicio\/#website","url":"https:\/\/newsinfoco.com.br\/inicio\/","name":"News In Foco - Editado por Caio Pimenta","description":"O principal site de noticias de Alagoinhas e regi\u00e3o","inLanguage":"pt-BR","publisher":{"@id":"https:\/\/newsinfoco.com.br\/inicio\/#organization"}}]},"og:locale":"pt_BR","og:site_name":"News In Foco - Editado por Caio Pimenta - O principal site de noticias de Alagoinhas e regi\u00e3o","og:type":"article","og:title":"Salvador: L\u00edder de fac\u00e7\u00e3o de Val\u00e9ria morre em confronto com a Pol\u00edcia Civil - News In Foco - Editado por Caio Pimenta","og:description":"Morreu mais um suspeito de participar do confronto, que resultou na morte de um policial federal, na \u00faltima sexta-feira (15). Um l\u00edder da fac\u00e7\u00e3o denominada de \u201cKatiara\u201d, morreu na noite deste domingo (18), ap\u00f3s um confronto com a Pol\u00edcia Civil, no Alto do Galo, localidade Rio das Pedras, em Sim\u00f5es Filho. O confronto aconteceu quando agentes da","og:url":"https:\/\/newsinfoco.com.br\/inicio\/salvador-lider-de-faccao-de-valeria-morre-em-confronto-com-a-policia-civil\/","article:published_time":"2023-09-18T15:05:07+00:00","article:modified_time":"2023-09-18T15:05:07+00:00","twitter:card":"summary_large_image","twitter:title":"Salvador: L\u00edder de fac\u00e7\u00e3o de Val\u00e9ria morre em confronto com a Pol\u00edcia Civil - News In Foco - Editado por Caio Pimenta","twitter:description":"Morreu mais um suspeito de participar do confronto, que resultou na morte de um policial federal, na \u00faltima sexta-feira (15). Um l\u00edder da fac\u00e7\u00e3o denominada de \u201cKatiara\u201d, morreu na noite deste domingo (18), ap\u00f3s um confronto com a Pol\u00edcia Civil, no Alto do Galo, localidade Rio das Pedras, em Sim\u00f5es Filho. O confronto aconteceu quando agentes da"},"aioseo_meta_data":{"post_id":"35060","title":null,"description":null,"keywords":[],"keyphrases":{"focus":{"keyphrase":"","score":0,"analysis":{"keyphraseInTitle":{"score":0,"maxScore":9,"error":1}}},"additional":[]},"primary_term":null,"canonical_url":null,"og_title":null,"og_description":null,"og_object_type":"default","og_image_type":"default","og_image_url":null,"og_image_width":null,"og_image_height":null,"og_image_custom_url":null,"og_image_custom_fields":null,"og_video":"","og_custom_url":null,"og_article_section":null,"og_article_tags":[],"twitter_use_og":false,"twitter_card":"default","twitter_image_type":"default","twitter_image_url":null,"twitter_image_custom_url":null,"twitter_image_custom_fields":null,"twitter_title":null,"twitter_description":null,"schema":{"blockGraphs":[],"customGraphs":[],"default":{"data":{"Article":[],"Course":[],"Dataset":[],"FAQPage":[],"Movie":[],"Person":[],"Product":[],"ProductReview":[],"Car":[],"Recipe":[],"Service":[],"SoftwareApplication":[],"WebPage":[]},"graphName":"BlogPosting","isEnabled":true},"graphs":[]},"schema_type":"default","schema_type_options":null,"pillar_content":false,"robots_default":true,"robots_noindex":false,"robots_noarchive":false,"robots_nosnippet":false,"robots_nofollow":false,"robots_noimageindex":false,"robots_noodp":false,"robots_notranslate":false,"robots_max_snippet":"-1","robots_max_videopreview":"-1","robots_max_imagepreview":"large","priority":null,"frequency":"default","local_seo":null,"breadcrumb_settings":null,"limit_modified_date":false,"ai":null,"created":"2023-09-18 15:05:07","updated":"2025-07-11 10:14:00","seo_analyzer_scan_date":null},"aioseo_breadcrumb":"<div class=\"aioseo-breadcrumbs\"><span class=\"aioseo-breadcrumb\">\n\t\t\t<a href=\"https:\/\/newsinfoco.com.br\/inicio\" title=\"In\u00edcio\">In\u00edcio<\/a>\n\t\t<\/span><span class=\"aioseo-breadcrumb-separator\">&raquo;<\/span><span class=\"aioseo-breadcrumb\">\n\t\t\t<a href=\"https:\/\/newsinfoco.com.br\/inicio\/category\/bahia\/\" title=\"Bahia\">Bahia<\/a>\n\t\t<\/span><span class=\"aioseo-breadcrumb-separator\">&raquo;<\/span><span class=\"aioseo-breadcrumb\">\n\t\t\tSalvador: L\u00edder de fac\u00e7\u00e3o de Val\u00e9ria morre em confronto com a Pol\u00edcia Civil\n\t\t<\/span><\/div>","aioseo_breadcrumb_json":[{"label":"In\u00edcio","link":"https:\/\/newsinfoco.com.br\/inicio"},{"label":"Bahia","link":"https:\/\/newsinfoco.com.br\/inicio\/category\/bahia\/"},{"label":"Salvador: L\u00edder de fac\u00e7\u00e3o de Val\u00e9ria morre em confronto com a Pol\u00edcia Civil","link":"https:\/\/newsinfoco.com.br\/inicio\/salvador-lider-de-faccao-de-valeria-morre-em-confronto-com-a-policia-civil\/"}],"_links":{"self":[{"href":"https:\/\/newsinfoco.com.br\/inicio\/wp-json\/wp\/v2\/posts\/35060","targetHints":{"allow":["GET"]}}],"collection":[{"href":"https:\/\/newsinfoco.com.br\/inicio\/wp-json\/wp\/v2\/posts"}],"about":[{"href":"https:\/\/newsinfoco.com.br\/inicio\/wp-json\/wp\/v2\/types\/post"}],"author":[{"embeddable":true,"href":"https:\/\/newsinfoco.com.br\/inicio\/wp-json\/wp\/v2\/users\/1"}],"replies":[{"embeddable":true,"href":"https:\/\/newsinfoco.com.br\/inicio\/wp-json\/wp\/v2\/comments?post=35060"}],"version-history":[{"count":1,"href":"https:\/\/newsinfoco.com.br\/inicio\/wp-json\/wp\/v2\/posts\/35060\/revisions"}],"predecessor-version":[{"id":35062,"href":"https:\/\/newsinfoco.com.br\/inicio\/wp-json\/wp\/v2\/posts\/35060\/revisions\/35062"}],"wp:featuredmedia":[{"embeddable":true,"href":"https:\/\/newsinfoco.com.br\/inicio\/wp-json\/wp\/v2\/media\/35061"}],"wp:attachment":[{"href":"https:\/\/newsinfoco.com.br\/inicio\/wp-json\/wp\/v2\/media?parent=35060"}],"wp:term":[{"taxonomy":"category","embeddable":true,"href":"https:\/\/newsinfoco.com.br\/inicio\/wp-json\/wp\/v2\/categories?post=35060"},{"taxonomy":"post_tag","embeddable":true,"href":"https:\/\/newsinfoco.com.br\/inicio\/wp-json\/wp\/v2\/tags?post=35060"}],"curies":[{"name":"wp","href":"https:\/\/api.w.org\/{rel}","templated":true}]}}