{"id":35063,"date":"2023-09-18T13:47:41","date_gmt":"2023-09-18T16:47:41","guid":{"rendered":"https:\/\/newsinfoco.com.br\/inicio\/?p=35063"},"modified":"2023-09-18T13:47:41","modified_gmt":"2023-09-18T16:47:41","slug":"senado-ve-interferencia-do-stf-e-avalia-retomar-temas-julgados-pelo-tribunal","status":"publish","type":"post","link":"https:\/\/newsinfoco.com.br\/inicio\/senado-ve-interferencia-do-stf-e-avalia-retomar-temas-julgados-pelo-tribunal\/","title":{"rendered":"Senado v\u00ea interfer\u00eancia do STF e avalia retomar temas julgados pelo tribunal"},"content":{"rendered":"<p>Ap\u00f3s o presidente do Senado, Rodrigo Pacheco (PSD-MG), apresentar uma PEC (proposta de emenda \u00e0 Constitui\u00e7\u00e3o) para criminalizar qualquer porte ou posse de droga, os senadores avaliam mais duas medidas contra temas pautados no STF (Supremo Tribunal Federal): os impostos sindicais e o aborto.<\/p>\n<p>A vis\u00e3o entre l\u00edderes do Senado ouvidos pela Folha \u00e9 a de que o Supremo tem invadido a compet\u00eancia do Congresso de legislar. E a forma de reagir a isso \u00e9 alterando o texto da Constitui\u00e7\u00e3o.<\/p>\n<p>Neste sentido, a primeira rea\u00e7\u00e3o foi a PEC, apresentada por Pacheco na \u00faltima quinta-feira (14), para criminalizar a posse e o porte de drogas, independentemente da quantidade ou da subst\u00e2ncia.<\/p>\n<p>A medida foi protocolada menos de um m\u00eas ap\u00f3s o Supremo retomar o julgamento da descriminaliza\u00e7\u00e3o do porte de drogas para uso pessoal a partir da interpreta\u00e7\u00e3o de um artigo da lei 11.343\/2006, a chamada Lei de Drogas. O placar est\u00e1 em 5 a 1 a favor da descriminaliza\u00e7\u00e3o.<\/p>\n<p>\u201cA lei considerar\u00e1 crime a posse e o porte, independentemente da quantidade, de entorpecentes e drogas afins sem autoriza\u00e7\u00e3o ou em desacordo com determina\u00e7\u00e3o legal ou regulamentar\u201d, diz o texto proposto por Pacheco, que j\u00e1 escreveu artigo para defender que o STF n\u00e3o tem compet\u00eancia para tratar do tema.<\/p>\n<p>O trecho seria acrescido na forma de inciso ao artigo 5\u00ba da Constitui\u00e7\u00e3o.<\/p>\n<p>Senadores e deputados federais protestam contra o julgamento com o argumento de que a medida deveria ser discutida pelo Congresso, n\u00e3o pelo STF. No in\u00edcio do m\u00eas passado, Pacheco disse que as \u201cdiscuss\u00f5es pol\u00edticas\u201d deveriam ocorrer em \u00e2mbito pol\u00edtico.<\/p>\n<p>Outro julgamento que causou inc\u00f4modo no Senado foi o do imposto sindical.<\/p>\n<p>Na \u00faltima segunda (11), o STF definiu que os sindicatos poder\u00e3o cobrar contribui\u00e7\u00e3o assistencial de todos os trabalhadores representados por eles, sejam sindicalizados ou n\u00e3o.<\/p>\n<p>Segundo a tese, aprovada por maioria de votos, \u00e9 permitida a cobran\u00e7a da contribui\u00e7\u00e3o, desde que o trabalhador n\u00e3o sindicalizado tenha o direito de se opor a ela.<\/p>\n<p>O terceiro tema, que ainda n\u00e3o foi tema de decis\u00e3o do STF, \u00e9 o aborto.<\/p>\n<p>Na \u00faltima ter\u00e7a (12), a presidente do Supremo, ministra Rosa Weber, liberou para julgamento a a\u00e7\u00e3o que trata da descriminaliza\u00e7\u00e3o do aborto durante o primeiro trimestre de gesta\u00e7\u00e3o \u2014ela \u00e9 a relatora.<\/p>\n<p>A ADPF (Argui\u00e7\u00e3o de Descumprimento de Preceito Fundamental) 442, apresentada pelo PSOL em 2017, ainda n\u00e3o tem data para ser julgada.<\/p>\n<p>A a\u00e7\u00e3o questiona a viola\u00e7\u00e3o de direitos fundamentais das mulheres diante da manuten\u00e7\u00e3o do atual entendimento no pa\u00eds sobre aborto. A lei brasileira criminaliza o aborto com apenas tr\u00eas exce\u00e7\u00f5es: risco de vida, gravidez resultante de estupro e feto anenc\u00e9falo.<\/p>\n<p>Tamb\u00e9m pede que sejam exclu\u00eddas a incid\u00eancia de artigos do C\u00f3digo Penal sobre a interrup\u00e7\u00e3o induzida e volunt\u00e1ria da gesta\u00e7\u00e3o nas primeiras 12 semanas.<\/p>\n<p>Na vis\u00e3o de senadores, esse tipo de assunto \u00e9 legislativo e, portanto, deveria ser tratado pelo Congresso.<\/p>\n<p>Os tr\u00eas temas v\u00eam sendo discutido pelas lideran\u00e7as nos corredores e tamb\u00e9m nas reuni\u00f5es semanais, que definem as pautas que ser\u00e3o votadas pelo Senado.<\/p>\n<p>Foi em um desses encontros, na semana passada, em que foi batido o martelo sobre a PEC antidrogas, que acabou anunciada por Pacheco logo ap\u00f3s o fim da reuni\u00e3o.<\/p>\n<p>Segundo presentes, a Casa ainda estuda como se posicionar diante dos outros dois assuntos.<\/p>\n<p>Especificamente acerca do aborto, a tend\u00eancia, na vis\u00e3o dos parlamentares, \u00e9 que a PEC seja mais conservadora que a decis\u00e3o do STF, em raz\u00e3o da composi\u00e7\u00e3o do col\u00e9gio de l\u00edderes \u2014a reuni\u00e3o costuma ser amplamente composta por homens.<\/p>\n<p>\u201cEsses temas s\u00e3o muito caros aqui e a tend\u00eancia \u00e9 fazer algo parecido [com o caso das drogas]\u201d, afirmou Izalci Lucas (PSDB-DF). \u201cN\u00e3o tenho d\u00favidas de que a quest\u00e3o do imposto e do aborto, a depender do que o Supremo definir, ser\u00e3o questionadas.\u201d<\/p>\n<p>Ele afirma que o debate no Legislativo, al\u00e9m de estar previsto na divis\u00e3o de compet\u00eancia dos Poderes, tamb\u00e9m d\u00e1 mais seguran\u00e7a jur\u00eddica \u00e0s decis\u00f5es sobre esses temas.<\/p>\n<p>\u201cEnt\u00e3o a gente precisa restabelecer essa seguran\u00e7a [jur\u00eddica], com os limites de cada Poder, e para isso temos a Constitui\u00e7\u00e3o, e cabe ao Supremo cuidar dela\u201d, afirma.<\/p>\n<p>&nbsp;<\/p>\n<p>Jo\u00e3o Gabriel, Folhapress<\/p>\n<div class='share-to-whatsapp-wrapper'><div class='share-on-whsp'>Share on: <\/div><a data-text='Senado v\u00ea interfer\u00eancia do STF e avalia retomar temas julgados pelo tribunal' data-link='https:\/\/newsinfoco.com.br\/inicio\/senado-ve-interferencia-do-stf-e-avalia-retomar-temas-julgados-pelo-tribunal\/' class='whatsapp-button whatsapp-share'>WhatsApp<\/a><div class='clear '><\/div><\/div>","protected":false},"excerpt":{"rendered":"<p>Ap\u00f3s o presidente do Senado, Rodrigo Pacheco (PSD-MG), apresentar uma PEC (proposta de emenda \u00e0 Constitui\u00e7\u00e3o) para criminalizar qualquer porte ou posse de droga, os senadores avaliam mais duas medidas contra temas pautados no STF (Supremo Tribunal Federal): os impostos sindicais e o aborto. A vis\u00e3o entre l\u00edderes do Senado ouvidos pela Folha \u00e9 a [&hellip;]<\/p>\n","protected":false},"author":1,"featured_media":23439,"comment_status":"closed","ping_status":"closed","sticky":false,"template":"","format":"standard","meta":{"om_disable_all_campaigns":false,"rop_custom_images_group":[],"rop_custom_messages_group":[],"rop_publish_now":"initial","rop_publish_now_accounts":[],"rop_publish_now_history":[],"rop_publish_now_status":"pending","_exactmetrics_skip_tracking":false,"footnotes":""},"categories":[21],"tags":[],"class_list":["post-35063","post","type-post","status-publish","format-standard","has-post-thumbnail","hentry","category-brasil"],"aioseo_notices":[],"aioseo_head":"\n\t\t<!-- All in One SEO 4.9.10 - aioseo.com -->\n\t<meta name=\"description\" content=\"Ap\u00f3s o presidente do Senado, Rodrigo Pacheco (PSD-MG), apresentar uma PEC (proposta de emenda \u00e0 Constitui\u00e7\u00e3o) para criminalizar qualquer porte ou posse de droga, os senadores avaliam mais duas medidas contra temas pautados no STF (Supremo Tribunal Federal): os impostos sindicais e o aborto. A vis\u00e3o entre l\u00edderes do Senado ouvidos pela Folha \u00e9 a\" \/>\n\t<meta name=\"robots\" content=\"max-image-preview:large\" \/>\n\t<meta name=\"author\" content=\"administrador\"\/>\n\t<link rel=\"canonical\" href=\"https:\/\/newsinfoco.com.br\/inicio\/senado-ve-interferencia-do-stf-e-avalia-retomar-temas-julgados-pelo-tribunal\/\" \/>\n\t<meta name=\"generator\" content=\"All in One SEO (AIOSEO) 4.9.10\" \/>\n\t\t<meta property=\"og:locale\" content=\"pt_BR\" \/>\n\t\t<meta property=\"og:site_name\" content=\"News In Foco - Editado por Caio Pimenta - O principal site de noticias de Alagoinhas e regi\u00e3o\" \/>\n\t\t<meta property=\"og:type\" content=\"article\" \/>\n\t\t<meta property=\"og:title\" content=\"Senado v\u00ea interfer\u00eancia do STF e avalia retomar temas julgados pelo tribunal - News In Foco - Editado por Caio Pimenta\" \/>\n\t\t<meta property=\"og:description\" content=\"Ap\u00f3s o presidente do Senado, Rodrigo Pacheco (PSD-MG), apresentar uma PEC (proposta de emenda \u00e0 Constitui\u00e7\u00e3o) para criminalizar qualquer porte ou posse de droga, os senadores avaliam mais duas medidas contra temas pautados no STF (Supremo Tribunal Federal): os impostos sindicais e o aborto. A vis\u00e3o entre l\u00edderes do Senado ouvidos pela Folha \u00e9 a\" \/>\n\t\t<meta property=\"og:url\" content=\"https:\/\/newsinfoco.com.br\/inicio\/senado-ve-interferencia-do-stf-e-avalia-retomar-temas-julgados-pelo-tribunal\/\" \/>\n\t\t<meta property=\"article:published_time\" content=\"2023-09-18T16:47:41+00:00\" \/>\n\t\t<meta property=\"article:modified_time\" content=\"2023-09-18T16:47:41+00:00\" \/>\n\t\t<meta name=\"twitter:card\" content=\"summary_large_image\" \/>\n\t\t<meta name=\"twitter:title\" content=\"Senado v\u00ea interfer\u00eancia do STF e avalia retomar temas julgados pelo tribunal - News In Foco - Editado por Caio Pimenta\" \/>\n\t\t<meta name=\"twitter:description\" content=\"Ap\u00f3s o presidente do Senado, Rodrigo Pacheco (PSD-MG), apresentar uma PEC (proposta de emenda \u00e0 Constitui\u00e7\u00e3o) para criminalizar qualquer porte ou posse de droga, os senadores avaliam mais duas medidas contra temas pautados no STF (Supremo Tribunal Federal): os impostos sindicais e o aborto. A vis\u00e3o entre l\u00edderes do Senado ouvidos pela Folha \u00e9 a\" \/>\n\t\t<script type=\"application\/ld+json\" class=\"aioseo-schema\">\n\t\t\t{\"@context\":\"https:\\\/\\\/schema.org\",\"@graph\":[{\"@type\":\"BlogPosting\",\"@id\":\"https:\\\/\\\/newsinfoco.com.br\\\/inicio\\\/senado-ve-interferencia-do-stf-e-avalia-retomar-temas-julgados-pelo-tribunal\\\/#blogposting\",\"name\":\"Senado v\\u00ea interfer\\u00eancia do STF e avalia retomar temas julgados pelo tribunal - News In Foco - Editado por Caio Pimenta\",\"headline\":\"Senado v\\u00ea interfer\\u00eancia do STF e avalia retomar temas julgados pelo tribunal\",\"author\":{\"@id\":\"https:\\\/\\\/newsinfoco.com.br\\\/inicio\\\/author\\\/administrador\\\/#author\"},\"publisher\":{\"@id\":\"https:\\\/\\\/newsinfoco.com.br\\\/inicio\\\/#organization\"},\"image\":{\"@type\":\"ImageObject\",\"url\":\"https:\\\/\\\/newsinfoco.com.br\\\/inicio\\\/wp-content\\\/uploads\\\/2021\\\/02\\\/298373-IMAGEM_NOTICIA_0.jpg\",\"width\":810,\"height\":400},\"datePublished\":\"2023-09-18T13:47:41-03:00\",\"dateModified\":\"2023-09-18T13:47:41-03:00\",\"inLanguage\":\"pt-BR\",\"mainEntityOfPage\":{\"@id\":\"https:\\\/\\\/newsinfoco.com.br\\\/inicio\\\/senado-ve-interferencia-do-stf-e-avalia-retomar-temas-julgados-pelo-tribunal\\\/#webpage\"},\"isPartOf\":{\"@id\":\"https:\\\/\\\/newsinfoco.com.br\\\/inicio\\\/senado-ve-interferencia-do-stf-e-avalia-retomar-temas-julgados-pelo-tribunal\\\/#webpage\"},\"articleSection\":\"Brasil\"},{\"@type\":\"BreadcrumbList\",\"@id\":\"https:\\\/\\\/newsinfoco.com.br\\\/inicio\\\/senado-ve-interferencia-do-stf-e-avalia-retomar-temas-julgados-pelo-tribunal\\\/#breadcrumblist\",\"itemListElement\":[{\"@type\":\"ListItem\",\"@id\":\"https:\\\/\\\/newsinfoco.com.br\\\/inicio#listItem\",\"position\":1,\"name\":\"In\\u00edcio\",\"item\":\"https:\\\/\\\/newsinfoco.com.br\\\/inicio\",\"nextItem\":{\"@type\":\"ListItem\",\"@id\":\"https:\\\/\\\/newsinfoco.com.br\\\/inicio\\\/category\\\/brasil\\\/#listItem\",\"name\":\"Brasil\"}},{\"@type\":\"ListItem\",\"@id\":\"https:\\\/\\\/newsinfoco.com.br\\\/inicio\\\/category\\\/brasil\\\/#listItem\",\"position\":2,\"name\":\"Brasil\",\"item\":\"https:\\\/\\\/newsinfoco.com.br\\\/inicio\\\/category\\\/brasil\\\/\",\"nextItem\":{\"@type\":\"ListItem\",\"@id\":\"https:\\\/\\\/newsinfoco.com.br\\\/inicio\\\/senado-ve-interferencia-do-stf-e-avalia-retomar-temas-julgados-pelo-tribunal\\\/#listItem\",\"name\":\"Senado v\\u00ea interfer\\u00eancia do STF e avalia retomar temas julgados pelo tribunal\"},\"previousItem\":{\"@type\":\"ListItem\",\"@id\":\"https:\\\/\\\/newsinfoco.com.br\\\/inicio#listItem\",\"name\":\"In\\u00edcio\"}},{\"@type\":\"ListItem\",\"@id\":\"https:\\\/\\\/newsinfoco.com.br\\\/inicio\\\/senado-ve-interferencia-do-stf-e-avalia-retomar-temas-julgados-pelo-tribunal\\\/#listItem\",\"position\":3,\"name\":\"Senado v\\u00ea interfer\\u00eancia do STF e avalia retomar temas julgados pelo tribunal\",\"previousItem\":{\"@type\":\"ListItem\",\"@id\":\"https:\\\/\\\/newsinfoco.com.br\\\/inicio\\\/category\\\/brasil\\\/#listItem\",\"name\":\"Brasil\"}}]},{\"@type\":\"Organization\",\"@id\":\"https:\\\/\\\/newsinfoco.com.br\\\/inicio\\\/#organization\",\"name\":\"News In Foco - Editado por Caio Pimenta\",\"description\":\"O principal site de noticias de Alagoinhas e regi\\u00e3o\",\"url\":\"https:\\\/\\\/newsinfoco.com.br\\\/inicio\\\/\"},{\"@type\":\"Person\",\"@id\":\"https:\\\/\\\/newsinfoco.com.br\\\/inicio\\\/author\\\/administrador\\\/#author\",\"url\":\"https:\\\/\\\/newsinfoco.com.br\\\/inicio\\\/author\\\/administrador\\\/\",\"name\":\"administrador\",\"image\":{\"@type\":\"ImageObject\",\"@id\":\"https:\\\/\\\/newsinfoco.com.br\\\/inicio\\\/senado-ve-interferencia-do-stf-e-avalia-retomar-temas-julgados-pelo-tribunal\\\/#authorImage\",\"url\":\"https:\\\/\\\/secure.gravatar.com\\\/avatar\\\/c17a617433de8c1dc9584bb79aab7563b46f5bb7e1728c9b17d9cc3ce6a08e49?s=96&d=mm&r=g\",\"width\":96,\"height\":96,\"caption\":\"administrador\"}},{\"@type\":\"WebPage\",\"@id\":\"https:\\\/\\\/newsinfoco.com.br\\\/inicio\\\/senado-ve-interferencia-do-stf-e-avalia-retomar-temas-julgados-pelo-tribunal\\\/#webpage\",\"url\":\"https:\\\/\\\/newsinfoco.com.br\\\/inicio\\\/senado-ve-interferencia-do-stf-e-avalia-retomar-temas-julgados-pelo-tribunal\\\/\",\"name\":\"Senado v\\u00ea interfer\\u00eancia do STF e avalia retomar temas julgados pelo tribunal - News In Foco - Editado por Caio Pimenta\",\"description\":\"Ap\\u00f3s o presidente do Senado, Rodrigo Pacheco (PSD-MG), apresentar uma PEC (proposta de emenda \\u00e0 Constitui\\u00e7\\u00e3o) para criminalizar qualquer porte ou posse de droga, os senadores avaliam mais duas medidas contra temas pautados no STF (Supremo Tribunal Federal): os impostos sindicais e o aborto. A vis\\u00e3o entre l\\u00edderes do Senado ouvidos pela Folha \\u00e9 a\",\"inLanguage\":\"pt-BR\",\"isPartOf\":{\"@id\":\"https:\\\/\\\/newsinfoco.com.br\\\/inicio\\\/#website\"},\"breadcrumb\":{\"@id\":\"https:\\\/\\\/newsinfoco.com.br\\\/inicio\\\/senado-ve-interferencia-do-stf-e-avalia-retomar-temas-julgados-pelo-tribunal\\\/#breadcrumblist\"},\"author\":{\"@id\":\"https:\\\/\\\/newsinfoco.com.br\\\/inicio\\\/author\\\/administrador\\\/#author\"},\"creator\":{\"@id\":\"https:\\\/\\\/newsinfoco.com.br\\\/inicio\\\/author\\\/administrador\\\/#author\"},\"image\":{\"@type\":\"ImageObject\",\"url\":\"https:\\\/\\\/newsinfoco.com.br\\\/inicio\\\/wp-content\\\/uploads\\\/2021\\\/02\\\/298373-IMAGEM_NOTICIA_0.jpg\",\"@id\":\"https:\\\/\\\/newsinfoco.com.br\\\/inicio\\\/senado-ve-interferencia-do-stf-e-avalia-retomar-temas-julgados-pelo-tribunal\\\/#mainImage\",\"width\":810,\"height\":400},\"primaryImageOfPage\":{\"@id\":\"https:\\\/\\\/newsinfoco.com.br\\\/inicio\\\/senado-ve-interferencia-do-stf-e-avalia-retomar-temas-julgados-pelo-tribunal\\\/#mainImage\"},\"datePublished\":\"2023-09-18T13:47:41-03:00\",\"dateModified\":\"2023-09-18T13:47:41-03:00\"},{\"@type\":\"WebSite\",\"@id\":\"https:\\\/\\\/newsinfoco.com.br\\\/inicio\\\/#website\",\"url\":\"https:\\\/\\\/newsinfoco.com.br\\\/inicio\\\/\",\"name\":\"News In Foco - Editado por Caio Pimenta\",\"description\":\"O principal site de noticias de Alagoinhas e regi\\u00e3o\",\"inLanguage\":\"pt-BR\",\"publisher\":{\"@id\":\"https:\\\/\\\/newsinfoco.com.br\\\/inicio\\\/#organization\"}}]}\n\t\t<\/script>\n\t\t<!-- All in One SEO -->\n\n","aioseo_head_json":{"title":"Senado v\u00ea interfer\u00eancia do STF e avalia retomar temas julgados pelo tribunal - News In Foco - Editado por Caio Pimenta","description":"Ap\u00f3s o presidente do Senado, Rodrigo Pacheco (PSD-MG), apresentar uma PEC (proposta de emenda \u00e0 Constitui\u00e7\u00e3o) para criminalizar qualquer porte ou posse de droga, os senadores avaliam mais duas medidas contra temas pautados no STF (Supremo Tribunal Federal): os impostos sindicais e o aborto. A vis\u00e3o entre l\u00edderes do Senado ouvidos pela Folha \u00e9 a","canonical_url":"https:\/\/newsinfoco.com.br\/inicio\/senado-ve-interferencia-do-stf-e-avalia-retomar-temas-julgados-pelo-tribunal\/","robots":"max-image-preview:large","keywords":"","webmasterTools":{"miscellaneous":""},"schema":{"@context":"https:\/\/schema.org","@graph":[{"@type":"BlogPosting","@id":"https:\/\/newsinfoco.com.br\/inicio\/senado-ve-interferencia-do-stf-e-avalia-retomar-temas-julgados-pelo-tribunal\/#blogposting","name":"Senado v\u00ea interfer\u00eancia do STF e avalia retomar temas julgados pelo tribunal - News In Foco - Editado por Caio Pimenta","headline":"Senado v\u00ea interfer\u00eancia do STF e avalia retomar temas julgados pelo tribunal","author":{"@id":"https:\/\/newsinfoco.com.br\/inicio\/author\/administrador\/#author"},"publisher":{"@id":"https:\/\/newsinfoco.com.br\/inicio\/#organization"},"image":{"@type":"ImageObject","url":"https:\/\/newsinfoco.com.br\/inicio\/wp-content\/uploads\/2021\/02\/298373-IMAGEM_NOTICIA_0.jpg","width":810,"height":400},"datePublished":"2023-09-18T13:47:41-03:00","dateModified":"2023-09-18T13:47:41-03:00","inLanguage":"pt-BR","mainEntityOfPage":{"@id":"https:\/\/newsinfoco.com.br\/inicio\/senado-ve-interferencia-do-stf-e-avalia-retomar-temas-julgados-pelo-tribunal\/#webpage"},"isPartOf":{"@id":"https:\/\/newsinfoco.com.br\/inicio\/senado-ve-interferencia-do-stf-e-avalia-retomar-temas-julgados-pelo-tribunal\/#webpage"},"articleSection":"Brasil"},{"@type":"BreadcrumbList","@id":"https:\/\/newsinfoco.com.br\/inicio\/senado-ve-interferencia-do-stf-e-avalia-retomar-temas-julgados-pelo-tribunal\/#breadcrumblist","itemListElement":[{"@type":"ListItem","@id":"https:\/\/newsinfoco.com.br\/inicio#listItem","position":1,"name":"In\u00edcio","item":"https:\/\/newsinfoco.com.br\/inicio","nextItem":{"@type":"ListItem","@id":"https:\/\/newsinfoco.com.br\/inicio\/category\/brasil\/#listItem","name":"Brasil"}},{"@type":"ListItem","@id":"https:\/\/newsinfoco.com.br\/inicio\/category\/brasil\/#listItem","position":2,"name":"Brasil","item":"https:\/\/newsinfoco.com.br\/inicio\/category\/brasil\/","nextItem":{"@type":"ListItem","@id":"https:\/\/newsinfoco.com.br\/inicio\/senado-ve-interferencia-do-stf-e-avalia-retomar-temas-julgados-pelo-tribunal\/#listItem","name":"Senado v\u00ea interfer\u00eancia do STF e avalia retomar temas julgados pelo tribunal"},"previousItem":{"@type":"ListItem","@id":"https:\/\/newsinfoco.com.br\/inicio#listItem","name":"In\u00edcio"}},{"@type":"ListItem","@id":"https:\/\/newsinfoco.com.br\/inicio\/senado-ve-interferencia-do-stf-e-avalia-retomar-temas-julgados-pelo-tribunal\/#listItem","position":3,"name":"Senado v\u00ea interfer\u00eancia do STF e avalia retomar temas julgados pelo tribunal","previousItem":{"@type":"ListItem","@id":"https:\/\/newsinfoco.com.br\/inicio\/category\/brasil\/#listItem","name":"Brasil"}}]},{"@type":"Organization","@id":"https:\/\/newsinfoco.com.br\/inicio\/#organization","name":"News In Foco - Editado por Caio Pimenta","description":"O principal site de noticias de Alagoinhas e regi\u00e3o","url":"https:\/\/newsinfoco.com.br\/inicio\/"},{"@type":"Person","@id":"https:\/\/newsinfoco.com.br\/inicio\/author\/administrador\/#author","url":"https:\/\/newsinfoco.com.br\/inicio\/author\/administrador\/","name":"administrador","image":{"@type":"ImageObject","@id":"https:\/\/newsinfoco.com.br\/inicio\/senado-ve-interferencia-do-stf-e-avalia-retomar-temas-julgados-pelo-tribunal\/#authorImage","url":"https:\/\/secure.gravatar.com\/avatar\/c17a617433de8c1dc9584bb79aab7563b46f5bb7e1728c9b17d9cc3ce6a08e49?s=96&d=mm&r=g","width":96,"height":96,"caption":"administrador"}},{"@type":"WebPage","@id":"https:\/\/newsinfoco.com.br\/inicio\/senado-ve-interferencia-do-stf-e-avalia-retomar-temas-julgados-pelo-tribunal\/#webpage","url":"https:\/\/newsinfoco.com.br\/inicio\/senado-ve-interferencia-do-stf-e-avalia-retomar-temas-julgados-pelo-tribunal\/","name":"Senado v\u00ea interfer\u00eancia do STF e avalia retomar temas julgados pelo tribunal - News In Foco - Editado por Caio Pimenta","description":"Ap\u00f3s o presidente do Senado, Rodrigo Pacheco (PSD-MG), apresentar uma PEC (proposta de emenda \u00e0 Constitui\u00e7\u00e3o) para criminalizar qualquer porte ou posse de droga, os senadores avaliam mais duas medidas contra temas pautados no STF (Supremo Tribunal Federal): os impostos sindicais e o aborto. A vis\u00e3o entre l\u00edderes do Senado ouvidos pela Folha \u00e9 a","inLanguage":"pt-BR","isPartOf":{"@id":"https:\/\/newsinfoco.com.br\/inicio\/#website"},"breadcrumb":{"@id":"https:\/\/newsinfoco.com.br\/inicio\/senado-ve-interferencia-do-stf-e-avalia-retomar-temas-julgados-pelo-tribunal\/#breadcrumblist"},"author":{"@id":"https:\/\/newsinfoco.com.br\/inicio\/author\/administrador\/#author"},"creator":{"@id":"https:\/\/newsinfoco.com.br\/inicio\/author\/administrador\/#author"},"image":{"@type":"ImageObject","url":"https:\/\/newsinfoco.com.br\/inicio\/wp-content\/uploads\/2021\/02\/298373-IMAGEM_NOTICIA_0.jpg","@id":"https:\/\/newsinfoco.com.br\/inicio\/senado-ve-interferencia-do-stf-e-avalia-retomar-temas-julgados-pelo-tribunal\/#mainImage","width":810,"height":400},"primaryImageOfPage":{"@id":"https:\/\/newsinfoco.com.br\/inicio\/senado-ve-interferencia-do-stf-e-avalia-retomar-temas-julgados-pelo-tribunal\/#mainImage"},"datePublished":"2023-09-18T13:47:41-03:00","dateModified":"2023-09-18T13:47:41-03:00"},{"@type":"WebSite","@id":"https:\/\/newsinfoco.com.br\/inicio\/#website","url":"https:\/\/newsinfoco.com.br\/inicio\/","name":"News In Foco - Editado por Caio Pimenta","description":"O principal site de noticias de Alagoinhas e regi\u00e3o","inLanguage":"pt-BR","publisher":{"@id":"https:\/\/newsinfoco.com.br\/inicio\/#organization"}}]},"og:locale":"pt_BR","og:site_name":"News In Foco - Editado por Caio Pimenta - O principal site de noticias de Alagoinhas e regi\u00e3o","og:type":"article","og:title":"Senado v\u00ea interfer\u00eancia do STF e avalia retomar temas julgados pelo tribunal - News In Foco - Editado por Caio Pimenta","og:description":"Ap\u00f3s o presidente do Senado, Rodrigo Pacheco (PSD-MG), apresentar uma PEC (proposta de emenda \u00e0 Constitui\u00e7\u00e3o) para criminalizar qualquer porte ou posse de droga, os senadores avaliam mais duas medidas contra temas pautados no STF (Supremo Tribunal Federal): os impostos sindicais e o aborto. A vis\u00e3o entre l\u00edderes do Senado ouvidos pela Folha \u00e9 a","og:url":"https:\/\/newsinfoco.com.br\/inicio\/senado-ve-interferencia-do-stf-e-avalia-retomar-temas-julgados-pelo-tribunal\/","article:published_time":"2023-09-18T16:47:41+00:00","article:modified_time":"2023-09-18T16:47:41+00:00","twitter:card":"summary_large_image","twitter:title":"Senado v\u00ea interfer\u00eancia do STF e avalia retomar temas julgados pelo tribunal - News In Foco - Editado por Caio Pimenta","twitter:description":"Ap\u00f3s o presidente do Senado, Rodrigo Pacheco (PSD-MG), apresentar uma PEC (proposta de emenda \u00e0 Constitui\u00e7\u00e3o) para criminalizar qualquer porte ou posse de droga, os senadores avaliam mais duas medidas contra temas pautados no STF (Supremo Tribunal Federal): os impostos sindicais e o aborto. A vis\u00e3o entre l\u00edderes do Senado ouvidos pela Folha \u00e9 a"},"aioseo_meta_data":{"post_id":"35063","title":null,"description":null,"keywords":[],"keyphrases":{"focus":{"keyphrase":"","score":0,"analysis":{"keyphraseInTitle":{"score":0,"maxScore":9,"error":1}}},"additional":[]},"primary_term":null,"canonical_url":null,"og_title":null,"og_description":null,"og_object_type":"default","og_image_type":"default","og_image_url":null,"og_image_width":null,"og_image_height":null,"og_image_custom_url":null,"og_image_custom_fields":null,"og_video":"","og_custom_url":null,"og_article_section":null,"og_article_tags":[],"twitter_use_og":false,"twitter_card":"default","twitter_image_type":"default","twitter_image_url":null,"twitter_image_custom_url":null,"twitter_image_custom_fields":null,"twitter_title":null,"twitter_description":null,"schema":{"blockGraphs":[],"customGraphs":[],"default":{"data":{"Article":[],"Course":[],"Dataset":[],"FAQPage":[],"Movie":[],"Person":[],"Product":[],"ProductReview":[],"Car":[],"Recipe":[],"Service":[],"SoftwareApplication":[],"WebPage":[]},"graphName":"BlogPosting","isEnabled":true},"graphs":[]},"schema_type":"default","schema_type_options":null,"pillar_content":false,"robots_default":true,"robots_noindex":false,"robots_noarchive":false,"robots_nosnippet":false,"robots_nofollow":false,"robots_noimageindex":false,"robots_noodp":false,"robots_notranslate":false,"robots_max_snippet":"-1","robots_max_videopreview":"-1","robots_max_imagepreview":"large","priority":null,"frequency":"default","local_seo":null,"breadcrumb_settings":null,"limit_modified_date":false,"ai":null,"created":"2023-09-18 16:47:42","updated":"2025-07-11 10:14:00","seo_analyzer_scan_date":null},"aioseo_breadcrumb":"<div class=\"aioseo-breadcrumbs\"><span class=\"aioseo-breadcrumb\">\n\t\t\t<a href=\"https:\/\/newsinfoco.com.br\/inicio\" title=\"In\u00edcio\">In\u00edcio<\/a>\n\t\t<\/span><span class=\"aioseo-breadcrumb-separator\">&raquo;<\/span><span class=\"aioseo-breadcrumb\">\n\t\t\t<a href=\"https:\/\/newsinfoco.com.br\/inicio\/category\/brasil\/\" title=\"Brasil\">Brasil<\/a>\n\t\t<\/span><span class=\"aioseo-breadcrumb-separator\">&raquo;<\/span><span class=\"aioseo-breadcrumb\">\n\t\t\tSenado v\u00ea interfer\u00eancia do STF e avalia retomar temas julgados pelo tribunal\n\t\t<\/span><\/div>","aioseo_breadcrumb_json":[{"label":"In\u00edcio","link":"https:\/\/newsinfoco.com.br\/inicio"},{"label":"Brasil","link":"https:\/\/newsinfoco.com.br\/inicio\/category\/brasil\/"},{"label":"Senado v\u00ea interfer\u00eancia do STF e avalia retomar temas julgados pelo tribunal","link":"https:\/\/newsinfoco.com.br\/inicio\/senado-ve-interferencia-do-stf-e-avalia-retomar-temas-julgados-pelo-tribunal\/"}],"_links":{"self":[{"href":"https:\/\/newsinfoco.com.br\/inicio\/wp-json\/wp\/v2\/posts\/35063","targetHints":{"allow":["GET"]}}],"collection":[{"href":"https:\/\/newsinfoco.com.br\/inicio\/wp-json\/wp\/v2\/posts"}],"about":[{"href":"https:\/\/newsinfoco.com.br\/inicio\/wp-json\/wp\/v2\/types\/post"}],"author":[{"embeddable":true,"href":"https:\/\/newsinfoco.com.br\/inicio\/wp-json\/wp\/v2\/users\/1"}],"replies":[{"embeddable":true,"href":"https:\/\/newsinfoco.com.br\/inicio\/wp-json\/wp\/v2\/comments?post=35063"}],"version-history":[{"count":1,"href":"https:\/\/newsinfoco.com.br\/inicio\/wp-json\/wp\/v2\/posts\/35063\/revisions"}],"predecessor-version":[{"id":35064,"href":"https:\/\/newsinfoco.com.br\/inicio\/wp-json\/wp\/v2\/posts\/35063\/revisions\/35064"}],"wp:featuredmedia":[{"embeddable":true,"href":"https:\/\/newsinfoco.com.br\/inicio\/wp-json\/wp\/v2\/media\/23439"}],"wp:attachment":[{"href":"https:\/\/newsinfoco.com.br\/inicio\/wp-json\/wp\/v2\/media?parent=35063"}],"wp:term":[{"taxonomy":"category","embeddable":true,"href":"https:\/\/newsinfoco.com.br\/inicio\/wp-json\/wp\/v2\/categories?post=35063"},{"taxonomy":"post_tag","embeddable":true,"href":"https:\/\/newsinfoco.com.br\/inicio\/wp-json\/wp\/v2\/tags?post=35063"}],"curies":[{"name":"wp","href":"https:\/\/api.w.org\/{rel}","templated":true}]}}