{"id":35065,"date":"2023-09-18T17:31:54","date_gmt":"2023-09-18T20:31:54","guid":{"rendered":"https:\/\/newsinfoco.com.br\/inicio\/?p=35065"},"modified":"2023-09-18T17:34:15","modified_gmt":"2023-09-18T20:34:15","slug":"as-consequencias-da-1a-reuniao-do-conselho-politico-de-jeronimo-na-relacao-entre-pt-e-psd-em-alagoinhas-por-caio-pimenta","status":"publish","type":"post","link":"https:\/\/newsinfoco.com.br\/inicio\/as-consequencias-da-1a-reuniao-do-conselho-politico-de-jeronimo-na-relacao-entre-pt-e-psd-em-alagoinhas-por-caio-pimenta\/","title":{"rendered":"As consequ\u00eancias da 1\u00aa reuni\u00e3o do Conselho Politico de Jer\u00f4nimo na rela\u00e7\u00e3o entre PT e PSD em Alagoinhas &#8211; Por Caio Pimenta"},"content":{"rendered":"<p>Ap\u00f3s meses de discuss\u00f5es e pol\u00eamicas acerca da composi\u00e7\u00e3o de uma chapa entre os partidos da base do governador Jeronimo Rodrigues(PT) em Alagoinhas, as milit\u00e2ncias do PT e PSD parecem ter se acalmado, ou pelo menos diminu\u00eddo o n\u00edvel de animosidade.<\/p>\n<p>O inicio das discuss\u00f5es do Conselho Politico comandado por Jer\u00f4nimo, e formado por representantes de todos os partidos da base, \u00e9 o principal respons\u00e1vel pela &#8220;pacifica\u00e7\u00e3o&#8221;.<\/p>\n<p>J\u00e1 na primeira reuni\u00e3o do tal Conselho realizada no \u00faltimo dia 02, algumas delibera\u00e7\u00f5es importantes foram definidas:<\/p>\n<p>1 &#8211; Onde houver um prefeito de partido que apoiou Jer\u00f4nimo e o presidente Lula (PT) em 2022, este deve ter prioridade e ter o respaldo de todos os aliados.<\/p>\n<p>2 &#8211; Nas localidades em que houver disputa entre os partidos governistas, Jer\u00f4nimo pediu que a discuss\u00e3o fosse esgotada inicialmente pelas pr\u00f3prias siglas e, em caso de n\u00e3o haver consenso, a quest\u00e3o deve ser levada \u00e0 mesa do chefe do Executivo estadual para se tentar construir a unidade.<\/p>\n<p>Outras reuni\u00f5es devem ocorrer at\u00e9 as elei\u00e7\u00f5es.<\/p>\n<p>H\u00e1 consenso entre as lideran\u00e7as de que \u00e9 preciso expandir o dom\u00ednio do grupo nas principais cidades baianas para enfraquecer ainda mais o inimigo, leia-se os carlistas.<\/p>\n<p>Embora o Governo Petista mantenha o controle de grande parte do interior do estado, geralmente cidades de pequeno porte, grande parte das m\u00e9dias e grandes cidades ou est\u00e3o comandadas por prefeitos ligadas \u00e0 ACM Neto ou podem ser ocupadas por eles.<\/p>\n<p>Entre essas cidades encontra-se Alagoinhas que apesar de estar sobre o comando de um aliado do governador, o prefeito Joaquim Neto(PSD), pode, caso haja uma divis\u00e3o de for\u00e7as governistas, cair em m\u00e3os carlistas.<\/p>\n<p>As conversas e negocia\u00e7\u00f5es entre PT, PSD e demais partidos da base continuam em n\u00edvel local, agora em \u00e1guas mais amenas. Isso deve ajudar na conclus\u00e3o do acordo para defini\u00e7\u00e3o de chapa a disputar as elei\u00e7\u00f5es do ano que vem.<\/p>\n<p>Em Alagoinhas figuram at\u00e9 agora como pr\u00e9-candidatos a prefeitura pela base de Jer\u00f4nimo o ex-vereador Radiovaldo Costa pelo PT e Gustavo Carmo pelo PSD.<\/p>\n<p>&nbsp;<\/p>\n<p><strong><em>Escrito por Caio Pimenta, advogado, \u00e2ncora do programa Primeira M\u00e3o, da radio Ouro Negro 100,5 FM. Ele tamb\u00e9m escreve sua coluna no site News Infoco, do qual \u00e9 editor- chefe e dirige a radio web 2 de julho.<\/em><\/strong><\/p>\n<div class=\"google-auto-placed\"><\/div>\n<div class=\"share-to-whatsapp-wrapper\"><\/div>\n<div class=\"share-to-whatsapp-wrapper\"><\/div>\n<div class=\"share-to-whatsapp-wrapper\"><\/div>\n<p>&nbsp;<\/p>\n<div class='share-to-whatsapp-wrapper'><div class='share-on-whsp'>Share on: <\/div><a data-text='As consequ\u00eancias da 1\u00aa reuni\u00e3o do Conselho Politico de Jer\u00f4nimo na rela\u00e7\u00e3o entre PT e PSD em Alagoinhas - Por Caio Pimenta' data-link='https:\/\/newsinfoco.com.br\/inicio\/as-consequencias-da-1a-reuniao-do-conselho-politico-de-jeronimo-na-relacao-entre-pt-e-psd-em-alagoinhas-por-caio-pimenta\/' class='whatsapp-button whatsapp-share'>WhatsApp<\/a><div class='clear '><\/div><\/div>","protected":false},"excerpt":{"rendered":"<p>Ap\u00f3s meses de discuss\u00f5es e pol\u00eamicas acerca da composi\u00e7\u00e3o de uma chapa entre os partidos da base do governador Jeronimo Rodrigues(PT) em Alagoinhas, as milit\u00e2ncias do PT e PSD parecem ter se acalmado, ou pelo menos diminu\u00eddo o n\u00edvel de animosidade. O inicio das discuss\u00f5es do Conselho Politico comandado por Jer\u00f4nimo, e formado por representantes [&hellip;]<\/p>\n","protected":false},"author":1,"featured_media":34959,"comment_status":"closed","ping_status":"closed","sticky":false,"template":"","format":"standard","meta":{"om_disable_all_campaigns":false,"rop_custom_images_group":[],"rop_custom_messages_group":[],"rop_publish_now":"initial","rop_publish_now_accounts":[],"rop_publish_now_history":[],"rop_publish_now_status":"pending","_exactmetrics_skip_tracking":false,"footnotes":""},"categories":[26],"tags":[],"class_list":["post-35065","post","type-post","status-publish","format-standard","has-post-thumbnail","hentry","category-caio-pimenta"],"aioseo_notices":[],"aioseo_head":"\n\t\t<!-- All in One SEO 4.9.10 - aioseo.com -->\n\t<meta name=\"description\" content=\"Ap\u00f3s meses de discuss\u00f5es e pol\u00eamicas acerca da composi\u00e7\u00e3o de uma chapa entre os partidos da base do governador Jeronimo Rodrigues(PT) em Alagoinhas, as milit\u00e2ncias do PT e PSD parecem ter se acalmado, ou pelo menos diminu\u00eddo o n\u00edvel de animosidade. O inicio das discuss\u00f5es do Conselho Politico comandado por Jer\u00f4nimo, e formado por representantes\" \/>\n\t<meta name=\"robots\" content=\"max-image-preview:large\" \/>\n\t<meta name=\"author\" content=\"administrador\"\/>\n\t<link rel=\"canonical\" href=\"https:\/\/newsinfoco.com.br\/inicio\/as-consequencias-da-1a-reuniao-do-conselho-politico-de-jeronimo-na-relacao-entre-pt-e-psd-em-alagoinhas-por-caio-pimenta\/\" \/>\n\t<meta name=\"generator\" content=\"All in One SEO (AIOSEO) 4.9.10\" \/>\n\t\t<meta property=\"og:locale\" content=\"pt_BR\" \/>\n\t\t<meta property=\"og:site_name\" content=\"News In Foco - Editado por Caio Pimenta - O principal site de noticias de Alagoinhas e regi\u00e3o\" \/>\n\t\t<meta property=\"og:type\" content=\"article\" \/>\n\t\t<meta property=\"og:title\" content=\"As consequ\u00eancias da 1\u00aa reuni\u00e3o do Conselho Politico de Jer\u00f4nimo na rela\u00e7\u00e3o entre PT e PSD em Alagoinhas \u2013 Por Caio Pimenta - News In Foco - Editado por Caio Pimenta\" \/>\n\t\t<meta property=\"og:description\" content=\"Ap\u00f3s meses de discuss\u00f5es e pol\u00eamicas acerca da composi\u00e7\u00e3o de uma chapa entre os partidos da base do governador Jeronimo Rodrigues(PT) em Alagoinhas, as milit\u00e2ncias do PT e PSD parecem ter se acalmado, ou pelo menos diminu\u00eddo o n\u00edvel de animosidade. O inicio das discuss\u00f5es do Conselho Politico comandado por Jer\u00f4nimo, e formado por representantes\" \/>\n\t\t<meta property=\"og:url\" content=\"https:\/\/newsinfoco.com.br\/inicio\/as-consequencias-da-1a-reuniao-do-conselho-politico-de-jeronimo-na-relacao-entre-pt-e-psd-em-alagoinhas-por-caio-pimenta\/\" \/>\n\t\t<meta property=\"article:published_time\" content=\"2023-09-18T20:31:54+00:00\" \/>\n\t\t<meta property=\"article:modified_time\" content=\"2023-09-18T20:34:15+00:00\" \/>\n\t\t<meta name=\"twitter:card\" content=\"summary_large_image\" \/>\n\t\t<meta name=\"twitter:title\" content=\"As consequ\u00eancias da 1\u00aa reuni\u00e3o do Conselho Politico de Jer\u00f4nimo na rela\u00e7\u00e3o entre PT e PSD em Alagoinhas \u2013 Por Caio Pimenta - News In Foco - Editado por Caio Pimenta\" \/>\n\t\t<meta name=\"twitter:description\" content=\"Ap\u00f3s meses de discuss\u00f5es e pol\u00eamicas acerca da composi\u00e7\u00e3o de uma chapa entre os partidos da base do governador Jeronimo Rodrigues(PT) em Alagoinhas, as milit\u00e2ncias do PT e PSD parecem ter se acalmado, ou pelo menos diminu\u00eddo o n\u00edvel de animosidade. O inicio das discuss\u00f5es do Conselho Politico comandado por Jer\u00f4nimo, e formado por representantes\" \/>\n\t\t<script type=\"application\/ld+json\" class=\"aioseo-schema\">\n\t\t\t{\"@context\":\"https:\\\/\\\/schema.org\",\"@graph\":[{\"@type\":\"BlogPosting\",\"@id\":\"https:\\\/\\\/newsinfoco.com.br\\\/inicio\\\/as-consequencias-da-1a-reuniao-do-conselho-politico-de-jeronimo-na-relacao-entre-pt-e-psd-em-alagoinhas-por-caio-pimenta\\\/#blogposting\",\"name\":\"As consequ\\u00eancias da 1\\u00aa reuni\\u00e3o do Conselho Politico de Jer\\u00f4nimo na rela\\u00e7\\u00e3o entre PT e PSD em Alagoinhas \\u2013 Por Caio Pimenta - News In Foco - Editado por Caio Pimenta\",\"headline\":\"As consequ\\u00eancias da 1\\u00aa reuni\\u00e3o do Conselho Politico de Jer\\u00f4nimo na rela\\u00e7\\u00e3o entre PT e PSD em Alagoinhas &#8211; Por Caio Pimenta\",\"author\":{\"@id\":\"https:\\\/\\\/newsinfoco.com.br\\\/inicio\\\/author\\\/administrador\\\/#author\"},\"publisher\":{\"@id\":\"https:\\\/\\\/newsinfoco.com.br\\\/inicio\\\/#organization\"},\"image\":{\"@type\":\"ImageObject\",\"url\":\"https:\\\/\\\/newsinfoco.com.br\\\/inicio\\\/wp-content\\\/uploads\\\/2023\\\/09\\\/Conselho-Politico-da-Bahia-discute-criterios-para-formacao-dos-palanques-com-o-governador-Jeronimo-Rodrigues-nas-Eleicoes-2024.webp\",\"width\":678,\"height\":381},\"datePublished\":\"2023-09-18T17:31:54-03:00\",\"dateModified\":\"2023-09-18T17:34:15-03:00\",\"inLanguage\":\"pt-BR\",\"mainEntityOfPage\":{\"@id\":\"https:\\\/\\\/newsinfoco.com.br\\\/inicio\\\/as-consequencias-da-1a-reuniao-do-conselho-politico-de-jeronimo-na-relacao-entre-pt-e-psd-em-alagoinhas-por-caio-pimenta\\\/#webpage\"},\"isPartOf\":{\"@id\":\"https:\\\/\\\/newsinfoco.com.br\\\/inicio\\\/as-consequencias-da-1a-reuniao-do-conselho-politico-de-jeronimo-na-relacao-entre-pt-e-psd-em-alagoinhas-por-caio-pimenta\\\/#webpage\"},\"articleSection\":\"Caio Pimenta\"},{\"@type\":\"BreadcrumbList\",\"@id\":\"https:\\\/\\\/newsinfoco.com.br\\\/inicio\\\/as-consequencias-da-1a-reuniao-do-conselho-politico-de-jeronimo-na-relacao-entre-pt-e-psd-em-alagoinhas-por-caio-pimenta\\\/#breadcrumblist\",\"itemListElement\":[{\"@type\":\"ListItem\",\"@id\":\"https:\\\/\\\/newsinfoco.com.br\\\/inicio#listItem\",\"position\":1,\"name\":\"In\\u00edcio\",\"item\":\"https:\\\/\\\/newsinfoco.com.br\\\/inicio\",\"nextItem\":{\"@type\":\"ListItem\",\"@id\":\"https:\\\/\\\/newsinfoco.com.br\\\/inicio\\\/category\\\/caio-pimenta\\\/#listItem\",\"name\":\"Caio Pimenta\"}},{\"@type\":\"ListItem\",\"@id\":\"https:\\\/\\\/newsinfoco.com.br\\\/inicio\\\/category\\\/caio-pimenta\\\/#listItem\",\"position\":2,\"name\":\"Caio Pimenta\",\"item\":\"https:\\\/\\\/newsinfoco.com.br\\\/inicio\\\/category\\\/caio-pimenta\\\/\",\"nextItem\":{\"@type\":\"ListItem\",\"@id\":\"https:\\\/\\\/newsinfoco.com.br\\\/inicio\\\/as-consequencias-da-1a-reuniao-do-conselho-politico-de-jeronimo-na-relacao-entre-pt-e-psd-em-alagoinhas-por-caio-pimenta\\\/#listItem\",\"name\":\"As consequ\\u00eancias da 1\\u00aa reuni\\u00e3o do Conselho Politico de Jer\\u00f4nimo na rela\\u00e7\\u00e3o entre PT e PSD em Alagoinhas &#8211; Por Caio Pimenta\"},\"previousItem\":{\"@type\":\"ListItem\",\"@id\":\"https:\\\/\\\/newsinfoco.com.br\\\/inicio#listItem\",\"name\":\"In\\u00edcio\"}},{\"@type\":\"ListItem\",\"@id\":\"https:\\\/\\\/newsinfoco.com.br\\\/inicio\\\/as-consequencias-da-1a-reuniao-do-conselho-politico-de-jeronimo-na-relacao-entre-pt-e-psd-em-alagoinhas-por-caio-pimenta\\\/#listItem\",\"position\":3,\"name\":\"As consequ\\u00eancias da 1\\u00aa reuni\\u00e3o do Conselho Politico de Jer\\u00f4nimo na rela\\u00e7\\u00e3o entre PT e PSD em Alagoinhas &#8211; Por Caio Pimenta\",\"previousItem\":{\"@type\":\"ListItem\",\"@id\":\"https:\\\/\\\/newsinfoco.com.br\\\/inicio\\\/category\\\/caio-pimenta\\\/#listItem\",\"name\":\"Caio Pimenta\"}}]},{\"@type\":\"Organization\",\"@id\":\"https:\\\/\\\/newsinfoco.com.br\\\/inicio\\\/#organization\",\"name\":\"News In Foco - Editado por Caio Pimenta\",\"description\":\"O principal site de noticias de Alagoinhas e regi\\u00e3o\",\"url\":\"https:\\\/\\\/newsinfoco.com.br\\\/inicio\\\/\"},{\"@type\":\"Person\",\"@id\":\"https:\\\/\\\/newsinfoco.com.br\\\/inicio\\\/author\\\/administrador\\\/#author\",\"url\":\"https:\\\/\\\/newsinfoco.com.br\\\/inicio\\\/author\\\/administrador\\\/\",\"name\":\"administrador\",\"image\":{\"@type\":\"ImageObject\",\"@id\":\"https:\\\/\\\/newsinfoco.com.br\\\/inicio\\\/as-consequencias-da-1a-reuniao-do-conselho-politico-de-jeronimo-na-relacao-entre-pt-e-psd-em-alagoinhas-por-caio-pimenta\\\/#authorImage\",\"url\":\"https:\\\/\\\/secure.gravatar.com\\\/avatar\\\/c17a617433de8c1dc9584bb79aab7563b46f5bb7e1728c9b17d9cc3ce6a08e49?s=96&d=mm&r=g\",\"width\":96,\"height\":96,\"caption\":\"administrador\"}},{\"@type\":\"WebPage\",\"@id\":\"https:\\\/\\\/newsinfoco.com.br\\\/inicio\\\/as-consequencias-da-1a-reuniao-do-conselho-politico-de-jeronimo-na-relacao-entre-pt-e-psd-em-alagoinhas-por-caio-pimenta\\\/#webpage\",\"url\":\"https:\\\/\\\/newsinfoco.com.br\\\/inicio\\\/as-consequencias-da-1a-reuniao-do-conselho-politico-de-jeronimo-na-relacao-entre-pt-e-psd-em-alagoinhas-por-caio-pimenta\\\/\",\"name\":\"As consequ\\u00eancias da 1\\u00aa reuni\\u00e3o do Conselho Politico de Jer\\u00f4nimo na rela\\u00e7\\u00e3o entre PT e PSD em Alagoinhas \\u2013 Por Caio Pimenta - News In Foco - Editado por Caio Pimenta\",\"description\":\"Ap\\u00f3s meses de discuss\\u00f5es e pol\\u00eamicas acerca da composi\\u00e7\\u00e3o de uma chapa entre os partidos da base do governador Jeronimo Rodrigues(PT) em Alagoinhas, as milit\\u00e2ncias do PT e PSD parecem ter se acalmado, ou pelo menos diminu\\u00eddo o n\\u00edvel de animosidade. O inicio das discuss\\u00f5es do Conselho Politico comandado por Jer\\u00f4nimo, e formado por representantes\",\"inLanguage\":\"pt-BR\",\"isPartOf\":{\"@id\":\"https:\\\/\\\/newsinfoco.com.br\\\/inicio\\\/#website\"},\"breadcrumb\":{\"@id\":\"https:\\\/\\\/newsinfoco.com.br\\\/inicio\\\/as-consequencias-da-1a-reuniao-do-conselho-politico-de-jeronimo-na-relacao-entre-pt-e-psd-em-alagoinhas-por-caio-pimenta\\\/#breadcrumblist\"},\"author\":{\"@id\":\"https:\\\/\\\/newsinfoco.com.br\\\/inicio\\\/author\\\/administrador\\\/#author\"},\"creator\":{\"@id\":\"https:\\\/\\\/newsinfoco.com.br\\\/inicio\\\/author\\\/administrador\\\/#author\"},\"image\":{\"@type\":\"ImageObject\",\"url\":\"https:\\\/\\\/newsinfoco.com.br\\\/inicio\\\/wp-content\\\/uploads\\\/2023\\\/09\\\/Conselho-Politico-da-Bahia-discute-criterios-para-formacao-dos-palanques-com-o-governador-Jeronimo-Rodrigues-nas-Eleicoes-2024.webp\",\"@id\":\"https:\\\/\\\/newsinfoco.com.br\\\/inicio\\\/as-consequencias-da-1a-reuniao-do-conselho-politico-de-jeronimo-na-relacao-entre-pt-e-psd-em-alagoinhas-por-caio-pimenta\\\/#mainImage\",\"width\":678,\"height\":381},\"primaryImageOfPage\":{\"@id\":\"https:\\\/\\\/newsinfoco.com.br\\\/inicio\\\/as-consequencias-da-1a-reuniao-do-conselho-politico-de-jeronimo-na-relacao-entre-pt-e-psd-em-alagoinhas-por-caio-pimenta\\\/#mainImage\"},\"datePublished\":\"2023-09-18T17:31:54-03:00\",\"dateModified\":\"2023-09-18T17:34:15-03:00\"},{\"@type\":\"WebSite\",\"@id\":\"https:\\\/\\\/newsinfoco.com.br\\\/inicio\\\/#website\",\"url\":\"https:\\\/\\\/newsinfoco.com.br\\\/inicio\\\/\",\"name\":\"News In Foco - Editado por Caio Pimenta\",\"description\":\"O principal site de noticias de Alagoinhas e regi\\u00e3o\",\"inLanguage\":\"pt-BR\",\"publisher\":{\"@id\":\"https:\\\/\\\/newsinfoco.com.br\\\/inicio\\\/#organization\"}}]}\n\t\t<\/script>\n\t\t<!-- All in One SEO -->\n\n","aioseo_head_json":{"title":"As consequ\u00eancias da 1\u00aa reuni\u00e3o do Conselho Politico de Jer\u00f4nimo na rela\u00e7\u00e3o entre PT e PSD em Alagoinhas \u2013 Por Caio Pimenta - News In Foco - Editado por Caio Pimenta","description":"Ap\u00f3s meses de discuss\u00f5es e pol\u00eamicas acerca da composi\u00e7\u00e3o de uma chapa entre os partidos da base do governador Jeronimo Rodrigues(PT) em Alagoinhas, as milit\u00e2ncias do PT e PSD parecem ter se acalmado, ou pelo menos diminu\u00eddo o n\u00edvel de animosidade. O inicio das discuss\u00f5es do Conselho Politico comandado por Jer\u00f4nimo, e formado por representantes","canonical_url":"https:\/\/newsinfoco.com.br\/inicio\/as-consequencias-da-1a-reuniao-do-conselho-politico-de-jeronimo-na-relacao-entre-pt-e-psd-em-alagoinhas-por-caio-pimenta\/","robots":"max-image-preview:large","keywords":"","webmasterTools":{"miscellaneous":""},"schema":{"@context":"https:\/\/schema.org","@graph":[{"@type":"BlogPosting","@id":"https:\/\/newsinfoco.com.br\/inicio\/as-consequencias-da-1a-reuniao-do-conselho-politico-de-jeronimo-na-relacao-entre-pt-e-psd-em-alagoinhas-por-caio-pimenta\/#blogposting","name":"As consequ\u00eancias da 1\u00aa reuni\u00e3o do Conselho Politico de Jer\u00f4nimo na rela\u00e7\u00e3o entre PT e PSD em Alagoinhas \u2013 Por Caio Pimenta - News In Foco - Editado por Caio Pimenta","headline":"As consequ\u00eancias da 1\u00aa reuni\u00e3o do Conselho Politico de Jer\u00f4nimo na rela\u00e7\u00e3o entre PT e PSD em Alagoinhas &#8211; Por Caio Pimenta","author":{"@id":"https:\/\/newsinfoco.com.br\/inicio\/author\/administrador\/#author"},"publisher":{"@id":"https:\/\/newsinfoco.com.br\/inicio\/#organization"},"image":{"@type":"ImageObject","url":"https:\/\/newsinfoco.com.br\/inicio\/wp-content\/uploads\/2023\/09\/Conselho-Politico-da-Bahia-discute-criterios-para-formacao-dos-palanques-com-o-governador-Jeronimo-Rodrigues-nas-Eleicoes-2024.webp","width":678,"height":381},"datePublished":"2023-09-18T17:31:54-03:00","dateModified":"2023-09-18T17:34:15-03:00","inLanguage":"pt-BR","mainEntityOfPage":{"@id":"https:\/\/newsinfoco.com.br\/inicio\/as-consequencias-da-1a-reuniao-do-conselho-politico-de-jeronimo-na-relacao-entre-pt-e-psd-em-alagoinhas-por-caio-pimenta\/#webpage"},"isPartOf":{"@id":"https:\/\/newsinfoco.com.br\/inicio\/as-consequencias-da-1a-reuniao-do-conselho-politico-de-jeronimo-na-relacao-entre-pt-e-psd-em-alagoinhas-por-caio-pimenta\/#webpage"},"articleSection":"Caio Pimenta"},{"@type":"BreadcrumbList","@id":"https:\/\/newsinfoco.com.br\/inicio\/as-consequencias-da-1a-reuniao-do-conselho-politico-de-jeronimo-na-relacao-entre-pt-e-psd-em-alagoinhas-por-caio-pimenta\/#breadcrumblist","itemListElement":[{"@type":"ListItem","@id":"https:\/\/newsinfoco.com.br\/inicio#listItem","position":1,"name":"In\u00edcio","item":"https:\/\/newsinfoco.com.br\/inicio","nextItem":{"@type":"ListItem","@id":"https:\/\/newsinfoco.com.br\/inicio\/category\/caio-pimenta\/#listItem","name":"Caio Pimenta"}},{"@type":"ListItem","@id":"https:\/\/newsinfoco.com.br\/inicio\/category\/caio-pimenta\/#listItem","position":2,"name":"Caio Pimenta","item":"https:\/\/newsinfoco.com.br\/inicio\/category\/caio-pimenta\/","nextItem":{"@type":"ListItem","@id":"https:\/\/newsinfoco.com.br\/inicio\/as-consequencias-da-1a-reuniao-do-conselho-politico-de-jeronimo-na-relacao-entre-pt-e-psd-em-alagoinhas-por-caio-pimenta\/#listItem","name":"As consequ\u00eancias da 1\u00aa reuni\u00e3o do Conselho Politico de Jer\u00f4nimo na rela\u00e7\u00e3o entre PT e PSD em Alagoinhas &#8211; Por Caio Pimenta"},"previousItem":{"@type":"ListItem","@id":"https:\/\/newsinfoco.com.br\/inicio#listItem","name":"In\u00edcio"}},{"@type":"ListItem","@id":"https:\/\/newsinfoco.com.br\/inicio\/as-consequencias-da-1a-reuniao-do-conselho-politico-de-jeronimo-na-relacao-entre-pt-e-psd-em-alagoinhas-por-caio-pimenta\/#listItem","position":3,"name":"As consequ\u00eancias da 1\u00aa reuni\u00e3o do Conselho Politico de Jer\u00f4nimo na rela\u00e7\u00e3o entre PT e PSD em Alagoinhas &#8211; Por Caio Pimenta","previousItem":{"@type":"ListItem","@id":"https:\/\/newsinfoco.com.br\/inicio\/category\/caio-pimenta\/#listItem","name":"Caio Pimenta"}}]},{"@type":"Organization","@id":"https:\/\/newsinfoco.com.br\/inicio\/#organization","name":"News In Foco - Editado por Caio Pimenta","description":"O principal site de noticias de Alagoinhas e regi\u00e3o","url":"https:\/\/newsinfoco.com.br\/inicio\/"},{"@type":"Person","@id":"https:\/\/newsinfoco.com.br\/inicio\/author\/administrador\/#author","url":"https:\/\/newsinfoco.com.br\/inicio\/author\/administrador\/","name":"administrador","image":{"@type":"ImageObject","@id":"https:\/\/newsinfoco.com.br\/inicio\/as-consequencias-da-1a-reuniao-do-conselho-politico-de-jeronimo-na-relacao-entre-pt-e-psd-em-alagoinhas-por-caio-pimenta\/#authorImage","url":"https:\/\/secure.gravatar.com\/avatar\/c17a617433de8c1dc9584bb79aab7563b46f5bb7e1728c9b17d9cc3ce6a08e49?s=96&d=mm&r=g","width":96,"height":96,"caption":"administrador"}},{"@type":"WebPage","@id":"https:\/\/newsinfoco.com.br\/inicio\/as-consequencias-da-1a-reuniao-do-conselho-politico-de-jeronimo-na-relacao-entre-pt-e-psd-em-alagoinhas-por-caio-pimenta\/#webpage","url":"https:\/\/newsinfoco.com.br\/inicio\/as-consequencias-da-1a-reuniao-do-conselho-politico-de-jeronimo-na-relacao-entre-pt-e-psd-em-alagoinhas-por-caio-pimenta\/","name":"As consequ\u00eancias da 1\u00aa reuni\u00e3o do Conselho Politico de Jer\u00f4nimo na rela\u00e7\u00e3o entre PT e PSD em Alagoinhas \u2013 Por Caio Pimenta - News In Foco - Editado por Caio Pimenta","description":"Ap\u00f3s meses de discuss\u00f5es e pol\u00eamicas acerca da composi\u00e7\u00e3o de uma chapa entre os partidos da base do governador Jeronimo Rodrigues(PT) em Alagoinhas, as milit\u00e2ncias do PT e PSD parecem ter se acalmado, ou pelo menos diminu\u00eddo o n\u00edvel de animosidade. O inicio das discuss\u00f5es do Conselho Politico comandado por Jer\u00f4nimo, e formado por representantes","inLanguage":"pt-BR","isPartOf":{"@id":"https:\/\/newsinfoco.com.br\/inicio\/#website"},"breadcrumb":{"@id":"https:\/\/newsinfoco.com.br\/inicio\/as-consequencias-da-1a-reuniao-do-conselho-politico-de-jeronimo-na-relacao-entre-pt-e-psd-em-alagoinhas-por-caio-pimenta\/#breadcrumblist"},"author":{"@id":"https:\/\/newsinfoco.com.br\/inicio\/author\/administrador\/#author"},"creator":{"@id":"https:\/\/newsinfoco.com.br\/inicio\/author\/administrador\/#author"},"image":{"@type":"ImageObject","url":"https:\/\/newsinfoco.com.br\/inicio\/wp-content\/uploads\/2023\/09\/Conselho-Politico-da-Bahia-discute-criterios-para-formacao-dos-palanques-com-o-governador-Jeronimo-Rodrigues-nas-Eleicoes-2024.webp","@id":"https:\/\/newsinfoco.com.br\/inicio\/as-consequencias-da-1a-reuniao-do-conselho-politico-de-jeronimo-na-relacao-entre-pt-e-psd-em-alagoinhas-por-caio-pimenta\/#mainImage","width":678,"height":381},"primaryImageOfPage":{"@id":"https:\/\/newsinfoco.com.br\/inicio\/as-consequencias-da-1a-reuniao-do-conselho-politico-de-jeronimo-na-relacao-entre-pt-e-psd-em-alagoinhas-por-caio-pimenta\/#mainImage"},"datePublished":"2023-09-18T17:31:54-03:00","dateModified":"2023-09-18T17:34:15-03:00"},{"@type":"WebSite","@id":"https:\/\/newsinfoco.com.br\/inicio\/#website","url":"https:\/\/newsinfoco.com.br\/inicio\/","name":"News In Foco - Editado por Caio Pimenta","description":"O principal site de noticias de Alagoinhas e regi\u00e3o","inLanguage":"pt-BR","publisher":{"@id":"https:\/\/newsinfoco.com.br\/inicio\/#organization"}}]},"og:locale":"pt_BR","og:site_name":"News In Foco - Editado por Caio Pimenta - O principal site de noticias de Alagoinhas e regi\u00e3o","og:type":"article","og:title":"As consequ\u00eancias da 1\u00aa reuni\u00e3o do Conselho Politico de Jer\u00f4nimo na rela\u00e7\u00e3o entre PT e PSD em Alagoinhas \u2013 Por Caio Pimenta - News In Foco - Editado por Caio Pimenta","og:description":"Ap\u00f3s meses de discuss\u00f5es e pol\u00eamicas acerca da composi\u00e7\u00e3o de uma chapa entre os partidos da base do governador Jeronimo Rodrigues(PT) em Alagoinhas, as milit\u00e2ncias do PT e PSD parecem ter se acalmado, ou pelo menos diminu\u00eddo o n\u00edvel de animosidade. O inicio das discuss\u00f5es do Conselho Politico comandado por Jer\u00f4nimo, e formado por representantes","og:url":"https:\/\/newsinfoco.com.br\/inicio\/as-consequencias-da-1a-reuniao-do-conselho-politico-de-jeronimo-na-relacao-entre-pt-e-psd-em-alagoinhas-por-caio-pimenta\/","article:published_time":"2023-09-18T20:31:54+00:00","article:modified_time":"2023-09-18T20:34:15+00:00","twitter:card":"summary_large_image","twitter:title":"As consequ\u00eancias da 1\u00aa reuni\u00e3o do Conselho Politico de Jer\u00f4nimo na rela\u00e7\u00e3o entre PT e PSD em Alagoinhas \u2013 Por Caio Pimenta - News In Foco - Editado por Caio Pimenta","twitter:description":"Ap\u00f3s meses de discuss\u00f5es e pol\u00eamicas acerca da composi\u00e7\u00e3o de uma chapa entre os partidos da base do governador Jeronimo Rodrigues(PT) em Alagoinhas, as milit\u00e2ncias do PT e PSD parecem ter se acalmado, ou pelo menos diminu\u00eddo o n\u00edvel de animosidade. O inicio das discuss\u00f5es do Conselho Politico comandado por Jer\u00f4nimo, e formado por representantes"},"aioseo_meta_data":{"post_id":"35065","title":null,"description":null,"keywords":[],"keyphrases":{"focus":{"keyphrase":"","score":0,"analysis":{"keyphraseInTitle":{"score":0,"maxScore":9,"error":1}}},"additional":[]},"primary_term":null,"canonical_url":null,"og_title":null,"og_description":null,"og_object_type":"default","og_image_type":"default","og_image_url":null,"og_image_width":null,"og_image_height":null,"og_image_custom_url":null,"og_image_custom_fields":null,"og_video":"","og_custom_url":null,"og_article_section":null,"og_article_tags":[],"twitter_use_og":false,"twitter_card":"default","twitter_image_type":"default","twitter_image_url":null,"twitter_image_custom_url":null,"twitter_image_custom_fields":null,"twitter_title":null,"twitter_description":null,"schema":{"blockGraphs":[],"customGraphs":[],"default":{"data":{"Article":[],"Course":[],"Dataset":[],"FAQPage":[],"Movie":[],"Person":[],"Product":[],"ProductReview":[],"Car":[],"Recipe":[],"Service":[],"SoftwareApplication":[],"WebPage":[]},"graphName":"BlogPosting","isEnabled":true},"graphs":[]},"schema_type":"default","schema_type_options":null,"pillar_content":false,"robots_default":true,"robots_noindex":false,"robots_noarchive":false,"robots_nosnippet":false,"robots_nofollow":false,"robots_noimageindex":false,"robots_noodp":false,"robots_notranslate":false,"robots_max_snippet":"-1","robots_max_videopreview":"-1","robots_max_imagepreview":"large","priority":null,"frequency":"default","local_seo":null,"breadcrumb_settings":null,"limit_modified_date":false,"ai":null,"created":"2023-09-18 20:31:54","updated":"2025-07-11 10:14:00","seo_analyzer_scan_date":null},"aioseo_breadcrumb":"<div class=\"aioseo-breadcrumbs\"><span class=\"aioseo-breadcrumb\">\n\t\t\t<a href=\"https:\/\/newsinfoco.com.br\/inicio\" title=\"In\u00edcio\">In\u00edcio<\/a>\n\t\t<\/span><span class=\"aioseo-breadcrumb-separator\">&raquo;<\/span><span class=\"aioseo-breadcrumb\">\n\t\t\t<a href=\"https:\/\/newsinfoco.com.br\/inicio\/category\/caio-pimenta\/\" title=\"Caio Pimenta\">Caio Pimenta<\/a>\n\t\t<\/span><span class=\"aioseo-breadcrumb-separator\">&raquo;<\/span><span class=\"aioseo-breadcrumb\">\n\t\t\tAs consequ\u00eancias da 1\u00aa reuni\u00e3o do Conselho Politico de Jer\u00f4nimo na rela\u00e7\u00e3o entre PT e PSD em Alagoinhas \u2013 Por Caio Pimenta\n\t\t<\/span><\/div>","aioseo_breadcrumb_json":[{"label":"In\u00edcio","link":"https:\/\/newsinfoco.com.br\/inicio"},{"label":"Caio Pimenta","link":"https:\/\/newsinfoco.com.br\/inicio\/category\/caio-pimenta\/"},{"label":"As consequ\u00eancias da 1\u00aa reuni\u00e3o do Conselho Politico de Jer\u00f4nimo na rela\u00e7\u00e3o entre PT e PSD em Alagoinhas &#8211; Por Caio Pimenta","link":"https:\/\/newsinfoco.com.br\/inicio\/as-consequencias-da-1a-reuniao-do-conselho-politico-de-jeronimo-na-relacao-entre-pt-e-psd-em-alagoinhas-por-caio-pimenta\/"}],"_links":{"self":[{"href":"https:\/\/newsinfoco.com.br\/inicio\/wp-json\/wp\/v2\/posts\/35065","targetHints":{"allow":["GET"]}}],"collection":[{"href":"https:\/\/newsinfoco.com.br\/inicio\/wp-json\/wp\/v2\/posts"}],"about":[{"href":"https:\/\/newsinfoco.com.br\/inicio\/wp-json\/wp\/v2\/types\/post"}],"author":[{"embeddable":true,"href":"https:\/\/newsinfoco.com.br\/inicio\/wp-json\/wp\/v2\/users\/1"}],"replies":[{"embeddable":true,"href":"https:\/\/newsinfoco.com.br\/inicio\/wp-json\/wp\/v2\/comments?post=35065"}],"version-history":[{"count":3,"href":"https:\/\/newsinfoco.com.br\/inicio\/wp-json\/wp\/v2\/posts\/35065\/revisions"}],"predecessor-version":[{"id":35068,"href":"https:\/\/newsinfoco.com.br\/inicio\/wp-json\/wp\/v2\/posts\/35065\/revisions\/35068"}],"wp:featuredmedia":[{"embeddable":true,"href":"https:\/\/newsinfoco.com.br\/inicio\/wp-json\/wp\/v2\/media\/34959"}],"wp:attachment":[{"href":"https:\/\/newsinfoco.com.br\/inicio\/wp-json\/wp\/v2\/media?parent=35065"}],"wp:term":[{"taxonomy":"category","embeddable":true,"href":"https:\/\/newsinfoco.com.br\/inicio\/wp-json\/wp\/v2\/categories?post=35065"},{"taxonomy":"post_tag","embeddable":true,"href":"https:\/\/newsinfoco.com.br\/inicio\/wp-json\/wp\/v2\/tags?post=35065"}],"curies":[{"name":"wp","href":"https:\/\/api.w.org\/{rel}","templated":true}]}}